{"id":10006,"date":"2025-02-17T08:52:38","date_gmt":"2025-02-17T08:52:38","guid":{"rendered":"https:\/\/ski-outdoor.ro\/outdoor\/?p=10006"},"modified":"2025-02-17T08:52:38","modified_gmt":"2025-02-17T08:52:38","slug":"incep-inscrierile-pentru-cea-mai-dificila-competitie-de-alergare-montana-din-romania","status":"publish","type":"post","link":"https:\/\/ski-outdoor.ro\/outdoor\/2025\/02\/17\/incep-inscrierile-pentru-cea-mai-dificila-competitie-de-alergare-montana-din-romania\/","title":{"rendered":"\u00cencep \u00eenscrierile pentru cea mai dificil\u0103 competi\u021bie de alergare montan\u0103 din Rom\u00e2nia"},"content":{"rendered":"<p align=\"justify\"><strong>\u00cencep \u00eenscrierile pentru cea de-a 13-a edi\u021bie a competi\u021biei interna\u021bionale de alergare montan\u0103 2X2 Race, programat\u0103 pentru 23 august 2025, a anun\u021bat Asocia\u021bia Club Sportiv 2X2 Race.<\/strong><\/p>\n<p align=\"justify\"><img loading=\"lazy\" class=\"alignnone wp-image-10007 size-large\" src=\"https:\/\/ski-outdoor.ro\/outdoor\/wp-content\/uploads\/sites\/4\/2025\/02\/AdrianCrapciu_2x2_2024_ADR07041-1024x683.jpg\" alt=\"\" width=\"1024\" height=\"683\" srcset=\"https:\/\/ski-outdoor.ro\/outdoor\/wp-content\/uploads\/sites\/4\/2025\/02\/AdrianCrapciu_2x2_2024_ADR07041-1024x683.jpg 1024w, https:\/\/ski-outdoor.ro\/outdoor\/wp-content\/uploads\/sites\/4\/2025\/02\/AdrianCrapciu_2x2_2024_ADR07041-300x200.jpg 300w, https:\/\/ski-outdoor.ro\/outdoor\/wp-content\/uploads\/sites\/4\/2025\/02\/AdrianCrapciu_2x2_2024_ADR07041-768x512.jpg 768w, https:\/\/ski-outdoor.ro\/outdoor\/wp-content\/uploads\/sites\/4\/2025\/02\/AdrianCrapciu_2x2_2024_ADR07041-1536x1024.jpg 1536w, https:\/\/ski-outdoor.ro\/outdoor\/wp-content\/uploads\/sites\/4\/2025\/02\/AdrianCrapciu_2x2_2024_ADR07041-2048x1365.jpg 2048w, https:\/\/ski-outdoor.ro\/outdoor\/wp-content\/uploads\/sites\/4\/2025\/02\/AdrianCrapciu_2x2_2024_ADR07041-370x247.jpg 370w, https:\/\/ski-outdoor.ro\/outdoor\/wp-content\/uploads\/sites\/4\/2025\/02\/AdrianCrapciu_2x2_2024_ADR07041-270x180.jpg 270w, https:\/\/ski-outdoor.ro\/outdoor\/wp-content\/uploads\/sites\/4\/2025\/02\/AdrianCrapciu_2x2_2024_ADR07041-570x380.jpg 570w, https:\/\/ski-outdoor.ro\/outdoor\/wp-content\/uploads\/sites\/4\/2025\/02\/AdrianCrapciu_2x2_2024_ADR07041-770x513.jpg 770w, https:\/\/ski-outdoor.ro\/outdoor\/wp-content\/uploads\/sites\/4\/2025\/02\/AdrianCrapciu_2x2_2024_ADR07041-1170x780.jpg 1170w, https:\/\/ski-outdoor.ro\/outdoor\/wp-content\/uploads\/sites\/4\/2025\/02\/AdrianCrapciu_2x2_2024_ADR07041-870x580.jpg 870w\" sizes=\"(max-width: 1024px) 100vw, 1024px\" \/><\/p>\n<p align=\"justify\">Potrivit organizatorilor, 2X2 Race este singura competi\u021bie din Rom\u00e2nia desf\u0103\u0219urat\u0103 integral la peste 2000 de metri altitudine, \u00een Mun\u021bii\u00a0F\u0103g\u0103ra\u0219.<\/p>\n<p align=\"justify\">Alerg\u0103torii au de ales \u00eentre dou\u0103 provoc\u0103ri extreme:<\/p>\n<p align=\"justify\">&#8211;<a href=\"http:\/\/2x2race.ro\/\"><span style=\"color: #1155cc\"><u>2X2 Race<\/u><\/span><\/a>: un parcurs de 45 km cu o diferen\u021b\u0103 pozitiv\u0103 de nivel de 4.200 m, care include ascensiunea celor mai \u00eenalte v\u00e2rfuri din Rom\u00e2nia: Moldoveanu (2.544 m), Negoiu (2.535 m) \u0219i Vi\u0219tea Mare (2.527 m).<\/p>\n<p align=\"justify\">&#8211;<a href=\"http:\/\/2x2race.ro\/\"><span style=\"color: #1155cc\"><u>X2 Race:<\/u><\/span><\/a> un traseu de aproximativ 18 km, cu o diferen\u021b\u0103 pozitiv\u0103 de nivel de 1.800 m, av\u00e2nd ca punct culminant v\u00e2rful Negoiu.<\/p>\n<p align=\"justify\">Ambele trasee ofer\u0103 alerg\u0103torilor provoc\u0103ri unice, combin\u00e2nd frumuse\u021bea peisajelor alpine cu dificultatea tehnic\u0103 specific\u0103 crestei F\u0103g\u0103ra\u0219ului.<\/p>\n<blockquote>\n<p align=\"justify\"><em>\u201ePentru a p\u0103stra standardele competi\u021biei \u0219i a asigura siguran\u021ba alerg\u0103torilor, participarea la 2X2 Race este limitat\u0103 la 200 de locuri per curs\u0103. Accesul \u00een competi\u021bie este permis sportivilor cu experien\u021b\u0103 demonstrat\u0103 \u00een alergarea montan\u0103, iar procesul de selec\u021bie include verificarea rezultatelor anterioare. Detaliile complete privind \u00eenscrierea \u0219i criteriile de participare sunt disponibile pe <a href=\"https:\/\/www.2x2race.ro\/\"><span style=\"color: #1155cc\"><u>www.2x2race.ro<\/u><\/span><\/a>\u201d<\/em>, au transmis organizatorii.<\/p>\n<\/blockquote>\n<p align=\"justify\">Asocia\u021bia Club Sportiv 2X2 Race are ca obiectiv promovarea alerg\u0103rii montane \u00een Rom\u00e2nia, organiz\u00e2nd anual competi\u021bii de \u00eenalt\u0103 calitate care pun \u00een valoare poten\u021bialul natural al Jude\u021bului Sibiu.<\/p>\n<p align=\"justify\"><em>Scris de : C\u0103lin Pop<\/em><\/p>\n<p align=\"justify\"><em>Foto: Asocia\u021bia Club Sportiv 2X2 Race<\/em><\/p>\n","protected":false},"excerpt":{"rendered":"<p>\u00cencep \u00eenscrierile pentru cea de-a 13-a edi\u021bie a competi\u021biei interna\u021bionale de alergare montan\u0103 2X2 Race, programat\u0103 pentru 23 august 2025,&#8230;<\/p>\n","protected":false},"author":17,"featured_media":10007,"comment_status":"open","ping_status":"open","sticky":false,"template":"","format":"standard","meta":[],"categories":[1817],"tags":[4163,1127,174,792],"yoast_head":"<!-- This site is optimized with the Yoast SEO plugin v18.4.1 - https:\/\/yoast.com\/wordpress\/plugins\/seo\/ -->\n<title>\u00cencep \u00eenscrierile pentru cea mai dificil\u0103 competi\u021bie de alergare montan\u0103 din Rom\u00e2nia - Outdoor Magazine<\/title>\n<meta name=\"description\" content=\"\u00cencep \u00eenscrierile pentru cea de-a 13-a edi\u021bie a competi\u021biei interna\u021bionale de alergare montan\u0103 2X2 Race, programat\u0103 pentru 23 august 2025, a anun\u021bat Asocia\u021bia Club Sportiv 2X2 Race.\" \/>\n<meta name=\"robots\" content=\"index, follow, max-snippet:-1, max-image-preview:large, max-video-preview:-1\" \/>\n<link rel=\"canonical\" href=\"https:\/\/ski-outdoor.ro\/outdoor\/2025\/02\/17\/incep-inscrierile-pentru-cea-mai-dificila-competitie-de-alergare-montana-din-romania\/\" \/>\n<meta property=\"og:locale\" content=\"ro_RO\" \/>\n<meta property=\"og:type\" content=\"article\" \/>\n<meta property=\"og:title\" content=\"\u00cencep \u00eenscrierile pentru cea mai dificil\u0103 competi\u021bie de alergare montan\u0103 din Rom\u00e2nia - Outdoor Magazine\" \/>\n<meta property=\"og:description\" content=\"\u00cencep \u00eenscrierile pentru cea de-a 13-a edi\u021bie a competi\u021biei interna\u021bionale de alergare montan\u0103 2X2 Race, programat\u0103 pentru 23 august 2025, a anun\u021bat Asocia\u021bia Club Sportiv 2X2 Race.\" \/>\n<meta property=\"og:url\" content=\"https:\/\/ski-outdoor.ro\/outdoor\/2025\/02\/17\/incep-inscrierile-pentru-cea-mai-dificila-competitie-de-alergare-montana-din-romania\/\" \/>\n<meta property=\"og:site_name\" content=\"Outdoor Magazine\" \/>\n<meta property=\"article:publisher\" content=\"https:\/\/www.facebook.com\/skiandoutdoormagazine\" \/>\n<meta property=\"article:published_time\" content=\"2025-02-17T08:52:38+00:00\" \/>\n<meta property=\"og:image\" content=\"https:\/\/ski-outdoor.ro\/outdoor\/wp-content\/uploads\/sites\/4\/2025\/02\/AdrianCrapciu_2x2_2024_ADR07041-scaled.jpg\" \/>\n\t<meta property=\"og:image:width\" content=\"2560\" \/>\n\t<meta property=\"og:image:height\" content=\"1707\" \/>\n\t<meta property=\"og:image:type\" content=\"image\/jpeg\" \/>\n<meta name=\"twitter:card\" content=\"summary_large_image\" \/>\n<meta name=\"twitter:label1\" content=\"Scris de\" \/>\n\t<meta name=\"twitter:data1\" content=\"Andrei Hu\u021banu\" \/>\n\t<meta name=\"twitter:label2\" content=\"Timp estimat pentru citire\" \/>\n\t<meta name=\"twitter:data2\" content=\"1 minut\" \/>\n<script type=\"application\/ld+json\" class=\"yoast-schema-graph\">{\"@context\":\"https:\/\/schema.org\",\"@graph\":[{\"@type\":\"Organization\",\"@id\":\"https:\/\/ski-outdoor.ro\/outdoor\/#organization\",\"name\":\"Ski & Outdoor Magazine\",\"url\":\"https:\/\/ski-outdoor.ro\/outdoor\/\",\"sameAs\":[\"https:\/\/www.facebook.com\/skiandoutdoormagazine\"],\"logo\":{\"@type\":\"ImageObject\",\"@id\":\"https:\/\/ski-outdoor.ro\/outdoor\/#logo\",\"inLanguage\":\"ro-RO\",\"url\":\"https:\/\/ski-outdoor.ro\/outdoor\/wp-content\/uploads\/sites\/4\/2019\/05\/logo-e1557923623153.png\",\"contentUrl\":\"https:\/\/ski-outdoor.ro\/outdoor\/wp-content\/uploads\/sites\/4\/2019\/05\/logo-e1557923623153.png\",\"width\":600,\"height\":165,\"caption\":\"Ski & Outdoor Magazine\"},\"image\":{\"@id\":\"https:\/\/ski-outdoor.ro\/outdoor\/#logo\"}},{\"@type\":\"WebSite\",\"@id\":\"https:\/\/ski-outdoor.ro\/outdoor\/#website\",\"url\":\"https:\/\/ski-outdoor.ro\/outdoor\/\",\"name\":\"Outdoor Magazine\",\"description\":\"\",\"publisher\":{\"@id\":\"https:\/\/ski-outdoor.ro\/outdoor\/#organization\"},\"potentialAction\":[{\"@type\":\"SearchAction\",\"target\":{\"@type\":\"EntryPoint\",\"urlTemplate\":\"https:\/\/ski-outdoor.ro\/outdoor\/?s={search_term_string}\"},\"query-input\":\"required name=search_term_string\"}],\"inLanguage\":\"ro-RO\"},{\"@type\":\"ImageObject\",\"@id\":\"https:\/\/ski-outdoor.ro\/outdoor\/2025\/02\/17\/incep-inscrierile-pentru-cea-mai-dificila-competitie-de-alergare-montana-din-romania\/#primaryimage\",\"inLanguage\":\"ro-RO\",\"url\":\"https:\/\/ski-outdoor.ro\/outdoor\/wp-content\/uploads\/sites\/4\/2025\/02\/AdrianCrapciu_2x2_2024_ADR07041-scaled.jpg\",\"contentUrl\":\"https:\/\/ski-outdoor.ro\/outdoor\/wp-content\/uploads\/sites\/4\/2025\/02\/AdrianCrapciu_2x2_2024_ADR07041-scaled.jpg\",\"width\":2560,\"height\":1707},{\"@type\":\"WebPage\",\"@id\":\"https:\/\/ski-outdoor.ro\/outdoor\/2025\/02\/17\/incep-inscrierile-pentru-cea-mai-dificila-competitie-de-alergare-montana-din-romania\/#webpage\",\"url\":\"https:\/\/ski-outdoor.ro\/outdoor\/2025\/02\/17\/incep-inscrierile-pentru-cea-mai-dificila-competitie-de-alergare-montana-din-romania\/\",\"name\":\"\u00cencep \u00eenscrierile pentru cea mai dificil\u0103 competi\u021bie de alergare montan\u0103 din Rom\u00e2nia - Outdoor Magazine\",\"isPartOf\":{\"@id\":\"https:\/\/ski-outdoor.ro\/outdoor\/#website\"},\"primaryImageOfPage\":{\"@id\":\"https:\/\/ski-outdoor.ro\/outdoor\/2025\/02\/17\/incep-inscrierile-pentru-cea-mai-dificila-competitie-de-alergare-montana-din-romania\/#primaryimage\"},\"datePublished\":\"2025-02-17T08:52:38+00:00\",\"dateModified\":\"2025-02-17T08:52:38+00:00\",\"description\":\"\u00cencep \u00eenscrierile pentru cea de-a 13-a edi\u021bie a competi\u021biei interna\u021bionale de alergare montan\u0103 2X2 Race, programat\u0103 pentru 23 august 2025, a anun\u021bat Asocia\u021bia Club Sportiv 2X2 Race.\",\"breadcrumb\":{\"@id\":\"https:\/\/ski-outdoor.ro\/outdoor\/2025\/02\/17\/incep-inscrierile-pentru-cea-mai-dificila-competitie-de-alergare-montana-din-romania\/#breadcrumb\"},\"inLanguage\":\"ro-RO\",\"potentialAction\":[{\"@type\":\"ReadAction\",\"target\":[\"https:\/\/ski-outdoor.ro\/outdoor\/2025\/02\/17\/incep-inscrierile-pentru-cea-mai-dificila-competitie-de-alergare-montana-din-romania\/\"]}]},{\"@type\":\"BreadcrumbList\",\"@id\":\"https:\/\/ski-outdoor.ro\/outdoor\/2025\/02\/17\/incep-inscrierile-pentru-cea-mai-dificila-competitie-de-alergare-montana-din-romania\/#breadcrumb\",\"itemListElement\":[{\"@type\":\"ListItem\",\"position\":1,\"name\":\"Home\",\"item\":\"https:\/\/ski-outdoor.ro\/outdoor\/\"},{\"@type\":\"ListItem\",\"position\":2,\"name\":\"\u00cencep \u00eenscrierile pentru cea mai dificil\u0103 competi\u021bie de alergare montan\u0103 din Rom\u00e2nia\"}]},{\"@type\":\"Article\",\"@id\":\"https:\/\/ski-outdoor.ro\/outdoor\/2025\/02\/17\/incep-inscrierile-pentru-cea-mai-dificila-competitie-de-alergare-montana-din-romania\/#article\",\"isPartOf\":{\"@id\":\"https:\/\/ski-outdoor.ro\/outdoor\/2025\/02\/17\/incep-inscrierile-pentru-cea-mai-dificila-competitie-de-alergare-montana-din-romania\/#webpage\"},\"author\":{\"@id\":\"https:\/\/ski-outdoor.ro\/outdoor\/#\/schema\/person\/7013c4a3a9d8c4f3333ef44bfc44f481\"},\"headline\":\"\u00cencep \u00eenscrierile pentru cea mai dificil\u0103 competi\u021bie de alergare montan\u0103 din Rom\u00e2nia\",\"datePublished\":\"2025-02-17T08:52:38+00:00\",\"dateModified\":\"2025-02-17T08:52:38+00:00\",\"mainEntityOfPage\":{\"@id\":\"https:\/\/ski-outdoor.ro\/outdoor\/2025\/02\/17\/incep-inscrierile-pentru-cea-mai-dificila-competitie-de-alergare-montana-din-romania\/#webpage\"},\"wordCount\":272,\"commentCount\":0,\"publisher\":{\"@id\":\"https:\/\/ski-outdoor.ro\/outdoor\/#organization\"},\"image\":{\"@id\":\"https:\/\/ski-outdoor.ro\/outdoor\/2025\/02\/17\/incep-inscrierile-pentru-cea-mai-dificila-competitie-de-alergare-montana-din-romania\/#primaryimage\"},\"thumbnailUrl\":\"https:\/\/ski-outdoor.ro\/outdoor\/wp-content\/uploads\/sites\/4\/2025\/02\/AdrianCrapciu_2x2_2024_ADR07041-scaled.jpg\",\"keywords\":[\"2X2 RACE\",\"alergare montana\",\"competitie\",\"muntii fagaras\"],\"articleSection\":[\"Actualit\u0103\u021bi\"],\"inLanguage\":\"ro-RO\",\"potentialAction\":[{\"@type\":\"CommentAction\",\"name\":\"Comment\",\"target\":[\"https:\/\/ski-outdoor.ro\/outdoor\/2025\/02\/17\/incep-inscrierile-pentru-cea-mai-dificila-competitie-de-alergare-montana-din-romania\/#respond\"]}]},{\"@type\":\"Person\",\"@id\":\"https:\/\/ski-outdoor.ro\/outdoor\/#\/schema\/person\/7013c4a3a9d8c4f3333ef44bfc44f481\",\"name\":\"Andrei Hu\u021banu\",\"image\":{\"@type\":\"ImageObject\",\"@id\":\"https:\/\/ski-outdoor.ro\/outdoor\/#personlogo\",\"inLanguage\":\"ro-RO\",\"url\":\"https:\/\/secure.gravatar.com\/avatar\/a16e17566b7c448f721ca293592e5f34?s=96&d=mm&r=g\",\"contentUrl\":\"https:\/\/secure.gravatar.com\/avatar\/a16e17566b7c448f721ca293592e5f34?s=96&d=mm&r=g\",\"caption\":\"Andrei Hu\u021banu\"},\"url\":\"https:\/\/ski-outdoor.ro\/outdoor\/author\/andih\/\"}]}<\/script>\n<!-- \/ Yoast SEO plugin. -->","yoast_head_json":{"title":"\u00cencep \u00eenscrierile pentru cea mai dificil\u0103 competi\u021bie de alergare montan\u0103 din Rom\u00e2nia - Outdoor Magazine","description":"\u00cencep \u00eenscrierile pentru cea de-a 13-a edi\u021bie a competi\u021biei interna\u021bionale de alergare montan\u0103 2X2 Race, programat\u0103 pentru 23 august 2025, a anun\u021bat Asocia\u021bia Club Sportiv 2X2 Race.","robots":{"index":"index","follow":"follow","max-snippet":"max-snippet:-1","max-image-preview":"max-image-preview:large","max-video-preview":"max-video-preview:-1"},"canonical":"https:\/\/ski-outdoor.ro\/outdoor\/2025\/02\/17\/incep-inscrierile-pentru-cea-mai-dificila-competitie-de-alergare-montana-din-romania\/","og_locale":"ro_RO","og_type":"article","og_title":"\u00cencep \u00eenscrierile pentru cea mai dificil\u0103 competi\u021bie de alergare montan\u0103 din Rom\u00e2nia - Outdoor Magazine","og_description":"\u00cencep \u00eenscrierile pentru cea de-a 13-a edi\u021bie a competi\u021biei interna\u021bionale de alergare montan\u0103 2X2 Race, programat\u0103 pentru 23 august 2025, a anun\u021bat Asocia\u021bia Club Sportiv 2X2 Race.","og_url":"https:\/\/ski-outdoor.ro\/outdoor\/2025\/02\/17\/incep-inscrierile-pentru-cea-mai-dificila-competitie-de-alergare-montana-din-romania\/","og_site_name":"Outdoor Magazine","article_publisher":"https:\/\/www.facebook.com\/skiandoutdoormagazine","article_published_time":"2025-02-17T08:52:38+00:00","og_image":[{"width":2560,"height":1707,"url":"https:\/\/ski-outdoor.ro\/outdoor\/wp-content\/uploads\/sites\/4\/2025\/02\/AdrianCrapciu_2x2_2024_ADR07041-scaled.jpg","type":"image\/jpeg"}],"twitter_card":"summary_large_image","twitter_misc":{"Scris de":"Andrei Hu\u021banu","Timp estimat pentru citire":"1 minut"},"schema":{"@context":"https:\/\/schema.org","@graph":[{"@type":"Organization","@id":"https:\/\/ski-outdoor.ro\/outdoor\/#organization","name":"Ski & Outdoor Magazine","url":"https:\/\/ski-outdoor.ro\/outdoor\/","sameAs":["https:\/\/www.facebook.com\/skiandoutdoormagazine"],"logo":{"@type":"ImageObject","@id":"https:\/\/ski-outdoor.ro\/outdoor\/#logo","inLanguage":"ro-RO","url":"https:\/\/ski-outdoor.ro\/outdoor\/wp-content\/uploads\/sites\/4\/2019\/05\/logo-e1557923623153.png","contentUrl":"https:\/\/ski-outdoor.ro\/outdoor\/wp-content\/uploads\/sites\/4\/2019\/05\/logo-e1557923623153.png","width":600,"height":165,"caption":"Ski & Outdoor Magazine"},"image":{"@id":"https:\/\/ski-outdoor.ro\/outdoor\/#logo"}},{"@type":"WebSite","@id":"https:\/\/ski-outdoor.ro\/outdoor\/#website","url":"https:\/\/ski-outdoor.ro\/outdoor\/","name":"Outdoor Magazine","description":"","publisher":{"@id":"https:\/\/ski-outdoor.ro\/outdoor\/#organization"},"potentialAction":[{"@type":"SearchAction","target":{"@type":"EntryPoint","urlTemplate":"https:\/\/ski-outdoor.ro\/outdoor\/?s={search_term_string}"},"query-input":"required name=search_term_string"}],"inLanguage":"ro-RO"},{"@type":"ImageObject","@id":"https:\/\/ski-outdoor.ro\/outdoor\/2025\/02\/17\/incep-inscrierile-pentru-cea-mai-dificila-competitie-de-alergare-montana-din-romania\/#primaryimage","inLanguage":"ro-RO","url":"https:\/\/ski-outdoor.ro\/outdoor\/wp-content\/uploads\/sites\/4\/2025\/02\/AdrianCrapciu_2x2_2024_ADR07041-scaled.jpg","contentUrl":"https:\/\/ski-outdoor.ro\/outdoor\/wp-content\/uploads\/sites\/4\/2025\/02\/AdrianCrapciu_2x2_2024_ADR07041-scaled.jpg","width":2560,"height":1707},{"@type":"WebPage","@id":"https:\/\/ski-outdoor.ro\/outdoor\/2025\/02\/17\/incep-inscrierile-pentru-cea-mai-dificila-competitie-de-alergare-montana-din-romania\/#webpage","url":"https:\/\/ski-outdoor.ro\/outdoor\/2025\/02\/17\/incep-inscrierile-pentru-cea-mai-dificila-competitie-de-alergare-montana-din-romania\/","name":"\u00cencep \u00eenscrierile pentru cea mai dificil\u0103 competi\u021bie de alergare montan\u0103 din Rom\u00e2nia - Outdoor Magazine","isPartOf":{"@id":"https:\/\/ski-outdoor.ro\/outdoor\/#website"},"primaryImageOfPage":{"@id":"https:\/\/ski-outdoor.ro\/outdoor\/2025\/02\/17\/incep-inscrierile-pentru-cea-mai-dificila-competitie-de-alergare-montana-din-romania\/#primaryimage"},"datePublished":"2025-02-17T08:52:38+00:00","dateModified":"2025-02-17T08:52:38+00:00","description":"\u00cencep \u00eenscrierile pentru cea de-a 13-a edi\u021bie a competi\u021biei interna\u021bionale de alergare montan\u0103 2X2 Race, programat\u0103 pentru 23 august 2025, a anun\u021bat Asocia\u021bia Club Sportiv 2X2 Race.","breadcrumb":{"@id":"https:\/\/ski-outdoor.ro\/outdoor\/2025\/02\/17\/incep-inscrierile-pentru-cea-mai-dificila-competitie-de-alergare-montana-din-romania\/#breadcrumb"},"inLanguage":"ro-RO","potentialAction":[{"@type":"ReadAction","target":["https:\/\/ski-outdoor.ro\/outdoor\/2025\/02\/17\/incep-inscrierile-pentru-cea-mai-dificila-competitie-de-alergare-montana-din-romania\/"]}]},{"@type":"BreadcrumbList","@id":"https:\/\/ski-outdoor.ro\/outdoor\/2025\/02\/17\/incep-inscrierile-pentru-cea-mai-dificila-competitie-de-alergare-montana-din-romania\/#breadcrumb","itemListElement":[{"@type":"ListItem","position":1,"name":"Home","item":"https:\/\/ski-outdoor.ro\/outdoor\/"},{"@type":"ListItem","position":2,"name":"\u00cencep \u00eenscrierile pentru cea mai dificil\u0103 competi\u021bie de alergare montan\u0103 din Rom\u00e2nia"}]},{"@type":"Article","@id":"https:\/\/ski-outdoor.ro\/outdoor\/2025\/02\/17\/incep-inscrierile-pentru-cea-mai-dificila-competitie-de-alergare-montana-din-romania\/#article","isPartOf":{"@id":"https:\/\/ski-outdoor.ro\/outdoor\/2025\/02\/17\/incep-inscrierile-pentru-cea-mai-dificila-competitie-de-alergare-montana-din-romania\/#webpage"},"author":{"@id":"https:\/\/ski-outdoor.ro\/outdoor\/#\/schema\/person\/7013c4a3a9d8c4f3333ef44bfc44f481"},"headline":"\u00cencep \u00eenscrierile pentru cea mai dificil\u0103 competi\u021bie de alergare montan\u0103 din Rom\u00e2nia","datePublished":"2025-02-17T08:52:38+00:00","dateModified":"2025-02-17T08:52:38+00:00","mainEntityOfPage":{"@id":"https:\/\/ski-outdoor.ro\/outdoor\/2025\/02\/17\/incep-inscrierile-pentru-cea-mai-dificila-competitie-de-alergare-montana-din-romania\/#webpage"},"wordCount":272,"commentCount":0,"publisher":{"@id":"https:\/\/ski-outdoor.ro\/outdoor\/#organization"},"image":{"@id":"https:\/\/ski-outdoor.ro\/outdoor\/2025\/02\/17\/incep-inscrierile-pentru-cea-mai-dificila-competitie-de-alergare-montana-din-romania\/#primaryimage"},"thumbnailUrl":"https:\/\/ski-outdoor.ro\/outdoor\/wp-content\/uploads\/sites\/4\/2025\/02\/AdrianCrapciu_2x2_2024_ADR07041-scaled.jpg","keywords":["2X2 RACE","alergare montana","competitie","muntii fagaras"],"articleSection":["Actualit\u0103\u021bi"],"inLanguage":"ro-RO","potentialAction":[{"@type":"CommentAction","name":"Comment","target":["https:\/\/ski-outdoor.ro\/outdoor\/2025\/02\/17\/incep-inscrierile-pentru-cea-mai-dificila-competitie-de-alergare-montana-din-romania\/#respond"]}]},{"@type":"Person","@id":"https:\/\/ski-outdoor.ro\/outdoor\/#\/schema\/person\/7013c4a3a9d8c4f3333ef44bfc44f481","name":"Andrei Hu\u021banu","image":{"@type":"ImageObject","@id":"https:\/\/ski-outdoor.ro\/outdoor\/#personlogo","inLanguage":"ro-RO","url":"https:\/\/secure.gravatar.com\/avatar\/a16e17566b7c448f721ca293592e5f34?s=96&d=mm&r=g","contentUrl":"https:\/\/secure.gravatar.com\/avatar\/a16e17566b7c448f721ca293592e5f34?s=96&d=mm&r=g","caption":"Andrei Hu\u021banu"},"url":"https:\/\/ski-outdoor.ro\/outdoor\/author\/andih\/"}]}},"_links":{"self":[{"href":"https:\/\/ski-outdoor.ro\/outdoor\/wp-json\/wp\/v2\/posts\/10006"}],"collection":[{"href":"https:\/\/ski-outdoor.ro\/outdoor\/wp-json\/wp\/v2\/posts"}],"about":[{"href":"https:\/\/ski-outdoor.ro\/outdoor\/wp-json\/wp\/v2\/types\/post"}],"author":[{"embeddable":true,"href":"https:\/\/ski-outdoor.ro\/outdoor\/wp-json\/wp\/v2\/users\/17"}],"replies":[{"embeddable":true,"href":"https:\/\/ski-outdoor.ro\/outdoor\/wp-json\/wp\/v2\/comments?post=10006"}],"version-history":[{"count":1,"href":"https:\/\/ski-outdoor.ro\/outdoor\/wp-json\/wp\/v2\/posts\/10006\/revisions"}],"predecessor-version":[{"id":10008,"href":"https:\/\/ski-outdoor.ro\/outdoor\/wp-json\/wp\/v2\/posts\/10006\/revisions\/10008"}],"wp:featuredmedia":[{"embeddable":true,"href":"https:\/\/ski-outdoor.ro\/outdoor\/wp-json\/wp\/v2\/media\/10007"}],"wp:attachment":[{"href":"https:\/\/ski-outdoor.ro\/outdoor\/wp-json\/wp\/v2\/media?parent=10006"}],"wp:term":[{"taxonomy":"category","embeddable":true,"href":"https:\/\/ski-outdoor.ro\/outdoor\/wp-json\/wp\/v2\/categories?post=10006"},{"taxonomy":"post_tag","embeddable":true,"href":"https:\/\/ski-outdoor.ro\/outdoor\/wp-json\/wp\/v2\/tags?post=10006"}],"curies":[{"name":"wp","href":"https:\/\/api.w.org\/{rel}","templated":true}]}}