{"id":2338,"date":"2019-07-25T15:28:22","date_gmt":"2019-07-25T15:28:22","guid":{"rendered":"https:\/\/ski-outdoor.ro\/outdoor\/?p=2338"},"modified":"2019-07-30T20:50:25","modified_gmt":"2019-07-30T20:50:25","slug":"red-bull-romaniacs-cel-mai-dificil-raliu-hard-enduro-din-lume-la-sibiu","status":"publish","type":"post","link":"https:\/\/ski-outdoor.ro\/outdoor\/2019\/07\/25\/red-bull-romaniacs-cel-mai-dificil-raliu-hard-enduro-din-lume-la-sibiu\/","title":{"rendered":"Red Bull Romaniacs: cel mai dificil raliu hard enduro din lume, la Sibiu"},"content":{"rendered":"\n<p><strong>Rideri din 50 de \u021b\u0103ri vor participa la edi\u021bia cu num\u0103rul 16 a Red Bull Romaniacs. Recunoscut\u0103 la nivel global drept cel mai dificil raliu hard enduro din lume, competi\u021bia \u00eencepe \u00een 30 iulie, la Sibiu. Vor urma patru zile de off-road pe trasee extreme care alterneaz\u0103 cu peisaje care \u00ee\u021bi taie r\u0103suflarea.<\/strong><\/p>\n\n\n\n<div class=\"wp-block-image\"><figure class=\"alignright is-resized\"><img loading=\"lazy\" src=\"https:\/\/ski-outdoor.ro\/outdoor\/wp-content\/uploads\/sites\/4\/2019\/07\/Atmosfera-Prolog-editia-2018-foto-Mihai-Stetcu.jpg\" alt=\"\" class=\"wp-image-2342\" width=\"434\" height=\"288\" srcset=\"https:\/\/ski-outdoor.ro\/outdoor\/wp-content\/uploads\/sites\/4\/2019\/07\/Atmosfera-Prolog-editia-2018-foto-Mihai-Stetcu.jpg 960w, https:\/\/ski-outdoor.ro\/outdoor\/wp-content\/uploads\/sites\/4\/2019\/07\/Atmosfera-Prolog-editia-2018-foto-Mihai-Stetcu-300x200.jpg 300w, https:\/\/ski-outdoor.ro\/outdoor\/wp-content\/uploads\/sites\/4\/2019\/07\/Atmosfera-Prolog-editia-2018-foto-Mihai-Stetcu-768x512.jpg 768w, https:\/\/ski-outdoor.ro\/outdoor\/wp-content\/uploads\/sites\/4\/2019\/07\/Atmosfera-Prolog-editia-2018-foto-Mihai-Stetcu-370x247.jpg 370w, https:\/\/ski-outdoor.ro\/outdoor\/wp-content\/uploads\/sites\/4\/2019\/07\/Atmosfera-Prolog-editia-2018-foto-Mihai-Stetcu-270x180.jpg 270w, https:\/\/ski-outdoor.ro\/outdoor\/wp-content\/uploads\/sites\/4\/2019\/07\/Atmosfera-Prolog-editia-2018-foto-Mihai-Stetcu-570x380.jpg 570w, https:\/\/ski-outdoor.ro\/outdoor\/wp-content\/uploads\/sites\/4\/2019\/07\/Atmosfera-Prolog-editia-2018-foto-Mihai-Stetcu-770x513.jpg 770w, https:\/\/ski-outdoor.ro\/outdoor\/wp-content\/uploads\/sites\/4\/2019\/07\/Atmosfera-Prolog-editia-2018-foto-Mihai-Stetcu-870x580.jpg 870w\" sizes=\"(max-width: 434px) 100vw, 434px\" \/><\/figure><\/div>\n\n\n\n<p>Show-ul de deschidere va avea loc pe Bd-ul Coposu din Sibiu \u0219i include un traseu format din 12 sec\u021biuni cu diverse elemente: pietre, bu\u0219teni, pneuri, cale ferat\u0103, ma\u0219ini. Potrivit organizatorilor, finala va avea loc tot \u00een Sibiu, la ora 17.00, iar la ultima prob\u0103 vor concura primii 35 de rideri din calific\u0103rile claselor Bronze, Silver \u0219i Gold.<strong> <\/strong><\/p>\n\n\n\n<p>Aventura propriu-zis\u0103 va \u00eencepe \u00een 31 iulie, pe trasee din Valea Oltului. Va urma apoi, \u00een ziua a doua, parcurgerea traseelor din Mun\u021bii Cindrel, iar \u00een ziua a treia se va porni de pe Valea Oltului \u0219i se va trece prin Voineasa, pentru ca mai apoi s\u0103 se coboare \u00een R\u0103\u0219inari. Ultima zi a competi\u021biei vine cu probe \u00een apropiere de Sibiu \u0219i cu celebrul finish de pe dealul Gu\u0219teri\u021bei, unde riderii au de parcurs o urcare aproape vertical\u0103. Concuren\u021bii vor avea de stat, \u00een medie, \u00eentre 6 \u0219i 8 ore \u00een \u0219a, iar cei de la clasa Gold, cel mai dificil traseu din raliu, vor trebui s\u0103 se trezeasc\u0103 cel mai t\u00e2rziu la 4.30 diminea\u021ba. <\/p>\n\n\n\n<div class=\"wp-block-image\"><figure class=\"alignleft is-resized\"><img loading=\"lazy\" src=\"https:\/\/ski-outdoor.ro\/outdoor\/wp-content\/uploads\/sites\/4\/2019\/07\/Emanuel-Gyenes-singurul-rider-din-lume-care-a-terminat-toate-cele-15-editii-ale-Red-Bull-Romaniacs-foto-Andrei-Mosloc.jpg\" alt=\"\" class=\"wp-image-2343\" width=\"417\" height=\"277\" srcset=\"https:\/\/ski-outdoor.ro\/outdoor\/wp-content\/uploads\/sites\/4\/2019\/07\/Emanuel-Gyenes-singurul-rider-din-lume-care-a-terminat-toate-cele-15-editii-ale-Red-Bull-Romaniacs-foto-Andrei-Mosloc.jpg 960w, https:\/\/ski-outdoor.ro\/outdoor\/wp-content\/uploads\/sites\/4\/2019\/07\/Emanuel-Gyenes-singurul-rider-din-lume-care-a-terminat-toate-cele-15-editii-ale-Red-Bull-Romaniacs-foto-Andrei-Mosloc-300x200.jpg 300w, https:\/\/ski-outdoor.ro\/outdoor\/wp-content\/uploads\/sites\/4\/2019\/07\/Emanuel-Gyenes-singurul-rider-din-lume-care-a-terminat-toate-cele-15-editii-ale-Red-Bull-Romaniacs-foto-Andrei-Mosloc-768x512.jpg 768w, https:\/\/ski-outdoor.ro\/outdoor\/wp-content\/uploads\/sites\/4\/2019\/07\/Emanuel-Gyenes-singurul-rider-din-lume-care-a-terminat-toate-cele-15-editii-ale-Red-Bull-Romaniacs-foto-Andrei-Mosloc-370x247.jpg 370w, https:\/\/ski-outdoor.ro\/outdoor\/wp-content\/uploads\/sites\/4\/2019\/07\/Emanuel-Gyenes-singurul-rider-din-lume-care-a-terminat-toate-cele-15-editii-ale-Red-Bull-Romaniacs-foto-Andrei-Mosloc-270x180.jpg 270w, https:\/\/ski-outdoor.ro\/outdoor\/wp-content\/uploads\/sites\/4\/2019\/07\/Emanuel-Gyenes-singurul-rider-din-lume-care-a-terminat-toate-cele-15-editii-ale-Red-Bull-Romaniacs-foto-Andrei-Mosloc-570x380.jpg 570w, https:\/\/ski-outdoor.ro\/outdoor\/wp-content\/uploads\/sites\/4\/2019\/07\/Emanuel-Gyenes-singurul-rider-din-lume-care-a-terminat-toate-cele-15-editii-ale-Red-Bull-Romaniacs-foto-Andrei-Mosloc-770x513.jpg 770w, https:\/\/ski-outdoor.ro\/outdoor\/wp-content\/uploads\/sites\/4\/2019\/07\/Emanuel-Gyenes-singurul-rider-din-lume-care-a-terminat-toate-cele-15-editii-ale-Red-Bull-Romaniacs-foto-Andrei-Mosloc-870x580.jpg 870w\" sizes=\"(max-width: 417px) 100vw, 417px\" \/><\/figure><\/div>\n\n\n\n<p>Favori\u021bii competi\u021biei vin din Africa de Sud, Marea Britanie, Germania \u0219i Spania, iar pe lista \u021b\u0103rilor reprezentate \u00een raliu se num\u0103r\u0103: Australia, Noua Zeeland\u0103, SUA, Canada, Rusia, Fran\u021ba, Norvegia, Brazilia, Peru, Mexic, Venezuela, Hong Kong, Singapore, Indonezia sau Malaezia.<\/p>\n\n\n\n<blockquote class=\"wp-block-quote\"><p> <br><em>Marea noutate, c\u00e2nd vine vorba de concuren\u021bi, o reprezint\u0103 revenirea \u00een raliu a Sandrei Gomez. Campioan\u0103 mondial\u0103 la Super Enduro, Sandra este prima femeie care a decis s\u0103 se \u00eenscrie la clasa Gold \u0219i va parcurge acela\u0219i traseu ca fratele s\u0103u, Alfredo, o prezen\u021b\u0103 constant\u0103 pe podiumul Red Bull Romaniacs \u0219i un alt pretendent la victorie<\/em> \u2013 organizatorii Red Bull Romaniacs. <\/p><\/blockquote>\n\n\n\n<figure class=\"wp-block-image\"><img loading=\"lazy\" width=\"960\" height=\"640\" src=\"https:\/\/ski-outdoor.ro\/outdoor\/wp-content\/uploads\/sites\/4\/2019\/07\/Wade-Young-castigator-Red-Bull-Romaniacs-2018-foto-Dragos-Dumitru.jpg\" alt=\"\" class=\"wp-image-2344\" srcset=\"https:\/\/ski-outdoor.ro\/outdoor\/wp-content\/uploads\/sites\/4\/2019\/07\/Wade-Young-castigator-Red-Bull-Romaniacs-2018-foto-Dragos-Dumitru.jpg 960w, https:\/\/ski-outdoor.ro\/outdoor\/wp-content\/uploads\/sites\/4\/2019\/07\/Wade-Young-castigator-Red-Bull-Romaniacs-2018-foto-Dragos-Dumitru-300x200.jpg 300w, https:\/\/ski-outdoor.ro\/outdoor\/wp-content\/uploads\/sites\/4\/2019\/07\/Wade-Young-castigator-Red-Bull-Romaniacs-2018-foto-Dragos-Dumitru-768x512.jpg 768w, https:\/\/ski-outdoor.ro\/outdoor\/wp-content\/uploads\/sites\/4\/2019\/07\/Wade-Young-castigator-Red-Bull-Romaniacs-2018-foto-Dragos-Dumitru-370x247.jpg 370w, https:\/\/ski-outdoor.ro\/outdoor\/wp-content\/uploads\/sites\/4\/2019\/07\/Wade-Young-castigator-Red-Bull-Romaniacs-2018-foto-Dragos-Dumitru-270x180.jpg 270w, https:\/\/ski-outdoor.ro\/outdoor\/wp-content\/uploads\/sites\/4\/2019\/07\/Wade-Young-castigator-Red-Bull-Romaniacs-2018-foto-Dragos-Dumitru-570x380.jpg 570w, https:\/\/ski-outdoor.ro\/outdoor\/wp-content\/uploads\/sites\/4\/2019\/07\/Wade-Young-castigator-Red-Bull-Romaniacs-2018-foto-Dragos-Dumitru-770x513.jpg 770w, https:\/\/ski-outdoor.ro\/outdoor\/wp-content\/uploads\/sites\/4\/2019\/07\/Wade-Young-castigator-Red-Bull-Romaniacs-2018-foto-Dragos-Dumitru-870x580.jpg 870w\" sizes=\"(max-width: 960px) 100vw, 960px\" \/><\/figure>\n\n\n\n<p>Competi\u021bia Red Bull Romaniacs a fost ini\u021biat\u0103 \u00een 2004 de Martin Freinademetz, snowboarder profesionist care a participat la Jocurile Olimpice din 1998 \u0219i care are patru titluri mondiale c\u00e2\u0219tigate.<\/p>\n\n\n\n<p><em>Scris de: Bianca \u0218omlea<\/em><\/p>\n","protected":false},"excerpt":{"rendered":"<p>Rideri din 50 de \u021b\u0103ri vor participa la edi\u021bia cu num\u0103rul 16 a Red Bull Romaniacs. Recunoscut\u0103 la nivel global&#8230;<\/p>\n","protected":false},"author":16,"featured_media":2341,"comment_status":"open","ping_status":"open","sticky":false,"template":"","format":"standard","meta":[],"categories":[39],"tags":[580,577,544,572,550,562,569,570,582,561,559,545,566,542,553,574,564,541,414,395,573,578,571,547,556,576,81,138,567,568,551,540,558,539,546,560,549,565,543,563,579,575,552,548,554,581,98,555,408,557],"yoast_head":"<!-- This site is optimized with the Yoast SEO plugin v18.4.1 - https:\/\/yoast.com\/wordpress\/plugins\/seo\/ -->\n<title>Red Bull Romaniacs: cel mai dificil raliu hard enduro din lume, la Sibiu - Outdoor Magazine<\/title>\n<meta name=\"robots\" content=\"index, follow, max-snippet:-1, max-image-preview:large, max-video-preview:-1\" \/>\n<link rel=\"canonical\" href=\"https:\/\/ski-outdoor.ro\/outdoor\/2019\/07\/25\/red-bull-romaniacs-cel-mai-dificil-raliu-hard-enduro-din-lume-la-sibiu\/\" \/>\n<meta property=\"og:locale\" content=\"ro_RO\" \/>\n<meta property=\"og:type\" content=\"article\" \/>\n<meta property=\"og:title\" content=\"Red Bull Romaniacs: cel mai dificil raliu hard enduro din lume, la Sibiu - Outdoor Magazine\" \/>\n<meta property=\"og:description\" content=\"Rideri din 50 de \u021b\u0103ri vor participa la edi\u021bia cu num\u0103rul 16 a Red Bull Romaniacs. Recunoscut\u0103 la nivel global...\" \/>\n<meta property=\"og:url\" content=\"https:\/\/ski-outdoor.ro\/outdoor\/2019\/07\/25\/red-bull-romaniacs-cel-mai-dificil-raliu-hard-enduro-din-lume-la-sibiu\/\" \/>\n<meta property=\"og:site_name\" content=\"Outdoor Magazine\" \/>\n<meta property=\"article:publisher\" content=\"https:\/\/www.facebook.com\/skiandoutdoormagazine\" \/>\n<meta property=\"article:published_time\" content=\"2019-07-25T15:28:22+00:00\" \/>\n<meta property=\"article:modified_time\" content=\"2019-07-30T20:50:25+00:00\" \/>\n<meta property=\"og:image\" content=\"https:\/\/ski-outdoor.ro\/outdoor\/wp-content\/uploads\/sites\/4\/2019\/07\/Race-action-Red-Bull-Romaniacs-2018-Jonny-Walker-si-Wade-Young-foto-TIbi-Hila.jpg\" \/>\n\t<meta property=\"og:image:width\" content=\"1170\" \/>\n\t<meta property=\"og:image:height\" content=\"781\" \/>\n\t<meta property=\"og:image:type\" content=\"image\/jpeg\" \/>\n<meta name=\"twitter:card\" content=\"summary_large_image\" \/>\n<meta name=\"twitter:label1\" content=\"Scris de\" \/>\n\t<meta name=\"twitter:data1\" content=\"Bianca \u0218omlea\" \/>\n\t<meta name=\"twitter:label2\" content=\"Timp estimat pentru citire\" \/>\n\t<meta name=\"twitter:data2\" content=\"2 minute\" \/>\n<script type=\"application\/ld+json\" class=\"yoast-schema-graph\">{\"@context\":\"https:\/\/schema.org\",\"@graph\":[{\"@type\":\"Organization\",\"@id\":\"https:\/\/ski-outdoor.ro\/outdoor\/#organization\",\"name\":\"Ski & Outdoor Magazine\",\"url\":\"https:\/\/ski-outdoor.ro\/outdoor\/\",\"sameAs\":[\"https:\/\/www.facebook.com\/skiandoutdoormagazine\"],\"logo\":{\"@type\":\"ImageObject\",\"@id\":\"https:\/\/ski-outdoor.ro\/outdoor\/#logo\",\"inLanguage\":\"ro-RO\",\"url\":\"https:\/\/ski-outdoor.ro\/outdoor\/wp-content\/uploads\/sites\/4\/2019\/05\/logo-e1557923623153.png\",\"contentUrl\":\"https:\/\/ski-outdoor.ro\/outdoor\/wp-content\/uploads\/sites\/4\/2019\/05\/logo-e1557923623153.png\",\"width\":600,\"height\":165,\"caption\":\"Ski & Outdoor Magazine\"},\"image\":{\"@id\":\"https:\/\/ski-outdoor.ro\/outdoor\/#logo\"}},{\"@type\":\"WebSite\",\"@id\":\"https:\/\/ski-outdoor.ro\/outdoor\/#website\",\"url\":\"https:\/\/ski-outdoor.ro\/outdoor\/\",\"name\":\"Outdoor Magazine\",\"description\":\"\",\"publisher\":{\"@id\":\"https:\/\/ski-outdoor.ro\/outdoor\/#organization\"},\"potentialAction\":[{\"@type\":\"SearchAction\",\"target\":{\"@type\":\"EntryPoint\",\"urlTemplate\":\"https:\/\/ski-outdoor.ro\/outdoor\/?s={search_term_string}\"},\"query-input\":\"required name=search_term_string\"}],\"inLanguage\":\"ro-RO\"},{\"@type\":\"ImageObject\",\"@id\":\"https:\/\/ski-outdoor.ro\/outdoor\/2019\/07\/25\/red-bull-romaniacs-cel-mai-dificil-raliu-hard-enduro-din-lume-la-sibiu\/#primaryimage\",\"inLanguage\":\"ro-RO\",\"url\":\"https:\/\/ski-outdoor.ro\/outdoor\/wp-content\/uploads\/sites\/4\/2019\/07\/Race-action-Red-Bull-Romaniacs-2018-Jonny-Walker-si-Wade-Young-foto-TIbi-Hila.jpg\",\"contentUrl\":\"https:\/\/ski-outdoor.ro\/outdoor\/wp-content\/uploads\/sites\/4\/2019\/07\/Race-action-Red-Bull-Romaniacs-2018-Jonny-Walker-si-Wade-Young-foto-TIbi-Hila.jpg\",\"width\":1170,\"height\":781},{\"@type\":\"WebPage\",\"@id\":\"https:\/\/ski-outdoor.ro\/outdoor\/2019\/07\/25\/red-bull-romaniacs-cel-mai-dificil-raliu-hard-enduro-din-lume-la-sibiu\/#webpage\",\"url\":\"https:\/\/ski-outdoor.ro\/outdoor\/2019\/07\/25\/red-bull-romaniacs-cel-mai-dificil-raliu-hard-enduro-din-lume-la-sibiu\/\",\"name\":\"Red Bull Romaniacs: cel mai dificil raliu hard enduro din lume, la Sibiu - Outdoor Magazine\",\"isPartOf\":{\"@id\":\"https:\/\/ski-outdoor.ro\/outdoor\/#website\"},\"primaryImageOfPage\":{\"@id\":\"https:\/\/ski-outdoor.ro\/outdoor\/2019\/07\/25\/red-bull-romaniacs-cel-mai-dificil-raliu-hard-enduro-din-lume-la-sibiu\/#primaryimage\"},\"datePublished\":\"2019-07-25T15:28:22+00:00\",\"dateModified\":\"2019-07-30T20:50:25+00:00\",\"breadcrumb\":{\"@id\":\"https:\/\/ski-outdoor.ro\/outdoor\/2019\/07\/25\/red-bull-romaniacs-cel-mai-dificil-raliu-hard-enduro-din-lume-la-sibiu\/#breadcrumb\"},\"inLanguage\":\"ro-RO\",\"potentialAction\":[{\"@type\":\"ReadAction\",\"target\":[\"https:\/\/ski-outdoor.ro\/outdoor\/2019\/07\/25\/red-bull-romaniacs-cel-mai-dificil-raliu-hard-enduro-din-lume-la-sibiu\/\"]}]},{\"@type\":\"BreadcrumbList\",\"@id\":\"https:\/\/ski-outdoor.ro\/outdoor\/2019\/07\/25\/red-bull-romaniacs-cel-mai-dificil-raliu-hard-enduro-din-lume-la-sibiu\/#breadcrumb\",\"itemListElement\":[{\"@type\":\"ListItem\",\"position\":1,\"name\":\"Home\",\"item\":\"https:\/\/ski-outdoor.ro\/outdoor\/\"},{\"@type\":\"ListItem\",\"position\":2,\"name\":\"Red Bull Romaniacs: cel mai dificil raliu hard enduro din lume, la Sibiu\"}]},{\"@type\":\"Article\",\"@id\":\"https:\/\/ski-outdoor.ro\/outdoor\/2019\/07\/25\/red-bull-romaniacs-cel-mai-dificil-raliu-hard-enduro-din-lume-la-sibiu\/#article\",\"isPartOf\":{\"@id\":\"https:\/\/ski-outdoor.ro\/outdoor\/2019\/07\/25\/red-bull-romaniacs-cel-mai-dificil-raliu-hard-enduro-din-lume-la-sibiu\/#webpage\"},\"author\":{\"@id\":\"https:\/\/ski-outdoor.ro\/outdoor\/#\/schema\/person\/29661f8d079aa10872d8edcf2a2a520b\"},\"headline\":\"Red Bull Romaniacs: cel mai dificil raliu hard enduro din lume, la Sibiu\",\"datePublished\":\"2019-07-25T15:28:22+00:00\",\"dateModified\":\"2019-07-30T20:50:25+00:00\",\"mainEntityOfPage\":{\"@id\":\"https:\/\/ski-outdoor.ro\/outdoor\/2019\/07\/25\/red-bull-romaniacs-cel-mai-dificil-raliu-hard-enduro-din-lume-la-sibiu\/#webpage\"},\"wordCount\":386,\"commentCount\":0,\"publisher\":{\"@id\":\"https:\/\/ski-outdoor.ro\/outdoor\/#organization\"},\"image\":{\"@id\":\"https:\/\/ski-outdoor.ro\/outdoor\/2019\/07\/25\/red-bull-romaniacs-cel-mai-dificil-raliu-hard-enduro-din-lume-la-sibiu\/#primaryimage\"},\"thumbnailUrl\":\"https:\/\/ski-outdoor.ro\/outdoor\/wp-content\/uploads\/sites\/4\/2019\/07\/Race-action-Red-Bull-Romaniacs-2018-Jonny-Walker-si-Wade-Young-foto-TIbi-Hila.jpg\",\"keywords\":[\"1998\",\"2004\",\"30 iulie - 3 august\",\"afirca de sud\",\"Alfredo Gomez\",\"Bronze\",\"busteni\",\"cale ferata\",\"cea mai dificila\",\"clasa\",\"dealul Gusteritei\",\"editia 15\",\"elemente\",\"enduro\",\"finish\",\"germania\",\"Gold\",\"hard\",\"jocuri olimpice\",\"lume\",\"marea birtanie\",\"Martin Freinademetz\",\"masini\",\"motor\",\"Mun\u021bii Cindrel\",\"ompetitie\",\"outdoor\",\"outdoor magazine\",\"pietre\",\"pneuri\",\"podium\",\"raliu\",\"Rasinari\",\"Red Bull Romaniacs\",\"rideri\",\"sa\",\"Sandra Gomez\",\"sectiuni\",\"sibiu\",\"Silver\",\"snowboarder\",\"spania\",\"start\",\"super enduro\",\"tari\",\"titlu mondial\",\"trasee\",\"Valea Oltului\",\"verticala\",\"Voineasa\"],\"articleSection\":[\"Competi\u021bie\"],\"inLanguage\":\"ro-RO\",\"potentialAction\":[{\"@type\":\"CommentAction\",\"name\":\"Comment\",\"target\":[\"https:\/\/ski-outdoor.ro\/outdoor\/2019\/07\/25\/red-bull-romaniacs-cel-mai-dificil-raliu-hard-enduro-din-lume-la-sibiu\/#respond\"]}]},{\"@type\":\"Person\",\"@id\":\"https:\/\/ski-outdoor.ro\/outdoor\/#\/schema\/person\/29661f8d079aa10872d8edcf2a2a520b\",\"name\":\"Bianca \u0218omlea\",\"image\":{\"@type\":\"ImageObject\",\"@id\":\"https:\/\/ski-outdoor.ro\/outdoor\/#personlogo\",\"inLanguage\":\"ro-RO\",\"url\":\"https:\/\/secure.gravatar.com\/avatar\/b39a83203da3fc8888ded6e8052246ad?s=96&d=mm&r=g\",\"contentUrl\":\"https:\/\/secure.gravatar.com\/avatar\/b39a83203da3fc8888ded6e8052246ad?s=96&d=mm&r=g\",\"caption\":\"Bianca \u0218omlea\"},\"url\":\"https:\/\/ski-outdoor.ro\/outdoor\/author\/editorfb206\/\"}]}<\/script>\n<!-- \/ Yoast SEO plugin. -->","yoast_head_json":{"title":"Red Bull Romaniacs: cel mai dificil raliu hard enduro din lume, la Sibiu - Outdoor Magazine","robots":{"index":"index","follow":"follow","max-snippet":"max-snippet:-1","max-image-preview":"max-image-preview:large","max-video-preview":"max-video-preview:-1"},"canonical":"https:\/\/ski-outdoor.ro\/outdoor\/2019\/07\/25\/red-bull-romaniacs-cel-mai-dificil-raliu-hard-enduro-din-lume-la-sibiu\/","og_locale":"ro_RO","og_type":"article","og_title":"Red Bull Romaniacs: cel mai dificil raliu hard enduro din lume, la Sibiu - Outdoor Magazine","og_description":"Rideri din 50 de \u021b\u0103ri vor participa la edi\u021bia cu num\u0103rul 16 a Red Bull Romaniacs. Recunoscut\u0103 la nivel global...","og_url":"https:\/\/ski-outdoor.ro\/outdoor\/2019\/07\/25\/red-bull-romaniacs-cel-mai-dificil-raliu-hard-enduro-din-lume-la-sibiu\/","og_site_name":"Outdoor Magazine","article_publisher":"https:\/\/www.facebook.com\/skiandoutdoormagazine","article_published_time":"2019-07-25T15:28:22+00:00","article_modified_time":"2019-07-30T20:50:25+00:00","og_image":[{"width":1170,"height":781,"url":"https:\/\/ski-outdoor.ro\/outdoor\/wp-content\/uploads\/sites\/4\/2019\/07\/Race-action-Red-Bull-Romaniacs-2018-Jonny-Walker-si-Wade-Young-foto-TIbi-Hila.jpg","type":"image\/jpeg"}],"twitter_card":"summary_large_image","twitter_misc":{"Scris de":"Bianca \u0218omlea","Timp estimat pentru citire":"2 minute"},"schema":{"@context":"https:\/\/schema.org","@graph":[{"@type":"Organization","@id":"https:\/\/ski-outdoor.ro\/outdoor\/#organization","name":"Ski & Outdoor Magazine","url":"https:\/\/ski-outdoor.ro\/outdoor\/","sameAs":["https:\/\/www.facebook.com\/skiandoutdoormagazine"],"logo":{"@type":"ImageObject","@id":"https:\/\/ski-outdoor.ro\/outdoor\/#logo","inLanguage":"ro-RO","url":"https:\/\/ski-outdoor.ro\/outdoor\/wp-content\/uploads\/sites\/4\/2019\/05\/logo-e1557923623153.png","contentUrl":"https:\/\/ski-outdoor.ro\/outdoor\/wp-content\/uploads\/sites\/4\/2019\/05\/logo-e1557923623153.png","width":600,"height":165,"caption":"Ski & Outdoor Magazine"},"image":{"@id":"https:\/\/ski-outdoor.ro\/outdoor\/#logo"}},{"@type":"WebSite","@id":"https:\/\/ski-outdoor.ro\/outdoor\/#website","url":"https:\/\/ski-outdoor.ro\/outdoor\/","name":"Outdoor Magazine","description":"","publisher":{"@id":"https:\/\/ski-outdoor.ro\/outdoor\/#organization"},"potentialAction":[{"@type":"SearchAction","target":{"@type":"EntryPoint","urlTemplate":"https:\/\/ski-outdoor.ro\/outdoor\/?s={search_term_string}"},"query-input":"required name=search_term_string"}],"inLanguage":"ro-RO"},{"@type":"ImageObject","@id":"https:\/\/ski-outdoor.ro\/outdoor\/2019\/07\/25\/red-bull-romaniacs-cel-mai-dificil-raliu-hard-enduro-din-lume-la-sibiu\/#primaryimage","inLanguage":"ro-RO","url":"https:\/\/ski-outdoor.ro\/outdoor\/wp-content\/uploads\/sites\/4\/2019\/07\/Race-action-Red-Bull-Romaniacs-2018-Jonny-Walker-si-Wade-Young-foto-TIbi-Hila.jpg","contentUrl":"https:\/\/ski-outdoor.ro\/outdoor\/wp-content\/uploads\/sites\/4\/2019\/07\/Race-action-Red-Bull-Romaniacs-2018-Jonny-Walker-si-Wade-Young-foto-TIbi-Hila.jpg","width":1170,"height":781},{"@type":"WebPage","@id":"https:\/\/ski-outdoor.ro\/outdoor\/2019\/07\/25\/red-bull-romaniacs-cel-mai-dificil-raliu-hard-enduro-din-lume-la-sibiu\/#webpage","url":"https:\/\/ski-outdoor.ro\/outdoor\/2019\/07\/25\/red-bull-romaniacs-cel-mai-dificil-raliu-hard-enduro-din-lume-la-sibiu\/","name":"Red Bull Romaniacs: cel mai dificil raliu hard enduro din lume, la Sibiu - Outdoor Magazine","isPartOf":{"@id":"https:\/\/ski-outdoor.ro\/outdoor\/#website"},"primaryImageOfPage":{"@id":"https:\/\/ski-outdoor.ro\/outdoor\/2019\/07\/25\/red-bull-romaniacs-cel-mai-dificil-raliu-hard-enduro-din-lume-la-sibiu\/#primaryimage"},"datePublished":"2019-07-25T15:28:22+00:00","dateModified":"2019-07-30T20:50:25+00:00","breadcrumb":{"@id":"https:\/\/ski-outdoor.ro\/outdoor\/2019\/07\/25\/red-bull-romaniacs-cel-mai-dificil-raliu-hard-enduro-din-lume-la-sibiu\/#breadcrumb"},"inLanguage":"ro-RO","potentialAction":[{"@type":"ReadAction","target":["https:\/\/ski-outdoor.ro\/outdoor\/2019\/07\/25\/red-bull-romaniacs-cel-mai-dificil-raliu-hard-enduro-din-lume-la-sibiu\/"]}]},{"@type":"BreadcrumbList","@id":"https:\/\/ski-outdoor.ro\/outdoor\/2019\/07\/25\/red-bull-romaniacs-cel-mai-dificil-raliu-hard-enduro-din-lume-la-sibiu\/#breadcrumb","itemListElement":[{"@type":"ListItem","position":1,"name":"Home","item":"https:\/\/ski-outdoor.ro\/outdoor\/"},{"@type":"ListItem","position":2,"name":"Red Bull Romaniacs: cel mai dificil raliu hard enduro din lume, la Sibiu"}]},{"@type":"Article","@id":"https:\/\/ski-outdoor.ro\/outdoor\/2019\/07\/25\/red-bull-romaniacs-cel-mai-dificil-raliu-hard-enduro-din-lume-la-sibiu\/#article","isPartOf":{"@id":"https:\/\/ski-outdoor.ro\/outdoor\/2019\/07\/25\/red-bull-romaniacs-cel-mai-dificil-raliu-hard-enduro-din-lume-la-sibiu\/#webpage"},"author":{"@id":"https:\/\/ski-outdoor.ro\/outdoor\/#\/schema\/person\/29661f8d079aa10872d8edcf2a2a520b"},"headline":"Red Bull Romaniacs: cel mai dificil raliu hard enduro din lume, la Sibiu","datePublished":"2019-07-25T15:28:22+00:00","dateModified":"2019-07-30T20:50:25+00:00","mainEntityOfPage":{"@id":"https:\/\/ski-outdoor.ro\/outdoor\/2019\/07\/25\/red-bull-romaniacs-cel-mai-dificil-raliu-hard-enduro-din-lume-la-sibiu\/#webpage"},"wordCount":386,"commentCount":0,"publisher":{"@id":"https:\/\/ski-outdoor.ro\/outdoor\/#organization"},"image":{"@id":"https:\/\/ski-outdoor.ro\/outdoor\/2019\/07\/25\/red-bull-romaniacs-cel-mai-dificil-raliu-hard-enduro-din-lume-la-sibiu\/#primaryimage"},"thumbnailUrl":"https:\/\/ski-outdoor.ro\/outdoor\/wp-content\/uploads\/sites\/4\/2019\/07\/Race-action-Red-Bull-Romaniacs-2018-Jonny-Walker-si-Wade-Young-foto-TIbi-Hila.jpg","keywords":["1998","2004","30 iulie - 3 august","afirca de sud","Alfredo Gomez","Bronze","busteni","cale ferata","cea mai dificila","clasa","dealul Gusteritei","editia 15","elemente","enduro","finish","germania","Gold","hard","jocuri olimpice","lume","marea birtanie","Martin Freinademetz","masini","motor","Mun\u021bii Cindrel","ompetitie","outdoor","outdoor magazine","pietre","pneuri","podium","raliu","Rasinari","Red Bull Romaniacs","rideri","sa","Sandra Gomez","sectiuni","sibiu","Silver","snowboarder","spania","start","super enduro","tari","titlu mondial","trasee","Valea Oltului","verticala","Voineasa"],"articleSection":["Competi\u021bie"],"inLanguage":"ro-RO","potentialAction":[{"@type":"CommentAction","name":"Comment","target":["https:\/\/ski-outdoor.ro\/outdoor\/2019\/07\/25\/red-bull-romaniacs-cel-mai-dificil-raliu-hard-enduro-din-lume-la-sibiu\/#respond"]}]},{"@type":"Person","@id":"https:\/\/ski-outdoor.ro\/outdoor\/#\/schema\/person\/29661f8d079aa10872d8edcf2a2a520b","name":"Bianca \u0218omlea","image":{"@type":"ImageObject","@id":"https:\/\/ski-outdoor.ro\/outdoor\/#personlogo","inLanguage":"ro-RO","url":"https:\/\/secure.gravatar.com\/avatar\/b39a83203da3fc8888ded6e8052246ad?s=96&d=mm&r=g","contentUrl":"https:\/\/secure.gravatar.com\/avatar\/b39a83203da3fc8888ded6e8052246ad?s=96&d=mm&r=g","caption":"Bianca \u0218omlea"},"url":"https:\/\/ski-outdoor.ro\/outdoor\/author\/editorfb206\/"}]}},"_links":{"self":[{"href":"https:\/\/ski-outdoor.ro\/outdoor\/wp-json\/wp\/v2\/posts\/2338"}],"collection":[{"href":"https:\/\/ski-outdoor.ro\/outdoor\/wp-json\/wp\/v2\/posts"}],"about":[{"href":"https:\/\/ski-outdoor.ro\/outdoor\/wp-json\/wp\/v2\/types\/post"}],"author":[{"embeddable":true,"href":"https:\/\/ski-outdoor.ro\/outdoor\/wp-json\/wp\/v2\/users\/16"}],"replies":[{"embeddable":true,"href":"https:\/\/ski-outdoor.ro\/outdoor\/wp-json\/wp\/v2\/comments?post=2338"}],"version-history":[{"count":7,"href":"https:\/\/ski-outdoor.ro\/outdoor\/wp-json\/wp\/v2\/posts\/2338\/revisions"}],"predecessor-version":[{"id":2349,"href":"https:\/\/ski-outdoor.ro\/outdoor\/wp-json\/wp\/v2\/posts\/2338\/revisions\/2349"}],"wp:featuredmedia":[{"embeddable":true,"href":"https:\/\/ski-outdoor.ro\/outdoor\/wp-json\/wp\/v2\/media\/2341"}],"wp:attachment":[{"href":"https:\/\/ski-outdoor.ro\/outdoor\/wp-json\/wp\/v2\/media?parent=2338"}],"wp:term":[{"taxonomy":"category","embeddable":true,"href":"https:\/\/ski-outdoor.ro\/outdoor\/wp-json\/wp\/v2\/categories?post=2338"},{"taxonomy":"post_tag","embeddable":true,"href":"https:\/\/ski-outdoor.ro\/outdoor\/wp-json\/wp\/v2\/tags?post=2338"}],"curies":[{"name":"wp","href":"https:\/\/api.w.org\/{rel}","templated":true}]}}