{"id":2364,"date":"2019-07-29T17:09:14","date_gmt":"2019-07-29T17:09:14","guid":{"rendered":"https:\/\/ski-outdoor.ro\/outdoor\/?p=2364"},"modified":"2019-08-02T18:06:35","modified_gmt":"2019-08-02T18:06:35","slug":"cu-tiroliana-din-spania-in-portugalia","status":"publish","type":"post","link":"https:\/\/ski-outdoor.ro\/outdoor\/2019\/07\/29\/cu-tiroliana-din-spania-in-portugalia\/","title":{"rendered":"Cu tiroliana, din Spania \u00een Portugalia"},"content":{"rendered":"\n<p><strong>Drumul din Spania \u00een\nPortugalia poate s\u0103 dureze mai pu\u021bin de un minut pentru cei care sunt \u00een c\u0103utare\nde aventur\u0103. O tirolian\u0103 leag\u0103 satele Sanl<\/strong><strong>\u00facar de Guadiana \u0219i Alcoutim din\ncele dou\u0103 \u021b\u0103ri. Cablul are o lungime de 720 de metri, iar turi\u0219tii parcug distan\u021ba\ncu viteze de 70-80 de kilometri pe or\u0103.<\/strong><\/p>\n\n\n\n<ul class=\"wp-block-gallery columns-2 is-cropped\"><li class=\"blocks-gallery-item\"><figure><img loading=\"lazy\" width=\"960\" height=\"673\" src=\"https:\/\/ski-outdoor.ro\/outdoor\/wp-content\/uploads\/sites\/4\/2019\/07\/LCO9063.jpg\" alt=\"\" data-id=\"2367\" data-link=\"https:\/\/ski-outdoor.ro\/outdoor\/?attachment_id=2367\" class=\"wp-image-2367\" srcset=\"https:\/\/ski-outdoor.ro\/outdoor\/wp-content\/uploads\/sites\/4\/2019\/07\/LCO9063.jpg 960w, https:\/\/ski-outdoor.ro\/outdoor\/wp-content\/uploads\/sites\/4\/2019\/07\/LCO9063-300x210.jpg 300w, https:\/\/ski-outdoor.ro\/outdoor\/wp-content\/uploads\/sites\/4\/2019\/07\/LCO9063-768x538.jpg 768w, https:\/\/ski-outdoor.ro\/outdoor\/wp-content\/uploads\/sites\/4\/2019\/07\/LCO9063-370x259.jpg 370w, https:\/\/ski-outdoor.ro\/outdoor\/wp-content\/uploads\/sites\/4\/2019\/07\/LCO9063-570x400.jpg 570w, https:\/\/ski-outdoor.ro\/outdoor\/wp-content\/uploads\/sites\/4\/2019\/07\/LCO9063-770x540.jpg 770w, https:\/\/ski-outdoor.ro\/outdoor\/wp-content\/uploads\/sites\/4\/2019\/07\/LCO9063-827x580.jpg 827w\" sizes=\"(max-width: 960px) 100vw, 960px\" \/><figcaption>sursa: www.limitezero.com<\/figcaption><\/figure><\/li><li class=\"blocks-gallery-item\"><figure><img loading=\"lazy\" width=\"960\" height=\"671\" src=\"https:\/\/ski-outdoor.ro\/outdoor\/wp-content\/uploads\/sites\/4\/2019\/07\/LCO9073.jpg\" alt=\"\" data-id=\"2368\" data-link=\"https:\/\/ski-outdoor.ro\/outdoor\/?attachment_id=2368\" class=\"wp-image-2368\" srcset=\"https:\/\/ski-outdoor.ro\/outdoor\/wp-content\/uploads\/sites\/4\/2019\/07\/LCO9073.jpg 960w, https:\/\/ski-outdoor.ro\/outdoor\/wp-content\/uploads\/sites\/4\/2019\/07\/LCO9073-300x210.jpg 300w, https:\/\/ski-outdoor.ro\/outdoor\/wp-content\/uploads\/sites\/4\/2019\/07\/LCO9073-768x537.jpg 768w, https:\/\/ski-outdoor.ro\/outdoor\/wp-content\/uploads\/sites\/4\/2019\/07\/LCO9073-370x259.jpg 370w, https:\/\/ski-outdoor.ro\/outdoor\/wp-content\/uploads\/sites\/4\/2019\/07\/LCO9073-570x398.jpg 570w, https:\/\/ski-outdoor.ro\/outdoor\/wp-content\/uploads\/sites\/4\/2019\/07\/LCO9073-770x538.jpg 770w, https:\/\/ski-outdoor.ro\/outdoor\/wp-content\/uploads\/sites\/4\/2019\/07\/LCO9073-830x580.jpg 830w\" sizes=\"(max-width: 960px) 100vw, 960px\" \/><figcaption>sursa: www.limitezero.com<\/figcaption><\/figure><\/li><\/ul>\n\n\n\n<p>Aceasta este singura tirolin\u0103\ntransfrontalier\u0103 din lume \u0219i trece pe deasupra r\u00e2ului Guadina. Vizitatorii cu spirit\nde aventur\u0103 pot experimenta o c\u0103l\u0103torie \u00een spa\u021biu, dar \u0219i \u00een timp, pentru c\u0103 diferen\u021ba\nde fus orar dintre cele dou\u0103 \u021b\u0103ri este de o or\u0103. Ideea a avut-o un englez\npasionat de activit\u0103\u021bi outdoor care a \u00eenfiin\u021bat Limite Zero. <\/p>\n\n\n\n<div class=\"wp-block-image\"><figure class=\"alignleft is-resized\"><img loading=\"lazy\" src=\"https:\/\/ski-outdoor.ro\/outdoor\/wp-content\/uploads\/sites\/4\/2019\/07\/LCO9070.jpg\" alt=\"\" class=\"wp-image-2369\" width=\"433\" height=\"302\" srcset=\"https:\/\/ski-outdoor.ro\/outdoor\/wp-content\/uploads\/sites\/4\/2019\/07\/LCO9070.jpg 960w, https:\/\/ski-outdoor.ro\/outdoor\/wp-content\/uploads\/sites\/4\/2019\/07\/LCO9070-300x210.jpg 300w, https:\/\/ski-outdoor.ro\/outdoor\/wp-content\/uploads\/sites\/4\/2019\/07\/LCO9070-768x537.jpg 768w, https:\/\/ski-outdoor.ro\/outdoor\/wp-content\/uploads\/sites\/4\/2019\/07\/LCO9070-370x259.jpg 370w, https:\/\/ski-outdoor.ro\/outdoor\/wp-content\/uploads\/sites\/4\/2019\/07\/LCO9070-570x398.jpg 570w, https:\/\/ski-outdoor.ro\/outdoor\/wp-content\/uploads\/sites\/4\/2019\/07\/LCO9070-770x538.jpg 770w, https:\/\/ski-outdoor.ro\/outdoor\/wp-content\/uploads\/sites\/4\/2019\/07\/LCO9070-830x580.jpg 830w\" sizes=\"(max-width: 433px) 100vw, 433px\" \/><figcaption>sursa: www.limitezero.com<\/figcaption><\/figure><\/div>\n\n\n\n<p>Doritorii sunt transporta\u021bi complet echipa\u021bi, \u00een grupuri de c\u00e2te opt, p\u00e2n\u0103 la plaforma de plecare. Odat\u0103 ajun\u0219i \u00een Portugalia, ei pot vizita localitatea Alcoutim, f\u0103r\u0103 restric\u021bie de timp. La final, turi\u0219tii sunt transporta\u021bi \u00eenapoi cu feribotul, al c\u0103rui cost este inclus \u00een pre\u021bul total al experien\u021bei de 15 euro de persoan\u0103.<\/p>\n\n\n\n<p>Sanl\u00facar de Guadiana din Spania se\nafl\u0103 la 130 de kilometri de Sevilia, iar Alcoutim din Portugalia la 35 de kilometri\nde coasta Algarve \u0219i la 70 de kilometri distan\u021b\u0103 de aeroportul din Faro.<\/p>\n\n\n\n<p><em>Scris de: Bianca \u0218omlea <\/em><\/p>\n","protected":false},"excerpt":{"rendered":"<p>Drumul din Spania \u00een Portugalia poate s\u0103 dureze mai pu\u021bin de un minut pentru cei care sunt \u00een c\u0103utare de&#8230;<\/p>\n","protected":false},"author":16,"featured_media":2366,"comment_status":"open","ping_status":"open","sticky":false,"template":"","format":"standard","meta":[],"categories":[32],"tags":[586,599,585,598,129,594,592,597,602,593,600,595,590,81,138,315,589,584,596,575,603,148,583,591,601,587,588,421],"yoast_head":"<!-- This site is optimized with the Yoast SEO plugin v18.4.1 - https:\/\/yoast.com\/wordpress\/plugins\/seo\/ -->\n<title>Cu tiroliana, din Spania \u00een Portugalia - Outdoor Magazine<\/title>\n<meta name=\"robots\" content=\"index, follow, max-snippet:-1, max-image-preview:large, max-video-preview:-1\" \/>\n<link rel=\"canonical\" href=\"https:\/\/ski-outdoor.ro\/outdoor\/2019\/07\/29\/cu-tiroliana-din-spania-in-portugalia\/\" \/>\n<meta property=\"og:locale\" content=\"ro_RO\" \/>\n<meta property=\"og:type\" content=\"article\" \/>\n<meta property=\"og:title\" content=\"Cu tiroliana, din Spania \u00een Portugalia - Outdoor Magazine\" \/>\n<meta property=\"og:description\" content=\"Drumul din Spania \u00een Portugalia poate s\u0103 dureze mai pu\u021bin de un minut pentru cei care sunt \u00een c\u0103utare de...\" \/>\n<meta property=\"og:url\" content=\"https:\/\/ski-outdoor.ro\/outdoor\/2019\/07\/29\/cu-tiroliana-din-spania-in-portugalia\/\" \/>\n<meta property=\"og:site_name\" content=\"Outdoor Magazine\" \/>\n<meta property=\"article:publisher\" content=\"https:\/\/www.facebook.com\/skiandoutdoormagazine\" \/>\n<meta property=\"article:published_time\" content=\"2019-07-29T17:09:14+00:00\" \/>\n<meta property=\"article:modified_time\" content=\"2019-08-02T18:06:35+00:00\" \/>\n<meta property=\"og:image\" content=\"https:\/\/ski-outdoor.ro\/outdoor\/wp-content\/uploads\/sites\/4\/2019\/07\/LCO9069.jpg\" \/>\n\t<meta property=\"og:image:width\" content=\"1170\" \/>\n\t<meta property=\"og:image:height\" content=\"817\" \/>\n\t<meta property=\"og:image:type\" content=\"image\/jpeg\" \/>\n<meta name=\"twitter:card\" content=\"summary_large_image\" \/>\n<meta name=\"twitter:label1\" content=\"Scris de\" \/>\n\t<meta name=\"twitter:data1\" content=\"Bianca \u0218omlea\" \/>\n\t<meta name=\"twitter:label2\" content=\"Timp estimat pentru citire\" \/>\n\t<meta name=\"twitter:data2\" content=\"1 minut\" \/>\n<script type=\"application\/ld+json\" class=\"yoast-schema-graph\">{\"@context\":\"https:\/\/schema.org\",\"@graph\":[{\"@type\":\"Organization\",\"@id\":\"https:\/\/ski-outdoor.ro\/outdoor\/#organization\",\"name\":\"Ski & Outdoor Magazine\",\"url\":\"https:\/\/ski-outdoor.ro\/outdoor\/\",\"sameAs\":[\"https:\/\/www.facebook.com\/skiandoutdoormagazine\"],\"logo\":{\"@type\":\"ImageObject\",\"@id\":\"https:\/\/ski-outdoor.ro\/outdoor\/#logo\",\"inLanguage\":\"ro-RO\",\"url\":\"https:\/\/ski-outdoor.ro\/outdoor\/wp-content\/uploads\/sites\/4\/2019\/05\/logo-e1557923623153.png\",\"contentUrl\":\"https:\/\/ski-outdoor.ro\/outdoor\/wp-content\/uploads\/sites\/4\/2019\/05\/logo-e1557923623153.png\",\"width\":600,\"height\":165,\"caption\":\"Ski & Outdoor Magazine\"},\"image\":{\"@id\":\"https:\/\/ski-outdoor.ro\/outdoor\/#logo\"}},{\"@type\":\"WebSite\",\"@id\":\"https:\/\/ski-outdoor.ro\/outdoor\/#website\",\"url\":\"https:\/\/ski-outdoor.ro\/outdoor\/\",\"name\":\"Outdoor Magazine\",\"description\":\"\",\"publisher\":{\"@id\":\"https:\/\/ski-outdoor.ro\/outdoor\/#organization\"},\"potentialAction\":[{\"@type\":\"SearchAction\",\"target\":{\"@type\":\"EntryPoint\",\"urlTemplate\":\"https:\/\/ski-outdoor.ro\/outdoor\/?s={search_term_string}\"},\"query-input\":\"required name=search_term_string\"}],\"inLanguage\":\"ro-RO\"},{\"@type\":\"ImageObject\",\"@id\":\"https:\/\/ski-outdoor.ro\/outdoor\/2019\/07\/29\/cu-tiroliana-din-spania-in-portugalia\/#primaryimage\",\"inLanguage\":\"ro-RO\",\"url\":\"https:\/\/ski-outdoor.ro\/outdoor\/wp-content\/uploads\/sites\/4\/2019\/07\/LCO9069.jpg\",\"contentUrl\":\"https:\/\/ski-outdoor.ro\/outdoor\/wp-content\/uploads\/sites\/4\/2019\/07\/LCO9069.jpg\",\"width\":1170,\"height\":817,\"caption\":\"sursa: www.limitezero.com\"},{\"@type\":\"WebPage\",\"@id\":\"https:\/\/ski-outdoor.ro\/outdoor\/2019\/07\/29\/cu-tiroliana-din-spania-in-portugalia\/#webpage\",\"url\":\"https:\/\/ski-outdoor.ro\/outdoor\/2019\/07\/29\/cu-tiroliana-din-spania-in-portugalia\/\",\"name\":\"Cu tiroliana, din Spania \u00een Portugalia - Outdoor Magazine\",\"isPartOf\":{\"@id\":\"https:\/\/ski-outdoor.ro\/outdoor\/#website\"},\"primaryImageOfPage\":{\"@id\":\"https:\/\/ski-outdoor.ro\/outdoor\/2019\/07\/29\/cu-tiroliana-din-spania-in-portugalia\/#primaryimage\"},\"datePublished\":\"2019-07-29T17:09:14+00:00\",\"dateModified\":\"2019-08-02T18:06:35+00:00\",\"breadcrumb\":{\"@id\":\"https:\/\/ski-outdoor.ro\/outdoor\/2019\/07\/29\/cu-tiroliana-din-spania-in-portugalia\/#breadcrumb\"},\"inLanguage\":\"ro-RO\",\"potentialAction\":[{\"@type\":\"ReadAction\",\"target\":[\"https:\/\/ski-outdoor.ro\/outdoor\/2019\/07\/29\/cu-tiroliana-din-spania-in-portugalia\/\"]}]},{\"@type\":\"BreadcrumbList\",\"@id\":\"https:\/\/ski-outdoor.ro\/outdoor\/2019\/07\/29\/cu-tiroliana-din-spania-in-portugalia\/#breadcrumb\",\"itemListElement\":[{\"@type\":\"ListItem\",\"position\":1,\"name\":\"Home\",\"item\":\"https:\/\/ski-outdoor.ro\/outdoor\/\"},{\"@type\":\"ListItem\",\"position\":2,\"name\":\"Cu tiroliana, din Spania \u00een Portugalia\"}]},{\"@type\":\"Article\",\"@id\":\"https:\/\/ski-outdoor.ro\/outdoor\/2019\/07\/29\/cu-tiroliana-din-spania-in-portugalia\/#article\",\"isPartOf\":{\"@id\":\"https:\/\/ski-outdoor.ro\/outdoor\/2019\/07\/29\/cu-tiroliana-din-spania-in-portugalia\/#webpage\"},\"author\":{\"@id\":\"https:\/\/ski-outdoor.ro\/outdoor\/#\/schema\/person\/29661f8d079aa10872d8edcf2a2a520b\"},\"headline\":\"Cu tiroliana, din Spania \u00een Portugalia\",\"datePublished\":\"2019-07-29T17:09:14+00:00\",\"dateModified\":\"2019-08-02T18:06:35+00:00\",\"mainEntityOfPage\":{\"@id\":\"https:\/\/ski-outdoor.ro\/outdoor\/2019\/07\/29\/cu-tiroliana-din-spania-in-portugalia\/#webpage\"},\"wordCount\":236,\"commentCount\":0,\"publisher\":{\"@id\":\"https:\/\/ski-outdoor.ro\/outdoor\/#organization\"},\"image\":{\"@id\":\"https:\/\/ski-outdoor.ro\/outdoor\/2019\/07\/29\/cu-tiroliana-din-spania-in-portugalia\/#primaryimage\"},\"thumbnailUrl\":\"https:\/\/ski-outdoor.ro\/outdoor\/wp-content\/uploads\/sites\/4\/2019\/07\/LCO9069.jpg\",\"keywords\":[\"720 metri\",\"aeroport\",\"alcoutim\",\"Algarve\",\"aventura\",\"cablu\",\"calatorie\",\"coasta\",\"destinatii\",\"experienta\",\"faro\",\"feribot\",\"guadina\",\"outdoor\",\"outdoor magazine\",\"Portugalia\",\"rau\",\"sanlucar de guadiana\",\"Sevilia\",\"spania\",\"strainatate\",\"tiroliana\",\"transfrontaliera\",\"trece\",\"turis aventura\",\"turisti\",\"un minut\",\"viteza\"],\"articleSection\":[\"Destina\u021bii \u00een str\u0103in\u0103tate\"],\"inLanguage\":\"ro-RO\",\"potentialAction\":[{\"@type\":\"CommentAction\",\"name\":\"Comment\",\"target\":[\"https:\/\/ski-outdoor.ro\/outdoor\/2019\/07\/29\/cu-tiroliana-din-spania-in-portugalia\/#respond\"]}]},{\"@type\":\"Person\",\"@id\":\"https:\/\/ski-outdoor.ro\/outdoor\/#\/schema\/person\/29661f8d079aa10872d8edcf2a2a520b\",\"name\":\"Bianca \u0218omlea\",\"image\":{\"@type\":\"ImageObject\",\"@id\":\"https:\/\/ski-outdoor.ro\/outdoor\/#personlogo\",\"inLanguage\":\"ro-RO\",\"url\":\"https:\/\/secure.gravatar.com\/avatar\/b39a83203da3fc8888ded6e8052246ad?s=96&d=mm&r=g\",\"contentUrl\":\"https:\/\/secure.gravatar.com\/avatar\/b39a83203da3fc8888ded6e8052246ad?s=96&d=mm&r=g\",\"caption\":\"Bianca \u0218omlea\"},\"url\":\"https:\/\/ski-outdoor.ro\/outdoor\/author\/editorfb206\/\"}]}<\/script>\n<!-- \/ Yoast SEO plugin. -->","yoast_head_json":{"title":"Cu tiroliana, din Spania \u00een Portugalia - Outdoor Magazine","robots":{"index":"index","follow":"follow","max-snippet":"max-snippet:-1","max-image-preview":"max-image-preview:large","max-video-preview":"max-video-preview:-1"},"canonical":"https:\/\/ski-outdoor.ro\/outdoor\/2019\/07\/29\/cu-tiroliana-din-spania-in-portugalia\/","og_locale":"ro_RO","og_type":"article","og_title":"Cu tiroliana, din Spania \u00een Portugalia - Outdoor Magazine","og_description":"Drumul din Spania \u00een Portugalia poate s\u0103 dureze mai pu\u021bin de un minut pentru cei care sunt \u00een c\u0103utare de...","og_url":"https:\/\/ski-outdoor.ro\/outdoor\/2019\/07\/29\/cu-tiroliana-din-spania-in-portugalia\/","og_site_name":"Outdoor Magazine","article_publisher":"https:\/\/www.facebook.com\/skiandoutdoormagazine","article_published_time":"2019-07-29T17:09:14+00:00","article_modified_time":"2019-08-02T18:06:35+00:00","og_image":[{"width":1170,"height":817,"url":"https:\/\/ski-outdoor.ro\/outdoor\/wp-content\/uploads\/sites\/4\/2019\/07\/LCO9069.jpg","type":"image\/jpeg"}],"twitter_card":"summary_large_image","twitter_misc":{"Scris de":"Bianca \u0218omlea","Timp estimat pentru citire":"1 minut"},"schema":{"@context":"https:\/\/schema.org","@graph":[{"@type":"Organization","@id":"https:\/\/ski-outdoor.ro\/outdoor\/#organization","name":"Ski & Outdoor Magazine","url":"https:\/\/ski-outdoor.ro\/outdoor\/","sameAs":["https:\/\/www.facebook.com\/skiandoutdoormagazine"],"logo":{"@type":"ImageObject","@id":"https:\/\/ski-outdoor.ro\/outdoor\/#logo","inLanguage":"ro-RO","url":"https:\/\/ski-outdoor.ro\/outdoor\/wp-content\/uploads\/sites\/4\/2019\/05\/logo-e1557923623153.png","contentUrl":"https:\/\/ski-outdoor.ro\/outdoor\/wp-content\/uploads\/sites\/4\/2019\/05\/logo-e1557923623153.png","width":600,"height":165,"caption":"Ski & Outdoor Magazine"},"image":{"@id":"https:\/\/ski-outdoor.ro\/outdoor\/#logo"}},{"@type":"WebSite","@id":"https:\/\/ski-outdoor.ro\/outdoor\/#website","url":"https:\/\/ski-outdoor.ro\/outdoor\/","name":"Outdoor Magazine","description":"","publisher":{"@id":"https:\/\/ski-outdoor.ro\/outdoor\/#organization"},"potentialAction":[{"@type":"SearchAction","target":{"@type":"EntryPoint","urlTemplate":"https:\/\/ski-outdoor.ro\/outdoor\/?s={search_term_string}"},"query-input":"required name=search_term_string"}],"inLanguage":"ro-RO"},{"@type":"ImageObject","@id":"https:\/\/ski-outdoor.ro\/outdoor\/2019\/07\/29\/cu-tiroliana-din-spania-in-portugalia\/#primaryimage","inLanguage":"ro-RO","url":"https:\/\/ski-outdoor.ro\/outdoor\/wp-content\/uploads\/sites\/4\/2019\/07\/LCO9069.jpg","contentUrl":"https:\/\/ski-outdoor.ro\/outdoor\/wp-content\/uploads\/sites\/4\/2019\/07\/LCO9069.jpg","width":1170,"height":817,"caption":"sursa: www.limitezero.com"},{"@type":"WebPage","@id":"https:\/\/ski-outdoor.ro\/outdoor\/2019\/07\/29\/cu-tiroliana-din-spania-in-portugalia\/#webpage","url":"https:\/\/ski-outdoor.ro\/outdoor\/2019\/07\/29\/cu-tiroliana-din-spania-in-portugalia\/","name":"Cu tiroliana, din Spania \u00een Portugalia - Outdoor Magazine","isPartOf":{"@id":"https:\/\/ski-outdoor.ro\/outdoor\/#website"},"primaryImageOfPage":{"@id":"https:\/\/ski-outdoor.ro\/outdoor\/2019\/07\/29\/cu-tiroliana-din-spania-in-portugalia\/#primaryimage"},"datePublished":"2019-07-29T17:09:14+00:00","dateModified":"2019-08-02T18:06:35+00:00","breadcrumb":{"@id":"https:\/\/ski-outdoor.ro\/outdoor\/2019\/07\/29\/cu-tiroliana-din-spania-in-portugalia\/#breadcrumb"},"inLanguage":"ro-RO","potentialAction":[{"@type":"ReadAction","target":["https:\/\/ski-outdoor.ro\/outdoor\/2019\/07\/29\/cu-tiroliana-din-spania-in-portugalia\/"]}]},{"@type":"BreadcrumbList","@id":"https:\/\/ski-outdoor.ro\/outdoor\/2019\/07\/29\/cu-tiroliana-din-spania-in-portugalia\/#breadcrumb","itemListElement":[{"@type":"ListItem","position":1,"name":"Home","item":"https:\/\/ski-outdoor.ro\/outdoor\/"},{"@type":"ListItem","position":2,"name":"Cu tiroliana, din Spania \u00een Portugalia"}]},{"@type":"Article","@id":"https:\/\/ski-outdoor.ro\/outdoor\/2019\/07\/29\/cu-tiroliana-din-spania-in-portugalia\/#article","isPartOf":{"@id":"https:\/\/ski-outdoor.ro\/outdoor\/2019\/07\/29\/cu-tiroliana-din-spania-in-portugalia\/#webpage"},"author":{"@id":"https:\/\/ski-outdoor.ro\/outdoor\/#\/schema\/person\/29661f8d079aa10872d8edcf2a2a520b"},"headline":"Cu tiroliana, din Spania \u00een Portugalia","datePublished":"2019-07-29T17:09:14+00:00","dateModified":"2019-08-02T18:06:35+00:00","mainEntityOfPage":{"@id":"https:\/\/ski-outdoor.ro\/outdoor\/2019\/07\/29\/cu-tiroliana-din-spania-in-portugalia\/#webpage"},"wordCount":236,"commentCount":0,"publisher":{"@id":"https:\/\/ski-outdoor.ro\/outdoor\/#organization"},"image":{"@id":"https:\/\/ski-outdoor.ro\/outdoor\/2019\/07\/29\/cu-tiroliana-din-spania-in-portugalia\/#primaryimage"},"thumbnailUrl":"https:\/\/ski-outdoor.ro\/outdoor\/wp-content\/uploads\/sites\/4\/2019\/07\/LCO9069.jpg","keywords":["720 metri","aeroport","alcoutim","Algarve","aventura","cablu","calatorie","coasta","destinatii","experienta","faro","feribot","guadina","outdoor","outdoor magazine","Portugalia","rau","sanlucar de guadiana","Sevilia","spania","strainatate","tiroliana","transfrontaliera","trece","turis aventura","turisti","un minut","viteza"],"articleSection":["Destina\u021bii \u00een str\u0103in\u0103tate"],"inLanguage":"ro-RO","potentialAction":[{"@type":"CommentAction","name":"Comment","target":["https:\/\/ski-outdoor.ro\/outdoor\/2019\/07\/29\/cu-tiroliana-din-spania-in-portugalia\/#respond"]}]},{"@type":"Person","@id":"https:\/\/ski-outdoor.ro\/outdoor\/#\/schema\/person\/29661f8d079aa10872d8edcf2a2a520b","name":"Bianca \u0218omlea","image":{"@type":"ImageObject","@id":"https:\/\/ski-outdoor.ro\/outdoor\/#personlogo","inLanguage":"ro-RO","url":"https:\/\/secure.gravatar.com\/avatar\/b39a83203da3fc8888ded6e8052246ad?s=96&d=mm&r=g","contentUrl":"https:\/\/secure.gravatar.com\/avatar\/b39a83203da3fc8888ded6e8052246ad?s=96&d=mm&r=g","caption":"Bianca \u0218omlea"},"url":"https:\/\/ski-outdoor.ro\/outdoor\/author\/editorfb206\/"}]}},"_links":{"self":[{"href":"https:\/\/ski-outdoor.ro\/outdoor\/wp-json\/wp\/v2\/posts\/2364"}],"collection":[{"href":"https:\/\/ski-outdoor.ro\/outdoor\/wp-json\/wp\/v2\/posts"}],"about":[{"href":"https:\/\/ski-outdoor.ro\/outdoor\/wp-json\/wp\/v2\/types\/post"}],"author":[{"embeddable":true,"href":"https:\/\/ski-outdoor.ro\/outdoor\/wp-json\/wp\/v2\/users\/16"}],"replies":[{"embeddable":true,"href":"https:\/\/ski-outdoor.ro\/outdoor\/wp-json\/wp\/v2\/comments?post=2364"}],"version-history":[{"count":13,"href":"https:\/\/ski-outdoor.ro\/outdoor\/wp-json\/wp\/v2\/posts\/2364\/revisions"}],"predecessor-version":[{"id":2446,"href":"https:\/\/ski-outdoor.ro\/outdoor\/wp-json\/wp\/v2\/posts\/2364\/revisions\/2446"}],"wp:featuredmedia":[{"embeddable":true,"href":"https:\/\/ski-outdoor.ro\/outdoor\/wp-json\/wp\/v2\/media\/2366"}],"wp:attachment":[{"href":"https:\/\/ski-outdoor.ro\/outdoor\/wp-json\/wp\/v2\/media?parent=2364"}],"wp:term":[{"taxonomy":"category","embeddable":true,"href":"https:\/\/ski-outdoor.ro\/outdoor\/wp-json\/wp\/v2\/categories?post=2364"},{"taxonomy":"post_tag","embeddable":true,"href":"https:\/\/ski-outdoor.ro\/outdoor\/wp-json\/wp\/v2\/tags?post=2364"}],"curies":[{"name":"wp","href":"https:\/\/api.w.org\/{rel}","templated":true}]}}