{"id":2416,"date":"2019-08-01T19:51:36","date_gmt":"2019-08-01T19:51:36","guid":{"rendered":"https:\/\/ski-outdoor.ro\/outdoor\/?p=2416"},"modified":"2019-08-11T20:28:43","modified_gmt":"2019-08-11T20:28:43","slug":"traseu-spectaculos-de-via-ferrata-peretele-zanelor","status":"publish","type":"post","link":"https:\/\/ski-outdoor.ro\/outdoor\/2019\/08\/01\/traseu-spectaculos-de-via-ferrata-peretele-zanelor\/","title":{"rendered":"Traseu spectaculos de via ferrata &#8211; Peretele Z\u00e2nelor"},"content":{"rendered":"\n<p><strong>Unul dintre cele mai spectaculoase trasee de via ferrata din Rom\u00e2nia se g\u0103se\u0219te \u00een jude\u021bul Bihor, la Vadu Cri\u0219ului. Nu este cel mai u\u0219or traseu, dar priveli\u0219tile care se dezv\u0103luie celor care pornesc \u00een expedi\u021bie fac s\u0103 merite efortul. Urcarea se face pe un abrupt de st\u00e2nc\u0103 de aproximativ 100 de metri numit Peretele Z\u00e2nelor.<\/strong><\/p>\n\n\n\n<div class=\"wp-block-image\"><figure class=\"alignleft is-resized\"><img loading=\"lazy\" src=\"https:\/\/ski-outdoor.ro\/outdoor\/wp-content\/uploads\/sites\/4\/2019\/08\/4.jpg\" alt=\"\" class=\"wp-image-2419\" width=\"318\" height=\"424\" srcset=\"https:\/\/ski-outdoor.ro\/outdoor\/wp-content\/uploads\/sites\/4\/2019\/08\/4.jpg 720w, https:\/\/ski-outdoor.ro\/outdoor\/wp-content\/uploads\/sites\/4\/2019\/08\/4-225x300.jpg 225w, https:\/\/ski-outdoor.ro\/outdoor\/wp-content\/uploads\/sites\/4\/2019\/08\/4-370x493.jpg 370w, https:\/\/ski-outdoor.ro\/outdoor\/wp-content\/uploads\/sites\/4\/2019\/08\/4-570x760.jpg 570w, https:\/\/ski-outdoor.ro\/outdoor\/wp-content\/uploads\/sites\/4\/2019\/08\/4-435x580.jpg 435w\" sizes=\"(max-width: 318px) 100vw, 318px\" \/><figcaption>photo: Sorina Hangea<\/figcaption><\/figure><\/div>\n\n\n\n<p>Cri\u0219ul Repede este singurul r\u00e2u care str\u0103bate Mun\u021bii Apuseni dintr-un cap\u0103t \u00een altul, iar \u00eentre localit\u0103\u021bile \u0218uncuiu\u0219 \u0219i Vadu Cri\u0219ului se g\u0103se\u0219te cea mai spectaculoas\u0103 por\u021biune a defileului. Spre via ferrata se pone\u0219te din Vadu Cri\u0219ului, iar pe traseu se pot vedea pe\u0219tera Casa Zm\u0103ului \u0219i fosta vam\u0103 de sare, care dateaz\u0103 din secolul XIII. <\/p>\n\n\n\n<p>Via Ferrrata din Vadu Cri\u0219ului poate fi parcus\u0103 \u00een 1.30-2.30 ore, \u00een func\u021bie de m\u0103rimea grupului \u0219i experien\u021ba participan\u021bilor. Traseul este unul de dificultate B, asta \u00eenseamn\u0103 c\u0103 este bine ca cei care vor s\u0103 participe la expedi\u021bie s\u0103 aib\u0103 ceva experien\u021b\u0103 \u0219i s\u0103 fie \u00eenso\u021bi\u021bi de ghid. Include cabluri \u0219i scoabe metalice pentru o urcare c\u00e2t mai lejer\u0103, dar exist\u0103 \u00eens\u0103 \u0219i por\u021biuni mai dificil de parcurs cu pasaje surplombate, unde este nevoie de for\u021b\u0103 fizic\u0103. Salvamonti\u0219tii din zon\u0103 atrag aten\u021bia c\u0103 pe firul v\u0103ii st\u00e2nca este friabil\u0103, a\u0219a c\u0103 sunt posibile c\u0103deri de pietre. <\/p>\n\n\n\n<ul class=\"wp-block-gallery columns-2 is-cropped\"><li class=\"blocks-gallery-item\"><figure><img loading=\"lazy\" width=\"720\" height=\"960\" src=\"https:\/\/ski-outdoor.ro\/outdoor\/wp-content\/uploads\/sites\/4\/2019\/08\/1.jpg\" alt=\"\" data-id=\"2420\" data-link=\"https:\/\/ski-outdoor.ro\/outdoor\/?attachment_id=2420\" class=\"wp-image-2420\" srcset=\"https:\/\/ski-outdoor.ro\/outdoor\/wp-content\/uploads\/sites\/4\/2019\/08\/1.jpg 720w, https:\/\/ski-outdoor.ro\/outdoor\/wp-content\/uploads\/sites\/4\/2019\/08\/1-225x300.jpg 225w, https:\/\/ski-outdoor.ro\/outdoor\/wp-content\/uploads\/sites\/4\/2019\/08\/1-370x493.jpg 370w, https:\/\/ski-outdoor.ro\/outdoor\/wp-content\/uploads\/sites\/4\/2019\/08\/1-570x760.jpg 570w, https:\/\/ski-outdoor.ro\/outdoor\/wp-content\/uploads\/sites\/4\/2019\/08\/1-435x580.jpg 435w\" sizes=\"(max-width: 720px) 100vw, 720px\" \/><figcaption>photo: Sorina Hangea<\/figcaption><\/figure><\/li><li class=\"blocks-gallery-item\"><figure><img loading=\"lazy\" width=\"720\" height=\"960\" src=\"https:\/\/ski-outdoor.ro\/outdoor\/wp-content\/uploads\/sites\/4\/2019\/08\/2.jpg\" alt=\"\" data-id=\"2421\" data-link=\"https:\/\/ski-outdoor.ro\/outdoor\/?attachment_id=2421\" class=\"wp-image-2421\" srcset=\"https:\/\/ski-outdoor.ro\/outdoor\/wp-content\/uploads\/sites\/4\/2019\/08\/2.jpg 720w, https:\/\/ski-outdoor.ro\/outdoor\/wp-content\/uploads\/sites\/4\/2019\/08\/2-225x300.jpg 225w, https:\/\/ski-outdoor.ro\/outdoor\/wp-content\/uploads\/sites\/4\/2019\/08\/2-370x493.jpg 370w, https:\/\/ski-outdoor.ro\/outdoor\/wp-content\/uploads\/sites\/4\/2019\/08\/2-570x760.jpg 570w, https:\/\/ski-outdoor.ro\/outdoor\/wp-content\/uploads\/sites\/4\/2019\/08\/2-435x580.jpg 435w\" sizes=\"(max-width: 720px) 100vw, 720px\" \/><figcaption>photo: Sorina Hangea<\/figcaption><\/figure><\/li><\/ul>\n\n\n\n<p>Odat\u0103 ajun\u0219i \u00een partea superioar\u0103 a traseului, cei care parcurg via ferrata pot admira \u00eentreaga vale. Este un moment bun pentru un repaos care \u00ee\u021bi \u00eencarc\u0103 bateriile, iar locul este perfect pentru poze spectaculoase. <\/p>\n\n\n\n<p>Retragerea de pe traseu se poate\nface fie pe marcajul turistic cu cerc albastru care te conduce \u00eenapoi \u00een satul\nVadu Cri\u0219ului, fie pe cel care duce p\u00e2n\u0103 la pe\u0219tera Vadu Cri\u0219ului care este\namenajat\u0103 \u0219i poate fi vizitat\u0103 de amatorii de activit\u0103\u021bi outdoor. <\/p>\n","protected":false},"excerpt":{"rendered":"<p>Unul dintre cele mai spectaculoase trasee de via ferrata din Rom\u00e2nia se g\u0103se\u0219te \u00een jude\u021bul Bihor, la Vadu Cri\u0219ului. Nu&#8230;<\/p>\n","protected":false},"author":16,"featured_media":2418,"comment_status":"open","ping_status":"open","sticky":false,"template":"","format":"standard","meta":[],"categories":[31],"tags":[625,129,188,629,634,534,71,631,632,79,630,81,138,624,627,636,285,589,270,633,238,626,235,99,628,622,635,623],"yoast_head":"<!-- This site is optimized with the Yoast SEO plugin v18.4.1 - https:\/\/yoast.com\/wordpress\/plugins\/seo\/ -->\n<title>Traseu spectaculos de via ferrata - Peretele Z\u00e2nelor - Outdoor Magazine<\/title>\n<meta name=\"robots\" content=\"index, follow, max-snippet:-1, max-image-preview:large, max-video-preview:-1\" \/>\n<link rel=\"canonical\" href=\"https:\/\/ski-outdoor.ro\/outdoor\/2019\/08\/01\/traseu-spectaculos-de-via-ferrata-peretele-zanelor\/\" \/>\n<meta property=\"og:locale\" content=\"ro_RO\" \/>\n<meta property=\"og:type\" content=\"article\" \/>\n<meta property=\"og:title\" content=\"Traseu spectaculos de via ferrata - Peretele Z\u00e2nelor - Outdoor Magazine\" \/>\n<meta property=\"og:description\" content=\"Unul dintre cele mai spectaculoase trasee de via ferrata din Rom\u00e2nia se g\u0103se\u0219te \u00een jude\u021bul Bihor, la Vadu Cri\u0219ului. Nu...\" \/>\n<meta property=\"og:url\" content=\"https:\/\/ski-outdoor.ro\/outdoor\/2019\/08\/01\/traseu-spectaculos-de-via-ferrata-peretele-zanelor\/\" \/>\n<meta property=\"og:site_name\" content=\"Outdoor Magazine\" \/>\n<meta property=\"article:publisher\" content=\"https:\/\/www.facebook.com\/skiandoutdoormagazine\" \/>\n<meta property=\"article:published_time\" content=\"2019-08-01T19:51:36+00:00\" \/>\n<meta property=\"article:modified_time\" content=\"2019-08-11T20:28:43+00:00\" \/>\n<meta property=\"og:image\" content=\"https:\/\/ski-outdoor.ro\/outdoor\/wp-content\/uploads\/sites\/4\/2019\/08\/11.jpg\" \/>\n\t<meta property=\"og:image:width\" content=\"1024\" \/>\n\t<meta property=\"og:image:height\" content=\"768\" \/>\n\t<meta property=\"og:image:type\" content=\"image\/jpeg\" \/>\n<meta name=\"twitter:card\" content=\"summary_large_image\" \/>\n<meta name=\"twitter:label1\" content=\"Scris de\" \/>\n\t<meta name=\"twitter:data1\" content=\"Bianca \u0218omlea\" \/>\n\t<meta name=\"twitter:label2\" content=\"Timp estimat pentru citire\" \/>\n\t<meta name=\"twitter:data2\" content=\"2 minute\" \/>\n<script type=\"application\/ld+json\" class=\"yoast-schema-graph\">{\"@context\":\"https:\/\/schema.org\",\"@graph\":[{\"@type\":\"Organization\",\"@id\":\"https:\/\/ski-outdoor.ro\/outdoor\/#organization\",\"name\":\"Ski & Outdoor Magazine\",\"url\":\"https:\/\/ski-outdoor.ro\/outdoor\/\",\"sameAs\":[\"https:\/\/www.facebook.com\/skiandoutdoormagazine\"],\"logo\":{\"@type\":\"ImageObject\",\"@id\":\"https:\/\/ski-outdoor.ro\/outdoor\/#logo\",\"inLanguage\":\"ro-RO\",\"url\":\"https:\/\/ski-outdoor.ro\/outdoor\/wp-content\/uploads\/sites\/4\/2019\/05\/logo-e1557923623153.png\",\"contentUrl\":\"https:\/\/ski-outdoor.ro\/outdoor\/wp-content\/uploads\/sites\/4\/2019\/05\/logo-e1557923623153.png\",\"width\":600,\"height\":165,\"caption\":\"Ski & Outdoor Magazine\"},\"image\":{\"@id\":\"https:\/\/ski-outdoor.ro\/outdoor\/#logo\"}},{\"@type\":\"WebSite\",\"@id\":\"https:\/\/ski-outdoor.ro\/outdoor\/#website\",\"url\":\"https:\/\/ski-outdoor.ro\/outdoor\/\",\"name\":\"Outdoor Magazine\",\"description\":\"\",\"publisher\":{\"@id\":\"https:\/\/ski-outdoor.ro\/outdoor\/#organization\"},\"potentialAction\":[{\"@type\":\"SearchAction\",\"target\":{\"@type\":\"EntryPoint\",\"urlTemplate\":\"https:\/\/ski-outdoor.ro\/outdoor\/?s={search_term_string}\"},\"query-input\":\"required name=search_term_string\"}],\"inLanguage\":\"ro-RO\"},{\"@type\":\"ImageObject\",\"@id\":\"https:\/\/ski-outdoor.ro\/outdoor\/2019\/08\/01\/traseu-spectaculos-de-via-ferrata-peretele-zanelor\/#primaryimage\",\"inLanguage\":\"ro-RO\",\"url\":\"https:\/\/ski-outdoor.ro\/outdoor\/wp-content\/uploads\/sites\/4\/2019\/08\/11.jpg\",\"contentUrl\":\"https:\/\/ski-outdoor.ro\/outdoor\/wp-content\/uploads\/sites\/4\/2019\/08\/11.jpg\",\"width\":1024,\"height\":768,\"caption\":\"activitati outdoor, destinatii de vacanta\"},{\"@type\":\"WebPage\",\"@id\":\"https:\/\/ski-outdoor.ro\/outdoor\/2019\/08\/01\/traseu-spectaculos-de-via-ferrata-peretele-zanelor\/#webpage\",\"url\":\"https:\/\/ski-outdoor.ro\/outdoor\/2019\/08\/01\/traseu-spectaculos-de-via-ferrata-peretele-zanelor\/\",\"name\":\"Traseu spectaculos de via ferrata - Peretele Z\u00e2nelor - Outdoor Magazine\",\"isPartOf\":{\"@id\":\"https:\/\/ski-outdoor.ro\/outdoor\/#website\"},\"primaryImageOfPage\":{\"@id\":\"https:\/\/ski-outdoor.ro\/outdoor\/2019\/08\/01\/traseu-spectaculos-de-via-ferrata-peretele-zanelor\/#primaryimage\"},\"datePublished\":\"2019-08-01T19:51:36+00:00\",\"dateModified\":\"2019-08-11T20:28:43+00:00\",\"breadcrumb\":{\"@id\":\"https:\/\/ski-outdoor.ro\/outdoor\/2019\/08\/01\/traseu-spectaculos-de-via-ferrata-peretele-zanelor\/#breadcrumb\"},\"inLanguage\":\"ro-RO\",\"potentialAction\":[{\"@type\":\"ReadAction\",\"target\":[\"https:\/\/ski-outdoor.ro\/outdoor\/2019\/08\/01\/traseu-spectaculos-de-via-ferrata-peretele-zanelor\/\"]}]},{\"@type\":\"BreadcrumbList\",\"@id\":\"https:\/\/ski-outdoor.ro\/outdoor\/2019\/08\/01\/traseu-spectaculos-de-via-ferrata-peretele-zanelor\/#breadcrumb\",\"itemListElement\":[{\"@type\":\"ListItem\",\"position\":1,\"name\":\"Home\",\"item\":\"https:\/\/ski-outdoor.ro\/outdoor\/\"},{\"@type\":\"ListItem\",\"position\":2,\"name\":\"Traseu spectaculos de via ferrata &#8211; Peretele Z\u00e2nelor\"}]},{\"@type\":\"Article\",\"@id\":\"https:\/\/ski-outdoor.ro\/outdoor\/2019\/08\/01\/traseu-spectaculos-de-via-ferrata-peretele-zanelor\/#article\",\"isPartOf\":{\"@id\":\"https:\/\/ski-outdoor.ro\/outdoor\/2019\/08\/01\/traseu-spectaculos-de-via-ferrata-peretele-zanelor\/#webpage\"},\"author\":{\"@id\":\"https:\/\/ski-outdoor.ro\/outdoor\/#\/schema\/person\/29661f8d079aa10872d8edcf2a2a520b\"},\"headline\":\"Traseu spectaculos de via ferrata &#8211; Peretele Z\u00e2nelor\",\"datePublished\":\"2019-08-01T19:51:36+00:00\",\"dateModified\":\"2019-08-11T20:28:43+00:00\",\"mainEntityOfPage\":{\"@id\":\"https:\/\/ski-outdoor.ro\/outdoor\/2019\/08\/01\/traseu-spectaculos-de-via-ferrata-peretele-zanelor\/#webpage\"},\"wordCount\":347,\"commentCount\":0,\"publisher\":{\"@id\":\"https:\/\/ski-outdoor.ro\/outdoor\/#organization\"},\"image\":{\"@id\":\"https:\/\/ski-outdoor.ro\/outdoor\/2019\/08\/01\/traseu-spectaculos-de-via-ferrata-peretele-zanelor\/#primaryimage\"},\"thumbnailUrl\":\"https:\/\/ski-outdoor.ro\/outdoor\/wp-content\/uploads\/sites\/4\/2019\/08\/11.jpg\",\"keywords\":[\"abrupt de stanca\",\"aventura\",\"bihor\",\"Crisul Repede\",\"defileu\",\"expeditie\",\"ghid\",\"marcaj\",\"marcaj albastru\",\"munte\",\"Muntii Apuseni\",\"outdoor\",\"outdoor magazine\",\"Peretele Zanelor\",\"pestera\",\"poze\",\"priveliste\",\"rau\",\"salvamont\",\"salvamontisti\",\"stanca\",\"suncuius\",\"traseu\",\"turism\",\"urcare\",\"vadu crisului\",\"vale\",\"via ferrata\"],\"articleSection\":[\"Destina\u021bii \u00een Rom\u00e2nia\"],\"inLanguage\":\"ro-RO\",\"potentialAction\":[{\"@type\":\"CommentAction\",\"name\":\"Comment\",\"target\":[\"https:\/\/ski-outdoor.ro\/outdoor\/2019\/08\/01\/traseu-spectaculos-de-via-ferrata-peretele-zanelor\/#respond\"]}]},{\"@type\":\"Person\",\"@id\":\"https:\/\/ski-outdoor.ro\/outdoor\/#\/schema\/person\/29661f8d079aa10872d8edcf2a2a520b\",\"name\":\"Bianca \u0218omlea\",\"image\":{\"@type\":\"ImageObject\",\"@id\":\"https:\/\/ski-outdoor.ro\/outdoor\/#personlogo\",\"inLanguage\":\"ro-RO\",\"url\":\"https:\/\/secure.gravatar.com\/avatar\/b39a83203da3fc8888ded6e8052246ad?s=96&d=mm&r=g\",\"contentUrl\":\"https:\/\/secure.gravatar.com\/avatar\/b39a83203da3fc8888ded6e8052246ad?s=96&d=mm&r=g\",\"caption\":\"Bianca \u0218omlea\"},\"url\":\"https:\/\/ski-outdoor.ro\/outdoor\/author\/editorfb206\/\"}]}<\/script>\n<!-- \/ Yoast SEO plugin. -->","yoast_head_json":{"title":"Traseu spectaculos de via ferrata - Peretele Z\u00e2nelor - Outdoor Magazine","robots":{"index":"index","follow":"follow","max-snippet":"max-snippet:-1","max-image-preview":"max-image-preview:large","max-video-preview":"max-video-preview:-1"},"canonical":"https:\/\/ski-outdoor.ro\/outdoor\/2019\/08\/01\/traseu-spectaculos-de-via-ferrata-peretele-zanelor\/","og_locale":"ro_RO","og_type":"article","og_title":"Traseu spectaculos de via ferrata - Peretele Z\u00e2nelor - Outdoor Magazine","og_description":"Unul dintre cele mai spectaculoase trasee de via ferrata din Rom\u00e2nia se g\u0103se\u0219te \u00een jude\u021bul Bihor, la Vadu Cri\u0219ului. Nu...","og_url":"https:\/\/ski-outdoor.ro\/outdoor\/2019\/08\/01\/traseu-spectaculos-de-via-ferrata-peretele-zanelor\/","og_site_name":"Outdoor Magazine","article_publisher":"https:\/\/www.facebook.com\/skiandoutdoormagazine","article_published_time":"2019-08-01T19:51:36+00:00","article_modified_time":"2019-08-11T20:28:43+00:00","og_image":[{"width":1024,"height":768,"url":"https:\/\/ski-outdoor.ro\/outdoor\/wp-content\/uploads\/sites\/4\/2019\/08\/11.jpg","type":"image\/jpeg"}],"twitter_card":"summary_large_image","twitter_misc":{"Scris de":"Bianca \u0218omlea","Timp estimat pentru citire":"2 minute"},"schema":{"@context":"https:\/\/schema.org","@graph":[{"@type":"Organization","@id":"https:\/\/ski-outdoor.ro\/outdoor\/#organization","name":"Ski & Outdoor Magazine","url":"https:\/\/ski-outdoor.ro\/outdoor\/","sameAs":["https:\/\/www.facebook.com\/skiandoutdoormagazine"],"logo":{"@type":"ImageObject","@id":"https:\/\/ski-outdoor.ro\/outdoor\/#logo","inLanguage":"ro-RO","url":"https:\/\/ski-outdoor.ro\/outdoor\/wp-content\/uploads\/sites\/4\/2019\/05\/logo-e1557923623153.png","contentUrl":"https:\/\/ski-outdoor.ro\/outdoor\/wp-content\/uploads\/sites\/4\/2019\/05\/logo-e1557923623153.png","width":600,"height":165,"caption":"Ski & Outdoor Magazine"},"image":{"@id":"https:\/\/ski-outdoor.ro\/outdoor\/#logo"}},{"@type":"WebSite","@id":"https:\/\/ski-outdoor.ro\/outdoor\/#website","url":"https:\/\/ski-outdoor.ro\/outdoor\/","name":"Outdoor Magazine","description":"","publisher":{"@id":"https:\/\/ski-outdoor.ro\/outdoor\/#organization"},"potentialAction":[{"@type":"SearchAction","target":{"@type":"EntryPoint","urlTemplate":"https:\/\/ski-outdoor.ro\/outdoor\/?s={search_term_string}"},"query-input":"required name=search_term_string"}],"inLanguage":"ro-RO"},{"@type":"ImageObject","@id":"https:\/\/ski-outdoor.ro\/outdoor\/2019\/08\/01\/traseu-spectaculos-de-via-ferrata-peretele-zanelor\/#primaryimage","inLanguage":"ro-RO","url":"https:\/\/ski-outdoor.ro\/outdoor\/wp-content\/uploads\/sites\/4\/2019\/08\/11.jpg","contentUrl":"https:\/\/ski-outdoor.ro\/outdoor\/wp-content\/uploads\/sites\/4\/2019\/08\/11.jpg","width":1024,"height":768,"caption":"activitati outdoor, destinatii de vacanta"},{"@type":"WebPage","@id":"https:\/\/ski-outdoor.ro\/outdoor\/2019\/08\/01\/traseu-spectaculos-de-via-ferrata-peretele-zanelor\/#webpage","url":"https:\/\/ski-outdoor.ro\/outdoor\/2019\/08\/01\/traseu-spectaculos-de-via-ferrata-peretele-zanelor\/","name":"Traseu spectaculos de via ferrata - Peretele Z\u00e2nelor - Outdoor Magazine","isPartOf":{"@id":"https:\/\/ski-outdoor.ro\/outdoor\/#website"},"primaryImageOfPage":{"@id":"https:\/\/ski-outdoor.ro\/outdoor\/2019\/08\/01\/traseu-spectaculos-de-via-ferrata-peretele-zanelor\/#primaryimage"},"datePublished":"2019-08-01T19:51:36+00:00","dateModified":"2019-08-11T20:28:43+00:00","breadcrumb":{"@id":"https:\/\/ski-outdoor.ro\/outdoor\/2019\/08\/01\/traseu-spectaculos-de-via-ferrata-peretele-zanelor\/#breadcrumb"},"inLanguage":"ro-RO","potentialAction":[{"@type":"ReadAction","target":["https:\/\/ski-outdoor.ro\/outdoor\/2019\/08\/01\/traseu-spectaculos-de-via-ferrata-peretele-zanelor\/"]}]},{"@type":"BreadcrumbList","@id":"https:\/\/ski-outdoor.ro\/outdoor\/2019\/08\/01\/traseu-spectaculos-de-via-ferrata-peretele-zanelor\/#breadcrumb","itemListElement":[{"@type":"ListItem","position":1,"name":"Home","item":"https:\/\/ski-outdoor.ro\/outdoor\/"},{"@type":"ListItem","position":2,"name":"Traseu spectaculos de via ferrata &#8211; Peretele Z\u00e2nelor"}]},{"@type":"Article","@id":"https:\/\/ski-outdoor.ro\/outdoor\/2019\/08\/01\/traseu-spectaculos-de-via-ferrata-peretele-zanelor\/#article","isPartOf":{"@id":"https:\/\/ski-outdoor.ro\/outdoor\/2019\/08\/01\/traseu-spectaculos-de-via-ferrata-peretele-zanelor\/#webpage"},"author":{"@id":"https:\/\/ski-outdoor.ro\/outdoor\/#\/schema\/person\/29661f8d079aa10872d8edcf2a2a520b"},"headline":"Traseu spectaculos de via ferrata &#8211; Peretele Z\u00e2nelor","datePublished":"2019-08-01T19:51:36+00:00","dateModified":"2019-08-11T20:28:43+00:00","mainEntityOfPage":{"@id":"https:\/\/ski-outdoor.ro\/outdoor\/2019\/08\/01\/traseu-spectaculos-de-via-ferrata-peretele-zanelor\/#webpage"},"wordCount":347,"commentCount":0,"publisher":{"@id":"https:\/\/ski-outdoor.ro\/outdoor\/#organization"},"image":{"@id":"https:\/\/ski-outdoor.ro\/outdoor\/2019\/08\/01\/traseu-spectaculos-de-via-ferrata-peretele-zanelor\/#primaryimage"},"thumbnailUrl":"https:\/\/ski-outdoor.ro\/outdoor\/wp-content\/uploads\/sites\/4\/2019\/08\/11.jpg","keywords":["abrupt de stanca","aventura","bihor","Crisul Repede","defileu","expeditie","ghid","marcaj","marcaj albastru","munte","Muntii Apuseni","outdoor","outdoor magazine","Peretele Zanelor","pestera","poze","priveliste","rau","salvamont","salvamontisti","stanca","suncuius","traseu","turism","urcare","vadu crisului","vale","via ferrata"],"articleSection":["Destina\u021bii \u00een Rom\u00e2nia"],"inLanguage":"ro-RO","potentialAction":[{"@type":"CommentAction","name":"Comment","target":["https:\/\/ski-outdoor.ro\/outdoor\/2019\/08\/01\/traseu-spectaculos-de-via-ferrata-peretele-zanelor\/#respond"]}]},{"@type":"Person","@id":"https:\/\/ski-outdoor.ro\/outdoor\/#\/schema\/person\/29661f8d079aa10872d8edcf2a2a520b","name":"Bianca \u0218omlea","image":{"@type":"ImageObject","@id":"https:\/\/ski-outdoor.ro\/outdoor\/#personlogo","inLanguage":"ro-RO","url":"https:\/\/secure.gravatar.com\/avatar\/b39a83203da3fc8888ded6e8052246ad?s=96&d=mm&r=g","contentUrl":"https:\/\/secure.gravatar.com\/avatar\/b39a83203da3fc8888ded6e8052246ad?s=96&d=mm&r=g","caption":"Bianca \u0218omlea"},"url":"https:\/\/ski-outdoor.ro\/outdoor\/author\/editorfb206\/"}]}},"_links":{"self":[{"href":"https:\/\/ski-outdoor.ro\/outdoor\/wp-json\/wp\/v2\/posts\/2416"}],"collection":[{"href":"https:\/\/ski-outdoor.ro\/outdoor\/wp-json\/wp\/v2\/posts"}],"about":[{"href":"https:\/\/ski-outdoor.ro\/outdoor\/wp-json\/wp\/v2\/types\/post"}],"author":[{"embeddable":true,"href":"https:\/\/ski-outdoor.ro\/outdoor\/wp-json\/wp\/v2\/users\/16"}],"replies":[{"embeddable":true,"href":"https:\/\/ski-outdoor.ro\/outdoor\/wp-json\/wp\/v2\/comments?post=2416"}],"version-history":[{"count":7,"href":"https:\/\/ski-outdoor.ro\/outdoor\/wp-json\/wp\/v2\/posts\/2416\/revisions"}],"predecessor-version":[{"id":2427,"href":"https:\/\/ski-outdoor.ro\/outdoor\/wp-json\/wp\/v2\/posts\/2416\/revisions\/2427"}],"wp:featuredmedia":[{"embeddable":true,"href":"https:\/\/ski-outdoor.ro\/outdoor\/wp-json\/wp\/v2\/media\/2418"}],"wp:attachment":[{"href":"https:\/\/ski-outdoor.ro\/outdoor\/wp-json\/wp\/v2\/media?parent=2416"}],"wp:term":[{"taxonomy":"category","embeddable":true,"href":"https:\/\/ski-outdoor.ro\/outdoor\/wp-json\/wp\/v2\/categories?post=2416"},{"taxonomy":"post_tag","embeddable":true,"href":"https:\/\/ski-outdoor.ro\/outdoor\/wp-json\/wp\/v2\/tags?post=2416"}],"curies":[{"name":"wp","href":"https:\/\/api.w.org\/{rel}","templated":true}]}}