{"id":3254,"date":"2019-10-18T14:11:10","date_gmt":"2019-10-18T14:11:10","guid":{"rendered":"https:\/\/ski-outdoor.ro\/outdoor\/?p=3254"},"modified":"2019-10-18T14:11:12","modified_gmt":"2019-10-18T14:11:12","slug":"tura-pe-somes-floresti-cluj","status":"publish","type":"post","link":"https:\/\/ski-outdoor.ro\/outdoor\/2019\/10\/18\/tura-pe-somes-floresti-cluj\/","title":{"rendered":"Tur\u0103 pe Some\u0219: Flore\u0219ti-Cluj"},"content":{"rendered":"\n<p><strong>Ini\u021biativ\u0103 pentru g\u0103sirea unor c\u0103i alternative de acces din Flore\u0219ti \u00een Cluj-Napoca. Mai multe cluburi \u0219i asocia\u021bii organizeaz\u0103 s\u00e2mb\u0103t\u0103, 19 octombrie, o ac\u021biune prin care vor s\u0103 identifice trasee de mers cu bicicleta, barca sau pe jos din cea mai populat\u0103 comun\u0103 din \u021bar\u0103 \u00een ora\u0219. <\/strong><\/p>\n\n\n\n<figure class=\"wp-block-image\"><img loading=\"lazy\" width=\"960\" height=\"720\" src=\"https:\/\/ski-outdoor.ro\/outdoor\/wp-content\/uploads\/sites\/4\/2019\/10\/somes-3.jpg\" alt=\"\" class=\"wp-image-3256\" srcset=\"https:\/\/ski-outdoor.ro\/outdoor\/wp-content\/uploads\/sites\/4\/2019\/10\/somes-3.jpg 960w, https:\/\/ski-outdoor.ro\/outdoor\/wp-content\/uploads\/sites\/4\/2019\/10\/somes-3-300x225.jpg 300w, https:\/\/ski-outdoor.ro\/outdoor\/wp-content\/uploads\/sites\/4\/2019\/10\/somes-3-768x576.jpg 768w, https:\/\/ski-outdoor.ro\/outdoor\/wp-content\/uploads\/sites\/4\/2019\/10\/somes-3-370x278.jpg 370w, https:\/\/ski-outdoor.ro\/outdoor\/wp-content\/uploads\/sites\/4\/2019\/10\/somes-3-570x428.jpg 570w, https:\/\/ski-outdoor.ro\/outdoor\/wp-content\/uploads\/sites\/4\/2019\/10\/somes-3-770x578.jpg 770w, https:\/\/ski-outdoor.ro\/outdoor\/wp-content\/uploads\/sites\/4\/2019\/10\/somes-3-773x580.jpg 773w\" sizes=\"(max-width: 960px) 100vw, 960px\" \/><figcaption>sursa: Facebook \/ Somesul nostru<\/figcaption><\/figure>\n\n\n\n<p>Organizatorii au stabilit ca punct de \u00eent\u00e2lnire barajul din Flore\u0219ti, malul drept. Ei invit\u0103 oamenii s\u0103 li se al\u0103ture, la ora 14.00 pentru a explora cum s-ar putea lega, departe de traficul auto \u0219i aproape de r\u00e2u, comuna de ora\u0219ul Cluj-Napoca. <\/p>\n\n\n\n<p><em>Culoarul natural al Some\u0219ului are poten\u021bialul\nde a deveni noua leg\u0103tur\u0103 alternativ\u0103 \u0219i prietenoas\u0103 cu mediul natural. Credem\n\u00eentr-un viitor cu maluri \u0219i zone verzi cur\u0103\u021bate de de\u0219euri, accesibile \u0219i\ntranzitate de alei pietonale, piste de biciclete \u0219i, de ce nu, de b\u0103rci u\u0219oare\ncu v\u00e2sle <\/em>\u2013\norganizatori Tur\u0103 pe Some\u0219: Flore\u0219ti-Cluj.<\/p>\n\n\n\n<div class=\"wp-block-image\"><figure class=\"alignleft is-resized\"><img loading=\"lazy\" src=\"https:\/\/ski-outdoor.ro\/outdoor\/wp-content\/uploads\/sites\/4\/2019\/10\/ciclo-2-1.jpg\" alt=\"\" class=\"wp-image-3259\" width=\"261\" height=\"464\" srcset=\"https:\/\/ski-outdoor.ro\/outdoor\/wp-content\/uploads\/sites\/4\/2019\/10\/ciclo-2-1.jpg 539w, https:\/\/ski-outdoor.ro\/outdoor\/wp-content\/uploads\/sites\/4\/2019\/10\/ciclo-2-1-168x300.jpg 168w, https:\/\/ski-outdoor.ro\/outdoor\/wp-content\/uploads\/sites\/4\/2019\/10\/ciclo-2-1-370x659.jpg 370w, https:\/\/ski-outdoor.ro\/outdoor\/wp-content\/uploads\/sites\/4\/2019\/10\/ciclo-2-1-326x580.jpg 326w\" sizes=\"(max-width: 261px) 100vw, 261px\" \/><figcaption>sursa: Facebook \/ Clubul de Cicloturism &#8222;Napoca&#8221;<\/figcaption><\/figure><\/div>\n\n\n\n<p>Ini\u021biatorii mi\u0219c\u0103rii au propus trei\nc\u0103i de deplasare:<\/p>\n\n\n\n<p><br> 1. Cu bicicletele &#8211; traseu coordonat de Clubul de Cicloturism \u201cNapoca\u201d: pornire la ora 13.00 din Parcul Rozelor Cluj-Napoca, \u00eent\u00e2lnire cu restul participan\u021bilor la ora 14.00 la Barajul din Flore\u0219ti;<\/p>\n\n\n\n<p><br> 2. Cu b\u0103rci gonflabile oferite de Outdoor4U (locuri limitate) \u2013 traseu coordonat de Some\u0219ul nostru: pornire la ora 14.00 de pe malul drept al Barajului, traseu pe Some\u0219 p\u00e2n\u0103 \u00een Cluj-Napoca;<\/p>\n\n\n\n<p><br> 3. Pietonal &#8211; traseu coordonat de Some\u0219ul nostru: pornire la ora 14.00 de pe malul drept al Barajului Flore\u0219ti; se va explora inclusiv o zon\u0103 ml\u0103\u0219tinoas\u0103 (se recomand\u0103 cizme sau bocanci rezisten\u021bi la ap\u0103).<\/p>\n\n\n\n<p>Flore\u0219ti este comuna cu cea mai mare popula\u021bie din Rom\u00e2nia: aproximativ 40.000 de locuitori. Majoritatea dintre ace\u0219tia fac naveta la Cluj-Napoca, iar drumul principal de leg\u0103tur\u0103 (E60) este tranzitat zilnic de aproape 60.000 de ma\u0219ini. <\/p>\n\n\n\n<p><em>Scris de: Bianca \u0218omlea<\/em><\/p>\n","protected":false},"excerpt":{"rendered":"<p>Ini\u021biativ\u0103 pentru g\u0103sirea unor c\u0103i alternative de acces din Flore\u0219ti \u00een Cluj-Napoca. Mai multe cluburi \u0219i asocia\u021bii organizeaz\u0103 s\u00e2mb\u0103t\u0103, 19&#8230;<\/p>\n","protected":false},"author":16,"featured_media":3255,"comment_status":"open","ping_status":"open","sticky":false,"template":"","format":"standard","meta":[],"categories":[40],"tags":[853,1346,1354,1352,1357,100,1351,1348,1359,843,1363,1350,1349,1355,571,1365,1364,1362,81,138,1356,589,1353,934,1345,1361,1347,235,1344,1358],"yoast_head":"<!-- This site is optimized with the Yoast SEO plugin v18.4.1 - https:\/\/yoast.com\/wordpress\/plugins\/seo\/ -->\n<title>Tur\u0103 pe Some\u0219: Flore\u0219ti-Cluj - Outdoor Magazine<\/title>\n<meta name=\"robots\" content=\"index, follow, max-snippet:-1, max-image-preview:large, max-video-preview:-1\" \/>\n<link rel=\"canonical\" href=\"https:\/\/ski-outdoor.ro\/outdoor\/2019\/10\/18\/tura-pe-somes-floresti-cluj\/\" \/>\n<meta property=\"og:locale\" content=\"ro_RO\" \/>\n<meta property=\"og:type\" content=\"article\" \/>\n<meta property=\"og:title\" content=\"Tur\u0103 pe Some\u0219: Flore\u0219ti-Cluj - Outdoor Magazine\" \/>\n<meta property=\"og:description\" content=\"Ini\u021biativ\u0103 pentru g\u0103sirea unor c\u0103i alternative de acces din Flore\u0219ti \u00een Cluj-Napoca. Mai multe cluburi \u0219i asocia\u021bii organizeaz\u0103 s\u00e2mb\u0103t\u0103, 19...\" \/>\n<meta property=\"og:url\" content=\"https:\/\/ski-outdoor.ro\/outdoor\/2019\/10\/18\/tura-pe-somes-floresti-cluj\/\" \/>\n<meta property=\"og:site_name\" content=\"Outdoor Magazine\" \/>\n<meta property=\"article:publisher\" content=\"https:\/\/www.facebook.com\/skiandoutdoormagazine\" \/>\n<meta property=\"article:published_time\" content=\"2019-10-18T14:11:10+00:00\" \/>\n<meta property=\"article:modified_time\" content=\"2019-10-18T14:11:12+00:00\" \/>\n<meta property=\"og:image\" content=\"https:\/\/ski-outdoor.ro\/outdoor\/wp-content\/uploads\/sites\/4\/2019\/10\/somes-2.jpg\" \/>\n\t<meta property=\"og:image:width\" content=\"1170\" \/>\n\t<meta property=\"og:image:height\" content=\"802\" \/>\n\t<meta property=\"og:image:type\" content=\"image\/jpeg\" \/>\n<meta name=\"twitter:card\" content=\"summary_large_image\" \/>\n<meta name=\"twitter:label1\" content=\"Scris de\" \/>\n\t<meta name=\"twitter:data1\" content=\"Bianca \u0218omlea\" \/>\n\t<meta name=\"twitter:label2\" content=\"Timp estimat pentru citire\" \/>\n\t<meta name=\"twitter:data2\" content=\"2 minute\" \/>\n<script type=\"application\/ld+json\" class=\"yoast-schema-graph\">{\"@context\":\"https:\/\/schema.org\",\"@graph\":[{\"@type\":\"Organization\",\"@id\":\"https:\/\/ski-outdoor.ro\/outdoor\/#organization\",\"name\":\"Ski & Outdoor Magazine\",\"url\":\"https:\/\/ski-outdoor.ro\/outdoor\/\",\"sameAs\":[\"https:\/\/www.facebook.com\/skiandoutdoormagazine\"],\"logo\":{\"@type\":\"ImageObject\",\"@id\":\"https:\/\/ski-outdoor.ro\/outdoor\/#logo\",\"inLanguage\":\"ro-RO\",\"url\":\"https:\/\/ski-outdoor.ro\/outdoor\/wp-content\/uploads\/sites\/4\/2019\/05\/logo-e1557923623153.png\",\"contentUrl\":\"https:\/\/ski-outdoor.ro\/outdoor\/wp-content\/uploads\/sites\/4\/2019\/05\/logo-e1557923623153.png\",\"width\":600,\"height\":165,\"caption\":\"Ski & Outdoor Magazine\"},\"image\":{\"@id\":\"https:\/\/ski-outdoor.ro\/outdoor\/#logo\"}},{\"@type\":\"WebSite\",\"@id\":\"https:\/\/ski-outdoor.ro\/outdoor\/#website\",\"url\":\"https:\/\/ski-outdoor.ro\/outdoor\/\",\"name\":\"Outdoor Magazine\",\"description\":\"\",\"publisher\":{\"@id\":\"https:\/\/ski-outdoor.ro\/outdoor\/#organization\"},\"potentialAction\":[{\"@type\":\"SearchAction\",\"target\":{\"@type\":\"EntryPoint\",\"urlTemplate\":\"https:\/\/ski-outdoor.ro\/outdoor\/?s={search_term_string}\"},\"query-input\":\"required name=search_term_string\"}],\"inLanguage\":\"ro-RO\"},{\"@type\":\"ImageObject\",\"@id\":\"https:\/\/ski-outdoor.ro\/outdoor\/2019\/10\/18\/tura-pe-somes-floresti-cluj\/#primaryimage\",\"inLanguage\":\"ro-RO\",\"url\":\"https:\/\/ski-outdoor.ro\/outdoor\/wp-content\/uploads\/sites\/4\/2019\/10\/somes-2.jpg\",\"contentUrl\":\"https:\/\/ski-outdoor.ro\/outdoor\/wp-content\/uploads\/sites\/4\/2019\/10\/somes-2.jpg\",\"width\":1170,\"height\":802,\"caption\":\"sursa: Facebook \/ Somesul nostru\"},{\"@type\":\"WebPage\",\"@id\":\"https:\/\/ski-outdoor.ro\/outdoor\/2019\/10\/18\/tura-pe-somes-floresti-cluj\/#webpage\",\"url\":\"https:\/\/ski-outdoor.ro\/outdoor\/2019\/10\/18\/tura-pe-somes-floresti-cluj\/\",\"name\":\"Tur\u0103 pe Some\u0219: Flore\u0219ti-Cluj - Outdoor Magazine\",\"isPartOf\":{\"@id\":\"https:\/\/ski-outdoor.ro\/outdoor\/#website\"},\"primaryImageOfPage\":{\"@id\":\"https:\/\/ski-outdoor.ro\/outdoor\/2019\/10\/18\/tura-pe-somes-floresti-cluj\/#primaryimage\"},\"datePublished\":\"2019-10-18T14:11:10+00:00\",\"dateModified\":\"2019-10-18T14:11:12+00:00\",\"breadcrumb\":{\"@id\":\"https:\/\/ski-outdoor.ro\/outdoor\/2019\/10\/18\/tura-pe-somes-floresti-cluj\/#breadcrumb\"},\"inLanguage\":\"ro-RO\",\"potentialAction\":[{\"@type\":\"ReadAction\",\"target\":[\"https:\/\/ski-outdoor.ro\/outdoor\/2019\/10\/18\/tura-pe-somes-floresti-cluj\/\"]}]},{\"@type\":\"BreadcrumbList\",\"@id\":\"https:\/\/ski-outdoor.ro\/outdoor\/2019\/10\/18\/tura-pe-somes-floresti-cluj\/#breadcrumb\",\"itemListElement\":[{\"@type\":\"ListItem\",\"position\":1,\"name\":\"Home\",\"item\":\"https:\/\/ski-outdoor.ro\/outdoor\/\"},{\"@type\":\"ListItem\",\"position\":2,\"name\":\"Tur\u0103 pe Some\u0219: Flore\u0219ti-Cluj\"}]},{\"@type\":\"Article\",\"@id\":\"https:\/\/ski-outdoor.ro\/outdoor\/2019\/10\/18\/tura-pe-somes-floresti-cluj\/#article\",\"isPartOf\":{\"@id\":\"https:\/\/ski-outdoor.ro\/outdoor\/2019\/10\/18\/tura-pe-somes-floresti-cluj\/#webpage\"},\"author\":{\"@id\":\"https:\/\/ski-outdoor.ro\/outdoor\/#\/schema\/person\/29661f8d079aa10872d8edcf2a2a520b\"},\"headline\":\"Tur\u0103 pe Some\u0219: Flore\u0219ti-Cluj\",\"datePublished\":\"2019-10-18T14:11:10+00:00\",\"dateModified\":\"2019-10-18T14:11:12+00:00\",\"mainEntityOfPage\":{\"@id\":\"https:\/\/ski-outdoor.ro\/outdoor\/2019\/10\/18\/tura-pe-somes-floresti-cluj\/#webpage\"},\"wordCount\":326,\"commentCount\":0,\"publisher\":{\"@id\":\"https:\/\/ski-outdoor.ro\/outdoor\/#organization\"},\"image\":{\"@id\":\"https:\/\/ski-outdoor.ro\/outdoor\/2019\/10\/18\/tura-pe-somes-floresti-cluj\/#primaryimage\"},\"thumbnailUrl\":\"https:\/\/ski-outdoor.ro\/outdoor\/wp-content\/uploads\/sites\/4\/2019\/10\/somes-2.jpg\",\"keywords\":[\"19 octombrie\",\"alternativ\",\"auto\",\"baraj\",\"barci\",\"bicicleta\",\"biciclete\",\"cale acces\",\"Clubul de Cicloturism Napoca\",\"cluj-napoca\",\"comuna\",\"E60\",\"Floresti\",\"mal\",\"masini\",\"naveta\",\"oras\",\"Outdoo4U\",\"outdoor\",\"outdoor magazine\",\"pietonal\",\"rau\",\"sambata\",\"ski&amp;outdoor magazine\",\"somes\",\"Somesul nostru\",\"trafic\",\"traseu\",\"tura\",\"vasle\"],\"articleSection\":[\"Events\"],\"inLanguage\":\"ro-RO\",\"potentialAction\":[{\"@type\":\"CommentAction\",\"name\":\"Comment\",\"target\":[\"https:\/\/ski-outdoor.ro\/outdoor\/2019\/10\/18\/tura-pe-somes-floresti-cluj\/#respond\"]}]},{\"@type\":\"Person\",\"@id\":\"https:\/\/ski-outdoor.ro\/outdoor\/#\/schema\/person\/29661f8d079aa10872d8edcf2a2a520b\",\"name\":\"Bianca \u0218omlea\",\"image\":{\"@type\":\"ImageObject\",\"@id\":\"https:\/\/ski-outdoor.ro\/outdoor\/#personlogo\",\"inLanguage\":\"ro-RO\",\"url\":\"https:\/\/secure.gravatar.com\/avatar\/b39a83203da3fc8888ded6e8052246ad?s=96&d=mm&r=g\",\"contentUrl\":\"https:\/\/secure.gravatar.com\/avatar\/b39a83203da3fc8888ded6e8052246ad?s=96&d=mm&r=g\",\"caption\":\"Bianca \u0218omlea\"},\"url\":\"https:\/\/ski-outdoor.ro\/outdoor\/author\/editorfb206\/\"}]}<\/script>\n<!-- \/ Yoast SEO plugin. -->","yoast_head_json":{"title":"Tur\u0103 pe Some\u0219: Flore\u0219ti-Cluj - Outdoor Magazine","robots":{"index":"index","follow":"follow","max-snippet":"max-snippet:-1","max-image-preview":"max-image-preview:large","max-video-preview":"max-video-preview:-1"},"canonical":"https:\/\/ski-outdoor.ro\/outdoor\/2019\/10\/18\/tura-pe-somes-floresti-cluj\/","og_locale":"ro_RO","og_type":"article","og_title":"Tur\u0103 pe Some\u0219: Flore\u0219ti-Cluj - Outdoor Magazine","og_description":"Ini\u021biativ\u0103 pentru g\u0103sirea unor c\u0103i alternative de acces din Flore\u0219ti \u00een Cluj-Napoca. Mai multe cluburi \u0219i asocia\u021bii organizeaz\u0103 s\u00e2mb\u0103t\u0103, 19...","og_url":"https:\/\/ski-outdoor.ro\/outdoor\/2019\/10\/18\/tura-pe-somes-floresti-cluj\/","og_site_name":"Outdoor Magazine","article_publisher":"https:\/\/www.facebook.com\/skiandoutdoormagazine","article_published_time":"2019-10-18T14:11:10+00:00","article_modified_time":"2019-10-18T14:11:12+00:00","og_image":[{"width":1170,"height":802,"url":"https:\/\/ski-outdoor.ro\/outdoor\/wp-content\/uploads\/sites\/4\/2019\/10\/somes-2.jpg","type":"image\/jpeg"}],"twitter_card":"summary_large_image","twitter_misc":{"Scris de":"Bianca \u0218omlea","Timp estimat pentru citire":"2 minute"},"schema":{"@context":"https:\/\/schema.org","@graph":[{"@type":"Organization","@id":"https:\/\/ski-outdoor.ro\/outdoor\/#organization","name":"Ski & Outdoor Magazine","url":"https:\/\/ski-outdoor.ro\/outdoor\/","sameAs":["https:\/\/www.facebook.com\/skiandoutdoormagazine"],"logo":{"@type":"ImageObject","@id":"https:\/\/ski-outdoor.ro\/outdoor\/#logo","inLanguage":"ro-RO","url":"https:\/\/ski-outdoor.ro\/outdoor\/wp-content\/uploads\/sites\/4\/2019\/05\/logo-e1557923623153.png","contentUrl":"https:\/\/ski-outdoor.ro\/outdoor\/wp-content\/uploads\/sites\/4\/2019\/05\/logo-e1557923623153.png","width":600,"height":165,"caption":"Ski & Outdoor Magazine"},"image":{"@id":"https:\/\/ski-outdoor.ro\/outdoor\/#logo"}},{"@type":"WebSite","@id":"https:\/\/ski-outdoor.ro\/outdoor\/#website","url":"https:\/\/ski-outdoor.ro\/outdoor\/","name":"Outdoor Magazine","description":"","publisher":{"@id":"https:\/\/ski-outdoor.ro\/outdoor\/#organization"},"potentialAction":[{"@type":"SearchAction","target":{"@type":"EntryPoint","urlTemplate":"https:\/\/ski-outdoor.ro\/outdoor\/?s={search_term_string}"},"query-input":"required name=search_term_string"}],"inLanguage":"ro-RO"},{"@type":"ImageObject","@id":"https:\/\/ski-outdoor.ro\/outdoor\/2019\/10\/18\/tura-pe-somes-floresti-cluj\/#primaryimage","inLanguage":"ro-RO","url":"https:\/\/ski-outdoor.ro\/outdoor\/wp-content\/uploads\/sites\/4\/2019\/10\/somes-2.jpg","contentUrl":"https:\/\/ski-outdoor.ro\/outdoor\/wp-content\/uploads\/sites\/4\/2019\/10\/somes-2.jpg","width":1170,"height":802,"caption":"sursa: Facebook \/ Somesul nostru"},{"@type":"WebPage","@id":"https:\/\/ski-outdoor.ro\/outdoor\/2019\/10\/18\/tura-pe-somes-floresti-cluj\/#webpage","url":"https:\/\/ski-outdoor.ro\/outdoor\/2019\/10\/18\/tura-pe-somes-floresti-cluj\/","name":"Tur\u0103 pe Some\u0219: Flore\u0219ti-Cluj - Outdoor Magazine","isPartOf":{"@id":"https:\/\/ski-outdoor.ro\/outdoor\/#website"},"primaryImageOfPage":{"@id":"https:\/\/ski-outdoor.ro\/outdoor\/2019\/10\/18\/tura-pe-somes-floresti-cluj\/#primaryimage"},"datePublished":"2019-10-18T14:11:10+00:00","dateModified":"2019-10-18T14:11:12+00:00","breadcrumb":{"@id":"https:\/\/ski-outdoor.ro\/outdoor\/2019\/10\/18\/tura-pe-somes-floresti-cluj\/#breadcrumb"},"inLanguage":"ro-RO","potentialAction":[{"@type":"ReadAction","target":["https:\/\/ski-outdoor.ro\/outdoor\/2019\/10\/18\/tura-pe-somes-floresti-cluj\/"]}]},{"@type":"BreadcrumbList","@id":"https:\/\/ski-outdoor.ro\/outdoor\/2019\/10\/18\/tura-pe-somes-floresti-cluj\/#breadcrumb","itemListElement":[{"@type":"ListItem","position":1,"name":"Home","item":"https:\/\/ski-outdoor.ro\/outdoor\/"},{"@type":"ListItem","position":2,"name":"Tur\u0103 pe Some\u0219: Flore\u0219ti-Cluj"}]},{"@type":"Article","@id":"https:\/\/ski-outdoor.ro\/outdoor\/2019\/10\/18\/tura-pe-somes-floresti-cluj\/#article","isPartOf":{"@id":"https:\/\/ski-outdoor.ro\/outdoor\/2019\/10\/18\/tura-pe-somes-floresti-cluj\/#webpage"},"author":{"@id":"https:\/\/ski-outdoor.ro\/outdoor\/#\/schema\/person\/29661f8d079aa10872d8edcf2a2a520b"},"headline":"Tur\u0103 pe Some\u0219: Flore\u0219ti-Cluj","datePublished":"2019-10-18T14:11:10+00:00","dateModified":"2019-10-18T14:11:12+00:00","mainEntityOfPage":{"@id":"https:\/\/ski-outdoor.ro\/outdoor\/2019\/10\/18\/tura-pe-somes-floresti-cluj\/#webpage"},"wordCount":326,"commentCount":0,"publisher":{"@id":"https:\/\/ski-outdoor.ro\/outdoor\/#organization"},"image":{"@id":"https:\/\/ski-outdoor.ro\/outdoor\/2019\/10\/18\/tura-pe-somes-floresti-cluj\/#primaryimage"},"thumbnailUrl":"https:\/\/ski-outdoor.ro\/outdoor\/wp-content\/uploads\/sites\/4\/2019\/10\/somes-2.jpg","keywords":["19 octombrie","alternativ","auto","baraj","barci","bicicleta","biciclete","cale acces","Clubul de Cicloturism Napoca","cluj-napoca","comuna","E60","Floresti","mal","masini","naveta","oras","Outdoo4U","outdoor","outdoor magazine","pietonal","rau","sambata","ski&amp;outdoor magazine","somes","Somesul nostru","trafic","traseu","tura","vasle"],"articleSection":["Events"],"inLanguage":"ro-RO","potentialAction":[{"@type":"CommentAction","name":"Comment","target":["https:\/\/ski-outdoor.ro\/outdoor\/2019\/10\/18\/tura-pe-somes-floresti-cluj\/#respond"]}]},{"@type":"Person","@id":"https:\/\/ski-outdoor.ro\/outdoor\/#\/schema\/person\/29661f8d079aa10872d8edcf2a2a520b","name":"Bianca \u0218omlea","image":{"@type":"ImageObject","@id":"https:\/\/ski-outdoor.ro\/outdoor\/#personlogo","inLanguage":"ro-RO","url":"https:\/\/secure.gravatar.com\/avatar\/b39a83203da3fc8888ded6e8052246ad?s=96&d=mm&r=g","contentUrl":"https:\/\/secure.gravatar.com\/avatar\/b39a83203da3fc8888ded6e8052246ad?s=96&d=mm&r=g","caption":"Bianca \u0218omlea"},"url":"https:\/\/ski-outdoor.ro\/outdoor\/author\/editorfb206\/"}]}},"_links":{"self":[{"href":"https:\/\/ski-outdoor.ro\/outdoor\/wp-json\/wp\/v2\/posts\/3254"}],"collection":[{"href":"https:\/\/ski-outdoor.ro\/outdoor\/wp-json\/wp\/v2\/posts"}],"about":[{"href":"https:\/\/ski-outdoor.ro\/outdoor\/wp-json\/wp\/v2\/types\/post"}],"author":[{"embeddable":true,"href":"https:\/\/ski-outdoor.ro\/outdoor\/wp-json\/wp\/v2\/users\/16"}],"replies":[{"embeddable":true,"href":"https:\/\/ski-outdoor.ro\/outdoor\/wp-json\/wp\/v2\/comments?post=3254"}],"version-history":[{"count":5,"href":"https:\/\/ski-outdoor.ro\/outdoor\/wp-json\/wp\/v2\/posts\/3254\/revisions"}],"predecessor-version":[{"id":3264,"href":"https:\/\/ski-outdoor.ro\/outdoor\/wp-json\/wp\/v2\/posts\/3254\/revisions\/3264"}],"wp:featuredmedia":[{"embeddable":true,"href":"https:\/\/ski-outdoor.ro\/outdoor\/wp-json\/wp\/v2\/media\/3255"}],"wp:attachment":[{"href":"https:\/\/ski-outdoor.ro\/outdoor\/wp-json\/wp\/v2\/media?parent=3254"}],"wp:term":[{"taxonomy":"category","embeddable":true,"href":"https:\/\/ski-outdoor.ro\/outdoor\/wp-json\/wp\/v2\/categories?post=3254"},{"taxonomy":"post_tag","embeddable":true,"href":"https:\/\/ski-outdoor.ro\/outdoor\/wp-json\/wp\/v2\/tags?post=3254"}],"curies":[{"name":"wp","href":"https:\/\/api.w.org\/{rel}","templated":true}]}}