{"id":4118,"date":"2020-05-23T22:34:43","date_gmt":"2020-05-23T22:34:43","guid":{"rendered":"https:\/\/ski-outdoor.ro\/outdoor\/?p=4118"},"modified":"2020-05-28T20:59:05","modified_gmt":"2020-05-28T20:59:05","slug":"lana-de-merino-inovatie-si-intoarcere-la-origini","status":"publish","type":"post","link":"https:\/\/ski-outdoor.ro\/outdoor\/2020\/05\/23\/lana-de-merino-inovatie-si-intoarcere-la-origini\/","title":{"rendered":"L\u00e2na de Merino &#8211; Inova\u021bie \u0219i \u00eentoarcere la origini"},"content":{"rendered":"\n<p><strong>Mul\u021bi se \u00eentreab\u0103 de unde vine, ce este, la ce ajut\u0103 \u0219i care sunt principiile pe care func\u021bioneaz\u0103. Pe scurt, Merino este men\u021bionat\u0103 \u00een literatura de specialitate av\u00e2nd originea \u00een sud-vestul Spaniei urm\u00e2nd ca, la sf\u00e2r\u0219itul secolului XVIII, australienii \u0219i neozeelandezii s\u0103 aclimatizeze specia \u0219i s\u0103 ob\u021bin\u0103 cea mai bun\u0103 l\u00e2n\u0103 dedicat\u0103 articolelor vestimentare.<\/strong><\/p>\n\n\n\n<p>\u0218i de aici \u00eencepe love story-ul&nbsp; cu \u00eemp\u0103timi\u021bii muntelui pe timp de iarn\u0103 sau\nde var\u0103, cu m\u0103micile grijulii fa\u021b\u0103 de micu\u021bii \u0219i micu\u021bele ce se bucur\u0103 din plin\nde fiecare clip\u0103 petrecut\u0103 afar\u0103, cu cei care doresc doar s\u0103 arate bine \u0219i chiar\ncu cei ce muncesc \u00een condi\u021bii climatice greu de suportat de omul de r\u00e2nd. <\/p>\n\n\n\n<div class=\"wp-block-image\"><figure class=\"alignleft is-resized\"><img loading=\"lazy\" src=\"https:\/\/ski-outdoor.ro\/outdoor\/wp-content\/uploads\/sites\/4\/2020\/05\/30707630_10156523335665992_7029979264384499712_o.jpg\" alt=\"\" class=\"wp-image-4125\" width=\"402\" height=\"463\" srcset=\"https:\/\/ski-outdoor.ro\/outdoor\/wp-content\/uploads\/sites\/4\/2020\/05\/30707630_10156523335665992_7029979264384499712_o.jpg 831w, https:\/\/ski-outdoor.ro\/outdoor\/wp-content\/uploads\/sites\/4\/2020\/05\/30707630_10156523335665992_7029979264384499712_o-260x300.jpg 260w, https:\/\/ski-outdoor.ro\/outdoor\/wp-content\/uploads\/sites\/4\/2020\/05\/30707630_10156523335665992_7029979264384499712_o-768x887.jpg 768w, https:\/\/ski-outdoor.ro\/outdoor\/wp-content\/uploads\/sites\/4\/2020\/05\/30707630_10156523335665992_7029979264384499712_o-370x427.jpg 370w, https:\/\/ski-outdoor.ro\/outdoor\/wp-content\/uploads\/sites\/4\/2020\/05\/30707630_10156523335665992_7029979264384499712_o-570x658.jpg 570w, https:\/\/ski-outdoor.ro\/outdoor\/wp-content\/uploads\/sites\/4\/2020\/05\/30707630_10156523335665992_7029979264384499712_o-502x580.jpg 502w\" sizes=\"(max-width: 402px) 100vw, 402px\" \/><\/figure><\/div>\n\n\n\n<p>Aceasta este ,,l\u00e2na de aur,&nbsp; Sf\u00e2ntul Graal sau materialul suprem\u201d pentru iubitorii de activit\u0103\u021bi outoor, mai \u00eent\u00e2i de\ntoate pentru c\u0103 nu miroase. Da, nu prinde miros dec\u00e2t dup\u0103 multe utiliz\u0103ri\nintense, deoarece fibra organic\u0103, \u00een cazul de fa\u021b\u0103 l\u00e2na, este dotat\u0103 cu o\nprotein\u0103 minune care neutralizeaz\u0103 bacteriile responsabile de mirosurile\nnepl\u0103cute. A\u0219adar, fie tura c\u00e2t de lung\u0103, zilele de schi c\u00e2t de multe, c\u0103\nproblema mirosului e rezolvat\u0103. Totu\u0219i, un efort minim seara \u00eenainte de culcare,\nmerit\u0103 depus: mai\nexact \u00eembr\u0103c\u0103mintea se pune frumos la aerisit p\u00e2n\u0103 diminea\u021b\u0103 c\u00e2nd va fi gata de\no nou\u0103 utilizare \u00een condi\u021bii de igien\u0103 perfecte. Asta, deoarece greutatea\nrucsacului e esen\u021bial\u0103 \u00een orice tur\u0103 \u0219i nu po\u021bi duce mult\u0103 \u00eembr\u0103c\u0103minte. <\/p>\n\n\n\n<p>O alt\u0103 surpriz\u0103 pentru utilizatori este faptul c\u0103 l\u00e2na de\nMerino poat\u0103 s\u0103 absoarb\u0103 umezeal\u0103 p\u00e2n\u0103 la 35% din greutatea sa \u0219i la atingere\ns\u0103 par\u0103 c\u0103 este uscat\u0103.&nbsp; Dac\u0103\ntranspira\u021bia este mai abundent\u0103 iar \u00eembr\u0103c\u0103mintea se ud\u0103 nu e nici o problem\u0103\ndeoarece, spre deosebire de materialele sintetice, l\u00e2na \u021bine de cald, iar acest\nlucru poate s\u0103-l confirme orice doamn\u0103 sau domni\u0219oar\u0103 care a folosit\n\u00eembr\u0103c\u0103minte de corp din l\u00e2n\u0103 de merino la schi.&nbsp; <\/p>\n\n\n\n<ul class=\"wp-block-gallery columns-3 is-cropped\"><li class=\"blocks-gallery-item\"><figure><img loading=\"lazy\" width=\"888\" height=\"1024\" src=\"https:\/\/ski-outdoor.ro\/outdoor\/wp-content\/uploads\/sites\/4\/2020\/05\/1-888x1024.jpg\" alt=\"\" data-id=\"4122\" data-link=\"https:\/\/ski-outdoor.ro\/outdoor\/?attachment_id=4122\" class=\"wp-image-4122\" srcset=\"https:\/\/ski-outdoor.ro\/outdoor\/wp-content\/uploads\/sites\/4\/2020\/05\/1-888x1024.jpg 888w, https:\/\/ski-outdoor.ro\/outdoor\/wp-content\/uploads\/sites\/4\/2020\/05\/1-260x300.jpg 260w, https:\/\/ski-outdoor.ro\/outdoor\/wp-content\/uploads\/sites\/4\/2020\/05\/1-768x886.jpg 768w, https:\/\/ski-outdoor.ro\/outdoor\/wp-content\/uploads\/sites\/4\/2020\/05\/1-370x427.jpg 370w, https:\/\/ski-outdoor.ro\/outdoor\/wp-content\/uploads\/sites\/4\/2020\/05\/1-570x657.jpg 570w, https:\/\/ski-outdoor.ro\/outdoor\/wp-content\/uploads\/sites\/4\/2020\/05\/1-770x888.jpg 770w, https:\/\/ski-outdoor.ro\/outdoor\/wp-content\/uploads\/sites\/4\/2020\/05\/1-1170x1349.jpg 1170w, https:\/\/ski-outdoor.ro\/outdoor\/wp-content\/uploads\/sites\/4\/2020\/05\/1-503x580.jpg 503w, https:\/\/ski-outdoor.ro\/outdoor\/wp-content\/uploads\/sites\/4\/2020\/05\/1.jpg 1200w\" sizes=\"(max-width: 888px) 100vw, 888px\" \/><\/figure><\/li><li class=\"blocks-gallery-item\"><figure><img loading=\"lazy\" width=\"901\" height=\"1024\" src=\"https:\/\/ski-outdoor.ro\/outdoor\/wp-content\/uploads\/sites\/4\/2020\/05\/1-105MERINO-ULTRA-L-SLEEVE-W-85101-dark-blood-MidRes-901x1024.jpg\" alt=\"\" data-id=\"4123\" data-link=\"https:\/\/ski-outdoor.ro\/outdoor\/?attachment_id=4123\" class=\"wp-image-4123\" srcset=\"https:\/\/ski-outdoor.ro\/outdoor\/wp-content\/uploads\/sites\/4\/2020\/05\/1-105MERINO-ULTRA-L-SLEEVE-W-85101-dark-blood-MidRes-901x1024.jpg 901w, https:\/\/ski-outdoor.ro\/outdoor\/wp-content\/uploads\/sites\/4\/2020\/05\/1-105MERINO-ULTRA-L-SLEEVE-W-85101-dark-blood-MidRes-264x300.jpg 264w, https:\/\/ski-outdoor.ro\/outdoor\/wp-content\/uploads\/sites\/4\/2020\/05\/1-105MERINO-ULTRA-L-SLEEVE-W-85101-dark-blood-MidRes-768x873.jpg 768w, https:\/\/ski-outdoor.ro\/outdoor\/wp-content\/uploads\/sites\/4\/2020\/05\/1-105MERINO-ULTRA-L-SLEEVE-W-85101-dark-blood-MidRes-370x421.jpg 370w, https:\/\/ski-outdoor.ro\/outdoor\/wp-content\/uploads\/sites\/4\/2020\/05\/1-105MERINO-ULTRA-L-SLEEVE-W-85101-dark-blood-MidRes-570x648.jpg 570w, https:\/\/ski-outdoor.ro\/outdoor\/wp-content\/uploads\/sites\/4\/2020\/05\/1-105MERINO-ULTRA-L-SLEEVE-W-85101-dark-blood-MidRes-770x875.jpg 770w, https:\/\/ski-outdoor.ro\/outdoor\/wp-content\/uploads\/sites\/4\/2020\/05\/1-105MERINO-ULTRA-L-SLEEVE-W-85101-dark-blood-MidRes-1170x1330.jpg 1170w, https:\/\/ski-outdoor.ro\/outdoor\/wp-content\/uploads\/sites\/4\/2020\/05\/1-105MERINO-ULTRA-L-SLEEVE-W-85101-dark-blood-MidRes-510x580.jpg 510w, https:\/\/ski-outdoor.ro\/outdoor\/wp-content\/uploads\/sites\/4\/2020\/05\/1-105MERINO-ULTRA-L-SLEEVE-W-85101-dark-blood-MidRes.jpg 1200w\" sizes=\"(max-width: 901px) 100vw, 901px\" \/><\/figure><\/li><li class=\"blocks-gallery-item\"><figure><img loading=\"lazy\" width=\"897\" height=\"1024\" src=\"https:\/\/ski-outdoor.ro\/outdoor\/wp-content\/uploads\/sites\/4\/2020\/05\/1-120-merino-competition-light-long-sleeve-m-85541-night-blue-hires-897x1024.jpg\" alt=\"\" data-id=\"4124\" data-link=\"https:\/\/ski-outdoor.ro\/outdoor\/?attachment_id=4124\" class=\"wp-image-4124\" srcset=\"https:\/\/ski-outdoor.ro\/outdoor\/wp-content\/uploads\/sites\/4\/2020\/05\/1-120-merino-competition-light-long-sleeve-m-85541-night-blue-hires-897x1024.jpg 897w, https:\/\/ski-outdoor.ro\/outdoor\/wp-content\/uploads\/sites\/4\/2020\/05\/1-120-merino-competition-light-long-sleeve-m-85541-night-blue-hires-263x300.jpg 263w, https:\/\/ski-outdoor.ro\/outdoor\/wp-content\/uploads\/sites\/4\/2020\/05\/1-120-merino-competition-light-long-sleeve-m-85541-night-blue-hires-768x877.jpg 768w, https:\/\/ski-outdoor.ro\/outdoor\/wp-content\/uploads\/sites\/4\/2020\/05\/1-120-merino-competition-light-long-sleeve-m-85541-night-blue-hires-370x422.jpg 370w, https:\/\/ski-outdoor.ro\/outdoor\/wp-content\/uploads\/sites\/4\/2020\/05\/1-120-merino-competition-light-long-sleeve-m-85541-night-blue-hires-570x651.jpg 570w, https:\/\/ski-outdoor.ro\/outdoor\/wp-content\/uploads\/sites\/4\/2020\/05\/1-120-merino-competition-light-long-sleeve-m-85541-night-blue-hires-770x879.jpg 770w, https:\/\/ski-outdoor.ro\/outdoor\/wp-content\/uploads\/sites\/4\/2020\/05\/1-120-merino-competition-light-long-sleeve-m-85541-night-blue-hires-1170x1336.jpg 1170w, https:\/\/ski-outdoor.ro\/outdoor\/wp-content\/uploads\/sites\/4\/2020\/05\/1-120-merino-competition-light-long-sleeve-m-85541-night-blue-hires-508x580.jpg 508w\" sizes=\"(max-width: 897px) 100vw, 897px\" \/><\/figure><\/li><\/ul>\n\n\n\n<p>Utilizarea ei pe timp de var\u0103 poate p\u0103rea deplasat\u0103, \u00eens\u0103\nadev\u0103rul este c\u0103&nbsp; poate fi folosit\u0103 f\u0103r\u0103\nnici o problem\u0103 \u0219i, mai mult dec\u00e2t at\u00e2t, este chiar recomandat\u0103, dat fiind c\u0103\npe vreme cald\u0103 bacteriile se dezvolt\u0103 mai u\u0219or \u0219i mai repede. <\/p>\n\n\n\n<p>Bazat pe informa\u021biile de mai sus avem urm\u0103torul scenariu: 2 perechi de \u0219osete, una din l\u00e2n\u0103 de merino \u0219i una din material sintetic, 35 grade sau ploaie, c\u00e2teva sute de metri sau kilometri de parcurs, apoi momentul \u00een care trebuie dat\u0103 jos \u00eenc\u0103l\u021b\u0103mintea. Cu siguran\u021b\u0103 \u0219osetele de l\u00e2n\u0103 vor salva momentul iar a doua zi vor fi gata pentru un tratament similar, \u00een timp ce \u0219osetele de material sintetic vor fi aruncate \u00een primul tomberon sau vor fi folosite pentru alungarea spiritelor rele.<\/p>\n\n\n\n<ul class=\"wp-block-gallery columns-3 is-cropped\"><li class=\"blocks-gallery-item\"><figure><img loading=\"lazy\" width=\"796\" height=\"1024\" src=\"https:\/\/ski-outdoor.ro\/outdoor\/wp-content\/uploads\/sites\/4\/2020\/05\/1-145merino-ultra-zip-neck-w-84588-aqua-midres-796x1024.jpg\" alt=\"\" data-id=\"4126\" data-link=\"https:\/\/ski-outdoor.ro\/outdoor\/?attachment_id=4126\" class=\"wp-image-4126\" srcset=\"https:\/\/ski-outdoor.ro\/outdoor\/wp-content\/uploads\/sites\/4\/2020\/05\/1-145merino-ultra-zip-neck-w-84588-aqua-midres-796x1024.jpg 796w, https:\/\/ski-outdoor.ro\/outdoor\/wp-content\/uploads\/sites\/4\/2020\/05\/1-145merino-ultra-zip-neck-w-84588-aqua-midres-233x300.jpg 233w, https:\/\/ski-outdoor.ro\/outdoor\/wp-content\/uploads\/sites\/4\/2020\/05\/1-145merino-ultra-zip-neck-w-84588-aqua-midres-768x988.jpg 768w, https:\/\/ski-outdoor.ro\/outdoor\/wp-content\/uploads\/sites\/4\/2020\/05\/1-145merino-ultra-zip-neck-w-84588-aqua-midres-370x476.jpg 370w, https:\/\/ski-outdoor.ro\/outdoor\/wp-content\/uploads\/sites\/4\/2020\/05\/1-145merino-ultra-zip-neck-w-84588-aqua-midres-570x733.jpg 570w, https:\/\/ski-outdoor.ro\/outdoor\/wp-content\/uploads\/sites\/4\/2020\/05\/1-145merino-ultra-zip-neck-w-84588-aqua-midres-770x991.jpg 770w, https:\/\/ski-outdoor.ro\/outdoor\/wp-content\/uploads\/sites\/4\/2020\/05\/1-145merino-ultra-zip-neck-w-84588-aqua-midres-1170x1505.jpg 1170w, https:\/\/ski-outdoor.ro\/outdoor\/wp-content\/uploads\/sites\/4\/2020\/05\/1-145merino-ultra-zip-neck-w-84588-aqua-midres-451x580.jpg 451w, https:\/\/ski-outdoor.ro\/outdoor\/wp-content\/uploads\/sites\/4\/2020\/05\/1-145merino-ultra-zip-neck-w-84588-aqua-midres.jpg 1200w\" sizes=\"(max-width: 796px) 100vw, 796px\" \/><\/figure><\/li><li class=\"blocks-gallery-item\"><figure><img loading=\"lazy\" width=\"769\" height=\"1024\" src=\"https:\/\/ski-outdoor.ro\/outdoor\/wp-content\/uploads\/sites\/4\/2020\/05\/1-merino-fleece-hoody-melange-m-86924-crazy-orange-midres-769x1024.jpg\" alt=\"\" data-id=\"4127\" data-link=\"https:\/\/ski-outdoor.ro\/outdoor\/?attachment_id=4127\" class=\"wp-image-4127\" srcset=\"https:\/\/ski-outdoor.ro\/outdoor\/wp-content\/uploads\/sites\/4\/2020\/05\/1-merino-fleece-hoody-melange-m-86924-crazy-orange-midres-769x1024.jpg 769w, https:\/\/ski-outdoor.ro\/outdoor\/wp-content\/uploads\/sites\/4\/2020\/05\/1-merino-fleece-hoody-melange-m-86924-crazy-orange-midres-225x300.jpg 225w, https:\/\/ski-outdoor.ro\/outdoor\/wp-content\/uploads\/sites\/4\/2020\/05\/1-merino-fleece-hoody-melange-m-86924-crazy-orange-midres-768x1022.jpg 768w, https:\/\/ski-outdoor.ro\/outdoor\/wp-content\/uploads\/sites\/4\/2020\/05\/1-merino-fleece-hoody-melange-m-86924-crazy-orange-midres-370x492.jpg 370w, https:\/\/ski-outdoor.ro\/outdoor\/wp-content\/uploads\/sites\/4\/2020\/05\/1-merino-fleece-hoody-melange-m-86924-crazy-orange-midres-570x759.jpg 570w, https:\/\/ski-outdoor.ro\/outdoor\/wp-content\/uploads\/sites\/4\/2020\/05\/1-merino-fleece-hoody-melange-m-86924-crazy-orange-midres-770x1025.jpg 770w, https:\/\/ski-outdoor.ro\/outdoor\/wp-content\/uploads\/sites\/4\/2020\/05\/1-merino-fleece-hoody-melange-m-86924-crazy-orange-midres-1170x1557.jpg 1170w, https:\/\/ski-outdoor.ro\/outdoor\/wp-content\/uploads\/sites\/4\/2020\/05\/1-merino-fleece-hoody-melange-m-86924-crazy-orange-midres-436x580.jpg 436w, https:\/\/ski-outdoor.ro\/outdoor\/wp-content\/uploads\/sites\/4\/2020\/05\/1-merino-fleece-hoody-melange-m-86924-crazy-orange-midres.jpg 1200w\" sizes=\"(max-width: 769px) 100vw, 769px\" \/><\/figure><\/li><li class=\"blocks-gallery-item\"><figure><img loading=\"lazy\" width=\"667\" height=\"1024\" src=\"https:\/\/ski-outdoor.ro\/outdoor\/wp-content\/uploads\/sites\/4\/2020\/05\/1-merino-fleece-logo-hoody-m-86981-irish-green-midres-667x1024.jpg\" alt=\"\" data-id=\"4129\" data-link=\"https:\/\/ski-outdoor.ro\/outdoor\/?attachment_id=4129\" class=\"wp-image-4129\" srcset=\"https:\/\/ski-outdoor.ro\/outdoor\/wp-content\/uploads\/sites\/4\/2020\/05\/1-merino-fleece-logo-hoody-m-86981-irish-green-midres-667x1024.jpg 667w, https:\/\/ski-outdoor.ro\/outdoor\/wp-content\/uploads\/sites\/4\/2020\/05\/1-merino-fleece-logo-hoody-m-86981-irish-green-midres-195x300.jpg 195w, https:\/\/ski-outdoor.ro\/outdoor\/wp-content\/uploads\/sites\/4\/2020\/05\/1-merino-fleece-logo-hoody-m-86981-irish-green-midres-768x1179.jpg 768w, https:\/\/ski-outdoor.ro\/outdoor\/wp-content\/uploads\/sites\/4\/2020\/05\/1-merino-fleece-logo-hoody-m-86981-irish-green-midres-370x568.jpg 370w, https:\/\/ski-outdoor.ro\/outdoor\/wp-content\/uploads\/sites\/4\/2020\/05\/1-merino-fleece-logo-hoody-m-86981-irish-green-midres-570x875.jpg 570w, https:\/\/ski-outdoor.ro\/outdoor\/wp-content\/uploads\/sites\/4\/2020\/05\/1-merino-fleece-logo-hoody-m-86981-irish-green-midres-770x1182.jpg 770w, https:\/\/ski-outdoor.ro\/outdoor\/wp-content\/uploads\/sites\/4\/2020\/05\/1-merino-fleece-logo-hoody-m-86981-irish-green-midres-1170x1796.jpg 1170w, https:\/\/ski-outdoor.ro\/outdoor\/wp-content\/uploads\/sites\/4\/2020\/05\/1-merino-fleece-logo-hoody-m-86981-irish-green-midres-378x580.jpg 378w, https:\/\/ski-outdoor.ro\/outdoor\/wp-content\/uploads\/sites\/4\/2020\/05\/1-merino-fleece-logo-hoody-m-86981-irish-green-midres.jpg 1200w\" sizes=\"(max-width: 667px) 100vw, 667px\" \/><\/figure><\/li><\/ul>\n\n\n\n<p>Un alt beneficiu major este acela c\u0103 fibra de l\u00e2n\u0103 merino\nnu se \u00eencinge la soare ca un material sintetic \u0219i ofer\u0103 protec\u021bie UV ridicat\u0103.\nA\u0219adar, nu este de mirare c\u00e2nd, \u00een mun\u021bii \u00eenal\u021bi europeni, vedem c\u00e2te un nebun\nce umbl\u0103 cu bluz\u0103 cu m\u00e2nec\u0103 lung\u0103 chiar dac\u0103 afar\u0103 e soare \u0219i sunt 40 de grade.\nLa refugiu poate fi printre pu\u021binii f\u0103r\u0103 insola\u021bie sau f\u0103r\u0103 un bronz intens de\nculoarea unui vin roze. <\/p>\n\n\n\n<h4>De unde se achizi\u021bioneaz\u0103 \u0219i cum? <\/h4>\n\n\n\n<p>\u00cen general se recomand\u0103 magazinele cu specific outdoor\n\u00eens\u0103 putem avea surprize s\u0103 le g\u0103sim \u0219i \u00een alte magazine. \u00cen Rom\u00e2nia exist\u0103\nmagazine de profil \u00eens\u0103 consilierea face diferen\u021ba. Produsul trebuie v\u00e2ndut \u00een\nfunc\u021bie de nevoile clientului nu pentru a ne sc\u0103pa de marf\u0103. Dedica\u021bi-v\u0103 minim\n20-25 de minute pentru a proba articolele vestimentare \u0219i pentru a discuta cu\nv\u00e2nz\u0103torul.&nbsp; <\/p>\n\n\n\n<ul class=\"wp-block-gallery alignright columns-2 is-cropped\"><li class=\"blocks-gallery-item\"><figure><img loading=\"lazy\" width=\"372\" height=\"1024\" src=\"https:\/\/ski-outdoor.ro\/outdoor\/wp-content\/uploads\/sites\/4\/2020\/05\/1-merino-guardian-shell-3l-guardian-shell-pants-w-70341-black-raven-midres-372x1024.jpg\" alt=\"\" data-id=\"4131\" data-link=\"https:\/\/ski-outdoor.ro\/outdoor\/?attachment_id=4131\" class=\"wp-image-4131\" srcset=\"https:\/\/ski-outdoor.ro\/outdoor\/wp-content\/uploads\/sites\/4\/2020\/05\/1-merino-guardian-shell-3l-guardian-shell-pants-w-70341-black-raven-midres-372x1024.jpg 372w, https:\/\/ski-outdoor.ro\/outdoor\/wp-content\/uploads\/sites\/4\/2020\/05\/1-merino-guardian-shell-3l-guardian-shell-pants-w-70341-black-raven-midres-109x300.jpg 109w, https:\/\/ski-outdoor.ro\/outdoor\/wp-content\/uploads\/sites\/4\/2020\/05\/1-merino-guardian-shell-3l-guardian-shell-pants-w-70341-black-raven-midres-768x2115.jpg 768w, https:\/\/ski-outdoor.ro\/outdoor\/wp-content\/uploads\/sites\/4\/2020\/05\/1-merino-guardian-shell-3l-guardian-shell-pants-w-70341-black-raven-midres-370x1019.jpg 370w, https:\/\/ski-outdoor.ro\/outdoor\/wp-content\/uploads\/sites\/4\/2020\/05\/1-merino-guardian-shell-3l-guardian-shell-pants-w-70341-black-raven-midres-570x1570.jpg 570w, https:\/\/ski-outdoor.ro\/outdoor\/wp-content\/uploads\/sites\/4\/2020\/05\/1-merino-guardian-shell-3l-guardian-shell-pants-w-70341-black-raven-midres-770x2121.jpg 770w, https:\/\/ski-outdoor.ro\/outdoor\/wp-content\/uploads\/sites\/4\/2020\/05\/1-merino-guardian-shell-3l-guardian-shell-pants-w-70341-black-raven-midres-1170x3222.jpg 1170w, https:\/\/ski-outdoor.ro\/outdoor\/wp-content\/uploads\/sites\/4\/2020\/05\/1-merino-guardian-shell-3l-guardian-shell-pants-w-70341-black-raven-midres-211x580.jpg 211w, https:\/\/ski-outdoor.ro\/outdoor\/wp-content\/uploads\/sites\/4\/2020\/05\/1-merino-guardian-shell-3l-guardian-shell-pants-w-70341-black-raven-midres.jpg 1200w\" sizes=\"(max-width: 372px) 100vw, 372px\" \/><\/figure><\/li><li class=\"blocks-gallery-item\"><figure><img loading=\"lazy\" width=\"683\" height=\"1024\" src=\"https:\/\/ski-outdoor.ro\/outdoor\/wp-content\/uploads\/sites\/4\/2020\/05\/1-merino-guardian-shell-3l-jacket-m-70201-strong-blue-offen-1-683x1024.jpg\" alt=\"\" data-id=\"4134\" data-link=\"https:\/\/ski-outdoor.ro\/outdoor\/?attachment_id=4134\" class=\"wp-image-4134\" srcset=\"https:\/\/ski-outdoor.ro\/outdoor\/wp-content\/uploads\/sites\/4\/2020\/05\/1-merino-guardian-shell-3l-jacket-m-70201-strong-blue-offen-1-683x1024.jpg 683w, https:\/\/ski-outdoor.ro\/outdoor\/wp-content\/uploads\/sites\/4\/2020\/05\/1-merino-guardian-shell-3l-jacket-m-70201-strong-blue-offen-1-200x300.jpg 200w, https:\/\/ski-outdoor.ro\/outdoor\/wp-content\/uploads\/sites\/4\/2020\/05\/1-merino-guardian-shell-3l-jacket-m-70201-strong-blue-offen-1-768x1152.jpg 768w, https:\/\/ski-outdoor.ro\/outdoor\/wp-content\/uploads\/sites\/4\/2020\/05\/1-merino-guardian-shell-3l-jacket-m-70201-strong-blue-offen-1-370x555.jpg 370w, https:\/\/ski-outdoor.ro\/outdoor\/wp-content\/uploads\/sites\/4\/2020\/05\/1-merino-guardian-shell-3l-jacket-m-70201-strong-blue-offen-1-570x855.jpg 570w, https:\/\/ski-outdoor.ro\/outdoor\/wp-content\/uploads\/sites\/4\/2020\/05\/1-merino-guardian-shell-3l-jacket-m-70201-strong-blue-offen-1-770x1155.jpg 770w, https:\/\/ski-outdoor.ro\/outdoor\/wp-content\/uploads\/sites\/4\/2020\/05\/1-merino-guardian-shell-3l-jacket-m-70201-strong-blue-offen-1-1170x1755.jpg 1170w, https:\/\/ski-outdoor.ro\/outdoor\/wp-content\/uploads\/sites\/4\/2020\/05\/1-merino-guardian-shell-3l-jacket-m-70201-strong-blue-offen-1-387x580.jpg 387w, https:\/\/ski-outdoor.ro\/outdoor\/wp-content\/uploads\/sites\/4\/2020\/05\/1-merino-guardian-shell-3l-jacket-m-70201-strong-blue-offen-1.jpg 1600w\" sizes=\"(max-width: 683px) 100vw, 683px\" \/><\/figure><\/li><\/ul>\n\n\n\n<p>Calitatea produselor ce con\u021bin l\u00e2na de merino este dat\u0103\n\u00een primul r\u00e2nd de tipul de procesare \u0219i sursa l\u00e2nei.&nbsp; Cele mai de succes companii la nivel mondial\nsunt cele care respect\u0103 cel mai mult clientul prin calitatea produsului oferit.\nAceasta presupune utilizarea celei mai bune l\u00e2ni de merino din cele mai pu\u021bin\npoluate zone ale lumii, procesarea corect\u0103 a acesteia, folosirea coloran\u021bilor\nde cea mai&nbsp; bun\u0103 calitate, versatilitatea\nproduselor, designul acestora \u0219i nu ultimul r\u00e2nd consilierea clien\u021bilor. <\/p>\n\n\n\n<p>Ca o concluzie la acest subiect, l\u00e2na de merino pare&nbsp; \u00eenlocuiasc\u0103 din ce&nbsp; ce&nbsp;\nmult materialele sintetice, iar beneficiile sale sunt din ce \u00een ce mai&nbsp; apreciate de o categorie tot mai mare de\noameni, indiferent&nbsp; c\u0103 sunt practican\u021bi ai\nunei activit\u0103\u021bi sportive, sau,&nbsp; pur&nbsp; simplu, apreciaz\u0103 &nbsp;confortul \u0219i beneficiile pe care acest\nmaterial le ofer\u0103.<\/p>\n\n\n\n<h4>Avantaje<\/h4>\n\n\n\n<ul><li><em>greutate foarte redus\u0103<\/em>;<\/li><li><em> sp\u0103lare u\u0219oar\u0103 \u00een ma\u0219in\u0103, la 30-40 grade, cu detergent special de l\u00e2n\u0103 cu un con\u021binut foarte sc\u0103zut de chimicale comparativ cu detergen\u021bii normali<\/em>;<\/li><li><em>dimensiuni de \u00eempachetare \u0219i depozitare foarte mici<\/em>;<\/li><li><em>utilizarea timp \u00eendelungat f\u0103r\u0103 necesitatea sp\u0103l\u0103rii<\/em>;<\/li><li><em>confort&nbsp; termic&nbsp; de neegalat \u00een toate condi\u021biile climatice<\/em>;<\/li><li><em>material ANTIBACTERIAN<\/em>;<\/li><li><em>material ANTIALERGIC, \u00een ciuda faptului c\u0103 este l\u00e2n\u0103. Asta nu \u00eenseamn\u0103 c\u0103 nu exist\u0103 persoane care sunt alergice la l\u00e2n\u0103<\/em>.<\/li><\/ul>\n\n\n\n<h4>Dezavantaje<\/h4>\n\n\n\n<ul><li><em>pre\u021bul care \u00een cele mai multe cazuri ajunge s\u0103 fie dublu<\/em>;<\/li><li><em>material sensibil la ag\u0103\u021b\u0103turi \u0219i la abraziune<\/em>;<\/li><li><em> dac\u0103 ave\u021bi \u00een gazd\u0103 molii a\u021bi face bine s\u0103 le trimite\u021bi \u00een vecini. \u00cen general l\u00e2na pare s\u0103 fie \u00een meniul lor<\/em>.<\/li><\/ul>\n\n\n\n<h4>Alte informa\u021bii utile<\/h4>\n\n\n\n<ul><li><em>articole vestimentare din l\u00e2n\u0103 de merino: lenjerie pentru toate anotimpurile \u0219i pentru toate activit\u0103\u021bile. Bluze, pantaloni, jachete, c\u0103ciuli, m\u0103nu\u0219i<\/em>;<\/li><li><em>valorile 105, 120, 150 etc. \u00censcrise pe etichet\u0103 reprezint\u0103 cantitatea de l\u00e2n\u0103 \u00een grame pe metru p\u0103trat de \u021bes\u0103tur\u0103<\/em>;<\/li><li><em>nu se centrifugheaz\u0103 dup\u0103 sp\u0103lare. Nu se spal\u0103 la temperaturi mai mari de 40 de grade. Exist\u0103 riscul ca apoi s\u0103 fi\u021bi convin\u0219i c\u0103 cineva vi-a \u00eenlocuit hainele cu altele cu c\u00e2teva m\u0103rimi mai mici.<\/em><\/li><\/ul>\n\n\n\n<p><em>Scris de: Sorin Barbo\u0219\/Absolut Explorer <\/em><\/p>\n\n\n\n<p><em>sursa foto: Ortovox<\/em><\/p>\n","protected":false},"excerpt":{"rendered":"<p>Mul\u021bi se \u00eentreab\u0103 de unde vine, ce este, la ce ajut\u0103 \u0219i care sunt principiile pe care func\u021bioneaz\u0103. Pe scurt,&#8230;<\/p>\n","protected":false},"author":16,"featured_media":4121,"comment_status":"open","ping_status":"open","sticky":false,"template":"","format":"standard","meta":[],"categories":[33],"tags":[2057,761,2051,337,2053,2049,2054,2050,2052,2055,81,138,990,934,2056],"yoast_head":"<!-- This site is optimized with the Yoast SEO plugin v18.4.1 - https:\/\/yoast.com\/wordpress\/plugins\/seo\/ -->\n<title>L\u00e2na de Merino - Inova\u021bie \u0219i \u00eentoarcere la origini - Outdoor Magazine<\/title>\n<meta name=\"robots\" content=\"index, follow, max-snippet:-1, max-image-preview:large, max-video-preview:-1\" \/>\n<link rel=\"canonical\" href=\"https:\/\/ski-outdoor.ro\/outdoor\/2020\/05\/23\/lana-de-merino-inovatie-si-intoarcere-la-origini\/\" \/>\n<meta property=\"og:locale\" content=\"ro_RO\" \/>\n<meta property=\"og:type\" content=\"article\" \/>\n<meta property=\"og:title\" content=\"L\u00e2na de Merino - Inova\u021bie \u0219i \u00eentoarcere la origini - Outdoor Magazine\" \/>\n<meta property=\"og:description\" content=\"Mul\u021bi se \u00eentreab\u0103 de unde vine, ce este, la ce ajut\u0103 \u0219i care sunt principiile pe care func\u021bioneaz\u0103. Pe scurt,...\" \/>\n<meta property=\"og:url\" content=\"https:\/\/ski-outdoor.ro\/outdoor\/2020\/05\/23\/lana-de-merino-inovatie-si-intoarcere-la-origini\/\" \/>\n<meta property=\"og:site_name\" content=\"Outdoor Magazine\" \/>\n<meta property=\"article:publisher\" content=\"https:\/\/www.facebook.com\/skiandoutdoormagazine\" \/>\n<meta property=\"article:published_time\" content=\"2020-05-23T22:34:43+00:00\" \/>\n<meta property=\"article:modified_time\" content=\"2020-05-28T20:59:05+00:00\" \/>\n<meta property=\"og:image\" content=\"https:\/\/ski-outdoor.ro\/outdoor\/wp-content\/uploads\/sites\/4\/2020\/05\/DSC_1965_Alistair-Bett_small.jpg\" \/>\n\t<meta property=\"og:image:width\" content=\"2000\" \/>\n\t<meta property=\"og:image:height\" content=\"1333\" \/>\n\t<meta property=\"og:image:type\" content=\"image\/jpeg\" \/>\n<meta name=\"twitter:card\" content=\"summary_large_image\" \/>\n<meta name=\"twitter:label1\" content=\"Scris de\" \/>\n\t<meta name=\"twitter:data1\" content=\"Bianca \u0218omlea\" \/>\n\t<meta name=\"twitter:label2\" content=\"Timp estimat pentru citire\" \/>\n\t<meta name=\"twitter:data2\" content=\"5 minute\" \/>\n<script type=\"application\/ld+json\" class=\"yoast-schema-graph\">{\"@context\":\"https:\/\/schema.org\",\"@graph\":[{\"@type\":\"Organization\",\"@id\":\"https:\/\/ski-outdoor.ro\/outdoor\/#organization\",\"name\":\"Ski & Outdoor Magazine\",\"url\":\"https:\/\/ski-outdoor.ro\/outdoor\/\",\"sameAs\":[\"https:\/\/www.facebook.com\/skiandoutdoormagazine\"],\"logo\":{\"@type\":\"ImageObject\",\"@id\":\"https:\/\/ski-outdoor.ro\/outdoor\/#logo\",\"inLanguage\":\"ro-RO\",\"url\":\"https:\/\/ski-outdoor.ro\/outdoor\/wp-content\/uploads\/sites\/4\/2019\/05\/logo-e1557923623153.png\",\"contentUrl\":\"https:\/\/ski-outdoor.ro\/outdoor\/wp-content\/uploads\/sites\/4\/2019\/05\/logo-e1557923623153.png\",\"width\":600,\"height\":165,\"caption\":\"Ski & Outdoor Magazine\"},\"image\":{\"@id\":\"https:\/\/ski-outdoor.ro\/outdoor\/#logo\"}},{\"@type\":\"WebSite\",\"@id\":\"https:\/\/ski-outdoor.ro\/outdoor\/#website\",\"url\":\"https:\/\/ski-outdoor.ro\/outdoor\/\",\"name\":\"Outdoor Magazine\",\"description\":\"\",\"publisher\":{\"@id\":\"https:\/\/ski-outdoor.ro\/outdoor\/#organization\"},\"potentialAction\":[{\"@type\":\"SearchAction\",\"target\":{\"@type\":\"EntryPoint\",\"urlTemplate\":\"https:\/\/ski-outdoor.ro\/outdoor\/?s={search_term_string}\"},\"query-input\":\"required name=search_term_string\"}],\"inLanguage\":\"ro-RO\"},{\"@type\":\"ImageObject\",\"@id\":\"https:\/\/ski-outdoor.ro\/outdoor\/2020\/05\/23\/lana-de-merino-inovatie-si-intoarcere-la-origini\/#primaryimage\",\"inLanguage\":\"ro-RO\",\"url\":\"https:\/\/ski-outdoor.ro\/outdoor\/wp-content\/uploads\/sites\/4\/2020\/05\/DSC_1965_Alistair-Bett_small.jpg\",\"contentUrl\":\"https:\/\/ski-outdoor.ro\/outdoor\/wp-content\/uploads\/sites\/4\/2020\/05\/DSC_1965_Alistair-Bett_small.jpg\",\"width\":2000,\"height\":1333},{\"@type\":\"WebPage\",\"@id\":\"https:\/\/ski-outdoor.ro\/outdoor\/2020\/05\/23\/lana-de-merino-inovatie-si-intoarcere-la-origini\/#webpage\",\"url\":\"https:\/\/ski-outdoor.ro\/outdoor\/2020\/05\/23\/lana-de-merino-inovatie-si-intoarcere-la-origini\/\",\"name\":\"L\u00e2na de Merino - Inova\u021bie \u0219i \u00eentoarcere la origini - Outdoor Magazine\",\"isPartOf\":{\"@id\":\"https:\/\/ski-outdoor.ro\/outdoor\/#website\"},\"primaryImageOfPage\":{\"@id\":\"https:\/\/ski-outdoor.ro\/outdoor\/2020\/05\/23\/lana-de-merino-inovatie-si-intoarcere-la-origini\/#primaryimage\"},\"datePublished\":\"2020-05-23T22:34:43+00:00\",\"dateModified\":\"2020-05-28T20:59:05+00:00\",\"breadcrumb\":{\"@id\":\"https:\/\/ski-outdoor.ro\/outdoor\/2020\/05\/23\/lana-de-merino-inovatie-si-intoarcere-la-origini\/#breadcrumb\"},\"inLanguage\":\"ro-RO\",\"potentialAction\":[{\"@type\":\"ReadAction\",\"target\":[\"https:\/\/ski-outdoor.ro\/outdoor\/2020\/05\/23\/lana-de-merino-inovatie-si-intoarcere-la-origini\/\"]}]},{\"@type\":\"BreadcrumbList\",\"@id\":\"https:\/\/ski-outdoor.ro\/outdoor\/2020\/05\/23\/lana-de-merino-inovatie-si-intoarcere-la-origini\/#breadcrumb\",\"itemListElement\":[{\"@type\":\"ListItem\",\"position\":1,\"name\":\"Home\",\"item\":\"https:\/\/ski-outdoor.ro\/outdoor\/\"},{\"@type\":\"ListItem\",\"position\":2,\"name\":\"L\u00e2na de Merino &#8211; Inova\u021bie \u0219i \u00eentoarcere la origini\"}]},{\"@type\":\"Article\",\"@id\":\"https:\/\/ski-outdoor.ro\/outdoor\/2020\/05\/23\/lana-de-merino-inovatie-si-intoarcere-la-origini\/#article\",\"isPartOf\":{\"@id\":\"https:\/\/ski-outdoor.ro\/outdoor\/2020\/05\/23\/lana-de-merino-inovatie-si-intoarcere-la-origini\/#webpage\"},\"author\":{\"@id\":\"https:\/\/ski-outdoor.ro\/outdoor\/#\/schema\/person\/29661f8d079aa10872d8edcf2a2a520b\"},\"headline\":\"L\u00e2na de Merino &#8211; Inova\u021bie \u0219i \u00eentoarcere la origini\",\"datePublished\":\"2020-05-23T22:34:43+00:00\",\"dateModified\":\"2020-05-28T20:59:05+00:00\",\"mainEntityOfPage\":{\"@id\":\"https:\/\/ski-outdoor.ro\/outdoor\/2020\/05\/23\/lana-de-merino-inovatie-si-intoarcere-la-origini\/#webpage\"},\"wordCount\":1048,\"commentCount\":0,\"publisher\":{\"@id\":\"https:\/\/ski-outdoor.ro\/outdoor\/#organization\"},\"image\":{\"@id\":\"https:\/\/ski-outdoor.ro\/outdoor\/2020\/05\/23\/lana-de-merino-inovatie-si-intoarcere-la-origini\/#primaryimage\"},\"thumbnailUrl\":\"https:\/\/ski-outdoor.ro\/outdoor\/wp-content\/uploads\/sites\/4\/2020\/05\/DSC_1965_Alistair-Bett_small.jpg\",\"keywords\":[\"absolut explorer\",\"greutate\",\"imbracaminte\",\"inovatie\",\"intoarcere\",\"lana\",\"material\",\"merino\",\"origini\",\"ortovox\",\"outdoor\",\"outdoor magazine\",\"Ski magazine\",\"ski&amp;outdoor magazine\",\"sroin barbos\"],\"articleSection\":[\"Echipament\"],\"inLanguage\":\"ro-RO\",\"potentialAction\":[{\"@type\":\"CommentAction\",\"name\":\"Comment\",\"target\":[\"https:\/\/ski-outdoor.ro\/outdoor\/2020\/05\/23\/lana-de-merino-inovatie-si-intoarcere-la-origini\/#respond\"]}]},{\"@type\":\"Person\",\"@id\":\"https:\/\/ski-outdoor.ro\/outdoor\/#\/schema\/person\/29661f8d079aa10872d8edcf2a2a520b\",\"name\":\"Bianca \u0218omlea\",\"image\":{\"@type\":\"ImageObject\",\"@id\":\"https:\/\/ski-outdoor.ro\/outdoor\/#personlogo\",\"inLanguage\":\"ro-RO\",\"url\":\"https:\/\/secure.gravatar.com\/avatar\/b39a83203da3fc8888ded6e8052246ad?s=96&d=mm&r=g\",\"contentUrl\":\"https:\/\/secure.gravatar.com\/avatar\/b39a83203da3fc8888ded6e8052246ad?s=96&d=mm&r=g\",\"caption\":\"Bianca \u0218omlea\"},\"url\":\"https:\/\/ski-outdoor.ro\/outdoor\/author\/editorfb206\/\"}]}<\/script>\n<!-- \/ Yoast SEO plugin. -->","yoast_head_json":{"title":"L\u00e2na de Merino - Inova\u021bie \u0219i \u00eentoarcere la origini - Outdoor Magazine","robots":{"index":"index","follow":"follow","max-snippet":"max-snippet:-1","max-image-preview":"max-image-preview:large","max-video-preview":"max-video-preview:-1"},"canonical":"https:\/\/ski-outdoor.ro\/outdoor\/2020\/05\/23\/lana-de-merino-inovatie-si-intoarcere-la-origini\/","og_locale":"ro_RO","og_type":"article","og_title":"L\u00e2na de Merino - Inova\u021bie \u0219i \u00eentoarcere la origini - Outdoor Magazine","og_description":"Mul\u021bi se \u00eentreab\u0103 de unde vine, ce este, la ce ajut\u0103 \u0219i care sunt principiile pe care func\u021bioneaz\u0103. Pe scurt,...","og_url":"https:\/\/ski-outdoor.ro\/outdoor\/2020\/05\/23\/lana-de-merino-inovatie-si-intoarcere-la-origini\/","og_site_name":"Outdoor Magazine","article_publisher":"https:\/\/www.facebook.com\/skiandoutdoormagazine","article_published_time":"2020-05-23T22:34:43+00:00","article_modified_time":"2020-05-28T20:59:05+00:00","og_image":[{"width":2000,"height":1333,"url":"https:\/\/ski-outdoor.ro\/outdoor\/wp-content\/uploads\/sites\/4\/2020\/05\/DSC_1965_Alistair-Bett_small.jpg","type":"image\/jpeg"}],"twitter_card":"summary_large_image","twitter_misc":{"Scris de":"Bianca \u0218omlea","Timp estimat pentru citire":"5 minute"},"schema":{"@context":"https:\/\/schema.org","@graph":[{"@type":"Organization","@id":"https:\/\/ski-outdoor.ro\/outdoor\/#organization","name":"Ski & Outdoor Magazine","url":"https:\/\/ski-outdoor.ro\/outdoor\/","sameAs":["https:\/\/www.facebook.com\/skiandoutdoormagazine"],"logo":{"@type":"ImageObject","@id":"https:\/\/ski-outdoor.ro\/outdoor\/#logo","inLanguage":"ro-RO","url":"https:\/\/ski-outdoor.ro\/outdoor\/wp-content\/uploads\/sites\/4\/2019\/05\/logo-e1557923623153.png","contentUrl":"https:\/\/ski-outdoor.ro\/outdoor\/wp-content\/uploads\/sites\/4\/2019\/05\/logo-e1557923623153.png","width":600,"height":165,"caption":"Ski & Outdoor Magazine"},"image":{"@id":"https:\/\/ski-outdoor.ro\/outdoor\/#logo"}},{"@type":"WebSite","@id":"https:\/\/ski-outdoor.ro\/outdoor\/#website","url":"https:\/\/ski-outdoor.ro\/outdoor\/","name":"Outdoor Magazine","description":"","publisher":{"@id":"https:\/\/ski-outdoor.ro\/outdoor\/#organization"},"potentialAction":[{"@type":"SearchAction","target":{"@type":"EntryPoint","urlTemplate":"https:\/\/ski-outdoor.ro\/outdoor\/?s={search_term_string}"},"query-input":"required name=search_term_string"}],"inLanguage":"ro-RO"},{"@type":"ImageObject","@id":"https:\/\/ski-outdoor.ro\/outdoor\/2020\/05\/23\/lana-de-merino-inovatie-si-intoarcere-la-origini\/#primaryimage","inLanguage":"ro-RO","url":"https:\/\/ski-outdoor.ro\/outdoor\/wp-content\/uploads\/sites\/4\/2020\/05\/DSC_1965_Alistair-Bett_small.jpg","contentUrl":"https:\/\/ski-outdoor.ro\/outdoor\/wp-content\/uploads\/sites\/4\/2020\/05\/DSC_1965_Alistair-Bett_small.jpg","width":2000,"height":1333},{"@type":"WebPage","@id":"https:\/\/ski-outdoor.ro\/outdoor\/2020\/05\/23\/lana-de-merino-inovatie-si-intoarcere-la-origini\/#webpage","url":"https:\/\/ski-outdoor.ro\/outdoor\/2020\/05\/23\/lana-de-merino-inovatie-si-intoarcere-la-origini\/","name":"L\u00e2na de Merino - Inova\u021bie \u0219i \u00eentoarcere la origini - Outdoor Magazine","isPartOf":{"@id":"https:\/\/ski-outdoor.ro\/outdoor\/#website"},"primaryImageOfPage":{"@id":"https:\/\/ski-outdoor.ro\/outdoor\/2020\/05\/23\/lana-de-merino-inovatie-si-intoarcere-la-origini\/#primaryimage"},"datePublished":"2020-05-23T22:34:43+00:00","dateModified":"2020-05-28T20:59:05+00:00","breadcrumb":{"@id":"https:\/\/ski-outdoor.ro\/outdoor\/2020\/05\/23\/lana-de-merino-inovatie-si-intoarcere-la-origini\/#breadcrumb"},"inLanguage":"ro-RO","potentialAction":[{"@type":"ReadAction","target":["https:\/\/ski-outdoor.ro\/outdoor\/2020\/05\/23\/lana-de-merino-inovatie-si-intoarcere-la-origini\/"]}]},{"@type":"BreadcrumbList","@id":"https:\/\/ski-outdoor.ro\/outdoor\/2020\/05\/23\/lana-de-merino-inovatie-si-intoarcere-la-origini\/#breadcrumb","itemListElement":[{"@type":"ListItem","position":1,"name":"Home","item":"https:\/\/ski-outdoor.ro\/outdoor\/"},{"@type":"ListItem","position":2,"name":"L\u00e2na de Merino &#8211; Inova\u021bie \u0219i \u00eentoarcere la origini"}]},{"@type":"Article","@id":"https:\/\/ski-outdoor.ro\/outdoor\/2020\/05\/23\/lana-de-merino-inovatie-si-intoarcere-la-origini\/#article","isPartOf":{"@id":"https:\/\/ski-outdoor.ro\/outdoor\/2020\/05\/23\/lana-de-merino-inovatie-si-intoarcere-la-origini\/#webpage"},"author":{"@id":"https:\/\/ski-outdoor.ro\/outdoor\/#\/schema\/person\/29661f8d079aa10872d8edcf2a2a520b"},"headline":"L\u00e2na de Merino &#8211; Inova\u021bie \u0219i \u00eentoarcere la origini","datePublished":"2020-05-23T22:34:43+00:00","dateModified":"2020-05-28T20:59:05+00:00","mainEntityOfPage":{"@id":"https:\/\/ski-outdoor.ro\/outdoor\/2020\/05\/23\/lana-de-merino-inovatie-si-intoarcere-la-origini\/#webpage"},"wordCount":1048,"commentCount":0,"publisher":{"@id":"https:\/\/ski-outdoor.ro\/outdoor\/#organization"},"image":{"@id":"https:\/\/ski-outdoor.ro\/outdoor\/2020\/05\/23\/lana-de-merino-inovatie-si-intoarcere-la-origini\/#primaryimage"},"thumbnailUrl":"https:\/\/ski-outdoor.ro\/outdoor\/wp-content\/uploads\/sites\/4\/2020\/05\/DSC_1965_Alistair-Bett_small.jpg","keywords":["absolut explorer","greutate","imbracaminte","inovatie","intoarcere","lana","material","merino","origini","ortovox","outdoor","outdoor magazine","Ski magazine","ski&amp;outdoor magazine","sroin barbos"],"articleSection":["Echipament"],"inLanguage":"ro-RO","potentialAction":[{"@type":"CommentAction","name":"Comment","target":["https:\/\/ski-outdoor.ro\/outdoor\/2020\/05\/23\/lana-de-merino-inovatie-si-intoarcere-la-origini\/#respond"]}]},{"@type":"Person","@id":"https:\/\/ski-outdoor.ro\/outdoor\/#\/schema\/person\/29661f8d079aa10872d8edcf2a2a520b","name":"Bianca \u0218omlea","image":{"@type":"ImageObject","@id":"https:\/\/ski-outdoor.ro\/outdoor\/#personlogo","inLanguage":"ro-RO","url":"https:\/\/secure.gravatar.com\/avatar\/b39a83203da3fc8888ded6e8052246ad?s=96&d=mm&r=g","contentUrl":"https:\/\/secure.gravatar.com\/avatar\/b39a83203da3fc8888ded6e8052246ad?s=96&d=mm&r=g","caption":"Bianca \u0218omlea"},"url":"https:\/\/ski-outdoor.ro\/outdoor\/author\/editorfb206\/"}]}},"_links":{"self":[{"href":"https:\/\/ski-outdoor.ro\/outdoor\/wp-json\/wp\/v2\/posts\/4118"}],"collection":[{"href":"https:\/\/ski-outdoor.ro\/outdoor\/wp-json\/wp\/v2\/posts"}],"about":[{"href":"https:\/\/ski-outdoor.ro\/outdoor\/wp-json\/wp\/v2\/types\/post"}],"author":[{"embeddable":true,"href":"https:\/\/ski-outdoor.ro\/outdoor\/wp-json\/wp\/v2\/users\/16"}],"replies":[{"embeddable":true,"href":"https:\/\/ski-outdoor.ro\/outdoor\/wp-json\/wp\/v2\/comments?post=4118"}],"version-history":[{"count":5,"href":"https:\/\/ski-outdoor.ro\/outdoor\/wp-json\/wp\/v2\/posts\/4118\/revisions"}],"predecessor-version":[{"id":4237,"href":"https:\/\/ski-outdoor.ro\/outdoor\/wp-json\/wp\/v2\/posts\/4118\/revisions\/4237"}],"wp:featuredmedia":[{"embeddable":true,"href":"https:\/\/ski-outdoor.ro\/outdoor\/wp-json\/wp\/v2\/media\/4121"}],"wp:attachment":[{"href":"https:\/\/ski-outdoor.ro\/outdoor\/wp-json\/wp\/v2\/media?parent=4118"}],"wp:term":[{"taxonomy":"category","embeddable":true,"href":"https:\/\/ski-outdoor.ro\/outdoor\/wp-json\/wp\/v2\/categories?post=4118"},{"taxonomy":"post_tag","embeddable":true,"href":"https:\/\/ski-outdoor.ro\/outdoor\/wp-json\/wp\/v2\/tags?post=4118"}],"curies":[{"name":"wp","href":"https:\/\/api.w.org\/{rel}","templated":true}]}}