{"id":4209,"date":"2020-06-18T20:26:26","date_gmt":"2020-06-18T20:26:26","guid":{"rendered":"https:\/\/ski-outdoor.ro\/outdoor\/?p=4209"},"modified":"2020-08-17T16:09:56","modified_gmt":"2020-08-17T16:09:56","slug":"seful-salvamont-romania-suntem-prietenii-vostri-de-pe-cararile-muntilor","status":"publish","type":"post","link":"https:\/\/ski-outdoor.ro\/outdoor\/2020\/06\/18\/seful-salvamont-romania-suntem-prietenii-vostri-de-pe-cararile-muntilor\/","title":{"rendered":"\u0218eful Salvamont Rom\u00e2nia: Suntem prietenii vo\u0219tri de pe c\u0103r\u0103rile mun\u021bilor"},"content":{"rendered":"\n<p><strong>Cu peste 30 de ani\ndedica\u021bi salv\u0103rii montane, Sabin Cornoiu, \u0219eful Salvamont Rom\u00e2nia \u0219i pre\u0219edintele\nAsocia\u021biei Na\u021bionale a Salvatorilor Montani din Rom\u00e2nia, este veteran \u00een acest\ndomeniu. A reu\u0219it, al\u0103turi de colegii lui, s\u0103 creeze de la zero unul dintre\ncele mai moderne sisteme dedicate salv\u0103rii montane din lume. Invitat \u00een cea\nde-a doua emisiune OUTDOOR live, el a povestit, al\u0103turi de colegul s\u0103u Vasile\nCipcigan, despre \u00eenceputurile Salvamont \u0219i realiz\u0103rile din ultimii ani.<\/strong><strong><\/strong><\/p>\n\n\n\n<p><strong>Sabin Cornoiu:<\/strong> <em>M-am\napucat de salvare montan\u0103 \u00een 1985. Sunt unul dintre veteranii Salvamontului rom<\/em><em>\u00e2nesc. Sunt omul de leg\u0103tur\u0103 \u00eentre cei\ncare au f\u0103cut Salvamontul \u00een anii \u201970-\u201980 \u0219i care \u00eenc\u0103 mai sunt \u00een via\u021b\u0103\nsau chiar \u00een activitate \u0219i genera\u021biile de tineri salvatori montani cu care am\n\u00eencercat s\u0103 schimb\u0103m total metodele de salvare, echipamentele \u0219i am reu\u0219it s\u0103\naliniem Rom\u00e2nia \u00eentre \u021b\u0103rile cu activitate de salvare bine dezvoltat\u0103,\nrecunoscut\u0103 international \u0219i pot s\u0103 spun cu m\u00e2ndrie c\u0103 suntem membrii \u00een cele dou\u0103\nmari comitete interna\u021bionale de salvare montan\u0103 CISA-IKAR (Comitetul Interna\u021bional\nde Salvare Alpin\u0103) care abordeaz\u0103 salvarea \u00een munte \u0219i FIPS (Federa\u021bia Interna\u021bional\u0103\nde Salvare Alpin\u0103) care abordeaz\u0103 salvarea pe p\u00e2rtiile de schi. Suntem membri\ncu drepturi depline, membri de gradul A. Din 1904 avem primele structuri de\nsalvare montan\u0103 \u00eenfiin\u021bate \u00een Rom\u00e2nia \u0219i de 51 de ani purt\u0103m cu m\u00e2ndrie numele\nde Salvamont.<\/em><\/p>\n\n\n\n<figure class=\"wp-block-image\"><img loading=\"lazy\" width=\"640\" height=\"480\" src=\"https:\/\/ski-outdoor.ro\/outdoor\/wp-content\/uploads\/sites\/4\/2020\/06\/salvamont-vechi-3.jpg\" alt=\"\" class=\"wp-image-4592\" srcset=\"https:\/\/ski-outdoor.ro\/outdoor\/wp-content\/uploads\/sites\/4\/2020\/06\/salvamont-vechi-3.jpg 640w, https:\/\/ski-outdoor.ro\/outdoor\/wp-content\/uploads\/sites\/4\/2020\/06\/salvamont-vechi-3-300x225.jpg 300w, https:\/\/ski-outdoor.ro\/outdoor\/wp-content\/uploads\/sites\/4\/2020\/06\/salvamont-vechi-3-370x278.jpg 370w, https:\/\/ski-outdoor.ro\/outdoor\/wp-content\/uploads\/sites\/4\/2020\/06\/salvamont-vechi-3-570x428.jpg 570w\" sizes=\"(max-width: 640px) 100vw, 640px\" \/><figcaption>imagini arhiv\u0103 Salvamont Rom\u00e2nia<\/figcaption><\/figure>\n\n\n\n<ul class=\"wp-block-gallery columns-2 is-cropped\"><li class=\"blocks-gallery-item\"><figure><img loading=\"lazy\" width=\"720\" height=\"480\" src=\"https:\/\/ski-outdoor.ro\/outdoor\/wp-content\/uploads\/sites\/4\/2020\/06\/salvamont-vechi-4.jpg\" alt=\"\" data-id=\"4590\" data-link=\"https:\/\/ski-outdoor.ro\/outdoor\/2020\/06\/18\/seful-salvamont-romania-suntem-prietenii-vostri-de-pe-cararile-muntilor\/salvamont-vechi-4\/\" class=\"wp-image-4590\" srcset=\"https:\/\/ski-outdoor.ro\/outdoor\/wp-content\/uploads\/sites\/4\/2020\/06\/salvamont-vechi-4.jpg 720w, https:\/\/ski-outdoor.ro\/outdoor\/wp-content\/uploads\/sites\/4\/2020\/06\/salvamont-vechi-4-300x200.jpg 300w, https:\/\/ski-outdoor.ro\/outdoor\/wp-content\/uploads\/sites\/4\/2020\/06\/salvamont-vechi-4-370x247.jpg 370w, https:\/\/ski-outdoor.ro\/outdoor\/wp-content\/uploads\/sites\/4\/2020\/06\/salvamont-vechi-4-270x180.jpg 270w, https:\/\/ski-outdoor.ro\/outdoor\/wp-content\/uploads\/sites\/4\/2020\/06\/salvamont-vechi-4-570x380.jpg 570w\" sizes=\"(max-width: 720px) 100vw, 720px\" \/><\/figure><\/li><li class=\"blocks-gallery-item\"><figure><img loading=\"lazy\" width=\"720\" height=\"473\" src=\"https:\/\/ski-outdoor.ro\/outdoor\/wp-content\/uploads\/sites\/4\/2020\/06\/salvamont-vechi-5.jpg\" alt=\"\" data-id=\"4591\" data-link=\"https:\/\/ski-outdoor.ro\/outdoor\/2020\/06\/18\/seful-salvamont-romania-suntem-prietenii-vostri-de-pe-cararile-muntilor\/salvamont-vechi-5\/\" class=\"wp-image-4591\" srcset=\"https:\/\/ski-outdoor.ro\/outdoor\/wp-content\/uploads\/sites\/4\/2020\/06\/salvamont-vechi-5.jpg 720w, https:\/\/ski-outdoor.ro\/outdoor\/wp-content\/uploads\/sites\/4\/2020\/06\/salvamont-vechi-5-300x197.jpg 300w, https:\/\/ski-outdoor.ro\/outdoor\/wp-content\/uploads\/sites\/4\/2020\/06\/salvamont-vechi-5-370x243.jpg 370w, https:\/\/ski-outdoor.ro\/outdoor\/wp-content\/uploads\/sites\/4\/2020\/06\/salvamont-vechi-5-570x374.jpg 570w\" sizes=\"(max-width: 720px) 100vw, 720px\" \/><\/figure><\/li><\/ul>\n\n\n\n<p><strong>Vasile Cipcigan: Nu o s\u0103 te \u00eentreb cum era Salvamontul \u00een 1904, dar \u00een 1985 cum era?<\/strong><\/p>\n\n\n\n<p><strong>Sabin Cornoiu:<\/strong> <em>Era o activitate deosebit\u0103, eram foarte aprecia\u021bi pentru c\u0103 echipele erau ale consiliilor populare, consiliile erau ale Partidului Comunist \u0219i orice activitate de acest gen era foarte bine privit\u0103. Eram sco\u0219i din produc\u021bie, eram ajuta\u021bi s\u0103 mergem la ac\u021biunile de salvare. Se f\u0103ceau eforturi colective. Era o activitate frumoas\u0103 de pionierat. \u00cen schimb, nu aveam echipamente, le confec\u021bionam noi. Prindeam c\u00e2te o fotografie sau c\u00e2te un desen de astfel de echipamente aduse din str\u0103in\u0103tate \u0219i \u00eencercam \u0219i noi s\u0103 le improviz\u0103m. T\u0103rgile reu\u0219isem s\u0103 le facem \u00een \u021bar\u0103, corzile le aduceam din alte \u021b\u0103ri p\u00e2n\u0103 a ap\u0103rut acea fabric\u0103 la Oradea. V\u00e2n\u0103torii de munte ne d\u0103deau pitoane. Nici at\u00e2tea cazuri nu erau ca \u00een ziua de ast\u0103zi. Nu era nicio problem\u0103. Un accident pe munte se anun\u021ba \u00eentr-o zi sau dou\u0103, ajungeam \u00eentr-o jum\u0103tate de zi. Totul s-a schimbat acum. \u00cen primul minut de la producerea accidentului \u0219tim \u0219i ne uit\u0103m la ceas s\u0103 vedem \u00een c\u00e2te minute plec\u0103m \u0219i ajungem la caz. Atunci nu se punea problema de lupt\u0103 cu minutele. Mergeam pe jos, cu zeci de kilograme de echipament \u00een spate.<\/em><\/p>\n\n\n\n<div class=\"wp-block-image\"><figure class=\"alignleft is-resized\"><img loading=\"lazy\" src=\"https:\/\/ski-outdoor.ro\/outdoor\/wp-content\/uploads\/sites\/4\/2020\/06\/sabin-5.jpg\" alt=\"\" class=\"wp-image-4580\" width=\"349\" height=\"349\" srcset=\"https:\/\/ski-outdoor.ro\/outdoor\/wp-content\/uploads\/sites\/4\/2020\/06\/sabin-5.jpg 960w, https:\/\/ski-outdoor.ro\/outdoor\/wp-content\/uploads\/sites\/4\/2020\/06\/sabin-5-150x150.jpg 150w, https:\/\/ski-outdoor.ro\/outdoor\/wp-content\/uploads\/sites\/4\/2020\/06\/sabin-5-300x300.jpg 300w, https:\/\/ski-outdoor.ro\/outdoor\/wp-content\/uploads\/sites\/4\/2020\/06\/sabin-5-768x768.jpg 768w, https:\/\/ski-outdoor.ro\/outdoor\/wp-content\/uploads\/sites\/4\/2020\/06\/sabin-5-370x370.jpg 370w, https:\/\/ski-outdoor.ro\/outdoor\/wp-content\/uploads\/sites\/4\/2020\/06\/sabin-5-570x570.jpg 570w, https:\/\/ski-outdoor.ro\/outdoor\/wp-content\/uploads\/sites\/4\/2020\/06\/sabin-5-770x770.jpg 770w, https:\/\/ski-outdoor.ro\/outdoor\/wp-content\/uploads\/sites\/4\/2020\/06\/sabin-5-580x580.jpg 580w\" sizes=\"(max-width: 349px) 100vw, 349px\" \/><figcaption>Sabin Cornoiu, seful Salvamont Cluj<\/figcaption><\/figure><\/div>\n\n\n\n<p><strong>Vasile Cipcigan: Cred c\u0103 era interesant s\u0103 mergi\npe munte cu echipament cusut cu ma\u0219ina de cusut a bunicii.<\/strong><\/p>\n\n\n\n<p><strong>Sabin Cornoiu:<\/strong> <em>Nu \u0219tiu dac\u0103 chiar la ma\u0219ina de cusut a bunicii pentru c\u0103 la un moment dat cus\u0103turile trebuiau s\u0103 fie at\u00e2t de tari \u00eenc\u00e2t le f\u0103ceam noi cu acul \u0219i cu a\u021ba. O a\u021b\u0103 mai groas\u0103, care nu trecea prin chingile alea. Vreau s\u0103 v\u0103 spun c\u0103 acea ching\u0103 prin care se f\u0103ceau centurile la ma\u0219in\u0103 erau un fel de marf\u0103 de contraband\u0103. Nu \u0219tiu cine o procura, dar c\u00e2nd mergeam la concursurile noastre se vindea la metru \u0219i abia a\u0219teptam s\u0103 g\u0103sim pe cineva care s\u0103 fac\u0103 aceast\u0103 mic\u0103 bi\u0219ni\u021b\u0103 din care noi s\u0103 ne facem hamurile. Atunci intram \u00eentr-un traseu cu 20-25 de bucle la noi \u0219i, toate, aveau peste 25 de kilograme. Nu exista s\u0103 intri \u00eentr-un traseu \u0219i s\u0103 n-ai la tine un ciocan, ciocan care avea \u0219i el un kilogram, sc\u0103ri\u021be, pene. Acum totul s-a schimbat, echipamentele sunt mult mai u\u0219oare.<\/em><\/p>\n\n\n\n<p><strong>Vasile Cipcigan: Din 2016 conduci Asocia\u021bia\nNa\u021bional\u0103 a Salvatorilor din Rom\u00e2nia. Poveste\u0219te-ne pu\u021bin despre ANSMR. <\/strong><\/p>\n\n\n\n<p><strong>Sabin Cornoiu: <\/strong><em>\u00cenainte de Revolu\u021bie eram afilia\u021bi Ministerului Sporturilor pentru c\u0103 Salvamontul \u00eembin\u0103 pu\u021bin sportul cu acordarea primului-ajutor medical. \u0218i pentru c\u0103 proveneam din schiori, alpini\u0219ti \u0219i speologi \u0219i practican\u021bi ai sporturilor montane, am g\u0103sit aceast\u0103 variant\u0103 de a fi afilia\u021bi unei federa\u021bii sportive pentru c\u0103 primeam ni\u0219te drepturi precum aloca\u021bie de hran\u0103, cazare, echivalente celor ale sportivilor de performan\u021b\u0103. Ulterior am r\u0103mas ai nim\u0103nui \u0219i atunci prin 1992 am luat hot\u0103r\u00e2rea de a ne constitui \u00eentr-o asocia\u021bie profesional\u0103. De atunci am f\u0103cut parte din structurile de conducere. Atunci am pus bazele Salvamontului modern \u0219i atunci f\u0103ceam actele legislative. Vreau s\u0103 v\u0103 spun c\u0103 ultima hot\u0103r\u00e2re de guvern pe care o avem \u00een vigoare de 14 ani este considerat unul dintre cele mai bune acte normative care reglementeaz\u0103 activitatea de salvare montan\u0103 din Europa. Este luat\u0103 exemplu de foarte multe \u021b\u0103ri. <\/em><\/p>\n\n\n\n<ul class=\"wp-block-gallery columns-2 is-cropped\"><li class=\"blocks-gallery-item\"><figure><img loading=\"lazy\" width=\"1024\" height=\"683\" src=\"https:\/\/ski-outdoor.ro\/outdoor\/wp-content\/uploads\/sites\/4\/2020\/06\/salvamont-2-1024x683.jpg\" alt=\"\" data-id=\"4579\" data-link=\"https:\/\/ski-outdoor.ro\/outdoor\/?attachment_id=4579\" class=\"wp-image-4579\" srcset=\"https:\/\/ski-outdoor.ro\/outdoor\/wp-content\/uploads\/sites\/4\/2020\/06\/salvamont-2-1024x683.jpg 1024w, https:\/\/ski-outdoor.ro\/outdoor\/wp-content\/uploads\/sites\/4\/2020\/06\/salvamont-2-300x200.jpg 300w, https:\/\/ski-outdoor.ro\/outdoor\/wp-content\/uploads\/sites\/4\/2020\/06\/salvamont-2-768x512.jpg 768w, https:\/\/ski-outdoor.ro\/outdoor\/wp-content\/uploads\/sites\/4\/2020\/06\/salvamont-2-370x247.jpg 370w, https:\/\/ski-outdoor.ro\/outdoor\/wp-content\/uploads\/sites\/4\/2020\/06\/salvamont-2-270x180.jpg 270w, https:\/\/ski-outdoor.ro\/outdoor\/wp-content\/uploads\/sites\/4\/2020\/06\/salvamont-2-570x380.jpg 570w, https:\/\/ski-outdoor.ro\/outdoor\/wp-content\/uploads\/sites\/4\/2020\/06\/salvamont-2-770x514.jpg 770w, https:\/\/ski-outdoor.ro\/outdoor\/wp-content\/uploads\/sites\/4\/2020\/06\/salvamont-2-869x580.jpg 869w, https:\/\/ski-outdoor.ro\/outdoor\/wp-content\/uploads\/sites\/4\/2020\/06\/salvamont-2.jpg 1079w\" sizes=\"(max-width: 1024px) 100vw, 1024px\" \/><\/figure><\/li><li class=\"blocks-gallery-item\"><figure><img loading=\"lazy\" width=\"1024\" height=\"768\" src=\"https:\/\/ski-outdoor.ro\/outdoor\/wp-content\/uploads\/sites\/4\/2019\/10\/69244485_3100257980015343_3501362721016774656_n-1024x768.jpg\" alt=\"\" data-id=\"3117\" data-link=\"https:\/\/ski-outdoor.ro\/outdoor\/2019\/10\/05\/accident-tragic-la-maratonul-piatra-craiului-doi-participanti-au-murit-pe-traseu\/69244485_3100257980015343_3501362721016774656_n\/\" class=\"wp-image-3117\" srcset=\"https:\/\/ski-outdoor.ro\/outdoor\/wp-content\/uploads\/sites\/4\/2019\/10\/69244485_3100257980015343_3501362721016774656_n-1024x768.jpg 1024w, https:\/\/ski-outdoor.ro\/outdoor\/wp-content\/uploads\/sites\/4\/2019\/10\/69244485_3100257980015343_3501362721016774656_n-300x225.jpg 300w, https:\/\/ski-outdoor.ro\/outdoor\/wp-content\/uploads\/sites\/4\/2019\/10\/69244485_3100257980015343_3501362721016774656_n-768x576.jpg 768w, https:\/\/ski-outdoor.ro\/outdoor\/wp-content\/uploads\/sites\/4\/2019\/10\/69244485_3100257980015343_3501362721016774656_n-370x278.jpg 370w, https:\/\/ski-outdoor.ro\/outdoor\/wp-content\/uploads\/sites\/4\/2019\/10\/69244485_3100257980015343_3501362721016774656_n-570x428.jpg 570w, https:\/\/ski-outdoor.ro\/outdoor\/wp-content\/uploads\/sites\/4\/2019\/10\/69244485_3100257980015343_3501362721016774656_n-770x578.jpg 770w, https:\/\/ski-outdoor.ro\/outdoor\/wp-content\/uploads\/sites\/4\/2019\/10\/69244485_3100257980015343_3501362721016774656_n.jpg 1170w, https:\/\/ski-outdoor.ro\/outdoor\/wp-content\/uploads\/sites\/4\/2019\/10\/69244485_3100257980015343_3501362721016774656_n-773x580.jpg 773w\" sizes=\"(max-width: 1024px) 100vw, 1024px\" \/><figcaption>sursa: Facebook \/ Salvamont Romania<\/figcaption><\/figure><\/li><\/ul>\n\n\n\n<p><em>De 3-4 ani am ini\u021biat aceste acte legislative\nnecesare reglement\u0103rii meseriei de salvator montan. Am f\u0103cut standardul profesional,\nam introdus-o \u00een nomenclator \u0219i suntem prima \u021bar\u0103 din Europa care au reu\u0219it s\u0103\nintroducem acest standard ocupa\u021bional pentru activitatea de salvare montan\u0103.<\/em><\/p>\n\n\n\n<p><em>Toate acestea s-au f\u0103cut \u00een cadrul asocia\u021biei. De vreo\n15-20 de ani a devenit at\u00e2t de important\u0103 \u00eenc\u00e2t am fost declara\u021bi asocia\u021bie de\nutilitate public\u0103. Am primti dreptul de a face formarea profesional\u0103 \u00een aceast\u0103\nprofesie. Autoriz\u0103m centre de formare.<\/em><\/p>\n\n\n\n<p><strong>Vasile Cipcigan: Ce ne po\u021bi spune despre rela\u021bia\ncu DSU \u0219i Dispeceratul Salvamont?<\/strong><\/p>\n\n\n\n<p><strong>Sabin Cornoiu:<\/strong> <em>Dispeceratul Salvamont &nbsp;a fost f\u0103cut \u00eentr-o vreme \u00een care nu exista nici 112. Existau toate acele numere scurte pentru toate institu\u021biile statului, \u00eenc\u0103 nu erau reunite. Nu i-am dat num\u0103r scurt din cauza reglement\u0103rilor \u00een vigoare atunci. Cu ajutorul unui operator de telefonie mobil\u0103, am g\u0103sit aceast\u0103 variant\u0103 cu 0 Salvamont, acel 0 urmat de cifrele corespunz\u0103toare literelor din cuv\u00e2ntul Salvamont. S-a dovedit foarte util pentru cei care vroiau s\u0103 ob\u021bin\u0103 informa\u021bii despre o anumit\u0103 zon\u0103 montan\u0103 \u0219i la care s\u0103 anun\u021be accidente. Am dezvoltat \u0219i aplica\u021bia Salvamont prin care putem s\u0103 vedem pozi\u021bia celui care are probleme pe munte, deci noi am rezolvat aceast\u0103 problem\u0103 de vreo 10 ani. Acum 6 ani am prezentat aplica\u021bia la un congres din America \u0219i ni s-a confirmat c\u0103 e o aplica\u021bie bun\u0103. Era prima astfel de aplica\u021bie f\u0103cut\u0103 de o echip\u0103 de salvare \u00een lume, func\u021bional\u0103. A fost o premier\u0103 pentru noi.<\/em><\/p>\n\n\n\n<figure class=\"wp-block-image\"><img loading=\"lazy\" width=\"1024\" height=\"682\" src=\"https:\/\/ski-outdoor.ro\/outdoor\/wp-content\/uploads\/sites\/4\/2020\/06\/sabin-2-1024x682.jpg\" alt=\"\" class=\"wp-image-4583\" srcset=\"https:\/\/ski-outdoor.ro\/outdoor\/wp-content\/uploads\/sites\/4\/2020\/06\/sabin-2-1024x682.jpg 1024w, https:\/\/ski-outdoor.ro\/outdoor\/wp-content\/uploads\/sites\/4\/2020\/06\/sabin-2-300x200.jpg 300w, https:\/\/ski-outdoor.ro\/outdoor\/wp-content\/uploads\/sites\/4\/2020\/06\/sabin-2-768x512.jpg 768w, https:\/\/ski-outdoor.ro\/outdoor\/wp-content\/uploads\/sites\/4\/2020\/06\/sabin-2-370x247.jpg 370w, https:\/\/ski-outdoor.ro\/outdoor\/wp-content\/uploads\/sites\/4\/2020\/06\/sabin-2-270x180.jpg 270w, https:\/\/ski-outdoor.ro\/outdoor\/wp-content\/uploads\/sites\/4\/2020\/06\/sabin-2-570x380.jpg 570w, https:\/\/ski-outdoor.ro\/outdoor\/wp-content\/uploads\/sites\/4\/2020\/06\/sabin-2-770x513.jpg 770w, https:\/\/ski-outdoor.ro\/outdoor\/wp-content\/uploads\/sites\/4\/2020\/06\/sabin-2-870x580.jpg 870w, https:\/\/ski-outdoor.ro\/outdoor\/wp-content\/uploads\/sites\/4\/2020\/06\/sabin-2.jpg 1037w\" sizes=\"(max-width: 1024px) 100vw, 1024px\" \/><\/figure>\n\n\n\n<p><em>\u00cen ceea ce prive\u0219te Departamentul pentru Salvarea de Urgen\u021b\u0103 (DSU), acesta reune\u0219te toate structurile implicate \u00een salvarea de vie\u021bi omene\u0219ti. \u0218i aici vorbim de pompieri, de Ambulan\u021b\u0103-SMURD, elicoptere \u0219i Salvamont, acestea sunt cele 4 structuri mari. De c\u00e2\u021biva ani s-a implementat salvarea aer \u0219i e foarte bine pentru c\u0103 foarte multe accidente grave le pred\u0103m la elicopter \u0219i m\u0103rim \u0219ansa de supravie\u021buire a victimei. De anul viitor sau poate chiar din acest an vor mai fi achizi\u021bionate 4 elicoptere pentru zona montan\u0103. Ele vor acoperi cu cele existente foarte bine \u00eentreaga zon\u0103 montan\u0103 a \u021b\u0103rii, vor fi folosite cu prioritate pentru salvarea montan\u0103. \u00cen cadrul DSU exist\u0103 o comisie de salvare montan\u0103 care cuprinde toate institu\u021biile care au atribu\u021bii \u00een salvarea montan\u0103.<\/em><\/p>\n\n\n\n<p><em>Noi am stabilit prin legisla\u021bie culorile\nechipamentului salvatorului montan. Nu avem o structur\u0103 centralizat\u0103 cu buget. \u0218i\natunci fiecare echip\u0103 \u00ee\u0219i gestioneaz\u0103 cel mai bine acest aspect.<\/em><\/p>\n\n\n\n<ul class=\"wp-block-gallery columns-2 is-cropped\"><li class=\"blocks-gallery-item\"><figure><img loading=\"lazy\" width=\"762\" height=\"960\" src=\"https:\/\/ski-outdoor.ro\/outdoor\/wp-content\/uploads\/sites\/4\/2020\/06\/salvamont-21.jpg\" alt=\"\" data-id=\"4582\" data-link=\"https:\/\/ski-outdoor.ro\/outdoor\/?attachment_id=4582\" class=\"wp-image-4582\" srcset=\"https:\/\/ski-outdoor.ro\/outdoor\/wp-content\/uploads\/sites\/4\/2020\/06\/salvamont-21.jpg 762w, https:\/\/ski-outdoor.ro\/outdoor\/wp-content\/uploads\/sites\/4\/2020\/06\/salvamont-21-238x300.jpg 238w, https:\/\/ski-outdoor.ro\/outdoor\/wp-content\/uploads\/sites\/4\/2020\/06\/salvamont-21-370x466.jpg 370w, https:\/\/ski-outdoor.ro\/outdoor\/wp-content\/uploads\/sites\/4\/2020\/06\/salvamont-21-570x718.jpg 570w, https:\/\/ski-outdoor.ro\/outdoor\/wp-content\/uploads\/sites\/4\/2020\/06\/salvamont-21-460x580.jpg 460w\" sizes=\"(max-width: 762px) 100vw, 762px\" \/><\/figure><\/li><li class=\"blocks-gallery-item\"><figure><img loading=\"lazy\" width=\"720\" height=\"960\" src=\"https:\/\/ski-outdoor.ro\/outdoor\/wp-content\/uploads\/sites\/4\/2020\/06\/salvamont-19.jpg\" alt=\"\" data-id=\"4581\" data-link=\"https:\/\/ski-outdoor.ro\/outdoor\/?attachment_id=4581\" class=\"wp-image-4581\" srcset=\"https:\/\/ski-outdoor.ro\/outdoor\/wp-content\/uploads\/sites\/4\/2020\/06\/salvamont-19.jpg 720w, https:\/\/ski-outdoor.ro\/outdoor\/wp-content\/uploads\/sites\/4\/2020\/06\/salvamont-19-225x300.jpg 225w, https:\/\/ski-outdoor.ro\/outdoor\/wp-content\/uploads\/sites\/4\/2020\/06\/salvamont-19-370x493.jpg 370w, https:\/\/ski-outdoor.ro\/outdoor\/wp-content\/uploads\/sites\/4\/2020\/06\/salvamont-19-570x760.jpg 570w, https:\/\/ski-outdoor.ro\/outdoor\/wp-content\/uploads\/sites\/4\/2020\/06\/salvamont-19-435x580.jpg 435w\" sizes=\"(max-width: 720px) 100vw, 720px\" \/><\/figure><\/li><\/ul>\n\n\n\n<p><strong>Vasile Cipcigan: Sunt foarte mul\u021bi tineri care doresc s\u0103 devin\u0103 salvatori montani. Care sunt pa\u0219ii?<\/strong><\/p>\n\n\n\n<p><strong>Sabin Cornoiu:<\/strong> <em>Noi avem toate informa\u021biile prezentate pe site <a href=\"http:\/\/www.salvamontromania.ro\">www.salvamontromania.ro<\/a> . Foarte mult\u0103 lume ne scrie. Salvator montan devii dac\u0103 ai fost un iubitor al muntelui \u0219i un bun practicant al sporturilor montane, al schiului, al alpinismului, iar toate acestea vrei s\u0103 le pui \u00een slujba salv\u0103rii montane. Timp de 2 ani mergi cu o echip\u0103 de salvare montan\u0103 ca \u0219i aspirant la titlul de membru. \u00cen clipa c\u00e2nd ajungi un anumit nivel, e\u0219ti trimis la etapele na\u021bionale de evaluare \u0219i de formare profesional\u0103. Aici sunt 4 etape, 2 de iarn\u0103 \u0219i 2 de var\u0103, structurate pe nivelul de \u00eencep\u0103tori \u0219i avansa\u021bi. Fiecare absolvire a unei etape \u00ee\u021bi d\u0103 dreptul s\u0103 intri \u00een alt\u0103 etap\u0103. Dup\u0103 absolvirea lor, dai un examen de atestare \u00een baza c\u0103ruia prime\u0219ti atestatul de salvator montan, e\u0219ti recunoscut \u0219i ai dreptul s\u0103 faci aceast\u0103 profesie. Reatestarea se d\u0103 odat\u0103 la 3 ani. \u00cen \u021bar\u0103 avem peste 14 centre jude\u021bene de formare profesional\u0103 acreditate. Salvatorul face un elan deosebit din punct de vedere fizic pentru a solu\u021biona o ac\u021biune de salvare, iar apoi este \u00eenc\u0103rc\u0103tura psihic\u0103. Vorbim de cazuri cu oameni care cad de pe st\u00e2nci, care poate cad metri sau zeci de metri. Doar mai sim\u021bi o b\u0103taie de inim\u0103 \u0219i atunci \u00eencerci s\u0103 faci ceva s\u0103 salvezi via\u021ba acelui om. <\/em><\/p>\n\n\n\n<p><strong>Vasile Cipcigan: O \u00eentrebare primit\u0103 de la urm\u0103ritori: salvamontul nu percepe taxe de salvare \u0219i de ce legisla\u021bia nu este f\u0103cut\u0103 \u00een a\u0219a fel \u00een care s\u0103 existe firme de salvare montan\u0103 care s\u0103 opereze contra-cost?<\/strong><\/p>\n\n\n\n<p><strong>Sabin Cornoiu:<\/strong> <em>Fiecare \u021bar\u0103 \u0219i-a f\u0103cut propriul sistem de s\u0103n\u0103tate. Dac\u0103 Rom\u00e2nia merge de ani buni pe ideea c\u0103 urgen\u021ba medical\u0103 este gratuit\u0103, atunci un caz de salvare montan\u0103 este \u0219i va r\u0103m\u00e2ne gratuit. Pe plan mondial, la congresele de care v\u0103 spuneam suntem aprecia\u021bi pentru asta. Ei ne dau exemple foarte dure de la ei \u00een care ajungi la cel accidentat \u0219i \u00eel \u00eentrebi dac\u0103 are asigurare. Dac\u0103 nu are \u00eel pui s\u0103 semneze un proces verbal \u00een care spune c\u0103 va pl\u0103ti costurile. \u00cen asta trebuie s\u0103 stea salvarea montan\u0103?! \u00centr-o birocra\u021bie la fa\u021ba locului. Noi mergem \u0219i salv\u0103m. Nu \u00eentreb\u0103m nimic.<\/em><\/p>\n\n\n\n<p><em>Drume\u021bii trebuie s\u0103 \u00een\u021beleag\u0103 c\u0103 suntem prietenii lor de pe c\u0103r\u0103rile mun\u021bilor, suntem al\u0103turi de ei, nu o s\u0103 le d\u0103m vreodat\u0103 o amend\u0103 sau s\u0103 \u00eei \u00eentreb\u0103m dac\u0103 au gre\u0219it.<\/em><\/p>\n\n\n\n<figure class=\"wp-block-image\"><img loading=\"lazy\" width=\"960\" height=\"540\" src=\"https:\/\/ski-outdoor.ro\/outdoor\/wp-content\/uploads\/sites\/4\/2020\/06\/salvamont-25.jpg\" alt=\"\" class=\"wp-image-4584\" srcset=\"https:\/\/ski-outdoor.ro\/outdoor\/wp-content\/uploads\/sites\/4\/2020\/06\/salvamont-25.jpg 960w, https:\/\/ski-outdoor.ro\/outdoor\/wp-content\/uploads\/sites\/4\/2020\/06\/salvamont-25-300x169.jpg 300w, https:\/\/ski-outdoor.ro\/outdoor\/wp-content\/uploads\/sites\/4\/2020\/06\/salvamont-25-768x432.jpg 768w, https:\/\/ski-outdoor.ro\/outdoor\/wp-content\/uploads\/sites\/4\/2020\/06\/salvamont-25-370x208.jpg 370w, https:\/\/ski-outdoor.ro\/outdoor\/wp-content\/uploads\/sites\/4\/2020\/06\/salvamont-25-570x321.jpg 570w, https:\/\/ski-outdoor.ro\/outdoor\/wp-content\/uploads\/sites\/4\/2020\/06\/salvamont-25-770x433.jpg 770w\" sizes=\"(max-width: 960px) 100vw, 960px\" \/><\/figure>\n\n\n\n<p><strong>Vasile Cipcigan: De c\u00e2\u021biva ani, cam \u00een toate\ndepartamentele din \u021bar\u0103 s-au format departamente de salvare din subteran de\nsalva-speo \u0219i de scafandrii. Ce po\u021bi s\u0103 spui despre aceast\u0103 diversificare a\nactivit\u0103\u021bii?<\/strong><\/p>\n\n\n\n<p><strong>Sabin Cornoiu:<\/strong> <em>La un moment dat a ap\u0103rut o lege a salv\u0103rilor\nspeologice. Era \u0219i normal s\u0103 apar\u0103 un act normativ. Se folosesc alte\nechipamente, este alt\u0103 preg\u0103tire. \u0218i pe\u0219tera \u0219i muntele \u00een sine este un mediu ostil,\ndar salvarea e diferit\u0103. \u00cen acest moment cred c\u0103 sunt vreo 10 jude\u021be din\nRom\u00e2nia cu salvare speologic\u0103. la fel ca un spital, la fel se acrediteaz\u0103 \u0219i serviciile\nSalvamont.<\/em><\/p>\n\n\n\n<p><em>Cu bucurie v\u0103 spun c\u0103 sunt deja multe centre \u00een care folosim dronele de salvare. Mai mult dec\u00e2t at\u00e2t, am f\u0103cut primele teste \u0219i noi la Gorj \u0219i la Mure\u0219 pentru transportul echipamentelor. Am \u00eenceput cu transportul defibrilatoarelor \u0219i am reu\u0219it. Avem drone performante.<\/em><\/p>\n\n\n\n<p><strong><em>Urm\u0103re\u0219te integral a doua emisiune OUTDOOR live cu Sabin Cornoiu,&nbsp;<a href=\"https:\/\/www.youtube.com\/watch?v=WLv5Rx9q5rg&amp;feature=emb_title\" target=\"_blank\" rel=\"noreferrer noopener\" aria-label=\"aici (se deschide \u00eentr-o fil\u0103 nou\u0103)\">aici<\/a>.<\/em><\/strong><\/p>\n\n\n\n<p><em>Interviu realizat de Vasile Cipcigan<\/em><\/p>\n","protected":false},"excerpt":{"rendered":"<p>Cu peste 30 de ani dedica\u021bi salv\u0103rii montane, Sabin Cornoiu, \u0219eful Salvamont Rom\u00e2nia \u0219i pre\u0219edintele Asocia\u021biei Na\u021bionale a Salvatorilor Montani&#8230;<\/p>\n","protected":false},"author":16,"featured_media":3664,"comment_status":"open","ping_status":"open","sticky":false,"template":"","format":"standard","meta":[],"categories":[37],"tags":[2080,2079,2081,2076,2070,1370,1027,2082,138,394,1489,2075,270,824,822,2078,2077,2069,990,934,235,211],"yoast_head":"<!-- This site is optimized with the Yoast SEO plugin v18.4.1 - https:\/\/yoast.com\/wordpress\/plugins\/seo\/ -->\n<title>\u0218eful Salvamont Rom\u00e2nia: Suntem prietenii vo\u0219tri de pe c\u0103r\u0103rile mun\u021bilor - Outdoor Magazine<\/title>\n<meta name=\"robots\" content=\"index, follow, max-snippet:-1, max-image-preview:large, max-video-preview:-1\" \/>\n<link rel=\"canonical\" href=\"https:\/\/ski-outdoor.ro\/outdoor\/2020\/06\/18\/seful-salvamont-romania-suntem-prietenii-vostri-de-pe-cararile-muntilor\/\" \/>\n<meta property=\"og:locale\" content=\"ro_RO\" \/>\n<meta property=\"og:type\" content=\"article\" \/>\n<meta property=\"og:title\" content=\"\u0218eful Salvamont Rom\u00e2nia: Suntem prietenii vo\u0219tri de pe c\u0103r\u0103rile mun\u021bilor - Outdoor Magazine\" \/>\n<meta property=\"og:description\" content=\"Cu peste 30 de ani dedica\u021bi salv\u0103rii montane, Sabin Cornoiu, \u0219eful Salvamont Rom\u00e2nia \u0219i pre\u0219edintele Asocia\u021biei Na\u021bionale a Salvatorilor Montani...\" \/>\n<meta property=\"og:url\" content=\"https:\/\/ski-outdoor.ro\/outdoor\/2020\/06\/18\/seful-salvamont-romania-suntem-prietenii-vostri-de-pe-cararile-muntilor\/\" \/>\n<meta property=\"og:site_name\" content=\"Outdoor Magazine\" \/>\n<meta property=\"article:publisher\" content=\"https:\/\/www.facebook.com\/skiandoutdoormagazine\" \/>\n<meta property=\"article:published_time\" content=\"2020-06-18T20:26:26+00:00\" \/>\n<meta property=\"article:modified_time\" content=\"2020-08-17T16:09:56+00:00\" \/>\n<meta property=\"og:image\" content=\"https:\/\/ski-outdoor.ro\/outdoor\/wp-content\/uploads\/sites\/4\/2020\/04\/salvamont.jpg\" \/>\n\t<meta property=\"og:image:width\" content=\"1598\" \/>\n\t<meta property=\"og:image:height\" content=\"899\" \/>\n\t<meta property=\"og:image:type\" content=\"image\/jpeg\" \/>\n<meta name=\"twitter:card\" content=\"summary_large_image\" \/>\n<meta name=\"twitter:label1\" content=\"Scris de\" \/>\n\t<meta name=\"twitter:data1\" content=\"Bianca \u0218omlea\" \/>\n\t<meta name=\"twitter:label2\" content=\"Timp estimat pentru citire\" \/>\n\t<meta name=\"twitter:data2\" content=\"9 minute\" \/>\n<script type=\"application\/ld+json\" class=\"yoast-schema-graph\">{\"@context\":\"https:\/\/schema.org\",\"@graph\":[{\"@type\":\"Organization\",\"@id\":\"https:\/\/ski-outdoor.ro\/outdoor\/#organization\",\"name\":\"Ski & Outdoor Magazine\",\"url\":\"https:\/\/ski-outdoor.ro\/outdoor\/\",\"sameAs\":[\"https:\/\/www.facebook.com\/skiandoutdoormagazine\"],\"logo\":{\"@type\":\"ImageObject\",\"@id\":\"https:\/\/ski-outdoor.ro\/outdoor\/#logo\",\"inLanguage\":\"ro-RO\",\"url\":\"https:\/\/ski-outdoor.ro\/outdoor\/wp-content\/uploads\/sites\/4\/2019\/05\/logo-e1557923623153.png\",\"contentUrl\":\"https:\/\/ski-outdoor.ro\/outdoor\/wp-content\/uploads\/sites\/4\/2019\/05\/logo-e1557923623153.png\",\"width\":600,\"height\":165,\"caption\":\"Ski & Outdoor Magazine\"},\"image\":{\"@id\":\"https:\/\/ski-outdoor.ro\/outdoor\/#logo\"}},{\"@type\":\"WebSite\",\"@id\":\"https:\/\/ski-outdoor.ro\/outdoor\/#website\",\"url\":\"https:\/\/ski-outdoor.ro\/outdoor\/\",\"name\":\"Outdoor Magazine\",\"description\":\"\",\"publisher\":{\"@id\":\"https:\/\/ski-outdoor.ro\/outdoor\/#organization\"},\"potentialAction\":[{\"@type\":\"SearchAction\",\"target\":{\"@type\":\"EntryPoint\",\"urlTemplate\":\"https:\/\/ski-outdoor.ro\/outdoor\/?s={search_term_string}\"},\"query-input\":\"required name=search_term_string\"}],\"inLanguage\":\"ro-RO\"},{\"@type\":\"ImageObject\",\"@id\":\"https:\/\/ski-outdoor.ro\/outdoor\/2020\/06\/18\/seful-salvamont-romania-suntem-prietenii-vostri-de-pe-cararile-muntilor\/#primaryimage\",\"inLanguage\":\"ro-RO\",\"url\":\"https:\/\/ski-outdoor.ro\/outdoor\/wp-content\/uploads\/sites\/4\/2020\/04\/salvamont.jpg\",\"contentUrl\":\"https:\/\/ski-outdoor.ro\/outdoor\/wp-content\/uploads\/sites\/4\/2020\/04\/salvamont.jpg\",\"width\":1598,\"height\":899},{\"@type\":\"WebPage\",\"@id\":\"https:\/\/ski-outdoor.ro\/outdoor\/2020\/06\/18\/seful-salvamont-romania-suntem-prietenii-vostri-de-pe-cararile-muntilor\/#webpage\",\"url\":\"https:\/\/ski-outdoor.ro\/outdoor\/2020\/06\/18\/seful-salvamont-romania-suntem-prietenii-vostri-de-pe-cararile-muntilor\/\",\"name\":\"\u0218eful Salvamont Rom\u00e2nia: Suntem prietenii vo\u0219tri de pe c\u0103r\u0103rile mun\u021bilor - Outdoor Magazine\",\"isPartOf\":{\"@id\":\"https:\/\/ski-outdoor.ro\/outdoor\/#website\"},\"primaryImageOfPage\":{\"@id\":\"https:\/\/ski-outdoor.ro\/outdoor\/2020\/06\/18\/seful-salvamont-romania-suntem-prietenii-vostri-de-pe-cararile-muntilor\/#primaryimage\"},\"datePublished\":\"2020-06-18T20:26:26+00:00\",\"dateModified\":\"2020-08-17T16:09:56+00:00\",\"breadcrumb\":{\"@id\":\"https:\/\/ski-outdoor.ro\/outdoor\/2020\/06\/18\/seful-salvamont-romania-suntem-prietenii-vostri-de-pe-cararile-muntilor\/#breadcrumb\"},\"inLanguage\":\"ro-RO\",\"potentialAction\":[{\"@type\":\"ReadAction\",\"target\":[\"https:\/\/ski-outdoor.ro\/outdoor\/2020\/06\/18\/seful-salvamont-romania-suntem-prietenii-vostri-de-pe-cararile-muntilor\/\"]}]},{\"@type\":\"BreadcrumbList\",\"@id\":\"https:\/\/ski-outdoor.ro\/outdoor\/2020\/06\/18\/seful-salvamont-romania-suntem-prietenii-vostri-de-pe-cararile-muntilor\/#breadcrumb\",\"itemListElement\":[{\"@type\":\"ListItem\",\"position\":1,\"name\":\"Home\",\"item\":\"https:\/\/ski-outdoor.ro\/outdoor\/\"},{\"@type\":\"ListItem\",\"position\":2,\"name\":\"\u0218eful Salvamont Rom\u00e2nia: Suntem prietenii vo\u0219tri de pe c\u0103r\u0103rile mun\u021bilor\"}]},{\"@type\":\"Article\",\"@id\":\"https:\/\/ski-outdoor.ro\/outdoor\/2020\/06\/18\/seful-salvamont-romania-suntem-prietenii-vostri-de-pe-cararile-muntilor\/#article\",\"isPartOf\":{\"@id\":\"https:\/\/ski-outdoor.ro\/outdoor\/2020\/06\/18\/seful-salvamont-romania-suntem-prietenii-vostri-de-pe-cararile-muntilor\/#webpage\"},\"author\":{\"@id\":\"https:\/\/ski-outdoor.ro\/outdoor\/#\/schema\/person\/29661f8d079aa10872d8edcf2a2a520b\"},\"headline\":\"\u0218eful Salvamont Rom\u00e2nia: Suntem prietenii vo\u0219tri de pe c\u0103r\u0103rile mun\u021bilor\",\"datePublished\":\"2020-06-18T20:26:26+00:00\",\"dateModified\":\"2020-08-17T16:09:56+00:00\",\"mainEntityOfPage\":{\"@id\":\"https:\/\/ski-outdoor.ro\/outdoor\/2020\/06\/18\/seful-salvamont-romania-suntem-prietenii-vostri-de-pe-cararile-muntilor\/#webpage\"},\"wordCount\":1912,\"commentCount\":0,\"publisher\":{\"@id\":\"https:\/\/ski-outdoor.ro\/outdoor\/#organization\"},\"image\":{\"@id\":\"https:\/\/ski-outdoor.ro\/outdoor\/2020\/06\/18\/seful-salvamont-romania-suntem-prietenii-vostri-de-pe-cararile-muntilor\/#primaryimage\"},\"thumbnailUrl\":\"https:\/\/ski-outdoor.ro\/outdoor\/wp-content\/uploads\/sites\/4\/2020\/04\/salvamont.jpg\",\"keywords\":[\"actiuni\",\"ansmr\",\"aplicatie\",\"asociatia natioanala a salvatorilor montani din romania\",\"dispecerat\",\"drumeti\",\"interviu\",\"legislatie\",\"outdoor magazine\",\"premiera\",\"prieteni\",\"sabin cournoiu\",\"salvamont\",\"salvamont romania\",\"salvare\",\"salvare montana\",\"salvator montan\",\"seful\",\"Ski magazine\",\"ski&amp;outdoor magazine\",\"traseu\",\"Vasile Cipcigan\"],\"articleSection\":[\"Interviu\"],\"inLanguage\":\"ro-RO\",\"potentialAction\":[{\"@type\":\"CommentAction\",\"name\":\"Comment\",\"target\":[\"https:\/\/ski-outdoor.ro\/outdoor\/2020\/06\/18\/seful-salvamont-romania-suntem-prietenii-vostri-de-pe-cararile-muntilor\/#respond\"]}]},{\"@type\":\"Person\",\"@id\":\"https:\/\/ski-outdoor.ro\/outdoor\/#\/schema\/person\/29661f8d079aa10872d8edcf2a2a520b\",\"name\":\"Bianca \u0218omlea\",\"image\":{\"@type\":\"ImageObject\",\"@id\":\"https:\/\/ski-outdoor.ro\/outdoor\/#personlogo\",\"inLanguage\":\"ro-RO\",\"url\":\"https:\/\/secure.gravatar.com\/avatar\/b39a83203da3fc8888ded6e8052246ad?s=96&d=mm&r=g\",\"contentUrl\":\"https:\/\/secure.gravatar.com\/avatar\/b39a83203da3fc8888ded6e8052246ad?s=96&d=mm&r=g\",\"caption\":\"Bianca \u0218omlea\"},\"url\":\"https:\/\/ski-outdoor.ro\/outdoor\/author\/editorfb206\/\"}]}<\/script>\n<!-- \/ Yoast SEO plugin. -->","yoast_head_json":{"title":"\u0218eful Salvamont Rom\u00e2nia: Suntem prietenii vo\u0219tri de pe c\u0103r\u0103rile mun\u021bilor - Outdoor Magazine","robots":{"index":"index","follow":"follow","max-snippet":"max-snippet:-1","max-image-preview":"max-image-preview:large","max-video-preview":"max-video-preview:-1"},"canonical":"https:\/\/ski-outdoor.ro\/outdoor\/2020\/06\/18\/seful-salvamont-romania-suntem-prietenii-vostri-de-pe-cararile-muntilor\/","og_locale":"ro_RO","og_type":"article","og_title":"\u0218eful Salvamont Rom\u00e2nia: Suntem prietenii vo\u0219tri de pe c\u0103r\u0103rile mun\u021bilor - Outdoor Magazine","og_description":"Cu peste 30 de ani dedica\u021bi salv\u0103rii montane, Sabin Cornoiu, \u0219eful Salvamont Rom\u00e2nia \u0219i pre\u0219edintele Asocia\u021biei Na\u021bionale a Salvatorilor Montani...","og_url":"https:\/\/ski-outdoor.ro\/outdoor\/2020\/06\/18\/seful-salvamont-romania-suntem-prietenii-vostri-de-pe-cararile-muntilor\/","og_site_name":"Outdoor Magazine","article_publisher":"https:\/\/www.facebook.com\/skiandoutdoormagazine","article_published_time":"2020-06-18T20:26:26+00:00","article_modified_time":"2020-08-17T16:09:56+00:00","og_image":[{"width":1598,"height":899,"url":"https:\/\/ski-outdoor.ro\/outdoor\/wp-content\/uploads\/sites\/4\/2020\/04\/salvamont.jpg","type":"image\/jpeg"}],"twitter_card":"summary_large_image","twitter_misc":{"Scris de":"Bianca \u0218omlea","Timp estimat pentru citire":"9 minute"},"schema":{"@context":"https:\/\/schema.org","@graph":[{"@type":"Organization","@id":"https:\/\/ski-outdoor.ro\/outdoor\/#organization","name":"Ski & Outdoor Magazine","url":"https:\/\/ski-outdoor.ro\/outdoor\/","sameAs":["https:\/\/www.facebook.com\/skiandoutdoormagazine"],"logo":{"@type":"ImageObject","@id":"https:\/\/ski-outdoor.ro\/outdoor\/#logo","inLanguage":"ro-RO","url":"https:\/\/ski-outdoor.ro\/outdoor\/wp-content\/uploads\/sites\/4\/2019\/05\/logo-e1557923623153.png","contentUrl":"https:\/\/ski-outdoor.ro\/outdoor\/wp-content\/uploads\/sites\/4\/2019\/05\/logo-e1557923623153.png","width":600,"height":165,"caption":"Ski & Outdoor Magazine"},"image":{"@id":"https:\/\/ski-outdoor.ro\/outdoor\/#logo"}},{"@type":"WebSite","@id":"https:\/\/ski-outdoor.ro\/outdoor\/#website","url":"https:\/\/ski-outdoor.ro\/outdoor\/","name":"Outdoor Magazine","description":"","publisher":{"@id":"https:\/\/ski-outdoor.ro\/outdoor\/#organization"},"potentialAction":[{"@type":"SearchAction","target":{"@type":"EntryPoint","urlTemplate":"https:\/\/ski-outdoor.ro\/outdoor\/?s={search_term_string}"},"query-input":"required name=search_term_string"}],"inLanguage":"ro-RO"},{"@type":"ImageObject","@id":"https:\/\/ski-outdoor.ro\/outdoor\/2020\/06\/18\/seful-salvamont-romania-suntem-prietenii-vostri-de-pe-cararile-muntilor\/#primaryimage","inLanguage":"ro-RO","url":"https:\/\/ski-outdoor.ro\/outdoor\/wp-content\/uploads\/sites\/4\/2020\/04\/salvamont.jpg","contentUrl":"https:\/\/ski-outdoor.ro\/outdoor\/wp-content\/uploads\/sites\/4\/2020\/04\/salvamont.jpg","width":1598,"height":899},{"@type":"WebPage","@id":"https:\/\/ski-outdoor.ro\/outdoor\/2020\/06\/18\/seful-salvamont-romania-suntem-prietenii-vostri-de-pe-cararile-muntilor\/#webpage","url":"https:\/\/ski-outdoor.ro\/outdoor\/2020\/06\/18\/seful-salvamont-romania-suntem-prietenii-vostri-de-pe-cararile-muntilor\/","name":"\u0218eful Salvamont Rom\u00e2nia: Suntem prietenii vo\u0219tri de pe c\u0103r\u0103rile mun\u021bilor - Outdoor Magazine","isPartOf":{"@id":"https:\/\/ski-outdoor.ro\/outdoor\/#website"},"primaryImageOfPage":{"@id":"https:\/\/ski-outdoor.ro\/outdoor\/2020\/06\/18\/seful-salvamont-romania-suntem-prietenii-vostri-de-pe-cararile-muntilor\/#primaryimage"},"datePublished":"2020-06-18T20:26:26+00:00","dateModified":"2020-08-17T16:09:56+00:00","breadcrumb":{"@id":"https:\/\/ski-outdoor.ro\/outdoor\/2020\/06\/18\/seful-salvamont-romania-suntem-prietenii-vostri-de-pe-cararile-muntilor\/#breadcrumb"},"inLanguage":"ro-RO","potentialAction":[{"@type":"ReadAction","target":["https:\/\/ski-outdoor.ro\/outdoor\/2020\/06\/18\/seful-salvamont-romania-suntem-prietenii-vostri-de-pe-cararile-muntilor\/"]}]},{"@type":"BreadcrumbList","@id":"https:\/\/ski-outdoor.ro\/outdoor\/2020\/06\/18\/seful-salvamont-romania-suntem-prietenii-vostri-de-pe-cararile-muntilor\/#breadcrumb","itemListElement":[{"@type":"ListItem","position":1,"name":"Home","item":"https:\/\/ski-outdoor.ro\/outdoor\/"},{"@type":"ListItem","position":2,"name":"\u0218eful Salvamont Rom\u00e2nia: Suntem prietenii vo\u0219tri de pe c\u0103r\u0103rile mun\u021bilor"}]},{"@type":"Article","@id":"https:\/\/ski-outdoor.ro\/outdoor\/2020\/06\/18\/seful-salvamont-romania-suntem-prietenii-vostri-de-pe-cararile-muntilor\/#article","isPartOf":{"@id":"https:\/\/ski-outdoor.ro\/outdoor\/2020\/06\/18\/seful-salvamont-romania-suntem-prietenii-vostri-de-pe-cararile-muntilor\/#webpage"},"author":{"@id":"https:\/\/ski-outdoor.ro\/outdoor\/#\/schema\/person\/29661f8d079aa10872d8edcf2a2a520b"},"headline":"\u0218eful Salvamont Rom\u00e2nia: Suntem prietenii vo\u0219tri de pe c\u0103r\u0103rile mun\u021bilor","datePublished":"2020-06-18T20:26:26+00:00","dateModified":"2020-08-17T16:09:56+00:00","mainEntityOfPage":{"@id":"https:\/\/ski-outdoor.ro\/outdoor\/2020\/06\/18\/seful-salvamont-romania-suntem-prietenii-vostri-de-pe-cararile-muntilor\/#webpage"},"wordCount":1912,"commentCount":0,"publisher":{"@id":"https:\/\/ski-outdoor.ro\/outdoor\/#organization"},"image":{"@id":"https:\/\/ski-outdoor.ro\/outdoor\/2020\/06\/18\/seful-salvamont-romania-suntem-prietenii-vostri-de-pe-cararile-muntilor\/#primaryimage"},"thumbnailUrl":"https:\/\/ski-outdoor.ro\/outdoor\/wp-content\/uploads\/sites\/4\/2020\/04\/salvamont.jpg","keywords":["actiuni","ansmr","aplicatie","asociatia natioanala a salvatorilor montani din romania","dispecerat","drumeti","interviu","legislatie","outdoor magazine","premiera","prieteni","sabin cournoiu","salvamont","salvamont romania","salvare","salvare montana","salvator montan","seful","Ski magazine","ski&amp;outdoor magazine","traseu","Vasile Cipcigan"],"articleSection":["Interviu"],"inLanguage":"ro-RO","potentialAction":[{"@type":"CommentAction","name":"Comment","target":["https:\/\/ski-outdoor.ro\/outdoor\/2020\/06\/18\/seful-salvamont-romania-suntem-prietenii-vostri-de-pe-cararile-muntilor\/#respond"]}]},{"@type":"Person","@id":"https:\/\/ski-outdoor.ro\/outdoor\/#\/schema\/person\/29661f8d079aa10872d8edcf2a2a520b","name":"Bianca \u0218omlea","image":{"@type":"ImageObject","@id":"https:\/\/ski-outdoor.ro\/outdoor\/#personlogo","inLanguage":"ro-RO","url":"https:\/\/secure.gravatar.com\/avatar\/b39a83203da3fc8888ded6e8052246ad?s=96&d=mm&r=g","contentUrl":"https:\/\/secure.gravatar.com\/avatar\/b39a83203da3fc8888ded6e8052246ad?s=96&d=mm&r=g","caption":"Bianca \u0218omlea"},"url":"https:\/\/ski-outdoor.ro\/outdoor\/author\/editorfb206\/"}]}},"_links":{"self":[{"href":"https:\/\/ski-outdoor.ro\/outdoor\/wp-json\/wp\/v2\/posts\/4209"}],"collection":[{"href":"https:\/\/ski-outdoor.ro\/outdoor\/wp-json\/wp\/v2\/posts"}],"about":[{"href":"https:\/\/ski-outdoor.ro\/outdoor\/wp-json\/wp\/v2\/types\/post"}],"author":[{"embeddable":true,"href":"https:\/\/ski-outdoor.ro\/outdoor\/wp-json\/wp\/v2\/users\/16"}],"replies":[{"embeddable":true,"href":"https:\/\/ski-outdoor.ro\/outdoor\/wp-json\/wp\/v2\/comments?post=4209"}],"version-history":[{"count":10,"href":"https:\/\/ski-outdoor.ro\/outdoor\/wp-json\/wp\/v2\/posts\/4209\/revisions"}],"predecessor-version":[{"id":5295,"href":"https:\/\/ski-outdoor.ro\/outdoor\/wp-json\/wp\/v2\/posts\/4209\/revisions\/5295"}],"wp:featuredmedia":[{"embeddable":true,"href":"https:\/\/ski-outdoor.ro\/outdoor\/wp-json\/wp\/v2\/media\/3664"}],"wp:attachment":[{"href":"https:\/\/ski-outdoor.ro\/outdoor\/wp-json\/wp\/v2\/media?parent=4209"}],"wp:term":[{"taxonomy":"category","embeddable":true,"href":"https:\/\/ski-outdoor.ro\/outdoor\/wp-json\/wp\/v2\/categories?post=4209"},{"taxonomy":"post_tag","embeddable":true,"href":"https:\/\/ski-outdoor.ro\/outdoor\/wp-json\/wp\/v2\/tags?post=4209"}],"curies":[{"name":"wp","href":"https:\/\/api.w.org\/{rel}","templated":true}]}}