{"id":4242,"date":"2020-05-30T22:13:36","date_gmt":"2020-05-30T22:13:36","guid":{"rendered":"https:\/\/ski-outdoor.ro\/outdoor\/?p=4242"},"modified":"2020-06-21T17:00:55","modified_gmt":"2020-06-21T17:00:55","slug":"special-dinu-mititeanu-pe-munte-se-merge-cu-sufletul-nu-doar-cu-picioarele","status":"publish","type":"post","link":"https:\/\/ski-outdoor.ro\/outdoor\/2020\/05\/30\/special-dinu-mititeanu-pe-munte-se-merge-cu-sufletul-nu-doar-cu-picioarele\/","title":{"rendered":"SPECIAL &#8211; Dinu Mititeanu: pe munte se merge cu sufletul, nu doar cu picioarele"},"content":{"rendered":"\n<p><strong>Dinu Mititeanu, o adev\u0103rat\u0103 legend\u0103\na muntelui rom\u00e2nesc, a fost invitatul special al celei mai recente emisiuni <em>Dor\nde Munte<\/em>. \u00cempreun\u0103 cu Dan Burlac, pre\u0219edintele Alpin Film Festival, Dinu a\npovestit despre \u201cchemarea muntelui\u201d <\/strong><strong>\u0219i despre terapia prin drume\u021bii. <\/strong><\/p>\n\n\n\n<p><strong>Dan Burlac: Am trecut printr-o perioad\u0103 foarte complicat\u0103, atipic\u0103. Cu ce g\u00e2nduri \u0219i cu ce \u00eenv\u0103\u021b\u0103turi? Cum ai trecut tu prin aceast\u0103 etap\u0103?<\/strong><\/p>\n\n\n\n<p><strong>Dinu Mititeanu: <\/strong><em>Eu am trecut foarte simplu. Dac\u0103 nu am putut s\u0103 merg pe munte, am adus muntele \u00een cas\u0103. Adic\u0103 am citit c\u0103r\u021bi despre mun\u021bi, am recitit c\u0103r\u021bi citite \u00een urm\u0103 cu 3-5 ani. Am v\u0103zut multe filme pe care nu le v\u0103zusem despre munte, \u0219i rom\u00e2ne\u0219ti \u0219i str\u0103ine, \u0219i am f\u0103cut condi\u021bie fizic\u0103. Am alergat de la parter p\u00e2n\u0103 la mansard\u0103. Marlene a calculat c\u0103 a urcat un optmiar plec\u00e2nd de la nivelul m\u0103rii!&nbsp; Eu doar un \u0219aptemiar, c\u0103ci am f\u0103cut c\u0103\u021b\u0103rare pe mini-panoul din casa sc\u0103rilor mai mult dec\u00e2t ea.&nbsp; Am f\u0103cut \u0219i genuflexiuni, abdomene, flot\u0103ri&#8230;<\/em><\/p>\n\n\n\n<p><strong>Dan Burlac: Poveste\u0219te-ne despre prim\u0103 tur\u0103 de dup\u0103 mult a\u0219teptata \u201drelaxare\u201d. Cred c\u0103 \u00een 15 mai,&nbsp;la prima or\u0103 tu erai pe potec\u0103 !<\/strong><\/p>\n\n\n\n<p><strong>Dinu Mititeanu:<\/strong> <em>Da, a fost o tur\u0103 de 8 zile. 190 de kilometri. \u00cen prima zi, din \u201dfoame de munte\u201d am parcurs&nbsp; 31 de kilometri . Am fost cu cortul. \u0218tim c\u00e2t mergem, nu aveam diferen\u021be mari de nivel. A fost o tur\u0103 ca \u00een Alpi, doar c\u0103 acolo diferen\u021ba de nivel acolo era mai mare, de 10.000 de metri. Aici am avut o diferen\u021b\u0103 de nivel cam de 6.000 de metri, c\u0103ci \u00een Apuseni&nbsp;&nbsp;v\u00e2rfurile sunt&nbsp; rotunjite, ni\u0219te platouri. Am plecat de la Muntele B\u0103i\u0219orii (n.r. jud. Cluj) spre ghe\u021barul de la Sc\u0103ri\u0219oara dar, \u00eenainte de ghe\u021bar, din vf.Clujului am luat-o la dreapta spre C\u0103lineasa Padi\u0219-Vl\u0103deasa. Apoi peste culmi \u0219i v\u0103i \u00eenapoi unde ne a\u0219tepta ALP-Dusterul nostru.<\/em><\/p>\n\n\n\n<p><strong>Dan Burlac: Ai avut probleme deosebite fa\u021b\u0103 de\nalte ture?<\/strong><\/p>\n\n\n\n<p><strong>Dinu Mititeanu:<\/strong> <em>Am avut, pentru c\u0103 \u00een cas\u0103 am f\u0103cut condi\u021bie fizic\u0103 pentru pl\u0103m\u00e2ni, pentru inim\u0103, pentru picioare, dar nu pentru spate. Spatele \u00een primele 2-3 zile s-a revoltat, de\u0219i nu aveam un bagaj foarte mare. C\u00e2nd am plecat de acas\u0103 al meu avea 21 de kilograme, al Marlenei, 19 kilograme. C\u00e2ndva am avut \u0219i rucsac de 27 de kilograme, acesta cred c\u0103 a fost recordul pentru o tur\u0103 a\u0219a lung\u0103.<\/em><\/p>\n\n\n\n<figure class=\"wp-block-image\"><img loading=\"lazy\" width=\"1024\" height=\"682\" src=\"https:\/\/ski-outdoor.ro\/outdoor\/wp-content\/uploads\/sites\/4\/2020\/05\/70818231_1370438569778982_1645803404510887936_o-1-1024x682.jpg\" alt=\"\" class=\"wp-image-4249\" srcset=\"https:\/\/ski-outdoor.ro\/outdoor\/wp-content\/uploads\/sites\/4\/2020\/05\/70818231_1370438569778982_1645803404510887936_o-1-1024x682.jpg 1024w, https:\/\/ski-outdoor.ro\/outdoor\/wp-content\/uploads\/sites\/4\/2020\/05\/70818231_1370438569778982_1645803404510887936_o-1-300x200.jpg 300w, https:\/\/ski-outdoor.ro\/outdoor\/wp-content\/uploads\/sites\/4\/2020\/05\/70818231_1370438569778982_1645803404510887936_o-1-768x512.jpg 768w, https:\/\/ski-outdoor.ro\/outdoor\/wp-content\/uploads\/sites\/4\/2020\/05\/70818231_1370438569778982_1645803404510887936_o-1-370x247.jpg 370w, https:\/\/ski-outdoor.ro\/outdoor\/wp-content\/uploads\/sites\/4\/2020\/05\/70818231_1370438569778982_1645803404510887936_o-1-270x180.jpg 270w, https:\/\/ski-outdoor.ro\/outdoor\/wp-content\/uploads\/sites\/4\/2020\/05\/70818231_1370438569778982_1645803404510887936_o-1-570x380.jpg 570w, https:\/\/ski-outdoor.ro\/outdoor\/wp-content\/uploads\/sites\/4\/2020\/05\/70818231_1370438569778982_1645803404510887936_o-1-770x513.jpg 770w, https:\/\/ski-outdoor.ro\/outdoor\/wp-content\/uploads\/sites\/4\/2020\/05\/70818231_1370438569778982_1645803404510887936_o-1-1170x780.jpg 1170w, https:\/\/ski-outdoor.ro\/outdoor\/wp-content\/uploads\/sites\/4\/2020\/05\/70818231_1370438569778982_1645803404510887936_o-1-870x580.jpg 870w, https:\/\/ski-outdoor.ro\/outdoor\/wp-content\/uploads\/sites\/4\/2020\/05\/70818231_1370438569778982_1645803404510887936_o-1.jpg 1400w\" sizes=\"(max-width: 1024px) 100vw, 1024px\" \/><\/figure>\n\n\n\n<p><strong>Dan Burlac: Din punctul t\u0103u de vedere, cum crezi\nc\u0103 va ar\u0103ta viitorul apropiat \u0219i \u00eendelungat?<\/strong><\/p>\n\n\n\n<p><strong>Dinu Mititeanu:<\/strong> <em>Cred c\u0103 trebuie adoptat\u0103 o atitudine de mijloc.&nbsp;Nici s\u0103 ne g\u00e2ndim c\u0103 venit sf\u00e2r\u0219itul lumii \u0219i s\u0103 continu\u0103m panica,&nbsp; dar nici c\u0103 e gata. Trebuie s\u0103 ne protej\u0103m, s\u0103 avem grij\u0103. Putem merge pe munte \u00een m\u0103sura \u00een care ni se d\u0103 voie, \u00een grupuri mici, de 3-4 persoane. C\u00e2nd ni se va da voie s\u0103 mergem 10, o s\u0103 mergem 10. Dar mai la distan\u021b\u0103. Fiecare cu cortul lui, cu vesela lui. Eu sunt drume\u021b cu cortul, nu mai merg la cabane de decenii.<\/em><\/p>\n\n\n\n<p><strong>Dan Burlac: Crezi c\u0103 se va modifica fundamental\nmersul pe munte, drume\u021bia? Sau va deveni anul muntelui?<\/strong><\/p>\n\n\n\n<p><strong>Dinu Mititeanu:<\/strong> <em>Mersul \u00een ture de o zi sau de mai multe dar cu cortul nu ! Dar cu dormit la cabane da dup\u0103 noile condi\u021bii Dac\u0103 trebuie s\u0103 fie ocupat un pat da, un pat nu, Dac\u0103 nu mai e voie s\u0103 m\u0103n\u00e2nci \u00een sala de mese\u2026 Despre lenjerie:<\/em> <em>\u00een Alpi spre exemplu trebuie s\u0103-\u021bi duci sacul de dormit, nu doar sacul-pijama, pe care \u0219i noi \u00eel folosim. Unii se pl\u00e2ngeau c\u0103 nu g\u0103sesc la cabane lenjerie curat\u0103. P\u0103i unde s\u0103 le spele?! Vine unul, pleac\u0103 altul. Asta trebuie s\u0103 fie obligatoriu. Trebuie s\u0103 \u00eencepem s\u0103 ne civiliz\u0103m. Cine nu a fost \u00een afar\u0103 s\u0103 \u00eenve\u021be de la cei care au fost. Nu cred c\u0103 se va schimba esen\u021bial.<\/em><\/p>\n\n\n\n<p><em>Am doi prieteni care au fost infecta\u021bi, aproape asimptomatici. A\u0219 vrea \u0219i eu s\u0103 trec prin asta p\u00e2n\u0103 la mijlocul lui septembrie c\u00e2nd sper s\u0103 se reia zborurile \u0219i s\u0103 plec\u0103m spre parcurile americane. S\u0103 nu m\u0103 trezesc acolo \u0219i s\u0103 stau \u00een izolare.<\/em><\/p>\n\n\n\n<p><strong>Dan Burlac: Ai foarte mul\u021bi prieteni \u00een Elve\u021bia, Fran\u021ba, Italia. Ai vorbit cu ei \u00een perioada asta? Ce ve\u0219ti \u021bi-au venit de la ei<\/strong>?<\/p>\n\n\n\n<p><strong>Dinu Mititeanu: <\/strong><em>Uniunea Interna\u021bional\u0103 a Asocia\u021biilor de Alpinism a transmis la toate sec\u021biile na\u021bionale ca montaniarzii \u0219i, mai ales alpini\u0219tii, s\u0103 nu mai parcurg\u0103 trasee dificile cu risc de accidentare, s\u0103 cheme Salvamontul, elicopterul \u0219i s\u0103 ocupe un loc \u00een spital. Li s-a dat voie s\u0103 mearg\u0103, dar pe trasee u\u0219oare. Prietenii mei din Elve\u021bia aveau voie s\u0103 mearg\u0103, s\u0103 alerge pe marginea lacului, pe dealurile din jurul ora\u0219ului. Nu se speriase nimeni. E vorba \u0219i de cultur\u0103. Guvernul elve\u021bian a avut \u00eencredere \u00een responsabilitatea cet\u0103\u021benilor.<\/em><\/p>\n\n\n\n<p><strong>Dan Burlac: Tu ai insistat tot timpul asupra conceptului de muntele ca terapie. Te rog dezvoltat\u0103 acest concept.<\/strong><\/p>\n\n\n\n<p><strong>Dinu Mititeanu:<\/strong> <em>Eu spun c\u0103 muntele este cel mai bun bio terapeut. Eu nu am v\u0103zut oameni de munte s\u0103 fie nevroza\u021bi. Iar dac\u0103 e careva, tocmai de aceea merge s\u00e2mb\u0103ta, duminica, pe munte, s\u0103 \u00ee\u0219i trateze nevroza. Dar s\u0103 mergi cu sufletul pe munte. Dac\u0103 mergi doar cu picioarele \u0219i te g\u00e2nde\u0219ti tot la necazurile din timpul s\u0103pt\u0103m\u00e2nii, nu te vindeci. E una din cele mai bune terapii \u0219i din punct de vedere al aerului curat, al lini\u0219tii. C\u0103ut\u0103m ce nu mai avem \u00een ora\u0219ele noastre, unii dintre noi, amintirile din copil\u0103rie. Muzica v\u00e2ntului prin cetini, susur de izvoare, c\u00e2ntec de p\u0103s\u0103rele, vedem c\u0103prioare, ciute. Am v\u0103zut c\u00e2teva c\u00e2teva ciurde de ciute cu \u0219eful haremului, cerbul cu coarnele acelea pe care le \u0219tim cu to\u021bii, imense. Am v\u0103zut iepuri alerg\u00e2nd. E o bucurie!<\/em><\/p>\n\n\n\n<p><strong>Dan Burlac: Ur\u0219i nu ai v\u0103zut?<\/strong><\/p>\n\n\n\n<p><strong>Dinu Mititeanu:<\/strong> <em>Ur\u0219ii \u201dclasici\u201d evitau \u0219i evit\u0103 omul, dar nu \u0219i cei perverti\u021bi de noi, de civiliza\u021bie, atra\u0219i de gunoi, cei din zona Bra\u0219ovului, valea Prahovei. Umblu de mic pe munte \u0219i \u0219tiu de la bunicul meu c\u00e2nd sunt periculo\u0219i ur\u0219ii. Am scris despre ei, e unu dintre cele mai citite articole de pe blogul meu.<\/em><\/p>\n\n\n\n<p><strong>Dan Burlac: Da, uite \u0219i eu am aici cartea ta Chemarea\nMuntelui, e prima. O recomand. \u0218i pentru c\u0103 vorbim de primele lucruri. \u00ce\u021bi aduci\naminte de prima ta amintire de pe munte?<\/strong><\/p>\n\n\n\n<p><strong>Dinu Mititeanu:<\/strong> <em>Prima mea amintire este despre munte. C\u0103 m-am n\u0103scut la poalele mun\u021bilor, a mun\u021bilor F\u0103g\u0103ra\u0219, \u00eentr-un sat, la 5 kilometri de p\u0103dure. Cel mai mult m\u0103 mira acea panglic\u0103 de alb, lat\u0103 \u0219i foarte lung\u0103, de la est la vest, care era \u00eentre cerul albastru de deasupra \u0219i verdele sau cenu\u0219iul de dedesubt . \u0218i de ce \u021bine at\u00e2t de mult. \u00cen sat era prim\u0103var\u0103, pomii erau \u00eenflori\u021bi, iar sus d\u0103inuia z\u0103pada. Iar toamna , acolo sus pe munte z\u0103pada venea prin octombrie \u0219i nu se mai ducea. Dar iarna era iarn\u0103. Trei luni aveam z\u0103pad\u0103 pe uli\u021bele satului, nu ca acum.<\/em><\/p>\n\n\n\n<p><strong>Dan Burlac: Ce s-a schimbat din punctul t\u0103u de\nvedere \u00eentre sentimentul \u0219i vibe-ul de pe munte de acum c\u00e2\u021biva ani \u0219i acum? Sim\u021bi\nc\u0103 s-a schimbat ceva? M\u0103 refer la civiliza\u021bia drume\u021bului, la atmosfera sus la munte.\n<\/strong><\/p>\n\n\n\n<p><strong>Dinu Mititeanu:<\/strong> <em>M\u0103 bucur\u0103 c\u0103 foarte mul\u021bi iubitori de munte respect\u0103 muntele \u0219i cur\u0103\u021benia lui. Dar, din p\u0103cate, nu to\u021bi. Am g\u0103sit gunoaie abandonate \u0219i unde nu merge oricine. Cutii de conserve sau peturi aruncate \u00een trasee nemarcate din Piatra Craiului, c\u00e2nd era voie s\u0103 mergem pe nemarcate. Chiar odat\u0103 m-a oprit cineva \u0219i a zis \u0219ti\u021bi c\u0103 nu prea e voie s\u0103 merge\u021bi pe aici. \u0218i am spus c\u0103 am o aprobare special\u0103. Pot s\u0103 o v\u0103d?!, a spus persoana. \u0218i am deschis rucsacul \u0219i am scos punga cu gunoaie pe care le str\u00e2nsesem. Apoi m-am prezentat. Mi-a spus, ah, sunte\u021bi dl. Mititeanu, vai ce onoare pe noi! Deci asta mi-a\u0219 dori, ca to\u021bi cei care merg pe munte s\u0103-l respecte. Merg prin Apuseni, pe chei superbe, \u0219i vin de sus peturi-peturi, pe cascade \u0219i marmite. Asta e marea mea durere!<\/em><\/p>\n\n\n\n<p><strong>Dan Burlac: Ce p\u0103rere ai despre civiliza\u021bia cabanelor de altitudine? O lume care cumva s-a diluat, a disp\u0103rut. Tu \u0219tii, erau cabanele acelea de altitudine unde era o atmosfer\u0103, o tov\u0103r\u0103\u0219ie extraordinar\u0103. Multe cabane se \u00eenchid sau au disp\u0103rut.<\/strong><\/p>\n\n\n\n<p><strong>Dinu Mititeanu: <\/strong><em>Adev\u0103rul este c\u0103 \u00een urm\u0103 cu 30-50 de ani, cabanele de munte erau cabane \u0219i majoritatea erau gospod\u0103rite de iubitori de munte. Acum unele sunt \u00een loca\u021bie de gestiune, altele sunt private. To\u021bi trag de ele s\u0103 scoat\u0103 bani, dar nimeni nu investe\u0219te. \u0218i nu se distrug singure, le distrugem \u0219i noi. Nu uit de cabana Urlea, am ajuns acolo la 3 s\u0103pt\u0103m\u00e2ni dup\u0103 ce plecase so\u021bia fostului cabanier care murise. Femeia a dat un preaviz proprietarilor \u0219i a plecat. Dup\u0103 3 s\u0103pt\u0103m\u00e2ni am g\u0103sit u\u0219ile scoase din balamale, geamurile sparte, saltele sf\u00e2\u0219iate cu cu\u021bitul. Ceva incredibil.<\/em><\/p>\n\n\n\n<p><em>Mul\u021bi str\u0103ini ar vrea s\u0103 vin\u0103 s\u0103 \u00eei duc \u00een Rom\u00e2nia, mie \u00eemi e jen\u0103. Am fost odat\u0103 cu un grup de nem\u021bi, acum vreo 30-40 de ani pe v\u00e2rful &nbsp;v\u00e2rful L\u0103i\u021bel din F\u0103g\u0103ra\u0219<\/em>.<em> \u0218i-a dat fiecare jos rucsacul \u0219i s-au apucat s\u0103 str\u00e2ng\u0103 toate gunoaiele care erau acolo. Unui avea o lopat\u0103 din aia cu coad\u0103 scurt\u0103, a s\u0103pat o groap\u0103, le-a \u00eengropat, le-a acoperit. Abia dup\u0103 s-au a\u0219ezat jos s\u0103 povesteasc\u0103, s\u0103 m\u0103n\u00e2nce, s\u0103 fac\u0103 poze. Dup\u0103 ce au plecat, au venit ni\u0219te rom\u00e2na\u0219i de-ai no\u0219tri, iar\u0103\u0219i gunoaie.<\/em><\/p>\n\n\n\n<ul class=\"wp-block-gallery columns-2 is-cropped\"><li class=\"blocks-gallery-item\"><figure><img loading=\"lazy\" width=\"1024\" height=\"683\" src=\"https:\/\/ski-outdoor.ro\/outdoor\/wp-content\/uploads\/sites\/4\/2020\/05\/60574349_1267186093437564_8963158574188462080_o-1024x683.jpg\" alt=\"\" data-id=\"4246\" data-link=\"https:\/\/ski-outdoor.ro\/outdoor\/?attachment_id=4246\" class=\"wp-image-4246\" srcset=\"https:\/\/ski-outdoor.ro\/outdoor\/wp-content\/uploads\/sites\/4\/2020\/05\/60574349_1267186093437564_8963158574188462080_o-1024x683.jpg 1024w, https:\/\/ski-outdoor.ro\/outdoor\/wp-content\/uploads\/sites\/4\/2020\/05\/60574349_1267186093437564_8963158574188462080_o-300x200.jpg 300w, https:\/\/ski-outdoor.ro\/outdoor\/wp-content\/uploads\/sites\/4\/2020\/05\/60574349_1267186093437564_8963158574188462080_o-768x512.jpg 768w, https:\/\/ski-outdoor.ro\/outdoor\/wp-content\/uploads\/sites\/4\/2020\/05\/60574349_1267186093437564_8963158574188462080_o-370x247.jpg 370w, https:\/\/ski-outdoor.ro\/outdoor\/wp-content\/uploads\/sites\/4\/2020\/05\/60574349_1267186093437564_8963158574188462080_o-270x180.jpg 270w, https:\/\/ski-outdoor.ro\/outdoor\/wp-content\/uploads\/sites\/4\/2020\/05\/60574349_1267186093437564_8963158574188462080_o-570x380.jpg 570w, https:\/\/ski-outdoor.ro\/outdoor\/wp-content\/uploads\/sites\/4\/2020\/05\/60574349_1267186093437564_8963158574188462080_o-770x514.jpg 770w, https:\/\/ski-outdoor.ro\/outdoor\/wp-content\/uploads\/sites\/4\/2020\/05\/60574349_1267186093437564_8963158574188462080_o-1170x780.jpg 1170w, https:\/\/ski-outdoor.ro\/outdoor\/wp-content\/uploads\/sites\/4\/2020\/05\/60574349_1267186093437564_8963158574188462080_o-870x580.jpg 870w, https:\/\/ski-outdoor.ro\/outdoor\/wp-content\/uploads\/sites\/4\/2020\/05\/60574349_1267186093437564_8963158574188462080_o.jpg 1399w\" sizes=\"(max-width: 1024px) 100vw, 1024px\" \/><\/figure><\/li><li class=\"blocks-gallery-item\"><figure><img loading=\"lazy\" width=\"1024\" height=\"620\" src=\"https:\/\/ski-outdoor.ro\/outdoor\/wp-content\/uploads\/sites\/4\/2020\/05\/dinu-si-marlene-1024x620.jpg\" alt=\"\" data-id=\"4248\" data-link=\"https:\/\/ski-outdoor.ro\/outdoor\/?attachment_id=4248\" class=\"wp-image-4248\" srcset=\"https:\/\/ski-outdoor.ro\/outdoor\/wp-content\/uploads\/sites\/4\/2020\/05\/dinu-si-marlene-1024x620.jpg 1024w, https:\/\/ski-outdoor.ro\/outdoor\/wp-content\/uploads\/sites\/4\/2020\/05\/dinu-si-marlene-300x182.jpg 300w, https:\/\/ski-outdoor.ro\/outdoor\/wp-content\/uploads\/sites\/4\/2020\/05\/dinu-si-marlene-768x465.jpg 768w, https:\/\/ski-outdoor.ro\/outdoor\/wp-content\/uploads\/sites\/4\/2020\/05\/dinu-si-marlene-370x224.jpg 370w, https:\/\/ski-outdoor.ro\/outdoor\/wp-content\/uploads\/sites\/4\/2020\/05\/dinu-si-marlene-570x345.jpg 570w, https:\/\/ski-outdoor.ro\/outdoor\/wp-content\/uploads\/sites\/4\/2020\/05\/dinu-si-marlene-770x466.jpg 770w, https:\/\/ski-outdoor.ro\/outdoor\/wp-content\/uploads\/sites\/4\/2020\/05\/dinu-si-marlene-1170x709.jpg 1170w, https:\/\/ski-outdoor.ro\/outdoor\/wp-content\/uploads\/sites\/4\/2020\/05\/dinu-si-marlene-958x580.jpg 958w, https:\/\/ski-outdoor.ro\/outdoor\/wp-content\/uploads\/sites\/4\/2020\/05\/dinu-si-marlene.jpg 1400w\" sizes=\"(max-width: 1024px) 100vw, 1024px\" \/><\/figure><\/li><\/ul>\n\n\n\n<p><strong>Dan Burlac: Tu e\u0219ti un mare adept al mersului cu cortul, cum convingi pe cineva. De ce recomanzi mersul cu cortul?<\/strong><\/p>\n\n\n\n<p><strong>Dinu Mititeanu: <\/strong><em>P\u0103i dac\u0103 ar fi cabanele noastre ca cele din Alpi, a\u0219 prefera s\u0103 merg cu bagaj mai mic, e adev\u0103rat. C\u0103 \u0219i \u00een tura asta f\u0103cut\u0103 de cur\u00e2nd, nu a fost u\u0219or. Dar prefer s\u0103 car 3-4 kilograme \u00een plus, dar s\u0103 am independen\u021b\u0103, s\u0103 pun cortul c\u00e2nd vreau \u0219i unde vreau, s\u0103 admir apusuri \u0219i r\u0103s\u0103rituri, s\u0103 ascult muzica ploii&nbsp; pe p\u00e2nza cortului, s\u0103 am&nbsp; lini\u0219te, aer curat, s\u0103 nu m\u0103 stresez \u00eentr-o&nbsp; caban\u0103 unde unii fac un chef sau dau drumul la muzic\u0103, pe munte prefer \u201dmuzica naturii\u201d.&nbsp;<\/em><\/p>\n\n\n\n<p><strong>Dan Burlac: Care a fost cel mai dramatic moment al\nt\u0103u pe care \u0219i-l aduci aminte, din drume\u021bii cu cortul?<\/strong><\/p>\n\n\n\n<p><strong>Dinu Mititeanu:<\/strong> <em>Experien\u021be dramatice nu am, dar am avut incidente. De exemplu, nu b\u0103nuiam c\u0103 va veni un v\u00e2nt puternic, nu am ancorat bine cortul, iar noaptea v\u00e2ntul mi-a smuls \u021b\u0103ru\u0219ii din p\u0103m\u00e2ntul ud de ploaie \u0219i mi-a \u00eendoit cortul \u0219i s-a pr\u0103bu\u0219it peste noi. Am \u00eenv\u0103\u021bat minte! Eram \u00een Iezer-P\u0103pu\u0219a.<\/em><\/p>\n\n\n\n<p><strong>Dan Burlac: \u0218i r\u0103s\u0103ritul sau apusul cel mai frumos\nv\u0103zut pe munte, care \u021bi-a r\u0103mas \u00een memorie ca ceva de neuitat?<\/strong><\/p>\n\n\n\n<p><strong>Dinu Mititeanu:<\/strong> <em>Toate apusurile \u0219i r\u0103s\u0103riturile sunt frumoase, dar cele mai frumoase sunt cele pe care le admiri dintr-un loc \u00een care&nbsp; ai dorit foarte mult s\u0103 ajungi sau \u00een care nici nu visai vreodat\u0103 s\u0103 ajungi. Pentru noi r\u0103s\u0103ritul \u0219i apusul de c\u00e2nd am urcat pe Matterhorn sau pe alte v\u00e2rfuri din Alpi. Dar mai ales&nbsp; cele din Patagonia l\u00e2ng\u0103 Torres del Paine, Cerro Torre \u0219i Fitz Roy. Eu postez pe pagina noastr\u0103 de Facebook, \u00een fiecare zi, o singur\u0103 poz\u0103. Chiar zilele trecute am postat un r\u0103s\u0103rit de la cabana Margherita, situat\u0103 la cea mai mare altitudine din Alpi.\u201dRefac\u201d acea ascensiune a noastr\u0103 din 2013&nbsp; post\u00e2nd c\u00e2te o imagine \u00een fiecare zi. Am pus 30-40 de poze p\u00e2n\u0103 \u00een v\u00e2rf \u0219i de m\u00e2ine voi \u00eencepe s\u0103 cobor\u00e2m.<\/em><\/p>\n\n\n\n<figure class=\"wp-block-image\"><img loading=\"lazy\" width=\"1024\" height=\"683\" src=\"https:\/\/ski-outdoor.ro\/outdoor\/wp-content\/uploads\/sites\/4\/2020\/05\/96557805_1590265057796331_1448094897256005632_o-1024x683.jpg\" alt=\"\" class=\"wp-image-4250\" srcset=\"https:\/\/ski-outdoor.ro\/outdoor\/wp-content\/uploads\/sites\/4\/2020\/05\/96557805_1590265057796331_1448094897256005632_o-1024x683.jpg 1024w, https:\/\/ski-outdoor.ro\/outdoor\/wp-content\/uploads\/sites\/4\/2020\/05\/96557805_1590265057796331_1448094897256005632_o-300x200.jpg 300w, https:\/\/ski-outdoor.ro\/outdoor\/wp-content\/uploads\/sites\/4\/2020\/05\/96557805_1590265057796331_1448094897256005632_o-768x512.jpg 768w, https:\/\/ski-outdoor.ro\/outdoor\/wp-content\/uploads\/sites\/4\/2020\/05\/96557805_1590265057796331_1448094897256005632_o-370x247.jpg 370w, https:\/\/ski-outdoor.ro\/outdoor\/wp-content\/uploads\/sites\/4\/2020\/05\/96557805_1590265057796331_1448094897256005632_o-270x180.jpg 270w, https:\/\/ski-outdoor.ro\/outdoor\/wp-content\/uploads\/sites\/4\/2020\/05\/96557805_1590265057796331_1448094897256005632_o-570x380.jpg 570w, https:\/\/ski-outdoor.ro\/outdoor\/wp-content\/uploads\/sites\/4\/2020\/05\/96557805_1590265057796331_1448094897256005632_o-770x513.jpg 770w, https:\/\/ski-outdoor.ro\/outdoor\/wp-content\/uploads\/sites\/4\/2020\/05\/96557805_1590265057796331_1448094897256005632_o-1170x780.jpg 1170w, https:\/\/ski-outdoor.ro\/outdoor\/wp-content\/uploads\/sites\/4\/2020\/05\/96557805_1590265057796331_1448094897256005632_o-870x580.jpg 870w, https:\/\/ski-outdoor.ro\/outdoor\/wp-content\/uploads\/sites\/4\/2020\/05\/96557805_1590265057796331_1448094897256005632_o.jpg 1500w\" sizes=\"(max-width: 1024px) 100vw, 1024px\" \/><\/figure>\n\n\n\n<p><strong>Dan Burlac: Au fost c\u0103r\u021bi, filme sau personalit\u0103\u021bi\ncare te-au inspirat \u0219i \u021bi-au alimentat aceast\u0103 pasiune extraordinar\u0103 pentru\nmunte?<\/strong><\/p>\n\n\n\n<p><strong>Dinu Mititeanu:<\/strong> <em>A\u0219teptam \u0219i cump\u0103ram toate c\u0103r\u021bile despre munte care ap\u0103reau. \u0218i cele traduse: expedi\u021bia pe Annapurna a lui Maurice Herzog, prima ascensiune pe Everest a lui Edmund Hillary, o monografie despre primele ascensiuni in Himalaya a lui Marcian Bleahu, Bogdan, Epuran, care e o carte extraordinar\u0103, un istoric al tuturor ascensiunilor pe cei 14 optmiari, primele dintre ele. Toate le urm\u0103ream \u0219i de 10-15 ani \u00eencoace apar multe c\u0103r\u021bi celebre traduse \u0219i \u00een limba rom\u00e2n\u0103, apar multe c\u0103r\u021bi scrise de alpini\u0219ti \u0219i montaniarzi rom\u00e2ni \u00een deja prestiogioasa \u201dColec\u021bie verde\u201d a revistei \u201dRom\u00e2nia pitoreasc\u0103\u201d. Posed multe c\u0103r\u021bi \u00een limba francez\u0103.&nbsp; Iar referitor la&nbsp; personalit\u0103\u021bi ale muntelui, sunt fericit c\u0103 am cunoscut, am discutat, am corespondat cu mul\u021bi montaniarzi \u0219i alpini\u0219ti care erau veterani c\u00e2nd eu eram t\u00e2n\u0103r: Toma Boerescu, Niculae Baticu, Ionel Coman, Emilian Cristea, Eugen Seracin \u0219i al\u021bii.<\/em><\/p>\n\n\n\n<p><strong>Dan Burlac: Mi se pare c\u0103 acum se fac 63 de ani de\nla cucerirea Everestului. \u00ce\u021bi aduci aminte de cum ai primit aceast\u0103 veste?<\/strong><\/p>\n\n\n\n<p><strong>Dinu Mititeanu:<\/strong> <em>P\u0103i \u00een \u201953 nu eram \u00eenc\u0103 montaniard. De abia terminam \u0219coala general\u0103 \u0219i intram la liceul numit acum Andrei \u0218aguna, atunci \u201dLiceul de b\u0103ie\u021bi nr.1 Ora\u0219ul Stalin\u201d! Aflam ascensiuni&nbsp; celebre de la posturi de radio. \u00cen anii \u201970 \u00eemi aduc aminte c\u0103 ascultam la radio Bucure\u0219ti o \u0219tire c\u0103 doi alpini\u0219ti polonezi au primit cea mai mare decora\u021bie a statului polonez pentru merite deosebite aducerii cre\u0219terii prestigiului Poloniei \u00een lume. Era vorba de cei care au f\u0103cut prima ascensiune de iarn\u0103 a Everestului. &nbsp;A fost o realizare extraordinar\u0103.<\/em><\/p>\n\n\n\n<p><strong>Dan Burlac: Una din cele mai simpatice lucruri pe care le-am auzit a fost c\u00e2nd ai fost \u00eentrebat dac\u0103 ai fost vreodat\u0103 \u00een Delt\u0103. Le-ai spus: &#8222;c\u00e2t\u0103 vreme pot urca la altitudine, m\u0103 duc la altitudine&#8221;.<\/strong><\/p>\n\n\n\n<p><strong>Dinu Mititeanu:<\/strong> <em>Da, am spus asta mai \u00een glum\u0103, mai \u00een serios c\u0103 voi merge&nbsp; \u00een Delt\u0103 c\u00e2nd n-o s\u0103 mai pot urca pe munte, crez\u00e2nd c\u0103 pe la 70-75 de ani nu voi mai putea. Dar iat\u0103 c\u0103 de\u0219i s\u0103pt\u0103m\u00e2na trecut\u0103 am \u00eemplinit 81, \u00eenc\u0103 pot urca pe munte \u0219i destul de bine. A\u0219 putea urca \u0219i patrumiari, dac\u0103 a\u0219 mai merge \u00een Alpi, dar acum am alte planuri. Anul trecut am fost o lun\u0103 \u00een Patagoni \u0219i anul acesta vrem s\u0103 mergem o lun\u0103, dac\u0103 se vor redeschide zborurile interna\u021bionale, \u0219i \u00een parcurile na\u021bionale americane. Dar deja m\u0103 g\u00e2ndesc s\u0103 merg \u0219i \u00een delt\u0103, uit de restric\u021bia ce mi-o impusesem.&nbsp;<\/em><\/p>\n\n\n\n<ul class=\"wp-block-gallery columns-2 is-cropped\"><li class=\"blocks-gallery-item\"><figure><img loading=\"lazy\" width=\"1024\" height=\"633\" src=\"https:\/\/ski-outdoor.ro\/outdoor\/wp-content\/uploads\/sites\/4\/2020\/05\/patagonia-5-1024x633.jpg\" alt=\"\" data-id=\"4252\" data-link=\"https:\/\/ski-outdoor.ro\/outdoor\/?attachment_id=4252\" class=\"wp-image-4252\" srcset=\"https:\/\/ski-outdoor.ro\/outdoor\/wp-content\/uploads\/sites\/4\/2020\/05\/patagonia-5-1024x633.jpg 1024w, https:\/\/ski-outdoor.ro\/outdoor\/wp-content\/uploads\/sites\/4\/2020\/05\/patagonia-5-300x186.jpg 300w, https:\/\/ski-outdoor.ro\/outdoor\/wp-content\/uploads\/sites\/4\/2020\/05\/patagonia-5-768x475.jpg 768w, https:\/\/ski-outdoor.ro\/outdoor\/wp-content\/uploads\/sites\/4\/2020\/05\/patagonia-5-370x229.jpg 370w, https:\/\/ski-outdoor.ro\/outdoor\/wp-content\/uploads\/sites\/4\/2020\/05\/patagonia-5-570x353.jpg 570w, https:\/\/ski-outdoor.ro\/outdoor\/wp-content\/uploads\/sites\/4\/2020\/05\/patagonia-5-770x476.jpg 770w, https:\/\/ski-outdoor.ro\/outdoor\/wp-content\/uploads\/sites\/4\/2020\/05\/patagonia-5-1170x724.jpg 1170w, https:\/\/ski-outdoor.ro\/outdoor\/wp-content\/uploads\/sites\/4\/2020\/05\/patagonia-5-938x580.jpg 938w, https:\/\/ski-outdoor.ro\/outdoor\/wp-content\/uploads\/sites\/4\/2020\/05\/patagonia-5.jpg 1400w\" sizes=\"(max-width: 1024px) 100vw, 1024px\" \/><\/figure><\/li><li class=\"blocks-gallery-item\"><figure><img loading=\"lazy\" width=\"1024\" height=\"702\" src=\"https:\/\/ski-outdoor.ro\/outdoor\/wp-content\/uploads\/sites\/4\/2020\/05\/patagonia-2-1024x702.jpg\" alt=\"\" data-id=\"4251\" data-link=\"https:\/\/ski-outdoor.ro\/outdoor\/?attachment_id=4251\" class=\"wp-image-4251\" srcset=\"https:\/\/ski-outdoor.ro\/outdoor\/wp-content\/uploads\/sites\/4\/2020\/05\/patagonia-2-1024x702.jpg 1024w, https:\/\/ski-outdoor.ro\/outdoor\/wp-content\/uploads\/sites\/4\/2020\/05\/patagonia-2-300x206.jpg 300w, https:\/\/ski-outdoor.ro\/outdoor\/wp-content\/uploads\/sites\/4\/2020\/05\/patagonia-2-768x527.jpg 768w, https:\/\/ski-outdoor.ro\/outdoor\/wp-content\/uploads\/sites\/4\/2020\/05\/patagonia-2-370x254.jpg 370w, https:\/\/ski-outdoor.ro\/outdoor\/wp-content\/uploads\/sites\/4\/2020\/05\/patagonia-2-570x391.jpg 570w, https:\/\/ski-outdoor.ro\/outdoor\/wp-content\/uploads\/sites\/4\/2020\/05\/patagonia-2-770x528.jpg 770w, https:\/\/ski-outdoor.ro\/outdoor\/wp-content\/uploads\/sites\/4\/2020\/05\/patagonia-2-1170x802.jpg 1170w, https:\/\/ski-outdoor.ro\/outdoor\/wp-content\/uploads\/sites\/4\/2020\/05\/patagonia-2-846x580.jpg 846w, https:\/\/ski-outdoor.ro\/outdoor\/wp-content\/uploads\/sites\/4\/2020\/05\/patagonia-2.jpg 1400w\" sizes=\"(max-width: 1024px) 100vw, 1024px\" \/><\/figure><\/li><\/ul>\n\n\n\n<p><em>Fosta mea \u0219ef\u0103 care m\u0103 iubea ca o mam\u0103, m-a \u00eentrebat odat\u0103: \u201dDinule, este un congres de stomatologie la Timi\u0219oara, nu vii \u0219i tu?\u201d&nbsp; \u0218i am stat pu\u021bin pe g\u00e2nduri \u0219i am zis: \u201dTimi\u0219oara\u2026 Timi\u0219oara\u2026 nu cunosc niciun munte cu acest nume\u201d .<\/em><\/p>\n\n\n\n<p><strong>Dan Burlac: E un moment anume \u00een care muntele a\ndevenit pasiune pentru tine?<\/strong><\/p>\n\n\n\n<p><strong>Dinu Mititeanu:<\/strong> <em>Asta am scris \u0219i \u00een cartea mea. Unii \u00ee\u0219i pot aminti ziua, ora, locul c\u00e2nd s-au \u00eendr\u0103gostit de munte, ca acea dragoste la prima vedere. La al\u021bii, vine \u00eencet-\u00eencet. Nu \u00ee\u0219i amintesc exact momentul. A\u0219a cum scria poetul Vasile Voiculescu: pe noi prietenia nu ne mai \u00eenc\u0103pu. De la o rela\u021bie de colegialitate cu o coleg\u0103 de facultate sau de serviciu devii prieten \u0219i pe urm\u0103 devine iubit\u0103, so\u021bie. A\u0219a \u0219i aici. \u00cemi pl\u0103cea muntele. Am umblat la poalele mun\u021bilor, nu pe creste, c\u00e2nd eram mic, cu bunicul meu. Pe urm\u0103, cu unchiul meu la Bra\u0219ov, c\u00e2nd eram elev. El era maistru la uzina de tractoare \u0219i avea mul\u021bi colegi sa\u0219i care f\u0103ceau ture duminica pe T\u00e2mpa, pe Poiana Bra\u0219ov, pe jos \u0219i m\u0103 lua pe mine \u0219i pe fiul lui.&nbsp;<\/em><\/p>\n\n\n\n<figure class=\"wp-block-image\"><img loading=\"lazy\" width=\"1024\" height=\"683\" src=\"https:\/\/ski-outdoor.ro\/outdoor\/wp-content\/uploads\/sites\/4\/2020\/05\/Patagonia-1024x683.jpg\" alt=\"\" class=\"wp-image-4253\" srcset=\"https:\/\/ski-outdoor.ro\/outdoor\/wp-content\/uploads\/sites\/4\/2020\/05\/Patagonia-1024x683.jpg 1024w, https:\/\/ski-outdoor.ro\/outdoor\/wp-content\/uploads\/sites\/4\/2020\/05\/Patagonia-300x200.jpg 300w, https:\/\/ski-outdoor.ro\/outdoor\/wp-content\/uploads\/sites\/4\/2020\/05\/Patagonia-768x512.jpg 768w, https:\/\/ski-outdoor.ro\/outdoor\/wp-content\/uploads\/sites\/4\/2020\/05\/Patagonia-370x247.jpg 370w, https:\/\/ski-outdoor.ro\/outdoor\/wp-content\/uploads\/sites\/4\/2020\/05\/Patagonia-270x180.jpg 270w, https:\/\/ski-outdoor.ro\/outdoor\/wp-content\/uploads\/sites\/4\/2020\/05\/Patagonia-570x380.jpg 570w, https:\/\/ski-outdoor.ro\/outdoor\/wp-content\/uploads\/sites\/4\/2020\/05\/Patagonia-770x514.jpg 770w, https:\/\/ski-outdoor.ro\/outdoor\/wp-content\/uploads\/sites\/4\/2020\/05\/Patagonia-1170x780.jpg 1170w, https:\/\/ski-outdoor.ro\/outdoor\/wp-content\/uploads\/sites\/4\/2020\/05\/Patagonia-870x580.jpg 870w, https:\/\/ski-outdoor.ro\/outdoor\/wp-content\/uploads\/sites\/4\/2020\/05\/Patagonia.jpg 1300w\" sizes=\"(max-width: 1024px) 100vw, 1024px\" \/><\/figure>\n\n\n\n<p><em>Dar pe munte efectiv am mers dup\u0103 terminarea\nfacult\u0103\u021bii, pentru c\u0103 \u00een timpul facult\u0103\u021bii nu aveam nici bani, nici echipament\nde mers pe munte. Dup\u0103 ce am ajuns s\u0103 am salariul meu, \u00een \u201962 am <\/em><em>\u00eenceput s\u0103-mi iau echipament de munte. M-am\n\u00eemprietenit cu ni\u0219te montaniarzi \u0219i u\u0219or i-am dep\u0103\u0219it, am acumulat mai mult\u0103\nexperien\u021b\u0103 ca ei. <\/em><\/p>\n\n\n\n<p><strong>Dan Burlac: Apropo de Bra\u0219ov, dac\u0103 \u00ee\u021bi aduci aminte, noi aveam dou\u0103 cabane extraordinare \u00een zon\u0103: Bunloc \u0219i Piatra Mare, pline de lume<\/strong><\/p>\n\n\n\n<p><strong>Dinu Mititeanu:<\/strong> <em>Erau \u0219i Curm\u0103tura \u0219i Plaiul Foii. Visul meu a fost s\u0103 ajung la Bra\u0219ov, dup\u0103 ce am terminat facultatea, dar nu puteam f\u0103r\u0103 \u201dbuletin de Bra\u0219ov\u201d pe care nu-l puteam primi f\u0103r\u0103 locuin\u021b\u0103, era un cerc vicios. La Cluj, unde am dat concurs 20 de in\u0219i pe dou\u0103 posturi, intra cel mai bun. Asta a fost.<\/em><\/p>\n\n\n\n<p><strong>Dan Burlac: Ziceai c\u0103 e important s\u0103 r\u0103spundem la\nchemarea muntelui. <\/strong><\/p>\n\n\n\n<p><strong>Dinu Mititeanu:<\/strong> <em>Chemarea muntelui e dorin\u021ba de a merge pe\nmunte. Eu o am tot timpul. C\u00e2nd o ai, \u00ee\u021bi g\u0103se\u0219ti timp s\u0103 mergi pe munte, renun\u021bi\nla alte preocup\u0103ri \u0219i tenta\u021bii. \u00cen ultimii 20 de ani, am f\u0103cut peste 100 de\nzile pe an pe munte. Din <\/em><em>\u201998 <\/em><em>de c\u00e2nd sunt cu Marlene.<\/em><\/p>\n\n\n\n<p><strong>Dan Burlac: To\u021bi mun\u021bii sunt frumo\u0219i, dar ai vreun loc care te unge la suflet?<\/strong><\/p>\n\n\n\n<p><strong>Dinu Mititeanu: <\/strong><em>Eu spun c\u0103 perla Carpa\u021bilor rom\u00e2ne\u0219ti este Piatra Craiului \u0219i \u0219tiam c\u0103 e un munte \u0219i frumos \u0219i dificil. De aceea, am parcurs \u00eent\u00e2i marile masive ale \u021b\u0103rii \u0219i acesta l-am l\u0103sat la urm\u0103. \u0218i ca desert al acestui \u201dmeniu montan\u201d, dar \u0219i pentru c\u0103 \u0219tiam c\u0103 e mai dificil \u0219i trebuie experien\u021b\u0103 mai mult\u0103. Acolo de fapt mi-am dat seama c\u0103 trebuie s\u0103 m\u0103 apuc de c\u0103\u021b\u0103rare. Erau locuri unde aveai nevoie de cordelin\u0103. Am cunoscut un regretat prieten, mare iubitor al Pietrei Craiului, Mircea Florian, care avea o fr\u00e2nghiu\u021b\u0103 cu el, dar nu prea \u0219tia s\u0103 o foloseasc\u0103. Dup\u0103 aceea, am mers cu un alt prieten pentru ini\u021biere \u00een Cheile Turzii. M-am apucat s\u0103 \u00eemi lucrez mu\u0219chii \u0219i am ajuns s\u0103 fac \u0219i marile trasee din Carpa\u021bi, de pe vremea aceea.&nbsp;<\/em><\/p>\n\n\n\n<p><strong>Dan Burlac: Sfaturile tale pentru cei care vor s\u0103 mearg\u0103 pe munte?<\/strong><\/p>\n\n\n\n<p><strong>Dinu Mititeanu: <\/strong><em>S\u0103 mearg\u0103 pe munte \u0219i cu sufletul, din drag de munte, s\u0103 nu foloseasc\u0103 muntele doar ca o sal\u0103 de sport. Cel care a fost marele alpinist Anatoli Bukreev spunea: \u201dMun\u021bii nu sunt stadioane unde s\u0103-mi dezvolt ambi\u021biile de a c\u00e2\u0219tiga, ei sunt catedrale unde \u00eemi practic religia\u201d. Religia lui fiind dragostea de munte.Eu spun c\u0103 mun\u021bii nu sunt nici stadioane, nici catedrale, sunt un altfel de \u201cacas\u0103\u201d, sunt ni\u0219te buni prieteni. S\u0103 mergem la acest prieten drag, respect\u00e2nd regulile casei.&nbsp; S\u0103 mergem cu piciorul, nu cu ATV-ul sau motocicleta perturb\u00e2nd lini\u0219tea muntelui, a animalelor. Dar merge\u021bi pe munte, c\u0103 nu o s\u0103 v\u0103 dezam\u0103geasc\u0103 niciodat\u0103 !<\/em><\/p>\n\n\n\n<p><em>Interviu realizat de Dan Burlac<\/em><\/p>\n","protected":false},"excerpt":{"rendered":"<p>Dinu Mititeanu, o adev\u0103rat\u0103 legend\u0103 a muntelui rom\u00e2nesc, a fost invitatul special al celei mai recente emisiuni Dor de Munte&#8230;.<\/p>\n","protected":false},"author":16,"featured_media":4245,"comment_status":"open","ping_status":"open","sticky":false,"template":"","format":"standard","meta":[],"categories":[37],"tags":[1748,2092,1741,2090,1743,1968,276,1027,915,2091,236,138,1488,500,2094,990,934,2093,2095],"yoast_head":"<!-- This site is optimized with the Yoast SEO plugin v18.4.1 - https:\/\/yoast.com\/wordpress\/plugins\/seo\/ -->\n<title>SPECIAL - Dinu Mititeanu: pe munte se merge cu sufletul, nu doar cu picioarele - Outdoor Magazine<\/title>\n<meta name=\"robots\" content=\"index, follow, max-snippet:-1, max-image-preview:large, max-video-preview:-1\" \/>\n<link rel=\"canonical\" href=\"https:\/\/ski-outdoor.ro\/outdoor\/2020\/05\/30\/special-dinu-mititeanu-pe-munte-se-merge-cu-sufletul-nu-doar-cu-picioarele\/\" \/>\n<meta property=\"og:locale\" content=\"ro_RO\" \/>\n<meta property=\"og:type\" content=\"article\" \/>\n<meta property=\"og:title\" content=\"SPECIAL - Dinu Mititeanu: pe munte se merge cu sufletul, nu doar cu picioarele - Outdoor Magazine\" \/>\n<meta property=\"og:description\" content=\"Dinu Mititeanu, o adev\u0103rat\u0103 legend\u0103 a muntelui rom\u00e2nesc, a fost invitatul special al celei mai recente emisiuni Dor de Munte....\" \/>\n<meta property=\"og:url\" content=\"https:\/\/ski-outdoor.ro\/outdoor\/2020\/05\/30\/special-dinu-mititeanu-pe-munte-se-merge-cu-sufletul-nu-doar-cu-picioarele\/\" \/>\n<meta property=\"og:site_name\" content=\"Outdoor Magazine\" \/>\n<meta property=\"article:publisher\" content=\"https:\/\/www.facebook.com\/skiandoutdoormagazine\" \/>\n<meta property=\"article:published_time\" content=\"2020-05-30T22:13:36+00:00\" \/>\n<meta property=\"article:modified_time\" content=\"2020-06-21T17:00:55+00:00\" \/>\n<meta property=\"og:image\" content=\"https:\/\/ski-outdoor.ro\/outdoor\/wp-content\/uploads\/sites\/4\/2020\/05\/40219642_1094965423992966_29259950035304448_o.jpg\" \/>\n\t<meta property=\"og:image:width\" content=\"1300\" \/>\n\t<meta property=\"og:image:height\" content=\"867\" \/>\n\t<meta property=\"og:image:type\" content=\"image\/jpeg\" \/>\n<meta name=\"twitter:card\" content=\"summary_large_image\" \/>\n<meta name=\"twitter:label1\" content=\"Scris de\" \/>\n\t<meta name=\"twitter:data1\" content=\"Bianca \u0218omlea\" \/>\n\t<meta name=\"twitter:label2\" content=\"Timp estimat pentru citire\" \/>\n\t<meta name=\"twitter:data2\" content=\"17 minute\" \/>\n<script type=\"application\/ld+json\" class=\"yoast-schema-graph\">{\"@context\":\"https:\/\/schema.org\",\"@graph\":[{\"@type\":\"Organization\",\"@id\":\"https:\/\/ski-outdoor.ro\/outdoor\/#organization\",\"name\":\"Ski & Outdoor Magazine\",\"url\":\"https:\/\/ski-outdoor.ro\/outdoor\/\",\"sameAs\":[\"https:\/\/www.facebook.com\/skiandoutdoormagazine\"],\"logo\":{\"@type\":\"ImageObject\",\"@id\":\"https:\/\/ski-outdoor.ro\/outdoor\/#logo\",\"inLanguage\":\"ro-RO\",\"url\":\"https:\/\/ski-outdoor.ro\/outdoor\/wp-content\/uploads\/sites\/4\/2019\/05\/logo-e1557923623153.png\",\"contentUrl\":\"https:\/\/ski-outdoor.ro\/outdoor\/wp-content\/uploads\/sites\/4\/2019\/05\/logo-e1557923623153.png\",\"width\":600,\"height\":165,\"caption\":\"Ski & Outdoor Magazine\"},\"image\":{\"@id\":\"https:\/\/ski-outdoor.ro\/outdoor\/#logo\"}},{\"@type\":\"WebSite\",\"@id\":\"https:\/\/ski-outdoor.ro\/outdoor\/#website\",\"url\":\"https:\/\/ski-outdoor.ro\/outdoor\/\",\"name\":\"Outdoor Magazine\",\"description\":\"\",\"publisher\":{\"@id\":\"https:\/\/ski-outdoor.ro\/outdoor\/#organization\"},\"potentialAction\":[{\"@type\":\"SearchAction\",\"target\":{\"@type\":\"EntryPoint\",\"urlTemplate\":\"https:\/\/ski-outdoor.ro\/outdoor\/?s={search_term_string}\"},\"query-input\":\"required name=search_term_string\"}],\"inLanguage\":\"ro-RO\"},{\"@type\":\"ImageObject\",\"@id\":\"https:\/\/ski-outdoor.ro\/outdoor\/2020\/05\/30\/special-dinu-mititeanu-pe-munte-se-merge-cu-sufletul-nu-doar-cu-picioarele\/#primaryimage\",\"inLanguage\":\"ro-RO\",\"url\":\"https:\/\/ski-outdoor.ro\/outdoor\/wp-content\/uploads\/sites\/4\/2020\/05\/40219642_1094965423992966_29259950035304448_o.jpg\",\"contentUrl\":\"https:\/\/ski-outdoor.ro\/outdoor\/wp-content\/uploads\/sites\/4\/2020\/05\/40219642_1094965423992966_29259950035304448_o.jpg\",\"width\":1300,\"height\":867},{\"@type\":\"WebPage\",\"@id\":\"https:\/\/ski-outdoor.ro\/outdoor\/2020\/05\/30\/special-dinu-mititeanu-pe-munte-se-merge-cu-sufletul-nu-doar-cu-picioarele\/#webpage\",\"url\":\"https:\/\/ski-outdoor.ro\/outdoor\/2020\/05\/30\/special-dinu-mititeanu-pe-munte-se-merge-cu-sufletul-nu-doar-cu-picioarele\/\",\"name\":\"SPECIAL - Dinu Mititeanu: pe munte se merge cu sufletul, nu doar cu picioarele - Outdoor Magazine\",\"isPartOf\":{\"@id\":\"https:\/\/ski-outdoor.ro\/outdoor\/#website\"},\"primaryImageOfPage\":{\"@id\":\"https:\/\/ski-outdoor.ro\/outdoor\/2020\/05\/30\/special-dinu-mititeanu-pe-munte-se-merge-cu-sufletul-nu-doar-cu-picioarele\/#primaryimage\"},\"datePublished\":\"2020-05-30T22:13:36+00:00\",\"dateModified\":\"2020-06-21T17:00:55+00:00\",\"breadcrumb\":{\"@id\":\"https:\/\/ski-outdoor.ro\/outdoor\/2020\/05\/30\/special-dinu-mititeanu-pe-munte-se-merge-cu-sufletul-nu-doar-cu-picioarele\/#breadcrumb\"},\"inLanguage\":\"ro-RO\",\"potentialAction\":[{\"@type\":\"ReadAction\",\"target\":[\"https:\/\/ski-outdoor.ro\/outdoor\/2020\/05\/30\/special-dinu-mititeanu-pe-munte-se-merge-cu-sufletul-nu-doar-cu-picioarele\/\"]}]},{\"@type\":\"BreadcrumbList\",\"@id\":\"https:\/\/ski-outdoor.ro\/outdoor\/2020\/05\/30\/special-dinu-mititeanu-pe-munte-se-merge-cu-sufletul-nu-doar-cu-picioarele\/#breadcrumb\",\"itemListElement\":[{\"@type\":\"ListItem\",\"position\":1,\"name\":\"Home\",\"item\":\"https:\/\/ski-outdoor.ro\/outdoor\/\"},{\"@type\":\"ListItem\",\"position\":2,\"name\":\"SPECIAL &#8211; Dinu Mititeanu: pe munte se merge cu sufletul, nu doar cu picioarele\"}]},{\"@type\":\"Article\",\"@id\":\"https:\/\/ski-outdoor.ro\/outdoor\/2020\/05\/30\/special-dinu-mititeanu-pe-munte-se-merge-cu-sufletul-nu-doar-cu-picioarele\/#article\",\"isPartOf\":{\"@id\":\"https:\/\/ski-outdoor.ro\/outdoor\/2020\/05\/30\/special-dinu-mititeanu-pe-munte-se-merge-cu-sufletul-nu-doar-cu-picioarele\/#webpage\"},\"author\":{\"@id\":\"https:\/\/ski-outdoor.ro\/outdoor\/#\/schema\/person\/29661f8d079aa10872d8edcf2a2a520b\"},\"headline\":\"SPECIAL &#8211; Dinu Mititeanu: pe munte se merge cu sufletul, nu doar cu picioarele\",\"datePublished\":\"2020-05-30T22:13:36+00:00\",\"dateModified\":\"2020-06-21T17:00:55+00:00\",\"mainEntityOfPage\":{\"@id\":\"https:\/\/ski-outdoor.ro\/outdoor\/2020\/05\/30\/special-dinu-mititeanu-pe-munte-se-merge-cu-sufletul-nu-doar-cu-picioarele\/#webpage\"},\"wordCount\":3343,\"commentCount\":0,\"publisher\":{\"@id\":\"https:\/\/ski-outdoor.ro\/outdoor\/#organization\"},\"image\":{\"@id\":\"https:\/\/ski-outdoor.ro\/outdoor\/2020\/05\/30\/special-dinu-mititeanu-pe-munte-se-merge-cu-sufletul-nu-doar-cu-picioarele\/#primaryimage\"},\"thumbnailUrl\":\"https:\/\/ski-outdoor.ro\/outdoor\/wp-content\/uploads\/sites\/4\/2020\/05\/40219642_1094965423992966_29259950035304448_o.jpg\",\"keywords\":[\"alpin film festival\",\"chemarea muntelui\",\"dan burlac\",\"dinu mititeanu\",\"dor de munte\",\"emisiune\",\"Fagaras\",\"interviu\",\"legenda\",\"marlene\",\"munti\",\"outdoor magazine\",\"Patagonia\",\"Piatra Craiului\",\"picioare\",\"Ski magazine\",\"ski&amp;outdoor magazine\",\"suflet\",\"terapie\"],\"articleSection\":[\"Interviu\"],\"inLanguage\":\"ro-RO\",\"potentialAction\":[{\"@type\":\"CommentAction\",\"name\":\"Comment\",\"target\":[\"https:\/\/ski-outdoor.ro\/outdoor\/2020\/05\/30\/special-dinu-mititeanu-pe-munte-se-merge-cu-sufletul-nu-doar-cu-picioarele\/#respond\"]}]},{\"@type\":\"Person\",\"@id\":\"https:\/\/ski-outdoor.ro\/outdoor\/#\/schema\/person\/29661f8d079aa10872d8edcf2a2a520b\",\"name\":\"Bianca \u0218omlea\",\"image\":{\"@type\":\"ImageObject\",\"@id\":\"https:\/\/ski-outdoor.ro\/outdoor\/#personlogo\",\"inLanguage\":\"ro-RO\",\"url\":\"https:\/\/secure.gravatar.com\/avatar\/b39a83203da3fc8888ded6e8052246ad?s=96&d=mm&r=g\",\"contentUrl\":\"https:\/\/secure.gravatar.com\/avatar\/b39a83203da3fc8888ded6e8052246ad?s=96&d=mm&r=g\",\"caption\":\"Bianca \u0218omlea\"},\"url\":\"https:\/\/ski-outdoor.ro\/outdoor\/author\/editorfb206\/\"}]}<\/script>\n<!-- \/ Yoast SEO plugin. -->","yoast_head_json":{"title":"SPECIAL - Dinu Mititeanu: pe munte se merge cu sufletul, nu doar cu picioarele - Outdoor Magazine","robots":{"index":"index","follow":"follow","max-snippet":"max-snippet:-1","max-image-preview":"max-image-preview:large","max-video-preview":"max-video-preview:-1"},"canonical":"https:\/\/ski-outdoor.ro\/outdoor\/2020\/05\/30\/special-dinu-mititeanu-pe-munte-se-merge-cu-sufletul-nu-doar-cu-picioarele\/","og_locale":"ro_RO","og_type":"article","og_title":"SPECIAL - Dinu Mititeanu: pe munte se merge cu sufletul, nu doar cu picioarele - Outdoor Magazine","og_description":"Dinu Mititeanu, o adev\u0103rat\u0103 legend\u0103 a muntelui rom\u00e2nesc, a fost invitatul special al celei mai recente emisiuni Dor de Munte....","og_url":"https:\/\/ski-outdoor.ro\/outdoor\/2020\/05\/30\/special-dinu-mititeanu-pe-munte-se-merge-cu-sufletul-nu-doar-cu-picioarele\/","og_site_name":"Outdoor Magazine","article_publisher":"https:\/\/www.facebook.com\/skiandoutdoormagazine","article_published_time":"2020-05-30T22:13:36+00:00","article_modified_time":"2020-06-21T17:00:55+00:00","og_image":[{"width":1300,"height":867,"url":"https:\/\/ski-outdoor.ro\/outdoor\/wp-content\/uploads\/sites\/4\/2020\/05\/40219642_1094965423992966_29259950035304448_o.jpg","type":"image\/jpeg"}],"twitter_card":"summary_large_image","twitter_misc":{"Scris de":"Bianca \u0218omlea","Timp estimat pentru citire":"17 minute"},"schema":{"@context":"https:\/\/schema.org","@graph":[{"@type":"Organization","@id":"https:\/\/ski-outdoor.ro\/outdoor\/#organization","name":"Ski & Outdoor Magazine","url":"https:\/\/ski-outdoor.ro\/outdoor\/","sameAs":["https:\/\/www.facebook.com\/skiandoutdoormagazine"],"logo":{"@type":"ImageObject","@id":"https:\/\/ski-outdoor.ro\/outdoor\/#logo","inLanguage":"ro-RO","url":"https:\/\/ski-outdoor.ro\/outdoor\/wp-content\/uploads\/sites\/4\/2019\/05\/logo-e1557923623153.png","contentUrl":"https:\/\/ski-outdoor.ro\/outdoor\/wp-content\/uploads\/sites\/4\/2019\/05\/logo-e1557923623153.png","width":600,"height":165,"caption":"Ski & Outdoor Magazine"},"image":{"@id":"https:\/\/ski-outdoor.ro\/outdoor\/#logo"}},{"@type":"WebSite","@id":"https:\/\/ski-outdoor.ro\/outdoor\/#website","url":"https:\/\/ski-outdoor.ro\/outdoor\/","name":"Outdoor Magazine","description":"","publisher":{"@id":"https:\/\/ski-outdoor.ro\/outdoor\/#organization"},"potentialAction":[{"@type":"SearchAction","target":{"@type":"EntryPoint","urlTemplate":"https:\/\/ski-outdoor.ro\/outdoor\/?s={search_term_string}"},"query-input":"required name=search_term_string"}],"inLanguage":"ro-RO"},{"@type":"ImageObject","@id":"https:\/\/ski-outdoor.ro\/outdoor\/2020\/05\/30\/special-dinu-mititeanu-pe-munte-se-merge-cu-sufletul-nu-doar-cu-picioarele\/#primaryimage","inLanguage":"ro-RO","url":"https:\/\/ski-outdoor.ro\/outdoor\/wp-content\/uploads\/sites\/4\/2020\/05\/40219642_1094965423992966_29259950035304448_o.jpg","contentUrl":"https:\/\/ski-outdoor.ro\/outdoor\/wp-content\/uploads\/sites\/4\/2020\/05\/40219642_1094965423992966_29259950035304448_o.jpg","width":1300,"height":867},{"@type":"WebPage","@id":"https:\/\/ski-outdoor.ro\/outdoor\/2020\/05\/30\/special-dinu-mititeanu-pe-munte-se-merge-cu-sufletul-nu-doar-cu-picioarele\/#webpage","url":"https:\/\/ski-outdoor.ro\/outdoor\/2020\/05\/30\/special-dinu-mititeanu-pe-munte-se-merge-cu-sufletul-nu-doar-cu-picioarele\/","name":"SPECIAL - Dinu Mititeanu: pe munte se merge cu sufletul, nu doar cu picioarele - Outdoor Magazine","isPartOf":{"@id":"https:\/\/ski-outdoor.ro\/outdoor\/#website"},"primaryImageOfPage":{"@id":"https:\/\/ski-outdoor.ro\/outdoor\/2020\/05\/30\/special-dinu-mititeanu-pe-munte-se-merge-cu-sufletul-nu-doar-cu-picioarele\/#primaryimage"},"datePublished":"2020-05-30T22:13:36+00:00","dateModified":"2020-06-21T17:00:55+00:00","breadcrumb":{"@id":"https:\/\/ski-outdoor.ro\/outdoor\/2020\/05\/30\/special-dinu-mititeanu-pe-munte-se-merge-cu-sufletul-nu-doar-cu-picioarele\/#breadcrumb"},"inLanguage":"ro-RO","potentialAction":[{"@type":"ReadAction","target":["https:\/\/ski-outdoor.ro\/outdoor\/2020\/05\/30\/special-dinu-mititeanu-pe-munte-se-merge-cu-sufletul-nu-doar-cu-picioarele\/"]}]},{"@type":"BreadcrumbList","@id":"https:\/\/ski-outdoor.ro\/outdoor\/2020\/05\/30\/special-dinu-mititeanu-pe-munte-se-merge-cu-sufletul-nu-doar-cu-picioarele\/#breadcrumb","itemListElement":[{"@type":"ListItem","position":1,"name":"Home","item":"https:\/\/ski-outdoor.ro\/outdoor\/"},{"@type":"ListItem","position":2,"name":"SPECIAL &#8211; Dinu Mititeanu: pe munte se merge cu sufletul, nu doar cu picioarele"}]},{"@type":"Article","@id":"https:\/\/ski-outdoor.ro\/outdoor\/2020\/05\/30\/special-dinu-mititeanu-pe-munte-se-merge-cu-sufletul-nu-doar-cu-picioarele\/#article","isPartOf":{"@id":"https:\/\/ski-outdoor.ro\/outdoor\/2020\/05\/30\/special-dinu-mititeanu-pe-munte-se-merge-cu-sufletul-nu-doar-cu-picioarele\/#webpage"},"author":{"@id":"https:\/\/ski-outdoor.ro\/outdoor\/#\/schema\/person\/29661f8d079aa10872d8edcf2a2a520b"},"headline":"SPECIAL &#8211; Dinu Mititeanu: pe munte se merge cu sufletul, nu doar cu picioarele","datePublished":"2020-05-30T22:13:36+00:00","dateModified":"2020-06-21T17:00:55+00:00","mainEntityOfPage":{"@id":"https:\/\/ski-outdoor.ro\/outdoor\/2020\/05\/30\/special-dinu-mititeanu-pe-munte-se-merge-cu-sufletul-nu-doar-cu-picioarele\/#webpage"},"wordCount":3343,"commentCount":0,"publisher":{"@id":"https:\/\/ski-outdoor.ro\/outdoor\/#organization"},"image":{"@id":"https:\/\/ski-outdoor.ro\/outdoor\/2020\/05\/30\/special-dinu-mititeanu-pe-munte-se-merge-cu-sufletul-nu-doar-cu-picioarele\/#primaryimage"},"thumbnailUrl":"https:\/\/ski-outdoor.ro\/outdoor\/wp-content\/uploads\/sites\/4\/2020\/05\/40219642_1094965423992966_29259950035304448_o.jpg","keywords":["alpin film festival","chemarea muntelui","dan burlac","dinu mititeanu","dor de munte","emisiune","Fagaras","interviu","legenda","marlene","munti","outdoor magazine","Patagonia","Piatra Craiului","picioare","Ski magazine","ski&amp;outdoor magazine","suflet","terapie"],"articleSection":["Interviu"],"inLanguage":"ro-RO","potentialAction":[{"@type":"CommentAction","name":"Comment","target":["https:\/\/ski-outdoor.ro\/outdoor\/2020\/05\/30\/special-dinu-mititeanu-pe-munte-se-merge-cu-sufletul-nu-doar-cu-picioarele\/#respond"]}]},{"@type":"Person","@id":"https:\/\/ski-outdoor.ro\/outdoor\/#\/schema\/person\/29661f8d079aa10872d8edcf2a2a520b","name":"Bianca \u0218omlea","image":{"@type":"ImageObject","@id":"https:\/\/ski-outdoor.ro\/outdoor\/#personlogo","inLanguage":"ro-RO","url":"https:\/\/secure.gravatar.com\/avatar\/b39a83203da3fc8888ded6e8052246ad?s=96&d=mm&r=g","contentUrl":"https:\/\/secure.gravatar.com\/avatar\/b39a83203da3fc8888ded6e8052246ad?s=96&d=mm&r=g","caption":"Bianca \u0218omlea"},"url":"https:\/\/ski-outdoor.ro\/outdoor\/author\/editorfb206\/"}]}},"_links":{"self":[{"href":"https:\/\/ski-outdoor.ro\/outdoor\/wp-json\/wp\/v2\/posts\/4242"}],"collection":[{"href":"https:\/\/ski-outdoor.ro\/outdoor\/wp-json\/wp\/v2\/posts"}],"about":[{"href":"https:\/\/ski-outdoor.ro\/outdoor\/wp-json\/wp\/v2\/types\/post"}],"author":[{"embeddable":true,"href":"https:\/\/ski-outdoor.ro\/outdoor\/wp-json\/wp\/v2\/users\/16"}],"replies":[{"embeddable":true,"href":"https:\/\/ski-outdoor.ro\/outdoor\/wp-json\/wp\/v2\/comments?post=4242"}],"version-history":[{"count":9,"href":"https:\/\/ski-outdoor.ro\/outdoor\/wp-json\/wp\/v2\/posts\/4242\/revisions"}],"predecessor-version":[{"id":4652,"href":"https:\/\/ski-outdoor.ro\/outdoor\/wp-json\/wp\/v2\/posts\/4242\/revisions\/4652"}],"wp:featuredmedia":[{"embeddable":true,"href":"https:\/\/ski-outdoor.ro\/outdoor\/wp-json\/wp\/v2\/media\/4245"}],"wp:attachment":[{"href":"https:\/\/ski-outdoor.ro\/outdoor\/wp-json\/wp\/v2\/media?parent=4242"}],"wp:term":[{"taxonomy":"category","embeddable":true,"href":"https:\/\/ski-outdoor.ro\/outdoor\/wp-json\/wp\/v2\/categories?post=4242"},{"taxonomy":"post_tag","embeddable":true,"href":"https:\/\/ski-outdoor.ro\/outdoor\/wp-json\/wp\/v2\/tags?post=4242"}],"curies":[{"name":"wp","href":"https:\/\/api.w.org\/{rel}","templated":true}]}}