{"id":5328,"date":"2020-08-26T20:44:55","date_gmt":"2020-08-26T20:44:55","guid":{"rendered":"https:\/\/ski-outdoor.ro\/outdoor\/?p=5328"},"modified":"2020-10-08T20:59:46","modified_gmt":"2020-10-08T20:59:46","slug":"skateboarding-patric-ilut-pregatit-pentru-campionatul-mondial","status":"publish","type":"post","link":"https:\/\/ski-outdoor.ro\/outdoor\/2020\/08\/26\/skateboarding-patric-ilut-pregatit-pentru-campionatul-mondial\/","title":{"rendered":"Skateboarding: Patric Ilu\u021b, preg\u0103tit pentru campionatul mondial"},"content":{"rendered":"\n<div class=\"wp-block-image\"><figure class=\"alignleft is-resized\"><img loading=\"lazy\" src=\"https:\/\/ski-outdoor.ro\/outdoor\/wp-content\/uploads\/sites\/4\/2020\/08\/patric-3-1024x1012.jpg\" alt=\"\" class=\"wp-image-5332\" width=\"341\" height=\"337\" srcset=\"https:\/\/ski-outdoor.ro\/outdoor\/wp-content\/uploads\/sites\/4\/2020\/08\/patric-3-1024x1012.jpg 1024w, https:\/\/ski-outdoor.ro\/outdoor\/wp-content\/uploads\/sites\/4\/2020\/08\/patric-3-300x297.jpg 300w, https:\/\/ski-outdoor.ro\/outdoor\/wp-content\/uploads\/sites\/4\/2020\/08\/patric-3-768x759.jpg 768w, https:\/\/ski-outdoor.ro\/outdoor\/wp-content\/uploads\/sites\/4\/2020\/08\/patric-3-370x366.jpg 370w, https:\/\/ski-outdoor.ro\/outdoor\/wp-content\/uploads\/sites\/4\/2020\/08\/patric-3-570x564.jpg 570w, https:\/\/ski-outdoor.ro\/outdoor\/wp-content\/uploads\/sites\/4\/2020\/08\/patric-3-770x761.jpg 770w, https:\/\/ski-outdoor.ro\/outdoor\/wp-content\/uploads\/sites\/4\/2020\/08\/patric-3-1170x1157.jpg 1170w, https:\/\/ski-outdoor.ro\/outdoor\/wp-content\/uploads\/sites\/4\/2020\/08\/patric-3-587x580.jpg 587w, https:\/\/ski-outdoor.ro\/outdoor\/wp-content\/uploads\/sites\/4\/2020\/08\/patric-3.jpg 1600w\" sizes=\"(max-width: 341px) 100vw, 341px\" \/><\/figure><\/div>\n\n\n\n<p><strong>Patric Ilu\u021b sau <em>The Flying Boy<\/em> dup\u0103 cum \u00eel \u0219tim, se preg\u0103te\u0219te intens de campionatul mondial de skateboarding. Anul trecut, la doar 10 ani, a devenit vicecampion mondial \u0219i vrea s\u0103 revin\u0103 pe podium \u0219i anul acesta. Chiar dac\u0103 evenimentele sportive stau sub semnul \u00eentreb\u0103rii din cauza pandemiei de COVID 19, datele pentru circuitul oficial World Rookie Tour au fost stabilite.<\/strong><\/p>\n\n\n\n<h4><strong>Calendar World Rookie Tour\nSkateboard 2020<\/strong><strong><\/strong><\/h4>\n\n\n\n<ul><li><strong>Bring da Truckaz Rookie Fest<\/strong> \u2013 Chemnitz, Germania (5-6 septembrie 2020)<\/li><li><strong>Sk8 Academy World Rookie Fest <\/strong>\u2013 Winterthur, Elve\u021bia (19 septembrie 2020)<\/li><li><strong>Prague Rookie Fest<\/strong> \u2013 Mystic Skate Park \u2013 Praga, Cehia (1-2 octombrie 2020)<\/li><li><strong>Modena Rookie Fest<\/strong> \u2013 Modena, Italia (30 octombrie &#8211; 2 noiembrie 2020)<\/li><li><strong>World Rookie Skateboard Finals <\/strong>\u2013 Skatehalle \u2013 Innsbruck, Austria (13-15 noiembrie 2020)<\/li><\/ul>\n\n\n\n<p><strong>Bianca \u0218omlea: Cum\na fost anul acesta pentru tine, Patric? C\u00e2t de mult ai reu\u0219it&nbsp;s\u0103 te\nantrenezi \u0219i \u00een ce condi\u021bii?<\/strong><\/p>\n\n\n\n<p><strong>Patric\nIlu\u021b:<\/strong><em> Anul acesta a\nfost cam greu din cauza situa\u021biei cu COVID &#8211; 19, multe competi\u021bii s-au anulat.\nTotu\u0219i p\u00e2n\u0103 \u00een martie am reu\u0219it s\u0103 particip la mai multe competi\u021bii FIS, unde\nam ob\u021binut rezultate foarte bune, clas\u00e2ndu-m\u0103 pe podium de fiecare dat\u0103 :<\/em><\/p>\n\n\n\n<p><em>&nbsp;&#8211;\nlocul 2 FIS Snowboardcross, Slovacia, ianuarie<\/em><em>;<\/em><\/p>\n\n\n\n<p><em>&nbsp;&#8211;\nlocul 2 FIS Snowboard Slalom, Slovacia, ianuarie;<\/em><\/p>\n\n\n\n<p><em>&nbsp;&#8211;\nlocul 1 \u0219i campion na\u021bional la slopestyle, FREESTYLE OPEN, Rom\u00e2nia, ianuarie;<\/em><\/p>\n\n\n\n<p><em>&nbsp;&#8211; locul 3 FIS\nSBX SLOVAK CUP, snowboardcross, februarie;<\/em><\/p>\n\n\n\n<p><em>&nbsp;&#8211; locul 2 FIS\nSLALOM SLOVAK CUP, februarie;<\/em><\/p>\n\n\n\n<p><em>&nbsp;&#8211; locul 1 \u0219i campion al Slovaciei, slopestyle, martie;<\/em><\/p>\n\n\n\n<p><em>&#8211;\nlocul 1 \u0219i campion al Slovaciei, Big Air, martie.<\/em><\/p>\n\n\n\n<p><em>Dup\u0103\naceast\u0103 dat\u0103, s-au anulat toate competi\u021biile, fiind aproape imbosibil s\u0103 m\u0103\nantrenez. Totu\u0219i, tat\u0103l meu \u00eempreun\u0103 cu c\u00e2\u021biva prieteni mi-a construit un\nminiramp \u00een mica noastr\u0103 curte, unde am reu\u0219it s\u0103 m\u0103 antrenez pt skateboarding,\nst\u00e2nd acas\u0103.<\/em><\/p>\n\n\n\n<ul class=\"wp-block-gallery columns-2 is-cropped\"><li class=\"blocks-gallery-item\"><figure><img loading=\"lazy\" width=\"683\" height=\"1024\" src=\"https:\/\/ski-outdoor.ro\/outdoor\/wp-content\/uploads\/sites\/4\/2020\/08\/patric-2-683x1024.jpg\" alt=\"\" data-id=\"5334\" data-link=\"https:\/\/ski-outdoor.ro\/outdoor\/?attachment_id=5334\" class=\"wp-image-5334\" srcset=\"https:\/\/ski-outdoor.ro\/outdoor\/wp-content\/uploads\/sites\/4\/2020\/08\/patric-2-683x1024.jpg 683w, https:\/\/ski-outdoor.ro\/outdoor\/wp-content\/uploads\/sites\/4\/2020\/08\/patric-2-200x300.jpg 200w, https:\/\/ski-outdoor.ro\/outdoor\/wp-content\/uploads\/sites\/4\/2020\/08\/patric-2-768x1151.jpg 768w, https:\/\/ski-outdoor.ro\/outdoor\/wp-content\/uploads\/sites\/4\/2020\/08\/patric-2-370x555.jpg 370w, https:\/\/ski-outdoor.ro\/outdoor\/wp-content\/uploads\/sites\/4\/2020\/08\/patric-2-570x855.jpg 570w, https:\/\/ski-outdoor.ro\/outdoor\/wp-content\/uploads\/sites\/4\/2020\/08\/patric-2-770x1154.jpg 770w, https:\/\/ski-outdoor.ro\/outdoor\/wp-content\/uploads\/sites\/4\/2020\/08\/patric-2-1170x1754.jpg 1170w, https:\/\/ski-outdoor.ro\/outdoor\/wp-content\/uploads\/sites\/4\/2020\/08\/patric-2-387x580.jpg 387w, https:\/\/ski-outdoor.ro\/outdoor\/wp-content\/uploads\/sites\/4\/2020\/08\/patric-2.jpg 1234w\" sizes=\"(max-width: 683px) 100vw, 683px\" \/><\/figure><\/li><li class=\"blocks-gallery-item\"><figure><img loading=\"lazy\" width=\"768\" height=\"1024\" src=\"https:\/\/ski-outdoor.ro\/outdoor\/wp-content\/uploads\/sites\/4\/2020\/08\/patric-7-768x1024.jpg\" alt=\"\" data-id=\"5336\" data-link=\"https:\/\/ski-outdoor.ro\/outdoor\/?attachment_id=5336\" class=\"wp-image-5336\" srcset=\"https:\/\/ski-outdoor.ro\/outdoor\/wp-content\/uploads\/sites\/4\/2020\/08\/patric-7-768x1024.jpg 768w, https:\/\/ski-outdoor.ro\/outdoor\/wp-content\/uploads\/sites\/4\/2020\/08\/patric-7-225x300.jpg 225w, https:\/\/ski-outdoor.ro\/outdoor\/wp-content\/uploads\/sites\/4\/2020\/08\/patric-7-370x493.jpg 370w, https:\/\/ski-outdoor.ro\/outdoor\/wp-content\/uploads\/sites\/4\/2020\/08\/patric-7-570x760.jpg 570w, https:\/\/ski-outdoor.ro\/outdoor\/wp-content\/uploads\/sites\/4\/2020\/08\/patric-7-770x1027.jpg 770w, https:\/\/ski-outdoor.ro\/outdoor\/wp-content\/uploads\/sites\/4\/2020\/08\/patric-7-1170x1560.jpg 1170w, https:\/\/ski-outdoor.ro\/outdoor\/wp-content\/uploads\/sites\/4\/2020\/08\/patric-7-435x580.jpg 435w, https:\/\/ski-outdoor.ro\/outdoor\/wp-content\/uploads\/sites\/4\/2020\/08\/patric-7.jpg 1536w\" sizes=\"(max-width: 768px) 100vw, 768px\" \/><\/figure><\/li><\/ul>\n\n\n\n<p><strong>Bianca \u0218omlea: Care\nsunt punctele tale forte la skateboard \u0219i ce vrei s\u0103 \u00eembun\u0103t\u0103\u021be\u0219ti?<\/strong><\/p>\n\n\n\n<p><strong>Patric\nIlu\u021b:<\/strong><em> \u00cen skateboarding\ncred c\u0103 excelez \u00een s\u0103rituri foarte \u00eenalte, rota\u021bii dificile (pe care pu\u021bini le\nfac), vitez\u0103 \u0219i stil.<\/em><\/p>\n\n\n\n<p><em>Ca\nrider profesionist trebuie tot timpul s\u0103 evoluezi, s\u0103 vrei tot mai mult de la\n\u021bine, pentru a putea r\u0103m\u00e2ne competitiv. \u00cen niciun sport extrem nu cred c\u0103 po\u021bi\ns\u0103 jungi la perfec\u021biune. Tot timpul apar provoc\u0103ri noi, la care trebuie s\u0103 fii\npreg\u0103tit. Acest lucru se poate doar prin &#8222;push&#8221;, prin antrenament\nmult, \u00eembun\u0103t\u0103\u021birea continu\u0103 a stilului \u0219i trecerea la next level de trick-uri.<\/em><\/p>\n\n\n\n<p><strong>Bianca \u0218omlea: Tu\nai fost direct calificat la campionatele mondiale. Ce probe se organizeaz\u0103 anul\nacesta \u0219i la care vei merge?<\/strong><\/p>\n\n\n\n<p><strong>Patric\nIlu\u021b:<\/strong><em> Da, sunt\ncalificat la campionatul mondial de skateboarding sub 18 ani, adic\u0103 World\nRookie Tour 2020, prin prisma faptului c\u0103 am c\u00e2\u0219tigat o medalie de argint la\netapa din Les Deux Alpes, Fran\u021ba.<\/em><\/p>\n\n\n\n<p><em>Anul\nacesta se \u021bin doar 4 etape, la disciplina Street. Datorit\u0103 situa\u021biei legate de\nCOVID 19, sper s\u0103 pot ajunge la m\u0103car 2 din aceste etape \u0219i, bine\u00een\u021beles, s\u0103 m\u0103\ncalific la Finala Campionatului Mondial, ce va avea loc \u00een 24-25 noiembrie \u00een\nInnsbruck, Austria.<\/em><\/p>\n\n\n\n<figure class=\"wp-block-image\"><img loading=\"lazy\" width=\"1024\" height=\"683\" src=\"https:\/\/ski-outdoor.ro\/outdoor\/wp-content\/uploads\/sites\/4\/2020\/08\/patric-4-1024x683.jpg\" alt=\"\" class=\"wp-image-5337\" srcset=\"https:\/\/ski-outdoor.ro\/outdoor\/wp-content\/uploads\/sites\/4\/2020\/08\/patric-4-1024x683.jpg 1024w, https:\/\/ski-outdoor.ro\/outdoor\/wp-content\/uploads\/sites\/4\/2020\/08\/patric-4-300x200.jpg 300w, https:\/\/ski-outdoor.ro\/outdoor\/wp-content\/uploads\/sites\/4\/2020\/08\/patric-4-768x512.jpg 768w, https:\/\/ski-outdoor.ro\/outdoor\/wp-content\/uploads\/sites\/4\/2020\/08\/patric-4-370x247.jpg 370w, https:\/\/ski-outdoor.ro\/outdoor\/wp-content\/uploads\/sites\/4\/2020\/08\/patric-4-270x180.jpg 270w, https:\/\/ski-outdoor.ro\/outdoor\/wp-content\/uploads\/sites\/4\/2020\/08\/patric-4-570x380.jpg 570w, https:\/\/ski-outdoor.ro\/outdoor\/wp-content\/uploads\/sites\/4\/2020\/08\/patric-4-770x513.jpg 770w, https:\/\/ski-outdoor.ro\/outdoor\/wp-content\/uploads\/sites\/4\/2020\/08\/patric-4-1170x780.jpg 1170w, https:\/\/ski-outdoor.ro\/outdoor\/wp-content\/uploads\/sites\/4\/2020\/08\/patric-4-870x580.jpg 870w, https:\/\/ski-outdoor.ro\/outdoor\/wp-content\/uploads\/sites\/4\/2020\/08\/patric-4.jpg 2048w\" sizes=\"(max-width: 1024px) 100vw, 1024px\" \/><\/figure>\n\n\n\n<p><strong>Bianca \u0218omlea: Cam\ncare este concuren\u021ba anul acesta, unde crezi c\u0103 te pozi\u021bionezi \u0219i care este cea\nmai important\u0103 prob\u0103 pentru tine?<\/strong><\/p>\n\n\n\n<p><strong>Patric Ilu\u021b:<\/strong><em> Teoretic la groms (categoria unde particip eu, adic\u0103 sub 15 ani) sunt \u00eenregistra\u021bi 950 de rideri. Nu \u0219tiu c\u00e2\u021bi vor participa la diferitele etape, dat\u0103 fiind situa\u021bia mondial\u0103. Cel mai important este s\u0103 ob\u021bin minim un podium, lucru care m\u0103 calific\u0103 automat \u00een finala mare de la Innsbruck.<\/em><\/p>\n\n\n\n<p><strong>Bianca \u0218omlea: Care\neste mecanismul? C\u00e2te probe trebuie s\u0103 c\u00e2\u0219tiga\u021bi \u0219i care este miza anul acesta\npentru voi?<\/strong><\/p>\n\n\n\n<p><strong>Patric Ilu\u021b:<\/strong><em> Primii 3 clasa\u021bi din cele 4 etape se\ncalific\u0103 automat \u00een final\u0103 din Austria. Asta este \u0219i targetul meu.<\/em><\/p>\n\n\n\n<p><strong>Bianca \u0218omlea: C\u00e2t\nde sigure sunt datele stabilite pentru etapele campionatului mondial \u0219i ce\ndificult\u0103\u021bi ridic\u0103 incertitudinile din acest an?<\/strong><\/p>\n\n\n\n<div class=\"wp-block-image\"><figure class=\"alignright is-resized\"><img loading=\"lazy\" src=\"https:\/\/ski-outdoor.ro\/outdoor\/wp-content\/uploads\/sites\/4\/2020\/08\/patric-8-683x1024.jpg\" alt=\"\" class=\"wp-image-5338\" width=\"346\" height=\"518\" srcset=\"https:\/\/ski-outdoor.ro\/outdoor\/wp-content\/uploads\/sites\/4\/2020\/08\/patric-8-683x1024.jpg 683w, https:\/\/ski-outdoor.ro\/outdoor\/wp-content\/uploads\/sites\/4\/2020\/08\/patric-8-200x300.jpg 200w, https:\/\/ski-outdoor.ro\/outdoor\/wp-content\/uploads\/sites\/4\/2020\/08\/patric-8-768x1152.jpg 768w, https:\/\/ski-outdoor.ro\/outdoor\/wp-content\/uploads\/sites\/4\/2020\/08\/patric-8-370x555.jpg 370w, https:\/\/ski-outdoor.ro\/outdoor\/wp-content\/uploads\/sites\/4\/2020\/08\/patric-8-570x855.jpg 570w, https:\/\/ski-outdoor.ro\/outdoor\/wp-content\/uploads\/sites\/4\/2020\/08\/patric-8-770x1155.jpg 770w, https:\/\/ski-outdoor.ro\/outdoor\/wp-content\/uploads\/sites\/4\/2020\/08\/patric-8-1170x1755.jpg 1170w, https:\/\/ski-outdoor.ro\/outdoor\/wp-content\/uploads\/sites\/4\/2020\/08\/patric-8-387x580.jpg 387w, https:\/\/ski-outdoor.ro\/outdoor\/wp-content\/uploads\/sites\/4\/2020\/08\/patric-8.jpg 1365w\" sizes=\"(max-width: 346px) 100vw, 346px\" \/><\/figure><\/div>\n\n\n\n<p><strong>Patric Ilu\u021b:<\/strong><em> Datele sunt \u00een acest moment 100%\nsigure, dar bine\u00een\u021beles c\u0103 se pot modifica oric\u00e2nd, dat\u0103 fiind situa\u021bia.\nDeocamdat\u0103 noi, ca rom\u00e2ni, avem restric\u021bii&nbsp; \u00een toate \u021b\u0103rile unde se \u021bin\netapele, deci a\u0219tept\u0103m \u0219i vedem&#8230;<\/em><\/p>\n\n\n\n<p><strong>Bianca \u0218omlea: Care\nsunt provoc\u0103rile pentru un sportiv care face performan\u021b\u0103 \u00een skateboard \u00een\nRom\u00e2nia?<\/strong><\/p>\n\n\n\n<p><strong>Patric Ilu\u021b:<\/strong><em> Este foarte greu de f\u0103cut performan\u021b\u0103,\nmai ales \u00een sporturile pe care le practic. La skateboarding, de exemplu, nu\nexist\u0103 nicio structura organiza\u021bional\u0103 oficial\u0103, nici campionat na\u021bional, nici\nfedera\u021bie de skateboarding. Toate deplas\u0103rile le suport\u0103 familia mea, at\u00e2t la\nskateboarding c\u00e2t \u0219i la snowboarding.<\/em><\/p>\n\n\n\n<p><strong>Bianca \u0218omlea: Care\nsunt planurile pentru sezonul de iarn\u0103, la snowboard?<\/strong><\/p>\n\n\n\n<p><strong>Patric\nIlu\u021b:<\/strong><em> Vreau s\u0103 \u00eenchei\ncu podium clasamentul FIS (campionatul mondial de snowboarding) la 4 discipline:\nslopestyle, snowboardcross, slalom \u0219i bigair.<\/em><\/p>\n\n\n\n<p><em>Interviu\nrealizat de Bianca \u0218omlea<\/em><\/p>\n","protected":false},"excerpt":{"rendered":"<p>Patric Ilu\u021b sau The Flying Boy dup\u0103 cum \u00eel \u0219tim, se preg\u0103te\u0219te intens de campionatul mondial de skateboarding. Anul trecut,&#8230;<\/p>\n","protected":false},"author":16,"featured_media":5331,"comment_status":"open","ping_status":"open","sticky":false,"template":"","format":"standard","meta":[],"categories":[37],"tags":[926,1651,2254,441,174,519,2455,2456,1027,138,2448,2449,551,2450,990,934,481,2453,2454,2451],"yoast_head":"<!-- This site is optimized with the Yoast SEO plugin v18.4.1 - https:\/\/yoast.com\/wordpress\/plugins\/seo\/ -->\n<title>Skateboarding: Patric Ilu\u021b, preg\u0103tit pentru campionatul mondial - Outdoor Magazine<\/title>\n<meta name=\"robots\" content=\"index, follow, max-snippet:-1, max-image-preview:large, max-video-preview:-1\" \/>\n<link rel=\"canonical\" href=\"https:\/\/ski-outdoor.ro\/outdoor\/2020\/08\/26\/skateboarding-patric-ilut-pregatit-pentru-campionatul-mondial\/\" \/>\n<meta property=\"og:locale\" content=\"ro_RO\" \/>\n<meta property=\"og:type\" content=\"article\" \/>\n<meta property=\"og:title\" content=\"Skateboarding: Patric Ilu\u021b, preg\u0103tit pentru campionatul mondial - Outdoor Magazine\" \/>\n<meta property=\"og:description\" content=\"Patric Ilu\u021b sau The Flying Boy dup\u0103 cum \u00eel \u0219tim, se preg\u0103te\u0219te intens de campionatul mondial de skateboarding. Anul trecut,...\" \/>\n<meta property=\"og:url\" content=\"https:\/\/ski-outdoor.ro\/outdoor\/2020\/08\/26\/skateboarding-patric-ilut-pregatit-pentru-campionatul-mondial\/\" \/>\n<meta property=\"og:site_name\" content=\"Outdoor Magazine\" \/>\n<meta property=\"article:publisher\" content=\"https:\/\/www.facebook.com\/skiandoutdoormagazine\" \/>\n<meta property=\"article:published_time\" content=\"2020-08-26T20:44:55+00:00\" \/>\n<meta property=\"article:modified_time\" content=\"2020-10-08T20:59:46+00:00\" \/>\n<meta property=\"og:image\" content=\"https:\/\/ski-outdoor.ro\/outdoor\/wp-content\/uploads\/sites\/4\/2020\/08\/patric-5.jpg\" \/>\n\t<meta property=\"og:image:width\" content=\"2048\" \/>\n\t<meta property=\"og:image:height\" content=\"1365\" \/>\n\t<meta property=\"og:image:type\" content=\"image\/jpeg\" \/>\n<meta name=\"twitter:card\" content=\"summary_large_image\" \/>\n<meta name=\"twitter:label1\" content=\"Scris de\" \/>\n\t<meta name=\"twitter:data1\" content=\"Bianca \u0218omlea\" \/>\n\t<meta name=\"twitter:label2\" content=\"Timp estimat pentru citire\" \/>\n\t<meta name=\"twitter:data2\" content=\"4 minute\" \/>\n<script type=\"application\/ld+json\" class=\"yoast-schema-graph\">{\"@context\":\"https:\/\/schema.org\",\"@graph\":[{\"@type\":\"Organization\",\"@id\":\"https:\/\/ski-outdoor.ro\/outdoor\/#organization\",\"name\":\"Ski & Outdoor Magazine\",\"url\":\"https:\/\/ski-outdoor.ro\/outdoor\/\",\"sameAs\":[\"https:\/\/www.facebook.com\/skiandoutdoormagazine\"],\"logo\":{\"@type\":\"ImageObject\",\"@id\":\"https:\/\/ski-outdoor.ro\/outdoor\/#logo\",\"inLanguage\":\"ro-RO\",\"url\":\"https:\/\/ski-outdoor.ro\/outdoor\/wp-content\/uploads\/sites\/4\/2019\/05\/logo-e1557923623153.png\",\"contentUrl\":\"https:\/\/ski-outdoor.ro\/outdoor\/wp-content\/uploads\/sites\/4\/2019\/05\/logo-e1557923623153.png\",\"width\":600,\"height\":165,\"caption\":\"Ski & Outdoor Magazine\"},\"image\":{\"@id\":\"https:\/\/ski-outdoor.ro\/outdoor\/#logo\"}},{\"@type\":\"WebSite\",\"@id\":\"https:\/\/ski-outdoor.ro\/outdoor\/#website\",\"url\":\"https:\/\/ski-outdoor.ro\/outdoor\/\",\"name\":\"Outdoor Magazine\",\"description\":\"\",\"publisher\":{\"@id\":\"https:\/\/ski-outdoor.ro\/outdoor\/#organization\"},\"potentialAction\":[{\"@type\":\"SearchAction\",\"target\":{\"@type\":\"EntryPoint\",\"urlTemplate\":\"https:\/\/ski-outdoor.ro\/outdoor\/?s={search_term_string}\"},\"query-input\":\"required name=search_term_string\"}],\"inLanguage\":\"ro-RO\"},{\"@type\":\"ImageObject\",\"@id\":\"https:\/\/ski-outdoor.ro\/outdoor\/2020\/08\/26\/skateboarding-patric-ilut-pregatit-pentru-campionatul-mondial\/#primaryimage\",\"inLanguage\":\"ro-RO\",\"url\":\"https:\/\/ski-outdoor.ro\/outdoor\/wp-content\/uploads\/sites\/4\/2020\/08\/patric-5.jpg\",\"contentUrl\":\"https:\/\/ski-outdoor.ro\/outdoor\/wp-content\/uploads\/sites\/4\/2020\/08\/patric-5.jpg\",\"width\":2048,\"height\":1365},{\"@type\":\"WebPage\",\"@id\":\"https:\/\/ski-outdoor.ro\/outdoor\/2020\/08\/26\/skateboarding-patric-ilut-pregatit-pentru-campionatul-mondial\/#webpage\",\"url\":\"https:\/\/ski-outdoor.ro\/outdoor\/2020\/08\/26\/skateboarding-patric-ilut-pregatit-pentru-campionatul-mondial\/\",\"name\":\"Skateboarding: Patric Ilu\u021b, preg\u0103tit pentru campionatul mondial - Outdoor Magazine\",\"isPartOf\":{\"@id\":\"https:\/\/ski-outdoor.ro\/outdoor\/#website\"},\"primaryImageOfPage\":{\"@id\":\"https:\/\/ski-outdoor.ro\/outdoor\/2020\/08\/26\/skateboarding-patric-ilut-pregatit-pentru-campionatul-mondial\/#primaryimage\"},\"datePublished\":\"2020-08-26T20:44:55+00:00\",\"dateModified\":\"2020-10-08T20:59:46+00:00\",\"breadcrumb\":{\"@id\":\"https:\/\/ski-outdoor.ro\/outdoor\/2020\/08\/26\/skateboarding-patric-ilut-pregatit-pentru-campionatul-mondial\/#breadcrumb\"},\"inLanguage\":\"ro-RO\",\"potentialAction\":[{\"@type\":\"ReadAction\",\"target\":[\"https:\/\/ski-outdoor.ro\/outdoor\/2020\/08\/26\/skateboarding-patric-ilut-pregatit-pentru-campionatul-mondial\/\"]}]},{\"@type\":\"BreadcrumbList\",\"@id\":\"https:\/\/ski-outdoor.ro\/outdoor\/2020\/08\/26\/skateboarding-patric-ilut-pregatit-pentru-campionatul-mondial\/#breadcrumb\",\"itemListElement\":[{\"@type\":\"ListItem\",\"position\":1,\"name\":\"Home\",\"item\":\"https:\/\/ski-outdoor.ro\/outdoor\/\"},{\"@type\":\"ListItem\",\"position\":2,\"name\":\"Skateboarding: Patric Ilu\u021b, preg\u0103tit pentru campionatul mondial\"}]},{\"@type\":\"Article\",\"@id\":\"https:\/\/ski-outdoor.ro\/outdoor\/2020\/08\/26\/skateboarding-patric-ilut-pregatit-pentru-campionatul-mondial\/#article\",\"isPartOf\":{\"@id\":\"https:\/\/ski-outdoor.ro\/outdoor\/2020\/08\/26\/skateboarding-patric-ilut-pregatit-pentru-campionatul-mondial\/#webpage\"},\"author\":{\"@id\":\"https:\/\/ski-outdoor.ro\/outdoor\/#\/schema\/person\/29661f8d079aa10872d8edcf2a2a520b\"},\"headline\":\"Skateboarding: Patric Ilu\u021b, preg\u0103tit pentru campionatul mondial\",\"datePublished\":\"2020-08-26T20:44:55+00:00\",\"dateModified\":\"2020-10-08T20:59:46+00:00\",\"mainEntityOfPage\":{\"@id\":\"https:\/\/ski-outdoor.ro\/outdoor\/2020\/08\/26\/skateboarding-patric-ilut-pregatit-pentru-campionatul-mondial\/#webpage\"},\"wordCount\":810,\"commentCount\":0,\"publisher\":{\"@id\":\"https:\/\/ski-outdoor.ro\/outdoor\/#organization\"},\"image\":{\"@id\":\"https:\/\/ski-outdoor.ro\/outdoor\/2020\/08\/26\/skateboarding-patric-ilut-pregatit-pentru-campionatul-mondial\/#primaryimage\"},\"thumbnailUrl\":\"https:\/\/ski-outdoor.ro\/outdoor\/wp-content\/uploads\/sites\/4\/2020\/08\/patric-5.jpg\",\"keywords\":[\"Austria\",\"bianca somlea\",\"campionat national\",\"circuit\",\"competitie\",\"etape\",\"finala\",\"innsbruck\",\"interviu\",\"outdoor magazine\",\"patric\",\"patric ilut\",\"podium\",\"skateboard\",\"Ski magazine\",\"ski&amp;outdoor magazine\",\"snowboard\",\"the flying boy\",\"trickuri\",\"world rookie tour\"],\"articleSection\":[\"Interviu\"],\"inLanguage\":\"ro-RO\",\"potentialAction\":[{\"@type\":\"CommentAction\",\"name\":\"Comment\",\"target\":[\"https:\/\/ski-outdoor.ro\/outdoor\/2020\/08\/26\/skateboarding-patric-ilut-pregatit-pentru-campionatul-mondial\/#respond\"]}]},{\"@type\":\"Person\",\"@id\":\"https:\/\/ski-outdoor.ro\/outdoor\/#\/schema\/person\/29661f8d079aa10872d8edcf2a2a520b\",\"name\":\"Bianca \u0218omlea\",\"image\":{\"@type\":\"ImageObject\",\"@id\":\"https:\/\/ski-outdoor.ro\/outdoor\/#personlogo\",\"inLanguage\":\"ro-RO\",\"url\":\"https:\/\/secure.gravatar.com\/avatar\/b39a83203da3fc8888ded6e8052246ad?s=96&d=mm&r=g\",\"contentUrl\":\"https:\/\/secure.gravatar.com\/avatar\/b39a83203da3fc8888ded6e8052246ad?s=96&d=mm&r=g\",\"caption\":\"Bianca \u0218omlea\"},\"url\":\"https:\/\/ski-outdoor.ro\/outdoor\/author\/editorfb206\/\"}]}<\/script>\n<!-- \/ Yoast SEO plugin. -->","yoast_head_json":{"title":"Skateboarding: Patric Ilu\u021b, preg\u0103tit pentru campionatul mondial - Outdoor Magazine","robots":{"index":"index","follow":"follow","max-snippet":"max-snippet:-1","max-image-preview":"max-image-preview:large","max-video-preview":"max-video-preview:-1"},"canonical":"https:\/\/ski-outdoor.ro\/outdoor\/2020\/08\/26\/skateboarding-patric-ilut-pregatit-pentru-campionatul-mondial\/","og_locale":"ro_RO","og_type":"article","og_title":"Skateboarding: Patric Ilu\u021b, preg\u0103tit pentru campionatul mondial - Outdoor Magazine","og_description":"Patric Ilu\u021b sau The Flying Boy dup\u0103 cum \u00eel \u0219tim, se preg\u0103te\u0219te intens de campionatul mondial de skateboarding. Anul trecut,...","og_url":"https:\/\/ski-outdoor.ro\/outdoor\/2020\/08\/26\/skateboarding-patric-ilut-pregatit-pentru-campionatul-mondial\/","og_site_name":"Outdoor Magazine","article_publisher":"https:\/\/www.facebook.com\/skiandoutdoormagazine","article_published_time":"2020-08-26T20:44:55+00:00","article_modified_time":"2020-10-08T20:59:46+00:00","og_image":[{"width":2048,"height":1365,"url":"https:\/\/ski-outdoor.ro\/outdoor\/wp-content\/uploads\/sites\/4\/2020\/08\/patric-5.jpg","type":"image\/jpeg"}],"twitter_card":"summary_large_image","twitter_misc":{"Scris de":"Bianca \u0218omlea","Timp estimat pentru citire":"4 minute"},"schema":{"@context":"https:\/\/schema.org","@graph":[{"@type":"Organization","@id":"https:\/\/ski-outdoor.ro\/outdoor\/#organization","name":"Ski & Outdoor Magazine","url":"https:\/\/ski-outdoor.ro\/outdoor\/","sameAs":["https:\/\/www.facebook.com\/skiandoutdoormagazine"],"logo":{"@type":"ImageObject","@id":"https:\/\/ski-outdoor.ro\/outdoor\/#logo","inLanguage":"ro-RO","url":"https:\/\/ski-outdoor.ro\/outdoor\/wp-content\/uploads\/sites\/4\/2019\/05\/logo-e1557923623153.png","contentUrl":"https:\/\/ski-outdoor.ro\/outdoor\/wp-content\/uploads\/sites\/4\/2019\/05\/logo-e1557923623153.png","width":600,"height":165,"caption":"Ski & Outdoor Magazine"},"image":{"@id":"https:\/\/ski-outdoor.ro\/outdoor\/#logo"}},{"@type":"WebSite","@id":"https:\/\/ski-outdoor.ro\/outdoor\/#website","url":"https:\/\/ski-outdoor.ro\/outdoor\/","name":"Outdoor Magazine","description":"","publisher":{"@id":"https:\/\/ski-outdoor.ro\/outdoor\/#organization"},"potentialAction":[{"@type":"SearchAction","target":{"@type":"EntryPoint","urlTemplate":"https:\/\/ski-outdoor.ro\/outdoor\/?s={search_term_string}"},"query-input":"required name=search_term_string"}],"inLanguage":"ro-RO"},{"@type":"ImageObject","@id":"https:\/\/ski-outdoor.ro\/outdoor\/2020\/08\/26\/skateboarding-patric-ilut-pregatit-pentru-campionatul-mondial\/#primaryimage","inLanguage":"ro-RO","url":"https:\/\/ski-outdoor.ro\/outdoor\/wp-content\/uploads\/sites\/4\/2020\/08\/patric-5.jpg","contentUrl":"https:\/\/ski-outdoor.ro\/outdoor\/wp-content\/uploads\/sites\/4\/2020\/08\/patric-5.jpg","width":2048,"height":1365},{"@type":"WebPage","@id":"https:\/\/ski-outdoor.ro\/outdoor\/2020\/08\/26\/skateboarding-patric-ilut-pregatit-pentru-campionatul-mondial\/#webpage","url":"https:\/\/ski-outdoor.ro\/outdoor\/2020\/08\/26\/skateboarding-patric-ilut-pregatit-pentru-campionatul-mondial\/","name":"Skateboarding: Patric Ilu\u021b, preg\u0103tit pentru campionatul mondial - Outdoor Magazine","isPartOf":{"@id":"https:\/\/ski-outdoor.ro\/outdoor\/#website"},"primaryImageOfPage":{"@id":"https:\/\/ski-outdoor.ro\/outdoor\/2020\/08\/26\/skateboarding-patric-ilut-pregatit-pentru-campionatul-mondial\/#primaryimage"},"datePublished":"2020-08-26T20:44:55+00:00","dateModified":"2020-10-08T20:59:46+00:00","breadcrumb":{"@id":"https:\/\/ski-outdoor.ro\/outdoor\/2020\/08\/26\/skateboarding-patric-ilut-pregatit-pentru-campionatul-mondial\/#breadcrumb"},"inLanguage":"ro-RO","potentialAction":[{"@type":"ReadAction","target":["https:\/\/ski-outdoor.ro\/outdoor\/2020\/08\/26\/skateboarding-patric-ilut-pregatit-pentru-campionatul-mondial\/"]}]},{"@type":"BreadcrumbList","@id":"https:\/\/ski-outdoor.ro\/outdoor\/2020\/08\/26\/skateboarding-patric-ilut-pregatit-pentru-campionatul-mondial\/#breadcrumb","itemListElement":[{"@type":"ListItem","position":1,"name":"Home","item":"https:\/\/ski-outdoor.ro\/outdoor\/"},{"@type":"ListItem","position":2,"name":"Skateboarding: Patric Ilu\u021b, preg\u0103tit pentru campionatul mondial"}]},{"@type":"Article","@id":"https:\/\/ski-outdoor.ro\/outdoor\/2020\/08\/26\/skateboarding-patric-ilut-pregatit-pentru-campionatul-mondial\/#article","isPartOf":{"@id":"https:\/\/ski-outdoor.ro\/outdoor\/2020\/08\/26\/skateboarding-patric-ilut-pregatit-pentru-campionatul-mondial\/#webpage"},"author":{"@id":"https:\/\/ski-outdoor.ro\/outdoor\/#\/schema\/person\/29661f8d079aa10872d8edcf2a2a520b"},"headline":"Skateboarding: Patric Ilu\u021b, preg\u0103tit pentru campionatul mondial","datePublished":"2020-08-26T20:44:55+00:00","dateModified":"2020-10-08T20:59:46+00:00","mainEntityOfPage":{"@id":"https:\/\/ski-outdoor.ro\/outdoor\/2020\/08\/26\/skateboarding-patric-ilut-pregatit-pentru-campionatul-mondial\/#webpage"},"wordCount":810,"commentCount":0,"publisher":{"@id":"https:\/\/ski-outdoor.ro\/outdoor\/#organization"},"image":{"@id":"https:\/\/ski-outdoor.ro\/outdoor\/2020\/08\/26\/skateboarding-patric-ilut-pregatit-pentru-campionatul-mondial\/#primaryimage"},"thumbnailUrl":"https:\/\/ski-outdoor.ro\/outdoor\/wp-content\/uploads\/sites\/4\/2020\/08\/patric-5.jpg","keywords":["Austria","bianca somlea","campionat national","circuit","competitie","etape","finala","innsbruck","interviu","outdoor magazine","patric","patric ilut","podium","skateboard","Ski magazine","ski&amp;outdoor magazine","snowboard","the flying boy","trickuri","world rookie tour"],"articleSection":["Interviu"],"inLanguage":"ro-RO","potentialAction":[{"@type":"CommentAction","name":"Comment","target":["https:\/\/ski-outdoor.ro\/outdoor\/2020\/08\/26\/skateboarding-patric-ilut-pregatit-pentru-campionatul-mondial\/#respond"]}]},{"@type":"Person","@id":"https:\/\/ski-outdoor.ro\/outdoor\/#\/schema\/person\/29661f8d079aa10872d8edcf2a2a520b","name":"Bianca \u0218omlea","image":{"@type":"ImageObject","@id":"https:\/\/ski-outdoor.ro\/outdoor\/#personlogo","inLanguage":"ro-RO","url":"https:\/\/secure.gravatar.com\/avatar\/b39a83203da3fc8888ded6e8052246ad?s=96&d=mm&r=g","contentUrl":"https:\/\/secure.gravatar.com\/avatar\/b39a83203da3fc8888ded6e8052246ad?s=96&d=mm&r=g","caption":"Bianca \u0218omlea"},"url":"https:\/\/ski-outdoor.ro\/outdoor\/author\/editorfb206\/"}]}},"_links":{"self":[{"href":"https:\/\/ski-outdoor.ro\/outdoor\/wp-json\/wp\/v2\/posts\/5328"}],"collection":[{"href":"https:\/\/ski-outdoor.ro\/outdoor\/wp-json\/wp\/v2\/posts"}],"about":[{"href":"https:\/\/ski-outdoor.ro\/outdoor\/wp-json\/wp\/v2\/types\/post"}],"author":[{"embeddable":true,"href":"https:\/\/ski-outdoor.ro\/outdoor\/wp-json\/wp\/v2\/users\/16"}],"replies":[{"embeddable":true,"href":"https:\/\/ski-outdoor.ro\/outdoor\/wp-json\/wp\/v2\/comments?post=5328"}],"version-history":[{"count":4,"href":"https:\/\/ski-outdoor.ro\/outdoor\/wp-json\/wp\/v2\/posts\/5328\/revisions"}],"predecessor-version":[{"id":5340,"href":"https:\/\/ski-outdoor.ro\/outdoor\/wp-json\/wp\/v2\/posts\/5328\/revisions\/5340"}],"wp:featuredmedia":[{"embeddable":true,"href":"https:\/\/ski-outdoor.ro\/outdoor\/wp-json\/wp\/v2\/media\/5331"}],"wp:attachment":[{"href":"https:\/\/ski-outdoor.ro\/outdoor\/wp-json\/wp\/v2\/media?parent=5328"}],"wp:term":[{"taxonomy":"category","embeddable":true,"href":"https:\/\/ski-outdoor.ro\/outdoor\/wp-json\/wp\/v2\/categories?post=5328"},{"taxonomy":"post_tag","embeddable":true,"href":"https:\/\/ski-outdoor.ro\/outdoor\/wp-json\/wp\/v2\/tags?post=5328"}],"curies":[{"name":"wp","href":"https:\/\/api.w.org\/{rel}","templated":true}]}}