{"id":5353,"date":"2020-08-27T10:18:00","date_gmt":"2020-08-27T10:18:00","guid":{"rendered":"https:\/\/ski-outdoor.ro\/outdoor\/?p=5353"},"modified":"2020-08-27T10:18:24","modified_gmt":"2020-08-27T10:18:24","slug":"experienta-trail-challenge-series","status":"publish","type":"post","link":"https:\/\/ski-outdoor.ro\/outdoor\/2020\/08\/27\/experienta-trail-challenge-series\/","title":{"rendered":"Experien\u021ba Trail Challenge Series"},"content":{"rendered":"\n<p><strong>\u00cemi place mult s\u0103 alerg, nu sunt o \u201crachet\u0103\u201d sunt \u00eenc\u0103 la stadiul\nde \u201cLogan\u201d (dup\u0103 cum f\u0103cea, la un moment dat, Robert Hajnal un clasament al\nalerg\u0103torilor) dar \u00eemi place s\u0103 alerg, \u00eemi place s\u0103 particip la competi\u021bii de\nalergare.<\/strong><\/p>\n\n\n\n<p>Eu, p\u00e2n\u0103 \u00een 2016, am participat la mai multe proiecte montane, am\navut pl\u0103cerea s\u0103 urc c\u00e2teva v\u00e2rfuri montane foarte frumoase. Alergarea montan\u0103\nera un antrenament bun pentru ceea ce f\u0103ceam. Foloseam competi\u021biile de alergare\nmontan\u0103 c\u0103 scop \u0219i evaluare \u00een preg\u0103tirea mea.<\/p>\n\n\n\n<p>Anul acesta aveam \u201cplanuri mari\u201d \u00een alergare. M-am \u00eenscris la\nc\u00e2teva competi\u021bii, m-am antrenat dup\u0103 un program bine structurat \u0219i chiar am\nreu\u0219it s\u0103 particip la o competi\u021bie (\u00een ianuarie) dup\u0103 care totul s-a am\u00e2nat&#8230;<\/p>\n\n\n\n<ul class=\"wp-block-gallery columns-2 is-cropped\"><li class=\"blocks-gallery-item\"><figure><img loading=\"lazy\" width=\"1024\" height=\"1024\" src=\"https:\/\/ski-outdoor.ro\/outdoor\/wp-content\/uploads\/sites\/4\/2020\/08\/rupicapra-3-1-1024x1024.jpg\" alt=\"\" data-id=\"5359\" data-link=\"https:\/\/ski-outdoor.ro\/outdoor\/?attachment_id=5359\" class=\"wp-image-5359\" srcset=\"https:\/\/ski-outdoor.ro\/outdoor\/wp-content\/uploads\/sites\/4\/2020\/08\/rupicapra-3-1-1024x1024.jpg 1024w, https:\/\/ski-outdoor.ro\/outdoor\/wp-content\/uploads\/sites\/4\/2020\/08\/rupicapra-3-1-150x150.jpg 150w, https:\/\/ski-outdoor.ro\/outdoor\/wp-content\/uploads\/sites\/4\/2020\/08\/rupicapra-3-1-300x300.jpg 300w, https:\/\/ski-outdoor.ro\/outdoor\/wp-content\/uploads\/sites\/4\/2020\/08\/rupicapra-3-1-768x768.jpg 768w, https:\/\/ski-outdoor.ro\/outdoor\/wp-content\/uploads\/sites\/4\/2020\/08\/rupicapra-3-1-370x370.jpg 370w, https:\/\/ski-outdoor.ro\/outdoor\/wp-content\/uploads\/sites\/4\/2020\/08\/rupicapra-3-1-570x570.jpg 570w, https:\/\/ski-outdoor.ro\/outdoor\/wp-content\/uploads\/sites\/4\/2020\/08\/rupicapra-3-1-770x770.jpg 770w, https:\/\/ski-outdoor.ro\/outdoor\/wp-content\/uploads\/sites\/4\/2020\/08\/rupicapra-3-1-580x580.jpg 580w, https:\/\/ski-outdoor.ro\/outdoor\/wp-content\/uploads\/sites\/4\/2020\/08\/rupicapra-3-1.jpg 1080w\" sizes=\"(max-width: 1024px) 100vw, 1024px\" \/><\/figure><\/li><li class=\"blocks-gallery-item\"><figure><img loading=\"lazy\" width=\"1024\" height=\"1024\" src=\"https:\/\/ski-outdoor.ro\/outdoor\/wp-content\/uploads\/sites\/4\/2020\/08\/rupicapra-4-1-1024x1024.jpg\" alt=\"\" data-id=\"5360\" data-link=\"https:\/\/ski-outdoor.ro\/outdoor\/?attachment_id=5360\" class=\"wp-image-5360\" srcset=\"https:\/\/ski-outdoor.ro\/outdoor\/wp-content\/uploads\/sites\/4\/2020\/08\/rupicapra-4-1-1024x1024.jpg 1024w, https:\/\/ski-outdoor.ro\/outdoor\/wp-content\/uploads\/sites\/4\/2020\/08\/rupicapra-4-1-150x150.jpg 150w, https:\/\/ski-outdoor.ro\/outdoor\/wp-content\/uploads\/sites\/4\/2020\/08\/rupicapra-4-1-300x300.jpg 300w, https:\/\/ski-outdoor.ro\/outdoor\/wp-content\/uploads\/sites\/4\/2020\/08\/rupicapra-4-1-768x768.jpg 768w, https:\/\/ski-outdoor.ro\/outdoor\/wp-content\/uploads\/sites\/4\/2020\/08\/rupicapra-4-1-370x370.jpg 370w, https:\/\/ski-outdoor.ro\/outdoor\/wp-content\/uploads\/sites\/4\/2020\/08\/rupicapra-4-1-570x570.jpg 570w, https:\/\/ski-outdoor.ro\/outdoor\/wp-content\/uploads\/sites\/4\/2020\/08\/rupicapra-4-1-770x770.jpg 770w, https:\/\/ski-outdoor.ro\/outdoor\/wp-content\/uploads\/sites\/4\/2020\/08\/rupicapra-4-1-580x580.jpg 580w, https:\/\/ski-outdoor.ro\/outdoor\/wp-content\/uploads\/sites\/4\/2020\/08\/rupicapra-4-1.jpg 1080w\" sizes=\"(max-width: 1024px) 100vw, 1024px\" \/><\/figure><\/li><\/ul>\n\n\n\n<p>Proiectul celor de la Rupicapra mi-a pl\u0103cut mult \u00eenc\u0103 de la\n\u00eenceput \u2013 s\u0103 alerg \u00een zonele tare faine din apropierea Clujului, s\u0103 trag tare,\ns\u0103 am acel \u201cfior\u201d al competi\u021biei, era ceea ce im doream \u00een aceast\u0103 vara. Trei\nzone, trei trasee \u00een fiecare zona, trei luni, am luat provocarea c\u0103 un\ncampionat&#8230; Mi-am propus s\u0103 \u00eencerc s\u0103 fac toate traseele propuse de cei de la\nClubul Sporturilor Montane Rupicapra.<\/p>\n\n\n\n<p>Prima zona \u2013 F\u0103getul. \u00cen cele 10 zile c\u00e2t a \u021binut competi\u021bia eu\nmunceam. Mi-am f\u0103cut un program \u0219i am alergat traseele foarte de diminea\u021b\u0103,\nastfel \u00eenc\u00e2t la 09.00 s\u0103 fiu la munc\u0103. A fost tare fain! Am alergat pe r\u0103coare,\np\u0103durea plin\u0103 doar de zgomotele naturii \u00een de\u0219teptare&#8230;<\/p>\n\n\n\n<p>Hoia Trail Challenge is the new challenge! A \u00eenceput \u00een 22 august\n\u0219i se termin\u0103 \u00een 30 august. Eu mergeam la munc\u0103 \u00een 24 august (eram programat o\ns\u0103pt\u0103m\u00e2na \u00een Cheile Turzii), deci aveam 2 zile la dispozi\u021bie s\u0103 parcurg\ntraseele propuse de organizatori. M-am g\u00e2ndit s\u0103 parcurg s\u00e2mb\u0103t\u0103 \u0219i duminic\u0103\n(22-23) traseul S (4,3km) \u0219i traseul L (21km), iar \u00een 30 august seara,&nbsp;\nc\u00e2nd m\u0103 \u00eentorc de la munc\u0103, traseul M (6km) &#8211;&nbsp; traseu care trebuie parcurs\nnoaptea (\u00een intervalul orar 21.00-06.00).<\/p>\n\n\n\n<ul class=\"wp-block-gallery columns-2 is-cropped\"><li class=\"blocks-gallery-item\"><figure><img loading=\"lazy\" width=\"1024\" height=\"768\" src=\"https:\/\/ski-outdoor.ro\/outdoor\/wp-content\/uploads\/sites\/4\/2020\/08\/rupicapra-7-1024x768.jpg\" alt=\"\" data-id=\"5356\" data-link=\"https:\/\/ski-outdoor.ro\/outdoor\/?attachment_id=5356\" class=\"wp-image-5356\" srcset=\"https:\/\/ski-outdoor.ro\/outdoor\/wp-content\/uploads\/sites\/4\/2020\/08\/rupicapra-7-1024x768.jpg 1024w, https:\/\/ski-outdoor.ro\/outdoor\/wp-content\/uploads\/sites\/4\/2020\/08\/rupicapra-7-300x225.jpg 300w, https:\/\/ski-outdoor.ro\/outdoor\/wp-content\/uploads\/sites\/4\/2020\/08\/rupicapra-7-768x576.jpg 768w, https:\/\/ski-outdoor.ro\/outdoor\/wp-content\/uploads\/sites\/4\/2020\/08\/rupicapra-7-370x278.jpg 370w, https:\/\/ski-outdoor.ro\/outdoor\/wp-content\/uploads\/sites\/4\/2020\/08\/rupicapra-7-570x428.jpg 570w, https:\/\/ski-outdoor.ro\/outdoor\/wp-content\/uploads\/sites\/4\/2020\/08\/rupicapra-7-770x578.jpg 770w, https:\/\/ski-outdoor.ro\/outdoor\/wp-content\/uploads\/sites\/4\/2020\/08\/rupicapra-7-1170x878.jpg 1170w, https:\/\/ski-outdoor.ro\/outdoor\/wp-content\/uploads\/sites\/4\/2020\/08\/rupicapra-7-773x580.jpg 773w\" sizes=\"(max-width: 1024px) 100vw, 1024px\" \/><\/figure><\/li><li class=\"blocks-gallery-item\"><figure><img loading=\"lazy\" width=\"768\" height=\"1024\" src=\"https:\/\/ski-outdoor.ro\/outdoor\/wp-content\/uploads\/sites\/4\/2020\/08\/rupicapra-8-768x1024.jpg\" alt=\"\" data-id=\"5357\" data-link=\"https:\/\/ski-outdoor.ro\/outdoor\/?attachment_id=5357\" class=\"wp-image-5357\" srcset=\"https:\/\/ski-outdoor.ro\/outdoor\/wp-content\/uploads\/sites\/4\/2020\/08\/rupicapra-8-768x1024.jpg 768w, https:\/\/ski-outdoor.ro\/outdoor\/wp-content\/uploads\/sites\/4\/2020\/08\/rupicapra-8-225x300.jpg 225w, https:\/\/ski-outdoor.ro\/outdoor\/wp-content\/uploads\/sites\/4\/2020\/08\/rupicapra-8-370x493.jpg 370w, https:\/\/ski-outdoor.ro\/outdoor\/wp-content\/uploads\/sites\/4\/2020\/08\/rupicapra-8-570x760.jpg 570w, https:\/\/ski-outdoor.ro\/outdoor\/wp-content\/uploads\/sites\/4\/2020\/08\/rupicapra-8-770x1027.jpg 770w, https:\/\/ski-outdoor.ro\/outdoor\/wp-content\/uploads\/sites\/4\/2020\/08\/rupicapra-8-1170x1560.jpg 1170w, https:\/\/ski-outdoor.ro\/outdoor\/wp-content\/uploads\/sites\/4\/2020\/08\/rupicapra-8-435x580.jpg 435w\" sizes=\"(max-width: 768px) 100vw, 768px\" \/><\/figure><\/li><\/ul>\n\n\n\n<p>A\u0219a c\u0103 s\u00e2mb\u0103t\u0103 m-am \u00eendreptat spre Hoia, ini\u021bial cu g\u00e2ndul la o\nmic\u0103 plimbare, sear\u0103 urm\u00e2nd s\u0103\nrevin pentru alergare. P\u0103durea Hoia plin\u0103 de turi\u0219ti, a\u0219a cum sunt toate zonele\nacum, unii mai lini\u0219ti\u021bi al\u021bii mai g\u0103l\u0103gio\u0219i \u0219i cald, foarte cald&#8230; Prietenii\nmei, cei care m-au \u00eenso\u021bit \u00een plimbare, s-au gr\u0103bit s\u0103 plece, eu mai aveam ceva\ntimp, m-am g\u00e2ndit s\u0103 \u00eei dau o alergare a\u0219a, pe traseul scurt&#8230;<\/p>\n\n\n\n<p>Am \u00eenc\u0103rcat codul \u00een aplica\u021bie (organizatorii, dup\u0103 ce te-ai\n\u00eenscris, \u00ee\u021bi trimit un cod cu ajutorul c\u0103ruia po\u021bi active aplica\u021bia \u0219i po\u021bi\nparticipa la competi\u021bie), am verificat traseul \u0219i fuga-fugu\u021ba. Eu nu sunt un\nalerg\u0103tor rapid, traseele scurte \u0219i rapide nu sunt foarte atractive pentru\nmine. Dar mi-am dat silin\u021ba \u0219i am avut un timp bunuicel, de Logan cu full\noptions.<\/p>\n\n\n\n<p>Foarte fain \u00een Hoia c\u0103 nu te omoar\u0103 c\u0103ldura, traseul este mult\nprin p\u0103dure, bine marcat \u0219i 100% alergabil. Primul episod din sezonul 2 al\nTrail Challenge Series l-am bifat.<\/p>\n\n\n\n<p>Duminic\u0103, zi de odihn\u0103&#8230; M-am trezit mai t\u00e2rziu a\u0219a c\u0103 mi-am\npropus s\u0103 merg la alergat dup\u0103-mas\u0103.<\/p>\n\n\n\n<p>La ora 17.00 eram \u00een Hoia, g\u00e2ndul era s\u0103 fac traseul L de 21 km.\nDuminic\u0103 a fost o zi c\u0103lduroas\u0103, de c\u00e2teva zile. Nu a&nbsp; plouat a\u0219a c\u0103\nsper\u0103m s\u0103 nu am noroi mare pe traseu (dup\u0103 cum va spuneam Hoia e vestit\u0103\nprintre alerg\u0103tori pentru noroiul ei). Cod, aplica\u021bie \u0219i start! Dup\u0103 10 minute,\nploaie. \u0218i ce ploaie, curgea nu alta! Noroc cu traseul bine marcat. \u00cen p\u0103dure\nvizibilitatea era foarte sc\u0103zut\u0103 \u0219i nu m\u0103 g\u00e2ndeam dec\u00e2t la ce noroc de noroi am.<\/p>\n\n\n\n<figure class=\"wp-block-image\"><img loading=\"lazy\" width=\"1024\" height=\"768\" src=\"https:\/\/ski-outdoor.ro\/outdoor\/wp-content\/uploads\/sites\/4\/2020\/08\/rupicapra-2-1024x768.jpeg\" alt=\"\" class=\"wp-image-5361\" srcset=\"https:\/\/ski-outdoor.ro\/outdoor\/wp-content\/uploads\/sites\/4\/2020\/08\/rupicapra-2-1024x768.jpeg 1024w, https:\/\/ski-outdoor.ro\/outdoor\/wp-content\/uploads\/sites\/4\/2020\/08\/rupicapra-2-300x225.jpeg 300w, https:\/\/ski-outdoor.ro\/outdoor\/wp-content\/uploads\/sites\/4\/2020\/08\/rupicapra-2-768x576.jpeg 768w, https:\/\/ski-outdoor.ro\/outdoor\/wp-content\/uploads\/sites\/4\/2020\/08\/rupicapra-2-370x278.jpeg 370w, https:\/\/ski-outdoor.ro\/outdoor\/wp-content\/uploads\/sites\/4\/2020\/08\/rupicapra-2-570x428.jpeg 570w, https:\/\/ski-outdoor.ro\/outdoor\/wp-content\/uploads\/sites\/4\/2020\/08\/rupicapra-2-770x578.jpeg 770w, https:\/\/ski-outdoor.ro\/outdoor\/wp-content\/uploads\/sites\/4\/2020\/08\/rupicapra-2-1170x878.jpeg 1170w, https:\/\/ski-outdoor.ro\/outdoor\/wp-content\/uploads\/sites\/4\/2020\/08\/rupicapra-2-773x580.jpeg 773w\" sizes=\"(max-width: 1024px) 100vw, 1024px\" \/><\/figure>\n\n\n\n<p>Ploaia toren\u021bial\u0103 de vara nu \u021bine mult, pe asta miz\u0103m, a\u0219a c\u0103 pe\nla km 8 a \u00eenceput s\u0103 ias\u0103 soarele. Alergare superb\u0103 prin poieni aburinde, o\npl\u0103cere de duminic\u0103 dup\u0103-mas\u0103. Dup\u0103 km 11 \u00eencepe s\u0103 apar\u0103 ora\u0219ul undeva \u00een\ndrepta-fa\u021b\u0103. \u0218tii c\u0103 de acum \u00eenainte o s\u0103 alergi \u00eentr-un \u201cpunct de belvedere\u201d\npermanent, culmin\u00e2nd cu view-ul superb de Dealul Melcilor.<\/p>\n\n\n\n<p>Am avut \u0219i noroi, a\u0219a de pe la km 15, nu mult, doar c\u00e2t trebuie, o\npojghi\u021ba obligatoriu necesar\u0103 unor alunec\u0103ri controlate sau mai pu\u021bin\ncontrolate.<\/p>\n\n\n\n<p>Mie mi-a pl\u0103cut foarte mult. L-am terminat \u00een dou\u0103 ore \u0219i un pic,\na\u0219a de mijlocul clasamentului. Un traseu foarte alergabil, foarte frumos, sigur\n(nu am \u00eent\u00e2lnit c\u00e2ini de stan\u0103 sau alte probleme), organizatorii au f\u0103cut\ntreaba bun\u0103 cu marcajele \u0219i dac\u0103 vrei s\u0103 \u00ee\u021bi verifici pozi\u021bia pe traseu po\u021bi\nfolosi aplica\u021bia care e tare f\u0103in\u0103 \u0219i func\u021bioneaz\u0103 bine.<\/p>\n\n\n\n<p>Eu va recomand Hoia Trail Challenge! Toate traseele! E un mod\npl\u0103cut de a alerga \u00een natur\u0103, \u00eentr-un format sigur, o competi\u021bie organizat\u0103 cu\ndrag \u0219i au \u0219i TORTURI pentru cei mai rapizi.<\/p>\n\n\n\n<p>Mai sunt c\u00e2teva zile, eu zic s\u0103 va \u00eenscrie\u021bi, s\u0103 alerga\u021bi \u0219i dac\u0103\nc\u00e2\u0219tiga\u021bi s\u0103 savura\u021bi un tort, pe Dealul Melcilor, cu prietenii, av\u00e2nd Clujul\nla picioare&#8230;<\/p>\n\n\n\n<p>Pentru \u00eenscrieri \u0219i informa\u021bii foarte detaliate (foarte) pe&nbsp;<a rel=\"noreferrer noopener\" aria-label=\" (se deschide \u00eentr-o fil\u0103 nou\u0103)\" href=\"http:\/\/rupicapra.eu\/\" target=\"_blank\">rupicapra.eu\/<\/a>&nbsp;sau&nbsp;<a rel=\"noreferrer noopener\" aria-label=\" (se deschide \u00eentr-o fil\u0103 nou\u0103)\" href=\"https:\/\/www.facebook.com\/csmrupicapra\" target=\"_blank\">facebook.com\/csmrupicapra<\/a>&nbsp;sau<a href=\"https:\/\/www.facebook.com\/events\/292374265377646\">www.facebook.com\/events<\/a> .  <\/p>\n\n\n\n<p><em>Scris de: Vasile Cipcigan<\/em><\/p>\n","protected":false},"excerpt":{"rendered":"<p>\u00cemi place mult s\u0103 alerg, nu sunt o \u201crachet\u0103\u201d sunt \u00eenc\u0103 la stadiul de \u201cLogan\u201d (dup\u0103 cum f\u0103cea, la un&#8230;<\/p>\n","protected":false},"author":16,"featured_media":5355,"comment_status":"open","ping_status":"open","sticky":false,"template":"","format":"standard","meta":[],"categories":[1],"tags":[170,1613,2444,2442,138,2462,990,934,2440,211],"yoast_head":"<!-- This site is optimized with the Yoast SEO plugin v18.4.1 - https:\/\/yoast.com\/wordpress\/plugins\/seo\/ -->\n<title>Experien\u021ba Trail Challenge Series - Outdoor Magazine<\/title>\n<meta name=\"robots\" content=\"index, follow, max-snippet:-1, max-image-preview:large, max-video-preview:-1\" \/>\n<link rel=\"canonical\" href=\"https:\/\/ski-outdoor.ro\/outdoor\/2020\/08\/27\/experienta-trail-challenge-series\/\" \/>\n<meta property=\"og:locale\" content=\"ro_RO\" \/>\n<meta property=\"og:type\" content=\"article\" \/>\n<meta property=\"og:title\" content=\"Experien\u021ba Trail Challenge Series - Outdoor Magazine\" \/>\n<meta property=\"og:description\" content=\"\u00cemi place mult s\u0103 alerg, nu sunt o \u201crachet\u0103\u201d sunt \u00eenc\u0103 la stadiul de \u201cLogan\u201d (dup\u0103 cum f\u0103cea, la un...\" \/>\n<meta property=\"og:url\" content=\"https:\/\/ski-outdoor.ro\/outdoor\/2020\/08\/27\/experienta-trail-challenge-series\/\" \/>\n<meta property=\"og:site_name\" content=\"Outdoor Magazine\" \/>\n<meta property=\"article:publisher\" content=\"https:\/\/www.facebook.com\/skiandoutdoormagazine\" \/>\n<meta property=\"article:published_time\" content=\"2020-08-27T10:18:00+00:00\" \/>\n<meta property=\"article:modified_time\" content=\"2020-08-27T10:18:24+00:00\" \/>\n<meta property=\"og:image\" content=\"https:\/\/ski-outdoor.ro\/outdoor\/wp-content\/uploads\/sites\/4\/2020\/08\/rupicapra-1-1.jpg\" \/>\n\t<meta property=\"og:image:width\" content=\"1600\" \/>\n\t<meta property=\"og:image:height\" content=\"1200\" \/>\n\t<meta property=\"og:image:type\" content=\"image\/jpeg\" \/>\n<meta name=\"twitter:card\" content=\"summary_large_image\" \/>\n<meta name=\"twitter:label1\" content=\"Scris de\" \/>\n\t<meta name=\"twitter:data1\" content=\"Bianca \u0218omlea\" \/>\n\t<meta name=\"twitter:label2\" content=\"Timp estimat pentru citire\" \/>\n\t<meta name=\"twitter:data2\" content=\"5 minute\" \/>\n<script type=\"application\/ld+json\" class=\"yoast-schema-graph\">{\"@context\":\"https:\/\/schema.org\",\"@graph\":[{\"@type\":\"Organization\",\"@id\":\"https:\/\/ski-outdoor.ro\/outdoor\/#organization\",\"name\":\"Ski & Outdoor Magazine\",\"url\":\"https:\/\/ski-outdoor.ro\/outdoor\/\",\"sameAs\":[\"https:\/\/www.facebook.com\/skiandoutdoormagazine\"],\"logo\":{\"@type\":\"ImageObject\",\"@id\":\"https:\/\/ski-outdoor.ro\/outdoor\/#logo\",\"inLanguage\":\"ro-RO\",\"url\":\"https:\/\/ski-outdoor.ro\/outdoor\/wp-content\/uploads\/sites\/4\/2019\/05\/logo-e1557923623153.png\",\"contentUrl\":\"https:\/\/ski-outdoor.ro\/outdoor\/wp-content\/uploads\/sites\/4\/2019\/05\/logo-e1557923623153.png\",\"width\":600,\"height\":165,\"caption\":\"Ski & Outdoor Magazine\"},\"image\":{\"@id\":\"https:\/\/ski-outdoor.ro\/outdoor\/#logo\"}},{\"@type\":\"WebSite\",\"@id\":\"https:\/\/ski-outdoor.ro\/outdoor\/#website\",\"url\":\"https:\/\/ski-outdoor.ro\/outdoor\/\",\"name\":\"Outdoor Magazine\",\"description\":\"\",\"publisher\":{\"@id\":\"https:\/\/ski-outdoor.ro\/outdoor\/#organization\"},\"potentialAction\":[{\"@type\":\"SearchAction\",\"target\":{\"@type\":\"EntryPoint\",\"urlTemplate\":\"https:\/\/ski-outdoor.ro\/outdoor\/?s={search_term_string}\"},\"query-input\":\"required name=search_term_string\"}],\"inLanguage\":\"ro-RO\"},{\"@type\":\"ImageObject\",\"@id\":\"https:\/\/ski-outdoor.ro\/outdoor\/2020\/08\/27\/experienta-trail-challenge-series\/#primaryimage\",\"inLanguage\":\"ro-RO\",\"url\":\"https:\/\/ski-outdoor.ro\/outdoor\/wp-content\/uploads\/sites\/4\/2020\/08\/rupicapra-1-1.jpg\",\"contentUrl\":\"https:\/\/ski-outdoor.ro\/outdoor\/wp-content\/uploads\/sites\/4\/2020\/08\/rupicapra-1-1.jpg\",\"width\":1600,\"height\":1200},{\"@type\":\"WebPage\",\"@id\":\"https:\/\/ski-outdoor.ro\/outdoor\/2020\/08\/27\/experienta-trail-challenge-series\/#webpage\",\"url\":\"https:\/\/ski-outdoor.ro\/outdoor\/2020\/08\/27\/experienta-trail-challenge-series\/\",\"name\":\"Experien\u021ba Trail Challenge Series - Outdoor Magazine\",\"isPartOf\":{\"@id\":\"https:\/\/ski-outdoor.ro\/outdoor\/#website\"},\"primaryImageOfPage\":{\"@id\":\"https:\/\/ski-outdoor.ro\/outdoor\/2020\/08\/27\/experienta-trail-challenge-series\/#primaryimage\"},\"datePublished\":\"2020-08-27T10:18:00+00:00\",\"dateModified\":\"2020-08-27T10:18:24+00:00\",\"breadcrumb\":{\"@id\":\"https:\/\/ski-outdoor.ro\/outdoor\/2020\/08\/27\/experienta-trail-challenge-series\/#breadcrumb\"},\"inLanguage\":\"ro-RO\",\"potentialAction\":[{\"@type\":\"ReadAction\",\"target\":[\"https:\/\/ski-outdoor.ro\/outdoor\/2020\/08\/27\/experienta-trail-challenge-series\/\"]}]},{\"@type\":\"BreadcrumbList\",\"@id\":\"https:\/\/ski-outdoor.ro\/outdoor\/2020\/08\/27\/experienta-trail-challenge-series\/#breadcrumb\",\"itemListElement\":[{\"@type\":\"ListItem\",\"position\":1,\"name\":\"Home\",\"item\":\"https:\/\/ski-outdoor.ro\/outdoor\/\"},{\"@type\":\"ListItem\",\"position\":2,\"name\":\"Experien\u021ba Trail Challenge Series\"}]},{\"@type\":\"Article\",\"@id\":\"https:\/\/ski-outdoor.ro\/outdoor\/2020\/08\/27\/experienta-trail-challenge-series\/#article\",\"isPartOf\":{\"@id\":\"https:\/\/ski-outdoor.ro\/outdoor\/2020\/08\/27\/experienta-trail-challenge-series\/#webpage\"},\"author\":{\"@id\":\"https:\/\/ski-outdoor.ro\/outdoor\/#\/schema\/person\/29661f8d079aa10872d8edcf2a2a520b\"},\"headline\":\"Experien\u021ba Trail Challenge Series\",\"datePublished\":\"2020-08-27T10:18:00+00:00\",\"dateModified\":\"2020-08-27T10:18:24+00:00\",\"mainEntityOfPage\":{\"@id\":\"https:\/\/ski-outdoor.ro\/outdoor\/2020\/08\/27\/experienta-trail-challenge-series\/#webpage\"},\"wordCount\":916,\"commentCount\":0,\"publisher\":{\"@id\":\"https:\/\/ski-outdoor.ro\/outdoor\/#organization\"},\"image\":{\"@id\":\"https:\/\/ski-outdoor.ro\/outdoor\/2020\/08\/27\/experienta-trail-challenge-series\/#primaryimage\"},\"thumbnailUrl\":\"https:\/\/ski-outdoor.ro\/outdoor\/wp-content\/uploads\/sites\/4\/2020\/08\/rupicapra-1-1.jpg\",\"keywords\":[\"alergare\",\"eveniment\",\"faget\",\"hoia\",\"outdoor magazine\",\"rupicapra\",\"Ski magazine\",\"ski&amp;outdoor magazine\",\"trail challenge series\",\"Vasile Cipcigan\"],\"inLanguage\":\"ro-RO\",\"potentialAction\":[{\"@type\":\"CommentAction\",\"name\":\"Comment\",\"target\":[\"https:\/\/ski-outdoor.ro\/outdoor\/2020\/08\/27\/experienta-trail-challenge-series\/#respond\"]}]},{\"@type\":\"Person\",\"@id\":\"https:\/\/ski-outdoor.ro\/outdoor\/#\/schema\/person\/29661f8d079aa10872d8edcf2a2a520b\",\"name\":\"Bianca \u0218omlea\",\"image\":{\"@type\":\"ImageObject\",\"@id\":\"https:\/\/ski-outdoor.ro\/outdoor\/#personlogo\",\"inLanguage\":\"ro-RO\",\"url\":\"https:\/\/secure.gravatar.com\/avatar\/b39a83203da3fc8888ded6e8052246ad?s=96&d=mm&r=g\",\"contentUrl\":\"https:\/\/secure.gravatar.com\/avatar\/b39a83203da3fc8888ded6e8052246ad?s=96&d=mm&r=g\",\"caption\":\"Bianca \u0218omlea\"},\"url\":\"https:\/\/ski-outdoor.ro\/outdoor\/author\/editorfb206\/\"}]}<\/script>\n<!-- \/ Yoast SEO plugin. -->","yoast_head_json":{"title":"Experien\u021ba Trail Challenge Series - Outdoor Magazine","robots":{"index":"index","follow":"follow","max-snippet":"max-snippet:-1","max-image-preview":"max-image-preview:large","max-video-preview":"max-video-preview:-1"},"canonical":"https:\/\/ski-outdoor.ro\/outdoor\/2020\/08\/27\/experienta-trail-challenge-series\/","og_locale":"ro_RO","og_type":"article","og_title":"Experien\u021ba Trail Challenge Series - Outdoor Magazine","og_description":"\u00cemi place mult s\u0103 alerg, nu sunt o \u201crachet\u0103\u201d sunt \u00eenc\u0103 la stadiul de \u201cLogan\u201d (dup\u0103 cum f\u0103cea, la un...","og_url":"https:\/\/ski-outdoor.ro\/outdoor\/2020\/08\/27\/experienta-trail-challenge-series\/","og_site_name":"Outdoor Magazine","article_publisher":"https:\/\/www.facebook.com\/skiandoutdoormagazine","article_published_time":"2020-08-27T10:18:00+00:00","article_modified_time":"2020-08-27T10:18:24+00:00","og_image":[{"width":1600,"height":1200,"url":"https:\/\/ski-outdoor.ro\/outdoor\/wp-content\/uploads\/sites\/4\/2020\/08\/rupicapra-1-1.jpg","type":"image\/jpeg"}],"twitter_card":"summary_large_image","twitter_misc":{"Scris de":"Bianca \u0218omlea","Timp estimat pentru citire":"5 minute"},"schema":{"@context":"https:\/\/schema.org","@graph":[{"@type":"Organization","@id":"https:\/\/ski-outdoor.ro\/outdoor\/#organization","name":"Ski & Outdoor Magazine","url":"https:\/\/ski-outdoor.ro\/outdoor\/","sameAs":["https:\/\/www.facebook.com\/skiandoutdoormagazine"],"logo":{"@type":"ImageObject","@id":"https:\/\/ski-outdoor.ro\/outdoor\/#logo","inLanguage":"ro-RO","url":"https:\/\/ski-outdoor.ro\/outdoor\/wp-content\/uploads\/sites\/4\/2019\/05\/logo-e1557923623153.png","contentUrl":"https:\/\/ski-outdoor.ro\/outdoor\/wp-content\/uploads\/sites\/4\/2019\/05\/logo-e1557923623153.png","width":600,"height":165,"caption":"Ski & Outdoor Magazine"},"image":{"@id":"https:\/\/ski-outdoor.ro\/outdoor\/#logo"}},{"@type":"WebSite","@id":"https:\/\/ski-outdoor.ro\/outdoor\/#website","url":"https:\/\/ski-outdoor.ro\/outdoor\/","name":"Outdoor Magazine","description":"","publisher":{"@id":"https:\/\/ski-outdoor.ro\/outdoor\/#organization"},"potentialAction":[{"@type":"SearchAction","target":{"@type":"EntryPoint","urlTemplate":"https:\/\/ski-outdoor.ro\/outdoor\/?s={search_term_string}"},"query-input":"required name=search_term_string"}],"inLanguage":"ro-RO"},{"@type":"ImageObject","@id":"https:\/\/ski-outdoor.ro\/outdoor\/2020\/08\/27\/experienta-trail-challenge-series\/#primaryimage","inLanguage":"ro-RO","url":"https:\/\/ski-outdoor.ro\/outdoor\/wp-content\/uploads\/sites\/4\/2020\/08\/rupicapra-1-1.jpg","contentUrl":"https:\/\/ski-outdoor.ro\/outdoor\/wp-content\/uploads\/sites\/4\/2020\/08\/rupicapra-1-1.jpg","width":1600,"height":1200},{"@type":"WebPage","@id":"https:\/\/ski-outdoor.ro\/outdoor\/2020\/08\/27\/experienta-trail-challenge-series\/#webpage","url":"https:\/\/ski-outdoor.ro\/outdoor\/2020\/08\/27\/experienta-trail-challenge-series\/","name":"Experien\u021ba Trail Challenge Series - Outdoor Magazine","isPartOf":{"@id":"https:\/\/ski-outdoor.ro\/outdoor\/#website"},"primaryImageOfPage":{"@id":"https:\/\/ski-outdoor.ro\/outdoor\/2020\/08\/27\/experienta-trail-challenge-series\/#primaryimage"},"datePublished":"2020-08-27T10:18:00+00:00","dateModified":"2020-08-27T10:18:24+00:00","breadcrumb":{"@id":"https:\/\/ski-outdoor.ro\/outdoor\/2020\/08\/27\/experienta-trail-challenge-series\/#breadcrumb"},"inLanguage":"ro-RO","potentialAction":[{"@type":"ReadAction","target":["https:\/\/ski-outdoor.ro\/outdoor\/2020\/08\/27\/experienta-trail-challenge-series\/"]}]},{"@type":"BreadcrumbList","@id":"https:\/\/ski-outdoor.ro\/outdoor\/2020\/08\/27\/experienta-trail-challenge-series\/#breadcrumb","itemListElement":[{"@type":"ListItem","position":1,"name":"Home","item":"https:\/\/ski-outdoor.ro\/outdoor\/"},{"@type":"ListItem","position":2,"name":"Experien\u021ba Trail Challenge Series"}]},{"@type":"Article","@id":"https:\/\/ski-outdoor.ro\/outdoor\/2020\/08\/27\/experienta-trail-challenge-series\/#article","isPartOf":{"@id":"https:\/\/ski-outdoor.ro\/outdoor\/2020\/08\/27\/experienta-trail-challenge-series\/#webpage"},"author":{"@id":"https:\/\/ski-outdoor.ro\/outdoor\/#\/schema\/person\/29661f8d079aa10872d8edcf2a2a520b"},"headline":"Experien\u021ba Trail Challenge Series","datePublished":"2020-08-27T10:18:00+00:00","dateModified":"2020-08-27T10:18:24+00:00","mainEntityOfPage":{"@id":"https:\/\/ski-outdoor.ro\/outdoor\/2020\/08\/27\/experienta-trail-challenge-series\/#webpage"},"wordCount":916,"commentCount":0,"publisher":{"@id":"https:\/\/ski-outdoor.ro\/outdoor\/#organization"},"image":{"@id":"https:\/\/ski-outdoor.ro\/outdoor\/2020\/08\/27\/experienta-trail-challenge-series\/#primaryimage"},"thumbnailUrl":"https:\/\/ski-outdoor.ro\/outdoor\/wp-content\/uploads\/sites\/4\/2020\/08\/rupicapra-1-1.jpg","keywords":["alergare","eveniment","faget","hoia","outdoor magazine","rupicapra","Ski magazine","ski&amp;outdoor magazine","trail challenge series","Vasile Cipcigan"],"inLanguage":"ro-RO","potentialAction":[{"@type":"CommentAction","name":"Comment","target":["https:\/\/ski-outdoor.ro\/outdoor\/2020\/08\/27\/experienta-trail-challenge-series\/#respond"]}]},{"@type":"Person","@id":"https:\/\/ski-outdoor.ro\/outdoor\/#\/schema\/person\/29661f8d079aa10872d8edcf2a2a520b","name":"Bianca \u0218omlea","image":{"@type":"ImageObject","@id":"https:\/\/ski-outdoor.ro\/outdoor\/#personlogo","inLanguage":"ro-RO","url":"https:\/\/secure.gravatar.com\/avatar\/b39a83203da3fc8888ded6e8052246ad?s=96&d=mm&r=g","contentUrl":"https:\/\/secure.gravatar.com\/avatar\/b39a83203da3fc8888ded6e8052246ad?s=96&d=mm&r=g","caption":"Bianca \u0218omlea"},"url":"https:\/\/ski-outdoor.ro\/outdoor\/author\/editorfb206\/"}]}},"_links":{"self":[{"href":"https:\/\/ski-outdoor.ro\/outdoor\/wp-json\/wp\/v2\/posts\/5353"}],"collection":[{"href":"https:\/\/ski-outdoor.ro\/outdoor\/wp-json\/wp\/v2\/posts"}],"about":[{"href":"https:\/\/ski-outdoor.ro\/outdoor\/wp-json\/wp\/v2\/types\/post"}],"author":[{"embeddable":true,"href":"https:\/\/ski-outdoor.ro\/outdoor\/wp-json\/wp\/v2\/users\/16"}],"replies":[{"embeddable":true,"href":"https:\/\/ski-outdoor.ro\/outdoor\/wp-json\/wp\/v2\/comments?post=5353"}],"version-history":[{"count":4,"href":"https:\/\/ski-outdoor.ro\/outdoor\/wp-json\/wp\/v2\/posts\/5353\/revisions"}],"predecessor-version":[{"id":5364,"href":"https:\/\/ski-outdoor.ro\/outdoor\/wp-json\/wp\/v2\/posts\/5353\/revisions\/5364"}],"wp:featuredmedia":[{"embeddable":true,"href":"https:\/\/ski-outdoor.ro\/outdoor\/wp-json\/wp\/v2\/media\/5355"}],"wp:attachment":[{"href":"https:\/\/ski-outdoor.ro\/outdoor\/wp-json\/wp\/v2\/media?parent=5353"}],"wp:term":[{"taxonomy":"category","embeddable":true,"href":"https:\/\/ski-outdoor.ro\/outdoor\/wp-json\/wp\/v2\/categories?post=5353"},{"taxonomy":"post_tag","embeddable":true,"href":"https:\/\/ski-outdoor.ro\/outdoor\/wp-json\/wp\/v2\/tags?post=5353"}],"curies":[{"name":"wp","href":"https:\/\/api.w.org\/{rel}","templated":true}]}}