{"id":6161,"date":"2021-04-27T14:59:15","date_gmt":"2021-04-27T14:59:15","guid":{"rendered":"https:\/\/ski-outdoor.ro\/outdoor\/?p=6161"},"modified":"2021-04-27T14:59:17","modified_gmt":"2021-04-27T14:59:17","slug":"avancronica-de-marti-3","status":"publish","type":"post","link":"https:\/\/ski-outdoor.ro\/outdoor\/2021\/04\/27\/avancronica-de-marti-3\/","title":{"rendered":"Avancronica de Mar\u021bi"},"content":{"rendered":"\n<p><strong>Cronica am \u00eenceput-o cu\u00a0 Transylvania Legends. Tot a\u0219a \u00eencep \u0219i AvanCronica. E mar\u021bi, 27 aprilie \u0219i dup\u0103 o zi de pauz\u0103, sportivii no\u0219trii sunt din nou pe traseu. Mai au 4 etape de parcurs, aproximativ 300 de kilometri. 300 de kilometri din Via Transilvanica \u00eenseamn\u0103 undeva la 350.000 \u2013 400.000 de pa\u0219i pe o minun\u0103\u021bie de traseu. Natur\u0103, istorie, tradi\u021bii, credin\u021be \u0219i dorin\u021be, toate cumulate<\/strong>.<\/p>\n\n\n\n<figure class=\"wp-block-image size-large\"><img loading=\"lazy\" width=\"960\" height=\"641\" src=\"https:\/\/ski-outdoor.ro\/outdoor\/wp-content\/uploads\/sites\/4\/2021\/04\/transylvania-egends-6.jpg\" alt=\"\" class=\"wp-image-6163\" srcset=\"https:\/\/ski-outdoor.ro\/outdoor\/wp-content\/uploads\/sites\/4\/2021\/04\/transylvania-egends-6.jpg 960w, https:\/\/ski-outdoor.ro\/outdoor\/wp-content\/uploads\/sites\/4\/2021\/04\/transylvania-egends-6-300x200.jpg 300w, https:\/\/ski-outdoor.ro\/outdoor\/wp-content\/uploads\/sites\/4\/2021\/04\/transylvania-egends-6-768x513.jpg 768w, https:\/\/ski-outdoor.ro\/outdoor\/wp-content\/uploads\/sites\/4\/2021\/04\/transylvania-egends-6-370x247.jpg 370w, https:\/\/ski-outdoor.ro\/outdoor\/wp-content\/uploads\/sites\/4\/2021\/04\/transylvania-egends-6-270x180.jpg 270w, https:\/\/ski-outdoor.ro\/outdoor\/wp-content\/uploads\/sites\/4\/2021\/04\/transylvania-egends-6-570x381.jpg 570w, https:\/\/ski-outdoor.ro\/outdoor\/wp-content\/uploads\/sites\/4\/2021\/04\/transylvania-egends-6-770x514.jpg 770w, https:\/\/ski-outdoor.ro\/outdoor\/wp-content\/uploads\/sites\/4\/2021\/04\/transylvania-egends-6-869x580.jpg 869w\" sizes=\"(max-width: 960px) 100vw, 960px\" \/><\/figure>\n\n\n\n<p>Hai s\u0103 vedem ce etape mai avem:&nbsp;<\/p>\n\n\n\n<p><strong>Etapa 5<\/strong> &#8211; este \u00eentre C\u00e2mpul Cet\u0103\u021b\u00eei \u0219i Lupeni \u0219i are 68 de kilometri.\u00a0<\/p>\n\n\n\n<p><strong>Etapa 6<\/strong> &#8211; este \u00eentre Lupeni \u0219i Darjiu \u0219i ne arat\u0103 73 de kilometri din Via Transilvanica.<\/p>\n\n\n\n<p><strong>Etapa 7<\/strong> &#8211; marcheaz\u0103 intrarea deplin\u0103 \u00een \u021binutul S\u0103sesc. Aceast\u0103 etap\u0103 se desf\u0103\u0219oar\u0103 \u00eentre Darjiu \u0219i Sighi\u0219oara \u0219i m\u0103soar\u0103 87 de kilometri.<\/p>\n\n\n\n<p><strong>Etapa 8<\/strong> &#8211; ultima etap\u0103 din acest an, etapa 8, este una mai scurtu\u021b\u0103, de doar 56 kilometri \u0219i \u00eei poart\u0103 pe alerg\u0103tori de la Stejareni p\u00e2n\u0103 la Media\u0219.<\/p>\n\n\n\n<p>Foarte important! S\u0103 urm\u0103rim p\u00e2n\u0103 la cap\u0103t acest ultra. Oare cine termin\u0103 primul toate cele 8 etape?\u00a0<\/p>\n\n\n\n<figure class=\"wp-block-image size-large\"><img loading=\"lazy\" width=\"690\" height=\"494\" src=\"https:\/\/ski-outdoor.ro\/outdoor\/wp-content\/uploads\/sites\/4\/2021\/04\/JILLIAN.jpg\" alt=\"\" class=\"wp-image-6164\" srcset=\"https:\/\/ski-outdoor.ro\/outdoor\/wp-content\/uploads\/sites\/4\/2021\/04\/JILLIAN.jpg 690w, https:\/\/ski-outdoor.ro\/outdoor\/wp-content\/uploads\/sites\/4\/2021\/04\/JILLIAN-300x215.jpg 300w, https:\/\/ski-outdoor.ro\/outdoor\/wp-content\/uploads\/sites\/4\/2021\/04\/JILLIAN-370x265.jpg 370w, https:\/\/ski-outdoor.ro\/outdoor\/wp-content\/uploads\/sites\/4\/2021\/04\/JILLIAN-570x408.jpg 570w\" sizes=\"(max-width: 690px) 100vw, 690px\" \/><\/figure>\n\n\n\n<p>Un anun\u021b de ultima or\u0103! Kilian Jornet \u0219i David Goettler s-au organizat \u0219i \u00eempreun\u0103 doresc s\u0103 urce Everestul pe Ruta Vestic\u0103, ne spun cei de la <a href=\"https:\/\/explorersweb.com\/\" target=\"_blank\" rel=\"noreferrer noopener\">https:\/\/explorersweb.com\/<\/a>. \u00cen Himalaya devine foarte interesant sezonul. David Goettel, ghid montan \u00een Chamonix, partener de coarda cu regretatul Ueli Steck \u0219i\u00a0 unul dintre cei mai buni atle\u021bi montani din lume se afl\u0103 de ceva vreme \u00een Nepal antren\u00e2ndu-se la altitudine. De c\u00e2teva zile se afl\u0103 \u00een Everest BaseCamp a\u0219tept\u00e2nd sosirea lui Kilian. Din aceea\u0219i surs\u0103 afl\u0103m c\u0103 sportivul spaniol o s\u0103 ajung\u0103 zilele urm\u0103toare \u00een Katmandu. Ce vor s\u0103 fac\u0103 ei este ceva extraordinar av\u00e2nd \u00een vedere dificultatea traseului \u0219i timpul scurt care le-a r\u0103mas p\u00e2n\u0103 la venirea musonului.<\/p>\n\n\n\n<p>Va urez S\u0103rb\u0103tori Fericite!&#8230; \u0219i nu uita\u021bi: CEA MAI MARE PROVOCARE SUNTEM NOI! A\u0219a c\u0103 haide\u021bi s\u0103 ne motiv\u0103m, s\u0103 z\u00e2mbim \u0219i s\u0103 ne petrecem multe ore \u00een natur\u0103!<\/p>\n\n\n\n<p><em>Scris de: Vasile Cipcigan<\/em><br><\/p>\n","protected":false},"excerpt":{"rendered":"<p>Cronica am \u00eenceput-o cu\u00a0 Transylvania Legends. Tot a\u0219a \u00eencep \u0219i AvanCronica. E mar\u021bi, 27 aprilie \u0219i dup\u0103 o zi de&#8230;<\/p>\n","protected":false},"author":16,"featured_media":6162,"comment_status":"open","ping_status":"open","sticky":false,"template":"","format":"standard","meta":[],"categories":[1817,39,40],"tags":[2762,2719,2765,1470,943,525,2764,289,2720,138,990,934,1010,2739,235,2763,2766,2144],"yoast_head":"<!-- This site is optimized with the Yoast SEO plugin v18.4.1 - https:\/\/yoast.com\/wordpress\/plugins\/seo\/ -->\n<title>Avancronica de Mar\u021bi - Outdoor Magazine<\/title>\n<meta name=\"robots\" content=\"index, follow, max-snippet:-1, max-image-preview:large, max-video-preview:-1\" \/>\n<link rel=\"canonical\" href=\"https:\/\/ski-outdoor.ro\/outdoor\/2021\/04\/27\/avancronica-de-marti-3\/\" \/>\n<meta property=\"og:locale\" content=\"ro_RO\" \/>\n<meta property=\"og:type\" content=\"article\" \/>\n<meta property=\"og:title\" content=\"Avancronica de Mar\u021bi - Outdoor Magazine\" \/>\n<meta property=\"og:description\" content=\"Cronica am \u00eenceput-o cu\u00a0 Transylvania Legends. Tot a\u0219a \u00eencep \u0219i AvanCronica. E mar\u021bi, 27 aprilie \u0219i dup\u0103 o zi de...\" \/>\n<meta property=\"og:url\" content=\"https:\/\/ski-outdoor.ro\/outdoor\/2021\/04\/27\/avancronica-de-marti-3\/\" \/>\n<meta property=\"og:site_name\" content=\"Outdoor Magazine\" \/>\n<meta property=\"article:publisher\" content=\"https:\/\/www.facebook.com\/skiandoutdoormagazine\" \/>\n<meta property=\"article:published_time\" content=\"2021-04-27T14:59:15+00:00\" \/>\n<meta property=\"article:modified_time\" content=\"2021-04-27T14:59:17+00:00\" \/>\n<meta property=\"og:image\" content=\"https:\/\/ski-outdoor.ro\/outdoor\/wp-content\/uploads\/sites\/4\/2021\/04\/transylvania-legends.jpg\" \/>\n\t<meta property=\"og:image:width\" content=\"2048\" \/>\n\t<meta property=\"og:image:height\" content=\"1367\" \/>\n\t<meta property=\"og:image:type\" content=\"image\/jpeg\" \/>\n<meta name=\"twitter:card\" content=\"summary_large_image\" \/>\n<meta name=\"twitter:label1\" content=\"Scris de\" \/>\n\t<meta name=\"twitter:data1\" content=\"Bianca \u0218omlea\" \/>\n\t<meta name=\"twitter:label2\" content=\"Timp estimat pentru citire\" \/>\n\t<meta name=\"twitter:data2\" content=\"2 minute\" \/>\n<script type=\"application\/ld+json\" class=\"yoast-schema-graph\">{\"@context\":\"https:\/\/schema.org\",\"@graph\":[{\"@type\":\"Organization\",\"@id\":\"https:\/\/ski-outdoor.ro\/outdoor\/#organization\",\"name\":\"Ski & Outdoor Magazine\",\"url\":\"https:\/\/ski-outdoor.ro\/outdoor\/\",\"sameAs\":[\"https:\/\/www.facebook.com\/skiandoutdoormagazine\"],\"logo\":{\"@type\":\"ImageObject\",\"@id\":\"https:\/\/ski-outdoor.ro\/outdoor\/#logo\",\"inLanguage\":\"ro-RO\",\"url\":\"https:\/\/ski-outdoor.ro\/outdoor\/wp-content\/uploads\/sites\/4\/2019\/05\/logo-e1557923623153.png\",\"contentUrl\":\"https:\/\/ski-outdoor.ro\/outdoor\/wp-content\/uploads\/sites\/4\/2019\/05\/logo-e1557923623153.png\",\"width\":600,\"height\":165,\"caption\":\"Ski & Outdoor Magazine\"},\"image\":{\"@id\":\"https:\/\/ski-outdoor.ro\/outdoor\/#logo\"}},{\"@type\":\"WebSite\",\"@id\":\"https:\/\/ski-outdoor.ro\/outdoor\/#website\",\"url\":\"https:\/\/ski-outdoor.ro\/outdoor\/\",\"name\":\"Outdoor Magazine\",\"description\":\"\",\"publisher\":{\"@id\":\"https:\/\/ski-outdoor.ro\/outdoor\/#organization\"},\"potentialAction\":[{\"@type\":\"SearchAction\",\"target\":{\"@type\":\"EntryPoint\",\"urlTemplate\":\"https:\/\/ski-outdoor.ro\/outdoor\/?s={search_term_string}\"},\"query-input\":\"required name=search_term_string\"}],\"inLanguage\":\"ro-RO\"},{\"@type\":\"ImageObject\",\"@id\":\"https:\/\/ski-outdoor.ro\/outdoor\/2021\/04\/27\/avancronica-de-marti-3\/#primaryimage\",\"inLanguage\":\"ro-RO\",\"url\":\"https:\/\/ski-outdoor.ro\/outdoor\/wp-content\/uploads\/sites\/4\/2021\/04\/transylvania-legends.jpg\",\"contentUrl\":\"https:\/\/ski-outdoor.ro\/outdoor\/wp-content\/uploads\/sites\/4\/2021\/04\/transylvania-legends.jpg\",\"width\":2048,\"height\":1367},{\"@type\":\"WebPage\",\"@id\":\"https:\/\/ski-outdoor.ro\/outdoor\/2021\/04\/27\/avancronica-de-marti-3\/#webpage\",\"url\":\"https:\/\/ski-outdoor.ro\/outdoor\/2021\/04\/27\/avancronica-de-marti-3\/\",\"name\":\"Avancronica de Mar\u021bi - Outdoor Magazine\",\"isPartOf\":{\"@id\":\"https:\/\/ski-outdoor.ro\/outdoor\/#website\"},\"primaryImageOfPage\":{\"@id\":\"https:\/\/ski-outdoor.ro\/outdoor\/2021\/04\/27\/avancronica-de-marti-3\/#primaryimage\"},\"datePublished\":\"2021-04-27T14:59:15+00:00\",\"dateModified\":\"2021-04-27T14:59:17+00:00\",\"breadcrumb\":{\"@id\":\"https:\/\/ski-outdoor.ro\/outdoor\/2021\/04\/27\/avancronica-de-marti-3\/#breadcrumb\"},\"inLanguage\":\"ro-RO\",\"potentialAction\":[{\"@type\":\"ReadAction\",\"target\":[\"https:\/\/ski-outdoor.ro\/outdoor\/2021\/04\/27\/avancronica-de-marti-3\/\"]}]},{\"@type\":\"BreadcrumbList\",\"@id\":\"https:\/\/ski-outdoor.ro\/outdoor\/2021\/04\/27\/avancronica-de-marti-3\/#breadcrumb\",\"itemListElement\":[{\"@type\":\"ListItem\",\"position\":1,\"name\":\"Home\",\"item\":\"https:\/\/ski-outdoor.ro\/outdoor\/\"},{\"@type\":\"ListItem\",\"position\":2,\"name\":\"Avancronica de Mar\u021bi\"}]},{\"@type\":\"Article\",\"@id\":\"https:\/\/ski-outdoor.ro\/outdoor\/2021\/04\/27\/avancronica-de-marti-3\/#article\",\"isPartOf\":{\"@id\":\"https:\/\/ski-outdoor.ro\/outdoor\/2021\/04\/27\/avancronica-de-marti-3\/#webpage\"},\"author\":{\"@id\":\"https:\/\/ski-outdoor.ro\/outdoor\/#\/schema\/person\/29661f8d079aa10872d8edcf2a2a520b\"},\"headline\":\"Avancronica de Mar\u021bi\",\"datePublished\":\"2021-04-27T14:59:15+00:00\",\"dateModified\":\"2021-04-27T14:59:17+00:00\",\"mainEntityOfPage\":{\"@id\":\"https:\/\/ski-outdoor.ro\/outdoor\/2021\/04\/27\/avancronica-de-marti-3\/#webpage\"},\"wordCount\":346,\"commentCount\":0,\"publisher\":{\"@id\":\"https:\/\/ski-outdoor.ro\/outdoor\/#organization\"},\"image\":{\"@id\":\"https:\/\/ski-outdoor.ro\/outdoor\/2021\/04\/27\/avancronica-de-marti-3\/#primaryimage\"},\"thumbnailUrl\":\"https:\/\/ski-outdoor.ro\/outdoor\/wp-content\/uploads\/sites\/4\/2021\/04\/transylvania-legends.jpg\",\"keywords\":[\"altergare\",\"avancronica\",\"David Goettler\",\"etapa\",\"everest\",\"himalaya\",\"Kilian Jornet\",\"maraton\",\"marti\",\"outdoor magazine\",\"Ski magazine\",\"ski&amp;outdoor magazine\",\"sportivi\",\"transylvania legends\",\"traseu\",\"ultra\",\"vasile cicpigan\",\"via transilvanica\"],\"articleSection\":[\"Actualit\u0103\u021bi\",\"Competi\u021bie\",\"Events\"],\"inLanguage\":\"ro-RO\",\"potentialAction\":[{\"@type\":\"CommentAction\",\"name\":\"Comment\",\"target\":[\"https:\/\/ski-outdoor.ro\/outdoor\/2021\/04\/27\/avancronica-de-marti-3\/#respond\"]}]},{\"@type\":\"Person\",\"@id\":\"https:\/\/ski-outdoor.ro\/outdoor\/#\/schema\/person\/29661f8d079aa10872d8edcf2a2a520b\",\"name\":\"Bianca \u0218omlea\",\"image\":{\"@type\":\"ImageObject\",\"@id\":\"https:\/\/ski-outdoor.ro\/outdoor\/#personlogo\",\"inLanguage\":\"ro-RO\",\"url\":\"https:\/\/secure.gravatar.com\/avatar\/b39a83203da3fc8888ded6e8052246ad?s=96&d=mm&r=g\",\"contentUrl\":\"https:\/\/secure.gravatar.com\/avatar\/b39a83203da3fc8888ded6e8052246ad?s=96&d=mm&r=g\",\"caption\":\"Bianca \u0218omlea\"},\"url\":\"https:\/\/ski-outdoor.ro\/outdoor\/author\/editorfb206\/\"}]}<\/script>\n<!-- \/ Yoast SEO plugin. -->","yoast_head_json":{"title":"Avancronica de Mar\u021bi - Outdoor Magazine","robots":{"index":"index","follow":"follow","max-snippet":"max-snippet:-1","max-image-preview":"max-image-preview:large","max-video-preview":"max-video-preview:-1"},"canonical":"https:\/\/ski-outdoor.ro\/outdoor\/2021\/04\/27\/avancronica-de-marti-3\/","og_locale":"ro_RO","og_type":"article","og_title":"Avancronica de Mar\u021bi - Outdoor Magazine","og_description":"Cronica am \u00eenceput-o cu\u00a0 Transylvania Legends. Tot a\u0219a \u00eencep \u0219i AvanCronica. E mar\u021bi, 27 aprilie \u0219i dup\u0103 o zi de...","og_url":"https:\/\/ski-outdoor.ro\/outdoor\/2021\/04\/27\/avancronica-de-marti-3\/","og_site_name":"Outdoor Magazine","article_publisher":"https:\/\/www.facebook.com\/skiandoutdoormagazine","article_published_time":"2021-04-27T14:59:15+00:00","article_modified_time":"2021-04-27T14:59:17+00:00","og_image":[{"width":2048,"height":1367,"url":"https:\/\/ski-outdoor.ro\/outdoor\/wp-content\/uploads\/sites\/4\/2021\/04\/transylvania-legends.jpg","type":"image\/jpeg"}],"twitter_card":"summary_large_image","twitter_misc":{"Scris de":"Bianca \u0218omlea","Timp estimat pentru citire":"2 minute"},"schema":{"@context":"https:\/\/schema.org","@graph":[{"@type":"Organization","@id":"https:\/\/ski-outdoor.ro\/outdoor\/#organization","name":"Ski & Outdoor Magazine","url":"https:\/\/ski-outdoor.ro\/outdoor\/","sameAs":["https:\/\/www.facebook.com\/skiandoutdoormagazine"],"logo":{"@type":"ImageObject","@id":"https:\/\/ski-outdoor.ro\/outdoor\/#logo","inLanguage":"ro-RO","url":"https:\/\/ski-outdoor.ro\/outdoor\/wp-content\/uploads\/sites\/4\/2019\/05\/logo-e1557923623153.png","contentUrl":"https:\/\/ski-outdoor.ro\/outdoor\/wp-content\/uploads\/sites\/4\/2019\/05\/logo-e1557923623153.png","width":600,"height":165,"caption":"Ski & Outdoor Magazine"},"image":{"@id":"https:\/\/ski-outdoor.ro\/outdoor\/#logo"}},{"@type":"WebSite","@id":"https:\/\/ski-outdoor.ro\/outdoor\/#website","url":"https:\/\/ski-outdoor.ro\/outdoor\/","name":"Outdoor Magazine","description":"","publisher":{"@id":"https:\/\/ski-outdoor.ro\/outdoor\/#organization"},"potentialAction":[{"@type":"SearchAction","target":{"@type":"EntryPoint","urlTemplate":"https:\/\/ski-outdoor.ro\/outdoor\/?s={search_term_string}"},"query-input":"required name=search_term_string"}],"inLanguage":"ro-RO"},{"@type":"ImageObject","@id":"https:\/\/ski-outdoor.ro\/outdoor\/2021\/04\/27\/avancronica-de-marti-3\/#primaryimage","inLanguage":"ro-RO","url":"https:\/\/ski-outdoor.ro\/outdoor\/wp-content\/uploads\/sites\/4\/2021\/04\/transylvania-legends.jpg","contentUrl":"https:\/\/ski-outdoor.ro\/outdoor\/wp-content\/uploads\/sites\/4\/2021\/04\/transylvania-legends.jpg","width":2048,"height":1367},{"@type":"WebPage","@id":"https:\/\/ski-outdoor.ro\/outdoor\/2021\/04\/27\/avancronica-de-marti-3\/#webpage","url":"https:\/\/ski-outdoor.ro\/outdoor\/2021\/04\/27\/avancronica-de-marti-3\/","name":"Avancronica de Mar\u021bi - Outdoor Magazine","isPartOf":{"@id":"https:\/\/ski-outdoor.ro\/outdoor\/#website"},"primaryImageOfPage":{"@id":"https:\/\/ski-outdoor.ro\/outdoor\/2021\/04\/27\/avancronica-de-marti-3\/#primaryimage"},"datePublished":"2021-04-27T14:59:15+00:00","dateModified":"2021-04-27T14:59:17+00:00","breadcrumb":{"@id":"https:\/\/ski-outdoor.ro\/outdoor\/2021\/04\/27\/avancronica-de-marti-3\/#breadcrumb"},"inLanguage":"ro-RO","potentialAction":[{"@type":"ReadAction","target":["https:\/\/ski-outdoor.ro\/outdoor\/2021\/04\/27\/avancronica-de-marti-3\/"]}]},{"@type":"BreadcrumbList","@id":"https:\/\/ski-outdoor.ro\/outdoor\/2021\/04\/27\/avancronica-de-marti-3\/#breadcrumb","itemListElement":[{"@type":"ListItem","position":1,"name":"Home","item":"https:\/\/ski-outdoor.ro\/outdoor\/"},{"@type":"ListItem","position":2,"name":"Avancronica de Mar\u021bi"}]},{"@type":"Article","@id":"https:\/\/ski-outdoor.ro\/outdoor\/2021\/04\/27\/avancronica-de-marti-3\/#article","isPartOf":{"@id":"https:\/\/ski-outdoor.ro\/outdoor\/2021\/04\/27\/avancronica-de-marti-3\/#webpage"},"author":{"@id":"https:\/\/ski-outdoor.ro\/outdoor\/#\/schema\/person\/29661f8d079aa10872d8edcf2a2a520b"},"headline":"Avancronica de Mar\u021bi","datePublished":"2021-04-27T14:59:15+00:00","dateModified":"2021-04-27T14:59:17+00:00","mainEntityOfPage":{"@id":"https:\/\/ski-outdoor.ro\/outdoor\/2021\/04\/27\/avancronica-de-marti-3\/#webpage"},"wordCount":346,"commentCount":0,"publisher":{"@id":"https:\/\/ski-outdoor.ro\/outdoor\/#organization"},"image":{"@id":"https:\/\/ski-outdoor.ro\/outdoor\/2021\/04\/27\/avancronica-de-marti-3\/#primaryimage"},"thumbnailUrl":"https:\/\/ski-outdoor.ro\/outdoor\/wp-content\/uploads\/sites\/4\/2021\/04\/transylvania-legends.jpg","keywords":["altergare","avancronica","David Goettler","etapa","everest","himalaya","Kilian Jornet","maraton","marti","outdoor magazine","Ski magazine","ski&amp;outdoor magazine","sportivi","transylvania legends","traseu","ultra","vasile cicpigan","via transilvanica"],"articleSection":["Actualit\u0103\u021bi","Competi\u021bie","Events"],"inLanguage":"ro-RO","potentialAction":[{"@type":"CommentAction","name":"Comment","target":["https:\/\/ski-outdoor.ro\/outdoor\/2021\/04\/27\/avancronica-de-marti-3\/#respond"]}]},{"@type":"Person","@id":"https:\/\/ski-outdoor.ro\/outdoor\/#\/schema\/person\/29661f8d079aa10872d8edcf2a2a520b","name":"Bianca \u0218omlea","image":{"@type":"ImageObject","@id":"https:\/\/ski-outdoor.ro\/outdoor\/#personlogo","inLanguage":"ro-RO","url":"https:\/\/secure.gravatar.com\/avatar\/b39a83203da3fc8888ded6e8052246ad?s=96&d=mm&r=g","contentUrl":"https:\/\/secure.gravatar.com\/avatar\/b39a83203da3fc8888ded6e8052246ad?s=96&d=mm&r=g","caption":"Bianca \u0218omlea"},"url":"https:\/\/ski-outdoor.ro\/outdoor\/author\/editorfb206\/"}]}},"_links":{"self":[{"href":"https:\/\/ski-outdoor.ro\/outdoor\/wp-json\/wp\/v2\/posts\/6161"}],"collection":[{"href":"https:\/\/ski-outdoor.ro\/outdoor\/wp-json\/wp\/v2\/posts"}],"about":[{"href":"https:\/\/ski-outdoor.ro\/outdoor\/wp-json\/wp\/v2\/types\/post"}],"author":[{"embeddable":true,"href":"https:\/\/ski-outdoor.ro\/outdoor\/wp-json\/wp\/v2\/users\/16"}],"replies":[{"embeddable":true,"href":"https:\/\/ski-outdoor.ro\/outdoor\/wp-json\/wp\/v2\/comments?post=6161"}],"version-history":[{"count":1,"href":"https:\/\/ski-outdoor.ro\/outdoor\/wp-json\/wp\/v2\/posts\/6161\/revisions"}],"predecessor-version":[{"id":6165,"href":"https:\/\/ski-outdoor.ro\/outdoor\/wp-json\/wp\/v2\/posts\/6161\/revisions\/6165"}],"wp:featuredmedia":[{"embeddable":true,"href":"https:\/\/ski-outdoor.ro\/outdoor\/wp-json\/wp\/v2\/media\/6162"}],"wp:attachment":[{"href":"https:\/\/ski-outdoor.ro\/outdoor\/wp-json\/wp\/v2\/media?parent=6161"}],"wp:term":[{"taxonomy":"category","embeddable":true,"href":"https:\/\/ski-outdoor.ro\/outdoor\/wp-json\/wp\/v2\/categories?post=6161"},{"taxonomy":"post_tag","embeddable":true,"href":"https:\/\/ski-outdoor.ro\/outdoor\/wp-json\/wp\/v2\/tags?post=6161"}],"curies":[{"name":"wp","href":"https:\/\/api.w.org\/{rel}","templated":true}]}}