{"id":6381,"date":"2021-06-07T07:48:53","date_gmt":"2021-06-07T07:48:53","guid":{"rendered":"https:\/\/ski-outdoor.ro\/outdoor\/?p=6381"},"modified":"2021-06-07T08:13:58","modified_gmt":"2021-06-07T08:13:58","slug":"liber-la-vacante-in-muntenegru-romanii-obligati-sa-prezinte-pcr","status":"publish","type":"post","link":"https:\/\/ski-outdoor.ro\/outdoor\/2021\/06\/07\/liber-la-vacante-in-muntenegru-romanii-obligati-sa-prezinte-pcr\/","title":{"rendered":"Liber la vacan\u021be \u00een Muntenegru. Rom\u00e2nii, obliga\u021bi \u00een continuare s\u0103 prezinte test PCR"},"content":{"rendered":"\n<p><strong>Muntenegru \u0219i-a redeschis, de s\u00e2mb\u0103t\u0103, grani\u021bele pentru cet\u0103\u021benii Uniunii Europene \u0219i pentru cet\u0103\u021benii israelieni. <\/strong><strong>Conform agen\u021biei croate de pres\u0103,&nbsp;<a href=\"https:\/\/www.hina.hr\/vijest\/10698508\" target=\"_blank\" rel=\"noreferrer noopener\">HINA<\/a>, citat\u0103 de Agerpres, ace\u0219tia vor putea intra \u00een \u021bar\u0103 f\u0103r\u0103 s\u0103 mai prezinte un test negativ de Covid sau certificat de vaccinare. Ministerului Afacerilor Externe ie\u0219it \u00eens\u0103 cu preciz\u0103ri. M\u0103sura nu se aplic\u0103 tuturor cet\u0103\u021benilor UE, iar rom\u00e2nii vor fi nevoi\u021bi \u00een continuare s\u0103 prezinte un test PCR pentru a putea ajunge \u00een Muntenegru.<\/strong><\/p>\n\n\n\n<p><strong>Condi\u021bii de intrare \u00een Muntenegru pentru cet\u0103\u021benii rom\u00e2ni:<\/strong><\/p>\n\n\n\n<ul><li>prezentarea unui test molecular tip PCR negativ, a c\u0103rui valabilitate s\u0103 nu dep\u0103\u0219easc\u0103 72 de ore, rezultatul pozitiv al unui test serologic \u2013 anticorpi clasa IgG (valabil maxim 30 de zile) sau dovada (\u00eentr-o limb\u0103 de circula\u021bie interna\u021bional\u0103) c\u0103 au fost vaccina\u021bi complet \u00eempotriva COVID-19, cu cel pu\u021bin 7 zile \u00eenaintea intr\u0103rii \u00een Muntenegru;<\/li><li>prezentarea unui pa\u0219aport\/titlu de c\u0103l\u0103torie valabil, cu viza de intrare\/ie\u0219ire, la punctele de trecere a frontierei cu Muntenegru;<\/li><li>prezentarea C\u0103r\u021bii de Identitate, \u00een cazul persoanelor vaccinate complet.<\/li><\/ul>\n\n\n\n<p>Conform autorit\u0103\u021bilor sanitare din Muntenegru, 30% din popula\u021bia adult\u0103 a \u021b\u0103rii este vaccinat\u0103 cu o doz\u0103 de vaccin anti-Covid, \u00een timp ce 20% sunt imuniza\u021bi cu schema complet\u0103 de vaccinare.<\/p>\n\n\n\n<p>Muntenegru are, \u00een present, cea mai sc\u0103zut\u0103 rat\u0103 de infectare cu coronavirus din iulie 2020 \u0219i p\u00e2n\u0103 ast\u0103zi. Joi, Muntengru a raportat 41 de noi \u00eemboln\u0103viri cu Covid-19 \u0219i 4 decese. Num\u0103rul total al cazurilor raportate de la \u00eenceputul pandemiei este de 99.791, iar num\u0103rul total al deceselor este de 1.591.<\/p>\n","protected":false},"excerpt":{"rendered":"<p>Muntenegru \u0219i-a redeschis, de s\u00e2mb\u0103t\u0103, grani\u021bele pentru cet\u0103\u021benii Uniunii Europene \u0219i pentru cet\u0103\u021benii israelieni. Conform agen\u021biei croate de pres\u0103,&nbsp;HINA, citat\u0103&#8230;<\/p>\n","protected":false},"author":16,"featured_media":6382,"comment_status":"open","ping_status":"open","sticky":false,"template":"","format":"standard","meta":[],"categories":[1817],"tags":[1831,2866,2869,2871,2870],"yoast_head":"<!-- This site is optimized with the Yoast SEO plugin v18.4.1 - https:\/\/yoast.com\/wordpress\/plugins\/seo\/ -->\n<title>Liber la vacan\u021be \u00een Muntenegru. Rom\u00e2nii, obliga\u021bi \u00een continuare s\u0103 prezinte test PCR - Outdoor Magazine<\/title>\n<meta name=\"description\" content=\"Muntenegru \u0219i-a redeschis, de s\u00e2mb\u0103t\u0103, grani\u021bele pentru cet\u0103\u021benii Uniunii Europene \u0219i pentru cet\u0103\u021benii israelieni. Ace\u0219tia vor putea intra \u00een \u021bar\u0103 f\u0103r\u0103 s\u0103 mai prezinte un test negativ de Covid sau certificat de vaccinare. %\" \/>\n<meta name=\"robots\" content=\"index, follow, max-snippet:-1, max-image-preview:large, max-video-preview:-1\" \/>\n<link rel=\"canonical\" href=\"https:\/\/ski-outdoor.ro\/outdoor\/2021\/06\/07\/liber-la-vacante-in-muntenegru-romanii-obligati-sa-prezinte-pcr\/\" \/>\n<meta property=\"og:locale\" content=\"ro_RO\" \/>\n<meta property=\"og:type\" content=\"article\" \/>\n<meta property=\"og:title\" content=\"Liber la vacan\u021be \u00een Muntenegru. Rom\u00e2nii, obliga\u021bi \u00een continuare s\u0103 prezinte test PCR - Outdoor Magazine\" \/>\n<meta property=\"og:description\" content=\"Muntenegru \u0219i-a redeschis, de s\u00e2mb\u0103t\u0103, grani\u021bele pentru cet\u0103\u021benii Uniunii Europene \u0219i pentru cet\u0103\u021benii israelieni. Ace\u0219tia vor putea intra \u00een \u021bar\u0103 f\u0103r\u0103 s\u0103 mai prezinte un test negativ de Covid sau certificat de vaccinare. %\" \/>\n<meta property=\"og:url\" content=\"https:\/\/ski-outdoor.ro\/outdoor\/2021\/06\/07\/liber-la-vacante-in-muntenegru-romanii-obligati-sa-prezinte-pcr\/\" \/>\n<meta property=\"og:site_name\" content=\"Outdoor Magazine\" \/>\n<meta property=\"article:publisher\" content=\"https:\/\/www.facebook.com\/skiandoutdoormagazine\" \/>\n<meta property=\"article:published_time\" content=\"2021-06-07T07:48:53+00:00\" \/>\n<meta property=\"article:modified_time\" content=\"2021-06-07T08:13:58+00:00\" \/>\n<meta property=\"og:image\" content=\"https:\/\/ski-outdoor.ro\/outdoor\/wp-content\/uploads\/sites\/4\/2021\/06\/Montenegro-1.jpg\" \/>\n\t<meta property=\"og:image:width\" content=\"800\" \/>\n\t<meta property=\"og:image:height\" content=\"450\" \/>\n\t<meta property=\"og:image:type\" content=\"image\/jpeg\" \/>\n<meta name=\"twitter:card\" content=\"summary_large_image\" \/>\n<meta name=\"twitter:label1\" content=\"Scris de\" \/>\n\t<meta name=\"twitter:data1\" content=\"Bianca \u0218omlea\" \/>\n\t<meta name=\"twitter:label2\" content=\"Timp estimat pentru citire\" \/>\n\t<meta name=\"twitter:data2\" content=\"2 minute\" \/>\n<script type=\"application\/ld+json\" class=\"yoast-schema-graph\">{\"@context\":\"https:\/\/schema.org\",\"@graph\":[{\"@type\":\"Organization\",\"@id\":\"https:\/\/ski-outdoor.ro\/outdoor\/#organization\",\"name\":\"Ski & Outdoor Magazine\",\"url\":\"https:\/\/ski-outdoor.ro\/outdoor\/\",\"sameAs\":[\"https:\/\/www.facebook.com\/skiandoutdoormagazine\"],\"logo\":{\"@type\":\"ImageObject\",\"@id\":\"https:\/\/ski-outdoor.ro\/outdoor\/#logo\",\"inLanguage\":\"ro-RO\",\"url\":\"https:\/\/ski-outdoor.ro\/outdoor\/wp-content\/uploads\/sites\/4\/2019\/05\/logo-e1557923623153.png\",\"contentUrl\":\"https:\/\/ski-outdoor.ro\/outdoor\/wp-content\/uploads\/sites\/4\/2019\/05\/logo-e1557923623153.png\",\"width\":600,\"height\":165,\"caption\":\"Ski & Outdoor Magazine\"},\"image\":{\"@id\":\"https:\/\/ski-outdoor.ro\/outdoor\/#logo\"}},{\"@type\":\"WebSite\",\"@id\":\"https:\/\/ski-outdoor.ro\/outdoor\/#website\",\"url\":\"https:\/\/ski-outdoor.ro\/outdoor\/\",\"name\":\"Outdoor Magazine\",\"description\":\"\",\"publisher\":{\"@id\":\"https:\/\/ski-outdoor.ro\/outdoor\/#organization\"},\"potentialAction\":[{\"@type\":\"SearchAction\",\"target\":{\"@type\":\"EntryPoint\",\"urlTemplate\":\"https:\/\/ski-outdoor.ro\/outdoor\/?s={search_term_string}\"},\"query-input\":\"required name=search_term_string\"}],\"inLanguage\":\"ro-RO\"},{\"@type\":\"ImageObject\",\"@id\":\"https:\/\/ski-outdoor.ro\/outdoor\/2021\/06\/07\/liber-la-vacante-in-muntenegru-romanii-obligati-sa-prezinte-pcr\/#primaryimage\",\"inLanguage\":\"ro-RO\",\"url\":\"https:\/\/ski-outdoor.ro\/outdoor\/wp-content\/uploads\/sites\/4\/2021\/06\/Montenegro-1.jpg\",\"contentUrl\":\"https:\/\/ski-outdoor.ro\/outdoor\/wp-content\/uploads\/sites\/4\/2021\/06\/Montenegro-1.jpg\",\"width\":800,\"height\":450},{\"@type\":\"WebPage\",\"@id\":\"https:\/\/ski-outdoor.ro\/outdoor\/2021\/06\/07\/liber-la-vacante-in-muntenegru-romanii-obligati-sa-prezinte-pcr\/#webpage\",\"url\":\"https:\/\/ski-outdoor.ro\/outdoor\/2021\/06\/07\/liber-la-vacante-in-muntenegru-romanii-obligati-sa-prezinte-pcr\/\",\"name\":\"Liber la vacan\u021be \u00een Muntenegru. Rom\u00e2nii, obliga\u021bi \u00een continuare s\u0103 prezinte test PCR - Outdoor Magazine\",\"isPartOf\":{\"@id\":\"https:\/\/ski-outdoor.ro\/outdoor\/#website\"},\"primaryImageOfPage\":{\"@id\":\"https:\/\/ski-outdoor.ro\/outdoor\/2021\/06\/07\/liber-la-vacante-in-muntenegru-romanii-obligati-sa-prezinte-pcr\/#primaryimage\"},\"datePublished\":\"2021-06-07T07:48:53+00:00\",\"dateModified\":\"2021-06-07T08:13:58+00:00\",\"description\":\"Muntenegru \u0219i-a redeschis, de s\u00e2mb\u0103t\u0103, grani\u021bele pentru cet\u0103\u021benii Uniunii Europene \u0219i pentru cet\u0103\u021benii israelieni. Ace\u0219tia vor putea intra \u00een \u021bar\u0103 f\u0103r\u0103 s\u0103 mai prezinte un test negativ de Covid sau certificat de vaccinare. %\",\"breadcrumb\":{\"@id\":\"https:\/\/ski-outdoor.ro\/outdoor\/2021\/06\/07\/liber-la-vacante-in-muntenegru-romanii-obligati-sa-prezinte-pcr\/#breadcrumb\"},\"inLanguage\":\"ro-RO\",\"potentialAction\":[{\"@type\":\"ReadAction\",\"target\":[\"https:\/\/ski-outdoor.ro\/outdoor\/2021\/06\/07\/liber-la-vacante-in-muntenegru-romanii-obligati-sa-prezinte-pcr\/\"]}]},{\"@type\":\"BreadcrumbList\",\"@id\":\"https:\/\/ski-outdoor.ro\/outdoor\/2021\/06\/07\/liber-la-vacante-in-muntenegru-romanii-obligati-sa-prezinte-pcr\/#breadcrumb\",\"itemListElement\":[{\"@type\":\"ListItem\",\"position\":1,\"name\":\"Home\",\"item\":\"https:\/\/ski-outdoor.ro\/outdoor\/\"},{\"@type\":\"ListItem\",\"position\":2,\"name\":\"Liber la vacan\u021be \u00een Muntenegru. Rom\u00e2nii, obliga\u021bi \u00een continuare s\u0103 prezinte test PCR\"}]},{\"@type\":\"Article\",\"@id\":\"https:\/\/ski-outdoor.ro\/outdoor\/2021\/06\/07\/liber-la-vacante-in-muntenegru-romanii-obligati-sa-prezinte-pcr\/#article\",\"isPartOf\":{\"@id\":\"https:\/\/ski-outdoor.ro\/outdoor\/2021\/06\/07\/liber-la-vacante-in-muntenegru-romanii-obligati-sa-prezinte-pcr\/#webpage\"},\"author\":{\"@id\":\"https:\/\/ski-outdoor.ro\/outdoor\/#\/schema\/person\/29661f8d079aa10872d8edcf2a2a520b\"},\"headline\":\"Liber la vacan\u021be \u00een Muntenegru. Rom\u00e2nii, obliga\u021bi \u00een continuare s\u0103 prezinte test PCR\",\"datePublished\":\"2021-06-07T07:48:53+00:00\",\"dateModified\":\"2021-06-07T08:13:58+00:00\",\"mainEntityOfPage\":{\"@id\":\"https:\/\/ski-outdoor.ro\/outdoor\/2021\/06\/07\/liber-la-vacante-in-muntenegru-romanii-obligati-sa-prezinte-pcr\/#webpage\"},\"wordCount\":291,\"commentCount\":0,\"publisher\":{\"@id\":\"https:\/\/ski-outdoor.ro\/outdoor\/#organization\"},\"image\":{\"@id\":\"https:\/\/ski-outdoor.ro\/outdoor\/2021\/06\/07\/liber-la-vacante-in-muntenegru-romanii-obligati-sa-prezinte-pcr\/#primaryimage\"},\"thumbnailUrl\":\"https:\/\/ski-outdoor.ro\/outdoor\/wp-content\/uploads\/sites\/4\/2021\/06\/Montenegro-1.jpg\",\"keywords\":[\"covid\",\"muntenegru\",\"test negativ\",\"vacante\",\"vaccinare\"],\"articleSection\":[\"Actualit\u0103\u021bi\"],\"inLanguage\":\"ro-RO\",\"potentialAction\":[{\"@type\":\"CommentAction\",\"name\":\"Comment\",\"target\":[\"https:\/\/ski-outdoor.ro\/outdoor\/2021\/06\/07\/liber-la-vacante-in-muntenegru-romanii-obligati-sa-prezinte-pcr\/#respond\"]}]},{\"@type\":\"Person\",\"@id\":\"https:\/\/ski-outdoor.ro\/outdoor\/#\/schema\/person\/29661f8d079aa10872d8edcf2a2a520b\",\"name\":\"Bianca \u0218omlea\",\"image\":{\"@type\":\"ImageObject\",\"@id\":\"https:\/\/ski-outdoor.ro\/outdoor\/#personlogo\",\"inLanguage\":\"ro-RO\",\"url\":\"https:\/\/secure.gravatar.com\/avatar\/b39a83203da3fc8888ded6e8052246ad?s=96&d=mm&r=g\",\"contentUrl\":\"https:\/\/secure.gravatar.com\/avatar\/b39a83203da3fc8888ded6e8052246ad?s=96&d=mm&r=g\",\"caption\":\"Bianca \u0218omlea\"},\"url\":\"https:\/\/ski-outdoor.ro\/outdoor\/author\/editorfb206\/\"}]}<\/script>\n<!-- \/ Yoast SEO plugin. -->","yoast_head_json":{"title":"Liber la vacan\u021be \u00een Muntenegru. Rom\u00e2nii, obliga\u021bi \u00een continuare s\u0103 prezinte test PCR - Outdoor Magazine","description":"Muntenegru \u0219i-a redeschis, de s\u00e2mb\u0103t\u0103, grani\u021bele pentru cet\u0103\u021benii Uniunii Europene \u0219i pentru cet\u0103\u021benii israelieni. Ace\u0219tia vor putea intra \u00een \u021bar\u0103 f\u0103r\u0103 s\u0103 mai prezinte un test negativ de Covid sau certificat de vaccinare. %","robots":{"index":"index","follow":"follow","max-snippet":"max-snippet:-1","max-image-preview":"max-image-preview:large","max-video-preview":"max-video-preview:-1"},"canonical":"https:\/\/ski-outdoor.ro\/outdoor\/2021\/06\/07\/liber-la-vacante-in-muntenegru-romanii-obligati-sa-prezinte-pcr\/","og_locale":"ro_RO","og_type":"article","og_title":"Liber la vacan\u021be \u00een Muntenegru. Rom\u00e2nii, obliga\u021bi \u00een continuare s\u0103 prezinte test PCR - Outdoor Magazine","og_description":"Muntenegru \u0219i-a redeschis, de s\u00e2mb\u0103t\u0103, grani\u021bele pentru cet\u0103\u021benii Uniunii Europene \u0219i pentru cet\u0103\u021benii israelieni. Ace\u0219tia vor putea intra \u00een \u021bar\u0103 f\u0103r\u0103 s\u0103 mai prezinte un test negativ de Covid sau certificat de vaccinare. %","og_url":"https:\/\/ski-outdoor.ro\/outdoor\/2021\/06\/07\/liber-la-vacante-in-muntenegru-romanii-obligati-sa-prezinte-pcr\/","og_site_name":"Outdoor Magazine","article_publisher":"https:\/\/www.facebook.com\/skiandoutdoormagazine","article_published_time":"2021-06-07T07:48:53+00:00","article_modified_time":"2021-06-07T08:13:58+00:00","og_image":[{"width":800,"height":450,"url":"https:\/\/ski-outdoor.ro\/outdoor\/wp-content\/uploads\/sites\/4\/2021\/06\/Montenegro-1.jpg","type":"image\/jpeg"}],"twitter_card":"summary_large_image","twitter_misc":{"Scris de":"Bianca \u0218omlea","Timp estimat pentru citire":"2 minute"},"schema":{"@context":"https:\/\/schema.org","@graph":[{"@type":"Organization","@id":"https:\/\/ski-outdoor.ro\/outdoor\/#organization","name":"Ski & Outdoor Magazine","url":"https:\/\/ski-outdoor.ro\/outdoor\/","sameAs":["https:\/\/www.facebook.com\/skiandoutdoormagazine"],"logo":{"@type":"ImageObject","@id":"https:\/\/ski-outdoor.ro\/outdoor\/#logo","inLanguage":"ro-RO","url":"https:\/\/ski-outdoor.ro\/outdoor\/wp-content\/uploads\/sites\/4\/2019\/05\/logo-e1557923623153.png","contentUrl":"https:\/\/ski-outdoor.ro\/outdoor\/wp-content\/uploads\/sites\/4\/2019\/05\/logo-e1557923623153.png","width":600,"height":165,"caption":"Ski & Outdoor Magazine"},"image":{"@id":"https:\/\/ski-outdoor.ro\/outdoor\/#logo"}},{"@type":"WebSite","@id":"https:\/\/ski-outdoor.ro\/outdoor\/#website","url":"https:\/\/ski-outdoor.ro\/outdoor\/","name":"Outdoor Magazine","description":"","publisher":{"@id":"https:\/\/ski-outdoor.ro\/outdoor\/#organization"},"potentialAction":[{"@type":"SearchAction","target":{"@type":"EntryPoint","urlTemplate":"https:\/\/ski-outdoor.ro\/outdoor\/?s={search_term_string}"},"query-input":"required name=search_term_string"}],"inLanguage":"ro-RO"},{"@type":"ImageObject","@id":"https:\/\/ski-outdoor.ro\/outdoor\/2021\/06\/07\/liber-la-vacante-in-muntenegru-romanii-obligati-sa-prezinte-pcr\/#primaryimage","inLanguage":"ro-RO","url":"https:\/\/ski-outdoor.ro\/outdoor\/wp-content\/uploads\/sites\/4\/2021\/06\/Montenegro-1.jpg","contentUrl":"https:\/\/ski-outdoor.ro\/outdoor\/wp-content\/uploads\/sites\/4\/2021\/06\/Montenegro-1.jpg","width":800,"height":450},{"@type":"WebPage","@id":"https:\/\/ski-outdoor.ro\/outdoor\/2021\/06\/07\/liber-la-vacante-in-muntenegru-romanii-obligati-sa-prezinte-pcr\/#webpage","url":"https:\/\/ski-outdoor.ro\/outdoor\/2021\/06\/07\/liber-la-vacante-in-muntenegru-romanii-obligati-sa-prezinte-pcr\/","name":"Liber la vacan\u021be \u00een Muntenegru. Rom\u00e2nii, obliga\u021bi \u00een continuare s\u0103 prezinte test PCR - Outdoor Magazine","isPartOf":{"@id":"https:\/\/ski-outdoor.ro\/outdoor\/#website"},"primaryImageOfPage":{"@id":"https:\/\/ski-outdoor.ro\/outdoor\/2021\/06\/07\/liber-la-vacante-in-muntenegru-romanii-obligati-sa-prezinte-pcr\/#primaryimage"},"datePublished":"2021-06-07T07:48:53+00:00","dateModified":"2021-06-07T08:13:58+00:00","description":"Muntenegru \u0219i-a redeschis, de s\u00e2mb\u0103t\u0103, grani\u021bele pentru cet\u0103\u021benii Uniunii Europene \u0219i pentru cet\u0103\u021benii israelieni. Ace\u0219tia vor putea intra \u00een \u021bar\u0103 f\u0103r\u0103 s\u0103 mai prezinte un test negativ de Covid sau certificat de vaccinare. %","breadcrumb":{"@id":"https:\/\/ski-outdoor.ro\/outdoor\/2021\/06\/07\/liber-la-vacante-in-muntenegru-romanii-obligati-sa-prezinte-pcr\/#breadcrumb"},"inLanguage":"ro-RO","potentialAction":[{"@type":"ReadAction","target":["https:\/\/ski-outdoor.ro\/outdoor\/2021\/06\/07\/liber-la-vacante-in-muntenegru-romanii-obligati-sa-prezinte-pcr\/"]}]},{"@type":"BreadcrumbList","@id":"https:\/\/ski-outdoor.ro\/outdoor\/2021\/06\/07\/liber-la-vacante-in-muntenegru-romanii-obligati-sa-prezinte-pcr\/#breadcrumb","itemListElement":[{"@type":"ListItem","position":1,"name":"Home","item":"https:\/\/ski-outdoor.ro\/outdoor\/"},{"@type":"ListItem","position":2,"name":"Liber la vacan\u021be \u00een Muntenegru. Rom\u00e2nii, obliga\u021bi \u00een continuare s\u0103 prezinte test PCR"}]},{"@type":"Article","@id":"https:\/\/ski-outdoor.ro\/outdoor\/2021\/06\/07\/liber-la-vacante-in-muntenegru-romanii-obligati-sa-prezinte-pcr\/#article","isPartOf":{"@id":"https:\/\/ski-outdoor.ro\/outdoor\/2021\/06\/07\/liber-la-vacante-in-muntenegru-romanii-obligati-sa-prezinte-pcr\/#webpage"},"author":{"@id":"https:\/\/ski-outdoor.ro\/outdoor\/#\/schema\/person\/29661f8d079aa10872d8edcf2a2a520b"},"headline":"Liber la vacan\u021be \u00een Muntenegru. Rom\u00e2nii, obliga\u021bi \u00een continuare s\u0103 prezinte test PCR","datePublished":"2021-06-07T07:48:53+00:00","dateModified":"2021-06-07T08:13:58+00:00","mainEntityOfPage":{"@id":"https:\/\/ski-outdoor.ro\/outdoor\/2021\/06\/07\/liber-la-vacante-in-muntenegru-romanii-obligati-sa-prezinte-pcr\/#webpage"},"wordCount":291,"commentCount":0,"publisher":{"@id":"https:\/\/ski-outdoor.ro\/outdoor\/#organization"},"image":{"@id":"https:\/\/ski-outdoor.ro\/outdoor\/2021\/06\/07\/liber-la-vacante-in-muntenegru-romanii-obligati-sa-prezinte-pcr\/#primaryimage"},"thumbnailUrl":"https:\/\/ski-outdoor.ro\/outdoor\/wp-content\/uploads\/sites\/4\/2021\/06\/Montenegro-1.jpg","keywords":["covid","muntenegru","test negativ","vacante","vaccinare"],"articleSection":["Actualit\u0103\u021bi"],"inLanguage":"ro-RO","potentialAction":[{"@type":"CommentAction","name":"Comment","target":["https:\/\/ski-outdoor.ro\/outdoor\/2021\/06\/07\/liber-la-vacante-in-muntenegru-romanii-obligati-sa-prezinte-pcr\/#respond"]}]},{"@type":"Person","@id":"https:\/\/ski-outdoor.ro\/outdoor\/#\/schema\/person\/29661f8d079aa10872d8edcf2a2a520b","name":"Bianca \u0218omlea","image":{"@type":"ImageObject","@id":"https:\/\/ski-outdoor.ro\/outdoor\/#personlogo","inLanguage":"ro-RO","url":"https:\/\/secure.gravatar.com\/avatar\/b39a83203da3fc8888ded6e8052246ad?s=96&d=mm&r=g","contentUrl":"https:\/\/secure.gravatar.com\/avatar\/b39a83203da3fc8888ded6e8052246ad?s=96&d=mm&r=g","caption":"Bianca \u0218omlea"},"url":"https:\/\/ski-outdoor.ro\/outdoor\/author\/editorfb206\/"}]}},"_links":{"self":[{"href":"https:\/\/ski-outdoor.ro\/outdoor\/wp-json\/wp\/v2\/posts\/6381"}],"collection":[{"href":"https:\/\/ski-outdoor.ro\/outdoor\/wp-json\/wp\/v2\/posts"}],"about":[{"href":"https:\/\/ski-outdoor.ro\/outdoor\/wp-json\/wp\/v2\/types\/post"}],"author":[{"embeddable":true,"href":"https:\/\/ski-outdoor.ro\/outdoor\/wp-json\/wp\/v2\/users\/16"}],"replies":[{"embeddable":true,"href":"https:\/\/ski-outdoor.ro\/outdoor\/wp-json\/wp\/v2\/comments?post=6381"}],"version-history":[{"count":3,"href":"https:\/\/ski-outdoor.ro\/outdoor\/wp-json\/wp\/v2\/posts\/6381\/revisions"}],"predecessor-version":[{"id":6385,"href":"https:\/\/ski-outdoor.ro\/outdoor\/wp-json\/wp\/v2\/posts\/6381\/revisions\/6385"}],"wp:featuredmedia":[{"embeddable":true,"href":"https:\/\/ski-outdoor.ro\/outdoor\/wp-json\/wp\/v2\/media\/6382"}],"wp:attachment":[{"href":"https:\/\/ski-outdoor.ro\/outdoor\/wp-json\/wp\/v2\/media?parent=6381"}],"wp:term":[{"taxonomy":"category","embeddable":true,"href":"https:\/\/ski-outdoor.ro\/outdoor\/wp-json\/wp\/v2\/categories?post=6381"},{"taxonomy":"post_tag","embeddable":true,"href":"https:\/\/ski-outdoor.ro\/outdoor\/wp-json\/wp\/v2\/tags?post=6381"}],"curies":[{"name":"wp","href":"https:\/\/api.w.org\/{rel}","templated":true}]}}