{"id":6540,"date":"2021-06-22T11:31:16","date_gmt":"2021-06-22T11:31:16","guid":{"rendered":"https:\/\/ski-outdoor.ro\/outdoor\/?p=6540"},"modified":"2021-06-22T14:35:47","modified_gmt":"2021-06-22T14:35:47","slug":"avancronica-de-marti-11","status":"publish","type":"post","link":"https:\/\/ski-outdoor.ro\/outdoor\/2021\/06\/22\/avancronica-de-marti-11\/","title":{"rendered":"Avancronica de Mar\u021bi"},"content":{"rendered":"\n<p><strong>Vreme schimb\u0103toare, \u00een \u00eenc\u0103lzire puternic\u0103 cu posibilitatea de furtuni de vara. Asta ne anun\u021b\u0103 prognoza pentru s\u0103pt\u0103m\u00e2na aceast\u0103. Cum va fi, vom vedea. Important este c\u0103 a \u00eenceput sezonul sporturilor outdoor de vara. A \u00eenceput \u00een for\u021b\u0103. Multe evenimente, mul\u021bi participan\u021bi, mul\u021bi sus\u021bin\u0103tori dar ce este important foarte mul\u021bi oameni pe munte, \u00een p\u0103duri \u00een zonele turistice montane consacrate. Poft\u0103 noastr\u0103 de a explora Rom\u00e2nia este din ce \u00een ce mai mare.<\/strong><\/p>\n\n\n\n<p>\u0218i pentru c\u0103 a explora \u00eenseamn\u0103 \u0219i a descoperi zone deosebite \u0219i extraordinare, va invit pe 26-27 iunie la Ro\u0219ia Montan\u0103 Marathon. Un eveniment aflat la a opta edi\u021bie.<\/p>\n\n\n\n<figure class=\"wp-block-image size-large\"><img loading=\"lazy\" width=\"720\" height=\"404\" src=\"https:\/\/ski-outdoor.ro\/outdoor\/wp-content\/uploads\/sites\/4\/2021\/06\/rosia-montana-marathon.jpg\" alt=\"\" class=\"wp-image-6542\" srcset=\"https:\/\/ski-outdoor.ro\/outdoor\/wp-content\/uploads\/sites\/4\/2021\/06\/rosia-montana-marathon.jpg 720w, https:\/\/ski-outdoor.ro\/outdoor\/wp-content\/uploads\/sites\/4\/2021\/06\/rosia-montana-marathon-300x168.jpg 300w, https:\/\/ski-outdoor.ro\/outdoor\/wp-content\/uploads\/sites\/4\/2021\/06\/rosia-montana-marathon-330x185.jpg 330w, https:\/\/ski-outdoor.ro\/outdoor\/wp-content\/uploads\/sites\/4\/2021\/06\/rosia-montana-marathon-370x208.jpg 370w, https:\/\/ski-outdoor.ro\/outdoor\/wp-content\/uploads\/sites\/4\/2021\/06\/rosia-montana-marathon-570x320.jpg 570w\" sizes=\"(max-width: 720px) 100vw, 720px\" \/><\/figure>\n\n\n\n<p>Ro\u0219ia Montan\u0103 Marathon adun\u0103 \u00een fiecare an sute de pasiona\u021bi de alergare \u0219i mi\u0219care \u00een aer liberi sute de oameni care doresc s\u0103 cunoasc\u0103 aceast\u0103 zona plin\u0103 de istorie. \u00cen acest an organizatorii ne-au preg\u0103tit o cursa de maraton \u2013 43,82km, o cursa de semimaraton \u2013 26,58km, o cursa de cros \u2013 11km, o cursa a copiilor \u0219i o drume\u021bie a interconectivit\u0103\u021bii.<\/p>\n\n\n\n<p>Pentru mai multe informa\u021bii accesa\u021bi site-ul <a href=\"http:\/\/www.rosiamontanamarathon.ro\/conceptul-maratonului\/\" target=\"_blank\" rel=\"noreferrer noopener\">rosiamontanamarathon.ro\/<\/a>.<\/p>\n\n\n\n<p>Sunt dou\u0103 sporturi outdoor care au avut o evolu\u021bie fulminant\u0103 \u00een ultima vreme: alergarea montan\u0103 \u0219i mountain bike-ul. Foarte mul\u021bi practican\u021bi foarte mul\u021bi participan\u021bi la evenimente care implic\u0103 aceste sporturi, foarte multe curse bune \u0219i bine organizate.<\/p>\n\n\n\n<p>Pe 27 iunie avem Vidraru Bike Challenge. Acest eveniment este la a 7-a edi\u021bie. Peste 500 de sportivi s-au \u00eenscris la aceast\u0103 edi\u021bie. A\u0219a c\u0103 duminic\u0103 jude\u021bul Arge\u0219 va reprezenta principalul reper pentru iubitorii sportului pe dou\u0103 ro\u021bi.&nbsp;<\/p>\n\n\n\n<figure class=\"wp-block-image size-large\"><img loading=\"lazy\" width=\"1024\" height=\"682\" src=\"https:\/\/ski-outdoor.ro\/outdoor\/wp-content\/uploads\/sites\/4\/2021\/06\/vidraru-bike-challenge-2-1024x682.jpg\" alt=\"\" class=\"wp-image-6543\" srcset=\"https:\/\/ski-outdoor.ro\/outdoor\/wp-content\/uploads\/sites\/4\/2021\/06\/vidraru-bike-challenge-2-1024x682.jpg 1024w, https:\/\/ski-outdoor.ro\/outdoor\/wp-content\/uploads\/sites\/4\/2021\/06\/vidraru-bike-challenge-2-300x200.jpg 300w, https:\/\/ski-outdoor.ro\/outdoor\/wp-content\/uploads\/sites\/4\/2021\/06\/vidraru-bike-challenge-2-768x512.jpg 768w, https:\/\/ski-outdoor.ro\/outdoor\/wp-content\/uploads\/sites\/4\/2021\/06\/vidraru-bike-challenge-2-1536x1024.jpg 1536w, https:\/\/ski-outdoor.ro\/outdoor\/wp-content\/uploads\/sites\/4\/2021\/06\/vidraru-bike-challenge-2-370x247.jpg 370w, https:\/\/ski-outdoor.ro\/outdoor\/wp-content\/uploads\/sites\/4\/2021\/06\/vidraru-bike-challenge-2-270x180.jpg 270w, https:\/\/ski-outdoor.ro\/outdoor\/wp-content\/uploads\/sites\/4\/2021\/06\/vidraru-bike-challenge-2-570x380.jpg 570w, https:\/\/ski-outdoor.ro\/outdoor\/wp-content\/uploads\/sites\/4\/2021\/06\/vidraru-bike-challenge-2-770x513.jpg 770w, https:\/\/ski-outdoor.ro\/outdoor\/wp-content\/uploads\/sites\/4\/2021\/06\/vidraru-bike-challenge-2-1170x780.jpg 1170w, https:\/\/ski-outdoor.ro\/outdoor\/wp-content\/uploads\/sites\/4\/2021\/06\/vidraru-bike-challenge-2-870x580.jpg 870w, https:\/\/ski-outdoor.ro\/outdoor\/wp-content\/uploads\/sites\/4\/2021\/06\/vidraru-bike-challenge-2.jpg 2000w\" sizes=\"(max-width: 1024px) 100vw, 1024px\" \/><\/figure>\n\n\n\n<p>Organizatorii au preg\u0103tit trei trasee: Scurt (30 km cu 1000m diferen\u021ba de nivel), Mediu (51km cu 1650m diferen\u021ba de nivel) \u0219i Lung (86 km cu 2400m diferen\u021ba de nivel.<\/p>\n\n\n\n<p>Tot \u00een F\u0103g\u0103ra\u0219 avem Alergara\u0219. Un eveniment de alergare montan\u0103 dedicat tuturor. Nou\u0103 curse ne-au preg\u0103tit organizatorii, nou\u0103 curse din care po\u021bi s\u0103 alegi ceea ce \u021bi se potrive\u0219te. Avem Belvedere, Belvedere XL, Crosul F\u0103g\u0103ra\u0219ului, Crosul Cet\u0103\u021bii, Crosul Demgy, Bucuria Alerg\u0103rii,&nbsp; Cursa Genera\u021biilor, Voinicel, \u0218tafeta. Ce este tare fain \u2013 este faptul c\u0103 organizatorii au preg\u0103tit 3 curse gratuite, curse prin care invit\u0103 copii \u0219i v\u00e2rstnicii la mi\u0219care.<\/p>\n\n\n\n<p>Mi-a\u0219 dori s\u0103 fie c\u00e2\u021bi mai mul\u021bi organizatori a\u0219a. Felicit\u0103ri lor!&nbsp;<\/p>\n\n\n\n<p>P\u00e2n\u0103 acum la Alergara\u0219 s-au&nbsp; \u00eenscris peste 400 de alerg\u0103tori. Dac\u0103 dore\u0219ti s\u0103 sus\u021bii acest proiect, nu mai st\u0103 pe g\u00e2nduri, hai la alergat sau dac\u0103 te sperie efortul po\u021bi sprijini proiectul \u0219i c\u0103 suporter. Informa\u021bii \u0219i recomand\u0103ri g\u0103si\u021bi pe: <a href=\"https:\/\/alergaras.ro\/concept\/\" target=\"_blank\" rel=\"noreferrer noopener\">alergaras.ro<\/a>.<\/p>\n\n\n\n<figure class=\"wp-block-image size-large\"><img loading=\"lazy\" width=\"1024\" height=\"739\" src=\"https:\/\/ski-outdoor.ro\/outdoor\/wp-content\/uploads\/sites\/4\/2021\/06\/alergaras-traseu-1024x739.jpg\" alt=\"\" class=\"wp-image-6544\" srcset=\"https:\/\/ski-outdoor.ro\/outdoor\/wp-content\/uploads\/sites\/4\/2021\/06\/alergaras-traseu-1024x739.jpg 1024w, https:\/\/ski-outdoor.ro\/outdoor\/wp-content\/uploads\/sites\/4\/2021\/06\/alergaras-traseu-300x216.jpg 300w, https:\/\/ski-outdoor.ro\/outdoor\/wp-content\/uploads\/sites\/4\/2021\/06\/alergaras-traseu-768x554.jpg 768w, https:\/\/ski-outdoor.ro\/outdoor\/wp-content\/uploads\/sites\/4\/2021\/06\/alergaras-traseu-1536x1108.jpg 1536w, https:\/\/ski-outdoor.ro\/outdoor\/wp-content\/uploads\/sites\/4\/2021\/06\/alergaras-traseu-370x267.jpg 370w, https:\/\/ski-outdoor.ro\/outdoor\/wp-content\/uploads\/sites\/4\/2021\/06\/alergaras-traseu-570x411.jpg 570w, https:\/\/ski-outdoor.ro\/outdoor\/wp-content\/uploads\/sites\/4\/2021\/06\/alergaras-traseu-770x555.jpg 770w, https:\/\/ski-outdoor.ro\/outdoor\/wp-content\/uploads\/sites\/4\/2021\/06\/alergaras-traseu-1170x844.jpg 1170w, https:\/\/ski-outdoor.ro\/outdoor\/wp-content\/uploads\/sites\/4\/2021\/06\/alergaras-traseu-804x580.jpg 804w, https:\/\/ski-outdoor.ro\/outdoor\/wp-content\/uploads\/sites\/4\/2021\/06\/alergaras-traseu.jpg 1920w\" sizes=\"(max-width: 1024px) 100vw, 1024px\" \/><\/figure>\n\n\n\n<p>La Cluj, avem primul eveniment fizic de alergare organizat de\u00a0<a href=\"https:\/\/runnersclub.ro\/\" target=\"_blank\" rel=\"noreferrer noopener\">Runners Club<\/a>, de la \u00eenceputul pandemiei, \u00een 27 iuni. Este vorba de Crosul Hoia Fortech, un eveniment ajuns la cea de-a 8-a edi\u021bie.\u00a0<\/p>\n\n\n\n<p>Reluarea evenimentelor fizice a fost extrem de a\u0219teptat\u0103, at\u00e2t de c\u0103tre organizatori, c\u00e2t \u0219i de participan\u021bi. \u0218i totul este cu at\u00e2t mai special, cu c\u00e2t acest prim eveniment fizic de dup\u0103 pandemie este \u0219i evenimentul cu public cu num\u0103rul 100 organizat de Runners Club.&nbsp;<\/p>\n\n\n\n<p>Evenimentul fizic are num\u0103r limitat de locuri. Evident, toate m\u0103surile de siguran\u021b\u0103 sanitar\u0103 vor fi respectate. \u00cen 27 iunie, startul va fi dat din Parcul Etnografic Romulus Vuia, iar traseele pentru cele 3 probe (7 km, 10 km \u0219i 15 km) se vor \u00eentinde \u00een P\u0103durea Hoia. \u00cen paralel, va avea loc evenimentul virtual \/ individual. Fiecare participant care opteaz\u0103 pentru aceast\u0103 variant\u0103 \u00ee\u0219i poate alege propriul traseu pe care s\u0103-\u0219i duc\u0103 la bun sf\u00e2r\u0219it cursa, oric\u00e2nd dore\u0219te \u00een intervalul 26 \u2013 27 iunie.&nbsp;<\/p>\n\n\n\n<p>Pe 24 iunie \u00eencepe La Sportiv\u0103\u00a0 Lavaredo Ultra Trail \u2013 unul dintre cele mai cunoscute \u0219i frumoase competi\u021bii de ultra. \u00cen cadrul acestui eveniment avem \u0219i Spartan Trail World Championship. Succes mare tuturor rom\u00e2nilor afla\u021bi pe lista de start! \u00cei putem urm\u0103ri acces\u00e2nd: <a href=\"https:\/\/ultratrail.it\/en\/\" target=\"_blank\" rel=\"noreferrer noopener\">ultratrail.it\/en\/<\/a>.<\/p>\n\n\n\n<p>\u0218i vreau s\u0103 \u00eenchei cu o fraz\u0103 luat\u0103 de pe pagin\u0103 celor de la Alergara\u0219: \u201calergarea e cea mai accesibil\u0103 \u0219i natural\u0103 form\u0103 de mi\u0219care, cea mai s\u0103n\u0103toas\u0103 investi\u021bie \u00een s\u0103n\u0103tatea familiei\u201d.<\/p>\n\n\n\n<p>Cite\u0219te \u0219i Cronica acestei s\u0103pt\u0103m\u00e2ni, <a href=\"https:\/\/ski-outdoor.ro\/outdoor\/2021\/06\/21\/cronica-de-luni-9\/\" target=\"_blank\" rel=\"noreferrer noopener\">aici<\/a>.<\/p>\n\n\n\n<p><em>Scris de: Vasile Cipcigan<\/em><\/p>\n","protected":false},"excerpt":{"rendered":"<p>Vreme schimb\u0103toare, \u00een \u00eenc\u0103lzire puternic\u0103 cu posibilitatea de furtuni de vara. Asta ne anun\u021b\u0103 prognoza pentru s\u0103pt\u0103m\u00e2na aceast\u0103. Cum va&#8230;<\/p>\n","protected":false},"author":16,"featured_media":6541,"comment_status":"open","ping_status":"open","sticky":false,"template":"","format":"standard","meta":[],"categories":[1817,39,40],"tags":[2952,170,2947,2752,1613,276,2951,2950,2184,289,2720,229,2948,1969,786,98,235,211,2949],"yoast_head":"<!-- This site is optimized with the Yoast SEO plugin v18.4.1 - https:\/\/yoast.com\/wordpress\/plugins\/seo\/ -->\n<title>Avancronica de Mar\u021bi - Outdoor Magazine<\/title>\n<meta name=\"description\" content=\"Vreme schimb\u0103toare, \u00een \u00eenc\u0103lzire puternic\u0103 cu posibilitatea de furtuni de vara. Asta ne anun\u021b\u0103 prognoza pentru s\u0103pt\u0103m\u00e2na aceast\u0103. Cum va fi, vom vedea. Important este c\u0103 a \u00eenceput sezonul sporturilor outdoor de vara. A \u00eenceput \u00een for\u021b\u0103. Multe evenimente, mul\u021bi participan\u021bi, mul\u021bi sus\u021bin\u0103tori dar ce este important foarte mul\u021bi oameni pe munte, \u00een p\u0103duri \u00een zonele turistice montane consacrate. Poft\u0103 noastr\u0103 de a explora Rom\u00e2nia este din ce \u00een ce mai mare. Outdoor Magazine\" \/>\n<meta name=\"robots\" content=\"index, follow, max-snippet:-1, max-image-preview:large, max-video-preview:-1\" \/>\n<link rel=\"canonical\" href=\"https:\/\/ski-outdoor.ro\/outdoor\/2021\/06\/22\/avancronica-de-marti-11\/\" \/>\n<meta property=\"og:locale\" content=\"ro_RO\" \/>\n<meta property=\"og:type\" content=\"article\" \/>\n<meta property=\"og:title\" content=\"Avancronica de Mar\u021bi - Outdoor Magazine\" \/>\n<meta property=\"og:description\" content=\"Vreme schimb\u0103toare, \u00een \u00eenc\u0103lzire puternic\u0103 cu posibilitatea de furtuni de vara. Asta ne anun\u021b\u0103 prognoza pentru s\u0103pt\u0103m\u00e2na aceast\u0103. Cum va fi, vom vedea. Important este c\u0103 a \u00eenceput sezonul sporturilor outdoor de vara. A \u00eenceput \u00een for\u021b\u0103. Multe evenimente, mul\u021bi participan\u021bi, mul\u021bi sus\u021bin\u0103tori dar ce este important foarte mul\u021bi oameni pe munte, \u00een p\u0103duri \u00een zonele turistice montane consacrate. Poft\u0103 noastr\u0103 de a explora Rom\u00e2nia este din ce \u00een ce mai mare. Outdoor Magazine\" \/>\n<meta property=\"og:url\" content=\"https:\/\/ski-outdoor.ro\/outdoor\/2021\/06\/22\/avancronica-de-marti-11\/\" \/>\n<meta property=\"og:site_name\" content=\"Outdoor Magazine\" \/>\n<meta property=\"article:publisher\" content=\"https:\/\/www.facebook.com\/skiandoutdoormagazine\" \/>\n<meta property=\"article:published_time\" content=\"2021-06-22T11:31:16+00:00\" \/>\n<meta property=\"article:modified_time\" content=\"2021-06-22T14:35:47+00:00\" \/>\n<meta property=\"og:image\" content=\"https:\/\/ski-outdoor.ro\/outdoor\/wp-content\/uploads\/sites\/4\/2021\/06\/vidraru-bike-challenge.jpg\" \/>\n\t<meta property=\"og:image:width\" content=\"2048\" \/>\n\t<meta property=\"og:image:height\" content=\"1536\" \/>\n\t<meta property=\"og:image:type\" content=\"image\/jpeg\" \/>\n<meta name=\"twitter:card\" content=\"summary_large_image\" \/>\n<meta name=\"twitter:label1\" content=\"Scris de\" \/>\n\t<meta name=\"twitter:data1\" content=\"Bianca \u0218omlea\" \/>\n\t<meta name=\"twitter:label2\" content=\"Timp estimat pentru citire\" \/>\n\t<meta name=\"twitter:data2\" content=\"4 minute\" \/>\n<script type=\"application\/ld+json\" class=\"yoast-schema-graph\">{\"@context\":\"https:\/\/schema.org\",\"@graph\":[{\"@type\":\"Organization\",\"@id\":\"https:\/\/ski-outdoor.ro\/outdoor\/#organization\",\"name\":\"Ski & Outdoor Magazine\",\"url\":\"https:\/\/ski-outdoor.ro\/outdoor\/\",\"sameAs\":[\"https:\/\/www.facebook.com\/skiandoutdoormagazine\"],\"logo\":{\"@type\":\"ImageObject\",\"@id\":\"https:\/\/ski-outdoor.ro\/outdoor\/#logo\",\"inLanguage\":\"ro-RO\",\"url\":\"https:\/\/ski-outdoor.ro\/outdoor\/wp-content\/uploads\/sites\/4\/2019\/05\/logo-e1557923623153.png\",\"contentUrl\":\"https:\/\/ski-outdoor.ro\/outdoor\/wp-content\/uploads\/sites\/4\/2019\/05\/logo-e1557923623153.png\",\"width\":600,\"height\":165,\"caption\":\"Ski & Outdoor Magazine\"},\"image\":{\"@id\":\"https:\/\/ski-outdoor.ro\/outdoor\/#logo\"}},{\"@type\":\"WebSite\",\"@id\":\"https:\/\/ski-outdoor.ro\/outdoor\/#website\",\"url\":\"https:\/\/ski-outdoor.ro\/outdoor\/\",\"name\":\"Outdoor Magazine\",\"description\":\"\",\"publisher\":{\"@id\":\"https:\/\/ski-outdoor.ro\/outdoor\/#organization\"},\"potentialAction\":[{\"@type\":\"SearchAction\",\"target\":{\"@type\":\"EntryPoint\",\"urlTemplate\":\"https:\/\/ski-outdoor.ro\/outdoor\/?s={search_term_string}\"},\"query-input\":\"required name=search_term_string\"}],\"inLanguage\":\"ro-RO\"},{\"@type\":\"ImageObject\",\"@id\":\"https:\/\/ski-outdoor.ro\/outdoor\/2021\/06\/22\/avancronica-de-marti-11\/#primaryimage\",\"inLanguage\":\"ro-RO\",\"url\":\"https:\/\/ski-outdoor.ro\/outdoor\/wp-content\/uploads\/sites\/4\/2021\/06\/vidraru-bike-challenge.jpg\",\"contentUrl\":\"https:\/\/ski-outdoor.ro\/outdoor\/wp-content\/uploads\/sites\/4\/2021\/06\/vidraru-bike-challenge.jpg\",\"width\":2048,\"height\":1536},{\"@type\":\"WebPage\",\"@id\":\"https:\/\/ski-outdoor.ro\/outdoor\/2021\/06\/22\/avancronica-de-marti-11\/#webpage\",\"url\":\"https:\/\/ski-outdoor.ro\/outdoor\/2021\/06\/22\/avancronica-de-marti-11\/\",\"name\":\"Avancronica de Mar\u021bi - Outdoor Magazine\",\"isPartOf\":{\"@id\":\"https:\/\/ski-outdoor.ro\/outdoor\/#website\"},\"primaryImageOfPage\":{\"@id\":\"https:\/\/ski-outdoor.ro\/outdoor\/2021\/06\/22\/avancronica-de-marti-11\/#primaryimage\"},\"datePublished\":\"2021-06-22T11:31:16+00:00\",\"dateModified\":\"2021-06-22T14:35:47+00:00\",\"description\":\"Vreme schimb\u0103toare, \u00een \u00eenc\u0103lzire puternic\u0103 cu posibilitatea de furtuni de vara. Asta ne anun\u021b\u0103 prognoza pentru s\u0103pt\u0103m\u00e2na aceast\u0103. Cum va fi, vom vedea. Important este c\u0103 a \u00eenceput sezonul sporturilor outdoor de vara. A \u00eenceput \u00een for\u021b\u0103. Multe evenimente, mul\u021bi participan\u021bi, mul\u021bi sus\u021bin\u0103tori dar ce este important foarte mul\u021bi oameni pe munte, \u00een p\u0103duri \u00een zonele turistice montane consacrate. Poft\u0103 noastr\u0103 de a explora Rom\u00e2nia este din ce \u00een ce mai mare. Outdoor Magazine\",\"breadcrumb\":{\"@id\":\"https:\/\/ski-outdoor.ro\/outdoor\/2021\/06\/22\/avancronica-de-marti-11\/#breadcrumb\"},\"inLanguage\":\"ro-RO\",\"potentialAction\":[{\"@type\":\"ReadAction\",\"target\":[\"https:\/\/ski-outdoor.ro\/outdoor\/2021\/06\/22\/avancronica-de-marti-11\/\"]}]},{\"@type\":\"BreadcrumbList\",\"@id\":\"https:\/\/ski-outdoor.ro\/outdoor\/2021\/06\/22\/avancronica-de-marti-11\/#breadcrumb\",\"itemListElement\":[{\"@type\":\"ListItem\",\"position\":1,\"name\":\"Home\",\"item\":\"https:\/\/ski-outdoor.ro\/outdoor\/\"},{\"@type\":\"ListItem\",\"position\":2,\"name\":\"Avancronica de Mar\u021bi\"}]},{\"@type\":\"Article\",\"@id\":\"https:\/\/ski-outdoor.ro\/outdoor\/2021\/06\/22\/avancronica-de-marti-11\/#article\",\"isPartOf\":{\"@id\":\"https:\/\/ski-outdoor.ro\/outdoor\/2021\/06\/22\/avancronica-de-marti-11\/#webpage\"},\"author\":{\"@id\":\"https:\/\/ski-outdoor.ro\/outdoor\/#\/schema\/person\/29661f8d079aa10872d8edcf2a2a520b\"},\"headline\":\"Avancronica de Mar\u021bi\",\"datePublished\":\"2021-06-22T11:31:16+00:00\",\"dateModified\":\"2021-06-22T14:35:47+00:00\",\"mainEntityOfPage\":{\"@id\":\"https:\/\/ski-outdoor.ro\/outdoor\/2021\/06\/22\/avancronica-de-marti-11\/#webpage\"},\"wordCount\":730,\"commentCount\":0,\"publisher\":{\"@id\":\"https:\/\/ski-outdoor.ro\/outdoor\/#organization\"},\"image\":{\"@id\":\"https:\/\/ski-outdoor.ro\/outdoor\/2021\/06\/22\/avancronica-de-marti-11\/#primaryimage\"},\"thumbnailUrl\":\"https:\/\/ski-outdoor.ro\/outdoor\/wp-content\/uploads\/sites\/4\/2021\/06\/vidraru-bike-challenge.jpg\",\"keywords\":[\"Alergaras\",\"alergare\",\"avancornica\",\"cronica\",\"eveniment\",\"Fagaras\",\"La Sportiva\",\"Laverdo Ultra Trail\",\"luni\",\"maraton\",\"marti\",\"mountain bike\",\"Rosia Montana Marathon\",\"saptamana\",\"semimaraton\",\"trasee\",\"traseu\",\"Vasile Cipcigan\",\"Vidraru Bike Challenge\"],\"articleSection\":[\"Actualit\u0103\u021bi\",\"Competi\u021bie\",\"Events\"],\"inLanguage\":\"ro-RO\",\"potentialAction\":[{\"@type\":\"CommentAction\",\"name\":\"Comment\",\"target\":[\"https:\/\/ski-outdoor.ro\/outdoor\/2021\/06\/22\/avancronica-de-marti-11\/#respond\"]}]},{\"@type\":\"Person\",\"@id\":\"https:\/\/ski-outdoor.ro\/outdoor\/#\/schema\/person\/29661f8d079aa10872d8edcf2a2a520b\",\"name\":\"Bianca \u0218omlea\",\"image\":{\"@type\":\"ImageObject\",\"@id\":\"https:\/\/ski-outdoor.ro\/outdoor\/#personlogo\",\"inLanguage\":\"ro-RO\",\"url\":\"https:\/\/secure.gravatar.com\/avatar\/b39a83203da3fc8888ded6e8052246ad?s=96&d=mm&r=g\",\"contentUrl\":\"https:\/\/secure.gravatar.com\/avatar\/b39a83203da3fc8888ded6e8052246ad?s=96&d=mm&r=g\",\"caption\":\"Bianca \u0218omlea\"},\"url\":\"https:\/\/ski-outdoor.ro\/outdoor\/author\/editorfb206\/\"}]}<\/script>\n<!-- \/ Yoast SEO plugin. -->","yoast_head_json":{"title":"Avancronica de Mar\u021bi - Outdoor Magazine","description":"Vreme schimb\u0103toare, \u00een \u00eenc\u0103lzire puternic\u0103 cu posibilitatea de furtuni de vara. Asta ne anun\u021b\u0103 prognoza pentru s\u0103pt\u0103m\u00e2na aceast\u0103. Cum va fi, vom vedea. Important este c\u0103 a \u00eenceput sezonul sporturilor outdoor de vara. A \u00eenceput \u00een for\u021b\u0103. Multe evenimente, mul\u021bi participan\u021bi, mul\u021bi sus\u021bin\u0103tori dar ce este important foarte mul\u021bi oameni pe munte, \u00een p\u0103duri \u00een zonele turistice montane consacrate. Poft\u0103 noastr\u0103 de a explora Rom\u00e2nia este din ce \u00een ce mai mare. Outdoor Magazine","robots":{"index":"index","follow":"follow","max-snippet":"max-snippet:-1","max-image-preview":"max-image-preview:large","max-video-preview":"max-video-preview:-1"},"canonical":"https:\/\/ski-outdoor.ro\/outdoor\/2021\/06\/22\/avancronica-de-marti-11\/","og_locale":"ro_RO","og_type":"article","og_title":"Avancronica de Mar\u021bi - Outdoor Magazine","og_description":"Vreme schimb\u0103toare, \u00een \u00eenc\u0103lzire puternic\u0103 cu posibilitatea de furtuni de vara. Asta ne anun\u021b\u0103 prognoza pentru s\u0103pt\u0103m\u00e2na aceast\u0103. Cum va fi, vom vedea. Important este c\u0103 a \u00eenceput sezonul sporturilor outdoor de vara. A \u00eenceput \u00een for\u021b\u0103. Multe evenimente, mul\u021bi participan\u021bi, mul\u021bi sus\u021bin\u0103tori dar ce este important foarte mul\u021bi oameni pe munte, \u00een p\u0103duri \u00een zonele turistice montane consacrate. Poft\u0103 noastr\u0103 de a explora Rom\u00e2nia este din ce \u00een ce mai mare. Outdoor Magazine","og_url":"https:\/\/ski-outdoor.ro\/outdoor\/2021\/06\/22\/avancronica-de-marti-11\/","og_site_name":"Outdoor Magazine","article_publisher":"https:\/\/www.facebook.com\/skiandoutdoormagazine","article_published_time":"2021-06-22T11:31:16+00:00","article_modified_time":"2021-06-22T14:35:47+00:00","og_image":[{"width":2048,"height":1536,"url":"https:\/\/ski-outdoor.ro\/outdoor\/wp-content\/uploads\/sites\/4\/2021\/06\/vidraru-bike-challenge.jpg","type":"image\/jpeg"}],"twitter_card":"summary_large_image","twitter_misc":{"Scris de":"Bianca \u0218omlea","Timp estimat pentru citire":"4 minute"},"schema":{"@context":"https:\/\/schema.org","@graph":[{"@type":"Organization","@id":"https:\/\/ski-outdoor.ro\/outdoor\/#organization","name":"Ski & Outdoor Magazine","url":"https:\/\/ski-outdoor.ro\/outdoor\/","sameAs":["https:\/\/www.facebook.com\/skiandoutdoormagazine"],"logo":{"@type":"ImageObject","@id":"https:\/\/ski-outdoor.ro\/outdoor\/#logo","inLanguage":"ro-RO","url":"https:\/\/ski-outdoor.ro\/outdoor\/wp-content\/uploads\/sites\/4\/2019\/05\/logo-e1557923623153.png","contentUrl":"https:\/\/ski-outdoor.ro\/outdoor\/wp-content\/uploads\/sites\/4\/2019\/05\/logo-e1557923623153.png","width":600,"height":165,"caption":"Ski & Outdoor Magazine"},"image":{"@id":"https:\/\/ski-outdoor.ro\/outdoor\/#logo"}},{"@type":"WebSite","@id":"https:\/\/ski-outdoor.ro\/outdoor\/#website","url":"https:\/\/ski-outdoor.ro\/outdoor\/","name":"Outdoor Magazine","description":"","publisher":{"@id":"https:\/\/ski-outdoor.ro\/outdoor\/#organization"},"potentialAction":[{"@type":"SearchAction","target":{"@type":"EntryPoint","urlTemplate":"https:\/\/ski-outdoor.ro\/outdoor\/?s={search_term_string}"},"query-input":"required name=search_term_string"}],"inLanguage":"ro-RO"},{"@type":"ImageObject","@id":"https:\/\/ski-outdoor.ro\/outdoor\/2021\/06\/22\/avancronica-de-marti-11\/#primaryimage","inLanguage":"ro-RO","url":"https:\/\/ski-outdoor.ro\/outdoor\/wp-content\/uploads\/sites\/4\/2021\/06\/vidraru-bike-challenge.jpg","contentUrl":"https:\/\/ski-outdoor.ro\/outdoor\/wp-content\/uploads\/sites\/4\/2021\/06\/vidraru-bike-challenge.jpg","width":2048,"height":1536},{"@type":"WebPage","@id":"https:\/\/ski-outdoor.ro\/outdoor\/2021\/06\/22\/avancronica-de-marti-11\/#webpage","url":"https:\/\/ski-outdoor.ro\/outdoor\/2021\/06\/22\/avancronica-de-marti-11\/","name":"Avancronica de Mar\u021bi - Outdoor Magazine","isPartOf":{"@id":"https:\/\/ski-outdoor.ro\/outdoor\/#website"},"primaryImageOfPage":{"@id":"https:\/\/ski-outdoor.ro\/outdoor\/2021\/06\/22\/avancronica-de-marti-11\/#primaryimage"},"datePublished":"2021-06-22T11:31:16+00:00","dateModified":"2021-06-22T14:35:47+00:00","description":"Vreme schimb\u0103toare, \u00een \u00eenc\u0103lzire puternic\u0103 cu posibilitatea de furtuni de vara. Asta ne anun\u021b\u0103 prognoza pentru s\u0103pt\u0103m\u00e2na aceast\u0103. Cum va fi, vom vedea. Important este c\u0103 a \u00eenceput sezonul sporturilor outdoor de vara. A \u00eenceput \u00een for\u021b\u0103. Multe evenimente, mul\u021bi participan\u021bi, mul\u021bi sus\u021bin\u0103tori dar ce este important foarte mul\u021bi oameni pe munte, \u00een p\u0103duri \u00een zonele turistice montane consacrate. Poft\u0103 noastr\u0103 de a explora Rom\u00e2nia este din ce \u00een ce mai mare. Outdoor Magazine","breadcrumb":{"@id":"https:\/\/ski-outdoor.ro\/outdoor\/2021\/06\/22\/avancronica-de-marti-11\/#breadcrumb"},"inLanguage":"ro-RO","potentialAction":[{"@type":"ReadAction","target":["https:\/\/ski-outdoor.ro\/outdoor\/2021\/06\/22\/avancronica-de-marti-11\/"]}]},{"@type":"BreadcrumbList","@id":"https:\/\/ski-outdoor.ro\/outdoor\/2021\/06\/22\/avancronica-de-marti-11\/#breadcrumb","itemListElement":[{"@type":"ListItem","position":1,"name":"Home","item":"https:\/\/ski-outdoor.ro\/outdoor\/"},{"@type":"ListItem","position":2,"name":"Avancronica de Mar\u021bi"}]},{"@type":"Article","@id":"https:\/\/ski-outdoor.ro\/outdoor\/2021\/06\/22\/avancronica-de-marti-11\/#article","isPartOf":{"@id":"https:\/\/ski-outdoor.ro\/outdoor\/2021\/06\/22\/avancronica-de-marti-11\/#webpage"},"author":{"@id":"https:\/\/ski-outdoor.ro\/outdoor\/#\/schema\/person\/29661f8d079aa10872d8edcf2a2a520b"},"headline":"Avancronica de Mar\u021bi","datePublished":"2021-06-22T11:31:16+00:00","dateModified":"2021-06-22T14:35:47+00:00","mainEntityOfPage":{"@id":"https:\/\/ski-outdoor.ro\/outdoor\/2021\/06\/22\/avancronica-de-marti-11\/#webpage"},"wordCount":730,"commentCount":0,"publisher":{"@id":"https:\/\/ski-outdoor.ro\/outdoor\/#organization"},"image":{"@id":"https:\/\/ski-outdoor.ro\/outdoor\/2021\/06\/22\/avancronica-de-marti-11\/#primaryimage"},"thumbnailUrl":"https:\/\/ski-outdoor.ro\/outdoor\/wp-content\/uploads\/sites\/4\/2021\/06\/vidraru-bike-challenge.jpg","keywords":["Alergaras","alergare","avancornica","cronica","eveniment","Fagaras","La Sportiva","Laverdo Ultra Trail","luni","maraton","marti","mountain bike","Rosia Montana Marathon","saptamana","semimaraton","trasee","traseu","Vasile Cipcigan","Vidraru Bike Challenge"],"articleSection":["Actualit\u0103\u021bi","Competi\u021bie","Events"],"inLanguage":"ro-RO","potentialAction":[{"@type":"CommentAction","name":"Comment","target":["https:\/\/ski-outdoor.ro\/outdoor\/2021\/06\/22\/avancronica-de-marti-11\/#respond"]}]},{"@type":"Person","@id":"https:\/\/ski-outdoor.ro\/outdoor\/#\/schema\/person\/29661f8d079aa10872d8edcf2a2a520b","name":"Bianca \u0218omlea","image":{"@type":"ImageObject","@id":"https:\/\/ski-outdoor.ro\/outdoor\/#personlogo","inLanguage":"ro-RO","url":"https:\/\/secure.gravatar.com\/avatar\/b39a83203da3fc8888ded6e8052246ad?s=96&d=mm&r=g","contentUrl":"https:\/\/secure.gravatar.com\/avatar\/b39a83203da3fc8888ded6e8052246ad?s=96&d=mm&r=g","caption":"Bianca \u0218omlea"},"url":"https:\/\/ski-outdoor.ro\/outdoor\/author\/editorfb206\/"}]}},"_links":{"self":[{"href":"https:\/\/ski-outdoor.ro\/outdoor\/wp-json\/wp\/v2\/posts\/6540"}],"collection":[{"href":"https:\/\/ski-outdoor.ro\/outdoor\/wp-json\/wp\/v2\/posts"}],"about":[{"href":"https:\/\/ski-outdoor.ro\/outdoor\/wp-json\/wp\/v2\/types\/post"}],"author":[{"embeddable":true,"href":"https:\/\/ski-outdoor.ro\/outdoor\/wp-json\/wp\/v2\/users\/16"}],"replies":[{"embeddable":true,"href":"https:\/\/ski-outdoor.ro\/outdoor\/wp-json\/wp\/v2\/comments?post=6540"}],"version-history":[{"count":2,"href":"https:\/\/ski-outdoor.ro\/outdoor\/wp-json\/wp\/v2\/posts\/6540\/revisions"}],"predecessor-version":[{"id":6547,"href":"https:\/\/ski-outdoor.ro\/outdoor\/wp-json\/wp\/v2\/posts\/6540\/revisions\/6547"}],"wp:featuredmedia":[{"embeddable":true,"href":"https:\/\/ski-outdoor.ro\/outdoor\/wp-json\/wp\/v2\/media\/6541"}],"wp:attachment":[{"href":"https:\/\/ski-outdoor.ro\/outdoor\/wp-json\/wp\/v2\/media?parent=6540"}],"wp:term":[{"taxonomy":"category","embeddable":true,"href":"https:\/\/ski-outdoor.ro\/outdoor\/wp-json\/wp\/v2\/categories?post=6540"},{"taxonomy":"post_tag","embeddable":true,"href":"https:\/\/ski-outdoor.ro\/outdoor\/wp-json\/wp\/v2\/tags?post=6540"}],"curies":[{"name":"wp","href":"https:\/\/api.w.org\/{rel}","templated":true}]}}