{"id":6557,"date":"2021-06-24T10:32:59","date_gmt":"2021-06-24T10:32:59","guid":{"rendered":"https:\/\/ski-outdoor.ro\/outdoor\/?p=6557"},"modified":"2021-06-24T10:33:01","modified_gmt":"2021-06-24T10:33:01","slug":"red-bull-x-alps-ziua-4","status":"publish","type":"post","link":"https:\/\/ski-outdoor.ro\/outdoor\/2021\/06\/24\/red-bull-x-alps-ziua-4\/","title":{"rendered":"Red Bull X-Alps &#8211; ZIUA 4"},"content":{"rendered":"\n<p><strong>A patra zi a fost una \u00a0de mult\u0103 \u201cmunc\u0103\u201d pentru to\u021bi concuren\u021bi. Zonele abrupte \u0219i tehnice ale Alpilor le-au dat b\u0103t\u0103i de cap, c\u00e2nd erau la alergat,\u00a0 \u0219i vremea nu i-a l\u0103sat s\u0103 zboare mult.<\/strong><\/p>\n\n\n\n<p>Tomi a reu\u0219it s\u0103 acumuleze 164 de kilometri din care 42 \u00een alergare \u0219i 120 \u00een zbor. Imagina\u021bi-v\u0103 s\u0103 face\u021bi un maraton \u00eentr-o zona at\u00e2t de s\u0103lbatic\u0103 \u0219i tehnic\u0103, asta dup\u0103 ce cu o zi \u00eenainte ai alergat peste 70 de kilometri. S-a men\u021binut pe pozi\u021bia a 12 -a. Cei de la Red Bull X-Alps au pus un clasament cu cei mai rapizi pe hike. Bine\u00een\u021beles Tomi conduce acest clasament. Evolu\u021bia lui la sol este recunoscut\u0103 de toat\u0103 lumea.<\/p>\n\n\n\n<figure class=\"wp-block-gallery columns-2 is-cropped\"><ul class=\"blocks-gallery-grid\"><li class=\"blocks-gallery-item\"><figure><img loading=\"lazy\" width=\"768\" height=\"960\" src=\"https:\/\/ski-outdoor.ro\/outdoor\/wp-content\/uploads\/sites\/4\/2021\/06\/red-bull-4.jpg\" alt=\"\" data-id=\"6559\" data-full-url=\"https:\/\/ski-outdoor.ro\/outdoor\/wp-content\/uploads\/sites\/4\/2021\/06\/red-bull-4.jpg\" data-link=\"https:\/\/ski-outdoor.ro\/outdoor\/?attachment_id=6559\" class=\"wp-image-6559\" srcset=\"https:\/\/ski-outdoor.ro\/outdoor\/wp-content\/uploads\/sites\/4\/2021\/06\/red-bull-4.jpg 768w, https:\/\/ski-outdoor.ro\/outdoor\/wp-content\/uploads\/sites\/4\/2021\/06\/red-bull-4-240x300.jpg 240w, https:\/\/ski-outdoor.ro\/outdoor\/wp-content\/uploads\/sites\/4\/2021\/06\/red-bull-4-370x463.jpg 370w, https:\/\/ski-outdoor.ro\/outdoor\/wp-content\/uploads\/sites\/4\/2021\/06\/red-bull-4-570x713.jpg 570w, https:\/\/ski-outdoor.ro\/outdoor\/wp-content\/uploads\/sites\/4\/2021\/06\/red-bull-4-464x580.jpg 464w\" sizes=\"(max-width: 768px) 100vw, 768px\" \/><\/figure><\/li><li class=\"blocks-gallery-item\"><figure><img loading=\"lazy\" width=\"768\" height=\"960\" src=\"https:\/\/ski-outdoor.ro\/outdoor\/wp-content\/uploads\/sites\/4\/2021\/06\/red-bull-4_2.jpg\" alt=\"\" data-id=\"6560\" data-full-url=\"https:\/\/ski-outdoor.ro\/outdoor\/wp-content\/uploads\/sites\/4\/2021\/06\/red-bull-4_2.jpg\" data-link=\"https:\/\/ski-outdoor.ro\/outdoor\/?attachment_id=6560\" class=\"wp-image-6560\" srcset=\"https:\/\/ski-outdoor.ro\/outdoor\/wp-content\/uploads\/sites\/4\/2021\/06\/red-bull-4_2.jpg 768w, https:\/\/ski-outdoor.ro\/outdoor\/wp-content\/uploads\/sites\/4\/2021\/06\/red-bull-4_2-240x300.jpg 240w, https:\/\/ski-outdoor.ro\/outdoor\/wp-content\/uploads\/sites\/4\/2021\/06\/red-bull-4_2-370x463.jpg 370w, https:\/\/ski-outdoor.ro\/outdoor\/wp-content\/uploads\/sites\/4\/2021\/06\/red-bull-4_2-570x713.jpg 570w, https:\/\/ski-outdoor.ro\/outdoor\/wp-content\/uploads\/sites\/4\/2021\/06\/red-bull-4_2-464x580.jpg 464w\" sizes=\"(max-width: 768px) 100vw, 768px\" \/><\/figure><\/li><\/ul><\/figure>\n\n\n\n<p>\u00cen fruntea clasamentului\u00a0Chrigel Maurer a \u00eenceput ziua cu o ascensiune pe Grachelspitze la 2700 de metri. El a fost secondat de Patrick von K\u00e4nel. Planul era s\u0103 se foloseasc\u0103 de termicele de diminea\u021b\u0103 \u0219i s\u0103 ia un avans considerabil.<\/p>\n\n\n\n<p>Dar la X-Alps vremea decide totul. Condi\u021biile nu au fost cele mai bune pentru zbor iar cei doi elve\u021bieni s-au v\u0103zut obliga\u021bi s\u0103 aterizeze \u00eenainte de punctul de control (Turn Point) 6.<\/p>\n\n\n\n<div class=\"wp-block-image\"><figure class=\"alignleft size-large is-resized\"><img loading=\"lazy\" src=\"https:\/\/ski-outdoor.ro\/outdoor\/wp-content\/uploads\/sites\/4\/2021\/06\/patrick-von-kanel.jpg\" alt=\"\" class=\"wp-image-6561\" width=\"389\" height=\"486\" srcset=\"https:\/\/ski-outdoor.ro\/outdoor\/wp-content\/uploads\/sites\/4\/2021\/06\/patrick-von-kanel.jpg 768w, https:\/\/ski-outdoor.ro\/outdoor\/wp-content\/uploads\/sites\/4\/2021\/06\/patrick-von-kanel-240x300.jpg 240w, https:\/\/ski-outdoor.ro\/outdoor\/wp-content\/uploads\/sites\/4\/2021\/06\/patrick-von-kanel-370x463.jpg 370w, https:\/\/ski-outdoor.ro\/outdoor\/wp-content\/uploads\/sites\/4\/2021\/06\/patrick-von-kanel-570x713.jpg 570w, https:\/\/ski-outdoor.ro\/outdoor\/wp-content\/uploads\/sites\/4\/2021\/06\/patrick-von-kanel-464x580.jpg 464w\" sizes=\"(max-width: 389px) 100vw, 389px\" \/><figcaption><a href=\"https:\/\/www.facebook.com\/patrickvonkaenel\/?__tn__=kK*F\" target=\"_blank\" rel=\"noreferrer noopener\">Patrick von K\u00e4nel<\/a><\/figcaption><\/figure><\/div>\n\n\n\n<p>\u00cen spatele lor competitorii au f\u0103cut tot posibilul s\u0103 se \u021bin\u0103 aproape. Francezul Maxime Pinot \u0219i italianul Aaron Durogati au reu\u0219it s\u0103 \u00eei ajung\u0103 pe Maurer \u0219i Patrik \u0219i to\u021bi patru au plecat de la punctul de control 6 spre urm\u0103toarea zona de decolare.<\/p>\n\n\n\n<p>Maurer reu\u0219e\u0219te s\u0103 decoleze de la 1790 de metri \u0219i utiliz\u00e2nd tehnicile de zbor care l-au f\u0103cut celebru reu\u0219e\u0219te s\u0103 se distan\u021beze de urm\u0103ritori.<\/p>\n\n\n\n<p>Dup\u0103-mas\u0103, vremea s-a \u00eenr\u0103ut\u0103\u021bit, oblig\u00e2nd pilo\u021bii s\u0103 aterizeze, iar cursa s-a transformat \u00eentr-o competi\u021bie la sol. Ploaia, terenul accidentat nu i-au oprit pe atle\u021bi din evolu\u021bie. Spre sear\u0103, condi\u021biile de zbor s-au \u00eembun\u0103t\u0103\u021bit iar unii pilo\u021bi au \u00eencercat s\u0103 mai c\u00e2\u0219tige c\u00e2teva locuri.<\/p>\n\n\n\n<p>La sf\u00e2r\u0219itul zilei \u00eel g\u0103sim pe Chrigel Maurer pe primul loc urmat de Patrik von Kanel la aproximativ 8 kilometri \u0219i de italianul Aaron Durogati foarte aproape de Kanel.<\/p>\n\n\n\n<p>Cursa este foarte str\u00e2ns\u0103. Acolo, \u00een v\u00e2rful clasamentului, \u00eenc\u0103 nimic nu este sigur. Se a\u0219teapt\u0103 mi\u0219c\u0103ri decisive. Vom vedea. Noi ne bucur\u0103m de faptul c\u0103 Tomi este bine, conexiunea cu echipa este a\u0219a cum are nevoie un concurent care se lupta pentru primele locuri \u0219i \u00eel v\u0103d \u00een urm\u0103toarele zile avans\u00e2nd constant spre top 5.<\/p>\n\n\n\n<p><em>Scris de: Vasile Cipcigan<\/em><\/p>\n","protected":false},"excerpt":{"rendered":"<p>A patra zi a fost una \u00a0de mult\u0103 \u201cmunc\u0103\u201d pentru to\u021bi concuren\u021bi. Zonele abrupte \u0219i tehnice ale Alpilor le-au dat&#8230;<\/p>\n","protected":false},"author":16,"featured_media":6558,"comment_status":"open","ping_status":"open","sticky":false,"template":"","format":"standard","meta":[],"categories":[1817,39],"tags":[127,2957,2483,174,2959,2378,858,1950,1945,211,2958],"yoast_head":"<!-- This site is optimized with the Yoast SEO plugin v18.4.1 - https:\/\/yoast.com\/wordpress\/plugins\/seo\/ -->\n<title>Red Bull X-Alps - ZIUA 4 - Outdoor Magazine<\/title>\n<meta name=\"description\" content=\"A patra zi a fost una de mult\u0103 \u201cmunc\u0103\u201d pentru to\u021bi concuren\u021bi. Zonele abrupte \u0219i tehnice ale Alpilor le-au dat b\u0103t\u0103i de cap, c\u00e2nd erau la alergat, \u0219i vremea nu i-a l\u0103sat s\u0103 zboare mult. Outdoor Magazine\" \/>\n<meta name=\"robots\" content=\"index, follow, max-snippet:-1, max-image-preview:large, max-video-preview:-1\" \/>\n<link rel=\"canonical\" href=\"https:\/\/ski-outdoor.ro\/outdoor\/2021\/06\/24\/red-bull-x-alps-ziua-4\/\" \/>\n<meta property=\"og:locale\" content=\"ro_RO\" \/>\n<meta property=\"og:type\" content=\"article\" \/>\n<meta property=\"og:title\" content=\"Red Bull X-Alps - ZIUA 4 - Outdoor Magazine\" \/>\n<meta property=\"og:description\" content=\"A patra zi a fost una de mult\u0103 \u201cmunc\u0103\u201d pentru to\u021bi concuren\u021bi. Zonele abrupte \u0219i tehnice ale Alpilor le-au dat b\u0103t\u0103i de cap, c\u00e2nd erau la alergat, \u0219i vremea nu i-a l\u0103sat s\u0103 zboare mult. Outdoor Magazine\" \/>\n<meta property=\"og:url\" content=\"https:\/\/ski-outdoor.ro\/outdoor\/2021\/06\/24\/red-bull-x-alps-ziua-4\/\" \/>\n<meta property=\"og:site_name\" content=\"Outdoor Magazine\" \/>\n<meta property=\"article:publisher\" content=\"https:\/\/www.facebook.com\/skiandoutdoormagazine\" \/>\n<meta property=\"article:published_time\" content=\"2021-06-24T10:32:59+00:00\" \/>\n<meta property=\"article:modified_time\" content=\"2021-06-24T10:33:01+00:00\" \/>\n<meta property=\"og:image\" content=\"https:\/\/ski-outdoor.ro\/outdoor\/wp-content\/uploads\/sites\/4\/2021\/06\/toma.jpg\" \/>\n\t<meta property=\"og:image:width\" content=\"1732\" \/>\n\t<meta property=\"og:image:height\" content=\"1154\" \/>\n\t<meta property=\"og:image:type\" content=\"image\/jpeg\" \/>\n<meta name=\"twitter:card\" content=\"summary_large_image\" \/>\n<meta name=\"twitter:label1\" content=\"Scris de\" \/>\n\t<meta name=\"twitter:data1\" content=\"Bianca \u0218omlea\" \/>\n\t<meta name=\"twitter:label2\" content=\"Timp estimat pentru citire\" \/>\n\t<meta name=\"twitter:data2\" content=\"3 minute\" \/>\n<script type=\"application\/ld+json\" class=\"yoast-schema-graph\">{\"@context\":\"https:\/\/schema.org\",\"@graph\":[{\"@type\":\"Organization\",\"@id\":\"https:\/\/ski-outdoor.ro\/outdoor\/#organization\",\"name\":\"Ski & Outdoor Magazine\",\"url\":\"https:\/\/ski-outdoor.ro\/outdoor\/\",\"sameAs\":[\"https:\/\/www.facebook.com\/skiandoutdoormagazine\"],\"logo\":{\"@type\":\"ImageObject\",\"@id\":\"https:\/\/ski-outdoor.ro\/outdoor\/#logo\",\"inLanguage\":\"ro-RO\",\"url\":\"https:\/\/ski-outdoor.ro\/outdoor\/wp-content\/uploads\/sites\/4\/2019\/05\/logo-e1557923623153.png\",\"contentUrl\":\"https:\/\/ski-outdoor.ro\/outdoor\/wp-content\/uploads\/sites\/4\/2019\/05\/logo-e1557923623153.png\",\"width\":600,\"height\":165,\"caption\":\"Ski & Outdoor Magazine\"},\"image\":{\"@id\":\"https:\/\/ski-outdoor.ro\/outdoor\/#logo\"}},{\"@type\":\"WebSite\",\"@id\":\"https:\/\/ski-outdoor.ro\/outdoor\/#website\",\"url\":\"https:\/\/ski-outdoor.ro\/outdoor\/\",\"name\":\"Outdoor Magazine\",\"description\":\"\",\"publisher\":{\"@id\":\"https:\/\/ski-outdoor.ro\/outdoor\/#organization\"},\"potentialAction\":[{\"@type\":\"SearchAction\",\"target\":{\"@type\":\"EntryPoint\",\"urlTemplate\":\"https:\/\/ski-outdoor.ro\/outdoor\/?s={search_term_string}\"},\"query-input\":\"required name=search_term_string\"}],\"inLanguage\":\"ro-RO\"},{\"@type\":\"ImageObject\",\"@id\":\"https:\/\/ski-outdoor.ro\/outdoor\/2021\/06\/24\/red-bull-x-alps-ziua-4\/#primaryimage\",\"inLanguage\":\"ro-RO\",\"url\":\"https:\/\/ski-outdoor.ro\/outdoor\/wp-content\/uploads\/sites\/4\/2021\/06\/toma.jpg\",\"contentUrl\":\"https:\/\/ski-outdoor.ro\/outdoor\/wp-content\/uploads\/sites\/4\/2021\/06\/toma.jpg\",\"width\":1732,\"height\":1154},{\"@type\":\"WebPage\",\"@id\":\"https:\/\/ski-outdoor.ro\/outdoor\/2021\/06\/24\/red-bull-x-alps-ziua-4\/#webpage\",\"url\":\"https:\/\/ski-outdoor.ro\/outdoor\/2021\/06\/24\/red-bull-x-alps-ziua-4\/\",\"name\":\"Red Bull X-Alps - ZIUA 4 - Outdoor Magazine\",\"isPartOf\":{\"@id\":\"https:\/\/ski-outdoor.ro\/outdoor\/#website\"},\"primaryImageOfPage\":{\"@id\":\"https:\/\/ski-outdoor.ro\/outdoor\/2021\/06\/24\/red-bull-x-alps-ziua-4\/#primaryimage\"},\"datePublished\":\"2021-06-24T10:32:59+00:00\",\"dateModified\":\"2021-06-24T10:33:01+00:00\",\"description\":\"A patra zi a fost una de mult\u0103 \u201cmunc\u0103\u201d pentru to\u021bi concuren\u021bi. Zonele abrupte \u0219i tehnice ale Alpilor le-au dat b\u0103t\u0103i de cap, c\u00e2nd erau la alergat, \u0219i vremea nu i-a l\u0103sat s\u0103 zboare mult. Outdoor Magazine\",\"breadcrumb\":{\"@id\":\"https:\/\/ski-outdoor.ro\/outdoor\/2021\/06\/24\/red-bull-x-alps-ziua-4\/#breadcrumb\"},\"inLanguage\":\"ro-RO\",\"potentialAction\":[{\"@type\":\"ReadAction\",\"target\":[\"https:\/\/ski-outdoor.ro\/outdoor\/2021\/06\/24\/red-bull-x-alps-ziua-4\/\"]}]},{\"@type\":\"BreadcrumbList\",\"@id\":\"https:\/\/ski-outdoor.ro\/outdoor\/2021\/06\/24\/red-bull-x-alps-ziua-4\/#breadcrumb\",\"itemListElement\":[{\"@type\":\"ListItem\",\"position\":1,\"name\":\"Home\",\"item\":\"https:\/\/ski-outdoor.ro\/outdoor\/\"},{\"@type\":\"ListItem\",\"position\":2,\"name\":\"Red Bull X-Alps &#8211; ZIUA 4\"}]},{\"@type\":\"Article\",\"@id\":\"https:\/\/ski-outdoor.ro\/outdoor\/2021\/06\/24\/red-bull-x-alps-ziua-4\/#article\",\"isPartOf\":{\"@id\":\"https:\/\/ski-outdoor.ro\/outdoor\/2021\/06\/24\/red-bull-x-alps-ziua-4\/#webpage\"},\"author\":{\"@id\":\"https:\/\/ski-outdoor.ro\/outdoor\/#\/schema\/person\/29661f8d079aa10872d8edcf2a2a520b\"},\"headline\":\"Red Bull X-Alps &#8211; ZIUA 4\",\"datePublished\":\"2021-06-24T10:32:59+00:00\",\"dateModified\":\"2021-06-24T10:33:01+00:00\",\"mainEntityOfPage\":{\"@id\":\"https:\/\/ski-outdoor.ro\/outdoor\/2021\/06\/24\/red-bull-x-alps-ziua-4\/#webpage\"},\"wordCount\":443,\"commentCount\":0,\"publisher\":{\"@id\":\"https:\/\/ski-outdoor.ro\/outdoor\/#organization\"},\"image\":{\"@id\":\"https:\/\/ski-outdoor.ro\/outdoor\/2021\/06\/24\/red-bull-x-alps-ziua-4\/#primaryimage\"},\"thumbnailUrl\":\"https:\/\/ski-outdoor.ro\/outdoor\/wp-content\/uploads\/sites\/4\/2021\/06\/toma.jpg\",\"keywords\":[\"Alpi\",\"Chrigel Maurer\",\"clasament\",\"competitie\",\"Patricl von Kanel\",\"patru\",\"red bull\",\"Red Bull X-Alps\",\"toma coconea\",\"Vasile Cipcigan\",\"ziua 4\"],\"articleSection\":[\"Actualit\u0103\u021bi\",\"Competi\u021bie\"],\"inLanguage\":\"ro-RO\",\"potentialAction\":[{\"@type\":\"CommentAction\",\"name\":\"Comment\",\"target\":[\"https:\/\/ski-outdoor.ro\/outdoor\/2021\/06\/24\/red-bull-x-alps-ziua-4\/#respond\"]}]},{\"@type\":\"Person\",\"@id\":\"https:\/\/ski-outdoor.ro\/outdoor\/#\/schema\/person\/29661f8d079aa10872d8edcf2a2a520b\",\"name\":\"Bianca \u0218omlea\",\"image\":{\"@type\":\"ImageObject\",\"@id\":\"https:\/\/ski-outdoor.ro\/outdoor\/#personlogo\",\"inLanguage\":\"ro-RO\",\"url\":\"https:\/\/secure.gravatar.com\/avatar\/b39a83203da3fc8888ded6e8052246ad?s=96&d=mm&r=g\",\"contentUrl\":\"https:\/\/secure.gravatar.com\/avatar\/b39a83203da3fc8888ded6e8052246ad?s=96&d=mm&r=g\",\"caption\":\"Bianca \u0218omlea\"},\"url\":\"https:\/\/ski-outdoor.ro\/outdoor\/author\/editorfb206\/\"}]}<\/script>\n<!-- \/ Yoast SEO plugin. -->","yoast_head_json":{"title":"Red Bull X-Alps - ZIUA 4 - Outdoor Magazine","description":"A patra zi a fost una de mult\u0103 \u201cmunc\u0103\u201d pentru to\u021bi concuren\u021bi. Zonele abrupte \u0219i tehnice ale Alpilor le-au dat b\u0103t\u0103i de cap, c\u00e2nd erau la alergat, \u0219i vremea nu i-a l\u0103sat s\u0103 zboare mult. Outdoor Magazine","robots":{"index":"index","follow":"follow","max-snippet":"max-snippet:-1","max-image-preview":"max-image-preview:large","max-video-preview":"max-video-preview:-1"},"canonical":"https:\/\/ski-outdoor.ro\/outdoor\/2021\/06\/24\/red-bull-x-alps-ziua-4\/","og_locale":"ro_RO","og_type":"article","og_title":"Red Bull X-Alps - ZIUA 4 - Outdoor Magazine","og_description":"A patra zi a fost una de mult\u0103 \u201cmunc\u0103\u201d pentru to\u021bi concuren\u021bi. Zonele abrupte \u0219i tehnice ale Alpilor le-au dat b\u0103t\u0103i de cap, c\u00e2nd erau la alergat, \u0219i vremea nu i-a l\u0103sat s\u0103 zboare mult. Outdoor Magazine","og_url":"https:\/\/ski-outdoor.ro\/outdoor\/2021\/06\/24\/red-bull-x-alps-ziua-4\/","og_site_name":"Outdoor Magazine","article_publisher":"https:\/\/www.facebook.com\/skiandoutdoormagazine","article_published_time":"2021-06-24T10:32:59+00:00","article_modified_time":"2021-06-24T10:33:01+00:00","og_image":[{"width":1732,"height":1154,"url":"https:\/\/ski-outdoor.ro\/outdoor\/wp-content\/uploads\/sites\/4\/2021\/06\/toma.jpg","type":"image\/jpeg"}],"twitter_card":"summary_large_image","twitter_misc":{"Scris de":"Bianca \u0218omlea","Timp estimat pentru citire":"3 minute"},"schema":{"@context":"https:\/\/schema.org","@graph":[{"@type":"Organization","@id":"https:\/\/ski-outdoor.ro\/outdoor\/#organization","name":"Ski & Outdoor Magazine","url":"https:\/\/ski-outdoor.ro\/outdoor\/","sameAs":["https:\/\/www.facebook.com\/skiandoutdoormagazine"],"logo":{"@type":"ImageObject","@id":"https:\/\/ski-outdoor.ro\/outdoor\/#logo","inLanguage":"ro-RO","url":"https:\/\/ski-outdoor.ro\/outdoor\/wp-content\/uploads\/sites\/4\/2019\/05\/logo-e1557923623153.png","contentUrl":"https:\/\/ski-outdoor.ro\/outdoor\/wp-content\/uploads\/sites\/4\/2019\/05\/logo-e1557923623153.png","width":600,"height":165,"caption":"Ski & Outdoor Magazine"},"image":{"@id":"https:\/\/ski-outdoor.ro\/outdoor\/#logo"}},{"@type":"WebSite","@id":"https:\/\/ski-outdoor.ro\/outdoor\/#website","url":"https:\/\/ski-outdoor.ro\/outdoor\/","name":"Outdoor Magazine","description":"","publisher":{"@id":"https:\/\/ski-outdoor.ro\/outdoor\/#organization"},"potentialAction":[{"@type":"SearchAction","target":{"@type":"EntryPoint","urlTemplate":"https:\/\/ski-outdoor.ro\/outdoor\/?s={search_term_string}"},"query-input":"required name=search_term_string"}],"inLanguage":"ro-RO"},{"@type":"ImageObject","@id":"https:\/\/ski-outdoor.ro\/outdoor\/2021\/06\/24\/red-bull-x-alps-ziua-4\/#primaryimage","inLanguage":"ro-RO","url":"https:\/\/ski-outdoor.ro\/outdoor\/wp-content\/uploads\/sites\/4\/2021\/06\/toma.jpg","contentUrl":"https:\/\/ski-outdoor.ro\/outdoor\/wp-content\/uploads\/sites\/4\/2021\/06\/toma.jpg","width":1732,"height":1154},{"@type":"WebPage","@id":"https:\/\/ski-outdoor.ro\/outdoor\/2021\/06\/24\/red-bull-x-alps-ziua-4\/#webpage","url":"https:\/\/ski-outdoor.ro\/outdoor\/2021\/06\/24\/red-bull-x-alps-ziua-4\/","name":"Red Bull X-Alps - ZIUA 4 - Outdoor Magazine","isPartOf":{"@id":"https:\/\/ski-outdoor.ro\/outdoor\/#website"},"primaryImageOfPage":{"@id":"https:\/\/ski-outdoor.ro\/outdoor\/2021\/06\/24\/red-bull-x-alps-ziua-4\/#primaryimage"},"datePublished":"2021-06-24T10:32:59+00:00","dateModified":"2021-06-24T10:33:01+00:00","description":"A patra zi a fost una de mult\u0103 \u201cmunc\u0103\u201d pentru to\u021bi concuren\u021bi. Zonele abrupte \u0219i tehnice ale Alpilor le-au dat b\u0103t\u0103i de cap, c\u00e2nd erau la alergat, \u0219i vremea nu i-a l\u0103sat s\u0103 zboare mult. Outdoor Magazine","breadcrumb":{"@id":"https:\/\/ski-outdoor.ro\/outdoor\/2021\/06\/24\/red-bull-x-alps-ziua-4\/#breadcrumb"},"inLanguage":"ro-RO","potentialAction":[{"@type":"ReadAction","target":["https:\/\/ski-outdoor.ro\/outdoor\/2021\/06\/24\/red-bull-x-alps-ziua-4\/"]}]},{"@type":"BreadcrumbList","@id":"https:\/\/ski-outdoor.ro\/outdoor\/2021\/06\/24\/red-bull-x-alps-ziua-4\/#breadcrumb","itemListElement":[{"@type":"ListItem","position":1,"name":"Home","item":"https:\/\/ski-outdoor.ro\/outdoor\/"},{"@type":"ListItem","position":2,"name":"Red Bull X-Alps &#8211; ZIUA 4"}]},{"@type":"Article","@id":"https:\/\/ski-outdoor.ro\/outdoor\/2021\/06\/24\/red-bull-x-alps-ziua-4\/#article","isPartOf":{"@id":"https:\/\/ski-outdoor.ro\/outdoor\/2021\/06\/24\/red-bull-x-alps-ziua-4\/#webpage"},"author":{"@id":"https:\/\/ski-outdoor.ro\/outdoor\/#\/schema\/person\/29661f8d079aa10872d8edcf2a2a520b"},"headline":"Red Bull X-Alps &#8211; ZIUA 4","datePublished":"2021-06-24T10:32:59+00:00","dateModified":"2021-06-24T10:33:01+00:00","mainEntityOfPage":{"@id":"https:\/\/ski-outdoor.ro\/outdoor\/2021\/06\/24\/red-bull-x-alps-ziua-4\/#webpage"},"wordCount":443,"commentCount":0,"publisher":{"@id":"https:\/\/ski-outdoor.ro\/outdoor\/#organization"},"image":{"@id":"https:\/\/ski-outdoor.ro\/outdoor\/2021\/06\/24\/red-bull-x-alps-ziua-4\/#primaryimage"},"thumbnailUrl":"https:\/\/ski-outdoor.ro\/outdoor\/wp-content\/uploads\/sites\/4\/2021\/06\/toma.jpg","keywords":["Alpi","Chrigel Maurer","clasament","competitie","Patricl von Kanel","patru","red bull","Red Bull X-Alps","toma coconea","Vasile Cipcigan","ziua 4"],"articleSection":["Actualit\u0103\u021bi","Competi\u021bie"],"inLanguage":"ro-RO","potentialAction":[{"@type":"CommentAction","name":"Comment","target":["https:\/\/ski-outdoor.ro\/outdoor\/2021\/06\/24\/red-bull-x-alps-ziua-4\/#respond"]}]},{"@type":"Person","@id":"https:\/\/ski-outdoor.ro\/outdoor\/#\/schema\/person\/29661f8d079aa10872d8edcf2a2a520b","name":"Bianca \u0218omlea","image":{"@type":"ImageObject","@id":"https:\/\/ski-outdoor.ro\/outdoor\/#personlogo","inLanguage":"ro-RO","url":"https:\/\/secure.gravatar.com\/avatar\/b39a83203da3fc8888ded6e8052246ad?s=96&d=mm&r=g","contentUrl":"https:\/\/secure.gravatar.com\/avatar\/b39a83203da3fc8888ded6e8052246ad?s=96&d=mm&r=g","caption":"Bianca \u0218omlea"},"url":"https:\/\/ski-outdoor.ro\/outdoor\/author\/editorfb206\/"}]}},"_links":{"self":[{"href":"https:\/\/ski-outdoor.ro\/outdoor\/wp-json\/wp\/v2\/posts\/6557"}],"collection":[{"href":"https:\/\/ski-outdoor.ro\/outdoor\/wp-json\/wp\/v2\/posts"}],"about":[{"href":"https:\/\/ski-outdoor.ro\/outdoor\/wp-json\/wp\/v2\/types\/post"}],"author":[{"embeddable":true,"href":"https:\/\/ski-outdoor.ro\/outdoor\/wp-json\/wp\/v2\/users\/16"}],"replies":[{"embeddable":true,"href":"https:\/\/ski-outdoor.ro\/outdoor\/wp-json\/wp\/v2\/comments?post=6557"}],"version-history":[{"count":1,"href":"https:\/\/ski-outdoor.ro\/outdoor\/wp-json\/wp\/v2\/posts\/6557\/revisions"}],"predecessor-version":[{"id":6562,"href":"https:\/\/ski-outdoor.ro\/outdoor\/wp-json\/wp\/v2\/posts\/6557\/revisions\/6562"}],"wp:featuredmedia":[{"embeddable":true,"href":"https:\/\/ski-outdoor.ro\/outdoor\/wp-json\/wp\/v2\/media\/6558"}],"wp:attachment":[{"href":"https:\/\/ski-outdoor.ro\/outdoor\/wp-json\/wp\/v2\/media?parent=6557"}],"wp:term":[{"taxonomy":"category","embeddable":true,"href":"https:\/\/ski-outdoor.ro\/outdoor\/wp-json\/wp\/v2\/categories?post=6557"},{"taxonomy":"post_tag","embeddable":true,"href":"https:\/\/ski-outdoor.ro\/outdoor\/wp-json\/wp\/v2\/tags?post=6557"}],"curies":[{"name":"wp","href":"https:\/\/api.w.org\/{rel}","templated":true}]}}