{"id":6613,"date":"2021-06-28T09:01:47","date_gmt":"2021-06-28T09:01:47","guid":{"rendered":"https:\/\/ski-outdoor.ro\/outdoor\/?p=6613"},"modified":"2021-06-28T09:02:15","modified_gmt":"2021-06-28T09:02:15","slug":"red-bull-x-alps-ziua-8","status":"publish","type":"post","link":"https:\/\/ski-outdoor.ro\/outdoor\/2021\/06\/28\/red-bull-x-alps-ziua-8\/","title":{"rendered":"Red Bull X-Alps &#8211; Ziua 8"},"content":{"rendered":"\n<p><strong>\u00cenc\u0103 o zi foarte bun\u0103 de zbor la Red Bull X-Alps. De\u0219i diminea\u021b\u0103 vremea nu a fost extraordinar\u0103, \u00eencet \u00eencet s-a schimbat \u0219i soarele a f\u0103cut legea. Toma Coconea s-a \u00eendreptat de diminea\u021b\u0103 spre Mont Blanc. O mic\u0103 problema a ap\u0103rut atunci c\u00e2nd o suspanta s-a ag\u0103\u021bat de creanga unui copac \u0219i a trebuit \u00eenlocuit\u0103. Important este c\u0103 echipa lui Tomi s-a mi\u0219cat bine \u0219i pilotul rom\u00e2n a putut s\u0103 \u00ee\u0219i vad\u0103 de zborul lui spre Chamonix.<\/strong><\/p>\n\n\n\n<p>Ieri cei de la Red Bull X-Alps a provocat pe cei ce urm\u0103resc evenimentul s\u0103 dea un pronostic: ce recorduri atinse la X-Alps vor fi dep\u0103\u0219ite \u00een acest an. Trei dintre recordurile X-Alps au fost stabilite de c\u0103tre Toma Coconea:<\/p>\n\n\n\n<ul><li>Cea mai lung\u0103 distan\u021b\u0103 parcurs\u0103 \u00een alergare \u00eentr-o zi &#8211; 108 km;<\/li><li>Cea mai mare altitudine atins\u0103 \u00een zbor &#8211; 6071 m;<\/li><li>Cea mai lung\u0103 distan\u021b\u0103 total\u0103 parcurs\u0103 \u00een alergare, \u00een curs\u0103 &#8211; 914 km;<\/li><\/ul>\n\n\n\n<figure class=\"wp-block-image size-large\"><img loading=\"lazy\" width=\"1024\" height=\"576\" src=\"https:\/\/ski-outdoor.ro\/outdoor\/wp-content\/uploads\/sites\/4\/2021\/06\/TOMA-COCONEA-8-1024x576.jpg\" alt=\"\" class=\"wp-image-6615\" srcset=\"https:\/\/ski-outdoor.ro\/outdoor\/wp-content\/uploads\/sites\/4\/2021\/06\/TOMA-COCONEA-8-1024x576.jpg 1024w, https:\/\/ski-outdoor.ro\/outdoor\/wp-content\/uploads\/sites\/4\/2021\/06\/TOMA-COCONEA-8-300x169.jpg 300w, https:\/\/ski-outdoor.ro\/outdoor\/wp-content\/uploads\/sites\/4\/2021\/06\/TOMA-COCONEA-8-768x432.jpg 768w, https:\/\/ski-outdoor.ro\/outdoor\/wp-content\/uploads\/sites\/4\/2021\/06\/TOMA-COCONEA-8-1536x864.jpg 1536w, https:\/\/ski-outdoor.ro\/outdoor\/wp-content\/uploads\/sites\/4\/2021\/06\/TOMA-COCONEA-8-330x185.jpg 330w, https:\/\/ski-outdoor.ro\/outdoor\/wp-content\/uploads\/sites\/4\/2021\/06\/TOMA-COCONEA-8-370x208.jpg 370w, https:\/\/ski-outdoor.ro\/outdoor\/wp-content\/uploads\/sites\/4\/2021\/06\/TOMA-COCONEA-8-570x321.jpg 570w, https:\/\/ski-outdoor.ro\/outdoor\/wp-content\/uploads\/sites\/4\/2021\/06\/TOMA-COCONEA-8-770x433.jpg 770w, https:\/\/ski-outdoor.ro\/outdoor\/wp-content\/uploads\/sites\/4\/2021\/06\/TOMA-COCONEA-8-1170x658.jpg 1170w, https:\/\/ski-outdoor.ro\/outdoor\/wp-content\/uploads\/sites\/4\/2021\/06\/TOMA-COCONEA-8-1031x580.jpg 1031w, https:\/\/ski-outdoor.ro\/outdoor\/wp-content\/uploads\/sites\/4\/2021\/06\/TOMA-COCONEA-8.jpg 2000w\" sizes=\"(max-width: 1024px) 100vw, 1024px\" \/><\/figure>\n\n\n\n<p>Trei din patru recorduri prezentate sunt ale lui Tomi \u0219i cu siguran\u021b\u0103 cel pu\u021bin unul va r\u0103m\u00e2ne \u00een picioare. Nu cred c\u0103 va putea cineva, \u00een acest an, s\u0103 alerge peste 914km.<\/p>\n\n\n\n<p>Ziua a opta a adus \u0219i mult a\u0219teptat\u0103 \u201cmi\u0219care\u201d a lui Maurer. C\u0103 un adev\u0103rat campion a reu\u0219it \u00eentr-o zi s\u0103 pun\u0103 \u00eentre el \u0219i urm\u0103ritori peste 160 de kilometri.<\/p>\n\n\n\n<p>Clar, e cursa lui!<\/p>\n\n\n\n<p>Ziua a \u00eenceput a\u0219a cum se sf\u00e2r\u0219ise ziua precedent\u0103: pilotul elve\u021bian flancat de cei doi francezi Maxime Pinot \u0219i Benoit Outters.<\/p>\n\n\n\n<p>Cursa, din punctul meu de vedere, s-a decis atunci c\u00e2nd Maurer \u0219i-a ales ruta \u00eentre punctul de control (Turn Point) 9 \u0219i punctul de control 10 Piz Palu. El a ales o ruta mult mai lung\u0103 mai nordic\u0103 dec\u00e2t ai urm\u0103ritorilor s\u0103i. Ace\u0219tia, Simon Oberrauner, Patrick von K\u00e4nel,&nbsp; Maxime Pinot \u0219i Benoit Outters au ales cea mai \u201clogic\u0103\u201d \u0219i scurt\u0103 ruta prin Italia. Alegerea acesta a fost f\u0103cut\u0103 \u0219i datorit\u0103 faptului c\u0103 se anun\u021bau precipita\u021bii \u0219i furtuni \u00een a dou\u0103 parte a zilei.<\/p>\n\n\n\n<p>Dar, norocul \u021bine cu cei puternici. Maurer a ales cea mai bun\u0103 varianta. Furtunile a\u0219teptate nu au mai sosit a\u0219a c\u0103 elve\u021bianul a putut zbura aproape toat\u0103 ziua \u00een timp ce urm\u0103ritorii s\u0103i au avut zboruri scurte \u0219i multe momente \u00een care se mi\u0219cau la sol \u00een g\u0103sirea unor zone bune de decolare \u0219i \u00een a\u0219teptarea unor termice (cilindri de aer cald care ajut\u0103 pilo\u021bi \u00een ascensiunea lor pe vertical\u0103).<\/p>\n\n\n\n<p>A fost \u0219i un abandon. Americanul Cody Mittanck&nbsp; a anun\u021bat c\u0103 renun\u021b\u0103 la curs\u0103, \u00een jurul pr\u00e2nzului, dup\u0103 o accidentare mai serioas\u0103.<\/p>\n\n\n\n<p>Azi&nbsp; va fi o zi interesant\u0103. Dac\u0103 vremea \u00eei va permite Maurer va \u00eencerca s\u0103 termine cursa \u00een ziua a nou\u0103.<\/p>\n\n\n\n<p><strong><em>Afl\u0103 cum a fost la Red Bull X-Alps, ziua a \u0219aptea, <a href=\"https:\/\/ski-outdoor.ro\/outdoor\/2021\/06\/27\/red-bull-x-alps-ziua-7\/\" target=\"_blank\" rel=\"noreferrer noopener\">aici<\/a>.<\/em><\/strong><\/p>\n\n\n\n<p><em>Scris de: Vasile Cipcigan<\/em><\/p>\n","protected":false},"excerpt":{"rendered":"<p>\u00cenc\u0103 o zi foarte bun\u0103 de zbor la Red Bull X-Alps. De\u0219i diminea\u021b\u0103 vremea nu a fost extraordinar\u0103, \u00eencet \u00eencet&#8230;<\/p>\n","protected":false},"author":16,"featured_media":6614,"comment_status":"open","ping_status":"open","sticky":false,"template":"","format":"standard","meta":[],"categories":[1817,39],"tags":[2990,2989,2955,174,2991,2953,2961,858,1950,1945,211,2988],"yoast_head":"<!-- This site is optimized with the Yoast SEO plugin v18.4.1 - https:\/\/yoast.com\/wordpress\/plugins\/seo\/ -->\n<title>Red Bull X-Alps - Ziua 8 - Outdoor Magazine<\/title>\n<meta name=\"description\" content=\"\u00cenc\u0103 o zi foarte bun\u0103 de zbor la Red Bull X-Alps. De\u0219i diminea\u021b\u0103 vremea nu a fost extraordinar\u0103, \u00eencet \u00eencet s-a schimbat \u0219i soarele a f\u0103cut legea. Toma Coconea s-a \u00eendreptat de diminea\u021b\u0103 spre Mont Blanc. O mic\u0103 problema a ap\u0103rut atunci c\u00e2nd o suspanta s-a ag\u0103\u021bat de creanga unui copac \u0219i a trebuit \u00eenlocuit\u0103. Important este c\u0103 echipa lui Tomi s-a mi\u0219cat bine \u0219i pilotul rom\u00e2n a putut s\u0103 \u00ee\u0219i vad\u0103 de zborul lui spre Chamonix. Outdoor Magazine\" \/>\n<meta name=\"robots\" content=\"index, follow, max-snippet:-1, max-image-preview:large, max-video-preview:-1\" \/>\n<link rel=\"canonical\" href=\"https:\/\/ski-outdoor.ro\/outdoor\/2021\/06\/28\/red-bull-x-alps-ziua-8\/\" \/>\n<meta property=\"og:locale\" content=\"ro_RO\" \/>\n<meta property=\"og:type\" content=\"article\" \/>\n<meta property=\"og:title\" content=\"Red Bull X-Alps - Ziua 8 - Outdoor Magazine\" \/>\n<meta property=\"og:description\" content=\"\u00cenc\u0103 o zi foarte bun\u0103 de zbor la Red Bull X-Alps. De\u0219i diminea\u021b\u0103 vremea nu a fost extraordinar\u0103, \u00eencet \u00eencet s-a schimbat \u0219i soarele a f\u0103cut legea. Toma Coconea s-a \u00eendreptat de diminea\u021b\u0103 spre Mont Blanc. O mic\u0103 problema a ap\u0103rut atunci c\u00e2nd o suspanta s-a ag\u0103\u021bat de creanga unui copac \u0219i a trebuit \u00eenlocuit\u0103. Important este c\u0103 echipa lui Tomi s-a mi\u0219cat bine \u0219i pilotul rom\u00e2n a putut s\u0103 \u00ee\u0219i vad\u0103 de zborul lui spre Chamonix. Outdoor Magazine\" \/>\n<meta property=\"og:url\" content=\"https:\/\/ski-outdoor.ro\/outdoor\/2021\/06\/28\/red-bull-x-alps-ziua-8\/\" \/>\n<meta property=\"og:site_name\" content=\"Outdoor Magazine\" \/>\n<meta property=\"article:publisher\" content=\"https:\/\/www.facebook.com\/skiandoutdoormagazine\" \/>\n<meta property=\"article:published_time\" content=\"2021-06-28T09:01:47+00:00\" \/>\n<meta property=\"article:modified_time\" content=\"2021-06-28T09:02:15+00:00\" \/>\n<meta property=\"og:image\" content=\"https:\/\/ski-outdoor.ro\/outdoor\/wp-content\/uploads\/sites\/4\/2021\/06\/red-bull-9.jpg\" \/>\n\t<meta property=\"og:image:width\" content=\"2048\" \/>\n\t<meta property=\"og:image:height\" content=\"1506\" \/>\n\t<meta property=\"og:image:type\" content=\"image\/jpeg\" \/>\n<meta name=\"twitter:card\" content=\"summary_large_image\" \/>\n<meta name=\"twitter:label1\" content=\"Scris de\" \/>\n\t<meta name=\"twitter:data1\" content=\"Bianca \u0218omlea\" \/>\n\t<meta name=\"twitter:label2\" content=\"Timp estimat pentru citire\" \/>\n\t<meta name=\"twitter:data2\" content=\"3 minute\" \/>\n<script type=\"application\/ld+json\" class=\"yoast-schema-graph\">{\"@context\":\"https:\/\/schema.org\",\"@graph\":[{\"@type\":\"Organization\",\"@id\":\"https:\/\/ski-outdoor.ro\/outdoor\/#organization\",\"name\":\"Ski & Outdoor Magazine\",\"url\":\"https:\/\/ski-outdoor.ro\/outdoor\/\",\"sameAs\":[\"https:\/\/www.facebook.com\/skiandoutdoormagazine\"],\"logo\":{\"@type\":\"ImageObject\",\"@id\":\"https:\/\/ski-outdoor.ro\/outdoor\/#logo\",\"inLanguage\":\"ro-RO\",\"url\":\"https:\/\/ski-outdoor.ro\/outdoor\/wp-content\/uploads\/sites\/4\/2019\/05\/logo-e1557923623153.png\",\"contentUrl\":\"https:\/\/ski-outdoor.ro\/outdoor\/wp-content\/uploads\/sites\/4\/2019\/05\/logo-e1557923623153.png\",\"width\":600,\"height\":165,\"caption\":\"Ski & Outdoor Magazine\"},\"image\":{\"@id\":\"https:\/\/ski-outdoor.ro\/outdoor\/#logo\"}},{\"@type\":\"WebSite\",\"@id\":\"https:\/\/ski-outdoor.ro\/outdoor\/#website\",\"url\":\"https:\/\/ski-outdoor.ro\/outdoor\/\",\"name\":\"Outdoor Magazine\",\"description\":\"\",\"publisher\":{\"@id\":\"https:\/\/ski-outdoor.ro\/outdoor\/#organization\"},\"potentialAction\":[{\"@type\":\"SearchAction\",\"target\":{\"@type\":\"EntryPoint\",\"urlTemplate\":\"https:\/\/ski-outdoor.ro\/outdoor\/?s={search_term_string}\"},\"query-input\":\"required name=search_term_string\"}],\"inLanguage\":\"ro-RO\"},{\"@type\":\"ImageObject\",\"@id\":\"https:\/\/ski-outdoor.ro\/outdoor\/2021\/06\/28\/red-bull-x-alps-ziua-8\/#primaryimage\",\"inLanguage\":\"ro-RO\",\"url\":\"https:\/\/ski-outdoor.ro\/outdoor\/wp-content\/uploads\/sites\/4\/2021\/06\/red-bull-9.jpg\",\"contentUrl\":\"https:\/\/ski-outdoor.ro\/outdoor\/wp-content\/uploads\/sites\/4\/2021\/06\/red-bull-9.jpg\",\"width\":2048,\"height\":1506},{\"@type\":\"WebPage\",\"@id\":\"https:\/\/ski-outdoor.ro\/outdoor\/2021\/06\/28\/red-bull-x-alps-ziua-8\/#webpage\",\"url\":\"https:\/\/ski-outdoor.ro\/outdoor\/2021\/06\/28\/red-bull-x-alps-ziua-8\/\",\"name\":\"Red Bull X-Alps - Ziua 8 - Outdoor Magazine\",\"isPartOf\":{\"@id\":\"https:\/\/ski-outdoor.ro\/outdoor\/#website\"},\"primaryImageOfPage\":{\"@id\":\"https:\/\/ski-outdoor.ro\/outdoor\/2021\/06\/28\/red-bull-x-alps-ziua-8\/#primaryimage\"},\"datePublished\":\"2021-06-28T09:01:47+00:00\",\"dateModified\":\"2021-06-28T09:02:15+00:00\",\"description\":\"\u00cenc\u0103 o zi foarte bun\u0103 de zbor la Red Bull X-Alps. De\u0219i diminea\u021b\u0103 vremea nu a fost extraordinar\u0103, \u00eencet \u00eencet s-a schimbat \u0219i soarele a f\u0103cut legea. Toma Coconea s-a \u00eendreptat de diminea\u021b\u0103 spre Mont Blanc. O mic\u0103 problema a ap\u0103rut atunci c\u00e2nd o suspanta s-a ag\u0103\u021bat de creanga unui copac \u0219i a trebuit \u00eenlocuit\u0103. Important este c\u0103 echipa lui Tomi s-a mi\u0219cat bine \u0219i pilotul rom\u00e2n a putut s\u0103 \u00ee\u0219i vad\u0103 de zborul lui spre Chamonix. Outdoor Magazine\",\"breadcrumb\":{\"@id\":\"https:\/\/ski-outdoor.ro\/outdoor\/2021\/06\/28\/red-bull-x-alps-ziua-8\/#breadcrumb\"},\"inLanguage\":\"ro-RO\",\"potentialAction\":[{\"@type\":\"ReadAction\",\"target\":[\"https:\/\/ski-outdoor.ro\/outdoor\/2021\/06\/28\/red-bull-x-alps-ziua-8\/\"]}]},{\"@type\":\"BreadcrumbList\",\"@id\":\"https:\/\/ski-outdoor.ro\/outdoor\/2021\/06\/28\/red-bull-x-alps-ziua-8\/#breadcrumb\",\"itemListElement\":[{\"@type\":\"ListItem\",\"position\":1,\"name\":\"Home\",\"item\":\"https:\/\/ski-outdoor.ro\/outdoor\/\"},{\"@type\":\"ListItem\",\"position\":2,\"name\":\"Red Bull X-Alps &#8211; Ziua 8\"}]},{\"@type\":\"Article\",\"@id\":\"https:\/\/ski-outdoor.ro\/outdoor\/2021\/06\/28\/red-bull-x-alps-ziua-8\/#article\",\"isPartOf\":{\"@id\":\"https:\/\/ski-outdoor.ro\/outdoor\/2021\/06\/28\/red-bull-x-alps-ziua-8\/#webpage\"},\"author\":{\"@id\":\"https:\/\/ski-outdoor.ro\/outdoor\/#\/schema\/person\/29661f8d079aa10872d8edcf2a2a520b\"},\"headline\":\"Red Bull X-Alps &#8211; Ziua 8\",\"datePublished\":\"2021-06-28T09:01:47+00:00\",\"dateModified\":\"2021-06-28T09:02:15+00:00\",\"mainEntityOfPage\":{\"@id\":\"https:\/\/ski-outdoor.ro\/outdoor\/2021\/06\/28\/red-bull-x-alps-ziua-8\/#webpage\"},\"wordCount\":495,\"commentCount\":0,\"publisher\":{\"@id\":\"https:\/\/ski-outdoor.ro\/outdoor\/#organization\"},\"image\":{\"@id\":\"https:\/\/ski-outdoor.ro\/outdoor\/2021\/06\/28\/red-bull-x-alps-ziua-8\/#primaryimage\"},\"thumbnailUrl\":\"https:\/\/ski-outdoor.ro\/outdoor\/wp-content\/uploads\/sites\/4\/2021\/06\/red-bull-9.jpg\",\"keywords\":[\"8\",\"a opta\",\"Benoit Outters\",\"competitie\",\"curca\",\"Maurer\",\"Maxime Pinot\",\"red bull\",\"Red Bull X-Alps\",\"toma coconea\",\"Vasile Cipcigan\",\"ziua\"],\"articleSection\":[\"Actualit\u0103\u021bi\",\"Competi\u021bie\"],\"inLanguage\":\"ro-RO\",\"potentialAction\":[{\"@type\":\"CommentAction\",\"name\":\"Comment\",\"target\":[\"https:\/\/ski-outdoor.ro\/outdoor\/2021\/06\/28\/red-bull-x-alps-ziua-8\/#respond\"]}]},{\"@type\":\"Person\",\"@id\":\"https:\/\/ski-outdoor.ro\/outdoor\/#\/schema\/person\/29661f8d079aa10872d8edcf2a2a520b\",\"name\":\"Bianca \u0218omlea\",\"image\":{\"@type\":\"ImageObject\",\"@id\":\"https:\/\/ski-outdoor.ro\/outdoor\/#personlogo\",\"inLanguage\":\"ro-RO\",\"url\":\"https:\/\/secure.gravatar.com\/avatar\/b39a83203da3fc8888ded6e8052246ad?s=96&d=mm&r=g\",\"contentUrl\":\"https:\/\/secure.gravatar.com\/avatar\/b39a83203da3fc8888ded6e8052246ad?s=96&d=mm&r=g\",\"caption\":\"Bianca \u0218omlea\"},\"url\":\"https:\/\/ski-outdoor.ro\/outdoor\/author\/editorfb206\/\"}]}<\/script>\n<!-- \/ Yoast SEO plugin. -->","yoast_head_json":{"title":"Red Bull X-Alps - Ziua 8 - Outdoor Magazine","description":"\u00cenc\u0103 o zi foarte bun\u0103 de zbor la Red Bull X-Alps. De\u0219i diminea\u021b\u0103 vremea nu a fost extraordinar\u0103, \u00eencet \u00eencet s-a schimbat \u0219i soarele a f\u0103cut legea. Toma Coconea s-a \u00eendreptat de diminea\u021b\u0103 spre Mont Blanc. O mic\u0103 problema a ap\u0103rut atunci c\u00e2nd o suspanta s-a ag\u0103\u021bat de creanga unui copac \u0219i a trebuit \u00eenlocuit\u0103. Important este c\u0103 echipa lui Tomi s-a mi\u0219cat bine \u0219i pilotul rom\u00e2n a putut s\u0103 \u00ee\u0219i vad\u0103 de zborul lui spre Chamonix. Outdoor Magazine","robots":{"index":"index","follow":"follow","max-snippet":"max-snippet:-1","max-image-preview":"max-image-preview:large","max-video-preview":"max-video-preview:-1"},"canonical":"https:\/\/ski-outdoor.ro\/outdoor\/2021\/06\/28\/red-bull-x-alps-ziua-8\/","og_locale":"ro_RO","og_type":"article","og_title":"Red Bull X-Alps - Ziua 8 - Outdoor Magazine","og_description":"\u00cenc\u0103 o zi foarte bun\u0103 de zbor la Red Bull X-Alps. De\u0219i diminea\u021b\u0103 vremea nu a fost extraordinar\u0103, \u00eencet \u00eencet s-a schimbat \u0219i soarele a f\u0103cut legea. Toma Coconea s-a \u00eendreptat de diminea\u021b\u0103 spre Mont Blanc. O mic\u0103 problema a ap\u0103rut atunci c\u00e2nd o suspanta s-a ag\u0103\u021bat de creanga unui copac \u0219i a trebuit \u00eenlocuit\u0103. Important este c\u0103 echipa lui Tomi s-a mi\u0219cat bine \u0219i pilotul rom\u00e2n a putut s\u0103 \u00ee\u0219i vad\u0103 de zborul lui spre Chamonix. Outdoor Magazine","og_url":"https:\/\/ski-outdoor.ro\/outdoor\/2021\/06\/28\/red-bull-x-alps-ziua-8\/","og_site_name":"Outdoor Magazine","article_publisher":"https:\/\/www.facebook.com\/skiandoutdoormagazine","article_published_time":"2021-06-28T09:01:47+00:00","article_modified_time":"2021-06-28T09:02:15+00:00","og_image":[{"width":2048,"height":1506,"url":"https:\/\/ski-outdoor.ro\/outdoor\/wp-content\/uploads\/sites\/4\/2021\/06\/red-bull-9.jpg","type":"image\/jpeg"}],"twitter_card":"summary_large_image","twitter_misc":{"Scris de":"Bianca \u0218omlea","Timp estimat pentru citire":"3 minute"},"schema":{"@context":"https:\/\/schema.org","@graph":[{"@type":"Organization","@id":"https:\/\/ski-outdoor.ro\/outdoor\/#organization","name":"Ski & Outdoor Magazine","url":"https:\/\/ski-outdoor.ro\/outdoor\/","sameAs":["https:\/\/www.facebook.com\/skiandoutdoormagazine"],"logo":{"@type":"ImageObject","@id":"https:\/\/ski-outdoor.ro\/outdoor\/#logo","inLanguage":"ro-RO","url":"https:\/\/ski-outdoor.ro\/outdoor\/wp-content\/uploads\/sites\/4\/2019\/05\/logo-e1557923623153.png","contentUrl":"https:\/\/ski-outdoor.ro\/outdoor\/wp-content\/uploads\/sites\/4\/2019\/05\/logo-e1557923623153.png","width":600,"height":165,"caption":"Ski & Outdoor Magazine"},"image":{"@id":"https:\/\/ski-outdoor.ro\/outdoor\/#logo"}},{"@type":"WebSite","@id":"https:\/\/ski-outdoor.ro\/outdoor\/#website","url":"https:\/\/ski-outdoor.ro\/outdoor\/","name":"Outdoor Magazine","description":"","publisher":{"@id":"https:\/\/ski-outdoor.ro\/outdoor\/#organization"},"potentialAction":[{"@type":"SearchAction","target":{"@type":"EntryPoint","urlTemplate":"https:\/\/ski-outdoor.ro\/outdoor\/?s={search_term_string}"},"query-input":"required name=search_term_string"}],"inLanguage":"ro-RO"},{"@type":"ImageObject","@id":"https:\/\/ski-outdoor.ro\/outdoor\/2021\/06\/28\/red-bull-x-alps-ziua-8\/#primaryimage","inLanguage":"ro-RO","url":"https:\/\/ski-outdoor.ro\/outdoor\/wp-content\/uploads\/sites\/4\/2021\/06\/red-bull-9.jpg","contentUrl":"https:\/\/ski-outdoor.ro\/outdoor\/wp-content\/uploads\/sites\/4\/2021\/06\/red-bull-9.jpg","width":2048,"height":1506},{"@type":"WebPage","@id":"https:\/\/ski-outdoor.ro\/outdoor\/2021\/06\/28\/red-bull-x-alps-ziua-8\/#webpage","url":"https:\/\/ski-outdoor.ro\/outdoor\/2021\/06\/28\/red-bull-x-alps-ziua-8\/","name":"Red Bull X-Alps - Ziua 8 - Outdoor Magazine","isPartOf":{"@id":"https:\/\/ski-outdoor.ro\/outdoor\/#website"},"primaryImageOfPage":{"@id":"https:\/\/ski-outdoor.ro\/outdoor\/2021\/06\/28\/red-bull-x-alps-ziua-8\/#primaryimage"},"datePublished":"2021-06-28T09:01:47+00:00","dateModified":"2021-06-28T09:02:15+00:00","description":"\u00cenc\u0103 o zi foarte bun\u0103 de zbor la Red Bull X-Alps. De\u0219i diminea\u021b\u0103 vremea nu a fost extraordinar\u0103, \u00eencet \u00eencet s-a schimbat \u0219i soarele a f\u0103cut legea. Toma Coconea s-a \u00eendreptat de diminea\u021b\u0103 spre Mont Blanc. O mic\u0103 problema a ap\u0103rut atunci c\u00e2nd o suspanta s-a ag\u0103\u021bat de creanga unui copac \u0219i a trebuit \u00eenlocuit\u0103. Important este c\u0103 echipa lui Tomi s-a mi\u0219cat bine \u0219i pilotul rom\u00e2n a putut s\u0103 \u00ee\u0219i vad\u0103 de zborul lui spre Chamonix. Outdoor Magazine","breadcrumb":{"@id":"https:\/\/ski-outdoor.ro\/outdoor\/2021\/06\/28\/red-bull-x-alps-ziua-8\/#breadcrumb"},"inLanguage":"ro-RO","potentialAction":[{"@type":"ReadAction","target":["https:\/\/ski-outdoor.ro\/outdoor\/2021\/06\/28\/red-bull-x-alps-ziua-8\/"]}]},{"@type":"BreadcrumbList","@id":"https:\/\/ski-outdoor.ro\/outdoor\/2021\/06\/28\/red-bull-x-alps-ziua-8\/#breadcrumb","itemListElement":[{"@type":"ListItem","position":1,"name":"Home","item":"https:\/\/ski-outdoor.ro\/outdoor\/"},{"@type":"ListItem","position":2,"name":"Red Bull X-Alps &#8211; Ziua 8"}]},{"@type":"Article","@id":"https:\/\/ski-outdoor.ro\/outdoor\/2021\/06\/28\/red-bull-x-alps-ziua-8\/#article","isPartOf":{"@id":"https:\/\/ski-outdoor.ro\/outdoor\/2021\/06\/28\/red-bull-x-alps-ziua-8\/#webpage"},"author":{"@id":"https:\/\/ski-outdoor.ro\/outdoor\/#\/schema\/person\/29661f8d079aa10872d8edcf2a2a520b"},"headline":"Red Bull X-Alps &#8211; Ziua 8","datePublished":"2021-06-28T09:01:47+00:00","dateModified":"2021-06-28T09:02:15+00:00","mainEntityOfPage":{"@id":"https:\/\/ski-outdoor.ro\/outdoor\/2021\/06\/28\/red-bull-x-alps-ziua-8\/#webpage"},"wordCount":495,"commentCount":0,"publisher":{"@id":"https:\/\/ski-outdoor.ro\/outdoor\/#organization"},"image":{"@id":"https:\/\/ski-outdoor.ro\/outdoor\/2021\/06\/28\/red-bull-x-alps-ziua-8\/#primaryimage"},"thumbnailUrl":"https:\/\/ski-outdoor.ro\/outdoor\/wp-content\/uploads\/sites\/4\/2021\/06\/red-bull-9.jpg","keywords":["8","a opta","Benoit Outters","competitie","curca","Maurer","Maxime Pinot","red bull","Red Bull X-Alps","toma coconea","Vasile Cipcigan","ziua"],"articleSection":["Actualit\u0103\u021bi","Competi\u021bie"],"inLanguage":"ro-RO","potentialAction":[{"@type":"CommentAction","name":"Comment","target":["https:\/\/ski-outdoor.ro\/outdoor\/2021\/06\/28\/red-bull-x-alps-ziua-8\/#respond"]}]},{"@type":"Person","@id":"https:\/\/ski-outdoor.ro\/outdoor\/#\/schema\/person\/29661f8d079aa10872d8edcf2a2a520b","name":"Bianca \u0218omlea","image":{"@type":"ImageObject","@id":"https:\/\/ski-outdoor.ro\/outdoor\/#personlogo","inLanguage":"ro-RO","url":"https:\/\/secure.gravatar.com\/avatar\/b39a83203da3fc8888ded6e8052246ad?s=96&d=mm&r=g","contentUrl":"https:\/\/secure.gravatar.com\/avatar\/b39a83203da3fc8888ded6e8052246ad?s=96&d=mm&r=g","caption":"Bianca \u0218omlea"},"url":"https:\/\/ski-outdoor.ro\/outdoor\/author\/editorfb206\/"}]}},"_links":{"self":[{"href":"https:\/\/ski-outdoor.ro\/outdoor\/wp-json\/wp\/v2\/posts\/6613"}],"collection":[{"href":"https:\/\/ski-outdoor.ro\/outdoor\/wp-json\/wp\/v2\/posts"}],"about":[{"href":"https:\/\/ski-outdoor.ro\/outdoor\/wp-json\/wp\/v2\/types\/post"}],"author":[{"embeddable":true,"href":"https:\/\/ski-outdoor.ro\/outdoor\/wp-json\/wp\/v2\/users\/16"}],"replies":[{"embeddable":true,"href":"https:\/\/ski-outdoor.ro\/outdoor\/wp-json\/wp\/v2\/comments?post=6613"}],"version-history":[{"count":2,"href":"https:\/\/ski-outdoor.ro\/outdoor\/wp-json\/wp\/v2\/posts\/6613\/revisions"}],"predecessor-version":[{"id":6617,"href":"https:\/\/ski-outdoor.ro\/outdoor\/wp-json\/wp\/v2\/posts\/6613\/revisions\/6617"}],"wp:featuredmedia":[{"embeddable":true,"href":"https:\/\/ski-outdoor.ro\/outdoor\/wp-json\/wp\/v2\/media\/6614"}],"wp:attachment":[{"href":"https:\/\/ski-outdoor.ro\/outdoor\/wp-json\/wp\/v2\/media?parent=6613"}],"wp:term":[{"taxonomy":"category","embeddable":true,"href":"https:\/\/ski-outdoor.ro\/outdoor\/wp-json\/wp\/v2\/categories?post=6613"},{"taxonomy":"post_tag","embeddable":true,"href":"https:\/\/ski-outdoor.ro\/outdoor\/wp-json\/wp\/v2\/tags?post=6613"}],"curies":[{"name":"wp","href":"https:\/\/api.w.org\/{rel}","templated":true}]}}