{"id":6746,"date":"2021-07-19T15:48:13","date_gmt":"2021-07-19T15:48:13","guid":{"rendered":"https:\/\/ski-outdoor.ro\/outdoor\/?p=6746"},"modified":"2021-07-19T15:48:15","modified_gmt":"2021-07-19T15:48:15","slug":"cronica-de-luni-11","status":"publish","type":"post","link":"https:\/\/ski-outdoor.ro\/outdoor\/2021\/07\/19\/cronica-de-luni-11\/","title":{"rendered":"Cronica de Luni"},"content":{"rendered":"\n<p><strong>Salut! \u0218i o s\u0103pt\u0103m\u00e2na plin\u0103 de motive s\u0103 z\u00e2mbi\u021bi! Alergare \u00een natur\u0103, alergare cu prietenii, alergare la Bra\u0219ov. asta am avut la edi\u021bia a IX a evenimentului de alergare montan\u0103 Bra\u0219ov Marathon.<\/strong><\/p>\n\n\n\n<p>Dac\u0103 p\u00e2n\u0103 \u00een acest an evenimentul se \u021binea \u00een luna aprilie, datorit\u0103 situa\u021biei existente, organizatorii au decis\u0103 s\u0103 \u00eel \u021bin\u0103 \u00een 2021 \u00een luna iulie. A\u0219a c\u0103 f\u0103r\u0103 z\u0103pad\u0103 la aceast\u0103 edi\u021bie dar cu mult soare.\u00a0<\/p>\n\n\n\n<figure class=\"wp-block-image size-large\"><img loading=\"lazy\" width=\"1024\" height=\"683\" src=\"https:\/\/ski-outdoor.ro\/outdoor\/wp-content\/uploads\/sites\/4\/2021\/07\/BRASOV-2-1024x683.jpg\" alt=\"\" class=\"wp-image-6748\" srcset=\"https:\/\/ski-outdoor.ro\/outdoor\/wp-content\/uploads\/sites\/4\/2021\/07\/BRASOV-2-1024x683.jpg 1024w, https:\/\/ski-outdoor.ro\/outdoor\/wp-content\/uploads\/sites\/4\/2021\/07\/BRASOV-2-300x200.jpg 300w, https:\/\/ski-outdoor.ro\/outdoor\/wp-content\/uploads\/sites\/4\/2021\/07\/BRASOV-2-768x512.jpg 768w, https:\/\/ski-outdoor.ro\/outdoor\/wp-content\/uploads\/sites\/4\/2021\/07\/BRASOV-2-1536x1024.jpg 1536w, https:\/\/ski-outdoor.ro\/outdoor\/wp-content\/uploads\/sites\/4\/2021\/07\/BRASOV-2-370x247.jpg 370w, https:\/\/ski-outdoor.ro\/outdoor\/wp-content\/uploads\/sites\/4\/2021\/07\/BRASOV-2-270x180.jpg 270w, https:\/\/ski-outdoor.ro\/outdoor\/wp-content\/uploads\/sites\/4\/2021\/07\/BRASOV-2-570x380.jpg 570w, https:\/\/ski-outdoor.ro\/outdoor\/wp-content\/uploads\/sites\/4\/2021\/07\/BRASOV-2-770x513.jpg 770w, https:\/\/ski-outdoor.ro\/outdoor\/wp-content\/uploads\/sites\/4\/2021\/07\/BRASOV-2-1170x780.jpg 1170w, https:\/\/ski-outdoor.ro\/outdoor\/wp-content\/uploads\/sites\/4\/2021\/07\/BRASOV-2-870x580.jpg 870w, https:\/\/ski-outdoor.ro\/outdoor\/wp-content\/uploads\/sites\/4\/2021\/07\/BRASOV-2.jpg 1800w\" sizes=\"(max-width: 1024px) 100vw, 1024px\" \/><\/figure>\n\n\n\n<p>Bra\u0219ov Marathon este organizat de \u00a0Clubul pentru Protec\u021bia Naturii \u0219i Turism (CPNT) Bra\u0219ov. CPNT-ul este o organiza\u0163ie nonguvernamental\u0103 care ac\u021bioneaz\u0103 \u00een sprijinul protej\u0103rii mediului \u015fi practic\u0103rii turismului ecologic. Are\u00a0 46 de ani de activitate \u0219i peste 200 de activit\u0103\u021bi anuale. Printre evenimentele sportive organizate de CPNT Bra\u0219ov a\u0219 dori s\u0103 amintesc Bra\u0219ov Maratthon,\u00a0<a href=\"https:\/\/www.brasovmarathon.ro\" target=\"_blank\" rel=\"noreferrer noopener\">Marathon 7500<\/a>\u00a0sau\u00a0<a href=\"http:\/\/propark-adventure.ro\/\" target=\"_blank\" rel=\"noreferrer noopener\">Propark Adventure Race<\/a>. Mai pe scurt evenimentul este organizat de c\u0103tre ni\u0219te oameni de munte cu mare drag pentru sporturile outdoor.<\/p>\n\n\n\n<p>La edi\u021bia din acest an au fost peste 1400 de participan\u021bi. Organizatorii s-au mobilizat tare bine \u0219i noi, participan\u021bi, ne-am sim\u021bit \u00een siguran\u021b\u0103 \u0219i nu am sim\u021bit aglomera\u021bie sau discomfort.<\/p>\n\n\n\n<p>Au fost trei curse:<\/p>\n\n\n\n<ul><li><strong>Cros<\/strong> \u2013 care s-a desf\u0103\u0219urat pe un traseu de 9 km \u0219i a\u00a0 avut startul vineri 16 iulie la ora 17 din Pia\u021b\u0103 Sfatului. Au participat peste 450 de alerg\u0103tori. C\u00e2\u0219tig\u0103torii la acesta cursa au fost:<\/li><\/ul>\n\n\n\n<h4>Feminin:&nbsp;<\/h4>\n\n\n\n<p>Locul I &#8211; Botnari Mihaela\u00a0<\/p>\n\n\n\n<p>Locul II &#8211; Toloarga Iulia\u00a0<\/p>\n\n\n\n<p>Locul III &#8211; Anghel Andra&nbsp;<\/p>\n\n\n\n<h4>Masculin:<\/h4>\n\n\n\n<p>Locul I &#8211; <a href=\"https:\/\/www.facebook.com\/thefubyboy?__cft__[0]=AZVsc2Q6OAk6y7Vw-W9YGy2xJQyWTNc5Y4KWpzG81tPqKnwi0i1-6uk4R1-umfylZVT2unQgPLNjnn8ice91TV11N3XVox5UlO7J2sJcSOWZlMYVwXr_PqAIa_sZxSMy_aCcxY5bYfbhS89SuOf8TY4E&amp;__tn__=-]K-R\" target=\"_blank\" rel=\"noreferrer noopener\">Zinca Ionu\u021b<\/a>\u00a0<\/p>\n\n\n\n<p>Locul II &#8211; <a href=\"https:\/\/www.facebook.com\/Damian-Bogdan-108017214031016\/?__cft__[0]=AZVsc2Q6OAk6y7Vw-W9YGy2xJQyWTNc5Y4KWpzG81tPqKnwi0i1-6uk4R1-umfylZVT2unQgPLNjnn8ice91TV11N3XVox5UlO7J2sJcSOWZlMYVwXr_PqAIa_sZxSMy_aCcxY5bYfbhS89SuOf8TY4E&amp;__tn__=kK-R\" target=\"_blank\" rel=\"noreferrer noopener\">Damian Bogdan<\/a>\u00a0<\/p>\n\n\n\n<p>Locul III &#8211; <a href=\"https:\/\/www.facebook.com\/hermanpeteroficial\/?__cft__[0]=AZVsc2Q6OAk6y7Vw-W9YGy2xJQyWTNc5Y4KWpzG81tPqKnwi0i1-6uk4R1-umfylZVT2unQgPLNjnn8ice91TV11N3XVox5UlO7J2sJcSOWZlMYVwXr_PqAIa_sZxSMy_aCcxY5bYfbhS89SuOf8TY4E&amp;__tn__=kK-R\" target=\"_blank\" rel=\"noreferrer noopener\">Peter Herman<\/a>\u00a0<\/p>\n\n\n\n<ul><li><strong>Semi-maraton<\/strong> \u2013 alerg\u0103tori au avut de\u00a0 parcurs un traseu de 21km \u0219i au lua startul s\u00e2mb\u0103t\u0103 17 iulie la 10.30 din Pia\u021b\u0103 Sfatului. Peste 500 de alerg\u0103tori au luat startul la aceast\u0103 proba. Cei mai rapizi au fost:<\/li><\/ul>\n\n\n\n<figure class=\"wp-block-image size-large\"><img loading=\"lazy\" width=\"1024\" height=\"683\" src=\"https:\/\/ski-outdoor.ro\/outdoor\/wp-content\/uploads\/sites\/4\/2021\/07\/INGRID-1024x683.jpg\" alt=\"\" class=\"wp-image-6750\" srcset=\"https:\/\/ski-outdoor.ro\/outdoor\/wp-content\/uploads\/sites\/4\/2021\/07\/INGRID-1024x683.jpg 1024w, https:\/\/ski-outdoor.ro\/outdoor\/wp-content\/uploads\/sites\/4\/2021\/07\/INGRID-300x200.jpg 300w, https:\/\/ski-outdoor.ro\/outdoor\/wp-content\/uploads\/sites\/4\/2021\/07\/INGRID-768x512.jpg 768w, https:\/\/ski-outdoor.ro\/outdoor\/wp-content\/uploads\/sites\/4\/2021\/07\/INGRID-1536x1024.jpg 1536w, https:\/\/ski-outdoor.ro\/outdoor\/wp-content\/uploads\/sites\/4\/2021\/07\/INGRID-370x247.jpg 370w, https:\/\/ski-outdoor.ro\/outdoor\/wp-content\/uploads\/sites\/4\/2021\/07\/INGRID-270x180.jpg 270w, https:\/\/ski-outdoor.ro\/outdoor\/wp-content\/uploads\/sites\/4\/2021\/07\/INGRID-570x380.jpg 570w, https:\/\/ski-outdoor.ro\/outdoor\/wp-content\/uploads\/sites\/4\/2021\/07\/INGRID-770x513.jpg 770w, https:\/\/ski-outdoor.ro\/outdoor\/wp-content\/uploads\/sites\/4\/2021\/07\/INGRID-1170x780.jpg 1170w, https:\/\/ski-outdoor.ro\/outdoor\/wp-content\/uploads\/sites\/4\/2021\/07\/INGRID-870x580.jpg 870w, https:\/\/ski-outdoor.ro\/outdoor\/wp-content\/uploads\/sites\/4\/2021\/07\/INGRID.jpg 1800w\" sizes=\"(max-width: 1024px) 100vw, 1024px\" \/><\/figure>\n\n\n\n<h4>Feminin:&nbsp;<\/h4>\n\n\n\n<p>Locul I &#8211;\u00a0 Mutter Ingrid<\/p>\n\n\n\n<p>Locul II &#8211; Ciortan Nicoleta\u00a0<\/p>\n\n\n\n<p>Locul III &#8211; R\u0103\u0219\u00een\u0103 Luisa&nbsp;<\/p>\n\n\n\n<h4>Masculin:<\/h4>\n\n\n\n<p>Locul I &#8211;&nbsp; Zinc\u0103 Ionu\u021b&nbsp;<\/p>\n\n\n\n<p>Locul II &#8211;\u00a0 Damian Bogdan\u00a0<\/p>\n\n\n\n<p>Locul III &#8211; Surlea Gheorghe&nbsp;<\/p>\n\n\n\n<figure class=\"wp-block-image size-large\"><img loading=\"lazy\" width=\"1024\" height=\"683\" src=\"https:\/\/ski-outdoor.ro\/outdoor\/wp-content\/uploads\/sites\/4\/2021\/07\/MARATHON-3-1024x683.jpg\" alt=\"\" class=\"wp-image-6749\" srcset=\"https:\/\/ski-outdoor.ro\/outdoor\/wp-content\/uploads\/sites\/4\/2021\/07\/MARATHON-3-1024x683.jpg 1024w, https:\/\/ski-outdoor.ro\/outdoor\/wp-content\/uploads\/sites\/4\/2021\/07\/MARATHON-3-300x200.jpg 300w, https:\/\/ski-outdoor.ro\/outdoor\/wp-content\/uploads\/sites\/4\/2021\/07\/MARATHON-3-768x512.jpg 768w, https:\/\/ski-outdoor.ro\/outdoor\/wp-content\/uploads\/sites\/4\/2021\/07\/MARATHON-3-1536x1024.jpg 1536w, https:\/\/ski-outdoor.ro\/outdoor\/wp-content\/uploads\/sites\/4\/2021\/07\/MARATHON-3-370x247.jpg 370w, https:\/\/ski-outdoor.ro\/outdoor\/wp-content\/uploads\/sites\/4\/2021\/07\/MARATHON-3-270x180.jpg 270w, https:\/\/ski-outdoor.ro\/outdoor\/wp-content\/uploads\/sites\/4\/2021\/07\/MARATHON-3-570x380.jpg 570w, https:\/\/ski-outdoor.ro\/outdoor\/wp-content\/uploads\/sites\/4\/2021\/07\/MARATHON-3-770x513.jpg 770w, https:\/\/ski-outdoor.ro\/outdoor\/wp-content\/uploads\/sites\/4\/2021\/07\/MARATHON-3-1170x780.jpg 1170w, https:\/\/ski-outdoor.ro\/outdoor\/wp-content\/uploads\/sites\/4\/2021\/07\/MARATHON-3-870x580.jpg 870w, https:\/\/ski-outdoor.ro\/outdoor\/wp-content\/uploads\/sites\/4\/2021\/07\/MARATHON-3.jpg 1800w\" sizes=\"(max-width: 1024px) 100vw, 1024px\" \/><\/figure>\n\n\n\n<ul><li><strong>Maraton<\/strong> &#8211;\u00a0 38 de kilometri cu peste 2000 m diferen\u021ba de nivel pozitiv\u0103. Startul s-a dat s\u00e2mb\u0103t\u0103 17 iulie la ora 8 din Pia\u021b\u0103 Sfatului. Peste 400 de alerg\u0103tori au num\u0103rat ultimele secunde \u00eenainte de cursa \u201cRegina\u201d a evenimentului. C\u00e2\u0219tig\u0103torii au fost:<\/li><\/ul>\n\n\n\n<h4>Feminin:&nbsp;<\/h4>\n\n\n\n<p>Locul I &#8211; Voicu Mara<\/p>\n\n\n\n<p>Locul II &#8211;\u00a0 Bartok Eniko<\/p>\n\n\n\n<p>Locul III &#8211; Mihai Simona&nbsp;<\/p>\n\n\n\n<p>Masculin:&nbsp;<\/p>\n\n\n\n<p>Locul I &#8211; Mo\u0219oiu Cristian<\/p>\n\n\n\n<p>Locul II &#8211;\u00a0 Blejdea Alexandru<\/p>\n\n\n\n<p>Locul III &#8211; Hajnal Robert<\/p>\n\n\n\n<p>Eu am participat la proba Maraton. A fost tare tare fain. Traseul bine marcat, voluntari foarte s\u0103ritori \u0219i tot timpul cu z\u00e2mbetul pe buze, cald \u0219i foarte cald dar cu o hidratare bun\u0103 am f\u0103cut fa\u021b\u0103. Pentru mine Bra\u0219ov Marathon va fi \u00een fiecare an \u00een calendar.<\/p>\n\n\n\n<p>Eu va las la antrenamente sau recuperare \u0219i m\u00e2ine vin cu propunerile pentru aceast\u0103 s\u0103pt\u0103m\u00e2na.<\/p>\n\n\n\n<p><em>Scris de: Vasile Cipcigan<\/em><\/p>\n","protected":false},"excerpt":{"rendered":"<p>Salut! \u0218i o s\u0103pt\u0103m\u00e2na plin\u0103 de motive s\u0103 z\u00e2mbi\u021bi! Alergare \u00een natur\u0103, alergare cu prietenii, alergare la Bra\u0219ov. asta am&#8230;<\/p>\n","protected":false},"author":16,"featured_media":6747,"comment_status":"open","ping_status":"open","sticky":false,"template":"","format":"standard","meta":[],"categories":[1817,39],"tags":[170,3036,3037,2752,2872,211],"yoast_head":"<!-- This site is optimized with the Yoast SEO plugin v18.4.1 - https:\/\/yoast.com\/wordpress\/plugins\/seo\/ -->\n<title>Cronica de Luni - Outdoor Magazine<\/title>\n<meta name=\"description\" content=\"Salut! \u0218i o s\u0103pt\u0103m\u00e2na plin\u0103 de motive s\u0103 z\u00e2mbi\u021bi! Alergare \u00een natur\u0103, alergare cu prietenii, alergare la Bra\u0219ov. asta am avut la edi\u021bia a IX a evenimentului de alergare montan\u0103 Bra\u0219ov Marathon.\" \/>\n<meta name=\"robots\" content=\"index, follow, max-snippet:-1, max-image-preview:large, max-video-preview:-1\" \/>\n<link rel=\"canonical\" href=\"https:\/\/ski-outdoor.ro\/outdoor\/2021\/07\/19\/cronica-de-luni-11\/\" \/>\n<meta property=\"og:locale\" content=\"ro_RO\" \/>\n<meta property=\"og:type\" content=\"article\" \/>\n<meta property=\"og:title\" content=\"Cronica de Luni - Outdoor Magazine\" \/>\n<meta property=\"og:description\" content=\"Salut! \u0218i o s\u0103pt\u0103m\u00e2na plin\u0103 de motive s\u0103 z\u00e2mbi\u021bi! Alergare \u00een natur\u0103, alergare cu prietenii, alergare la Bra\u0219ov. asta am avut la edi\u021bia a IX a evenimentului de alergare montan\u0103 Bra\u0219ov Marathon.\" \/>\n<meta property=\"og:url\" content=\"https:\/\/ski-outdoor.ro\/outdoor\/2021\/07\/19\/cronica-de-luni-11\/\" \/>\n<meta property=\"og:site_name\" content=\"Outdoor Magazine\" \/>\n<meta property=\"article:publisher\" content=\"https:\/\/www.facebook.com\/skiandoutdoormagazine\" \/>\n<meta property=\"article:published_time\" content=\"2021-07-19T15:48:13+00:00\" \/>\n<meta property=\"article:modified_time\" content=\"2021-07-19T15:48:15+00:00\" \/>\n<meta property=\"og:image\" content=\"https:\/\/ski-outdoor.ro\/outdoor\/wp-content\/uploads\/sites\/4\/2021\/07\/BRASOV-MSRATHON.jpg\" \/>\n\t<meta property=\"og:image:width\" content=\"1800\" \/>\n\t<meta property=\"og:image:height\" content=\"1200\" \/>\n\t<meta property=\"og:image:type\" content=\"image\/jpeg\" \/>\n<meta name=\"twitter:card\" content=\"summary_large_image\" \/>\n<meta name=\"twitter:label1\" content=\"Scris de\" \/>\n\t<meta name=\"twitter:data1\" content=\"Bianca \u0218omlea\" \/>\n\t<meta name=\"twitter:label2\" content=\"Timp estimat pentru citire\" \/>\n\t<meta name=\"twitter:data2\" content=\"3 minute\" \/>\n<script type=\"application\/ld+json\" class=\"yoast-schema-graph\">{\"@context\":\"https:\/\/schema.org\",\"@graph\":[{\"@type\":\"Organization\",\"@id\":\"https:\/\/ski-outdoor.ro\/outdoor\/#organization\",\"name\":\"Ski & Outdoor Magazine\",\"url\":\"https:\/\/ski-outdoor.ro\/outdoor\/\",\"sameAs\":[\"https:\/\/www.facebook.com\/skiandoutdoormagazine\"],\"logo\":{\"@type\":\"ImageObject\",\"@id\":\"https:\/\/ski-outdoor.ro\/outdoor\/#logo\",\"inLanguage\":\"ro-RO\",\"url\":\"https:\/\/ski-outdoor.ro\/outdoor\/wp-content\/uploads\/sites\/4\/2019\/05\/logo-e1557923623153.png\",\"contentUrl\":\"https:\/\/ski-outdoor.ro\/outdoor\/wp-content\/uploads\/sites\/4\/2019\/05\/logo-e1557923623153.png\",\"width\":600,\"height\":165,\"caption\":\"Ski & Outdoor Magazine\"},\"image\":{\"@id\":\"https:\/\/ski-outdoor.ro\/outdoor\/#logo\"}},{\"@type\":\"WebSite\",\"@id\":\"https:\/\/ski-outdoor.ro\/outdoor\/#website\",\"url\":\"https:\/\/ski-outdoor.ro\/outdoor\/\",\"name\":\"Outdoor Magazine\",\"description\":\"\",\"publisher\":{\"@id\":\"https:\/\/ski-outdoor.ro\/outdoor\/#organization\"},\"potentialAction\":[{\"@type\":\"SearchAction\",\"target\":{\"@type\":\"EntryPoint\",\"urlTemplate\":\"https:\/\/ski-outdoor.ro\/outdoor\/?s={search_term_string}\"},\"query-input\":\"required name=search_term_string\"}],\"inLanguage\":\"ro-RO\"},{\"@type\":\"ImageObject\",\"@id\":\"https:\/\/ski-outdoor.ro\/outdoor\/2021\/07\/19\/cronica-de-luni-11\/#primaryimage\",\"inLanguage\":\"ro-RO\",\"url\":\"https:\/\/ski-outdoor.ro\/outdoor\/wp-content\/uploads\/sites\/4\/2021\/07\/BRASOV-MSRATHON.jpg\",\"contentUrl\":\"https:\/\/ski-outdoor.ro\/outdoor\/wp-content\/uploads\/sites\/4\/2021\/07\/BRASOV-MSRATHON.jpg\",\"width\":1800,\"height\":1200},{\"@type\":\"WebPage\",\"@id\":\"https:\/\/ski-outdoor.ro\/outdoor\/2021\/07\/19\/cronica-de-luni-11\/#webpage\",\"url\":\"https:\/\/ski-outdoor.ro\/outdoor\/2021\/07\/19\/cronica-de-luni-11\/\",\"name\":\"Cronica de Luni - Outdoor Magazine\",\"isPartOf\":{\"@id\":\"https:\/\/ski-outdoor.ro\/outdoor\/#website\"},\"primaryImageOfPage\":{\"@id\":\"https:\/\/ski-outdoor.ro\/outdoor\/2021\/07\/19\/cronica-de-luni-11\/#primaryimage\"},\"datePublished\":\"2021-07-19T15:48:13+00:00\",\"dateModified\":\"2021-07-19T15:48:15+00:00\",\"description\":\"Salut! \u0218i o s\u0103pt\u0103m\u00e2na plin\u0103 de motive s\u0103 z\u00e2mbi\u021bi! Alergare \u00een natur\u0103, alergare cu prietenii, alergare la Bra\u0219ov. asta am avut la edi\u021bia a IX a evenimentului de alergare montan\u0103 Bra\u0219ov Marathon.\",\"breadcrumb\":{\"@id\":\"https:\/\/ski-outdoor.ro\/outdoor\/2021\/07\/19\/cronica-de-luni-11\/#breadcrumb\"},\"inLanguage\":\"ro-RO\",\"potentialAction\":[{\"@type\":\"ReadAction\",\"target\":[\"https:\/\/ski-outdoor.ro\/outdoor\/2021\/07\/19\/cronica-de-luni-11\/\"]}]},{\"@type\":\"BreadcrumbList\",\"@id\":\"https:\/\/ski-outdoor.ro\/outdoor\/2021\/07\/19\/cronica-de-luni-11\/#breadcrumb\",\"itemListElement\":[{\"@type\":\"ListItem\",\"position\":1,\"name\":\"Home\",\"item\":\"https:\/\/ski-outdoor.ro\/outdoor\/\"},{\"@type\":\"ListItem\",\"position\":2,\"name\":\"Cronica de Luni\"}]},{\"@type\":\"Article\",\"@id\":\"https:\/\/ski-outdoor.ro\/outdoor\/2021\/07\/19\/cronica-de-luni-11\/#article\",\"isPartOf\":{\"@id\":\"https:\/\/ski-outdoor.ro\/outdoor\/2021\/07\/19\/cronica-de-luni-11\/#webpage\"},\"author\":{\"@id\":\"https:\/\/ski-outdoor.ro\/outdoor\/#\/schema\/person\/29661f8d079aa10872d8edcf2a2a520b\"},\"headline\":\"Cronica de Luni\",\"datePublished\":\"2021-07-19T15:48:13+00:00\",\"dateModified\":\"2021-07-19T15:48:15+00:00\",\"mainEntityOfPage\":{\"@id\":\"https:\/\/ski-outdoor.ro\/outdoor\/2021\/07\/19\/cronica-de-luni-11\/#webpage\"},\"wordCount\":508,\"commentCount\":0,\"publisher\":{\"@id\":\"https:\/\/ski-outdoor.ro\/outdoor\/#organization\"},\"image\":{\"@id\":\"https:\/\/ski-outdoor.ro\/outdoor\/2021\/07\/19\/cronica-de-luni-11\/#primaryimage\"},\"thumbnailUrl\":\"https:\/\/ski-outdoor.ro\/outdoor\/wp-content\/uploads\/sites\/4\/2021\/07\/BRASOV-MSRATHON.jpg\",\"keywords\":[\"alergare\",\"brasov marathon\",\"cpmeptitie\",\"cronica\",\"cronica de luni\",\"Vasile Cipcigan\"],\"articleSection\":[\"Actualit\u0103\u021bi\",\"Competi\u021bie\"],\"inLanguage\":\"ro-RO\",\"potentialAction\":[{\"@type\":\"CommentAction\",\"name\":\"Comment\",\"target\":[\"https:\/\/ski-outdoor.ro\/outdoor\/2021\/07\/19\/cronica-de-luni-11\/#respond\"]}]},{\"@type\":\"Person\",\"@id\":\"https:\/\/ski-outdoor.ro\/outdoor\/#\/schema\/person\/29661f8d079aa10872d8edcf2a2a520b\",\"name\":\"Bianca \u0218omlea\",\"image\":{\"@type\":\"ImageObject\",\"@id\":\"https:\/\/ski-outdoor.ro\/outdoor\/#personlogo\",\"inLanguage\":\"ro-RO\",\"url\":\"https:\/\/secure.gravatar.com\/avatar\/b39a83203da3fc8888ded6e8052246ad?s=96&d=mm&r=g\",\"contentUrl\":\"https:\/\/secure.gravatar.com\/avatar\/b39a83203da3fc8888ded6e8052246ad?s=96&d=mm&r=g\",\"caption\":\"Bianca \u0218omlea\"},\"url\":\"https:\/\/ski-outdoor.ro\/outdoor\/author\/editorfb206\/\"}]}<\/script>\n<!-- \/ Yoast SEO plugin. -->","yoast_head_json":{"title":"Cronica de Luni - Outdoor Magazine","description":"Salut! \u0218i o s\u0103pt\u0103m\u00e2na plin\u0103 de motive s\u0103 z\u00e2mbi\u021bi! Alergare \u00een natur\u0103, alergare cu prietenii, alergare la Bra\u0219ov. asta am avut la edi\u021bia a IX a evenimentului de alergare montan\u0103 Bra\u0219ov Marathon.","robots":{"index":"index","follow":"follow","max-snippet":"max-snippet:-1","max-image-preview":"max-image-preview:large","max-video-preview":"max-video-preview:-1"},"canonical":"https:\/\/ski-outdoor.ro\/outdoor\/2021\/07\/19\/cronica-de-luni-11\/","og_locale":"ro_RO","og_type":"article","og_title":"Cronica de Luni - Outdoor Magazine","og_description":"Salut! \u0218i o s\u0103pt\u0103m\u00e2na plin\u0103 de motive s\u0103 z\u00e2mbi\u021bi! Alergare \u00een natur\u0103, alergare cu prietenii, alergare la Bra\u0219ov. asta am avut la edi\u021bia a IX a evenimentului de alergare montan\u0103 Bra\u0219ov Marathon.","og_url":"https:\/\/ski-outdoor.ro\/outdoor\/2021\/07\/19\/cronica-de-luni-11\/","og_site_name":"Outdoor Magazine","article_publisher":"https:\/\/www.facebook.com\/skiandoutdoormagazine","article_published_time":"2021-07-19T15:48:13+00:00","article_modified_time":"2021-07-19T15:48:15+00:00","og_image":[{"width":1800,"height":1200,"url":"https:\/\/ski-outdoor.ro\/outdoor\/wp-content\/uploads\/sites\/4\/2021\/07\/BRASOV-MSRATHON.jpg","type":"image\/jpeg"}],"twitter_card":"summary_large_image","twitter_misc":{"Scris de":"Bianca \u0218omlea","Timp estimat pentru citire":"3 minute"},"schema":{"@context":"https:\/\/schema.org","@graph":[{"@type":"Organization","@id":"https:\/\/ski-outdoor.ro\/outdoor\/#organization","name":"Ski & Outdoor Magazine","url":"https:\/\/ski-outdoor.ro\/outdoor\/","sameAs":["https:\/\/www.facebook.com\/skiandoutdoormagazine"],"logo":{"@type":"ImageObject","@id":"https:\/\/ski-outdoor.ro\/outdoor\/#logo","inLanguage":"ro-RO","url":"https:\/\/ski-outdoor.ro\/outdoor\/wp-content\/uploads\/sites\/4\/2019\/05\/logo-e1557923623153.png","contentUrl":"https:\/\/ski-outdoor.ro\/outdoor\/wp-content\/uploads\/sites\/4\/2019\/05\/logo-e1557923623153.png","width":600,"height":165,"caption":"Ski & Outdoor Magazine"},"image":{"@id":"https:\/\/ski-outdoor.ro\/outdoor\/#logo"}},{"@type":"WebSite","@id":"https:\/\/ski-outdoor.ro\/outdoor\/#website","url":"https:\/\/ski-outdoor.ro\/outdoor\/","name":"Outdoor Magazine","description":"","publisher":{"@id":"https:\/\/ski-outdoor.ro\/outdoor\/#organization"},"potentialAction":[{"@type":"SearchAction","target":{"@type":"EntryPoint","urlTemplate":"https:\/\/ski-outdoor.ro\/outdoor\/?s={search_term_string}"},"query-input":"required name=search_term_string"}],"inLanguage":"ro-RO"},{"@type":"ImageObject","@id":"https:\/\/ski-outdoor.ro\/outdoor\/2021\/07\/19\/cronica-de-luni-11\/#primaryimage","inLanguage":"ro-RO","url":"https:\/\/ski-outdoor.ro\/outdoor\/wp-content\/uploads\/sites\/4\/2021\/07\/BRASOV-MSRATHON.jpg","contentUrl":"https:\/\/ski-outdoor.ro\/outdoor\/wp-content\/uploads\/sites\/4\/2021\/07\/BRASOV-MSRATHON.jpg","width":1800,"height":1200},{"@type":"WebPage","@id":"https:\/\/ski-outdoor.ro\/outdoor\/2021\/07\/19\/cronica-de-luni-11\/#webpage","url":"https:\/\/ski-outdoor.ro\/outdoor\/2021\/07\/19\/cronica-de-luni-11\/","name":"Cronica de Luni - Outdoor Magazine","isPartOf":{"@id":"https:\/\/ski-outdoor.ro\/outdoor\/#website"},"primaryImageOfPage":{"@id":"https:\/\/ski-outdoor.ro\/outdoor\/2021\/07\/19\/cronica-de-luni-11\/#primaryimage"},"datePublished":"2021-07-19T15:48:13+00:00","dateModified":"2021-07-19T15:48:15+00:00","description":"Salut! \u0218i o s\u0103pt\u0103m\u00e2na plin\u0103 de motive s\u0103 z\u00e2mbi\u021bi! Alergare \u00een natur\u0103, alergare cu prietenii, alergare la Bra\u0219ov. asta am avut la edi\u021bia a IX a evenimentului de alergare montan\u0103 Bra\u0219ov Marathon.","breadcrumb":{"@id":"https:\/\/ski-outdoor.ro\/outdoor\/2021\/07\/19\/cronica-de-luni-11\/#breadcrumb"},"inLanguage":"ro-RO","potentialAction":[{"@type":"ReadAction","target":["https:\/\/ski-outdoor.ro\/outdoor\/2021\/07\/19\/cronica-de-luni-11\/"]}]},{"@type":"BreadcrumbList","@id":"https:\/\/ski-outdoor.ro\/outdoor\/2021\/07\/19\/cronica-de-luni-11\/#breadcrumb","itemListElement":[{"@type":"ListItem","position":1,"name":"Home","item":"https:\/\/ski-outdoor.ro\/outdoor\/"},{"@type":"ListItem","position":2,"name":"Cronica de Luni"}]},{"@type":"Article","@id":"https:\/\/ski-outdoor.ro\/outdoor\/2021\/07\/19\/cronica-de-luni-11\/#article","isPartOf":{"@id":"https:\/\/ski-outdoor.ro\/outdoor\/2021\/07\/19\/cronica-de-luni-11\/#webpage"},"author":{"@id":"https:\/\/ski-outdoor.ro\/outdoor\/#\/schema\/person\/29661f8d079aa10872d8edcf2a2a520b"},"headline":"Cronica de Luni","datePublished":"2021-07-19T15:48:13+00:00","dateModified":"2021-07-19T15:48:15+00:00","mainEntityOfPage":{"@id":"https:\/\/ski-outdoor.ro\/outdoor\/2021\/07\/19\/cronica-de-luni-11\/#webpage"},"wordCount":508,"commentCount":0,"publisher":{"@id":"https:\/\/ski-outdoor.ro\/outdoor\/#organization"},"image":{"@id":"https:\/\/ski-outdoor.ro\/outdoor\/2021\/07\/19\/cronica-de-luni-11\/#primaryimage"},"thumbnailUrl":"https:\/\/ski-outdoor.ro\/outdoor\/wp-content\/uploads\/sites\/4\/2021\/07\/BRASOV-MSRATHON.jpg","keywords":["alergare","brasov marathon","cpmeptitie","cronica","cronica de luni","Vasile Cipcigan"],"articleSection":["Actualit\u0103\u021bi","Competi\u021bie"],"inLanguage":"ro-RO","potentialAction":[{"@type":"CommentAction","name":"Comment","target":["https:\/\/ski-outdoor.ro\/outdoor\/2021\/07\/19\/cronica-de-luni-11\/#respond"]}]},{"@type":"Person","@id":"https:\/\/ski-outdoor.ro\/outdoor\/#\/schema\/person\/29661f8d079aa10872d8edcf2a2a520b","name":"Bianca \u0218omlea","image":{"@type":"ImageObject","@id":"https:\/\/ski-outdoor.ro\/outdoor\/#personlogo","inLanguage":"ro-RO","url":"https:\/\/secure.gravatar.com\/avatar\/b39a83203da3fc8888ded6e8052246ad?s=96&d=mm&r=g","contentUrl":"https:\/\/secure.gravatar.com\/avatar\/b39a83203da3fc8888ded6e8052246ad?s=96&d=mm&r=g","caption":"Bianca \u0218omlea"},"url":"https:\/\/ski-outdoor.ro\/outdoor\/author\/editorfb206\/"}]}},"_links":{"self":[{"href":"https:\/\/ski-outdoor.ro\/outdoor\/wp-json\/wp\/v2\/posts\/6746"}],"collection":[{"href":"https:\/\/ski-outdoor.ro\/outdoor\/wp-json\/wp\/v2\/posts"}],"about":[{"href":"https:\/\/ski-outdoor.ro\/outdoor\/wp-json\/wp\/v2\/types\/post"}],"author":[{"embeddable":true,"href":"https:\/\/ski-outdoor.ro\/outdoor\/wp-json\/wp\/v2\/users\/16"}],"replies":[{"embeddable":true,"href":"https:\/\/ski-outdoor.ro\/outdoor\/wp-json\/wp\/v2\/comments?post=6746"}],"version-history":[{"count":1,"href":"https:\/\/ski-outdoor.ro\/outdoor\/wp-json\/wp\/v2\/posts\/6746\/revisions"}],"predecessor-version":[{"id":6751,"href":"https:\/\/ski-outdoor.ro\/outdoor\/wp-json\/wp\/v2\/posts\/6746\/revisions\/6751"}],"wp:featuredmedia":[{"embeddable":true,"href":"https:\/\/ski-outdoor.ro\/outdoor\/wp-json\/wp\/v2\/media\/6747"}],"wp:attachment":[{"href":"https:\/\/ski-outdoor.ro\/outdoor\/wp-json\/wp\/v2\/media?parent=6746"}],"wp:term":[{"taxonomy":"category","embeddable":true,"href":"https:\/\/ski-outdoor.ro\/outdoor\/wp-json\/wp\/v2\/categories?post=6746"},{"taxonomy":"post_tag","embeddable":true,"href":"https:\/\/ski-outdoor.ro\/outdoor\/wp-json\/wp\/v2\/tags?post=6746"}],"curies":[{"name":"wp","href":"https:\/\/api.w.org\/{rel}","templated":true}]}}