{"id":6785,"date":"2021-07-28T13:59:55","date_gmt":"2021-07-28T13:59:55","guid":{"rendered":"https:\/\/ski-outdoor.ro\/outdoor\/?p=6785"},"modified":"2021-07-28T13:59:57","modified_gmt":"2021-07-28T13:59:57","slug":"cea1-borsec-festival-va-asteapta-in-weekendul-30-iulie-1-august","status":"publish","type":"post","link":"https:\/\/ski-outdoor.ro\/outdoor\/2021\/07\/28\/cea1-borsec-festival-va-asteapta-in-weekendul-30-iulie-1-august\/","title":{"rendered":"Cea1 Borsec Festival v\u0103 a\u0219teapt\u0103 \u00een weekendul 30 iulie \u2013 1 august"},"content":{"rendered":"<p>Cea de-a patra edi\u021bie a <strong>Cea1 Borsec Festival<\/strong> va avea loc \u00een perioada 30 iulie \u2013 1 august. Evenimentul va fi deschis de <strong>Goran Bregovi\u0107<\/strong>, cu un concert eveniment organizat pe scena amenajat\u0103 pe P\u00e2rtia Speran\u021ba.<\/p>\n<p><img loading=\"lazy\" class=\"aligncenter wp-image-6786\" src=\"https:\/\/ski-outdoor.ro\/outdoor\/wp-content\/uploads\/sites\/4\/2021\/07\/ada-26-iulie-2021-007-212x300.jpg\" alt=\"\" width=\"300\" height=\"425\" srcset=\"https:\/\/ski-outdoor.ro\/outdoor\/wp-content\/uploads\/sites\/4\/2021\/07\/ada-26-iulie-2021-007-212x300.jpg 212w, https:\/\/ski-outdoor.ro\/outdoor\/wp-content\/uploads\/sites\/4\/2021\/07\/ada-26-iulie-2021-007-370x524.jpg 370w, https:\/\/ski-outdoor.ro\/outdoor\/wp-content\/uploads\/sites\/4\/2021\/07\/ada-26-iulie-2021-007-570x807.jpg 570w, https:\/\/ski-outdoor.ro\/outdoor\/wp-content\/uploads\/sites\/4\/2021\/07\/ada-26-iulie-2021-007-409x580.jpg 409w, https:\/\/ski-outdoor.ro\/outdoor\/wp-content\/uploads\/sites\/4\/2021\/07\/ada-26-iulie-2021-007.jpg 574w\" sizes=\"(max-width: 300px) 100vw, 300px\" \/>De asemenea, serile festivalului vor r\u0103suna \u00een ritmurile celor de la <strong>Balkan Taksim<\/strong>, trupa <strong>Om la lun\u0103<\/strong> \u0219i forma\u021biile maghiare <strong>Role<\/strong>, <strong>Koszika&amp;The Hotshots<\/strong> \u0219i violoncenistul <strong>Kalmus Felici\u00e1n<\/strong>.<\/p>\n<p>Duminic\u0103, 1 august, amatorii de muzic\u0103 popular\u0103 se vor putea bucura de concertul \u201eDor de c\u00e2ntec, Dor de joc, de frumos, Dor de Borsec.\u201d<\/p>\n<p>Vedeta festivalului va fi, ca de fiecare dat\u0103, ceaunul. Demonstra\u021biile de g\u0103tit la ceaun vor fi admirate, apreciate \u0219i gustate \u00een zona <strong>Ceaunele lumii<\/strong>, unde echipe venite din cele 4 col\u021buri ale \u021b\u0103rii vor g\u0103ti preparate specifice diverselor etnii sau na\u021bionalit\u0103\u021bi, de unde nu va lipsi, evident, gula\u0219ul secuiesc.<\/p>\n<p>Revine la festival \u0219i echipa de Mae\u0219tri buc\u0103tari din Ungaria care vor g\u0103ti o specialitate ungureasc\u0103 foarte apreciat\u0103 la Budapesta \u00eentr-un ceaun de 600 de l. Nu vor lipsi lipovenii lui<strong> Ivan Patzaichin<\/strong>, ceaunul s\u00e2rbesc, moldovenesc, moc\u0103nesc \u0219i alte suprize pe care organizatorii le preg\u0103tesc la fa\u021ba locului.<\/p>\n<p>Tot s\u00e2mb\u0103t\u0103, pe scena de la P\u00e2rtia de Schi, va avea loc deja obi\u0219nuita Conferin\u021b\u0103 SPORTURI OUTDOOR, \u00een parteneriat cu <strong>Visit Harghita<\/strong> \u0219i revista <strong>SKI&amp;OUTDOOR MAGAZINE<\/strong>, cu tema: Sporturile OUTDOOR \u00een Jude\u021bul Harghita cu mari campioni \u00een disciplinele de outdoor.<\/p>\n<p>Duminic\u0103, 1 august 2021, este ziua concursului de g\u0103tit deschis tuturor celor interesa\u021bi. Premiul cel mare este de 3.000 de ron.<\/p>\n<p>Vor fi organizate concursuri de Cros Montan, Orientare \u00een alergare, demonstra\u021bii de parapant\u0103 \u0219i Mountain Bike. Dup\u0103 succesul formidabil al edi\u021biei de anul trecut, nu va lipsi nici concursul pe echipe la \u0219ah &#8211; Cupa Villa Montana Borsec.<\/p>\n<p>\u201e<strong><em>Tot ce ne dorim \u00een acest an este s\u0103 reu\u0219im,\u00eempreun\u0103 cu cei care ne viziteaz\u0103, o edi\u021bie \u00een care s\u0103 fim cu to\u021bii pruden\u021bi \u0219i responsabili, aten\u021bi la cei din jur pentru a nu reveni la o situa\u021bie pe care nimeni nu \u0219i-o dore\u0219te. Am preg\u0103tit un program, credem noi,minunat, vom fi extrem de aten\u021bi la normele sanitare recomandate la ora evenimentului,\u0219i suntem siguri c\u0103 vom r\u0103m\u00e2ne doar cu amintiri frumoase<\/em><\/strong>.\u201d a declarat Dan Burlac, produc\u0103torul evenimentului.<\/p>\n<p>A\u0219adar&#8230;v\u0103 este dor de Borsec? Veni\u021bi \u00eentre 30 iulie \u2013 1 august pentru a descoperi frumuse\u0163ile \u015fi bog\u0103\u0163iile Borsecului, pentru distrac\u021bie, sport, ecologie \u015fi cultur\u0103 outdoor.<\/p>\n<p>Programul complet al evenimentului poate fi g\u0103sit pe pagina de Facebook a <a href=\"https:\/\/www.facebook.com\/Cea1BorsecFestival\" target=\"_blank\" rel=\"noopener\">Cea1 Borsec Festival<\/a> \u0219i la Centrul de Informare Turistic\u0103 din centrul sta\u021biunii Borsec.<\/p>\n<p><span style=\"text-decoration: underline\"><strong>Condi\u021bii de participare<br \/>\n<\/strong><\/span>Grija pentru respectarea normelor sanitare \u0219i de distan\u021bare este o prioritate a organizatorilor.<br \/>\nFoarte important este s\u0103 fim pruden\u021bi\u0219i responsabili \u00eempreun\u0103, de aceea participarea este permisa\u0306 doar pentru persoanele care sunt vaccinate i\u0302mpotriva virusului SARS-CoV-2, pentru care au trecut 10 zile de la finalizarea schemei complete de vaccinare, persoanele care prezinta\u0306 rezultatul negativ al unui test RT-PCR nu mai vechi de 72 de ore sau rezultatul negativ certificat al unui test antigen rapid nu mai vechi de 24 de ore.<br \/>\nUn punct de testare rapid\u0103 va fi pus la dispozi\u021bia turi\u0219tilor \u00eenainte de intrare \u00een zona de eveniment. Participan\u021bii vor avea la dispozi\u021bie solu\u021bii pentru dezinfectarea m\u00e2inilor.<\/p>\n<p><em>Scris de: Ovidiu Tebu<\/em><\/p>\n","protected":false},"excerpt":{"rendered":"<p>Cea de-a patra edi\u021bie a Cea1 Borsec Festival va avea loc \u00een perioada 30 iulie \u2013 1 august. Evenimentul va&#8230;<\/p>\n","protected":false},"author":16,"featured_media":6786,"comment_status":"open","ping_status":"open","sticky":false,"template":"","format":"standard","meta":[],"categories":[40,41,38],"tags":[3055,3056,2468,2469,432,3057],"yoast_head":"<!-- This site is optimized with the Yoast SEO plugin v18.4.1 - https:\/\/yoast.com\/wordpress\/plugins\/seo\/ -->\n<title>Cea1 Borsec Festival v\u0103 a\u0219teapt\u0103 \u00een weekendul 30 iulie \u2013 1 august - Outdoor Magazine<\/title>\n<meta name=\"robots\" content=\"index, follow, max-snippet:-1, max-image-preview:large, max-video-preview:-1\" \/>\n<link rel=\"canonical\" href=\"https:\/\/ski-outdoor.ro\/outdoor\/2021\/07\/28\/cea1-borsec-festival-va-asteapta-in-weekendul-30-iulie-1-august\/\" \/>\n<meta property=\"og:locale\" content=\"ro_RO\" \/>\n<meta property=\"og:type\" content=\"article\" \/>\n<meta property=\"og:title\" content=\"Cea1 Borsec Festival v\u0103 a\u0219teapt\u0103 \u00een weekendul 30 iulie \u2013 1 august - Outdoor Magazine\" \/>\n<meta property=\"og:description\" content=\"Cea de-a patra edi\u021bie a Cea1 Borsec Festival va avea loc \u00een perioada 30 iulie \u2013 1 august. Evenimentul va...\" \/>\n<meta property=\"og:url\" content=\"https:\/\/ski-outdoor.ro\/outdoor\/2021\/07\/28\/cea1-borsec-festival-va-asteapta-in-weekendul-30-iulie-1-august\/\" \/>\n<meta property=\"og:site_name\" content=\"Outdoor Magazine\" \/>\n<meta property=\"article:publisher\" content=\"https:\/\/www.facebook.com\/skiandoutdoormagazine\" \/>\n<meta property=\"article:published_time\" content=\"2021-07-28T13:59:55+00:00\" \/>\n<meta property=\"article:modified_time\" content=\"2021-07-28T13:59:57+00:00\" \/>\n<meta property=\"og:image\" content=\"https:\/\/ski-outdoor.ro\/outdoor\/wp-content\/uploads\/sites\/4\/2021\/07\/ada-26-iulie-2021-007.jpg\" \/>\n\t<meta property=\"og:image:width\" content=\"574\" \/>\n\t<meta property=\"og:image:height\" content=\"813\" \/>\n\t<meta property=\"og:image:type\" content=\"image\/jpeg\" \/>\n<meta name=\"twitter:card\" content=\"summary_large_image\" \/>\n<meta name=\"twitter:label1\" content=\"Scris de\" \/>\n\t<meta name=\"twitter:data1\" content=\"Bianca \u0218omlea\" \/>\n\t<meta name=\"twitter:label2\" content=\"Timp estimat pentru citire\" \/>\n\t<meta name=\"twitter:data2\" content=\"3 minute\" \/>\n<script type=\"application\/ld+json\" class=\"yoast-schema-graph\">{\"@context\":\"https:\/\/schema.org\",\"@graph\":[{\"@type\":\"Organization\",\"@id\":\"https:\/\/ski-outdoor.ro\/outdoor\/#organization\",\"name\":\"Ski & Outdoor Magazine\",\"url\":\"https:\/\/ski-outdoor.ro\/outdoor\/\",\"sameAs\":[\"https:\/\/www.facebook.com\/skiandoutdoormagazine\"],\"logo\":{\"@type\":\"ImageObject\",\"@id\":\"https:\/\/ski-outdoor.ro\/outdoor\/#logo\",\"inLanguage\":\"ro-RO\",\"url\":\"https:\/\/ski-outdoor.ro\/outdoor\/wp-content\/uploads\/sites\/4\/2019\/05\/logo-e1557923623153.png\",\"contentUrl\":\"https:\/\/ski-outdoor.ro\/outdoor\/wp-content\/uploads\/sites\/4\/2019\/05\/logo-e1557923623153.png\",\"width\":600,\"height\":165,\"caption\":\"Ski & Outdoor Magazine\"},\"image\":{\"@id\":\"https:\/\/ski-outdoor.ro\/outdoor\/#logo\"}},{\"@type\":\"WebSite\",\"@id\":\"https:\/\/ski-outdoor.ro\/outdoor\/#website\",\"url\":\"https:\/\/ski-outdoor.ro\/outdoor\/\",\"name\":\"Outdoor Magazine\",\"description\":\"\",\"publisher\":{\"@id\":\"https:\/\/ski-outdoor.ro\/outdoor\/#organization\"},\"potentialAction\":[{\"@type\":\"SearchAction\",\"target\":{\"@type\":\"EntryPoint\",\"urlTemplate\":\"https:\/\/ski-outdoor.ro\/outdoor\/?s={search_term_string}\"},\"query-input\":\"required name=search_term_string\"}],\"inLanguage\":\"ro-RO\"},{\"@type\":\"ImageObject\",\"@id\":\"https:\/\/ski-outdoor.ro\/outdoor\/2021\/07\/28\/cea1-borsec-festival-va-asteapta-in-weekendul-30-iulie-1-august\/#primaryimage\",\"inLanguage\":\"ro-RO\",\"url\":\"https:\/\/ski-outdoor.ro\/outdoor\/wp-content\/uploads\/sites\/4\/2021\/07\/ada-26-iulie-2021-007.jpg\",\"contentUrl\":\"https:\/\/ski-outdoor.ro\/outdoor\/wp-content\/uploads\/sites\/4\/2021\/07\/ada-26-iulie-2021-007.jpg\",\"width\":574,\"height\":813},{\"@type\":\"WebPage\",\"@id\":\"https:\/\/ski-outdoor.ro\/outdoor\/2021\/07\/28\/cea1-borsec-festival-va-asteapta-in-weekendul-30-iulie-1-august\/#webpage\",\"url\":\"https:\/\/ski-outdoor.ro\/outdoor\/2021\/07\/28\/cea1-borsec-festival-va-asteapta-in-weekendul-30-iulie-1-august\/\",\"name\":\"Cea1 Borsec Festival v\u0103 a\u0219teapt\u0103 \u00een weekendul 30 iulie \u2013 1 august - Outdoor Magazine\",\"isPartOf\":{\"@id\":\"https:\/\/ski-outdoor.ro\/outdoor\/#website\"},\"primaryImageOfPage\":{\"@id\":\"https:\/\/ski-outdoor.ro\/outdoor\/2021\/07\/28\/cea1-borsec-festival-va-asteapta-in-weekendul-30-iulie-1-august\/#primaryimage\"},\"datePublished\":\"2021-07-28T13:59:55+00:00\",\"dateModified\":\"2021-07-28T13:59:57+00:00\",\"breadcrumb\":{\"@id\":\"https:\/\/ski-outdoor.ro\/outdoor\/2021\/07\/28\/cea1-borsec-festival-va-asteapta-in-weekendul-30-iulie-1-august\/#breadcrumb\"},\"inLanguage\":\"ro-RO\",\"potentialAction\":[{\"@type\":\"ReadAction\",\"target\":[\"https:\/\/ski-outdoor.ro\/outdoor\/2021\/07\/28\/cea1-borsec-festival-va-asteapta-in-weekendul-30-iulie-1-august\/\"]}]},{\"@type\":\"BreadcrumbList\",\"@id\":\"https:\/\/ski-outdoor.ro\/outdoor\/2021\/07\/28\/cea1-borsec-festival-va-asteapta-in-weekendul-30-iulie-1-august\/#breadcrumb\",\"itemListElement\":[{\"@type\":\"ListItem\",\"position\":1,\"name\":\"Home\",\"item\":\"https:\/\/ski-outdoor.ro\/outdoor\/\"},{\"@type\":\"ListItem\",\"position\":2,\"name\":\"Cea1 Borsec Festival v\u0103 a\u0219teapt\u0103 \u00een weekendul 30 iulie \u2013 1 august\"}]},{\"@type\":\"Article\",\"@id\":\"https:\/\/ski-outdoor.ro\/outdoor\/2021\/07\/28\/cea1-borsec-festival-va-asteapta-in-weekendul-30-iulie-1-august\/#article\",\"isPartOf\":{\"@id\":\"https:\/\/ski-outdoor.ro\/outdoor\/2021\/07\/28\/cea1-borsec-festival-va-asteapta-in-weekendul-30-iulie-1-august\/#webpage\"},\"author\":{\"@id\":\"https:\/\/ski-outdoor.ro\/outdoor\/#\/schema\/person\/29661f8d079aa10872d8edcf2a2a520b\"},\"headline\":\"Cea1 Borsec Festival v\u0103 a\u0219teapt\u0103 \u00een weekendul 30 iulie \u2013 1 august\",\"datePublished\":\"2021-07-28T13:59:55+00:00\",\"dateModified\":\"2021-07-28T13:59:57+00:00\",\"mainEntityOfPage\":{\"@id\":\"https:\/\/ski-outdoor.ro\/outdoor\/2021\/07\/28\/cea1-borsec-festival-va-asteapta-in-weekendul-30-iulie-1-august\/#webpage\"},\"wordCount\":588,\"commentCount\":0,\"publisher\":{\"@id\":\"https:\/\/ski-outdoor.ro\/outdoor\/#organization\"},\"image\":{\"@id\":\"https:\/\/ski-outdoor.ro\/outdoor\/2021\/07\/28\/cea1-borsec-festival-va-asteapta-in-weekendul-30-iulie-1-august\/#primaryimage\"},\"thumbnailUrl\":\"https:\/\/ski-outdoor.ro\/outdoor\/wp-content\/uploads\/sites\/4\/2021\/07\/ada-26-iulie-2021-007.jpg\",\"keywords\":[\"boresc\",\"cea1 borsec festival\",\"ceaun\",\"ceaun borsec festival\",\"festival\",\"goran bregovic\"],\"articleSection\":[\"Events\",\"Inedit\",\"\u0218tiri\"],\"inLanguage\":\"ro-RO\",\"potentialAction\":[{\"@type\":\"CommentAction\",\"name\":\"Comment\",\"target\":[\"https:\/\/ski-outdoor.ro\/outdoor\/2021\/07\/28\/cea1-borsec-festival-va-asteapta-in-weekendul-30-iulie-1-august\/#respond\"]}]},{\"@type\":\"Person\",\"@id\":\"https:\/\/ski-outdoor.ro\/outdoor\/#\/schema\/person\/29661f8d079aa10872d8edcf2a2a520b\",\"name\":\"Bianca \u0218omlea\",\"image\":{\"@type\":\"ImageObject\",\"@id\":\"https:\/\/ski-outdoor.ro\/outdoor\/#personlogo\",\"inLanguage\":\"ro-RO\",\"url\":\"https:\/\/secure.gravatar.com\/avatar\/b39a83203da3fc8888ded6e8052246ad?s=96&d=mm&r=g\",\"contentUrl\":\"https:\/\/secure.gravatar.com\/avatar\/b39a83203da3fc8888ded6e8052246ad?s=96&d=mm&r=g\",\"caption\":\"Bianca \u0218omlea\"},\"url\":\"https:\/\/ski-outdoor.ro\/outdoor\/author\/editorfb206\/\"}]}<\/script>\n<!-- \/ Yoast SEO plugin. -->","yoast_head_json":{"title":"Cea1 Borsec Festival v\u0103 a\u0219teapt\u0103 \u00een weekendul 30 iulie \u2013 1 august - Outdoor Magazine","robots":{"index":"index","follow":"follow","max-snippet":"max-snippet:-1","max-image-preview":"max-image-preview:large","max-video-preview":"max-video-preview:-1"},"canonical":"https:\/\/ski-outdoor.ro\/outdoor\/2021\/07\/28\/cea1-borsec-festival-va-asteapta-in-weekendul-30-iulie-1-august\/","og_locale":"ro_RO","og_type":"article","og_title":"Cea1 Borsec Festival v\u0103 a\u0219teapt\u0103 \u00een weekendul 30 iulie \u2013 1 august - Outdoor Magazine","og_description":"Cea de-a patra edi\u021bie a Cea1 Borsec Festival va avea loc \u00een perioada 30 iulie \u2013 1 august. Evenimentul va...","og_url":"https:\/\/ski-outdoor.ro\/outdoor\/2021\/07\/28\/cea1-borsec-festival-va-asteapta-in-weekendul-30-iulie-1-august\/","og_site_name":"Outdoor Magazine","article_publisher":"https:\/\/www.facebook.com\/skiandoutdoormagazine","article_published_time":"2021-07-28T13:59:55+00:00","article_modified_time":"2021-07-28T13:59:57+00:00","og_image":[{"width":574,"height":813,"url":"https:\/\/ski-outdoor.ro\/outdoor\/wp-content\/uploads\/sites\/4\/2021\/07\/ada-26-iulie-2021-007.jpg","type":"image\/jpeg"}],"twitter_card":"summary_large_image","twitter_misc":{"Scris de":"Bianca \u0218omlea","Timp estimat pentru citire":"3 minute"},"schema":{"@context":"https:\/\/schema.org","@graph":[{"@type":"Organization","@id":"https:\/\/ski-outdoor.ro\/outdoor\/#organization","name":"Ski & Outdoor Magazine","url":"https:\/\/ski-outdoor.ro\/outdoor\/","sameAs":["https:\/\/www.facebook.com\/skiandoutdoormagazine"],"logo":{"@type":"ImageObject","@id":"https:\/\/ski-outdoor.ro\/outdoor\/#logo","inLanguage":"ro-RO","url":"https:\/\/ski-outdoor.ro\/outdoor\/wp-content\/uploads\/sites\/4\/2019\/05\/logo-e1557923623153.png","contentUrl":"https:\/\/ski-outdoor.ro\/outdoor\/wp-content\/uploads\/sites\/4\/2019\/05\/logo-e1557923623153.png","width":600,"height":165,"caption":"Ski & Outdoor Magazine"},"image":{"@id":"https:\/\/ski-outdoor.ro\/outdoor\/#logo"}},{"@type":"WebSite","@id":"https:\/\/ski-outdoor.ro\/outdoor\/#website","url":"https:\/\/ski-outdoor.ro\/outdoor\/","name":"Outdoor Magazine","description":"","publisher":{"@id":"https:\/\/ski-outdoor.ro\/outdoor\/#organization"},"potentialAction":[{"@type":"SearchAction","target":{"@type":"EntryPoint","urlTemplate":"https:\/\/ski-outdoor.ro\/outdoor\/?s={search_term_string}"},"query-input":"required name=search_term_string"}],"inLanguage":"ro-RO"},{"@type":"ImageObject","@id":"https:\/\/ski-outdoor.ro\/outdoor\/2021\/07\/28\/cea1-borsec-festival-va-asteapta-in-weekendul-30-iulie-1-august\/#primaryimage","inLanguage":"ro-RO","url":"https:\/\/ski-outdoor.ro\/outdoor\/wp-content\/uploads\/sites\/4\/2021\/07\/ada-26-iulie-2021-007.jpg","contentUrl":"https:\/\/ski-outdoor.ro\/outdoor\/wp-content\/uploads\/sites\/4\/2021\/07\/ada-26-iulie-2021-007.jpg","width":574,"height":813},{"@type":"WebPage","@id":"https:\/\/ski-outdoor.ro\/outdoor\/2021\/07\/28\/cea1-borsec-festival-va-asteapta-in-weekendul-30-iulie-1-august\/#webpage","url":"https:\/\/ski-outdoor.ro\/outdoor\/2021\/07\/28\/cea1-borsec-festival-va-asteapta-in-weekendul-30-iulie-1-august\/","name":"Cea1 Borsec Festival v\u0103 a\u0219teapt\u0103 \u00een weekendul 30 iulie \u2013 1 august - Outdoor Magazine","isPartOf":{"@id":"https:\/\/ski-outdoor.ro\/outdoor\/#website"},"primaryImageOfPage":{"@id":"https:\/\/ski-outdoor.ro\/outdoor\/2021\/07\/28\/cea1-borsec-festival-va-asteapta-in-weekendul-30-iulie-1-august\/#primaryimage"},"datePublished":"2021-07-28T13:59:55+00:00","dateModified":"2021-07-28T13:59:57+00:00","breadcrumb":{"@id":"https:\/\/ski-outdoor.ro\/outdoor\/2021\/07\/28\/cea1-borsec-festival-va-asteapta-in-weekendul-30-iulie-1-august\/#breadcrumb"},"inLanguage":"ro-RO","potentialAction":[{"@type":"ReadAction","target":["https:\/\/ski-outdoor.ro\/outdoor\/2021\/07\/28\/cea1-borsec-festival-va-asteapta-in-weekendul-30-iulie-1-august\/"]}]},{"@type":"BreadcrumbList","@id":"https:\/\/ski-outdoor.ro\/outdoor\/2021\/07\/28\/cea1-borsec-festival-va-asteapta-in-weekendul-30-iulie-1-august\/#breadcrumb","itemListElement":[{"@type":"ListItem","position":1,"name":"Home","item":"https:\/\/ski-outdoor.ro\/outdoor\/"},{"@type":"ListItem","position":2,"name":"Cea1 Borsec Festival v\u0103 a\u0219teapt\u0103 \u00een weekendul 30 iulie \u2013 1 august"}]},{"@type":"Article","@id":"https:\/\/ski-outdoor.ro\/outdoor\/2021\/07\/28\/cea1-borsec-festival-va-asteapta-in-weekendul-30-iulie-1-august\/#article","isPartOf":{"@id":"https:\/\/ski-outdoor.ro\/outdoor\/2021\/07\/28\/cea1-borsec-festival-va-asteapta-in-weekendul-30-iulie-1-august\/#webpage"},"author":{"@id":"https:\/\/ski-outdoor.ro\/outdoor\/#\/schema\/person\/29661f8d079aa10872d8edcf2a2a520b"},"headline":"Cea1 Borsec Festival v\u0103 a\u0219teapt\u0103 \u00een weekendul 30 iulie \u2013 1 august","datePublished":"2021-07-28T13:59:55+00:00","dateModified":"2021-07-28T13:59:57+00:00","mainEntityOfPage":{"@id":"https:\/\/ski-outdoor.ro\/outdoor\/2021\/07\/28\/cea1-borsec-festival-va-asteapta-in-weekendul-30-iulie-1-august\/#webpage"},"wordCount":588,"commentCount":0,"publisher":{"@id":"https:\/\/ski-outdoor.ro\/outdoor\/#organization"},"image":{"@id":"https:\/\/ski-outdoor.ro\/outdoor\/2021\/07\/28\/cea1-borsec-festival-va-asteapta-in-weekendul-30-iulie-1-august\/#primaryimage"},"thumbnailUrl":"https:\/\/ski-outdoor.ro\/outdoor\/wp-content\/uploads\/sites\/4\/2021\/07\/ada-26-iulie-2021-007.jpg","keywords":["boresc","cea1 borsec festival","ceaun","ceaun borsec festival","festival","goran bregovic"],"articleSection":["Events","Inedit","\u0218tiri"],"inLanguage":"ro-RO","potentialAction":[{"@type":"CommentAction","name":"Comment","target":["https:\/\/ski-outdoor.ro\/outdoor\/2021\/07\/28\/cea1-borsec-festival-va-asteapta-in-weekendul-30-iulie-1-august\/#respond"]}]},{"@type":"Person","@id":"https:\/\/ski-outdoor.ro\/outdoor\/#\/schema\/person\/29661f8d079aa10872d8edcf2a2a520b","name":"Bianca \u0218omlea","image":{"@type":"ImageObject","@id":"https:\/\/ski-outdoor.ro\/outdoor\/#personlogo","inLanguage":"ro-RO","url":"https:\/\/secure.gravatar.com\/avatar\/b39a83203da3fc8888ded6e8052246ad?s=96&d=mm&r=g","contentUrl":"https:\/\/secure.gravatar.com\/avatar\/b39a83203da3fc8888ded6e8052246ad?s=96&d=mm&r=g","caption":"Bianca \u0218omlea"},"url":"https:\/\/ski-outdoor.ro\/outdoor\/author\/editorfb206\/"}]}},"_links":{"self":[{"href":"https:\/\/ski-outdoor.ro\/outdoor\/wp-json\/wp\/v2\/posts\/6785"}],"collection":[{"href":"https:\/\/ski-outdoor.ro\/outdoor\/wp-json\/wp\/v2\/posts"}],"about":[{"href":"https:\/\/ski-outdoor.ro\/outdoor\/wp-json\/wp\/v2\/types\/post"}],"author":[{"embeddable":true,"href":"https:\/\/ski-outdoor.ro\/outdoor\/wp-json\/wp\/v2\/users\/16"}],"replies":[{"embeddable":true,"href":"https:\/\/ski-outdoor.ro\/outdoor\/wp-json\/wp\/v2\/comments?post=6785"}],"version-history":[{"count":6,"href":"https:\/\/ski-outdoor.ro\/outdoor\/wp-json\/wp\/v2\/posts\/6785\/revisions"}],"predecessor-version":[{"id":6792,"href":"https:\/\/ski-outdoor.ro\/outdoor\/wp-json\/wp\/v2\/posts\/6785\/revisions\/6792"}],"wp:featuredmedia":[{"embeddable":true,"href":"https:\/\/ski-outdoor.ro\/outdoor\/wp-json\/wp\/v2\/media\/6786"}],"wp:attachment":[{"href":"https:\/\/ski-outdoor.ro\/outdoor\/wp-json\/wp\/v2\/media?parent=6785"}],"wp:term":[{"taxonomy":"category","embeddable":true,"href":"https:\/\/ski-outdoor.ro\/outdoor\/wp-json\/wp\/v2\/categories?post=6785"},{"taxonomy":"post_tag","embeddable":true,"href":"https:\/\/ski-outdoor.ro\/outdoor\/wp-json\/wp\/v2\/tags?post=6785"}],"curies":[{"name":"wp","href":"https:\/\/api.w.org\/{rel}","templated":true}]}}