{"id":6922,"date":"2021-08-16T16:11:40","date_gmt":"2021-08-16T16:11:40","guid":{"rendered":"https:\/\/ski-outdoor.ro\/outdoor\/?p=6922"},"modified":"2021-08-16T16:11:42","modified_gmt":"2021-08-16T16:11:42","slug":"cugirace-startul-sezonului-de-toamna-in-alergarea-montana","status":"publish","type":"post","link":"https:\/\/ski-outdoor.ro\/outdoor\/2021\/08\/16\/cugirace-startul-sezonului-de-toamna-in-alergarea-montana\/","title":{"rendered":"CugiRace \u2013 Startul sezonului de toamna \u00een alergarea montan\u0103"},"content":{"rendered":"\n<p><strong>De c\u00e2nd am \u00eenceput s\u0103 alerg la competi\u021bii de alergare montan\u0103 m-au incitat cursele noi, \u00een zone pitore\u0219ti, organizate de cunosc\u0103tori \u00een ale alerg\u0103rii montane. \u00cen fiecare s\u0103pt\u0103m\u00e2na avem dou\u0103, trei, uneori chiar patru competi\u021bii de alergare montan\u0103, organizatorii se zbat s\u0103 ne atrag\u0103 la evenimente, pentru noi este foarte greu s\u0103 alegem (asta dac\u0103 nu suntem \u0218tefan S\u0103l\u0103gean \u0219i le alerg\u0103m pe toate).<\/strong><\/p>\n\n\n\n<figure class=\"wp-block-image size-large\"><img loading=\"lazy\" width=\"1024\" height=\"678\" src=\"https:\/\/ski-outdoor.ro\/outdoor\/wp-content\/uploads\/sites\/4\/2021\/08\/DSC_0936-1024x678.jpg\" alt=\"\" class=\"wp-image-6925\" srcset=\"https:\/\/ski-outdoor.ro\/outdoor\/wp-content\/uploads\/sites\/4\/2021\/08\/DSC_0936-1024x678.jpg 1024w, https:\/\/ski-outdoor.ro\/outdoor\/wp-content\/uploads\/sites\/4\/2021\/08\/DSC_0936-300x199.jpg 300w, https:\/\/ski-outdoor.ro\/outdoor\/wp-content\/uploads\/sites\/4\/2021\/08\/DSC_0936-768x509.jpg 768w, https:\/\/ski-outdoor.ro\/outdoor\/wp-content\/uploads\/sites\/4\/2021\/08\/DSC_0936-1536x1017.jpg 1536w, https:\/\/ski-outdoor.ro\/outdoor\/wp-content\/uploads\/sites\/4\/2021\/08\/DSC_0936-2048x1356.jpg 2048w, https:\/\/ski-outdoor.ro\/outdoor\/wp-content\/uploads\/sites\/4\/2021\/08\/DSC_0936-270x180.jpg 270w, https:\/\/ski-outdoor.ro\/outdoor\/wp-content\/uploads\/sites\/4\/2021\/08\/DSC_0936-370x245.jpg 370w, https:\/\/ski-outdoor.ro\/outdoor\/wp-content\/uploads\/sites\/4\/2021\/08\/DSC_0936-570x378.jpg 570w, https:\/\/ski-outdoor.ro\/outdoor\/wp-content\/uploads\/sites\/4\/2021\/08\/DSC_0936-770x510.jpg 770w, https:\/\/ski-outdoor.ro\/outdoor\/wp-content\/uploads\/sites\/4\/2021\/08\/DSC_0936-1170x775.jpg 1170w, https:\/\/ski-outdoor.ro\/outdoor\/wp-content\/uploads\/sites\/4\/2021\/08\/DSC_0936-876x580.jpg 876w\" sizes=\"(max-width: 1024px) 100vw, 1024px\" \/><\/figure>\n\n\n\n<p>Pe 04 septembrie avem, cred,\u00a0 3 evenimente majore de mi\u0219care \u00een aer liber. Eu am ales CugiRace. Iat\u0103 \u0219i de ce.<\/p>\n\n\n\n<h4>10 motive pentru care merit\u0103 s\u0103 participi la CugiRace<\/h4>\n\n\n\n<ol><li>Organizatorii evenimentului sunt o echipa tare inimoasa condus\u0103 de cunoscutul alerg\u0103tor montan Andrei Gra\u021bian Soveresan. Oamenii sunt alerg\u0103tori cu experien\u021b\u0103, \u0219tiu ce \u00ee\u0219i doresc sportivii de la un eveniment \u0219i ne preg\u0103tesc totul \u201ca\u0219a cum scrie la carte\u201d \u0219i \u00eenc\u0103 pu\u021b\u00een&#8230;\u00a0<\/li><li>Voluntarii! Cei mai importan\u021bi, din punctul meu de vedere, sunt Voluntari la un eveniment de alergare montan\u0103. Cunosc\u0103tori ai zonei, foarte dr\u0103gu\u021bi, foarte aten\u021bi la dorin\u021bele tale, tot timpul cu z\u00e2mbetul pe buze. Asta ne dorim de la voluntarii pe care \u00eei \u00eent\u00e2lnim pe traseu. Cei de la CugiRace a\u0219a au fost la prima edi\u021bie \u0219i cu siguran\u021b\u0103 a\u0219a vor fi \u0219i pe 04 septembrie.<\/li><li>Traseele foarte fain alese. Zona este demen\u021bial\u0103. Plaiuri alergabile, p\u0103duri care de abia a\u0219teapt\u0103 se fie b\u0103tute de Hoka, Altra, La Sportiv\u0103, Salomon sau alte branduri de \u00eenc\u0103l\u021b\u0103minte. Pode\u021be, izvoare, urc\u0103ri provocatoare, cobor\u00e2ri care incit\u0103 la vitez\u0103, toate fac parte din arsenalul celor de la CugiRace.<\/li><li>Sunt\u00a0cinci curse la aceast\u0103 edi\u021bie. A\u0219a c\u0103 avem de unde alege:<\/li><\/ol>\n\n\n\n<p><strong>&#8211;<\/strong><strong> Cursa copiilor<\/strong> care se va desf\u0103\u0219ura \u00een Poiana cu Goruni (zona de start\/finish a evenimentului)<\/p>\n\n\n\n<figure class=\"wp-block-image size-large\"><img loading=\"lazy\" width=\"1024\" height=\"683\" src=\"https:\/\/ski-outdoor.ro\/outdoor\/wp-content\/uploads\/sites\/4\/2021\/08\/DSC_6626-1024x683.jpg\" alt=\"\" class=\"wp-image-6924\" srcset=\"https:\/\/ski-outdoor.ro\/outdoor\/wp-content\/uploads\/sites\/4\/2021\/08\/DSC_6626-1024x683.jpg 1024w, https:\/\/ski-outdoor.ro\/outdoor\/wp-content\/uploads\/sites\/4\/2021\/08\/DSC_6626-300x200.jpg 300w, https:\/\/ski-outdoor.ro\/outdoor\/wp-content\/uploads\/sites\/4\/2021\/08\/DSC_6626-768x513.jpg 768w, https:\/\/ski-outdoor.ro\/outdoor\/wp-content\/uploads\/sites\/4\/2021\/08\/DSC_6626-1536x1025.jpg 1536w, https:\/\/ski-outdoor.ro\/outdoor\/wp-content\/uploads\/sites\/4\/2021\/08\/DSC_6626-2048x1367.jpg 2048w, https:\/\/ski-outdoor.ro\/outdoor\/wp-content\/uploads\/sites\/4\/2021\/08\/DSC_6626-370x247.jpg 370w, https:\/\/ski-outdoor.ro\/outdoor\/wp-content\/uploads\/sites\/4\/2021\/08\/DSC_6626-270x180.jpg 270w, https:\/\/ski-outdoor.ro\/outdoor\/wp-content\/uploads\/sites\/4\/2021\/08\/DSC_6626-570x380.jpg 570w, https:\/\/ski-outdoor.ro\/outdoor\/wp-content\/uploads\/sites\/4\/2021\/08\/DSC_6626-770x514.jpg 770w, https:\/\/ski-outdoor.ro\/outdoor\/wp-content\/uploads\/sites\/4\/2021\/08\/DSC_6626-1170x781.jpg 1170w, https:\/\/ski-outdoor.ro\/outdoor\/wp-content\/uploads\/sites\/4\/2021\/08\/DSC_6626-869x580.jpg 869w\" sizes=\"(max-width: 1024px) 100vw, 1024px\" \/><\/figure>\n\n\n\n<p><strong>&#8211; <\/strong><strong>Cursa scurt\u0103<\/strong> este una nou introdus\u0103, \u00een \u00eencercarea de a face concursul c\u00e2t mai accesibil.&nbsp;<\/p>\n\n\n\n<p>Aceast\u0103 curs\u0103 a fost g\u00e2ndit\u0103 c\u0103 fiind una de ini\u021biere \u00een alergare, \u0219i nu competitiv\u0103. Traseul este u\u0219or, cu o diferen\u021b\u0103 de nivel mic\u0103 \u0219i se va desf\u0103\u0219ura, preponderent, \u00een zon\u0103 de p\u0103dure.\u00a0Descriere traseu aici: <a href=\"https:\/\/cugirace.ro\/curse\/cursa-scurta-2021\" target=\"_blank\" rel=\"noreferrer noopener\">cugirace\/cursa-scurt\u0103-2021<\/a><\/p>\n\n\n\n<p>&#8211; <strong>Cros Silviu Picli\u0219an<\/strong>, aceast\u0103 prob\u0103 este ideal\u0103 pentru pasiona\u021bii de alergare pe distan\u021be scurte. E o curs\u0103 rapid\u0103, cu diferen\u021ba mic\u0103 de nivel, care str\u0103bate P\u0103durea Vaideiului \u0219i dealurile din vestul Cugirului, oferind \u0219i o priveli\u0219te frumoas\u0103 asupra ora\u0219ului. Descriere traseu aici: <a href=\"https:\/\/cugirace.ro\/curse\/cros-2021\" target=\"_blank\" rel=\"noreferrer noopener\">cugirace.ro\/cros-2021<\/a><\/p>\n\n\n\n<p><strong>&#8211; Cursa de semimaraton<\/strong> are un traseu care nu\u00a0 este unul tehnic, dar dificultatea lui const\u0103 \u00een diferen\u021ba de nivel ridicat\u0103. Str\u0103bate zone de p\u0103dure, traverseaz\u0103 c\u0103tunul Fe\u021beni \u0219i ajunge \u00een zona Cet\u0103\u021b\u00eei Dacice de la Cugir. Descriere traseu aici: <a href=\"https:\/\/cugirace.ro\/curse\/semimaraton-2021\" target=\"_blank\" rel=\"noreferrer noopener\">cugirace.ro\/semimaraton-2021<\/a><\/p>\n\n\n\n<p>&#8211; <strong>Cursa de ultramaraton<\/strong>&nbsp; este g\u00e2ndita c\u0103 trecere pentru cei care doresc s\u0103 evolueze de la curse de maraton la cele de ultra. Anul acesta traseul va fi mai lung cu 10 km fa\u021b\u0103 de cel de anul trecut, evit\u00e2nd zonele foarte tehnice (ultima cobor\u00e2re; cei care au participat \u00een 2019 \u0219tiu la ce ne referim).<\/p>\n\n\n\n<p>Anul acesta se va alerga inclusiv pe Wasserline, nu vor mai exist\u0103 zone de asfalt\/piatr\u0103 cubic\u0103, dar \u00een schimb, va cre\u0219te diferen\u021ba de nivel pe ultimii 10 km. Descriere traseu aici: <a href=\"https:\/\/cugirace.ro\/curse\/ultramaraton-2021?fbclid=IwAR3ID9qSvdKmO97KiKxB4y5ogc3dsQvgrOrMfbZtioV9ny45iU3J2pBq9Zc\" target=\"_blank\" rel=\"noreferrer noopener\">cugirace.ro\/ultramaraton-2021<\/a><\/p>\n\n\n\n<ol start=\"5\"><li>Zona startului \u0219i a finishului a fost mutat\u0103 \u00een Poiana cu Goruni, o zona superb\u0103 care ne va permite s\u0103 savur\u0103m un eveniment tare fain \u00een mijlocul naturii. Zona permite organizarea unui camping, lucru pe care \u0219i l-au dorit mult participan\u021bi din 2019 (v-am spus c\u0103 organizatorii sunt focusati pe ce ne dorim)Zona cu standuri de prezentare a partenerilor va fi mult m\u0103rit\u0103. Scen\u0103, hamace, activit\u0103\u021bi preg\u0103tite pentru sus\u021b\u00een\u0103tori \u0219i participan\u021bi, Poiana cu Goruni va fi o super gazd\u0103 pentru noi cei ce \u00eendr\u0103gim aceast\u0103 comunitate \u2013 a alerg\u0103torilor montani.<\/li><li>Partenerii, sponsori \u0219i sus\u021bin\u0103torii evenimentului. Da, sunt un atribut important \u00een reu\u0219it\u0103 unui concept de competi\u021bie sportiv\u0103. F\u0103r\u0103 ei sincer, este aproape imposibil s\u0103 se organizeze ceva. CugiRace a avut \u00een 2019 \u0219i are \u0219i acum o echipa de sponsori \u0219i parteneri tare inimoasa care a reu\u0219it s\u0103 aduc\u0103 necesarul logistic \u0219i financiar astfel \u00eenc\u00e2t \u0219i cei mai preten\u021bio\u0219i s\u0103 se considere mul\u021bumi\u021bi. Sunt mul\u021bi \u0219i faini \u0219i va las pe voi s\u0103 \u00eei descoperi\u021bi pe site-ul evenimentului <a href=\"https:\/\/cugirace.ro\/\" target=\"_blank\" rel=\"noreferrer noopener\">https:\/\/cugirace.ro\/<\/a>. Eu doresc s\u0103 amintesc doar trei, pe l\u00e2ng\u0103 sponsorul principal StarTransmission, trei \u0219i tare faini:\u00a0 Balanganel \u2013 ei vor veni cu hamace \u00een zona Poienii cu Goruni, Tat\u0103 Vlad, ne vor delecta \u0219i hr\u0103ni cu batoanele lor foarte gustoase (crede\u021bi-m\u0103, am m\u00e2ncat o gr\u0103mad\u0103 la ProPark, sunt foarte bune!) \u0219i FluffyHearts\u00a0 care vor preg\u0103ti bandane pentru prietenii no\u0219tri cu patru labe (Sove, pe c\u00e2nd o cursa biped \u00eempreun\u0103 cu patruped gen family race?)<\/li><li>Kitul de participare tare fain \u0219i din kit mi-a s\u0103rit \u00een ochi tricoul. Arat\u0103 tare bine. E un tricou pe care po\u021bi s\u0103 \u00eel por\u021bi la antrenamente sau competi\u021bii dar \u0219i la o scurt\u0103 plimbare \u00een natur\u0103. Firma produc\u0103toare este una cunoscut\u0103 de cei ce practic\u0103 sporturile outdoor, o firma rom\u00e2neasc\u0103 \u0219i care ne-a obi\u0219nuit cu produse de super calitate. Sincer, dac\u0103 ar fi s\u0103 aleg pe cineva cu care s\u0103 colaborez la realizarea unor echipamente pentru un eveniment <a href=\"https:\/\/www.facebook.com\/BallanSportswear\/?__cft__[0]=AZU8KgPHh1Bp26jgvgZti-f_KtfPSSlD4a_dz56gQ1Yze0MbIxus9VtI_vxcU3_258lCtkE4IUGNfNzLko8nXNqElED-UOqYbrgE7K_xQLUBzwxJaDFXjaH7Qi_7TJa2hFcPsCfDsNr3Y8gwPdEa31im&amp;__tn__=kK-R\" target=\"_blank\" rel=\"noreferrer noopener\">BallanSportswear<\/a> ar fi printre primii trei de pe lista mea.<\/li><li>Pre\u021bul foarte rezonabil pentru \u00eenscrierea la cursele din cadrul acestui eveniment. C\u00e2nd pre\u021burile au explodat la cam toate \u0219i \u00een cam toate domeniile, echipa CugiRace a reu\u0219it s\u0103 organizeze un eveniment la care pre\u021bul de participare este mic. Ne-au demonstrat c\u0103 sunt focusa\u021bi pe nevoile \u0219i dolean\u021bele noastre \u0219i s-au zb\u0103tut s\u0103 g\u0103seasc\u0103 resurse alternative pentru a ne oferi un eveniment bine organizat.<\/li><li>Parteneriatul cu <a href=\"https:\/\/www.facebook.com\/InternationalTrailRunningAssociation\/?__cft__[0]=AZVvz8u1Ljlwm4b2qnmf_Gdv0Mm3fmujr6sGHGRIJtd4IWAX-EDCMXAaip3oBSth78VO7kclvl4Tb1gfW8iRONwrxzmupsNsCHWvJBhL4IpJVjE7EeAHw-GnbDhPnAaJWXhS4OYTABmKl11nXrWoQf9J&amp;__tn__=kK-R\" target=\"_blank\" rel=\"noreferrer noopener\">ITRA &#8211; Interna\u021bional Trail Running Association<\/a>. Participan\u021bi la CugiRace, la cursele de ultramaraton \u0219i semimaraton vor intr\u0103 \u00een clasamentul interna\u021bional \u0219i vor primi puncte. Finali\u0219ti probei de ultramaraton beneficieaza de 3 puncte ITRA de calificare la UTMB.<\/li><li>\u0218i nu \u00een ultimul r\u00e2nd parteneriatul cu noi &#8211; Ski&amp;Outdoor Magazine. Da, vom fi aproape de acest eveniment, \u00ee\u021bi vom prezen\u021ba traseele, nout\u0103\u021bile \u0219i surprizele organizatorilor, vom participa activ \u0219i ne vom bucur\u0103 \u00eempreun\u0103 cu voi de CugiRace. Plus vom scrie despre voi \u2013 participan\u021bii la acest eveniment!<\/li><\/ol>\n\n\n\n<figure class=\"wp-block-image size-large\"><img loading=\"lazy\" width=\"1024\" height=\"678\" src=\"https:\/\/ski-outdoor.ro\/outdoor\/wp-content\/uploads\/sites\/4\/2021\/08\/DSC_1145-1024x678.jpg\" alt=\"\" class=\"wp-image-6926\" srcset=\"https:\/\/ski-outdoor.ro\/outdoor\/wp-content\/uploads\/sites\/4\/2021\/08\/DSC_1145-1024x678.jpg 1024w, https:\/\/ski-outdoor.ro\/outdoor\/wp-content\/uploads\/sites\/4\/2021\/08\/DSC_1145-300x199.jpg 300w, https:\/\/ski-outdoor.ro\/outdoor\/wp-content\/uploads\/sites\/4\/2021\/08\/DSC_1145-768x509.jpg 768w, https:\/\/ski-outdoor.ro\/outdoor\/wp-content\/uploads\/sites\/4\/2021\/08\/DSC_1145-1536x1017.jpg 1536w, https:\/\/ski-outdoor.ro\/outdoor\/wp-content\/uploads\/sites\/4\/2021\/08\/DSC_1145-2048x1356.jpg 2048w, https:\/\/ski-outdoor.ro\/outdoor\/wp-content\/uploads\/sites\/4\/2021\/08\/DSC_1145-270x180.jpg 270w, https:\/\/ski-outdoor.ro\/outdoor\/wp-content\/uploads\/sites\/4\/2021\/08\/DSC_1145-370x245.jpg 370w, https:\/\/ski-outdoor.ro\/outdoor\/wp-content\/uploads\/sites\/4\/2021\/08\/DSC_1145-570x378.jpg 570w, https:\/\/ski-outdoor.ro\/outdoor\/wp-content\/uploads\/sites\/4\/2021\/08\/DSC_1145-770x510.jpg 770w, https:\/\/ski-outdoor.ro\/outdoor\/wp-content\/uploads\/sites\/4\/2021\/08\/DSC_1145-1170x775.jpg 1170w, https:\/\/ski-outdoor.ro\/outdoor\/wp-content\/uploads\/sites\/4\/2021\/08\/DSC_1145-876x580.jpg 876w\" sizes=\"(max-width: 1024px) 100vw, 1024px\" \/><\/figure>\n\n\n\n<p>Sper c\u0103 v-am f\u0103cut curio\u0219i \u0219i v-am incitat s\u0103 participa\u021bi la acest eveniment. Mai sunt c\u00e2tva zile p\u00e2n\u0103 se \u00eenchid \u00eenscrierile, anul acesta nu se fac \u00eenscrieri la \u201clocul faptei\u201d. A\u0219a c\u0103 nu st\u0103 pe g\u00e2nduri, las\u0103 alte planuri \u0219i intr\u0103 pe <a href=\"https:\/\/cugirace.ro\/inscrieri\" target=\"_blank\" rel=\"noreferrer noopener\">cugirace.ro\/\u00eenscrieri<\/a>. Ar fi tare fain s\u0103 ne vedem pe 04 septembrie \u00een Poiana cu Goruni \u0219i s\u0103 ne povestim peripe\u021biile de pe traseu.<\/p>\n\n\n\n<p><em>Scris de: Vasile Cipcigan<\/em><\/p>\n","protected":false},"excerpt":{"rendered":"<p>De c\u00e2nd am \u00eenceput s\u0103 alerg la competi\u021bii de alergare montan\u0103 m-au incitat cursele noi, \u00een zone pitore\u0219ti, organizate de&#8230;<\/p>\n","protected":false},"author":16,"featured_media":6923,"comment_status":"open","ping_status":"open","sticky":false,"template":"","format":"standard","meta":[],"categories":[39],"tags":[170,174,3085,404,1724],"yoast_head":"<!-- This site is optimized with the Yoast SEO plugin v18.4.1 - https:\/\/yoast.com\/wordpress\/plugins\/seo\/ -->\n<title>CugiRace \u2013 Startul sezonului de toamna \u00een alergarea montan\u0103 - Outdoor Magazine<\/title>\n<meta name=\"description\" content=\"De c\u00e2nd am \u00eenceput s\u0103 alerg la competi\u021bii de alergare montan\u0103 m-au incitat cursele noi, \u00een zone pitore\u0219ti, organizate de cunosc\u0103tori \u00een ale alerg\u0103rii montane. \u00cen fiecare s\u0103pt\u0103m\u00e2na avem dou\u0103, trei, uneori chiar patru competi\u021bii de alergare montan\u0103, organizatorii se zbat s\u0103 ne atrag\u0103 la evenimente, pentru noi este foarte greu s\u0103 alegem (asta dac\u0103 nu suntem \u0218tefan S\u0103l\u0103gean \u0219i le alerg\u0103m pe toate).\" \/>\n<meta name=\"robots\" content=\"index, follow, max-snippet:-1, max-image-preview:large, max-video-preview:-1\" \/>\n<link rel=\"canonical\" href=\"https:\/\/ski-outdoor.ro\/outdoor\/2021\/08\/16\/cugirace-startul-sezonului-de-toamna-in-alergarea-montana\/\" \/>\n<meta property=\"og:locale\" content=\"ro_RO\" \/>\n<meta property=\"og:type\" content=\"article\" \/>\n<meta property=\"og:title\" content=\"CugiRace \u2013 Startul sezonului de toamna \u00een alergarea montan\u0103 - Outdoor Magazine\" \/>\n<meta property=\"og:description\" content=\"De c\u00e2nd am \u00eenceput s\u0103 alerg la competi\u021bii de alergare montan\u0103 m-au incitat cursele noi, \u00een zone pitore\u0219ti, organizate de cunosc\u0103tori \u00een ale alerg\u0103rii montane. \u00cen fiecare s\u0103pt\u0103m\u00e2na avem dou\u0103, trei, uneori chiar patru competi\u021bii de alergare montan\u0103, organizatorii se zbat s\u0103 ne atrag\u0103 la evenimente, pentru noi este foarte greu s\u0103 alegem (asta dac\u0103 nu suntem \u0218tefan S\u0103l\u0103gean \u0219i le alerg\u0103m pe toate).\" \/>\n<meta property=\"og:url\" content=\"https:\/\/ski-outdoor.ro\/outdoor\/2021\/08\/16\/cugirace-startul-sezonului-de-toamna-in-alergarea-montana\/\" \/>\n<meta property=\"og:site_name\" content=\"Outdoor Magazine\" \/>\n<meta property=\"article:publisher\" content=\"https:\/\/www.facebook.com\/skiandoutdoormagazine\" \/>\n<meta property=\"article:published_time\" content=\"2021-08-16T16:11:40+00:00\" \/>\n<meta property=\"article:modified_time\" content=\"2021-08-16T16:11:42+00:00\" \/>\n<meta property=\"og:image\" content=\"https:\/\/ski-outdoor.ro\/outdoor\/wp-content\/uploads\/sites\/4\/2021\/08\/DSC_0838-scaled.jpg\" \/>\n\t<meta property=\"og:image:width\" content=\"2560\" \/>\n\t<meta property=\"og:image:height\" content=\"1696\" \/>\n\t<meta property=\"og:image:type\" content=\"image\/jpeg\" \/>\n<meta name=\"twitter:card\" content=\"summary_large_image\" \/>\n<meta name=\"twitter:label1\" content=\"Scris de\" \/>\n\t<meta name=\"twitter:data1\" content=\"Bianca \u0218omlea\" \/>\n\t<meta name=\"twitter:label2\" content=\"Timp estimat pentru citire\" \/>\n\t<meta name=\"twitter:data2\" content=\"6 minute\" \/>\n<script type=\"application\/ld+json\" class=\"yoast-schema-graph\">{\"@context\":\"https:\/\/schema.org\",\"@graph\":[{\"@type\":\"Organization\",\"@id\":\"https:\/\/ski-outdoor.ro\/outdoor\/#organization\",\"name\":\"Ski & Outdoor Magazine\",\"url\":\"https:\/\/ski-outdoor.ro\/outdoor\/\",\"sameAs\":[\"https:\/\/www.facebook.com\/skiandoutdoormagazine\"],\"logo\":{\"@type\":\"ImageObject\",\"@id\":\"https:\/\/ski-outdoor.ro\/outdoor\/#logo\",\"inLanguage\":\"ro-RO\",\"url\":\"https:\/\/ski-outdoor.ro\/outdoor\/wp-content\/uploads\/sites\/4\/2019\/05\/logo-e1557923623153.png\",\"contentUrl\":\"https:\/\/ski-outdoor.ro\/outdoor\/wp-content\/uploads\/sites\/4\/2019\/05\/logo-e1557923623153.png\",\"width\":600,\"height\":165,\"caption\":\"Ski & Outdoor Magazine\"},\"image\":{\"@id\":\"https:\/\/ski-outdoor.ro\/outdoor\/#logo\"}},{\"@type\":\"WebSite\",\"@id\":\"https:\/\/ski-outdoor.ro\/outdoor\/#website\",\"url\":\"https:\/\/ski-outdoor.ro\/outdoor\/\",\"name\":\"Outdoor Magazine\",\"description\":\"\",\"publisher\":{\"@id\":\"https:\/\/ski-outdoor.ro\/outdoor\/#organization\"},\"potentialAction\":[{\"@type\":\"SearchAction\",\"target\":{\"@type\":\"EntryPoint\",\"urlTemplate\":\"https:\/\/ski-outdoor.ro\/outdoor\/?s={search_term_string}\"},\"query-input\":\"required name=search_term_string\"}],\"inLanguage\":\"ro-RO\"},{\"@type\":\"ImageObject\",\"@id\":\"https:\/\/ski-outdoor.ro\/outdoor\/2021\/08\/16\/cugirace-startul-sezonului-de-toamna-in-alergarea-montana\/#primaryimage\",\"inLanguage\":\"ro-RO\",\"url\":\"https:\/\/ski-outdoor.ro\/outdoor\/wp-content\/uploads\/sites\/4\/2021\/08\/DSC_0838-scaled.jpg\",\"contentUrl\":\"https:\/\/ski-outdoor.ro\/outdoor\/wp-content\/uploads\/sites\/4\/2021\/08\/DSC_0838-scaled.jpg\",\"width\":2560,\"height\":1696},{\"@type\":\"WebPage\",\"@id\":\"https:\/\/ski-outdoor.ro\/outdoor\/2021\/08\/16\/cugirace-startul-sezonului-de-toamna-in-alergarea-montana\/#webpage\",\"url\":\"https:\/\/ski-outdoor.ro\/outdoor\/2021\/08\/16\/cugirace-startul-sezonului-de-toamna-in-alergarea-montana\/\",\"name\":\"CugiRace \u2013 Startul sezonului de toamna \u00een alergarea montan\u0103 - Outdoor Magazine\",\"isPartOf\":{\"@id\":\"https:\/\/ski-outdoor.ro\/outdoor\/#website\"},\"primaryImageOfPage\":{\"@id\":\"https:\/\/ski-outdoor.ro\/outdoor\/2021\/08\/16\/cugirace-startul-sezonului-de-toamna-in-alergarea-montana\/#primaryimage\"},\"datePublished\":\"2021-08-16T16:11:40+00:00\",\"dateModified\":\"2021-08-16T16:11:42+00:00\",\"description\":\"De c\u00e2nd am \u00eenceput s\u0103 alerg la competi\u021bii de alergare montan\u0103 m-au incitat cursele noi, \u00een zone pitore\u0219ti, organizate de cunosc\u0103tori \u00een ale alerg\u0103rii montane. \u00cen fiecare s\u0103pt\u0103m\u00e2na avem dou\u0103, trei, uneori chiar patru competi\u021bii de alergare montan\u0103, organizatorii se zbat s\u0103 ne atrag\u0103 la evenimente, pentru noi este foarte greu s\u0103 alegem (asta dac\u0103 nu suntem \u0218tefan S\u0103l\u0103gean \u0219i le alerg\u0103m pe toate).\",\"breadcrumb\":{\"@id\":\"https:\/\/ski-outdoor.ro\/outdoor\/2021\/08\/16\/cugirace-startul-sezonului-de-toamna-in-alergarea-montana\/#breadcrumb\"},\"inLanguage\":\"ro-RO\",\"potentialAction\":[{\"@type\":\"ReadAction\",\"target\":[\"https:\/\/ski-outdoor.ro\/outdoor\/2021\/08\/16\/cugirace-startul-sezonului-de-toamna-in-alergarea-montana\/\"]}]},{\"@type\":\"BreadcrumbList\",\"@id\":\"https:\/\/ski-outdoor.ro\/outdoor\/2021\/08\/16\/cugirace-startul-sezonului-de-toamna-in-alergarea-montana\/#breadcrumb\",\"itemListElement\":[{\"@type\":\"ListItem\",\"position\":1,\"name\":\"Home\",\"item\":\"https:\/\/ski-outdoor.ro\/outdoor\/\"},{\"@type\":\"ListItem\",\"position\":2,\"name\":\"CugiRace \u2013 Startul sezonului de toamna \u00een alergarea montan\u0103\"}]},{\"@type\":\"Article\",\"@id\":\"https:\/\/ski-outdoor.ro\/outdoor\/2021\/08\/16\/cugirace-startul-sezonului-de-toamna-in-alergarea-montana\/#article\",\"isPartOf\":{\"@id\":\"https:\/\/ski-outdoor.ro\/outdoor\/2021\/08\/16\/cugirace-startul-sezonului-de-toamna-in-alergarea-montana\/#webpage\"},\"author\":{\"@id\":\"https:\/\/ski-outdoor.ro\/outdoor\/#\/schema\/person\/29661f8d079aa10872d8edcf2a2a520b\"},\"headline\":\"CugiRace \u2013 Startul sezonului de toamna \u00een alergarea montan\u0103\",\"datePublished\":\"2021-08-16T16:11:40+00:00\",\"dateModified\":\"2021-08-16T16:11:42+00:00\",\"mainEntityOfPage\":{\"@id\":\"https:\/\/ski-outdoor.ro\/outdoor\/2021\/08\/16\/cugirace-startul-sezonului-de-toamna-in-alergarea-montana\/#webpage\"},\"wordCount\":1193,\"commentCount\":0,\"publisher\":{\"@id\":\"https:\/\/ski-outdoor.ro\/outdoor\/#organization\"},\"image\":{\"@id\":\"https:\/\/ski-outdoor.ro\/outdoor\/2021\/08\/16\/cugirace-startul-sezonului-de-toamna-in-alergarea-montana\/#primaryimage\"},\"thumbnailUrl\":\"https:\/\/ski-outdoor.ro\/outdoor\/wp-content\/uploads\/sites\/4\/2021\/08\/DSC_0838-scaled.jpg\",\"keywords\":[\"alergare\",\"competitie\",\"CugiRace\",\"cursa\",\"montana\"],\"articleSection\":[\"Competi\u021bie\"],\"inLanguage\":\"ro-RO\",\"potentialAction\":[{\"@type\":\"CommentAction\",\"name\":\"Comment\",\"target\":[\"https:\/\/ski-outdoor.ro\/outdoor\/2021\/08\/16\/cugirace-startul-sezonului-de-toamna-in-alergarea-montana\/#respond\"]}]},{\"@type\":\"Person\",\"@id\":\"https:\/\/ski-outdoor.ro\/outdoor\/#\/schema\/person\/29661f8d079aa10872d8edcf2a2a520b\",\"name\":\"Bianca \u0218omlea\",\"image\":{\"@type\":\"ImageObject\",\"@id\":\"https:\/\/ski-outdoor.ro\/outdoor\/#personlogo\",\"inLanguage\":\"ro-RO\",\"url\":\"https:\/\/secure.gravatar.com\/avatar\/b39a83203da3fc8888ded6e8052246ad?s=96&d=mm&r=g\",\"contentUrl\":\"https:\/\/secure.gravatar.com\/avatar\/b39a83203da3fc8888ded6e8052246ad?s=96&d=mm&r=g\",\"caption\":\"Bianca \u0218omlea\"},\"url\":\"https:\/\/ski-outdoor.ro\/outdoor\/author\/editorfb206\/\"}]}<\/script>\n<!-- \/ Yoast SEO plugin. -->","yoast_head_json":{"title":"CugiRace \u2013 Startul sezonului de toamna \u00een alergarea montan\u0103 - Outdoor Magazine","description":"De c\u00e2nd am \u00eenceput s\u0103 alerg la competi\u021bii de alergare montan\u0103 m-au incitat cursele noi, \u00een zone pitore\u0219ti, organizate de cunosc\u0103tori \u00een ale alerg\u0103rii montane. \u00cen fiecare s\u0103pt\u0103m\u00e2na avem dou\u0103, trei, uneori chiar patru competi\u021bii de alergare montan\u0103, organizatorii se zbat s\u0103 ne atrag\u0103 la evenimente, pentru noi este foarte greu s\u0103 alegem (asta dac\u0103 nu suntem \u0218tefan S\u0103l\u0103gean \u0219i le alerg\u0103m pe toate).","robots":{"index":"index","follow":"follow","max-snippet":"max-snippet:-1","max-image-preview":"max-image-preview:large","max-video-preview":"max-video-preview:-1"},"canonical":"https:\/\/ski-outdoor.ro\/outdoor\/2021\/08\/16\/cugirace-startul-sezonului-de-toamna-in-alergarea-montana\/","og_locale":"ro_RO","og_type":"article","og_title":"CugiRace \u2013 Startul sezonului de toamna \u00een alergarea montan\u0103 - Outdoor Magazine","og_description":"De c\u00e2nd am \u00eenceput s\u0103 alerg la competi\u021bii de alergare montan\u0103 m-au incitat cursele noi, \u00een zone pitore\u0219ti, organizate de cunosc\u0103tori \u00een ale alerg\u0103rii montane. \u00cen fiecare s\u0103pt\u0103m\u00e2na avem dou\u0103, trei, uneori chiar patru competi\u021bii de alergare montan\u0103, organizatorii se zbat s\u0103 ne atrag\u0103 la evenimente, pentru noi este foarte greu s\u0103 alegem (asta dac\u0103 nu suntem \u0218tefan S\u0103l\u0103gean \u0219i le alerg\u0103m pe toate).","og_url":"https:\/\/ski-outdoor.ro\/outdoor\/2021\/08\/16\/cugirace-startul-sezonului-de-toamna-in-alergarea-montana\/","og_site_name":"Outdoor Magazine","article_publisher":"https:\/\/www.facebook.com\/skiandoutdoormagazine","article_published_time":"2021-08-16T16:11:40+00:00","article_modified_time":"2021-08-16T16:11:42+00:00","og_image":[{"width":2560,"height":1696,"url":"https:\/\/ski-outdoor.ro\/outdoor\/wp-content\/uploads\/sites\/4\/2021\/08\/DSC_0838-scaled.jpg","type":"image\/jpeg"}],"twitter_card":"summary_large_image","twitter_misc":{"Scris de":"Bianca \u0218omlea","Timp estimat pentru citire":"6 minute"},"schema":{"@context":"https:\/\/schema.org","@graph":[{"@type":"Organization","@id":"https:\/\/ski-outdoor.ro\/outdoor\/#organization","name":"Ski & Outdoor Magazine","url":"https:\/\/ski-outdoor.ro\/outdoor\/","sameAs":["https:\/\/www.facebook.com\/skiandoutdoormagazine"],"logo":{"@type":"ImageObject","@id":"https:\/\/ski-outdoor.ro\/outdoor\/#logo","inLanguage":"ro-RO","url":"https:\/\/ski-outdoor.ro\/outdoor\/wp-content\/uploads\/sites\/4\/2019\/05\/logo-e1557923623153.png","contentUrl":"https:\/\/ski-outdoor.ro\/outdoor\/wp-content\/uploads\/sites\/4\/2019\/05\/logo-e1557923623153.png","width":600,"height":165,"caption":"Ski & Outdoor Magazine"},"image":{"@id":"https:\/\/ski-outdoor.ro\/outdoor\/#logo"}},{"@type":"WebSite","@id":"https:\/\/ski-outdoor.ro\/outdoor\/#website","url":"https:\/\/ski-outdoor.ro\/outdoor\/","name":"Outdoor Magazine","description":"","publisher":{"@id":"https:\/\/ski-outdoor.ro\/outdoor\/#organization"},"potentialAction":[{"@type":"SearchAction","target":{"@type":"EntryPoint","urlTemplate":"https:\/\/ski-outdoor.ro\/outdoor\/?s={search_term_string}"},"query-input":"required name=search_term_string"}],"inLanguage":"ro-RO"},{"@type":"ImageObject","@id":"https:\/\/ski-outdoor.ro\/outdoor\/2021\/08\/16\/cugirace-startul-sezonului-de-toamna-in-alergarea-montana\/#primaryimage","inLanguage":"ro-RO","url":"https:\/\/ski-outdoor.ro\/outdoor\/wp-content\/uploads\/sites\/4\/2021\/08\/DSC_0838-scaled.jpg","contentUrl":"https:\/\/ski-outdoor.ro\/outdoor\/wp-content\/uploads\/sites\/4\/2021\/08\/DSC_0838-scaled.jpg","width":2560,"height":1696},{"@type":"WebPage","@id":"https:\/\/ski-outdoor.ro\/outdoor\/2021\/08\/16\/cugirace-startul-sezonului-de-toamna-in-alergarea-montana\/#webpage","url":"https:\/\/ski-outdoor.ro\/outdoor\/2021\/08\/16\/cugirace-startul-sezonului-de-toamna-in-alergarea-montana\/","name":"CugiRace \u2013 Startul sezonului de toamna \u00een alergarea montan\u0103 - Outdoor Magazine","isPartOf":{"@id":"https:\/\/ski-outdoor.ro\/outdoor\/#website"},"primaryImageOfPage":{"@id":"https:\/\/ski-outdoor.ro\/outdoor\/2021\/08\/16\/cugirace-startul-sezonului-de-toamna-in-alergarea-montana\/#primaryimage"},"datePublished":"2021-08-16T16:11:40+00:00","dateModified":"2021-08-16T16:11:42+00:00","description":"De c\u00e2nd am \u00eenceput s\u0103 alerg la competi\u021bii de alergare montan\u0103 m-au incitat cursele noi, \u00een zone pitore\u0219ti, organizate de cunosc\u0103tori \u00een ale alerg\u0103rii montane. \u00cen fiecare s\u0103pt\u0103m\u00e2na avem dou\u0103, trei, uneori chiar patru competi\u021bii de alergare montan\u0103, organizatorii se zbat s\u0103 ne atrag\u0103 la evenimente, pentru noi este foarte greu s\u0103 alegem (asta dac\u0103 nu suntem \u0218tefan S\u0103l\u0103gean \u0219i le alerg\u0103m pe toate).","breadcrumb":{"@id":"https:\/\/ski-outdoor.ro\/outdoor\/2021\/08\/16\/cugirace-startul-sezonului-de-toamna-in-alergarea-montana\/#breadcrumb"},"inLanguage":"ro-RO","potentialAction":[{"@type":"ReadAction","target":["https:\/\/ski-outdoor.ro\/outdoor\/2021\/08\/16\/cugirace-startul-sezonului-de-toamna-in-alergarea-montana\/"]}]},{"@type":"BreadcrumbList","@id":"https:\/\/ski-outdoor.ro\/outdoor\/2021\/08\/16\/cugirace-startul-sezonului-de-toamna-in-alergarea-montana\/#breadcrumb","itemListElement":[{"@type":"ListItem","position":1,"name":"Home","item":"https:\/\/ski-outdoor.ro\/outdoor\/"},{"@type":"ListItem","position":2,"name":"CugiRace \u2013 Startul sezonului de toamna \u00een alergarea montan\u0103"}]},{"@type":"Article","@id":"https:\/\/ski-outdoor.ro\/outdoor\/2021\/08\/16\/cugirace-startul-sezonului-de-toamna-in-alergarea-montana\/#article","isPartOf":{"@id":"https:\/\/ski-outdoor.ro\/outdoor\/2021\/08\/16\/cugirace-startul-sezonului-de-toamna-in-alergarea-montana\/#webpage"},"author":{"@id":"https:\/\/ski-outdoor.ro\/outdoor\/#\/schema\/person\/29661f8d079aa10872d8edcf2a2a520b"},"headline":"CugiRace \u2013 Startul sezonului de toamna \u00een alergarea montan\u0103","datePublished":"2021-08-16T16:11:40+00:00","dateModified":"2021-08-16T16:11:42+00:00","mainEntityOfPage":{"@id":"https:\/\/ski-outdoor.ro\/outdoor\/2021\/08\/16\/cugirace-startul-sezonului-de-toamna-in-alergarea-montana\/#webpage"},"wordCount":1193,"commentCount":0,"publisher":{"@id":"https:\/\/ski-outdoor.ro\/outdoor\/#organization"},"image":{"@id":"https:\/\/ski-outdoor.ro\/outdoor\/2021\/08\/16\/cugirace-startul-sezonului-de-toamna-in-alergarea-montana\/#primaryimage"},"thumbnailUrl":"https:\/\/ski-outdoor.ro\/outdoor\/wp-content\/uploads\/sites\/4\/2021\/08\/DSC_0838-scaled.jpg","keywords":["alergare","competitie","CugiRace","cursa","montana"],"articleSection":["Competi\u021bie"],"inLanguage":"ro-RO","potentialAction":[{"@type":"CommentAction","name":"Comment","target":["https:\/\/ski-outdoor.ro\/outdoor\/2021\/08\/16\/cugirace-startul-sezonului-de-toamna-in-alergarea-montana\/#respond"]}]},{"@type":"Person","@id":"https:\/\/ski-outdoor.ro\/outdoor\/#\/schema\/person\/29661f8d079aa10872d8edcf2a2a520b","name":"Bianca \u0218omlea","image":{"@type":"ImageObject","@id":"https:\/\/ski-outdoor.ro\/outdoor\/#personlogo","inLanguage":"ro-RO","url":"https:\/\/secure.gravatar.com\/avatar\/b39a83203da3fc8888ded6e8052246ad?s=96&d=mm&r=g","contentUrl":"https:\/\/secure.gravatar.com\/avatar\/b39a83203da3fc8888ded6e8052246ad?s=96&d=mm&r=g","caption":"Bianca \u0218omlea"},"url":"https:\/\/ski-outdoor.ro\/outdoor\/author\/editorfb206\/"}]}},"_links":{"self":[{"href":"https:\/\/ski-outdoor.ro\/outdoor\/wp-json\/wp\/v2\/posts\/6922"}],"collection":[{"href":"https:\/\/ski-outdoor.ro\/outdoor\/wp-json\/wp\/v2\/posts"}],"about":[{"href":"https:\/\/ski-outdoor.ro\/outdoor\/wp-json\/wp\/v2\/types\/post"}],"author":[{"embeddable":true,"href":"https:\/\/ski-outdoor.ro\/outdoor\/wp-json\/wp\/v2\/users\/16"}],"replies":[{"embeddable":true,"href":"https:\/\/ski-outdoor.ro\/outdoor\/wp-json\/wp\/v2\/comments?post=6922"}],"version-history":[{"count":1,"href":"https:\/\/ski-outdoor.ro\/outdoor\/wp-json\/wp\/v2\/posts\/6922\/revisions"}],"predecessor-version":[{"id":6927,"href":"https:\/\/ski-outdoor.ro\/outdoor\/wp-json\/wp\/v2\/posts\/6922\/revisions\/6927"}],"wp:featuredmedia":[{"embeddable":true,"href":"https:\/\/ski-outdoor.ro\/outdoor\/wp-json\/wp\/v2\/media\/6923"}],"wp:attachment":[{"href":"https:\/\/ski-outdoor.ro\/outdoor\/wp-json\/wp\/v2\/media?parent=6922"}],"wp:term":[{"taxonomy":"category","embeddable":true,"href":"https:\/\/ski-outdoor.ro\/outdoor\/wp-json\/wp\/v2\/categories?post=6922"},{"taxonomy":"post_tag","embeddable":true,"href":"https:\/\/ski-outdoor.ro\/outdoor\/wp-json\/wp\/v2\/tags?post=6922"}],"curies":[{"name":"wp","href":"https:\/\/api.w.org\/{rel}","templated":true}]}}