{"id":7193,"date":"2021-09-07T07:16:41","date_gmt":"2021-09-07T07:16:41","guid":{"rendered":"https:\/\/ski-outdoor.ro\/outdoor\/?p=7193"},"modified":"2021-11-02T20:20:14","modified_gmt":"2021-11-02T20:20:14","slug":"conferinta-outodoor-in-romania-pentru-persoanele-cu-dizabilitati-in-premiera-la-alpin-film-festival-care-incepe-marti-la-brasov","status":"publish","type":"post","link":"https:\/\/ski-outdoor.ro\/outdoor\/2021\/09\/07\/conferinta-outodoor-in-romania-pentru-persoanele-cu-dizabilitati-in-premiera-la-alpin-film-festival-care-incepe-marti-la-brasov\/","title":{"rendered":"Conferin\u021ba \u201eOutodoor \u00een Rom\u00e2nia pentru persoanele cu dizabilit\u0103\u021bi\u201d, \u00een premier\u0103 la Alpin Film Festival, care \u00eencepe mar\u021bi la Bra\u0219ov"},"content":{"rendered":"\n<p><strong>Conferin\u021ba \u201eOutdoor \u00een Rom\u00e2nia pentru persoanele cu dizabilit\u0103\u021bi\u201d, organizat\u0103 \u00een premier\u0103 la a \u0219asea edi\u021bie a Alpin Film Festival \u0219i moderat\u0103 de Andi Hu\u021banu, redactorul-\u0219ef al Ski&amp;Outdoor Magazine, \u0219i-a propus s\u0103 g\u0103seasc\u0103 solu\u021bii pentru a veni \u00een \u00eent\u00e2mpinarea persoanelor cu dizabilit\u0103\u021bi care vor s\u0103 practice sport. Alte trei conferin\u021be sunt \u00eenscrise \u00een programul festivalului.<\/strong><\/p>\n\n\n\n<figure class=\"wp-block-image size-large\"><img loading=\"lazy\" width=\"1024\" height=\"536\" src=\"https:\/\/ski-outdoor.ro\/outdoor\/wp-content\/uploads\/sites\/4\/2021\/09\/outdoor-1024x536.jpg\" alt=\"\" class=\"wp-image-7194\" srcset=\"https:\/\/ski-outdoor.ro\/outdoor\/wp-content\/uploads\/sites\/4\/2021\/09\/outdoor-1024x536.jpg 1024w, https:\/\/ski-outdoor.ro\/outdoor\/wp-content\/uploads\/sites\/4\/2021\/09\/outdoor-300x157.jpg 300w, https:\/\/ski-outdoor.ro\/outdoor\/wp-content\/uploads\/sites\/4\/2021\/09\/outdoor-768x402.jpg 768w, https:\/\/ski-outdoor.ro\/outdoor\/wp-content\/uploads\/sites\/4\/2021\/09\/outdoor-1536x804.jpg 1536w, https:\/\/ski-outdoor.ro\/outdoor\/wp-content\/uploads\/sites\/4\/2021\/09\/outdoor-370x194.jpg 370w, https:\/\/ski-outdoor.ro\/outdoor\/wp-content\/uploads\/sites\/4\/2021\/09\/outdoor-570x298.jpg 570w, https:\/\/ski-outdoor.ro\/outdoor\/wp-content\/uploads\/sites\/4\/2021\/09\/outdoor-770x403.jpg 770w, https:\/\/ski-outdoor.ro\/outdoor\/wp-content\/uploads\/sites\/4\/2021\/09\/outdoor-1170x612.jpg 1170w, https:\/\/ski-outdoor.ro\/outdoor\/wp-content\/uploads\/sites\/4\/2021\/09\/outdoor-1108x580.jpg 1108w, https:\/\/ski-outdoor.ro\/outdoor\/wp-content\/uploads\/sites\/4\/2021\/09\/outdoor.jpg 1920w\" sizes=\"(max-width: 1024px) 100vw, 1024px\" \/><\/figure>\n\n\n\n<p>Conferin\u021ba \u201eOutdoor \u00een Rom\u00e2nia pentru persoanele cu dizabilit\u0103\u021bi\u201d este programat\u0103 joi, 9 septembrie, de la ora 17.00, \u00een Pia\u021ba Brassai&nbsp;din Bra\u0219ov.<\/p>\n\n\n\n<p>Vor participa la discu\u021bii Ciprian Anton, vicepre\u0219edintele Comitetului Paralimpic Rom\u00e2n, Claudiu Miu, pre\u0219edintele Asocia\u021biei Climb Again, Ionu\u021b Stancovici, pre\u0219edintele Asocia\u021biei Caiac SMile, Marian Anghel, vicepre\u0219edintele \u201eUnion of International Mountain Leader Associations\u201d (UIMLA) cu sediul \u00een Elve\u021bia. Dezbaterile vor fi moderate de Andi Hu\u021banu, redactorul-\u0219ef al Ski&amp;Outdoor Magazine.<\/p>\n\n\n\n<p>La conferin\u021b\u0103 va participa \u0219i cunoscutul alpinist rom\u00e2n Teofil Vlad, al\u0103turi de echipa Climb Again, cu care a urcat pe Elbrus acum c\u00e2teva zile.<\/p>\n\n\n\n<blockquote class=\"wp-block-quote\"><p><em>\u201eEste o chestie foarte scump\u0103 inimii noastre, cu caiacul \u0219i cu c\u0103\u021b\u0103ratul. Este o premier\u0103 pentru Rom\u00e2nia. Faptul c\u0103 persoanele cu dizabilit\u0103\u021bi practic\u0103 din ce \u00een ce mai mult sporturile outdoor e un lucru bun. Problema e ce putem face noi pentru ei, pentru a \u00eent\u00e2mpina aceast\u0103 dinamic\u0103, ce nevoi au, ce le trebuie, ce nu e. Asta e tema acestei conferin\u021be \u0219i discu\u021bii\u201d<\/em>, a spus organizatorul Alpin Film Festival, Dan Burlac.<\/p><\/blockquote>\n\n\n\n<p>Evenimentul va debuta cu un atelier de caiac organizat pe Lacul Noua, \u00eencep\u00e2nd cu ora 12.00. Evenimentul este dedicat persoanelor cu dizabilit\u0103\u021bi, dar este deschis tuturor celor pasiona\u021bi de acest sport.<\/p>\n\n\n\n<h3>Despre turism, ur\u0219i \u0219i p\u0103duri<\/h3>\n\n\n\n<p>O alt\u0103 conferin\u021b\u0103 are \u00een prim plan turismul. \u201e140 de ani de turism \u00een Rom\u00e2nia\u201d este programat\u0103 mar\u021bi, \u00een prima zi a festivalului, de la ora 15.00, la Cinema Astra din Bra\u0219ov.<\/p>\n\n\n\n<p>Particip\u0103 Marcel \u0218ofariu, pre\u0219edintele SKV (Siebenb\u00fcrgischer Karpatenverein), Nicolae Pepene, directorul Muzeului Jude\u021bean de Istorie Bra\u0219ov, Mircea Opri\u0219, fost pre\u0219edinte al Salvamont Rom\u00e2nia \u0219i dr. Kov\u00e1cs Lehel Istv\u00e1n, pre\u0219edintele Societ\u0103\u021bii Carpatine Ardeleane EKE.<\/p>\n\n\n\n<p>Conferin\u021ba \u0219i-a propus s\u0103 marcheze \u00eemplinirea a 140 de la \u00eenfiin\u021barea SKV.<\/p>\n\n\n\n<blockquote class=\"wp-block-quote\"><p><em>\u201eLa data de 28 noiembrie 1880, se \u00eenfiin\u021ba la Sibiu o asocia\u021bie care a devenit cunoscut\u0103 iubitorilor de munte \u0219i drume\u021bie de pe lan\u021bul Carpa\u021bilor \u0219i \u00eentreaga Europ\u0103 sub numele SKV \u2013 Siebenb\u00fcrgischer Karpatenverein, respectiv Asocia\u021bia Carpatin\u0103 Ardelean\u0103 a Turi\u0219tilor. Istoria plin\u0103 de aventuri a asocia\u021biei se reg\u0103se\u0219te \u00een volumul \u201eSKV \u2013 140 de ani de drume\u021bie\u201d, semnat de Marcel \u0218ofariu, actualul pre\u0219edinte al SKV, care va prezenta aceast\u0103 edi\u021bie de colec\u021bie. Pentru c\u0103 anul trecut situa\u021bia nu a permis celebrarea acestui eveniment extrem de important pentru Bra\u0219ov, Alpin Film Festival propune prezentarea unei pagini de istorie esen\u021bial\u0103 pentru turismul din Rom\u00e2nia. Evenimentul este organizat \u00een colaborare cu revista &lt;Astra&gt;\u201d<\/em>, sus\u021bin organizatorii festivalului.<\/p><\/blockquote>\n\n\n\n<p>Miercuri, 8 septembrie, \u00een Aula Sergiu Chiriacescu a Universit\u0103\u021bii Transilvania din Bra\u0219ov, de la ora 19.00, este programat\u0103 proiec\u021bia filmului rom\u00e2nesc \u201eLemn\u201d.<\/p>\n\n\n\n<figure class=\"wp-block-image size-large\"><img loading=\"lazy\" width=\"683\" height=\"1024\" src=\"https:\/\/ski-outdoor.ro\/outdoor\/wp-content\/uploads\/sites\/4\/2021\/09\/lemn-683x1024.jpg\" alt=\"\" class=\"wp-image-7196\" srcset=\"https:\/\/ski-outdoor.ro\/outdoor\/wp-content\/uploads\/sites\/4\/2021\/09\/lemn-683x1024.jpg 683w, https:\/\/ski-outdoor.ro\/outdoor\/wp-content\/uploads\/sites\/4\/2021\/09\/lemn-200x300.jpg 200w, https:\/\/ski-outdoor.ro\/outdoor\/wp-content\/uploads\/sites\/4\/2021\/09\/lemn-768x1152.jpg 768w, https:\/\/ski-outdoor.ro\/outdoor\/wp-content\/uploads\/sites\/4\/2021\/09\/lemn-1024x1536.jpg 1024w, https:\/\/ski-outdoor.ro\/outdoor\/wp-content\/uploads\/sites\/4\/2021\/09\/lemn-370x555.jpg 370w, https:\/\/ski-outdoor.ro\/outdoor\/wp-content\/uploads\/sites\/4\/2021\/09\/lemn-570x855.jpg 570w, https:\/\/ski-outdoor.ro\/outdoor\/wp-content\/uploads\/sites\/4\/2021\/09\/lemn-770x1155.jpg 770w, https:\/\/ski-outdoor.ro\/outdoor\/wp-content\/uploads\/sites\/4\/2021\/09\/lemn-1170x1755.jpg 1170w, https:\/\/ski-outdoor.ro\/outdoor\/wp-content\/uploads\/sites\/4\/2021\/09\/lemn-387x580.jpg 387w, https:\/\/ski-outdoor.ro\/outdoor\/wp-content\/uploads\/sites\/4\/2021\/09\/lemn.jpg 1365w\" sizes=\"(max-width: 683px) 100vw, 683px\" \/><\/figure>\n\n\n\n<p>Aceasta este urmat\u0103 de un Q&amp;A moderat de Radu Melu (WWF), \u00een prezen\u021ba regizoarei Monica L\u0103zurean-Gorgan, a profesorului Vasile Abrudan, rectorul Universit\u0103\u021bii Transilvania, a secretarului de stat din Ministerul Mediului, Ionu\u021b-Sorin Banciu. Va fi prezent\u0103 la eveniment \u0219i cunoscuta Nico de Transilvania, ini\u021biatoarea proiectului Muzic\u0103 Whitout Frontiers.<\/p>\n\n\n\n<p>A patra conferin\u021b\u0103 a celei de-a \u0219asea edi\u021bii a Alpin Film Festival este dedicat\u0103 ur\u0219ilor. Ea are loc vineri, 10 septembrie, de la ora 18.00, la Centrul Cultural Reduta, fiind precedat\u0103 de proiec\u021bia filmului \u201eUrs Like\u201d.<\/p>\n\n\n\n<p>Particip\u0103 la dezbatere Mihai Pop, de la Asocia\u0163ia pentru Conservarea Diversit\u0103\u0163ii Biologice, prof. dr. ing. Ovidiu Ionescu, de la Facultatea de Silvicultur\u0103 a Universit\u0103\u021bii Transilvania, Leonardo Bereczky, de la Orfelinatul de ur\u0219i din Harghita, \u0219i Alexandar Dutsov, din partea Balkani Wildlife Society, invitat special din Bulgaria.<\/p>\n\n\n\n<figure class=\"wp-block-image size-large\"><img loading=\"lazy\" width=\"1024\" height=\"536\" src=\"https:\/\/ski-outdoor.ro\/outdoor\/wp-content\/uploads\/sites\/4\/2021\/09\/urs-like-1024x536.jpg\" alt=\"\" class=\"wp-image-7197\" srcset=\"https:\/\/ski-outdoor.ro\/outdoor\/wp-content\/uploads\/sites\/4\/2021\/09\/urs-like-1024x536.jpg 1024w, https:\/\/ski-outdoor.ro\/outdoor\/wp-content\/uploads\/sites\/4\/2021\/09\/urs-like-300x157.jpg 300w, https:\/\/ski-outdoor.ro\/outdoor\/wp-content\/uploads\/sites\/4\/2021\/09\/urs-like-768x402.jpg 768w, https:\/\/ski-outdoor.ro\/outdoor\/wp-content\/uploads\/sites\/4\/2021\/09\/urs-like-1536x804.jpg 1536w, https:\/\/ski-outdoor.ro\/outdoor\/wp-content\/uploads\/sites\/4\/2021\/09\/urs-like-370x194.jpg 370w, https:\/\/ski-outdoor.ro\/outdoor\/wp-content\/uploads\/sites\/4\/2021\/09\/urs-like-570x298.jpg 570w, https:\/\/ski-outdoor.ro\/outdoor\/wp-content\/uploads\/sites\/4\/2021\/09\/urs-like-770x403.jpg 770w, https:\/\/ski-outdoor.ro\/outdoor\/wp-content\/uploads\/sites\/4\/2021\/09\/urs-like-1170x612.jpg 1170w, https:\/\/ski-outdoor.ro\/outdoor\/wp-content\/uploads\/sites\/4\/2021\/09\/urs-like-1108x580.jpg 1108w, https:\/\/ski-outdoor.ro\/outdoor\/wp-content\/uploads\/sites\/4\/2021\/09\/urs-like.jpg 1920w\" sizes=\"(max-width: 1024px) 100vw, 1024px\" \/><\/figure>\n\n\n\n<blockquote class=\"wp-block-quote\"><p><em>\u201eEste pentru prima oar\u0103 c\u00e2nd facem o discu\u021bie legat\u0103 de managementul popula\u021biei de ur\u0219i cu participare interna\u021bional\u0103 \u0219i cu vocile cele mai autorizate din Rom\u00e2nia s\u0103 vorbeasc\u0103 despre aceast\u0103 problem\u0103\u201d<\/em>, a mai spus Burlac.<\/p><\/blockquote>\n\n\n\n<p>Peste 50 de filme cu teme care \u021bin de protejarea naturii \u0219i a muntelui vor fi proiectate la edi\u021bia din acest an a Alpin Film Festival, care se desf\u0103\u0219oar\u0103 \u00eentre 7 \u0219i 12 septembrie la Bra\u0219ov, Predeal \u0219i R\u00e2\u0219nov.<\/p>\n\n\n\n<p><em>Scris de: C\u0103lin Pop<\/em><\/p>\n\n\n\n<p><em>Foto: Facebook\/Alpin Film Festival<\/em><\/p>\n","protected":false},"excerpt":{"rendered":"<p>Conferin\u021ba \u201eOutdoor \u00een Rom\u00e2nia pentru persoanele cu dizabilit\u0103\u021bi\u201d, organizat\u0103 \u00een premier\u0103 la a \u0219asea edi\u021bie a Alpin Film Festival \u0219i&#8230;<\/p>\n","protected":false},"author":16,"featured_media":7194,"comment_status":"open","ping_status":"open","sticky":false,"template":"","format":"standard","meta":[],"categories":[1817],"tags":[],"yoast_head":"<!-- This site is optimized with the Yoast SEO plugin v18.4.1 - https:\/\/yoast.com\/wordpress\/plugins\/seo\/ -->\n<title>Conferin\u021ba \u201eOutodoor \u00een Rom\u00e2nia pentru persoanele cu dizabilit\u0103\u021bi\u201d, \u00een premier\u0103 la Alpin Film Festival, care \u00eencepe mar\u021bi la Bra\u0219ov - Outdoor Magazine<\/title>\n<meta name=\"description\" content=\"Conferin\u021ba \u201eOutdoor \u00een Rom\u00e2nia pentru persoanele cu dizabilit\u0103\u021bi\u201d, organi-zat\u0103 \u00een premier\u0103 la a \u0219asea edi\u021bie a Alpin Film Festival \u0219i moderat\u0103 de An-di Hu\u021banu, redactorul-\u0219ef al Ski&amp;Outdoor Magazine, \u0219i-a propus s\u0103 g\u0103seasc\u0103 solu\u021bii pentru a veni \u00een \u00eent\u00e2mpinarea persoanelor cu dizabilit\u0103\u021bi care vor s\u0103 practice sport. Alte trei conferin\u021be sunt \u00eenscrise \u00een programul festivalului.\" \/>\n<meta name=\"robots\" content=\"index, follow, max-snippet:-1, max-image-preview:large, max-video-preview:-1\" \/>\n<link rel=\"canonical\" href=\"https:\/\/ski-outdoor.ro\/outdoor\/2021\/09\/07\/conferinta-outodoor-in-romania-pentru-persoanele-cu-dizabilitati-in-premiera-la-alpin-film-festival-care-incepe-marti-la-brasov\/\" \/>\n<meta property=\"og:locale\" content=\"ro_RO\" \/>\n<meta property=\"og:type\" content=\"article\" \/>\n<meta property=\"og:title\" content=\"Conferin\u021ba \u201eOutodoor \u00een Rom\u00e2nia pentru persoanele cu dizabilit\u0103\u021bi\u201d, \u00een premier\u0103 la Alpin Film Festival, care \u00eencepe mar\u021bi la Bra\u0219ov - Outdoor Magazine\" \/>\n<meta property=\"og:description\" content=\"Conferin\u021ba \u201eOutdoor \u00een Rom\u00e2nia pentru persoanele cu dizabilit\u0103\u021bi\u201d, organi-zat\u0103 \u00een premier\u0103 la a \u0219asea edi\u021bie a Alpin Film Festival \u0219i moderat\u0103 de An-di Hu\u021banu, redactorul-\u0219ef al Ski&amp;Outdoor Magazine, \u0219i-a propus s\u0103 g\u0103seasc\u0103 solu\u021bii pentru a veni \u00een \u00eent\u00e2mpinarea persoanelor cu dizabilit\u0103\u021bi care vor s\u0103 practice sport. Alte trei conferin\u021be sunt \u00eenscrise \u00een programul festivalului.\" \/>\n<meta property=\"og:url\" content=\"https:\/\/ski-outdoor.ro\/outdoor\/2021\/09\/07\/conferinta-outodoor-in-romania-pentru-persoanele-cu-dizabilitati-in-premiera-la-alpin-film-festival-care-incepe-marti-la-brasov\/\" \/>\n<meta property=\"og:site_name\" content=\"Outdoor Magazine\" \/>\n<meta property=\"article:publisher\" content=\"https:\/\/www.facebook.com\/skiandoutdoormagazine\" \/>\n<meta property=\"article:published_time\" content=\"2021-09-07T07:16:41+00:00\" \/>\n<meta property=\"article:modified_time\" content=\"2021-11-02T20:20:14+00:00\" \/>\n<meta property=\"og:image\" content=\"https:\/\/ski-outdoor.ro\/outdoor\/wp-content\/uploads\/sites\/4\/2021\/09\/outdoor.jpg\" \/>\n\t<meta property=\"og:image:width\" content=\"1920\" \/>\n\t<meta property=\"og:image:height\" content=\"1005\" \/>\n\t<meta property=\"og:image:type\" content=\"image\/jpeg\" \/>\n<meta name=\"twitter:card\" content=\"summary_large_image\" \/>\n<meta name=\"twitter:label1\" content=\"Scris de\" \/>\n\t<meta name=\"twitter:data1\" content=\"Bianca \u0218omlea\" \/>\n\t<meta name=\"twitter:label2\" content=\"Timp estimat pentru citire\" \/>\n\t<meta name=\"twitter:data2\" content=\"4 minute\" \/>\n<script type=\"application\/ld+json\" class=\"yoast-schema-graph\">{\"@context\":\"https:\/\/schema.org\",\"@graph\":[{\"@type\":\"Organization\",\"@id\":\"https:\/\/ski-outdoor.ro\/outdoor\/#organization\",\"name\":\"Ski & Outdoor Magazine\",\"url\":\"https:\/\/ski-outdoor.ro\/outdoor\/\",\"sameAs\":[\"https:\/\/www.facebook.com\/skiandoutdoormagazine\"],\"logo\":{\"@type\":\"ImageObject\",\"@id\":\"https:\/\/ski-outdoor.ro\/outdoor\/#logo\",\"inLanguage\":\"ro-RO\",\"url\":\"https:\/\/ski-outdoor.ro\/outdoor\/wp-content\/uploads\/sites\/4\/2019\/05\/logo-e1557923623153.png\",\"contentUrl\":\"https:\/\/ski-outdoor.ro\/outdoor\/wp-content\/uploads\/sites\/4\/2019\/05\/logo-e1557923623153.png\",\"width\":600,\"height\":165,\"caption\":\"Ski & Outdoor Magazine\"},\"image\":{\"@id\":\"https:\/\/ski-outdoor.ro\/outdoor\/#logo\"}},{\"@type\":\"WebSite\",\"@id\":\"https:\/\/ski-outdoor.ro\/outdoor\/#website\",\"url\":\"https:\/\/ski-outdoor.ro\/outdoor\/\",\"name\":\"Outdoor Magazine\",\"description\":\"\",\"publisher\":{\"@id\":\"https:\/\/ski-outdoor.ro\/outdoor\/#organization\"},\"potentialAction\":[{\"@type\":\"SearchAction\",\"target\":{\"@type\":\"EntryPoint\",\"urlTemplate\":\"https:\/\/ski-outdoor.ro\/outdoor\/?s={search_term_string}\"},\"query-input\":\"required name=search_term_string\"}],\"inLanguage\":\"ro-RO\"},{\"@type\":\"ImageObject\",\"@id\":\"https:\/\/ski-outdoor.ro\/outdoor\/2021\/09\/07\/conferinta-outodoor-in-romania-pentru-persoanele-cu-dizabilitati-in-premiera-la-alpin-film-festival-care-incepe-marti-la-brasov\/#primaryimage\",\"inLanguage\":\"ro-RO\",\"url\":\"https:\/\/ski-outdoor.ro\/outdoor\/wp-content\/uploads\/sites\/4\/2021\/09\/outdoor.jpg\",\"contentUrl\":\"https:\/\/ski-outdoor.ro\/outdoor\/wp-content\/uploads\/sites\/4\/2021\/09\/outdoor.jpg\",\"width\":1920,\"height\":1005},{\"@type\":\"WebPage\",\"@id\":\"https:\/\/ski-outdoor.ro\/outdoor\/2021\/09\/07\/conferinta-outodoor-in-romania-pentru-persoanele-cu-dizabilitati-in-premiera-la-alpin-film-festival-care-incepe-marti-la-brasov\/#webpage\",\"url\":\"https:\/\/ski-outdoor.ro\/outdoor\/2021\/09\/07\/conferinta-outodoor-in-romania-pentru-persoanele-cu-dizabilitati-in-premiera-la-alpin-film-festival-care-incepe-marti-la-brasov\/\",\"name\":\"Conferin\u021ba \u201eOutodoor \u00een Rom\u00e2nia pentru persoanele cu dizabilit\u0103\u021bi\u201d, \u00een premier\u0103 la Alpin Film Festival, care \u00eencepe mar\u021bi la Bra\u0219ov - Outdoor Magazine\",\"isPartOf\":{\"@id\":\"https:\/\/ski-outdoor.ro\/outdoor\/#website\"},\"primaryImageOfPage\":{\"@id\":\"https:\/\/ski-outdoor.ro\/outdoor\/2021\/09\/07\/conferinta-outodoor-in-romania-pentru-persoanele-cu-dizabilitati-in-premiera-la-alpin-film-festival-care-incepe-marti-la-brasov\/#primaryimage\"},\"datePublished\":\"2021-09-07T07:16:41+00:00\",\"dateModified\":\"2021-11-02T20:20:14+00:00\",\"description\":\"Conferin\u021ba \u201eOutdoor \u00een Rom\u00e2nia pentru persoanele cu dizabilit\u0103\u021bi\u201d, organi-zat\u0103 \u00een premier\u0103 la a \u0219asea edi\u021bie a Alpin Film Festival \u0219i moderat\u0103 de An-di Hu\u021banu, redactorul-\u0219ef al Ski&Outdoor Magazine, \u0219i-a propus s\u0103 g\u0103seasc\u0103 solu\u021bii pentru a veni \u00een \u00eent\u00e2mpinarea persoanelor cu dizabilit\u0103\u021bi care vor s\u0103 practice sport. Alte trei conferin\u021be sunt \u00eenscrise \u00een programul festivalului.\",\"breadcrumb\":{\"@id\":\"https:\/\/ski-outdoor.ro\/outdoor\/2021\/09\/07\/conferinta-outodoor-in-romania-pentru-persoanele-cu-dizabilitati-in-premiera-la-alpin-film-festival-care-incepe-marti-la-brasov\/#breadcrumb\"},\"inLanguage\":\"ro-RO\",\"potentialAction\":[{\"@type\":\"ReadAction\",\"target\":[\"https:\/\/ski-outdoor.ro\/outdoor\/2021\/09\/07\/conferinta-outodoor-in-romania-pentru-persoanele-cu-dizabilitati-in-premiera-la-alpin-film-festival-care-incepe-marti-la-brasov\/\"]}]},{\"@type\":\"BreadcrumbList\",\"@id\":\"https:\/\/ski-outdoor.ro\/outdoor\/2021\/09\/07\/conferinta-outodoor-in-romania-pentru-persoanele-cu-dizabilitati-in-premiera-la-alpin-film-festival-care-incepe-marti-la-brasov\/#breadcrumb\",\"itemListElement\":[{\"@type\":\"ListItem\",\"position\":1,\"name\":\"Home\",\"item\":\"https:\/\/ski-outdoor.ro\/outdoor\/\"},{\"@type\":\"ListItem\",\"position\":2,\"name\":\"Conferin\u021ba \u201eOutodoor \u00een Rom\u00e2nia pentru persoanele cu dizabilit\u0103\u021bi\u201d, \u00een premier\u0103 la Alpin Film Festival, care \u00eencepe mar\u021bi la Bra\u0219ov\"}]},{\"@type\":\"Article\",\"@id\":\"https:\/\/ski-outdoor.ro\/outdoor\/2021\/09\/07\/conferinta-outodoor-in-romania-pentru-persoanele-cu-dizabilitati-in-premiera-la-alpin-film-festival-care-incepe-marti-la-brasov\/#article\",\"isPartOf\":{\"@id\":\"https:\/\/ski-outdoor.ro\/outdoor\/2021\/09\/07\/conferinta-outodoor-in-romania-pentru-persoanele-cu-dizabilitati-in-premiera-la-alpin-film-festival-care-incepe-marti-la-brasov\/#webpage\"},\"author\":{\"@id\":\"https:\/\/ski-outdoor.ro\/outdoor\/#\/schema\/person\/29661f8d079aa10872d8edcf2a2a520b\"},\"headline\":\"Conferin\u021ba \u201eOutodoor \u00een Rom\u00e2nia pentru persoanele cu dizabilit\u0103\u021bi\u201d, \u00een premier\u0103 la Alpin Film Festival, care \u00eencepe mar\u021bi la Bra\u0219ov\",\"datePublished\":\"2021-09-07T07:16:41+00:00\",\"dateModified\":\"2021-11-02T20:20:14+00:00\",\"mainEntityOfPage\":{\"@id\":\"https:\/\/ski-outdoor.ro\/outdoor\/2021\/09\/07\/conferinta-outodoor-in-romania-pentru-persoanele-cu-dizabilitati-in-premiera-la-alpin-film-festival-care-incepe-marti-la-brasov\/#webpage\"},\"wordCount\":795,\"commentCount\":0,\"publisher\":{\"@id\":\"https:\/\/ski-outdoor.ro\/outdoor\/#organization\"},\"image\":{\"@id\":\"https:\/\/ski-outdoor.ro\/outdoor\/2021\/09\/07\/conferinta-outodoor-in-romania-pentru-persoanele-cu-dizabilitati-in-premiera-la-alpin-film-festival-care-incepe-marti-la-brasov\/#primaryimage\"},\"thumbnailUrl\":\"https:\/\/ski-outdoor.ro\/outdoor\/wp-content\/uploads\/sites\/4\/2021\/09\/outdoor.jpg\",\"articleSection\":[\"Actualit\u0103\u021bi\"],\"inLanguage\":\"ro-RO\",\"potentialAction\":[{\"@type\":\"CommentAction\",\"name\":\"Comment\",\"target\":[\"https:\/\/ski-outdoor.ro\/outdoor\/2021\/09\/07\/conferinta-outodoor-in-romania-pentru-persoanele-cu-dizabilitati-in-premiera-la-alpin-film-festival-care-incepe-marti-la-brasov\/#respond\"]}]},{\"@type\":\"Person\",\"@id\":\"https:\/\/ski-outdoor.ro\/outdoor\/#\/schema\/person\/29661f8d079aa10872d8edcf2a2a520b\",\"name\":\"Bianca \u0218omlea\",\"image\":{\"@type\":\"ImageObject\",\"@id\":\"https:\/\/ski-outdoor.ro\/outdoor\/#personlogo\",\"inLanguage\":\"ro-RO\",\"url\":\"https:\/\/secure.gravatar.com\/avatar\/b39a83203da3fc8888ded6e8052246ad?s=96&d=mm&r=g\",\"contentUrl\":\"https:\/\/secure.gravatar.com\/avatar\/b39a83203da3fc8888ded6e8052246ad?s=96&d=mm&r=g\",\"caption\":\"Bianca \u0218omlea\"},\"url\":\"https:\/\/ski-outdoor.ro\/outdoor\/author\/editorfb206\/\"}]}<\/script>\n<!-- \/ Yoast SEO plugin. -->","yoast_head_json":{"title":"Conferin\u021ba \u201eOutodoor \u00een Rom\u00e2nia pentru persoanele cu dizabilit\u0103\u021bi\u201d, \u00een premier\u0103 la Alpin Film Festival, care \u00eencepe mar\u021bi la Bra\u0219ov - Outdoor Magazine","description":"Conferin\u021ba \u201eOutdoor \u00een Rom\u00e2nia pentru persoanele cu dizabilit\u0103\u021bi\u201d, organi-zat\u0103 \u00een premier\u0103 la a \u0219asea edi\u021bie a Alpin Film Festival \u0219i moderat\u0103 de An-di Hu\u021banu, redactorul-\u0219ef al Ski&Outdoor Magazine, \u0219i-a propus s\u0103 g\u0103seasc\u0103 solu\u021bii pentru a veni \u00een \u00eent\u00e2mpinarea persoanelor cu dizabilit\u0103\u021bi care vor s\u0103 practice sport. Alte trei conferin\u021be sunt \u00eenscrise \u00een programul festivalului.","robots":{"index":"index","follow":"follow","max-snippet":"max-snippet:-1","max-image-preview":"max-image-preview:large","max-video-preview":"max-video-preview:-1"},"canonical":"https:\/\/ski-outdoor.ro\/outdoor\/2021\/09\/07\/conferinta-outodoor-in-romania-pentru-persoanele-cu-dizabilitati-in-premiera-la-alpin-film-festival-care-incepe-marti-la-brasov\/","og_locale":"ro_RO","og_type":"article","og_title":"Conferin\u021ba \u201eOutodoor \u00een Rom\u00e2nia pentru persoanele cu dizabilit\u0103\u021bi\u201d, \u00een premier\u0103 la Alpin Film Festival, care \u00eencepe mar\u021bi la Bra\u0219ov - Outdoor Magazine","og_description":"Conferin\u021ba \u201eOutdoor \u00een Rom\u00e2nia pentru persoanele cu dizabilit\u0103\u021bi\u201d, organi-zat\u0103 \u00een premier\u0103 la a \u0219asea edi\u021bie a Alpin Film Festival \u0219i moderat\u0103 de An-di Hu\u021banu, redactorul-\u0219ef al Ski&Outdoor Magazine, \u0219i-a propus s\u0103 g\u0103seasc\u0103 solu\u021bii pentru a veni \u00een \u00eent\u00e2mpinarea persoanelor cu dizabilit\u0103\u021bi care vor s\u0103 practice sport. Alte trei conferin\u021be sunt \u00eenscrise \u00een programul festivalului.","og_url":"https:\/\/ski-outdoor.ro\/outdoor\/2021\/09\/07\/conferinta-outodoor-in-romania-pentru-persoanele-cu-dizabilitati-in-premiera-la-alpin-film-festival-care-incepe-marti-la-brasov\/","og_site_name":"Outdoor Magazine","article_publisher":"https:\/\/www.facebook.com\/skiandoutdoormagazine","article_published_time":"2021-09-07T07:16:41+00:00","article_modified_time":"2021-11-02T20:20:14+00:00","og_image":[{"width":1920,"height":1005,"url":"https:\/\/ski-outdoor.ro\/outdoor\/wp-content\/uploads\/sites\/4\/2021\/09\/outdoor.jpg","type":"image\/jpeg"}],"twitter_card":"summary_large_image","twitter_misc":{"Scris de":"Bianca \u0218omlea","Timp estimat pentru citire":"4 minute"},"schema":{"@context":"https:\/\/schema.org","@graph":[{"@type":"Organization","@id":"https:\/\/ski-outdoor.ro\/outdoor\/#organization","name":"Ski & Outdoor Magazine","url":"https:\/\/ski-outdoor.ro\/outdoor\/","sameAs":["https:\/\/www.facebook.com\/skiandoutdoormagazine"],"logo":{"@type":"ImageObject","@id":"https:\/\/ski-outdoor.ro\/outdoor\/#logo","inLanguage":"ro-RO","url":"https:\/\/ski-outdoor.ro\/outdoor\/wp-content\/uploads\/sites\/4\/2019\/05\/logo-e1557923623153.png","contentUrl":"https:\/\/ski-outdoor.ro\/outdoor\/wp-content\/uploads\/sites\/4\/2019\/05\/logo-e1557923623153.png","width":600,"height":165,"caption":"Ski & Outdoor Magazine"},"image":{"@id":"https:\/\/ski-outdoor.ro\/outdoor\/#logo"}},{"@type":"WebSite","@id":"https:\/\/ski-outdoor.ro\/outdoor\/#website","url":"https:\/\/ski-outdoor.ro\/outdoor\/","name":"Outdoor Magazine","description":"","publisher":{"@id":"https:\/\/ski-outdoor.ro\/outdoor\/#organization"},"potentialAction":[{"@type":"SearchAction","target":{"@type":"EntryPoint","urlTemplate":"https:\/\/ski-outdoor.ro\/outdoor\/?s={search_term_string}"},"query-input":"required name=search_term_string"}],"inLanguage":"ro-RO"},{"@type":"ImageObject","@id":"https:\/\/ski-outdoor.ro\/outdoor\/2021\/09\/07\/conferinta-outodoor-in-romania-pentru-persoanele-cu-dizabilitati-in-premiera-la-alpin-film-festival-care-incepe-marti-la-brasov\/#primaryimage","inLanguage":"ro-RO","url":"https:\/\/ski-outdoor.ro\/outdoor\/wp-content\/uploads\/sites\/4\/2021\/09\/outdoor.jpg","contentUrl":"https:\/\/ski-outdoor.ro\/outdoor\/wp-content\/uploads\/sites\/4\/2021\/09\/outdoor.jpg","width":1920,"height":1005},{"@type":"WebPage","@id":"https:\/\/ski-outdoor.ro\/outdoor\/2021\/09\/07\/conferinta-outodoor-in-romania-pentru-persoanele-cu-dizabilitati-in-premiera-la-alpin-film-festival-care-incepe-marti-la-brasov\/#webpage","url":"https:\/\/ski-outdoor.ro\/outdoor\/2021\/09\/07\/conferinta-outodoor-in-romania-pentru-persoanele-cu-dizabilitati-in-premiera-la-alpin-film-festival-care-incepe-marti-la-brasov\/","name":"Conferin\u021ba \u201eOutodoor \u00een Rom\u00e2nia pentru persoanele cu dizabilit\u0103\u021bi\u201d, \u00een premier\u0103 la Alpin Film Festival, care \u00eencepe mar\u021bi la Bra\u0219ov - Outdoor Magazine","isPartOf":{"@id":"https:\/\/ski-outdoor.ro\/outdoor\/#website"},"primaryImageOfPage":{"@id":"https:\/\/ski-outdoor.ro\/outdoor\/2021\/09\/07\/conferinta-outodoor-in-romania-pentru-persoanele-cu-dizabilitati-in-premiera-la-alpin-film-festival-care-incepe-marti-la-brasov\/#primaryimage"},"datePublished":"2021-09-07T07:16:41+00:00","dateModified":"2021-11-02T20:20:14+00:00","description":"Conferin\u021ba \u201eOutdoor \u00een Rom\u00e2nia pentru persoanele cu dizabilit\u0103\u021bi\u201d, organi-zat\u0103 \u00een premier\u0103 la a \u0219asea edi\u021bie a Alpin Film Festival \u0219i moderat\u0103 de An-di Hu\u021banu, redactorul-\u0219ef al Ski&Outdoor Magazine, \u0219i-a propus s\u0103 g\u0103seasc\u0103 solu\u021bii pentru a veni \u00een \u00eent\u00e2mpinarea persoanelor cu dizabilit\u0103\u021bi care vor s\u0103 practice sport. Alte trei conferin\u021be sunt \u00eenscrise \u00een programul festivalului.","breadcrumb":{"@id":"https:\/\/ski-outdoor.ro\/outdoor\/2021\/09\/07\/conferinta-outodoor-in-romania-pentru-persoanele-cu-dizabilitati-in-premiera-la-alpin-film-festival-care-incepe-marti-la-brasov\/#breadcrumb"},"inLanguage":"ro-RO","potentialAction":[{"@type":"ReadAction","target":["https:\/\/ski-outdoor.ro\/outdoor\/2021\/09\/07\/conferinta-outodoor-in-romania-pentru-persoanele-cu-dizabilitati-in-premiera-la-alpin-film-festival-care-incepe-marti-la-brasov\/"]}]},{"@type":"BreadcrumbList","@id":"https:\/\/ski-outdoor.ro\/outdoor\/2021\/09\/07\/conferinta-outodoor-in-romania-pentru-persoanele-cu-dizabilitati-in-premiera-la-alpin-film-festival-care-incepe-marti-la-brasov\/#breadcrumb","itemListElement":[{"@type":"ListItem","position":1,"name":"Home","item":"https:\/\/ski-outdoor.ro\/outdoor\/"},{"@type":"ListItem","position":2,"name":"Conferin\u021ba \u201eOutodoor \u00een Rom\u00e2nia pentru persoanele cu dizabilit\u0103\u021bi\u201d, \u00een premier\u0103 la Alpin Film Festival, care \u00eencepe mar\u021bi la Bra\u0219ov"}]},{"@type":"Article","@id":"https:\/\/ski-outdoor.ro\/outdoor\/2021\/09\/07\/conferinta-outodoor-in-romania-pentru-persoanele-cu-dizabilitati-in-premiera-la-alpin-film-festival-care-incepe-marti-la-brasov\/#article","isPartOf":{"@id":"https:\/\/ski-outdoor.ro\/outdoor\/2021\/09\/07\/conferinta-outodoor-in-romania-pentru-persoanele-cu-dizabilitati-in-premiera-la-alpin-film-festival-care-incepe-marti-la-brasov\/#webpage"},"author":{"@id":"https:\/\/ski-outdoor.ro\/outdoor\/#\/schema\/person\/29661f8d079aa10872d8edcf2a2a520b"},"headline":"Conferin\u021ba \u201eOutodoor \u00een Rom\u00e2nia pentru persoanele cu dizabilit\u0103\u021bi\u201d, \u00een premier\u0103 la Alpin Film Festival, care \u00eencepe mar\u021bi la Bra\u0219ov","datePublished":"2021-09-07T07:16:41+00:00","dateModified":"2021-11-02T20:20:14+00:00","mainEntityOfPage":{"@id":"https:\/\/ski-outdoor.ro\/outdoor\/2021\/09\/07\/conferinta-outodoor-in-romania-pentru-persoanele-cu-dizabilitati-in-premiera-la-alpin-film-festival-care-incepe-marti-la-brasov\/#webpage"},"wordCount":795,"commentCount":0,"publisher":{"@id":"https:\/\/ski-outdoor.ro\/outdoor\/#organization"},"image":{"@id":"https:\/\/ski-outdoor.ro\/outdoor\/2021\/09\/07\/conferinta-outodoor-in-romania-pentru-persoanele-cu-dizabilitati-in-premiera-la-alpin-film-festival-care-incepe-marti-la-brasov\/#primaryimage"},"thumbnailUrl":"https:\/\/ski-outdoor.ro\/outdoor\/wp-content\/uploads\/sites\/4\/2021\/09\/outdoor.jpg","articleSection":["Actualit\u0103\u021bi"],"inLanguage":"ro-RO","potentialAction":[{"@type":"CommentAction","name":"Comment","target":["https:\/\/ski-outdoor.ro\/outdoor\/2021\/09\/07\/conferinta-outodoor-in-romania-pentru-persoanele-cu-dizabilitati-in-premiera-la-alpin-film-festival-care-incepe-marti-la-brasov\/#respond"]}]},{"@type":"Person","@id":"https:\/\/ski-outdoor.ro\/outdoor\/#\/schema\/person\/29661f8d079aa10872d8edcf2a2a520b","name":"Bianca \u0218omlea","image":{"@type":"ImageObject","@id":"https:\/\/ski-outdoor.ro\/outdoor\/#personlogo","inLanguage":"ro-RO","url":"https:\/\/secure.gravatar.com\/avatar\/b39a83203da3fc8888ded6e8052246ad?s=96&d=mm&r=g","contentUrl":"https:\/\/secure.gravatar.com\/avatar\/b39a83203da3fc8888ded6e8052246ad?s=96&d=mm&r=g","caption":"Bianca \u0218omlea"},"url":"https:\/\/ski-outdoor.ro\/outdoor\/author\/editorfb206\/"}]}},"_links":{"self":[{"href":"https:\/\/ski-outdoor.ro\/outdoor\/wp-json\/wp\/v2\/posts\/7193"}],"collection":[{"href":"https:\/\/ski-outdoor.ro\/outdoor\/wp-json\/wp\/v2\/posts"}],"about":[{"href":"https:\/\/ski-outdoor.ro\/outdoor\/wp-json\/wp\/v2\/types\/post"}],"author":[{"embeddable":true,"href":"https:\/\/ski-outdoor.ro\/outdoor\/wp-json\/wp\/v2\/users\/16"}],"replies":[{"embeddable":true,"href":"https:\/\/ski-outdoor.ro\/outdoor\/wp-json\/wp\/v2\/comments?post=7193"}],"version-history":[{"count":3,"href":"https:\/\/ski-outdoor.ro\/outdoor\/wp-json\/wp\/v2\/posts\/7193\/revisions"}],"predecessor-version":[{"id":7750,"href":"https:\/\/ski-outdoor.ro\/outdoor\/wp-json\/wp\/v2\/posts\/7193\/revisions\/7750"}],"wp:featuredmedia":[{"embeddable":true,"href":"https:\/\/ski-outdoor.ro\/outdoor\/wp-json\/wp\/v2\/media\/7194"}],"wp:attachment":[{"href":"https:\/\/ski-outdoor.ro\/outdoor\/wp-json\/wp\/v2\/media?parent=7193"}],"wp:term":[{"taxonomy":"category","embeddable":true,"href":"https:\/\/ski-outdoor.ro\/outdoor\/wp-json\/wp\/v2\/categories?post=7193"},{"taxonomy":"post_tag","embeddable":true,"href":"https:\/\/ski-outdoor.ro\/outdoor\/wp-json\/wp\/v2\/tags?post=7193"}],"curies":[{"name":"wp","href":"https:\/\/api.w.org\/{rel}","templated":true}]}}