{"id":7377,"date":"2021-09-23T06:30:10","date_gmt":"2021-09-23T06:30:10","guid":{"rendered":"https:\/\/ski-outdoor.ro\/outdoor\/?p=7377"},"modified":"2021-09-23T06:30:11","modified_gmt":"2021-09-23T06:30:11","slug":"zapada-de-10-centimetri-in-muntii-fagaras","status":"publish","type":"post","link":"https:\/\/ski-outdoor.ro\/outdoor\/2021\/09\/23\/zapada-de-10-centimetri-in-muntii-fagaras\/","title":{"rendered":"Z\u0103pad\u0103 de 10 centimetri \u00een Mun\u021bii F\u0103g\u0103ra\u0219"},"content":{"rendered":"\n<p><strong>A nins \u00een noaptea de miercuri spre joi la munte. \u00cen F\u0103g\u0103ra\u0219, stratul de z\u0103pad\u0103 ajunge \u00een unele locuri la 10 centimetri.<\/strong><\/p>\n\n\n\n<figure class=\"wp-block-video\"><video controls src=\"https:\/\/ski-outdoor.ro\/outdoor\/wp-content\/uploads\/sites\/4\/2021\/09\/ninsoare.mp4\"><\/video><\/figure>\n\n\n\n<p>Potrivit Salvamont Arge\u0219, \u00een Mun\u021bii F\u0103g\u0103ra\u0219, la altitudini de peste 1.500 de metri a nins. Stratul de z\u0103pad\u0103 la Cota 2000 m\u0103soar\u0103 10 centimetri, v\u00e2ntul sufl\u0103 cu putere, iar vizibilitatea este redus\u0103 sub 50 de metri.<\/p>\n\n\n\n<p>Salvamonti\u0219tii nu recomand\u0103 \u00een aceast\u0103 perioad\u0103 parcurgerea traseelor turistice la altitudini de peste 1.500 de metri f\u0103r\u0103 echipament adecvat sezonului de iarn\u0103, \u00eembr\u0103c\u0103minte de protec\u021bie v\u00e2nt\/rece, col\u021bari, be\u021be, lantern\u0103, telefon, etc.<\/p>\n\n\n\n<p>Drumarii au intervenit pentru \u00eendep\u0103rtarea z\u0103pezii pe Transf\u0103g\u0103r\u0103\u0219an at\u00e2t pe partea partea nordic\u0103, \u00een jude\u021bul Sibiu, \u00eentre B\u00e2lea Cascad\u0103 \u0219i B\u00e2lea Lac, c\u00e2t \u0219i pe versantul sudic, \u00een jude\u021bul Arge\u0219, \u00eentre Piscul Negru \u0219i tunel.<\/p>\n\n\n\n<blockquote class=\"wp-block-quote\"><p><em>\u201eCu toate c\u0103 \u00een continuare circula\u021bia este deschis\u0103 pe Transf\u0103g\u0103r\u0103\u0219an pe timpul zilei, v\u0103 rug\u0103m s\u0103 circula\u021bi cu pruden\u021b\u0103 pe toate drumurile montane \u0219i nu v\u0103 aventura\u021bi \u00een zone cu z\u0103pad\u0103 dac\u0103 nu ave\u021bi ma\u0219ina preg\u0103tit\u0103 pentru iarn\u0103\u201d<\/em>, a transmis DRDP Bra\u0219ov.<\/p><\/blockquote>\n\n\n\n<p><em>Scris de: C\u0103lin Pop<\/em><\/p>\n\n\n\n<p><em>Video: Facebook\/Directia Regionala de Drumuri si Poduri Brasov<\/em><\/p>\n\n\n\n<p><\/p>\n","protected":false},"excerpt":{"rendered":"<p>A nins \u00een noaptea de miercuri spre joi la munte. \u00cen F\u0103g\u0103ra\u0219, stratul de z\u0103pad\u0103 ajunge \u00een unele locuri la&#8230;<\/p>\n","protected":false},"author":16,"featured_media":7379,"comment_status":"open","ping_status":"open","sticky":false,"template":"","format":"standard","meta":[],"categories":[1817],"tags":[3232,79,1223,3222],"yoast_head":"<!-- This site is optimized with the Yoast SEO plugin v18.4.1 - https:\/\/yoast.com\/wordpress\/plugins\/seo\/ -->\n<title>Z\u0103pad\u0103 de 10 centimetri \u00een Mun\u021bii F\u0103g\u0103ra\u0219 - Outdoor Magazine<\/title>\n<meta name=\"description\" content=\"A nins \u00een noaptea de miercuri spre joi la mune. \u00ce\u00c2n F\u0103g\u0103a\u0219, stratul de z\u0103pad\u0103 ajunge \u00een unele locuri de 10 centimetri.\" \/>\n<meta name=\"robots\" content=\"index, follow, max-snippet:-1, max-image-preview:large, max-video-preview:-1\" \/>\n<link rel=\"canonical\" href=\"https:\/\/ski-outdoor.ro\/outdoor\/2021\/09\/23\/zapada-de-10-centimetri-in-muntii-fagaras\/\" \/>\n<meta property=\"og:locale\" content=\"ro_RO\" \/>\n<meta property=\"og:type\" content=\"article\" \/>\n<meta property=\"og:title\" content=\"Z\u0103pad\u0103 de 10 centimetri \u00een Mun\u021bii F\u0103g\u0103ra\u0219 - Outdoor Magazine\" \/>\n<meta property=\"og:description\" content=\"A nins \u00een noaptea de miercuri spre joi la mune. \u00ce\u00c2n F\u0103g\u0103a\u0219, stratul de z\u0103pad\u0103 ajunge \u00een unele locuri de 10 centimetri.\" \/>\n<meta property=\"og:url\" content=\"https:\/\/ski-outdoor.ro\/outdoor\/2021\/09\/23\/zapada-de-10-centimetri-in-muntii-fagaras\/\" \/>\n<meta property=\"og:site_name\" content=\"Outdoor Magazine\" \/>\n<meta property=\"article:publisher\" content=\"https:\/\/www.facebook.com\/skiandoutdoormagazine\" \/>\n<meta property=\"article:published_time\" content=\"2021-09-23T06:30:10+00:00\" \/>\n<meta property=\"article:modified_time\" content=\"2021-09-23T06:30:11+00:00\" \/>\n<meta property=\"og:image\" content=\"https:\/\/ski-outdoor.ro\/outdoor\/wp-content\/uploads\/sites\/4\/2021\/09\/ninsoare-foto.png\" \/>\n\t<meta property=\"og:image:width\" content=\"1920\" \/>\n\t<meta property=\"og:image:height\" content=\"1080\" \/>\n\t<meta property=\"og:image:type\" content=\"image\/png\" \/>\n<meta name=\"twitter:card\" content=\"summary_large_image\" \/>\n<meta name=\"twitter:label1\" content=\"Scris de\" \/>\n\t<meta name=\"twitter:data1\" content=\"Bianca \u0218omlea\" \/>\n\t<meta name=\"twitter:label2\" content=\"Timp estimat pentru citire\" \/>\n\t<meta name=\"twitter:data2\" content=\"1 minut\" \/>\n<script type=\"application\/ld+json\" class=\"yoast-schema-graph\">{\"@context\":\"https:\/\/schema.org\",\"@graph\":[{\"@type\":\"Organization\",\"@id\":\"https:\/\/ski-outdoor.ro\/outdoor\/#organization\",\"name\":\"Ski & Outdoor Magazine\",\"url\":\"https:\/\/ski-outdoor.ro\/outdoor\/\",\"sameAs\":[\"https:\/\/www.facebook.com\/skiandoutdoormagazine\"],\"logo\":{\"@type\":\"ImageObject\",\"@id\":\"https:\/\/ski-outdoor.ro\/outdoor\/#logo\",\"inLanguage\":\"ro-RO\",\"url\":\"https:\/\/ski-outdoor.ro\/outdoor\/wp-content\/uploads\/sites\/4\/2019\/05\/logo-e1557923623153.png\",\"contentUrl\":\"https:\/\/ski-outdoor.ro\/outdoor\/wp-content\/uploads\/sites\/4\/2019\/05\/logo-e1557923623153.png\",\"width\":600,\"height\":165,\"caption\":\"Ski & Outdoor Magazine\"},\"image\":{\"@id\":\"https:\/\/ski-outdoor.ro\/outdoor\/#logo\"}},{\"@type\":\"WebSite\",\"@id\":\"https:\/\/ski-outdoor.ro\/outdoor\/#website\",\"url\":\"https:\/\/ski-outdoor.ro\/outdoor\/\",\"name\":\"Outdoor Magazine\",\"description\":\"\",\"publisher\":{\"@id\":\"https:\/\/ski-outdoor.ro\/outdoor\/#organization\"},\"potentialAction\":[{\"@type\":\"SearchAction\",\"target\":{\"@type\":\"EntryPoint\",\"urlTemplate\":\"https:\/\/ski-outdoor.ro\/outdoor\/?s={search_term_string}\"},\"query-input\":\"required name=search_term_string\"}],\"inLanguage\":\"ro-RO\"},{\"@type\":\"ImageObject\",\"@id\":\"https:\/\/ski-outdoor.ro\/outdoor\/2021\/09\/23\/zapada-de-10-centimetri-in-muntii-fagaras\/#primaryimage\",\"inLanguage\":\"ro-RO\",\"url\":\"https:\/\/ski-outdoor.ro\/outdoor\/wp-content\/uploads\/sites\/4\/2021\/09\/ninsoare-foto.png\",\"contentUrl\":\"https:\/\/ski-outdoor.ro\/outdoor\/wp-content\/uploads\/sites\/4\/2021\/09\/ninsoare-foto.png\",\"width\":1920,\"height\":1080},{\"@type\":\"WebPage\",\"@id\":\"https:\/\/ski-outdoor.ro\/outdoor\/2021\/09\/23\/zapada-de-10-centimetri-in-muntii-fagaras\/#webpage\",\"url\":\"https:\/\/ski-outdoor.ro\/outdoor\/2021\/09\/23\/zapada-de-10-centimetri-in-muntii-fagaras\/\",\"name\":\"Z\u0103pad\u0103 de 10 centimetri \u00een Mun\u021bii F\u0103g\u0103ra\u0219 - Outdoor Magazine\",\"isPartOf\":{\"@id\":\"https:\/\/ski-outdoor.ro\/outdoor\/#website\"},\"primaryImageOfPage\":{\"@id\":\"https:\/\/ski-outdoor.ro\/outdoor\/2021\/09\/23\/zapada-de-10-centimetri-in-muntii-fagaras\/#primaryimage\"},\"datePublished\":\"2021-09-23T06:30:10+00:00\",\"dateModified\":\"2021-09-23T06:30:11+00:00\",\"description\":\"A nins \u00een noaptea de miercuri spre joi la mune. \u00ce\u00c2n F\u0103g\u0103a\u0219, stratul de z\u0103pad\u0103 ajunge \u00een unele locuri de 10 centimetri.\",\"breadcrumb\":{\"@id\":\"https:\/\/ski-outdoor.ro\/outdoor\/2021\/09\/23\/zapada-de-10-centimetri-in-muntii-fagaras\/#breadcrumb\"},\"inLanguage\":\"ro-RO\",\"potentialAction\":[{\"@type\":\"ReadAction\",\"target\":[\"https:\/\/ski-outdoor.ro\/outdoor\/2021\/09\/23\/zapada-de-10-centimetri-in-muntii-fagaras\/\"]}]},{\"@type\":\"BreadcrumbList\",\"@id\":\"https:\/\/ski-outdoor.ro\/outdoor\/2021\/09\/23\/zapada-de-10-centimetri-in-muntii-fagaras\/#breadcrumb\",\"itemListElement\":[{\"@type\":\"ListItem\",\"position\":1,\"name\":\"Home\",\"item\":\"https:\/\/ski-outdoor.ro\/outdoor\/\"},{\"@type\":\"ListItem\",\"position\":2,\"name\":\"Z\u0103pad\u0103 de 10 centimetri \u00een Mun\u021bii F\u0103g\u0103ra\u0219\"}]},{\"@type\":\"Article\",\"@id\":\"https:\/\/ski-outdoor.ro\/outdoor\/2021\/09\/23\/zapada-de-10-centimetri-in-muntii-fagaras\/#article\",\"isPartOf\":{\"@id\":\"https:\/\/ski-outdoor.ro\/outdoor\/2021\/09\/23\/zapada-de-10-centimetri-in-muntii-fagaras\/#webpage\"},\"author\":{\"@id\":\"https:\/\/ski-outdoor.ro\/outdoor\/#\/schema\/person\/29661f8d079aa10872d8edcf2a2a520b\"},\"headline\":\"Z\u0103pad\u0103 de 10 centimetri \u00een Mun\u021bii F\u0103g\u0103ra\u0219\",\"datePublished\":\"2021-09-23T06:30:10+00:00\",\"dateModified\":\"2021-09-23T06:30:11+00:00\",\"mainEntityOfPage\":{\"@id\":\"https:\/\/ski-outdoor.ro\/outdoor\/2021\/09\/23\/zapada-de-10-centimetri-in-muntii-fagaras\/#webpage\"},\"wordCount\":225,\"commentCount\":0,\"publisher\":{\"@id\":\"https:\/\/ski-outdoor.ro\/outdoor\/#organization\"},\"image\":{\"@id\":\"https:\/\/ski-outdoor.ro\/outdoor\/2021\/09\/23\/zapada-de-10-centimetri-in-muntii-fagaras\/#primaryimage\"},\"thumbnailUrl\":\"https:\/\/ski-outdoor.ro\/outdoor\/wp-content\/uploads\/sites\/4\/2021\/09\/ninsoare-foto.png\",\"keywords\":[\"f\u0103g\u0103ra\u0219\",\"munte\",\"ninsoare\",\"transf\u0103g\u0103r\u0103\u0219an\"],\"articleSection\":[\"Actualit\u0103\u021bi\"],\"inLanguage\":\"ro-RO\",\"potentialAction\":[{\"@type\":\"CommentAction\",\"name\":\"Comment\",\"target\":[\"https:\/\/ski-outdoor.ro\/outdoor\/2021\/09\/23\/zapada-de-10-centimetri-in-muntii-fagaras\/#respond\"]}]},{\"@type\":\"Person\",\"@id\":\"https:\/\/ski-outdoor.ro\/outdoor\/#\/schema\/person\/29661f8d079aa10872d8edcf2a2a520b\",\"name\":\"Bianca \u0218omlea\",\"image\":{\"@type\":\"ImageObject\",\"@id\":\"https:\/\/ski-outdoor.ro\/outdoor\/#personlogo\",\"inLanguage\":\"ro-RO\",\"url\":\"https:\/\/secure.gravatar.com\/avatar\/b39a83203da3fc8888ded6e8052246ad?s=96&d=mm&r=g\",\"contentUrl\":\"https:\/\/secure.gravatar.com\/avatar\/b39a83203da3fc8888ded6e8052246ad?s=96&d=mm&r=g\",\"caption\":\"Bianca \u0218omlea\"},\"url\":\"https:\/\/ski-outdoor.ro\/outdoor\/author\/editorfb206\/\"}]}<\/script>\n<!-- \/ Yoast SEO plugin. -->","yoast_head_json":{"title":"Z\u0103pad\u0103 de 10 centimetri \u00een Mun\u021bii F\u0103g\u0103ra\u0219 - Outdoor Magazine","description":"A nins \u00een noaptea de miercuri spre joi la mune. \u00ce\u00c2n F\u0103g\u0103a\u0219, stratul de z\u0103pad\u0103 ajunge \u00een unele locuri de 10 centimetri.","robots":{"index":"index","follow":"follow","max-snippet":"max-snippet:-1","max-image-preview":"max-image-preview:large","max-video-preview":"max-video-preview:-1"},"canonical":"https:\/\/ski-outdoor.ro\/outdoor\/2021\/09\/23\/zapada-de-10-centimetri-in-muntii-fagaras\/","og_locale":"ro_RO","og_type":"article","og_title":"Z\u0103pad\u0103 de 10 centimetri \u00een Mun\u021bii F\u0103g\u0103ra\u0219 - Outdoor Magazine","og_description":"A nins \u00een noaptea de miercuri spre joi la mune. \u00ce\u00c2n F\u0103g\u0103a\u0219, stratul de z\u0103pad\u0103 ajunge \u00een unele locuri de 10 centimetri.","og_url":"https:\/\/ski-outdoor.ro\/outdoor\/2021\/09\/23\/zapada-de-10-centimetri-in-muntii-fagaras\/","og_site_name":"Outdoor Magazine","article_publisher":"https:\/\/www.facebook.com\/skiandoutdoormagazine","article_published_time":"2021-09-23T06:30:10+00:00","article_modified_time":"2021-09-23T06:30:11+00:00","og_image":[{"width":1920,"height":1080,"url":"https:\/\/ski-outdoor.ro\/outdoor\/wp-content\/uploads\/sites\/4\/2021\/09\/ninsoare-foto.png","type":"image\/png"}],"twitter_card":"summary_large_image","twitter_misc":{"Scris de":"Bianca \u0218omlea","Timp estimat pentru citire":"1 minut"},"schema":{"@context":"https:\/\/schema.org","@graph":[{"@type":"Organization","@id":"https:\/\/ski-outdoor.ro\/outdoor\/#organization","name":"Ski & Outdoor Magazine","url":"https:\/\/ski-outdoor.ro\/outdoor\/","sameAs":["https:\/\/www.facebook.com\/skiandoutdoormagazine"],"logo":{"@type":"ImageObject","@id":"https:\/\/ski-outdoor.ro\/outdoor\/#logo","inLanguage":"ro-RO","url":"https:\/\/ski-outdoor.ro\/outdoor\/wp-content\/uploads\/sites\/4\/2019\/05\/logo-e1557923623153.png","contentUrl":"https:\/\/ski-outdoor.ro\/outdoor\/wp-content\/uploads\/sites\/4\/2019\/05\/logo-e1557923623153.png","width":600,"height":165,"caption":"Ski & Outdoor Magazine"},"image":{"@id":"https:\/\/ski-outdoor.ro\/outdoor\/#logo"}},{"@type":"WebSite","@id":"https:\/\/ski-outdoor.ro\/outdoor\/#website","url":"https:\/\/ski-outdoor.ro\/outdoor\/","name":"Outdoor Magazine","description":"","publisher":{"@id":"https:\/\/ski-outdoor.ro\/outdoor\/#organization"},"potentialAction":[{"@type":"SearchAction","target":{"@type":"EntryPoint","urlTemplate":"https:\/\/ski-outdoor.ro\/outdoor\/?s={search_term_string}"},"query-input":"required name=search_term_string"}],"inLanguage":"ro-RO"},{"@type":"ImageObject","@id":"https:\/\/ski-outdoor.ro\/outdoor\/2021\/09\/23\/zapada-de-10-centimetri-in-muntii-fagaras\/#primaryimage","inLanguage":"ro-RO","url":"https:\/\/ski-outdoor.ro\/outdoor\/wp-content\/uploads\/sites\/4\/2021\/09\/ninsoare-foto.png","contentUrl":"https:\/\/ski-outdoor.ro\/outdoor\/wp-content\/uploads\/sites\/4\/2021\/09\/ninsoare-foto.png","width":1920,"height":1080},{"@type":"WebPage","@id":"https:\/\/ski-outdoor.ro\/outdoor\/2021\/09\/23\/zapada-de-10-centimetri-in-muntii-fagaras\/#webpage","url":"https:\/\/ski-outdoor.ro\/outdoor\/2021\/09\/23\/zapada-de-10-centimetri-in-muntii-fagaras\/","name":"Z\u0103pad\u0103 de 10 centimetri \u00een Mun\u021bii F\u0103g\u0103ra\u0219 - Outdoor Magazine","isPartOf":{"@id":"https:\/\/ski-outdoor.ro\/outdoor\/#website"},"primaryImageOfPage":{"@id":"https:\/\/ski-outdoor.ro\/outdoor\/2021\/09\/23\/zapada-de-10-centimetri-in-muntii-fagaras\/#primaryimage"},"datePublished":"2021-09-23T06:30:10+00:00","dateModified":"2021-09-23T06:30:11+00:00","description":"A nins \u00een noaptea de miercuri spre joi la mune. \u00ce\u00c2n F\u0103g\u0103a\u0219, stratul de z\u0103pad\u0103 ajunge \u00een unele locuri de 10 centimetri.","breadcrumb":{"@id":"https:\/\/ski-outdoor.ro\/outdoor\/2021\/09\/23\/zapada-de-10-centimetri-in-muntii-fagaras\/#breadcrumb"},"inLanguage":"ro-RO","potentialAction":[{"@type":"ReadAction","target":["https:\/\/ski-outdoor.ro\/outdoor\/2021\/09\/23\/zapada-de-10-centimetri-in-muntii-fagaras\/"]}]},{"@type":"BreadcrumbList","@id":"https:\/\/ski-outdoor.ro\/outdoor\/2021\/09\/23\/zapada-de-10-centimetri-in-muntii-fagaras\/#breadcrumb","itemListElement":[{"@type":"ListItem","position":1,"name":"Home","item":"https:\/\/ski-outdoor.ro\/outdoor\/"},{"@type":"ListItem","position":2,"name":"Z\u0103pad\u0103 de 10 centimetri \u00een Mun\u021bii F\u0103g\u0103ra\u0219"}]},{"@type":"Article","@id":"https:\/\/ski-outdoor.ro\/outdoor\/2021\/09\/23\/zapada-de-10-centimetri-in-muntii-fagaras\/#article","isPartOf":{"@id":"https:\/\/ski-outdoor.ro\/outdoor\/2021\/09\/23\/zapada-de-10-centimetri-in-muntii-fagaras\/#webpage"},"author":{"@id":"https:\/\/ski-outdoor.ro\/outdoor\/#\/schema\/person\/29661f8d079aa10872d8edcf2a2a520b"},"headline":"Z\u0103pad\u0103 de 10 centimetri \u00een Mun\u021bii F\u0103g\u0103ra\u0219","datePublished":"2021-09-23T06:30:10+00:00","dateModified":"2021-09-23T06:30:11+00:00","mainEntityOfPage":{"@id":"https:\/\/ski-outdoor.ro\/outdoor\/2021\/09\/23\/zapada-de-10-centimetri-in-muntii-fagaras\/#webpage"},"wordCount":225,"commentCount":0,"publisher":{"@id":"https:\/\/ski-outdoor.ro\/outdoor\/#organization"},"image":{"@id":"https:\/\/ski-outdoor.ro\/outdoor\/2021\/09\/23\/zapada-de-10-centimetri-in-muntii-fagaras\/#primaryimage"},"thumbnailUrl":"https:\/\/ski-outdoor.ro\/outdoor\/wp-content\/uploads\/sites\/4\/2021\/09\/ninsoare-foto.png","keywords":["f\u0103g\u0103ra\u0219","munte","ninsoare","transf\u0103g\u0103r\u0103\u0219an"],"articleSection":["Actualit\u0103\u021bi"],"inLanguage":"ro-RO","potentialAction":[{"@type":"CommentAction","name":"Comment","target":["https:\/\/ski-outdoor.ro\/outdoor\/2021\/09\/23\/zapada-de-10-centimetri-in-muntii-fagaras\/#respond"]}]},{"@type":"Person","@id":"https:\/\/ski-outdoor.ro\/outdoor\/#\/schema\/person\/29661f8d079aa10872d8edcf2a2a520b","name":"Bianca \u0218omlea","image":{"@type":"ImageObject","@id":"https:\/\/ski-outdoor.ro\/outdoor\/#personlogo","inLanguage":"ro-RO","url":"https:\/\/secure.gravatar.com\/avatar\/b39a83203da3fc8888ded6e8052246ad?s=96&d=mm&r=g","contentUrl":"https:\/\/secure.gravatar.com\/avatar\/b39a83203da3fc8888ded6e8052246ad?s=96&d=mm&r=g","caption":"Bianca \u0218omlea"},"url":"https:\/\/ski-outdoor.ro\/outdoor\/author\/editorfb206\/"}]}},"_links":{"self":[{"href":"https:\/\/ski-outdoor.ro\/outdoor\/wp-json\/wp\/v2\/posts\/7377"}],"collection":[{"href":"https:\/\/ski-outdoor.ro\/outdoor\/wp-json\/wp\/v2\/posts"}],"about":[{"href":"https:\/\/ski-outdoor.ro\/outdoor\/wp-json\/wp\/v2\/types\/post"}],"author":[{"embeddable":true,"href":"https:\/\/ski-outdoor.ro\/outdoor\/wp-json\/wp\/v2\/users\/16"}],"replies":[{"embeddable":true,"href":"https:\/\/ski-outdoor.ro\/outdoor\/wp-json\/wp\/v2\/comments?post=7377"}],"version-history":[{"count":2,"href":"https:\/\/ski-outdoor.ro\/outdoor\/wp-json\/wp\/v2\/posts\/7377\/revisions"}],"predecessor-version":[{"id":7381,"href":"https:\/\/ski-outdoor.ro\/outdoor\/wp-json\/wp\/v2\/posts\/7377\/revisions\/7381"}],"wp:featuredmedia":[{"embeddable":true,"href":"https:\/\/ski-outdoor.ro\/outdoor\/wp-json\/wp\/v2\/media\/7379"}],"wp:attachment":[{"href":"https:\/\/ski-outdoor.ro\/outdoor\/wp-json\/wp\/v2\/media?parent=7377"}],"wp:term":[{"taxonomy":"category","embeddable":true,"href":"https:\/\/ski-outdoor.ro\/outdoor\/wp-json\/wp\/v2\/categories?post=7377"},{"taxonomy":"post_tag","embeddable":true,"href":"https:\/\/ski-outdoor.ro\/outdoor\/wp-json\/wp\/v2\/tags?post=7377"}],"curies":[{"name":"wp","href":"https:\/\/api.w.org\/{rel}","templated":true}]}}