{"id":7460,"date":"2021-09-30T05:23:12","date_gmt":"2021-09-30T05:23:12","guid":{"rendered":"https:\/\/ski-outdoor.ro\/outdoor\/?p=7460"},"modified":"2021-09-30T05:23:13","modified_gmt":"2021-09-30T05:23:13","slug":"razvan-nedu-vrea-sa-termine-cu-aur-anul-de-argint-in-ultima-etapa-a-cupei-mondiale-de-la-los-angeles","status":"publish","type":"post","link":"https:\/\/ski-outdoor.ro\/outdoor\/2021\/09\/30\/razvan-nedu-vrea-sa-termine-cu-aur-anul-de-argint-in-ultima-etapa-a-cupei-mondiale-de-la-los-angeles\/","title":{"rendered":"R\u0103zvan Nedu vrea s\u0103 termine cu aur \u201eanul de argint\u201d, \u00een ultima etap\u0103 a Cupei Mondiale de la Los Angeles"},"content":{"rendered":"\n<p><strong>Vicecampionul mondial la paraclimbing, R\u0103zvan Nedu, se preg\u0103te\u0219te pentru ultima etap\u0103 a Cupei Mondiale, care va avea loc \u00een octombrie \u00een Los Angeles, SUA. El vrea s\u0103 \u00eencheie cu o medalie de aur anul pe care \u00eel nume\u0219te \u201ede argint\u201d, dup\u0103 ce a ob\u021binut trei astfel de medalii \u00een competi\u021biile mondiale.<\/strong><\/p>\n\n\n\n<figure class=\"wp-block-image size-large\"><img loading=\"lazy\" width=\"1024\" height=\"461\" src=\"https:\/\/ski-outdoor.ro\/outdoor\/wp-content\/uploads\/sites\/4\/2021\/09\/nedu-moscova-1024x461.jpg\" alt=\"\" class=\"wp-image-7461\" srcset=\"https:\/\/ski-outdoor.ro\/outdoor\/wp-content\/uploads\/sites\/4\/2021\/09\/nedu-moscova-1024x461.jpg 1024w, https:\/\/ski-outdoor.ro\/outdoor\/wp-content\/uploads\/sites\/4\/2021\/09\/nedu-moscova-300x135.jpg 300w, https:\/\/ski-outdoor.ro\/outdoor\/wp-content\/uploads\/sites\/4\/2021\/09\/nedu-moscova-768x345.jpg 768w, https:\/\/ski-outdoor.ro\/outdoor\/wp-content\/uploads\/sites\/4\/2021\/09\/nedu-moscova-1536x691.jpg 1536w, https:\/\/ski-outdoor.ro\/outdoor\/wp-content\/uploads\/sites\/4\/2021\/09\/nedu-moscova-370x166.jpg 370w, https:\/\/ski-outdoor.ro\/outdoor\/wp-content\/uploads\/sites\/4\/2021\/09\/nedu-moscova-570x256.jpg 570w, https:\/\/ski-outdoor.ro\/outdoor\/wp-content\/uploads\/sites\/4\/2021\/09\/nedu-moscova-770x346.jpg 770w, https:\/\/ski-outdoor.ro\/outdoor\/wp-content\/uploads\/sites\/4\/2021\/09\/nedu-moscova-1170x526.jpg 1170w, https:\/\/ski-outdoor.ro\/outdoor\/wp-content\/uploads\/sites\/4\/2021\/09\/nedu-moscova-1290x580.jpg 1290w, https:\/\/ski-outdoor.ro\/outdoor\/wp-content\/uploads\/sites\/4\/2021\/09\/nedu-moscova.jpg 2048w\" sizes=\"(max-width: 1024px) 100vw, 1024px\" \/><\/figure>\n\n\n\n<p>La Los Angeles, \u00een SUA, va avea \u00een 9 \u0219i 10 octombrie a treia \u0219i ultima etap\u0103 a Cupei Mondiale de Paraclimbing. Astfel, \u00een 9 octombrie sunt programate calific\u0103rile, iar o zi mai t\u00e2rziu va avea loc finala.<\/p>\n\n\n\n<p>Pentru R\u0103zvan Nedu, c\u0103p\u0103tanul lotului na\u021bional de paraclimbing al Rom\u00e2niei, concursul din America este o \u0219ans\u0103 s\u0103 termine cu aur anul pe care \u00eel nume\u0219te \u201ede argint\u201d.<\/p>\n\n\n\n<blockquote class=\"wp-block-quote\"><p><em>\u201eAm luat argint la Campionatul Mondial din Moscova \u0219i la celelalte dou\u0103 etape de Cup\u0103 Mondial\u0103. Cumva r\u00e2deam c\u0103 a fost anul argintului p\u00e2n\u0103 acum, urmeaz\u0103 America \u0219i sper\u0103m la aur\u201d<\/em>, a spus Nedu, pentru Ski&amp;Outdoor Magazine.<\/p><\/blockquote>\n\n\n\n<p>\u00cen primele dou\u0103 etape ale Cupei Mondiale, el s-a clasat pe locul doi, at\u00e2t la Brian\u00e7on, \u00een Fran\u021ba, c\u00e2t \u0219i la Innsbruck, \u00een Austria.<\/p>\n\n\n\n<p>R\u0103zvan Nedu, membru al asocia\u021biei Climb Again, a devenit la \u00eenceputul lunii septembrie vicecampion mondial la Moscova, dup\u0103 ce a concurat cu m\u00e2na \u00een ghips. Povestea luptei pentru acest titlu acestui titlu o pute\u021bi citi <a href=\"https:\/\/ski-outdoor.ro\/outdoor\/2021\/09\/29\/culisele-unui-titlu-de-vicecampion-mondial-la-paraclimbing-castigat-cu-mana-in-ghips-razvan-nedu-lectie-de-curaj-si-incredere\/\" target=\"_blank\" rel=\"noreferrer noopener\">aici<\/a>.<\/p>\n\n\n\n<p><em>Scris de: C\u0103lin Pop<\/em><\/p>\n\n\n\n<p><em>Foto: Facebook\/Climb Again<\/em><\/p>\n","protected":false},"excerpt":{"rendered":"<p>Vicecampionul mondial la paraclimbing, R\u0103zvan Nedu, se preg\u0103te\u0219te pentru ultima etap\u0103 a Cupei Mondiale, care va avea loc \u00een octombrie&#8230;<\/p>\n","protected":false},"author":16,"featured_media":7461,"comment_status":"open","ping_status":"open","sticky":false,"template":"","format":"standard","meta":[],"categories":[39],"tags":[3256,511,1904,3210],"yoast_head":"<!-- This site is optimized with the Yoast SEO plugin v18.4.1 - https:\/\/yoast.com\/wordpress\/plugins\/seo\/ -->\n<title>R\u0103zvan Nedu vrea s\u0103 termine cu aur \u201eanul de argint\u201d, \u00een ultima etap\u0103 a Cupei Mondiale de la Los Angeles - Outdoor Magazine<\/title>\n<meta name=\"description\" content=\"Vicecampionul mondial la paraclimbing, R\u0103zvan Nedu, se preg\u0103te\u0219te pentru ultima etap\u0103 a Cupei Mondiale, care va avea loc \u00een octombrie \u00een Los Angeles, SUA. El vrea s\u0103 \u00eencheie cu o medalie de aur anul pe care \u00eel nume\u0219te \u201ede argint\u201d, dup\u0103 ce a ob\u021binut trei astfel de medalii \u00een competi\u021biile mondiale.\" \/>\n<meta name=\"robots\" content=\"index, follow, max-snippet:-1, max-image-preview:large, max-video-preview:-1\" \/>\n<link rel=\"canonical\" href=\"https:\/\/ski-outdoor.ro\/outdoor\/2021\/09\/30\/razvan-nedu-vrea-sa-termine-cu-aur-anul-de-argint-in-ultima-etapa-a-cupei-mondiale-de-la-los-angeles\/\" \/>\n<meta property=\"og:locale\" content=\"ro_RO\" \/>\n<meta property=\"og:type\" content=\"article\" \/>\n<meta property=\"og:title\" content=\"R\u0103zvan Nedu vrea s\u0103 termine cu aur \u201eanul de argint\u201d, \u00een ultima etap\u0103 a Cupei Mondiale de la Los Angeles - Outdoor Magazine\" \/>\n<meta property=\"og:description\" content=\"Vicecampionul mondial la paraclimbing, R\u0103zvan Nedu, se preg\u0103te\u0219te pentru ultima etap\u0103 a Cupei Mondiale, care va avea loc \u00een octombrie \u00een Los Angeles, SUA. El vrea s\u0103 \u00eencheie cu o medalie de aur anul pe care \u00eel nume\u0219te \u201ede argint\u201d, dup\u0103 ce a ob\u021binut trei astfel de medalii \u00een competi\u021biile mondiale.\" \/>\n<meta property=\"og:url\" content=\"https:\/\/ski-outdoor.ro\/outdoor\/2021\/09\/30\/razvan-nedu-vrea-sa-termine-cu-aur-anul-de-argint-in-ultima-etapa-a-cupei-mondiale-de-la-los-angeles\/\" \/>\n<meta property=\"og:site_name\" content=\"Outdoor Magazine\" \/>\n<meta property=\"article:publisher\" content=\"https:\/\/www.facebook.com\/skiandoutdoormagazine\" \/>\n<meta property=\"article:published_time\" content=\"2021-09-30T05:23:12+00:00\" \/>\n<meta property=\"article:modified_time\" content=\"2021-09-30T05:23:13+00:00\" \/>\n<meta property=\"og:image\" content=\"https:\/\/ski-outdoor.ro\/outdoor\/wp-content\/uploads\/sites\/4\/2021\/09\/nedu-moscova.jpg\" \/>\n\t<meta property=\"og:image:width\" content=\"2048\" \/>\n\t<meta property=\"og:image:height\" content=\"921\" \/>\n\t<meta property=\"og:image:type\" content=\"image\/jpeg\" \/>\n<meta name=\"twitter:card\" content=\"summary_large_image\" \/>\n<meta name=\"twitter:label1\" content=\"Scris de\" \/>\n\t<meta name=\"twitter:data1\" content=\"Bianca \u0218omlea\" \/>\n\t<meta name=\"twitter:label2\" content=\"Timp estimat pentru citire\" \/>\n\t<meta name=\"twitter:data2\" content=\"2 minute\" \/>\n<script type=\"application\/ld+json\" class=\"yoast-schema-graph\">{\"@context\":\"https:\/\/schema.org\",\"@graph\":[{\"@type\":\"Organization\",\"@id\":\"https:\/\/ski-outdoor.ro\/outdoor\/#organization\",\"name\":\"Ski & Outdoor Magazine\",\"url\":\"https:\/\/ski-outdoor.ro\/outdoor\/\",\"sameAs\":[\"https:\/\/www.facebook.com\/skiandoutdoormagazine\"],\"logo\":{\"@type\":\"ImageObject\",\"@id\":\"https:\/\/ski-outdoor.ro\/outdoor\/#logo\",\"inLanguage\":\"ro-RO\",\"url\":\"https:\/\/ski-outdoor.ro\/outdoor\/wp-content\/uploads\/sites\/4\/2019\/05\/logo-e1557923623153.png\",\"contentUrl\":\"https:\/\/ski-outdoor.ro\/outdoor\/wp-content\/uploads\/sites\/4\/2019\/05\/logo-e1557923623153.png\",\"width\":600,\"height\":165,\"caption\":\"Ski & Outdoor Magazine\"},\"image\":{\"@id\":\"https:\/\/ski-outdoor.ro\/outdoor\/#logo\"}},{\"@type\":\"WebSite\",\"@id\":\"https:\/\/ski-outdoor.ro\/outdoor\/#website\",\"url\":\"https:\/\/ski-outdoor.ro\/outdoor\/\",\"name\":\"Outdoor Magazine\",\"description\":\"\",\"publisher\":{\"@id\":\"https:\/\/ski-outdoor.ro\/outdoor\/#organization\"},\"potentialAction\":[{\"@type\":\"SearchAction\",\"target\":{\"@type\":\"EntryPoint\",\"urlTemplate\":\"https:\/\/ski-outdoor.ro\/outdoor\/?s={search_term_string}\"},\"query-input\":\"required name=search_term_string\"}],\"inLanguage\":\"ro-RO\"},{\"@type\":\"ImageObject\",\"@id\":\"https:\/\/ski-outdoor.ro\/outdoor\/2021\/09\/30\/razvan-nedu-vrea-sa-termine-cu-aur-anul-de-argint-in-ultima-etapa-a-cupei-mondiale-de-la-los-angeles\/#primaryimage\",\"inLanguage\":\"ro-RO\",\"url\":\"https:\/\/ski-outdoor.ro\/outdoor\/wp-content\/uploads\/sites\/4\/2021\/09\/nedu-moscova.jpg\",\"contentUrl\":\"https:\/\/ski-outdoor.ro\/outdoor\/wp-content\/uploads\/sites\/4\/2021\/09\/nedu-moscova.jpg\",\"width\":2048,\"height\":921},{\"@type\":\"WebPage\",\"@id\":\"https:\/\/ski-outdoor.ro\/outdoor\/2021\/09\/30\/razvan-nedu-vrea-sa-termine-cu-aur-anul-de-argint-in-ultima-etapa-a-cupei-mondiale-de-la-los-angeles\/#webpage\",\"url\":\"https:\/\/ski-outdoor.ro\/outdoor\/2021\/09\/30\/razvan-nedu-vrea-sa-termine-cu-aur-anul-de-argint-in-ultima-etapa-a-cupei-mondiale-de-la-los-angeles\/\",\"name\":\"R\u0103zvan Nedu vrea s\u0103 termine cu aur \u201eanul de argint\u201d, \u00een ultima etap\u0103 a Cupei Mondiale de la Los Angeles - Outdoor Magazine\",\"isPartOf\":{\"@id\":\"https:\/\/ski-outdoor.ro\/outdoor\/#website\"},\"primaryImageOfPage\":{\"@id\":\"https:\/\/ski-outdoor.ro\/outdoor\/2021\/09\/30\/razvan-nedu-vrea-sa-termine-cu-aur-anul-de-argint-in-ultima-etapa-a-cupei-mondiale-de-la-los-angeles\/#primaryimage\"},\"datePublished\":\"2021-09-30T05:23:12+00:00\",\"dateModified\":\"2021-09-30T05:23:13+00:00\",\"description\":\"Vicecampionul mondial la paraclimbing, R\u0103zvan Nedu, se preg\u0103te\u0219te pentru ultima etap\u0103 a Cupei Mondiale, care va avea loc \u00een octombrie \u00een Los Angeles, SUA. El vrea s\u0103 \u00eencheie cu o medalie de aur anul pe care \u00eel nume\u0219te \u201ede argint\u201d, dup\u0103 ce a ob\u021binut trei astfel de medalii \u00een competi\u021biile mondiale.\",\"breadcrumb\":{\"@id\":\"https:\/\/ski-outdoor.ro\/outdoor\/2021\/09\/30\/razvan-nedu-vrea-sa-termine-cu-aur-anul-de-argint-in-ultima-etapa-a-cupei-mondiale-de-la-los-angeles\/#breadcrumb\"},\"inLanguage\":\"ro-RO\",\"potentialAction\":[{\"@type\":\"ReadAction\",\"target\":[\"https:\/\/ski-outdoor.ro\/outdoor\/2021\/09\/30\/razvan-nedu-vrea-sa-termine-cu-aur-anul-de-argint-in-ultima-etapa-a-cupei-mondiale-de-la-los-angeles\/\"]}]},{\"@type\":\"BreadcrumbList\",\"@id\":\"https:\/\/ski-outdoor.ro\/outdoor\/2021\/09\/30\/razvan-nedu-vrea-sa-termine-cu-aur-anul-de-argint-in-ultima-etapa-a-cupei-mondiale-de-la-los-angeles\/#breadcrumb\",\"itemListElement\":[{\"@type\":\"ListItem\",\"position\":1,\"name\":\"Home\",\"item\":\"https:\/\/ski-outdoor.ro\/outdoor\/\"},{\"@type\":\"ListItem\",\"position\":2,\"name\":\"R\u0103zvan Nedu vrea s\u0103 termine cu aur \u201eanul de argint\u201d, \u00een ultima etap\u0103 a Cupei Mondiale de la Los Angeles\"}]},{\"@type\":\"Article\",\"@id\":\"https:\/\/ski-outdoor.ro\/outdoor\/2021\/09\/30\/razvan-nedu-vrea-sa-termine-cu-aur-anul-de-argint-in-ultima-etapa-a-cupei-mondiale-de-la-los-angeles\/#article\",\"isPartOf\":{\"@id\":\"https:\/\/ski-outdoor.ro\/outdoor\/2021\/09\/30\/razvan-nedu-vrea-sa-termine-cu-aur-anul-de-argint-in-ultima-etapa-a-cupei-mondiale-de-la-los-angeles\/#webpage\"},\"author\":{\"@id\":\"https:\/\/ski-outdoor.ro\/outdoor\/#\/schema\/person\/29661f8d079aa10872d8edcf2a2a520b\"},\"headline\":\"R\u0103zvan Nedu vrea s\u0103 termine cu aur \u201eanul de argint\u201d, \u00een ultima etap\u0103 a Cupei Mondiale de la Los Angeles\",\"datePublished\":\"2021-09-30T05:23:12+00:00\",\"dateModified\":\"2021-09-30T05:23:13+00:00\",\"mainEntityOfPage\":{\"@id\":\"https:\/\/ski-outdoor.ro\/outdoor\/2021\/09\/30\/razvan-nedu-vrea-sa-termine-cu-aur-anul-de-argint-in-ultima-etapa-a-cupei-mondiale-de-la-los-angeles\/#webpage\"},\"wordCount\":267,\"commentCount\":0,\"publisher\":{\"@id\":\"https:\/\/ski-outdoor.ro\/outdoor\/#organization\"},\"image\":{\"@id\":\"https:\/\/ski-outdoor.ro\/outdoor\/2021\/09\/30\/razvan-nedu-vrea-sa-termine-cu-aur-anul-de-argint-in-ultima-etapa-a-cupei-mondiale-de-la-los-angeles\/#primaryimage\"},\"thumbnailUrl\":\"https:\/\/ski-outdoor.ro\/outdoor\/wp-content\/uploads\/sites\/4\/2021\/09\/nedu-moscova.jpg\",\"keywords\":[\"campionatul mondial\",\"cupa mondiala\",\"paraclimbing\",\"r\u0103zvan nedu\"],\"articleSection\":[\"Competi\u021bie\"],\"inLanguage\":\"ro-RO\",\"potentialAction\":[{\"@type\":\"CommentAction\",\"name\":\"Comment\",\"target\":[\"https:\/\/ski-outdoor.ro\/outdoor\/2021\/09\/30\/razvan-nedu-vrea-sa-termine-cu-aur-anul-de-argint-in-ultima-etapa-a-cupei-mondiale-de-la-los-angeles\/#respond\"]}]},{\"@type\":\"Person\",\"@id\":\"https:\/\/ski-outdoor.ro\/outdoor\/#\/schema\/person\/29661f8d079aa10872d8edcf2a2a520b\",\"name\":\"Bianca \u0218omlea\",\"image\":{\"@type\":\"ImageObject\",\"@id\":\"https:\/\/ski-outdoor.ro\/outdoor\/#personlogo\",\"inLanguage\":\"ro-RO\",\"url\":\"https:\/\/secure.gravatar.com\/avatar\/b39a83203da3fc8888ded6e8052246ad?s=96&d=mm&r=g\",\"contentUrl\":\"https:\/\/secure.gravatar.com\/avatar\/b39a83203da3fc8888ded6e8052246ad?s=96&d=mm&r=g\",\"caption\":\"Bianca \u0218omlea\"},\"url\":\"https:\/\/ski-outdoor.ro\/outdoor\/author\/editorfb206\/\"}]}<\/script>\n<!-- \/ Yoast SEO plugin. -->","yoast_head_json":{"title":"R\u0103zvan Nedu vrea s\u0103 termine cu aur \u201eanul de argint\u201d, \u00een ultima etap\u0103 a Cupei Mondiale de la Los Angeles - Outdoor Magazine","description":"Vicecampionul mondial la paraclimbing, R\u0103zvan Nedu, se preg\u0103te\u0219te pentru ultima etap\u0103 a Cupei Mondiale, care va avea loc \u00een octombrie \u00een Los Angeles, SUA. El vrea s\u0103 \u00eencheie cu o medalie de aur anul pe care \u00eel nume\u0219te \u201ede argint\u201d, dup\u0103 ce a ob\u021binut trei astfel de medalii \u00een competi\u021biile mondiale.","robots":{"index":"index","follow":"follow","max-snippet":"max-snippet:-1","max-image-preview":"max-image-preview:large","max-video-preview":"max-video-preview:-1"},"canonical":"https:\/\/ski-outdoor.ro\/outdoor\/2021\/09\/30\/razvan-nedu-vrea-sa-termine-cu-aur-anul-de-argint-in-ultima-etapa-a-cupei-mondiale-de-la-los-angeles\/","og_locale":"ro_RO","og_type":"article","og_title":"R\u0103zvan Nedu vrea s\u0103 termine cu aur \u201eanul de argint\u201d, \u00een ultima etap\u0103 a Cupei Mondiale de la Los Angeles - Outdoor Magazine","og_description":"Vicecampionul mondial la paraclimbing, R\u0103zvan Nedu, se preg\u0103te\u0219te pentru ultima etap\u0103 a Cupei Mondiale, care va avea loc \u00een octombrie \u00een Los Angeles, SUA. El vrea s\u0103 \u00eencheie cu o medalie de aur anul pe care \u00eel nume\u0219te \u201ede argint\u201d, dup\u0103 ce a ob\u021binut trei astfel de medalii \u00een competi\u021biile mondiale.","og_url":"https:\/\/ski-outdoor.ro\/outdoor\/2021\/09\/30\/razvan-nedu-vrea-sa-termine-cu-aur-anul-de-argint-in-ultima-etapa-a-cupei-mondiale-de-la-los-angeles\/","og_site_name":"Outdoor Magazine","article_publisher":"https:\/\/www.facebook.com\/skiandoutdoormagazine","article_published_time":"2021-09-30T05:23:12+00:00","article_modified_time":"2021-09-30T05:23:13+00:00","og_image":[{"width":2048,"height":921,"url":"https:\/\/ski-outdoor.ro\/outdoor\/wp-content\/uploads\/sites\/4\/2021\/09\/nedu-moscova.jpg","type":"image\/jpeg"}],"twitter_card":"summary_large_image","twitter_misc":{"Scris de":"Bianca \u0218omlea","Timp estimat pentru citire":"2 minute"},"schema":{"@context":"https:\/\/schema.org","@graph":[{"@type":"Organization","@id":"https:\/\/ski-outdoor.ro\/outdoor\/#organization","name":"Ski & Outdoor Magazine","url":"https:\/\/ski-outdoor.ro\/outdoor\/","sameAs":["https:\/\/www.facebook.com\/skiandoutdoormagazine"],"logo":{"@type":"ImageObject","@id":"https:\/\/ski-outdoor.ro\/outdoor\/#logo","inLanguage":"ro-RO","url":"https:\/\/ski-outdoor.ro\/outdoor\/wp-content\/uploads\/sites\/4\/2019\/05\/logo-e1557923623153.png","contentUrl":"https:\/\/ski-outdoor.ro\/outdoor\/wp-content\/uploads\/sites\/4\/2019\/05\/logo-e1557923623153.png","width":600,"height":165,"caption":"Ski & Outdoor Magazine"},"image":{"@id":"https:\/\/ski-outdoor.ro\/outdoor\/#logo"}},{"@type":"WebSite","@id":"https:\/\/ski-outdoor.ro\/outdoor\/#website","url":"https:\/\/ski-outdoor.ro\/outdoor\/","name":"Outdoor Magazine","description":"","publisher":{"@id":"https:\/\/ski-outdoor.ro\/outdoor\/#organization"},"potentialAction":[{"@type":"SearchAction","target":{"@type":"EntryPoint","urlTemplate":"https:\/\/ski-outdoor.ro\/outdoor\/?s={search_term_string}"},"query-input":"required name=search_term_string"}],"inLanguage":"ro-RO"},{"@type":"ImageObject","@id":"https:\/\/ski-outdoor.ro\/outdoor\/2021\/09\/30\/razvan-nedu-vrea-sa-termine-cu-aur-anul-de-argint-in-ultima-etapa-a-cupei-mondiale-de-la-los-angeles\/#primaryimage","inLanguage":"ro-RO","url":"https:\/\/ski-outdoor.ro\/outdoor\/wp-content\/uploads\/sites\/4\/2021\/09\/nedu-moscova.jpg","contentUrl":"https:\/\/ski-outdoor.ro\/outdoor\/wp-content\/uploads\/sites\/4\/2021\/09\/nedu-moscova.jpg","width":2048,"height":921},{"@type":"WebPage","@id":"https:\/\/ski-outdoor.ro\/outdoor\/2021\/09\/30\/razvan-nedu-vrea-sa-termine-cu-aur-anul-de-argint-in-ultima-etapa-a-cupei-mondiale-de-la-los-angeles\/#webpage","url":"https:\/\/ski-outdoor.ro\/outdoor\/2021\/09\/30\/razvan-nedu-vrea-sa-termine-cu-aur-anul-de-argint-in-ultima-etapa-a-cupei-mondiale-de-la-los-angeles\/","name":"R\u0103zvan Nedu vrea s\u0103 termine cu aur \u201eanul de argint\u201d, \u00een ultima etap\u0103 a Cupei Mondiale de la Los Angeles - Outdoor Magazine","isPartOf":{"@id":"https:\/\/ski-outdoor.ro\/outdoor\/#website"},"primaryImageOfPage":{"@id":"https:\/\/ski-outdoor.ro\/outdoor\/2021\/09\/30\/razvan-nedu-vrea-sa-termine-cu-aur-anul-de-argint-in-ultima-etapa-a-cupei-mondiale-de-la-los-angeles\/#primaryimage"},"datePublished":"2021-09-30T05:23:12+00:00","dateModified":"2021-09-30T05:23:13+00:00","description":"Vicecampionul mondial la paraclimbing, R\u0103zvan Nedu, se preg\u0103te\u0219te pentru ultima etap\u0103 a Cupei Mondiale, care va avea loc \u00een octombrie \u00een Los Angeles, SUA. El vrea s\u0103 \u00eencheie cu o medalie de aur anul pe care \u00eel nume\u0219te \u201ede argint\u201d, dup\u0103 ce a ob\u021binut trei astfel de medalii \u00een competi\u021biile mondiale.","breadcrumb":{"@id":"https:\/\/ski-outdoor.ro\/outdoor\/2021\/09\/30\/razvan-nedu-vrea-sa-termine-cu-aur-anul-de-argint-in-ultima-etapa-a-cupei-mondiale-de-la-los-angeles\/#breadcrumb"},"inLanguage":"ro-RO","potentialAction":[{"@type":"ReadAction","target":["https:\/\/ski-outdoor.ro\/outdoor\/2021\/09\/30\/razvan-nedu-vrea-sa-termine-cu-aur-anul-de-argint-in-ultima-etapa-a-cupei-mondiale-de-la-los-angeles\/"]}]},{"@type":"BreadcrumbList","@id":"https:\/\/ski-outdoor.ro\/outdoor\/2021\/09\/30\/razvan-nedu-vrea-sa-termine-cu-aur-anul-de-argint-in-ultima-etapa-a-cupei-mondiale-de-la-los-angeles\/#breadcrumb","itemListElement":[{"@type":"ListItem","position":1,"name":"Home","item":"https:\/\/ski-outdoor.ro\/outdoor\/"},{"@type":"ListItem","position":2,"name":"R\u0103zvan Nedu vrea s\u0103 termine cu aur \u201eanul de argint\u201d, \u00een ultima etap\u0103 a Cupei Mondiale de la Los Angeles"}]},{"@type":"Article","@id":"https:\/\/ski-outdoor.ro\/outdoor\/2021\/09\/30\/razvan-nedu-vrea-sa-termine-cu-aur-anul-de-argint-in-ultima-etapa-a-cupei-mondiale-de-la-los-angeles\/#article","isPartOf":{"@id":"https:\/\/ski-outdoor.ro\/outdoor\/2021\/09\/30\/razvan-nedu-vrea-sa-termine-cu-aur-anul-de-argint-in-ultima-etapa-a-cupei-mondiale-de-la-los-angeles\/#webpage"},"author":{"@id":"https:\/\/ski-outdoor.ro\/outdoor\/#\/schema\/person\/29661f8d079aa10872d8edcf2a2a520b"},"headline":"R\u0103zvan Nedu vrea s\u0103 termine cu aur \u201eanul de argint\u201d, \u00een ultima etap\u0103 a Cupei Mondiale de la Los Angeles","datePublished":"2021-09-30T05:23:12+00:00","dateModified":"2021-09-30T05:23:13+00:00","mainEntityOfPage":{"@id":"https:\/\/ski-outdoor.ro\/outdoor\/2021\/09\/30\/razvan-nedu-vrea-sa-termine-cu-aur-anul-de-argint-in-ultima-etapa-a-cupei-mondiale-de-la-los-angeles\/#webpage"},"wordCount":267,"commentCount":0,"publisher":{"@id":"https:\/\/ski-outdoor.ro\/outdoor\/#organization"},"image":{"@id":"https:\/\/ski-outdoor.ro\/outdoor\/2021\/09\/30\/razvan-nedu-vrea-sa-termine-cu-aur-anul-de-argint-in-ultima-etapa-a-cupei-mondiale-de-la-los-angeles\/#primaryimage"},"thumbnailUrl":"https:\/\/ski-outdoor.ro\/outdoor\/wp-content\/uploads\/sites\/4\/2021\/09\/nedu-moscova.jpg","keywords":["campionatul mondial","cupa mondiala","paraclimbing","r\u0103zvan nedu"],"articleSection":["Competi\u021bie"],"inLanguage":"ro-RO","potentialAction":[{"@type":"CommentAction","name":"Comment","target":["https:\/\/ski-outdoor.ro\/outdoor\/2021\/09\/30\/razvan-nedu-vrea-sa-termine-cu-aur-anul-de-argint-in-ultima-etapa-a-cupei-mondiale-de-la-los-angeles\/#respond"]}]},{"@type":"Person","@id":"https:\/\/ski-outdoor.ro\/outdoor\/#\/schema\/person\/29661f8d079aa10872d8edcf2a2a520b","name":"Bianca \u0218omlea","image":{"@type":"ImageObject","@id":"https:\/\/ski-outdoor.ro\/outdoor\/#personlogo","inLanguage":"ro-RO","url":"https:\/\/secure.gravatar.com\/avatar\/b39a83203da3fc8888ded6e8052246ad?s=96&d=mm&r=g","contentUrl":"https:\/\/secure.gravatar.com\/avatar\/b39a83203da3fc8888ded6e8052246ad?s=96&d=mm&r=g","caption":"Bianca \u0218omlea"},"url":"https:\/\/ski-outdoor.ro\/outdoor\/author\/editorfb206\/"}]}},"_links":{"self":[{"href":"https:\/\/ski-outdoor.ro\/outdoor\/wp-json\/wp\/v2\/posts\/7460"}],"collection":[{"href":"https:\/\/ski-outdoor.ro\/outdoor\/wp-json\/wp\/v2\/posts"}],"about":[{"href":"https:\/\/ski-outdoor.ro\/outdoor\/wp-json\/wp\/v2\/types\/post"}],"author":[{"embeddable":true,"href":"https:\/\/ski-outdoor.ro\/outdoor\/wp-json\/wp\/v2\/users\/16"}],"replies":[{"embeddable":true,"href":"https:\/\/ski-outdoor.ro\/outdoor\/wp-json\/wp\/v2\/comments?post=7460"}],"version-history":[{"count":3,"href":"https:\/\/ski-outdoor.ro\/outdoor\/wp-json\/wp\/v2\/posts\/7460\/revisions"}],"predecessor-version":[{"id":7464,"href":"https:\/\/ski-outdoor.ro\/outdoor\/wp-json\/wp\/v2\/posts\/7460\/revisions\/7464"}],"wp:featuredmedia":[{"embeddable":true,"href":"https:\/\/ski-outdoor.ro\/outdoor\/wp-json\/wp\/v2\/media\/7461"}],"wp:attachment":[{"href":"https:\/\/ski-outdoor.ro\/outdoor\/wp-json\/wp\/v2\/media?parent=7460"}],"wp:term":[{"taxonomy":"category","embeddable":true,"href":"https:\/\/ski-outdoor.ro\/outdoor\/wp-json\/wp\/v2\/categories?post=7460"},{"taxonomy":"post_tag","embeddable":true,"href":"https:\/\/ski-outdoor.ro\/outdoor\/wp-json\/wp\/v2\/tags?post=7460"}],"curies":[{"name":"wp","href":"https:\/\/api.w.org\/{rel}","templated":true}]}}