{"id":7758,"date":"2021-11-04T07:00:48","date_gmt":"2021-11-04T07:00:48","guid":{"rendered":"https:\/\/ski-outdoor.ro\/outdoor\/?p=7758"},"modified":"2021-11-04T07:00:49","modified_gmt":"2021-11-04T07:00:49","slug":"amanat-de-trei-ori-din-cauza-pandemiei-maratonul-clujului-va-avea-loc-duminica","status":"publish","type":"post","link":"https:\/\/ski-outdoor.ro\/outdoor\/2021\/11\/04\/amanat-de-trei-ori-din-cauza-pandemiei-maratonul-clujului-va-avea-loc-duminica\/","title":{"rendered":"Am\u00e2nat de trei ori din cauza pandemiei, Maratonul Clujului va avea loc duminic\u0103"},"content":{"rendered":"\n<p><strong>A zecea edi\u021bie a Maratonului Clujului, am\u00e2nat\u0103 de trei ori din cauza pandemiei de Covid, va avea loc duminic\u0103, 7 noiembrie. La eveniment pot alerga doar persoanele vaccinate cu schema complet\u0103 sau cele trecute prin boal\u0103 \u00een ultimele 180 de zile.\u00a0<\/strong><\/p>\n\n\n\n<figure class=\"wp-block-image size-large\"><img loading=\"lazy\" width=\"1024\" height=\"576\" src=\"https:\/\/ski-outdoor.ro\/outdoor\/wp-content\/uploads\/sites\/4\/2021\/11\/maratonul-clujului-1024x576.jpeg\" alt=\"\" class=\"wp-image-7759\" srcset=\"https:\/\/ski-outdoor.ro\/outdoor\/wp-content\/uploads\/sites\/4\/2021\/11\/maratonul-clujului-1024x576.jpeg 1024w, https:\/\/ski-outdoor.ro\/outdoor\/wp-content\/uploads\/sites\/4\/2021\/11\/maratonul-clujului-300x169.jpeg 300w, https:\/\/ski-outdoor.ro\/outdoor\/wp-content\/uploads\/sites\/4\/2021\/11\/maratonul-clujului-768x432.jpeg 768w, https:\/\/ski-outdoor.ro\/outdoor\/wp-content\/uploads\/sites\/4\/2021\/11\/maratonul-clujului-1536x864.jpeg 1536w, https:\/\/ski-outdoor.ro\/outdoor\/wp-content\/uploads\/sites\/4\/2021\/11\/maratonul-clujului-330x185.jpeg 330w, https:\/\/ski-outdoor.ro\/outdoor\/wp-content\/uploads\/sites\/4\/2021\/11\/maratonul-clujului-370x208.jpeg 370w, https:\/\/ski-outdoor.ro\/outdoor\/wp-content\/uploads\/sites\/4\/2021\/11\/maratonul-clujului-570x321.jpeg 570w, https:\/\/ski-outdoor.ro\/outdoor\/wp-content\/uploads\/sites\/4\/2021\/11\/maratonul-clujului-770x433.jpeg 770w, https:\/\/ski-outdoor.ro\/outdoor\/wp-content\/uploads\/sites\/4\/2021\/11\/maratonul-clujului-1170x658.jpeg 1170w, https:\/\/ski-outdoor.ro\/outdoor\/wp-content\/uploads\/sites\/4\/2021\/11\/maratonul-clujului-1031x580.jpeg 1031w, https:\/\/ski-outdoor.ro\/outdoor\/wp-content\/uploads\/sites\/4\/2021\/11\/maratonul-clujului.jpeg 1600w\" sizes=\"(max-width: 1024px) 100vw, 1024px\" \/><\/figure>\n\n\n\n<p>Organizatorii anun\u021b\u0103 c\u0103 desf\u0103\u0219urarea evenimentului va fi supus\u0103 noilor condi\u021bii impuse de autorit\u0103\u021bi, \u00een ceea ce prive\u0219te desf\u0103\u0219urarea competi\u021biilor sportive.<\/p>\n\n\n\n<p>Astfel, cea mai important\u0103 modificare se refer\u0103 la traseul de alergare. Cea mai lung\u0103 zon\u0103 pe care se va putea concura are 10.5 kilometri. \u00cen aceste condi\u021bii, alerg\u0103torii \u00eenscri\u0219i la maraton vor parcurge traseul de patru ori, iar cei \u00eenscri\u0219i la semimaraton \u00eel vor parcurge de dou\u0103 ori.<\/p>\n\n\n\n<p>Premiile puse la b\u0103taie pentru cei care alearg\u0103 la cele 5 probe (Maratonul Wizz AIr, Semimaratonul Hervis, \u0218tafeta ZUZU Fit, Cros 10 km Garmin sau Cros 4 km Vaxicum) sunt cele mai mari din istoria competi\u021biei \u0219i dep\u0103\u0219esc suma de 60.000 de lei.<\/p>\n\n\n\n<blockquote class=\"wp-block-quote\"><p><em>\u201e\u00cencerc\u0103m de 2 ani s\u0103 organiz\u0103m aceast\u0103 edi\u021bie cu o \u00eensemn\u0103tate at\u00e2t de mare pentru noi, organizatorii, dar \u0219i pentru alerg\u0103tori. Este edi\u021bia aniversar\u0103, a 10-a, a unui eveniment care a crescut an de an. Nu ne-am l\u0103sat, \u0219i de\u0219i nu am putut organiza alerg\u0103ri fizice, am organizat edi\u021bii individuale ale competi\u021biei. Acum, chiar dac\u0103 \u00een condi\u021bii restrictive, ne bucur\u0103m mult s\u0103 ne putem re\u00eent\u00e2lni cu alerg\u0103torii \u0219i s\u0103 \u00eei r\u0103spl\u0103tim cu cele mai mari premii din istoria evenimentului\u201d<\/em>, a spus Hora\u021biu Morar, organizatorul competi\u021biei.<\/p><\/blockquote>\n\n\n\n<p>Pentru a evita aglomera\u021bia, kiturile vor putea fi ridicate timp de trei zile, pe 5, 6 \u0219i 7 noiembrie, la Cluj Arena. La ridicarea kitului de concurs, participan\u021bii trebuie s\u0103 fac\u0103 dovada vaccin\u0103rii cu schema complet\u0103 sau a trecerii prin boal\u0103 \u00een ultimele 180 de zile, iar pe baza dovezii vor primi o br\u0103\u021bar\u0103 cu care vor participa duminic\u0103 la eveniment.<\/p>\n\n\n\n<p>Cei care nu \u00eendeplinesc condi\u021biile obligatorii pentru alergare pot participa la evenimentul virtual 3.0 Wizz Air Cluj-Napoca VIRTUAL Marathon, care se va desf\u0103\u0219ura \u00een perioada 6-14 noiembrie. La acesta nu exist\u0103 nicio restric\u021bie de participare, iar traseul este stabilit de fiecare participant, indiferent de locul \u00een care se afl\u0103.<\/p>\n\n\n\n<p>Maratonul Clujului este un eveniment care reune\u0219te alerg\u0103tori profesioni\u015fti \u015fi amatori, din \u0163ar\u0103 \u015fi str\u0103in\u0103tate, \u00eentr-un proiect care promoveaz\u0103 un mod de via\u0163\u0103 s\u0103n\u0103tos, prin practicarea alerg\u0103rii sportive.<\/p>\n\n\n\n<p><em>Scris de: C\u0103lin Pop<\/em><\/p>\n","protected":false},"excerpt":{"rendered":"<p>A zecea edi\u021bie a Maratonului Clujului, am\u00e2nat\u0103 de trei ori din cauza pandemiei de Covid, va avea loc duminic\u0103, 7&#8230;<\/p>\n","protected":false},"author":16,"featured_media":7759,"comment_status":"open","ping_status":"open","sticky":false,"template":"","format":"standard","meta":[],"categories":[1817],"tags":[3332,3331,1592],"yoast_head":"<!-- This site is optimized with the Yoast SEO plugin v18.4.1 - https:\/\/yoast.com\/wordpress\/plugins\/seo\/ -->\n<title>Am\u00e2nat de trei ori din cauza pandemiei, Maratonul Clujului va avea loc duminic\u0103 - Outdoor Magazine<\/title>\n<meta name=\"description\" content=\"A zecea edi\u021bie a Maratonului Clujului, am\u00e2nat\u0103 de trei ori din cauza pandemiei de Covid, va avea loc duminic\u0103, 7 noiembrie. La eveniment pot alerga doar persoanele vaccinate cu schema complet\u0103 sau cele trecute prin boal\u0103 \u00een ultimele 180 de zile.\" \/>\n<meta name=\"robots\" content=\"index, follow, max-snippet:-1, max-image-preview:large, max-video-preview:-1\" \/>\n<link rel=\"canonical\" href=\"https:\/\/ski-outdoor.ro\/outdoor\/2021\/11\/04\/amanat-de-trei-ori-din-cauza-pandemiei-maratonul-clujului-va-avea-loc-duminica\/\" \/>\n<meta property=\"og:locale\" content=\"ro_RO\" \/>\n<meta property=\"og:type\" content=\"article\" \/>\n<meta property=\"og:title\" content=\"Am\u00e2nat de trei ori din cauza pandemiei, Maratonul Clujului va avea loc duminic\u0103 - Outdoor Magazine\" \/>\n<meta property=\"og:description\" content=\"A zecea edi\u021bie a Maratonului Clujului, am\u00e2nat\u0103 de trei ori din cauza pandemiei de Covid, va avea loc duminic\u0103, 7 noiembrie. La eveniment pot alerga doar persoanele vaccinate cu schema complet\u0103 sau cele trecute prin boal\u0103 \u00een ultimele 180 de zile.\" \/>\n<meta property=\"og:url\" content=\"https:\/\/ski-outdoor.ro\/outdoor\/2021\/11\/04\/amanat-de-trei-ori-din-cauza-pandemiei-maratonul-clujului-va-avea-loc-duminica\/\" \/>\n<meta property=\"og:site_name\" content=\"Outdoor Magazine\" \/>\n<meta property=\"article:publisher\" content=\"https:\/\/www.facebook.com\/skiandoutdoormagazine\" \/>\n<meta property=\"article:published_time\" content=\"2021-11-04T07:00:48+00:00\" \/>\n<meta property=\"article:modified_time\" content=\"2021-11-04T07:00:49+00:00\" \/>\n<meta property=\"og:image\" content=\"https:\/\/ski-outdoor.ro\/outdoor\/wp-content\/uploads\/sites\/4\/2021\/11\/maratonul-clujului.jpeg\" \/>\n\t<meta property=\"og:image:width\" content=\"1600\" \/>\n\t<meta property=\"og:image:height\" content=\"900\" \/>\n\t<meta property=\"og:image:type\" content=\"image\/jpeg\" \/>\n<meta name=\"twitter:card\" content=\"summary_large_image\" \/>\n<meta name=\"twitter:label1\" content=\"Scris de\" \/>\n\t<meta name=\"twitter:data1\" content=\"Bianca \u0218omlea\" \/>\n\t<meta name=\"twitter:label2\" content=\"Timp estimat pentru citire\" \/>\n\t<meta name=\"twitter:data2\" content=\"2 minute\" \/>\n<script type=\"application\/ld+json\" class=\"yoast-schema-graph\">{\"@context\":\"https:\/\/schema.org\",\"@graph\":[{\"@type\":\"Organization\",\"@id\":\"https:\/\/ski-outdoor.ro\/outdoor\/#organization\",\"name\":\"Ski & Outdoor Magazine\",\"url\":\"https:\/\/ski-outdoor.ro\/outdoor\/\",\"sameAs\":[\"https:\/\/www.facebook.com\/skiandoutdoormagazine\"],\"logo\":{\"@type\":\"ImageObject\",\"@id\":\"https:\/\/ski-outdoor.ro\/outdoor\/#logo\",\"inLanguage\":\"ro-RO\",\"url\":\"https:\/\/ski-outdoor.ro\/outdoor\/wp-content\/uploads\/sites\/4\/2019\/05\/logo-e1557923623153.png\",\"contentUrl\":\"https:\/\/ski-outdoor.ro\/outdoor\/wp-content\/uploads\/sites\/4\/2019\/05\/logo-e1557923623153.png\",\"width\":600,\"height\":165,\"caption\":\"Ski & Outdoor Magazine\"},\"image\":{\"@id\":\"https:\/\/ski-outdoor.ro\/outdoor\/#logo\"}},{\"@type\":\"WebSite\",\"@id\":\"https:\/\/ski-outdoor.ro\/outdoor\/#website\",\"url\":\"https:\/\/ski-outdoor.ro\/outdoor\/\",\"name\":\"Outdoor Magazine\",\"description\":\"\",\"publisher\":{\"@id\":\"https:\/\/ski-outdoor.ro\/outdoor\/#organization\"},\"potentialAction\":[{\"@type\":\"SearchAction\",\"target\":{\"@type\":\"EntryPoint\",\"urlTemplate\":\"https:\/\/ski-outdoor.ro\/outdoor\/?s={search_term_string}\"},\"query-input\":\"required name=search_term_string\"}],\"inLanguage\":\"ro-RO\"},{\"@type\":\"ImageObject\",\"@id\":\"https:\/\/ski-outdoor.ro\/outdoor\/2021\/11\/04\/amanat-de-trei-ori-din-cauza-pandemiei-maratonul-clujului-va-avea-loc-duminica\/#primaryimage\",\"inLanguage\":\"ro-RO\",\"url\":\"https:\/\/ski-outdoor.ro\/outdoor\/wp-content\/uploads\/sites\/4\/2021\/11\/maratonul-clujului.jpeg\",\"contentUrl\":\"https:\/\/ski-outdoor.ro\/outdoor\/wp-content\/uploads\/sites\/4\/2021\/11\/maratonul-clujului.jpeg\",\"width\":1600,\"height\":900},{\"@type\":\"WebPage\",\"@id\":\"https:\/\/ski-outdoor.ro\/outdoor\/2021\/11\/04\/amanat-de-trei-ori-din-cauza-pandemiei-maratonul-clujului-va-avea-loc-duminica\/#webpage\",\"url\":\"https:\/\/ski-outdoor.ro\/outdoor\/2021\/11\/04\/amanat-de-trei-ori-din-cauza-pandemiei-maratonul-clujului-va-avea-loc-duminica\/\",\"name\":\"Am\u00e2nat de trei ori din cauza pandemiei, Maratonul Clujului va avea loc duminic\u0103 - Outdoor Magazine\",\"isPartOf\":{\"@id\":\"https:\/\/ski-outdoor.ro\/outdoor\/#website\"},\"primaryImageOfPage\":{\"@id\":\"https:\/\/ski-outdoor.ro\/outdoor\/2021\/11\/04\/amanat-de-trei-ori-din-cauza-pandemiei-maratonul-clujului-va-avea-loc-duminica\/#primaryimage\"},\"datePublished\":\"2021-11-04T07:00:48+00:00\",\"dateModified\":\"2021-11-04T07:00:49+00:00\",\"description\":\"A zecea edi\u021bie a Maratonului Clujului, am\u00e2nat\u0103 de trei ori din cauza pandemiei de Covid, va avea loc duminic\u0103, 7 noiembrie. La eveniment pot alerga doar persoanele vaccinate cu schema complet\u0103 sau cele trecute prin boal\u0103 \u00een ultimele 180 de zile.\",\"breadcrumb\":{\"@id\":\"https:\/\/ski-outdoor.ro\/outdoor\/2021\/11\/04\/amanat-de-trei-ori-din-cauza-pandemiei-maratonul-clujului-va-avea-loc-duminica\/#breadcrumb\"},\"inLanguage\":\"ro-RO\",\"potentialAction\":[{\"@type\":\"ReadAction\",\"target\":[\"https:\/\/ski-outdoor.ro\/outdoor\/2021\/11\/04\/amanat-de-trei-ori-din-cauza-pandemiei-maratonul-clujului-va-avea-loc-duminica\/\"]}]},{\"@type\":\"BreadcrumbList\",\"@id\":\"https:\/\/ski-outdoor.ro\/outdoor\/2021\/11\/04\/amanat-de-trei-ori-din-cauza-pandemiei-maratonul-clujului-va-avea-loc-duminica\/#breadcrumb\",\"itemListElement\":[{\"@type\":\"ListItem\",\"position\":1,\"name\":\"Home\",\"item\":\"https:\/\/ski-outdoor.ro\/outdoor\/\"},{\"@type\":\"ListItem\",\"position\":2,\"name\":\"Am\u00e2nat de trei ori din cauza pandemiei, Maratonul Clujului va avea loc duminic\u0103\"}]},{\"@type\":\"Article\",\"@id\":\"https:\/\/ski-outdoor.ro\/outdoor\/2021\/11\/04\/amanat-de-trei-ori-din-cauza-pandemiei-maratonul-clujului-va-avea-loc-duminica\/#article\",\"isPartOf\":{\"@id\":\"https:\/\/ski-outdoor.ro\/outdoor\/2021\/11\/04\/amanat-de-trei-ori-din-cauza-pandemiei-maratonul-clujului-va-avea-loc-duminica\/#webpage\"},\"author\":{\"@id\":\"https:\/\/ski-outdoor.ro\/outdoor\/#\/schema\/person\/29661f8d079aa10872d8edcf2a2a520b\"},\"headline\":\"Am\u00e2nat de trei ori din cauza pandemiei, Maratonul Clujului va avea loc duminic\u0103\",\"datePublished\":\"2021-11-04T07:00:48+00:00\",\"dateModified\":\"2021-11-04T07:00:49+00:00\",\"mainEntityOfPage\":{\"@id\":\"https:\/\/ski-outdoor.ro\/outdoor\/2021\/11\/04\/amanat-de-trei-ori-din-cauza-pandemiei-maratonul-clujului-va-avea-loc-duminica\/#webpage\"},\"wordCount\":432,\"commentCount\":0,\"publisher\":{\"@id\":\"https:\/\/ski-outdoor.ro\/outdoor\/#organization\"},\"image\":{\"@id\":\"https:\/\/ski-outdoor.ro\/outdoor\/2021\/11\/04\/amanat-de-trei-ori-din-cauza-pandemiei-maratonul-clujului-va-avea-loc-duminica\/#primaryimage\"},\"thumbnailUrl\":\"https:\/\/ski-outdoor.ro\/outdoor\/wp-content\/uploads\/sites\/4\/2021\/11\/maratonul-clujului.jpeg\",\"keywords\":[\"am\u00e2nat\",\"maratonul clujului\",\"pandemie\"],\"articleSection\":[\"Actualit\u0103\u021bi\"],\"inLanguage\":\"ro-RO\",\"potentialAction\":[{\"@type\":\"CommentAction\",\"name\":\"Comment\",\"target\":[\"https:\/\/ski-outdoor.ro\/outdoor\/2021\/11\/04\/amanat-de-trei-ori-din-cauza-pandemiei-maratonul-clujului-va-avea-loc-duminica\/#respond\"]}]},{\"@type\":\"Person\",\"@id\":\"https:\/\/ski-outdoor.ro\/outdoor\/#\/schema\/person\/29661f8d079aa10872d8edcf2a2a520b\",\"name\":\"Bianca \u0218omlea\",\"image\":{\"@type\":\"ImageObject\",\"@id\":\"https:\/\/ski-outdoor.ro\/outdoor\/#personlogo\",\"inLanguage\":\"ro-RO\",\"url\":\"https:\/\/secure.gravatar.com\/avatar\/b39a83203da3fc8888ded6e8052246ad?s=96&d=mm&r=g\",\"contentUrl\":\"https:\/\/secure.gravatar.com\/avatar\/b39a83203da3fc8888ded6e8052246ad?s=96&d=mm&r=g\",\"caption\":\"Bianca \u0218omlea\"},\"url\":\"https:\/\/ski-outdoor.ro\/outdoor\/author\/editorfb206\/\"}]}<\/script>\n<!-- \/ Yoast SEO plugin. -->","yoast_head_json":{"title":"Am\u00e2nat de trei ori din cauza pandemiei, Maratonul Clujului va avea loc duminic\u0103 - Outdoor Magazine","description":"A zecea edi\u021bie a Maratonului Clujului, am\u00e2nat\u0103 de trei ori din cauza pandemiei de Covid, va avea loc duminic\u0103, 7 noiembrie. La eveniment pot alerga doar persoanele vaccinate cu schema complet\u0103 sau cele trecute prin boal\u0103 \u00een ultimele 180 de zile.","robots":{"index":"index","follow":"follow","max-snippet":"max-snippet:-1","max-image-preview":"max-image-preview:large","max-video-preview":"max-video-preview:-1"},"canonical":"https:\/\/ski-outdoor.ro\/outdoor\/2021\/11\/04\/amanat-de-trei-ori-din-cauza-pandemiei-maratonul-clujului-va-avea-loc-duminica\/","og_locale":"ro_RO","og_type":"article","og_title":"Am\u00e2nat de trei ori din cauza pandemiei, Maratonul Clujului va avea loc duminic\u0103 - Outdoor Magazine","og_description":"A zecea edi\u021bie a Maratonului Clujului, am\u00e2nat\u0103 de trei ori din cauza pandemiei de Covid, va avea loc duminic\u0103, 7 noiembrie. La eveniment pot alerga doar persoanele vaccinate cu schema complet\u0103 sau cele trecute prin boal\u0103 \u00een ultimele 180 de zile.","og_url":"https:\/\/ski-outdoor.ro\/outdoor\/2021\/11\/04\/amanat-de-trei-ori-din-cauza-pandemiei-maratonul-clujului-va-avea-loc-duminica\/","og_site_name":"Outdoor Magazine","article_publisher":"https:\/\/www.facebook.com\/skiandoutdoormagazine","article_published_time":"2021-11-04T07:00:48+00:00","article_modified_time":"2021-11-04T07:00:49+00:00","og_image":[{"width":1600,"height":900,"url":"https:\/\/ski-outdoor.ro\/outdoor\/wp-content\/uploads\/sites\/4\/2021\/11\/maratonul-clujului.jpeg","type":"image\/jpeg"}],"twitter_card":"summary_large_image","twitter_misc":{"Scris de":"Bianca \u0218omlea","Timp estimat pentru citire":"2 minute"},"schema":{"@context":"https:\/\/schema.org","@graph":[{"@type":"Organization","@id":"https:\/\/ski-outdoor.ro\/outdoor\/#organization","name":"Ski & Outdoor Magazine","url":"https:\/\/ski-outdoor.ro\/outdoor\/","sameAs":["https:\/\/www.facebook.com\/skiandoutdoormagazine"],"logo":{"@type":"ImageObject","@id":"https:\/\/ski-outdoor.ro\/outdoor\/#logo","inLanguage":"ro-RO","url":"https:\/\/ski-outdoor.ro\/outdoor\/wp-content\/uploads\/sites\/4\/2019\/05\/logo-e1557923623153.png","contentUrl":"https:\/\/ski-outdoor.ro\/outdoor\/wp-content\/uploads\/sites\/4\/2019\/05\/logo-e1557923623153.png","width":600,"height":165,"caption":"Ski & Outdoor Magazine"},"image":{"@id":"https:\/\/ski-outdoor.ro\/outdoor\/#logo"}},{"@type":"WebSite","@id":"https:\/\/ski-outdoor.ro\/outdoor\/#website","url":"https:\/\/ski-outdoor.ro\/outdoor\/","name":"Outdoor Magazine","description":"","publisher":{"@id":"https:\/\/ski-outdoor.ro\/outdoor\/#organization"},"potentialAction":[{"@type":"SearchAction","target":{"@type":"EntryPoint","urlTemplate":"https:\/\/ski-outdoor.ro\/outdoor\/?s={search_term_string}"},"query-input":"required name=search_term_string"}],"inLanguage":"ro-RO"},{"@type":"ImageObject","@id":"https:\/\/ski-outdoor.ro\/outdoor\/2021\/11\/04\/amanat-de-trei-ori-din-cauza-pandemiei-maratonul-clujului-va-avea-loc-duminica\/#primaryimage","inLanguage":"ro-RO","url":"https:\/\/ski-outdoor.ro\/outdoor\/wp-content\/uploads\/sites\/4\/2021\/11\/maratonul-clujului.jpeg","contentUrl":"https:\/\/ski-outdoor.ro\/outdoor\/wp-content\/uploads\/sites\/4\/2021\/11\/maratonul-clujului.jpeg","width":1600,"height":900},{"@type":"WebPage","@id":"https:\/\/ski-outdoor.ro\/outdoor\/2021\/11\/04\/amanat-de-trei-ori-din-cauza-pandemiei-maratonul-clujului-va-avea-loc-duminica\/#webpage","url":"https:\/\/ski-outdoor.ro\/outdoor\/2021\/11\/04\/amanat-de-trei-ori-din-cauza-pandemiei-maratonul-clujului-va-avea-loc-duminica\/","name":"Am\u00e2nat de trei ori din cauza pandemiei, Maratonul Clujului va avea loc duminic\u0103 - Outdoor Magazine","isPartOf":{"@id":"https:\/\/ski-outdoor.ro\/outdoor\/#website"},"primaryImageOfPage":{"@id":"https:\/\/ski-outdoor.ro\/outdoor\/2021\/11\/04\/amanat-de-trei-ori-din-cauza-pandemiei-maratonul-clujului-va-avea-loc-duminica\/#primaryimage"},"datePublished":"2021-11-04T07:00:48+00:00","dateModified":"2021-11-04T07:00:49+00:00","description":"A zecea edi\u021bie a Maratonului Clujului, am\u00e2nat\u0103 de trei ori din cauza pandemiei de Covid, va avea loc duminic\u0103, 7 noiembrie. La eveniment pot alerga doar persoanele vaccinate cu schema complet\u0103 sau cele trecute prin boal\u0103 \u00een ultimele 180 de zile.","breadcrumb":{"@id":"https:\/\/ski-outdoor.ro\/outdoor\/2021\/11\/04\/amanat-de-trei-ori-din-cauza-pandemiei-maratonul-clujului-va-avea-loc-duminica\/#breadcrumb"},"inLanguage":"ro-RO","potentialAction":[{"@type":"ReadAction","target":["https:\/\/ski-outdoor.ro\/outdoor\/2021\/11\/04\/amanat-de-trei-ori-din-cauza-pandemiei-maratonul-clujului-va-avea-loc-duminica\/"]}]},{"@type":"BreadcrumbList","@id":"https:\/\/ski-outdoor.ro\/outdoor\/2021\/11\/04\/amanat-de-trei-ori-din-cauza-pandemiei-maratonul-clujului-va-avea-loc-duminica\/#breadcrumb","itemListElement":[{"@type":"ListItem","position":1,"name":"Home","item":"https:\/\/ski-outdoor.ro\/outdoor\/"},{"@type":"ListItem","position":2,"name":"Am\u00e2nat de trei ori din cauza pandemiei, Maratonul Clujului va avea loc duminic\u0103"}]},{"@type":"Article","@id":"https:\/\/ski-outdoor.ro\/outdoor\/2021\/11\/04\/amanat-de-trei-ori-din-cauza-pandemiei-maratonul-clujului-va-avea-loc-duminica\/#article","isPartOf":{"@id":"https:\/\/ski-outdoor.ro\/outdoor\/2021\/11\/04\/amanat-de-trei-ori-din-cauza-pandemiei-maratonul-clujului-va-avea-loc-duminica\/#webpage"},"author":{"@id":"https:\/\/ski-outdoor.ro\/outdoor\/#\/schema\/person\/29661f8d079aa10872d8edcf2a2a520b"},"headline":"Am\u00e2nat de trei ori din cauza pandemiei, Maratonul Clujului va avea loc duminic\u0103","datePublished":"2021-11-04T07:00:48+00:00","dateModified":"2021-11-04T07:00:49+00:00","mainEntityOfPage":{"@id":"https:\/\/ski-outdoor.ro\/outdoor\/2021\/11\/04\/amanat-de-trei-ori-din-cauza-pandemiei-maratonul-clujului-va-avea-loc-duminica\/#webpage"},"wordCount":432,"commentCount":0,"publisher":{"@id":"https:\/\/ski-outdoor.ro\/outdoor\/#organization"},"image":{"@id":"https:\/\/ski-outdoor.ro\/outdoor\/2021\/11\/04\/amanat-de-trei-ori-din-cauza-pandemiei-maratonul-clujului-va-avea-loc-duminica\/#primaryimage"},"thumbnailUrl":"https:\/\/ski-outdoor.ro\/outdoor\/wp-content\/uploads\/sites\/4\/2021\/11\/maratonul-clujului.jpeg","keywords":["am\u00e2nat","maratonul clujului","pandemie"],"articleSection":["Actualit\u0103\u021bi"],"inLanguage":"ro-RO","potentialAction":[{"@type":"CommentAction","name":"Comment","target":["https:\/\/ski-outdoor.ro\/outdoor\/2021\/11\/04\/amanat-de-trei-ori-din-cauza-pandemiei-maratonul-clujului-va-avea-loc-duminica\/#respond"]}]},{"@type":"Person","@id":"https:\/\/ski-outdoor.ro\/outdoor\/#\/schema\/person\/29661f8d079aa10872d8edcf2a2a520b","name":"Bianca \u0218omlea","image":{"@type":"ImageObject","@id":"https:\/\/ski-outdoor.ro\/outdoor\/#personlogo","inLanguage":"ro-RO","url":"https:\/\/secure.gravatar.com\/avatar\/b39a83203da3fc8888ded6e8052246ad?s=96&d=mm&r=g","contentUrl":"https:\/\/secure.gravatar.com\/avatar\/b39a83203da3fc8888ded6e8052246ad?s=96&d=mm&r=g","caption":"Bianca \u0218omlea"},"url":"https:\/\/ski-outdoor.ro\/outdoor\/author\/editorfb206\/"}]}},"_links":{"self":[{"href":"https:\/\/ski-outdoor.ro\/outdoor\/wp-json\/wp\/v2\/posts\/7758"}],"collection":[{"href":"https:\/\/ski-outdoor.ro\/outdoor\/wp-json\/wp\/v2\/posts"}],"about":[{"href":"https:\/\/ski-outdoor.ro\/outdoor\/wp-json\/wp\/v2\/types\/post"}],"author":[{"embeddable":true,"href":"https:\/\/ski-outdoor.ro\/outdoor\/wp-json\/wp\/v2\/users\/16"}],"replies":[{"embeddable":true,"href":"https:\/\/ski-outdoor.ro\/outdoor\/wp-json\/wp\/v2\/comments?post=7758"}],"version-history":[{"count":2,"href":"https:\/\/ski-outdoor.ro\/outdoor\/wp-json\/wp\/v2\/posts\/7758\/revisions"}],"predecessor-version":[{"id":7761,"href":"https:\/\/ski-outdoor.ro\/outdoor\/wp-json\/wp\/v2\/posts\/7758\/revisions\/7761"}],"wp:featuredmedia":[{"embeddable":true,"href":"https:\/\/ski-outdoor.ro\/outdoor\/wp-json\/wp\/v2\/media\/7759"}],"wp:attachment":[{"href":"https:\/\/ski-outdoor.ro\/outdoor\/wp-json\/wp\/v2\/media?parent=7758"}],"wp:term":[{"taxonomy":"category","embeddable":true,"href":"https:\/\/ski-outdoor.ro\/outdoor\/wp-json\/wp\/v2\/categories?post=7758"},{"taxonomy":"post_tag","embeddable":true,"href":"https:\/\/ski-outdoor.ro\/outdoor\/wp-json\/wp\/v2\/tags?post=7758"}],"curies":[{"name":"wp","href":"https:\/\/api.w.org\/{rel}","templated":true}]}}