{"id":7901,"date":"2021-11-29T11:41:53","date_gmt":"2021-11-29T11:41:53","guid":{"rendered":"https:\/\/ski-outdoor.ro\/outdoor\/?p=7901"},"modified":"2021-11-29T11:41:54","modified_gmt":"2021-11-29T11:41:54","slug":"sfinxul-si-babele-din-muntii-bucegi-disputate-de-judetele-prahova-si-dambovita","status":"publish","type":"post","link":"https:\/\/ski-outdoor.ro\/outdoor\/2021\/11\/29\/sfinxul-si-babele-din-muntii-bucegi-disputate-de-judetele-prahova-si-dambovita\/","title":{"rendered":"Sfinxul \u0219i Babele din Mun\u021bii Bucegi, disputate de jude\u021bele Prahova \u0219i D\u00e2mbovi\u021ba"},"content":{"rendered":"\n<p><strong>Dou\u0103 dintre cele mai frumoase monumente naturale din Rom\u00e2nia, Sfinxul \u0219i Babele, situate \u00een Mun\u021bii Bucegi, sunt disputate de jude\u021bele Prahova \u0219i D\u00e2mbovi\u021ba.<\/strong><\/p>\n\n\n\n<figure class=\"wp-block-image size-large\"><img loading=\"lazy\" width=\"960\" height=\"720\" src=\"https:\/\/ski-outdoor.ro\/outdoor\/wp-content\/uploads\/sites\/4\/2021\/11\/sfinx-1.jpg\" alt=\"\" class=\"wp-image-7903\" srcset=\"https:\/\/ski-outdoor.ro\/outdoor\/wp-content\/uploads\/sites\/4\/2021\/11\/sfinx-1.jpg 960w, https:\/\/ski-outdoor.ro\/outdoor\/wp-content\/uploads\/sites\/4\/2021\/11\/sfinx-1-300x225.jpg 300w, https:\/\/ski-outdoor.ro\/outdoor\/wp-content\/uploads\/sites\/4\/2021\/11\/sfinx-1-768x576.jpg 768w, https:\/\/ski-outdoor.ro\/outdoor\/wp-content\/uploads\/sites\/4\/2021\/11\/sfinx-1-370x278.jpg 370w, https:\/\/ski-outdoor.ro\/outdoor\/wp-content\/uploads\/sites\/4\/2021\/11\/sfinx-1-570x428.jpg 570w, https:\/\/ski-outdoor.ro\/outdoor\/wp-content\/uploads\/sites\/4\/2021\/11\/sfinx-1-770x578.jpg 770w, https:\/\/ski-outdoor.ro\/outdoor\/wp-content\/uploads\/sites\/4\/2021\/11\/sfinx-1-773x580.jpg 773w\" sizes=\"(max-width: 960px) 100vw, 960px\" \/><\/figure>\n\n\n\n<blockquote class=\"wp-block-quote\"><p><em>\u201eConsiliul Jude\u021bean D\u00e2mbovi\u021ba a avut c\u00e2\u0219tig de cauz\u0103 \u00een procesul cu jude\u021bul Prahova, vecinii no\u0219tri sus\u021bin\u00e2nd c\u0103 at\u00e2t Sfinxul, c\u00e2t \u0219i Babele se afl\u0103 pe teritoriul lor. De\u0219i sentin\u021ba de joi nu este definitiv\u0103, toate instan\u021bele, altele dec\u00e2t cele din Prahova, au spus c\u0103 cele dou\u0103 monumente sunt ale jude\u021bului nostru, iar eu m\u0103 voi asigura c\u0103 Sfinxul \u0219i Babele vor r\u0103m\u00e2ne pe teritoriului jude\u021bului nostru\u201d<\/em>, a anun\u021bat pe Facebook pre\u0219edintele CJ D\u00e2mbovi\u021ba, Corneliu \u0218tefan.<\/p><\/blockquote>\n\n\n\n<p>Anun\u021bul a fost f\u0103cut duminic\u0103, 28 noiembrie, considerat\u0103 ziua Sfinxului din Bucegi.<\/p>\n\n\n\n<blockquote class=\"wp-block-quote\"><p><em>\u201eSunt pove\u0219ti care ne spun c\u0103 este Axa Lumii sau c\u0103 dacii, sim\u021bind chemarea acestuia, deveneau nemuritori. \u00cen fiecare an, pe 28 noiembrie, sute de oameni urc\u0103 muntele \u0219i se str\u00e2ng \u00een jurul Sfinxului pentru c\u0103, ast\u0103zi, razele Soarelui care \u00eel \u00eembr\u0103\u021bi\u0219eaz\u0103 formeaz\u0103 o piramid\u0103 magic\u0103, unii spun\u00e2nd vindec\u0103toare. Mit, legend\u0103 sau pove\u0219ti din Antichitate, Sfinxul a fost martorul t\u0103cut al istoriei acestui petic de \u021bar\u0103, a jude\u021bului D\u00e2mbovi\u021ba\u201d<\/em>, a mai scris pe re\u021beaua de socializare \u00a0Corneliu \u0218tefan.<\/p><\/blockquote>\n\n\n\n<p>La r\u00e2ndul lor, reprezentan\u021bii jude\u021bului Prahova spun c\u0103 sentin\u021ba nu este definitiv\u0103 \u0219i c\u0103, dup\u0103 comunicarea hot\u0103r\u00e2rii date de Tribunalul V\u00e2lcea, va fi formulat recurs.<\/p>\n\n\n\n<p>Potrivit Prefecturii Prahova, procesul vizeaz\u0103 stabilirea limitei teritoriale dintre comuna Moroieni \u0219i ora\u0219ul Bu\u0219teni, respectiv dintre cele dou\u0103 jude\u021be, Prahova \u0219i D\u00e2mbovi\u021ba.<\/p>\n\n\n\n<blockquote class=\"wp-block-quote\"><p><em>\u201eMen\u021bion\u0103m c\u0103 limita teritorial\u0103 \u00eentre cele dou\u0103 localit\u0103\u021bi din jude\u021be diferite nu schimb\u0103 ceea ce este deja stabilit prin Hotararea de Guvern nr. 1359\/2001, care atest\u0103 apartenen\u021ba celor dou\u0103 monumente naturale la domeniul public al jude\u021bului Prahova, respectiv al ora\u0219ului Bu\u0219teni. Indiferent de rezultatul final al procesului, monumentele naturale Babele \u0219i Sfinx sunt \u0219i r\u0103m\u00e2n \u00een domeniul public al ora\u0219ului Bu\u0219teni\u201d<\/em>, a transmis Prefectura Prahova.<\/p><\/blockquote>\n\n\n\n<p><em>Scris de: C\u0103lin Pop<\/em><\/p>\n\n\n\n<p><em>Foto:  Facebook\/<a href=\"https:\/\/www.facebook.com\/ConsiliulJudeteanDambovita.ro\" target=\"_blank\" rel=\"noreferrer noopener\"><span class=\"has-inline-color has-vivid-cyan-blue-color\">Consiliul Jude\u021bean D\u00e2mbovi\u021ba<\/span><\/a><\/em><\/p>\n","protected":false},"excerpt":{"rendered":"<p>Dou\u0103 dintre cele mai frumoase monumente naturale din Rom\u00e2nia, Sfinxul \u0219i Babele, situate \u00een Mun\u021bii Bucegi, sunt disputate de jude\u021bele&#8230;<\/p>\n","protected":false},"author":23,"featured_media":7903,"comment_status":"open","ping_status":"open","sticky":false,"template":"","format":"standard","meta":[],"categories":[1817],"tags":[1926,3373,1719,960],"yoast_head":"<!-- This site is optimized with the Yoast SEO plugin v18.4.1 - https:\/\/yoast.com\/wordpress\/plugins\/seo\/ -->\n<title>Sfinxul \u0219i Babele din Mun\u021bii Bucegi, disputate de jude\u021bele Prahova \u0219i D\u00e2mbovi\u021ba - Outdoor Magazine<\/title>\n<meta name=\"description\" content=\"Dou\u0103 monumente naturale din Rom\u00e2nia, Sfinxul \u0219i Babele, situate \u00een Mun\u021bii Bucegi, sunt disputate de jude\u021bele Prahova \u0219i D\u00e2mbovi\u021ba.\" \/>\n<meta name=\"robots\" content=\"index, follow, max-snippet:-1, max-image-preview:large, max-video-preview:-1\" \/>\n<link rel=\"canonical\" href=\"https:\/\/ski-outdoor.ro\/outdoor\/2021\/11\/29\/sfinxul-si-babele-din-muntii-bucegi-disputate-de-judetele-prahova-si-dambovita\/\" \/>\n<meta property=\"og:locale\" content=\"ro_RO\" \/>\n<meta property=\"og:type\" content=\"article\" \/>\n<meta property=\"og:title\" content=\"Sfinxul \u0219i Babele din Mun\u021bii Bucegi, disputate de jude\u021bele Prahova \u0219i D\u00e2mbovi\u021ba - Outdoor Magazine\" \/>\n<meta property=\"og:description\" content=\"Dou\u0103 monumente naturale din Rom\u00e2nia, Sfinxul \u0219i Babele, situate \u00een Mun\u021bii Bucegi, sunt disputate de jude\u021bele Prahova \u0219i D\u00e2mbovi\u021ba.\" \/>\n<meta property=\"og:url\" content=\"https:\/\/ski-outdoor.ro\/outdoor\/2021\/11\/29\/sfinxul-si-babele-din-muntii-bucegi-disputate-de-judetele-prahova-si-dambovita\/\" \/>\n<meta property=\"og:site_name\" content=\"Outdoor Magazine\" \/>\n<meta property=\"article:publisher\" content=\"https:\/\/www.facebook.com\/skiandoutdoormagazine\" \/>\n<meta property=\"article:published_time\" content=\"2021-11-29T11:41:53+00:00\" \/>\n<meta property=\"article:modified_time\" content=\"2021-11-29T11:41:54+00:00\" \/>\n<meta property=\"og:image\" content=\"https:\/\/ski-outdoor.ro\/outdoor\/wp-content\/uploads\/sites\/4\/2021\/11\/sfinx-1.jpg\" \/>\n\t<meta property=\"og:image:width\" content=\"960\" \/>\n\t<meta property=\"og:image:height\" content=\"720\" \/>\n\t<meta property=\"og:image:type\" content=\"image\/jpeg\" \/>\n<meta name=\"twitter:card\" content=\"summary_large_image\" \/>\n<meta name=\"twitter:label1\" content=\"Scris de\" \/>\n\t<meta name=\"twitter:data1\" content=\"C\u0103lin Pop\" \/>\n\t<meta name=\"twitter:label2\" content=\"Timp estimat pentru citire\" \/>\n\t<meta name=\"twitter:data2\" content=\"2 minute\" \/>\n<script type=\"application\/ld+json\" class=\"yoast-schema-graph\">{\"@context\":\"https:\/\/schema.org\",\"@graph\":[{\"@type\":\"Organization\",\"@id\":\"https:\/\/ski-outdoor.ro\/outdoor\/#organization\",\"name\":\"Ski & Outdoor Magazine\",\"url\":\"https:\/\/ski-outdoor.ro\/outdoor\/\",\"sameAs\":[\"https:\/\/www.facebook.com\/skiandoutdoormagazine\"],\"logo\":{\"@type\":\"ImageObject\",\"@id\":\"https:\/\/ski-outdoor.ro\/outdoor\/#logo\",\"inLanguage\":\"ro-RO\",\"url\":\"https:\/\/ski-outdoor.ro\/outdoor\/wp-content\/uploads\/sites\/4\/2019\/05\/logo-e1557923623153.png\",\"contentUrl\":\"https:\/\/ski-outdoor.ro\/outdoor\/wp-content\/uploads\/sites\/4\/2019\/05\/logo-e1557923623153.png\",\"width\":600,\"height\":165,\"caption\":\"Ski & Outdoor Magazine\"},\"image\":{\"@id\":\"https:\/\/ski-outdoor.ro\/outdoor\/#logo\"}},{\"@type\":\"WebSite\",\"@id\":\"https:\/\/ski-outdoor.ro\/outdoor\/#website\",\"url\":\"https:\/\/ski-outdoor.ro\/outdoor\/\",\"name\":\"Outdoor Magazine\",\"description\":\"\",\"publisher\":{\"@id\":\"https:\/\/ski-outdoor.ro\/outdoor\/#organization\"},\"potentialAction\":[{\"@type\":\"SearchAction\",\"target\":{\"@type\":\"EntryPoint\",\"urlTemplate\":\"https:\/\/ski-outdoor.ro\/outdoor\/?s={search_term_string}\"},\"query-input\":\"required name=search_term_string\"}],\"inLanguage\":\"ro-RO\"},{\"@type\":\"ImageObject\",\"@id\":\"https:\/\/ski-outdoor.ro\/outdoor\/2021\/11\/29\/sfinxul-si-babele-din-muntii-bucegi-disputate-de-judetele-prahova-si-dambovita\/#primaryimage\",\"inLanguage\":\"ro-RO\",\"url\":\"https:\/\/ski-outdoor.ro\/outdoor\/wp-content\/uploads\/sites\/4\/2021\/11\/sfinx-1.jpg\",\"contentUrl\":\"https:\/\/ski-outdoor.ro\/outdoor\/wp-content\/uploads\/sites\/4\/2021\/11\/sfinx-1.jpg\",\"width\":960,\"height\":720},{\"@type\":\"WebPage\",\"@id\":\"https:\/\/ski-outdoor.ro\/outdoor\/2021\/11\/29\/sfinxul-si-babele-din-muntii-bucegi-disputate-de-judetele-prahova-si-dambovita\/#webpage\",\"url\":\"https:\/\/ski-outdoor.ro\/outdoor\/2021\/11\/29\/sfinxul-si-babele-din-muntii-bucegi-disputate-de-judetele-prahova-si-dambovita\/\",\"name\":\"Sfinxul \u0219i Babele din Mun\u021bii Bucegi, disputate de jude\u021bele Prahova \u0219i D\u00e2mbovi\u021ba - Outdoor Magazine\",\"isPartOf\":{\"@id\":\"https:\/\/ski-outdoor.ro\/outdoor\/#website\"},\"primaryImageOfPage\":{\"@id\":\"https:\/\/ski-outdoor.ro\/outdoor\/2021\/11\/29\/sfinxul-si-babele-din-muntii-bucegi-disputate-de-judetele-prahova-si-dambovita\/#primaryimage\"},\"datePublished\":\"2021-11-29T11:41:53+00:00\",\"dateModified\":\"2021-11-29T11:41:54+00:00\",\"description\":\"Dou\u0103 monumente naturale din Rom\u00e2nia, Sfinxul \u0219i Babele, situate \u00een Mun\u021bii Bucegi, sunt disputate de jude\u021bele Prahova \u0219i D\u00e2mbovi\u021ba.\",\"breadcrumb\":{\"@id\":\"https:\/\/ski-outdoor.ro\/outdoor\/2021\/11\/29\/sfinxul-si-babele-din-muntii-bucegi-disputate-de-judetele-prahova-si-dambovita\/#breadcrumb\"},\"inLanguage\":\"ro-RO\",\"potentialAction\":[{\"@type\":\"ReadAction\",\"target\":[\"https:\/\/ski-outdoor.ro\/outdoor\/2021\/11\/29\/sfinxul-si-babele-din-muntii-bucegi-disputate-de-judetele-prahova-si-dambovita\/\"]}]},{\"@type\":\"BreadcrumbList\",\"@id\":\"https:\/\/ski-outdoor.ro\/outdoor\/2021\/11\/29\/sfinxul-si-babele-din-muntii-bucegi-disputate-de-judetele-prahova-si-dambovita\/#breadcrumb\",\"itemListElement\":[{\"@type\":\"ListItem\",\"position\":1,\"name\":\"Home\",\"item\":\"https:\/\/ski-outdoor.ro\/outdoor\/\"},{\"@type\":\"ListItem\",\"position\":2,\"name\":\"Sfinxul \u0219i Babele din Mun\u021bii Bucegi, disputate de jude\u021bele Prahova \u0219i D\u00e2mbovi\u021ba\"}]},{\"@type\":\"Article\",\"@id\":\"https:\/\/ski-outdoor.ro\/outdoor\/2021\/11\/29\/sfinxul-si-babele-din-muntii-bucegi-disputate-de-judetele-prahova-si-dambovita\/#article\",\"isPartOf\":{\"@id\":\"https:\/\/ski-outdoor.ro\/outdoor\/2021\/11\/29\/sfinxul-si-babele-din-muntii-bucegi-disputate-de-judetele-prahova-si-dambovita\/#webpage\"},\"author\":{\"@id\":\"https:\/\/ski-outdoor.ro\/outdoor\/#\/schema\/person\/3d8c2382a34197255067399194217080\"},\"headline\":\"Sfinxul \u0219i Babele din Mun\u021bii Bucegi, disputate de jude\u021bele Prahova \u0219i D\u00e2mbovi\u021ba\",\"datePublished\":\"2021-11-29T11:41:53+00:00\",\"dateModified\":\"2021-11-29T11:41:54+00:00\",\"mainEntityOfPage\":{\"@id\":\"https:\/\/ski-outdoor.ro\/outdoor\/2021\/11\/29\/sfinxul-si-babele-din-muntii-bucegi-disputate-de-judetele-prahova-si-dambovita\/#webpage\"},\"wordCount\":393,\"commentCount\":0,\"publisher\":{\"@id\":\"https:\/\/ski-outdoor.ro\/outdoor\/#organization\"},\"image\":{\"@id\":\"https:\/\/ski-outdoor.ro\/outdoor\/2021\/11\/29\/sfinxul-si-babele-din-muntii-bucegi-disputate-de-judetele-prahova-si-dambovita\/#primaryimage\"},\"thumbnailUrl\":\"https:\/\/ski-outdoor.ro\/outdoor\/wp-content\/uploads\/sites\/4\/2021\/11\/sfinx-1.jpg\",\"keywords\":[\"babele\",\"disputate\",\"mun\u021bii bucegi\",\"Sfinxul\"],\"articleSection\":[\"Actualit\u0103\u021bi\"],\"inLanguage\":\"ro-RO\",\"potentialAction\":[{\"@type\":\"CommentAction\",\"name\":\"Comment\",\"target\":[\"https:\/\/ski-outdoor.ro\/outdoor\/2021\/11\/29\/sfinxul-si-babele-din-muntii-bucegi-disputate-de-judetele-prahova-si-dambovita\/#respond\"]}]},{\"@type\":\"Person\",\"@id\":\"https:\/\/ski-outdoor.ro\/outdoor\/#\/schema\/person\/3d8c2382a34197255067399194217080\",\"name\":\"C\u0103lin Pop\",\"image\":{\"@type\":\"ImageObject\",\"@id\":\"https:\/\/ski-outdoor.ro\/outdoor\/#personlogo\",\"inLanguage\":\"ro-RO\",\"url\":\"https:\/\/secure.gravatar.com\/avatar\/44fa4e362161e127dec2a82f7585cbd5?s=96&d=mm&r=g\",\"contentUrl\":\"https:\/\/secure.gravatar.com\/avatar\/44fa4e362161e127dec2a82f7585cbd5?s=96&d=mm&r=g\",\"caption\":\"C\u0103lin Pop\"},\"url\":\"https:\/\/ski-outdoor.ro\/outdoor\/author\/calinpop\/\"}]}<\/script>\n<!-- \/ Yoast SEO plugin. -->","yoast_head_json":{"title":"Sfinxul \u0219i Babele din Mun\u021bii Bucegi, disputate de jude\u021bele Prahova \u0219i D\u00e2mbovi\u021ba - Outdoor Magazine","description":"Dou\u0103 monumente naturale din Rom\u00e2nia, Sfinxul \u0219i Babele, situate \u00een Mun\u021bii Bucegi, sunt disputate de jude\u021bele Prahova \u0219i D\u00e2mbovi\u021ba.","robots":{"index":"index","follow":"follow","max-snippet":"max-snippet:-1","max-image-preview":"max-image-preview:large","max-video-preview":"max-video-preview:-1"},"canonical":"https:\/\/ski-outdoor.ro\/outdoor\/2021\/11\/29\/sfinxul-si-babele-din-muntii-bucegi-disputate-de-judetele-prahova-si-dambovita\/","og_locale":"ro_RO","og_type":"article","og_title":"Sfinxul \u0219i Babele din Mun\u021bii Bucegi, disputate de jude\u021bele Prahova \u0219i D\u00e2mbovi\u021ba - Outdoor Magazine","og_description":"Dou\u0103 monumente naturale din Rom\u00e2nia, Sfinxul \u0219i Babele, situate \u00een Mun\u021bii Bucegi, sunt disputate de jude\u021bele Prahova \u0219i D\u00e2mbovi\u021ba.","og_url":"https:\/\/ski-outdoor.ro\/outdoor\/2021\/11\/29\/sfinxul-si-babele-din-muntii-bucegi-disputate-de-judetele-prahova-si-dambovita\/","og_site_name":"Outdoor Magazine","article_publisher":"https:\/\/www.facebook.com\/skiandoutdoormagazine","article_published_time":"2021-11-29T11:41:53+00:00","article_modified_time":"2021-11-29T11:41:54+00:00","og_image":[{"width":960,"height":720,"url":"https:\/\/ski-outdoor.ro\/outdoor\/wp-content\/uploads\/sites\/4\/2021\/11\/sfinx-1.jpg","type":"image\/jpeg"}],"twitter_card":"summary_large_image","twitter_misc":{"Scris de":"C\u0103lin Pop","Timp estimat pentru citire":"2 minute"},"schema":{"@context":"https:\/\/schema.org","@graph":[{"@type":"Organization","@id":"https:\/\/ski-outdoor.ro\/outdoor\/#organization","name":"Ski & Outdoor Magazine","url":"https:\/\/ski-outdoor.ro\/outdoor\/","sameAs":["https:\/\/www.facebook.com\/skiandoutdoormagazine"],"logo":{"@type":"ImageObject","@id":"https:\/\/ski-outdoor.ro\/outdoor\/#logo","inLanguage":"ro-RO","url":"https:\/\/ski-outdoor.ro\/outdoor\/wp-content\/uploads\/sites\/4\/2019\/05\/logo-e1557923623153.png","contentUrl":"https:\/\/ski-outdoor.ro\/outdoor\/wp-content\/uploads\/sites\/4\/2019\/05\/logo-e1557923623153.png","width":600,"height":165,"caption":"Ski & Outdoor Magazine"},"image":{"@id":"https:\/\/ski-outdoor.ro\/outdoor\/#logo"}},{"@type":"WebSite","@id":"https:\/\/ski-outdoor.ro\/outdoor\/#website","url":"https:\/\/ski-outdoor.ro\/outdoor\/","name":"Outdoor Magazine","description":"","publisher":{"@id":"https:\/\/ski-outdoor.ro\/outdoor\/#organization"},"potentialAction":[{"@type":"SearchAction","target":{"@type":"EntryPoint","urlTemplate":"https:\/\/ski-outdoor.ro\/outdoor\/?s={search_term_string}"},"query-input":"required name=search_term_string"}],"inLanguage":"ro-RO"},{"@type":"ImageObject","@id":"https:\/\/ski-outdoor.ro\/outdoor\/2021\/11\/29\/sfinxul-si-babele-din-muntii-bucegi-disputate-de-judetele-prahova-si-dambovita\/#primaryimage","inLanguage":"ro-RO","url":"https:\/\/ski-outdoor.ro\/outdoor\/wp-content\/uploads\/sites\/4\/2021\/11\/sfinx-1.jpg","contentUrl":"https:\/\/ski-outdoor.ro\/outdoor\/wp-content\/uploads\/sites\/4\/2021\/11\/sfinx-1.jpg","width":960,"height":720},{"@type":"WebPage","@id":"https:\/\/ski-outdoor.ro\/outdoor\/2021\/11\/29\/sfinxul-si-babele-din-muntii-bucegi-disputate-de-judetele-prahova-si-dambovita\/#webpage","url":"https:\/\/ski-outdoor.ro\/outdoor\/2021\/11\/29\/sfinxul-si-babele-din-muntii-bucegi-disputate-de-judetele-prahova-si-dambovita\/","name":"Sfinxul \u0219i Babele din Mun\u021bii Bucegi, disputate de jude\u021bele Prahova \u0219i D\u00e2mbovi\u021ba - Outdoor Magazine","isPartOf":{"@id":"https:\/\/ski-outdoor.ro\/outdoor\/#website"},"primaryImageOfPage":{"@id":"https:\/\/ski-outdoor.ro\/outdoor\/2021\/11\/29\/sfinxul-si-babele-din-muntii-bucegi-disputate-de-judetele-prahova-si-dambovita\/#primaryimage"},"datePublished":"2021-11-29T11:41:53+00:00","dateModified":"2021-11-29T11:41:54+00:00","description":"Dou\u0103 monumente naturale din Rom\u00e2nia, Sfinxul \u0219i Babele, situate \u00een Mun\u021bii Bucegi, sunt disputate de jude\u021bele Prahova \u0219i D\u00e2mbovi\u021ba.","breadcrumb":{"@id":"https:\/\/ski-outdoor.ro\/outdoor\/2021\/11\/29\/sfinxul-si-babele-din-muntii-bucegi-disputate-de-judetele-prahova-si-dambovita\/#breadcrumb"},"inLanguage":"ro-RO","potentialAction":[{"@type":"ReadAction","target":["https:\/\/ski-outdoor.ro\/outdoor\/2021\/11\/29\/sfinxul-si-babele-din-muntii-bucegi-disputate-de-judetele-prahova-si-dambovita\/"]}]},{"@type":"BreadcrumbList","@id":"https:\/\/ski-outdoor.ro\/outdoor\/2021\/11\/29\/sfinxul-si-babele-din-muntii-bucegi-disputate-de-judetele-prahova-si-dambovita\/#breadcrumb","itemListElement":[{"@type":"ListItem","position":1,"name":"Home","item":"https:\/\/ski-outdoor.ro\/outdoor\/"},{"@type":"ListItem","position":2,"name":"Sfinxul \u0219i Babele din Mun\u021bii Bucegi, disputate de jude\u021bele Prahova \u0219i D\u00e2mbovi\u021ba"}]},{"@type":"Article","@id":"https:\/\/ski-outdoor.ro\/outdoor\/2021\/11\/29\/sfinxul-si-babele-din-muntii-bucegi-disputate-de-judetele-prahova-si-dambovita\/#article","isPartOf":{"@id":"https:\/\/ski-outdoor.ro\/outdoor\/2021\/11\/29\/sfinxul-si-babele-din-muntii-bucegi-disputate-de-judetele-prahova-si-dambovita\/#webpage"},"author":{"@id":"https:\/\/ski-outdoor.ro\/outdoor\/#\/schema\/person\/3d8c2382a34197255067399194217080"},"headline":"Sfinxul \u0219i Babele din Mun\u021bii Bucegi, disputate de jude\u021bele Prahova \u0219i D\u00e2mbovi\u021ba","datePublished":"2021-11-29T11:41:53+00:00","dateModified":"2021-11-29T11:41:54+00:00","mainEntityOfPage":{"@id":"https:\/\/ski-outdoor.ro\/outdoor\/2021\/11\/29\/sfinxul-si-babele-din-muntii-bucegi-disputate-de-judetele-prahova-si-dambovita\/#webpage"},"wordCount":393,"commentCount":0,"publisher":{"@id":"https:\/\/ski-outdoor.ro\/outdoor\/#organization"},"image":{"@id":"https:\/\/ski-outdoor.ro\/outdoor\/2021\/11\/29\/sfinxul-si-babele-din-muntii-bucegi-disputate-de-judetele-prahova-si-dambovita\/#primaryimage"},"thumbnailUrl":"https:\/\/ski-outdoor.ro\/outdoor\/wp-content\/uploads\/sites\/4\/2021\/11\/sfinx-1.jpg","keywords":["babele","disputate","mun\u021bii bucegi","Sfinxul"],"articleSection":["Actualit\u0103\u021bi"],"inLanguage":"ro-RO","potentialAction":[{"@type":"CommentAction","name":"Comment","target":["https:\/\/ski-outdoor.ro\/outdoor\/2021\/11\/29\/sfinxul-si-babele-din-muntii-bucegi-disputate-de-judetele-prahova-si-dambovita\/#respond"]}]},{"@type":"Person","@id":"https:\/\/ski-outdoor.ro\/outdoor\/#\/schema\/person\/3d8c2382a34197255067399194217080","name":"C\u0103lin Pop","image":{"@type":"ImageObject","@id":"https:\/\/ski-outdoor.ro\/outdoor\/#personlogo","inLanguage":"ro-RO","url":"https:\/\/secure.gravatar.com\/avatar\/44fa4e362161e127dec2a82f7585cbd5?s=96&d=mm&r=g","contentUrl":"https:\/\/secure.gravatar.com\/avatar\/44fa4e362161e127dec2a82f7585cbd5?s=96&d=mm&r=g","caption":"C\u0103lin Pop"},"url":"https:\/\/ski-outdoor.ro\/outdoor\/author\/calinpop\/"}]}},"_links":{"self":[{"href":"https:\/\/ski-outdoor.ro\/outdoor\/wp-json\/wp\/v2\/posts\/7901"}],"collection":[{"href":"https:\/\/ski-outdoor.ro\/outdoor\/wp-json\/wp\/v2\/posts"}],"about":[{"href":"https:\/\/ski-outdoor.ro\/outdoor\/wp-json\/wp\/v2\/types\/post"}],"author":[{"embeddable":true,"href":"https:\/\/ski-outdoor.ro\/outdoor\/wp-json\/wp\/v2\/users\/23"}],"replies":[{"embeddable":true,"href":"https:\/\/ski-outdoor.ro\/outdoor\/wp-json\/wp\/v2\/comments?post=7901"}],"version-history":[{"count":2,"href":"https:\/\/ski-outdoor.ro\/outdoor\/wp-json\/wp\/v2\/posts\/7901\/revisions"}],"predecessor-version":[{"id":7905,"href":"https:\/\/ski-outdoor.ro\/outdoor\/wp-json\/wp\/v2\/posts\/7901\/revisions\/7905"}],"wp:featuredmedia":[{"embeddable":true,"href":"https:\/\/ski-outdoor.ro\/outdoor\/wp-json\/wp\/v2\/media\/7903"}],"wp:attachment":[{"href":"https:\/\/ski-outdoor.ro\/outdoor\/wp-json\/wp\/v2\/media?parent=7901"}],"wp:term":[{"taxonomy":"category","embeddable":true,"href":"https:\/\/ski-outdoor.ro\/outdoor\/wp-json\/wp\/v2\/categories?post=7901"},{"taxonomy":"post_tag","embeddable":true,"href":"https:\/\/ski-outdoor.ro\/outdoor\/wp-json\/wp\/v2\/tags?post=7901"}],"curies":[{"name":"wp","href":"https:\/\/api.w.org\/{rel}","templated":true}]}}