{"id":8046,"date":"2022-04-13T13:38:11","date_gmt":"2022-04-13T13:38:11","guid":{"rendered":"https:\/\/ski-outdoor.ro\/outdoor\/?p=8046"},"modified":"2022-04-13T13:38:11","modified_gmt":"2022-04-13T13:38:11","slug":"tinutul-buzaului-cu-vulcanii-noroiosi-si-trovantii-de-la-ulmet-a-fost-declarat-geoparc-international-unesco","status":"publish","type":"post","link":"https:\/\/ski-outdoor.ro\/outdoor\/2022\/04\/13\/tinutul-buzaului-cu-vulcanii-noroiosi-si-trovantii-de-la-ulmet-a-fost-declarat-geoparc-international-unesco\/","title":{"rendered":"\u201e\u021ainutul Buz\u0103ului\u201d, cu vulcanii noroio\u0219i \u0219i trovan\u021bii de la Ulmet, a fost declarat geoparc interna\u021bional UNESCO"},"content":{"rendered":"<p><strong>\u201e\u021ainutul Buz\u0103ului\u201d a ob\u021binut miercuri validarea oficial\u0103 ca geoparc interna\u021bional UNESCO, fiind astfel recunoscut drept teritoriu cu valori naturale \u0219i culturale de importan\u021b\u0103 global\u0103. <\/strong><\/p>\n<p>Membrii Biroului Executiv al UNESCO, reuni\u021bi la Paris, au votat favorabil includerea \u201e\u021ainutului Buz\u0103ului\u201d \u00een clubul select al geoparcurilor interna\u021bionale. Din cele 16 geoparcuri aspirante la titlu de geoparc interna\u021bional UNESCO, doar 8 au fost validate, printre care \u0219i \u201e\u021ainutul Buz\u0103ului\u201d.<\/p>\n<p>\u201e\u021ainutul Buz\u0103ului\u201d, aflat la limita dintre dealuri \u0219i mun\u021bi, este un teritoriu complet rural care se \u00eentinde pe o suprafa\u021b\u0103 de peste 1000 de kilometri p\u0103tra\u021bi \u0219i are o popula\u021bie de circa 43.000 de munteni.<\/p>\n<p>Vulcanii noroio\u0219i, domurile de sare, focurile vii, trovan\u021bii de la Ulmet, a\u0219ez\u0103rile rupestre \u0219i chihlimbarul ro\u0219u de la Col\u021bi sunt printre cele mai renumite atrac\u021bii ale acestei regiuni pitore\u0219ti din zona de curbur\u0103 a Carpa\u021bilor.<\/p>\n<blockquote><p><em>\u201eBeneficiile pentru jude\u021bul Buz\u0103u sunt \u00eensemnate. Comunit\u0103\u021bile locale de pe teritoriul geoparcului au acum sus\u021binerea UNESCO \u00een promovarea interna\u021bional\u0103 \u0219i le este recunoscut\u0103 la nivel mondial unicitatea elementelor naturale, a tradi\u021biilor locale \u0219i a valorilor cultural-istorice. Avem convingerea c\u0103 \u00een urm\u0103torii 4 ani, p\u00e2n\u0103 la revalidare, poten\u021bialul uria\u0219 al jude\u021bului Buz\u0103u poate fi promovat \u0219i valorificat prin intermediul parteneriatelor locale \u0219i interna\u021bionale, colaborarea cu alte geoparcuri din re\u021bea \u0219i atragerea de finan\u021b\u0103ri\u201d<\/em>, a declarat pre\u0219edintele Consiliului Jude\u021bean Buz\u0103u, Petre Emanoil Neagu.<\/p><\/blockquote>\n<p>Votul Biroului Executiv al UNESCO este actul de recunoa\u0219tere a unor eforturi sus\u021binute, \u00eencepute cu aproape 16 ani \u00een urm\u0103<em>. <\/em><\/p>\n<blockquote><p><em>\u201e\u00cen 2007, am plecat de la o idee \u0219i, iat\u0103 c\u0103, dup\u0103 ani \u0219i ani de munc\u0103, am ob\u021binut aceast\u0103 realizare. Suntem foarte bucuro\u0219i s\u0103 fim martori la validarea a multe eforturi depuse de mul\u021bi oameni ai locului, at\u00e2t din administra\u021bia local\u0103, din domeniul non-profit \u0219i profesional, c\u00e2t \u0219i localnici \u0219i antreprenori care ne-au fost al\u0103turi \u0219i care au pus um\u0103rul la lucru &#8211; \u0219i c\u0103rora \u021binem s\u0103 le mul\u021bumim\u201d<\/em>, a spus R\u0103zvan-Gabriel Popa, directorul Asocia\u021biei \u021ainutul Buz\u0103ului \u0219i managerul noului Geoparc UNESCO.<\/p><\/blockquote>\n<p><strong>\u201e<\/strong>\u021ainutul Buz\u0103ului\u201d devine astfel al doilea geoparc din Rom\u00e2nia inclus \u00een Re\u021beaua Global\u0103 a Geoparcurilor, dup\u0103 \u201e\u021aara Ha\u021begului\u201d. Lista global\u0103 este compus\u0103 acum din 177 de zone geografice din 46 de \u021b\u0103ri.<\/p>\n<p>Dosarul de candidatur\u0103 a fost \u00eentocmit \u0219i depus \u00een noiembrie 2020, la UNESCO, de c\u0103tre Asocia\u021bia \u201e\u021ainutul Buz\u0103ului\u201d, un ONG creat cu scopul de a asigura to\u021bi pa\u0219ii necesari pentru \u00eendeplinirea criteriilor \u0219i pentru ob\u021binerea statutului de Geoparc.<\/p>\n<p>\u00cen luna septembrie a anului trecut, \u021ainutul Buz\u0103ului a fost vizitat de doi exper\u021bi UNESCO, care au trecut printr-o verificare judicioas\u0103 toate elementele obligatorii necesare pentru ob\u021binerea statutului de Geoparc. Timp de trei zile, ace\u0219tia au evaluat teritoriul, descoperind locurile, oamenii \u0219i valorile locale, verific\u00e2nd nici mai mult, nici mai pu\u021bin de 101 de criterii, dintre care 99 erau obligatorii.<\/p>\n<p>\u201e\u021ainutul Buz\u0103ului\u201d va beneficia de promovarea UNESCO \u0219i prin Re\u021beaua European\u0103 \u0219i Global\u0103 a Geoparcurilor, iar noul statut va atrage turi\u0219ti \u0219i va avea poten\u021bial pentru a convinge antreprenori s\u0103 investeasc\u0103 \u00een turismul alternativ, \u00een agroturism, turism cultural ori de aventur\u0103.<\/p>\n<p>Nu \u00een ultimul r\u00e2nd, statutul aduce cu sine atragerea de finan\u021b\u0103ri \u0219i de investi\u021bii \u00een multe alte domenii de activitate, fiind o ocazie de rena\u0219tere economic\u0103 \u0219i social\u0103 a unui teritoriu cu mare poten\u021bial.<\/p>\n<p><em>Scris de: C\u0103lin Pop<\/em><\/p>\n<p><em>Foto: Facebook\/\u021ainutul Buz\u0103ului<\/em><\/p>\n","protected":false},"excerpt":{"rendered":"<p>\u201e\u021ainutul Buz\u0103ului\u201d a ob\u021binut miercuri validarea oficial\u0103 ca geoparc interna\u021bional UNESCO, fiind astfel recunoscut drept teritoriu cu valori naturale \u0219i&#8230;<\/p>\n","protected":false},"author":23,"featured_media":7274,"comment_status":"open","ping_status":"open","sticky":false,"template":"","format":"standard","meta":[],"categories":[1817],"tags":[3443,3194,3132,3195],"yoast_head":"<!-- This site is optimized with the Yoast SEO plugin v18.4.1 - https:\/\/yoast.com\/wordpress\/plugins\/seo\/ -->\n<title>\u201e\u021ainutul Buz\u0103ului\u201d, cu vulcanii noroio\u0219i \u0219i trovan\u021bii de la Ulmet, a fost declarat geoparc interna\u021bional UNESCO - Outdoor Magazine<\/title>\n<meta name=\"description\" content=\"\u201e\u021ainutul Buz\u0103ului\u201d, cu vulcanii noroio\u0219i \u0219i trovan\u021bii de la Ulmet, a ob\u021binut miercuri validarea oficial\u0103 ca geoparc interna\u021bional UNESCO.\" \/>\n<meta name=\"robots\" content=\"index, follow, max-snippet:-1, max-image-preview:large, max-video-preview:-1\" \/>\n<link rel=\"canonical\" href=\"https:\/\/ski-outdoor.ro\/outdoor\/2022\/04\/13\/tinutul-buzaului-cu-vulcanii-noroiosi-si-trovantii-de-la-ulmet-a-fost-declarat-geoparc-international-unesco\/\" \/>\n<meta property=\"og:locale\" content=\"ro_RO\" \/>\n<meta property=\"og:type\" content=\"article\" \/>\n<meta property=\"og:title\" content=\"\u201e\u021ainutul Buz\u0103ului\u201d, cu vulcanii noroio\u0219i \u0219i trovan\u021bii de la Ulmet, a fost declarat geoparc interna\u021bional UNESCO - Outdoor Magazine\" \/>\n<meta property=\"og:description\" content=\"\u201e\u021ainutul Buz\u0103ului\u201d, cu vulcanii noroio\u0219i \u0219i trovan\u021bii de la Ulmet, a ob\u021binut miercuri validarea oficial\u0103 ca geoparc interna\u021bional UNESCO.\" \/>\n<meta property=\"og:url\" content=\"https:\/\/ski-outdoor.ro\/outdoor\/2022\/04\/13\/tinutul-buzaului-cu-vulcanii-noroiosi-si-trovantii-de-la-ulmet-a-fost-declarat-geoparc-international-unesco\/\" \/>\n<meta property=\"og:site_name\" content=\"Outdoor Magazine\" \/>\n<meta property=\"article:publisher\" content=\"https:\/\/www.facebook.com\/skiandoutdoormagazine\" \/>\n<meta property=\"article:published_time\" content=\"2022-04-13T13:38:11+00:00\" \/>\n<meta property=\"og:image\" content=\"https:\/\/ski-outdoor.ro\/outdoor\/wp-content\/uploads\/sites\/4\/2021\/09\/tinutul-buzaului-1.jpg\" \/>\n\t<meta property=\"og:image:width\" content=\"2000\" \/>\n\t<meta property=\"og:image:height\" content=\"1333\" \/>\n\t<meta property=\"og:image:type\" content=\"image\/jpeg\" \/>\n<meta name=\"twitter:card\" content=\"summary_large_image\" \/>\n<meta name=\"twitter:label1\" content=\"Scris de\" \/>\n\t<meta name=\"twitter:data1\" content=\"C\u0103lin Pop\" \/>\n\t<meta name=\"twitter:label2\" content=\"Timp estimat pentru citire\" \/>\n\t<meta name=\"twitter:data2\" content=\"3 minute\" \/>\n<script type=\"application\/ld+json\" class=\"yoast-schema-graph\">{\"@context\":\"https:\/\/schema.org\",\"@graph\":[{\"@type\":\"Organization\",\"@id\":\"https:\/\/ski-outdoor.ro\/outdoor\/#organization\",\"name\":\"Ski & Outdoor Magazine\",\"url\":\"https:\/\/ski-outdoor.ro\/outdoor\/\",\"sameAs\":[\"https:\/\/www.facebook.com\/skiandoutdoormagazine\"],\"logo\":{\"@type\":\"ImageObject\",\"@id\":\"https:\/\/ski-outdoor.ro\/outdoor\/#logo\",\"inLanguage\":\"ro-RO\",\"url\":\"https:\/\/ski-outdoor.ro\/outdoor\/wp-content\/uploads\/sites\/4\/2019\/05\/logo-e1557923623153.png\",\"contentUrl\":\"https:\/\/ski-outdoor.ro\/outdoor\/wp-content\/uploads\/sites\/4\/2019\/05\/logo-e1557923623153.png\",\"width\":600,\"height\":165,\"caption\":\"Ski & Outdoor Magazine\"},\"image\":{\"@id\":\"https:\/\/ski-outdoor.ro\/outdoor\/#logo\"}},{\"@type\":\"WebSite\",\"@id\":\"https:\/\/ski-outdoor.ro\/outdoor\/#website\",\"url\":\"https:\/\/ski-outdoor.ro\/outdoor\/\",\"name\":\"Outdoor Magazine\",\"description\":\"\",\"publisher\":{\"@id\":\"https:\/\/ski-outdoor.ro\/outdoor\/#organization\"},\"potentialAction\":[{\"@type\":\"SearchAction\",\"target\":{\"@type\":\"EntryPoint\",\"urlTemplate\":\"https:\/\/ski-outdoor.ro\/outdoor\/?s={search_term_string}\"},\"query-input\":\"required name=search_term_string\"}],\"inLanguage\":\"ro-RO\"},{\"@type\":\"ImageObject\",\"@id\":\"https:\/\/ski-outdoor.ro\/outdoor\/2022\/04\/13\/tinutul-buzaului-cu-vulcanii-noroiosi-si-trovantii-de-la-ulmet-a-fost-declarat-geoparc-international-unesco\/#primaryimage\",\"inLanguage\":\"ro-RO\",\"url\":\"https:\/\/ski-outdoor.ro\/outdoor\/wp-content\/uploads\/sites\/4\/2021\/09\/tinutul-buzaului-1.jpg\",\"contentUrl\":\"https:\/\/ski-outdoor.ro\/outdoor\/wp-content\/uploads\/sites\/4\/2021\/09\/tinutul-buzaului-1.jpg\",\"width\":2000,\"height\":1333},{\"@type\":\"WebPage\",\"@id\":\"https:\/\/ski-outdoor.ro\/outdoor\/2022\/04\/13\/tinutul-buzaului-cu-vulcanii-noroiosi-si-trovantii-de-la-ulmet-a-fost-declarat-geoparc-international-unesco\/#webpage\",\"url\":\"https:\/\/ski-outdoor.ro\/outdoor\/2022\/04\/13\/tinutul-buzaului-cu-vulcanii-noroiosi-si-trovantii-de-la-ulmet-a-fost-declarat-geoparc-international-unesco\/\",\"name\":\"\u201e\u021ainutul Buz\u0103ului\u201d, cu vulcanii noroio\u0219i \u0219i trovan\u021bii de la Ulmet, a fost declarat geoparc interna\u021bional UNESCO - Outdoor Magazine\",\"isPartOf\":{\"@id\":\"https:\/\/ski-outdoor.ro\/outdoor\/#website\"},\"primaryImageOfPage\":{\"@id\":\"https:\/\/ski-outdoor.ro\/outdoor\/2022\/04\/13\/tinutul-buzaului-cu-vulcanii-noroiosi-si-trovantii-de-la-ulmet-a-fost-declarat-geoparc-international-unesco\/#primaryimage\"},\"datePublished\":\"2022-04-13T13:38:11+00:00\",\"dateModified\":\"2022-04-13T13:38:11+00:00\",\"description\":\"\u201e\u021ainutul Buz\u0103ului\u201d, cu vulcanii noroio\u0219i \u0219i trovan\u021bii de la Ulmet, a ob\u021binut miercuri validarea oficial\u0103 ca geoparc interna\u021bional UNESCO.\",\"breadcrumb\":{\"@id\":\"https:\/\/ski-outdoor.ro\/outdoor\/2022\/04\/13\/tinutul-buzaului-cu-vulcanii-noroiosi-si-trovantii-de-la-ulmet-a-fost-declarat-geoparc-international-unesco\/#breadcrumb\"},\"inLanguage\":\"ro-RO\",\"potentialAction\":[{\"@type\":\"ReadAction\",\"target\":[\"https:\/\/ski-outdoor.ro\/outdoor\/2022\/04\/13\/tinutul-buzaului-cu-vulcanii-noroiosi-si-trovantii-de-la-ulmet-a-fost-declarat-geoparc-international-unesco\/\"]}]},{\"@type\":\"BreadcrumbList\",\"@id\":\"https:\/\/ski-outdoor.ro\/outdoor\/2022\/04\/13\/tinutul-buzaului-cu-vulcanii-noroiosi-si-trovantii-de-la-ulmet-a-fost-declarat-geoparc-international-unesco\/#breadcrumb\",\"itemListElement\":[{\"@type\":\"ListItem\",\"position\":1,\"name\":\"Home\",\"item\":\"https:\/\/ski-outdoor.ro\/outdoor\/\"},{\"@type\":\"ListItem\",\"position\":2,\"name\":\"\u201e\u021ainutul Buz\u0103ului\u201d, cu vulcanii noroio\u0219i \u0219i trovan\u021bii de la Ulmet, a fost declarat geoparc interna\u021bional UNESCO\"}]},{\"@type\":\"Article\",\"@id\":\"https:\/\/ski-outdoor.ro\/outdoor\/2022\/04\/13\/tinutul-buzaului-cu-vulcanii-noroiosi-si-trovantii-de-la-ulmet-a-fost-declarat-geoparc-international-unesco\/#article\",\"isPartOf\":{\"@id\":\"https:\/\/ski-outdoor.ro\/outdoor\/2022\/04\/13\/tinutul-buzaului-cu-vulcanii-noroiosi-si-trovantii-de-la-ulmet-a-fost-declarat-geoparc-international-unesco\/#webpage\"},\"author\":{\"@id\":\"https:\/\/ski-outdoor.ro\/outdoor\/#\/schema\/person\/3d8c2382a34197255067399194217080\"},\"headline\":\"\u201e\u021ainutul Buz\u0103ului\u201d, cu vulcanii noroio\u0219i \u0219i trovan\u021bii de la Ulmet, a fost declarat geoparc interna\u021bional UNESCO\",\"datePublished\":\"2022-04-13T13:38:11+00:00\",\"dateModified\":\"2022-04-13T13:38:11+00:00\",\"mainEntityOfPage\":{\"@id\":\"https:\/\/ski-outdoor.ro\/outdoor\/2022\/04\/13\/tinutul-buzaului-cu-vulcanii-noroiosi-si-trovantii-de-la-ulmet-a-fost-declarat-geoparc-international-unesco\/#webpage\"},\"wordCount\":621,\"commentCount\":0,\"publisher\":{\"@id\":\"https:\/\/ski-outdoor.ro\/outdoor\/#organization\"},\"image\":{\"@id\":\"https:\/\/ski-outdoor.ro\/outdoor\/2022\/04\/13\/tinutul-buzaului-cu-vulcanii-noroiosi-si-trovantii-de-la-ulmet-a-fost-declarat-geoparc-international-unesco\/#primaryimage\"},\"thumbnailUrl\":\"https:\/\/ski-outdoor.ro\/outdoor\/wp-content\/uploads\/sites\/4\/2021\/09\/tinutul-buzaului-1.jpg\",\"keywords\":[\"geoparc\",\"\u021binutul buz\u0103ului\",\"unesco\",\"vulcani noroio\u0219i\"],\"articleSection\":[\"Actualit\u0103\u021bi\"],\"inLanguage\":\"ro-RO\",\"potentialAction\":[{\"@type\":\"CommentAction\",\"name\":\"Comment\",\"target\":[\"https:\/\/ski-outdoor.ro\/outdoor\/2022\/04\/13\/tinutul-buzaului-cu-vulcanii-noroiosi-si-trovantii-de-la-ulmet-a-fost-declarat-geoparc-international-unesco\/#respond\"]}]},{\"@type\":\"Person\",\"@id\":\"https:\/\/ski-outdoor.ro\/outdoor\/#\/schema\/person\/3d8c2382a34197255067399194217080\",\"name\":\"C\u0103lin Pop\",\"image\":{\"@type\":\"ImageObject\",\"@id\":\"https:\/\/ski-outdoor.ro\/outdoor\/#personlogo\",\"inLanguage\":\"ro-RO\",\"url\":\"https:\/\/secure.gravatar.com\/avatar\/44fa4e362161e127dec2a82f7585cbd5?s=96&d=mm&r=g\",\"contentUrl\":\"https:\/\/secure.gravatar.com\/avatar\/44fa4e362161e127dec2a82f7585cbd5?s=96&d=mm&r=g\",\"caption\":\"C\u0103lin Pop\"},\"url\":\"https:\/\/ski-outdoor.ro\/outdoor\/author\/calinpop\/\"}]}<\/script>\n<!-- \/ Yoast SEO plugin. -->","yoast_head_json":{"title":"\u201e\u021ainutul Buz\u0103ului\u201d, cu vulcanii noroio\u0219i \u0219i trovan\u021bii de la Ulmet, a fost declarat geoparc interna\u021bional UNESCO - Outdoor Magazine","description":"\u201e\u021ainutul Buz\u0103ului\u201d, cu vulcanii noroio\u0219i \u0219i trovan\u021bii de la Ulmet, a ob\u021binut miercuri validarea oficial\u0103 ca geoparc interna\u021bional UNESCO.","robots":{"index":"index","follow":"follow","max-snippet":"max-snippet:-1","max-image-preview":"max-image-preview:large","max-video-preview":"max-video-preview:-1"},"canonical":"https:\/\/ski-outdoor.ro\/outdoor\/2022\/04\/13\/tinutul-buzaului-cu-vulcanii-noroiosi-si-trovantii-de-la-ulmet-a-fost-declarat-geoparc-international-unesco\/","og_locale":"ro_RO","og_type":"article","og_title":"\u201e\u021ainutul Buz\u0103ului\u201d, cu vulcanii noroio\u0219i \u0219i trovan\u021bii de la Ulmet, a fost declarat geoparc interna\u021bional UNESCO - Outdoor Magazine","og_description":"\u201e\u021ainutul Buz\u0103ului\u201d, cu vulcanii noroio\u0219i \u0219i trovan\u021bii de la Ulmet, a ob\u021binut miercuri validarea oficial\u0103 ca geoparc interna\u021bional UNESCO.","og_url":"https:\/\/ski-outdoor.ro\/outdoor\/2022\/04\/13\/tinutul-buzaului-cu-vulcanii-noroiosi-si-trovantii-de-la-ulmet-a-fost-declarat-geoparc-international-unesco\/","og_site_name":"Outdoor Magazine","article_publisher":"https:\/\/www.facebook.com\/skiandoutdoormagazine","article_published_time":"2022-04-13T13:38:11+00:00","og_image":[{"width":2000,"height":1333,"url":"https:\/\/ski-outdoor.ro\/outdoor\/wp-content\/uploads\/sites\/4\/2021\/09\/tinutul-buzaului-1.jpg","type":"image\/jpeg"}],"twitter_card":"summary_large_image","twitter_misc":{"Scris de":"C\u0103lin Pop","Timp estimat pentru citire":"3 minute"},"schema":{"@context":"https:\/\/schema.org","@graph":[{"@type":"Organization","@id":"https:\/\/ski-outdoor.ro\/outdoor\/#organization","name":"Ski & Outdoor Magazine","url":"https:\/\/ski-outdoor.ro\/outdoor\/","sameAs":["https:\/\/www.facebook.com\/skiandoutdoormagazine"],"logo":{"@type":"ImageObject","@id":"https:\/\/ski-outdoor.ro\/outdoor\/#logo","inLanguage":"ro-RO","url":"https:\/\/ski-outdoor.ro\/outdoor\/wp-content\/uploads\/sites\/4\/2019\/05\/logo-e1557923623153.png","contentUrl":"https:\/\/ski-outdoor.ro\/outdoor\/wp-content\/uploads\/sites\/4\/2019\/05\/logo-e1557923623153.png","width":600,"height":165,"caption":"Ski & Outdoor Magazine"},"image":{"@id":"https:\/\/ski-outdoor.ro\/outdoor\/#logo"}},{"@type":"WebSite","@id":"https:\/\/ski-outdoor.ro\/outdoor\/#website","url":"https:\/\/ski-outdoor.ro\/outdoor\/","name":"Outdoor Magazine","description":"","publisher":{"@id":"https:\/\/ski-outdoor.ro\/outdoor\/#organization"},"potentialAction":[{"@type":"SearchAction","target":{"@type":"EntryPoint","urlTemplate":"https:\/\/ski-outdoor.ro\/outdoor\/?s={search_term_string}"},"query-input":"required name=search_term_string"}],"inLanguage":"ro-RO"},{"@type":"ImageObject","@id":"https:\/\/ski-outdoor.ro\/outdoor\/2022\/04\/13\/tinutul-buzaului-cu-vulcanii-noroiosi-si-trovantii-de-la-ulmet-a-fost-declarat-geoparc-international-unesco\/#primaryimage","inLanguage":"ro-RO","url":"https:\/\/ski-outdoor.ro\/outdoor\/wp-content\/uploads\/sites\/4\/2021\/09\/tinutul-buzaului-1.jpg","contentUrl":"https:\/\/ski-outdoor.ro\/outdoor\/wp-content\/uploads\/sites\/4\/2021\/09\/tinutul-buzaului-1.jpg","width":2000,"height":1333},{"@type":"WebPage","@id":"https:\/\/ski-outdoor.ro\/outdoor\/2022\/04\/13\/tinutul-buzaului-cu-vulcanii-noroiosi-si-trovantii-de-la-ulmet-a-fost-declarat-geoparc-international-unesco\/#webpage","url":"https:\/\/ski-outdoor.ro\/outdoor\/2022\/04\/13\/tinutul-buzaului-cu-vulcanii-noroiosi-si-trovantii-de-la-ulmet-a-fost-declarat-geoparc-international-unesco\/","name":"\u201e\u021ainutul Buz\u0103ului\u201d, cu vulcanii noroio\u0219i \u0219i trovan\u021bii de la Ulmet, a fost declarat geoparc interna\u021bional UNESCO - Outdoor Magazine","isPartOf":{"@id":"https:\/\/ski-outdoor.ro\/outdoor\/#website"},"primaryImageOfPage":{"@id":"https:\/\/ski-outdoor.ro\/outdoor\/2022\/04\/13\/tinutul-buzaului-cu-vulcanii-noroiosi-si-trovantii-de-la-ulmet-a-fost-declarat-geoparc-international-unesco\/#primaryimage"},"datePublished":"2022-04-13T13:38:11+00:00","dateModified":"2022-04-13T13:38:11+00:00","description":"\u201e\u021ainutul Buz\u0103ului\u201d, cu vulcanii noroio\u0219i \u0219i trovan\u021bii de la Ulmet, a ob\u021binut miercuri validarea oficial\u0103 ca geoparc interna\u021bional UNESCO.","breadcrumb":{"@id":"https:\/\/ski-outdoor.ro\/outdoor\/2022\/04\/13\/tinutul-buzaului-cu-vulcanii-noroiosi-si-trovantii-de-la-ulmet-a-fost-declarat-geoparc-international-unesco\/#breadcrumb"},"inLanguage":"ro-RO","potentialAction":[{"@type":"ReadAction","target":["https:\/\/ski-outdoor.ro\/outdoor\/2022\/04\/13\/tinutul-buzaului-cu-vulcanii-noroiosi-si-trovantii-de-la-ulmet-a-fost-declarat-geoparc-international-unesco\/"]}]},{"@type":"BreadcrumbList","@id":"https:\/\/ski-outdoor.ro\/outdoor\/2022\/04\/13\/tinutul-buzaului-cu-vulcanii-noroiosi-si-trovantii-de-la-ulmet-a-fost-declarat-geoparc-international-unesco\/#breadcrumb","itemListElement":[{"@type":"ListItem","position":1,"name":"Home","item":"https:\/\/ski-outdoor.ro\/outdoor\/"},{"@type":"ListItem","position":2,"name":"\u201e\u021ainutul Buz\u0103ului\u201d, cu vulcanii noroio\u0219i \u0219i trovan\u021bii de la Ulmet, a fost declarat geoparc interna\u021bional UNESCO"}]},{"@type":"Article","@id":"https:\/\/ski-outdoor.ro\/outdoor\/2022\/04\/13\/tinutul-buzaului-cu-vulcanii-noroiosi-si-trovantii-de-la-ulmet-a-fost-declarat-geoparc-international-unesco\/#article","isPartOf":{"@id":"https:\/\/ski-outdoor.ro\/outdoor\/2022\/04\/13\/tinutul-buzaului-cu-vulcanii-noroiosi-si-trovantii-de-la-ulmet-a-fost-declarat-geoparc-international-unesco\/#webpage"},"author":{"@id":"https:\/\/ski-outdoor.ro\/outdoor\/#\/schema\/person\/3d8c2382a34197255067399194217080"},"headline":"\u201e\u021ainutul Buz\u0103ului\u201d, cu vulcanii noroio\u0219i \u0219i trovan\u021bii de la Ulmet, a fost declarat geoparc interna\u021bional UNESCO","datePublished":"2022-04-13T13:38:11+00:00","dateModified":"2022-04-13T13:38:11+00:00","mainEntityOfPage":{"@id":"https:\/\/ski-outdoor.ro\/outdoor\/2022\/04\/13\/tinutul-buzaului-cu-vulcanii-noroiosi-si-trovantii-de-la-ulmet-a-fost-declarat-geoparc-international-unesco\/#webpage"},"wordCount":621,"commentCount":0,"publisher":{"@id":"https:\/\/ski-outdoor.ro\/outdoor\/#organization"},"image":{"@id":"https:\/\/ski-outdoor.ro\/outdoor\/2022\/04\/13\/tinutul-buzaului-cu-vulcanii-noroiosi-si-trovantii-de-la-ulmet-a-fost-declarat-geoparc-international-unesco\/#primaryimage"},"thumbnailUrl":"https:\/\/ski-outdoor.ro\/outdoor\/wp-content\/uploads\/sites\/4\/2021\/09\/tinutul-buzaului-1.jpg","keywords":["geoparc","\u021binutul buz\u0103ului","unesco","vulcani noroio\u0219i"],"articleSection":["Actualit\u0103\u021bi"],"inLanguage":"ro-RO","potentialAction":[{"@type":"CommentAction","name":"Comment","target":["https:\/\/ski-outdoor.ro\/outdoor\/2022\/04\/13\/tinutul-buzaului-cu-vulcanii-noroiosi-si-trovantii-de-la-ulmet-a-fost-declarat-geoparc-international-unesco\/#respond"]}]},{"@type":"Person","@id":"https:\/\/ski-outdoor.ro\/outdoor\/#\/schema\/person\/3d8c2382a34197255067399194217080","name":"C\u0103lin Pop","image":{"@type":"ImageObject","@id":"https:\/\/ski-outdoor.ro\/outdoor\/#personlogo","inLanguage":"ro-RO","url":"https:\/\/secure.gravatar.com\/avatar\/44fa4e362161e127dec2a82f7585cbd5?s=96&d=mm&r=g","contentUrl":"https:\/\/secure.gravatar.com\/avatar\/44fa4e362161e127dec2a82f7585cbd5?s=96&d=mm&r=g","caption":"C\u0103lin Pop"},"url":"https:\/\/ski-outdoor.ro\/outdoor\/author\/calinpop\/"}]}},"_links":{"self":[{"href":"https:\/\/ski-outdoor.ro\/outdoor\/wp-json\/wp\/v2\/posts\/8046"}],"collection":[{"href":"https:\/\/ski-outdoor.ro\/outdoor\/wp-json\/wp\/v2\/posts"}],"about":[{"href":"https:\/\/ski-outdoor.ro\/outdoor\/wp-json\/wp\/v2\/types\/post"}],"author":[{"embeddable":true,"href":"https:\/\/ski-outdoor.ro\/outdoor\/wp-json\/wp\/v2\/users\/23"}],"replies":[{"embeddable":true,"href":"https:\/\/ski-outdoor.ro\/outdoor\/wp-json\/wp\/v2\/comments?post=8046"}],"version-history":[{"count":1,"href":"https:\/\/ski-outdoor.ro\/outdoor\/wp-json\/wp\/v2\/posts\/8046\/revisions"}],"predecessor-version":[{"id":8047,"href":"https:\/\/ski-outdoor.ro\/outdoor\/wp-json\/wp\/v2\/posts\/8046\/revisions\/8047"}],"wp:featuredmedia":[{"embeddable":true,"href":"https:\/\/ski-outdoor.ro\/outdoor\/wp-json\/wp\/v2\/media\/7274"}],"wp:attachment":[{"href":"https:\/\/ski-outdoor.ro\/outdoor\/wp-json\/wp\/v2\/media?parent=8046"}],"wp:term":[{"taxonomy":"category","embeddable":true,"href":"https:\/\/ski-outdoor.ro\/outdoor\/wp-json\/wp\/v2\/categories?post=8046"},{"taxonomy":"post_tag","embeddable":true,"href":"https:\/\/ski-outdoor.ro\/outdoor\/wp-json\/wp\/v2\/tags?post=8046"}],"curies":[{"name":"wp","href":"https:\/\/api.w.org\/{rel}","templated":true}]}}