{"id":8134,"date":"2022-04-28T08:20:05","date_gmt":"2022-04-28T08:20:05","guid":{"rendered":"https:\/\/ski-outdoor.ro\/outdoor\/?p=8134"},"modified":"2022-04-28T08:20:05","modified_gmt":"2022-04-28T08:20:05","slug":"e-iarna-la-munte-turiste-cu-pantofi-de-vara-ajutate-de-salvamontisti-pe-traseul-babele-crucea-eroilor","status":"publish","type":"post","link":"https:\/\/ski-outdoor.ro\/outdoor\/2022\/04\/28\/e-iarna-la-munte-turiste-cu-pantofi-de-vara-ajutate-de-salvamontisti-pe-traseul-babele-crucea-eroilor\/","title":{"rendered":"E iarn\u0103 la munte. Turiste cu pantofi de var\u0103, ajutate de salvamonti\u0219ti pe traseul Babele-Crucea Eroilor"},"content":{"rendered":"<p><strong>Salvamonti\u0219tii din Prahova atrag aten\u021bia c\u0103 \u00een zonele de munte este \u00eenc\u0103 iarn\u0103 \u0219i z\u0103pad\u0103. \u00cen doar 3 ore, salvamonti\u0219tii au ajutat dou\u0103 femei care purtau pantofi de var\u0103 pe trasee montane.<\/strong><\/p>\n<p><img loading=\"lazy\" class=\"alignnone wp-image-8137 size-full\" src=\"https:\/\/ski-outdoor.ro\/outdoor\/wp-content\/uploads\/sites\/4\/2022\/04\/busteni-3.jpg\" alt=\"\" width=\"960\" height=\"720\" srcset=\"https:\/\/ski-outdoor.ro\/outdoor\/wp-content\/uploads\/sites\/4\/2022\/04\/busteni-3.jpg 960w, https:\/\/ski-outdoor.ro\/outdoor\/wp-content\/uploads\/sites\/4\/2022\/04\/busteni-3-300x225.jpg 300w, https:\/\/ski-outdoor.ro\/outdoor\/wp-content\/uploads\/sites\/4\/2022\/04\/busteni-3-768x576.jpg 768w, https:\/\/ski-outdoor.ro\/outdoor\/wp-content\/uploads\/sites\/4\/2022\/04\/busteni-3-370x278.jpg 370w, https:\/\/ski-outdoor.ro\/outdoor\/wp-content\/uploads\/sites\/4\/2022\/04\/busteni-3-570x428.jpg 570w, https:\/\/ski-outdoor.ro\/outdoor\/wp-content\/uploads\/sites\/4\/2022\/04\/busteni-3-770x578.jpg 770w, https:\/\/ski-outdoor.ro\/outdoor\/wp-content\/uploads\/sites\/4\/2022\/04\/busteni-3-773x580.jpg 773w\" sizes=\"(max-width: 960px) 100vw, 960px\" \/><\/p>\n<p>Salvamonti\u0219tii spun c\u0103 iarna nu a trecut \u00een zonele montane \u0219i c\u0103 un traseu relativ u\u0219or pentru cei antrena\u021bi \u0219i bine echipa\u021bi poate s\u0103 pun\u0103 mari probleme \u201ecelor care nu prea au leg\u0103tur\u0103 cu muntele&#8230;\u201d.<\/p>\n<p>\u00cen doar trei ore, salvatorii montani din Bu\u0219teni \u0219i Prahova au intervenit \u00een dou\u0103 cazuri aproape identice.<\/p>\n<p><img loading=\"lazy\" class=\"alignnone wp-image-8136 size-full\" src=\"https:\/\/ski-outdoor.ro\/outdoor\/wp-content\/uploads\/sites\/4\/2022\/04\/busteni-2.jpg\" alt=\"\" width=\"960\" height=\"720\" srcset=\"https:\/\/ski-outdoor.ro\/outdoor\/wp-content\/uploads\/sites\/4\/2022\/04\/busteni-2.jpg 960w, https:\/\/ski-outdoor.ro\/outdoor\/wp-content\/uploads\/sites\/4\/2022\/04\/busteni-2-300x225.jpg 300w, https:\/\/ski-outdoor.ro\/outdoor\/wp-content\/uploads\/sites\/4\/2022\/04\/busteni-2-768x576.jpg 768w, https:\/\/ski-outdoor.ro\/outdoor\/wp-content\/uploads\/sites\/4\/2022\/04\/busteni-2-370x278.jpg 370w, https:\/\/ski-outdoor.ro\/outdoor\/wp-content\/uploads\/sites\/4\/2022\/04\/busteni-2-570x428.jpg 570w, https:\/\/ski-outdoor.ro\/outdoor\/wp-content\/uploads\/sites\/4\/2022\/04\/busteni-2-770x578.jpg 770w, https:\/\/ski-outdoor.ro\/outdoor\/wp-content\/uploads\/sites\/4\/2022\/04\/busteni-2-773x580.jpg 773w\" sizes=\"(max-width: 960px) 100vw, 960px\" \/><\/p>\n<p>Pe traseul Babele &#8211; Crucea Eroilor, o femeie de 46 de ani a r\u0103mas descul\u021b\u0103 in z\u0103pada care pe alocuri dep\u0103\u0219e\u0219te un metru grosime.<\/p>\n<blockquote><p><em>\u201ePentru c\u0103 a venit echipat\u0103 cu ghetu\u021be de strad\u0103 pur si simplu i-a c\u0103zut talpa. A mers \u00een ciorapi, p\u00e2n\u0103 i-au \u00eenghe\u021bat picioarele \u0219i, c\u00e2nd nu a mai putut, a sunat dup\u0103 ajutor\u201d<\/em>, spun salvatorii.<\/p><\/blockquote>\n<p>Dup\u0103 numai c\u00e2teva minute de la primul caz, o alt\u0103 femeie de 46 de ani a suferit o epuizare fizic\u0103 pe acelasi traseu. Aceasta inten\u021biona s\u0103 ajung\u0103 la Cruce cu fiul ei, dar erau \u00eenc\u0103l\u021ba\u021bi cu pantofi sport de var\u0103.<\/p>\n<p><img loading=\"lazy\" class=\"alignnone wp-image-8135 size-full\" src=\"https:\/\/ski-outdoor.ro\/outdoor\/wp-content\/uploads\/sites\/4\/2022\/04\/busteni-1.jpg\" alt=\"\" width=\"720\" height=\"960\" srcset=\"https:\/\/ski-outdoor.ro\/outdoor\/wp-content\/uploads\/sites\/4\/2022\/04\/busteni-1.jpg 720w, https:\/\/ski-outdoor.ro\/outdoor\/wp-content\/uploads\/sites\/4\/2022\/04\/busteni-1-225x300.jpg 225w, https:\/\/ski-outdoor.ro\/outdoor\/wp-content\/uploads\/sites\/4\/2022\/04\/busteni-1-370x493.jpg 370w, https:\/\/ski-outdoor.ro\/outdoor\/wp-content\/uploads\/sites\/4\/2022\/04\/busteni-1-570x760.jpg 570w, https:\/\/ski-outdoor.ro\/outdoor\/wp-content\/uploads\/sites\/4\/2022\/04\/busteni-1-435x580.jpg 435w\" sizes=\"(max-width: 720px) 100vw, 720px\" \/><\/p>\n<blockquote><p><em>\u201eDin fericire ambele cazuri s-au terminat cu bine si noi sper\u0103m ca victimele au \u00eenv\u0103\u021bat ceva din aceste&#8230; &lt;\u00eent\u00e2mpl\u0103ri&gt;\u201d<\/em>, spun salvamonti\u0219tii.<\/p><\/blockquote>\n<p><em>Scris de: C\u0103lin Pop<\/em><\/p>\n<p><em>Foto: Facebook\/<a href=\"https:\/\/www.facebook.com\/Salvamont-Busteni-834188349992434\/\" target=\"_blank\" rel=\"noopener\">Salvamont Bu\u0219teni<\/a><\/em><\/p>\n","protected":false},"excerpt":{"rendered":"<p>Salvamonti\u0219tii din Prahova atrag aten\u021bia c\u0103 \u00een zonele de munte este \u00eenc\u0103 iarn\u0103 \u0219i z\u0103pad\u0103. \u00cen doar 3 ore, salvamonti\u0219tii&#8230;<\/p>\n","protected":false},"author":23,"featured_media":8137,"comment_status":"open","ping_status":"open","sticky":false,"template":"","format":"standard","meta":[],"categories":[1817],"tags":[569,3111,79,304,3325,633,417,3223],"yoast_head":"<!-- This site is optimized with the Yoast SEO plugin v18.4.1 - https:\/\/yoast.com\/wordpress\/plugins\/seo\/ -->\n<title>E iarn\u0103 la munte. Turiste cu pantofi de var\u0103, ajutate de salvamonti\u0219ti pe traseul Babele-Crucea Eroilor - Outdoor Magazine<\/title>\n<meta name=\"description\" content=\"Salvamonti\u0219tii atrag aten\u021bia c\u0103 la munte este \u00eenc\u0103 iarn\u0103 \u0219i z\u0103pad\u0103. Ace\u0219tia au ajutat dou\u0103 femei care purtau pantofi de var\u0103 pe munte.\" \/>\n<meta name=\"robots\" content=\"index, follow, max-snippet:-1, max-image-preview:large, max-video-preview:-1\" \/>\n<link rel=\"canonical\" href=\"https:\/\/ski-outdoor.ro\/outdoor\/2022\/04\/28\/e-iarna-la-munte-turiste-cu-pantofi-de-vara-ajutate-de-salvamontisti-pe-traseul-babele-crucea-eroilor\/\" \/>\n<meta property=\"og:locale\" content=\"ro_RO\" \/>\n<meta property=\"og:type\" content=\"article\" \/>\n<meta property=\"og:title\" content=\"E iarn\u0103 la munte. Turiste cu pantofi de var\u0103, ajutate de salvamonti\u0219ti pe traseul Babele-Crucea Eroilor - Outdoor Magazine\" \/>\n<meta property=\"og:description\" content=\"Salvamonti\u0219tii atrag aten\u021bia c\u0103 la munte este \u00eenc\u0103 iarn\u0103 \u0219i z\u0103pad\u0103. Ace\u0219tia au ajutat dou\u0103 femei care purtau pantofi de var\u0103 pe munte.\" \/>\n<meta property=\"og:url\" content=\"https:\/\/ski-outdoor.ro\/outdoor\/2022\/04\/28\/e-iarna-la-munte-turiste-cu-pantofi-de-vara-ajutate-de-salvamontisti-pe-traseul-babele-crucea-eroilor\/\" \/>\n<meta property=\"og:site_name\" content=\"Outdoor Magazine\" \/>\n<meta property=\"article:publisher\" content=\"https:\/\/www.facebook.com\/skiandoutdoormagazine\" \/>\n<meta property=\"article:published_time\" content=\"2022-04-28T08:20:05+00:00\" \/>\n<meta property=\"og:image\" content=\"https:\/\/ski-outdoor.ro\/outdoor\/wp-content\/uploads\/sites\/4\/2022\/04\/busteni-3.jpg\" \/>\n\t<meta property=\"og:image:width\" content=\"960\" \/>\n\t<meta property=\"og:image:height\" content=\"720\" \/>\n\t<meta property=\"og:image:type\" content=\"image\/jpeg\" \/>\n<meta name=\"twitter:card\" content=\"summary_large_image\" \/>\n<meta name=\"twitter:label1\" content=\"Scris de\" \/>\n\t<meta name=\"twitter:data1\" content=\"C\u0103lin Pop\" \/>\n\t<meta name=\"twitter:label2\" content=\"Timp estimat pentru citire\" \/>\n\t<meta name=\"twitter:data2\" content=\"1 minut\" \/>\n<script type=\"application\/ld+json\" class=\"yoast-schema-graph\">{\"@context\":\"https:\/\/schema.org\",\"@graph\":[{\"@type\":\"Organization\",\"@id\":\"https:\/\/ski-outdoor.ro\/outdoor\/#organization\",\"name\":\"Ski & Outdoor Magazine\",\"url\":\"https:\/\/ski-outdoor.ro\/outdoor\/\",\"sameAs\":[\"https:\/\/www.facebook.com\/skiandoutdoormagazine\"],\"logo\":{\"@type\":\"ImageObject\",\"@id\":\"https:\/\/ski-outdoor.ro\/outdoor\/#logo\",\"inLanguage\":\"ro-RO\",\"url\":\"https:\/\/ski-outdoor.ro\/outdoor\/wp-content\/uploads\/sites\/4\/2019\/05\/logo-e1557923623153.png\",\"contentUrl\":\"https:\/\/ski-outdoor.ro\/outdoor\/wp-content\/uploads\/sites\/4\/2019\/05\/logo-e1557923623153.png\",\"width\":600,\"height\":165,\"caption\":\"Ski & Outdoor Magazine\"},\"image\":{\"@id\":\"https:\/\/ski-outdoor.ro\/outdoor\/#logo\"}},{\"@type\":\"WebSite\",\"@id\":\"https:\/\/ski-outdoor.ro\/outdoor\/#website\",\"url\":\"https:\/\/ski-outdoor.ro\/outdoor\/\",\"name\":\"Outdoor Magazine\",\"description\":\"\",\"publisher\":{\"@id\":\"https:\/\/ski-outdoor.ro\/outdoor\/#organization\"},\"potentialAction\":[{\"@type\":\"SearchAction\",\"target\":{\"@type\":\"EntryPoint\",\"urlTemplate\":\"https:\/\/ski-outdoor.ro\/outdoor\/?s={search_term_string}\"},\"query-input\":\"required name=search_term_string\"}],\"inLanguage\":\"ro-RO\"},{\"@type\":\"ImageObject\",\"@id\":\"https:\/\/ski-outdoor.ro\/outdoor\/2022\/04\/28\/e-iarna-la-munte-turiste-cu-pantofi-de-vara-ajutate-de-salvamontisti-pe-traseul-babele-crucea-eroilor\/#primaryimage\",\"inLanguage\":\"ro-RO\",\"url\":\"https:\/\/ski-outdoor.ro\/outdoor\/wp-content\/uploads\/sites\/4\/2022\/04\/busteni-3.jpg\",\"contentUrl\":\"https:\/\/ski-outdoor.ro\/outdoor\/wp-content\/uploads\/sites\/4\/2022\/04\/busteni-3.jpg\",\"width\":960,\"height\":720},{\"@type\":\"WebPage\",\"@id\":\"https:\/\/ski-outdoor.ro\/outdoor\/2022\/04\/28\/e-iarna-la-munte-turiste-cu-pantofi-de-vara-ajutate-de-salvamontisti-pe-traseul-babele-crucea-eroilor\/#webpage\",\"url\":\"https:\/\/ski-outdoor.ro\/outdoor\/2022\/04\/28\/e-iarna-la-munte-turiste-cu-pantofi-de-vara-ajutate-de-salvamontisti-pe-traseul-babele-crucea-eroilor\/\",\"name\":\"E iarn\u0103 la munte. Turiste cu pantofi de var\u0103, ajutate de salvamonti\u0219ti pe traseul Babele-Crucea Eroilor - Outdoor Magazine\",\"isPartOf\":{\"@id\":\"https:\/\/ski-outdoor.ro\/outdoor\/#website\"},\"primaryImageOfPage\":{\"@id\":\"https:\/\/ski-outdoor.ro\/outdoor\/2022\/04\/28\/e-iarna-la-munte-turiste-cu-pantofi-de-vara-ajutate-de-salvamontisti-pe-traseul-babele-crucea-eroilor\/#primaryimage\"},\"datePublished\":\"2022-04-28T08:20:05+00:00\",\"dateModified\":\"2022-04-28T08:20:05+00:00\",\"description\":\"Salvamonti\u0219tii atrag aten\u021bia c\u0103 la munte este \u00eenc\u0103 iarn\u0103 \u0219i z\u0103pad\u0103. Ace\u0219tia au ajutat dou\u0103 femei care purtau pantofi de var\u0103 pe munte.\",\"breadcrumb\":{\"@id\":\"https:\/\/ski-outdoor.ro\/outdoor\/2022\/04\/28\/e-iarna-la-munte-turiste-cu-pantofi-de-vara-ajutate-de-salvamontisti-pe-traseul-babele-crucea-eroilor\/#breadcrumb\"},\"inLanguage\":\"ro-RO\",\"potentialAction\":[{\"@type\":\"ReadAction\",\"target\":[\"https:\/\/ski-outdoor.ro\/outdoor\/2022\/04\/28\/e-iarna-la-munte-turiste-cu-pantofi-de-vara-ajutate-de-salvamontisti-pe-traseul-babele-crucea-eroilor\/\"]}]},{\"@type\":\"BreadcrumbList\",\"@id\":\"https:\/\/ski-outdoor.ro\/outdoor\/2022\/04\/28\/e-iarna-la-munte-turiste-cu-pantofi-de-vara-ajutate-de-salvamontisti-pe-traseul-babele-crucea-eroilor\/#breadcrumb\",\"itemListElement\":[{\"@type\":\"ListItem\",\"position\":1,\"name\":\"Home\",\"item\":\"https:\/\/ski-outdoor.ro\/outdoor\/\"},{\"@type\":\"ListItem\",\"position\":2,\"name\":\"E iarn\u0103 la munte. Turiste cu pantofi de var\u0103, ajutate de salvamonti\u0219ti pe traseul Babele-Crucea Eroilor\"}]},{\"@type\":\"Article\",\"@id\":\"https:\/\/ski-outdoor.ro\/outdoor\/2022\/04\/28\/e-iarna-la-munte-turiste-cu-pantofi-de-vara-ajutate-de-salvamontisti-pe-traseul-babele-crucea-eroilor\/#article\",\"isPartOf\":{\"@id\":\"https:\/\/ski-outdoor.ro\/outdoor\/2022\/04\/28\/e-iarna-la-munte-turiste-cu-pantofi-de-vara-ajutate-de-salvamontisti-pe-traseul-babele-crucea-eroilor\/#webpage\"},\"author\":{\"@id\":\"https:\/\/ski-outdoor.ro\/outdoor\/#\/schema\/person\/3d8c2382a34197255067399194217080\"},\"headline\":\"E iarn\u0103 la munte. Turiste cu pantofi de var\u0103, ajutate de salvamonti\u0219ti pe traseul Babele-Crucea Eroilor\",\"datePublished\":\"2022-04-28T08:20:05+00:00\",\"dateModified\":\"2022-04-28T08:20:05+00:00\",\"mainEntityOfPage\":{\"@id\":\"https:\/\/ski-outdoor.ro\/outdoor\/2022\/04\/28\/e-iarna-la-munte-turiste-cu-pantofi-de-vara-ajutate-de-salvamontisti-pe-traseul-babele-crucea-eroilor\/#webpage\"},\"wordCount\":259,\"commentCount\":0,\"publisher\":{\"@id\":\"https:\/\/ski-outdoor.ro\/outdoor\/#organization\"},\"image\":{\"@id\":\"https:\/\/ski-outdoor.ro\/outdoor\/2022\/04\/28\/e-iarna-la-munte-turiste-cu-pantofi-de-vara-ajutate-de-salvamontisti-pe-traseul-babele-crucea-eroilor\/#primaryimage\"},\"thumbnailUrl\":\"https:\/\/ski-outdoor.ro\/outdoor\/wp-content\/uploads\/sites\/4\/2022\/04\/busteni-3.jpg\",\"keywords\":[\"busteni\",\"femei\",\"munte\",\"pantofi\",\"prahova\",\"salvamontisti\",\"vara\",\"z\u0103pad\u0103\"],\"articleSection\":[\"Actualit\u0103\u021bi\"],\"inLanguage\":\"ro-RO\",\"potentialAction\":[{\"@type\":\"CommentAction\",\"name\":\"Comment\",\"target\":[\"https:\/\/ski-outdoor.ro\/outdoor\/2022\/04\/28\/e-iarna-la-munte-turiste-cu-pantofi-de-vara-ajutate-de-salvamontisti-pe-traseul-babele-crucea-eroilor\/#respond\"]}]},{\"@type\":\"Person\",\"@id\":\"https:\/\/ski-outdoor.ro\/outdoor\/#\/schema\/person\/3d8c2382a34197255067399194217080\",\"name\":\"C\u0103lin Pop\",\"image\":{\"@type\":\"ImageObject\",\"@id\":\"https:\/\/ski-outdoor.ro\/outdoor\/#personlogo\",\"inLanguage\":\"ro-RO\",\"url\":\"https:\/\/secure.gravatar.com\/avatar\/44fa4e362161e127dec2a82f7585cbd5?s=96&d=mm&r=g\",\"contentUrl\":\"https:\/\/secure.gravatar.com\/avatar\/44fa4e362161e127dec2a82f7585cbd5?s=96&d=mm&r=g\",\"caption\":\"C\u0103lin Pop\"},\"url\":\"https:\/\/ski-outdoor.ro\/outdoor\/author\/calinpop\/\"}]}<\/script>\n<!-- \/ Yoast SEO plugin. -->","yoast_head_json":{"title":"E iarn\u0103 la munte. Turiste cu pantofi de var\u0103, ajutate de salvamonti\u0219ti pe traseul Babele-Crucea Eroilor - Outdoor Magazine","description":"Salvamonti\u0219tii atrag aten\u021bia c\u0103 la munte este \u00eenc\u0103 iarn\u0103 \u0219i z\u0103pad\u0103. Ace\u0219tia au ajutat dou\u0103 femei care purtau pantofi de var\u0103 pe munte.","robots":{"index":"index","follow":"follow","max-snippet":"max-snippet:-1","max-image-preview":"max-image-preview:large","max-video-preview":"max-video-preview:-1"},"canonical":"https:\/\/ski-outdoor.ro\/outdoor\/2022\/04\/28\/e-iarna-la-munte-turiste-cu-pantofi-de-vara-ajutate-de-salvamontisti-pe-traseul-babele-crucea-eroilor\/","og_locale":"ro_RO","og_type":"article","og_title":"E iarn\u0103 la munte. Turiste cu pantofi de var\u0103, ajutate de salvamonti\u0219ti pe traseul Babele-Crucea Eroilor - Outdoor Magazine","og_description":"Salvamonti\u0219tii atrag aten\u021bia c\u0103 la munte este \u00eenc\u0103 iarn\u0103 \u0219i z\u0103pad\u0103. Ace\u0219tia au ajutat dou\u0103 femei care purtau pantofi de var\u0103 pe munte.","og_url":"https:\/\/ski-outdoor.ro\/outdoor\/2022\/04\/28\/e-iarna-la-munte-turiste-cu-pantofi-de-vara-ajutate-de-salvamontisti-pe-traseul-babele-crucea-eroilor\/","og_site_name":"Outdoor Magazine","article_publisher":"https:\/\/www.facebook.com\/skiandoutdoormagazine","article_published_time":"2022-04-28T08:20:05+00:00","og_image":[{"width":960,"height":720,"url":"https:\/\/ski-outdoor.ro\/outdoor\/wp-content\/uploads\/sites\/4\/2022\/04\/busteni-3.jpg","type":"image\/jpeg"}],"twitter_card":"summary_large_image","twitter_misc":{"Scris de":"C\u0103lin Pop","Timp estimat pentru citire":"1 minut"},"schema":{"@context":"https:\/\/schema.org","@graph":[{"@type":"Organization","@id":"https:\/\/ski-outdoor.ro\/outdoor\/#organization","name":"Ski & Outdoor Magazine","url":"https:\/\/ski-outdoor.ro\/outdoor\/","sameAs":["https:\/\/www.facebook.com\/skiandoutdoormagazine"],"logo":{"@type":"ImageObject","@id":"https:\/\/ski-outdoor.ro\/outdoor\/#logo","inLanguage":"ro-RO","url":"https:\/\/ski-outdoor.ro\/outdoor\/wp-content\/uploads\/sites\/4\/2019\/05\/logo-e1557923623153.png","contentUrl":"https:\/\/ski-outdoor.ro\/outdoor\/wp-content\/uploads\/sites\/4\/2019\/05\/logo-e1557923623153.png","width":600,"height":165,"caption":"Ski & Outdoor Magazine"},"image":{"@id":"https:\/\/ski-outdoor.ro\/outdoor\/#logo"}},{"@type":"WebSite","@id":"https:\/\/ski-outdoor.ro\/outdoor\/#website","url":"https:\/\/ski-outdoor.ro\/outdoor\/","name":"Outdoor Magazine","description":"","publisher":{"@id":"https:\/\/ski-outdoor.ro\/outdoor\/#organization"},"potentialAction":[{"@type":"SearchAction","target":{"@type":"EntryPoint","urlTemplate":"https:\/\/ski-outdoor.ro\/outdoor\/?s={search_term_string}"},"query-input":"required name=search_term_string"}],"inLanguage":"ro-RO"},{"@type":"ImageObject","@id":"https:\/\/ski-outdoor.ro\/outdoor\/2022\/04\/28\/e-iarna-la-munte-turiste-cu-pantofi-de-vara-ajutate-de-salvamontisti-pe-traseul-babele-crucea-eroilor\/#primaryimage","inLanguage":"ro-RO","url":"https:\/\/ski-outdoor.ro\/outdoor\/wp-content\/uploads\/sites\/4\/2022\/04\/busteni-3.jpg","contentUrl":"https:\/\/ski-outdoor.ro\/outdoor\/wp-content\/uploads\/sites\/4\/2022\/04\/busteni-3.jpg","width":960,"height":720},{"@type":"WebPage","@id":"https:\/\/ski-outdoor.ro\/outdoor\/2022\/04\/28\/e-iarna-la-munte-turiste-cu-pantofi-de-vara-ajutate-de-salvamontisti-pe-traseul-babele-crucea-eroilor\/#webpage","url":"https:\/\/ski-outdoor.ro\/outdoor\/2022\/04\/28\/e-iarna-la-munte-turiste-cu-pantofi-de-vara-ajutate-de-salvamontisti-pe-traseul-babele-crucea-eroilor\/","name":"E iarn\u0103 la munte. Turiste cu pantofi de var\u0103, ajutate de salvamonti\u0219ti pe traseul Babele-Crucea Eroilor - Outdoor Magazine","isPartOf":{"@id":"https:\/\/ski-outdoor.ro\/outdoor\/#website"},"primaryImageOfPage":{"@id":"https:\/\/ski-outdoor.ro\/outdoor\/2022\/04\/28\/e-iarna-la-munte-turiste-cu-pantofi-de-vara-ajutate-de-salvamontisti-pe-traseul-babele-crucea-eroilor\/#primaryimage"},"datePublished":"2022-04-28T08:20:05+00:00","dateModified":"2022-04-28T08:20:05+00:00","description":"Salvamonti\u0219tii atrag aten\u021bia c\u0103 la munte este \u00eenc\u0103 iarn\u0103 \u0219i z\u0103pad\u0103. Ace\u0219tia au ajutat dou\u0103 femei care purtau pantofi de var\u0103 pe munte.","breadcrumb":{"@id":"https:\/\/ski-outdoor.ro\/outdoor\/2022\/04\/28\/e-iarna-la-munte-turiste-cu-pantofi-de-vara-ajutate-de-salvamontisti-pe-traseul-babele-crucea-eroilor\/#breadcrumb"},"inLanguage":"ro-RO","potentialAction":[{"@type":"ReadAction","target":["https:\/\/ski-outdoor.ro\/outdoor\/2022\/04\/28\/e-iarna-la-munte-turiste-cu-pantofi-de-vara-ajutate-de-salvamontisti-pe-traseul-babele-crucea-eroilor\/"]}]},{"@type":"BreadcrumbList","@id":"https:\/\/ski-outdoor.ro\/outdoor\/2022\/04\/28\/e-iarna-la-munte-turiste-cu-pantofi-de-vara-ajutate-de-salvamontisti-pe-traseul-babele-crucea-eroilor\/#breadcrumb","itemListElement":[{"@type":"ListItem","position":1,"name":"Home","item":"https:\/\/ski-outdoor.ro\/outdoor\/"},{"@type":"ListItem","position":2,"name":"E iarn\u0103 la munte. Turiste cu pantofi de var\u0103, ajutate de salvamonti\u0219ti pe traseul Babele-Crucea Eroilor"}]},{"@type":"Article","@id":"https:\/\/ski-outdoor.ro\/outdoor\/2022\/04\/28\/e-iarna-la-munte-turiste-cu-pantofi-de-vara-ajutate-de-salvamontisti-pe-traseul-babele-crucea-eroilor\/#article","isPartOf":{"@id":"https:\/\/ski-outdoor.ro\/outdoor\/2022\/04\/28\/e-iarna-la-munte-turiste-cu-pantofi-de-vara-ajutate-de-salvamontisti-pe-traseul-babele-crucea-eroilor\/#webpage"},"author":{"@id":"https:\/\/ski-outdoor.ro\/outdoor\/#\/schema\/person\/3d8c2382a34197255067399194217080"},"headline":"E iarn\u0103 la munte. Turiste cu pantofi de var\u0103, ajutate de salvamonti\u0219ti pe traseul Babele-Crucea Eroilor","datePublished":"2022-04-28T08:20:05+00:00","dateModified":"2022-04-28T08:20:05+00:00","mainEntityOfPage":{"@id":"https:\/\/ski-outdoor.ro\/outdoor\/2022\/04\/28\/e-iarna-la-munte-turiste-cu-pantofi-de-vara-ajutate-de-salvamontisti-pe-traseul-babele-crucea-eroilor\/#webpage"},"wordCount":259,"commentCount":0,"publisher":{"@id":"https:\/\/ski-outdoor.ro\/outdoor\/#organization"},"image":{"@id":"https:\/\/ski-outdoor.ro\/outdoor\/2022\/04\/28\/e-iarna-la-munte-turiste-cu-pantofi-de-vara-ajutate-de-salvamontisti-pe-traseul-babele-crucea-eroilor\/#primaryimage"},"thumbnailUrl":"https:\/\/ski-outdoor.ro\/outdoor\/wp-content\/uploads\/sites\/4\/2022\/04\/busteni-3.jpg","keywords":["busteni","femei","munte","pantofi","prahova","salvamontisti","vara","z\u0103pad\u0103"],"articleSection":["Actualit\u0103\u021bi"],"inLanguage":"ro-RO","potentialAction":[{"@type":"CommentAction","name":"Comment","target":["https:\/\/ski-outdoor.ro\/outdoor\/2022\/04\/28\/e-iarna-la-munte-turiste-cu-pantofi-de-vara-ajutate-de-salvamontisti-pe-traseul-babele-crucea-eroilor\/#respond"]}]},{"@type":"Person","@id":"https:\/\/ski-outdoor.ro\/outdoor\/#\/schema\/person\/3d8c2382a34197255067399194217080","name":"C\u0103lin Pop","image":{"@type":"ImageObject","@id":"https:\/\/ski-outdoor.ro\/outdoor\/#personlogo","inLanguage":"ro-RO","url":"https:\/\/secure.gravatar.com\/avatar\/44fa4e362161e127dec2a82f7585cbd5?s=96&d=mm&r=g","contentUrl":"https:\/\/secure.gravatar.com\/avatar\/44fa4e362161e127dec2a82f7585cbd5?s=96&d=mm&r=g","caption":"C\u0103lin Pop"},"url":"https:\/\/ski-outdoor.ro\/outdoor\/author\/calinpop\/"}]}},"_links":{"self":[{"href":"https:\/\/ski-outdoor.ro\/outdoor\/wp-json\/wp\/v2\/posts\/8134"}],"collection":[{"href":"https:\/\/ski-outdoor.ro\/outdoor\/wp-json\/wp\/v2\/posts"}],"about":[{"href":"https:\/\/ski-outdoor.ro\/outdoor\/wp-json\/wp\/v2\/types\/post"}],"author":[{"embeddable":true,"href":"https:\/\/ski-outdoor.ro\/outdoor\/wp-json\/wp\/v2\/users\/23"}],"replies":[{"embeddable":true,"href":"https:\/\/ski-outdoor.ro\/outdoor\/wp-json\/wp\/v2\/comments?post=8134"}],"version-history":[{"count":1,"href":"https:\/\/ski-outdoor.ro\/outdoor\/wp-json\/wp\/v2\/posts\/8134\/revisions"}],"predecessor-version":[{"id":8138,"href":"https:\/\/ski-outdoor.ro\/outdoor\/wp-json\/wp\/v2\/posts\/8134\/revisions\/8138"}],"wp:featuredmedia":[{"embeddable":true,"href":"https:\/\/ski-outdoor.ro\/outdoor\/wp-json\/wp\/v2\/media\/8137"}],"wp:attachment":[{"href":"https:\/\/ski-outdoor.ro\/outdoor\/wp-json\/wp\/v2\/media?parent=8134"}],"wp:term":[{"taxonomy":"category","embeddable":true,"href":"https:\/\/ski-outdoor.ro\/outdoor\/wp-json\/wp\/v2\/categories?post=8134"},{"taxonomy":"post_tag","embeddable":true,"href":"https:\/\/ski-outdoor.ro\/outdoor\/wp-json\/wp\/v2\/tags?post=8134"}],"curies":[{"name":"wp","href":"https:\/\/api.w.org\/{rel}","templated":true}]}}