{"id":8203,"date":"2022-05-07T12:04:47","date_gmt":"2022-05-07T12:04:47","guid":{"rendered":"https:\/\/ski-outdoor.ro\/outdoor\/?p=8203"},"modified":"2022-05-07T12:06:20","modified_gmt":"2022-05-07T12:06:20","slug":"premiera-horia-colibasanu-a-urcat-pe-singurul-varf-neatins-de-romani","status":"publish","type":"post","link":"https:\/\/ski-outdoor.ro\/outdoor\/2022\/05\/07\/premiera-horia-colibasanu-a-urcat-pe-singurul-varf-neatins-de-romani\/","title":{"rendered":"PREMIER\u0102: Horia Colib\u0103\u0219anu a urcat pe singurul v\u00e2rf neatins de rom\u00e2ni!"},"content":{"rendered":"<p><strong>Alpinistul Horia Colib\u0103\u0219anu a urcat, \u00een jurul orei 12.00 (ora Rom\u00e2niei), pe v\u00e2rful Kangchenjunga, f\u0103r\u0103 oxigen suplimentar \u0219i a reu\u0219it premiera mult a\u0219teptat\u0103 pentru alpinismul rom\u00e2nesc! Horia a urcat astfel pe singurul munte de 8.000 de metri neatins p\u00e2n\u0103 acum de rom\u00e2ni, al treilea v\u00e2rf ca \u00een\u0103l\u021bime al planetei (8.586 m).<\/strong><\/p>\n<p>\u201dHoria a sunat dup\u0103 ce a cobor\u00e2t deja c\u00e2teva sute de metri, \u00een drumul lui de \u00eentoarcere spre Tab\u0103ra 4. A apucat s\u0103 transmit\u0103 prin telefonul-satelit c\u0103 traseul a fost foarte greu \u0219i obositor. Pe v\u00e2rf a f\u0103cut c\u00e2teva poze \u0219i a cobor\u00e2t rapid. Despre colegii s\u0103i, Marius Gane \u0219i Peter Hamor, \u0219tim c\u0103 sunt acum \u00een Tab\u0103ra 4, ei nereu\u0219ind s\u0103 ajung\u0103 ast\u0103zi pe v\u00e2rf. Revenim cu detalii despre ce urmeaz\u0103, de \u00eendat\u0103 ce le avem. S\u0103 le \u021binem pumnii \u00een continuare b\u0103ie\u021bilor!\u201d, scrie pe pagina oficial\u0103 a alpinistului Horia Colib\u0103\u0219anu.<\/p>\n<p>Horia Colib\u0103\u0219anu a plecat spre Nepal \u00een 5 aprilie, de unde a pornit expedi\u021bia \u00een Himalaya.<\/p>\n<p><em>Scris de: Bianca \u0218omlea<\/em><\/p>\n","protected":false},"excerpt":{"rendered":"<p>Alpinistul Horia Colib\u0103\u0219anu a urcat, \u00een jurul orei 12.00 (ora Rom\u00e2niei), pe v\u00e2rful Kangchenjunga, f\u0103r\u0103 oxigen suplimentar \u0219i a reu\u0219it&#8230;<\/p>\n","protected":false},"author":16,"featured_media":8204,"comment_status":"open","ping_status":"open","sticky":false,"template":"","format":"standard","meta":[],"categories":[1817,41,38],"tags":[],"yoast_head":"<!-- This site is optimized with the Yoast SEO plugin v18.4.1 - https:\/\/yoast.com\/wordpress\/plugins\/seo\/ -->\n<title>PREMIER\u0102: Horia Colib\u0103\u0219anu a urcat pe singurul v\u00e2rf neatins de rom\u00e2ni! - Outdoor Magazine<\/title>\n<meta name=\"description\" content=\"Alpinistul Horia Colib\u0103\u0219anu a urcat pe v\u00e2rful Kangchenjunga (\u00een jurul orei 12.00, ora Rom\u00e2niei), f\u0103r\u0103 oxigen suplimentar \u0219i a reu\u0219it premiera mult a\u0219teptat\u0103 pentru alpinismul rom\u00e2nesc! Horia a urcat astfel pe singurul munte de 8.000 de metri neatins p\u00e2n\u0103 acum de rom\u00e2ni, al treilea v\u00e2rf ca \u00een\u0103l\u021bime al planetei (8.586 m).\" \/>\n<meta name=\"robots\" content=\"index, follow, max-snippet:-1, max-image-preview:large, max-video-preview:-1\" \/>\n<link rel=\"canonical\" href=\"https:\/\/ski-outdoor.ro\/outdoor\/2022\/05\/07\/premiera-horia-colibasanu-a-urcat-pe-singurul-varf-neatins-de-romani\/\" \/>\n<meta property=\"og:locale\" content=\"ro_RO\" \/>\n<meta property=\"og:type\" content=\"article\" \/>\n<meta property=\"og:title\" content=\"PREMIER\u0102: Horia Colib\u0103\u0219anu a urcat pe singurul v\u00e2rf neatins de rom\u00e2ni! - Outdoor Magazine\" \/>\n<meta property=\"og:description\" content=\"Alpinistul Horia Colib\u0103\u0219anu a urcat pe v\u00e2rful Kangchenjunga (\u00een jurul orei 12.00, ora Rom\u00e2niei), f\u0103r\u0103 oxigen suplimentar \u0219i a reu\u0219it premiera mult a\u0219teptat\u0103 pentru alpinismul rom\u00e2nesc! Horia a urcat astfel pe singurul munte de 8.000 de metri neatins p\u00e2n\u0103 acum de rom\u00e2ni, al treilea v\u00e2rf ca \u00een\u0103l\u021bime al planetei (8.586 m).\" \/>\n<meta property=\"og:url\" content=\"https:\/\/ski-outdoor.ro\/outdoor\/2022\/05\/07\/premiera-horia-colibasanu-a-urcat-pe-singurul-varf-neatins-de-romani\/\" \/>\n<meta property=\"og:site_name\" content=\"Outdoor Magazine\" \/>\n<meta property=\"article:publisher\" content=\"https:\/\/www.facebook.com\/skiandoutdoormagazine\" \/>\n<meta property=\"article:published_time\" content=\"2022-05-07T12:04:47+00:00\" \/>\n<meta property=\"article:modified_time\" content=\"2022-05-07T12:06:20+00:00\" \/>\n<meta property=\"og:image\" content=\"https:\/\/ski-outdoor.ro\/outdoor\/wp-content\/uploads\/sites\/4\/2022\/05\/HORIA-COLIBASANU.jpeg\" \/>\n\t<meta property=\"og:image:width\" content=\"2048\" \/>\n\t<meta property=\"og:image:height\" content=\"1171\" \/>\n\t<meta property=\"og:image:type\" content=\"image\/jpeg\" \/>\n<meta name=\"twitter:card\" content=\"summary_large_image\" \/>\n<meta name=\"twitter:label1\" content=\"Scris de\" \/>\n\t<meta name=\"twitter:data1\" content=\"Bianca \u0218omlea\" \/>\n\t<meta name=\"twitter:label2\" content=\"Timp estimat pentru citire\" \/>\n\t<meta name=\"twitter:data2\" content=\"1 minut\" \/>\n<script type=\"application\/ld+json\" class=\"yoast-schema-graph\">{\"@context\":\"https:\/\/schema.org\",\"@graph\":[{\"@type\":\"Organization\",\"@id\":\"https:\/\/ski-outdoor.ro\/outdoor\/#organization\",\"name\":\"Ski & Outdoor Magazine\",\"url\":\"https:\/\/ski-outdoor.ro\/outdoor\/\",\"sameAs\":[\"https:\/\/www.facebook.com\/skiandoutdoormagazine\"],\"logo\":{\"@type\":\"ImageObject\",\"@id\":\"https:\/\/ski-outdoor.ro\/outdoor\/#logo\",\"inLanguage\":\"ro-RO\",\"url\":\"https:\/\/ski-outdoor.ro\/outdoor\/wp-content\/uploads\/sites\/4\/2019\/05\/logo-e1557923623153.png\",\"contentUrl\":\"https:\/\/ski-outdoor.ro\/outdoor\/wp-content\/uploads\/sites\/4\/2019\/05\/logo-e1557923623153.png\",\"width\":600,\"height\":165,\"caption\":\"Ski & Outdoor Magazine\"},\"image\":{\"@id\":\"https:\/\/ski-outdoor.ro\/outdoor\/#logo\"}},{\"@type\":\"WebSite\",\"@id\":\"https:\/\/ski-outdoor.ro\/outdoor\/#website\",\"url\":\"https:\/\/ski-outdoor.ro\/outdoor\/\",\"name\":\"Outdoor Magazine\",\"description\":\"\",\"publisher\":{\"@id\":\"https:\/\/ski-outdoor.ro\/outdoor\/#organization\"},\"potentialAction\":[{\"@type\":\"SearchAction\",\"target\":{\"@type\":\"EntryPoint\",\"urlTemplate\":\"https:\/\/ski-outdoor.ro\/outdoor\/?s={search_term_string}\"},\"query-input\":\"required name=search_term_string\"}],\"inLanguage\":\"ro-RO\"},{\"@type\":\"ImageObject\",\"@id\":\"https:\/\/ski-outdoor.ro\/outdoor\/2022\/05\/07\/premiera-horia-colibasanu-a-urcat-pe-singurul-varf-neatins-de-romani\/#primaryimage\",\"inLanguage\":\"ro-RO\",\"url\":\"https:\/\/ski-outdoor.ro\/outdoor\/wp-content\/uploads\/sites\/4\/2022\/05\/HORIA-COLIBASANU.jpeg\",\"contentUrl\":\"https:\/\/ski-outdoor.ro\/outdoor\/wp-content\/uploads\/sites\/4\/2022\/05\/HORIA-COLIBASANU.jpeg\",\"width\":2048,\"height\":1171,\"caption\":\"Horia Colib\u0103\u0219anu_Kangchenjunga\"},{\"@type\":\"WebPage\",\"@id\":\"https:\/\/ski-outdoor.ro\/outdoor\/2022\/05\/07\/premiera-horia-colibasanu-a-urcat-pe-singurul-varf-neatins-de-romani\/#webpage\",\"url\":\"https:\/\/ski-outdoor.ro\/outdoor\/2022\/05\/07\/premiera-horia-colibasanu-a-urcat-pe-singurul-varf-neatins-de-romani\/\",\"name\":\"PREMIER\u0102: Horia Colib\u0103\u0219anu a urcat pe singurul v\u00e2rf neatins de rom\u00e2ni! - Outdoor Magazine\",\"isPartOf\":{\"@id\":\"https:\/\/ski-outdoor.ro\/outdoor\/#website\"},\"primaryImageOfPage\":{\"@id\":\"https:\/\/ski-outdoor.ro\/outdoor\/2022\/05\/07\/premiera-horia-colibasanu-a-urcat-pe-singurul-varf-neatins-de-romani\/#primaryimage\"},\"datePublished\":\"2022-05-07T12:04:47+00:00\",\"dateModified\":\"2022-05-07T12:06:20+00:00\",\"description\":\"Alpinistul Horia Colib\u0103\u0219anu a urcat pe v\u00e2rful Kangchenjunga (\u00een jurul orei 12.00, ora Rom\u00e2niei), f\u0103r\u0103 oxigen suplimentar \u0219i a reu\u0219it premiera mult a\u0219teptat\u0103 pentru alpinismul rom\u00e2nesc! Horia a urcat astfel pe singurul munte de 8.000 de metri neatins p\u00e2n\u0103 acum de rom\u00e2ni, al treilea v\u00e2rf ca \u00een\u0103l\u021bime al planetei (8.586 m).\",\"breadcrumb\":{\"@id\":\"https:\/\/ski-outdoor.ro\/outdoor\/2022\/05\/07\/premiera-horia-colibasanu-a-urcat-pe-singurul-varf-neatins-de-romani\/#breadcrumb\"},\"inLanguage\":\"ro-RO\",\"potentialAction\":[{\"@type\":\"ReadAction\",\"target\":[\"https:\/\/ski-outdoor.ro\/outdoor\/2022\/05\/07\/premiera-horia-colibasanu-a-urcat-pe-singurul-varf-neatins-de-romani\/\"]}]},{\"@type\":\"BreadcrumbList\",\"@id\":\"https:\/\/ski-outdoor.ro\/outdoor\/2022\/05\/07\/premiera-horia-colibasanu-a-urcat-pe-singurul-varf-neatins-de-romani\/#breadcrumb\",\"itemListElement\":[{\"@type\":\"ListItem\",\"position\":1,\"name\":\"Home\",\"item\":\"https:\/\/ski-outdoor.ro\/outdoor\/\"},{\"@type\":\"ListItem\",\"position\":2,\"name\":\"PREMIER\u0102: Horia Colib\u0103\u0219anu a urcat pe singurul v\u00e2rf neatins de rom\u00e2ni!\"}]},{\"@type\":\"Article\",\"@id\":\"https:\/\/ski-outdoor.ro\/outdoor\/2022\/05\/07\/premiera-horia-colibasanu-a-urcat-pe-singurul-varf-neatins-de-romani\/#article\",\"isPartOf\":{\"@id\":\"https:\/\/ski-outdoor.ro\/outdoor\/2022\/05\/07\/premiera-horia-colibasanu-a-urcat-pe-singurul-varf-neatins-de-romani\/#webpage\"},\"author\":{\"@id\":\"https:\/\/ski-outdoor.ro\/outdoor\/#\/schema\/person\/29661f8d079aa10872d8edcf2a2a520b\"},\"headline\":\"PREMIER\u0102: Horia Colib\u0103\u0219anu a urcat pe singurul v\u00e2rf neatins de rom\u00e2ni!\",\"datePublished\":\"2022-05-07T12:04:47+00:00\",\"dateModified\":\"2022-05-07T12:06:20+00:00\",\"mainEntityOfPage\":{\"@id\":\"https:\/\/ski-outdoor.ro\/outdoor\/2022\/05\/07\/premiera-horia-colibasanu-a-urcat-pe-singurul-varf-neatins-de-romani\/#webpage\"},\"wordCount\":200,\"commentCount\":0,\"publisher\":{\"@id\":\"https:\/\/ski-outdoor.ro\/outdoor\/#organization\"},\"image\":{\"@id\":\"https:\/\/ski-outdoor.ro\/outdoor\/2022\/05\/07\/premiera-horia-colibasanu-a-urcat-pe-singurul-varf-neatins-de-romani\/#primaryimage\"},\"thumbnailUrl\":\"https:\/\/ski-outdoor.ro\/outdoor\/wp-content\/uploads\/sites\/4\/2022\/05\/HORIA-COLIBASANU.jpeg\",\"articleSection\":[\"Actualit\u0103\u021bi\",\"Inedit\",\"\u0218tiri\"],\"inLanguage\":\"ro-RO\",\"potentialAction\":[{\"@type\":\"CommentAction\",\"name\":\"Comment\",\"target\":[\"https:\/\/ski-outdoor.ro\/outdoor\/2022\/05\/07\/premiera-horia-colibasanu-a-urcat-pe-singurul-varf-neatins-de-romani\/#respond\"]}]},{\"@type\":\"Person\",\"@id\":\"https:\/\/ski-outdoor.ro\/outdoor\/#\/schema\/person\/29661f8d079aa10872d8edcf2a2a520b\",\"name\":\"Bianca \u0218omlea\",\"image\":{\"@type\":\"ImageObject\",\"@id\":\"https:\/\/ski-outdoor.ro\/outdoor\/#personlogo\",\"inLanguage\":\"ro-RO\",\"url\":\"https:\/\/secure.gravatar.com\/avatar\/b39a83203da3fc8888ded6e8052246ad?s=96&d=mm&r=g\",\"contentUrl\":\"https:\/\/secure.gravatar.com\/avatar\/b39a83203da3fc8888ded6e8052246ad?s=96&d=mm&r=g\",\"caption\":\"Bianca \u0218omlea\"},\"url\":\"https:\/\/ski-outdoor.ro\/outdoor\/author\/editorfb206\/\"}]}<\/script>\n<!-- \/ Yoast SEO plugin. -->","yoast_head_json":{"title":"PREMIER\u0102: Horia Colib\u0103\u0219anu a urcat pe singurul v\u00e2rf neatins de rom\u00e2ni! - Outdoor Magazine","description":"Alpinistul Horia Colib\u0103\u0219anu a urcat pe v\u00e2rful Kangchenjunga (\u00een jurul orei 12.00, ora Rom\u00e2niei), f\u0103r\u0103 oxigen suplimentar \u0219i a reu\u0219it premiera mult a\u0219teptat\u0103 pentru alpinismul rom\u00e2nesc! Horia a urcat astfel pe singurul munte de 8.000 de metri neatins p\u00e2n\u0103 acum de rom\u00e2ni, al treilea v\u00e2rf ca \u00een\u0103l\u021bime al planetei (8.586 m).","robots":{"index":"index","follow":"follow","max-snippet":"max-snippet:-1","max-image-preview":"max-image-preview:large","max-video-preview":"max-video-preview:-1"},"canonical":"https:\/\/ski-outdoor.ro\/outdoor\/2022\/05\/07\/premiera-horia-colibasanu-a-urcat-pe-singurul-varf-neatins-de-romani\/","og_locale":"ro_RO","og_type":"article","og_title":"PREMIER\u0102: Horia Colib\u0103\u0219anu a urcat pe singurul v\u00e2rf neatins de rom\u00e2ni! - Outdoor Magazine","og_description":"Alpinistul Horia Colib\u0103\u0219anu a urcat pe v\u00e2rful Kangchenjunga (\u00een jurul orei 12.00, ora Rom\u00e2niei), f\u0103r\u0103 oxigen suplimentar \u0219i a reu\u0219it premiera mult a\u0219teptat\u0103 pentru alpinismul rom\u00e2nesc! Horia a urcat astfel pe singurul munte de 8.000 de metri neatins p\u00e2n\u0103 acum de rom\u00e2ni, al treilea v\u00e2rf ca \u00een\u0103l\u021bime al planetei (8.586 m).","og_url":"https:\/\/ski-outdoor.ro\/outdoor\/2022\/05\/07\/premiera-horia-colibasanu-a-urcat-pe-singurul-varf-neatins-de-romani\/","og_site_name":"Outdoor Magazine","article_publisher":"https:\/\/www.facebook.com\/skiandoutdoormagazine","article_published_time":"2022-05-07T12:04:47+00:00","article_modified_time":"2022-05-07T12:06:20+00:00","og_image":[{"width":2048,"height":1171,"url":"https:\/\/ski-outdoor.ro\/outdoor\/wp-content\/uploads\/sites\/4\/2022\/05\/HORIA-COLIBASANU.jpeg","type":"image\/jpeg"}],"twitter_card":"summary_large_image","twitter_misc":{"Scris de":"Bianca \u0218omlea","Timp estimat pentru citire":"1 minut"},"schema":{"@context":"https:\/\/schema.org","@graph":[{"@type":"Organization","@id":"https:\/\/ski-outdoor.ro\/outdoor\/#organization","name":"Ski & Outdoor Magazine","url":"https:\/\/ski-outdoor.ro\/outdoor\/","sameAs":["https:\/\/www.facebook.com\/skiandoutdoormagazine"],"logo":{"@type":"ImageObject","@id":"https:\/\/ski-outdoor.ro\/outdoor\/#logo","inLanguage":"ro-RO","url":"https:\/\/ski-outdoor.ro\/outdoor\/wp-content\/uploads\/sites\/4\/2019\/05\/logo-e1557923623153.png","contentUrl":"https:\/\/ski-outdoor.ro\/outdoor\/wp-content\/uploads\/sites\/4\/2019\/05\/logo-e1557923623153.png","width":600,"height":165,"caption":"Ski & Outdoor Magazine"},"image":{"@id":"https:\/\/ski-outdoor.ro\/outdoor\/#logo"}},{"@type":"WebSite","@id":"https:\/\/ski-outdoor.ro\/outdoor\/#website","url":"https:\/\/ski-outdoor.ro\/outdoor\/","name":"Outdoor Magazine","description":"","publisher":{"@id":"https:\/\/ski-outdoor.ro\/outdoor\/#organization"},"potentialAction":[{"@type":"SearchAction","target":{"@type":"EntryPoint","urlTemplate":"https:\/\/ski-outdoor.ro\/outdoor\/?s={search_term_string}"},"query-input":"required name=search_term_string"}],"inLanguage":"ro-RO"},{"@type":"ImageObject","@id":"https:\/\/ski-outdoor.ro\/outdoor\/2022\/05\/07\/premiera-horia-colibasanu-a-urcat-pe-singurul-varf-neatins-de-romani\/#primaryimage","inLanguage":"ro-RO","url":"https:\/\/ski-outdoor.ro\/outdoor\/wp-content\/uploads\/sites\/4\/2022\/05\/HORIA-COLIBASANU.jpeg","contentUrl":"https:\/\/ski-outdoor.ro\/outdoor\/wp-content\/uploads\/sites\/4\/2022\/05\/HORIA-COLIBASANU.jpeg","width":2048,"height":1171,"caption":"Horia Colib\u0103\u0219anu_Kangchenjunga"},{"@type":"WebPage","@id":"https:\/\/ski-outdoor.ro\/outdoor\/2022\/05\/07\/premiera-horia-colibasanu-a-urcat-pe-singurul-varf-neatins-de-romani\/#webpage","url":"https:\/\/ski-outdoor.ro\/outdoor\/2022\/05\/07\/premiera-horia-colibasanu-a-urcat-pe-singurul-varf-neatins-de-romani\/","name":"PREMIER\u0102: Horia Colib\u0103\u0219anu a urcat pe singurul v\u00e2rf neatins de rom\u00e2ni! - Outdoor Magazine","isPartOf":{"@id":"https:\/\/ski-outdoor.ro\/outdoor\/#website"},"primaryImageOfPage":{"@id":"https:\/\/ski-outdoor.ro\/outdoor\/2022\/05\/07\/premiera-horia-colibasanu-a-urcat-pe-singurul-varf-neatins-de-romani\/#primaryimage"},"datePublished":"2022-05-07T12:04:47+00:00","dateModified":"2022-05-07T12:06:20+00:00","description":"Alpinistul Horia Colib\u0103\u0219anu a urcat pe v\u00e2rful Kangchenjunga (\u00een jurul orei 12.00, ora Rom\u00e2niei), f\u0103r\u0103 oxigen suplimentar \u0219i a reu\u0219it premiera mult a\u0219teptat\u0103 pentru alpinismul rom\u00e2nesc! Horia a urcat astfel pe singurul munte de 8.000 de metri neatins p\u00e2n\u0103 acum de rom\u00e2ni, al treilea v\u00e2rf ca \u00een\u0103l\u021bime al planetei (8.586 m).","breadcrumb":{"@id":"https:\/\/ski-outdoor.ro\/outdoor\/2022\/05\/07\/premiera-horia-colibasanu-a-urcat-pe-singurul-varf-neatins-de-romani\/#breadcrumb"},"inLanguage":"ro-RO","potentialAction":[{"@type":"ReadAction","target":["https:\/\/ski-outdoor.ro\/outdoor\/2022\/05\/07\/premiera-horia-colibasanu-a-urcat-pe-singurul-varf-neatins-de-romani\/"]}]},{"@type":"BreadcrumbList","@id":"https:\/\/ski-outdoor.ro\/outdoor\/2022\/05\/07\/premiera-horia-colibasanu-a-urcat-pe-singurul-varf-neatins-de-romani\/#breadcrumb","itemListElement":[{"@type":"ListItem","position":1,"name":"Home","item":"https:\/\/ski-outdoor.ro\/outdoor\/"},{"@type":"ListItem","position":2,"name":"PREMIER\u0102: Horia Colib\u0103\u0219anu a urcat pe singurul v\u00e2rf neatins de rom\u00e2ni!"}]},{"@type":"Article","@id":"https:\/\/ski-outdoor.ro\/outdoor\/2022\/05\/07\/premiera-horia-colibasanu-a-urcat-pe-singurul-varf-neatins-de-romani\/#article","isPartOf":{"@id":"https:\/\/ski-outdoor.ro\/outdoor\/2022\/05\/07\/premiera-horia-colibasanu-a-urcat-pe-singurul-varf-neatins-de-romani\/#webpage"},"author":{"@id":"https:\/\/ski-outdoor.ro\/outdoor\/#\/schema\/person\/29661f8d079aa10872d8edcf2a2a520b"},"headline":"PREMIER\u0102: Horia Colib\u0103\u0219anu a urcat pe singurul v\u00e2rf neatins de rom\u00e2ni!","datePublished":"2022-05-07T12:04:47+00:00","dateModified":"2022-05-07T12:06:20+00:00","mainEntityOfPage":{"@id":"https:\/\/ski-outdoor.ro\/outdoor\/2022\/05\/07\/premiera-horia-colibasanu-a-urcat-pe-singurul-varf-neatins-de-romani\/#webpage"},"wordCount":200,"commentCount":0,"publisher":{"@id":"https:\/\/ski-outdoor.ro\/outdoor\/#organization"},"image":{"@id":"https:\/\/ski-outdoor.ro\/outdoor\/2022\/05\/07\/premiera-horia-colibasanu-a-urcat-pe-singurul-varf-neatins-de-romani\/#primaryimage"},"thumbnailUrl":"https:\/\/ski-outdoor.ro\/outdoor\/wp-content\/uploads\/sites\/4\/2022\/05\/HORIA-COLIBASANU.jpeg","articleSection":["Actualit\u0103\u021bi","Inedit","\u0218tiri"],"inLanguage":"ro-RO","potentialAction":[{"@type":"CommentAction","name":"Comment","target":["https:\/\/ski-outdoor.ro\/outdoor\/2022\/05\/07\/premiera-horia-colibasanu-a-urcat-pe-singurul-varf-neatins-de-romani\/#respond"]}]},{"@type":"Person","@id":"https:\/\/ski-outdoor.ro\/outdoor\/#\/schema\/person\/29661f8d079aa10872d8edcf2a2a520b","name":"Bianca \u0218omlea","image":{"@type":"ImageObject","@id":"https:\/\/ski-outdoor.ro\/outdoor\/#personlogo","inLanguage":"ro-RO","url":"https:\/\/secure.gravatar.com\/avatar\/b39a83203da3fc8888ded6e8052246ad?s=96&d=mm&r=g","contentUrl":"https:\/\/secure.gravatar.com\/avatar\/b39a83203da3fc8888ded6e8052246ad?s=96&d=mm&r=g","caption":"Bianca \u0218omlea"},"url":"https:\/\/ski-outdoor.ro\/outdoor\/author\/editorfb206\/"}]}},"_links":{"self":[{"href":"https:\/\/ski-outdoor.ro\/outdoor\/wp-json\/wp\/v2\/posts\/8203"}],"collection":[{"href":"https:\/\/ski-outdoor.ro\/outdoor\/wp-json\/wp\/v2\/posts"}],"about":[{"href":"https:\/\/ski-outdoor.ro\/outdoor\/wp-json\/wp\/v2\/types\/post"}],"author":[{"embeddable":true,"href":"https:\/\/ski-outdoor.ro\/outdoor\/wp-json\/wp\/v2\/users\/16"}],"replies":[{"embeddable":true,"href":"https:\/\/ski-outdoor.ro\/outdoor\/wp-json\/wp\/v2\/comments?post=8203"}],"version-history":[{"count":4,"href":"https:\/\/ski-outdoor.ro\/outdoor\/wp-json\/wp\/v2\/posts\/8203\/revisions"}],"predecessor-version":[{"id":8208,"href":"https:\/\/ski-outdoor.ro\/outdoor\/wp-json\/wp\/v2\/posts\/8203\/revisions\/8208"}],"wp:featuredmedia":[{"embeddable":true,"href":"https:\/\/ski-outdoor.ro\/outdoor\/wp-json\/wp\/v2\/media\/8204"}],"wp:attachment":[{"href":"https:\/\/ski-outdoor.ro\/outdoor\/wp-json\/wp\/v2\/media?parent=8203"}],"wp:term":[{"taxonomy":"category","embeddable":true,"href":"https:\/\/ski-outdoor.ro\/outdoor\/wp-json\/wp\/v2\/categories?post=8203"},{"taxonomy":"post_tag","embeddable":true,"href":"https:\/\/ski-outdoor.ro\/outdoor\/wp-json\/wp\/v2\/tags?post=8203"}],"curies":[{"name":"wp","href":"https:\/\/api.w.org\/{rel}","templated":true}]}}