{"id":8293,"date":"2022-05-13T09:25:35","date_gmt":"2022-05-13T09:25:35","guid":{"rendered":"https:\/\/ski-outdoor.ro\/outdoor\/?p=8293"},"modified":"2022-05-13T09:25:35","modified_gmt":"2022-05-13T09:25:35","slug":"destinatie-de-weekend-au-inflorit-bujorii-din-parcul-national-muntii-macinului","status":"publish","type":"post","link":"https:\/\/ski-outdoor.ro\/outdoor\/2022\/05\/13\/destinatie-de-weekend-au-inflorit-bujorii-din-parcul-national-muntii-macinului\/","title":{"rendered":"Destina\u021bie de weekend: Au \u00eenflorit bujorii din Parcul Na\u021bional Mun\u021bii M\u0103cinului"},"content":{"rendered":"<p><strong>\u00cen Parcul Na\u021bional Mun\u021bii M\u0103cinului au \u00eenflorit \u00een aceast\u0103 perioad\u0103 bujorii, a anun\u021bat vineri Ministerul Mediului.<\/strong><\/p>\n<p><img loading=\"lazy\" class=\"alignnone wp-image-8294 size-full\" src=\"https:\/\/ski-outdoor.ro\/outdoor\/wp-content\/uploads\/sites\/4\/2022\/05\/bujori-1.jpg\" alt=\"\" width=\"960\" height=\"720\" srcset=\"https:\/\/ski-outdoor.ro\/outdoor\/wp-content\/uploads\/sites\/4\/2022\/05\/bujori-1.jpg 960w, https:\/\/ski-outdoor.ro\/outdoor\/wp-content\/uploads\/sites\/4\/2022\/05\/bujori-1-300x225.jpg 300w, https:\/\/ski-outdoor.ro\/outdoor\/wp-content\/uploads\/sites\/4\/2022\/05\/bujori-1-768x576.jpg 768w, https:\/\/ski-outdoor.ro\/outdoor\/wp-content\/uploads\/sites\/4\/2022\/05\/bujori-1-370x278.jpg 370w, https:\/\/ski-outdoor.ro\/outdoor\/wp-content\/uploads\/sites\/4\/2022\/05\/bujori-1-570x428.jpg 570w, https:\/\/ski-outdoor.ro\/outdoor\/wp-content\/uploads\/sites\/4\/2022\/05\/bujori-1-770x578.jpg 770w, https:\/\/ski-outdoor.ro\/outdoor\/wp-content\/uploads\/sites\/4\/2022\/05\/bujori-1-773x580.jpg 773w\" sizes=\"(max-width: 960px) 100vw, 960px\" \/><\/p>\n<p>Potrivit ministerului, bujorul rom\u00e2nesc (Paeonia peregrina) este o plant\u0103 peren\u0103 cu tulpin\u0103 \u00eenalt\u0103 de 30-50 de centimetri.<\/p>\n<p>Frunzele inferioare sunt divizate \u00een 17-30 segmente \u00eenguste cre\u00e2nd impresia c\u0103 v\u00e2rful frunzei foliolei este serat.<\/p>\n<p>Florile au diametrul de 7-13 cm, culoare ro\u0219u \u00eenchis, \u0219i sunt mai pu\u021bin larg deschise ca la alte specii.<\/p>\n<p><img loading=\"lazy\" class=\"alignnone wp-image-8296 size-full\" src=\"https:\/\/ski-outdoor.ro\/outdoor\/wp-content\/uploads\/sites\/4\/2022\/05\/bujori-3.jpg\" alt=\"\" width=\"960\" height=\"720\" srcset=\"https:\/\/ski-outdoor.ro\/outdoor\/wp-content\/uploads\/sites\/4\/2022\/05\/bujori-3.jpg 960w, https:\/\/ski-outdoor.ro\/outdoor\/wp-content\/uploads\/sites\/4\/2022\/05\/bujori-3-300x225.jpg 300w, https:\/\/ski-outdoor.ro\/outdoor\/wp-content\/uploads\/sites\/4\/2022\/05\/bujori-3-768x576.jpg 768w, https:\/\/ski-outdoor.ro\/outdoor\/wp-content\/uploads\/sites\/4\/2022\/05\/bujori-3-370x278.jpg 370w, https:\/\/ski-outdoor.ro\/outdoor\/wp-content\/uploads\/sites\/4\/2022\/05\/bujori-3-570x428.jpg 570w, https:\/\/ski-outdoor.ro\/outdoor\/wp-content\/uploads\/sites\/4\/2022\/05\/bujori-3-770x578.jpg 770w, https:\/\/ski-outdoor.ro\/outdoor\/wp-content\/uploads\/sites\/4\/2022\/05\/bujori-3-773x580.jpg 773w\" sizes=\"(max-width: 960px) 100vw, 960px\" \/><\/p>\n<p>Bujorul rom\u00e2nesc se g\u0103se\u0219te \u00een zona de step\u0103 p\u00e2n\u0103 \u00een zona p\u0103durilor de stejar din jude\u021bele Dolj, Giurgiu, Constan\u021ba, Tulcea \u0219i Vaslui. Este o specie protejat\u0103.<\/p>\n<p>Fotografiile postate de Ministerul Mediului au fost realizate de Sorin Alexandru Zaharia \u0219i Nicolae Carapancea din cadrul Administra\u021biei Parcului Na\u021bional Mun\u021bii M\u0103cinului.<\/p>\n<p><img loading=\"lazy\" class=\"alignnone wp-image-8295 size-full\" src=\"https:\/\/ski-outdoor.ro\/outdoor\/wp-content\/uploads\/sites\/4\/2022\/05\/bujori-2.jpg\" alt=\"\" width=\"960\" height=\"720\" srcset=\"https:\/\/ski-outdoor.ro\/outdoor\/wp-content\/uploads\/sites\/4\/2022\/05\/bujori-2.jpg 960w, https:\/\/ski-outdoor.ro\/outdoor\/wp-content\/uploads\/sites\/4\/2022\/05\/bujori-2-300x225.jpg 300w, https:\/\/ski-outdoor.ro\/outdoor\/wp-content\/uploads\/sites\/4\/2022\/05\/bujori-2-768x576.jpg 768w, https:\/\/ski-outdoor.ro\/outdoor\/wp-content\/uploads\/sites\/4\/2022\/05\/bujori-2-370x278.jpg 370w, https:\/\/ski-outdoor.ro\/outdoor\/wp-content\/uploads\/sites\/4\/2022\/05\/bujori-2-570x428.jpg 570w, https:\/\/ski-outdoor.ro\/outdoor\/wp-content\/uploads\/sites\/4\/2022\/05\/bujori-2-770x578.jpg 770w, https:\/\/ski-outdoor.ro\/outdoor\/wp-content\/uploads\/sites\/4\/2022\/05\/bujori-2-773x580.jpg 773w\" sizes=\"(max-width: 960px) 100vw, 960px\" \/><\/p>\n<p>Ministerul anun\u021b\u0103 c\u0103 data de 15 mai este ziua Bujorului rom\u00e2nesc.<\/p>\n<p><em>Scris de: C\u0103lin Pop<\/em><\/p>\n<p><em>Foto: Facebook\/<a href=\"https:\/\/www.facebook.com\/Mediu.Romania\" target=\"_blank\" rel=\"noopener\">Ministerul Mediului<\/a><\/em><\/p>\n","protected":false},"excerpt":{"rendered":"<p>\u00cen Parcul Na\u021bional Mun\u021bii M\u0103cinului au \u00eenflorit \u00een aceast\u0103 perioad\u0103 bujorii, a anun\u021bat vineri Ministerul Mediului. Potrivit ministerului, bujorul rom\u00e2nesc&#8230;<\/p>\n","protected":false},"author":23,"featured_media":8294,"comment_status":"open","ping_status":"open","sticky":false,"template":"","format":"standard","meta":[],"categories":[1817],"tags":[3518,3519,3218,3520],"yoast_head":"<!-- This site is optimized with the Yoast SEO plugin v18.4.1 - https:\/\/yoast.com\/wordpress\/plugins\/seo\/ -->\n<title>Destina\u021bie de weekend: Au \u00eenflorit bujorii din Parcul Na\u021bional Mun\u021bii M\u0103cinului - Outdoor Magazine<\/title>\n<meta name=\"description\" content=\"\u00cen Parcul Na\u021bional Mun\u021bii M\u0103cinului au \u00eenflorit \u00een aceast\u0103 perioad\u0103 bujorii, a anun\u021bat vineri Ministerul Mediului.\" \/>\n<meta name=\"robots\" content=\"index, follow, max-snippet:-1, max-image-preview:large, max-video-preview:-1\" \/>\n<link rel=\"canonical\" href=\"https:\/\/ski-outdoor.ro\/outdoor\/2022\/05\/13\/destinatie-de-weekend-au-inflorit-bujorii-din-parcul-national-muntii-macinului\/\" \/>\n<meta property=\"og:locale\" content=\"ro_RO\" \/>\n<meta property=\"og:type\" content=\"article\" \/>\n<meta property=\"og:title\" content=\"Destina\u021bie de weekend: Au \u00eenflorit bujorii din Parcul Na\u021bional Mun\u021bii M\u0103cinului - Outdoor Magazine\" \/>\n<meta property=\"og:description\" content=\"\u00cen Parcul Na\u021bional Mun\u021bii M\u0103cinului au \u00eenflorit \u00een aceast\u0103 perioad\u0103 bujorii, a anun\u021bat vineri Ministerul Mediului.\" \/>\n<meta property=\"og:url\" content=\"https:\/\/ski-outdoor.ro\/outdoor\/2022\/05\/13\/destinatie-de-weekend-au-inflorit-bujorii-din-parcul-national-muntii-macinului\/\" \/>\n<meta property=\"og:site_name\" content=\"Outdoor Magazine\" \/>\n<meta property=\"article:publisher\" content=\"https:\/\/www.facebook.com\/skiandoutdoormagazine\" \/>\n<meta property=\"article:published_time\" content=\"2022-05-13T09:25:35+00:00\" \/>\n<meta property=\"og:image\" content=\"https:\/\/ski-outdoor.ro\/outdoor\/wp-content\/uploads\/sites\/4\/2022\/05\/bujori-1.jpg\" \/>\n\t<meta property=\"og:image:width\" content=\"960\" \/>\n\t<meta property=\"og:image:height\" content=\"720\" \/>\n\t<meta property=\"og:image:type\" content=\"image\/jpeg\" \/>\n<meta name=\"twitter:card\" content=\"summary_large_image\" \/>\n<meta name=\"twitter:label1\" content=\"Scris de\" \/>\n\t<meta name=\"twitter:data1\" content=\"C\u0103lin Pop\" \/>\n\t<meta name=\"twitter:label2\" content=\"Timp estimat pentru citire\" \/>\n\t<meta name=\"twitter:data2\" content=\"1 minut\" \/>\n<script type=\"application\/ld+json\" class=\"yoast-schema-graph\">{\"@context\":\"https:\/\/schema.org\",\"@graph\":[{\"@type\":\"Organization\",\"@id\":\"https:\/\/ski-outdoor.ro\/outdoor\/#organization\",\"name\":\"Ski & Outdoor Magazine\",\"url\":\"https:\/\/ski-outdoor.ro\/outdoor\/\",\"sameAs\":[\"https:\/\/www.facebook.com\/skiandoutdoormagazine\"],\"logo\":{\"@type\":\"ImageObject\",\"@id\":\"https:\/\/ski-outdoor.ro\/outdoor\/#logo\",\"inLanguage\":\"ro-RO\",\"url\":\"https:\/\/ski-outdoor.ro\/outdoor\/wp-content\/uploads\/sites\/4\/2019\/05\/logo-e1557923623153.png\",\"contentUrl\":\"https:\/\/ski-outdoor.ro\/outdoor\/wp-content\/uploads\/sites\/4\/2019\/05\/logo-e1557923623153.png\",\"width\":600,\"height\":165,\"caption\":\"Ski & Outdoor Magazine\"},\"image\":{\"@id\":\"https:\/\/ski-outdoor.ro\/outdoor\/#logo\"}},{\"@type\":\"WebSite\",\"@id\":\"https:\/\/ski-outdoor.ro\/outdoor\/#website\",\"url\":\"https:\/\/ski-outdoor.ro\/outdoor\/\",\"name\":\"Outdoor Magazine\",\"description\":\"\",\"publisher\":{\"@id\":\"https:\/\/ski-outdoor.ro\/outdoor\/#organization\"},\"potentialAction\":[{\"@type\":\"SearchAction\",\"target\":{\"@type\":\"EntryPoint\",\"urlTemplate\":\"https:\/\/ski-outdoor.ro\/outdoor\/?s={search_term_string}\"},\"query-input\":\"required name=search_term_string\"}],\"inLanguage\":\"ro-RO\"},{\"@type\":\"ImageObject\",\"@id\":\"https:\/\/ski-outdoor.ro\/outdoor\/2022\/05\/13\/destinatie-de-weekend-au-inflorit-bujorii-din-parcul-national-muntii-macinului\/#primaryimage\",\"inLanguage\":\"ro-RO\",\"url\":\"https:\/\/ski-outdoor.ro\/outdoor\/wp-content\/uploads\/sites\/4\/2022\/05\/bujori-1.jpg\",\"contentUrl\":\"https:\/\/ski-outdoor.ro\/outdoor\/wp-content\/uploads\/sites\/4\/2022\/05\/bujori-1.jpg\",\"width\":960,\"height\":720},{\"@type\":\"WebPage\",\"@id\":\"https:\/\/ski-outdoor.ro\/outdoor\/2022\/05\/13\/destinatie-de-weekend-au-inflorit-bujorii-din-parcul-national-muntii-macinului\/#webpage\",\"url\":\"https:\/\/ski-outdoor.ro\/outdoor\/2022\/05\/13\/destinatie-de-weekend-au-inflorit-bujorii-din-parcul-national-muntii-macinului\/\",\"name\":\"Destina\u021bie de weekend: Au \u00eenflorit bujorii din Parcul Na\u021bional Mun\u021bii M\u0103cinului - Outdoor Magazine\",\"isPartOf\":{\"@id\":\"https:\/\/ski-outdoor.ro\/outdoor\/#website\"},\"primaryImageOfPage\":{\"@id\":\"https:\/\/ski-outdoor.ro\/outdoor\/2022\/05\/13\/destinatie-de-weekend-au-inflorit-bujorii-din-parcul-national-muntii-macinului\/#primaryimage\"},\"datePublished\":\"2022-05-13T09:25:35+00:00\",\"dateModified\":\"2022-05-13T09:25:35+00:00\",\"description\":\"\u00cen Parcul Na\u021bional Mun\u021bii M\u0103cinului au \u00eenflorit \u00een aceast\u0103 perioad\u0103 bujorii, a anun\u021bat vineri Ministerul Mediului.\",\"breadcrumb\":{\"@id\":\"https:\/\/ski-outdoor.ro\/outdoor\/2022\/05\/13\/destinatie-de-weekend-au-inflorit-bujorii-din-parcul-national-muntii-macinului\/#breadcrumb\"},\"inLanguage\":\"ro-RO\",\"potentialAction\":[{\"@type\":\"ReadAction\",\"target\":[\"https:\/\/ski-outdoor.ro\/outdoor\/2022\/05\/13\/destinatie-de-weekend-au-inflorit-bujorii-din-parcul-national-muntii-macinului\/\"]}]},{\"@type\":\"BreadcrumbList\",\"@id\":\"https:\/\/ski-outdoor.ro\/outdoor\/2022\/05\/13\/destinatie-de-weekend-au-inflorit-bujorii-din-parcul-national-muntii-macinului\/#breadcrumb\",\"itemListElement\":[{\"@type\":\"ListItem\",\"position\":1,\"name\":\"Home\",\"item\":\"https:\/\/ski-outdoor.ro\/outdoor\/\"},{\"@type\":\"ListItem\",\"position\":2,\"name\":\"Destina\u021bie de weekend: Au \u00eenflorit bujorii din Parcul Na\u021bional Mun\u021bii M\u0103cinului\"}]},{\"@type\":\"Article\",\"@id\":\"https:\/\/ski-outdoor.ro\/outdoor\/2022\/05\/13\/destinatie-de-weekend-au-inflorit-bujorii-din-parcul-national-muntii-macinului\/#article\",\"isPartOf\":{\"@id\":\"https:\/\/ski-outdoor.ro\/outdoor\/2022\/05\/13\/destinatie-de-weekend-au-inflorit-bujorii-din-parcul-national-muntii-macinului\/#webpage\"},\"author\":{\"@id\":\"https:\/\/ski-outdoor.ro\/outdoor\/#\/schema\/person\/3d8c2382a34197255067399194217080\"},\"headline\":\"Destina\u021bie de weekend: Au \u00eenflorit bujorii din Parcul Na\u021bional Mun\u021bii M\u0103cinului\",\"datePublished\":\"2022-05-13T09:25:35+00:00\",\"dateModified\":\"2022-05-13T09:25:35+00:00\",\"mainEntityOfPage\":{\"@id\":\"https:\/\/ski-outdoor.ro\/outdoor\/2022\/05\/13\/destinatie-de-weekend-au-inflorit-bujorii-din-parcul-national-muntii-macinului\/#webpage\"},\"wordCount\":171,\"commentCount\":0,\"publisher\":{\"@id\":\"https:\/\/ski-outdoor.ro\/outdoor\/#organization\"},\"image\":{\"@id\":\"https:\/\/ski-outdoor.ro\/outdoor\/2022\/05\/13\/destinatie-de-weekend-au-inflorit-bujorii-din-parcul-national-muntii-macinului\/#primaryimage\"},\"thumbnailUrl\":\"https:\/\/ski-outdoor.ro\/outdoor\/wp-content\/uploads\/sites\/4\/2022\/05\/bujori-1.jpg\",\"keywords\":[\"bujori\",\"\u00eenflorit\",\"Ministerul Mediului\",\"parcul na\u021bional mun\u021bii m\u0103cinului\"],\"articleSection\":[\"Actualit\u0103\u021bi\"],\"inLanguage\":\"ro-RO\",\"potentialAction\":[{\"@type\":\"CommentAction\",\"name\":\"Comment\",\"target\":[\"https:\/\/ski-outdoor.ro\/outdoor\/2022\/05\/13\/destinatie-de-weekend-au-inflorit-bujorii-din-parcul-national-muntii-macinului\/#respond\"]}]},{\"@type\":\"Person\",\"@id\":\"https:\/\/ski-outdoor.ro\/outdoor\/#\/schema\/person\/3d8c2382a34197255067399194217080\",\"name\":\"C\u0103lin Pop\",\"image\":{\"@type\":\"ImageObject\",\"@id\":\"https:\/\/ski-outdoor.ro\/outdoor\/#personlogo\",\"inLanguage\":\"ro-RO\",\"url\":\"https:\/\/secure.gravatar.com\/avatar\/44fa4e362161e127dec2a82f7585cbd5?s=96&d=mm&r=g\",\"contentUrl\":\"https:\/\/secure.gravatar.com\/avatar\/44fa4e362161e127dec2a82f7585cbd5?s=96&d=mm&r=g\",\"caption\":\"C\u0103lin Pop\"},\"url\":\"https:\/\/ski-outdoor.ro\/outdoor\/author\/calinpop\/\"}]}<\/script>\n<!-- \/ Yoast SEO plugin. -->","yoast_head_json":{"title":"Destina\u021bie de weekend: Au \u00eenflorit bujorii din Parcul Na\u021bional Mun\u021bii M\u0103cinului - Outdoor Magazine","description":"\u00cen Parcul Na\u021bional Mun\u021bii M\u0103cinului au \u00eenflorit \u00een aceast\u0103 perioad\u0103 bujorii, a anun\u021bat vineri Ministerul Mediului.","robots":{"index":"index","follow":"follow","max-snippet":"max-snippet:-1","max-image-preview":"max-image-preview:large","max-video-preview":"max-video-preview:-1"},"canonical":"https:\/\/ski-outdoor.ro\/outdoor\/2022\/05\/13\/destinatie-de-weekend-au-inflorit-bujorii-din-parcul-national-muntii-macinului\/","og_locale":"ro_RO","og_type":"article","og_title":"Destina\u021bie de weekend: Au \u00eenflorit bujorii din Parcul Na\u021bional Mun\u021bii M\u0103cinului - Outdoor Magazine","og_description":"\u00cen Parcul Na\u021bional Mun\u021bii M\u0103cinului au \u00eenflorit \u00een aceast\u0103 perioad\u0103 bujorii, a anun\u021bat vineri Ministerul Mediului.","og_url":"https:\/\/ski-outdoor.ro\/outdoor\/2022\/05\/13\/destinatie-de-weekend-au-inflorit-bujorii-din-parcul-national-muntii-macinului\/","og_site_name":"Outdoor Magazine","article_publisher":"https:\/\/www.facebook.com\/skiandoutdoormagazine","article_published_time":"2022-05-13T09:25:35+00:00","og_image":[{"width":960,"height":720,"url":"https:\/\/ski-outdoor.ro\/outdoor\/wp-content\/uploads\/sites\/4\/2022\/05\/bujori-1.jpg","type":"image\/jpeg"}],"twitter_card":"summary_large_image","twitter_misc":{"Scris de":"C\u0103lin Pop","Timp estimat pentru citire":"1 minut"},"schema":{"@context":"https:\/\/schema.org","@graph":[{"@type":"Organization","@id":"https:\/\/ski-outdoor.ro\/outdoor\/#organization","name":"Ski & Outdoor Magazine","url":"https:\/\/ski-outdoor.ro\/outdoor\/","sameAs":["https:\/\/www.facebook.com\/skiandoutdoormagazine"],"logo":{"@type":"ImageObject","@id":"https:\/\/ski-outdoor.ro\/outdoor\/#logo","inLanguage":"ro-RO","url":"https:\/\/ski-outdoor.ro\/outdoor\/wp-content\/uploads\/sites\/4\/2019\/05\/logo-e1557923623153.png","contentUrl":"https:\/\/ski-outdoor.ro\/outdoor\/wp-content\/uploads\/sites\/4\/2019\/05\/logo-e1557923623153.png","width":600,"height":165,"caption":"Ski & Outdoor Magazine"},"image":{"@id":"https:\/\/ski-outdoor.ro\/outdoor\/#logo"}},{"@type":"WebSite","@id":"https:\/\/ski-outdoor.ro\/outdoor\/#website","url":"https:\/\/ski-outdoor.ro\/outdoor\/","name":"Outdoor Magazine","description":"","publisher":{"@id":"https:\/\/ski-outdoor.ro\/outdoor\/#organization"},"potentialAction":[{"@type":"SearchAction","target":{"@type":"EntryPoint","urlTemplate":"https:\/\/ski-outdoor.ro\/outdoor\/?s={search_term_string}"},"query-input":"required name=search_term_string"}],"inLanguage":"ro-RO"},{"@type":"ImageObject","@id":"https:\/\/ski-outdoor.ro\/outdoor\/2022\/05\/13\/destinatie-de-weekend-au-inflorit-bujorii-din-parcul-national-muntii-macinului\/#primaryimage","inLanguage":"ro-RO","url":"https:\/\/ski-outdoor.ro\/outdoor\/wp-content\/uploads\/sites\/4\/2022\/05\/bujori-1.jpg","contentUrl":"https:\/\/ski-outdoor.ro\/outdoor\/wp-content\/uploads\/sites\/4\/2022\/05\/bujori-1.jpg","width":960,"height":720},{"@type":"WebPage","@id":"https:\/\/ski-outdoor.ro\/outdoor\/2022\/05\/13\/destinatie-de-weekend-au-inflorit-bujorii-din-parcul-national-muntii-macinului\/#webpage","url":"https:\/\/ski-outdoor.ro\/outdoor\/2022\/05\/13\/destinatie-de-weekend-au-inflorit-bujorii-din-parcul-national-muntii-macinului\/","name":"Destina\u021bie de weekend: Au \u00eenflorit bujorii din Parcul Na\u021bional Mun\u021bii M\u0103cinului - Outdoor Magazine","isPartOf":{"@id":"https:\/\/ski-outdoor.ro\/outdoor\/#website"},"primaryImageOfPage":{"@id":"https:\/\/ski-outdoor.ro\/outdoor\/2022\/05\/13\/destinatie-de-weekend-au-inflorit-bujorii-din-parcul-national-muntii-macinului\/#primaryimage"},"datePublished":"2022-05-13T09:25:35+00:00","dateModified":"2022-05-13T09:25:35+00:00","description":"\u00cen Parcul Na\u021bional Mun\u021bii M\u0103cinului au \u00eenflorit \u00een aceast\u0103 perioad\u0103 bujorii, a anun\u021bat vineri Ministerul Mediului.","breadcrumb":{"@id":"https:\/\/ski-outdoor.ro\/outdoor\/2022\/05\/13\/destinatie-de-weekend-au-inflorit-bujorii-din-parcul-national-muntii-macinului\/#breadcrumb"},"inLanguage":"ro-RO","potentialAction":[{"@type":"ReadAction","target":["https:\/\/ski-outdoor.ro\/outdoor\/2022\/05\/13\/destinatie-de-weekend-au-inflorit-bujorii-din-parcul-national-muntii-macinului\/"]}]},{"@type":"BreadcrumbList","@id":"https:\/\/ski-outdoor.ro\/outdoor\/2022\/05\/13\/destinatie-de-weekend-au-inflorit-bujorii-din-parcul-national-muntii-macinului\/#breadcrumb","itemListElement":[{"@type":"ListItem","position":1,"name":"Home","item":"https:\/\/ski-outdoor.ro\/outdoor\/"},{"@type":"ListItem","position":2,"name":"Destina\u021bie de weekend: Au \u00eenflorit bujorii din Parcul Na\u021bional Mun\u021bii M\u0103cinului"}]},{"@type":"Article","@id":"https:\/\/ski-outdoor.ro\/outdoor\/2022\/05\/13\/destinatie-de-weekend-au-inflorit-bujorii-din-parcul-national-muntii-macinului\/#article","isPartOf":{"@id":"https:\/\/ski-outdoor.ro\/outdoor\/2022\/05\/13\/destinatie-de-weekend-au-inflorit-bujorii-din-parcul-national-muntii-macinului\/#webpage"},"author":{"@id":"https:\/\/ski-outdoor.ro\/outdoor\/#\/schema\/person\/3d8c2382a34197255067399194217080"},"headline":"Destina\u021bie de weekend: Au \u00eenflorit bujorii din Parcul Na\u021bional Mun\u021bii M\u0103cinului","datePublished":"2022-05-13T09:25:35+00:00","dateModified":"2022-05-13T09:25:35+00:00","mainEntityOfPage":{"@id":"https:\/\/ski-outdoor.ro\/outdoor\/2022\/05\/13\/destinatie-de-weekend-au-inflorit-bujorii-din-parcul-national-muntii-macinului\/#webpage"},"wordCount":171,"commentCount":0,"publisher":{"@id":"https:\/\/ski-outdoor.ro\/outdoor\/#organization"},"image":{"@id":"https:\/\/ski-outdoor.ro\/outdoor\/2022\/05\/13\/destinatie-de-weekend-au-inflorit-bujorii-din-parcul-national-muntii-macinului\/#primaryimage"},"thumbnailUrl":"https:\/\/ski-outdoor.ro\/outdoor\/wp-content\/uploads\/sites\/4\/2022\/05\/bujori-1.jpg","keywords":["bujori","\u00eenflorit","Ministerul Mediului","parcul na\u021bional mun\u021bii m\u0103cinului"],"articleSection":["Actualit\u0103\u021bi"],"inLanguage":"ro-RO","potentialAction":[{"@type":"CommentAction","name":"Comment","target":["https:\/\/ski-outdoor.ro\/outdoor\/2022\/05\/13\/destinatie-de-weekend-au-inflorit-bujorii-din-parcul-national-muntii-macinului\/#respond"]}]},{"@type":"Person","@id":"https:\/\/ski-outdoor.ro\/outdoor\/#\/schema\/person\/3d8c2382a34197255067399194217080","name":"C\u0103lin Pop","image":{"@type":"ImageObject","@id":"https:\/\/ski-outdoor.ro\/outdoor\/#personlogo","inLanguage":"ro-RO","url":"https:\/\/secure.gravatar.com\/avatar\/44fa4e362161e127dec2a82f7585cbd5?s=96&d=mm&r=g","contentUrl":"https:\/\/secure.gravatar.com\/avatar\/44fa4e362161e127dec2a82f7585cbd5?s=96&d=mm&r=g","caption":"C\u0103lin Pop"},"url":"https:\/\/ski-outdoor.ro\/outdoor\/author\/calinpop\/"}]}},"_links":{"self":[{"href":"https:\/\/ski-outdoor.ro\/outdoor\/wp-json\/wp\/v2\/posts\/8293"}],"collection":[{"href":"https:\/\/ski-outdoor.ro\/outdoor\/wp-json\/wp\/v2\/posts"}],"about":[{"href":"https:\/\/ski-outdoor.ro\/outdoor\/wp-json\/wp\/v2\/types\/post"}],"author":[{"embeddable":true,"href":"https:\/\/ski-outdoor.ro\/outdoor\/wp-json\/wp\/v2\/users\/23"}],"replies":[{"embeddable":true,"href":"https:\/\/ski-outdoor.ro\/outdoor\/wp-json\/wp\/v2\/comments?post=8293"}],"version-history":[{"count":1,"href":"https:\/\/ski-outdoor.ro\/outdoor\/wp-json\/wp\/v2\/posts\/8293\/revisions"}],"predecessor-version":[{"id":8297,"href":"https:\/\/ski-outdoor.ro\/outdoor\/wp-json\/wp\/v2\/posts\/8293\/revisions\/8297"}],"wp:featuredmedia":[{"embeddable":true,"href":"https:\/\/ski-outdoor.ro\/outdoor\/wp-json\/wp\/v2\/media\/8294"}],"wp:attachment":[{"href":"https:\/\/ski-outdoor.ro\/outdoor\/wp-json\/wp\/v2\/media?parent=8293"}],"wp:term":[{"taxonomy":"category","embeddable":true,"href":"https:\/\/ski-outdoor.ro\/outdoor\/wp-json\/wp\/v2\/categories?post=8293"},{"taxonomy":"post_tag","embeddable":true,"href":"https:\/\/ski-outdoor.ro\/outdoor\/wp-json\/wp\/v2\/tags?post=8293"}],"curies":[{"name":"wp","href":"https:\/\/api.w.org\/{rel}","templated":true}]}}