{"id":8316,"date":"2022-05-16T18:49:46","date_gmt":"2022-05-16T18:49:46","guid":{"rendered":"https:\/\/ski-outdoor.ro\/outdoor\/?p=8316"},"modified":"2022-05-16T18:49:46","modified_gmt":"2022-05-16T18:49:46","slug":"gabriel-baicus-dupa-ce-a-urcat-doua-varfuri-in-putin-peste-24-de-ore-sunt-extrem-de-mandru","status":"publish","type":"post","link":"https:\/\/ski-outdoor.ro\/outdoor\/2022\/05\/16\/gabriel-baicus-dupa-ce-a-urcat-doua-varfuri-in-putin-peste-24-de-ore-sunt-extrem-de-mandru\/","title":{"rendered":"Gabriel B\u0103icu\u0219, dup\u0103 ce a urcat dou\u0103 v\u00e2rfuri \u00een pu\u021bin peste 24 de ore: Sunt extrem de m\u00e2ndru"},"content":{"rendered":"<p><strong>Alpinistul rom\u00e2n Gabriel B\u0103icu\u0219, care a urcat s\u00e2mb\u0103t\u0103 \u0219i duminic\u0103 pe Everest \u0219i Lhotse, spune c\u0103 este m\u00e2ndru de reu\u0219ita lui, de\u0219i nu a reu\u0219it s\u0103 ating\u0103 cele dou\u0103 v\u00e2rfuri \u00een 24 de ore, a\u0219a \u0219i-a propus.<\/strong><\/p>\n<p><img loading=\"lazy\" class=\"alignnone wp-image-8317 size-full\" src=\"https:\/\/ski-outdoor.ro\/outdoor\/wp-content\/uploads\/sites\/4\/2022\/05\/baicus-1.jpg\" alt=\"\" width=\"960\" height=\"720\" srcset=\"https:\/\/ski-outdoor.ro\/outdoor\/wp-content\/uploads\/sites\/4\/2022\/05\/baicus-1.jpg 960w, https:\/\/ski-outdoor.ro\/outdoor\/wp-content\/uploads\/sites\/4\/2022\/05\/baicus-1-300x225.jpg 300w, https:\/\/ski-outdoor.ro\/outdoor\/wp-content\/uploads\/sites\/4\/2022\/05\/baicus-1-768x576.jpg 768w, https:\/\/ski-outdoor.ro\/outdoor\/wp-content\/uploads\/sites\/4\/2022\/05\/baicus-1-370x278.jpg 370w, https:\/\/ski-outdoor.ro\/outdoor\/wp-content\/uploads\/sites\/4\/2022\/05\/baicus-1-570x428.jpg 570w, https:\/\/ski-outdoor.ro\/outdoor\/wp-content\/uploads\/sites\/4\/2022\/05\/baicus-1-770x578.jpg 770w, https:\/\/ski-outdoor.ro\/outdoor\/wp-content\/uploads\/sites\/4\/2022\/05\/baicus-1-773x580.jpg 773w\" sizes=\"(max-width: 960px) 100vw, 960px\" \/><\/p>\n<p>Gabriel B\u0103icu\u0219 spune c\u0103 a reu\u0219it s\u0103 \u00ee\u0219i \u00eendeplineasc\u0103 \u201emarele vis\u201d de a urca cel mai \u00eenalt v\u00e2rf din lume, Everest (8.848 m), \u0219i al patrulea din lume, Lhotse (8.516 m).<\/p>\n<blockquote><p><em>\u201eEste o premier\u0103 pentru mine \u0219i o premier\u0103 na\u021bional\u0103 de care sunt extrem de m\u00e2ndru \u0219i recunosc\u0103tor. \u0218i cred c\u0103 e doar \u00eenceputul\u201d<\/em>, a scris alpinistul pe Facebook.<\/p><\/blockquote>\n<p>El a urcat s\u00e2mb\u0103t\u0103 \u0219i duminic\u0103 pe Everest \u0219i Lhtotse, \u00een cadrul proiectului Dou\u0103 v\u00e2rfuri \u00een 24 de ore.<\/p>\n<blockquote><p><em>\u201eChiar dac\u0103 nu m-am \u00eencadrat \u00een cele 24h, pentru c\u0103 a\u0219a se a\u0219az\u0103 c\u00e2teodat\u0103 lucrurile, acest proiect este mai mult dec\u00e2t o reu\u0219it\u0103 personal\u0103, este o dep\u0103\u0219ire a limitelor care nu era posibil\u0103 f\u0103r\u0103 o echipa de oameni minuna\u021bi care m-au sus\u021binut \u00eenc\u0103 de pe vremea c\u00e2nd era doar o idee\u201d<\/em>, a mai scris B\u0103icu\u0219.<\/p><\/blockquote>\n<p><img loading=\"lazy\" class=\"alignnone wp-image-8318 size-full\" src=\"https:\/\/ski-outdoor.ro\/outdoor\/wp-content\/uploads\/sites\/4\/2022\/05\/baicus-1-1.jpg\" alt=\"\" width=\"720\" height=\"960\" srcset=\"https:\/\/ski-outdoor.ro\/outdoor\/wp-content\/uploads\/sites\/4\/2022\/05\/baicus-1-1.jpg 720w, https:\/\/ski-outdoor.ro\/outdoor\/wp-content\/uploads\/sites\/4\/2022\/05\/baicus-1-1-225x300.jpg 225w, https:\/\/ski-outdoor.ro\/outdoor\/wp-content\/uploads\/sites\/4\/2022\/05\/baicus-1-1-370x493.jpg 370w, https:\/\/ski-outdoor.ro\/outdoor\/wp-content\/uploads\/sites\/4\/2022\/05\/baicus-1-1-570x760.jpg 570w, https:\/\/ski-outdoor.ro\/outdoor\/wp-content\/uploads\/sites\/4\/2022\/05\/baicus-1-1-435x580.jpg 435w\" sizes=\"(max-width: 720px) 100vw, 720px\" \/><\/p>\n<p>\u00centrebat pe Facebook de ce nu a reu\u0219it s\u0103 ajung\u0103 \u00een 24 de pe ambele v\u00e2rfuri, acesta a spus:<\/p>\n<blockquote><p><em>\u201eOboseala, \u00een sensul c\u0103 nu am reu\u0219it s\u0103 m\u0103 trezesc la timp s\u0103 plec c\u0103tre al doilea v\u00e2rf. Am oprit alarma \u0219i am adormit la loc\u201d.<\/em><\/p><\/blockquote>\n<p>Detalii despre reu\u0219it lyui Gabriel B\u0103icu\u0219 pute\u021bi citi <a href=\"https:\/\/ski-outdoor.ro\/outdoor\/2022\/05\/14\/gabriel-baicus-a-ajuns-pe-everest-urmeaza-lhotse\/\" target=\"_blank\" rel=\"noopener\">aici<\/a> \u0219i <a href=\"https:\/\/ski-outdoor.ro\/outdoor\/2022\/05\/15\/gabriel-baicus-a-ajuns-duminica-pe-varful-lhotse-dupa-ce-sambata-a-cucerit-everestul\/\" target=\"_blank\" rel=\"noopener\">aici<\/a>.<\/p>\n<p>Scris de: C\u0103lin Pop<\/p>\n<p>Foto: Facebook\/<a href=\"https:\/\/www.facebook.com\/gabrielbaicus85\" target=\"_blank\" rel=\"noopener\">Gabriel B\u0103icu\u0219<\/a><\/p>\n","protected":false},"excerpt":{"rendered":"<p>Alpinistul rom\u00e2n Gabriel B\u0103icu\u0219, care a urcat s\u00e2mb\u0103t\u0103 \u0219i duminic\u0103 pe Everest \u0219i Lhotse, spune c\u0103 este m\u00e2ndru de reu\u0219ita&#8230;<\/p>\n","protected":false},"author":23,"featured_media":8317,"comment_status":"open","ping_status":"open","sticky":false,"template":"","format":"standard","meta":[],"categories":[1817],"tags":[943,2817,2821,217],"yoast_head":"<!-- This site is optimized with the Yoast SEO plugin v18.4.1 - https:\/\/yoast.com\/wordpress\/plugins\/seo\/ -->\n<title>Gabriel B\u0103icu\u0219, dup\u0103 ce a urcat dou\u0103 v\u00e2rfuri \u00een pu\u021bin peste 24 de ore: Sunt extrem de m\u00e2ndru - Outdoor Magazine<\/title>\n<meta name=\"description\" content=\"Alpinistul rom\u00e2n Gabriel B\u0103icu\u0219, care a urcat s\u00e2mb\u0103t\u0103 \u0219i duminic\u0103 pe Everest \u0219i Lhotse, spune c\u0103 este m\u00e2ndru de reu\u0219ita lui.\" \/>\n<meta name=\"robots\" content=\"index, follow, max-snippet:-1, max-image-preview:large, max-video-preview:-1\" \/>\n<link rel=\"canonical\" href=\"https:\/\/ski-outdoor.ro\/outdoor\/2022\/05\/16\/gabriel-baicus-dupa-ce-a-urcat-doua-varfuri-in-putin-peste-24-de-ore-sunt-extrem-de-mandru\/\" \/>\n<meta property=\"og:locale\" content=\"ro_RO\" \/>\n<meta property=\"og:type\" content=\"article\" \/>\n<meta property=\"og:title\" content=\"Gabriel B\u0103icu\u0219, dup\u0103 ce a urcat dou\u0103 v\u00e2rfuri \u00een pu\u021bin peste 24 de ore: Sunt extrem de m\u00e2ndru - Outdoor Magazine\" \/>\n<meta property=\"og:description\" content=\"Alpinistul rom\u00e2n Gabriel B\u0103icu\u0219, care a urcat s\u00e2mb\u0103t\u0103 \u0219i duminic\u0103 pe Everest \u0219i Lhotse, spune c\u0103 este m\u00e2ndru de reu\u0219ita lui.\" \/>\n<meta property=\"og:url\" content=\"https:\/\/ski-outdoor.ro\/outdoor\/2022\/05\/16\/gabriel-baicus-dupa-ce-a-urcat-doua-varfuri-in-putin-peste-24-de-ore-sunt-extrem-de-mandru\/\" \/>\n<meta property=\"og:site_name\" content=\"Outdoor Magazine\" \/>\n<meta property=\"article:publisher\" content=\"https:\/\/www.facebook.com\/skiandoutdoormagazine\" \/>\n<meta property=\"article:published_time\" content=\"2022-05-16T18:49:46+00:00\" \/>\n<meta property=\"og:image\" content=\"https:\/\/ski-outdoor.ro\/outdoor\/wp-content\/uploads\/sites\/4\/2022\/05\/baicus-1.jpg\" \/>\n\t<meta property=\"og:image:width\" content=\"960\" \/>\n\t<meta property=\"og:image:height\" content=\"720\" \/>\n\t<meta property=\"og:image:type\" content=\"image\/jpeg\" \/>\n<meta name=\"twitter:card\" content=\"summary_large_image\" \/>\n<meta name=\"twitter:label1\" content=\"Scris de\" \/>\n\t<meta name=\"twitter:data1\" content=\"C\u0103lin Pop\" \/>\n\t<meta name=\"twitter:label2\" content=\"Timp estimat pentru citire\" \/>\n\t<meta name=\"twitter:data2\" content=\"1 minut\" \/>\n<script type=\"application\/ld+json\" class=\"yoast-schema-graph\">{\"@context\":\"https:\/\/schema.org\",\"@graph\":[{\"@type\":\"Organization\",\"@id\":\"https:\/\/ski-outdoor.ro\/outdoor\/#organization\",\"name\":\"Ski & Outdoor Magazine\",\"url\":\"https:\/\/ski-outdoor.ro\/outdoor\/\",\"sameAs\":[\"https:\/\/www.facebook.com\/skiandoutdoormagazine\"],\"logo\":{\"@type\":\"ImageObject\",\"@id\":\"https:\/\/ski-outdoor.ro\/outdoor\/#logo\",\"inLanguage\":\"ro-RO\",\"url\":\"https:\/\/ski-outdoor.ro\/outdoor\/wp-content\/uploads\/sites\/4\/2019\/05\/logo-e1557923623153.png\",\"contentUrl\":\"https:\/\/ski-outdoor.ro\/outdoor\/wp-content\/uploads\/sites\/4\/2019\/05\/logo-e1557923623153.png\",\"width\":600,\"height\":165,\"caption\":\"Ski & Outdoor Magazine\"},\"image\":{\"@id\":\"https:\/\/ski-outdoor.ro\/outdoor\/#logo\"}},{\"@type\":\"WebSite\",\"@id\":\"https:\/\/ski-outdoor.ro\/outdoor\/#website\",\"url\":\"https:\/\/ski-outdoor.ro\/outdoor\/\",\"name\":\"Outdoor Magazine\",\"description\":\"\",\"publisher\":{\"@id\":\"https:\/\/ski-outdoor.ro\/outdoor\/#organization\"},\"potentialAction\":[{\"@type\":\"SearchAction\",\"target\":{\"@type\":\"EntryPoint\",\"urlTemplate\":\"https:\/\/ski-outdoor.ro\/outdoor\/?s={search_term_string}\"},\"query-input\":\"required name=search_term_string\"}],\"inLanguage\":\"ro-RO\"},{\"@type\":\"ImageObject\",\"@id\":\"https:\/\/ski-outdoor.ro\/outdoor\/2022\/05\/16\/gabriel-baicus-dupa-ce-a-urcat-doua-varfuri-in-putin-peste-24-de-ore-sunt-extrem-de-mandru\/#primaryimage\",\"inLanguage\":\"ro-RO\",\"url\":\"https:\/\/ski-outdoor.ro\/outdoor\/wp-content\/uploads\/sites\/4\/2022\/05\/baicus-1.jpg\",\"contentUrl\":\"https:\/\/ski-outdoor.ro\/outdoor\/wp-content\/uploads\/sites\/4\/2022\/05\/baicus-1.jpg\",\"width\":960,\"height\":720},{\"@type\":\"WebPage\",\"@id\":\"https:\/\/ski-outdoor.ro\/outdoor\/2022\/05\/16\/gabriel-baicus-dupa-ce-a-urcat-doua-varfuri-in-putin-peste-24-de-ore-sunt-extrem-de-mandru\/#webpage\",\"url\":\"https:\/\/ski-outdoor.ro\/outdoor\/2022\/05\/16\/gabriel-baicus-dupa-ce-a-urcat-doua-varfuri-in-putin-peste-24-de-ore-sunt-extrem-de-mandru\/\",\"name\":\"Gabriel B\u0103icu\u0219, dup\u0103 ce a urcat dou\u0103 v\u00e2rfuri \u00een pu\u021bin peste 24 de ore: Sunt extrem de m\u00e2ndru - Outdoor Magazine\",\"isPartOf\":{\"@id\":\"https:\/\/ski-outdoor.ro\/outdoor\/#website\"},\"primaryImageOfPage\":{\"@id\":\"https:\/\/ski-outdoor.ro\/outdoor\/2022\/05\/16\/gabriel-baicus-dupa-ce-a-urcat-doua-varfuri-in-putin-peste-24-de-ore-sunt-extrem-de-mandru\/#primaryimage\"},\"datePublished\":\"2022-05-16T18:49:46+00:00\",\"dateModified\":\"2022-05-16T18:49:46+00:00\",\"description\":\"Alpinistul rom\u00e2n Gabriel B\u0103icu\u0219, care a urcat s\u00e2mb\u0103t\u0103 \u0219i duminic\u0103 pe Everest \u0219i Lhotse, spune c\u0103 este m\u00e2ndru de reu\u0219ita lui.\",\"breadcrumb\":{\"@id\":\"https:\/\/ski-outdoor.ro\/outdoor\/2022\/05\/16\/gabriel-baicus-dupa-ce-a-urcat-doua-varfuri-in-putin-peste-24-de-ore-sunt-extrem-de-mandru\/#breadcrumb\"},\"inLanguage\":\"ro-RO\",\"potentialAction\":[{\"@type\":\"ReadAction\",\"target\":[\"https:\/\/ski-outdoor.ro\/outdoor\/2022\/05\/16\/gabriel-baicus-dupa-ce-a-urcat-doua-varfuri-in-putin-peste-24-de-ore-sunt-extrem-de-mandru\/\"]}]},{\"@type\":\"BreadcrumbList\",\"@id\":\"https:\/\/ski-outdoor.ro\/outdoor\/2022\/05\/16\/gabriel-baicus-dupa-ce-a-urcat-doua-varfuri-in-putin-peste-24-de-ore-sunt-extrem-de-mandru\/#breadcrumb\",\"itemListElement\":[{\"@type\":\"ListItem\",\"position\":1,\"name\":\"Home\",\"item\":\"https:\/\/ski-outdoor.ro\/outdoor\/\"},{\"@type\":\"ListItem\",\"position\":2,\"name\":\"Gabriel B\u0103icu\u0219, dup\u0103 ce a urcat dou\u0103 v\u00e2rfuri \u00een pu\u021bin peste 24 de ore: Sunt extrem de m\u00e2ndru\"}]},{\"@type\":\"Article\",\"@id\":\"https:\/\/ski-outdoor.ro\/outdoor\/2022\/05\/16\/gabriel-baicus-dupa-ce-a-urcat-doua-varfuri-in-putin-peste-24-de-ore-sunt-extrem-de-mandru\/#article\",\"isPartOf\":{\"@id\":\"https:\/\/ski-outdoor.ro\/outdoor\/2022\/05\/16\/gabriel-baicus-dupa-ce-a-urcat-doua-varfuri-in-putin-peste-24-de-ore-sunt-extrem-de-mandru\/#webpage\"},\"author\":{\"@id\":\"https:\/\/ski-outdoor.ro\/outdoor\/#\/schema\/person\/3d8c2382a34197255067399194217080\"},\"headline\":\"Gabriel B\u0103icu\u0219, dup\u0103 ce a urcat dou\u0103 v\u00e2rfuri \u00een pu\u021bin peste 24 de ore: Sunt extrem de m\u00e2ndru\",\"datePublished\":\"2022-05-16T18:49:46+00:00\",\"dateModified\":\"2022-05-16T18:49:46+00:00\",\"mainEntityOfPage\":{\"@id\":\"https:\/\/ski-outdoor.ro\/outdoor\/2022\/05\/16\/gabriel-baicus-dupa-ce-a-urcat-doua-varfuri-in-putin-peste-24-de-ore-sunt-extrem-de-mandru\/#webpage\"},\"wordCount\":290,\"commentCount\":0,\"publisher\":{\"@id\":\"https:\/\/ski-outdoor.ro\/outdoor\/#organization\"},\"image\":{\"@id\":\"https:\/\/ski-outdoor.ro\/outdoor\/2022\/05\/16\/gabriel-baicus-dupa-ce-a-urcat-doua-varfuri-in-putin-peste-24-de-ore-sunt-extrem-de-mandru\/#primaryimage\"},\"thumbnailUrl\":\"https:\/\/ski-outdoor.ro\/outdoor\/wp-content\/uploads\/sites\/4\/2022\/05\/baicus-1.jpg\",\"keywords\":[\"everest\",\"Gabriel B\u0103icu\u0219\",\"Lhotse\",\"proiect\"],\"articleSection\":[\"Actualit\u0103\u021bi\"],\"inLanguage\":\"ro-RO\",\"potentialAction\":[{\"@type\":\"CommentAction\",\"name\":\"Comment\",\"target\":[\"https:\/\/ski-outdoor.ro\/outdoor\/2022\/05\/16\/gabriel-baicus-dupa-ce-a-urcat-doua-varfuri-in-putin-peste-24-de-ore-sunt-extrem-de-mandru\/#respond\"]}]},{\"@type\":\"Person\",\"@id\":\"https:\/\/ski-outdoor.ro\/outdoor\/#\/schema\/person\/3d8c2382a34197255067399194217080\",\"name\":\"C\u0103lin Pop\",\"image\":{\"@type\":\"ImageObject\",\"@id\":\"https:\/\/ski-outdoor.ro\/outdoor\/#personlogo\",\"inLanguage\":\"ro-RO\",\"url\":\"https:\/\/secure.gravatar.com\/avatar\/44fa4e362161e127dec2a82f7585cbd5?s=96&d=mm&r=g\",\"contentUrl\":\"https:\/\/secure.gravatar.com\/avatar\/44fa4e362161e127dec2a82f7585cbd5?s=96&d=mm&r=g\",\"caption\":\"C\u0103lin Pop\"},\"url\":\"https:\/\/ski-outdoor.ro\/outdoor\/author\/calinpop\/\"}]}<\/script>\n<!-- \/ Yoast SEO plugin. -->","yoast_head_json":{"title":"Gabriel B\u0103icu\u0219, dup\u0103 ce a urcat dou\u0103 v\u00e2rfuri \u00een pu\u021bin peste 24 de ore: Sunt extrem de m\u00e2ndru - Outdoor Magazine","description":"Alpinistul rom\u00e2n Gabriel B\u0103icu\u0219, care a urcat s\u00e2mb\u0103t\u0103 \u0219i duminic\u0103 pe Everest \u0219i Lhotse, spune c\u0103 este m\u00e2ndru de reu\u0219ita lui.","robots":{"index":"index","follow":"follow","max-snippet":"max-snippet:-1","max-image-preview":"max-image-preview:large","max-video-preview":"max-video-preview:-1"},"canonical":"https:\/\/ski-outdoor.ro\/outdoor\/2022\/05\/16\/gabriel-baicus-dupa-ce-a-urcat-doua-varfuri-in-putin-peste-24-de-ore-sunt-extrem-de-mandru\/","og_locale":"ro_RO","og_type":"article","og_title":"Gabriel B\u0103icu\u0219, dup\u0103 ce a urcat dou\u0103 v\u00e2rfuri \u00een pu\u021bin peste 24 de ore: Sunt extrem de m\u00e2ndru - Outdoor Magazine","og_description":"Alpinistul rom\u00e2n Gabriel B\u0103icu\u0219, care a urcat s\u00e2mb\u0103t\u0103 \u0219i duminic\u0103 pe Everest \u0219i Lhotse, spune c\u0103 este m\u00e2ndru de reu\u0219ita lui.","og_url":"https:\/\/ski-outdoor.ro\/outdoor\/2022\/05\/16\/gabriel-baicus-dupa-ce-a-urcat-doua-varfuri-in-putin-peste-24-de-ore-sunt-extrem-de-mandru\/","og_site_name":"Outdoor Magazine","article_publisher":"https:\/\/www.facebook.com\/skiandoutdoormagazine","article_published_time":"2022-05-16T18:49:46+00:00","og_image":[{"width":960,"height":720,"url":"https:\/\/ski-outdoor.ro\/outdoor\/wp-content\/uploads\/sites\/4\/2022\/05\/baicus-1.jpg","type":"image\/jpeg"}],"twitter_card":"summary_large_image","twitter_misc":{"Scris de":"C\u0103lin Pop","Timp estimat pentru citire":"1 minut"},"schema":{"@context":"https:\/\/schema.org","@graph":[{"@type":"Organization","@id":"https:\/\/ski-outdoor.ro\/outdoor\/#organization","name":"Ski & Outdoor Magazine","url":"https:\/\/ski-outdoor.ro\/outdoor\/","sameAs":["https:\/\/www.facebook.com\/skiandoutdoormagazine"],"logo":{"@type":"ImageObject","@id":"https:\/\/ski-outdoor.ro\/outdoor\/#logo","inLanguage":"ro-RO","url":"https:\/\/ski-outdoor.ro\/outdoor\/wp-content\/uploads\/sites\/4\/2019\/05\/logo-e1557923623153.png","contentUrl":"https:\/\/ski-outdoor.ro\/outdoor\/wp-content\/uploads\/sites\/4\/2019\/05\/logo-e1557923623153.png","width":600,"height":165,"caption":"Ski & Outdoor Magazine"},"image":{"@id":"https:\/\/ski-outdoor.ro\/outdoor\/#logo"}},{"@type":"WebSite","@id":"https:\/\/ski-outdoor.ro\/outdoor\/#website","url":"https:\/\/ski-outdoor.ro\/outdoor\/","name":"Outdoor Magazine","description":"","publisher":{"@id":"https:\/\/ski-outdoor.ro\/outdoor\/#organization"},"potentialAction":[{"@type":"SearchAction","target":{"@type":"EntryPoint","urlTemplate":"https:\/\/ski-outdoor.ro\/outdoor\/?s={search_term_string}"},"query-input":"required name=search_term_string"}],"inLanguage":"ro-RO"},{"@type":"ImageObject","@id":"https:\/\/ski-outdoor.ro\/outdoor\/2022\/05\/16\/gabriel-baicus-dupa-ce-a-urcat-doua-varfuri-in-putin-peste-24-de-ore-sunt-extrem-de-mandru\/#primaryimage","inLanguage":"ro-RO","url":"https:\/\/ski-outdoor.ro\/outdoor\/wp-content\/uploads\/sites\/4\/2022\/05\/baicus-1.jpg","contentUrl":"https:\/\/ski-outdoor.ro\/outdoor\/wp-content\/uploads\/sites\/4\/2022\/05\/baicus-1.jpg","width":960,"height":720},{"@type":"WebPage","@id":"https:\/\/ski-outdoor.ro\/outdoor\/2022\/05\/16\/gabriel-baicus-dupa-ce-a-urcat-doua-varfuri-in-putin-peste-24-de-ore-sunt-extrem-de-mandru\/#webpage","url":"https:\/\/ski-outdoor.ro\/outdoor\/2022\/05\/16\/gabriel-baicus-dupa-ce-a-urcat-doua-varfuri-in-putin-peste-24-de-ore-sunt-extrem-de-mandru\/","name":"Gabriel B\u0103icu\u0219, dup\u0103 ce a urcat dou\u0103 v\u00e2rfuri \u00een pu\u021bin peste 24 de ore: Sunt extrem de m\u00e2ndru - Outdoor Magazine","isPartOf":{"@id":"https:\/\/ski-outdoor.ro\/outdoor\/#website"},"primaryImageOfPage":{"@id":"https:\/\/ski-outdoor.ro\/outdoor\/2022\/05\/16\/gabriel-baicus-dupa-ce-a-urcat-doua-varfuri-in-putin-peste-24-de-ore-sunt-extrem-de-mandru\/#primaryimage"},"datePublished":"2022-05-16T18:49:46+00:00","dateModified":"2022-05-16T18:49:46+00:00","description":"Alpinistul rom\u00e2n Gabriel B\u0103icu\u0219, care a urcat s\u00e2mb\u0103t\u0103 \u0219i duminic\u0103 pe Everest \u0219i Lhotse, spune c\u0103 este m\u00e2ndru de reu\u0219ita lui.","breadcrumb":{"@id":"https:\/\/ski-outdoor.ro\/outdoor\/2022\/05\/16\/gabriel-baicus-dupa-ce-a-urcat-doua-varfuri-in-putin-peste-24-de-ore-sunt-extrem-de-mandru\/#breadcrumb"},"inLanguage":"ro-RO","potentialAction":[{"@type":"ReadAction","target":["https:\/\/ski-outdoor.ro\/outdoor\/2022\/05\/16\/gabriel-baicus-dupa-ce-a-urcat-doua-varfuri-in-putin-peste-24-de-ore-sunt-extrem-de-mandru\/"]}]},{"@type":"BreadcrumbList","@id":"https:\/\/ski-outdoor.ro\/outdoor\/2022\/05\/16\/gabriel-baicus-dupa-ce-a-urcat-doua-varfuri-in-putin-peste-24-de-ore-sunt-extrem-de-mandru\/#breadcrumb","itemListElement":[{"@type":"ListItem","position":1,"name":"Home","item":"https:\/\/ski-outdoor.ro\/outdoor\/"},{"@type":"ListItem","position":2,"name":"Gabriel B\u0103icu\u0219, dup\u0103 ce a urcat dou\u0103 v\u00e2rfuri \u00een pu\u021bin peste 24 de ore: Sunt extrem de m\u00e2ndru"}]},{"@type":"Article","@id":"https:\/\/ski-outdoor.ro\/outdoor\/2022\/05\/16\/gabriel-baicus-dupa-ce-a-urcat-doua-varfuri-in-putin-peste-24-de-ore-sunt-extrem-de-mandru\/#article","isPartOf":{"@id":"https:\/\/ski-outdoor.ro\/outdoor\/2022\/05\/16\/gabriel-baicus-dupa-ce-a-urcat-doua-varfuri-in-putin-peste-24-de-ore-sunt-extrem-de-mandru\/#webpage"},"author":{"@id":"https:\/\/ski-outdoor.ro\/outdoor\/#\/schema\/person\/3d8c2382a34197255067399194217080"},"headline":"Gabriel B\u0103icu\u0219, dup\u0103 ce a urcat dou\u0103 v\u00e2rfuri \u00een pu\u021bin peste 24 de ore: Sunt extrem de m\u00e2ndru","datePublished":"2022-05-16T18:49:46+00:00","dateModified":"2022-05-16T18:49:46+00:00","mainEntityOfPage":{"@id":"https:\/\/ski-outdoor.ro\/outdoor\/2022\/05\/16\/gabriel-baicus-dupa-ce-a-urcat-doua-varfuri-in-putin-peste-24-de-ore-sunt-extrem-de-mandru\/#webpage"},"wordCount":290,"commentCount":0,"publisher":{"@id":"https:\/\/ski-outdoor.ro\/outdoor\/#organization"},"image":{"@id":"https:\/\/ski-outdoor.ro\/outdoor\/2022\/05\/16\/gabriel-baicus-dupa-ce-a-urcat-doua-varfuri-in-putin-peste-24-de-ore-sunt-extrem-de-mandru\/#primaryimage"},"thumbnailUrl":"https:\/\/ski-outdoor.ro\/outdoor\/wp-content\/uploads\/sites\/4\/2022\/05\/baicus-1.jpg","keywords":["everest","Gabriel B\u0103icu\u0219","Lhotse","proiect"],"articleSection":["Actualit\u0103\u021bi"],"inLanguage":"ro-RO","potentialAction":[{"@type":"CommentAction","name":"Comment","target":["https:\/\/ski-outdoor.ro\/outdoor\/2022\/05\/16\/gabriel-baicus-dupa-ce-a-urcat-doua-varfuri-in-putin-peste-24-de-ore-sunt-extrem-de-mandru\/#respond"]}]},{"@type":"Person","@id":"https:\/\/ski-outdoor.ro\/outdoor\/#\/schema\/person\/3d8c2382a34197255067399194217080","name":"C\u0103lin Pop","image":{"@type":"ImageObject","@id":"https:\/\/ski-outdoor.ro\/outdoor\/#personlogo","inLanguage":"ro-RO","url":"https:\/\/secure.gravatar.com\/avatar\/44fa4e362161e127dec2a82f7585cbd5?s=96&d=mm&r=g","contentUrl":"https:\/\/secure.gravatar.com\/avatar\/44fa4e362161e127dec2a82f7585cbd5?s=96&d=mm&r=g","caption":"C\u0103lin Pop"},"url":"https:\/\/ski-outdoor.ro\/outdoor\/author\/calinpop\/"}]}},"_links":{"self":[{"href":"https:\/\/ski-outdoor.ro\/outdoor\/wp-json\/wp\/v2\/posts\/8316"}],"collection":[{"href":"https:\/\/ski-outdoor.ro\/outdoor\/wp-json\/wp\/v2\/posts"}],"about":[{"href":"https:\/\/ski-outdoor.ro\/outdoor\/wp-json\/wp\/v2\/types\/post"}],"author":[{"embeddable":true,"href":"https:\/\/ski-outdoor.ro\/outdoor\/wp-json\/wp\/v2\/users\/23"}],"replies":[{"embeddable":true,"href":"https:\/\/ski-outdoor.ro\/outdoor\/wp-json\/wp\/v2\/comments?post=8316"}],"version-history":[{"count":1,"href":"https:\/\/ski-outdoor.ro\/outdoor\/wp-json\/wp\/v2\/posts\/8316\/revisions"}],"predecessor-version":[{"id":8319,"href":"https:\/\/ski-outdoor.ro\/outdoor\/wp-json\/wp\/v2\/posts\/8316\/revisions\/8319"}],"wp:featuredmedia":[{"embeddable":true,"href":"https:\/\/ski-outdoor.ro\/outdoor\/wp-json\/wp\/v2\/media\/8317"}],"wp:attachment":[{"href":"https:\/\/ski-outdoor.ro\/outdoor\/wp-json\/wp\/v2\/media?parent=8316"}],"wp:term":[{"taxonomy":"category","embeddable":true,"href":"https:\/\/ski-outdoor.ro\/outdoor\/wp-json\/wp\/v2\/categories?post=8316"},{"taxonomy":"post_tag","embeddable":true,"href":"https:\/\/ski-outdoor.ro\/outdoor\/wp-json\/wp\/v2\/tags?post=8316"}],"curies":[{"name":"wp","href":"https:\/\/api.w.org\/{rel}","templated":true}]}}