{"id":8380,"date":"2022-05-27T05:46:43","date_gmt":"2022-05-27T05:46:43","guid":{"rendered":"https:\/\/ski-outdoor.ro\/outdoor\/?p=8380"},"modified":"2022-05-27T05:46:43","modified_gmt":"2022-05-27T05:46:43","slug":"festivalul-sporturilor-iasi-15-17-iulie-un-nou-eveniment-sportiv-de-amploare-la-iasi-in-aceasta-vara","status":"publish","type":"post","link":"https:\/\/ski-outdoor.ro\/outdoor\/2022\/05\/27\/festivalul-sporturilor-iasi-15-17-iulie-un-nou-eveniment-sportiv-de-amploare-la-iasi-in-aceasta-vara\/","title":{"rendered":"Festivalul Sporturilor Ia\u0219i, 15 \u2013 17 iulie. Un nou eveniment sportiv de amploare la Ia\u0219i \u00een aceast\u0103 var\u0103"},"content":{"rendered":"<p><strong>Prima edi\u021bie a Festivalului Sporturilor va avea loc \u00eentre \u00a015\u00a0 \u0219i 17 iulie. Festivalul este un eveniment sportiv anual, care cuprinde probe dedicate tuturor pasiona\u021bilor de sport, indiferent de v\u00e2rst\u0103. Alergare pe potec\u0103 \u0219i pe \u0219osea, ciclism montan, prob\u0103 cu obstacole, orientare sportiv\u0103, cursa copiilor \u0219i cursa persoanelor cu dizabilit\u0103\u021bi sunt probele la care sunt a\u0219tepta\u021bi un num\u0103r c\u00e2t mai mare de participan\u021bi.<\/strong><\/p>\n<p><img loading=\"lazy\" class=\"alignnone wp-image-8381 size-full\" src=\"https:\/\/ski-outdoor.ro\/outdoor\/wp-content\/uploads\/sites\/4\/2022\/05\/Festival_Iasi_-05.jpg\" alt=\"\" width=\"960\" height=\"502\" srcset=\"https:\/\/ski-outdoor.ro\/outdoor\/wp-content\/uploads\/sites\/4\/2022\/05\/Festival_Iasi_-05.jpg 960w, https:\/\/ski-outdoor.ro\/outdoor\/wp-content\/uploads\/sites\/4\/2022\/05\/Festival_Iasi_-05-300x157.jpg 300w, https:\/\/ski-outdoor.ro\/outdoor\/wp-content\/uploads\/sites\/4\/2022\/05\/Festival_Iasi_-05-768x402.jpg 768w, https:\/\/ski-outdoor.ro\/outdoor\/wp-content\/uploads\/sites\/4\/2022\/05\/Festival_Iasi_-05-370x193.jpg 370w, https:\/\/ski-outdoor.ro\/outdoor\/wp-content\/uploads\/sites\/4\/2022\/05\/Festival_Iasi_-05-570x298.jpg 570w, https:\/\/ski-outdoor.ro\/outdoor\/wp-content\/uploads\/sites\/4\/2022\/05\/Festival_Iasi_-05-770x403.jpg 770w\" sizes=\"(max-width: 960px) 100vw, 960px\" \/><\/p>\n<p>Festivalul Sporturilor, la care Prim\u0103ria Municipiului Ia\u0219i este principalul partener, este un eveniment care se adreseaz\u0103 at\u00e2t persoanelor care au mai practicat aceste sporturi, c\u00e2t \u0219i celor care \u00ee\u0219i doresc s\u0103 \u00eencerce pentru prima dat\u0103 noi discipline, \u00eentr-un mediu competi\u021bional organizat, sus\u021bin\u00e2nd astfel performan\u021ba \u0219i dezvoltarea sportului de mas\u0103.<\/p>\n<p>Pe l\u00e2ng\u0103 cele 7 probe sportive, vor avea loc \u0219i activit\u0103\u021bi cu caracter educa\u021bional \u0219i informativ: proiec\u021bii de filme tematice, expozi\u021bii \u0219i workshopuri sportive sus\u021binute de profesioni\u0219ti cu experien\u021b\u0103 &#8211; cu scopul de a populariza \u0219i promova mi\u0219carea ca parte integrant\u0103 a unei vie\u021bi de calitate.<\/p>\n<p>\u00cen cadrul acestui eveniment ne dorim s\u0103 promov\u0103m un stil de via\u021b\u0103 s\u0103n\u0103tos bazat pe mi\u0219care \u0219i activit\u0103\u021bi sportive de calitate, cu impact pozitiv asupra mediului.<\/p>\n<p>De asemenea, ne dorim ca prin intermediul sportului s\u0103 contribuim la dezvoltarea unei vie\u021bi sociale de calitate, la construirea unui spirit comunitar \u0219i competitiv \u00een acela\u0219i timp, \u0219i s\u0103 subliniem poten\u021bialul de a te educa, a munci \u0219i a locui \u00eentr-un ora\u0219 superb cum este Ia\u0219iul. \u00a0Activit\u0103\u021bile vor avea astfel loc \u00een zone emblematice ale Ia\u0219iului: Gr\u0103dina Botanic\u0103, Esplanada Elisabeta, Parcul Copou, Parcul Culturii, cartierul Greenfield.<\/p>\n<p>Festivalul Sporturilor Ia\u0219i este un proiect ce s-a conturat ca parteneriat \u00eentre dou\u0103 echipe pline de entuziasm: Tabere \u0219i Circuite de Alergare, Schi \u0219i MTB &#8211; Silviu B\u0103lan, o echip\u0103 de profesioni\u0219ti ai sportului cu experien\u021b\u0103 \u00een organizarea de evenimente dedicate mi\u0219c\u0103rii de peste 13 ani \u0219i echipa IMPACT Developer &amp; Contractor, unul din cei mai importan\u021bi dezvoltatori imobiliari din \u021bar\u0103.<\/p>\n<p>\u00censcrierile se pot deja face pe pagina <a href=\"https:\/\/festivalulsporturilor.ro\/\">https:\/\/festivalulsporturilor.ro\/<\/a>.<\/p>\n","protected":false},"excerpt":{"rendered":"<p>Prima edi\u021bie a Festivalului Sporturilor va avea loc \u00eentre \u00a015\u00a0 \u0219i 17 iulie. Festivalul este un eveniment sportiv anual, care&#8230;<\/p>\n","protected":false},"author":23,"featured_media":8381,"comment_status":"open","ping_status":"open","sticky":false,"template":"","format":"standard","meta":[],"categories":[1817],"tags":[170,708,3544,3545,3548,178,3547,1894,3546],"yoast_head":"<!-- This site is optimized with the Yoast SEO plugin v18.4.1 - https:\/\/yoast.com\/wordpress\/plugins\/seo\/ -->\n<title>Festivalul Sporturilor Ia\u0219i, 15 \u2013 17 iulie. Un nou eveniment sportiv de amploare la Ia\u0219i \u00een aceast\u0103 var\u0103 - Outdoor Magazine<\/title>\n<meta name=\"description\" content=\"Prima edi\u021bie a Festivalului Sporturilor Ia\u0219i, cu probe dedicate pasiona\u021bilor de sport, indiferent de v\u00e2rst\u0103. are loc \u00eentre 15 \u0219i 17 iulie.\" \/>\n<meta name=\"robots\" content=\"index, follow, max-snippet:-1, max-image-preview:large, max-video-preview:-1\" \/>\n<link rel=\"canonical\" href=\"https:\/\/ski-outdoor.ro\/outdoor\/2022\/05\/27\/festivalul-sporturilor-iasi-15-17-iulie-un-nou-eveniment-sportiv-de-amploare-la-iasi-in-aceasta-vara\/\" \/>\n<meta property=\"og:locale\" content=\"ro_RO\" \/>\n<meta property=\"og:type\" content=\"article\" \/>\n<meta property=\"og:title\" content=\"Festivalul Sporturilor Ia\u0219i, 15 \u2013 17 iulie. Un nou eveniment sportiv de amploare la Ia\u0219i \u00een aceast\u0103 var\u0103 - Outdoor Magazine\" \/>\n<meta property=\"og:description\" content=\"Prima edi\u021bie a Festivalului Sporturilor Ia\u0219i, cu probe dedicate pasiona\u021bilor de sport, indiferent de v\u00e2rst\u0103. are loc \u00eentre 15 \u0219i 17 iulie.\" \/>\n<meta property=\"og:url\" content=\"https:\/\/ski-outdoor.ro\/outdoor\/2022\/05\/27\/festivalul-sporturilor-iasi-15-17-iulie-un-nou-eveniment-sportiv-de-amploare-la-iasi-in-aceasta-vara\/\" \/>\n<meta property=\"og:site_name\" content=\"Outdoor Magazine\" \/>\n<meta property=\"article:publisher\" content=\"https:\/\/www.facebook.com\/skiandoutdoormagazine\" \/>\n<meta property=\"article:published_time\" content=\"2022-05-27T05:46:43+00:00\" \/>\n<meta property=\"og:image\" content=\"https:\/\/ski-outdoor.ro\/outdoor\/wp-content\/uploads\/sites\/4\/2022\/05\/Festival_Iasi_-05-768x402.jpg\" \/>\n\t<meta property=\"og:image:width\" content=\"768\" \/>\n\t<meta property=\"og:image:height\" content=\"402\" \/>\n\t<meta property=\"og:image:type\" content=\"image\/jpeg\" \/>\n<meta name=\"twitter:card\" content=\"summary_large_image\" \/>\n<meta name=\"twitter:label1\" content=\"Scris de\" \/>\n\t<meta name=\"twitter:data1\" content=\"C\u0103lin Pop\" \/>\n\t<meta name=\"twitter:label2\" content=\"Timp estimat pentru citire\" \/>\n\t<meta name=\"twitter:data2\" content=\"2 minute\" \/>\n<script type=\"application\/ld+json\" class=\"yoast-schema-graph\">{\"@context\":\"https:\/\/schema.org\",\"@graph\":[{\"@type\":\"Organization\",\"@id\":\"https:\/\/ski-outdoor.ro\/outdoor\/#organization\",\"name\":\"Ski & Outdoor Magazine\",\"url\":\"https:\/\/ski-outdoor.ro\/outdoor\/\",\"sameAs\":[\"https:\/\/www.facebook.com\/skiandoutdoormagazine\"],\"logo\":{\"@type\":\"ImageObject\",\"@id\":\"https:\/\/ski-outdoor.ro\/outdoor\/#logo\",\"inLanguage\":\"ro-RO\",\"url\":\"https:\/\/ski-outdoor.ro\/outdoor\/wp-content\/uploads\/sites\/4\/2019\/05\/logo-e1557923623153.png\",\"contentUrl\":\"https:\/\/ski-outdoor.ro\/outdoor\/wp-content\/uploads\/sites\/4\/2019\/05\/logo-e1557923623153.png\",\"width\":600,\"height\":165,\"caption\":\"Ski & Outdoor Magazine\"},\"image\":{\"@id\":\"https:\/\/ski-outdoor.ro\/outdoor\/#logo\"}},{\"@type\":\"WebSite\",\"@id\":\"https:\/\/ski-outdoor.ro\/outdoor\/#website\",\"url\":\"https:\/\/ski-outdoor.ro\/outdoor\/\",\"name\":\"Outdoor Magazine\",\"description\":\"\",\"publisher\":{\"@id\":\"https:\/\/ski-outdoor.ro\/outdoor\/#organization\"},\"potentialAction\":[{\"@type\":\"SearchAction\",\"target\":{\"@type\":\"EntryPoint\",\"urlTemplate\":\"https:\/\/ski-outdoor.ro\/outdoor\/?s={search_term_string}\"},\"query-input\":\"required name=search_term_string\"}],\"inLanguage\":\"ro-RO\"},{\"@type\":\"ImageObject\",\"@id\":\"https:\/\/ski-outdoor.ro\/outdoor\/2022\/05\/27\/festivalul-sporturilor-iasi-15-17-iulie-un-nou-eveniment-sportiv-de-amploare-la-iasi-in-aceasta-vara\/#primaryimage\",\"inLanguage\":\"ro-RO\",\"url\":\"https:\/\/ski-outdoor.ro\/outdoor\/wp-content\/uploads\/sites\/4\/2022\/05\/Festival_Iasi_-05.jpg\",\"contentUrl\":\"https:\/\/ski-outdoor.ro\/outdoor\/wp-content\/uploads\/sites\/4\/2022\/05\/Festival_Iasi_-05.jpg\",\"width\":960,\"height\":502},{\"@type\":\"WebPage\",\"@id\":\"https:\/\/ski-outdoor.ro\/outdoor\/2022\/05\/27\/festivalul-sporturilor-iasi-15-17-iulie-un-nou-eveniment-sportiv-de-amploare-la-iasi-in-aceasta-vara\/#webpage\",\"url\":\"https:\/\/ski-outdoor.ro\/outdoor\/2022\/05\/27\/festivalul-sporturilor-iasi-15-17-iulie-un-nou-eveniment-sportiv-de-amploare-la-iasi-in-aceasta-vara\/\",\"name\":\"Festivalul Sporturilor Ia\u0219i, 15 \u2013 17 iulie. Un nou eveniment sportiv de amploare la Ia\u0219i \u00een aceast\u0103 var\u0103 - Outdoor Magazine\",\"isPartOf\":{\"@id\":\"https:\/\/ski-outdoor.ro\/outdoor\/#website\"},\"primaryImageOfPage\":{\"@id\":\"https:\/\/ski-outdoor.ro\/outdoor\/2022\/05\/27\/festivalul-sporturilor-iasi-15-17-iulie-un-nou-eveniment-sportiv-de-amploare-la-iasi-in-aceasta-vara\/#primaryimage\"},\"datePublished\":\"2022-05-27T05:46:43+00:00\",\"dateModified\":\"2022-05-27T05:46:43+00:00\",\"description\":\"Prima edi\u021bie a Festivalului Sporturilor Ia\u0219i, cu probe dedicate pasiona\u021bilor de sport, indiferent de v\u00e2rst\u0103. are loc \u00eentre 15 \u0219i 17 iulie.\",\"breadcrumb\":{\"@id\":\"https:\/\/ski-outdoor.ro\/outdoor\/2022\/05\/27\/festivalul-sporturilor-iasi-15-17-iulie-un-nou-eveniment-sportiv-de-amploare-la-iasi-in-aceasta-vara\/#breadcrumb\"},\"inLanguage\":\"ro-RO\",\"potentialAction\":[{\"@type\":\"ReadAction\",\"target\":[\"https:\/\/ski-outdoor.ro\/outdoor\/2022\/05\/27\/festivalul-sporturilor-iasi-15-17-iulie-un-nou-eveniment-sportiv-de-amploare-la-iasi-in-aceasta-vara\/\"]}]},{\"@type\":\"BreadcrumbList\",\"@id\":\"https:\/\/ski-outdoor.ro\/outdoor\/2022\/05\/27\/festivalul-sporturilor-iasi-15-17-iulie-un-nou-eveniment-sportiv-de-amploare-la-iasi-in-aceasta-vara\/#breadcrumb\",\"itemListElement\":[{\"@type\":\"ListItem\",\"position\":1,\"name\":\"Home\",\"item\":\"https:\/\/ski-outdoor.ro\/outdoor\/\"},{\"@type\":\"ListItem\",\"position\":2,\"name\":\"Festivalul Sporturilor Ia\u0219i, 15 \u2013 17 iulie. Un nou eveniment sportiv de amploare la Ia\u0219i \u00een aceast\u0103 var\u0103\"}]},{\"@type\":\"Article\",\"@id\":\"https:\/\/ski-outdoor.ro\/outdoor\/2022\/05\/27\/festivalul-sporturilor-iasi-15-17-iulie-un-nou-eveniment-sportiv-de-amploare-la-iasi-in-aceasta-vara\/#article\",\"isPartOf\":{\"@id\":\"https:\/\/ski-outdoor.ro\/outdoor\/2022\/05\/27\/festivalul-sporturilor-iasi-15-17-iulie-un-nou-eveniment-sportiv-de-amploare-la-iasi-in-aceasta-vara\/#webpage\"},\"author\":{\"@id\":\"https:\/\/ski-outdoor.ro\/outdoor\/#\/schema\/person\/3d8c2382a34197255067399194217080\"},\"headline\":\"Festivalul Sporturilor Ia\u0219i, 15 \u2013 17 iulie. Un nou eveniment sportiv de amploare la Ia\u0219i \u00een aceast\u0103 var\u0103\",\"datePublished\":\"2022-05-27T05:46:43+00:00\",\"dateModified\":\"2022-05-27T05:46:43+00:00\",\"mainEntityOfPage\":{\"@id\":\"https:\/\/ski-outdoor.ro\/outdoor\/2022\/05\/27\/festivalul-sporturilor-iasi-15-17-iulie-un-nou-eveniment-sportiv-de-amploare-la-iasi-in-aceasta-vara\/#webpage\"},\"wordCount\":378,\"commentCount\":0,\"publisher\":{\"@id\":\"https:\/\/ski-outdoor.ro\/outdoor\/#organization\"},\"image\":{\"@id\":\"https:\/\/ski-outdoor.ro\/outdoor\/2022\/05\/27\/festivalul-sporturilor-iasi-15-17-iulie-un-nou-eveniment-sportiv-de-amploare-la-iasi-in-aceasta-vara\/#primaryimage\"},\"thumbnailUrl\":\"https:\/\/ski-outdoor.ro\/outdoor\/wp-content\/uploads\/sites\/4\/2022\/05\/Festival_Iasi_-05.jpg\",\"keywords\":[\"alergare\",\"ciclism\",\"festivalul sporturilor\",\"ia\u0219i\",\"IMPACT Developer &amp; Contractor\",\"probe\",\"Schi \u0219i MTB\",\"silviu balan\",\"Tabere \u0219i Circuite de Alergare\"],\"articleSection\":[\"Actualit\u0103\u021bi\"],\"inLanguage\":\"ro-RO\",\"potentialAction\":[{\"@type\":\"CommentAction\",\"name\":\"Comment\",\"target\":[\"https:\/\/ski-outdoor.ro\/outdoor\/2022\/05\/27\/festivalul-sporturilor-iasi-15-17-iulie-un-nou-eveniment-sportiv-de-amploare-la-iasi-in-aceasta-vara\/#respond\"]}]},{\"@type\":\"Person\",\"@id\":\"https:\/\/ski-outdoor.ro\/outdoor\/#\/schema\/person\/3d8c2382a34197255067399194217080\",\"name\":\"C\u0103lin Pop\",\"image\":{\"@type\":\"ImageObject\",\"@id\":\"https:\/\/ski-outdoor.ro\/outdoor\/#personlogo\",\"inLanguage\":\"ro-RO\",\"url\":\"https:\/\/secure.gravatar.com\/avatar\/44fa4e362161e127dec2a82f7585cbd5?s=96&d=mm&r=g\",\"contentUrl\":\"https:\/\/secure.gravatar.com\/avatar\/44fa4e362161e127dec2a82f7585cbd5?s=96&d=mm&r=g\",\"caption\":\"C\u0103lin Pop\"},\"url\":\"https:\/\/ski-outdoor.ro\/outdoor\/author\/calinpop\/\"}]}<\/script>\n<!-- \/ Yoast SEO plugin. -->","yoast_head_json":{"title":"Festivalul Sporturilor Ia\u0219i, 15 \u2013 17 iulie. Un nou eveniment sportiv de amploare la Ia\u0219i \u00een aceast\u0103 var\u0103 - Outdoor Magazine","description":"Prima edi\u021bie a Festivalului Sporturilor Ia\u0219i, cu probe dedicate pasiona\u021bilor de sport, indiferent de v\u00e2rst\u0103. are loc \u00eentre 15 \u0219i 17 iulie.","robots":{"index":"index","follow":"follow","max-snippet":"max-snippet:-1","max-image-preview":"max-image-preview:large","max-video-preview":"max-video-preview:-1"},"canonical":"https:\/\/ski-outdoor.ro\/outdoor\/2022\/05\/27\/festivalul-sporturilor-iasi-15-17-iulie-un-nou-eveniment-sportiv-de-amploare-la-iasi-in-aceasta-vara\/","og_locale":"ro_RO","og_type":"article","og_title":"Festivalul Sporturilor Ia\u0219i, 15 \u2013 17 iulie. Un nou eveniment sportiv de amploare la Ia\u0219i \u00een aceast\u0103 var\u0103 - Outdoor Magazine","og_description":"Prima edi\u021bie a Festivalului Sporturilor Ia\u0219i, cu probe dedicate pasiona\u021bilor de sport, indiferent de v\u00e2rst\u0103. are loc \u00eentre 15 \u0219i 17 iulie.","og_url":"https:\/\/ski-outdoor.ro\/outdoor\/2022\/05\/27\/festivalul-sporturilor-iasi-15-17-iulie-un-nou-eveniment-sportiv-de-amploare-la-iasi-in-aceasta-vara\/","og_site_name":"Outdoor Magazine","article_publisher":"https:\/\/www.facebook.com\/skiandoutdoormagazine","article_published_time":"2022-05-27T05:46:43+00:00","og_image":[{"width":768,"height":402,"url":"https:\/\/ski-outdoor.ro\/outdoor\/wp-content\/uploads\/sites\/4\/2022\/05\/Festival_Iasi_-05-768x402.jpg","type":"image\/jpeg"}],"twitter_card":"summary_large_image","twitter_misc":{"Scris de":"C\u0103lin Pop","Timp estimat pentru citire":"2 minute"},"schema":{"@context":"https:\/\/schema.org","@graph":[{"@type":"Organization","@id":"https:\/\/ski-outdoor.ro\/outdoor\/#organization","name":"Ski & Outdoor Magazine","url":"https:\/\/ski-outdoor.ro\/outdoor\/","sameAs":["https:\/\/www.facebook.com\/skiandoutdoormagazine"],"logo":{"@type":"ImageObject","@id":"https:\/\/ski-outdoor.ro\/outdoor\/#logo","inLanguage":"ro-RO","url":"https:\/\/ski-outdoor.ro\/outdoor\/wp-content\/uploads\/sites\/4\/2019\/05\/logo-e1557923623153.png","contentUrl":"https:\/\/ski-outdoor.ro\/outdoor\/wp-content\/uploads\/sites\/4\/2019\/05\/logo-e1557923623153.png","width":600,"height":165,"caption":"Ski & Outdoor Magazine"},"image":{"@id":"https:\/\/ski-outdoor.ro\/outdoor\/#logo"}},{"@type":"WebSite","@id":"https:\/\/ski-outdoor.ro\/outdoor\/#website","url":"https:\/\/ski-outdoor.ro\/outdoor\/","name":"Outdoor Magazine","description":"","publisher":{"@id":"https:\/\/ski-outdoor.ro\/outdoor\/#organization"},"potentialAction":[{"@type":"SearchAction","target":{"@type":"EntryPoint","urlTemplate":"https:\/\/ski-outdoor.ro\/outdoor\/?s={search_term_string}"},"query-input":"required name=search_term_string"}],"inLanguage":"ro-RO"},{"@type":"ImageObject","@id":"https:\/\/ski-outdoor.ro\/outdoor\/2022\/05\/27\/festivalul-sporturilor-iasi-15-17-iulie-un-nou-eveniment-sportiv-de-amploare-la-iasi-in-aceasta-vara\/#primaryimage","inLanguage":"ro-RO","url":"https:\/\/ski-outdoor.ro\/outdoor\/wp-content\/uploads\/sites\/4\/2022\/05\/Festival_Iasi_-05.jpg","contentUrl":"https:\/\/ski-outdoor.ro\/outdoor\/wp-content\/uploads\/sites\/4\/2022\/05\/Festival_Iasi_-05.jpg","width":960,"height":502},{"@type":"WebPage","@id":"https:\/\/ski-outdoor.ro\/outdoor\/2022\/05\/27\/festivalul-sporturilor-iasi-15-17-iulie-un-nou-eveniment-sportiv-de-amploare-la-iasi-in-aceasta-vara\/#webpage","url":"https:\/\/ski-outdoor.ro\/outdoor\/2022\/05\/27\/festivalul-sporturilor-iasi-15-17-iulie-un-nou-eveniment-sportiv-de-amploare-la-iasi-in-aceasta-vara\/","name":"Festivalul Sporturilor Ia\u0219i, 15 \u2013 17 iulie. Un nou eveniment sportiv de amploare la Ia\u0219i \u00een aceast\u0103 var\u0103 - Outdoor Magazine","isPartOf":{"@id":"https:\/\/ski-outdoor.ro\/outdoor\/#website"},"primaryImageOfPage":{"@id":"https:\/\/ski-outdoor.ro\/outdoor\/2022\/05\/27\/festivalul-sporturilor-iasi-15-17-iulie-un-nou-eveniment-sportiv-de-amploare-la-iasi-in-aceasta-vara\/#primaryimage"},"datePublished":"2022-05-27T05:46:43+00:00","dateModified":"2022-05-27T05:46:43+00:00","description":"Prima edi\u021bie a Festivalului Sporturilor Ia\u0219i, cu probe dedicate pasiona\u021bilor de sport, indiferent de v\u00e2rst\u0103. are loc \u00eentre 15 \u0219i 17 iulie.","breadcrumb":{"@id":"https:\/\/ski-outdoor.ro\/outdoor\/2022\/05\/27\/festivalul-sporturilor-iasi-15-17-iulie-un-nou-eveniment-sportiv-de-amploare-la-iasi-in-aceasta-vara\/#breadcrumb"},"inLanguage":"ro-RO","potentialAction":[{"@type":"ReadAction","target":["https:\/\/ski-outdoor.ro\/outdoor\/2022\/05\/27\/festivalul-sporturilor-iasi-15-17-iulie-un-nou-eveniment-sportiv-de-amploare-la-iasi-in-aceasta-vara\/"]}]},{"@type":"BreadcrumbList","@id":"https:\/\/ski-outdoor.ro\/outdoor\/2022\/05\/27\/festivalul-sporturilor-iasi-15-17-iulie-un-nou-eveniment-sportiv-de-amploare-la-iasi-in-aceasta-vara\/#breadcrumb","itemListElement":[{"@type":"ListItem","position":1,"name":"Home","item":"https:\/\/ski-outdoor.ro\/outdoor\/"},{"@type":"ListItem","position":2,"name":"Festivalul Sporturilor Ia\u0219i, 15 \u2013 17 iulie. Un nou eveniment sportiv de amploare la Ia\u0219i \u00een aceast\u0103 var\u0103"}]},{"@type":"Article","@id":"https:\/\/ski-outdoor.ro\/outdoor\/2022\/05\/27\/festivalul-sporturilor-iasi-15-17-iulie-un-nou-eveniment-sportiv-de-amploare-la-iasi-in-aceasta-vara\/#article","isPartOf":{"@id":"https:\/\/ski-outdoor.ro\/outdoor\/2022\/05\/27\/festivalul-sporturilor-iasi-15-17-iulie-un-nou-eveniment-sportiv-de-amploare-la-iasi-in-aceasta-vara\/#webpage"},"author":{"@id":"https:\/\/ski-outdoor.ro\/outdoor\/#\/schema\/person\/3d8c2382a34197255067399194217080"},"headline":"Festivalul Sporturilor Ia\u0219i, 15 \u2013 17 iulie. Un nou eveniment sportiv de amploare la Ia\u0219i \u00een aceast\u0103 var\u0103","datePublished":"2022-05-27T05:46:43+00:00","dateModified":"2022-05-27T05:46:43+00:00","mainEntityOfPage":{"@id":"https:\/\/ski-outdoor.ro\/outdoor\/2022\/05\/27\/festivalul-sporturilor-iasi-15-17-iulie-un-nou-eveniment-sportiv-de-amploare-la-iasi-in-aceasta-vara\/#webpage"},"wordCount":378,"commentCount":0,"publisher":{"@id":"https:\/\/ski-outdoor.ro\/outdoor\/#organization"},"image":{"@id":"https:\/\/ski-outdoor.ro\/outdoor\/2022\/05\/27\/festivalul-sporturilor-iasi-15-17-iulie-un-nou-eveniment-sportiv-de-amploare-la-iasi-in-aceasta-vara\/#primaryimage"},"thumbnailUrl":"https:\/\/ski-outdoor.ro\/outdoor\/wp-content\/uploads\/sites\/4\/2022\/05\/Festival_Iasi_-05.jpg","keywords":["alergare","ciclism","festivalul sporturilor","ia\u0219i","IMPACT Developer &amp; Contractor","probe","Schi \u0219i MTB","silviu balan","Tabere \u0219i Circuite de Alergare"],"articleSection":["Actualit\u0103\u021bi"],"inLanguage":"ro-RO","potentialAction":[{"@type":"CommentAction","name":"Comment","target":["https:\/\/ski-outdoor.ro\/outdoor\/2022\/05\/27\/festivalul-sporturilor-iasi-15-17-iulie-un-nou-eveniment-sportiv-de-amploare-la-iasi-in-aceasta-vara\/#respond"]}]},{"@type":"Person","@id":"https:\/\/ski-outdoor.ro\/outdoor\/#\/schema\/person\/3d8c2382a34197255067399194217080","name":"C\u0103lin Pop","image":{"@type":"ImageObject","@id":"https:\/\/ski-outdoor.ro\/outdoor\/#personlogo","inLanguage":"ro-RO","url":"https:\/\/secure.gravatar.com\/avatar\/44fa4e362161e127dec2a82f7585cbd5?s=96&d=mm&r=g","contentUrl":"https:\/\/secure.gravatar.com\/avatar\/44fa4e362161e127dec2a82f7585cbd5?s=96&d=mm&r=g","caption":"C\u0103lin Pop"},"url":"https:\/\/ski-outdoor.ro\/outdoor\/author\/calinpop\/"}]}},"_links":{"self":[{"href":"https:\/\/ski-outdoor.ro\/outdoor\/wp-json\/wp\/v2\/posts\/8380"}],"collection":[{"href":"https:\/\/ski-outdoor.ro\/outdoor\/wp-json\/wp\/v2\/posts"}],"about":[{"href":"https:\/\/ski-outdoor.ro\/outdoor\/wp-json\/wp\/v2\/types\/post"}],"author":[{"embeddable":true,"href":"https:\/\/ski-outdoor.ro\/outdoor\/wp-json\/wp\/v2\/users\/23"}],"replies":[{"embeddable":true,"href":"https:\/\/ski-outdoor.ro\/outdoor\/wp-json\/wp\/v2\/comments?post=8380"}],"version-history":[{"count":1,"href":"https:\/\/ski-outdoor.ro\/outdoor\/wp-json\/wp\/v2\/posts\/8380\/revisions"}],"predecessor-version":[{"id":8382,"href":"https:\/\/ski-outdoor.ro\/outdoor\/wp-json\/wp\/v2\/posts\/8380\/revisions\/8382"}],"wp:featuredmedia":[{"embeddable":true,"href":"https:\/\/ski-outdoor.ro\/outdoor\/wp-json\/wp\/v2\/media\/8381"}],"wp:attachment":[{"href":"https:\/\/ski-outdoor.ro\/outdoor\/wp-json\/wp\/v2\/media?parent=8380"}],"wp:term":[{"taxonomy":"category","embeddable":true,"href":"https:\/\/ski-outdoor.ro\/outdoor\/wp-json\/wp\/v2\/categories?post=8380"},{"taxonomy":"post_tag","embeddable":true,"href":"https:\/\/ski-outdoor.ro\/outdoor\/wp-json\/wp\/v2\/tags?post=8380"}],"curies":[{"name":"wp","href":"https:\/\/api.w.org\/{rel}","templated":true}]}}