{"id":8531,"date":"2022-06-14T06:35:11","date_gmt":"2022-06-14T06:35:11","guid":{"rendered":"https:\/\/ski-outdoor.ro\/outdoor\/?p=8531"},"modified":"2022-06-14T06:35:11","modified_gmt":"2022-06-14T06:35:11","slug":"rezultatele-primei-etape-a-cupei-nationale-de-downhill-desfasurata-la-marisel","status":"publish","type":"post","link":"https:\/\/ski-outdoor.ro\/outdoor\/2022\/06\/14\/rezultatele-primei-etape-a-cupei-nationale-de-downhill-desfasurata-la-marisel\/","title":{"rendered":"Rezultatele primei etape a Cupei Na\u021bionale de Downhill, desf\u0103\u0219urat\u0103 la M\u0103ri\u0219el"},"content":{"rendered":"<p><strong>Organizatorii Cupei Na\u021bionale de Downhill au anun\u021bat rezultatele primei etape a competi\u021biei care a avut loc \u00een perioada 10-12 iunie la M\u0103ri\u0219el.<\/strong><\/p>\n<p><img loading=\"lazy\" class=\"alignnone wp-image-8532 size-full\" src=\"https:\/\/ski-outdoor.ro\/outdoor\/wp-content\/uploads\/sites\/4\/2022\/06\/downhill-cupa-nationala-medalie.jpg\" alt=\"\" width=\"960\" height=\"640\" srcset=\"https:\/\/ski-outdoor.ro\/outdoor\/wp-content\/uploads\/sites\/4\/2022\/06\/downhill-cupa-nationala-medalie.jpg 960w, https:\/\/ski-outdoor.ro\/outdoor\/wp-content\/uploads\/sites\/4\/2022\/06\/downhill-cupa-nationala-medalie-300x200.jpg 300w, https:\/\/ski-outdoor.ro\/outdoor\/wp-content\/uploads\/sites\/4\/2022\/06\/downhill-cupa-nationala-medalie-768x512.jpg 768w, https:\/\/ski-outdoor.ro\/outdoor\/wp-content\/uploads\/sites\/4\/2022\/06\/downhill-cupa-nationala-medalie-370x247.jpg 370w, https:\/\/ski-outdoor.ro\/outdoor\/wp-content\/uploads\/sites\/4\/2022\/06\/downhill-cupa-nationala-medalie-270x180.jpg 270w, https:\/\/ski-outdoor.ro\/outdoor\/wp-content\/uploads\/sites\/4\/2022\/06\/downhill-cupa-nationala-medalie-570x380.jpg 570w, https:\/\/ski-outdoor.ro\/outdoor\/wp-content\/uploads\/sites\/4\/2022\/06\/downhill-cupa-nationala-medalie-770x513.jpg 770w, https:\/\/ski-outdoor.ro\/outdoor\/wp-content\/uploads\/sites\/4\/2022\/06\/downhill-cupa-nationala-medalie-870x580.jpg 870w\" sizes=\"(max-width: 960px) 100vw, 960px\" \/><\/p>\n<p>C\u00e2\u0219tig\u0103tori Cupa Na\u021bional\u0103 de Downhill, M\u0103ri\u0219el:<\/p>\n<p>OPEN 2<\/p>\n<ol>\n<li>Ciucus Lopez Alejandro 3:40.112<\/li>\n<li>Iacob George 3:40.377<\/li>\n<li>Partiu Vlad 3:42.244<\/li>\n<li>Boanta Jacob-Ryan 3:46.331<\/li>\n<li>Oltean Ianis Andrei 3:46.332<\/li>\n<\/ol>\n<p>OPEN 1<\/p>\n<ol>\n<li>Buzasu Vlad 3:30.418<\/li>\n<li>Pescaru Vlad 3:37:031<\/li>\n<li>Leu Marco 3:38.720<\/li>\n<li>Czeko Octavian 3:42.097<\/li>\n<li>Balan Mihai 3:49.520<\/li>\n<\/ol>\n<p>AMATORI<\/p>\n<ol>\n<li>Diaconu Andrei 3:25.334<\/li>\n<li>Stahie Dragos Marian 3:38.607<\/li>\n<li>Oprea Marius Cristian 3:42.774<\/li>\n<li>Mitroi Dragos 3:50.645<\/li>\n<li>Croitoru Matei 4:02.583<\/li>\n<\/ol>\n<p>COPII<\/p>\n<ol>\n<li>Pavel-Chical Teodor-Ciprian 3:42.668<\/li>\n<li>Banea Stefan 3:44.222<\/li>\n<li>Georgescu Fabio-Alexandru 3:46.131<\/li>\n<li>Duicu Matei Alexandru 3:51.257<\/li>\n<li>Apostolu Ovidiu 3:55.016<\/li>\n<\/ol>\n<p>CADE\u021aI<\/p>\n<ol>\n<li>Farcas Akos 3:21.161<\/li>\n<li>Hathazi Arthur 3:25.426<\/li>\n<li>Lazar Stefan 3:31.810<\/li>\n<li>Boer David 3:33.748<\/li>\n<li>Florian Moldovan 3:35.204<\/li>\n<\/ol>\n<p>FETE<\/p>\n<ol>\n<li>Moise Roxana-Teodora 4:09.206<\/li>\n<li>Holban Anca 4:34.708<\/li>\n<li>Matei Oana 5:31.932<\/li>\n<li>Chifa Florina-Dorina 5:34.071<\/li>\n<\/ol>\n<p>MASTER 2<\/p>\n<ol>\n<li>Constantin Toma 3:40.854<\/li>\n<li>Gheorghe Aurel-Florin 3:42.405<\/li>\n<li>Grecu Ionut 3:45.958<\/li>\n<li>Marian Sebastian-Claudiu 3:46.650<\/li>\n<li>Munteanu Maximilian 4:08.005<\/li>\n<\/ol>\n<p>MASTER 1<\/p>\n<ol>\n<li>Constantin Iordan 3:29.517<\/li>\n<li>Bodnar Ionut 3:34.563<\/li>\n<li>Rotariu Catalin 3:46.388<\/li>\n<li>Butuza Robert 3:49.393<\/li>\n<li>Catana Mircea-Valentin 3:53.049<\/li>\n<\/ol>\n<p>JUNIORI<\/p>\n<ol>\n<li>Panta Vlad-Rares 3:16.273<\/li>\n<li>Draghici Sebastian-Florentin 3:31.565<\/li>\n<li>Barbu Andrei David 3:42.519<\/li>\n<li>Florea Dan-Stefan 3:42.902<\/li>\n<li>Spatarelu Andrei 3:44.266<\/li>\n<\/ol>\n<p>ELITE<\/p>\n<ol>\n<li>Anitan Mihai-Andrei 3:14.591<\/li>\n<li>Bonta Remus Cristian 3:17.700<\/li>\n<li>Todor Catalin 3:22.992<\/li>\n<li>Muresan Alexandru-Ciprian 3:26.082<\/li>\n<li>Mititean alexandru-Mihai 3:26.125.<\/li>\n<\/ol>\n<blockquote><p><em>\u201ePrima edi\u021bie a Cupei Na\u021bionale de Downhill a fost un succes deplin \u0219i dorim s\u0103 felicit\u0103m to\u021bi participan\u021bii pentru performan\u021ba deosebit\u0103. Am avut parte de soare, de ploaie, de v\u00e2nt \u0219i de un traseu de-a dreptul s\u0103lbatic! Dup\u0103 cum bine \u0219ti\u021bi, concur\u0103m mul\u021bi, dar doar cei mai rapizi ajung pe podium sau l\u00e2ng\u0103 el\u201d<\/em>, au transmis organizatorii.<\/p><\/blockquote>\n<p>Competi\u021bia, organizat\u0103 \u00een acest an \u00een premier\u0103 la M\u0103ri\u0219el, va avea \u00een acest sezon, patru etape.<\/p>\n<p>Urm\u0103toarea etap\u0103 este programat\u0103 \u00eentre 24 \u0219i 26 iunie la Sinaia, a treia \u00eentre 22 \u0219i 24 iulie la Bistri\u021ba, iar ultima etap\u0103 este programat\u0103 la Cheile Gr\u0103di\u0219tei \u00een perioada 14-16 octombrie.<\/p>\n<p><em>Scris de: C\u0103lin Pop<\/em><\/p>\n<p><em>Foto: Facebook\/<a href=\"https:\/\/www.facebook.com\/LeDomeMarisel\" target=\"_blank\" rel=\"noopener\">Le Dome<\/a><\/em><\/p>\n","protected":false},"excerpt":{"rendered":"<p>Organizatorii Cupei Na\u021bionale de Downhill au anun\u021bat rezultatele primei etape a competi\u021biei care a avut loc \u00een perioada 10-12 iunie&#8230;<\/p>\n","protected":false},"author":23,"featured_media":8532,"comment_status":"open","ping_status":"open","sticky":false,"template":"","format":"standard","meta":[],"categories":[39],"tags":[3245,3570,3366,2185,930],"yoast_head":"<!-- This site is optimized with the Yoast SEO plugin v18.4.1 - https:\/\/yoast.com\/wordpress\/plugins\/seo\/ -->\n<title>Rezultatele primei etape a Cupei Na\u021bionale de Downhill, desf\u0103\u0219urat\u0103 la M\u0103ri\u0219el - Outdoor Magazine<\/title>\n<meta name=\"description\" content=\"Organizatorii Cupei Na\u021bionale de Downhill au anun\u021bat rezultatele primei etape care a avut loc \u00een perioada 10-12 iunie la M\u0103ri\u0219el.\" \/>\n<meta name=\"robots\" content=\"index, follow, max-snippet:-1, max-image-preview:large, max-video-preview:-1\" \/>\n<link rel=\"canonical\" href=\"https:\/\/ski-outdoor.ro\/outdoor\/2022\/06\/14\/rezultatele-primei-etape-a-cupei-nationale-de-downhill-desfasurata-la-marisel\/\" \/>\n<meta property=\"og:locale\" content=\"ro_RO\" \/>\n<meta property=\"og:type\" content=\"article\" \/>\n<meta property=\"og:title\" content=\"Rezultatele primei etape a Cupei Na\u021bionale de Downhill, desf\u0103\u0219urat\u0103 la M\u0103ri\u0219el - Outdoor Magazine\" \/>\n<meta property=\"og:description\" content=\"Organizatorii Cupei Na\u021bionale de Downhill au anun\u021bat rezultatele primei etape care a avut loc \u00een perioada 10-12 iunie la M\u0103ri\u0219el.\" \/>\n<meta property=\"og:url\" content=\"https:\/\/ski-outdoor.ro\/outdoor\/2022\/06\/14\/rezultatele-primei-etape-a-cupei-nationale-de-downhill-desfasurata-la-marisel\/\" \/>\n<meta property=\"og:site_name\" content=\"Outdoor Magazine\" \/>\n<meta property=\"article:publisher\" content=\"https:\/\/www.facebook.com\/skiandoutdoormagazine\" \/>\n<meta property=\"article:published_time\" content=\"2022-06-14T06:35:11+00:00\" \/>\n<meta property=\"og:image\" content=\"https:\/\/ski-outdoor.ro\/outdoor\/wp-content\/uploads\/sites\/4\/2022\/06\/downhill-cupa-nationala-medalie.jpg\" \/>\n\t<meta property=\"og:image:width\" content=\"960\" \/>\n\t<meta property=\"og:image:height\" content=\"640\" \/>\n\t<meta property=\"og:image:type\" content=\"image\/jpeg\" \/>\n<meta name=\"twitter:card\" content=\"summary_large_image\" \/>\n<meta name=\"twitter:label1\" content=\"Scris de\" \/>\n\t<meta name=\"twitter:data1\" content=\"C\u0103lin Pop\" \/>\n\t<meta name=\"twitter:label2\" content=\"Timp estimat pentru citire\" \/>\n\t<meta name=\"twitter:data2\" content=\"1 minut\" \/>\n<script type=\"application\/ld+json\" class=\"yoast-schema-graph\">{\"@context\":\"https:\/\/schema.org\",\"@graph\":[{\"@type\":\"Organization\",\"@id\":\"https:\/\/ski-outdoor.ro\/outdoor\/#organization\",\"name\":\"Ski & Outdoor Magazine\",\"url\":\"https:\/\/ski-outdoor.ro\/outdoor\/\",\"sameAs\":[\"https:\/\/www.facebook.com\/skiandoutdoormagazine\"],\"logo\":{\"@type\":\"ImageObject\",\"@id\":\"https:\/\/ski-outdoor.ro\/outdoor\/#logo\",\"inLanguage\":\"ro-RO\",\"url\":\"https:\/\/ski-outdoor.ro\/outdoor\/wp-content\/uploads\/sites\/4\/2019\/05\/logo-e1557923623153.png\",\"contentUrl\":\"https:\/\/ski-outdoor.ro\/outdoor\/wp-content\/uploads\/sites\/4\/2019\/05\/logo-e1557923623153.png\",\"width\":600,\"height\":165,\"caption\":\"Ski & Outdoor Magazine\"},\"image\":{\"@id\":\"https:\/\/ski-outdoor.ro\/outdoor\/#logo\"}},{\"@type\":\"WebSite\",\"@id\":\"https:\/\/ski-outdoor.ro\/outdoor\/#website\",\"url\":\"https:\/\/ski-outdoor.ro\/outdoor\/\",\"name\":\"Outdoor Magazine\",\"description\":\"\",\"publisher\":{\"@id\":\"https:\/\/ski-outdoor.ro\/outdoor\/#organization\"},\"potentialAction\":[{\"@type\":\"SearchAction\",\"target\":{\"@type\":\"EntryPoint\",\"urlTemplate\":\"https:\/\/ski-outdoor.ro\/outdoor\/?s={search_term_string}\"},\"query-input\":\"required name=search_term_string\"}],\"inLanguage\":\"ro-RO\"},{\"@type\":\"ImageObject\",\"@id\":\"https:\/\/ski-outdoor.ro\/outdoor\/2022\/06\/14\/rezultatele-primei-etape-a-cupei-nationale-de-downhill-desfasurata-la-marisel\/#primaryimage\",\"inLanguage\":\"ro-RO\",\"url\":\"https:\/\/ski-outdoor.ro\/outdoor\/wp-content\/uploads\/sites\/4\/2022\/06\/downhill-cupa-nationala-medalie.jpg\",\"contentUrl\":\"https:\/\/ski-outdoor.ro\/outdoor\/wp-content\/uploads\/sites\/4\/2022\/06\/downhill-cupa-nationala-medalie.jpg\",\"width\":960,\"height\":640},{\"@type\":\"WebPage\",\"@id\":\"https:\/\/ski-outdoor.ro\/outdoor\/2022\/06\/14\/rezultatele-primei-etape-a-cupei-nationale-de-downhill-desfasurata-la-marisel\/#webpage\",\"url\":\"https:\/\/ski-outdoor.ro\/outdoor\/2022\/06\/14\/rezultatele-primei-etape-a-cupei-nationale-de-downhill-desfasurata-la-marisel\/\",\"name\":\"Rezultatele primei etape a Cupei Na\u021bionale de Downhill, desf\u0103\u0219urat\u0103 la M\u0103ri\u0219el - Outdoor Magazine\",\"isPartOf\":{\"@id\":\"https:\/\/ski-outdoor.ro\/outdoor\/#website\"},\"primaryImageOfPage\":{\"@id\":\"https:\/\/ski-outdoor.ro\/outdoor\/2022\/06\/14\/rezultatele-primei-etape-a-cupei-nationale-de-downhill-desfasurata-la-marisel\/#primaryimage\"},\"datePublished\":\"2022-06-14T06:35:11+00:00\",\"dateModified\":\"2022-06-14T06:35:11+00:00\",\"description\":\"Organizatorii Cupei Na\u021bionale de Downhill au anun\u021bat rezultatele primei etape care a avut loc \u00een perioada 10-12 iunie la M\u0103ri\u0219el.\",\"breadcrumb\":{\"@id\":\"https:\/\/ski-outdoor.ro\/outdoor\/2022\/06\/14\/rezultatele-primei-etape-a-cupei-nationale-de-downhill-desfasurata-la-marisel\/#breadcrumb\"},\"inLanguage\":\"ro-RO\",\"potentialAction\":[{\"@type\":\"ReadAction\",\"target\":[\"https:\/\/ski-outdoor.ro\/outdoor\/2022\/06\/14\/rezultatele-primei-etape-a-cupei-nationale-de-downhill-desfasurata-la-marisel\/\"]}]},{\"@type\":\"BreadcrumbList\",\"@id\":\"https:\/\/ski-outdoor.ro\/outdoor\/2022\/06\/14\/rezultatele-primei-etape-a-cupei-nationale-de-downhill-desfasurata-la-marisel\/#breadcrumb\",\"itemListElement\":[{\"@type\":\"ListItem\",\"position\":1,\"name\":\"Home\",\"item\":\"https:\/\/ski-outdoor.ro\/outdoor\/\"},{\"@type\":\"ListItem\",\"position\":2,\"name\":\"Rezultatele primei etape a Cupei Na\u021bionale de Downhill, desf\u0103\u0219urat\u0103 la M\u0103ri\u0219el\"}]},{\"@type\":\"Article\",\"@id\":\"https:\/\/ski-outdoor.ro\/outdoor\/2022\/06\/14\/rezultatele-primei-etape-a-cupei-nationale-de-downhill-desfasurata-la-marisel\/#article\",\"isPartOf\":{\"@id\":\"https:\/\/ski-outdoor.ro\/outdoor\/2022\/06\/14\/rezultatele-primei-etape-a-cupei-nationale-de-downhill-desfasurata-la-marisel\/#webpage\"},\"author\":{\"@id\":\"https:\/\/ski-outdoor.ro\/outdoor\/#\/schema\/person\/3d8c2382a34197255067399194217080\"},\"headline\":\"Rezultatele primei etape a Cupei Na\u021bionale de Downhill, desf\u0103\u0219urat\u0103 la M\u0103ri\u0219el\",\"datePublished\":\"2022-06-14T06:35:11+00:00\",\"dateModified\":\"2022-06-14T06:35:11+00:00\",\"mainEntityOfPage\":{\"@id\":\"https:\/\/ski-outdoor.ro\/outdoor\/2022\/06\/14\/rezultatele-primei-etape-a-cupei-nationale-de-downhill-desfasurata-la-marisel\/#webpage\"},\"wordCount\":298,\"commentCount\":0,\"publisher\":{\"@id\":\"https:\/\/ski-outdoor.ro\/outdoor\/#organization\"},\"image\":{\"@id\":\"https:\/\/ski-outdoor.ro\/outdoor\/2022\/06\/14\/rezultatele-primei-etape-a-cupei-nationale-de-downhill-desfasurata-la-marisel\/#primaryimage\"},\"thumbnailUrl\":\"https:\/\/ski-outdoor.ro\/outdoor\/wp-content\/uploads\/sites\/4\/2022\/06\/downhill-cupa-nationala-medalie.jpg\",\"keywords\":[\"Bike Park M\u0103ri\u0219el\",\"cupa na\u021bional\u0103 de downhill\",\"m\u0103ri\u0219el\",\"organizatori\",\"rezultate\"],\"articleSection\":[\"Competi\u021bie\"],\"inLanguage\":\"ro-RO\",\"potentialAction\":[{\"@type\":\"CommentAction\",\"name\":\"Comment\",\"target\":[\"https:\/\/ski-outdoor.ro\/outdoor\/2022\/06\/14\/rezultatele-primei-etape-a-cupei-nationale-de-downhill-desfasurata-la-marisel\/#respond\"]}]},{\"@type\":\"Person\",\"@id\":\"https:\/\/ski-outdoor.ro\/outdoor\/#\/schema\/person\/3d8c2382a34197255067399194217080\",\"name\":\"C\u0103lin Pop\",\"image\":{\"@type\":\"ImageObject\",\"@id\":\"https:\/\/ski-outdoor.ro\/outdoor\/#personlogo\",\"inLanguage\":\"ro-RO\",\"url\":\"https:\/\/secure.gravatar.com\/avatar\/44fa4e362161e127dec2a82f7585cbd5?s=96&d=mm&r=g\",\"contentUrl\":\"https:\/\/secure.gravatar.com\/avatar\/44fa4e362161e127dec2a82f7585cbd5?s=96&d=mm&r=g\",\"caption\":\"C\u0103lin Pop\"},\"url\":\"https:\/\/ski-outdoor.ro\/outdoor\/author\/calinpop\/\"}]}<\/script>\n<!-- \/ Yoast SEO plugin. -->","yoast_head_json":{"title":"Rezultatele primei etape a Cupei Na\u021bionale de Downhill, desf\u0103\u0219urat\u0103 la M\u0103ri\u0219el - Outdoor Magazine","description":"Organizatorii Cupei Na\u021bionale de Downhill au anun\u021bat rezultatele primei etape care a avut loc \u00een perioada 10-12 iunie la M\u0103ri\u0219el.","robots":{"index":"index","follow":"follow","max-snippet":"max-snippet:-1","max-image-preview":"max-image-preview:large","max-video-preview":"max-video-preview:-1"},"canonical":"https:\/\/ski-outdoor.ro\/outdoor\/2022\/06\/14\/rezultatele-primei-etape-a-cupei-nationale-de-downhill-desfasurata-la-marisel\/","og_locale":"ro_RO","og_type":"article","og_title":"Rezultatele primei etape a Cupei Na\u021bionale de Downhill, desf\u0103\u0219urat\u0103 la M\u0103ri\u0219el - Outdoor Magazine","og_description":"Organizatorii Cupei Na\u021bionale de Downhill au anun\u021bat rezultatele primei etape care a avut loc \u00een perioada 10-12 iunie la M\u0103ri\u0219el.","og_url":"https:\/\/ski-outdoor.ro\/outdoor\/2022\/06\/14\/rezultatele-primei-etape-a-cupei-nationale-de-downhill-desfasurata-la-marisel\/","og_site_name":"Outdoor Magazine","article_publisher":"https:\/\/www.facebook.com\/skiandoutdoormagazine","article_published_time":"2022-06-14T06:35:11+00:00","og_image":[{"width":960,"height":640,"url":"https:\/\/ski-outdoor.ro\/outdoor\/wp-content\/uploads\/sites\/4\/2022\/06\/downhill-cupa-nationala-medalie.jpg","type":"image\/jpeg"}],"twitter_card":"summary_large_image","twitter_misc":{"Scris de":"C\u0103lin Pop","Timp estimat pentru citire":"1 minut"},"schema":{"@context":"https:\/\/schema.org","@graph":[{"@type":"Organization","@id":"https:\/\/ski-outdoor.ro\/outdoor\/#organization","name":"Ski & Outdoor Magazine","url":"https:\/\/ski-outdoor.ro\/outdoor\/","sameAs":["https:\/\/www.facebook.com\/skiandoutdoormagazine"],"logo":{"@type":"ImageObject","@id":"https:\/\/ski-outdoor.ro\/outdoor\/#logo","inLanguage":"ro-RO","url":"https:\/\/ski-outdoor.ro\/outdoor\/wp-content\/uploads\/sites\/4\/2019\/05\/logo-e1557923623153.png","contentUrl":"https:\/\/ski-outdoor.ro\/outdoor\/wp-content\/uploads\/sites\/4\/2019\/05\/logo-e1557923623153.png","width":600,"height":165,"caption":"Ski & Outdoor Magazine"},"image":{"@id":"https:\/\/ski-outdoor.ro\/outdoor\/#logo"}},{"@type":"WebSite","@id":"https:\/\/ski-outdoor.ro\/outdoor\/#website","url":"https:\/\/ski-outdoor.ro\/outdoor\/","name":"Outdoor Magazine","description":"","publisher":{"@id":"https:\/\/ski-outdoor.ro\/outdoor\/#organization"},"potentialAction":[{"@type":"SearchAction","target":{"@type":"EntryPoint","urlTemplate":"https:\/\/ski-outdoor.ro\/outdoor\/?s={search_term_string}"},"query-input":"required name=search_term_string"}],"inLanguage":"ro-RO"},{"@type":"ImageObject","@id":"https:\/\/ski-outdoor.ro\/outdoor\/2022\/06\/14\/rezultatele-primei-etape-a-cupei-nationale-de-downhill-desfasurata-la-marisel\/#primaryimage","inLanguage":"ro-RO","url":"https:\/\/ski-outdoor.ro\/outdoor\/wp-content\/uploads\/sites\/4\/2022\/06\/downhill-cupa-nationala-medalie.jpg","contentUrl":"https:\/\/ski-outdoor.ro\/outdoor\/wp-content\/uploads\/sites\/4\/2022\/06\/downhill-cupa-nationala-medalie.jpg","width":960,"height":640},{"@type":"WebPage","@id":"https:\/\/ski-outdoor.ro\/outdoor\/2022\/06\/14\/rezultatele-primei-etape-a-cupei-nationale-de-downhill-desfasurata-la-marisel\/#webpage","url":"https:\/\/ski-outdoor.ro\/outdoor\/2022\/06\/14\/rezultatele-primei-etape-a-cupei-nationale-de-downhill-desfasurata-la-marisel\/","name":"Rezultatele primei etape a Cupei Na\u021bionale de Downhill, desf\u0103\u0219urat\u0103 la M\u0103ri\u0219el - Outdoor Magazine","isPartOf":{"@id":"https:\/\/ski-outdoor.ro\/outdoor\/#website"},"primaryImageOfPage":{"@id":"https:\/\/ski-outdoor.ro\/outdoor\/2022\/06\/14\/rezultatele-primei-etape-a-cupei-nationale-de-downhill-desfasurata-la-marisel\/#primaryimage"},"datePublished":"2022-06-14T06:35:11+00:00","dateModified":"2022-06-14T06:35:11+00:00","description":"Organizatorii Cupei Na\u021bionale de Downhill au anun\u021bat rezultatele primei etape care a avut loc \u00een perioada 10-12 iunie la M\u0103ri\u0219el.","breadcrumb":{"@id":"https:\/\/ski-outdoor.ro\/outdoor\/2022\/06\/14\/rezultatele-primei-etape-a-cupei-nationale-de-downhill-desfasurata-la-marisel\/#breadcrumb"},"inLanguage":"ro-RO","potentialAction":[{"@type":"ReadAction","target":["https:\/\/ski-outdoor.ro\/outdoor\/2022\/06\/14\/rezultatele-primei-etape-a-cupei-nationale-de-downhill-desfasurata-la-marisel\/"]}]},{"@type":"BreadcrumbList","@id":"https:\/\/ski-outdoor.ro\/outdoor\/2022\/06\/14\/rezultatele-primei-etape-a-cupei-nationale-de-downhill-desfasurata-la-marisel\/#breadcrumb","itemListElement":[{"@type":"ListItem","position":1,"name":"Home","item":"https:\/\/ski-outdoor.ro\/outdoor\/"},{"@type":"ListItem","position":2,"name":"Rezultatele primei etape a Cupei Na\u021bionale de Downhill, desf\u0103\u0219urat\u0103 la M\u0103ri\u0219el"}]},{"@type":"Article","@id":"https:\/\/ski-outdoor.ro\/outdoor\/2022\/06\/14\/rezultatele-primei-etape-a-cupei-nationale-de-downhill-desfasurata-la-marisel\/#article","isPartOf":{"@id":"https:\/\/ski-outdoor.ro\/outdoor\/2022\/06\/14\/rezultatele-primei-etape-a-cupei-nationale-de-downhill-desfasurata-la-marisel\/#webpage"},"author":{"@id":"https:\/\/ski-outdoor.ro\/outdoor\/#\/schema\/person\/3d8c2382a34197255067399194217080"},"headline":"Rezultatele primei etape a Cupei Na\u021bionale de Downhill, desf\u0103\u0219urat\u0103 la M\u0103ri\u0219el","datePublished":"2022-06-14T06:35:11+00:00","dateModified":"2022-06-14T06:35:11+00:00","mainEntityOfPage":{"@id":"https:\/\/ski-outdoor.ro\/outdoor\/2022\/06\/14\/rezultatele-primei-etape-a-cupei-nationale-de-downhill-desfasurata-la-marisel\/#webpage"},"wordCount":298,"commentCount":0,"publisher":{"@id":"https:\/\/ski-outdoor.ro\/outdoor\/#organization"},"image":{"@id":"https:\/\/ski-outdoor.ro\/outdoor\/2022\/06\/14\/rezultatele-primei-etape-a-cupei-nationale-de-downhill-desfasurata-la-marisel\/#primaryimage"},"thumbnailUrl":"https:\/\/ski-outdoor.ro\/outdoor\/wp-content\/uploads\/sites\/4\/2022\/06\/downhill-cupa-nationala-medalie.jpg","keywords":["Bike Park M\u0103ri\u0219el","cupa na\u021bional\u0103 de downhill","m\u0103ri\u0219el","organizatori","rezultate"],"articleSection":["Competi\u021bie"],"inLanguage":"ro-RO","potentialAction":[{"@type":"CommentAction","name":"Comment","target":["https:\/\/ski-outdoor.ro\/outdoor\/2022\/06\/14\/rezultatele-primei-etape-a-cupei-nationale-de-downhill-desfasurata-la-marisel\/#respond"]}]},{"@type":"Person","@id":"https:\/\/ski-outdoor.ro\/outdoor\/#\/schema\/person\/3d8c2382a34197255067399194217080","name":"C\u0103lin Pop","image":{"@type":"ImageObject","@id":"https:\/\/ski-outdoor.ro\/outdoor\/#personlogo","inLanguage":"ro-RO","url":"https:\/\/secure.gravatar.com\/avatar\/44fa4e362161e127dec2a82f7585cbd5?s=96&d=mm&r=g","contentUrl":"https:\/\/secure.gravatar.com\/avatar\/44fa4e362161e127dec2a82f7585cbd5?s=96&d=mm&r=g","caption":"C\u0103lin Pop"},"url":"https:\/\/ski-outdoor.ro\/outdoor\/author\/calinpop\/"}]}},"_links":{"self":[{"href":"https:\/\/ski-outdoor.ro\/outdoor\/wp-json\/wp\/v2\/posts\/8531"}],"collection":[{"href":"https:\/\/ski-outdoor.ro\/outdoor\/wp-json\/wp\/v2\/posts"}],"about":[{"href":"https:\/\/ski-outdoor.ro\/outdoor\/wp-json\/wp\/v2\/types\/post"}],"author":[{"embeddable":true,"href":"https:\/\/ski-outdoor.ro\/outdoor\/wp-json\/wp\/v2\/users\/23"}],"replies":[{"embeddable":true,"href":"https:\/\/ski-outdoor.ro\/outdoor\/wp-json\/wp\/v2\/comments?post=8531"}],"version-history":[{"count":1,"href":"https:\/\/ski-outdoor.ro\/outdoor\/wp-json\/wp\/v2\/posts\/8531\/revisions"}],"predecessor-version":[{"id":8533,"href":"https:\/\/ski-outdoor.ro\/outdoor\/wp-json\/wp\/v2\/posts\/8531\/revisions\/8533"}],"wp:featuredmedia":[{"embeddable":true,"href":"https:\/\/ski-outdoor.ro\/outdoor\/wp-json\/wp\/v2\/media\/8532"}],"wp:attachment":[{"href":"https:\/\/ski-outdoor.ro\/outdoor\/wp-json\/wp\/v2\/media?parent=8531"}],"wp:term":[{"taxonomy":"category","embeddable":true,"href":"https:\/\/ski-outdoor.ro\/outdoor\/wp-json\/wp\/v2\/categories?post=8531"},{"taxonomy":"post_tag","embeddable":true,"href":"https:\/\/ski-outdoor.ro\/outdoor\/wp-json\/wp\/v2\/tags?post=8531"}],"curies":[{"name":"wp","href":"https:\/\/api.w.org\/{rel}","templated":true}]}}