{"id":9037,"date":"2022-09-06T11:56:49","date_gmt":"2022-09-06T11:56:49","guid":{"rendered":"https:\/\/ski-outdoor.ro\/outdoor\/?p=9037"},"modified":"2022-09-06T11:56:49","modified_gmt":"2022-09-06T11:56:49","slug":"incepe-alpin-film-festival","status":"publish","type":"post","link":"https:\/\/ski-outdoor.ro\/outdoor\/2022\/09\/06\/incepe-alpin-film-festival\/","title":{"rendered":"\u00cencepe Alpin Film Festival"},"content":{"rendered":"<p><strong>De ast\u0103zi p\u00e2n\u0103 duminic\u0103, \u00een Bra\u0219ov are loc a \u0219aptea edi\u021bie a Alpin Film Festival, cel mai a\u0219teptat eveniment dedicat muntelui din Rom\u00e2nia.<\/strong><\/p>\n<p><img loading=\"lazy\" class=\"alignnone wp-image-9038 size-full\" src=\"https:\/\/ski-outdoor.ro\/outdoor\/wp-content\/uploads\/sites\/4\/2022\/09\/alpin-film-festival.png\" alt=\"\" width=\"960\" height=\"540\" srcset=\"https:\/\/ski-outdoor.ro\/outdoor\/wp-content\/uploads\/sites\/4\/2022\/09\/alpin-film-festival.png 960w, https:\/\/ski-outdoor.ro\/outdoor\/wp-content\/uploads\/sites\/4\/2022\/09\/alpin-film-festival-300x169.png 300w, https:\/\/ski-outdoor.ro\/outdoor\/wp-content\/uploads\/sites\/4\/2022\/09\/alpin-film-festival-768x432.png 768w, https:\/\/ski-outdoor.ro\/outdoor\/wp-content\/uploads\/sites\/4\/2022\/09\/alpin-film-festival-330x185.png 330w, https:\/\/ski-outdoor.ro\/outdoor\/wp-content\/uploads\/sites\/4\/2022\/09\/alpin-film-festival-370x208.png 370w, https:\/\/ski-outdoor.ro\/outdoor\/wp-content\/uploads\/sites\/4\/2022\/09\/alpin-film-festival-570x321.png 570w, https:\/\/ski-outdoor.ro\/outdoor\/wp-content\/uploads\/sites\/4\/2022\/09\/alpin-film-festival-770x433.png 770w\" sizes=\"(max-width: 960px) 100vw, 960px\" \/><\/p>\n<p>Programul cuprinde zeci de filme, ateliere montane, expozitii foto, prezent\u0103ri de echipamente, lans\u0103ri de carte, decern\u0103ri de premii \u0219i multe alte surprize.<\/p>\n<p>Programul festivalului este urm\u0103torul:<\/p>\n<p><strong>Marti, 6 septembrie<\/strong><\/p>\n<p>ora 19.00 &#8211; Horia Colib\u0103\u0219anu \u2013 Expedi\u021bia Kangengjunga 2022<\/p>\n<p>ora 20.30 \u2013 Film de deschidere \u2013 K2 Italia, proiec\u021bie oferit\u0103 de Clubul Alpin Rom\u00e2n \u2013 Bra\u0219ov, \u00een parteneriat cu CAI (Clubul Aplin Italian) Cinema One \u2013 Coresi Shopping Resort.<\/p>\n<p>&nbsp;<\/p>\n<p><strong>Miercuri, 7 septembrie<\/strong><\/p>\n<p>Vernisaj expozitie foto SKV<\/p>\n<p>ora 18.00 \u2013 19.15 &#8211; Conferin\u021ba SKV Promotori bra\u0219oveni ai turismului \u201everde\u201d \u2013 oameni \u0219i fapte<\/p>\n<p>Decernare titluri de excelen\u021b\u0103 (Cinema ASTRA)<\/p>\n<p>ora 19.30 \u2013 Proiec\u021bie Gunes! (Georgia)\/ Geamana (Germania)\/ Aware ( Spania)<br \/>\nCinema Astra<br \/>\nora 19.00 \u2013 20.30 &#8211; Proiec\u021bie &#8211; Grota (Italia)<br \/>\n&#8211; prezint\u0103 Cristian Lascu<\/p>\n<p>20.30 \u2013 21.30 \u2013 Yukon Visul Alb (Fran\u021ba)<br \/>\nCentrul Cultural Reduta Bra\u0219ov<\/p>\n<p>ora 20.30 \u2013 Proiec\u021bie film\u2013 Artifishal (by Patagonia)<br \/>\nPia\u021ba Brassai \u2013 Bra\u0219ov<\/p>\n<p>&nbsp;<\/p>\n<p><strong>Joi, 8 septembrie<\/strong><\/p>\n<p>ora 17.00 \u2013 19.00 \u2013 Un Munte de Carte lansare carte<br \/>\nPia\u021ba Brassai<\/p>\n<p>ora 19.00 \u2013 21.00 \u2013 Proiec\u021bii filme Montura &#8211; invitat special ambasador Montura<br \/>\nCinema REDUTA<\/p>\n<p>ora 18.30 \u2013 21.00 Proiec\u021bie film &#8211; Akenji (77 min) \/ The Andean Screen (48 min)<br \/>\nCinema ASTRA<\/p>\n<p>ora 20.30 \u2013 Proiec\u021bie film \u2013 Povestea Rom\u00e2nia s\u0103lbatic\u0103<\/p>\n<p>Pia\u021ba Brassai \u2013 Bra\u0219ov<\/p>\n<p>&nbsp;<\/p>\n<p><strong>Vineri, 9 septembrie<\/strong><\/p>\n<p>ora 12.00 \u2013 17.00 &#8211; ateliere interactive<br \/>\nPia\u021ba Brassai<\/p>\n<p>ora 12.30 \u201314.30 &#8211; Un Munte de Carte \u2013 lansare carte<br \/>\nPia\u021ba Brassai<\/p>\n<p>ora 19.00 \u2013 20.30 Proiec\u021bie film \u2013 Adam Ondra (77 min) (Cehia)<br \/>\ncu sprijinul Centrului Ceh Bucuresti<br \/>\nCinema Reduta<\/p>\n<p>ora 19.30 \u2013 22.00 \u2013 Proiec\u021bie film \u2013 Kilimanjaro \/ North Shore Betty \/ Vanishing<br \/>\nCinema Astra<\/p>\n<p>ora 20.30 \u2013 22.00 Proiec\u021bie film Anwar \u2013 70 min<br \/>\nCinema Reduta<\/p>\n<p>ora 19.00 &#8211; 21.00 \/ Proiec\u021bie Film\u00a0Amza Pellea R\u00e2\u0219nov<\/p>\n<p>ora 20.30 \u2013 22.30\/ Proiec\u021bie film \u2013 Oamenii Drumului: Terra Banatica Via Transilvania<\/p>\n<p>Terasa AFI Bra\u0219ov<\/p>\n<p>ora 20.30 \u2013 Proiectie Film<br \/>\nPredeal Parcul Central<\/p>\n<p>&nbsp;<\/p>\n<p><strong>S\u00e2mb\u0103t\u0103, 10 septembrie<\/strong><\/p>\n<p>-\u00eencepand cu ora 11.00 \u2013 Turn c\u0103t\u0103rare 8 m power by Catena &#8211; Atelier de climbing \u201esupravegheat\u201d de Climb Again \u0219i Clubul Alpin Rom\u00e2n &#8211;<br \/>\nParcul Central Bra\u0219ov<\/p>\n<p>ora 12.00 \u2013 17.00 &#8211; ateliere interactive<br \/>\nPia\u021ba Brassai<\/p>\n<p>ora 13.00 \u2013 Prezentare SKV &#8211; Mobilitate lent\u0103 \u2013 drume\u021bie \u201ePremium\u201d la Bra\u0219ov.<br \/>\nCinema Astra<\/p>\n<p>ora 15.00 &#8211; Un Munte de Carte lansare carte<br \/>\nPia\u021ba Brassai<\/p>\n<p>ora 16.00 \u2013 17.30 \u2013 Proiectie film Encordes (106 min)<br \/>\nCentrul Cultural Reduta<\/p>\n<p>17.00 &#8211; 19.00 \u2013 Filme Competi\u021bia Rom\u00e2neasc\u0103<br \/>\nCinema Astra<\/p>\n<p>ora 18.00 \u2013 20.00 \/ Conferin\u021ba Managementul gunoiului \u00een zona montan\u0103<br \/>\nCentrul Cultural Reduta Bra\u0219ov<\/p>\n<p>&nbsp;<\/p>\n<p><strong>GALA DE PREMIERE ALPIN FILM FESTIVAL<\/strong><\/p>\n<p>ora 20.30 \u2013 Proiec\u021bie film \u2013 Pantere Des Neiges (Fran\u021ba)<\/p>\n<p>ora 21.00 \u2013 Proiec\u021bie film Premiat<br \/>\nPia\u021ba Brassai<\/p>\n<p>ora 19.00- 21.00 \u2013 Proiec\u021bie Film Amza Pellea R\u00e2\u0219nov<\/p>\n<p>ora 20.30 \u2013 Proiec\u021bie film<br \/>\nPredeal Parcul Central<\/p>\n<p>&nbsp;<\/p>\n<p><strong>Duminic\u0103, 11 septembrie<\/strong><br \/>\n-\u00eencep\u00e2nd cu ora 11.00 \u2013 Turn c\u0103\u021b\u0103rare 8 m power by Catena &#8211; Atelier de climbing \u201esupravegheat\u201d de Climb Again \u0219i Clubul Alpin Rom\u00e2n &#8211;<br \/>\nParcul Central Bra\u0219ov<\/p>\n<p>ora 12.00 \u2013 17.00 &#8211; ateliere interactive<br \/>\nPia\u021ba Brassai<\/p>\n<p>19.00 \u2013 21.00 \u2013 Film surpriz\u0103<\/p>\n<p>Mai multe informa\u021bii pe site-ul evenimentului <a href=\"https:\/\/alpinfilmfestival.ro\/\">https:\/\/alpinfilmfestival.ro\/<\/a> \u0219i pe pagina de Facebook dedicat\u0103 <a href=\"https:\/\/www.facebook.com\/events\/399696575437119?acontext=%7B%22event_action_history%22%3A%5b%7B%22extra_data%22%3A%22%22%2C%22mechanism%22%253\">https:\/\/www.facebook.com\/events\/399696575437119?acontext=%7B%22event_action_history%22%3A[%7B%22extra_data%22%3A%22%22%2C%22mechanism%22%3<\/a>.<\/p>\n<p><em>Scris de: Vasi Cipcigan<\/em><\/p>\n<p><strong>\u00a0\u00a0\u00a0\u00a0\u00a0\u00a0\u00a0\u00a0\u00a0 <\/strong><\/p>\n<p>&nbsp;<\/p>\n<p>&nbsp;<\/p>\n<p>&nbsp;<\/p>\n","protected":false},"excerpt":{"rendered":"<p>De ast\u0103zi p\u00e2n\u0103 duminic\u0103, \u00een Bra\u0219ov are loc a \u0219aptea edi\u021bie a Alpin Film Festival, cel mai a\u0219teptat eveniment dedicat&#8230;<\/p>\n","protected":false},"author":23,"featured_media":9038,"comment_status":"open","ping_status":"open","sticky":false,"template":"","format":"standard","meta":[],"categories":[1817],"tags":[1748,3138,2136,1008,3834],"yoast_head":"<!-- This site is optimized with the Yoast SEO plugin v18.4.1 - https:\/\/yoast.com\/wordpress\/plugins\/seo\/ -->\n<title>\u00cencepe Alpin Film Festival - Outdoor Magazine<\/title>\n<meta name=\"description\" content=\"De ast\u0103zi p\u00e2n\u0103 duminic\u0103, \u00een Bra\u0219ov are loc a \u0219aptea edi\u021bie a Alpin Film Festival, cel mai a\u0219teptat eveniment dedicat muntelui din Rom\u00e2nia.\" \/>\n<meta name=\"robots\" content=\"index, follow, max-snippet:-1, max-image-preview:large, max-video-preview:-1\" \/>\n<link rel=\"canonical\" href=\"https:\/\/ski-outdoor.ro\/outdoor\/2022\/09\/06\/incepe-alpin-film-festival\/\" \/>\n<meta property=\"og:locale\" content=\"ro_RO\" \/>\n<meta property=\"og:type\" content=\"article\" \/>\n<meta property=\"og:title\" content=\"\u00cencepe Alpin Film Festival - Outdoor Magazine\" \/>\n<meta property=\"og:description\" content=\"De ast\u0103zi p\u00e2n\u0103 duminic\u0103, \u00een Bra\u0219ov are loc a \u0219aptea edi\u021bie a Alpin Film Festival, cel mai a\u0219teptat eveniment dedicat muntelui din Rom\u00e2nia.\" \/>\n<meta property=\"og:url\" content=\"https:\/\/ski-outdoor.ro\/outdoor\/2022\/09\/06\/incepe-alpin-film-festival\/\" \/>\n<meta property=\"og:site_name\" content=\"Outdoor Magazine\" \/>\n<meta property=\"article:publisher\" content=\"https:\/\/www.facebook.com\/skiandoutdoormagazine\" \/>\n<meta property=\"article:published_time\" content=\"2022-09-06T11:56:49+00:00\" \/>\n<meta property=\"og:image\" content=\"https:\/\/ski-outdoor.ro\/outdoor\/wp-content\/uploads\/sites\/4\/2022\/09\/alpin-film-festival.png\" \/>\n\t<meta property=\"og:image:width\" content=\"960\" \/>\n\t<meta property=\"og:image:height\" content=\"540\" \/>\n\t<meta property=\"og:image:type\" content=\"image\/png\" \/>\n<meta name=\"twitter:card\" content=\"summary_large_image\" \/>\n<meta name=\"twitter:label1\" content=\"Scris de\" \/>\n\t<meta name=\"twitter:data1\" content=\"C\u0103lin Pop\" \/>\n\t<meta name=\"twitter:label2\" content=\"Timp estimat pentru citire\" \/>\n\t<meta name=\"twitter:data2\" content=\"3 minute\" \/>\n<script type=\"application\/ld+json\" class=\"yoast-schema-graph\">{\"@context\":\"https:\/\/schema.org\",\"@graph\":[{\"@type\":\"Organization\",\"@id\":\"https:\/\/ski-outdoor.ro\/outdoor\/#organization\",\"name\":\"Ski & Outdoor Magazine\",\"url\":\"https:\/\/ski-outdoor.ro\/outdoor\/\",\"sameAs\":[\"https:\/\/www.facebook.com\/skiandoutdoormagazine\"],\"logo\":{\"@type\":\"ImageObject\",\"@id\":\"https:\/\/ski-outdoor.ro\/outdoor\/#logo\",\"inLanguage\":\"ro-RO\",\"url\":\"https:\/\/ski-outdoor.ro\/outdoor\/wp-content\/uploads\/sites\/4\/2019\/05\/logo-e1557923623153.png\",\"contentUrl\":\"https:\/\/ski-outdoor.ro\/outdoor\/wp-content\/uploads\/sites\/4\/2019\/05\/logo-e1557923623153.png\",\"width\":600,\"height\":165,\"caption\":\"Ski & Outdoor Magazine\"},\"image\":{\"@id\":\"https:\/\/ski-outdoor.ro\/outdoor\/#logo\"}},{\"@type\":\"WebSite\",\"@id\":\"https:\/\/ski-outdoor.ro\/outdoor\/#website\",\"url\":\"https:\/\/ski-outdoor.ro\/outdoor\/\",\"name\":\"Outdoor Magazine\",\"description\":\"\",\"publisher\":{\"@id\":\"https:\/\/ski-outdoor.ro\/outdoor\/#organization\"},\"potentialAction\":[{\"@type\":\"SearchAction\",\"target\":{\"@type\":\"EntryPoint\",\"urlTemplate\":\"https:\/\/ski-outdoor.ro\/outdoor\/?s={search_term_string}\"},\"query-input\":\"required name=search_term_string\"}],\"inLanguage\":\"ro-RO\"},{\"@type\":\"ImageObject\",\"@id\":\"https:\/\/ski-outdoor.ro\/outdoor\/2022\/09\/06\/incepe-alpin-film-festival\/#primaryimage\",\"inLanguage\":\"ro-RO\",\"url\":\"https:\/\/ski-outdoor.ro\/outdoor\/wp-content\/uploads\/sites\/4\/2022\/09\/alpin-film-festival.png\",\"contentUrl\":\"https:\/\/ski-outdoor.ro\/outdoor\/wp-content\/uploads\/sites\/4\/2022\/09\/alpin-film-festival.png\",\"width\":960,\"height\":540},{\"@type\":\"WebPage\",\"@id\":\"https:\/\/ski-outdoor.ro\/outdoor\/2022\/09\/06\/incepe-alpin-film-festival\/#webpage\",\"url\":\"https:\/\/ski-outdoor.ro\/outdoor\/2022\/09\/06\/incepe-alpin-film-festival\/\",\"name\":\"\u00cencepe Alpin Film Festival - Outdoor Magazine\",\"isPartOf\":{\"@id\":\"https:\/\/ski-outdoor.ro\/outdoor\/#website\"},\"primaryImageOfPage\":{\"@id\":\"https:\/\/ski-outdoor.ro\/outdoor\/2022\/09\/06\/incepe-alpin-film-festival\/#primaryimage\"},\"datePublished\":\"2022-09-06T11:56:49+00:00\",\"dateModified\":\"2022-09-06T11:56:49+00:00\",\"description\":\"De ast\u0103zi p\u00e2n\u0103 duminic\u0103, \u00een Bra\u0219ov are loc a \u0219aptea edi\u021bie a Alpin Film Festival, cel mai a\u0219teptat eveniment dedicat muntelui din Rom\u00e2nia.\",\"breadcrumb\":{\"@id\":\"https:\/\/ski-outdoor.ro\/outdoor\/2022\/09\/06\/incepe-alpin-film-festival\/#breadcrumb\"},\"inLanguage\":\"ro-RO\",\"potentialAction\":[{\"@type\":\"ReadAction\",\"target\":[\"https:\/\/ski-outdoor.ro\/outdoor\/2022\/09\/06\/incepe-alpin-film-festival\/\"]}]},{\"@type\":\"BreadcrumbList\",\"@id\":\"https:\/\/ski-outdoor.ro\/outdoor\/2022\/09\/06\/incepe-alpin-film-festival\/#breadcrumb\",\"itemListElement\":[{\"@type\":\"ListItem\",\"position\":1,\"name\":\"Home\",\"item\":\"https:\/\/ski-outdoor.ro\/outdoor\/\"},{\"@type\":\"ListItem\",\"position\":2,\"name\":\"\u00cencepe Alpin Film Festival\"}]},{\"@type\":\"Article\",\"@id\":\"https:\/\/ski-outdoor.ro\/outdoor\/2022\/09\/06\/incepe-alpin-film-festival\/#article\",\"isPartOf\":{\"@id\":\"https:\/\/ski-outdoor.ro\/outdoor\/2022\/09\/06\/incepe-alpin-film-festival\/#webpage\"},\"author\":{\"@id\":\"https:\/\/ski-outdoor.ro\/outdoor\/#\/schema\/person\/3d8c2382a34197255067399194217080\"},\"headline\":\"\u00cencepe Alpin Film Festival\",\"datePublished\":\"2022-09-06T11:56:49+00:00\",\"dateModified\":\"2022-09-06T11:56:49+00:00\",\"mainEntityOfPage\":{\"@id\":\"https:\/\/ski-outdoor.ro\/outdoor\/2022\/09\/06\/incepe-alpin-film-festival\/#webpage\"},\"wordCount\":526,\"commentCount\":0,\"publisher\":{\"@id\":\"https:\/\/ski-outdoor.ro\/outdoor\/#organization\"},\"image\":{\"@id\":\"https:\/\/ski-outdoor.ro\/outdoor\/2022\/09\/06\/incepe-alpin-film-festival\/#primaryimage\"},\"thumbnailUrl\":\"https:\/\/ski-outdoor.ro\/outdoor\/wp-content\/uploads\/sites\/4\/2022\/09\/alpin-film-festival.png\",\"keywords\":[\"alpin film festival\",\"bra\u0219ov\",\"carte\",\"filme\",\"gala de premiere\"],\"articleSection\":[\"Actualit\u0103\u021bi\"],\"inLanguage\":\"ro-RO\",\"potentialAction\":[{\"@type\":\"CommentAction\",\"name\":\"Comment\",\"target\":[\"https:\/\/ski-outdoor.ro\/outdoor\/2022\/09\/06\/incepe-alpin-film-festival\/#respond\"]}]},{\"@type\":\"Person\",\"@id\":\"https:\/\/ski-outdoor.ro\/outdoor\/#\/schema\/person\/3d8c2382a34197255067399194217080\",\"name\":\"C\u0103lin Pop\",\"image\":{\"@type\":\"ImageObject\",\"@id\":\"https:\/\/ski-outdoor.ro\/outdoor\/#personlogo\",\"inLanguage\":\"ro-RO\",\"url\":\"https:\/\/secure.gravatar.com\/avatar\/44fa4e362161e127dec2a82f7585cbd5?s=96&d=mm&r=g\",\"contentUrl\":\"https:\/\/secure.gravatar.com\/avatar\/44fa4e362161e127dec2a82f7585cbd5?s=96&d=mm&r=g\",\"caption\":\"C\u0103lin Pop\"},\"url\":\"https:\/\/ski-outdoor.ro\/outdoor\/author\/calinpop\/\"}]}<\/script>\n<!-- \/ Yoast SEO plugin. -->","yoast_head_json":{"title":"\u00cencepe Alpin Film Festival - Outdoor Magazine","description":"De ast\u0103zi p\u00e2n\u0103 duminic\u0103, \u00een Bra\u0219ov are loc a \u0219aptea edi\u021bie a Alpin Film Festival, cel mai a\u0219teptat eveniment dedicat muntelui din Rom\u00e2nia.","robots":{"index":"index","follow":"follow","max-snippet":"max-snippet:-1","max-image-preview":"max-image-preview:large","max-video-preview":"max-video-preview:-1"},"canonical":"https:\/\/ski-outdoor.ro\/outdoor\/2022\/09\/06\/incepe-alpin-film-festival\/","og_locale":"ro_RO","og_type":"article","og_title":"\u00cencepe Alpin Film Festival - Outdoor Magazine","og_description":"De ast\u0103zi p\u00e2n\u0103 duminic\u0103, \u00een Bra\u0219ov are loc a \u0219aptea edi\u021bie a Alpin Film Festival, cel mai a\u0219teptat eveniment dedicat muntelui din Rom\u00e2nia.","og_url":"https:\/\/ski-outdoor.ro\/outdoor\/2022\/09\/06\/incepe-alpin-film-festival\/","og_site_name":"Outdoor Magazine","article_publisher":"https:\/\/www.facebook.com\/skiandoutdoormagazine","article_published_time":"2022-09-06T11:56:49+00:00","og_image":[{"width":960,"height":540,"url":"https:\/\/ski-outdoor.ro\/outdoor\/wp-content\/uploads\/sites\/4\/2022\/09\/alpin-film-festival.png","type":"image\/png"}],"twitter_card":"summary_large_image","twitter_misc":{"Scris de":"C\u0103lin Pop","Timp estimat pentru citire":"3 minute"},"schema":{"@context":"https:\/\/schema.org","@graph":[{"@type":"Organization","@id":"https:\/\/ski-outdoor.ro\/outdoor\/#organization","name":"Ski & Outdoor Magazine","url":"https:\/\/ski-outdoor.ro\/outdoor\/","sameAs":["https:\/\/www.facebook.com\/skiandoutdoormagazine"],"logo":{"@type":"ImageObject","@id":"https:\/\/ski-outdoor.ro\/outdoor\/#logo","inLanguage":"ro-RO","url":"https:\/\/ski-outdoor.ro\/outdoor\/wp-content\/uploads\/sites\/4\/2019\/05\/logo-e1557923623153.png","contentUrl":"https:\/\/ski-outdoor.ro\/outdoor\/wp-content\/uploads\/sites\/4\/2019\/05\/logo-e1557923623153.png","width":600,"height":165,"caption":"Ski & Outdoor Magazine"},"image":{"@id":"https:\/\/ski-outdoor.ro\/outdoor\/#logo"}},{"@type":"WebSite","@id":"https:\/\/ski-outdoor.ro\/outdoor\/#website","url":"https:\/\/ski-outdoor.ro\/outdoor\/","name":"Outdoor Magazine","description":"","publisher":{"@id":"https:\/\/ski-outdoor.ro\/outdoor\/#organization"},"potentialAction":[{"@type":"SearchAction","target":{"@type":"EntryPoint","urlTemplate":"https:\/\/ski-outdoor.ro\/outdoor\/?s={search_term_string}"},"query-input":"required name=search_term_string"}],"inLanguage":"ro-RO"},{"@type":"ImageObject","@id":"https:\/\/ski-outdoor.ro\/outdoor\/2022\/09\/06\/incepe-alpin-film-festival\/#primaryimage","inLanguage":"ro-RO","url":"https:\/\/ski-outdoor.ro\/outdoor\/wp-content\/uploads\/sites\/4\/2022\/09\/alpin-film-festival.png","contentUrl":"https:\/\/ski-outdoor.ro\/outdoor\/wp-content\/uploads\/sites\/4\/2022\/09\/alpin-film-festival.png","width":960,"height":540},{"@type":"WebPage","@id":"https:\/\/ski-outdoor.ro\/outdoor\/2022\/09\/06\/incepe-alpin-film-festival\/#webpage","url":"https:\/\/ski-outdoor.ro\/outdoor\/2022\/09\/06\/incepe-alpin-film-festival\/","name":"\u00cencepe Alpin Film Festival - Outdoor Magazine","isPartOf":{"@id":"https:\/\/ski-outdoor.ro\/outdoor\/#website"},"primaryImageOfPage":{"@id":"https:\/\/ski-outdoor.ro\/outdoor\/2022\/09\/06\/incepe-alpin-film-festival\/#primaryimage"},"datePublished":"2022-09-06T11:56:49+00:00","dateModified":"2022-09-06T11:56:49+00:00","description":"De ast\u0103zi p\u00e2n\u0103 duminic\u0103, \u00een Bra\u0219ov are loc a \u0219aptea edi\u021bie a Alpin Film Festival, cel mai a\u0219teptat eveniment dedicat muntelui din Rom\u00e2nia.","breadcrumb":{"@id":"https:\/\/ski-outdoor.ro\/outdoor\/2022\/09\/06\/incepe-alpin-film-festival\/#breadcrumb"},"inLanguage":"ro-RO","potentialAction":[{"@type":"ReadAction","target":["https:\/\/ski-outdoor.ro\/outdoor\/2022\/09\/06\/incepe-alpin-film-festival\/"]}]},{"@type":"BreadcrumbList","@id":"https:\/\/ski-outdoor.ro\/outdoor\/2022\/09\/06\/incepe-alpin-film-festival\/#breadcrumb","itemListElement":[{"@type":"ListItem","position":1,"name":"Home","item":"https:\/\/ski-outdoor.ro\/outdoor\/"},{"@type":"ListItem","position":2,"name":"\u00cencepe Alpin Film Festival"}]},{"@type":"Article","@id":"https:\/\/ski-outdoor.ro\/outdoor\/2022\/09\/06\/incepe-alpin-film-festival\/#article","isPartOf":{"@id":"https:\/\/ski-outdoor.ro\/outdoor\/2022\/09\/06\/incepe-alpin-film-festival\/#webpage"},"author":{"@id":"https:\/\/ski-outdoor.ro\/outdoor\/#\/schema\/person\/3d8c2382a34197255067399194217080"},"headline":"\u00cencepe Alpin Film Festival","datePublished":"2022-09-06T11:56:49+00:00","dateModified":"2022-09-06T11:56:49+00:00","mainEntityOfPage":{"@id":"https:\/\/ski-outdoor.ro\/outdoor\/2022\/09\/06\/incepe-alpin-film-festival\/#webpage"},"wordCount":526,"commentCount":0,"publisher":{"@id":"https:\/\/ski-outdoor.ro\/outdoor\/#organization"},"image":{"@id":"https:\/\/ski-outdoor.ro\/outdoor\/2022\/09\/06\/incepe-alpin-film-festival\/#primaryimage"},"thumbnailUrl":"https:\/\/ski-outdoor.ro\/outdoor\/wp-content\/uploads\/sites\/4\/2022\/09\/alpin-film-festival.png","keywords":["alpin film festival","bra\u0219ov","carte","filme","gala de premiere"],"articleSection":["Actualit\u0103\u021bi"],"inLanguage":"ro-RO","potentialAction":[{"@type":"CommentAction","name":"Comment","target":["https:\/\/ski-outdoor.ro\/outdoor\/2022\/09\/06\/incepe-alpin-film-festival\/#respond"]}]},{"@type":"Person","@id":"https:\/\/ski-outdoor.ro\/outdoor\/#\/schema\/person\/3d8c2382a34197255067399194217080","name":"C\u0103lin Pop","image":{"@type":"ImageObject","@id":"https:\/\/ski-outdoor.ro\/outdoor\/#personlogo","inLanguage":"ro-RO","url":"https:\/\/secure.gravatar.com\/avatar\/44fa4e362161e127dec2a82f7585cbd5?s=96&d=mm&r=g","contentUrl":"https:\/\/secure.gravatar.com\/avatar\/44fa4e362161e127dec2a82f7585cbd5?s=96&d=mm&r=g","caption":"C\u0103lin Pop"},"url":"https:\/\/ski-outdoor.ro\/outdoor\/author\/calinpop\/"}]}},"_links":{"self":[{"href":"https:\/\/ski-outdoor.ro\/outdoor\/wp-json\/wp\/v2\/posts\/9037"}],"collection":[{"href":"https:\/\/ski-outdoor.ro\/outdoor\/wp-json\/wp\/v2\/posts"}],"about":[{"href":"https:\/\/ski-outdoor.ro\/outdoor\/wp-json\/wp\/v2\/types\/post"}],"author":[{"embeddable":true,"href":"https:\/\/ski-outdoor.ro\/outdoor\/wp-json\/wp\/v2\/users\/23"}],"replies":[{"embeddable":true,"href":"https:\/\/ski-outdoor.ro\/outdoor\/wp-json\/wp\/v2\/comments?post=9037"}],"version-history":[{"count":1,"href":"https:\/\/ski-outdoor.ro\/outdoor\/wp-json\/wp\/v2\/posts\/9037\/revisions"}],"predecessor-version":[{"id":9039,"href":"https:\/\/ski-outdoor.ro\/outdoor\/wp-json\/wp\/v2\/posts\/9037\/revisions\/9039"}],"wp:featuredmedia":[{"embeddable":true,"href":"https:\/\/ski-outdoor.ro\/outdoor\/wp-json\/wp\/v2\/media\/9038"}],"wp:attachment":[{"href":"https:\/\/ski-outdoor.ro\/outdoor\/wp-json\/wp\/v2\/media?parent=9037"}],"wp:term":[{"taxonomy":"category","embeddable":true,"href":"https:\/\/ski-outdoor.ro\/outdoor\/wp-json\/wp\/v2\/categories?post=9037"},{"taxonomy":"post_tag","embeddable":true,"href":"https:\/\/ski-outdoor.ro\/outdoor\/wp-json\/wp\/v2\/tags?post=9037"}],"curies":[{"name":"wp","href":"https:\/\/api.w.org\/{rel}","templated":true}]}}