{"id":9222,"date":"2022-09-29T05:17:01","date_gmt":"2022-09-29T05:17:01","guid":{"rendered":"https:\/\/ski-outdoor.ro\/outdoor\/?p=9222"},"modified":"2022-09-29T05:17:01","modified_gmt":"2022-09-29T05:17:01","slug":"sfinxul-si-babele-din-bucegi-au-fost-castigate-definitiv-de-judetul-dambovita","status":"publish","type":"post","link":"https:\/\/ski-outdoor.ro\/outdoor\/2022\/09\/29\/sfinxul-si-babele-din-bucegi-au-fost-castigate-definitiv-de-judetul-dambovita\/","title":{"rendered":"Sfinxul \u015fi Babele din Bucegi au fost c\u00e2\u015ftigate definitiv de jude\u021bul D\u00e2mbovi\u0163a"},"content":{"rendered":"<p><strong>Dou\u0103 dintre cele mai frumoase monumente naturale din Rom\u00e2nia, Sfinxul \u015fi Babele din Bucegi, au fost c\u00e2\u015ftigate definitiv de jude\u021bul D\u00e2mbovi\u0163a \u00een instan\u021b\u0103, a anun\u021bat pre\u015fedintele Consiliului Jude\u0163ean D\u00e2mbovi\u0163a, Corneliu \u015etefan.<\/strong><\/p>\n<p><img loading=\"lazy\" class=\"alignnone wp-image-9223 size-full\" src=\"https:\/\/ski-outdoor.ro\/outdoor\/wp-content\/uploads\/sites\/4\/2022\/09\/sfinx-si-babele.jpg\" alt=\"\" width=\"720\" height=\"960\" srcset=\"https:\/\/ski-outdoor.ro\/outdoor\/wp-content\/uploads\/sites\/4\/2022\/09\/sfinx-si-babele.jpg 720w, https:\/\/ski-outdoor.ro\/outdoor\/wp-content\/uploads\/sites\/4\/2022\/09\/sfinx-si-babele-225x300.jpg 225w, https:\/\/ski-outdoor.ro\/outdoor\/wp-content\/uploads\/sites\/4\/2022\/09\/sfinx-si-babele-370x493.jpg 370w, https:\/\/ski-outdoor.ro\/outdoor\/wp-content\/uploads\/sites\/4\/2022\/09\/sfinx-si-babele-570x760.jpg 570w, https:\/\/ski-outdoor.ro\/outdoor\/wp-content\/uploads\/sites\/4\/2022\/09\/sfinx-si-babele-435x580.jpg 435w\" sizes=\"(max-width: 720px) 100vw, 720px\" \/><\/p>\n<blockquote><p><em>\u201eVictorie pentru D\u00e2mbovi\u021ba! Dup\u0103 ani \u00eentregi de procese, m\u0103 bucur s\u0103 v\u0103 anun\u021b c\u0103\u00a0Sfinxul \u0219i Babele din Bucegi apar\u021bin jude\u021bului D\u00e2mbovi\u021ba!\u201d<\/em>, a transmis Corneliu \u015etefan pe Facebook.<\/p><\/blockquote>\n<p>Potrivit acestuia, problema teritorial\u0103 asupra celor dou\u0103 monumente, aflate \u00een comuna Moroeni, \u201ea fost tran\u0219at\u0103 ast\u0103zi f\u0103r\u0103 a mai l\u0103sa loc de interpret\u0103ri\u201d.<\/p>\n<p>Procesul dintre jude\u0163ele D\u00e2mbovi\u021ba \u0219i Prahova pentru\u00a0cele dou\u0103 monumente a \u00eenceput \u00een urm\u0103 cu mai mul\u0163i ani, iar Curtea de Apel Pite\u015fti a respins miercuri recursurile declarate de autorit\u0103\u0163ile din Prahova. Decizia este definitiv\u0103.<\/p>\n<p>Detalii despre process, <a href=\"https:\/\/ski-outdoor.ro\/outdoor\/2021\/11\/29\/sfinxul-si-babele-din-muntii-bucegi-disputate-de-judetele-prahova-si-dambovita\/\" target=\"_blank\" rel=\"noopener\">aici<\/a>.<\/p>\n<p><em>Scris de: C\u0103lin Pop<\/em><\/p>\n","protected":false},"excerpt":{"rendered":"<p>Dou\u0103 dintre cele mai frumoase monumente naturale din Rom\u00e2nia, Sfinxul \u015fi Babele din Bucegi, au fost c\u00e2\u015ftigate definitiv de jude\u021bul&#8230;<\/p>\n","protected":false},"author":23,"featured_media":9223,"comment_status":"open","ping_status":"open","sticky":false,"template":"","format":"standard","meta":[],"categories":[1817],"tags":[1926,840,838,3909,3908,3325,960],"yoast_head":"<!-- This site is optimized with the Yoast SEO plugin v18.4.1 - https:\/\/yoast.com\/wordpress\/plugins\/seo\/ -->\n<title>Sfinxul \u015fi Babele din Bucegi au fost c\u00e2\u015ftigate definitiv de jude\u021bul D\u00e2mbovi\u0163a - Outdoor Magazine<\/title>\n<meta name=\"description\" content=\"Dou\u0103 dintre cele mai frumoase monumente naturale din Rom\u00e2nia, Sfinxul \u015fi Babele, au fost c\u00e2\u015ftigate de jude\u021bul D\u00e2mbovi\u0163a \u00een instan\u021b\u0103.\" \/>\n<meta name=\"robots\" content=\"index, follow, max-snippet:-1, max-image-preview:large, max-video-preview:-1\" \/>\n<link rel=\"canonical\" href=\"https:\/\/ski-outdoor.ro\/outdoor\/2022\/09\/29\/sfinxul-si-babele-din-bucegi-au-fost-castigate-definitiv-de-judetul-dambovita\/\" \/>\n<meta property=\"og:locale\" content=\"ro_RO\" \/>\n<meta property=\"og:type\" content=\"article\" \/>\n<meta property=\"og:title\" content=\"Sfinxul \u015fi Babele din Bucegi au fost c\u00e2\u015ftigate definitiv de jude\u021bul D\u00e2mbovi\u0163a - Outdoor Magazine\" \/>\n<meta property=\"og:description\" content=\"Dou\u0103 dintre cele mai frumoase monumente naturale din Rom\u00e2nia, Sfinxul \u015fi Babele, au fost c\u00e2\u015ftigate de jude\u021bul D\u00e2mbovi\u0163a \u00een instan\u021b\u0103.\" \/>\n<meta property=\"og:url\" content=\"https:\/\/ski-outdoor.ro\/outdoor\/2022\/09\/29\/sfinxul-si-babele-din-bucegi-au-fost-castigate-definitiv-de-judetul-dambovita\/\" \/>\n<meta property=\"og:site_name\" content=\"Outdoor Magazine\" \/>\n<meta property=\"article:publisher\" content=\"https:\/\/www.facebook.com\/skiandoutdoormagazine\" \/>\n<meta property=\"article:published_time\" content=\"2022-09-29T05:17:01+00:00\" \/>\n<meta property=\"og:image\" content=\"https:\/\/ski-outdoor.ro\/outdoor\/wp-content\/uploads\/sites\/4\/2022\/09\/sfinx-si-babele.jpg\" \/>\n\t<meta property=\"og:image:width\" content=\"720\" \/>\n\t<meta property=\"og:image:height\" content=\"960\" \/>\n\t<meta property=\"og:image:type\" content=\"image\/jpeg\" \/>\n<meta name=\"twitter:card\" content=\"summary_large_image\" \/>\n<meta name=\"twitter:label1\" content=\"Scris de\" \/>\n\t<meta name=\"twitter:data1\" content=\"C\u0103lin Pop\" \/>\n\t<meta name=\"twitter:label2\" content=\"Timp estimat pentru citire\" \/>\n\t<meta name=\"twitter:data2\" content=\"1 minut\" \/>\n<script type=\"application\/ld+json\" class=\"yoast-schema-graph\">{\"@context\":\"https:\/\/schema.org\",\"@graph\":[{\"@type\":\"Organization\",\"@id\":\"https:\/\/ski-outdoor.ro\/outdoor\/#organization\",\"name\":\"Ski & Outdoor Magazine\",\"url\":\"https:\/\/ski-outdoor.ro\/outdoor\/\",\"sameAs\":[\"https:\/\/www.facebook.com\/skiandoutdoormagazine\"],\"logo\":{\"@type\":\"ImageObject\",\"@id\":\"https:\/\/ski-outdoor.ro\/outdoor\/#logo\",\"inLanguage\":\"ro-RO\",\"url\":\"https:\/\/ski-outdoor.ro\/outdoor\/wp-content\/uploads\/sites\/4\/2019\/05\/logo-e1557923623153.png\",\"contentUrl\":\"https:\/\/ski-outdoor.ro\/outdoor\/wp-content\/uploads\/sites\/4\/2019\/05\/logo-e1557923623153.png\",\"width\":600,\"height\":165,\"caption\":\"Ski & Outdoor Magazine\"},\"image\":{\"@id\":\"https:\/\/ski-outdoor.ro\/outdoor\/#logo\"}},{\"@type\":\"WebSite\",\"@id\":\"https:\/\/ski-outdoor.ro\/outdoor\/#website\",\"url\":\"https:\/\/ski-outdoor.ro\/outdoor\/\",\"name\":\"Outdoor Magazine\",\"description\":\"\",\"publisher\":{\"@id\":\"https:\/\/ski-outdoor.ro\/outdoor\/#organization\"},\"potentialAction\":[{\"@type\":\"SearchAction\",\"target\":{\"@type\":\"EntryPoint\",\"urlTemplate\":\"https:\/\/ski-outdoor.ro\/outdoor\/?s={search_term_string}\"},\"query-input\":\"required name=search_term_string\"}],\"inLanguage\":\"ro-RO\"},{\"@type\":\"ImageObject\",\"@id\":\"https:\/\/ski-outdoor.ro\/outdoor\/2022\/09\/29\/sfinxul-si-babele-din-bucegi-au-fost-castigate-definitiv-de-judetul-dambovita\/#primaryimage\",\"inLanguage\":\"ro-RO\",\"url\":\"https:\/\/ski-outdoor.ro\/outdoor\/wp-content\/uploads\/sites\/4\/2022\/09\/sfinx-si-babele.jpg\",\"contentUrl\":\"https:\/\/ski-outdoor.ro\/outdoor\/wp-content\/uploads\/sites\/4\/2022\/09\/sfinx-si-babele.jpg\",\"width\":720,\"height\":960},{\"@type\":\"WebPage\",\"@id\":\"https:\/\/ski-outdoor.ro\/outdoor\/2022\/09\/29\/sfinxul-si-babele-din-bucegi-au-fost-castigate-definitiv-de-judetul-dambovita\/#webpage\",\"url\":\"https:\/\/ski-outdoor.ro\/outdoor\/2022\/09\/29\/sfinxul-si-babele-din-bucegi-au-fost-castigate-definitiv-de-judetul-dambovita\/\",\"name\":\"Sfinxul \u015fi Babele din Bucegi au fost c\u00e2\u015ftigate definitiv de jude\u021bul D\u00e2mbovi\u0163a - Outdoor Magazine\",\"isPartOf\":{\"@id\":\"https:\/\/ski-outdoor.ro\/outdoor\/#website\"},\"primaryImageOfPage\":{\"@id\":\"https:\/\/ski-outdoor.ro\/outdoor\/2022\/09\/29\/sfinxul-si-babele-din-bucegi-au-fost-castigate-definitiv-de-judetul-dambovita\/#primaryimage\"},\"datePublished\":\"2022-09-29T05:17:01+00:00\",\"dateModified\":\"2022-09-29T05:17:01+00:00\",\"description\":\"Dou\u0103 dintre cele mai frumoase monumente naturale din Rom\u00e2nia, Sfinxul \u015fi Babele, au fost c\u00e2\u015ftigate de jude\u021bul D\u00e2mbovi\u0163a \u00een instan\u021b\u0103.\",\"breadcrumb\":{\"@id\":\"https:\/\/ski-outdoor.ro\/outdoor\/2022\/09\/29\/sfinxul-si-babele-din-bucegi-au-fost-castigate-definitiv-de-judetul-dambovita\/#breadcrumb\"},\"inLanguage\":\"ro-RO\",\"potentialAction\":[{\"@type\":\"ReadAction\",\"target\":[\"https:\/\/ski-outdoor.ro\/outdoor\/2022\/09\/29\/sfinxul-si-babele-din-bucegi-au-fost-castigate-definitiv-de-judetul-dambovita\/\"]}]},{\"@type\":\"BreadcrumbList\",\"@id\":\"https:\/\/ski-outdoor.ro\/outdoor\/2022\/09\/29\/sfinxul-si-babele-din-bucegi-au-fost-castigate-definitiv-de-judetul-dambovita\/#breadcrumb\",\"itemListElement\":[{\"@type\":\"ListItem\",\"position\":1,\"name\":\"Home\",\"item\":\"https:\/\/ski-outdoor.ro\/outdoor\/\"},{\"@type\":\"ListItem\",\"position\":2,\"name\":\"Sfinxul \u015fi Babele din Bucegi au fost c\u00e2\u015ftigate definitiv de jude\u021bul D\u00e2mbovi\u0163a\"}]},{\"@type\":\"Article\",\"@id\":\"https:\/\/ski-outdoor.ro\/outdoor\/2022\/09\/29\/sfinxul-si-babele-din-bucegi-au-fost-castigate-definitiv-de-judetul-dambovita\/#article\",\"isPartOf\":{\"@id\":\"https:\/\/ski-outdoor.ro\/outdoor\/2022\/09\/29\/sfinxul-si-babele-din-bucegi-au-fost-castigate-definitiv-de-judetul-dambovita\/#webpage\"},\"author\":{\"@id\":\"https:\/\/ski-outdoor.ro\/outdoor\/#\/schema\/person\/3d8c2382a34197255067399194217080\"},\"headline\":\"Sfinxul \u015fi Babele din Bucegi au fost c\u00e2\u015ftigate definitiv de jude\u021bul D\u00e2mbovi\u0163a\",\"datePublished\":\"2022-09-29T05:17:01+00:00\",\"dateModified\":\"2022-09-29T05:17:01+00:00\",\"mainEntityOfPage\":{\"@id\":\"https:\/\/ski-outdoor.ro\/outdoor\/2022\/09\/29\/sfinxul-si-babele-din-bucegi-au-fost-castigate-definitiv-de-judetul-dambovita\/#webpage\"},\"wordCount\":169,\"commentCount\":0,\"publisher\":{\"@id\":\"https:\/\/ski-outdoor.ro\/outdoor\/#organization\"},\"image\":{\"@id\":\"https:\/\/ski-outdoor.ro\/outdoor\/2022\/09\/29\/sfinxul-si-babele-din-bucegi-au-fost-castigate-definitiv-de-judetul-dambovita\/#primaryimage\"},\"thumbnailUrl\":\"https:\/\/ski-outdoor.ro\/outdoor\/wp-content\/uploads\/sites\/4\/2022\/09\/sfinx-si-babele.jpg\",\"keywords\":[\"babele\",\"bucegi\",\"dambovita\",\"instan\u021b\u0103\",\"monumente\",\"prahova\",\"Sfinxul\"],\"articleSection\":[\"Actualit\u0103\u021bi\"],\"inLanguage\":\"ro-RO\",\"potentialAction\":[{\"@type\":\"CommentAction\",\"name\":\"Comment\",\"target\":[\"https:\/\/ski-outdoor.ro\/outdoor\/2022\/09\/29\/sfinxul-si-babele-din-bucegi-au-fost-castigate-definitiv-de-judetul-dambovita\/#respond\"]}]},{\"@type\":\"Person\",\"@id\":\"https:\/\/ski-outdoor.ro\/outdoor\/#\/schema\/person\/3d8c2382a34197255067399194217080\",\"name\":\"C\u0103lin Pop\",\"image\":{\"@type\":\"ImageObject\",\"@id\":\"https:\/\/ski-outdoor.ro\/outdoor\/#personlogo\",\"inLanguage\":\"ro-RO\",\"url\":\"https:\/\/secure.gravatar.com\/avatar\/44fa4e362161e127dec2a82f7585cbd5?s=96&d=mm&r=g\",\"contentUrl\":\"https:\/\/secure.gravatar.com\/avatar\/44fa4e362161e127dec2a82f7585cbd5?s=96&d=mm&r=g\",\"caption\":\"C\u0103lin Pop\"},\"url\":\"https:\/\/ski-outdoor.ro\/outdoor\/author\/calinpop\/\"}]}<\/script>\n<!-- \/ Yoast SEO plugin. -->","yoast_head_json":{"title":"Sfinxul \u015fi Babele din Bucegi au fost c\u00e2\u015ftigate definitiv de jude\u021bul D\u00e2mbovi\u0163a - Outdoor Magazine","description":"Dou\u0103 dintre cele mai frumoase monumente naturale din Rom\u00e2nia, Sfinxul \u015fi Babele, au fost c\u00e2\u015ftigate de jude\u021bul D\u00e2mbovi\u0163a \u00een instan\u021b\u0103.","robots":{"index":"index","follow":"follow","max-snippet":"max-snippet:-1","max-image-preview":"max-image-preview:large","max-video-preview":"max-video-preview:-1"},"canonical":"https:\/\/ski-outdoor.ro\/outdoor\/2022\/09\/29\/sfinxul-si-babele-din-bucegi-au-fost-castigate-definitiv-de-judetul-dambovita\/","og_locale":"ro_RO","og_type":"article","og_title":"Sfinxul \u015fi Babele din Bucegi au fost c\u00e2\u015ftigate definitiv de jude\u021bul D\u00e2mbovi\u0163a - Outdoor Magazine","og_description":"Dou\u0103 dintre cele mai frumoase monumente naturale din Rom\u00e2nia, Sfinxul \u015fi Babele, au fost c\u00e2\u015ftigate de jude\u021bul D\u00e2mbovi\u0163a \u00een instan\u021b\u0103.","og_url":"https:\/\/ski-outdoor.ro\/outdoor\/2022\/09\/29\/sfinxul-si-babele-din-bucegi-au-fost-castigate-definitiv-de-judetul-dambovita\/","og_site_name":"Outdoor Magazine","article_publisher":"https:\/\/www.facebook.com\/skiandoutdoormagazine","article_published_time":"2022-09-29T05:17:01+00:00","og_image":[{"width":720,"height":960,"url":"https:\/\/ski-outdoor.ro\/outdoor\/wp-content\/uploads\/sites\/4\/2022\/09\/sfinx-si-babele.jpg","type":"image\/jpeg"}],"twitter_card":"summary_large_image","twitter_misc":{"Scris de":"C\u0103lin Pop","Timp estimat pentru citire":"1 minut"},"schema":{"@context":"https:\/\/schema.org","@graph":[{"@type":"Organization","@id":"https:\/\/ski-outdoor.ro\/outdoor\/#organization","name":"Ski & Outdoor Magazine","url":"https:\/\/ski-outdoor.ro\/outdoor\/","sameAs":["https:\/\/www.facebook.com\/skiandoutdoormagazine"],"logo":{"@type":"ImageObject","@id":"https:\/\/ski-outdoor.ro\/outdoor\/#logo","inLanguage":"ro-RO","url":"https:\/\/ski-outdoor.ro\/outdoor\/wp-content\/uploads\/sites\/4\/2019\/05\/logo-e1557923623153.png","contentUrl":"https:\/\/ski-outdoor.ro\/outdoor\/wp-content\/uploads\/sites\/4\/2019\/05\/logo-e1557923623153.png","width":600,"height":165,"caption":"Ski & Outdoor Magazine"},"image":{"@id":"https:\/\/ski-outdoor.ro\/outdoor\/#logo"}},{"@type":"WebSite","@id":"https:\/\/ski-outdoor.ro\/outdoor\/#website","url":"https:\/\/ski-outdoor.ro\/outdoor\/","name":"Outdoor Magazine","description":"","publisher":{"@id":"https:\/\/ski-outdoor.ro\/outdoor\/#organization"},"potentialAction":[{"@type":"SearchAction","target":{"@type":"EntryPoint","urlTemplate":"https:\/\/ski-outdoor.ro\/outdoor\/?s={search_term_string}"},"query-input":"required name=search_term_string"}],"inLanguage":"ro-RO"},{"@type":"ImageObject","@id":"https:\/\/ski-outdoor.ro\/outdoor\/2022\/09\/29\/sfinxul-si-babele-din-bucegi-au-fost-castigate-definitiv-de-judetul-dambovita\/#primaryimage","inLanguage":"ro-RO","url":"https:\/\/ski-outdoor.ro\/outdoor\/wp-content\/uploads\/sites\/4\/2022\/09\/sfinx-si-babele.jpg","contentUrl":"https:\/\/ski-outdoor.ro\/outdoor\/wp-content\/uploads\/sites\/4\/2022\/09\/sfinx-si-babele.jpg","width":720,"height":960},{"@type":"WebPage","@id":"https:\/\/ski-outdoor.ro\/outdoor\/2022\/09\/29\/sfinxul-si-babele-din-bucegi-au-fost-castigate-definitiv-de-judetul-dambovita\/#webpage","url":"https:\/\/ski-outdoor.ro\/outdoor\/2022\/09\/29\/sfinxul-si-babele-din-bucegi-au-fost-castigate-definitiv-de-judetul-dambovita\/","name":"Sfinxul \u015fi Babele din Bucegi au fost c\u00e2\u015ftigate definitiv de jude\u021bul D\u00e2mbovi\u0163a - Outdoor Magazine","isPartOf":{"@id":"https:\/\/ski-outdoor.ro\/outdoor\/#website"},"primaryImageOfPage":{"@id":"https:\/\/ski-outdoor.ro\/outdoor\/2022\/09\/29\/sfinxul-si-babele-din-bucegi-au-fost-castigate-definitiv-de-judetul-dambovita\/#primaryimage"},"datePublished":"2022-09-29T05:17:01+00:00","dateModified":"2022-09-29T05:17:01+00:00","description":"Dou\u0103 dintre cele mai frumoase monumente naturale din Rom\u00e2nia, Sfinxul \u015fi Babele, au fost c\u00e2\u015ftigate de jude\u021bul D\u00e2mbovi\u0163a \u00een instan\u021b\u0103.","breadcrumb":{"@id":"https:\/\/ski-outdoor.ro\/outdoor\/2022\/09\/29\/sfinxul-si-babele-din-bucegi-au-fost-castigate-definitiv-de-judetul-dambovita\/#breadcrumb"},"inLanguage":"ro-RO","potentialAction":[{"@type":"ReadAction","target":["https:\/\/ski-outdoor.ro\/outdoor\/2022\/09\/29\/sfinxul-si-babele-din-bucegi-au-fost-castigate-definitiv-de-judetul-dambovita\/"]}]},{"@type":"BreadcrumbList","@id":"https:\/\/ski-outdoor.ro\/outdoor\/2022\/09\/29\/sfinxul-si-babele-din-bucegi-au-fost-castigate-definitiv-de-judetul-dambovita\/#breadcrumb","itemListElement":[{"@type":"ListItem","position":1,"name":"Home","item":"https:\/\/ski-outdoor.ro\/outdoor\/"},{"@type":"ListItem","position":2,"name":"Sfinxul \u015fi Babele din Bucegi au fost c\u00e2\u015ftigate definitiv de jude\u021bul D\u00e2mbovi\u0163a"}]},{"@type":"Article","@id":"https:\/\/ski-outdoor.ro\/outdoor\/2022\/09\/29\/sfinxul-si-babele-din-bucegi-au-fost-castigate-definitiv-de-judetul-dambovita\/#article","isPartOf":{"@id":"https:\/\/ski-outdoor.ro\/outdoor\/2022\/09\/29\/sfinxul-si-babele-din-bucegi-au-fost-castigate-definitiv-de-judetul-dambovita\/#webpage"},"author":{"@id":"https:\/\/ski-outdoor.ro\/outdoor\/#\/schema\/person\/3d8c2382a34197255067399194217080"},"headline":"Sfinxul \u015fi Babele din Bucegi au fost c\u00e2\u015ftigate definitiv de jude\u021bul D\u00e2mbovi\u0163a","datePublished":"2022-09-29T05:17:01+00:00","dateModified":"2022-09-29T05:17:01+00:00","mainEntityOfPage":{"@id":"https:\/\/ski-outdoor.ro\/outdoor\/2022\/09\/29\/sfinxul-si-babele-din-bucegi-au-fost-castigate-definitiv-de-judetul-dambovita\/#webpage"},"wordCount":169,"commentCount":0,"publisher":{"@id":"https:\/\/ski-outdoor.ro\/outdoor\/#organization"},"image":{"@id":"https:\/\/ski-outdoor.ro\/outdoor\/2022\/09\/29\/sfinxul-si-babele-din-bucegi-au-fost-castigate-definitiv-de-judetul-dambovita\/#primaryimage"},"thumbnailUrl":"https:\/\/ski-outdoor.ro\/outdoor\/wp-content\/uploads\/sites\/4\/2022\/09\/sfinx-si-babele.jpg","keywords":["babele","bucegi","dambovita","instan\u021b\u0103","monumente","prahova","Sfinxul"],"articleSection":["Actualit\u0103\u021bi"],"inLanguage":"ro-RO","potentialAction":[{"@type":"CommentAction","name":"Comment","target":["https:\/\/ski-outdoor.ro\/outdoor\/2022\/09\/29\/sfinxul-si-babele-din-bucegi-au-fost-castigate-definitiv-de-judetul-dambovita\/#respond"]}]},{"@type":"Person","@id":"https:\/\/ski-outdoor.ro\/outdoor\/#\/schema\/person\/3d8c2382a34197255067399194217080","name":"C\u0103lin Pop","image":{"@type":"ImageObject","@id":"https:\/\/ski-outdoor.ro\/outdoor\/#personlogo","inLanguage":"ro-RO","url":"https:\/\/secure.gravatar.com\/avatar\/44fa4e362161e127dec2a82f7585cbd5?s=96&d=mm&r=g","contentUrl":"https:\/\/secure.gravatar.com\/avatar\/44fa4e362161e127dec2a82f7585cbd5?s=96&d=mm&r=g","caption":"C\u0103lin Pop"},"url":"https:\/\/ski-outdoor.ro\/outdoor\/author\/calinpop\/"}]}},"_links":{"self":[{"href":"https:\/\/ski-outdoor.ro\/outdoor\/wp-json\/wp\/v2\/posts\/9222"}],"collection":[{"href":"https:\/\/ski-outdoor.ro\/outdoor\/wp-json\/wp\/v2\/posts"}],"about":[{"href":"https:\/\/ski-outdoor.ro\/outdoor\/wp-json\/wp\/v2\/types\/post"}],"author":[{"embeddable":true,"href":"https:\/\/ski-outdoor.ro\/outdoor\/wp-json\/wp\/v2\/users\/23"}],"replies":[{"embeddable":true,"href":"https:\/\/ski-outdoor.ro\/outdoor\/wp-json\/wp\/v2\/comments?post=9222"}],"version-history":[{"count":1,"href":"https:\/\/ski-outdoor.ro\/outdoor\/wp-json\/wp\/v2\/posts\/9222\/revisions"}],"predecessor-version":[{"id":9224,"href":"https:\/\/ski-outdoor.ro\/outdoor\/wp-json\/wp\/v2\/posts\/9222\/revisions\/9224"}],"wp:featuredmedia":[{"embeddable":true,"href":"https:\/\/ski-outdoor.ro\/outdoor\/wp-json\/wp\/v2\/media\/9223"}],"wp:attachment":[{"href":"https:\/\/ski-outdoor.ro\/outdoor\/wp-json\/wp\/v2\/media?parent=9222"}],"wp:term":[{"taxonomy":"category","embeddable":true,"href":"https:\/\/ski-outdoor.ro\/outdoor\/wp-json\/wp\/v2\/categories?post=9222"},{"taxonomy":"post_tag","embeddable":true,"href":"https:\/\/ski-outdoor.ro\/outdoor\/wp-json\/wp\/v2\/tags?post=9222"}],"curies":[{"name":"wp","href":"https:\/\/api.w.org\/{rel}","templated":true}]}}