{"id":9228,"date":"2022-09-29T08:20:28","date_gmt":"2022-09-29T08:20:28","guid":{"rendered":"https:\/\/ski-outdoor.ro\/outdoor\/?p=9228"},"modified":"2022-09-29T11:40:41","modified_gmt":"2022-09-29T11:40:41","slug":"anca-racatean-si-mitza-matei-au-ajuns-pe-varful-principal-manaslu-aici-in-munti-trebuie-sa-suferi-din-primul-pana-in-ultimul-minut","status":"publish","type":"post","link":"https:\/\/ski-outdoor.ro\/outdoor\/2022\/09\/29\/anca-racatean-si-mitza-matei-au-ajuns-pe-varful-principal-manaslu-aici-in-munti-trebuie-sa-suferi-din-primul-pana-in-ultimul-minut\/","title":{"rendered":"Anca R\u0103c\u0103tean \u0219i Mitz\u0103 Matei au ajuns pe v\u00e2rful principal Manaslu: Aici \u00een mun\u021bi, trebuie s\u0103 suferi din primul p\u00e2n\u0103 \u00een ultimul minut"},"content":{"rendered":"<p><strong>Anca R\u0103c\u0103tean \u0219i Mitz\u0103 Matei au ajuns miercuri pe v\u00e2rful principal din Manaslu. \u201eAici \u00een mun\u021bii ace\u0219tia uita\u021bi de lume, trebuie s\u0103 suferi din primul p\u00e2n\u0103 \u00een ultimul minut\u201d, mai Mitz\u0103 Matei.<\/strong><\/p>\n<p><img loading=\"lazy\" class=\"alignnone wp-image-9230 size-large\" src=\"https:\/\/ski-outdoor.ro\/outdoor\/wp-content\/uploads\/sites\/4\/2022\/09\/mitza-matei-1024x576.jpg\" alt=\"\" width=\"1024\" height=\"576\" srcset=\"https:\/\/ski-outdoor.ro\/outdoor\/wp-content\/uploads\/sites\/4\/2022\/09\/mitza-matei-1024x576.jpg 1024w, https:\/\/ski-outdoor.ro\/outdoor\/wp-content\/uploads\/sites\/4\/2022\/09\/mitza-matei-300x169.jpg 300w, https:\/\/ski-outdoor.ro\/outdoor\/wp-content\/uploads\/sites\/4\/2022\/09\/mitza-matei-768x432.jpg 768w, https:\/\/ski-outdoor.ro\/outdoor\/wp-content\/uploads\/sites\/4\/2022\/09\/mitza-matei-1536x864.jpg 1536w, https:\/\/ski-outdoor.ro\/outdoor\/wp-content\/uploads\/sites\/4\/2022\/09\/mitza-matei-330x185.jpg 330w, https:\/\/ski-outdoor.ro\/outdoor\/wp-content\/uploads\/sites\/4\/2022\/09\/mitza-matei-370x208.jpg 370w, https:\/\/ski-outdoor.ro\/outdoor\/wp-content\/uploads\/sites\/4\/2022\/09\/mitza-matei-570x321.jpg 570w, https:\/\/ski-outdoor.ro\/outdoor\/wp-content\/uploads\/sites\/4\/2022\/09\/mitza-matei-770x433.jpg 770w, https:\/\/ski-outdoor.ro\/outdoor\/wp-content\/uploads\/sites\/4\/2022\/09\/mitza-matei-1170x658.jpg 1170w, https:\/\/ski-outdoor.ro\/outdoor\/wp-content\/uploads\/sites\/4\/2022\/09\/mitza-matei-1031x580.jpg 1031w, https:\/\/ski-outdoor.ro\/outdoor\/wp-content\/uploads\/sites\/4\/2022\/09\/mitza-matei.jpg 2048w\" sizes=\"(max-width: 1024px) 100vw, 1024px\" \/><\/p>\n<blockquote><p><em>\u201eIeri diminea\u021b\u0103, 28 septembrie, \u00een jurul orelor 6.30 dup\u0103 confirmarea Anc\u0103i am pus piciorul pe adev\u0103ratul v\u00e2rf al Manaslu 8163 m dup\u0103 o urcare din C3 cota 6800 m cu \u00eencepere la ora 17.30 mar\u021bi 27 septembrie. Urcarea a stat sub semnul tragediei, un Sherpa Guide pierz\u00e2ndu-\u0219i via\u021ba, mai mul\u021bi alpini\u0219ti fiind r\u0103ni\u021bi cu o zi mai devreme din cauza unei avalan\u0219e \u00eentre C3 \u0219i C4, locul unde din cauza terenului extrem de abrupt z\u0103pada se pr\u0103bu\u0219e\u0219te la vale c\u00e2nd \u0219i c\u00e2nd\u201d<\/em>, a scris joi pe Facebook Mitz\u0103 Matei.<\/p><\/blockquote>\n<p>Conform acestuia, vremea s-a \u00eendreptat, a devenit mai rece, iar z\u0103pada s-a stabilizat, astfel \u00eenc\u00e2t au putut s\u0103 \u00ee\u0219i pun\u0103 la cale strategia.<\/p>\n<p><img loading=\"lazy\" class=\"alignnone wp-image-9229 size-large\" src=\"https:\/\/ski-outdoor.ro\/outdoor\/wp-content\/uploads\/sites\/4\/2022\/09\/mitza-matei-1-576x1024.jpg\" alt=\"\" width=\"576\" height=\"1024\" srcset=\"https:\/\/ski-outdoor.ro\/outdoor\/wp-content\/uploads\/sites\/4\/2022\/09\/mitza-matei-1-576x1024.jpg 576w, https:\/\/ski-outdoor.ro\/outdoor\/wp-content\/uploads\/sites\/4\/2022\/09\/mitza-matei-1-169x300.jpg 169w, https:\/\/ski-outdoor.ro\/outdoor\/wp-content\/uploads\/sites\/4\/2022\/09\/mitza-matei-1-768x1365.jpg 768w, https:\/\/ski-outdoor.ro\/outdoor\/wp-content\/uploads\/sites\/4\/2022\/09\/mitza-matei-1-864x1536.jpg 864w, https:\/\/ski-outdoor.ro\/outdoor\/wp-content\/uploads\/sites\/4\/2022\/09\/mitza-matei-1-370x658.jpg 370w, https:\/\/ski-outdoor.ro\/outdoor\/wp-content\/uploads\/sites\/4\/2022\/09\/mitza-matei-1-570x1013.jpg 570w, https:\/\/ski-outdoor.ro\/outdoor\/wp-content\/uploads\/sites\/4\/2022\/09\/mitza-matei-1-770x1369.jpg 770w, https:\/\/ski-outdoor.ro\/outdoor\/wp-content\/uploads\/sites\/4\/2022\/09\/mitza-matei-1-326x580.jpg 326w, https:\/\/ski-outdoor.ro\/outdoor\/wp-content\/uploads\/sites\/4\/2022\/09\/mitza-matei-1.jpg 1152w\" sizes=\"(max-width: 576px) 100vw, 576px\" \/><\/p>\n<blockquote><p><em>\u201e\u00cen astfel de mun\u021bi \u00eenal\u021bi trebuie s\u0103 fii decis, s\u0103 ai o echip\u0103 fain\u0103 \u0219i vremea schimb\u0103toare din Himalaya s\u0103 \u021bin\u0103 cu tine! Nu exist\u0103 alpinism f\u0103r\u0103 risc aici \u00een Himalaya! De pild\u0103, absolut aproape toate corzile fixe din C4 7400 m c\u0103tre summit se aflau diminea\u021ba devreme sub z\u0103pad\u0103, a\u0219a c\u0103 doar foarte aproape de summit am putut s\u0103 ne asigur\u0103m ca la carte. \u00cen schimb noaptea \u00eentre C3 5800 m \u0219i C4 7400 m lucrurile au mers foarte bine, corzile fixe f\u0103c\u00e2ndu-si datoria\u201d<\/em>, mai spune ghidul montan.<\/p><\/blockquote>\n<p>El poveste\u0219te c\u0103 a luat decizia, \u00eempreun\u0103 cu Anca R\u0103c\u0103tean, s\u0103 urce cu oxigen.<\/p>\n<blockquote><p><em>\u201eEu sunt ghid montan profesionist \u0219i vreau s\u0103 am mintea limpede, iar Anca este o fat\u0103 determinat\u0103, c\u0103reia \u00eei plac mult mun\u021bii, o partener\u0103 puternic\u0103 de ascensiune cu o minte la fel de limpede, \u0219i care urc\u0103 mun\u021bii cei uria\u0219i pentru c\u0103 \u00eei place s\u0103 fac\u0103 asta \u0219i s\u0103 se bucure, nu s\u0103 bat\u0103 cine stie ce recorduri. (\u2026)\u00a0 Suntem 2 oameni normali, c\u0103rora ne plac mun\u021bii \u0219i da, poate avem mai mult\u0103 putere \u0219i voin\u021b\u0103 \u0219i ne place suferin\u021ba. Aici \u00een mun\u021bii ace\u0219tia uita\u021bi de lume, trebuie s\u0103 suferi din primul p\u00e2n\u0103 \u00een ultimul minut: frig mai tot timpul, soarele arz\u0103tor al altitudinii care \u00ee\u021bi distruge pielea fetei \u0219i buzelor, be\u021bia altitudinii, care \u00ee\u021bi d\u0103 dureri de cap \u0219i te face sa te \u00eentrebi ce cau\u021bi aici, igiena care deseori este precar\u0103 din cauza condi\u021biilor de pe munte (da, la Base sau Camp avem tot confortul dar at\u00e2t de pu\u021bine zile st\u0103m acolo \u00een BC)! A\u0219adar, suferin\u021b\u0103 ca \u00eentr-o trup\u0103 de comando, care pleac\u0103 \u00een misiune \u0219i nu \u0219tie c\u00e2nd se va mai putea odihni corespunz\u0103tor, c\u00e2nd va face un du\u0219 sau va manca bine! Doar dup\u0103 \u00eendeplinirea misiunii!\u201d<\/em>, mai spune rom\u00e2nul.<\/p><\/blockquote>\n<p>Cei doi au ajuns la Base Camp \u0219i vor zbura joi spre Kathmandu.<\/p>\n<blockquote><p><em>\u201eSuntem bine!!! Am ajuns cu bine la Base Camp de 20 de minute. Inten\u021bion\u0103m s\u0103 zbur\u0103m cu elicopterul direct spre Kathmandu, ast\u0103zi, pentru c\u0103 dup\u0103 30 de zile pe munte&#8230; .suntem \u00eentr-un mare fel, iar muntele \u0103sta ne-a pus la toate \u00eencerc\u0103rile posibile\u201d<\/em>, a scris \u0219i Anca R\u0103c\u0103tean pe re\u021beaua de socializare.<\/p><\/blockquote>\n<p>Scris de: C\u0103lin Pop<\/p>\n<p>Foto: Facebook\/<a href=\"https:\/\/www.facebook.com\/mitza.matei.52\" target=\"_blank\" rel=\"noopener\">Mitz\u0103 Matei<\/a><\/p>\n","protected":false},"excerpt":{"rendered":"<p>Anca R\u0103c\u0103tean \u0219i Mitz\u0103 Matei au ajuns miercuri pe v\u00e2rful principal din Manaslu. \u201eAici \u00een mun\u021bii ace\u0219tia uita\u021bi de lume,&#8230;<\/p>\n","protected":false},"author":23,"featured_media":9230,"comment_status":"open","ping_status":"open","sticky":false,"template":"","format":"standard","meta":[],"categories":[1817],"tags":[3911,2800,1025,3910,1067,273],"yoast_head":"<!-- This site is optimized with the Yoast SEO plugin v18.4.1 - https:\/\/yoast.com\/wordpress\/plugins\/seo\/ -->\n<title>Anca R\u0103c\u0103tean \u0219i Mitz\u0103 Matei au ajuns pe v\u00e2rful principal Manaslu: Aici \u00een mun\u021bi, trebuie s\u0103 suferi din primul p\u00e2n\u0103 \u00een ultimul minut - Outdoor Magazine<\/title>\n<meta name=\"description\" content=\"Anca R\u0103c\u0103tean \u0219i Mitz\u0103 Matei au ajuns miercuri pe v\u00e2rful principal din Manaslu. \u201eAici trebuie s\u0103 suferi din primul p\u00e2n\u0103 \u00een ultimul minut\u201d.\" \/>\n<meta name=\"robots\" content=\"index, follow, max-snippet:-1, max-image-preview:large, max-video-preview:-1\" \/>\n<link rel=\"canonical\" href=\"https:\/\/ski-outdoor.ro\/outdoor\/2022\/09\/29\/anca-racatean-si-mitza-matei-au-ajuns-pe-varful-principal-manaslu-aici-in-munti-trebuie-sa-suferi-din-primul-pana-in-ultimul-minut\/\" \/>\n<meta property=\"og:locale\" content=\"ro_RO\" \/>\n<meta property=\"og:type\" content=\"article\" \/>\n<meta property=\"og:title\" content=\"Anca R\u0103c\u0103tean \u0219i Mitz\u0103 Matei au ajuns pe v\u00e2rful principal Manaslu: Aici \u00een mun\u021bi, trebuie s\u0103 suferi din primul p\u00e2n\u0103 \u00een ultimul minut - Outdoor Magazine\" \/>\n<meta property=\"og:description\" content=\"Anca R\u0103c\u0103tean \u0219i Mitz\u0103 Matei au ajuns miercuri pe v\u00e2rful principal din Manaslu. \u201eAici trebuie s\u0103 suferi din primul p\u00e2n\u0103 \u00een ultimul minut\u201d.\" \/>\n<meta property=\"og:url\" content=\"https:\/\/ski-outdoor.ro\/outdoor\/2022\/09\/29\/anca-racatean-si-mitza-matei-au-ajuns-pe-varful-principal-manaslu-aici-in-munti-trebuie-sa-suferi-din-primul-pana-in-ultimul-minut\/\" \/>\n<meta property=\"og:site_name\" content=\"Outdoor Magazine\" \/>\n<meta property=\"article:publisher\" content=\"https:\/\/www.facebook.com\/skiandoutdoormagazine\" \/>\n<meta property=\"article:published_time\" content=\"2022-09-29T08:20:28+00:00\" \/>\n<meta property=\"article:modified_time\" content=\"2022-09-29T11:40:41+00:00\" \/>\n<meta property=\"og:image\" content=\"https:\/\/ski-outdoor.ro\/outdoor\/wp-content\/uploads\/sites\/4\/2022\/09\/mitza-matei.jpg\" \/>\n\t<meta property=\"og:image:width\" content=\"2048\" \/>\n\t<meta property=\"og:image:height\" content=\"1152\" \/>\n\t<meta property=\"og:image:type\" content=\"image\/jpeg\" \/>\n<meta name=\"twitter:card\" content=\"summary_large_image\" \/>\n<meta name=\"twitter:label1\" content=\"Scris de\" \/>\n\t<meta name=\"twitter:data1\" content=\"C\u0103lin Pop\" \/>\n\t<meta name=\"twitter:label2\" content=\"Timp estimat pentru citire\" \/>\n\t<meta name=\"twitter:data2\" content=\"3 minute\" \/>\n<script type=\"application\/ld+json\" class=\"yoast-schema-graph\">{\"@context\":\"https:\/\/schema.org\",\"@graph\":[{\"@type\":\"Organization\",\"@id\":\"https:\/\/ski-outdoor.ro\/outdoor\/#organization\",\"name\":\"Ski & Outdoor Magazine\",\"url\":\"https:\/\/ski-outdoor.ro\/outdoor\/\",\"sameAs\":[\"https:\/\/www.facebook.com\/skiandoutdoormagazine\"],\"logo\":{\"@type\":\"ImageObject\",\"@id\":\"https:\/\/ski-outdoor.ro\/outdoor\/#logo\",\"inLanguage\":\"ro-RO\",\"url\":\"https:\/\/ski-outdoor.ro\/outdoor\/wp-content\/uploads\/sites\/4\/2019\/05\/logo-e1557923623153.png\",\"contentUrl\":\"https:\/\/ski-outdoor.ro\/outdoor\/wp-content\/uploads\/sites\/4\/2019\/05\/logo-e1557923623153.png\",\"width\":600,\"height\":165,\"caption\":\"Ski & Outdoor Magazine\"},\"image\":{\"@id\":\"https:\/\/ski-outdoor.ro\/outdoor\/#logo\"}},{\"@type\":\"WebSite\",\"@id\":\"https:\/\/ski-outdoor.ro\/outdoor\/#website\",\"url\":\"https:\/\/ski-outdoor.ro\/outdoor\/\",\"name\":\"Outdoor Magazine\",\"description\":\"\",\"publisher\":{\"@id\":\"https:\/\/ski-outdoor.ro\/outdoor\/#organization\"},\"potentialAction\":[{\"@type\":\"SearchAction\",\"target\":{\"@type\":\"EntryPoint\",\"urlTemplate\":\"https:\/\/ski-outdoor.ro\/outdoor\/?s={search_term_string}\"},\"query-input\":\"required name=search_term_string\"}],\"inLanguage\":\"ro-RO\"},{\"@type\":\"ImageObject\",\"@id\":\"https:\/\/ski-outdoor.ro\/outdoor\/2022\/09\/29\/anca-racatean-si-mitza-matei-au-ajuns-pe-varful-principal-manaslu-aici-in-munti-trebuie-sa-suferi-din-primul-pana-in-ultimul-minut\/#primaryimage\",\"inLanguage\":\"ro-RO\",\"url\":\"https:\/\/ski-outdoor.ro\/outdoor\/wp-content\/uploads\/sites\/4\/2022\/09\/mitza-matei.jpg\",\"contentUrl\":\"https:\/\/ski-outdoor.ro\/outdoor\/wp-content\/uploads\/sites\/4\/2022\/09\/mitza-matei.jpg\",\"width\":2048,\"height\":1152},{\"@type\":\"WebPage\",\"@id\":\"https:\/\/ski-outdoor.ro\/outdoor\/2022\/09\/29\/anca-racatean-si-mitza-matei-au-ajuns-pe-varful-principal-manaslu-aici-in-munti-trebuie-sa-suferi-din-primul-pana-in-ultimul-minut\/#webpage\",\"url\":\"https:\/\/ski-outdoor.ro\/outdoor\/2022\/09\/29\/anca-racatean-si-mitza-matei-au-ajuns-pe-varful-principal-manaslu-aici-in-munti-trebuie-sa-suferi-din-primul-pana-in-ultimul-minut\/\",\"name\":\"Anca R\u0103c\u0103tean \u0219i Mitz\u0103 Matei au ajuns pe v\u00e2rful principal Manaslu: Aici \u00een mun\u021bi, trebuie s\u0103 suferi din primul p\u00e2n\u0103 \u00een ultimul minut - Outdoor Magazine\",\"isPartOf\":{\"@id\":\"https:\/\/ski-outdoor.ro\/outdoor\/#website\"},\"primaryImageOfPage\":{\"@id\":\"https:\/\/ski-outdoor.ro\/outdoor\/2022\/09\/29\/anca-racatean-si-mitza-matei-au-ajuns-pe-varful-principal-manaslu-aici-in-munti-trebuie-sa-suferi-din-primul-pana-in-ultimul-minut\/#primaryimage\"},\"datePublished\":\"2022-09-29T08:20:28+00:00\",\"dateModified\":\"2022-09-29T11:40:41+00:00\",\"description\":\"Anca R\u0103c\u0103tean \u0219i Mitz\u0103 Matei au ajuns miercuri pe v\u00e2rful principal din Manaslu. \u201eAici trebuie s\u0103 suferi din primul p\u00e2n\u0103 \u00een ultimul minut\u201d.\",\"breadcrumb\":{\"@id\":\"https:\/\/ski-outdoor.ro\/outdoor\/2022\/09\/29\/anca-racatean-si-mitza-matei-au-ajuns-pe-varful-principal-manaslu-aici-in-munti-trebuie-sa-suferi-din-primul-pana-in-ultimul-minut\/#breadcrumb\"},\"inLanguage\":\"ro-RO\",\"potentialAction\":[{\"@type\":\"ReadAction\",\"target\":[\"https:\/\/ski-outdoor.ro\/outdoor\/2022\/09\/29\/anca-racatean-si-mitza-matei-au-ajuns-pe-varful-principal-manaslu-aici-in-munti-trebuie-sa-suferi-din-primul-pana-in-ultimul-minut\/\"]}]},{\"@type\":\"BreadcrumbList\",\"@id\":\"https:\/\/ski-outdoor.ro\/outdoor\/2022\/09\/29\/anca-racatean-si-mitza-matei-au-ajuns-pe-varful-principal-manaslu-aici-in-munti-trebuie-sa-suferi-din-primul-pana-in-ultimul-minut\/#breadcrumb\",\"itemListElement\":[{\"@type\":\"ListItem\",\"position\":1,\"name\":\"Home\",\"item\":\"https:\/\/ski-outdoor.ro\/outdoor\/\"},{\"@type\":\"ListItem\",\"position\":2,\"name\":\"Anca R\u0103c\u0103tean \u0219i Mitz\u0103 Matei au ajuns pe v\u00e2rful principal Manaslu: Aici \u00een mun\u021bi, trebuie s\u0103 suferi din primul p\u00e2n\u0103 \u00een ultimul minut\"}]},{\"@type\":\"Article\",\"@id\":\"https:\/\/ski-outdoor.ro\/outdoor\/2022\/09\/29\/anca-racatean-si-mitza-matei-au-ajuns-pe-varful-principal-manaslu-aici-in-munti-trebuie-sa-suferi-din-primul-pana-in-ultimul-minut\/#article\",\"isPartOf\":{\"@id\":\"https:\/\/ski-outdoor.ro\/outdoor\/2022\/09\/29\/anca-racatean-si-mitza-matei-au-ajuns-pe-varful-principal-manaslu-aici-in-munti-trebuie-sa-suferi-din-primul-pana-in-ultimul-minut\/#webpage\"},\"author\":{\"@id\":\"https:\/\/ski-outdoor.ro\/outdoor\/#\/schema\/person\/3d8c2382a34197255067399194217080\"},\"headline\":\"Anca R\u0103c\u0103tean \u0219i Mitz\u0103 Matei au ajuns pe v\u00e2rful principal Manaslu: Aici \u00een mun\u021bi, trebuie s\u0103 suferi din primul p\u00e2n\u0103 \u00een ultimul minut\",\"datePublished\":\"2022-09-29T08:20:28+00:00\",\"dateModified\":\"2022-09-29T11:40:41+00:00\",\"mainEntityOfPage\":{\"@id\":\"https:\/\/ski-outdoor.ro\/outdoor\/2022\/09\/29\/anca-racatean-si-mitza-matei-au-ajuns-pe-varful-principal-manaslu-aici-in-munti-trebuie-sa-suferi-din-primul-pana-in-ultimul-minut\/#webpage\"},\"wordCount\":601,\"commentCount\":0,\"publisher\":{\"@id\":\"https:\/\/ski-outdoor.ro\/outdoor\/#organization\"},\"image\":{\"@id\":\"https:\/\/ski-outdoor.ro\/outdoor\/2022\/09\/29\/anca-racatean-si-mitza-matei-au-ajuns-pe-varful-principal-manaslu-aici-in-munti-trebuie-sa-suferi-din-primul-pana-in-ultimul-minut\/#primaryimage\"},\"thumbnailUrl\":\"https:\/\/ski-outdoor.ro\/outdoor\/wp-content\/uploads\/sites\/4\/2022\/09\/mitza-matei.jpg\",\"keywords\":[\"Anca R\u0103c\u0103tean\",\"avalansa\",\"Manaslu\",\"Mitz\u0103 Matei\",\"oxigen\",\"Varf\"],\"articleSection\":[\"Actualit\u0103\u021bi\"],\"inLanguage\":\"ro-RO\",\"potentialAction\":[{\"@type\":\"CommentAction\",\"name\":\"Comment\",\"target\":[\"https:\/\/ski-outdoor.ro\/outdoor\/2022\/09\/29\/anca-racatean-si-mitza-matei-au-ajuns-pe-varful-principal-manaslu-aici-in-munti-trebuie-sa-suferi-din-primul-pana-in-ultimul-minut\/#respond\"]}]},{\"@type\":\"Person\",\"@id\":\"https:\/\/ski-outdoor.ro\/outdoor\/#\/schema\/person\/3d8c2382a34197255067399194217080\",\"name\":\"C\u0103lin Pop\",\"image\":{\"@type\":\"ImageObject\",\"@id\":\"https:\/\/ski-outdoor.ro\/outdoor\/#personlogo\",\"inLanguage\":\"ro-RO\",\"url\":\"https:\/\/secure.gravatar.com\/avatar\/44fa4e362161e127dec2a82f7585cbd5?s=96&d=mm&r=g\",\"contentUrl\":\"https:\/\/secure.gravatar.com\/avatar\/44fa4e362161e127dec2a82f7585cbd5?s=96&d=mm&r=g\",\"caption\":\"C\u0103lin Pop\"},\"url\":\"https:\/\/ski-outdoor.ro\/outdoor\/author\/calinpop\/\"}]}<\/script>\n<!-- \/ Yoast SEO plugin. -->","yoast_head_json":{"title":"Anca R\u0103c\u0103tean \u0219i Mitz\u0103 Matei au ajuns pe v\u00e2rful principal Manaslu: Aici \u00een mun\u021bi, trebuie s\u0103 suferi din primul p\u00e2n\u0103 \u00een ultimul minut - Outdoor Magazine","description":"Anca R\u0103c\u0103tean \u0219i Mitz\u0103 Matei au ajuns miercuri pe v\u00e2rful principal din Manaslu. \u201eAici trebuie s\u0103 suferi din primul p\u00e2n\u0103 \u00een ultimul minut\u201d.","robots":{"index":"index","follow":"follow","max-snippet":"max-snippet:-1","max-image-preview":"max-image-preview:large","max-video-preview":"max-video-preview:-1"},"canonical":"https:\/\/ski-outdoor.ro\/outdoor\/2022\/09\/29\/anca-racatean-si-mitza-matei-au-ajuns-pe-varful-principal-manaslu-aici-in-munti-trebuie-sa-suferi-din-primul-pana-in-ultimul-minut\/","og_locale":"ro_RO","og_type":"article","og_title":"Anca R\u0103c\u0103tean \u0219i Mitz\u0103 Matei au ajuns pe v\u00e2rful principal Manaslu: Aici \u00een mun\u021bi, trebuie s\u0103 suferi din primul p\u00e2n\u0103 \u00een ultimul minut - Outdoor Magazine","og_description":"Anca R\u0103c\u0103tean \u0219i Mitz\u0103 Matei au ajuns miercuri pe v\u00e2rful principal din Manaslu. \u201eAici trebuie s\u0103 suferi din primul p\u00e2n\u0103 \u00een ultimul minut\u201d.","og_url":"https:\/\/ski-outdoor.ro\/outdoor\/2022\/09\/29\/anca-racatean-si-mitza-matei-au-ajuns-pe-varful-principal-manaslu-aici-in-munti-trebuie-sa-suferi-din-primul-pana-in-ultimul-minut\/","og_site_name":"Outdoor Magazine","article_publisher":"https:\/\/www.facebook.com\/skiandoutdoormagazine","article_published_time":"2022-09-29T08:20:28+00:00","article_modified_time":"2022-09-29T11:40:41+00:00","og_image":[{"width":2048,"height":1152,"url":"https:\/\/ski-outdoor.ro\/outdoor\/wp-content\/uploads\/sites\/4\/2022\/09\/mitza-matei.jpg","type":"image\/jpeg"}],"twitter_card":"summary_large_image","twitter_misc":{"Scris de":"C\u0103lin Pop","Timp estimat pentru citire":"3 minute"},"schema":{"@context":"https:\/\/schema.org","@graph":[{"@type":"Organization","@id":"https:\/\/ski-outdoor.ro\/outdoor\/#organization","name":"Ski & Outdoor Magazine","url":"https:\/\/ski-outdoor.ro\/outdoor\/","sameAs":["https:\/\/www.facebook.com\/skiandoutdoormagazine"],"logo":{"@type":"ImageObject","@id":"https:\/\/ski-outdoor.ro\/outdoor\/#logo","inLanguage":"ro-RO","url":"https:\/\/ski-outdoor.ro\/outdoor\/wp-content\/uploads\/sites\/4\/2019\/05\/logo-e1557923623153.png","contentUrl":"https:\/\/ski-outdoor.ro\/outdoor\/wp-content\/uploads\/sites\/4\/2019\/05\/logo-e1557923623153.png","width":600,"height":165,"caption":"Ski & Outdoor Magazine"},"image":{"@id":"https:\/\/ski-outdoor.ro\/outdoor\/#logo"}},{"@type":"WebSite","@id":"https:\/\/ski-outdoor.ro\/outdoor\/#website","url":"https:\/\/ski-outdoor.ro\/outdoor\/","name":"Outdoor Magazine","description":"","publisher":{"@id":"https:\/\/ski-outdoor.ro\/outdoor\/#organization"},"potentialAction":[{"@type":"SearchAction","target":{"@type":"EntryPoint","urlTemplate":"https:\/\/ski-outdoor.ro\/outdoor\/?s={search_term_string}"},"query-input":"required name=search_term_string"}],"inLanguage":"ro-RO"},{"@type":"ImageObject","@id":"https:\/\/ski-outdoor.ro\/outdoor\/2022\/09\/29\/anca-racatean-si-mitza-matei-au-ajuns-pe-varful-principal-manaslu-aici-in-munti-trebuie-sa-suferi-din-primul-pana-in-ultimul-minut\/#primaryimage","inLanguage":"ro-RO","url":"https:\/\/ski-outdoor.ro\/outdoor\/wp-content\/uploads\/sites\/4\/2022\/09\/mitza-matei.jpg","contentUrl":"https:\/\/ski-outdoor.ro\/outdoor\/wp-content\/uploads\/sites\/4\/2022\/09\/mitza-matei.jpg","width":2048,"height":1152},{"@type":"WebPage","@id":"https:\/\/ski-outdoor.ro\/outdoor\/2022\/09\/29\/anca-racatean-si-mitza-matei-au-ajuns-pe-varful-principal-manaslu-aici-in-munti-trebuie-sa-suferi-din-primul-pana-in-ultimul-minut\/#webpage","url":"https:\/\/ski-outdoor.ro\/outdoor\/2022\/09\/29\/anca-racatean-si-mitza-matei-au-ajuns-pe-varful-principal-manaslu-aici-in-munti-trebuie-sa-suferi-din-primul-pana-in-ultimul-minut\/","name":"Anca R\u0103c\u0103tean \u0219i Mitz\u0103 Matei au ajuns pe v\u00e2rful principal Manaslu: Aici \u00een mun\u021bi, trebuie s\u0103 suferi din primul p\u00e2n\u0103 \u00een ultimul minut - Outdoor Magazine","isPartOf":{"@id":"https:\/\/ski-outdoor.ro\/outdoor\/#website"},"primaryImageOfPage":{"@id":"https:\/\/ski-outdoor.ro\/outdoor\/2022\/09\/29\/anca-racatean-si-mitza-matei-au-ajuns-pe-varful-principal-manaslu-aici-in-munti-trebuie-sa-suferi-din-primul-pana-in-ultimul-minut\/#primaryimage"},"datePublished":"2022-09-29T08:20:28+00:00","dateModified":"2022-09-29T11:40:41+00:00","description":"Anca R\u0103c\u0103tean \u0219i Mitz\u0103 Matei au ajuns miercuri pe v\u00e2rful principal din Manaslu. \u201eAici trebuie s\u0103 suferi din primul p\u00e2n\u0103 \u00een ultimul minut\u201d.","breadcrumb":{"@id":"https:\/\/ski-outdoor.ro\/outdoor\/2022\/09\/29\/anca-racatean-si-mitza-matei-au-ajuns-pe-varful-principal-manaslu-aici-in-munti-trebuie-sa-suferi-din-primul-pana-in-ultimul-minut\/#breadcrumb"},"inLanguage":"ro-RO","potentialAction":[{"@type":"ReadAction","target":["https:\/\/ski-outdoor.ro\/outdoor\/2022\/09\/29\/anca-racatean-si-mitza-matei-au-ajuns-pe-varful-principal-manaslu-aici-in-munti-trebuie-sa-suferi-din-primul-pana-in-ultimul-minut\/"]}]},{"@type":"BreadcrumbList","@id":"https:\/\/ski-outdoor.ro\/outdoor\/2022\/09\/29\/anca-racatean-si-mitza-matei-au-ajuns-pe-varful-principal-manaslu-aici-in-munti-trebuie-sa-suferi-din-primul-pana-in-ultimul-minut\/#breadcrumb","itemListElement":[{"@type":"ListItem","position":1,"name":"Home","item":"https:\/\/ski-outdoor.ro\/outdoor\/"},{"@type":"ListItem","position":2,"name":"Anca R\u0103c\u0103tean \u0219i Mitz\u0103 Matei au ajuns pe v\u00e2rful principal Manaslu: Aici \u00een mun\u021bi, trebuie s\u0103 suferi din primul p\u00e2n\u0103 \u00een ultimul minut"}]},{"@type":"Article","@id":"https:\/\/ski-outdoor.ro\/outdoor\/2022\/09\/29\/anca-racatean-si-mitza-matei-au-ajuns-pe-varful-principal-manaslu-aici-in-munti-trebuie-sa-suferi-din-primul-pana-in-ultimul-minut\/#article","isPartOf":{"@id":"https:\/\/ski-outdoor.ro\/outdoor\/2022\/09\/29\/anca-racatean-si-mitza-matei-au-ajuns-pe-varful-principal-manaslu-aici-in-munti-trebuie-sa-suferi-din-primul-pana-in-ultimul-minut\/#webpage"},"author":{"@id":"https:\/\/ski-outdoor.ro\/outdoor\/#\/schema\/person\/3d8c2382a34197255067399194217080"},"headline":"Anca R\u0103c\u0103tean \u0219i Mitz\u0103 Matei au ajuns pe v\u00e2rful principal Manaslu: Aici \u00een mun\u021bi, trebuie s\u0103 suferi din primul p\u00e2n\u0103 \u00een ultimul minut","datePublished":"2022-09-29T08:20:28+00:00","dateModified":"2022-09-29T11:40:41+00:00","mainEntityOfPage":{"@id":"https:\/\/ski-outdoor.ro\/outdoor\/2022\/09\/29\/anca-racatean-si-mitza-matei-au-ajuns-pe-varful-principal-manaslu-aici-in-munti-trebuie-sa-suferi-din-primul-pana-in-ultimul-minut\/#webpage"},"wordCount":601,"commentCount":0,"publisher":{"@id":"https:\/\/ski-outdoor.ro\/outdoor\/#organization"},"image":{"@id":"https:\/\/ski-outdoor.ro\/outdoor\/2022\/09\/29\/anca-racatean-si-mitza-matei-au-ajuns-pe-varful-principal-manaslu-aici-in-munti-trebuie-sa-suferi-din-primul-pana-in-ultimul-minut\/#primaryimage"},"thumbnailUrl":"https:\/\/ski-outdoor.ro\/outdoor\/wp-content\/uploads\/sites\/4\/2022\/09\/mitza-matei.jpg","keywords":["Anca R\u0103c\u0103tean","avalansa","Manaslu","Mitz\u0103 Matei","oxigen","Varf"],"articleSection":["Actualit\u0103\u021bi"],"inLanguage":"ro-RO","potentialAction":[{"@type":"CommentAction","name":"Comment","target":["https:\/\/ski-outdoor.ro\/outdoor\/2022\/09\/29\/anca-racatean-si-mitza-matei-au-ajuns-pe-varful-principal-manaslu-aici-in-munti-trebuie-sa-suferi-din-primul-pana-in-ultimul-minut\/#respond"]}]},{"@type":"Person","@id":"https:\/\/ski-outdoor.ro\/outdoor\/#\/schema\/person\/3d8c2382a34197255067399194217080","name":"C\u0103lin Pop","image":{"@type":"ImageObject","@id":"https:\/\/ski-outdoor.ro\/outdoor\/#personlogo","inLanguage":"ro-RO","url":"https:\/\/secure.gravatar.com\/avatar\/44fa4e362161e127dec2a82f7585cbd5?s=96&d=mm&r=g","contentUrl":"https:\/\/secure.gravatar.com\/avatar\/44fa4e362161e127dec2a82f7585cbd5?s=96&d=mm&r=g","caption":"C\u0103lin Pop"},"url":"https:\/\/ski-outdoor.ro\/outdoor\/author\/calinpop\/"}]}},"_links":{"self":[{"href":"https:\/\/ski-outdoor.ro\/outdoor\/wp-json\/wp\/v2\/posts\/9228"}],"collection":[{"href":"https:\/\/ski-outdoor.ro\/outdoor\/wp-json\/wp\/v2\/posts"}],"about":[{"href":"https:\/\/ski-outdoor.ro\/outdoor\/wp-json\/wp\/v2\/types\/post"}],"author":[{"embeddable":true,"href":"https:\/\/ski-outdoor.ro\/outdoor\/wp-json\/wp\/v2\/users\/23"}],"replies":[{"embeddable":true,"href":"https:\/\/ski-outdoor.ro\/outdoor\/wp-json\/wp\/v2\/comments?post=9228"}],"version-history":[{"count":2,"href":"https:\/\/ski-outdoor.ro\/outdoor\/wp-json\/wp\/v2\/posts\/9228\/revisions"}],"predecessor-version":[{"id":9235,"href":"https:\/\/ski-outdoor.ro\/outdoor\/wp-json\/wp\/v2\/posts\/9228\/revisions\/9235"}],"wp:featuredmedia":[{"embeddable":true,"href":"https:\/\/ski-outdoor.ro\/outdoor\/wp-json\/wp\/v2\/media\/9230"}],"wp:attachment":[{"href":"https:\/\/ski-outdoor.ro\/outdoor\/wp-json\/wp\/v2\/media?parent=9228"}],"wp:term":[{"taxonomy":"category","embeddable":true,"href":"https:\/\/ski-outdoor.ro\/outdoor\/wp-json\/wp\/v2\/categories?post=9228"},{"taxonomy":"post_tag","embeddable":true,"href":"https:\/\/ski-outdoor.ro\/outdoor\/wp-json\/wp\/v2\/tags?post=9228"}],"curies":[{"name":"wp","href":"https:\/\/api.w.org\/{rel}","templated":true}]}}