{"id":9543,"date":"2023-05-17T06:23:16","date_gmt":"2023-05-17T06:23:16","guid":{"rendered":"https:\/\/ski-outdoor.ro\/outdoor\/?p=9543"},"modified":"2023-05-17T09:17:36","modified_gmt":"2023-05-17T09:17:36","slug":"nou-record-pe-everest-serpasul-kami-rita-a-escaladat-varful-pentru-a-27-a-oara","status":"publish","type":"post","link":"https:\/\/ski-outdoor.ro\/outdoor\/2023\/05\/17\/nou-record-pe-everest-serpasul-kami-rita-a-escaladat-varful-pentru-a-27-a-oara\/","title":{"rendered":"Nou record pe Everest. \u0218erpa\u0219ul Kami Rita a escaladat v\u00e2rful pentru a 27-a oar\u0103"},"content":{"rendered":"<p><strong>\u0218erpa\u0219ul nepalez Kami Rita a escaladat miercuri muntele Everest pentru a 27-a oar\u0103, dep\u0103\u0219indu-\u0219i propriul record.<\/strong><\/p>\n<p><img loading=\"lazy\" class=\"alignnone wp-image-9546 size-full\" src=\"https:\/\/ski-outdoor.ro\/outdoor\/wp-content\/uploads\/sites\/4\/2023\/05\/kami-1.jpg\" alt=\"\" width=\"711\" height=\"534\" srcset=\"https:\/\/ski-outdoor.ro\/outdoor\/wp-content\/uploads\/sites\/4\/2023\/05\/kami-1.jpg 711w, https:\/\/ski-outdoor.ro\/outdoor\/wp-content\/uploads\/sites\/4\/2023\/05\/kami-1-300x225.jpg 300w, https:\/\/ski-outdoor.ro\/outdoor\/wp-content\/uploads\/sites\/4\/2023\/05\/kami-1-370x278.jpg 370w, https:\/\/ski-outdoor.ro\/outdoor\/wp-content\/uploads\/sites\/4\/2023\/05\/kami-1-570x428.jpg 570w\" sizes=\"(max-width: 711px) 100vw, 711px\" \/><\/p>\n<p>&nbsp;<\/p>\n<p>Kami Rita Sherpa, \u00een v\u00e2rst\u0103 de 53 de ani, a escaladat v\u00e2rful de 8.849 de metri dis-de-diminea\u021b\u0103 pe traseul tradi\u021bional al crestei de sud-est, ghid\u00e2nd un alpinist str\u0103in.<\/p>\n<blockquote><p><em>\u201eDa, Kami Rita a escaladat Sagarmatha pentru a 27-a oar\u0103\u201d<\/em>, a declarat Bigyan Koirala, oficial al Departamentului de Turism, referindu-se la munte dup\u0103 numele s\u0103u nepalez, scrie <a href=\"https:\/\/www.reuters.com\/world\/asia-pacific\/nepali-sherpa-sets-everest-record-with-27th-ascent-2023-05-17\/\" target=\"_blank\" rel=\"noopener\">Reuters<\/a>.<\/p><\/blockquote>\n<p>Thaneswar Guragai, manager al Seven Summit Treks, pentru care lucreaz\u0103 Kami Rita, a declarat c\u0103 acesta a ajuns pe v\u00e2rf la ora 8.30 \u00eempreun\u0103 cu alpinistul str\u0103in.<\/p>\n<blockquote><p><em>\u201e\u00cencerc\u0103m s\u0103 afl\u0103m detalii. Deocamdat\u0103 este 100% confirmat faptul c\u0103 Kami Rita a escaladat pentru a 27-a oar\u0103\u201d<\/em>, a declarat Guragai.<\/p><\/blockquote>\n<p>El a escaladat Everestul pentru prima dat\u0103 \u00een 1994 \u0219i de atunci l-a escaladat aproape \u00een fiecare an, cu excep\u021bia anilor 2014, 2015 \u0219i 2020, c\u00e2nd ascensiunea a fost \u00eentrerupt\u0103 din diverse motive.<\/p>\n<p>\u00cen urm\u0103 cu c\u00e2teva zile, recordul anterior al lui Kami Rita, de 26 de escalad\u0103ri, a fost atins de \u0219erpa\u0219ul Pasang Dawa. Detalii, <a href=\"https:\/\/ski-outdoor.ro\/outdoor\/2023\/05\/14\/un-serpas-nepalez-devine-a-doua-persoana-din-lume-care-a-escaladat-everestul-de-26-de-ori\/\" target=\"_blank\" rel=\"noopener\">aici<\/a>.<\/p>\n<p>\u00cen acest an, Nepalul a emis 478 de permise, cele mai multe din istorie, pentru ca oamenii s\u0103 urce pe Everest \u00een sezonul de v\u00e2rf martie-mai, comparativ cu recordul anterior de 408 \u00een 2021.<\/p>\n<p>Everestul a fost escaladat de peste 11.000 de ori, at\u00e2t de pe partea nepalez\u0103, c\u00e2t \u0219i de pe cea tibetan\u0103, de c\u00e2nd a fost escaladat pentru prima dat\u0103 \u00een 1953.<\/p>\n<p><em>Scris de: C\u0103lin Pop<\/em><\/p>\n<p><em>Foto: Facebook\/<a href=\"https:\/\/www.facebook.com\/sevensummittreks\" target=\"_blank\" rel=\"noopener\">Seven Summit Treks<\/a><\/em><\/p>\n","protected":false},"excerpt":{"rendered":"<p>\u0218erpa\u0219ul nepalez Kami Rita a escaladat miercuri muntele Everest pentru a 27-a oar\u0103, dep\u0103\u0219indu-\u0219i propriul record. &nbsp; Kami Rita Sherpa,&#8230;<\/p>\n","protected":false},"author":23,"featured_media":9546,"comment_status":"open","ping_status":"open","sticky":false,"template":"","format":"standard","meta":[],"categories":[1817],"tags":[4023,943,4022,909,4013],"yoast_head":"<!-- This site is optimized with the Yoast SEO plugin v18.4.1 - https:\/\/yoast.com\/wordpress\/plugins\/seo\/ -->\n<title>Nou record pe Everest. \u0218erpa\u0219ul Kami Rita a escaladat v\u00e2rful pentru a 27-a oar\u0103 - Outdoor Magazine<\/title>\n<meta name=\"robots\" content=\"index, follow, max-snippet:-1, max-image-preview:large, max-video-preview:-1\" \/>\n<link rel=\"canonical\" href=\"https:\/\/ski-outdoor.ro\/outdoor\/2023\/05\/17\/nou-record-pe-everest-serpasul-kami-rita-a-escaladat-varful-pentru-a-27-a-oara\/\" \/>\n<meta property=\"og:locale\" content=\"ro_RO\" \/>\n<meta property=\"og:type\" content=\"article\" \/>\n<meta property=\"og:title\" content=\"Nou record pe Everest. \u0218erpa\u0219ul Kami Rita a escaladat v\u00e2rful pentru a 27-a oar\u0103 - Outdoor Magazine\" \/>\n<meta property=\"og:description\" content=\"\u0218erpa\u0219ul nepalez Kami Rita a escaladat miercuri muntele Everest pentru a 27-a oar\u0103, dep\u0103\u0219indu-\u0219i propriul record. &nbsp; Kami Rita Sherpa,...\" \/>\n<meta property=\"og:url\" content=\"https:\/\/ski-outdoor.ro\/outdoor\/2023\/05\/17\/nou-record-pe-everest-serpasul-kami-rita-a-escaladat-varful-pentru-a-27-a-oara\/\" \/>\n<meta property=\"og:site_name\" content=\"Outdoor Magazine\" \/>\n<meta property=\"article:publisher\" content=\"https:\/\/www.facebook.com\/skiandoutdoormagazine\" \/>\n<meta property=\"article:published_time\" content=\"2023-05-17T06:23:16+00:00\" \/>\n<meta property=\"article:modified_time\" content=\"2023-05-17T09:17:36+00:00\" \/>\n<meta property=\"og:image\" content=\"https:\/\/ski-outdoor.ro\/outdoor\/wp-content\/uploads\/sites\/4\/2023\/05\/kami-1.jpg\" \/>\n\t<meta property=\"og:image:width\" content=\"711\" \/>\n\t<meta property=\"og:image:height\" content=\"534\" \/>\n\t<meta property=\"og:image:type\" content=\"image\/jpeg\" \/>\n<meta name=\"twitter:card\" content=\"summary_large_image\" \/>\n<meta name=\"twitter:label1\" content=\"Scris de\" \/>\n\t<meta name=\"twitter:data1\" content=\"C\u0103lin Pop\" \/>\n\t<meta name=\"twitter:label2\" content=\"Timp estimat pentru citire\" \/>\n\t<meta name=\"twitter:data2\" content=\"1 minut\" \/>\n<script type=\"application\/ld+json\" class=\"yoast-schema-graph\">{\"@context\":\"https:\/\/schema.org\",\"@graph\":[{\"@type\":\"Organization\",\"@id\":\"https:\/\/ski-outdoor.ro\/outdoor\/#organization\",\"name\":\"Ski & Outdoor Magazine\",\"url\":\"https:\/\/ski-outdoor.ro\/outdoor\/\",\"sameAs\":[\"https:\/\/www.facebook.com\/skiandoutdoormagazine\"],\"logo\":{\"@type\":\"ImageObject\",\"@id\":\"https:\/\/ski-outdoor.ro\/outdoor\/#logo\",\"inLanguage\":\"ro-RO\",\"url\":\"https:\/\/ski-outdoor.ro\/outdoor\/wp-content\/uploads\/sites\/4\/2019\/05\/logo-e1557923623153.png\",\"contentUrl\":\"https:\/\/ski-outdoor.ro\/outdoor\/wp-content\/uploads\/sites\/4\/2019\/05\/logo-e1557923623153.png\",\"width\":600,\"height\":165,\"caption\":\"Ski & Outdoor Magazine\"},\"image\":{\"@id\":\"https:\/\/ski-outdoor.ro\/outdoor\/#logo\"}},{\"@type\":\"WebSite\",\"@id\":\"https:\/\/ski-outdoor.ro\/outdoor\/#website\",\"url\":\"https:\/\/ski-outdoor.ro\/outdoor\/\",\"name\":\"Outdoor Magazine\",\"description\":\"\",\"publisher\":{\"@id\":\"https:\/\/ski-outdoor.ro\/outdoor\/#organization\"},\"potentialAction\":[{\"@type\":\"SearchAction\",\"target\":{\"@type\":\"EntryPoint\",\"urlTemplate\":\"https:\/\/ski-outdoor.ro\/outdoor\/?s={search_term_string}\"},\"query-input\":\"required name=search_term_string\"}],\"inLanguage\":\"ro-RO\"},{\"@type\":\"ImageObject\",\"@id\":\"https:\/\/ski-outdoor.ro\/outdoor\/2023\/05\/17\/nou-record-pe-everest-serpasul-kami-rita-a-escaladat-varful-pentru-a-27-a-oara\/#primaryimage\",\"inLanguage\":\"ro-RO\",\"url\":\"https:\/\/ski-outdoor.ro\/outdoor\/wp-content\/uploads\/sites\/4\/2023\/05\/kami-1.jpg\",\"contentUrl\":\"https:\/\/ski-outdoor.ro\/outdoor\/wp-content\/uploads\/sites\/4\/2023\/05\/kami-1.jpg\",\"width\":711,\"height\":534},{\"@type\":\"WebPage\",\"@id\":\"https:\/\/ski-outdoor.ro\/outdoor\/2023\/05\/17\/nou-record-pe-everest-serpasul-kami-rita-a-escaladat-varful-pentru-a-27-a-oara\/#webpage\",\"url\":\"https:\/\/ski-outdoor.ro\/outdoor\/2023\/05\/17\/nou-record-pe-everest-serpasul-kami-rita-a-escaladat-varful-pentru-a-27-a-oara\/\",\"name\":\"Nou record pe Everest. \u0218erpa\u0219ul Kami Rita a escaladat v\u00e2rful pentru a 27-a oar\u0103 - Outdoor Magazine\",\"isPartOf\":{\"@id\":\"https:\/\/ski-outdoor.ro\/outdoor\/#website\"},\"primaryImageOfPage\":{\"@id\":\"https:\/\/ski-outdoor.ro\/outdoor\/2023\/05\/17\/nou-record-pe-everest-serpasul-kami-rita-a-escaladat-varful-pentru-a-27-a-oara\/#primaryimage\"},\"datePublished\":\"2023-05-17T06:23:16+00:00\",\"dateModified\":\"2023-05-17T09:17:36+00:00\",\"breadcrumb\":{\"@id\":\"https:\/\/ski-outdoor.ro\/outdoor\/2023\/05\/17\/nou-record-pe-everest-serpasul-kami-rita-a-escaladat-varful-pentru-a-27-a-oara\/#breadcrumb\"},\"inLanguage\":\"ro-RO\",\"potentialAction\":[{\"@type\":\"ReadAction\",\"target\":[\"https:\/\/ski-outdoor.ro\/outdoor\/2023\/05\/17\/nou-record-pe-everest-serpasul-kami-rita-a-escaladat-varful-pentru-a-27-a-oara\/\"]}]},{\"@type\":\"BreadcrumbList\",\"@id\":\"https:\/\/ski-outdoor.ro\/outdoor\/2023\/05\/17\/nou-record-pe-everest-serpasul-kami-rita-a-escaladat-varful-pentru-a-27-a-oara\/#breadcrumb\",\"itemListElement\":[{\"@type\":\"ListItem\",\"position\":1,\"name\":\"Home\",\"item\":\"https:\/\/ski-outdoor.ro\/outdoor\/\"},{\"@type\":\"ListItem\",\"position\":2,\"name\":\"Nou record pe Everest. \u0218erpa\u0219ul Kami Rita a escaladat v\u00e2rful pentru a 27-a oar\u0103\"}]},{\"@type\":\"Article\",\"@id\":\"https:\/\/ski-outdoor.ro\/outdoor\/2023\/05\/17\/nou-record-pe-everest-serpasul-kami-rita-a-escaladat-varful-pentru-a-27-a-oara\/#article\",\"isPartOf\":{\"@id\":\"https:\/\/ski-outdoor.ro\/outdoor\/2023\/05\/17\/nou-record-pe-everest-serpasul-kami-rita-a-escaladat-varful-pentru-a-27-a-oara\/#webpage\"},\"author\":{\"@id\":\"https:\/\/ski-outdoor.ro\/outdoor\/#\/schema\/person\/3d8c2382a34197255067399194217080\"},\"headline\":\"Nou record pe Everest. \u0218erpa\u0219ul Kami Rita a escaladat v\u00e2rful pentru a 27-a oar\u0103\",\"datePublished\":\"2023-05-17T06:23:16+00:00\",\"dateModified\":\"2023-05-17T09:17:36+00:00\",\"mainEntityOfPage\":{\"@id\":\"https:\/\/ski-outdoor.ro\/outdoor\/2023\/05\/17\/nou-record-pe-everest-serpasul-kami-rita-a-escaladat-varful-pentru-a-27-a-oara\/#webpage\"},\"wordCount\":276,\"commentCount\":0,\"publisher\":{\"@id\":\"https:\/\/ski-outdoor.ro\/outdoor\/#organization\"},\"image\":{\"@id\":\"https:\/\/ski-outdoor.ro\/outdoor\/2023\/05\/17\/nou-record-pe-everest-serpasul-kami-rita-a-escaladat-varful-pentru-a-27-a-oara\/#primaryimage\"},\"thumbnailUrl\":\"https:\/\/ski-outdoor.ro\/outdoor\/wp-content\/uploads\/sites\/4\/2023\/05\/kami-1.jpg\",\"keywords\":[\"27\",\"everest\",\"Kami Rita\",\"record\",\"\u0219erpa\u0219\"],\"articleSection\":[\"Actualit\u0103\u021bi\"],\"inLanguage\":\"ro-RO\",\"potentialAction\":[{\"@type\":\"CommentAction\",\"name\":\"Comment\",\"target\":[\"https:\/\/ski-outdoor.ro\/outdoor\/2023\/05\/17\/nou-record-pe-everest-serpasul-kami-rita-a-escaladat-varful-pentru-a-27-a-oara\/#respond\"]}]},{\"@type\":\"Person\",\"@id\":\"https:\/\/ski-outdoor.ro\/outdoor\/#\/schema\/person\/3d8c2382a34197255067399194217080\",\"name\":\"C\u0103lin Pop\",\"image\":{\"@type\":\"ImageObject\",\"@id\":\"https:\/\/ski-outdoor.ro\/outdoor\/#personlogo\",\"inLanguage\":\"ro-RO\",\"url\":\"https:\/\/secure.gravatar.com\/avatar\/44fa4e362161e127dec2a82f7585cbd5?s=96&d=mm&r=g\",\"contentUrl\":\"https:\/\/secure.gravatar.com\/avatar\/44fa4e362161e127dec2a82f7585cbd5?s=96&d=mm&r=g\",\"caption\":\"C\u0103lin Pop\"},\"url\":\"https:\/\/ski-outdoor.ro\/outdoor\/author\/calinpop\/\"}]}<\/script>\n<!-- \/ Yoast SEO plugin. -->","yoast_head_json":{"title":"Nou record pe Everest. \u0218erpa\u0219ul Kami Rita a escaladat v\u00e2rful pentru a 27-a oar\u0103 - Outdoor Magazine","robots":{"index":"index","follow":"follow","max-snippet":"max-snippet:-1","max-image-preview":"max-image-preview:large","max-video-preview":"max-video-preview:-1"},"canonical":"https:\/\/ski-outdoor.ro\/outdoor\/2023\/05\/17\/nou-record-pe-everest-serpasul-kami-rita-a-escaladat-varful-pentru-a-27-a-oara\/","og_locale":"ro_RO","og_type":"article","og_title":"Nou record pe Everest. \u0218erpa\u0219ul Kami Rita a escaladat v\u00e2rful pentru a 27-a oar\u0103 - Outdoor Magazine","og_description":"\u0218erpa\u0219ul nepalez Kami Rita a escaladat miercuri muntele Everest pentru a 27-a oar\u0103, dep\u0103\u0219indu-\u0219i propriul record. &nbsp; Kami Rita Sherpa,...","og_url":"https:\/\/ski-outdoor.ro\/outdoor\/2023\/05\/17\/nou-record-pe-everest-serpasul-kami-rita-a-escaladat-varful-pentru-a-27-a-oara\/","og_site_name":"Outdoor Magazine","article_publisher":"https:\/\/www.facebook.com\/skiandoutdoormagazine","article_published_time":"2023-05-17T06:23:16+00:00","article_modified_time":"2023-05-17T09:17:36+00:00","og_image":[{"width":711,"height":534,"url":"https:\/\/ski-outdoor.ro\/outdoor\/wp-content\/uploads\/sites\/4\/2023\/05\/kami-1.jpg","type":"image\/jpeg"}],"twitter_card":"summary_large_image","twitter_misc":{"Scris de":"C\u0103lin Pop","Timp estimat pentru citire":"1 minut"},"schema":{"@context":"https:\/\/schema.org","@graph":[{"@type":"Organization","@id":"https:\/\/ski-outdoor.ro\/outdoor\/#organization","name":"Ski & Outdoor Magazine","url":"https:\/\/ski-outdoor.ro\/outdoor\/","sameAs":["https:\/\/www.facebook.com\/skiandoutdoormagazine"],"logo":{"@type":"ImageObject","@id":"https:\/\/ski-outdoor.ro\/outdoor\/#logo","inLanguage":"ro-RO","url":"https:\/\/ski-outdoor.ro\/outdoor\/wp-content\/uploads\/sites\/4\/2019\/05\/logo-e1557923623153.png","contentUrl":"https:\/\/ski-outdoor.ro\/outdoor\/wp-content\/uploads\/sites\/4\/2019\/05\/logo-e1557923623153.png","width":600,"height":165,"caption":"Ski & Outdoor Magazine"},"image":{"@id":"https:\/\/ski-outdoor.ro\/outdoor\/#logo"}},{"@type":"WebSite","@id":"https:\/\/ski-outdoor.ro\/outdoor\/#website","url":"https:\/\/ski-outdoor.ro\/outdoor\/","name":"Outdoor Magazine","description":"","publisher":{"@id":"https:\/\/ski-outdoor.ro\/outdoor\/#organization"},"potentialAction":[{"@type":"SearchAction","target":{"@type":"EntryPoint","urlTemplate":"https:\/\/ski-outdoor.ro\/outdoor\/?s={search_term_string}"},"query-input":"required name=search_term_string"}],"inLanguage":"ro-RO"},{"@type":"ImageObject","@id":"https:\/\/ski-outdoor.ro\/outdoor\/2023\/05\/17\/nou-record-pe-everest-serpasul-kami-rita-a-escaladat-varful-pentru-a-27-a-oara\/#primaryimage","inLanguage":"ro-RO","url":"https:\/\/ski-outdoor.ro\/outdoor\/wp-content\/uploads\/sites\/4\/2023\/05\/kami-1.jpg","contentUrl":"https:\/\/ski-outdoor.ro\/outdoor\/wp-content\/uploads\/sites\/4\/2023\/05\/kami-1.jpg","width":711,"height":534},{"@type":"WebPage","@id":"https:\/\/ski-outdoor.ro\/outdoor\/2023\/05\/17\/nou-record-pe-everest-serpasul-kami-rita-a-escaladat-varful-pentru-a-27-a-oara\/#webpage","url":"https:\/\/ski-outdoor.ro\/outdoor\/2023\/05\/17\/nou-record-pe-everest-serpasul-kami-rita-a-escaladat-varful-pentru-a-27-a-oara\/","name":"Nou record pe Everest. \u0218erpa\u0219ul Kami Rita a escaladat v\u00e2rful pentru a 27-a oar\u0103 - Outdoor Magazine","isPartOf":{"@id":"https:\/\/ski-outdoor.ro\/outdoor\/#website"},"primaryImageOfPage":{"@id":"https:\/\/ski-outdoor.ro\/outdoor\/2023\/05\/17\/nou-record-pe-everest-serpasul-kami-rita-a-escaladat-varful-pentru-a-27-a-oara\/#primaryimage"},"datePublished":"2023-05-17T06:23:16+00:00","dateModified":"2023-05-17T09:17:36+00:00","breadcrumb":{"@id":"https:\/\/ski-outdoor.ro\/outdoor\/2023\/05\/17\/nou-record-pe-everest-serpasul-kami-rita-a-escaladat-varful-pentru-a-27-a-oara\/#breadcrumb"},"inLanguage":"ro-RO","potentialAction":[{"@type":"ReadAction","target":["https:\/\/ski-outdoor.ro\/outdoor\/2023\/05\/17\/nou-record-pe-everest-serpasul-kami-rita-a-escaladat-varful-pentru-a-27-a-oara\/"]}]},{"@type":"BreadcrumbList","@id":"https:\/\/ski-outdoor.ro\/outdoor\/2023\/05\/17\/nou-record-pe-everest-serpasul-kami-rita-a-escaladat-varful-pentru-a-27-a-oara\/#breadcrumb","itemListElement":[{"@type":"ListItem","position":1,"name":"Home","item":"https:\/\/ski-outdoor.ro\/outdoor\/"},{"@type":"ListItem","position":2,"name":"Nou record pe Everest. \u0218erpa\u0219ul Kami Rita a escaladat v\u00e2rful pentru a 27-a oar\u0103"}]},{"@type":"Article","@id":"https:\/\/ski-outdoor.ro\/outdoor\/2023\/05\/17\/nou-record-pe-everest-serpasul-kami-rita-a-escaladat-varful-pentru-a-27-a-oara\/#article","isPartOf":{"@id":"https:\/\/ski-outdoor.ro\/outdoor\/2023\/05\/17\/nou-record-pe-everest-serpasul-kami-rita-a-escaladat-varful-pentru-a-27-a-oara\/#webpage"},"author":{"@id":"https:\/\/ski-outdoor.ro\/outdoor\/#\/schema\/person\/3d8c2382a34197255067399194217080"},"headline":"Nou record pe Everest. \u0218erpa\u0219ul Kami Rita a escaladat v\u00e2rful pentru a 27-a oar\u0103","datePublished":"2023-05-17T06:23:16+00:00","dateModified":"2023-05-17T09:17:36+00:00","mainEntityOfPage":{"@id":"https:\/\/ski-outdoor.ro\/outdoor\/2023\/05\/17\/nou-record-pe-everest-serpasul-kami-rita-a-escaladat-varful-pentru-a-27-a-oara\/#webpage"},"wordCount":276,"commentCount":0,"publisher":{"@id":"https:\/\/ski-outdoor.ro\/outdoor\/#organization"},"image":{"@id":"https:\/\/ski-outdoor.ro\/outdoor\/2023\/05\/17\/nou-record-pe-everest-serpasul-kami-rita-a-escaladat-varful-pentru-a-27-a-oara\/#primaryimage"},"thumbnailUrl":"https:\/\/ski-outdoor.ro\/outdoor\/wp-content\/uploads\/sites\/4\/2023\/05\/kami-1.jpg","keywords":["27","everest","Kami Rita","record","\u0219erpa\u0219"],"articleSection":["Actualit\u0103\u021bi"],"inLanguage":"ro-RO","potentialAction":[{"@type":"CommentAction","name":"Comment","target":["https:\/\/ski-outdoor.ro\/outdoor\/2023\/05\/17\/nou-record-pe-everest-serpasul-kami-rita-a-escaladat-varful-pentru-a-27-a-oara\/#respond"]}]},{"@type":"Person","@id":"https:\/\/ski-outdoor.ro\/outdoor\/#\/schema\/person\/3d8c2382a34197255067399194217080","name":"C\u0103lin Pop","image":{"@type":"ImageObject","@id":"https:\/\/ski-outdoor.ro\/outdoor\/#personlogo","inLanguage":"ro-RO","url":"https:\/\/secure.gravatar.com\/avatar\/44fa4e362161e127dec2a82f7585cbd5?s=96&d=mm&r=g","contentUrl":"https:\/\/secure.gravatar.com\/avatar\/44fa4e362161e127dec2a82f7585cbd5?s=96&d=mm&r=g","caption":"C\u0103lin Pop"},"url":"https:\/\/ski-outdoor.ro\/outdoor\/author\/calinpop\/"}]}},"_links":{"self":[{"href":"https:\/\/ski-outdoor.ro\/outdoor\/wp-json\/wp\/v2\/posts\/9543"}],"collection":[{"href":"https:\/\/ski-outdoor.ro\/outdoor\/wp-json\/wp\/v2\/posts"}],"about":[{"href":"https:\/\/ski-outdoor.ro\/outdoor\/wp-json\/wp\/v2\/types\/post"}],"author":[{"embeddable":true,"href":"https:\/\/ski-outdoor.ro\/outdoor\/wp-json\/wp\/v2\/users\/23"}],"replies":[{"embeddable":true,"href":"https:\/\/ski-outdoor.ro\/outdoor\/wp-json\/wp\/v2\/comments?post=9543"}],"version-history":[{"count":2,"href":"https:\/\/ski-outdoor.ro\/outdoor\/wp-json\/wp\/v2\/posts\/9543\/revisions"}],"predecessor-version":[{"id":9547,"href":"https:\/\/ski-outdoor.ro\/outdoor\/wp-json\/wp\/v2\/posts\/9543\/revisions\/9547"}],"wp:featuredmedia":[{"embeddable":true,"href":"https:\/\/ski-outdoor.ro\/outdoor\/wp-json\/wp\/v2\/media\/9546"}],"wp:attachment":[{"href":"https:\/\/ski-outdoor.ro\/outdoor\/wp-json\/wp\/v2\/media?parent=9543"}],"wp:term":[{"taxonomy":"category","embeddable":true,"href":"https:\/\/ski-outdoor.ro\/outdoor\/wp-json\/wp\/v2\/categories?post=9543"},{"taxonomy":"post_tag","embeddable":true,"href":"https:\/\/ski-outdoor.ro\/outdoor\/wp-json\/wp\/v2\/tags?post=9543"}],"curies":[{"name":"wp","href":"https:\/\/api.w.org\/{rel}","templated":true}]}}