{"id":9610,"date":"2023-05-29T11:09:32","date_gmt":"2023-05-29T11:09:32","guid":{"rendered":"https:\/\/ski-outdoor.ro\/outdoor\/?p=9610"},"modified":"2023-05-29T14:32:45","modified_gmt":"2023-05-29T14:32:45","slug":"unde-pedalam-sezonul-aceasta-traseul-de-mtb-subcetate-vf-martonca","status":"publish","type":"post","link":"https:\/\/ski-outdoor.ro\/outdoor\/2023\/05\/29\/unde-pedalam-sezonul-aceasta-traseul-de-mtb-subcetate-vf-martonca\/","title":{"rendered":"Unde pedal\u0103m sezonul aceasta? Traseul de MTB Subcetate &#8211; Vf. Martonca"},"content":{"rendered":"<p><strong>Situat\u0103 \u00eentre ora\u0219ele Topli\u021ba \u0219i Gheorgheni din jude\u021bul Harghita, Subcetate este o comun\u0103 de munte locuit\u0103 de oameni gospodari, iar satele r\u0103sfirate pe mai multe dealuri \u00eentregesc acest peisaj de vis. Pe l\u00e2ng\u0103 activit\u0103\u021bile gospod\u0103re\u0219ti, ni\u0219te tineri petrec mare parte din timpul lor \u00een aer liber, astfel c\u0103 s-a creat o comunitate de bicicli\u0219ti care str\u0103bat mun\u021bii din zon\u0103 pe dou\u0103 ro\u021bi.<\/strong><\/p>\n<p><img loading=\"lazy\" class=\"alignnone wp-image-9613 size-full\" src=\"https:\/\/ski-outdoor.ro\/outdoor\/wp-content\/uploads\/sites\/4\/2023\/05\/traseu-MTB-2.jpg\" alt=\"\" width=\"960\" height=\"960\" srcset=\"https:\/\/ski-outdoor.ro\/outdoor\/wp-content\/uploads\/sites\/4\/2023\/05\/traseu-MTB-2.jpg 960w, https:\/\/ski-outdoor.ro\/outdoor\/wp-content\/uploads\/sites\/4\/2023\/05\/traseu-MTB-2-300x300.jpg 300w, https:\/\/ski-outdoor.ro\/outdoor\/wp-content\/uploads\/sites\/4\/2023\/05\/traseu-MTB-2-150x150.jpg 150w, https:\/\/ski-outdoor.ro\/outdoor\/wp-content\/uploads\/sites\/4\/2023\/05\/traseu-MTB-2-768x768.jpg 768w, https:\/\/ski-outdoor.ro\/outdoor\/wp-content\/uploads\/sites\/4\/2023\/05\/traseu-MTB-2-370x370.jpg 370w, https:\/\/ski-outdoor.ro\/outdoor\/wp-content\/uploads\/sites\/4\/2023\/05\/traseu-MTB-2-570x570.jpg 570w, https:\/\/ski-outdoor.ro\/outdoor\/wp-content\/uploads\/sites\/4\/2023\/05\/traseu-MTB-2-770x770.jpg 770w, https:\/\/ski-outdoor.ro\/outdoor\/wp-content\/uploads\/sites\/4\/2023\/05\/traseu-MTB-2-580x580.jpg 580w\" sizes=\"(max-width: 960px) 100vw, 960px\" \/><\/p>\n<p>Lic\u0103 \u0219i Gabriel, doi dintre varvigeni, au profitat de peisajul din zon\u0103 \u0219i cu ajutorul Prim\u0103riei Subcetate \u0219i a Serviciului Salvamont din zona Topli\u021ba, au creat un traseu de Mountain Bike cu lungime de 42 km care str\u0103bate cele mai importante puncte de interes din zon\u0103: Subcetate &#8211; vatra satului, satul Duda, \u0218e\u0219tina, \u00centre P\u00e2raie, Forc\u0103laie, p\u0103\u0219unea \u0219i v\u00e2rful Martonca, p\u0103\u0219unea F\u0103get, p\u0103\u0219unea Ioguri \u0219i satul Filpea.<\/p>\n<p><img loading=\"lazy\" class=\"alignnone wp-image-9614 size-full\" src=\"https:\/\/ski-outdoor.ro\/outdoor\/wp-content\/uploads\/sites\/4\/2023\/05\/traseu-1.jpg\" alt=\"\" width=\"960\" height=\"720\" srcset=\"https:\/\/ski-outdoor.ro\/outdoor\/wp-content\/uploads\/sites\/4\/2023\/05\/traseu-1.jpg 960w, https:\/\/ski-outdoor.ro\/outdoor\/wp-content\/uploads\/sites\/4\/2023\/05\/traseu-1-300x225.jpg 300w, https:\/\/ski-outdoor.ro\/outdoor\/wp-content\/uploads\/sites\/4\/2023\/05\/traseu-1-768x576.jpg 768w, https:\/\/ski-outdoor.ro\/outdoor\/wp-content\/uploads\/sites\/4\/2023\/05\/traseu-1-370x278.jpg 370w, https:\/\/ski-outdoor.ro\/outdoor\/wp-content\/uploads\/sites\/4\/2023\/05\/traseu-1-570x428.jpg 570w, https:\/\/ski-outdoor.ro\/outdoor\/wp-content\/uploads\/sites\/4\/2023\/05\/traseu-1-770x578.jpg 770w, https:\/\/ski-outdoor.ro\/outdoor\/wp-content\/uploads\/sites\/4\/2023\/05\/traseu-1-773x580.jpg 773w\" sizes=\"(max-width: 960px) 100vw, 960px\" \/><\/p>\n<p>Traseul a fost realizat la finalul anului 2022, fiind puse marcaje prin borne la fiecare intersec\u021bie de traseu, dar inaugurarea oficial\u0103 \u00eenc\u0103 nu a avut loc. Doritorii pot s\u0103 pedaleze pe o lungime de 42 km, diferen\u021ba total\u0103 de nivel fiind de 1070 m, punctul maxim este la cota 1450 m (v\u00e2rful Martonca) \u0219i timpul aproximativ de parcurgere este de 4 ore pentru cei cu condi\u021bie fizic\u0103 bun\u0103.<\/p>\n<p><img loading=\"lazy\" class=\"alignnone wp-image-9611 size-full\" src=\"https:\/\/ski-outdoor.ro\/outdoor\/wp-content\/uploads\/sites\/4\/2023\/05\/traseu-MTB-4.jpg\" alt=\"\" width=\"960\" height=\"720\" srcset=\"https:\/\/ski-outdoor.ro\/outdoor\/wp-content\/uploads\/sites\/4\/2023\/05\/traseu-MTB-4.jpg 960w, https:\/\/ski-outdoor.ro\/outdoor\/wp-content\/uploads\/sites\/4\/2023\/05\/traseu-MTB-4-300x225.jpg 300w, https:\/\/ski-outdoor.ro\/outdoor\/wp-content\/uploads\/sites\/4\/2023\/05\/traseu-MTB-4-768x576.jpg 768w, https:\/\/ski-outdoor.ro\/outdoor\/wp-content\/uploads\/sites\/4\/2023\/05\/traseu-MTB-4-370x278.jpg 370w, https:\/\/ski-outdoor.ro\/outdoor\/wp-content\/uploads\/sites\/4\/2023\/05\/traseu-MTB-4-570x428.jpg 570w, https:\/\/ski-outdoor.ro\/outdoor\/wp-content\/uploads\/sites\/4\/2023\/05\/traseu-MTB-4-770x578.jpg 770w, https:\/\/ski-outdoor.ro\/outdoor\/wp-content\/uploads\/sites\/4\/2023\/05\/traseu-MTB-4-773x580.jpg 773w\" sizes=\"(max-width: 960px) 100vw, 960px\" \/><\/p>\n<p>Panorama din v\u00e2rful Martonca este o adev\u0103rat\u0103 lec\u021bie de geografie, astfel c\u0103 se pot observa: la Nord &#8211; Vest se afl\u0103 vf. Batrana &#8211; 1684 m, la Nord mun\u021bii C\u0103limani cu vf. Pietrosu &#8211; 2100 m \u0219i vf. Negoiu Unguresc &#8211; 2080 m, la Est &#8211; masivul Ceahl\u0103u cu vf. Toaca &#8211; 1904 m, vf. Vithavas (Fighes) cu 1609 m, mun\u021bii H\u0103\u0219ma\u0219u Mare cu vf. Ocola\u0219u Mare de 1907 m, iar in vecinii vf. Piatra Caprei de 1483 m.<\/p>\n<p>Pe partea de a\u0219ez\u0103ri omene\u0219ti se pot observa cu u\u0219urin\u021b\u0103: ora\u0219ul Topli\u021ba, comuna G\u0103l\u0103u\u021ba\u0219, comuna S\u0103rma\u0219 cu satele Platone\u0219ti \u0219i Hodo\u0219a, comuna Subcetate \u0219i mai la Sud &#8211; comunele Remetea \u0219i Ditr\u0103u.<\/p>\n<p><img loading=\"lazy\" class=\"alignnone wp-image-9612 size-full\" src=\"https:\/\/ski-outdoor.ro\/outdoor\/wp-content\/uploads\/sites\/4\/2023\/05\/traseu-MTB-3.jpg\" alt=\"\" width=\"768\" height=\"960\" srcset=\"https:\/\/ski-outdoor.ro\/outdoor\/wp-content\/uploads\/sites\/4\/2023\/05\/traseu-MTB-3.jpg 768w, https:\/\/ski-outdoor.ro\/outdoor\/wp-content\/uploads\/sites\/4\/2023\/05\/traseu-MTB-3-240x300.jpg 240w, https:\/\/ski-outdoor.ro\/outdoor\/wp-content\/uploads\/sites\/4\/2023\/05\/traseu-MTB-3-370x463.jpg 370w, https:\/\/ski-outdoor.ro\/outdoor\/wp-content\/uploads\/sites\/4\/2023\/05\/traseu-MTB-3-570x713.jpg 570w, https:\/\/ski-outdoor.ro\/outdoor\/wp-content\/uploads\/sites\/4\/2023\/05\/traseu-MTB-3-464x580.jpg 464w\" sizes=\"(max-width: 768px) 100vw, 768px\" \/><\/p>\n<p>Ce po\u021bi s\u0103 \u00ee\u021bi dore\u0219ti mai mult ca pasionat al sporturilor Outdoor?<\/p>\n<p>Astfel, realizatorii traseului al\u0103turi de un grup de prieteni s-au decis s\u0103 deschid\u0103 oficial printr-un eveniment care va avea loc \u00een 24 iunie 2023, \u00eentr-o zi de s\u00e2mb\u0103t\u0103. Poate participa orice biciclist pasionat, cu o condi\u021bie fizic\u0103 propice \u0219i o biciclet\u0103 \u00een stare tehnic\u0103 bun\u0103.<\/p>\n<p>Se vor parcurge 2 trasee: traseul lung de 40 km destinat bicicli\u0219tilor avansa\u021bi, precum \u0219i un traseu scurt de 15 km pentru cei mai la \u00eenceput de drum, ambele grupe fiind \u00eenso\u021bite de c\u0103tre o persoan\u0103 cunosc\u0103toare a traseului.<\/p>\n<p><strong>Programul este urm\u0103torul:<\/strong><\/p>\n<p>9.30 Sedin\u021b\u0103 tehnic\u0103 la T\u00e2rgul din comun\u0103 (str T\u00e2rgului)<\/p>\n<p>10.00 Plecare pe trasee<\/p>\n<p>12.00 Pauz\u0103 la st\u00e2n\u0103<\/p>\n<p>13.00 Finalizare trasee<\/p>\n<p>17.00 Ceaun oferit de gazde.<\/p>\n<p>\u00censcrierile se pot face la urm\u0103torul link: <a href=\"https:\/\/docs.google.com\/forms\/d\/e\/1FAIpQLSdIHvjF-sC4lGERnPr5hPxyoxkcCMWlCawLd1bRtkHR2dPEXg\/viewform\">https:\/\/docs.google.com\/forms\/d\/e\/1FAIpQLSdIHvjF-sC4lGERnPr5hPxyoxkcCMWlCawLd1bRtkHR2dPEXg\/viewform.<\/a><\/p>\n<p>Iar pentru nout\u0103\u021bi se poate urm\u0103rile evenimentul de pe Facebook creat: <a href=\"https:\/\/facebook.com\/events\/s\/inaugurare-traseu-mountain-bik\/788623939547837\/\">https:\/\/facebook.com\/events\/s\/inaugurare-traseu-mountain-bik\/788623939547837\/.<\/a><\/p>\n<p><em>Text \u0219i foto: Raul Buzil\u0103<\/em><\/p>\n<p>&nbsp;<\/p>\n<p>&nbsp;<\/p>\n<p>&nbsp;<\/p>\n","protected":false},"excerpt":{"rendered":"<p>Situat\u0103 \u00eentre ora\u0219ele Topli\u021ba \u0219i Gheorgheni din jude\u021bul Harghita, Subcetate este o comun\u0103 de munte locuit\u0103 de oameni gospodari, iar&#8230;<\/p>\n","protected":false},"author":23,"featured_media":9613,"comment_status":"open","ping_status":"open","sticky":false,"template":"","format":"standard","meta":[],"categories":[31],"tags":[2261,702,4045,4046,235],"yoast_head":"<!-- This site is optimized with the Yoast SEO plugin v18.4.1 - https:\/\/yoast.com\/wordpress\/plugins\/seo\/ -->\n<title>Unde pedal\u0103m sezonul aceasta? Traseul de MTB Subcetate - Vf. Martonca - Outdoor Magazine<\/title>\n<meta name=\"robots\" content=\"index, follow, max-snippet:-1, max-image-preview:large, max-video-preview:-1\" \/>\n<link rel=\"canonical\" href=\"https:\/\/ski-outdoor.ro\/outdoor\/2023\/05\/29\/unde-pedalam-sezonul-aceasta-traseul-de-mtb-subcetate-vf-martonca\/\" \/>\n<meta property=\"og:locale\" content=\"ro_RO\" \/>\n<meta property=\"og:type\" content=\"article\" \/>\n<meta property=\"og:title\" content=\"Unde pedal\u0103m sezonul aceasta? Traseul de MTB Subcetate - Vf. Martonca - Outdoor Magazine\" \/>\n<meta property=\"og:description\" content=\"Situat\u0103 \u00eentre ora\u0219ele Topli\u021ba \u0219i Gheorgheni din jude\u021bul Harghita, Subcetate este o comun\u0103 de munte locuit\u0103 de oameni gospodari, iar...\" \/>\n<meta property=\"og:url\" content=\"https:\/\/ski-outdoor.ro\/outdoor\/2023\/05\/29\/unde-pedalam-sezonul-aceasta-traseul-de-mtb-subcetate-vf-martonca\/\" \/>\n<meta property=\"og:site_name\" content=\"Outdoor Magazine\" \/>\n<meta property=\"article:publisher\" content=\"https:\/\/www.facebook.com\/skiandoutdoormagazine\" \/>\n<meta property=\"article:published_time\" content=\"2023-05-29T11:09:32+00:00\" \/>\n<meta property=\"article:modified_time\" content=\"2023-05-29T14:32:45+00:00\" \/>\n<meta property=\"og:image\" content=\"https:\/\/ski-outdoor.ro\/outdoor\/wp-content\/uploads\/sites\/4\/2023\/05\/traseu-MTB-2.jpg\" \/>\n\t<meta property=\"og:image:width\" content=\"960\" \/>\n\t<meta property=\"og:image:height\" content=\"960\" \/>\n\t<meta property=\"og:image:type\" content=\"image\/jpeg\" \/>\n<meta name=\"twitter:card\" content=\"summary_large_image\" \/>\n<meta name=\"twitter:label1\" content=\"Scris de\" \/>\n\t<meta name=\"twitter:data1\" content=\"C\u0103lin Pop\" \/>\n\t<meta name=\"twitter:label2\" content=\"Timp estimat pentru citire\" \/>\n\t<meta name=\"twitter:data2\" content=\"3 minute\" \/>\n<script type=\"application\/ld+json\" class=\"yoast-schema-graph\">{\"@context\":\"https:\/\/schema.org\",\"@graph\":[{\"@type\":\"Organization\",\"@id\":\"https:\/\/ski-outdoor.ro\/outdoor\/#organization\",\"name\":\"Ski & Outdoor Magazine\",\"url\":\"https:\/\/ski-outdoor.ro\/outdoor\/\",\"sameAs\":[\"https:\/\/www.facebook.com\/skiandoutdoormagazine\"],\"logo\":{\"@type\":\"ImageObject\",\"@id\":\"https:\/\/ski-outdoor.ro\/outdoor\/#logo\",\"inLanguage\":\"ro-RO\",\"url\":\"https:\/\/ski-outdoor.ro\/outdoor\/wp-content\/uploads\/sites\/4\/2019\/05\/logo-e1557923623153.png\",\"contentUrl\":\"https:\/\/ski-outdoor.ro\/outdoor\/wp-content\/uploads\/sites\/4\/2019\/05\/logo-e1557923623153.png\",\"width\":600,\"height\":165,\"caption\":\"Ski & Outdoor Magazine\"},\"image\":{\"@id\":\"https:\/\/ski-outdoor.ro\/outdoor\/#logo\"}},{\"@type\":\"WebSite\",\"@id\":\"https:\/\/ski-outdoor.ro\/outdoor\/#website\",\"url\":\"https:\/\/ski-outdoor.ro\/outdoor\/\",\"name\":\"Outdoor Magazine\",\"description\":\"\",\"publisher\":{\"@id\":\"https:\/\/ski-outdoor.ro\/outdoor\/#organization\"},\"potentialAction\":[{\"@type\":\"SearchAction\",\"target\":{\"@type\":\"EntryPoint\",\"urlTemplate\":\"https:\/\/ski-outdoor.ro\/outdoor\/?s={search_term_string}\"},\"query-input\":\"required name=search_term_string\"}],\"inLanguage\":\"ro-RO\"},{\"@type\":\"ImageObject\",\"@id\":\"https:\/\/ski-outdoor.ro\/outdoor\/2023\/05\/29\/unde-pedalam-sezonul-aceasta-traseul-de-mtb-subcetate-vf-martonca\/#primaryimage\",\"inLanguage\":\"ro-RO\",\"url\":\"https:\/\/ski-outdoor.ro\/outdoor\/wp-content\/uploads\/sites\/4\/2023\/05\/traseu-MTB-2.jpg\",\"contentUrl\":\"https:\/\/ski-outdoor.ro\/outdoor\/wp-content\/uploads\/sites\/4\/2023\/05\/traseu-MTB-2.jpg\",\"width\":960,\"height\":960},{\"@type\":\"WebPage\",\"@id\":\"https:\/\/ski-outdoor.ro\/outdoor\/2023\/05\/29\/unde-pedalam-sezonul-aceasta-traseul-de-mtb-subcetate-vf-martonca\/#webpage\",\"url\":\"https:\/\/ski-outdoor.ro\/outdoor\/2023\/05\/29\/unde-pedalam-sezonul-aceasta-traseul-de-mtb-subcetate-vf-martonca\/\",\"name\":\"Unde pedal\u0103m sezonul aceasta? Traseul de MTB Subcetate - Vf. Martonca - Outdoor Magazine\",\"isPartOf\":{\"@id\":\"https:\/\/ski-outdoor.ro\/outdoor\/#website\"},\"primaryImageOfPage\":{\"@id\":\"https:\/\/ski-outdoor.ro\/outdoor\/2023\/05\/29\/unde-pedalam-sezonul-aceasta-traseul-de-mtb-subcetate-vf-martonca\/#primaryimage\"},\"datePublished\":\"2023-05-29T11:09:32+00:00\",\"dateModified\":\"2023-05-29T14:32:45+00:00\",\"breadcrumb\":{\"@id\":\"https:\/\/ski-outdoor.ro\/outdoor\/2023\/05\/29\/unde-pedalam-sezonul-aceasta-traseul-de-mtb-subcetate-vf-martonca\/#breadcrumb\"},\"inLanguage\":\"ro-RO\",\"potentialAction\":[{\"@type\":\"ReadAction\",\"target\":[\"https:\/\/ski-outdoor.ro\/outdoor\/2023\/05\/29\/unde-pedalam-sezonul-aceasta-traseul-de-mtb-subcetate-vf-martonca\/\"]}]},{\"@type\":\"BreadcrumbList\",\"@id\":\"https:\/\/ski-outdoor.ro\/outdoor\/2023\/05\/29\/unde-pedalam-sezonul-aceasta-traseul-de-mtb-subcetate-vf-martonca\/#breadcrumb\",\"itemListElement\":[{\"@type\":\"ListItem\",\"position\":1,\"name\":\"Home\",\"item\":\"https:\/\/ski-outdoor.ro\/outdoor\/\"},{\"@type\":\"ListItem\",\"position\":2,\"name\":\"Unde pedal\u0103m sezonul aceasta? Traseul de MTB Subcetate &#8211; Vf. Martonca\"}]},{\"@type\":\"Article\",\"@id\":\"https:\/\/ski-outdoor.ro\/outdoor\/2023\/05\/29\/unde-pedalam-sezonul-aceasta-traseul-de-mtb-subcetate-vf-martonca\/#article\",\"isPartOf\":{\"@id\":\"https:\/\/ski-outdoor.ro\/outdoor\/2023\/05\/29\/unde-pedalam-sezonul-aceasta-traseul-de-mtb-subcetate-vf-martonca\/#webpage\"},\"author\":{\"@id\":\"https:\/\/ski-outdoor.ro\/outdoor\/#\/schema\/person\/3d8c2382a34197255067399194217080\"},\"headline\":\"Unde pedal\u0103m sezonul aceasta? Traseul de MTB Subcetate &#8211; Vf. Martonca\",\"datePublished\":\"2023-05-29T11:09:32+00:00\",\"dateModified\":\"2023-05-29T14:32:45+00:00\",\"mainEntityOfPage\":{\"@id\":\"https:\/\/ski-outdoor.ro\/outdoor\/2023\/05\/29\/unde-pedalam-sezonul-aceasta-traseul-de-mtb-subcetate-vf-martonca\/#webpage\"},\"wordCount\":535,\"commentCount\":0,\"publisher\":{\"@id\":\"https:\/\/ski-outdoor.ro\/outdoor\/#organization\"},\"image\":{\"@id\":\"https:\/\/ski-outdoor.ro\/outdoor\/2023\/05\/29\/unde-pedalam-sezonul-aceasta-traseul-de-mtb-subcetate-vf-martonca\/#primaryimage\"},\"thumbnailUrl\":\"https:\/\/ski-outdoor.ro\/outdoor\/wp-content\/uploads\/sites\/4\/2023\/05\/traseu-MTB-2.jpg\",\"keywords\":[\"harghita\",\"MTB\",\"pedal\u0103m\",\"Subcetate - Vf. Martonca\",\"traseu\"],\"articleSection\":[\"Destina\u021bii \u00een Rom\u00e2nia\"],\"inLanguage\":\"ro-RO\",\"potentialAction\":[{\"@type\":\"CommentAction\",\"name\":\"Comment\",\"target\":[\"https:\/\/ski-outdoor.ro\/outdoor\/2023\/05\/29\/unde-pedalam-sezonul-aceasta-traseul-de-mtb-subcetate-vf-martonca\/#respond\"]}]},{\"@type\":\"Person\",\"@id\":\"https:\/\/ski-outdoor.ro\/outdoor\/#\/schema\/person\/3d8c2382a34197255067399194217080\",\"name\":\"C\u0103lin Pop\",\"image\":{\"@type\":\"ImageObject\",\"@id\":\"https:\/\/ski-outdoor.ro\/outdoor\/#personlogo\",\"inLanguage\":\"ro-RO\",\"url\":\"https:\/\/secure.gravatar.com\/avatar\/44fa4e362161e127dec2a82f7585cbd5?s=96&d=mm&r=g\",\"contentUrl\":\"https:\/\/secure.gravatar.com\/avatar\/44fa4e362161e127dec2a82f7585cbd5?s=96&d=mm&r=g\",\"caption\":\"C\u0103lin Pop\"},\"url\":\"https:\/\/ski-outdoor.ro\/outdoor\/author\/calinpop\/\"}]}<\/script>\n<!-- \/ Yoast SEO plugin. -->","yoast_head_json":{"title":"Unde pedal\u0103m sezonul aceasta? Traseul de MTB Subcetate - Vf. Martonca - Outdoor Magazine","robots":{"index":"index","follow":"follow","max-snippet":"max-snippet:-1","max-image-preview":"max-image-preview:large","max-video-preview":"max-video-preview:-1"},"canonical":"https:\/\/ski-outdoor.ro\/outdoor\/2023\/05\/29\/unde-pedalam-sezonul-aceasta-traseul-de-mtb-subcetate-vf-martonca\/","og_locale":"ro_RO","og_type":"article","og_title":"Unde pedal\u0103m sezonul aceasta? Traseul de MTB Subcetate - Vf. Martonca - Outdoor Magazine","og_description":"Situat\u0103 \u00eentre ora\u0219ele Topli\u021ba \u0219i Gheorgheni din jude\u021bul Harghita, Subcetate este o comun\u0103 de munte locuit\u0103 de oameni gospodari, iar...","og_url":"https:\/\/ski-outdoor.ro\/outdoor\/2023\/05\/29\/unde-pedalam-sezonul-aceasta-traseul-de-mtb-subcetate-vf-martonca\/","og_site_name":"Outdoor Magazine","article_publisher":"https:\/\/www.facebook.com\/skiandoutdoormagazine","article_published_time":"2023-05-29T11:09:32+00:00","article_modified_time":"2023-05-29T14:32:45+00:00","og_image":[{"width":960,"height":960,"url":"https:\/\/ski-outdoor.ro\/outdoor\/wp-content\/uploads\/sites\/4\/2023\/05\/traseu-MTB-2.jpg","type":"image\/jpeg"}],"twitter_card":"summary_large_image","twitter_misc":{"Scris de":"C\u0103lin Pop","Timp estimat pentru citire":"3 minute"},"schema":{"@context":"https:\/\/schema.org","@graph":[{"@type":"Organization","@id":"https:\/\/ski-outdoor.ro\/outdoor\/#organization","name":"Ski & Outdoor Magazine","url":"https:\/\/ski-outdoor.ro\/outdoor\/","sameAs":["https:\/\/www.facebook.com\/skiandoutdoormagazine"],"logo":{"@type":"ImageObject","@id":"https:\/\/ski-outdoor.ro\/outdoor\/#logo","inLanguage":"ro-RO","url":"https:\/\/ski-outdoor.ro\/outdoor\/wp-content\/uploads\/sites\/4\/2019\/05\/logo-e1557923623153.png","contentUrl":"https:\/\/ski-outdoor.ro\/outdoor\/wp-content\/uploads\/sites\/4\/2019\/05\/logo-e1557923623153.png","width":600,"height":165,"caption":"Ski & Outdoor Magazine"},"image":{"@id":"https:\/\/ski-outdoor.ro\/outdoor\/#logo"}},{"@type":"WebSite","@id":"https:\/\/ski-outdoor.ro\/outdoor\/#website","url":"https:\/\/ski-outdoor.ro\/outdoor\/","name":"Outdoor Magazine","description":"","publisher":{"@id":"https:\/\/ski-outdoor.ro\/outdoor\/#organization"},"potentialAction":[{"@type":"SearchAction","target":{"@type":"EntryPoint","urlTemplate":"https:\/\/ski-outdoor.ro\/outdoor\/?s={search_term_string}"},"query-input":"required name=search_term_string"}],"inLanguage":"ro-RO"},{"@type":"ImageObject","@id":"https:\/\/ski-outdoor.ro\/outdoor\/2023\/05\/29\/unde-pedalam-sezonul-aceasta-traseul-de-mtb-subcetate-vf-martonca\/#primaryimage","inLanguage":"ro-RO","url":"https:\/\/ski-outdoor.ro\/outdoor\/wp-content\/uploads\/sites\/4\/2023\/05\/traseu-MTB-2.jpg","contentUrl":"https:\/\/ski-outdoor.ro\/outdoor\/wp-content\/uploads\/sites\/4\/2023\/05\/traseu-MTB-2.jpg","width":960,"height":960},{"@type":"WebPage","@id":"https:\/\/ski-outdoor.ro\/outdoor\/2023\/05\/29\/unde-pedalam-sezonul-aceasta-traseul-de-mtb-subcetate-vf-martonca\/#webpage","url":"https:\/\/ski-outdoor.ro\/outdoor\/2023\/05\/29\/unde-pedalam-sezonul-aceasta-traseul-de-mtb-subcetate-vf-martonca\/","name":"Unde pedal\u0103m sezonul aceasta? Traseul de MTB Subcetate - Vf. Martonca - Outdoor Magazine","isPartOf":{"@id":"https:\/\/ski-outdoor.ro\/outdoor\/#website"},"primaryImageOfPage":{"@id":"https:\/\/ski-outdoor.ro\/outdoor\/2023\/05\/29\/unde-pedalam-sezonul-aceasta-traseul-de-mtb-subcetate-vf-martonca\/#primaryimage"},"datePublished":"2023-05-29T11:09:32+00:00","dateModified":"2023-05-29T14:32:45+00:00","breadcrumb":{"@id":"https:\/\/ski-outdoor.ro\/outdoor\/2023\/05\/29\/unde-pedalam-sezonul-aceasta-traseul-de-mtb-subcetate-vf-martonca\/#breadcrumb"},"inLanguage":"ro-RO","potentialAction":[{"@type":"ReadAction","target":["https:\/\/ski-outdoor.ro\/outdoor\/2023\/05\/29\/unde-pedalam-sezonul-aceasta-traseul-de-mtb-subcetate-vf-martonca\/"]}]},{"@type":"BreadcrumbList","@id":"https:\/\/ski-outdoor.ro\/outdoor\/2023\/05\/29\/unde-pedalam-sezonul-aceasta-traseul-de-mtb-subcetate-vf-martonca\/#breadcrumb","itemListElement":[{"@type":"ListItem","position":1,"name":"Home","item":"https:\/\/ski-outdoor.ro\/outdoor\/"},{"@type":"ListItem","position":2,"name":"Unde pedal\u0103m sezonul aceasta? Traseul de MTB Subcetate &#8211; Vf. Martonca"}]},{"@type":"Article","@id":"https:\/\/ski-outdoor.ro\/outdoor\/2023\/05\/29\/unde-pedalam-sezonul-aceasta-traseul-de-mtb-subcetate-vf-martonca\/#article","isPartOf":{"@id":"https:\/\/ski-outdoor.ro\/outdoor\/2023\/05\/29\/unde-pedalam-sezonul-aceasta-traseul-de-mtb-subcetate-vf-martonca\/#webpage"},"author":{"@id":"https:\/\/ski-outdoor.ro\/outdoor\/#\/schema\/person\/3d8c2382a34197255067399194217080"},"headline":"Unde pedal\u0103m sezonul aceasta? Traseul de MTB Subcetate &#8211; Vf. Martonca","datePublished":"2023-05-29T11:09:32+00:00","dateModified":"2023-05-29T14:32:45+00:00","mainEntityOfPage":{"@id":"https:\/\/ski-outdoor.ro\/outdoor\/2023\/05\/29\/unde-pedalam-sezonul-aceasta-traseul-de-mtb-subcetate-vf-martonca\/#webpage"},"wordCount":535,"commentCount":0,"publisher":{"@id":"https:\/\/ski-outdoor.ro\/outdoor\/#organization"},"image":{"@id":"https:\/\/ski-outdoor.ro\/outdoor\/2023\/05\/29\/unde-pedalam-sezonul-aceasta-traseul-de-mtb-subcetate-vf-martonca\/#primaryimage"},"thumbnailUrl":"https:\/\/ski-outdoor.ro\/outdoor\/wp-content\/uploads\/sites\/4\/2023\/05\/traseu-MTB-2.jpg","keywords":["harghita","MTB","pedal\u0103m","Subcetate - Vf. Martonca","traseu"],"articleSection":["Destina\u021bii \u00een Rom\u00e2nia"],"inLanguage":"ro-RO","potentialAction":[{"@type":"CommentAction","name":"Comment","target":["https:\/\/ski-outdoor.ro\/outdoor\/2023\/05\/29\/unde-pedalam-sezonul-aceasta-traseul-de-mtb-subcetate-vf-martonca\/#respond"]}]},{"@type":"Person","@id":"https:\/\/ski-outdoor.ro\/outdoor\/#\/schema\/person\/3d8c2382a34197255067399194217080","name":"C\u0103lin Pop","image":{"@type":"ImageObject","@id":"https:\/\/ski-outdoor.ro\/outdoor\/#personlogo","inLanguage":"ro-RO","url":"https:\/\/secure.gravatar.com\/avatar\/44fa4e362161e127dec2a82f7585cbd5?s=96&d=mm&r=g","contentUrl":"https:\/\/secure.gravatar.com\/avatar\/44fa4e362161e127dec2a82f7585cbd5?s=96&d=mm&r=g","caption":"C\u0103lin Pop"},"url":"https:\/\/ski-outdoor.ro\/outdoor\/author\/calinpop\/"}]}},"_links":{"self":[{"href":"https:\/\/ski-outdoor.ro\/outdoor\/wp-json\/wp\/v2\/posts\/9610"}],"collection":[{"href":"https:\/\/ski-outdoor.ro\/outdoor\/wp-json\/wp\/v2\/posts"}],"about":[{"href":"https:\/\/ski-outdoor.ro\/outdoor\/wp-json\/wp\/v2\/types\/post"}],"author":[{"embeddable":true,"href":"https:\/\/ski-outdoor.ro\/outdoor\/wp-json\/wp\/v2\/users\/23"}],"replies":[{"embeddable":true,"href":"https:\/\/ski-outdoor.ro\/outdoor\/wp-json\/wp\/v2\/comments?post=9610"}],"version-history":[{"count":3,"href":"https:\/\/ski-outdoor.ro\/outdoor\/wp-json\/wp\/v2\/posts\/9610\/revisions"}],"predecessor-version":[{"id":9617,"href":"https:\/\/ski-outdoor.ro\/outdoor\/wp-json\/wp\/v2\/posts\/9610\/revisions\/9617"}],"wp:featuredmedia":[{"embeddable":true,"href":"https:\/\/ski-outdoor.ro\/outdoor\/wp-json\/wp\/v2\/media\/9613"}],"wp:attachment":[{"href":"https:\/\/ski-outdoor.ro\/outdoor\/wp-json\/wp\/v2\/media?parent=9610"}],"wp:term":[{"taxonomy":"category","embeddable":true,"href":"https:\/\/ski-outdoor.ro\/outdoor\/wp-json\/wp\/v2\/categories?post=9610"},{"taxonomy":"post_tag","embeddable":true,"href":"https:\/\/ski-outdoor.ro\/outdoor\/wp-json\/wp\/v2\/tags?post=9610"}],"curies":[{"name":"wp","href":"https:\/\/api.w.org\/{rel}","templated":true}]}}