{"id":9647,"date":"2023-06-06T08:11:53","date_gmt":"2023-06-06T08:11:53","guid":{"rendered":"https:\/\/ski-outdoor.ro\/outdoor\/?p=9647"},"modified":"2023-06-06T08:11:53","modified_gmt":"2023-06-06T08:11:53","slug":"velo-arena-copiilor-2023-organizat-sub-egida-federatiei-romane-de-ciclism-si-a-desemnat-castigatorii","status":"publish","type":"post","link":"https:\/\/ski-outdoor.ro\/outdoor\/2023\/06\/06\/velo-arena-copiilor-2023-organizat-sub-egida-federatiei-romane-de-ciclism-si-a-desemnat-castigatorii\/","title":{"rendered":"Velo Arena Copiilor 2023, organizat sub egida Federa\u021biei Rom\u00e2ne de Ciclism, \u0219i-a desemnat c\u00e2\u0219tig\u0103torii"},"content":{"rendered":"<p><strong>Velo Arena Copiilor 2023, organizat sub egida Federa\u021biei Rom\u00e2ne de Ciclism la Arena Plato\u0219 P\u0103ltini\u0219, \u00een perioada 3-4 iunie, \u0219i-a desemnat c\u00e2\u0219tig\u0103torii.<\/strong><\/p>\n<p><img loading=\"lazy\" class=\"alignnone wp-image-9648 size-full\" src=\"https:\/\/ski-outdoor.ro\/outdoor\/wp-content\/uploads\/sites\/4\/2023\/06\/arena-platos-ciclism.jpg\" alt=\"\" width=\"960\" height=\"640\" srcset=\"https:\/\/ski-outdoor.ro\/outdoor\/wp-content\/uploads\/sites\/4\/2023\/06\/arena-platos-ciclism.jpg 960w, https:\/\/ski-outdoor.ro\/outdoor\/wp-content\/uploads\/sites\/4\/2023\/06\/arena-platos-ciclism-300x200.jpg 300w, https:\/\/ski-outdoor.ro\/outdoor\/wp-content\/uploads\/sites\/4\/2023\/06\/arena-platos-ciclism-768x512.jpg 768w, https:\/\/ski-outdoor.ro\/outdoor\/wp-content\/uploads\/sites\/4\/2023\/06\/arena-platos-ciclism-370x247.jpg 370w, https:\/\/ski-outdoor.ro\/outdoor\/wp-content\/uploads\/sites\/4\/2023\/06\/arena-platos-ciclism-270x180.jpg 270w, https:\/\/ski-outdoor.ro\/outdoor\/wp-content\/uploads\/sites\/4\/2023\/06\/arena-platos-ciclism-570x380.jpg 570w, https:\/\/ski-outdoor.ro\/outdoor\/wp-content\/uploads\/sites\/4\/2023\/06\/arena-platos-ciclism-770x513.jpg 770w, https:\/\/ski-outdoor.ro\/outdoor\/wp-content\/uploads\/sites\/4\/2023\/06\/arena-platos-ciclism-870x580.jpg 870w\" sizes=\"(max-width: 960px) 100vw, 960px\" \/><\/p>\n<p>Potrivit organizatorilor, Velo Arena Copiilor este un concurs sub egida Federa\u021biei Rom\u00e2ne de Ciclism \u0219i reprezint\u0103 prima etap\u0103 din Cupa Velociped, o serie de competi\u021bii de mountain biking gravita\u021bional dedicat\u0103 copiilor. Urm\u0103toarea etap\u0103 va avea loc la Azuga \u00een luna iulie.<\/p>\n<p>Iat\u0103 rezultatele competi\u021biei de la Arena Plato\u0219 P\u0103ltini\u0219:<\/p>\n<p>Fete Open Categoria B (11-12 ani)<\/p>\n<ol>\n<li>Ruxandra Bu\u021biu<\/li>\n<li>Eva Curtean<\/li>\n<\/ol>\n<p>B\u0103ie\u021bi Open Categoria C (9-10 ani)<\/p>\n<ol>\n<li>Patrick Bu\u021biu<\/li>\n<li>Xavier David Tudor Hagiu<\/li>\n<li>Maximilian Ionescu<\/li>\n<\/ol>\n<p>B\u0103ie\u021bi Open Categoria B (11-12 ani)<\/p>\n<ol>\n<li>Theodor Petre<\/li>\n<li>David Duma<\/li>\n<li>Vladimir St\u0103nescu<\/li>\n<\/ol>\n<p>B\u0103ie\u021bi Open Categoria A (13-14 ani)<\/p>\n<ol>\n<li>George Or\u0103\u0219an<\/li>\n<li>Rare\u0219 Paul Skverne<\/li>\n<li>Alex Ol\u0103reanu<\/li>\n<\/ol>\n<p>B\u0103ie\u021bi Licen\u021bia\u021bi Categoria C (9-10 ani)<\/p>\n<ol>\n<li>Zalan Molnar<\/li>\n<li>Yanis Gabriel Chi\u021bigoiu<\/li>\n<\/ol>\n<p>B\u0103ie\u021bi Licen\u021bia\u021bi Categoria B (11-12 ani)<\/p>\n<ol>\n<li>Andrei Tudor<\/li>\n<li>Andrei Moldovan<\/li>\n<\/ol>\n<p>B\u0103ie\u021bi Licen\u021bia\u021bi Categoria A (13-14 ani)<\/p>\n<ol>\n<li>Andrei Ion<\/li>\n<li>David Tudor<\/li>\n<li>Marcus Nicholas Bacria<\/li>\n<\/ol>\n<p>Tinerii downhilleri s-au duelat cu cronometrul pe apreciatul Flow Trail, care este un magnet pentru public pe tot parcursul sezonului de var\u0103. Traseul a fost special amenajat pentru concurs \u0219i a ar\u0103tat impecabil.<\/p>\n<p>Concursul a marcat deschiderea sezonului de mountain biking la Arena Plato\u0219 P\u0103ltini\u0219.<\/p>\n<p>P\u0103ltini\u0219 Arena g\u0103zduie\u0219te mai multe competi\u021bii de mountain biking, de la concursuri de downhill \u0219i de copii, p\u00e2n\u0103 la bine cunoscutele etape de anduran\u021b\u0103 din cadrul Triadei MTB, organizate de ProCycling. Anul acesta, P\u0103ltini\u0219 Arena va g\u0103zdui \u00een luna iulie \u0219i Campionatele Na\u021bionale de MTB cross-country \u0219i short-track ale Federa\u021biei Rom\u00e2ne de Ciclism.<\/p>\n<p><em>Scris de: C\u0103lin Pop<\/em><\/p>\n<p><em>Foto: <a href=\"https:\/\/www.facebook.com\/ArenaPlatosPaltinis\" target=\"_blank\" rel=\"noopener\">Arena Plato\u0219 P\u0103ltini\u0219<\/a>\/<a href=\"https:\/\/www.facebook.com\/ilie.pipernea?__cft__%5b0%5d=AZUMTGsfiPtGtsVxBtWv1m30zjNeUAviL--_330S6v-8gB6q4V0V2UQ7qIOrKeeh4t6R1ZaLNGD3zgE2BsfwPV3niVUGVWa2KUeolLZyXD4rejTpvV26toeHJ3yLXmQcxVv6cPmESYryuWmAW9x0n1H7O8dWj2Ou7FGYsdZTxbuHll5WeZNWow6lQyMgy9kle_8&amp;__tn__=-%5dK-R\" target=\"_blank\" rel=\"noopener\">Ilie Pipernea<\/a><\/em><\/p>\n","protected":false},"excerpt":{"rendered":"<p>Velo Arena Copiilor 2023, organizat sub egida Federa\u021biei Rom\u00e2ne de Ciclism la Arena Plato\u0219 P\u0103ltini\u0219, \u00een perioada 3-4 iunie, \u0219i-a&#8230;<\/p>\n","protected":false},"author":23,"featured_media":9648,"comment_status":"open","ping_status":"open","sticky":false,"template":"","format":"standard","meta":[],"categories":[1817],"tags":[4066,333,402,956,4065],"yoast_head":"<!-- This site is optimized with the Yoast SEO plugin v18.4.1 - https:\/\/yoast.com\/wordpress\/plugins\/seo\/ -->\n<title>Velo Arena Copiilor 2023, organizat sub egida Federa\u021biei Rom\u00e2ne de Ciclism, \u0219i-a desemnat c\u00e2\u0219tig\u0103torii - Outdoor Magazine<\/title>\n<meta name=\"robots\" content=\"index, follow, max-snippet:-1, max-image-preview:large, max-video-preview:-1\" \/>\n<link rel=\"canonical\" href=\"https:\/\/ski-outdoor.ro\/outdoor\/2023\/06\/06\/velo-arena-copiilor-2023-organizat-sub-egida-federatiei-romane-de-ciclism-si-a-desemnat-castigatorii\/\" \/>\n<meta property=\"og:locale\" content=\"ro_RO\" \/>\n<meta property=\"og:type\" content=\"article\" \/>\n<meta property=\"og:title\" content=\"Velo Arena Copiilor 2023, organizat sub egida Federa\u021biei Rom\u00e2ne de Ciclism, \u0219i-a desemnat c\u00e2\u0219tig\u0103torii - Outdoor Magazine\" \/>\n<meta property=\"og:description\" content=\"Velo Arena Copiilor 2023, organizat sub egida Federa\u021biei Rom\u00e2ne de Ciclism la Arena Plato\u0219 P\u0103ltini\u0219, \u00een perioada 3-4 iunie, \u0219i-a...\" \/>\n<meta property=\"og:url\" content=\"https:\/\/ski-outdoor.ro\/outdoor\/2023\/06\/06\/velo-arena-copiilor-2023-organizat-sub-egida-federatiei-romane-de-ciclism-si-a-desemnat-castigatorii\/\" \/>\n<meta property=\"og:site_name\" content=\"Outdoor Magazine\" \/>\n<meta property=\"article:publisher\" content=\"https:\/\/www.facebook.com\/skiandoutdoormagazine\" \/>\n<meta property=\"article:published_time\" content=\"2023-06-06T08:11:53+00:00\" \/>\n<meta property=\"og:image\" content=\"https:\/\/ski-outdoor.ro\/outdoor\/wp-content\/uploads\/sites\/4\/2023\/06\/arena-platos-ciclism.jpg\" \/>\n\t<meta property=\"og:image:width\" content=\"960\" \/>\n\t<meta property=\"og:image:height\" content=\"640\" \/>\n\t<meta property=\"og:image:type\" content=\"image\/jpeg\" \/>\n<meta name=\"twitter:card\" content=\"summary_large_image\" \/>\n<meta name=\"twitter:label1\" content=\"Scris de\" \/>\n\t<meta name=\"twitter:data1\" content=\"C\u0103lin Pop\" \/>\n\t<meta name=\"twitter:label2\" content=\"Timp estimat pentru citire\" \/>\n\t<meta name=\"twitter:data2\" content=\"2 minute\" \/>\n<script type=\"application\/ld+json\" class=\"yoast-schema-graph\">{\"@context\":\"https:\/\/schema.org\",\"@graph\":[{\"@type\":\"Organization\",\"@id\":\"https:\/\/ski-outdoor.ro\/outdoor\/#organization\",\"name\":\"Ski & Outdoor Magazine\",\"url\":\"https:\/\/ski-outdoor.ro\/outdoor\/\",\"sameAs\":[\"https:\/\/www.facebook.com\/skiandoutdoormagazine\"],\"logo\":{\"@type\":\"ImageObject\",\"@id\":\"https:\/\/ski-outdoor.ro\/outdoor\/#logo\",\"inLanguage\":\"ro-RO\",\"url\":\"https:\/\/ski-outdoor.ro\/outdoor\/wp-content\/uploads\/sites\/4\/2019\/05\/logo-e1557923623153.png\",\"contentUrl\":\"https:\/\/ski-outdoor.ro\/outdoor\/wp-content\/uploads\/sites\/4\/2019\/05\/logo-e1557923623153.png\",\"width\":600,\"height\":165,\"caption\":\"Ski & Outdoor Magazine\"},\"image\":{\"@id\":\"https:\/\/ski-outdoor.ro\/outdoor\/#logo\"}},{\"@type\":\"WebSite\",\"@id\":\"https:\/\/ski-outdoor.ro\/outdoor\/#website\",\"url\":\"https:\/\/ski-outdoor.ro\/outdoor\/\",\"name\":\"Outdoor Magazine\",\"description\":\"\",\"publisher\":{\"@id\":\"https:\/\/ski-outdoor.ro\/outdoor\/#organization\"},\"potentialAction\":[{\"@type\":\"SearchAction\",\"target\":{\"@type\":\"EntryPoint\",\"urlTemplate\":\"https:\/\/ski-outdoor.ro\/outdoor\/?s={search_term_string}\"},\"query-input\":\"required name=search_term_string\"}],\"inLanguage\":\"ro-RO\"},{\"@type\":\"ImageObject\",\"@id\":\"https:\/\/ski-outdoor.ro\/outdoor\/2023\/06\/06\/velo-arena-copiilor-2023-organizat-sub-egida-federatiei-romane-de-ciclism-si-a-desemnat-castigatorii\/#primaryimage\",\"inLanguage\":\"ro-RO\",\"url\":\"https:\/\/ski-outdoor.ro\/outdoor\/wp-content\/uploads\/sites\/4\/2023\/06\/arena-platos-ciclism.jpg\",\"contentUrl\":\"https:\/\/ski-outdoor.ro\/outdoor\/wp-content\/uploads\/sites\/4\/2023\/06\/arena-platos-ciclism.jpg\",\"width\":960,\"height\":640},{\"@type\":\"WebPage\",\"@id\":\"https:\/\/ski-outdoor.ro\/outdoor\/2023\/06\/06\/velo-arena-copiilor-2023-organizat-sub-egida-federatiei-romane-de-ciclism-si-a-desemnat-castigatorii\/#webpage\",\"url\":\"https:\/\/ski-outdoor.ro\/outdoor\/2023\/06\/06\/velo-arena-copiilor-2023-organizat-sub-egida-federatiei-romane-de-ciclism-si-a-desemnat-castigatorii\/\",\"name\":\"Velo Arena Copiilor 2023, organizat sub egida Federa\u021biei Rom\u00e2ne de Ciclism, \u0219i-a desemnat c\u00e2\u0219tig\u0103torii - Outdoor Magazine\",\"isPartOf\":{\"@id\":\"https:\/\/ski-outdoor.ro\/outdoor\/#website\"},\"primaryImageOfPage\":{\"@id\":\"https:\/\/ski-outdoor.ro\/outdoor\/2023\/06\/06\/velo-arena-copiilor-2023-organizat-sub-egida-federatiei-romane-de-ciclism-si-a-desemnat-castigatorii\/#primaryimage\"},\"datePublished\":\"2023-06-06T08:11:53+00:00\",\"dateModified\":\"2023-06-06T08:11:53+00:00\",\"breadcrumb\":{\"@id\":\"https:\/\/ski-outdoor.ro\/outdoor\/2023\/06\/06\/velo-arena-copiilor-2023-organizat-sub-egida-federatiei-romane-de-ciclism-si-a-desemnat-castigatorii\/#breadcrumb\"},\"inLanguage\":\"ro-RO\",\"potentialAction\":[{\"@type\":\"ReadAction\",\"target\":[\"https:\/\/ski-outdoor.ro\/outdoor\/2023\/06\/06\/velo-arena-copiilor-2023-organizat-sub-egida-federatiei-romane-de-ciclism-si-a-desemnat-castigatorii\/\"]}]},{\"@type\":\"BreadcrumbList\",\"@id\":\"https:\/\/ski-outdoor.ro\/outdoor\/2023\/06\/06\/velo-arena-copiilor-2023-organizat-sub-egida-federatiei-romane-de-ciclism-si-a-desemnat-castigatorii\/#breadcrumb\",\"itemListElement\":[{\"@type\":\"ListItem\",\"position\":1,\"name\":\"Home\",\"item\":\"https:\/\/ski-outdoor.ro\/outdoor\/\"},{\"@type\":\"ListItem\",\"position\":2,\"name\":\"Velo Arena Copiilor 2023, organizat sub egida Federa\u021biei Rom\u00e2ne de Ciclism, \u0219i-a desemnat c\u00e2\u0219tig\u0103torii\"}]},{\"@type\":\"Article\",\"@id\":\"https:\/\/ski-outdoor.ro\/outdoor\/2023\/06\/06\/velo-arena-copiilor-2023-organizat-sub-egida-federatiei-romane-de-ciclism-si-a-desemnat-castigatorii\/#article\",\"isPartOf\":{\"@id\":\"https:\/\/ski-outdoor.ro\/outdoor\/2023\/06\/06\/velo-arena-copiilor-2023-organizat-sub-egida-federatiei-romane-de-ciclism-si-a-desemnat-castigatorii\/#webpage\"},\"author\":{\"@id\":\"https:\/\/ski-outdoor.ro\/outdoor\/#\/schema\/person\/3d8c2382a34197255067399194217080\"},\"headline\":\"Velo Arena Copiilor 2023, organizat sub egida Federa\u021biei Rom\u00e2ne de Ciclism, \u0219i-a desemnat c\u00e2\u0219tig\u0103torii\",\"datePublished\":\"2023-06-06T08:11:53+00:00\",\"dateModified\":\"2023-06-06T08:11:53+00:00\",\"mainEntityOfPage\":{\"@id\":\"https:\/\/ski-outdoor.ro\/outdoor\/2023\/06\/06\/velo-arena-copiilor-2023-organizat-sub-egida-federatiei-romane-de-ciclism-si-a-desemnat-castigatorii\/#webpage\"},\"wordCount\":328,\"commentCount\":0,\"publisher\":{\"@id\":\"https:\/\/ski-outdoor.ro\/outdoor\/#organization\"},\"image\":{\"@id\":\"https:\/\/ski-outdoor.ro\/outdoor\/2023\/06\/06\/velo-arena-copiilor-2023-organizat-sub-egida-federatiei-romane-de-ciclism-si-a-desemnat-castigatorii\/#primaryimage\"},\"thumbnailUrl\":\"https:\/\/ski-outdoor.ro\/outdoor\/wp-content\/uploads\/sites\/4\/2023\/06\/arena-platos-ciclism.jpg\",\"keywords\":[\"Arena Plato\u0219 P\u0103ltini\u0219\",\"castigatori\",\"concurs\",\"Federatia Romana de Ciclism\",\"Velo Arena Copiilor 2023\"],\"articleSection\":[\"Actualit\u0103\u021bi\"],\"inLanguage\":\"ro-RO\",\"potentialAction\":[{\"@type\":\"CommentAction\",\"name\":\"Comment\",\"target\":[\"https:\/\/ski-outdoor.ro\/outdoor\/2023\/06\/06\/velo-arena-copiilor-2023-organizat-sub-egida-federatiei-romane-de-ciclism-si-a-desemnat-castigatorii\/#respond\"]}]},{\"@type\":\"Person\",\"@id\":\"https:\/\/ski-outdoor.ro\/outdoor\/#\/schema\/person\/3d8c2382a34197255067399194217080\",\"name\":\"C\u0103lin Pop\",\"image\":{\"@type\":\"ImageObject\",\"@id\":\"https:\/\/ski-outdoor.ro\/outdoor\/#personlogo\",\"inLanguage\":\"ro-RO\",\"url\":\"https:\/\/secure.gravatar.com\/avatar\/44fa4e362161e127dec2a82f7585cbd5?s=96&d=mm&r=g\",\"contentUrl\":\"https:\/\/secure.gravatar.com\/avatar\/44fa4e362161e127dec2a82f7585cbd5?s=96&d=mm&r=g\",\"caption\":\"C\u0103lin Pop\"},\"url\":\"https:\/\/ski-outdoor.ro\/outdoor\/author\/calinpop\/\"}]}<\/script>\n<!-- \/ Yoast SEO plugin. -->","yoast_head_json":{"title":"Velo Arena Copiilor 2023, organizat sub egida Federa\u021biei Rom\u00e2ne de Ciclism, \u0219i-a desemnat c\u00e2\u0219tig\u0103torii - Outdoor Magazine","robots":{"index":"index","follow":"follow","max-snippet":"max-snippet:-1","max-image-preview":"max-image-preview:large","max-video-preview":"max-video-preview:-1"},"canonical":"https:\/\/ski-outdoor.ro\/outdoor\/2023\/06\/06\/velo-arena-copiilor-2023-organizat-sub-egida-federatiei-romane-de-ciclism-si-a-desemnat-castigatorii\/","og_locale":"ro_RO","og_type":"article","og_title":"Velo Arena Copiilor 2023, organizat sub egida Federa\u021biei Rom\u00e2ne de Ciclism, \u0219i-a desemnat c\u00e2\u0219tig\u0103torii - Outdoor Magazine","og_description":"Velo Arena Copiilor 2023, organizat sub egida Federa\u021biei Rom\u00e2ne de Ciclism la Arena Plato\u0219 P\u0103ltini\u0219, \u00een perioada 3-4 iunie, \u0219i-a...","og_url":"https:\/\/ski-outdoor.ro\/outdoor\/2023\/06\/06\/velo-arena-copiilor-2023-organizat-sub-egida-federatiei-romane-de-ciclism-si-a-desemnat-castigatorii\/","og_site_name":"Outdoor Magazine","article_publisher":"https:\/\/www.facebook.com\/skiandoutdoormagazine","article_published_time":"2023-06-06T08:11:53+00:00","og_image":[{"width":960,"height":640,"url":"https:\/\/ski-outdoor.ro\/outdoor\/wp-content\/uploads\/sites\/4\/2023\/06\/arena-platos-ciclism.jpg","type":"image\/jpeg"}],"twitter_card":"summary_large_image","twitter_misc":{"Scris de":"C\u0103lin Pop","Timp estimat pentru citire":"2 minute"},"schema":{"@context":"https:\/\/schema.org","@graph":[{"@type":"Organization","@id":"https:\/\/ski-outdoor.ro\/outdoor\/#organization","name":"Ski & Outdoor Magazine","url":"https:\/\/ski-outdoor.ro\/outdoor\/","sameAs":["https:\/\/www.facebook.com\/skiandoutdoormagazine"],"logo":{"@type":"ImageObject","@id":"https:\/\/ski-outdoor.ro\/outdoor\/#logo","inLanguage":"ro-RO","url":"https:\/\/ski-outdoor.ro\/outdoor\/wp-content\/uploads\/sites\/4\/2019\/05\/logo-e1557923623153.png","contentUrl":"https:\/\/ski-outdoor.ro\/outdoor\/wp-content\/uploads\/sites\/4\/2019\/05\/logo-e1557923623153.png","width":600,"height":165,"caption":"Ski & Outdoor Magazine"},"image":{"@id":"https:\/\/ski-outdoor.ro\/outdoor\/#logo"}},{"@type":"WebSite","@id":"https:\/\/ski-outdoor.ro\/outdoor\/#website","url":"https:\/\/ski-outdoor.ro\/outdoor\/","name":"Outdoor Magazine","description":"","publisher":{"@id":"https:\/\/ski-outdoor.ro\/outdoor\/#organization"},"potentialAction":[{"@type":"SearchAction","target":{"@type":"EntryPoint","urlTemplate":"https:\/\/ski-outdoor.ro\/outdoor\/?s={search_term_string}"},"query-input":"required name=search_term_string"}],"inLanguage":"ro-RO"},{"@type":"ImageObject","@id":"https:\/\/ski-outdoor.ro\/outdoor\/2023\/06\/06\/velo-arena-copiilor-2023-organizat-sub-egida-federatiei-romane-de-ciclism-si-a-desemnat-castigatorii\/#primaryimage","inLanguage":"ro-RO","url":"https:\/\/ski-outdoor.ro\/outdoor\/wp-content\/uploads\/sites\/4\/2023\/06\/arena-platos-ciclism.jpg","contentUrl":"https:\/\/ski-outdoor.ro\/outdoor\/wp-content\/uploads\/sites\/4\/2023\/06\/arena-platos-ciclism.jpg","width":960,"height":640},{"@type":"WebPage","@id":"https:\/\/ski-outdoor.ro\/outdoor\/2023\/06\/06\/velo-arena-copiilor-2023-organizat-sub-egida-federatiei-romane-de-ciclism-si-a-desemnat-castigatorii\/#webpage","url":"https:\/\/ski-outdoor.ro\/outdoor\/2023\/06\/06\/velo-arena-copiilor-2023-organizat-sub-egida-federatiei-romane-de-ciclism-si-a-desemnat-castigatorii\/","name":"Velo Arena Copiilor 2023, organizat sub egida Federa\u021biei Rom\u00e2ne de Ciclism, \u0219i-a desemnat c\u00e2\u0219tig\u0103torii - Outdoor Magazine","isPartOf":{"@id":"https:\/\/ski-outdoor.ro\/outdoor\/#website"},"primaryImageOfPage":{"@id":"https:\/\/ski-outdoor.ro\/outdoor\/2023\/06\/06\/velo-arena-copiilor-2023-organizat-sub-egida-federatiei-romane-de-ciclism-si-a-desemnat-castigatorii\/#primaryimage"},"datePublished":"2023-06-06T08:11:53+00:00","dateModified":"2023-06-06T08:11:53+00:00","breadcrumb":{"@id":"https:\/\/ski-outdoor.ro\/outdoor\/2023\/06\/06\/velo-arena-copiilor-2023-organizat-sub-egida-federatiei-romane-de-ciclism-si-a-desemnat-castigatorii\/#breadcrumb"},"inLanguage":"ro-RO","potentialAction":[{"@type":"ReadAction","target":["https:\/\/ski-outdoor.ro\/outdoor\/2023\/06\/06\/velo-arena-copiilor-2023-organizat-sub-egida-federatiei-romane-de-ciclism-si-a-desemnat-castigatorii\/"]}]},{"@type":"BreadcrumbList","@id":"https:\/\/ski-outdoor.ro\/outdoor\/2023\/06\/06\/velo-arena-copiilor-2023-organizat-sub-egida-federatiei-romane-de-ciclism-si-a-desemnat-castigatorii\/#breadcrumb","itemListElement":[{"@type":"ListItem","position":1,"name":"Home","item":"https:\/\/ski-outdoor.ro\/outdoor\/"},{"@type":"ListItem","position":2,"name":"Velo Arena Copiilor 2023, organizat sub egida Federa\u021biei Rom\u00e2ne de Ciclism, \u0219i-a desemnat c\u00e2\u0219tig\u0103torii"}]},{"@type":"Article","@id":"https:\/\/ski-outdoor.ro\/outdoor\/2023\/06\/06\/velo-arena-copiilor-2023-organizat-sub-egida-federatiei-romane-de-ciclism-si-a-desemnat-castigatorii\/#article","isPartOf":{"@id":"https:\/\/ski-outdoor.ro\/outdoor\/2023\/06\/06\/velo-arena-copiilor-2023-organizat-sub-egida-federatiei-romane-de-ciclism-si-a-desemnat-castigatorii\/#webpage"},"author":{"@id":"https:\/\/ski-outdoor.ro\/outdoor\/#\/schema\/person\/3d8c2382a34197255067399194217080"},"headline":"Velo Arena Copiilor 2023, organizat sub egida Federa\u021biei Rom\u00e2ne de Ciclism, \u0219i-a desemnat c\u00e2\u0219tig\u0103torii","datePublished":"2023-06-06T08:11:53+00:00","dateModified":"2023-06-06T08:11:53+00:00","mainEntityOfPage":{"@id":"https:\/\/ski-outdoor.ro\/outdoor\/2023\/06\/06\/velo-arena-copiilor-2023-organizat-sub-egida-federatiei-romane-de-ciclism-si-a-desemnat-castigatorii\/#webpage"},"wordCount":328,"commentCount":0,"publisher":{"@id":"https:\/\/ski-outdoor.ro\/outdoor\/#organization"},"image":{"@id":"https:\/\/ski-outdoor.ro\/outdoor\/2023\/06\/06\/velo-arena-copiilor-2023-organizat-sub-egida-federatiei-romane-de-ciclism-si-a-desemnat-castigatorii\/#primaryimage"},"thumbnailUrl":"https:\/\/ski-outdoor.ro\/outdoor\/wp-content\/uploads\/sites\/4\/2023\/06\/arena-platos-ciclism.jpg","keywords":["Arena Plato\u0219 P\u0103ltini\u0219","castigatori","concurs","Federatia Romana de Ciclism","Velo Arena Copiilor 2023"],"articleSection":["Actualit\u0103\u021bi"],"inLanguage":"ro-RO","potentialAction":[{"@type":"CommentAction","name":"Comment","target":["https:\/\/ski-outdoor.ro\/outdoor\/2023\/06\/06\/velo-arena-copiilor-2023-organizat-sub-egida-federatiei-romane-de-ciclism-si-a-desemnat-castigatorii\/#respond"]}]},{"@type":"Person","@id":"https:\/\/ski-outdoor.ro\/outdoor\/#\/schema\/person\/3d8c2382a34197255067399194217080","name":"C\u0103lin Pop","image":{"@type":"ImageObject","@id":"https:\/\/ski-outdoor.ro\/outdoor\/#personlogo","inLanguage":"ro-RO","url":"https:\/\/secure.gravatar.com\/avatar\/44fa4e362161e127dec2a82f7585cbd5?s=96&d=mm&r=g","contentUrl":"https:\/\/secure.gravatar.com\/avatar\/44fa4e362161e127dec2a82f7585cbd5?s=96&d=mm&r=g","caption":"C\u0103lin Pop"},"url":"https:\/\/ski-outdoor.ro\/outdoor\/author\/calinpop\/"}]}},"_links":{"self":[{"href":"https:\/\/ski-outdoor.ro\/outdoor\/wp-json\/wp\/v2\/posts\/9647"}],"collection":[{"href":"https:\/\/ski-outdoor.ro\/outdoor\/wp-json\/wp\/v2\/posts"}],"about":[{"href":"https:\/\/ski-outdoor.ro\/outdoor\/wp-json\/wp\/v2\/types\/post"}],"author":[{"embeddable":true,"href":"https:\/\/ski-outdoor.ro\/outdoor\/wp-json\/wp\/v2\/users\/23"}],"replies":[{"embeddable":true,"href":"https:\/\/ski-outdoor.ro\/outdoor\/wp-json\/wp\/v2\/comments?post=9647"}],"version-history":[{"count":1,"href":"https:\/\/ski-outdoor.ro\/outdoor\/wp-json\/wp\/v2\/posts\/9647\/revisions"}],"predecessor-version":[{"id":9649,"href":"https:\/\/ski-outdoor.ro\/outdoor\/wp-json\/wp\/v2\/posts\/9647\/revisions\/9649"}],"wp:featuredmedia":[{"embeddable":true,"href":"https:\/\/ski-outdoor.ro\/outdoor\/wp-json\/wp\/v2\/media\/9648"}],"wp:attachment":[{"href":"https:\/\/ski-outdoor.ro\/outdoor\/wp-json\/wp\/v2\/media?parent=9647"}],"wp:term":[{"taxonomy":"category","embeddable":true,"href":"https:\/\/ski-outdoor.ro\/outdoor\/wp-json\/wp\/v2\/categories?post=9647"},{"taxonomy":"post_tag","embeddable":true,"href":"https:\/\/ski-outdoor.ro\/outdoor\/wp-json\/wp\/v2\/tags?post=9647"}],"curies":[{"name":"wp","href":"https:\/\/api.w.org\/{rel}","templated":true}]}}