{"id":9789,"date":"2023-07-03T05:48:33","date_gmt":"2023-07-03T05:48:33","guid":{"rendered":"https:\/\/ski-outdoor.ro\/outdoor\/?p=9789"},"modified":"2023-07-03T06:11:00","modified_gmt":"2023-07-03T06:11:00","slug":"vlad-dascalu-primul-podium-din-acest-sezon-la-cupa-mondiala-de-mountain-bike","status":"publish","type":"post","link":"https:\/\/ski-outdoor.ro\/outdoor\/2023\/07\/03\/vlad-dascalu-primul-podium-din-acest-sezon-la-cupa-mondiala-de-mountain-bike\/","title":{"rendered":"Vlad Dasc\u0103lu, primul podium din acest sezon la Cupa Mondial\u0103"},"content":{"rendered":"<p><strong>Ciclistul rom\u00e2n Vlad Dasc\u0103lu a ob\u021binut duminic\u0103 primul podium din acest sezon de Cup\u0103 Mondial\u0103 de Mountain Bike. El s-a clasat pe locul 3 \u00een cadrul etapei din Italia.<\/strong><\/p>\n<p><img loading=\"lazy\" class=\"alignnone wp-image-9790 size-full\" src=\"https:\/\/ski-outdoor.ro\/outdoor\/wp-content\/uploads\/sites\/4\/2023\/07\/vlad-dascalu-italia-loc-3.jpg\" alt=\"\" width=\"960\" height=\"885\" srcset=\"https:\/\/ski-outdoor.ro\/outdoor\/wp-content\/uploads\/sites\/4\/2023\/07\/vlad-dascalu-italia-loc-3.jpg 960w, https:\/\/ski-outdoor.ro\/outdoor\/wp-content\/uploads\/sites\/4\/2023\/07\/vlad-dascalu-italia-loc-3-300x277.jpg 300w, https:\/\/ski-outdoor.ro\/outdoor\/wp-content\/uploads\/sites\/4\/2023\/07\/vlad-dascalu-italia-loc-3-768x708.jpg 768w, https:\/\/ski-outdoor.ro\/outdoor\/wp-content\/uploads\/sites\/4\/2023\/07\/vlad-dascalu-italia-loc-3-370x341.jpg 370w, https:\/\/ski-outdoor.ro\/outdoor\/wp-content\/uploads\/sites\/4\/2023\/07\/vlad-dascalu-italia-loc-3-570x525.jpg 570w, https:\/\/ski-outdoor.ro\/outdoor\/wp-content\/uploads\/sites\/4\/2023\/07\/vlad-dascalu-italia-loc-3-770x710.jpg 770w, https:\/\/ski-outdoor.ro\/outdoor\/wp-content\/uploads\/sites\/4\/2023\/07\/vlad-dascalu-italia-loc-3-629x580.jpg 629w\" sizes=\"(max-width: 960px) 100vw, 960px\" \/><\/p>\n<p>Proasp\u0103tul campion european de la Cracovia a reu\u0219it \u00een weekend \u0219i prima clasare pe podium din acest sezon al Cupei Mondiale.<\/p>\n<p>La Val di Sole, Italia, rom\u00e2nul a terminat cursa pe locul 3.<\/p>\n<blockquote><p><em>\u201eRezultat excep\u021bional pentru Vlad Dasc\u0103lu &#8211; Trek Factory Racing XC. Locul 3 (+0:38) \u00een cadrul Cupei Mondiale UCI de Mountain Bike Cross Country UCI Mountain Bike World Series &#8211; XCO #4 din Val-di-Sole, Italia de ast\u0103zi 2 iulie 2023. Recuperare incredibil\u0103, for\u021b\u0103, curs\u0103 extrem de inteligent\u0103, pasiune pur\u0103 \u0219i talent imens!\u201d<\/em>, a transmis Federa\u021bia Rom\u00e2n\u0103 de Ciclism.<\/p>\n<p><em>\u201ePrimul podium al sezonului \u00een Cupa Mondial\u0103! M\u0103 simt grozav s\u0103 revin \u00een lupt\u0103, mul\u021bumesc Val di Sole, a\u021bi fost din nou uimitori!\u201d<\/em>, a scris pe Facebook Vlad Dasc\u0103lu.<\/p>\n<p><em>\u201eTraseul, extrem de tehnic, de 4,2 km cu o diferen\u021b\u0103 de nivel de 204 m \u0219i cu segmente abrupte de c\u0103\u021b\u0103rare, a fost o provocare pentru rideri, dar Vlad a reu\u0219it o recuperare incredibil\u0103 \u0219i o curs\u0103 extrem de inteligent\u0103\u201d<\/em>, sus\u021bine Agen\u021bia Na\u021bional\u0103 pentru Sport.<\/p><\/blockquote>\n<p>Cursa din Italia a fost c\u00e2\u0219tigat\u0103 de elve\u021bianul Nino Schurter.<\/p>\n<p>Rom\u00e2nul a devenit recent campion european, dup\u0103 ce a c\u00e2\u0219tigat la Jocurile Europene de la Cracovia proba de cross country din \u00eentrecerea de Mountain Bike. Detalii, <a href=\"https:\/\/ski-outdoor.ro\/outdoor\/2023\/06\/25\/vlad-dascalu-aur-la-mountain-bike-in-cadrul-jocurilor-europene\/\" target=\"_blank\" rel=\"noopener\">aici<\/a>.<\/p>\n<p><em>Scris de: C\u0103lin Pop<\/em><\/p>\n<p><em>Foto: Facebook\/<a href=\"https:\/\/www.facebook.com\/federatiadeciclism\" target=\"_blank\" rel=\"noopener\">Federa\u021bia Rom\u00e2n\u0103 de Ciclism<\/a><\/em><\/p>\n","protected":false},"excerpt":{"rendered":"<p>Ciclistul rom\u00e2n Vlad Dasc\u0103lu a ob\u021binut duminic\u0103 locul 3 \u00een cadrul etapei de Cup\u0103 Mondial\u0103 de Mountain Bike din Italia.<\/p>\n","protected":false},"author":23,"featured_media":9790,"comment_status":"open","ping_status":"open","sticky":false,"template":"","format":"standard","meta":[],"categories":[1817],"tags":[511,999,229,551,1666,880],"yoast_head":"<!-- This site is optimized with the Yoast SEO plugin v18.4.1 - https:\/\/yoast.com\/wordpress\/plugins\/seo\/ -->\n<title>Vlad Dasc\u0103lu, primul podium din acest sezon la Cupa Mondial\u0103 - Outdoor Magazine<\/title>\n<meta name=\"description\" content=\"Vlad Dasc\u0103lu, primul podium din acest sezon la Cupa Mondial\u0103. El a terminat duminic\u0103, \u00een Italia, pe locul 3.\" \/>\n<meta name=\"robots\" content=\"index, follow, max-snippet:-1, max-image-preview:large, max-video-preview:-1\" \/>\n<link rel=\"canonical\" href=\"https:\/\/ski-outdoor.ro\/outdoor\/2023\/07\/03\/vlad-dascalu-primul-podium-din-acest-sezon-la-cupa-mondiala-de-mountain-bike\/\" \/>\n<meta property=\"og:locale\" content=\"ro_RO\" \/>\n<meta property=\"og:type\" content=\"article\" \/>\n<meta property=\"og:title\" content=\"Vlad Dasc\u0103lu, primul podium din acest sezon la Cupa Mondial\u0103 - Outdoor Magazine\" \/>\n<meta property=\"og:description\" content=\"Vlad Dasc\u0103lu, primul podium din acest sezon la Cupa Mondial\u0103. El a terminat duminic\u0103, \u00een Italia, pe locul 3.\" \/>\n<meta property=\"og:url\" content=\"https:\/\/ski-outdoor.ro\/outdoor\/2023\/07\/03\/vlad-dascalu-primul-podium-din-acest-sezon-la-cupa-mondiala-de-mountain-bike\/\" \/>\n<meta property=\"og:site_name\" content=\"Outdoor Magazine\" \/>\n<meta property=\"article:publisher\" content=\"https:\/\/www.facebook.com\/skiandoutdoormagazine\" \/>\n<meta property=\"article:published_time\" content=\"2023-07-03T05:48:33+00:00\" \/>\n<meta property=\"article:modified_time\" content=\"2023-07-03T06:11:00+00:00\" \/>\n<meta property=\"og:image\" content=\"https:\/\/ski-outdoor.ro\/outdoor\/wp-content\/uploads\/sites\/4\/2023\/07\/vlad-dascalu-italia-loc-3.jpg\" \/>\n\t<meta property=\"og:image:width\" content=\"960\" \/>\n\t<meta property=\"og:image:height\" content=\"885\" \/>\n\t<meta property=\"og:image:type\" content=\"image\/jpeg\" \/>\n<meta name=\"twitter:card\" content=\"summary_large_image\" \/>\n<meta name=\"twitter:label1\" content=\"Scris de\" \/>\n\t<meta name=\"twitter:data1\" content=\"C\u0103lin Pop\" \/>\n\t<meta name=\"twitter:label2\" content=\"Timp estimat pentru citire\" \/>\n\t<meta name=\"twitter:data2\" content=\"1 minut\" \/>\n<script type=\"application\/ld+json\" class=\"yoast-schema-graph\">{\"@context\":\"https:\/\/schema.org\",\"@graph\":[{\"@type\":\"Organization\",\"@id\":\"https:\/\/ski-outdoor.ro\/outdoor\/#organization\",\"name\":\"Ski & Outdoor Magazine\",\"url\":\"https:\/\/ski-outdoor.ro\/outdoor\/\",\"sameAs\":[\"https:\/\/www.facebook.com\/skiandoutdoormagazine\"],\"logo\":{\"@type\":\"ImageObject\",\"@id\":\"https:\/\/ski-outdoor.ro\/outdoor\/#logo\",\"inLanguage\":\"ro-RO\",\"url\":\"https:\/\/ski-outdoor.ro\/outdoor\/wp-content\/uploads\/sites\/4\/2019\/05\/logo-e1557923623153.png\",\"contentUrl\":\"https:\/\/ski-outdoor.ro\/outdoor\/wp-content\/uploads\/sites\/4\/2019\/05\/logo-e1557923623153.png\",\"width\":600,\"height\":165,\"caption\":\"Ski & Outdoor Magazine\"},\"image\":{\"@id\":\"https:\/\/ski-outdoor.ro\/outdoor\/#logo\"}},{\"@type\":\"WebSite\",\"@id\":\"https:\/\/ski-outdoor.ro\/outdoor\/#website\",\"url\":\"https:\/\/ski-outdoor.ro\/outdoor\/\",\"name\":\"Outdoor Magazine\",\"description\":\"\",\"publisher\":{\"@id\":\"https:\/\/ski-outdoor.ro\/outdoor\/#organization\"},\"potentialAction\":[{\"@type\":\"SearchAction\",\"target\":{\"@type\":\"EntryPoint\",\"urlTemplate\":\"https:\/\/ski-outdoor.ro\/outdoor\/?s={search_term_string}\"},\"query-input\":\"required name=search_term_string\"}],\"inLanguage\":\"ro-RO\"},{\"@type\":\"ImageObject\",\"@id\":\"https:\/\/ski-outdoor.ro\/outdoor\/2023\/07\/03\/vlad-dascalu-primul-podium-din-acest-sezon-la-cupa-mondiala-de-mountain-bike\/#primaryimage\",\"inLanguage\":\"ro-RO\",\"url\":\"https:\/\/ski-outdoor.ro\/outdoor\/wp-content\/uploads\/sites\/4\/2023\/07\/vlad-dascalu-italia-loc-3.jpg\",\"contentUrl\":\"https:\/\/ski-outdoor.ro\/outdoor\/wp-content\/uploads\/sites\/4\/2023\/07\/vlad-dascalu-italia-loc-3.jpg\",\"width\":960,\"height\":885},{\"@type\":\"WebPage\",\"@id\":\"https:\/\/ski-outdoor.ro\/outdoor\/2023\/07\/03\/vlad-dascalu-primul-podium-din-acest-sezon-la-cupa-mondiala-de-mountain-bike\/#webpage\",\"url\":\"https:\/\/ski-outdoor.ro\/outdoor\/2023\/07\/03\/vlad-dascalu-primul-podium-din-acest-sezon-la-cupa-mondiala-de-mountain-bike\/\",\"name\":\"Vlad Dasc\u0103lu, primul podium din acest sezon la Cupa Mondial\u0103 - Outdoor Magazine\",\"isPartOf\":{\"@id\":\"https:\/\/ski-outdoor.ro\/outdoor\/#website\"},\"primaryImageOfPage\":{\"@id\":\"https:\/\/ski-outdoor.ro\/outdoor\/2023\/07\/03\/vlad-dascalu-primul-podium-din-acest-sezon-la-cupa-mondiala-de-mountain-bike\/#primaryimage\"},\"datePublished\":\"2023-07-03T05:48:33+00:00\",\"dateModified\":\"2023-07-03T06:11:00+00:00\",\"description\":\"Vlad Dasc\u0103lu, primul podium din acest sezon la Cupa Mondial\u0103. El a terminat duminic\u0103, \u00een Italia, pe locul 3.\",\"breadcrumb\":{\"@id\":\"https:\/\/ski-outdoor.ro\/outdoor\/2023\/07\/03\/vlad-dascalu-primul-podium-din-acest-sezon-la-cupa-mondiala-de-mountain-bike\/#breadcrumb\"},\"inLanguage\":\"ro-RO\",\"potentialAction\":[{\"@type\":\"ReadAction\",\"target\":[\"https:\/\/ski-outdoor.ro\/outdoor\/2023\/07\/03\/vlad-dascalu-primul-podium-din-acest-sezon-la-cupa-mondiala-de-mountain-bike\/\"]}]},{\"@type\":\"BreadcrumbList\",\"@id\":\"https:\/\/ski-outdoor.ro\/outdoor\/2023\/07\/03\/vlad-dascalu-primul-podium-din-acest-sezon-la-cupa-mondiala-de-mountain-bike\/#breadcrumb\",\"itemListElement\":[{\"@type\":\"ListItem\",\"position\":1,\"name\":\"Home\",\"item\":\"https:\/\/ski-outdoor.ro\/outdoor\/\"},{\"@type\":\"ListItem\",\"position\":2,\"name\":\"Vlad Dasc\u0103lu, primul podium din acest sezon la Cupa Mondial\u0103\"}]},{\"@type\":\"Article\",\"@id\":\"https:\/\/ski-outdoor.ro\/outdoor\/2023\/07\/03\/vlad-dascalu-primul-podium-din-acest-sezon-la-cupa-mondiala-de-mountain-bike\/#article\",\"isPartOf\":{\"@id\":\"https:\/\/ski-outdoor.ro\/outdoor\/2023\/07\/03\/vlad-dascalu-primul-podium-din-acest-sezon-la-cupa-mondiala-de-mountain-bike\/#webpage\"},\"author\":{\"@id\":\"https:\/\/ski-outdoor.ro\/outdoor\/#\/schema\/person\/3d8c2382a34197255067399194217080\"},\"headline\":\"Vlad Dasc\u0103lu, primul podium din acest sezon la Cupa Mondial\u0103\",\"datePublished\":\"2023-07-03T05:48:33+00:00\",\"dateModified\":\"2023-07-03T06:11:00+00:00\",\"mainEntityOfPage\":{\"@id\":\"https:\/\/ski-outdoor.ro\/outdoor\/2023\/07\/03\/vlad-dascalu-primul-podium-din-acest-sezon-la-cupa-mondiala-de-mountain-bike\/#webpage\"},\"wordCount\":268,\"commentCount\":0,\"publisher\":{\"@id\":\"https:\/\/ski-outdoor.ro\/outdoor\/#organization\"},\"image\":{\"@id\":\"https:\/\/ski-outdoor.ro\/outdoor\/2023\/07\/03\/vlad-dascalu-primul-podium-din-acest-sezon-la-cupa-mondiala-de-mountain-bike\/#primaryimage\"},\"thumbnailUrl\":\"https:\/\/ski-outdoor.ro\/outdoor\/wp-content\/uploads\/sites\/4\/2023\/07\/vlad-dascalu-italia-loc-3.jpg\",\"keywords\":[\"cupa mondiala\",\"italia\",\"mountain bike\",\"podium\",\"prima\",\"vlad dascalu\"],\"articleSection\":[\"Actualit\u0103\u021bi\"],\"inLanguage\":\"ro-RO\",\"potentialAction\":[{\"@type\":\"CommentAction\",\"name\":\"Comment\",\"target\":[\"https:\/\/ski-outdoor.ro\/outdoor\/2023\/07\/03\/vlad-dascalu-primul-podium-din-acest-sezon-la-cupa-mondiala-de-mountain-bike\/#respond\"]}]},{\"@type\":\"Person\",\"@id\":\"https:\/\/ski-outdoor.ro\/outdoor\/#\/schema\/person\/3d8c2382a34197255067399194217080\",\"name\":\"C\u0103lin Pop\",\"image\":{\"@type\":\"ImageObject\",\"@id\":\"https:\/\/ski-outdoor.ro\/outdoor\/#personlogo\",\"inLanguage\":\"ro-RO\",\"url\":\"https:\/\/secure.gravatar.com\/avatar\/44fa4e362161e127dec2a82f7585cbd5?s=96&d=mm&r=g\",\"contentUrl\":\"https:\/\/secure.gravatar.com\/avatar\/44fa4e362161e127dec2a82f7585cbd5?s=96&d=mm&r=g\",\"caption\":\"C\u0103lin Pop\"},\"url\":\"https:\/\/ski-outdoor.ro\/outdoor\/author\/calinpop\/\"}]}<\/script>\n<!-- \/ Yoast SEO plugin. -->","yoast_head_json":{"title":"Vlad Dasc\u0103lu, primul podium din acest sezon la Cupa Mondial\u0103 - Outdoor Magazine","description":"Vlad Dasc\u0103lu, primul podium din acest sezon la Cupa Mondial\u0103. El a terminat duminic\u0103, \u00een Italia, pe locul 3.","robots":{"index":"index","follow":"follow","max-snippet":"max-snippet:-1","max-image-preview":"max-image-preview:large","max-video-preview":"max-video-preview:-1"},"canonical":"https:\/\/ski-outdoor.ro\/outdoor\/2023\/07\/03\/vlad-dascalu-primul-podium-din-acest-sezon-la-cupa-mondiala-de-mountain-bike\/","og_locale":"ro_RO","og_type":"article","og_title":"Vlad Dasc\u0103lu, primul podium din acest sezon la Cupa Mondial\u0103 - Outdoor Magazine","og_description":"Vlad Dasc\u0103lu, primul podium din acest sezon la Cupa Mondial\u0103. El a terminat duminic\u0103, \u00een Italia, pe locul 3.","og_url":"https:\/\/ski-outdoor.ro\/outdoor\/2023\/07\/03\/vlad-dascalu-primul-podium-din-acest-sezon-la-cupa-mondiala-de-mountain-bike\/","og_site_name":"Outdoor Magazine","article_publisher":"https:\/\/www.facebook.com\/skiandoutdoormagazine","article_published_time":"2023-07-03T05:48:33+00:00","article_modified_time":"2023-07-03T06:11:00+00:00","og_image":[{"width":960,"height":885,"url":"https:\/\/ski-outdoor.ro\/outdoor\/wp-content\/uploads\/sites\/4\/2023\/07\/vlad-dascalu-italia-loc-3.jpg","type":"image\/jpeg"}],"twitter_card":"summary_large_image","twitter_misc":{"Scris de":"C\u0103lin Pop","Timp estimat pentru citire":"1 minut"},"schema":{"@context":"https:\/\/schema.org","@graph":[{"@type":"Organization","@id":"https:\/\/ski-outdoor.ro\/outdoor\/#organization","name":"Ski & Outdoor Magazine","url":"https:\/\/ski-outdoor.ro\/outdoor\/","sameAs":["https:\/\/www.facebook.com\/skiandoutdoormagazine"],"logo":{"@type":"ImageObject","@id":"https:\/\/ski-outdoor.ro\/outdoor\/#logo","inLanguage":"ro-RO","url":"https:\/\/ski-outdoor.ro\/outdoor\/wp-content\/uploads\/sites\/4\/2019\/05\/logo-e1557923623153.png","contentUrl":"https:\/\/ski-outdoor.ro\/outdoor\/wp-content\/uploads\/sites\/4\/2019\/05\/logo-e1557923623153.png","width":600,"height":165,"caption":"Ski & Outdoor Magazine"},"image":{"@id":"https:\/\/ski-outdoor.ro\/outdoor\/#logo"}},{"@type":"WebSite","@id":"https:\/\/ski-outdoor.ro\/outdoor\/#website","url":"https:\/\/ski-outdoor.ro\/outdoor\/","name":"Outdoor Magazine","description":"","publisher":{"@id":"https:\/\/ski-outdoor.ro\/outdoor\/#organization"},"potentialAction":[{"@type":"SearchAction","target":{"@type":"EntryPoint","urlTemplate":"https:\/\/ski-outdoor.ro\/outdoor\/?s={search_term_string}"},"query-input":"required name=search_term_string"}],"inLanguage":"ro-RO"},{"@type":"ImageObject","@id":"https:\/\/ski-outdoor.ro\/outdoor\/2023\/07\/03\/vlad-dascalu-primul-podium-din-acest-sezon-la-cupa-mondiala-de-mountain-bike\/#primaryimage","inLanguage":"ro-RO","url":"https:\/\/ski-outdoor.ro\/outdoor\/wp-content\/uploads\/sites\/4\/2023\/07\/vlad-dascalu-italia-loc-3.jpg","contentUrl":"https:\/\/ski-outdoor.ro\/outdoor\/wp-content\/uploads\/sites\/4\/2023\/07\/vlad-dascalu-italia-loc-3.jpg","width":960,"height":885},{"@type":"WebPage","@id":"https:\/\/ski-outdoor.ro\/outdoor\/2023\/07\/03\/vlad-dascalu-primul-podium-din-acest-sezon-la-cupa-mondiala-de-mountain-bike\/#webpage","url":"https:\/\/ski-outdoor.ro\/outdoor\/2023\/07\/03\/vlad-dascalu-primul-podium-din-acest-sezon-la-cupa-mondiala-de-mountain-bike\/","name":"Vlad Dasc\u0103lu, primul podium din acest sezon la Cupa Mondial\u0103 - Outdoor Magazine","isPartOf":{"@id":"https:\/\/ski-outdoor.ro\/outdoor\/#website"},"primaryImageOfPage":{"@id":"https:\/\/ski-outdoor.ro\/outdoor\/2023\/07\/03\/vlad-dascalu-primul-podium-din-acest-sezon-la-cupa-mondiala-de-mountain-bike\/#primaryimage"},"datePublished":"2023-07-03T05:48:33+00:00","dateModified":"2023-07-03T06:11:00+00:00","description":"Vlad Dasc\u0103lu, primul podium din acest sezon la Cupa Mondial\u0103. El a terminat duminic\u0103, \u00een Italia, pe locul 3.","breadcrumb":{"@id":"https:\/\/ski-outdoor.ro\/outdoor\/2023\/07\/03\/vlad-dascalu-primul-podium-din-acest-sezon-la-cupa-mondiala-de-mountain-bike\/#breadcrumb"},"inLanguage":"ro-RO","potentialAction":[{"@type":"ReadAction","target":["https:\/\/ski-outdoor.ro\/outdoor\/2023\/07\/03\/vlad-dascalu-primul-podium-din-acest-sezon-la-cupa-mondiala-de-mountain-bike\/"]}]},{"@type":"BreadcrumbList","@id":"https:\/\/ski-outdoor.ro\/outdoor\/2023\/07\/03\/vlad-dascalu-primul-podium-din-acest-sezon-la-cupa-mondiala-de-mountain-bike\/#breadcrumb","itemListElement":[{"@type":"ListItem","position":1,"name":"Home","item":"https:\/\/ski-outdoor.ro\/outdoor\/"},{"@type":"ListItem","position":2,"name":"Vlad Dasc\u0103lu, primul podium din acest sezon la Cupa Mondial\u0103"}]},{"@type":"Article","@id":"https:\/\/ski-outdoor.ro\/outdoor\/2023\/07\/03\/vlad-dascalu-primul-podium-din-acest-sezon-la-cupa-mondiala-de-mountain-bike\/#article","isPartOf":{"@id":"https:\/\/ski-outdoor.ro\/outdoor\/2023\/07\/03\/vlad-dascalu-primul-podium-din-acest-sezon-la-cupa-mondiala-de-mountain-bike\/#webpage"},"author":{"@id":"https:\/\/ski-outdoor.ro\/outdoor\/#\/schema\/person\/3d8c2382a34197255067399194217080"},"headline":"Vlad Dasc\u0103lu, primul podium din acest sezon la Cupa Mondial\u0103","datePublished":"2023-07-03T05:48:33+00:00","dateModified":"2023-07-03T06:11:00+00:00","mainEntityOfPage":{"@id":"https:\/\/ski-outdoor.ro\/outdoor\/2023\/07\/03\/vlad-dascalu-primul-podium-din-acest-sezon-la-cupa-mondiala-de-mountain-bike\/#webpage"},"wordCount":268,"commentCount":0,"publisher":{"@id":"https:\/\/ski-outdoor.ro\/outdoor\/#organization"},"image":{"@id":"https:\/\/ski-outdoor.ro\/outdoor\/2023\/07\/03\/vlad-dascalu-primul-podium-din-acest-sezon-la-cupa-mondiala-de-mountain-bike\/#primaryimage"},"thumbnailUrl":"https:\/\/ski-outdoor.ro\/outdoor\/wp-content\/uploads\/sites\/4\/2023\/07\/vlad-dascalu-italia-loc-3.jpg","keywords":["cupa mondiala","italia","mountain bike","podium","prima","vlad dascalu"],"articleSection":["Actualit\u0103\u021bi"],"inLanguage":"ro-RO","potentialAction":[{"@type":"CommentAction","name":"Comment","target":["https:\/\/ski-outdoor.ro\/outdoor\/2023\/07\/03\/vlad-dascalu-primul-podium-din-acest-sezon-la-cupa-mondiala-de-mountain-bike\/#respond"]}]},{"@type":"Person","@id":"https:\/\/ski-outdoor.ro\/outdoor\/#\/schema\/person\/3d8c2382a34197255067399194217080","name":"C\u0103lin Pop","image":{"@type":"ImageObject","@id":"https:\/\/ski-outdoor.ro\/outdoor\/#personlogo","inLanguage":"ro-RO","url":"https:\/\/secure.gravatar.com\/avatar\/44fa4e362161e127dec2a82f7585cbd5?s=96&d=mm&r=g","contentUrl":"https:\/\/secure.gravatar.com\/avatar\/44fa4e362161e127dec2a82f7585cbd5?s=96&d=mm&r=g","caption":"C\u0103lin Pop"},"url":"https:\/\/ski-outdoor.ro\/outdoor\/author\/calinpop\/"}]}},"_links":{"self":[{"href":"https:\/\/ski-outdoor.ro\/outdoor\/wp-json\/wp\/v2\/posts\/9789"}],"collection":[{"href":"https:\/\/ski-outdoor.ro\/outdoor\/wp-json\/wp\/v2\/posts"}],"about":[{"href":"https:\/\/ski-outdoor.ro\/outdoor\/wp-json\/wp\/v2\/types\/post"}],"author":[{"embeddable":true,"href":"https:\/\/ski-outdoor.ro\/outdoor\/wp-json\/wp\/v2\/users\/23"}],"replies":[{"embeddable":true,"href":"https:\/\/ski-outdoor.ro\/outdoor\/wp-json\/wp\/v2\/comments?post=9789"}],"version-history":[{"count":5,"href":"https:\/\/ski-outdoor.ro\/outdoor\/wp-json\/wp\/v2\/posts\/9789\/revisions"}],"predecessor-version":[{"id":9798,"href":"https:\/\/ski-outdoor.ro\/outdoor\/wp-json\/wp\/v2\/posts\/9789\/revisions\/9798"}],"wp:featuredmedia":[{"embeddable":true,"href":"https:\/\/ski-outdoor.ro\/outdoor\/wp-json\/wp\/v2\/media\/9790"}],"wp:attachment":[{"href":"https:\/\/ski-outdoor.ro\/outdoor\/wp-json\/wp\/v2\/media?parent=9789"}],"wp:term":[{"taxonomy":"category","embeddable":true,"href":"https:\/\/ski-outdoor.ro\/outdoor\/wp-json\/wp\/v2\/categories?post=9789"},{"taxonomy":"post_tag","embeddable":true,"href":"https:\/\/ski-outdoor.ro\/outdoor\/wp-json\/wp\/v2\/tags?post=9789"}],"curies":[{"name":"wp","href":"https:\/\/api.w.org\/{rel}","templated":true}]}}