{"id":9935,"date":"2023-10-06T14:45:34","date_gmt":"2023-10-06T14:45:34","guid":{"rendered":"https:\/\/ski-outdoor.ro\/outdoor\/?p=9935"},"modified":"2023-10-06T14:45:34","modified_gmt":"2023-10-06T14:45:34","slug":"ziua-intermodalitatii-brasov-cu-bicicleta-pe-tren-si-autobuz","status":"publish","type":"post","link":"https:\/\/ski-outdoor.ro\/outdoor\/2023\/10\/06\/ziua-intermodalitatii-brasov-cu-bicicleta-pe-tren-si-autobuz\/","title":{"rendered":"Ziua Intermodalit\u0103\u021bii Bra\u0219ov &#8211; cu bicicleta pe tren \u0219i autobuz"},"content":{"rendered":"<div class=\"xdj266r x11i5rnm xat24cr x1mh8g0r x1vvkbs x126k92a\">\n<div dir=\"auto\"><strong><a href=\"https:\/\/www.facebook.com\/events\/830210885242062\" target=\"_blank\" rel=\"noopener\">Ziua Intermodalit\u0103\u021bii Bra\u0219ov<\/a> este s\u0103rb\u0103torit\u0103 s\u00e2mb\u0103t\u0103, 7 octombrie, sub sloganul \u201dCombin\u0103 \u0219i Deplaseaz\u0103-te!\u201d. \u00a0<a href=\"https:\/\/www.facebook.com\/ConsiliulJudeteanBrasov\/\" target=\"_blank\" rel=\"noopener\">Consiliul Jude\u0163ean Bra\u015fov<\/a> \u015fi partenerii s\u0103i din proiectul HINGE \u00eei invit\u0103 pe to\u0163i iubitorii de mi\u015fcare \u015fi natur\u0103 s\u0103 se deplaseze spre obiective de interes turistic din jude\u0163, precum Poiana Bra\u015fov, sta\u0163iunea Predeal, ora\u015ful R\u00e2\u015fnov sau Parcul Na\u0163ional Piatra Craiului Z\u0103rne\u015fti, utiliz\u00e2nd transportul velo \u00eembinat cu transportul rutier \u015fi cel pe calea ferat\u0103. Mai exact, bicicli\u0219tii vor avea a dispozi\u021bie mai multe autobuze \u0219i trenuri dotate cu dispozitive speciale pentru transport biciclete<\/strong><\/div>\n<div dir=\"auto\"><\/div>\n<\/div>\n<div class=\"x11i5rnm xat24cr x1mh8g0r x1vvkbs xtlvy1s x126k92a\">\n<div dir=\"auto\"><em>\u201eProiectul HINGE (Higher Bike Transit Intermodality from Good Experiences) &#8211; Intermodalitate crescut\u0103 datorit\u0103 ciclismului pe baza bunelor practici europene, derulat de Consiliul Jude\u021bean Bra\u0219ov \u00een perioada 01.10.2021 \u2013 31.12.2023, \u00een cadrul Ini\u021biativei Europene pentru Mediu (European Climate Initiative &#8211; EUKI) promoveaz\u0103 CICLISMUL \u0219i alte modalit\u0103\u021bi de transport public, oferind noi solu\u021bii pentru o mobilitate integrat\u0103. Ziua Intermodalit\u0103\u021bii Bra\u0219ov se dore\u0219te a fi un eveniment pilot, care presupune asigurarea infrastructurii necesare, astfel \u00eenc\u00e2t at\u00e2t localnicii, c\u00e2t \u0219i turi\u0219tii care ne viziteaz\u0103 jude\u021bul s\u0103 poat\u0103 combina deplasarea cu bicicleta cu alte modalit\u0103\u021bi de transport, respectiv tren sau autobuze, pe ruta Bra\u0219ov &#8211; Predeal &#8211; R\u00e2\u0219nov &#8211; Poiana Bra\u0219ov sau Bra\u0219ov &#8211; Z\u0103rne\u0219ti\u201d<\/em>, a afirmat T\u00f3\u00e1s\u00f3 Imelda, managerul proiectului.<\/div>\n<div dir=\"auto\"><\/div>\n<\/div>\n<div dir=\"auto\"><\/div>\n<div dir=\"auto\"><img loading=\"lazy\" class=\"aligncenter wp-image-9937 size-full\" src=\"https:\/\/ski-outdoor.ro\/outdoor\/wp-content\/uploads\/sites\/4\/2023\/10\/WhatsApp-Image-2023-10-04-at-12.09.25.jpeg\" alt=\"Ziua Intermodalitatii Brasov\" width=\"1600\" height=\"593\" srcset=\"https:\/\/ski-outdoor.ro\/outdoor\/wp-content\/uploads\/sites\/4\/2023\/10\/WhatsApp-Image-2023-10-04-at-12.09.25.jpeg 1600w, https:\/\/ski-outdoor.ro\/outdoor\/wp-content\/uploads\/sites\/4\/2023\/10\/WhatsApp-Image-2023-10-04-at-12.09.25-300x111.jpeg 300w, https:\/\/ski-outdoor.ro\/outdoor\/wp-content\/uploads\/sites\/4\/2023\/10\/WhatsApp-Image-2023-10-04-at-12.09.25-1024x380.jpeg 1024w, https:\/\/ski-outdoor.ro\/outdoor\/wp-content\/uploads\/sites\/4\/2023\/10\/WhatsApp-Image-2023-10-04-at-12.09.25-768x285.jpeg 768w, https:\/\/ski-outdoor.ro\/outdoor\/wp-content\/uploads\/sites\/4\/2023\/10\/WhatsApp-Image-2023-10-04-at-12.09.25-1536x569.jpeg 1536w, https:\/\/ski-outdoor.ro\/outdoor\/wp-content\/uploads\/sites\/4\/2023\/10\/WhatsApp-Image-2023-10-04-at-12.09.25-370x137.jpeg 370w, https:\/\/ski-outdoor.ro\/outdoor\/wp-content\/uploads\/sites\/4\/2023\/10\/WhatsApp-Image-2023-10-04-at-12.09.25-570x211.jpeg 570w, https:\/\/ski-outdoor.ro\/outdoor\/wp-content\/uploads\/sites\/4\/2023\/10\/WhatsApp-Image-2023-10-04-at-12.09.25-770x285.jpeg 770w, https:\/\/ski-outdoor.ro\/outdoor\/wp-content\/uploads\/sites\/4\/2023\/10\/WhatsApp-Image-2023-10-04-at-12.09.25-1170x434.jpeg 1170w, https:\/\/ski-outdoor.ro\/outdoor\/wp-content\/uploads\/sites\/4\/2023\/10\/WhatsApp-Image-2023-10-04-at-12.09.25-1565x580.jpeg 1565w\" sizes=\"(max-width: 1600px) 100vw, 1600px\" \/><\/div>\n<div dir=\"auto\">\n<h4><\/h4>\n<h4 class=\"x11i5rnm xat24cr x1mh8g0r x1vvkbs xtlvy1s\">Loca\u021bii \u0219i trasee:<\/h4>\n<ul>\n<li class=\"x11i5rnm xat24cr x1mh8g0r x1vvkbs xtlvy1s\"><span class=\"x3nfvp2 x1j61x8r x1fcty0u xdj266r xhhsvwb xat24cr xgzva0m xxymvpz\">\u200d\ufe0f<\/span>Bra\u0219ov &#8211; Predeal cu trenul &#8211; bicicleta \u00een tren<\/li>\n<li class=\"x11i5rnm xat24cr x1mh8g0r x1vvkbs xtlvy1s\">Predeal &#8211; R\u00e2\u0219nov cu autobuz &#8211; transport metropolitan cu remorca de biciclete<\/li>\n<li class=\"x11i5rnm xat24cr x1mh8g0r x1vvkbs xtlvy1s\">R\u00e2\u0219nov &#8211; Poiana Bra\u0219ov cu autobuz &#8211; transport metropolitan cu remorca de biciclete<\/li>\n<li class=\"x11i5rnm xat24cr x1mh8g0r x1vvkbs xtlvy1s\">Poiana Bra\u0219ov &#8211; Bra\u0219ov cu autobuz &#8211; transport metropolitan cu remorca de biciclete<\/li>\n<li class=\"x11i5rnm xat24cr x1mh8g0r x1vvkbs xtlvy1s\">Bra\u0219ov-\u00a0 \u00a0Z\u0103rne\u0219ti cu trenul privat RegioC\u0103l\u0103tori (bicicleta \u00een tren)<\/li>\n<\/ul>\n<h4 class=\"x11i5rnm xat24cr x1mh8g0r x1vvkbs xtlvy1s\">Trenurile CFR C\u0103l\u0103tori prev\u0103zute cu vagoane de biciclete pe ruta Bra\u015fov &#8211; Predeal \u015fi retur, 07.10.2023:<\/h4>\n<h5 class=\"x11i5rnm xat24cr x1mh8g0r x1vvkbs xtlvy1s\">\nInterregio:<br \/>\n&#8211; 1641 \/ 1642 &#8211; 6 locuri biciclet\u0103;<br \/>\n&#8211; 1631 \/ 1634 &#8211; 6 locuri biciclet\u0103;<br \/>\n&#8211; 1732 \/ 1730 &#8211; 6 locuri biciclet\u0103;<br \/>\n&#8211; 1623 \/ 1624 &#8211; 6 locuri biciclet\u0103.<\/h5>\n<h5 class=\"x11i5rnm xat24cr x1mh8g0r x1vvkbs xtlvy1s\">Regio<br \/>\n&#8211; 3031 \/ 3027 \/ 3022 &#8211; 6 locuri biciclet\u0103<br \/>\n&#8211; 3029 \/ 3024 &#8211; 6 locuri biciclet\u0103;<br \/>\n&#8211; 3025 \/ 3042 &#8211; 6 locuri biciclet\u0103;<br \/>\n&#8211; 3041 \/ 3030 &#8211; 6 locuri biciclet\u0103;<br \/>\n&#8211; 3023 \/ 3032 &#8211; 6 locuri biciclet\u0103;<br \/>\n&#8211; 3021 \/ 3026 \/ 3028 &#8211; 6 locuri biciclet\u0103.<\/h5>\n<h4 class=\"x11i5rnm xat24cr x1mh8g0r x1vvkbs xtlvy1s\">Program autobuz, 07.10.2023:<\/h4>\n<p class=\"x11i5rnm xat24cr x1mh8g0r x1vvkbs xtlvy1s\">&#8211; Plecare Predeal: orele 10:00, 12:00, 15:00, 17:00<br \/>\n&#8211; Sta\u0163ia Prim\u0103ria Veche R\u00e2\u015fnov (sens spre Poiana Bra\u015fov): orele 10:35, 12:35, 15:35, 17:35<br \/>\n&#8211; Plecare Poiana Bra\u015fov: orele 11:00, 14:00, 16:00, 18:00<br \/>\n&#8211; Sta\u0163ia Prim\u0103ria Veche R\u00e2\u015fnov (sens spre Predeal): orele 11:15, 14:15, 16:15, 18:15<br \/>\n&#8211; Observa\u0163ii, pt. trenurile \u00een Gara Predeal:<br \/>\n\u2022 sosire la orele 9:11, 9:46, 11:10, 11:55, 14:54<br \/>\n\u2022 plecare la orele 15:23, 17:06, 17:54, 19:27, 19:38<\/p>\n<\/div>\n<div class=\"x11i5rnm xat24cr x1mh8g0r x1vvkbs xtlvy1s x126k92a\">\n<div dir=\"auto\"><\/div>\n<div dir=\"auto\"><em>\u201eFiecare decizie, oric\u00e2t de mic\u0103, poate aduce o schimbare mare! Aceasta este deviza zilei de 7 octombrie pe care noi, la nivelul Consiliului Jude\u0163ean Bra\u015fov, o consider\u0103m o zi special\u0103. Ne dorim s\u0103 promov\u0103m intermodalitatea la Bra\u0219ov, respectiv posibilitatea de a combina ciclismul cu transportul public pe \u015fosea \u015fi pe calea ferat\u0103, \u015fi astfel s\u0103 ne deplas\u0103m spre o anume destina\u021bie dorit\u0103. Prin intermediul proiectului HINGE ar\u0103t\u0103m \u00een mod practic s\u0103 o asemenea \u00eembinare a diverselor mijloace de transport este posibil\u0103 \u015fi la noi, nu doar \u00een \u0163\u0103rile occidentale \u015fi c\u0103 pe m\u0103sur\u0103 ce vom dezvolta re\u0163eaua de piste de biciclete \u00een \u00eentreg jude\u0163ul, vom face pa\u015fi decisivi \u00een implementarea intermodalit\u0103\u0163ii \u00een vie\u0163ile noastre de zi cu zi\u201d<\/em>, a spuns pre\u015fedintele Consiliului Jude\u0163ean Bra\u015fov, \u015eerban Todoric\u0103-Constantin.<\/div>\n<\/div>\n<div class=\"x11i5rnm xat24cr x1mh8g0r x1vvkbs xtlvy1s x126k92a\">\n<div dir=\"auto\"><\/div>\n<div dir=\"auto\">Proiectul HINGE implementat de c\u0103tre Consiliul Jude\u021bean Bra\u0219ov \u0219i Ziua Intermodalit\u0103\u021bii au fost sprijinite \u00eenc\u0103 de la \u00eenceput de unit\u0103\u021bi administrativ-teritoriale din jude\u021b \u0219i alte organiza\u021bii publice \u0219i private cu activitate \u00een domeniul transportului: Agen\u021bia Metropolitan\u0103 pentru Dezvoltare Durabil\u0103 Bra\u0219ov, Asocia\u021bia pentru Dezvoltare Durabil\u0103 a Transportului Public Bra\u0219ov, UAT Municipiul Bra\u0219ov, UAT Predeal, UAT R\u00e2\u0219nov, UAT Z\u0103rne\u0219ti, Agen\u021bia de Dezvoltare Durabil\u0103 a Jude\u021bului Bra\u0219ov, RATBV S.A., CFR C\u0103l\u0103tori, Regio C\u0103l\u0103tori.<\/div>\n<\/div>\n<div class=\"x11i5rnm xat24cr x1mh8g0r x1vvkbs xtlvy1s x126k92a\">\n<div dir=\"auto\"><\/div>\n<\/div>\n","protected":false},"excerpt":{"rendered":"<p>Ziua Intermodalit\u0103\u021bii Bra\u0219ov este s\u0103rb\u0103torit\u0103 s\u00e2mb\u0103t\u0103, 7 octombrie, sub sloganul \u201dCombin\u0103 \u0219i Deplaseaz\u0103-te!\u201d. \u00a0Consiliul Jude\u0163ean Bra\u015fov \u015fi partenerii s\u0103i din&#8230;<\/p>\n","protected":false},"author":16,"featured_media":9936,"comment_status":"open","ping_status":"open","sticky":false,"template":"","format":"standard","meta":[],"categories":[40],"tags":[4121,100,249,4186,4188,4187,4185],"yoast_head":"<!-- This site is optimized with the Yoast SEO plugin v18.4.1 - https:\/\/yoast.com\/wordpress\/plugins\/seo\/ -->\n<title>Ziua Intermodalit\u0103\u021bii Bra\u0219ov - cu bicicleta pe tren \u0219i autobuz - Outdoor Magazine<\/title>\n<meta name=\"robots\" content=\"index, follow, max-snippet:-1, max-image-preview:large, max-video-preview:-1\" \/>\n<link rel=\"canonical\" href=\"https:\/\/ski-outdoor.ro\/outdoor\/2023\/10\/06\/ziua-intermodalitatii-brasov-cu-bicicleta-pe-tren-si-autobuz\/\" \/>\n<meta property=\"og:locale\" content=\"ro_RO\" \/>\n<meta property=\"og:type\" content=\"article\" \/>\n<meta property=\"og:title\" content=\"Ziua Intermodalit\u0103\u021bii Bra\u0219ov - cu bicicleta pe tren \u0219i autobuz - Outdoor Magazine\" \/>\n<meta property=\"og:description\" content=\"Ziua Intermodalit\u0103\u021bii Bra\u0219ov este s\u0103rb\u0103torit\u0103 s\u00e2mb\u0103t\u0103, 7 octombrie, sub sloganul \u201dCombin\u0103 \u0219i Deplaseaz\u0103-te!\u201d. \u00a0Consiliul Jude\u0163ean Bra\u015fov \u015fi partenerii s\u0103i din...\" \/>\n<meta property=\"og:url\" content=\"https:\/\/ski-outdoor.ro\/outdoor\/2023\/10\/06\/ziua-intermodalitatii-brasov-cu-bicicleta-pe-tren-si-autobuz\/\" \/>\n<meta property=\"og:site_name\" content=\"Outdoor Magazine\" \/>\n<meta property=\"article:publisher\" content=\"https:\/\/www.facebook.com\/skiandoutdoormagazine\" \/>\n<meta property=\"article:published_time\" content=\"2023-10-06T14:45:34+00:00\" \/>\n<meta property=\"og:image\" content=\"https:\/\/ski-outdoor.ro\/outdoor\/wp-content\/uploads\/sites\/4\/2023\/10\/WhatsApp-Image-2023-10-05-at-12.13.30.jpeg\" \/>\n\t<meta property=\"og:image:width\" content=\"1600\" \/>\n\t<meta property=\"og:image:height\" content=\"900\" \/>\n\t<meta property=\"og:image:type\" content=\"image\/jpeg\" \/>\n<meta name=\"twitter:card\" content=\"summary_large_image\" \/>\n<meta name=\"twitter:label1\" content=\"Scris de\" \/>\n\t<meta name=\"twitter:data1\" content=\"Bianca \u0218omlea\" \/>\n\t<meta name=\"twitter:label2\" content=\"Timp estimat pentru citire\" \/>\n\t<meta name=\"twitter:data2\" content=\"3 minute\" \/>\n<script type=\"application\/ld+json\" class=\"yoast-schema-graph\">{\"@context\":\"https:\/\/schema.org\",\"@graph\":[{\"@type\":\"Organization\",\"@id\":\"https:\/\/ski-outdoor.ro\/outdoor\/#organization\",\"name\":\"Ski & Outdoor Magazine\",\"url\":\"https:\/\/ski-outdoor.ro\/outdoor\/\",\"sameAs\":[\"https:\/\/www.facebook.com\/skiandoutdoormagazine\"],\"logo\":{\"@type\":\"ImageObject\",\"@id\":\"https:\/\/ski-outdoor.ro\/outdoor\/#logo\",\"inLanguage\":\"ro-RO\",\"url\":\"https:\/\/ski-outdoor.ro\/outdoor\/wp-content\/uploads\/sites\/4\/2019\/05\/logo-e1557923623153.png\",\"contentUrl\":\"https:\/\/ski-outdoor.ro\/outdoor\/wp-content\/uploads\/sites\/4\/2019\/05\/logo-e1557923623153.png\",\"width\":600,\"height\":165,\"caption\":\"Ski & Outdoor Magazine\"},\"image\":{\"@id\":\"https:\/\/ski-outdoor.ro\/outdoor\/#logo\"}},{\"@type\":\"WebSite\",\"@id\":\"https:\/\/ski-outdoor.ro\/outdoor\/#website\",\"url\":\"https:\/\/ski-outdoor.ro\/outdoor\/\",\"name\":\"Outdoor Magazine\",\"description\":\"\",\"publisher\":{\"@id\":\"https:\/\/ski-outdoor.ro\/outdoor\/#organization\"},\"potentialAction\":[{\"@type\":\"SearchAction\",\"target\":{\"@type\":\"EntryPoint\",\"urlTemplate\":\"https:\/\/ski-outdoor.ro\/outdoor\/?s={search_term_string}\"},\"query-input\":\"required name=search_term_string\"}],\"inLanguage\":\"ro-RO\"},{\"@type\":\"ImageObject\",\"@id\":\"https:\/\/ski-outdoor.ro\/outdoor\/2023\/10\/06\/ziua-intermodalitatii-brasov-cu-bicicleta-pe-tren-si-autobuz\/#primaryimage\",\"inLanguage\":\"ro-RO\",\"url\":\"https:\/\/ski-outdoor.ro\/outdoor\/wp-content\/uploads\/sites\/4\/2023\/10\/WhatsApp-Image-2023-10-05-at-12.13.30.jpeg\",\"contentUrl\":\"https:\/\/ski-outdoor.ro\/outdoor\/wp-content\/uploads\/sites\/4\/2023\/10\/WhatsApp-Image-2023-10-05-at-12.13.30.jpeg\",\"width\":1600,\"height\":900,\"caption\":\"Ziua Intermodalitatii Brasov\"},{\"@type\":\"WebPage\",\"@id\":\"https:\/\/ski-outdoor.ro\/outdoor\/2023\/10\/06\/ziua-intermodalitatii-brasov-cu-bicicleta-pe-tren-si-autobuz\/#webpage\",\"url\":\"https:\/\/ski-outdoor.ro\/outdoor\/2023\/10\/06\/ziua-intermodalitatii-brasov-cu-bicicleta-pe-tren-si-autobuz\/\",\"name\":\"Ziua Intermodalit\u0103\u021bii Bra\u0219ov - cu bicicleta pe tren \u0219i autobuz - Outdoor Magazine\",\"isPartOf\":{\"@id\":\"https:\/\/ski-outdoor.ro\/outdoor\/#website\"},\"primaryImageOfPage\":{\"@id\":\"https:\/\/ski-outdoor.ro\/outdoor\/2023\/10\/06\/ziua-intermodalitatii-brasov-cu-bicicleta-pe-tren-si-autobuz\/#primaryimage\"},\"datePublished\":\"2023-10-06T14:45:34+00:00\",\"dateModified\":\"2023-10-06T14:45:34+00:00\",\"breadcrumb\":{\"@id\":\"https:\/\/ski-outdoor.ro\/outdoor\/2023\/10\/06\/ziua-intermodalitatii-brasov-cu-bicicleta-pe-tren-si-autobuz\/#breadcrumb\"},\"inLanguage\":\"ro-RO\",\"potentialAction\":[{\"@type\":\"ReadAction\",\"target\":[\"https:\/\/ski-outdoor.ro\/outdoor\/2023\/10\/06\/ziua-intermodalitatii-brasov-cu-bicicleta-pe-tren-si-autobuz\/\"]}]},{\"@type\":\"BreadcrumbList\",\"@id\":\"https:\/\/ski-outdoor.ro\/outdoor\/2023\/10\/06\/ziua-intermodalitatii-brasov-cu-bicicleta-pe-tren-si-autobuz\/#breadcrumb\",\"itemListElement\":[{\"@type\":\"ListItem\",\"position\":1,\"name\":\"Home\",\"item\":\"https:\/\/ski-outdoor.ro\/outdoor\/\"},{\"@type\":\"ListItem\",\"position\":2,\"name\":\"Ziua Intermodalit\u0103\u021bii Bra\u0219ov &#8211; cu bicicleta pe tren \u0219i autobuz\"}]},{\"@type\":\"Article\",\"@id\":\"https:\/\/ski-outdoor.ro\/outdoor\/2023\/10\/06\/ziua-intermodalitatii-brasov-cu-bicicleta-pe-tren-si-autobuz\/#article\",\"isPartOf\":{\"@id\":\"https:\/\/ski-outdoor.ro\/outdoor\/2023\/10\/06\/ziua-intermodalitatii-brasov-cu-bicicleta-pe-tren-si-autobuz\/#webpage\"},\"author\":{\"@id\":\"https:\/\/ski-outdoor.ro\/outdoor\/#\/schema\/person\/29661f8d079aa10872d8edcf2a2a520b\"},\"headline\":\"Ziua Intermodalit\u0103\u021bii Bra\u0219ov &#8211; cu bicicleta pe tren \u0219i autobuz\",\"datePublished\":\"2023-10-06T14:45:34+00:00\",\"dateModified\":\"2023-10-06T14:45:34+00:00\",\"mainEntityOfPage\":{\"@id\":\"https:\/\/ski-outdoor.ro\/outdoor\/2023\/10\/06\/ziua-intermodalitatii-brasov-cu-bicicleta-pe-tren-si-autobuz\/#webpage\"},\"wordCount\":673,\"commentCount\":0,\"publisher\":{\"@id\":\"https:\/\/ski-outdoor.ro\/outdoor\/#organization\"},\"image\":{\"@id\":\"https:\/\/ski-outdoor.ro\/outdoor\/2023\/10\/06\/ziua-intermodalitatii-brasov-cu-bicicleta-pe-tren-si-autobuz\/#primaryimage\"},\"thumbnailUrl\":\"https:\/\/ski-outdoor.ro\/outdoor\/wp-content\/uploads\/sites\/4\/2023\/10\/WhatsApp-Image-2023-10-05-at-12.13.30.jpeg\",\"keywords\":[\"autobuz\",\"bicicleta\",\"brasov\",\"Consilul Judetean Brasov\",\"HINGE\",\"tren\",\"Ziua Intermodalitatii\"],\"articleSection\":[\"Events\"],\"inLanguage\":\"ro-RO\",\"potentialAction\":[{\"@type\":\"CommentAction\",\"name\":\"Comment\",\"target\":[\"https:\/\/ski-outdoor.ro\/outdoor\/2023\/10\/06\/ziua-intermodalitatii-brasov-cu-bicicleta-pe-tren-si-autobuz\/#respond\"]}]},{\"@type\":\"Person\",\"@id\":\"https:\/\/ski-outdoor.ro\/outdoor\/#\/schema\/person\/29661f8d079aa10872d8edcf2a2a520b\",\"name\":\"Bianca \u0218omlea\",\"image\":{\"@type\":\"ImageObject\",\"@id\":\"https:\/\/ski-outdoor.ro\/outdoor\/#personlogo\",\"inLanguage\":\"ro-RO\",\"url\":\"https:\/\/secure.gravatar.com\/avatar\/b39a83203da3fc8888ded6e8052246ad?s=96&d=mm&r=g\",\"contentUrl\":\"https:\/\/secure.gravatar.com\/avatar\/b39a83203da3fc8888ded6e8052246ad?s=96&d=mm&r=g\",\"caption\":\"Bianca \u0218omlea\"},\"url\":\"https:\/\/ski-outdoor.ro\/outdoor\/author\/editorfb206\/\"}]}<\/script>\n<!-- \/ Yoast SEO plugin. -->","yoast_head_json":{"title":"Ziua Intermodalit\u0103\u021bii Bra\u0219ov - cu bicicleta pe tren \u0219i autobuz - Outdoor Magazine","robots":{"index":"index","follow":"follow","max-snippet":"max-snippet:-1","max-image-preview":"max-image-preview:large","max-video-preview":"max-video-preview:-1"},"canonical":"https:\/\/ski-outdoor.ro\/outdoor\/2023\/10\/06\/ziua-intermodalitatii-brasov-cu-bicicleta-pe-tren-si-autobuz\/","og_locale":"ro_RO","og_type":"article","og_title":"Ziua Intermodalit\u0103\u021bii Bra\u0219ov - cu bicicleta pe tren \u0219i autobuz - Outdoor Magazine","og_description":"Ziua Intermodalit\u0103\u021bii Bra\u0219ov este s\u0103rb\u0103torit\u0103 s\u00e2mb\u0103t\u0103, 7 octombrie, sub sloganul \u201dCombin\u0103 \u0219i Deplaseaz\u0103-te!\u201d. \u00a0Consiliul Jude\u0163ean Bra\u015fov \u015fi partenerii s\u0103i din...","og_url":"https:\/\/ski-outdoor.ro\/outdoor\/2023\/10\/06\/ziua-intermodalitatii-brasov-cu-bicicleta-pe-tren-si-autobuz\/","og_site_name":"Outdoor Magazine","article_publisher":"https:\/\/www.facebook.com\/skiandoutdoormagazine","article_published_time":"2023-10-06T14:45:34+00:00","og_image":[{"width":1600,"height":900,"url":"https:\/\/ski-outdoor.ro\/outdoor\/wp-content\/uploads\/sites\/4\/2023\/10\/WhatsApp-Image-2023-10-05-at-12.13.30.jpeg","type":"image\/jpeg"}],"twitter_card":"summary_large_image","twitter_misc":{"Scris de":"Bianca \u0218omlea","Timp estimat pentru citire":"3 minute"},"schema":{"@context":"https:\/\/schema.org","@graph":[{"@type":"Organization","@id":"https:\/\/ski-outdoor.ro\/outdoor\/#organization","name":"Ski & Outdoor Magazine","url":"https:\/\/ski-outdoor.ro\/outdoor\/","sameAs":["https:\/\/www.facebook.com\/skiandoutdoormagazine"],"logo":{"@type":"ImageObject","@id":"https:\/\/ski-outdoor.ro\/outdoor\/#logo","inLanguage":"ro-RO","url":"https:\/\/ski-outdoor.ro\/outdoor\/wp-content\/uploads\/sites\/4\/2019\/05\/logo-e1557923623153.png","contentUrl":"https:\/\/ski-outdoor.ro\/outdoor\/wp-content\/uploads\/sites\/4\/2019\/05\/logo-e1557923623153.png","width":600,"height":165,"caption":"Ski & Outdoor Magazine"},"image":{"@id":"https:\/\/ski-outdoor.ro\/outdoor\/#logo"}},{"@type":"WebSite","@id":"https:\/\/ski-outdoor.ro\/outdoor\/#website","url":"https:\/\/ski-outdoor.ro\/outdoor\/","name":"Outdoor Magazine","description":"","publisher":{"@id":"https:\/\/ski-outdoor.ro\/outdoor\/#organization"},"potentialAction":[{"@type":"SearchAction","target":{"@type":"EntryPoint","urlTemplate":"https:\/\/ski-outdoor.ro\/outdoor\/?s={search_term_string}"},"query-input":"required name=search_term_string"}],"inLanguage":"ro-RO"},{"@type":"ImageObject","@id":"https:\/\/ski-outdoor.ro\/outdoor\/2023\/10\/06\/ziua-intermodalitatii-brasov-cu-bicicleta-pe-tren-si-autobuz\/#primaryimage","inLanguage":"ro-RO","url":"https:\/\/ski-outdoor.ro\/outdoor\/wp-content\/uploads\/sites\/4\/2023\/10\/WhatsApp-Image-2023-10-05-at-12.13.30.jpeg","contentUrl":"https:\/\/ski-outdoor.ro\/outdoor\/wp-content\/uploads\/sites\/4\/2023\/10\/WhatsApp-Image-2023-10-05-at-12.13.30.jpeg","width":1600,"height":900,"caption":"Ziua Intermodalitatii Brasov"},{"@type":"WebPage","@id":"https:\/\/ski-outdoor.ro\/outdoor\/2023\/10\/06\/ziua-intermodalitatii-brasov-cu-bicicleta-pe-tren-si-autobuz\/#webpage","url":"https:\/\/ski-outdoor.ro\/outdoor\/2023\/10\/06\/ziua-intermodalitatii-brasov-cu-bicicleta-pe-tren-si-autobuz\/","name":"Ziua Intermodalit\u0103\u021bii Bra\u0219ov - cu bicicleta pe tren \u0219i autobuz - Outdoor Magazine","isPartOf":{"@id":"https:\/\/ski-outdoor.ro\/outdoor\/#website"},"primaryImageOfPage":{"@id":"https:\/\/ski-outdoor.ro\/outdoor\/2023\/10\/06\/ziua-intermodalitatii-brasov-cu-bicicleta-pe-tren-si-autobuz\/#primaryimage"},"datePublished":"2023-10-06T14:45:34+00:00","dateModified":"2023-10-06T14:45:34+00:00","breadcrumb":{"@id":"https:\/\/ski-outdoor.ro\/outdoor\/2023\/10\/06\/ziua-intermodalitatii-brasov-cu-bicicleta-pe-tren-si-autobuz\/#breadcrumb"},"inLanguage":"ro-RO","potentialAction":[{"@type":"ReadAction","target":["https:\/\/ski-outdoor.ro\/outdoor\/2023\/10\/06\/ziua-intermodalitatii-brasov-cu-bicicleta-pe-tren-si-autobuz\/"]}]},{"@type":"BreadcrumbList","@id":"https:\/\/ski-outdoor.ro\/outdoor\/2023\/10\/06\/ziua-intermodalitatii-brasov-cu-bicicleta-pe-tren-si-autobuz\/#breadcrumb","itemListElement":[{"@type":"ListItem","position":1,"name":"Home","item":"https:\/\/ski-outdoor.ro\/outdoor\/"},{"@type":"ListItem","position":2,"name":"Ziua Intermodalit\u0103\u021bii Bra\u0219ov &#8211; cu bicicleta pe tren \u0219i autobuz"}]},{"@type":"Article","@id":"https:\/\/ski-outdoor.ro\/outdoor\/2023\/10\/06\/ziua-intermodalitatii-brasov-cu-bicicleta-pe-tren-si-autobuz\/#article","isPartOf":{"@id":"https:\/\/ski-outdoor.ro\/outdoor\/2023\/10\/06\/ziua-intermodalitatii-brasov-cu-bicicleta-pe-tren-si-autobuz\/#webpage"},"author":{"@id":"https:\/\/ski-outdoor.ro\/outdoor\/#\/schema\/person\/29661f8d079aa10872d8edcf2a2a520b"},"headline":"Ziua Intermodalit\u0103\u021bii Bra\u0219ov &#8211; cu bicicleta pe tren \u0219i autobuz","datePublished":"2023-10-06T14:45:34+00:00","dateModified":"2023-10-06T14:45:34+00:00","mainEntityOfPage":{"@id":"https:\/\/ski-outdoor.ro\/outdoor\/2023\/10\/06\/ziua-intermodalitatii-brasov-cu-bicicleta-pe-tren-si-autobuz\/#webpage"},"wordCount":673,"commentCount":0,"publisher":{"@id":"https:\/\/ski-outdoor.ro\/outdoor\/#organization"},"image":{"@id":"https:\/\/ski-outdoor.ro\/outdoor\/2023\/10\/06\/ziua-intermodalitatii-brasov-cu-bicicleta-pe-tren-si-autobuz\/#primaryimage"},"thumbnailUrl":"https:\/\/ski-outdoor.ro\/outdoor\/wp-content\/uploads\/sites\/4\/2023\/10\/WhatsApp-Image-2023-10-05-at-12.13.30.jpeg","keywords":["autobuz","bicicleta","brasov","Consilul Judetean Brasov","HINGE","tren","Ziua Intermodalitatii"],"articleSection":["Events"],"inLanguage":"ro-RO","potentialAction":[{"@type":"CommentAction","name":"Comment","target":["https:\/\/ski-outdoor.ro\/outdoor\/2023\/10\/06\/ziua-intermodalitatii-brasov-cu-bicicleta-pe-tren-si-autobuz\/#respond"]}]},{"@type":"Person","@id":"https:\/\/ski-outdoor.ro\/outdoor\/#\/schema\/person\/29661f8d079aa10872d8edcf2a2a520b","name":"Bianca \u0218omlea","image":{"@type":"ImageObject","@id":"https:\/\/ski-outdoor.ro\/outdoor\/#personlogo","inLanguage":"ro-RO","url":"https:\/\/secure.gravatar.com\/avatar\/b39a83203da3fc8888ded6e8052246ad?s=96&d=mm&r=g","contentUrl":"https:\/\/secure.gravatar.com\/avatar\/b39a83203da3fc8888ded6e8052246ad?s=96&d=mm&r=g","caption":"Bianca \u0218omlea"},"url":"https:\/\/ski-outdoor.ro\/outdoor\/author\/editorfb206\/"}]}},"_links":{"self":[{"href":"https:\/\/ski-outdoor.ro\/outdoor\/wp-json\/wp\/v2\/posts\/9935"}],"collection":[{"href":"https:\/\/ski-outdoor.ro\/outdoor\/wp-json\/wp\/v2\/posts"}],"about":[{"href":"https:\/\/ski-outdoor.ro\/outdoor\/wp-json\/wp\/v2\/types\/post"}],"author":[{"embeddable":true,"href":"https:\/\/ski-outdoor.ro\/outdoor\/wp-json\/wp\/v2\/users\/16"}],"replies":[{"embeddable":true,"href":"https:\/\/ski-outdoor.ro\/outdoor\/wp-json\/wp\/v2\/comments?post=9935"}],"version-history":[{"count":2,"href":"https:\/\/ski-outdoor.ro\/outdoor\/wp-json\/wp\/v2\/posts\/9935\/revisions"}],"predecessor-version":[{"id":9939,"href":"https:\/\/ski-outdoor.ro\/outdoor\/wp-json\/wp\/v2\/posts\/9935\/revisions\/9939"}],"wp:featuredmedia":[{"embeddable":true,"href":"https:\/\/ski-outdoor.ro\/outdoor\/wp-json\/wp\/v2\/media\/9936"}],"wp:attachment":[{"href":"https:\/\/ski-outdoor.ro\/outdoor\/wp-json\/wp\/v2\/media?parent=9935"}],"wp:term":[{"taxonomy":"category","embeddable":true,"href":"https:\/\/ski-outdoor.ro\/outdoor\/wp-json\/wp\/v2\/categories?post=9935"},{"taxonomy":"post_tag","embeddable":true,"href":"https:\/\/ski-outdoor.ro\/outdoor\/wp-json\/wp\/v2\/tags?post=9935"}],"curies":[{"name":"wp","href":"https:\/\/api.w.org\/{rel}","templated":true}]}}