{"id":9967,"date":"2024-05-09T13:35:03","date_gmt":"2024-05-09T13:35:03","guid":{"rendered":"https:\/\/ski-outdoor.ro\/outdoor\/?p=9967"},"modified":"2024-05-09T18:35:10","modified_gmt":"2024-05-09T18:35:10","slug":"campionatul-european-de-mountain-bike","status":"publish","type":"post","link":"https:\/\/ski-outdoor.ro\/outdoor\/2024\/05\/09\/campionatul-european-de-mountain-bike\/","title":{"rendered":"Campionatul European de Mountain Bike"},"content":{"rendered":"<p><strong>Pe 08\u00a0<\/strong><strong>mai<\/strong><strong>\u00a0<\/strong><strong>la<\/strong><strong>\u00a0Cheile\u00a0<\/strong><strong>Gr\u0103di\u0219tei<\/strong><strong>\u00a0s-a\u00a0<\/strong><strong>dat<\/strong><strong>\u00a0startul la spectacoool.\u00a0<\/strong><strong>\u00centr<\/strong><strong>-un areal spectaculos <\/strong><strong>\u00een <\/strong><strong>perioada<\/strong><strong>\u00a008-12 mai vom avea spectacol, vom avea\u00a0<\/strong><strong>adrenalin\u0103<\/strong><strong>, vom avea determinare, vom avea pasiune, totul <\/strong><strong>pus <\/strong><strong>\u00een <\/strong><strong>scen\u0103 <\/strong><strong>de <\/strong><strong>Federa\u021bia <\/strong><strong>Rom\u00e2n\u0103 <\/strong><strong>de Ciclism <\/strong><strong>\u00eempreun\u0103 <\/strong><strong>cu Uniunea <\/strong><strong>Ciclist\u0103 <\/strong><strong>Interna\u021bional\u0103 <\/strong><strong>(UCI).<\/strong><\/p>\n<p><img loading=\"lazy\" class=\"alignnone wp-image-9970 size-large\" src=\"https:\/\/ski-outdoor.ro\/outdoor\/wp-content\/uploads\/sites\/4\/2024\/05\/MB-3-1024x681.jpg\" alt=\"\" width=\"1024\" height=\"681\" srcset=\"https:\/\/ski-outdoor.ro\/outdoor\/wp-content\/uploads\/sites\/4\/2024\/05\/MB-3-1024x681.jpg 1024w, https:\/\/ski-outdoor.ro\/outdoor\/wp-content\/uploads\/sites\/4\/2024\/05\/MB-3-300x200.jpg 300w, https:\/\/ski-outdoor.ro\/outdoor\/wp-content\/uploads\/sites\/4\/2024\/05\/MB-3-768x511.jpg 768w, https:\/\/ski-outdoor.ro\/outdoor\/wp-content\/uploads\/sites\/4\/2024\/05\/MB-3-1536x1022.jpg 1536w, https:\/\/ski-outdoor.ro\/outdoor\/wp-content\/uploads\/sites\/4\/2024\/05\/MB-3-370x246.jpg 370w, https:\/\/ski-outdoor.ro\/outdoor\/wp-content\/uploads\/sites\/4\/2024\/05\/MB-3-270x180.jpg 270w, https:\/\/ski-outdoor.ro\/outdoor\/wp-content\/uploads\/sites\/4\/2024\/05\/MB-3-570x379.jpg 570w, https:\/\/ski-outdoor.ro\/outdoor\/wp-content\/uploads\/sites\/4\/2024\/05\/MB-3-770x512.jpg 770w, https:\/\/ski-outdoor.ro\/outdoor\/wp-content\/uploads\/sites\/4\/2024\/05\/MB-3-1170x779.jpg 1170w, https:\/\/ski-outdoor.ro\/outdoor\/wp-content\/uploads\/sites\/4\/2024\/05\/MB-3-872x580.jpg 872w, https:\/\/ski-outdoor.ro\/outdoor\/wp-content\/uploads\/sites\/4\/2024\/05\/MB-3.jpg 2000w\" sizes=\"(max-width: 1024px) 100vw, 1024px\" \/><\/p>\n<p><strong>Campionatul European de Mountain Bike este evenimentul anului\u00a0<\/strong><strong>\u00een<\/strong><strong>\u00a0<\/strong><strong>Rom\u00e2nia<\/strong><strong>\u00a0 pentru cei ce iubesc ciclismul. Este pentru <\/strong><strong>prima<\/strong> <strong>data<\/strong> <strong>c\u00e2nd<\/strong><strong> avem <\/strong><strong>\u00een<\/strong> <strong>\u021bara<\/strong> <strong>noastr\u0103<\/strong><strong> un Campionat European de Ciclism.<\/strong><\/p>\n<p><strong>Vom avea\u00a0<\/strong><strong>la<\/strong><strong>\u00a0Cheile\u00a0<\/strong><strong>Gr\u0103di\u0219tei<\/strong><strong>\u00a0<\/strong><strong>peste<\/strong><strong>\u00a0400 de sportivi\u00a0<\/strong><strong>din<\/strong><strong>\u00a032 de\u00a0<\/strong><strong>\u021b\u0103ri<\/strong><strong>, 13 titluri la trei discipline: Cross Country Olimpic (XCO), Cross Country Team Relay (XCR) \u0219i Cross County Short Track (XCC) pentru categoriile Elite, U23 \u0219i Juniori.<\/strong><\/p>\n<p>Evenimentul \u00eei aduce la start pe cei mai puternici rideri din \u00eentreaga Europ\u0103, inclusiv pe Vlad Dasc\u0103lu, care \u00ee\u0219i va ap\u0103ra titlul european la Cross Country Olimpic (XCO), dar \u0219i pe Ede Molnar, campion european la Cross Country Eliminator (XCE).<\/p>\n<p><img loading=\"lazy\" class=\"alignnone wp-image-9971 size-large\" src=\"https:\/\/ski-outdoor.ro\/outdoor\/wp-content\/uploads\/sites\/4\/2024\/05\/MB-4-1024x681.jpg\" alt=\"\" width=\"1024\" height=\"681\" srcset=\"https:\/\/ski-outdoor.ro\/outdoor\/wp-content\/uploads\/sites\/4\/2024\/05\/MB-4-1024x681.jpg 1024w, https:\/\/ski-outdoor.ro\/outdoor\/wp-content\/uploads\/sites\/4\/2024\/05\/MB-4-300x200.jpg 300w, https:\/\/ski-outdoor.ro\/outdoor\/wp-content\/uploads\/sites\/4\/2024\/05\/MB-4-768x511.jpg 768w, https:\/\/ski-outdoor.ro\/outdoor\/wp-content\/uploads\/sites\/4\/2024\/05\/MB-4-1536x1022.jpg 1536w, https:\/\/ski-outdoor.ro\/outdoor\/wp-content\/uploads\/sites\/4\/2024\/05\/MB-4-370x246.jpg 370w, https:\/\/ski-outdoor.ro\/outdoor\/wp-content\/uploads\/sites\/4\/2024\/05\/MB-4-270x180.jpg 270w, https:\/\/ski-outdoor.ro\/outdoor\/wp-content\/uploads\/sites\/4\/2024\/05\/MB-4-570x379.jpg 570w, https:\/\/ski-outdoor.ro\/outdoor\/wp-content\/uploads\/sites\/4\/2024\/05\/MB-4-770x512.jpg 770w, https:\/\/ski-outdoor.ro\/outdoor\/wp-content\/uploads\/sites\/4\/2024\/05\/MB-4-1170x779.jpg 1170w, https:\/\/ski-outdoor.ro\/outdoor\/wp-content\/uploads\/sites\/4\/2024\/05\/MB-4-872x580.jpg 872w, https:\/\/ski-outdoor.ro\/outdoor\/wp-content\/uploads\/sites\/4\/2024\/05\/MB-4.jpg 2000w\" sizes=\"(max-width: 1024px) 100vw, 1024px\" \/><\/p>\n<p>Sute de atle\u021bi, sute de voluntari, mii de spectatori, totul pentru un spectacol extraordinar \u00eentr-o loca\u021bie unic\u0103 \u00een Europa. Federa\u021bia Rom\u00e2n\u0103 de Ciclism \u00eempreun\u0103 cu UCI (Uniunea Ciclist\u0103 Interna\u021bional\u0103) cu sprijinul <a href=\"https:\/\/www.facebook.com\/AgentiaNationalaPentruSport.Romania?__cft__%5b0%5d=AZX0rmZ8CadyRiPv-FAMFWDTHypp646Z4v04INPh6bB9mRu2JPXYhgrcSbEgzrv7U8vo9dZ6L3X3PmWnzvyDk8hyQ8bfHM7jbU9RbA777dY3Qws_cAetFzlD10c9mZYdMHVY-aZh6_HVcBixQ2tHTTTqsyLzc1rWAvmjFtRFa5J8k1GPbFIC49M9PKHOEg2Pu6314ScnL11-5hGomfTonPA8nDDfzh36Y5HAhvBXDw8471FecOh_CJUGDrNw5ldxjvQ&amp;__tn__=-%5dK-R\">Agen\u021biei\u00a0Na\u021bionale pentru Sport<\/a>, al Comitetului Olimpic Rom\u00e2n, al Consiliului Jude\u021bean Bra\u015fov \u015fi al <a href=\"https:\/\/www.facebook.com\/auchan.ro?__cft__%5b0%5d=AZX0rmZ8CadyRiPv-FAMFWDTHypp646Z4v04INPh6bB9mRu2JPXYhgrcSbEgzrv7U8vo9dZ6L3X3PmWnzvyDk8hyQ8bfHM7jbU9RbA777dY3Qws_cAetFzlD10c9mZYdMHVY-aZh6_HVcBixQ2tHTTTqsyLzc1rWAvmjFtRFa5J8k1GPbFIC49M9PKHOEg2Pu6314ScnL11-5hGomfTonPA8nDDfzh36Y5HAhvBXDw8471FecOh_CJUGDrNw5ldxjvQ&amp;__tn__=-%5dK-R\">Auchan<\/a> Rom\u00e2nia s-au ocupat ca totul s\u0103 fie perfect pentru un eveniment de mult a\u0219teptat de c\u0103tre iubitorii acetui sport.<\/p>\n<p>Cea\u00a0mai\u00a0a\u0219teptat\u0103 curs\u0103 este\u00a0cea\u00a0masculin\u0103 de Elite XCO. Acest eveniment reune\u0219te c\u00e2\u021biva\u00a0dintre\u00a0cei mai importan\u021bi sportivi de pe\u00a0scena\u00a0interna\u021bional\u0103, \u00eencep\u00e2nd cu campionul european \u0219i starul local Vlad Dasc\u0103lu,\u00a0care\u00a0\u00eei\u00a0va\u00a0avea printre principalii adversari pe unii dintre cei mai \u00een form\u0103 rideri\u00a0ai\u00a0momentului, precum britanicul Charlie Aldridge, care a evoluat str\u0103lucit\u00a0la\u00a0ultimele curse ale Cupei Mondiale, precum \u0219i pe Simon Andreassen (Danemarca), recent c\u00e2\u0219tig\u0103tor\u00a0al\u00a0unei etape din Cupa Braziliei, sau\u00a0pe italienii Simone Avondetto \u0219i Luca Braidot, precum \u0219i pe elve\u021bianul Filippo Colombo, a c\u0103rui form\u0103 s-a \u00eembun\u0103t\u0103\u021bit constant \u00een acest sezon.<\/p>\n<p><img loading=\"lazy\" class=\"alignnone wp-image-9968 size-large\" src=\"https:\/\/ski-outdoor.ro\/outdoor\/wp-content\/uploads\/sites\/4\/2024\/05\/MB-1-1024x681.jpg\" alt=\"\" width=\"1024\" height=\"681\" srcset=\"https:\/\/ski-outdoor.ro\/outdoor\/wp-content\/uploads\/sites\/4\/2024\/05\/MB-1-1024x681.jpg 1024w, https:\/\/ski-outdoor.ro\/outdoor\/wp-content\/uploads\/sites\/4\/2024\/05\/MB-1-300x200.jpg 300w, https:\/\/ski-outdoor.ro\/outdoor\/wp-content\/uploads\/sites\/4\/2024\/05\/MB-1-768x511.jpg 768w, https:\/\/ski-outdoor.ro\/outdoor\/wp-content\/uploads\/sites\/4\/2024\/05\/MB-1-1536x1022.jpg 1536w, https:\/\/ski-outdoor.ro\/outdoor\/wp-content\/uploads\/sites\/4\/2024\/05\/MB-1-370x246.jpg 370w, https:\/\/ski-outdoor.ro\/outdoor\/wp-content\/uploads\/sites\/4\/2024\/05\/MB-1-270x180.jpg 270w, https:\/\/ski-outdoor.ro\/outdoor\/wp-content\/uploads\/sites\/4\/2024\/05\/MB-1-570x379.jpg 570w, https:\/\/ski-outdoor.ro\/outdoor\/wp-content\/uploads\/sites\/4\/2024\/05\/MB-1-770x512.jpg 770w, https:\/\/ski-outdoor.ro\/outdoor\/wp-content\/uploads\/sites\/4\/2024\/05\/MB-1-1170x779.jpg 1170w, https:\/\/ski-outdoor.ro\/outdoor\/wp-content\/uploads\/sites\/4\/2024\/05\/MB-1-872x580.jpg 872w, https:\/\/ski-outdoor.ro\/outdoor\/wp-content\/uploads\/sites\/4\/2024\/05\/MB-1.jpg 2000w\" sizes=\"(max-width: 1024px) 100vw, 1024px\" \/><\/p>\n<p>La\u00a0categoria\u00a0Elit\u0103\u00a0feminin\u0103, provocarea promite s\u0103 fie deosebit de incitant\u0103 datorit\u0103 prezen\u021bei unor sportive de\u00a0top,\u00a0inclusiv\u00a0c\u00e2\u0219tig\u0103toarea multipl\u0103 \u0219i\u00a0actuala\u00a0campioan\u0103 mondial\u0103 Pauline Ferrand- Prevot\u00a0din\u00a0Fran\u021ba \u0219i\u00a0actuala\u00a0campioan\u0103 european\u0103 Puck Pieterse din\u00a0Olanda, precum \u0219i Mona Mitterwallner din Austria, Evie Richards din\u00a0Marea\u00a0Britanie \u0219i Anne Terpstra din Olanda.<\/p>\n<blockquote><p><em>\u201eAcest eveniment de nivel \u00eenalt\u00a0vine\u00a0\u00eentr-un moment crucial, cu\u00a0mai\u00a0pu\u021b\u00een\u00a0de trei luni \u00eenainte de Jocurile Olimpice, consolid\u00e2nd \u0219i mai\u00a0mult\u00a0rolul central\u00a0al\u00a0ciclismului montan pe\u00a0scen\u0103\u00a0sportive mondial\u0103. Prezen\u021ba sportivilor de\u00a0top, preg\u0103ti\u021bi s\u0103 concureze \u00een acest cadru unic, promite un spectacol \u0219i o emo\u021bie de neegalat pentru fanii ciclismului din \u00eentreaga lume. A\u0219 dori s\u0103 mul\u021bumesc Federa\u021biei Rom\u00e2ne de Ciclism \u0219i pre\u0219edintelui s\u0103u C\u0103t\u0103lin Sprincean\u0103 pentru angajamentul de a promova ciclismul \u00een \u021bar\u0103 \u0219i dincolo de grani\u021bele\u00a0sale. Mul\u021bumiri speciale lui Ovidiu \u0219i Alexandru G\u00eerbacea de\u00a0la\u00a0domeniul Cheile Gr\u0103di\u0219tei,\u00a0care\u00a0au\u00a0deschis\u00a0cu generozitate u\u0219ile acestui colt fermec\u0103tor de Rom\u00e2nie pentru a g\u0103zdui evenimentul. Ospitalitatea \u0219i sprijinul lor logistic\u00a0sunt esen\u021biale pentru organizarea\u00a0acestor campionate,\u00a0la\u00a0fel\u00a0ca\u00a0\u0219i sprijinul Comitetului Na\u021bional Olimpic \u0219i\u00a0al\u00a0Agen\u021biei Rom\u00e2ne pentru Sport. \u00cen sf\u00e2r\u0219it, a\u0219 dori s\u0103 recunosc valoarea inestimabil\u0103 a voluntarilor, a \u00eentregii echipe organizatoare \u0219i a tuturor sus\u021b\u00een\u0103torilor\u00a0care, cu pasiune, vor face posibil\u00a0acest eveniment extraordinar\u201d<\/em>, a\u00a0declarat\u00a0Enrico Della\u00a0Cas\u0103, pre\u0219edintele Uniunii Cicliste Europene.<\/p><\/blockquote>\n<p>Ieri pe 08\u00a0mai\u00a0am avut, pe o vreme \u00een\u00a0care\u00a0temperatura\u00a0maxim\u0103 a\u00a0ajuns\u00a0la\u00a012 grade, antrenamentele oficiale\u00a0\u0219i\u00a0primele\u00a0calific\u0103ri.<\/p>\n<p><img loading=\"lazy\" class=\"alignnone wp-image-9969 size-large\" src=\"https:\/\/ski-outdoor.ro\/outdoor\/wp-content\/uploads\/sites\/4\/2024\/05\/MB-2-1024x681.jpg\" alt=\"\" width=\"1024\" height=\"681\" srcset=\"https:\/\/ski-outdoor.ro\/outdoor\/wp-content\/uploads\/sites\/4\/2024\/05\/MB-2-1024x681.jpg 1024w, https:\/\/ski-outdoor.ro\/outdoor\/wp-content\/uploads\/sites\/4\/2024\/05\/MB-2-300x200.jpg 300w, https:\/\/ski-outdoor.ro\/outdoor\/wp-content\/uploads\/sites\/4\/2024\/05\/MB-2-768x511.jpg 768w, https:\/\/ski-outdoor.ro\/outdoor\/wp-content\/uploads\/sites\/4\/2024\/05\/MB-2-1536x1022.jpg 1536w, https:\/\/ski-outdoor.ro\/outdoor\/wp-content\/uploads\/sites\/4\/2024\/05\/MB-2-370x246.jpg 370w, https:\/\/ski-outdoor.ro\/outdoor\/wp-content\/uploads\/sites\/4\/2024\/05\/MB-2-270x180.jpg 270w, https:\/\/ski-outdoor.ro\/outdoor\/wp-content\/uploads\/sites\/4\/2024\/05\/MB-2-570x379.jpg 570w, https:\/\/ski-outdoor.ro\/outdoor\/wp-content\/uploads\/sites\/4\/2024\/05\/MB-2-770x512.jpg 770w, https:\/\/ski-outdoor.ro\/outdoor\/wp-content\/uploads\/sites\/4\/2024\/05\/MB-2-1170x779.jpg 1170w, https:\/\/ski-outdoor.ro\/outdoor\/wp-content\/uploads\/sites\/4\/2024\/05\/MB-2-872x580.jpg 872w, https:\/\/ski-outdoor.ro\/outdoor\/wp-content\/uploads\/sites\/4\/2024\/05\/MB-2.jpg 2000w\" sizes=\"(max-width: 1024px) 100vw, 1024px\" \/><\/p>\n<p>Azi vom avea finalele\u00a0la\u00a0disciplina\u00a0Short Track.<\/p>\n<p>Noi vom \u00eencerca s\u0103 fim conecta\u021bi \u0219i s\u0103 v\u0103 \u021binem la curent cu tot ce se \u00eent\u00e2mpl\u0103 la Cheile Gr\u0103di\u0219tei (mul\u021bumim Biroului de Pres\u0103 pentru tot), s\u0103 ne bucur\u0103m \u00eempreun\u0103 de rezultatele sportivilor rom\u00e2ni. Mul\u021bumim pentru fotografiile de ieri lui Traian Olinici.<\/p>\n<p>\u0218i\u00a0haide\u021bi\u00a0s\u0103\u00a0\u00eei\u00a0aplaud\u0103m\u00a0\u00eempreun\u0103,\u00a0dac\u0103\u00a0nu suntem\u00a0prezen\u021bi\u00a0acolo cel pu\u021b\u00een din fa\u021ba ecranelor pe:<\/p>\n<p>Elite Masculin:<\/p>\n<p><a href=\"https:\/\/www.facebook.com\/profile.php?id=100063534373657&amp;__cft__%5b0%5d=AZWtgSPM0_gNghf9HJvSZIlpy7O7rbOYsyrZ--G_ji0D--3e5H3cS6kCGAxy0aLZn4U2r30tXcjLdrOUD7rnPA6RPkjqEGj7yw-P3hzYAl9s8dk1ognmy3LrJmEEQEkO1Xob8Pb2RVV5x-cP75dI_YDxw9j_wACqcPjB6RqZCKMQpg6yNxGR-8R6NAs6Wz1GD_um_AaMQunsEEpmkvMLmh5TnvMYxLpShcYWCp3n6kHnJw&amp;__tn__=-%5dK-R\">Vlad\u00a0Dasc\u0103lu<\/a>\u00a0&#8211;\u00a0<a href=\"https:\/\/www.facebook.com\/csdinamo?__cft__%5b0%5d=AZWtgSPM0_gNghf9HJvSZIlpy7O7rbOYsyrZ--G_ji0D--3e5H3cS6kCGAxy0aLZn4U2r30tXcjLdrOUD7rnPA6RPkjqEGj7yw-P3hzYAl9s8dk1ognmy3LrJmEEQEkO1Xob8Pb2RVV5x-cP75dI_YDxw9j_wACqcPjB6RqZCKMQpg6yNxGR-8R6NAs6Wz1GD_um_AaMQunsEEpmkvMLmh5TnvMYxLpShcYWCp3n6kHnJw&amp;__tn__=-%5dK-R\">CS Dinamo\u00a0Bucure\u0219ti<\/a><\/p>\n<p><a href=\"https:\/\/www.facebook.com\/ede.molnar.9?__cft__%5b0%5d=AZWtgSPM0_gNghf9HJvSZIlpy7O7rbOYsyrZ--G_ji0D--3e5H3cS6kCGAxy0aLZn4U2r30tXcjLdrOUD7rnPA6RPkjqEGj7yw-P3hzYAl9s8dk1ognmy3LrJmEEQEkO1Xob8Pb2RVV5x-cP75dI_YDxw9j_wACqcPjB6RqZCKMQpg6yNxGR-8R6NAs6Wz1GD_um_AaMQunsEEpmkvMLmh5TnvMYxLpShcYWCp3n6kHnJw&amp;__tn__=-%5dK-R\">Ede Moln\u00e1r<\/a>\u00a0&#8211; CS Dinamo Bucure\u0219ti<\/p>\n<p><a href=\"https:\/\/www.facebook.com\/peque.roberto?__cft__%5b0%5d=AZWtgSPM0_gNghf9HJvSZIlpy7O7rbOYsyrZ--G_ji0D--3e5H3cS6kCGAxy0aLZn4U2r30tXcjLdrOUD7rnPA6RPkjqEGj7yw-P3hzYAl9s8dk1ognmy3LrJmEEQEkO1Xob8Pb2RVV5x-cP75dI_YDxw9j_wACqcPjB6RqZCKMQpg6yNxGR-8R6NAs6Wz1GD_um_AaMQunsEEpmkvMLmh5TnvMYxLpShcYWCp3n6kHnJw&amp;__tn__=-%5dK-R\">Peque Roberto<\/a>\u00a0&#8211;\u00a0<a href=\"https:\/\/www.facebook.com\/csutgm?__cft__%5b0%5d=AZWtgSPM0_gNghf9HJvSZIlpy7O7rbOYsyrZ--G_ji0D--3e5H3cS6kCGAxy0aLZn4U2r30tXcjLdrOUD7rnPA6RPkjqEGj7yw-P3hzYAl9s8dk1ognmy3LrJmEEQEkO1Xob8Pb2RVV5x-cP75dI_YDxw9j_wACqcPjB6RqZCKMQpg6yNxGR-8R6NAs6Wz1GD_um_AaMQunsEEpmkvMLmh5TnvMYxLpShcYWCp3n6kHnJw&amp;__tn__=-%5dK-R\">Clubul Sportiv Universitar T\u00e2rgu Mure\u015f<\/a><\/p>\n<p>U23 Masculin:<\/p>\n<p><a href=\"https:\/\/www.facebook.com\/patrick.pescaru?__cft__%5b0%5d=AZWtgSPM0_gNghf9HJvSZIlpy7O7rbOYsyrZ--G_ji0D--3e5H3cS6kCGAxy0aLZn4U2r30tXcjLdrOUD7rnPA6RPkjqEGj7yw-P3hzYAl9s8dk1ognmy3LrJmEEQEkO1Xob8Pb2RVV5x-cP75dI_YDxw9j_wACqcPjB6RqZCKMQpg6yNxGR-8R6NAs6Wz1GD_um_AaMQunsEEpmkvMLmh5TnvMYxLpShcYWCp3n6kHnJw&amp;__tn__=-%5dK-R\">Patrick Pescaru<\/a>\u00a0&#8211; Clubul Sportiv Universitar T\u00e2rgu Mure\u015f<\/p>\n<p><a href=\"https:\/\/www.facebook.com\/alex.ilie.7165?__cft__%5b0%5d=AZWtgSPM0_gNghf9HJvSZIlpy7O7rbOYsyrZ--G_ji0D--3e5H3cS6kCGAxy0aLZn4U2r30tXcjLdrOUD7rnPA6RPkjqEGj7yw-P3hzYAl9s8dk1ognmy3LrJmEEQEkO1Xob8Pb2RVV5x-cP75dI_YDxw9j_wACqcPjB6RqZCKMQpg6yNxGR-8R6NAs6Wz1GD_um_AaMQunsEEpmkvMLmh5TnvMYxLpShcYWCp3n6kHnJw&amp;__tn__=-%5dK-R\">Alex Ilie<\/a>\u00a0&#8211; CS Dinamo\u00a0Bucure\u0219ti<\/p>\n<p><a href=\"https:\/\/www.facebook.com\/razvan.grec.1?__cft__%5b0%5d=AZWtgSPM0_gNghf9HJvSZIlpy7O7rbOYsyrZ--G_ji0D--3e5H3cS6kCGAxy0aLZn4U2r30tXcjLdrOUD7rnPA6RPkjqEGj7yw-P3hzYAl9s8dk1ognmy3LrJmEEQEkO1Xob8Pb2RVV5x-cP75dI_YDxw9j_wACqcPjB6RqZCKMQpg6yNxGR-8R6NAs6Wz1GD_um_AaMQunsEEpmkvMLmh5TnvMYxLpShcYWCp3n6kHnJw&amp;__tn__=-%5dK-R\">R\u0103zvan\u00a0Grec<\/a>\u00a0&#8211;\u00a0<a href=\"https:\/\/www.facebook.com\/kronstadtcycling?__cft__%5b0%5d=AZWtgSPM0_gNghf9HJvSZIlpy7O7rbOYsyrZ--G_ji0D--3e5H3cS6kCGAxy0aLZn4U2r30tXcjLdrOUD7rnPA6RPkjqEGj7yw-P3hzYAl9s8dk1ognmy3LrJmEEQEkO1Xob8Pb2RVV5x-cP75dI_YDxw9j_wACqcPjB6RqZCKMQpg6yNxGR-8R6NAs6Wz1GD_um_AaMQunsEEpmkvMLmh5TnvMYxLpShcYWCp3n6kHnJw&amp;__tn__=-%5dK-R\">Kronstadt Cycling<\/a><\/p>\n<p><a href=\"https:\/\/www.facebook.com\/profile.php?id=100005185699417&amp;__cft__%5b0%5d=AZWtgSPM0_gNghf9HJvSZIlpy7O7rbOYsyrZ--G_ji0D--3e5H3cS6kCGAxy0aLZn4U2r30tXcjLdrOUD7rnPA6RPkjqEGj7yw-P3hzYAl9s8dk1ognmy3LrJmEEQEkO1Xob8Pb2RVV5x-cP75dI_YDxw9j_wACqcPjB6RqZCKMQpg6yNxGR-8R6NAs6Wz1GD_um_AaMQunsEEpmkvMLmh5TnvMYxLpShcYWCp3n6kHnJw&amp;__tn__=-%5dK-R\">Eduard Kubat<\/a>\u00a0&#8211;\u00a0<a href=\"https:\/\/www.facebook.com\/vlcts?__cft__%5b0%5d=AZWtgSPM0_gNghf9HJvSZIlpy7O7rbOYsyrZ--G_ji0D--3e5H3cS6kCGAxy0aLZn4U2r30tXcjLdrOUD7rnPA6RPkjqEGj7yw-P3hzYAl9s8dk1ognmy3LrJmEEQEkO1Xob8Pb2RVV5x-cP75dI_YDxw9j_wACqcPjB6RqZCKMQpg6yNxGR-8R6NAs6Wz1GD_um_AaMQunsEEpmkvMLmh5TnvMYxLpShcYWCp3n6kHnJw&amp;__tn__=-%5dK-R\">Velocitas<\/a><\/p>\n<p>Juniori Masculin:<\/p>\n<p><a href=\"https:\/\/www.facebook.com\/dragos.stavar?__cft__%5b0%5d=AZWtgSPM0_gNghf9HJvSZIlpy7O7rbOYsyrZ--G_ji0D--3e5H3cS6kCGAxy0aLZn4U2r30tXcjLdrOUD7rnPA6RPkjqEGj7yw-P3hzYAl9s8dk1ognmy3LrJmEEQEkO1Xob8Pb2RVV5x-cP75dI_YDxw9j_wACqcPjB6RqZCKMQpg6yNxGR-8R6NAs6Wz1GD_um_AaMQunsEEpmkvMLmh5TnvMYxLpShcYWCp3n6kHnJw&amp;__tn__=-%5dK-R\">Drago\u0219\u00a0Stavar<\/a>\u00a0&#8211;\u00a0<a href=\"https:\/\/www.facebook.com\/SportGuru.ro?__cft__%5b0%5d=AZWtgSPM0_gNghf9HJvSZIlpy7O7rbOYsyrZ--G_ji0D--3e5H3cS6kCGAxy0aLZn4U2r30tXcjLdrOUD7rnPA6RPkjqEGj7yw-P3hzYAl9s8dk1ognmy3LrJmEEQEkO1Xob8Pb2RVV5x-cP75dI_YDxw9j_wACqcPjB6RqZCKMQpg6yNxGR-8R6NAs6Wz1GD_um_AaMQunsEEpmkvMLmh5TnvMYxLpShcYWCp3n6kHnJw&amp;__tn__=-%5dK-R\">SportGuru.ro<\/a><\/p>\n<p><a href=\"https:\/\/www.facebook.com\/horea.precup.188?__cft__%5b0%5d=AZWtgSPM0_gNghf9HJvSZIlpy7O7rbOYsyrZ--G_ji0D--3e5H3cS6kCGAxy0aLZn4U2r30tXcjLdrOUD7rnPA6RPkjqEGj7yw-P3hzYAl9s8dk1ognmy3LrJmEEQEkO1Xob8Pb2RVV5x-cP75dI_YDxw9j_wACqcPjB6RqZCKMQpg6yNxGR-8R6NAs6Wz1GD_um_AaMQunsEEpmkvMLmh5TnvMYxLpShcYWCp3n6kHnJw&amp;__tn__=-%5dK-R\">Horea Precup<\/a>\u00a0&#8211; Velocitas<\/p>\n<p><a href=\"https:\/\/www.facebook.com\/theodor.pridon?__cft__%5b0%5d=AZWtgSPM0_gNghf9HJvSZIlpy7O7rbOYsyrZ--G_ji0D--3e5H3cS6kCGAxy0aLZn4U2r30tXcjLdrOUD7rnPA6RPkjqEGj7yw-P3hzYAl9s8dk1ognmy3LrJmEEQEkO1Xob8Pb2RVV5x-cP75dI_YDxw9j_wACqcPjB6RqZCKMQpg6yNxGR-8R6NAs6Wz1GD_um_AaMQunsEEpmkvMLmh5TnvMYxLpShcYWCp3n6kHnJw&amp;__tn__=-%5dK-R\">Theodor Pridon<\/a>\u00a0&#8211;\u00a0<a href=\"https:\/\/www.facebook.com\/CSMunicipalMedias?__cft__%5b0%5d=AZWtgSPM0_gNghf9HJvSZIlpy7O7rbOYsyrZ--G_ji0D--3e5H3cS6kCGAxy0aLZn4U2r30tXcjLdrOUD7rnPA6RPkjqEGj7yw-P3hzYAl9s8dk1ognmy3LrJmEEQEkO1Xob8Pb2RVV5x-cP75dI_YDxw9j_wACqcPjB6RqZCKMQpg6yNxGR-8R6NAs6Wz1GD_um_AaMQunsEEpmkvMLmh5TnvMYxLpShcYWCp3n6kHnJw&amp;__tn__=-%5dK-R\">CSM Media\u0219<\/a><\/p>\n<p>Luca Bodareu &#8211; ACS Sport Guru<\/p>\n<p>Elite Feminin<\/p>\n<p><a href=\"https:\/\/www.facebook.com\/suzi.hilbert?__cft__%5b0%5d=AZWtgSPM0_gNghf9HJvSZIlpy7O7rbOYsyrZ--G_ji0D--3e5H3cS6kCGAxy0aLZn4U2r30tXcjLdrOUD7rnPA6RPkjqEGj7yw-P3hzYAl9s8dk1ognmy3LrJmEEQEkO1Xob8Pb2RVV5x-cP75dI_YDxw9j_wACqcPjB6RqZCKMQpg6yNxGR-8R6NAs6Wz1GD_um_AaMQunsEEpmkvMLmh5TnvMYxLpShcYWCp3n6kHnJw&amp;__tn__=-%5dK-R\">Suzi Hilbert<\/a>\u00a0&#8211;\u00a0<a href=\"https:\/\/www.facebook.com\/nomadmtb?__cft__%5b0%5d=AZWtgSPM0_gNghf9HJvSZIlpy7O7rbOYsyrZ--G_ji0D--3e5H3cS6kCGAxy0aLZn4U2r30tXcjLdrOUD7rnPA6RPkjqEGj7yw-P3hzYAl9s8dk1ognmy3LrJmEEQEkO1Xob8Pb2RVV5x-cP75dI_YDxw9j_wACqcPjB6RqZCKMQpg6yNxGR-8R6NAs6Wz1GD_um_AaMQunsEEpmkvMLmh5TnvMYxLpShcYWCp3n6kHnJw&amp;__tn__=-%5dK-R\">NoMad\u00a0Merida\u00a0CST<\/a><\/p>\n<p>Juniori Feminin<\/p>\n<p><a href=\"https:\/\/www.facebook.com\/profile.php?id=100070946505248&amp;__cft__%5b0%5d=AZWtgSPM0_gNghf9HJvSZIlpy7O7rbOYsyrZ--G_ji0D--3e5H3cS6kCGAxy0aLZn4U2r30tXcjLdrOUD7rnPA6RPkjqEGj7yw-P3hzYAl9s8dk1ognmy3LrJmEEQEkO1Xob8Pb2RVV5x-cP75dI_YDxw9j_wACqcPjB6RqZCKMQpg6yNxGR-8R6NAs6Wz1GD_um_AaMQunsEEpmkvMLmh5TnvMYxLpShcYWCp3n6kHnJw&amp;__tn__=-%5dK-R\">Wendy\u00a0Bunea<\/a>\u00a0&#8211;\u00a0<a href=\"https:\/\/www.facebook.com\/apedalforward?__cft__%5b0%5d=AZWtgSPM0_gNghf9HJvSZIlpy7O7rbOYsyrZ--G_ji0D--3e5H3cS6kCGAxy0aLZn4U2r30tXcjLdrOUD7rnPA6RPkjqEGj7yw-P3hzYAl9s8dk1ognmy3LrJmEEQEkO1Xob8Pb2RVV5x-cP75dI_YDxw9j_wACqcPjB6RqZCKMQpg6yNxGR-8R6NAs6Wz1GD_um_AaMQunsEEpmkvMLmh5TnvMYxLpShcYWCp3n6kHnJw&amp;__tn__=-%5dK-R\">APedalForward<\/a><\/p>\n<p>Ana\u00a0Balte\u0219 &#8211; Clubul Sportiv Universitar T\u00e2rgu Mure\u015f<\/p>\n<p><a href=\"https:\/\/www.facebook.com\/profile.php?id=100082891457037&amp;__cft__%5b0%5d=AZWtgSPM0_gNghf9HJvSZIlpy7O7rbOYsyrZ--G_ji0D--3e5H3cS6kCGAxy0aLZn4U2r30tXcjLdrOUD7rnPA6RPkjqEGj7yw-P3hzYAl9s8dk1ognmy3LrJmEEQEkO1Xob8Pb2RVV5x-cP75dI_YDxw9j_wACqcPjB6RqZCKMQpg6yNxGR-8R6NAs6Wz1GD_um_AaMQunsEEpmkvMLmh5TnvMYxLpShcYWCp3n6kHnJw&amp;__tn__=-%5dK-R\">Miruna M\u0103da<\/a>\u00a0&#8211; CSM Media\u0219<\/p>\n<p>STAFF:<\/p>\n<p>Paulo De\u00a0La\u00a0Fuente P\u00e9rez<\/p>\n<p><a href=\"https:\/\/www.facebook.com\/angel.angellitu?__cft__%5b0%5d=AZWtgSPM0_gNghf9HJvSZIlpy7O7rbOYsyrZ--G_ji0D--3e5H3cS6kCGAxy0aLZn4U2r30tXcjLdrOUD7rnPA6RPkjqEGj7yw-P3hzYAl9s8dk1ognmy3LrJmEEQEkO1Xob8Pb2RVV5x-cP75dI_YDxw9j_wACqcPjB6RqZCKMQpg6yNxGR-8R6NAs6Wz1GD_um_AaMQunsEEpmkvMLmh5TnvMYxLpShcYWCp3n6kHnJw&amp;__tn__=-%5dK-R\">Litu VZ<\/a><\/p>\n<p><a href=\"https:\/\/www.facebook.com\/cristiano.valoppi.9?__cft__%5b0%5d=AZWtgSPM0_gNghf9HJvSZIlpy7O7rbOYsyrZ--G_ji0D--3e5H3cS6kCGAxy0aLZn4U2r30tXcjLdrOUD7rnPA6RPkjqEGj7yw-P3hzYAl9s8dk1ognmy3LrJmEEQEkO1Xob8Pb2RVV5x-cP75dI_YDxw9j_wACqcPjB6RqZCKMQpg6yNxGR-8R6NAs6Wz1GD_um_AaMQunsEEpmkvMLmh5TnvMYxLpShcYWCp3n6kHnJw&amp;__tn__=-%5dK-R\">Cristiano Valoppi<\/a><\/p>\n<p><a href=\"https:\/\/www.facebook.com\/profile.php?id=100012712415345&amp;__cft__%5b0%5d=AZWtgSPM0_gNghf9HJvSZIlpy7O7rbOYsyrZ--G_ji0D--3e5H3cS6kCGAxy0aLZn4U2r30tXcjLdrOUD7rnPA6RPkjqEGj7yw-P3hzYAl9s8dk1ognmy3LrJmEEQEkO1Xob8Pb2RVV5x-cP75dI_YDxw9j_wACqcPjB6RqZCKMQpg6yNxGR-8R6NAs6Wz1GD_um_AaMQunsEEpmkvMLmh5TnvMYxLpShcYWCp3n6kHnJw&amp;__tn__=-%5dK-R\">Pavel B\u0103d\u0103r\u0103u<\/a><\/p>\n<p><a href=\"https:\/\/www.facebook.com\/vladdobren?__cft__%5b0%5d=AZWtgSPM0_gNghf9HJvSZIlpy7O7rbOYsyrZ--G_ji0D--3e5H3cS6kCGAxy0aLZn4U2r30tXcjLdrOUD7rnPA6RPkjqEGj7yw-P3hzYAl9s8dk1ognmy3LrJmEEQEkO1Xob8Pb2RVV5x-cP75dI_YDxw9j_wACqcPjB6RqZCKMQpg6yNxGR-8R6NAs6Wz1GD_um_AaMQunsEEpmkvMLmh5TnvMYxLpShcYWCp3n6kHnJw&amp;__tn__=-%5dK-R\">Vlad Dobre<\/a><\/p>\n<p>Sergiu\u00a0Pascu.<\/p>\n<p>Informa\u021bii\u00a0despre program,\u00a0loca\u021bie, traseu\u00a0plus\u00a0multe\u00a0fotografii\u00a0tare\u00a0faine le putem g\u0103si \u0219i pe:\u00a0<a href=\"https:\/\/www.facebook.com\/federatiadeciclism\">https:\/\/www.facebook.com\/federatiadeciclism<\/a>\u00a0\u0219i\u00a0<a href=\"https:\/\/www.facebook.com\/events\/447961950895780\">https:\/\/www.facebook.com\/events\/447961950895780<\/a>.<\/p>\n<p><em>Scris de: Vasi Cipcigan<\/em><\/p>\n","protected":false},"excerpt":{"rendered":"<p>Pe 08\u00a0mai\u00a0la\u00a0Cheile\u00a0Gr\u0103di\u0219tei\u00a0s-a\u00a0dat\u00a0startul la spectacoool.\u00a0\u00centr-un areal spectaculos \u00een perioada\u00a008-12 mai vom avea spectacol, vom avea\u00a0adrenalin\u0103, vom avea determinare, vom avea pasiune,&#8230;<\/p>\n","protected":false},"author":23,"featured_media":9970,"comment_status":"open","ping_status":"open","sticky":false,"template":"","format":"standard","meta":[],"categories":[1817],"tags":[4199,231,2406,880],"yoast_head":"<!-- This site is optimized with the Yoast SEO plugin v18.4.1 - https:\/\/yoast.com\/wordpress\/plugins\/seo\/ -->\n<title>Campionatul European de Mountain Bike - Outdoor Magazine<\/title>\n<meta name=\"description\" content=\"Pe 08\u00a0mai\u00a0la\u00a0Cheile\u00a0Gr\u0103di\u0219tei\u00a0s-a\u00a0dat\u00a0startul la spectacoool: Campionatul European de Mountain Bike.\" \/>\n<meta name=\"robots\" content=\"index, follow, max-snippet:-1, max-image-preview:large, max-video-preview:-1\" \/>\n<link rel=\"canonical\" href=\"https:\/\/ski-outdoor.ro\/outdoor\/2024\/05\/09\/campionatul-european-de-mountain-bike\/\" \/>\n<meta property=\"og:locale\" content=\"ro_RO\" \/>\n<meta property=\"og:type\" content=\"article\" \/>\n<meta property=\"og:title\" content=\"Campionatul European de Mountain Bike - Outdoor Magazine\" \/>\n<meta property=\"og:description\" content=\"Pe 08\u00a0mai\u00a0la\u00a0Cheile\u00a0Gr\u0103di\u0219tei\u00a0s-a\u00a0dat\u00a0startul la spectacoool: Campionatul European de Mountain Bike.\" \/>\n<meta property=\"og:url\" content=\"https:\/\/ski-outdoor.ro\/outdoor\/2024\/05\/09\/campionatul-european-de-mountain-bike\/\" \/>\n<meta property=\"og:site_name\" content=\"Outdoor Magazine\" \/>\n<meta property=\"article:publisher\" content=\"https:\/\/www.facebook.com\/skiandoutdoormagazine\" \/>\n<meta property=\"article:published_time\" content=\"2024-05-09T13:35:03+00:00\" \/>\n<meta property=\"article:modified_time\" content=\"2024-05-09T18:35:10+00:00\" \/>\n<meta property=\"og:image\" content=\"https:\/\/ski-outdoor.ro\/outdoor\/wp-content\/uploads\/sites\/4\/2024\/05\/MB-3.jpg\" \/>\n\t<meta property=\"og:image:width\" content=\"2000\" \/>\n\t<meta property=\"og:image:height\" content=\"1331\" \/>\n\t<meta property=\"og:image:type\" content=\"image\/jpeg\" \/>\n<meta name=\"twitter:card\" content=\"summary_large_image\" \/>\n<meta name=\"twitter:label1\" content=\"Scris de\" \/>\n\t<meta name=\"twitter:data1\" content=\"C\u0103lin Pop\" \/>\n\t<meta name=\"twitter:label2\" content=\"Timp estimat pentru citire\" \/>\n\t<meta name=\"twitter:data2\" content=\"4 minute\" \/>\n<script type=\"application\/ld+json\" class=\"yoast-schema-graph\">{\"@context\":\"https:\/\/schema.org\",\"@graph\":[{\"@type\":\"Organization\",\"@id\":\"https:\/\/ski-outdoor.ro\/outdoor\/#organization\",\"name\":\"Ski & Outdoor Magazine\",\"url\":\"https:\/\/ski-outdoor.ro\/outdoor\/\",\"sameAs\":[\"https:\/\/www.facebook.com\/skiandoutdoormagazine\"],\"logo\":{\"@type\":\"ImageObject\",\"@id\":\"https:\/\/ski-outdoor.ro\/outdoor\/#logo\",\"inLanguage\":\"ro-RO\",\"url\":\"https:\/\/ski-outdoor.ro\/outdoor\/wp-content\/uploads\/sites\/4\/2019\/05\/logo-e1557923623153.png\",\"contentUrl\":\"https:\/\/ski-outdoor.ro\/outdoor\/wp-content\/uploads\/sites\/4\/2019\/05\/logo-e1557923623153.png\",\"width\":600,\"height\":165,\"caption\":\"Ski & Outdoor Magazine\"},\"image\":{\"@id\":\"https:\/\/ski-outdoor.ro\/outdoor\/#logo\"}},{\"@type\":\"WebSite\",\"@id\":\"https:\/\/ski-outdoor.ro\/outdoor\/#website\",\"url\":\"https:\/\/ski-outdoor.ro\/outdoor\/\",\"name\":\"Outdoor Magazine\",\"description\":\"\",\"publisher\":{\"@id\":\"https:\/\/ski-outdoor.ro\/outdoor\/#organization\"},\"potentialAction\":[{\"@type\":\"SearchAction\",\"target\":{\"@type\":\"EntryPoint\",\"urlTemplate\":\"https:\/\/ski-outdoor.ro\/outdoor\/?s={search_term_string}\"},\"query-input\":\"required name=search_term_string\"}],\"inLanguage\":\"ro-RO\"},{\"@type\":\"ImageObject\",\"@id\":\"https:\/\/ski-outdoor.ro\/outdoor\/2024\/05\/09\/campionatul-european-de-mountain-bike\/#primaryimage\",\"inLanguage\":\"ro-RO\",\"url\":\"https:\/\/ski-outdoor.ro\/outdoor\/wp-content\/uploads\/sites\/4\/2024\/05\/MB-3.jpg\",\"contentUrl\":\"https:\/\/ski-outdoor.ro\/outdoor\/wp-content\/uploads\/sites\/4\/2024\/05\/MB-3.jpg\",\"width\":2000,\"height\":1331},{\"@type\":\"WebPage\",\"@id\":\"https:\/\/ski-outdoor.ro\/outdoor\/2024\/05\/09\/campionatul-european-de-mountain-bike\/#webpage\",\"url\":\"https:\/\/ski-outdoor.ro\/outdoor\/2024\/05\/09\/campionatul-european-de-mountain-bike\/\",\"name\":\"Campionatul European de Mountain Bike - Outdoor Magazine\",\"isPartOf\":{\"@id\":\"https:\/\/ski-outdoor.ro\/outdoor\/#website\"},\"primaryImageOfPage\":{\"@id\":\"https:\/\/ski-outdoor.ro\/outdoor\/2024\/05\/09\/campionatul-european-de-mountain-bike\/#primaryimage\"},\"datePublished\":\"2024-05-09T13:35:03+00:00\",\"dateModified\":\"2024-05-09T18:35:10+00:00\",\"description\":\"Pe 08\u00a0mai\u00a0la\u00a0Cheile\u00a0Gr\u0103di\u0219tei\u00a0s-a\u00a0dat\u00a0startul la spectacoool: Campionatul European de Mountain Bike.\",\"breadcrumb\":{\"@id\":\"https:\/\/ski-outdoor.ro\/outdoor\/2024\/05\/09\/campionatul-european-de-mountain-bike\/#breadcrumb\"},\"inLanguage\":\"ro-RO\",\"potentialAction\":[{\"@type\":\"ReadAction\",\"target\":[\"https:\/\/ski-outdoor.ro\/outdoor\/2024\/05\/09\/campionatul-european-de-mountain-bike\/\"]}]},{\"@type\":\"BreadcrumbList\",\"@id\":\"https:\/\/ski-outdoor.ro\/outdoor\/2024\/05\/09\/campionatul-european-de-mountain-bike\/#breadcrumb\",\"itemListElement\":[{\"@type\":\"ListItem\",\"position\":1,\"name\":\"Home\",\"item\":\"https:\/\/ski-outdoor.ro\/outdoor\/\"},{\"@type\":\"ListItem\",\"position\":2,\"name\":\"Campionatul European de Mountain Bike\"}]},{\"@type\":\"Article\",\"@id\":\"https:\/\/ski-outdoor.ro\/outdoor\/2024\/05\/09\/campionatul-european-de-mountain-bike\/#article\",\"isPartOf\":{\"@id\":\"https:\/\/ski-outdoor.ro\/outdoor\/2024\/05\/09\/campionatul-european-de-mountain-bike\/#webpage\"},\"author\":{\"@id\":\"https:\/\/ski-outdoor.ro\/outdoor\/#\/schema\/person\/3d8c2382a34197255067399194217080\"},\"headline\":\"Campionatul European de Mountain Bike\",\"datePublished\":\"2024-05-09T13:35:03+00:00\",\"dateModified\":\"2024-05-09T18:35:10+00:00\",\"mainEntityOfPage\":{\"@id\":\"https:\/\/ski-outdoor.ro\/outdoor\/2024\/05\/09\/campionatul-european-de-mountain-bike\/#webpage\"},\"wordCount\":877,\"commentCount\":0,\"publisher\":{\"@id\":\"https:\/\/ski-outdoor.ro\/outdoor\/#organization\"},\"image\":{\"@id\":\"https:\/\/ski-outdoor.ro\/outdoor\/2024\/05\/09\/campionatul-european-de-mountain-bike\/#primaryimage\"},\"thumbnailUrl\":\"https:\/\/ski-outdoor.ro\/outdoor\/wp-content\/uploads\/sites\/4\/2024\/05\/MB-3.jpg\",\"keywords\":[\"Campionatul European de Mountain Bike\",\"Cheile Gradistei\",\"Ede Molnar\",\"vlad dascalu\"],\"articleSection\":[\"Actualit\u0103\u021bi\"],\"inLanguage\":\"ro-RO\",\"potentialAction\":[{\"@type\":\"CommentAction\",\"name\":\"Comment\",\"target\":[\"https:\/\/ski-outdoor.ro\/outdoor\/2024\/05\/09\/campionatul-european-de-mountain-bike\/#respond\"]}]},{\"@type\":\"Person\",\"@id\":\"https:\/\/ski-outdoor.ro\/outdoor\/#\/schema\/person\/3d8c2382a34197255067399194217080\",\"name\":\"C\u0103lin Pop\",\"image\":{\"@type\":\"ImageObject\",\"@id\":\"https:\/\/ski-outdoor.ro\/outdoor\/#personlogo\",\"inLanguage\":\"ro-RO\",\"url\":\"https:\/\/secure.gravatar.com\/avatar\/44fa4e362161e127dec2a82f7585cbd5?s=96&d=mm&r=g\",\"contentUrl\":\"https:\/\/secure.gravatar.com\/avatar\/44fa4e362161e127dec2a82f7585cbd5?s=96&d=mm&r=g\",\"caption\":\"C\u0103lin Pop\"},\"url\":\"https:\/\/ski-outdoor.ro\/outdoor\/author\/calinpop\/\"}]}<\/script>\n<!-- \/ Yoast SEO plugin. -->","yoast_head_json":{"title":"Campionatul European de Mountain Bike - Outdoor Magazine","description":"Pe 08\u00a0mai\u00a0la\u00a0Cheile\u00a0Gr\u0103di\u0219tei\u00a0s-a\u00a0dat\u00a0startul la spectacoool: Campionatul European de Mountain Bike.","robots":{"index":"index","follow":"follow","max-snippet":"max-snippet:-1","max-image-preview":"max-image-preview:large","max-video-preview":"max-video-preview:-1"},"canonical":"https:\/\/ski-outdoor.ro\/outdoor\/2024\/05\/09\/campionatul-european-de-mountain-bike\/","og_locale":"ro_RO","og_type":"article","og_title":"Campionatul European de Mountain Bike - Outdoor Magazine","og_description":"Pe 08\u00a0mai\u00a0la\u00a0Cheile\u00a0Gr\u0103di\u0219tei\u00a0s-a\u00a0dat\u00a0startul la spectacoool: Campionatul European de Mountain Bike.","og_url":"https:\/\/ski-outdoor.ro\/outdoor\/2024\/05\/09\/campionatul-european-de-mountain-bike\/","og_site_name":"Outdoor Magazine","article_publisher":"https:\/\/www.facebook.com\/skiandoutdoormagazine","article_published_time":"2024-05-09T13:35:03+00:00","article_modified_time":"2024-05-09T18:35:10+00:00","og_image":[{"width":2000,"height":1331,"url":"https:\/\/ski-outdoor.ro\/outdoor\/wp-content\/uploads\/sites\/4\/2024\/05\/MB-3.jpg","type":"image\/jpeg"}],"twitter_card":"summary_large_image","twitter_misc":{"Scris de":"C\u0103lin Pop","Timp estimat pentru citire":"4 minute"},"schema":{"@context":"https:\/\/schema.org","@graph":[{"@type":"Organization","@id":"https:\/\/ski-outdoor.ro\/outdoor\/#organization","name":"Ski & Outdoor Magazine","url":"https:\/\/ski-outdoor.ro\/outdoor\/","sameAs":["https:\/\/www.facebook.com\/skiandoutdoormagazine"],"logo":{"@type":"ImageObject","@id":"https:\/\/ski-outdoor.ro\/outdoor\/#logo","inLanguage":"ro-RO","url":"https:\/\/ski-outdoor.ro\/outdoor\/wp-content\/uploads\/sites\/4\/2019\/05\/logo-e1557923623153.png","contentUrl":"https:\/\/ski-outdoor.ro\/outdoor\/wp-content\/uploads\/sites\/4\/2019\/05\/logo-e1557923623153.png","width":600,"height":165,"caption":"Ski & Outdoor Magazine"},"image":{"@id":"https:\/\/ski-outdoor.ro\/outdoor\/#logo"}},{"@type":"WebSite","@id":"https:\/\/ski-outdoor.ro\/outdoor\/#website","url":"https:\/\/ski-outdoor.ro\/outdoor\/","name":"Outdoor Magazine","description":"","publisher":{"@id":"https:\/\/ski-outdoor.ro\/outdoor\/#organization"},"potentialAction":[{"@type":"SearchAction","target":{"@type":"EntryPoint","urlTemplate":"https:\/\/ski-outdoor.ro\/outdoor\/?s={search_term_string}"},"query-input":"required name=search_term_string"}],"inLanguage":"ro-RO"},{"@type":"ImageObject","@id":"https:\/\/ski-outdoor.ro\/outdoor\/2024\/05\/09\/campionatul-european-de-mountain-bike\/#primaryimage","inLanguage":"ro-RO","url":"https:\/\/ski-outdoor.ro\/outdoor\/wp-content\/uploads\/sites\/4\/2024\/05\/MB-3.jpg","contentUrl":"https:\/\/ski-outdoor.ro\/outdoor\/wp-content\/uploads\/sites\/4\/2024\/05\/MB-3.jpg","width":2000,"height":1331},{"@type":"WebPage","@id":"https:\/\/ski-outdoor.ro\/outdoor\/2024\/05\/09\/campionatul-european-de-mountain-bike\/#webpage","url":"https:\/\/ski-outdoor.ro\/outdoor\/2024\/05\/09\/campionatul-european-de-mountain-bike\/","name":"Campionatul European de Mountain Bike - Outdoor Magazine","isPartOf":{"@id":"https:\/\/ski-outdoor.ro\/outdoor\/#website"},"primaryImageOfPage":{"@id":"https:\/\/ski-outdoor.ro\/outdoor\/2024\/05\/09\/campionatul-european-de-mountain-bike\/#primaryimage"},"datePublished":"2024-05-09T13:35:03+00:00","dateModified":"2024-05-09T18:35:10+00:00","description":"Pe 08\u00a0mai\u00a0la\u00a0Cheile\u00a0Gr\u0103di\u0219tei\u00a0s-a\u00a0dat\u00a0startul la spectacoool: Campionatul European de Mountain Bike.","breadcrumb":{"@id":"https:\/\/ski-outdoor.ro\/outdoor\/2024\/05\/09\/campionatul-european-de-mountain-bike\/#breadcrumb"},"inLanguage":"ro-RO","potentialAction":[{"@type":"ReadAction","target":["https:\/\/ski-outdoor.ro\/outdoor\/2024\/05\/09\/campionatul-european-de-mountain-bike\/"]}]},{"@type":"BreadcrumbList","@id":"https:\/\/ski-outdoor.ro\/outdoor\/2024\/05\/09\/campionatul-european-de-mountain-bike\/#breadcrumb","itemListElement":[{"@type":"ListItem","position":1,"name":"Home","item":"https:\/\/ski-outdoor.ro\/outdoor\/"},{"@type":"ListItem","position":2,"name":"Campionatul European de Mountain Bike"}]},{"@type":"Article","@id":"https:\/\/ski-outdoor.ro\/outdoor\/2024\/05\/09\/campionatul-european-de-mountain-bike\/#article","isPartOf":{"@id":"https:\/\/ski-outdoor.ro\/outdoor\/2024\/05\/09\/campionatul-european-de-mountain-bike\/#webpage"},"author":{"@id":"https:\/\/ski-outdoor.ro\/outdoor\/#\/schema\/person\/3d8c2382a34197255067399194217080"},"headline":"Campionatul European de Mountain Bike","datePublished":"2024-05-09T13:35:03+00:00","dateModified":"2024-05-09T18:35:10+00:00","mainEntityOfPage":{"@id":"https:\/\/ski-outdoor.ro\/outdoor\/2024\/05\/09\/campionatul-european-de-mountain-bike\/#webpage"},"wordCount":877,"commentCount":0,"publisher":{"@id":"https:\/\/ski-outdoor.ro\/outdoor\/#organization"},"image":{"@id":"https:\/\/ski-outdoor.ro\/outdoor\/2024\/05\/09\/campionatul-european-de-mountain-bike\/#primaryimage"},"thumbnailUrl":"https:\/\/ski-outdoor.ro\/outdoor\/wp-content\/uploads\/sites\/4\/2024\/05\/MB-3.jpg","keywords":["Campionatul European de Mountain Bike","Cheile Gradistei","Ede Molnar","vlad dascalu"],"articleSection":["Actualit\u0103\u021bi"],"inLanguage":"ro-RO","potentialAction":[{"@type":"CommentAction","name":"Comment","target":["https:\/\/ski-outdoor.ro\/outdoor\/2024\/05\/09\/campionatul-european-de-mountain-bike\/#respond"]}]},{"@type":"Person","@id":"https:\/\/ski-outdoor.ro\/outdoor\/#\/schema\/person\/3d8c2382a34197255067399194217080","name":"C\u0103lin Pop","image":{"@type":"ImageObject","@id":"https:\/\/ski-outdoor.ro\/outdoor\/#personlogo","inLanguage":"ro-RO","url":"https:\/\/secure.gravatar.com\/avatar\/44fa4e362161e127dec2a82f7585cbd5?s=96&d=mm&r=g","contentUrl":"https:\/\/secure.gravatar.com\/avatar\/44fa4e362161e127dec2a82f7585cbd5?s=96&d=mm&r=g","caption":"C\u0103lin Pop"},"url":"https:\/\/ski-outdoor.ro\/outdoor\/author\/calinpop\/"}]}},"_links":{"self":[{"href":"https:\/\/ski-outdoor.ro\/outdoor\/wp-json\/wp\/v2\/posts\/9967"}],"collection":[{"href":"https:\/\/ski-outdoor.ro\/outdoor\/wp-json\/wp\/v2\/posts"}],"about":[{"href":"https:\/\/ski-outdoor.ro\/outdoor\/wp-json\/wp\/v2\/types\/post"}],"author":[{"embeddable":true,"href":"https:\/\/ski-outdoor.ro\/outdoor\/wp-json\/wp\/v2\/users\/23"}],"replies":[{"embeddable":true,"href":"https:\/\/ski-outdoor.ro\/outdoor\/wp-json\/wp\/v2\/comments?post=9967"}],"version-history":[{"count":5,"href":"https:\/\/ski-outdoor.ro\/outdoor\/wp-json\/wp\/v2\/posts\/9967\/revisions"}],"predecessor-version":[{"id":9977,"href":"https:\/\/ski-outdoor.ro\/outdoor\/wp-json\/wp\/v2\/posts\/9967\/revisions\/9977"}],"wp:featuredmedia":[{"embeddable":true,"href":"https:\/\/ski-outdoor.ro\/outdoor\/wp-json\/wp\/v2\/media\/9970"}],"wp:attachment":[{"href":"https:\/\/ski-outdoor.ro\/outdoor\/wp-json\/wp\/v2\/media?parent=9967"}],"wp:term":[{"taxonomy":"category","embeddable":true,"href":"https:\/\/ski-outdoor.ro\/outdoor\/wp-json\/wp\/v2\/categories?post=9967"},{"taxonomy":"post_tag","embeddable":true,"href":"https:\/\/ski-outdoor.ro\/outdoor\/wp-json\/wp\/v2\/tags?post=9967"}],"curies":[{"name":"wp","href":"https:\/\/api.w.org\/{rel}","templated":true}]}}