{"id":9984,"date":"2024-05-11T08:25:41","date_gmt":"2024-05-11T08:25:41","guid":{"rendered":"https:\/\/ski-outdoor.ro\/outdoor\/?p=9984"},"modified":"2024-05-11T08:25:41","modified_gmt":"2024-05-11T08:25:41","slug":"campionatul-european-de-mountain-bike-ziua-2","status":"publish","type":"post","link":"https:\/\/ski-outdoor.ro\/outdoor\/2024\/05\/11\/campionatul-european-de-mountain-bike-ziua-2\/","title":{"rendered":"Campionatul European de Mountain Bike &#8211; Ziua 2"},"content":{"rendered":"<p>9 mai a fost ziua cu primele medalii. La Cheile Gr\u0103di\u0219tei spectacolul a fost total. Chiar dac\u0103 am avut parte de o vreme rece, cu ploaie \u0219i cea\u021b\u0103, sportivii \u0219i publicul au dus pulsul la intensitate maxim\u0103.<\/p>\n<p><img loading=\"lazy\" class=\"alignnone size-medium wp-image-9982\" src=\"https:\/\/ski-outdoor.ro\/outdoor\/wp-content\/uploads\/sites\/4\/2024\/05\/Proba-feminin-junioare-300x200.jpg\" alt=\"\" width=\"300\" height=\"200\" srcset=\"https:\/\/ski-outdoor.ro\/outdoor\/wp-content\/uploads\/sites\/4\/2024\/05\/Proba-feminin-junioare-300x200.jpg 300w, https:\/\/ski-outdoor.ro\/outdoor\/wp-content\/uploads\/sites\/4\/2024\/05\/Proba-feminin-junioare-1024x681.jpg 1024w, https:\/\/ski-outdoor.ro\/outdoor\/wp-content\/uploads\/sites\/4\/2024\/05\/Proba-feminin-junioare-768x511.jpg 768w, https:\/\/ski-outdoor.ro\/outdoor\/wp-content\/uploads\/sites\/4\/2024\/05\/Proba-feminin-junioare-1536x1022.jpg 1536w, https:\/\/ski-outdoor.ro\/outdoor\/wp-content\/uploads\/sites\/4\/2024\/05\/Proba-feminin-junioare-370x246.jpg 370w, https:\/\/ski-outdoor.ro\/outdoor\/wp-content\/uploads\/sites\/4\/2024\/05\/Proba-feminin-junioare-270x180.jpg 270w, https:\/\/ski-outdoor.ro\/outdoor\/wp-content\/uploads\/sites\/4\/2024\/05\/Proba-feminin-junioare-570x379.jpg 570w, https:\/\/ski-outdoor.ro\/outdoor\/wp-content\/uploads\/sites\/4\/2024\/05\/Proba-feminin-junioare-770x512.jpg 770w, https:\/\/ski-outdoor.ro\/outdoor\/wp-content\/uploads\/sites\/4\/2024\/05\/Proba-feminin-junioare-1170x779.jpg 1170w, https:\/\/ski-outdoor.ro\/outdoor\/wp-content\/uploads\/sites\/4\/2024\/05\/Proba-feminin-junioare-872x580.jpg 872w, https:\/\/ski-outdoor.ro\/outdoor\/wp-content\/uploads\/sites\/4\/2024\/05\/Proba-feminin-junioare.jpg 2000w\" sizes=\"(max-width: 300px) 100vw, 300px\" \/><\/p>\n<p><img loading=\"lazy\" class=\"alignnone size-medium wp-image-9983\" src=\"https:\/\/ski-outdoor.ro\/outdoor\/wp-content\/uploads\/sites\/4\/2024\/05\/rock-garden-in-proba-de-Elite-feminin-300x200.jpg\" alt=\"\" width=\"300\" height=\"200\" srcset=\"https:\/\/ski-outdoor.ro\/outdoor\/wp-content\/uploads\/sites\/4\/2024\/05\/rock-garden-in-proba-de-Elite-feminin-300x200.jpg 300w, https:\/\/ski-outdoor.ro\/outdoor\/wp-content\/uploads\/sites\/4\/2024\/05\/rock-garden-in-proba-de-Elite-feminin-1024x684.jpg 1024w, https:\/\/ski-outdoor.ro\/outdoor\/wp-content\/uploads\/sites\/4\/2024\/05\/rock-garden-in-proba-de-Elite-feminin-768x513.jpg 768w, https:\/\/ski-outdoor.ro\/outdoor\/wp-content\/uploads\/sites\/4\/2024\/05\/rock-garden-in-proba-de-Elite-feminin-1536x1025.jpg 1536w, https:\/\/ski-outdoor.ro\/outdoor\/wp-content\/uploads\/sites\/4\/2024\/05\/rock-garden-in-proba-de-Elite-feminin-370x247.jpg 370w, https:\/\/ski-outdoor.ro\/outdoor\/wp-content\/uploads\/sites\/4\/2024\/05\/rock-garden-in-proba-de-Elite-feminin-270x180.jpg 270w, https:\/\/ski-outdoor.ro\/outdoor\/wp-content\/uploads\/sites\/4\/2024\/05\/rock-garden-in-proba-de-Elite-feminin-570x380.jpg 570w, https:\/\/ski-outdoor.ro\/outdoor\/wp-content\/uploads\/sites\/4\/2024\/05\/rock-garden-in-proba-de-Elite-feminin-770x514.jpg 770w, https:\/\/ski-outdoor.ro\/outdoor\/wp-content\/uploads\/sites\/4\/2024\/05\/rock-garden-in-proba-de-Elite-feminin-1170x781.jpg 1170w, https:\/\/ski-outdoor.ro\/outdoor\/wp-content\/uploads\/sites\/4\/2024\/05\/rock-garden-in-proba-de-Elite-feminin-869x580.jpg 869w, https:\/\/ski-outdoor.ro\/outdoor\/wp-content\/uploads\/sites\/4\/2024\/05\/rock-garden-in-proba-de-Elite-feminin.jpg 2000w\" sizes=\"(max-width: 300px) 100vw, 300px\" \/><\/p>\n<p>S-au disputat primele tiluri de campioni europeni, la disciplina Short Track XCC.La categoria ELITE, surprizele nu au fost foarte mari \u2013 favorita din cursa fetelor, franceza Pauline Prevot, a ajuns la fini\u0219 cu 11 secunde \u00eenainte de singura ciclist\u0103 cu \u0219anse s\u0103-i conteste suprema\u021bia, olandeza Puck Pieterse, iar danezul Simon Andreassen a c\u00e2\u0219tigat confortabil, cu 38 de secunde, \u00een fa\u021ba germanului Julian Schelb.<\/p>\n<p><img loading=\"lazy\" class=\"alignnone size-medium wp-image-9979\" src=\"https:\/\/ski-outdoor.ro\/outdoor\/wp-content\/uploads\/sites\/4\/2024\/05\/FERRAND-PREVOT-Pauline-castigatoarea-Elite-feminin-300x200.jpg\" alt=\"\" width=\"300\" height=\"200\" srcset=\"https:\/\/ski-outdoor.ro\/outdoor\/wp-content\/uploads\/sites\/4\/2024\/05\/FERRAND-PREVOT-Pauline-castigatoarea-Elite-feminin-300x200.jpg 300w, https:\/\/ski-outdoor.ro\/outdoor\/wp-content\/uploads\/sites\/4\/2024\/05\/FERRAND-PREVOT-Pauline-castigatoarea-Elite-feminin-1024x684.jpg 1024w, https:\/\/ski-outdoor.ro\/outdoor\/wp-content\/uploads\/sites\/4\/2024\/05\/FERRAND-PREVOT-Pauline-castigatoarea-Elite-feminin-768x513.jpg 768w, https:\/\/ski-outdoor.ro\/outdoor\/wp-content\/uploads\/sites\/4\/2024\/05\/FERRAND-PREVOT-Pauline-castigatoarea-Elite-feminin-1536x1025.jpg 1536w, https:\/\/ski-outdoor.ro\/outdoor\/wp-content\/uploads\/sites\/4\/2024\/05\/FERRAND-PREVOT-Pauline-castigatoarea-Elite-feminin-370x247.jpg 370w, https:\/\/ski-outdoor.ro\/outdoor\/wp-content\/uploads\/sites\/4\/2024\/05\/FERRAND-PREVOT-Pauline-castigatoarea-Elite-feminin-270x180.jpg 270w, https:\/\/ski-outdoor.ro\/outdoor\/wp-content\/uploads\/sites\/4\/2024\/05\/FERRAND-PREVOT-Pauline-castigatoarea-Elite-feminin-570x380.jpg 570w, https:\/\/ski-outdoor.ro\/outdoor\/wp-content\/uploads\/sites\/4\/2024\/05\/FERRAND-PREVOT-Pauline-castigatoarea-Elite-feminin-770x514.jpg 770w, https:\/\/ski-outdoor.ro\/outdoor\/wp-content\/uploads\/sites\/4\/2024\/05\/FERRAND-PREVOT-Pauline-castigatoarea-Elite-feminin-1170x781.jpg 1170w, https:\/\/ski-outdoor.ro\/outdoor\/wp-content\/uploads\/sites\/4\/2024\/05\/FERRAND-PREVOT-Pauline-castigatoarea-Elite-feminin-869x580.jpg 869w, https:\/\/ski-outdoor.ro\/outdoor\/wp-content\/uploads\/sites\/4\/2024\/05\/FERRAND-PREVOT-Pauline-castigatoarea-Elite-feminin.jpg 1994w\" sizes=\"(max-width: 300px) 100vw, 300px\" \/><\/p>\n<p><img loading=\"lazy\" class=\"alignnone size-medium wp-image-9981\" src=\"https:\/\/ski-outdoor.ro\/outdoor\/wp-content\/uploads\/sites\/4\/2024\/05\/podium-Elite-Masculin-300x200.jpg\" alt=\"\" width=\"300\" height=\"200\" srcset=\"https:\/\/ski-outdoor.ro\/outdoor\/wp-content\/uploads\/sites\/4\/2024\/05\/podium-Elite-Masculin-300x200.jpg 300w, https:\/\/ski-outdoor.ro\/outdoor\/wp-content\/uploads\/sites\/4\/2024\/05\/podium-Elite-Masculin-1024x684.jpg 1024w, https:\/\/ski-outdoor.ro\/outdoor\/wp-content\/uploads\/sites\/4\/2024\/05\/podium-Elite-Masculin-768x513.jpg 768w, https:\/\/ski-outdoor.ro\/outdoor\/wp-content\/uploads\/sites\/4\/2024\/05\/podium-Elite-Masculin-1536x1025.jpg 1536w, https:\/\/ski-outdoor.ro\/outdoor\/wp-content\/uploads\/sites\/4\/2024\/05\/podium-Elite-Masculin-370x247.jpg 370w, https:\/\/ski-outdoor.ro\/outdoor\/wp-content\/uploads\/sites\/4\/2024\/05\/podium-Elite-Masculin-270x180.jpg 270w, https:\/\/ski-outdoor.ro\/outdoor\/wp-content\/uploads\/sites\/4\/2024\/05\/podium-Elite-Masculin-570x380.jpg 570w, https:\/\/ski-outdoor.ro\/outdoor\/wp-content\/uploads\/sites\/4\/2024\/05\/podium-Elite-Masculin-770x514.jpg 770w, https:\/\/ski-outdoor.ro\/outdoor\/wp-content\/uploads\/sites\/4\/2024\/05\/podium-Elite-Masculin-1170x781.jpg 1170w, https:\/\/ski-outdoor.ro\/outdoor\/wp-content\/uploads\/sites\/4\/2024\/05\/podium-Elite-Masculin-869x580.jpg 869w, https:\/\/ski-outdoor.ro\/outdoor\/wp-content\/uploads\/sites\/4\/2024\/05\/podium-Elite-Masculin.jpg 2000w\" sizes=\"(max-width: 300px) 100vw, 300px\" \/><\/p>\n<p>\u00centre rom\u00e2nii care au concurat vineri, cea mai bine plasat\u0103 a fost junioarea Iana Balte\u0219, care a terminat pe locul 23, cu un gap de 02:54 fa\u021b\u0103 de c\u00e2\u0219tig\u0103toarea Maru\u0161a Tereza \u0160erkezi, din Slovenia.<br \/>\nCel mai bine clasat sportiv rom\u00e2n, din aceast\u0103 zi, a fost Iana Balte\u0219, locul 23.<\/p>\n<p><img loading=\"lazy\" class=\"alignnone size-medium wp-image-9980\" src=\"https:\/\/ski-outdoor.ro\/outdoor\/wp-content\/uploads\/sites\/4\/2024\/05\/Iana-Baltes-cel-mai-bine-clasat-sportiv-roman-al-zilei-locul-23-in-proba-Junioarelor-1-300x200.jpg\" alt=\"\" width=\"300\" height=\"200\" srcset=\"https:\/\/ski-outdoor.ro\/outdoor\/wp-content\/uploads\/sites\/4\/2024\/05\/Iana-Baltes-cel-mai-bine-clasat-sportiv-roman-al-zilei-locul-23-in-proba-Junioarelor-1-300x200.jpg 300w, https:\/\/ski-outdoor.ro\/outdoor\/wp-content\/uploads\/sites\/4\/2024\/05\/Iana-Baltes-cel-mai-bine-clasat-sportiv-roman-al-zilei-locul-23-in-proba-Junioarelor-1-1024x684.jpg 1024w, https:\/\/ski-outdoor.ro\/outdoor\/wp-content\/uploads\/sites\/4\/2024\/05\/Iana-Baltes-cel-mai-bine-clasat-sportiv-roman-al-zilei-locul-23-in-proba-Junioarelor-1-768x513.jpg 768w, https:\/\/ski-outdoor.ro\/outdoor\/wp-content\/uploads\/sites\/4\/2024\/05\/Iana-Baltes-cel-mai-bine-clasat-sportiv-roman-al-zilei-locul-23-in-proba-Junioarelor-1-1536x1025.jpg 1536w, https:\/\/ski-outdoor.ro\/outdoor\/wp-content\/uploads\/sites\/4\/2024\/05\/Iana-Baltes-cel-mai-bine-clasat-sportiv-roman-al-zilei-locul-23-in-proba-Junioarelor-1-370x247.jpg 370w, https:\/\/ski-outdoor.ro\/outdoor\/wp-content\/uploads\/sites\/4\/2024\/05\/Iana-Baltes-cel-mai-bine-clasat-sportiv-roman-al-zilei-locul-23-in-proba-Junioarelor-1-270x180.jpg 270w, https:\/\/ski-outdoor.ro\/outdoor\/wp-content\/uploads\/sites\/4\/2024\/05\/Iana-Baltes-cel-mai-bine-clasat-sportiv-roman-al-zilei-locul-23-in-proba-Junioarelor-1-570x380.jpg 570w, https:\/\/ski-outdoor.ro\/outdoor\/wp-content\/uploads\/sites\/4\/2024\/05\/Iana-Baltes-cel-mai-bine-clasat-sportiv-roman-al-zilei-locul-23-in-proba-Junioarelor-1-770x514.jpg 770w, https:\/\/ski-outdoor.ro\/outdoor\/wp-content\/uploads\/sites\/4\/2024\/05\/Iana-Baltes-cel-mai-bine-clasat-sportiv-roman-al-zilei-locul-23-in-proba-Junioarelor-1-1170x781.jpg 1170w, https:\/\/ski-outdoor.ro\/outdoor\/wp-content\/uploads\/sites\/4\/2024\/05\/Iana-Baltes-cel-mai-bine-clasat-sportiv-roman-al-zilei-locul-23-in-proba-Junioarelor-1-869x580.jpg 869w, https:\/\/ski-outdoor.ro\/outdoor\/wp-content\/uploads\/sites\/4\/2024\/05\/Iana-Baltes-cel-mai-bine-clasat-sportiv-roman-al-zilei-locul-23-in-proba-Junioarelor-1.jpg 2000w\" sizes=\"(max-width: 300px) 100vw, 300px\" \/><br \/>\nLa final, rezultatele zilei cu num\u0103rul 2 al acestui eveniment memorabil, organizat cu sprijinul Agen\u021biei Na\u021bionale pentru Sport, al Comitetul Olimpic \u0219i Sportiv Rom\u00e2n, al Auchan Rom\u00e2nia \u0219i al Domeniului Cheile Gr\u0103di\u0219tei \u0219i cofinan\u021bat de Consiliul Jude\u021bean Bra\u0219ov, au ar\u0103tat dup\u0103 cum urmeaz\u0103:<\/p>\n<p>UEC MTB \u2013 JUNIOARE, Short Track XCC<br \/>\n1 \u0160ERKEZI Maru\u0161a Tereza, SLOVENIA, 00:21:44<br \/>\n2 LIEHNER Lara, ELVE\u021aIA, 00:22:08<br \/>\n3 BRUCHNER Regina, UNGARIA, 00:22:24<\/p>\n<p>UEC MTB \u2013 JUNIORI, Short Track XCC<br \/>\n1 SOMMER Sven, ELVE\u021aIA, 00:22:33<br \/>\n2 ALDER Micha, ELVE\u021aIA, 00:22:34<br \/>\n3 LAFORCE Aksel, NORVEGIA, 00:22:35<\/p>\n<p>UEC MTB \u2013 ELITE+U23 FEMININ, Short track XCC<br \/>\n1 FERRAND PREVOT Pauline, FRAN\u021aA, 00:24:49<br \/>\n2 PIETERSE Puck, \u021a\u0102RILE DE JOS, 00:25:00<br \/>\n3 KOLLER Nicole, ELVE\u021aIA, 00:25:31<\/p>\n<p>UEC MTB &#8211; U23 FEMEI, Short track XCC F<br \/>\n1 B\u00d6HM Kira, GERMANIA, 00:25:48<br \/>\n2 MACLEAN-HOWELL Ella, MAREA BRITANIE, 00:26:02<br \/>\n3 HAHN Carla, GERMANIA, 00:26:27<\/p>\n<p>UEC MTB \u2013 ELITE+U23 MASCULIN, Short Track XCC<br \/>\n1 ANDREASSEN Simon, DANEMARCA, 00:23:47<br \/>\n2 SCHELB Julian, GERMANIA, 00:24:25<br \/>\n3 BRAIDOT Luca, ITALIA, 00:24:25<\/p>\n<p>UEC MTB &#8211; U23 MASCULIN, Short Track XCC<br \/>\n1 BLACKMORE Peter Joseph, MAREA BRITANIE, 00:24:45<br \/>\n2 LILLO Dario, ELVE\u021aIA, 00:24:53<br \/>\n3 HUDYMA Oleksandr, UCRAINA, 00:24:56<\/p>\n<p>Mul\u021bumim tare mult Biroului de Pres\u0103, fotografilor Traian Olinici \u0219i Tibi Hila \u0219i as dori sa \u00eenchei cu un mic text \u2013 ghid, pus la dispozi\u021bie de c\u0103tre organizatori:<\/p>\n<p>CUM AJUNG?<br \/>\nCu bicicleta. Ce este mai frumos la o competi\u021bie ciclist\u0103 dec\u00e2t s\u0103 vezi pe marginea traseului pasiona\u021bi care au venit la eveniment cu bicicleta?! Urcarea spre Cheile Gr\u0103di\u0219tei este foarte frumoas\u0103, se face \u00een \u00eentregime pe asfalt, a\u0219a c\u0103 pute\u021bi veni at\u00e2t cu MTB, c\u00e2t \u0219i cu biciclet\u0103 de \u0219osea.<br \/>\nCu autobuz. \u00centre Bra\u0219ov \u0219i Moeciu sunt curse regulate de autobuz, dup\u0103 programul pe care \u00eel g\u0103si\u021bi aici: https:\/\/www.autogari.ro\/Transport\/Brasov-MoeciudeJos.<br \/>\nDrumul dureaz\u0103 aproximativ 45 de minute, dar s\u0103 \u021bine\u021bi cont c\u0103 din Moeciu p\u00e2n\u0103 la Fundata mai sunt 7-8 km, pe care pute\u021bi s\u0103-i face\u021bi pe jos sau cu taxi (rela\u021bii la 0756258597).<br \/>\nCu ma\u0219ina. Dac\u0103 alege\u021bi s\u0103 urca\u021bi la Cheile Gr\u0103di\u0219tei cu ma\u0219ina, trebuie s\u0103 \u0219ti\u021bi c\u0103 ve\u021bi pl\u0103ti taxa clasic\u0103 de acces \u00een complex, de 20 de lei pentru \u00eentreaga zi, a\u0219a c\u0103 v\u0103 recomand\u0103m s\u0103 veni\u021bi \u00een forma\u021bie complet\u0103 de 5, s\u0103 fie mai profitabil \u0219i pentru voi \u0219i pentru economia parc\u0103rilor din complex. La Fundata sunt 1150 de locuri de parcare, iar \u00een cazul \u00een care acestea se vor ocupa, va fi activat\u0103 o parcare de 300 de locuri \u00eentre Cheile Gr\u0103di\u0219tei Moeciu \u0219i Cheile Gr\u0103di\u0219tei Fundata \u0219i un microbuz va transborda pasagerii.<br \/>\nCE M\u0102N\u00c2NC? La Cheile Gr\u0103di\u0219tei ave\u021bi la dispozi\u021bie trei restaurante \u2013 unul la Moeciu \u0219i dou\u0103 la Fundata. Restaurantul a la carte din Fundata va avea disponibilitate, cel mai probabil, doar la teras\u0103 (150 de locuri), dar cel de-al doilea restaurant, care va fi cu autoservire, dispune de 400 de locuri, inclusiv la teras\u0103. Gazdele de la Cheile Gr\u0103di\u0219tei vor organiza o zon\u0103 de food-court cu minuturi l\u00e2ng\u0103 zona de start-fini\u0219, iar Auchan va activa c\u00e2teva sta\u021bii de unde se vor putea cump\u0103ra ron\u021b\u0103ieli.<br \/>\nUNDE STAU? Din p\u0103cate la Cheile Gr\u0103di\u0219tei nu mai sunt locuri de cazare, dar \u00een zon\u0103 sunt multe pensiuni \u0219i hoteluri care v\u0103 pot acomoda. Cei care doresc s\u0103 combine ciclismul cu turismul, pot opta pentru caz\u0103ri \u00een Bran, R\u00e2\u0219nov sau chiar Bra\u0219ov.<\/p>\n<p>Vasile Cipcigan<\/p>\n","protected":false},"excerpt":{"rendered":"<p>9 mai a fost ziua cu primele medalii. La Cheile Gr\u0103di\u0219tei spectacolul a fost total. Chiar dac\u0103 am avut parte&#8230;<\/p>\n","protected":false},"author":17,"featured_media":9978,"comment_status":"open","ping_status":"open","sticky":false,"template":"","format":"standard","meta":[],"categories":[39],"tags":[4199,231,4203,4200,4201,4202],"yoast_head":"<!-- This site is optimized with the Yoast SEO plugin v18.4.1 - https:\/\/yoast.com\/wordpress\/plugins\/seo\/ -->\n<title>Campionatul European de Mountain Bike - Ziua 2 - Outdoor Magazine<\/title>\n<meta name=\"description\" content=\"Campionatul European de Mountain Bike Cheile Gradistei Ziua 2, 9 mai, S-au disputat primele tiluri de campioni europeni, la disciplina Short Track XCC.\" \/>\n<meta name=\"robots\" content=\"index, follow, max-snippet:-1, max-image-preview:large, max-video-preview:-1\" \/>\n<link rel=\"canonical\" href=\"https:\/\/ski-outdoor.ro\/outdoor\/2024\/05\/11\/campionatul-european-de-mountain-bike-ziua-2\/\" \/>\n<meta property=\"og:locale\" content=\"ro_RO\" \/>\n<meta property=\"og:type\" content=\"article\" \/>\n<meta property=\"og:title\" content=\"Campionatul European de Mountain Bike - Ziua 2 - Outdoor Magazine\" \/>\n<meta property=\"og:description\" content=\"Campionatul European de Mountain Bike Cheile Gradistei Ziua 2, 9 mai, S-au disputat primele tiluri de campioni europeni, la disciplina Short Track XCC.\" \/>\n<meta property=\"og:url\" content=\"https:\/\/ski-outdoor.ro\/outdoor\/2024\/05\/11\/campionatul-european-de-mountain-bike-ziua-2\/\" \/>\n<meta property=\"og:site_name\" content=\"Outdoor Magazine\" \/>\n<meta property=\"article:publisher\" content=\"https:\/\/www.facebook.com\/skiandoutdoormagazine\" \/>\n<meta property=\"article:published_time\" content=\"2024-05-11T08:25:41+00:00\" \/>\n<meta property=\"og:image\" content=\"https:\/\/ski-outdoor.ro\/outdoor\/wp-content\/uploads\/sites\/4\/2024\/05\/ANDREASSEN-Simon-castigator-Elite-Masculin.jpg\" \/>\n\t<meta property=\"og:image:width\" content=\"2000\" \/>\n\t<meta property=\"og:image:height\" content=\"1335\" \/>\n\t<meta property=\"og:image:type\" content=\"image\/jpeg\" \/>\n<meta name=\"twitter:card\" content=\"summary_large_image\" \/>\n<meta name=\"twitter:label1\" content=\"Scris de\" \/>\n\t<meta name=\"twitter:data1\" content=\"Andrei Hu\u021banu\" \/>\n\t<meta name=\"twitter:label2\" content=\"Timp estimat pentru citire\" \/>\n\t<meta name=\"twitter:data2\" content=\"4 minute\" \/>\n<script type=\"application\/ld+json\" class=\"yoast-schema-graph\">{\"@context\":\"https:\/\/schema.org\",\"@graph\":[{\"@type\":\"Organization\",\"@id\":\"https:\/\/ski-outdoor.ro\/outdoor\/#organization\",\"name\":\"Ski & Outdoor Magazine\",\"url\":\"https:\/\/ski-outdoor.ro\/outdoor\/\",\"sameAs\":[\"https:\/\/www.facebook.com\/skiandoutdoormagazine\"],\"logo\":{\"@type\":\"ImageObject\",\"@id\":\"https:\/\/ski-outdoor.ro\/outdoor\/#logo\",\"inLanguage\":\"ro-RO\",\"url\":\"https:\/\/ski-outdoor.ro\/outdoor\/wp-content\/uploads\/sites\/4\/2019\/05\/logo-e1557923623153.png\",\"contentUrl\":\"https:\/\/ski-outdoor.ro\/outdoor\/wp-content\/uploads\/sites\/4\/2019\/05\/logo-e1557923623153.png\",\"width\":600,\"height\":165,\"caption\":\"Ski & Outdoor Magazine\"},\"image\":{\"@id\":\"https:\/\/ski-outdoor.ro\/outdoor\/#logo\"}},{\"@type\":\"WebSite\",\"@id\":\"https:\/\/ski-outdoor.ro\/outdoor\/#website\",\"url\":\"https:\/\/ski-outdoor.ro\/outdoor\/\",\"name\":\"Outdoor Magazine\",\"description\":\"\",\"publisher\":{\"@id\":\"https:\/\/ski-outdoor.ro\/outdoor\/#organization\"},\"potentialAction\":[{\"@type\":\"SearchAction\",\"target\":{\"@type\":\"EntryPoint\",\"urlTemplate\":\"https:\/\/ski-outdoor.ro\/outdoor\/?s={search_term_string}\"},\"query-input\":\"required name=search_term_string\"}],\"inLanguage\":\"ro-RO\"},{\"@type\":\"ImageObject\",\"@id\":\"https:\/\/ski-outdoor.ro\/outdoor\/2024\/05\/11\/campionatul-european-de-mountain-bike-ziua-2\/#primaryimage\",\"inLanguage\":\"ro-RO\",\"url\":\"https:\/\/ski-outdoor.ro\/outdoor\/wp-content\/uploads\/sites\/4\/2024\/05\/ANDREASSEN-Simon-castigator-Elite-Masculin.jpg\",\"contentUrl\":\"https:\/\/ski-outdoor.ro\/outdoor\/wp-content\/uploads\/sites\/4\/2024\/05\/ANDREASSEN-Simon-castigator-Elite-Masculin.jpg\",\"width\":2000,\"height\":1335},{\"@type\":\"WebPage\",\"@id\":\"https:\/\/ski-outdoor.ro\/outdoor\/2024\/05\/11\/campionatul-european-de-mountain-bike-ziua-2\/#webpage\",\"url\":\"https:\/\/ski-outdoor.ro\/outdoor\/2024\/05\/11\/campionatul-european-de-mountain-bike-ziua-2\/\",\"name\":\"Campionatul European de Mountain Bike - Ziua 2 - Outdoor Magazine\",\"isPartOf\":{\"@id\":\"https:\/\/ski-outdoor.ro\/outdoor\/#website\"},\"primaryImageOfPage\":{\"@id\":\"https:\/\/ski-outdoor.ro\/outdoor\/2024\/05\/11\/campionatul-european-de-mountain-bike-ziua-2\/#primaryimage\"},\"datePublished\":\"2024-05-11T08:25:41+00:00\",\"dateModified\":\"2024-05-11T08:25:41+00:00\",\"description\":\"Campionatul European de Mountain Bike Cheile Gradistei Ziua 2, 9 mai, S-au disputat primele tiluri de campioni europeni, la disciplina Short Track XCC.\",\"breadcrumb\":{\"@id\":\"https:\/\/ski-outdoor.ro\/outdoor\/2024\/05\/11\/campionatul-european-de-mountain-bike-ziua-2\/#breadcrumb\"},\"inLanguage\":\"ro-RO\",\"potentialAction\":[{\"@type\":\"ReadAction\",\"target\":[\"https:\/\/ski-outdoor.ro\/outdoor\/2024\/05\/11\/campionatul-european-de-mountain-bike-ziua-2\/\"]}]},{\"@type\":\"BreadcrumbList\",\"@id\":\"https:\/\/ski-outdoor.ro\/outdoor\/2024\/05\/11\/campionatul-european-de-mountain-bike-ziua-2\/#breadcrumb\",\"itemListElement\":[{\"@type\":\"ListItem\",\"position\":1,\"name\":\"Home\",\"item\":\"https:\/\/ski-outdoor.ro\/outdoor\/\"},{\"@type\":\"ListItem\",\"position\":2,\"name\":\"Campionatul European de Mountain Bike &#8211; Ziua 2\"}]},{\"@type\":\"Article\",\"@id\":\"https:\/\/ski-outdoor.ro\/outdoor\/2024\/05\/11\/campionatul-european-de-mountain-bike-ziua-2\/#article\",\"isPartOf\":{\"@id\":\"https:\/\/ski-outdoor.ro\/outdoor\/2024\/05\/11\/campionatul-european-de-mountain-bike-ziua-2\/#webpage\"},\"author\":{\"@id\":\"https:\/\/ski-outdoor.ro\/outdoor\/#\/schema\/person\/7013c4a3a9d8c4f3333ef44bfc44f481\"},\"headline\":\"Campionatul European de Mountain Bike &#8211; Ziua 2\",\"datePublished\":\"2024-05-11T08:25:41+00:00\",\"dateModified\":\"2024-05-11T08:25:41+00:00\",\"mainEntityOfPage\":{\"@id\":\"https:\/\/ski-outdoor.ro\/outdoor\/2024\/05\/11\/campionatul-european-de-mountain-bike-ziua-2\/#webpage\"},\"wordCount\":737,\"commentCount\":0,\"publisher\":{\"@id\":\"https:\/\/ski-outdoor.ro\/outdoor\/#organization\"},\"image\":{\"@id\":\"https:\/\/ski-outdoor.ro\/outdoor\/2024\/05\/11\/campionatul-european-de-mountain-bike-ziua-2\/#primaryimage\"},\"thumbnailUrl\":\"https:\/\/ski-outdoor.ro\/outdoor\/wp-content\/uploads\/sites\/4\/2024\/05\/ANDREASSEN-Simon-castigator-Elite-Masculin.jpg\",\"keywords\":[\"Campionatul European de Mountain Bike\",\"Cheile Gradistei\",\"Julian Schelb\",\"Pauline Prevot\",\"Puck Pieterse\",\"Simon Andreassen\"],\"articleSection\":[\"Competi\u021bie\"],\"inLanguage\":\"ro-RO\",\"potentialAction\":[{\"@type\":\"CommentAction\",\"name\":\"Comment\",\"target\":[\"https:\/\/ski-outdoor.ro\/outdoor\/2024\/05\/11\/campionatul-european-de-mountain-bike-ziua-2\/#respond\"]}]},{\"@type\":\"Person\",\"@id\":\"https:\/\/ski-outdoor.ro\/outdoor\/#\/schema\/person\/7013c4a3a9d8c4f3333ef44bfc44f481\",\"name\":\"Andrei Hu\u021banu\",\"image\":{\"@type\":\"ImageObject\",\"@id\":\"https:\/\/ski-outdoor.ro\/outdoor\/#personlogo\",\"inLanguage\":\"ro-RO\",\"url\":\"https:\/\/secure.gravatar.com\/avatar\/a16e17566b7c448f721ca293592e5f34?s=96&d=mm&r=g\",\"contentUrl\":\"https:\/\/secure.gravatar.com\/avatar\/a16e17566b7c448f721ca293592e5f34?s=96&d=mm&r=g\",\"caption\":\"Andrei Hu\u021banu\"},\"url\":\"https:\/\/ski-outdoor.ro\/outdoor\/author\/andih\/\"}]}<\/script>\n<!-- \/ Yoast SEO plugin. -->","yoast_head_json":{"title":"Campionatul European de Mountain Bike - Ziua 2 - Outdoor Magazine","description":"Campionatul European de Mountain Bike Cheile Gradistei Ziua 2, 9 mai, S-au disputat primele tiluri de campioni europeni, la disciplina Short Track XCC.","robots":{"index":"index","follow":"follow","max-snippet":"max-snippet:-1","max-image-preview":"max-image-preview:large","max-video-preview":"max-video-preview:-1"},"canonical":"https:\/\/ski-outdoor.ro\/outdoor\/2024\/05\/11\/campionatul-european-de-mountain-bike-ziua-2\/","og_locale":"ro_RO","og_type":"article","og_title":"Campionatul European de Mountain Bike - Ziua 2 - Outdoor Magazine","og_description":"Campionatul European de Mountain Bike Cheile Gradistei Ziua 2, 9 mai, S-au disputat primele tiluri de campioni europeni, la disciplina Short Track XCC.","og_url":"https:\/\/ski-outdoor.ro\/outdoor\/2024\/05\/11\/campionatul-european-de-mountain-bike-ziua-2\/","og_site_name":"Outdoor Magazine","article_publisher":"https:\/\/www.facebook.com\/skiandoutdoormagazine","article_published_time":"2024-05-11T08:25:41+00:00","og_image":[{"width":2000,"height":1335,"url":"https:\/\/ski-outdoor.ro\/outdoor\/wp-content\/uploads\/sites\/4\/2024\/05\/ANDREASSEN-Simon-castigator-Elite-Masculin.jpg","type":"image\/jpeg"}],"twitter_card":"summary_large_image","twitter_misc":{"Scris de":"Andrei Hu\u021banu","Timp estimat pentru citire":"4 minute"},"schema":{"@context":"https:\/\/schema.org","@graph":[{"@type":"Organization","@id":"https:\/\/ski-outdoor.ro\/outdoor\/#organization","name":"Ski & Outdoor Magazine","url":"https:\/\/ski-outdoor.ro\/outdoor\/","sameAs":["https:\/\/www.facebook.com\/skiandoutdoormagazine"],"logo":{"@type":"ImageObject","@id":"https:\/\/ski-outdoor.ro\/outdoor\/#logo","inLanguage":"ro-RO","url":"https:\/\/ski-outdoor.ro\/outdoor\/wp-content\/uploads\/sites\/4\/2019\/05\/logo-e1557923623153.png","contentUrl":"https:\/\/ski-outdoor.ro\/outdoor\/wp-content\/uploads\/sites\/4\/2019\/05\/logo-e1557923623153.png","width":600,"height":165,"caption":"Ski & Outdoor Magazine"},"image":{"@id":"https:\/\/ski-outdoor.ro\/outdoor\/#logo"}},{"@type":"WebSite","@id":"https:\/\/ski-outdoor.ro\/outdoor\/#website","url":"https:\/\/ski-outdoor.ro\/outdoor\/","name":"Outdoor Magazine","description":"","publisher":{"@id":"https:\/\/ski-outdoor.ro\/outdoor\/#organization"},"potentialAction":[{"@type":"SearchAction","target":{"@type":"EntryPoint","urlTemplate":"https:\/\/ski-outdoor.ro\/outdoor\/?s={search_term_string}"},"query-input":"required name=search_term_string"}],"inLanguage":"ro-RO"},{"@type":"ImageObject","@id":"https:\/\/ski-outdoor.ro\/outdoor\/2024\/05\/11\/campionatul-european-de-mountain-bike-ziua-2\/#primaryimage","inLanguage":"ro-RO","url":"https:\/\/ski-outdoor.ro\/outdoor\/wp-content\/uploads\/sites\/4\/2024\/05\/ANDREASSEN-Simon-castigator-Elite-Masculin.jpg","contentUrl":"https:\/\/ski-outdoor.ro\/outdoor\/wp-content\/uploads\/sites\/4\/2024\/05\/ANDREASSEN-Simon-castigator-Elite-Masculin.jpg","width":2000,"height":1335},{"@type":"WebPage","@id":"https:\/\/ski-outdoor.ro\/outdoor\/2024\/05\/11\/campionatul-european-de-mountain-bike-ziua-2\/#webpage","url":"https:\/\/ski-outdoor.ro\/outdoor\/2024\/05\/11\/campionatul-european-de-mountain-bike-ziua-2\/","name":"Campionatul European de Mountain Bike - Ziua 2 - Outdoor Magazine","isPartOf":{"@id":"https:\/\/ski-outdoor.ro\/outdoor\/#website"},"primaryImageOfPage":{"@id":"https:\/\/ski-outdoor.ro\/outdoor\/2024\/05\/11\/campionatul-european-de-mountain-bike-ziua-2\/#primaryimage"},"datePublished":"2024-05-11T08:25:41+00:00","dateModified":"2024-05-11T08:25:41+00:00","description":"Campionatul European de Mountain Bike Cheile Gradistei Ziua 2, 9 mai, S-au disputat primele tiluri de campioni europeni, la disciplina Short Track XCC.","breadcrumb":{"@id":"https:\/\/ski-outdoor.ro\/outdoor\/2024\/05\/11\/campionatul-european-de-mountain-bike-ziua-2\/#breadcrumb"},"inLanguage":"ro-RO","potentialAction":[{"@type":"ReadAction","target":["https:\/\/ski-outdoor.ro\/outdoor\/2024\/05\/11\/campionatul-european-de-mountain-bike-ziua-2\/"]}]},{"@type":"BreadcrumbList","@id":"https:\/\/ski-outdoor.ro\/outdoor\/2024\/05\/11\/campionatul-european-de-mountain-bike-ziua-2\/#breadcrumb","itemListElement":[{"@type":"ListItem","position":1,"name":"Home","item":"https:\/\/ski-outdoor.ro\/outdoor\/"},{"@type":"ListItem","position":2,"name":"Campionatul European de Mountain Bike &#8211; Ziua 2"}]},{"@type":"Article","@id":"https:\/\/ski-outdoor.ro\/outdoor\/2024\/05\/11\/campionatul-european-de-mountain-bike-ziua-2\/#article","isPartOf":{"@id":"https:\/\/ski-outdoor.ro\/outdoor\/2024\/05\/11\/campionatul-european-de-mountain-bike-ziua-2\/#webpage"},"author":{"@id":"https:\/\/ski-outdoor.ro\/outdoor\/#\/schema\/person\/7013c4a3a9d8c4f3333ef44bfc44f481"},"headline":"Campionatul European de Mountain Bike &#8211; Ziua 2","datePublished":"2024-05-11T08:25:41+00:00","dateModified":"2024-05-11T08:25:41+00:00","mainEntityOfPage":{"@id":"https:\/\/ski-outdoor.ro\/outdoor\/2024\/05\/11\/campionatul-european-de-mountain-bike-ziua-2\/#webpage"},"wordCount":737,"commentCount":0,"publisher":{"@id":"https:\/\/ski-outdoor.ro\/outdoor\/#organization"},"image":{"@id":"https:\/\/ski-outdoor.ro\/outdoor\/2024\/05\/11\/campionatul-european-de-mountain-bike-ziua-2\/#primaryimage"},"thumbnailUrl":"https:\/\/ski-outdoor.ro\/outdoor\/wp-content\/uploads\/sites\/4\/2024\/05\/ANDREASSEN-Simon-castigator-Elite-Masculin.jpg","keywords":["Campionatul European de Mountain Bike","Cheile Gradistei","Julian Schelb","Pauline Prevot","Puck Pieterse","Simon Andreassen"],"articleSection":["Competi\u021bie"],"inLanguage":"ro-RO","potentialAction":[{"@type":"CommentAction","name":"Comment","target":["https:\/\/ski-outdoor.ro\/outdoor\/2024\/05\/11\/campionatul-european-de-mountain-bike-ziua-2\/#respond"]}]},{"@type":"Person","@id":"https:\/\/ski-outdoor.ro\/outdoor\/#\/schema\/person\/7013c4a3a9d8c4f3333ef44bfc44f481","name":"Andrei Hu\u021banu","image":{"@type":"ImageObject","@id":"https:\/\/ski-outdoor.ro\/outdoor\/#personlogo","inLanguage":"ro-RO","url":"https:\/\/secure.gravatar.com\/avatar\/a16e17566b7c448f721ca293592e5f34?s=96&d=mm&r=g","contentUrl":"https:\/\/secure.gravatar.com\/avatar\/a16e17566b7c448f721ca293592e5f34?s=96&d=mm&r=g","caption":"Andrei Hu\u021banu"},"url":"https:\/\/ski-outdoor.ro\/outdoor\/author\/andih\/"}]}},"_links":{"self":[{"href":"https:\/\/ski-outdoor.ro\/outdoor\/wp-json\/wp\/v2\/posts\/9984"}],"collection":[{"href":"https:\/\/ski-outdoor.ro\/outdoor\/wp-json\/wp\/v2\/posts"}],"about":[{"href":"https:\/\/ski-outdoor.ro\/outdoor\/wp-json\/wp\/v2\/types\/post"}],"author":[{"embeddable":true,"href":"https:\/\/ski-outdoor.ro\/outdoor\/wp-json\/wp\/v2\/users\/17"}],"replies":[{"embeddable":true,"href":"https:\/\/ski-outdoor.ro\/outdoor\/wp-json\/wp\/v2\/comments?post=9984"}],"version-history":[{"count":1,"href":"https:\/\/ski-outdoor.ro\/outdoor\/wp-json\/wp\/v2\/posts\/9984\/revisions"}],"predecessor-version":[{"id":9985,"href":"https:\/\/ski-outdoor.ro\/outdoor\/wp-json\/wp\/v2\/posts\/9984\/revisions\/9985"}],"wp:featuredmedia":[{"embeddable":true,"href":"https:\/\/ski-outdoor.ro\/outdoor\/wp-json\/wp\/v2\/media\/9978"}],"wp:attachment":[{"href":"https:\/\/ski-outdoor.ro\/outdoor\/wp-json\/wp\/v2\/media?parent=9984"}],"wp:term":[{"taxonomy":"category","embeddable":true,"href":"https:\/\/ski-outdoor.ro\/outdoor\/wp-json\/wp\/v2\/categories?post=9984"},{"taxonomy":"post_tag","embeddable":true,"href":"https:\/\/ski-outdoor.ro\/outdoor\/wp-json\/wp\/v2\/tags?post=9984"}],"curies":[{"name":"wp","href":"https:\/\/api.w.org\/{rel}","templated":true}]}}