{"id":9995,"date":"2024-05-20T11:49:25","date_gmt":"2024-05-20T11:49:25","guid":{"rendered":"https:\/\/ski-outdoor.ro\/outdoor\/?p=9995"},"modified":"2024-05-20T11:49:25","modified_gmt":"2024-05-20T11:49:25","slug":"a-doua-editie-a-carpathian-mountain-fair-singurul-targ-dedicat-industriei-montane-din-europa-de-est","status":"publish","type":"post","link":"https:\/\/ski-outdoor.ro\/outdoor\/2024\/05\/20\/a-doua-editie-a-carpathian-mountain-fair-singurul-targ-dedicat-industriei-montane-din-europa-de-est\/","title":{"rendered":"A doua edi\u021bie a Carpathian Mountain Fair, singurul t\u00e2rg dedicat industriei montane din Europa de Est"},"content":{"rendered":"<p><strong>Dup\u0103 succesul remarcabil al primei edi\u021bii, a doua edi\u021bie a Carpathian Mountain Fair, un eveniment de referin\u021b\u0103 pentru industria montan\u0103 din Europa de Est, va avea \u00eentre 5 \u0219i 7 iunie 2024 la Cheile Gr\u0103di\u0219tei, Rom\u00e2nia, \u0219i va reuni lideri din industrie pentru a prezenta cele mai recente inova\u021bii \u0219i tehnologii.<\/strong><\/p>\n<p><img loading=\"lazy\" class=\"alignnone wp-image-9996 size-large\" src=\"https:\/\/ski-outdoor.ro\/outdoor\/wp-content\/uploads\/sites\/4\/2024\/05\/carpathian-1024x650.jpg\" alt=\"\" width=\"1024\" height=\"650\" srcset=\"https:\/\/ski-outdoor.ro\/outdoor\/wp-content\/uploads\/sites\/4\/2024\/05\/carpathian-1024x650.jpg 1024w, https:\/\/ski-outdoor.ro\/outdoor\/wp-content\/uploads\/sites\/4\/2024\/05\/carpathian-300x190.jpg 300w, https:\/\/ski-outdoor.ro\/outdoor\/wp-content\/uploads\/sites\/4\/2024\/05\/carpathian-768x488.jpg 768w, https:\/\/ski-outdoor.ro\/outdoor\/wp-content\/uploads\/sites\/4\/2024\/05\/carpathian-370x235.jpg 370w, https:\/\/ski-outdoor.ro\/outdoor\/wp-content\/uploads\/sites\/4\/2024\/05\/carpathian-570x362.jpg 570w, https:\/\/ski-outdoor.ro\/outdoor\/wp-content\/uploads\/sites\/4\/2024\/05\/carpathian-770x489.jpg 770w, https:\/\/ski-outdoor.ro\/outdoor\/wp-content\/uploads\/sites\/4\/2024\/05\/carpathian-914x580.jpg 914w, https:\/\/ski-outdoor.ro\/outdoor\/wp-content\/uploads\/sites\/4\/2024\/05\/carpathian.jpg 1098w\" sizes=\"(max-width: 1024px) 100vw, 1024px\" \/><\/p>\n<p>La aceast\u0103 edi\u021bie, Carpathian Mountain Fair va g\u0103zdui companii de renume din Europa, care vor prezenta solu\u021bii inovative pentru transportul pe cablu, preg\u0103tirea p\u00e2rtiilor de schi \u0219i atrac\u021biile de var\u0103. Printre expozan\u021bii de prestigiu care vor fi prezen\u021bi se num\u0103r\u0103: Leitner Group, Supersnow, Walltopia, Flash Lighting Systems, Wiegand, El-Car, Pisten Bully \u0219i Waterboyz. Aceste companii vor expune tehnologii de ultim\u0103 or\u0103, oferind o platform\u0103 unic\u0103 pentru schimbul de idei \u0219i colabor\u0103ri \u00een industria montan\u0103.<\/p>\n<p>Datorit\u0103 succesului de anul trecut, edi\u021bia din acest an a atras un interes interna\u021bional semnificativ, cu vizitatori din Turcia, Grecia, Azerbaidjan, Serbia, Muntenegru, Polonia, Cehia \u0219i Ungaria, reprezent\u00e2nd practic \u00eentreaga Europ\u0103 de Vest \u0219i nu numai. Acest lucru subliniaz\u0103 importan\u021ba Carpathian Mountain Fair ca punct de \u00eent\u00e2lnire esen\u021bial pentru profesioni\u0219tii din industrie.<\/p>\n<p>Evenimentul promite s\u0103 fie o ocazie extraordinar\u0103 de networking \u0219i dezvoltare profesional\u0103, oferind participan\u021bilor oportunitatea de a descoperi tendin\u021bele actuale \u0219i de a stabili parteneriate strategice. De asemenea, t\u00e2rgul va include demonstra\u021bii live \u0219i sesiuni de prezent\u0103ri sus\u021binute de exper\u021bi din domeniu, care vor \u00eemp\u0103rt\u0103\u0219i cuno\u0219tin\u021bele lor valoroase \u0219i experien\u021bele din teren.<\/p>\n<p>V\u0103 a\u0219tept\u0103m cu ner\u0103bdare s\u0103 participa\u021bi la a doua edi\u021bie a Carpathian Mountain Fair \u0219i s\u0103 descoperi\u021bi inova\u021biile care vor modela viitorul industriei montane.<\/p>\n<p>Pentru mai multe informatii legate de editia de anul acesta v\u0103 a\u0219teptam pe Facebook: Carpathian Mountain Fair.<\/p>\n<p>Carpathian Mountain Fair este un t\u00e2rg interna\u021bional dedicat industriei montane, oferind o platform\u0103 de prezentare pentru cele mai recente tehnologii \u0219i inova\u021bii din domeniu. Evenimentul reune\u0219te expozan\u021bi \u0219i vizitatori din \u00eentreaga Europ\u0103 \u0219i dincolo de aceasta, contribuind la dezvoltarea \u0219i promovarea industriei montane.<\/p>\n<p><em>Comunicat de pres\u0103<\/em><\/p>\n<p><em>Foto: Facebook\/<a href=\"https:\/\/www.facebook.com\/profile.php?id=100083219857627\">Carpathian Mountain Fair\u00a0<\/a><\/em><\/p>\n<p>&nbsp;<\/p>\n<p>&nbsp;<\/p>\n","protected":false},"excerpt":{"rendered":"<p>Dup\u0103 succesul remarcabil al primei edi\u021bii, a doua edi\u021bie a Carpathian Mountain Fair, un eveniment de referin\u021b\u0103 pentru industria montan\u0103&#8230;<\/p>\n","protected":false},"author":23,"featured_media":9996,"comment_status":"open","ping_status":"open","sticky":false,"template":"","format":"standard","meta":[],"categories":[1817],"tags":[3534,231,4205,1340],"yoast_head":"<!-- This site is optimized with the Yoast SEO plugin v18.4.1 - https:\/\/yoast.com\/wordpress\/plugins\/seo\/ -->\n<title>A doua edi\u021bie a Carpathian Mountain Fair, singurul t\u00e2rg dedicat industriei montane din Europa de Est - Outdoor Magazine<\/title>\n<meta name=\"description\" content=\"A doua edi\u021bie a Carpathian Mountain Fair, eveniment pentru industria montan\u0103, va avea \u00eentre 5 \u0219i 7 iunie 2024 la Cheile Gr\u0103di\u0219tei.\" \/>\n<meta name=\"robots\" content=\"index, follow, max-snippet:-1, max-image-preview:large, max-video-preview:-1\" \/>\n<link rel=\"canonical\" href=\"https:\/\/ski-outdoor.ro\/outdoor\/2024\/05\/20\/a-doua-editie-a-carpathian-mountain-fair-singurul-targ-dedicat-industriei-montane-din-europa-de-est\/\" \/>\n<meta property=\"og:locale\" content=\"ro_RO\" \/>\n<meta property=\"og:type\" content=\"article\" \/>\n<meta property=\"og:title\" content=\"A doua edi\u021bie a Carpathian Mountain Fair, singurul t\u00e2rg dedicat industriei montane din Europa de Est - Outdoor Magazine\" \/>\n<meta property=\"og:description\" content=\"A doua edi\u021bie a Carpathian Mountain Fair, eveniment pentru industria montan\u0103, va avea \u00eentre 5 \u0219i 7 iunie 2024 la Cheile Gr\u0103di\u0219tei.\" \/>\n<meta property=\"og:url\" content=\"https:\/\/ski-outdoor.ro\/outdoor\/2024\/05\/20\/a-doua-editie-a-carpathian-mountain-fair-singurul-targ-dedicat-industriei-montane-din-europa-de-est\/\" \/>\n<meta property=\"og:site_name\" content=\"Outdoor Magazine\" \/>\n<meta property=\"article:publisher\" content=\"https:\/\/www.facebook.com\/skiandoutdoormagazine\" \/>\n<meta property=\"article:published_time\" content=\"2024-05-20T11:49:25+00:00\" \/>\n<meta property=\"og:image\" content=\"https:\/\/ski-outdoor.ro\/outdoor\/wp-content\/uploads\/sites\/4\/2024\/05\/carpathian.jpg\" \/>\n\t<meta property=\"og:image:width\" content=\"1098\" \/>\n\t<meta property=\"og:image:height\" content=\"697\" \/>\n\t<meta property=\"og:image:type\" content=\"image\/jpeg\" \/>\n<meta name=\"twitter:card\" content=\"summary_large_image\" \/>\n<meta name=\"twitter:label1\" content=\"Scris de\" \/>\n\t<meta name=\"twitter:data1\" content=\"C\u0103lin Pop\" \/>\n\t<meta name=\"twitter:label2\" content=\"Timp estimat pentru citire\" \/>\n\t<meta name=\"twitter:data2\" content=\"2 minute\" \/>\n<script type=\"application\/ld+json\" class=\"yoast-schema-graph\">{\"@context\":\"https:\/\/schema.org\",\"@graph\":[{\"@type\":\"Organization\",\"@id\":\"https:\/\/ski-outdoor.ro\/outdoor\/#organization\",\"name\":\"Ski & Outdoor Magazine\",\"url\":\"https:\/\/ski-outdoor.ro\/outdoor\/\",\"sameAs\":[\"https:\/\/www.facebook.com\/skiandoutdoormagazine\"],\"logo\":{\"@type\":\"ImageObject\",\"@id\":\"https:\/\/ski-outdoor.ro\/outdoor\/#logo\",\"inLanguage\":\"ro-RO\",\"url\":\"https:\/\/ski-outdoor.ro\/outdoor\/wp-content\/uploads\/sites\/4\/2019\/05\/logo-e1557923623153.png\",\"contentUrl\":\"https:\/\/ski-outdoor.ro\/outdoor\/wp-content\/uploads\/sites\/4\/2019\/05\/logo-e1557923623153.png\",\"width\":600,\"height\":165,\"caption\":\"Ski & Outdoor Magazine\"},\"image\":{\"@id\":\"https:\/\/ski-outdoor.ro\/outdoor\/#logo\"}},{\"@type\":\"WebSite\",\"@id\":\"https:\/\/ski-outdoor.ro\/outdoor\/#website\",\"url\":\"https:\/\/ski-outdoor.ro\/outdoor\/\",\"name\":\"Outdoor Magazine\",\"description\":\"\",\"publisher\":{\"@id\":\"https:\/\/ski-outdoor.ro\/outdoor\/#organization\"},\"potentialAction\":[{\"@type\":\"SearchAction\",\"target\":{\"@type\":\"EntryPoint\",\"urlTemplate\":\"https:\/\/ski-outdoor.ro\/outdoor\/?s={search_term_string}\"},\"query-input\":\"required name=search_term_string\"}],\"inLanguage\":\"ro-RO\"},{\"@type\":\"ImageObject\",\"@id\":\"https:\/\/ski-outdoor.ro\/outdoor\/2024\/05\/20\/a-doua-editie-a-carpathian-mountain-fair-singurul-targ-dedicat-industriei-montane-din-europa-de-est\/#primaryimage\",\"inLanguage\":\"ro-RO\",\"url\":\"https:\/\/ski-outdoor.ro\/outdoor\/wp-content\/uploads\/sites\/4\/2024\/05\/carpathian.jpg\",\"contentUrl\":\"https:\/\/ski-outdoor.ro\/outdoor\/wp-content\/uploads\/sites\/4\/2024\/05\/carpathian.jpg\",\"width\":1098,\"height\":697},{\"@type\":\"WebPage\",\"@id\":\"https:\/\/ski-outdoor.ro\/outdoor\/2024\/05\/20\/a-doua-editie-a-carpathian-mountain-fair-singurul-targ-dedicat-industriei-montane-din-europa-de-est\/#webpage\",\"url\":\"https:\/\/ski-outdoor.ro\/outdoor\/2024\/05\/20\/a-doua-editie-a-carpathian-mountain-fair-singurul-targ-dedicat-industriei-montane-din-europa-de-est\/\",\"name\":\"A doua edi\u021bie a Carpathian Mountain Fair, singurul t\u00e2rg dedicat industriei montane din Europa de Est - Outdoor Magazine\",\"isPartOf\":{\"@id\":\"https:\/\/ski-outdoor.ro\/outdoor\/#website\"},\"primaryImageOfPage\":{\"@id\":\"https:\/\/ski-outdoor.ro\/outdoor\/2024\/05\/20\/a-doua-editie-a-carpathian-mountain-fair-singurul-targ-dedicat-industriei-montane-din-europa-de-est\/#primaryimage\"},\"datePublished\":\"2024-05-20T11:49:25+00:00\",\"dateModified\":\"2024-05-20T11:49:25+00:00\",\"description\":\"A doua edi\u021bie a Carpathian Mountain Fair, eveniment pentru industria montan\u0103, va avea \u00eentre 5 \u0219i 7 iunie 2024 la Cheile Gr\u0103di\u0219tei.\",\"breadcrumb\":{\"@id\":\"https:\/\/ski-outdoor.ro\/outdoor\/2024\/05\/20\/a-doua-editie-a-carpathian-mountain-fair-singurul-targ-dedicat-industriei-montane-din-europa-de-est\/#breadcrumb\"},\"inLanguage\":\"ro-RO\",\"potentialAction\":[{\"@type\":\"ReadAction\",\"target\":[\"https:\/\/ski-outdoor.ro\/outdoor\/2024\/05\/20\/a-doua-editie-a-carpathian-mountain-fair-singurul-targ-dedicat-industriei-montane-din-europa-de-est\/\"]}]},{\"@type\":\"BreadcrumbList\",\"@id\":\"https:\/\/ski-outdoor.ro\/outdoor\/2024\/05\/20\/a-doua-editie-a-carpathian-mountain-fair-singurul-targ-dedicat-industriei-montane-din-europa-de-est\/#breadcrumb\",\"itemListElement\":[{\"@type\":\"ListItem\",\"position\":1,\"name\":\"Home\",\"item\":\"https:\/\/ski-outdoor.ro\/outdoor\/\"},{\"@type\":\"ListItem\",\"position\":2,\"name\":\"A doua edi\u021bie a Carpathian Mountain Fair, singurul t\u00e2rg dedicat industriei montane din Europa de Est\"}]},{\"@type\":\"Article\",\"@id\":\"https:\/\/ski-outdoor.ro\/outdoor\/2024\/05\/20\/a-doua-editie-a-carpathian-mountain-fair-singurul-targ-dedicat-industriei-montane-din-europa-de-est\/#article\",\"isPartOf\":{\"@id\":\"https:\/\/ski-outdoor.ro\/outdoor\/2024\/05\/20\/a-doua-editie-a-carpathian-mountain-fair-singurul-targ-dedicat-industriei-montane-din-europa-de-est\/#webpage\"},\"author\":{\"@id\":\"https:\/\/ski-outdoor.ro\/outdoor\/#\/schema\/person\/3d8c2382a34197255067399194217080\"},\"headline\":\"A doua edi\u021bie a Carpathian Mountain Fair, singurul t\u00e2rg dedicat industriei montane din Europa de Est\",\"datePublished\":\"2024-05-20T11:49:25+00:00\",\"dateModified\":\"2024-05-20T11:49:25+00:00\",\"mainEntityOfPage\":{\"@id\":\"https:\/\/ski-outdoor.ro\/outdoor\/2024\/05\/20\/a-doua-editie-a-carpathian-mountain-fair-singurul-targ-dedicat-industriei-montane-din-europa-de-est\/#webpage\"},\"wordCount\":386,\"commentCount\":0,\"publisher\":{\"@id\":\"https:\/\/ski-outdoor.ro\/outdoor\/#organization\"},\"image\":{\"@id\":\"https:\/\/ski-outdoor.ro\/outdoor\/2024\/05\/20\/a-doua-editie-a-carpathian-mountain-fair-singurul-targ-dedicat-industriei-montane-din-europa-de-est\/#primaryimage\"},\"thumbnailUrl\":\"https:\/\/ski-outdoor.ro\/outdoor\/wp-content\/uploads\/sites\/4\/2024\/05\/carpathian.jpg\",\"keywords\":[\"Carpathian Mountain Fair\",\"Cheile Gradistei\",\"industria montan\u0103\",\"targ\"],\"articleSection\":[\"Actualit\u0103\u021bi\"],\"inLanguage\":\"ro-RO\",\"potentialAction\":[{\"@type\":\"CommentAction\",\"name\":\"Comment\",\"target\":[\"https:\/\/ski-outdoor.ro\/outdoor\/2024\/05\/20\/a-doua-editie-a-carpathian-mountain-fair-singurul-targ-dedicat-industriei-montane-din-europa-de-est\/#respond\"]}]},{\"@type\":\"Person\",\"@id\":\"https:\/\/ski-outdoor.ro\/outdoor\/#\/schema\/person\/3d8c2382a34197255067399194217080\",\"name\":\"C\u0103lin Pop\",\"image\":{\"@type\":\"ImageObject\",\"@id\":\"https:\/\/ski-outdoor.ro\/outdoor\/#personlogo\",\"inLanguage\":\"ro-RO\",\"url\":\"https:\/\/secure.gravatar.com\/avatar\/44fa4e362161e127dec2a82f7585cbd5?s=96&d=mm&r=g\",\"contentUrl\":\"https:\/\/secure.gravatar.com\/avatar\/44fa4e362161e127dec2a82f7585cbd5?s=96&d=mm&r=g\",\"caption\":\"C\u0103lin Pop\"},\"url\":\"https:\/\/ski-outdoor.ro\/outdoor\/author\/calinpop\/\"}]}<\/script>\n<!-- \/ Yoast SEO plugin. -->","yoast_head_json":{"title":"A doua edi\u021bie a Carpathian Mountain Fair, singurul t\u00e2rg dedicat industriei montane din Europa de Est - Outdoor Magazine","description":"A doua edi\u021bie a Carpathian Mountain Fair, eveniment pentru industria montan\u0103, va avea \u00eentre 5 \u0219i 7 iunie 2024 la Cheile Gr\u0103di\u0219tei.","robots":{"index":"index","follow":"follow","max-snippet":"max-snippet:-1","max-image-preview":"max-image-preview:large","max-video-preview":"max-video-preview:-1"},"canonical":"https:\/\/ski-outdoor.ro\/outdoor\/2024\/05\/20\/a-doua-editie-a-carpathian-mountain-fair-singurul-targ-dedicat-industriei-montane-din-europa-de-est\/","og_locale":"ro_RO","og_type":"article","og_title":"A doua edi\u021bie a Carpathian Mountain Fair, singurul t\u00e2rg dedicat industriei montane din Europa de Est - Outdoor Magazine","og_description":"A doua edi\u021bie a Carpathian Mountain Fair, eveniment pentru industria montan\u0103, va avea \u00eentre 5 \u0219i 7 iunie 2024 la Cheile Gr\u0103di\u0219tei.","og_url":"https:\/\/ski-outdoor.ro\/outdoor\/2024\/05\/20\/a-doua-editie-a-carpathian-mountain-fair-singurul-targ-dedicat-industriei-montane-din-europa-de-est\/","og_site_name":"Outdoor Magazine","article_publisher":"https:\/\/www.facebook.com\/skiandoutdoormagazine","article_published_time":"2024-05-20T11:49:25+00:00","og_image":[{"width":1098,"height":697,"url":"https:\/\/ski-outdoor.ro\/outdoor\/wp-content\/uploads\/sites\/4\/2024\/05\/carpathian.jpg","type":"image\/jpeg"}],"twitter_card":"summary_large_image","twitter_misc":{"Scris de":"C\u0103lin Pop","Timp estimat pentru citire":"2 minute"},"schema":{"@context":"https:\/\/schema.org","@graph":[{"@type":"Organization","@id":"https:\/\/ski-outdoor.ro\/outdoor\/#organization","name":"Ski & Outdoor Magazine","url":"https:\/\/ski-outdoor.ro\/outdoor\/","sameAs":["https:\/\/www.facebook.com\/skiandoutdoormagazine"],"logo":{"@type":"ImageObject","@id":"https:\/\/ski-outdoor.ro\/outdoor\/#logo","inLanguage":"ro-RO","url":"https:\/\/ski-outdoor.ro\/outdoor\/wp-content\/uploads\/sites\/4\/2019\/05\/logo-e1557923623153.png","contentUrl":"https:\/\/ski-outdoor.ro\/outdoor\/wp-content\/uploads\/sites\/4\/2019\/05\/logo-e1557923623153.png","width":600,"height":165,"caption":"Ski & Outdoor Magazine"},"image":{"@id":"https:\/\/ski-outdoor.ro\/outdoor\/#logo"}},{"@type":"WebSite","@id":"https:\/\/ski-outdoor.ro\/outdoor\/#website","url":"https:\/\/ski-outdoor.ro\/outdoor\/","name":"Outdoor Magazine","description":"","publisher":{"@id":"https:\/\/ski-outdoor.ro\/outdoor\/#organization"},"potentialAction":[{"@type":"SearchAction","target":{"@type":"EntryPoint","urlTemplate":"https:\/\/ski-outdoor.ro\/outdoor\/?s={search_term_string}"},"query-input":"required name=search_term_string"}],"inLanguage":"ro-RO"},{"@type":"ImageObject","@id":"https:\/\/ski-outdoor.ro\/outdoor\/2024\/05\/20\/a-doua-editie-a-carpathian-mountain-fair-singurul-targ-dedicat-industriei-montane-din-europa-de-est\/#primaryimage","inLanguage":"ro-RO","url":"https:\/\/ski-outdoor.ro\/outdoor\/wp-content\/uploads\/sites\/4\/2024\/05\/carpathian.jpg","contentUrl":"https:\/\/ski-outdoor.ro\/outdoor\/wp-content\/uploads\/sites\/4\/2024\/05\/carpathian.jpg","width":1098,"height":697},{"@type":"WebPage","@id":"https:\/\/ski-outdoor.ro\/outdoor\/2024\/05\/20\/a-doua-editie-a-carpathian-mountain-fair-singurul-targ-dedicat-industriei-montane-din-europa-de-est\/#webpage","url":"https:\/\/ski-outdoor.ro\/outdoor\/2024\/05\/20\/a-doua-editie-a-carpathian-mountain-fair-singurul-targ-dedicat-industriei-montane-din-europa-de-est\/","name":"A doua edi\u021bie a Carpathian Mountain Fair, singurul t\u00e2rg dedicat industriei montane din Europa de Est - Outdoor Magazine","isPartOf":{"@id":"https:\/\/ski-outdoor.ro\/outdoor\/#website"},"primaryImageOfPage":{"@id":"https:\/\/ski-outdoor.ro\/outdoor\/2024\/05\/20\/a-doua-editie-a-carpathian-mountain-fair-singurul-targ-dedicat-industriei-montane-din-europa-de-est\/#primaryimage"},"datePublished":"2024-05-20T11:49:25+00:00","dateModified":"2024-05-20T11:49:25+00:00","description":"A doua edi\u021bie a Carpathian Mountain Fair, eveniment pentru industria montan\u0103, va avea \u00eentre 5 \u0219i 7 iunie 2024 la Cheile Gr\u0103di\u0219tei.","breadcrumb":{"@id":"https:\/\/ski-outdoor.ro\/outdoor\/2024\/05\/20\/a-doua-editie-a-carpathian-mountain-fair-singurul-targ-dedicat-industriei-montane-din-europa-de-est\/#breadcrumb"},"inLanguage":"ro-RO","potentialAction":[{"@type":"ReadAction","target":["https:\/\/ski-outdoor.ro\/outdoor\/2024\/05\/20\/a-doua-editie-a-carpathian-mountain-fair-singurul-targ-dedicat-industriei-montane-din-europa-de-est\/"]}]},{"@type":"BreadcrumbList","@id":"https:\/\/ski-outdoor.ro\/outdoor\/2024\/05\/20\/a-doua-editie-a-carpathian-mountain-fair-singurul-targ-dedicat-industriei-montane-din-europa-de-est\/#breadcrumb","itemListElement":[{"@type":"ListItem","position":1,"name":"Home","item":"https:\/\/ski-outdoor.ro\/outdoor\/"},{"@type":"ListItem","position":2,"name":"A doua edi\u021bie a Carpathian Mountain Fair, singurul t\u00e2rg dedicat industriei montane din Europa de Est"}]},{"@type":"Article","@id":"https:\/\/ski-outdoor.ro\/outdoor\/2024\/05\/20\/a-doua-editie-a-carpathian-mountain-fair-singurul-targ-dedicat-industriei-montane-din-europa-de-est\/#article","isPartOf":{"@id":"https:\/\/ski-outdoor.ro\/outdoor\/2024\/05\/20\/a-doua-editie-a-carpathian-mountain-fair-singurul-targ-dedicat-industriei-montane-din-europa-de-est\/#webpage"},"author":{"@id":"https:\/\/ski-outdoor.ro\/outdoor\/#\/schema\/person\/3d8c2382a34197255067399194217080"},"headline":"A doua edi\u021bie a Carpathian Mountain Fair, singurul t\u00e2rg dedicat industriei montane din Europa de Est","datePublished":"2024-05-20T11:49:25+00:00","dateModified":"2024-05-20T11:49:25+00:00","mainEntityOfPage":{"@id":"https:\/\/ski-outdoor.ro\/outdoor\/2024\/05\/20\/a-doua-editie-a-carpathian-mountain-fair-singurul-targ-dedicat-industriei-montane-din-europa-de-est\/#webpage"},"wordCount":386,"commentCount":0,"publisher":{"@id":"https:\/\/ski-outdoor.ro\/outdoor\/#organization"},"image":{"@id":"https:\/\/ski-outdoor.ro\/outdoor\/2024\/05\/20\/a-doua-editie-a-carpathian-mountain-fair-singurul-targ-dedicat-industriei-montane-din-europa-de-est\/#primaryimage"},"thumbnailUrl":"https:\/\/ski-outdoor.ro\/outdoor\/wp-content\/uploads\/sites\/4\/2024\/05\/carpathian.jpg","keywords":["Carpathian Mountain Fair","Cheile Gradistei","industria montan\u0103","targ"],"articleSection":["Actualit\u0103\u021bi"],"inLanguage":"ro-RO","potentialAction":[{"@type":"CommentAction","name":"Comment","target":["https:\/\/ski-outdoor.ro\/outdoor\/2024\/05\/20\/a-doua-editie-a-carpathian-mountain-fair-singurul-targ-dedicat-industriei-montane-din-europa-de-est\/#respond"]}]},{"@type":"Person","@id":"https:\/\/ski-outdoor.ro\/outdoor\/#\/schema\/person\/3d8c2382a34197255067399194217080","name":"C\u0103lin Pop","image":{"@type":"ImageObject","@id":"https:\/\/ski-outdoor.ro\/outdoor\/#personlogo","inLanguage":"ro-RO","url":"https:\/\/secure.gravatar.com\/avatar\/44fa4e362161e127dec2a82f7585cbd5?s=96&d=mm&r=g","contentUrl":"https:\/\/secure.gravatar.com\/avatar\/44fa4e362161e127dec2a82f7585cbd5?s=96&d=mm&r=g","caption":"C\u0103lin Pop"},"url":"https:\/\/ski-outdoor.ro\/outdoor\/author\/calinpop\/"}]}},"_links":{"self":[{"href":"https:\/\/ski-outdoor.ro\/outdoor\/wp-json\/wp\/v2\/posts\/9995"}],"collection":[{"href":"https:\/\/ski-outdoor.ro\/outdoor\/wp-json\/wp\/v2\/posts"}],"about":[{"href":"https:\/\/ski-outdoor.ro\/outdoor\/wp-json\/wp\/v2\/types\/post"}],"author":[{"embeddable":true,"href":"https:\/\/ski-outdoor.ro\/outdoor\/wp-json\/wp\/v2\/users\/23"}],"replies":[{"embeddable":true,"href":"https:\/\/ski-outdoor.ro\/outdoor\/wp-json\/wp\/v2\/comments?post=9995"}],"version-history":[{"count":1,"href":"https:\/\/ski-outdoor.ro\/outdoor\/wp-json\/wp\/v2\/posts\/9995\/revisions"}],"predecessor-version":[{"id":9997,"href":"https:\/\/ski-outdoor.ro\/outdoor\/wp-json\/wp\/v2\/posts\/9995\/revisions\/9997"}],"wp:featuredmedia":[{"embeddable":true,"href":"https:\/\/ski-outdoor.ro\/outdoor\/wp-json\/wp\/v2\/media\/9996"}],"wp:attachment":[{"href":"https:\/\/ski-outdoor.ro\/outdoor\/wp-json\/wp\/v2\/media?parent=9995"}],"wp:term":[{"taxonomy":"category","embeddable":true,"href":"https:\/\/ski-outdoor.ro\/outdoor\/wp-json\/wp\/v2\/categories?post=9995"},{"taxonomy":"post_tag","embeddable":true,"href":"https:\/\/ski-outdoor.ro\/outdoor\/wp-json\/wp\/v2\/tags?post=9995"}],"curies":[{"name":"wp","href":"https:\/\/api.w.org\/{rel}","templated":true}]}}