{"id":10883,"date":"2018-02-28T22:36:52","date_gmt":"2018-02-28T20:36:52","guid":{"rendered":"https:\/\/ski-outdoor.ro\/ski\/?p=10883"},"modified":"2019-11-01T19:33:50","modified_gmt":"2019-11-01T19:33:50","slug":"primavara-incepe-cu-bikini-race-la-arena-platos-paltinis","status":"publish","type":"post","link":"https:\/\/ski-outdoor.ro\/ski\/2018\/02\/28\/primavara-incepe-cu-bikini-race-la-arena-platos-paltinis\/","title":{"rendered":"Prim\u0103vara \u00eencepe cu Bikini Race la Arena Plato\u0219 P\u0103ltini\u0219"},"content":{"rendered":"\n<p><strong>Prezentare pe catwalk, prob\u0103 de ski sau snowboard slalom pe p\u00e2rtia D a complexului Arena Plato\u0219 P\u0103ltini\u0219, prob\u0103 de precizie, prob\u0103 de dobor\u00e2t popicele \u0219i un traseu aplicativ de c\u0103\u021b\u0103r\u0103ri \u0219i cobor\u00e2ri pe obstacole create din z\u0103pad\u0103. <\/strong><\/p>\n\n\n\n<p>Dac\u0103 primele dou\u0103 probe sunt clasice \u0219i s-au reg\u0103sit \u0219i \u00een edi\u021biile anterioare, \u00een cea de-a treia prob\u0103, pe l\u00e2ng\u0103 arunc\u0103rile la co\u0219 din mi\u0219care, pe banda rulant\u0103, fetele vor trebui s\u0103 treac\u0103 \u0219i pe sub o bar\u0103 de limbo. Apoi, proba aplicativ\u0103 din sezonul trecut a fost divizat\u0103 \u00een dou\u0103 probe distincte. <\/p>\n\n\n\n<p>Cobor\u00e2rea cu colacul a fost transformat\u0103 \u00een proba de dobor\u00e2t popice, unde concurentele vor \u00eencerca s\u0103 doboare pe colac c\u00e2t mai multe popice. Suma punctelor ob\u021binute la cele 5 probe din concurs va da punctajul final pe baza c\u0103ruia se va stabili Super Finala la care vor participa cele mai bine clasate 4 concurente. <\/p>\n\n\n\n<p>Super Finala const\u0103 \u00een parcurgerea traseului aplicativ, simultan. Marea c\u00e2\u0219tig\u0103toare a edi\u021biei din acest an va participa la un camp de surfing \u00een Tenerife organizat de SupAcademy. Partener de tradi\u021bie ai acestui concurs, SupAcademy organizeaz\u0103 \u00een fiecare an camp-uri s\u0103pt\u0103m\u00e2nale, cu plec\u0103ri \u00een perioada 15 octombrie \u0219i 17 decembrie. Camp-ul este structurat pe durata a \u0219ase zile, cu c\u00e2te un curs de dou\u0103 ore pe zi. Locul secund va c\u00e2\u0219tiga 2 invita\u021bii la Electric Castle iar concurenta ce va ocupa ultima pozi\u021bie a podiumului va pleca acas\u0103 cu echipament sportiv de iarn\u0103. <\/p>\n\n\n\n<p>Din juriul edi\u021biei din acest an vor face parte Andy Fazekas, multiplu campion na\u021bional de snowboard \u0219i unul dintre pionierii acestui sport \u00een Rom\u00e2nia, vedeta ProTV Nicolle St\u0103nese, Alina G\u0103vozdea, director artistic \u00een cadrul evenimentului Media Music Awards, Cosmin Manea, din partea SupAcademy \u0219i Alexandru Barbu, singurul sibian prezent la Jocurile Olimpice recent \u00eencheiate. <\/p>\n\n\n\n<p>\u00censcrierea la concurs este gratuit\u0103 iar doritoarele se pot \u00eenscrie \u00een ziua concursului, \u00eentre orele 9:30 \u0219i 11:30, \u00een apreski-ul complexului. Concursul va \u00eencepe la ora 12 \u0219i va fi prezentat de Cosmin Tudoran.<\/p>\n","protected":false},"excerpt":{"rendered":"<p>Prezentare pe catwalk, prob\u0103 de ski sau snowboard slalom pe p\u00e2rtia D a complexului Arena Plato\u0219 P\u0103ltini\u0219, prob\u0103 de precizie,&#8230;<\/p>\n","protected":false},"author":16,"featured_media":10884,"comment_status":"open","ping_status":"open","sticky":false,"template":"","format":"standard","meta":[],"categories":[54],"tags":[1948,1587,1693,986],"yoast_head":"<!-- This site is optimized with the Yoast SEO plugin v18.4.1 - https:\/\/yoast.com\/wordpress\/plugins\/seo\/ -->\n<title>Prim\u0103vara \u00eencepe cu Bikini Race la Arena Plato\u0219 P\u0103ltini\u0219 - Ski Magazine<\/title>\n<meta name=\"robots\" content=\"index, follow, max-snippet:-1, max-image-preview:large, max-video-preview:-1\" \/>\n<link rel=\"canonical\" href=\"https:\/\/ski-outdoor.ro\/ski\/2018\/02\/28\/primavara-incepe-cu-bikini-race-la-arena-platos-paltinis\/\" \/>\n<meta property=\"og:locale\" content=\"ro_RO\" \/>\n<meta property=\"og:type\" content=\"article\" \/>\n<meta property=\"og:title\" content=\"Prim\u0103vara \u00eencepe cu Bikini Race la Arena Plato\u0219 P\u0103ltini\u0219 - Ski Magazine\" \/>\n<meta property=\"og:description\" content=\"Prezentare pe catwalk, prob\u0103 de ski sau snowboard slalom pe p\u00e2rtia D a complexului Arena Plato\u0219 P\u0103ltini\u0219, prob\u0103 de precizie,...\" \/>\n<meta property=\"og:url\" content=\"https:\/\/ski-outdoor.ro\/ski\/2018\/02\/28\/primavara-incepe-cu-bikini-race-la-arena-platos-paltinis\/\" \/>\n<meta property=\"og:site_name\" content=\"Ski Magazine\" \/>\n<meta property=\"article:published_time\" content=\"2018-02-28T20:36:52+00:00\" \/>\n<meta property=\"article:modified_time\" content=\"2019-11-01T19:33:50+00:00\" \/>\n<meta property=\"og:image\" content=\"https:\/\/ski-outdoor.ro\/ski\/wp-content\/uploads\/sites\/2\/2018\/02\/Bikini-Race-2017.jpg\" \/>\n\t<meta property=\"og:image:width\" content=\"2048\" \/>\n\t<meta property=\"og:image:height\" content=\"1362\" \/>\n\t<meta property=\"og:image:type\" content=\"image\/jpeg\" \/>\n<meta name=\"twitter:card\" content=\"summary_large_image\" \/>\n<meta name=\"twitter:label1\" content=\"Scris de\" \/>\n\t<meta name=\"twitter:data1\" content=\"Bianca \u0218omlea\" \/>\n\t<meta name=\"twitter:label2\" content=\"Timp estimat pentru citire\" \/>\n\t<meta name=\"twitter:data2\" content=\"2 minute\" \/>\n<script type=\"application\/ld+json\" class=\"yoast-schema-graph\">{\"@context\":\"https:\/\/schema.org\",\"@graph\":[{\"@type\":\"WebSite\",\"@id\":\"https:\/\/ski-outdoor.ro\/ski\/#website\",\"url\":\"https:\/\/ski-outdoor.ro\/ski\/\",\"name\":\"Ski Magazine\",\"description\":\"\",\"potentialAction\":[{\"@type\":\"SearchAction\",\"target\":{\"@type\":\"EntryPoint\",\"urlTemplate\":\"https:\/\/ski-outdoor.ro\/ski\/?s={search_term_string}\"},\"query-input\":\"required name=search_term_string\"}],\"inLanguage\":\"ro-RO\"},{\"@type\":\"ImageObject\",\"@id\":\"https:\/\/ski-outdoor.ro\/ski\/2018\/02\/28\/primavara-incepe-cu-bikini-race-la-arena-platos-paltinis\/#primaryimage\",\"inLanguage\":\"ro-RO\",\"url\":\"https:\/\/ski-outdoor.ro\/ski\/wp-content\/uploads\/sites\/2\/2018\/02\/Bikini-Race-2017.jpg\",\"contentUrl\":\"https:\/\/ski-outdoor.ro\/ski\/wp-content\/uploads\/sites\/2\/2018\/02\/Bikini-Race-2017.jpg\",\"width\":2048,\"height\":1362},{\"@type\":\"WebPage\",\"@id\":\"https:\/\/ski-outdoor.ro\/ski\/2018\/02\/28\/primavara-incepe-cu-bikini-race-la-arena-platos-paltinis\/#webpage\",\"url\":\"https:\/\/ski-outdoor.ro\/ski\/2018\/02\/28\/primavara-incepe-cu-bikini-race-la-arena-platos-paltinis\/\",\"name\":\"Prim\u0103vara \u00eencepe cu Bikini Race la Arena Plato\u0219 P\u0103ltini\u0219 - Ski Magazine\",\"isPartOf\":{\"@id\":\"https:\/\/ski-outdoor.ro\/ski\/#website\"},\"primaryImageOfPage\":{\"@id\":\"https:\/\/ski-outdoor.ro\/ski\/2018\/02\/28\/primavara-incepe-cu-bikini-race-la-arena-platos-paltinis\/#primaryimage\"},\"datePublished\":\"2018-02-28T20:36:52+00:00\",\"dateModified\":\"2019-11-01T19:33:50+00:00\",\"author\":{\"@id\":\"https:\/\/ski-outdoor.ro\/ski\/#\/schema\/person\/29661f8d079aa10872d8edcf2a2a520b\"},\"breadcrumb\":{\"@id\":\"https:\/\/ski-outdoor.ro\/ski\/2018\/02\/28\/primavara-incepe-cu-bikini-race-la-arena-platos-paltinis\/#breadcrumb\"},\"inLanguage\":\"ro-RO\",\"potentialAction\":[{\"@type\":\"ReadAction\",\"target\":[\"https:\/\/ski-outdoor.ro\/ski\/2018\/02\/28\/primavara-incepe-cu-bikini-race-la-arena-platos-paltinis\/\"]}]},{\"@type\":\"BreadcrumbList\",\"@id\":\"https:\/\/ski-outdoor.ro\/ski\/2018\/02\/28\/primavara-incepe-cu-bikini-race-la-arena-platos-paltinis\/#breadcrumb\",\"itemListElement\":[{\"@type\":\"ListItem\",\"position\":1,\"name\":\"Home\",\"item\":\"https:\/\/ski-outdoor.ro\/ski\/\"},{\"@type\":\"ListItem\",\"position\":2,\"name\":\"Prim\u0103vara \u00eencepe cu Bikini Race la Arena Plato\u0219 P\u0103ltini\u0219\"}]},{\"@type\":\"Person\",\"@id\":\"https:\/\/ski-outdoor.ro\/ski\/#\/schema\/person\/29661f8d079aa10872d8edcf2a2a520b\",\"name\":\"Bianca \u0218omlea\",\"image\":{\"@type\":\"ImageObject\",\"@id\":\"https:\/\/ski-outdoor.ro\/ski\/#personlogo\",\"inLanguage\":\"ro-RO\",\"url\":\"https:\/\/secure.gravatar.com\/avatar\/b39a83203da3fc8888ded6e8052246ad?s=96&d=mm&r=g\",\"contentUrl\":\"https:\/\/secure.gravatar.com\/avatar\/b39a83203da3fc8888ded6e8052246ad?s=96&d=mm&r=g\",\"caption\":\"Bianca \u0218omlea\"},\"url\":\"https:\/\/ski-outdoor.ro\/ski\/author\/editorfb206\/\"}]}<\/script>\n<!-- \/ Yoast SEO plugin. -->","yoast_head_json":{"title":"Prim\u0103vara \u00eencepe cu Bikini Race la Arena Plato\u0219 P\u0103ltini\u0219 - Ski Magazine","robots":{"index":"index","follow":"follow","max-snippet":"max-snippet:-1","max-image-preview":"max-image-preview:large","max-video-preview":"max-video-preview:-1"},"canonical":"https:\/\/ski-outdoor.ro\/ski\/2018\/02\/28\/primavara-incepe-cu-bikini-race-la-arena-platos-paltinis\/","og_locale":"ro_RO","og_type":"article","og_title":"Prim\u0103vara \u00eencepe cu Bikini Race la Arena Plato\u0219 P\u0103ltini\u0219 - Ski Magazine","og_description":"Prezentare pe catwalk, prob\u0103 de ski sau snowboard slalom pe p\u00e2rtia D a complexului Arena Plato\u0219 P\u0103ltini\u0219, prob\u0103 de precizie,...","og_url":"https:\/\/ski-outdoor.ro\/ski\/2018\/02\/28\/primavara-incepe-cu-bikini-race-la-arena-platos-paltinis\/","og_site_name":"Ski Magazine","article_published_time":"2018-02-28T20:36:52+00:00","article_modified_time":"2019-11-01T19:33:50+00:00","og_image":[{"width":2048,"height":1362,"url":"https:\/\/ski-outdoor.ro\/ski\/wp-content\/uploads\/sites\/2\/2018\/02\/Bikini-Race-2017.jpg","type":"image\/jpeg"}],"twitter_card":"summary_large_image","twitter_misc":{"Scris de":"Bianca \u0218omlea","Timp estimat pentru citire":"2 minute"},"schema":{"@context":"https:\/\/schema.org","@graph":[{"@type":"WebSite","@id":"https:\/\/ski-outdoor.ro\/ski\/#website","url":"https:\/\/ski-outdoor.ro\/ski\/","name":"Ski Magazine","description":"","potentialAction":[{"@type":"SearchAction","target":{"@type":"EntryPoint","urlTemplate":"https:\/\/ski-outdoor.ro\/ski\/?s={search_term_string}"},"query-input":"required name=search_term_string"}],"inLanguage":"ro-RO"},{"@type":"ImageObject","@id":"https:\/\/ski-outdoor.ro\/ski\/2018\/02\/28\/primavara-incepe-cu-bikini-race-la-arena-platos-paltinis\/#primaryimage","inLanguage":"ro-RO","url":"https:\/\/ski-outdoor.ro\/ski\/wp-content\/uploads\/sites\/2\/2018\/02\/Bikini-Race-2017.jpg","contentUrl":"https:\/\/ski-outdoor.ro\/ski\/wp-content\/uploads\/sites\/2\/2018\/02\/Bikini-Race-2017.jpg","width":2048,"height":1362},{"@type":"WebPage","@id":"https:\/\/ski-outdoor.ro\/ski\/2018\/02\/28\/primavara-incepe-cu-bikini-race-la-arena-platos-paltinis\/#webpage","url":"https:\/\/ski-outdoor.ro\/ski\/2018\/02\/28\/primavara-incepe-cu-bikini-race-la-arena-platos-paltinis\/","name":"Prim\u0103vara \u00eencepe cu Bikini Race la Arena Plato\u0219 P\u0103ltini\u0219 - Ski Magazine","isPartOf":{"@id":"https:\/\/ski-outdoor.ro\/ski\/#website"},"primaryImageOfPage":{"@id":"https:\/\/ski-outdoor.ro\/ski\/2018\/02\/28\/primavara-incepe-cu-bikini-race-la-arena-platos-paltinis\/#primaryimage"},"datePublished":"2018-02-28T20:36:52+00:00","dateModified":"2019-11-01T19:33:50+00:00","author":{"@id":"https:\/\/ski-outdoor.ro\/ski\/#\/schema\/person\/29661f8d079aa10872d8edcf2a2a520b"},"breadcrumb":{"@id":"https:\/\/ski-outdoor.ro\/ski\/2018\/02\/28\/primavara-incepe-cu-bikini-race-la-arena-platos-paltinis\/#breadcrumb"},"inLanguage":"ro-RO","potentialAction":[{"@type":"ReadAction","target":["https:\/\/ski-outdoor.ro\/ski\/2018\/02\/28\/primavara-incepe-cu-bikini-race-la-arena-platos-paltinis\/"]}]},{"@type":"BreadcrumbList","@id":"https:\/\/ski-outdoor.ro\/ski\/2018\/02\/28\/primavara-incepe-cu-bikini-race-la-arena-platos-paltinis\/#breadcrumb","itemListElement":[{"@type":"ListItem","position":1,"name":"Home","item":"https:\/\/ski-outdoor.ro\/ski\/"},{"@type":"ListItem","position":2,"name":"Prim\u0103vara \u00eencepe cu Bikini Race la Arena Plato\u0219 P\u0103ltini\u0219"}]},{"@type":"Person","@id":"https:\/\/ski-outdoor.ro\/ski\/#\/schema\/person\/29661f8d079aa10872d8edcf2a2a520b","name":"Bianca \u0218omlea","image":{"@type":"ImageObject","@id":"https:\/\/ski-outdoor.ro\/ski\/#personlogo","inLanguage":"ro-RO","url":"https:\/\/secure.gravatar.com\/avatar\/b39a83203da3fc8888ded6e8052246ad?s=96&d=mm&r=g","contentUrl":"https:\/\/secure.gravatar.com\/avatar\/b39a83203da3fc8888ded6e8052246ad?s=96&d=mm&r=g","caption":"Bianca \u0218omlea"},"url":"https:\/\/ski-outdoor.ro\/ski\/author\/editorfb206\/"}]}},"_links":{"self":[{"href":"https:\/\/ski-outdoor.ro\/ski\/wp-json\/wp\/v2\/posts\/10883"}],"collection":[{"href":"https:\/\/ski-outdoor.ro\/ski\/wp-json\/wp\/v2\/posts"}],"about":[{"href":"https:\/\/ski-outdoor.ro\/ski\/wp-json\/wp\/v2\/types\/post"}],"author":[{"embeddable":true,"href":"https:\/\/ski-outdoor.ro\/ski\/wp-json\/wp\/v2\/users\/16"}],"replies":[{"embeddable":true,"href":"https:\/\/ski-outdoor.ro\/ski\/wp-json\/wp\/v2\/comments?post=10883"}],"version-history":[{"count":1,"href":"https:\/\/ski-outdoor.ro\/ski\/wp-json\/wp\/v2\/posts\/10883\/revisions"}],"predecessor-version":[{"id":13084,"href":"https:\/\/ski-outdoor.ro\/ski\/wp-json\/wp\/v2\/posts\/10883\/revisions\/13084"}],"wp:featuredmedia":[{"embeddable":true,"href":"https:\/\/ski-outdoor.ro\/ski\/wp-json\/wp\/v2\/media\/10884"}],"wp:attachment":[{"href":"https:\/\/ski-outdoor.ro\/ski\/wp-json\/wp\/v2\/media?parent=10883"}],"wp:term":[{"taxonomy":"category","embeddable":true,"href":"https:\/\/ski-outdoor.ro\/ski\/wp-json\/wp\/v2\/categories?post=10883"},{"taxonomy":"post_tag","embeddable":true,"href":"https:\/\/ski-outdoor.ro\/ski\/wp-json\/wp\/v2\/tags?post=10883"}],"curies":[{"name":"wp","href":"https:\/\/api.w.org\/{rel}","templated":true}]}}