{"id":11362,"date":"2018-11-26T21:27:50","date_gmt":"2018-11-26T19:27:50","guid":{"rendered":"https:\/\/skipassmagazine.ro\/?p=11362"},"modified":"2019-11-06T23:57:55","modified_gmt":"2019-11-06T23:57:55","slug":"a-doua-vacanta-de-iarna-al-doilea-snow-fest-kids-pe-al-treilea-domeniu-schiabil-din-lume","status":"publish","type":"post","link":"https:\/\/ski-outdoor.ro\/ski\/2018\/11\/26\/a-doua-vacanta-de-iarna-al-doilea-snow-fest-kids-pe-al-treilea-domeniu-schiabil-din-lume\/","title":{"rendered":"A doua vacan\u021b\u0103 de iarn\u0103, al doilea Snow Fest Kids. Pe al treilea domeniu schiabil din lume!"},"content":{"rendered":"\n<p><strong>Snow Fest Kids, eveniment special pentru familii, conceput de cei de la Snow Fest la Livigno. \u0218i dac\u0103 nu a\u021bi fost, e foarte posibil s\u0103 v\u0103 fi dorit asta. Pentru iarna care urmeaz\u0103, Snow Fest Kids Livigno este deja sold out \u00eenc\u0103 din luna septembrie. <\/strong><\/p>\n\n\n\n<p>Din p\u0103cate,hotelul Alpen Village unde se \u00eent\u00e2mpl\u0103 totul are doar 175 de carmere \u0219i, firesc, num\u0103rul de locuri la Snow Fest Kids este limitat la num\u0103rul de paturi . Dat fiind succesul \u00eenregistrat cu cei mici \u0219i, mai ales, cu p\u0103rin\u021bii lor, cei de la Snow Fest au c\u0103utat, s-au interesat \u0219i au g\u0103sit \u00eenc\u0103 un loc pentru a face o nou\u0103 edi\u021bie Snow Fest Kids. <\/p>\n\n\n\n<div class=\"wp-block-image\"><figure class=\"aligncenter\"><a href=\"https:\/\/skipassmagazine.ro\/a-doua-vacanta-de-iarna-al-doilea-snow-fest-kids-pe-al-treilea-domeniu-schiabil-din-lume\/bpn-vue-nuit\/\" rel=\"attachment wp-att-11383\"><img loading=\"lazy\" width=\"1181\" height=\"787\" src=\"https:\/\/skipassmagazine.ro\/wp-content\/uploads\/2018\/11\/BPN-VUE-NUIT.jpg\" alt=\"\" class=\"wp-image-11383\" srcset=\"https:\/\/ski-outdoor.ro\/ski\/wp-content\/uploads\/sites\/2\/2018\/11\/BPN-VUE-NUIT.jpg 1181w, https:\/\/ski-outdoor.ro\/ski\/wp-content\/uploads\/sites\/2\/2018\/11\/BPN-VUE-NUIT-300x200.jpg 300w, https:\/\/ski-outdoor.ro\/ski\/wp-content\/uploads\/sites\/2\/2018\/11\/BPN-VUE-NUIT-768x512.jpg 768w, https:\/\/ski-outdoor.ro\/ski\/wp-content\/uploads\/sites\/2\/2018\/11\/BPN-VUE-NUIT-1024x682.jpg 1024w, https:\/\/ski-outdoor.ro\/ski\/wp-content\/uploads\/sites\/2\/2018\/11\/BPN-VUE-NUIT-370x247.jpg 370w, https:\/\/ski-outdoor.ro\/ski\/wp-content\/uploads\/sites\/2\/2018\/11\/BPN-VUE-NUIT-270x180.jpg 270w, https:\/\/ski-outdoor.ro\/ski\/wp-content\/uploads\/sites\/2\/2018\/11\/BPN-VUE-NUIT-570x380.jpg 570w, https:\/\/ski-outdoor.ro\/ski\/wp-content\/uploads\/sites\/2\/2018\/11\/BPN-VUE-NUIT-770x513.jpg 770w, https:\/\/ski-outdoor.ro\/ski\/wp-content\/uploads\/sites\/2\/2018\/11\/BPN-VUE-NUIT-1170x780.jpg 1170w, https:\/\/ski-outdoor.ro\/ski\/wp-content\/uploads\/sites\/2\/2018\/11\/BPN-VUE-NUIT-870x580.jpg 870w\" sizes=\"(max-width: 1181px) 100vw, 1181px\" \/><\/a><figcaption>Belle Plagne, Paradiski<\/figcaption><\/figure><\/div>\n\n\n\n<p>Doar sunt dou\u0103 vacan\u021be de iarn\u0103, nu? Ei bine, \u00een vacan\u021ba din 2-9 februarie, c\u00e2nd condi\u021biile de schi sunt perfecte, z\u0103pada mult\u0103 \u0219i ziua mult mai lung\u0103, ni se propune un alt Snow Fest Kids, \u00een Fran\u021ba. Mai exact, \u00een micu\u021ba sta\u021biune Belle Plagne din cadrul faimosului domeniu Paradiski, cu 425 km de p\u00e2rtii interconectate, al doilea domeniu schiabil al Fran\u021bei \u0219i al treilea din lume!<\/p>\n\n\n\n<p>Cazarea se face \u00een studiouri \u0219i apartamente de 3 sau 4 stele, toate cu balcoane cu vedere panoramic\u0103 spre p\u00e2rtii \u0219i spre mun\u021bi \u0219i cu chestia pe care o iubesc eu la francezi: ski in ski out. Adic\u0103 ie\u0219i din cl\u0103dire direct pe p\u00e2rtie \u0219i revii tot pe p\u00e2rtie p\u00e2n\u0103 la u\u0219a de intrare. \u0218i nu, nu e neagr\u0103.<\/p>\n\n\n\n<ul class=\"wp-block-gallery columns-3 is-cropped\"><li class=\"blocks-gallery-item\"><figure><a href=\"https:\/\/ski-outdoor.ro\/ski\/wp-content\/uploads\/sites\/2\/2018\/11\/constellations-callisto-vue.jpg\"><img loading=\"lazy\" width=\"2480\" height=\"1697\" src=\"https:\/\/ski-outdoor.ro\/ski\/wp-content\/uploads\/sites\/2\/2018\/11\/constellations-callisto-vue.jpg\" alt=\"\" data-id=\"11386\" class=\"wp-image-11386\" srcset=\"https:\/\/ski-outdoor.ro\/ski\/wp-content\/uploads\/sites\/2\/2018\/11\/constellations-callisto-vue.jpg 2480w, https:\/\/ski-outdoor.ro\/ski\/wp-content\/uploads\/sites\/2\/2018\/11\/constellations-callisto-vue-300x205.jpg 300w, https:\/\/ski-outdoor.ro\/ski\/wp-content\/uploads\/sites\/2\/2018\/11\/constellations-callisto-vue-768x526.jpg 768w, https:\/\/ski-outdoor.ro\/ski\/wp-content\/uploads\/sites\/2\/2018\/11\/constellations-callisto-vue-1024x701.jpg 1024w, https:\/\/ski-outdoor.ro\/ski\/wp-content\/uploads\/sites\/2\/2018\/11\/constellations-callisto-vue-370x253.jpg 370w, https:\/\/ski-outdoor.ro\/ski\/wp-content\/uploads\/sites\/2\/2018\/11\/constellations-callisto-vue-570x390.jpg 570w, https:\/\/ski-outdoor.ro\/ski\/wp-content\/uploads\/sites\/2\/2018\/11\/constellations-callisto-vue-770x527.jpg 770w, https:\/\/ski-outdoor.ro\/ski\/wp-content\/uploads\/sites\/2\/2018\/11\/constellations-callisto-vue-1170x801.jpg 1170w, https:\/\/ski-outdoor.ro\/ski\/wp-content\/uploads\/sites\/2\/2018\/11\/constellations-callisto-vue-848x580.jpg 848w\" sizes=\"(max-width: 2480px) 100vw, 2480px\" \/><\/a><\/figure><\/li><li class=\"blocks-gallery-item\"><figure><a href=\"https:\/\/ski-outdoor.ro\/ski\/wp-content\/uploads\/sites\/2\/2018\/11\/constellations-vue1.jpg\"><img loading=\"lazy\" width=\"800\" height=\"532\" src=\"https:\/\/ski-outdoor.ro\/ski\/wp-content\/uploads\/sites\/2\/2018\/11\/constellations-vue1.jpg\" alt=\"\" data-id=\"11387\" class=\"wp-image-11387\" srcset=\"https:\/\/ski-outdoor.ro\/ski\/wp-content\/uploads\/sites\/2\/2018\/11\/constellations-vue1.jpg 800w, https:\/\/ski-outdoor.ro\/ski\/wp-content\/uploads\/sites\/2\/2018\/11\/constellations-vue1-300x200.jpg 300w, https:\/\/ski-outdoor.ro\/ski\/wp-content\/uploads\/sites\/2\/2018\/11\/constellations-vue1-768x511.jpg 768w, https:\/\/ski-outdoor.ro\/ski\/wp-content\/uploads\/sites\/2\/2018\/11\/constellations-vue1-370x246.jpg 370w, https:\/\/ski-outdoor.ro\/ski\/wp-content\/uploads\/sites\/2\/2018\/11\/constellations-vue1-270x180.jpg 270w, https:\/\/ski-outdoor.ro\/ski\/wp-content\/uploads\/sites\/2\/2018\/11\/constellations-vue1-570x379.jpg 570w, https:\/\/ski-outdoor.ro\/ski\/wp-content\/uploads\/sites\/2\/2018\/11\/constellations-vue1-770x512.jpg 770w\" sizes=\"(max-width: 800px) 100vw, 800px\" \/><\/a><\/figure><\/li><li class=\"blocks-gallery-item\"><figure><a href=\"https:\/\/ski-outdoor.ro\/ski\/wp-content\/uploads\/sites\/2\/2018\/11\/nereides-vue1.jpg\"><img loading=\"lazy\" width=\"800\" height=\"495\" src=\"https:\/\/ski-outdoor.ro\/ski\/wp-content\/uploads\/sites\/2\/2018\/11\/nereides-vue1.jpg\" alt=\"\" data-id=\"11388\" class=\"wp-image-11388\" srcset=\"https:\/\/ski-outdoor.ro\/ski\/wp-content\/uploads\/sites\/2\/2018\/11\/nereides-vue1.jpg 800w, https:\/\/ski-outdoor.ro\/ski\/wp-content\/uploads\/sites\/2\/2018\/11\/nereides-vue1-300x186.jpg 300w, https:\/\/ski-outdoor.ro\/ski\/wp-content\/uploads\/sites\/2\/2018\/11\/nereides-vue1-768x475.jpg 768w, https:\/\/ski-outdoor.ro\/ski\/wp-content\/uploads\/sites\/2\/2018\/11\/nereides-vue1-370x229.jpg 370w, https:\/\/ski-outdoor.ro\/ski\/wp-content\/uploads\/sites\/2\/2018\/11\/nereides-vue1-570x353.jpg 570w, https:\/\/ski-outdoor.ro\/ski\/wp-content\/uploads\/sites\/2\/2018\/11\/nereides-vue1-770x476.jpg 770w\" sizes=\"(max-width: 800px) 100vw, 800px\" \/><\/a><\/figure><\/li><\/ul>\n\n\n\n<p><br>Iar dac\u0103 st\u0103m s\u0103 ne g\u00e2ndim, parc\u0103 mai bine st\u0103 o familie cu copii \u00eentr-un apartament dec\u00e2t \u00eentr-o tripl\u0103 sau cvadrupl\u0103 de hotel. \u00centreba\u021bi-v\u0103 so\u021biile dac\u0103 nu m\u0103 crede\u021bi. Toate apartamentele au o chicinet\u0103 dotat\u0103 cu plit\u0103 electric\u0103, frigider, vesel\u0103 \u0219i tot ce este nevoie pentru cei ce vor s\u0103 \u00ee\u0219i preg\u0103teasc\u0103 singuri masa.<\/p>\n\n\n\n<ul class=\"wp-block-gallery columns-3 is-cropped\"><li class=\"blocks-gallery-item\"><figure><img loading=\"lazy\" width=\"1000\" height=\"667\" src=\"https:\/\/ski-outdoor.ro\/ski\/wp-content\/uploads\/sites\/2\/2018\/11\/CUISINE-NEREIDES-1.jpg\" alt=\"\" data-id=\"11390\" class=\"wp-image-11390\" srcset=\"https:\/\/ski-outdoor.ro\/ski\/wp-content\/uploads\/sites\/2\/2018\/11\/CUISINE-NEREIDES-1.jpg 1000w, https:\/\/ski-outdoor.ro\/ski\/wp-content\/uploads\/sites\/2\/2018\/11\/CUISINE-NEREIDES-1-300x200.jpg 300w, https:\/\/ski-outdoor.ro\/ski\/wp-content\/uploads\/sites\/2\/2018\/11\/CUISINE-NEREIDES-1-768x512.jpg 768w, https:\/\/ski-outdoor.ro\/ski\/wp-content\/uploads\/sites\/2\/2018\/11\/CUISINE-NEREIDES-1-370x247.jpg 370w, https:\/\/ski-outdoor.ro\/ski\/wp-content\/uploads\/sites\/2\/2018\/11\/CUISINE-NEREIDES-1-270x180.jpg 270w, https:\/\/ski-outdoor.ro\/ski\/wp-content\/uploads\/sites\/2\/2018\/11\/CUISINE-NEREIDES-1-570x380.jpg 570w, https:\/\/ski-outdoor.ro\/ski\/wp-content\/uploads\/sites\/2\/2018\/11\/CUISINE-NEREIDES-1-770x514.jpg 770w, https:\/\/ski-outdoor.ro\/ski\/wp-content\/uploads\/sites\/2\/2018\/11\/CUISINE-NEREIDES-1-870x580.jpg 870w\" sizes=\"(max-width: 1000px) 100vw, 1000px\" \/><\/figure><\/li><li class=\"blocks-gallery-item\"><figure><img loading=\"lazy\" width=\"290\" height=\"218\" src=\"https:\/\/ski-outdoor.ro\/ski\/wp-content\/uploads\/sites\/2\/2018\/11\/OsExecuteImage-1.jpg\" alt=\"\" data-id=\"11391\" class=\"wp-image-11391\" \/><\/figure><\/li><li class=\"blocks-gallery-item\"><figure><img loading=\"lazy\" width=\"1000\" height=\"667\" src=\"https:\/\/ski-outdoor.ro\/ski\/wp-content\/uploads\/sites\/2\/2018\/11\/VUE-SEJOUR-nereides.jpg\" alt=\"\" data-id=\"11392\" class=\"wp-image-11392\" srcset=\"https:\/\/ski-outdoor.ro\/ski\/wp-content\/uploads\/sites\/2\/2018\/11\/VUE-SEJOUR-nereides.jpg 1000w, https:\/\/ski-outdoor.ro\/ski\/wp-content\/uploads\/sites\/2\/2018\/11\/VUE-SEJOUR-nereides-300x200.jpg 300w, https:\/\/ski-outdoor.ro\/ski\/wp-content\/uploads\/sites\/2\/2018\/11\/VUE-SEJOUR-nereides-768x512.jpg 768w, https:\/\/ski-outdoor.ro\/ski\/wp-content\/uploads\/sites\/2\/2018\/11\/VUE-SEJOUR-nereides-370x247.jpg 370w, https:\/\/ski-outdoor.ro\/ski\/wp-content\/uploads\/sites\/2\/2018\/11\/VUE-SEJOUR-nereides-270x180.jpg 270w, https:\/\/ski-outdoor.ro\/ski\/wp-content\/uploads\/sites\/2\/2018\/11\/VUE-SEJOUR-nereides-570x380.jpg 570w, https:\/\/ski-outdoor.ro\/ski\/wp-content\/uploads\/sites\/2\/2018\/11\/VUE-SEJOUR-nereides-770x514.jpg 770w, https:\/\/ski-outdoor.ro\/ski\/wp-content\/uploads\/sites\/2\/2018\/11\/VUE-SEJOUR-nereides-870x580.jpg 870w\" sizes=\"(max-width: 1000px) 100vw, 1000px\" \/><\/figure><\/li><\/ul>\n\n\n\n<p><br>Pentru cei care nu vor asta, care vor s\u0103 fie servi\u021bi \u0219i s\u0103 se bucure de buc\u0103t\u0103ria francez\u0103, exist\u0103 posibilitatea de demipensiune la un restaurant aflat la 3 (trei) minute de locul de cazare.<\/p>\n\n\n\n<p>\u00cen rest, modelul cunoscut: dup\u0103 o zi de schi cu simpaticii instructori vorbitori de limb\u0103 rom\u00e2n\u0103, activit\u0103\u021bile pentru copii se vor desf\u0103\u0219ura sub supravegherea tinerilor de la Cerceta\u0219ii Rom\u00e2niei \u00eentr-o sal\u0103 de conferin\u021be care se g\u0103se\u0219te la 2 (dou\u0103) minute de apartamente. Asta \u00eenseamn\u0103 copii ferici\u021bi care alearg\u0103 dup\u0103 sticker-e pe ecuson, indiferent c\u0103 sunt \u00een tribul v\u00e2n\u0103torilor, \u00een cel al me\u0219te\u0219ugarilor sau \u00een tribul negustorilor. Iar copii ferici\u021bi \u0219i ocupa\u021bi, \u00eenseamn\u0103 p\u0103rin\u021bi relaxa\u021bi. A\u0219a c\u0103\u00a0 inevitabila petrecere a p\u0103rin\u021bilor are loc la la apres ski-ul de vis a vis cu DJ-i \u0219i tot ce trebuie. Fiind primul an, cei de la Snow Fest au preg\u0103tit un <a href=\"https:\/\/snow-fest.ro\/events\/kids-paradiski-2019\">pre\u021b promo\u021bional.<\/a><\/p>\n\n\n\n<p><em>Andrei Hu\u021banu<\/em><\/p>\n","protected":false},"excerpt":{"rendered":"<p>Snow Fest Kids, eveniment special pentru familii, conceput de cei de la Snow Fest la Livigno. \u0218i dac\u0103 nu a\u021bi&#8230;<\/p>\n","protected":false},"author":15,"featured_media":11382,"comment_status":"open","ping_status":"open","sticky":false,"template":"","format":"standard","meta":[],"categories":[46],"tags":[2006,550,1957,2007,513,1958,2008,2009],"yoast_head":"<!-- This site is optimized with the Yoast SEO plugin v18.4.1 - https:\/\/yoast.com\/wordpress\/plugins\/seo\/ -->\n<title>A doua vacan\u021b\u0103 de iarn\u0103, al doilea Snow Fest Kids. Pe al treilea domeniu schiabil din lume! - Ski Magazine<\/title>\n<meta name=\"robots\" content=\"index, follow, max-snippet:-1, max-image-preview:large, max-video-preview:-1\" \/>\n<link rel=\"canonical\" href=\"https:\/\/ski-outdoor.ro\/ski\/2018\/11\/26\/a-doua-vacanta-de-iarna-al-doilea-snow-fest-kids-pe-al-treilea-domeniu-schiabil-din-lume\/\" \/>\n<meta property=\"og:locale\" content=\"ro_RO\" \/>\n<meta property=\"og:type\" content=\"article\" \/>\n<meta property=\"og:title\" content=\"A doua vacan\u021b\u0103 de iarn\u0103, al doilea Snow Fest Kids. Pe al treilea domeniu schiabil din lume! - Ski Magazine\" \/>\n<meta property=\"og:description\" content=\"Snow Fest Kids, eveniment special pentru familii, conceput de cei de la Snow Fest la Livigno. \u0218i dac\u0103 nu a\u021bi...\" \/>\n<meta property=\"og:url\" content=\"https:\/\/ski-outdoor.ro\/ski\/2018\/11\/26\/a-doua-vacanta-de-iarna-al-doilea-snow-fest-kids-pe-al-treilea-domeniu-schiabil-din-lume\/\" \/>\n<meta property=\"og:site_name\" content=\"Ski Magazine\" \/>\n<meta property=\"article:published_time\" content=\"2018-11-26T19:27:50+00:00\" \/>\n<meta property=\"article:modified_time\" content=\"2019-11-06T23:57:55+00:00\" \/>\n<meta property=\"og:image\" content=\"https:\/\/ski-outdoor.ro\/ski\/wp-content\/uploads\/sites\/2\/2018\/11\/vue.jpg\" \/>\n\t<meta property=\"og:image:width\" content=\"600\" \/>\n\t<meta property=\"og:image:height\" content=\"411\" \/>\n\t<meta property=\"og:image:type\" content=\"image\/jpeg\" \/>\n<meta name=\"twitter:card\" content=\"summary_large_image\" \/>\n<meta name=\"twitter:label1\" content=\"Scris de\" \/>\n\t<meta name=\"twitter:data1\" content=\"Andrei Hutanu\" \/>\n\t<meta name=\"twitter:label2\" content=\"Timp estimat pentru citire\" \/>\n\t<meta name=\"twitter:data2\" content=\"2 minute\" \/>\n<script type=\"application\/ld+json\" class=\"yoast-schema-graph\">{\"@context\":\"https:\/\/schema.org\",\"@graph\":[{\"@type\":\"WebSite\",\"@id\":\"https:\/\/ski-outdoor.ro\/ski\/#website\",\"url\":\"https:\/\/ski-outdoor.ro\/ski\/\",\"name\":\"Ski Magazine\",\"description\":\"\",\"potentialAction\":[{\"@type\":\"SearchAction\",\"target\":{\"@type\":\"EntryPoint\",\"urlTemplate\":\"https:\/\/ski-outdoor.ro\/ski\/?s={search_term_string}\"},\"query-input\":\"required name=search_term_string\"}],\"inLanguage\":\"ro-RO\"},{\"@type\":\"ImageObject\",\"@id\":\"https:\/\/ski-outdoor.ro\/ski\/2018\/11\/26\/a-doua-vacanta-de-iarna-al-doilea-snow-fest-kids-pe-al-treilea-domeniu-schiabil-din-lume\/#primaryimage\",\"inLanguage\":\"ro-RO\",\"url\":\"https:\/\/ski-outdoor.ro\/ski\/wp-content\/uploads\/sites\/2\/2018\/11\/vue.jpg\",\"contentUrl\":\"https:\/\/ski-outdoor.ro\/ski\/wp-content\/uploads\/sites\/2\/2018\/11\/vue.jpg\",\"width\":600,\"height\":411,\"caption\":\"Belle Plagne, Paradiski\"},{\"@type\":\"WebPage\",\"@id\":\"https:\/\/ski-outdoor.ro\/ski\/2018\/11\/26\/a-doua-vacanta-de-iarna-al-doilea-snow-fest-kids-pe-al-treilea-domeniu-schiabil-din-lume\/#webpage\",\"url\":\"https:\/\/ski-outdoor.ro\/ski\/2018\/11\/26\/a-doua-vacanta-de-iarna-al-doilea-snow-fest-kids-pe-al-treilea-domeniu-schiabil-din-lume\/\",\"name\":\"A doua vacan\u021b\u0103 de iarn\u0103, al doilea Snow Fest Kids. Pe al treilea domeniu schiabil din lume! - Ski Magazine\",\"isPartOf\":{\"@id\":\"https:\/\/ski-outdoor.ro\/ski\/#website\"},\"primaryImageOfPage\":{\"@id\":\"https:\/\/ski-outdoor.ro\/ski\/2018\/11\/26\/a-doua-vacanta-de-iarna-al-doilea-snow-fest-kids-pe-al-treilea-domeniu-schiabil-din-lume\/#primaryimage\"},\"datePublished\":\"2018-11-26T19:27:50+00:00\",\"dateModified\":\"2019-11-06T23:57:55+00:00\",\"author\":{\"@id\":\"https:\/\/ski-outdoor.ro\/ski\/#\/schema\/person\/25ecfdd62fd05585715718ec6a89fd44\"},\"breadcrumb\":{\"@id\":\"https:\/\/ski-outdoor.ro\/ski\/2018\/11\/26\/a-doua-vacanta-de-iarna-al-doilea-snow-fest-kids-pe-al-treilea-domeniu-schiabil-din-lume\/#breadcrumb\"},\"inLanguage\":\"ro-RO\",\"potentialAction\":[{\"@type\":\"ReadAction\",\"target\":[\"https:\/\/ski-outdoor.ro\/ski\/2018\/11\/26\/a-doua-vacanta-de-iarna-al-doilea-snow-fest-kids-pe-al-treilea-domeniu-schiabil-din-lume\/\"]}]},{\"@type\":\"BreadcrumbList\",\"@id\":\"https:\/\/ski-outdoor.ro\/ski\/2018\/11\/26\/a-doua-vacanta-de-iarna-al-doilea-snow-fest-kids-pe-al-treilea-domeniu-schiabil-din-lume\/#breadcrumb\",\"itemListElement\":[{\"@type\":\"ListItem\",\"position\":1,\"name\":\"Home\",\"item\":\"https:\/\/ski-outdoor.ro\/ski\/\"},{\"@type\":\"ListItem\",\"position\":2,\"name\":\"A doua vacan\u021b\u0103 de iarn\u0103, al doilea Snow Fest Kids. Pe al treilea domeniu schiabil din lume!\"}]},{\"@type\":\"Person\",\"@id\":\"https:\/\/ski-outdoor.ro\/ski\/#\/schema\/person\/25ecfdd62fd05585715718ec6a89fd44\",\"name\":\"Andrei Hutanu\",\"image\":{\"@type\":\"ImageObject\",\"@id\":\"https:\/\/ski-outdoor.ro\/ski\/#personlogo\",\"inLanguage\":\"ro-RO\",\"url\":\"https:\/\/secure.gravatar.com\/avatar\/29ed3b0356133fa1b0b13d0f3857a161?s=96&d=mm&r=g\",\"contentUrl\":\"https:\/\/secure.gravatar.com\/avatar\/29ed3b0356133fa1b0b13d0f3857a161?s=96&d=mm&r=g\",\"caption\":\"Andrei Hutanu\"},\"url\":\"https:\/\/ski-outdoor.ro\/ski\/author\/editor\/\"}]}<\/script>\n<!-- \/ Yoast SEO plugin. -->","yoast_head_json":{"title":"A doua vacan\u021b\u0103 de iarn\u0103, al doilea Snow Fest Kids. Pe al treilea domeniu schiabil din lume! - Ski Magazine","robots":{"index":"index","follow":"follow","max-snippet":"max-snippet:-1","max-image-preview":"max-image-preview:large","max-video-preview":"max-video-preview:-1"},"canonical":"https:\/\/ski-outdoor.ro\/ski\/2018\/11\/26\/a-doua-vacanta-de-iarna-al-doilea-snow-fest-kids-pe-al-treilea-domeniu-schiabil-din-lume\/","og_locale":"ro_RO","og_type":"article","og_title":"A doua vacan\u021b\u0103 de iarn\u0103, al doilea Snow Fest Kids. Pe al treilea domeniu schiabil din lume! - Ski Magazine","og_description":"Snow Fest Kids, eveniment special pentru familii, conceput de cei de la Snow Fest la Livigno. \u0218i dac\u0103 nu a\u021bi...","og_url":"https:\/\/ski-outdoor.ro\/ski\/2018\/11\/26\/a-doua-vacanta-de-iarna-al-doilea-snow-fest-kids-pe-al-treilea-domeniu-schiabil-din-lume\/","og_site_name":"Ski Magazine","article_published_time":"2018-11-26T19:27:50+00:00","article_modified_time":"2019-11-06T23:57:55+00:00","og_image":[{"width":600,"height":411,"url":"https:\/\/ski-outdoor.ro\/ski\/wp-content\/uploads\/sites\/2\/2018\/11\/vue.jpg","type":"image\/jpeg"}],"twitter_card":"summary_large_image","twitter_misc":{"Scris de":"Andrei Hutanu","Timp estimat pentru citire":"2 minute"},"schema":{"@context":"https:\/\/schema.org","@graph":[{"@type":"WebSite","@id":"https:\/\/ski-outdoor.ro\/ski\/#website","url":"https:\/\/ski-outdoor.ro\/ski\/","name":"Ski Magazine","description":"","potentialAction":[{"@type":"SearchAction","target":{"@type":"EntryPoint","urlTemplate":"https:\/\/ski-outdoor.ro\/ski\/?s={search_term_string}"},"query-input":"required name=search_term_string"}],"inLanguage":"ro-RO"},{"@type":"ImageObject","@id":"https:\/\/ski-outdoor.ro\/ski\/2018\/11\/26\/a-doua-vacanta-de-iarna-al-doilea-snow-fest-kids-pe-al-treilea-domeniu-schiabil-din-lume\/#primaryimage","inLanguage":"ro-RO","url":"https:\/\/ski-outdoor.ro\/ski\/wp-content\/uploads\/sites\/2\/2018\/11\/vue.jpg","contentUrl":"https:\/\/ski-outdoor.ro\/ski\/wp-content\/uploads\/sites\/2\/2018\/11\/vue.jpg","width":600,"height":411,"caption":"Belle Plagne, Paradiski"},{"@type":"WebPage","@id":"https:\/\/ski-outdoor.ro\/ski\/2018\/11\/26\/a-doua-vacanta-de-iarna-al-doilea-snow-fest-kids-pe-al-treilea-domeniu-schiabil-din-lume\/#webpage","url":"https:\/\/ski-outdoor.ro\/ski\/2018\/11\/26\/a-doua-vacanta-de-iarna-al-doilea-snow-fest-kids-pe-al-treilea-domeniu-schiabil-din-lume\/","name":"A doua vacan\u021b\u0103 de iarn\u0103, al doilea Snow Fest Kids. Pe al treilea domeniu schiabil din lume! - Ski Magazine","isPartOf":{"@id":"https:\/\/ski-outdoor.ro\/ski\/#website"},"primaryImageOfPage":{"@id":"https:\/\/ski-outdoor.ro\/ski\/2018\/11\/26\/a-doua-vacanta-de-iarna-al-doilea-snow-fest-kids-pe-al-treilea-domeniu-schiabil-din-lume\/#primaryimage"},"datePublished":"2018-11-26T19:27:50+00:00","dateModified":"2019-11-06T23:57:55+00:00","author":{"@id":"https:\/\/ski-outdoor.ro\/ski\/#\/schema\/person\/25ecfdd62fd05585715718ec6a89fd44"},"breadcrumb":{"@id":"https:\/\/ski-outdoor.ro\/ski\/2018\/11\/26\/a-doua-vacanta-de-iarna-al-doilea-snow-fest-kids-pe-al-treilea-domeniu-schiabil-din-lume\/#breadcrumb"},"inLanguage":"ro-RO","potentialAction":[{"@type":"ReadAction","target":["https:\/\/ski-outdoor.ro\/ski\/2018\/11\/26\/a-doua-vacanta-de-iarna-al-doilea-snow-fest-kids-pe-al-treilea-domeniu-schiabil-din-lume\/"]}]},{"@type":"BreadcrumbList","@id":"https:\/\/ski-outdoor.ro\/ski\/2018\/11\/26\/a-doua-vacanta-de-iarna-al-doilea-snow-fest-kids-pe-al-treilea-domeniu-schiabil-din-lume\/#breadcrumb","itemListElement":[{"@type":"ListItem","position":1,"name":"Home","item":"https:\/\/ski-outdoor.ro\/ski\/"},{"@type":"ListItem","position":2,"name":"A doua vacan\u021b\u0103 de iarn\u0103, al doilea Snow Fest Kids. Pe al treilea domeniu schiabil din lume!"}]},{"@type":"Person","@id":"https:\/\/ski-outdoor.ro\/ski\/#\/schema\/person\/25ecfdd62fd05585715718ec6a89fd44","name":"Andrei Hutanu","image":{"@type":"ImageObject","@id":"https:\/\/ski-outdoor.ro\/ski\/#personlogo","inLanguage":"ro-RO","url":"https:\/\/secure.gravatar.com\/avatar\/29ed3b0356133fa1b0b13d0f3857a161?s=96&d=mm&r=g","contentUrl":"https:\/\/secure.gravatar.com\/avatar\/29ed3b0356133fa1b0b13d0f3857a161?s=96&d=mm&r=g","caption":"Andrei Hutanu"},"url":"https:\/\/ski-outdoor.ro\/ski\/author\/editor\/"}]}},"_links":{"self":[{"href":"https:\/\/ski-outdoor.ro\/ski\/wp-json\/wp\/v2\/posts\/11362"}],"collection":[{"href":"https:\/\/ski-outdoor.ro\/ski\/wp-json\/wp\/v2\/posts"}],"about":[{"href":"https:\/\/ski-outdoor.ro\/ski\/wp-json\/wp\/v2\/types\/post"}],"author":[{"embeddable":true,"href":"https:\/\/ski-outdoor.ro\/ski\/wp-json\/wp\/v2\/users\/15"}],"replies":[{"embeddable":true,"href":"https:\/\/ski-outdoor.ro\/ski\/wp-json\/wp\/v2\/comments?post=11362"}],"version-history":[{"count":1,"href":"https:\/\/ski-outdoor.ro\/ski\/wp-json\/wp\/v2\/posts\/11362\/revisions"}],"predecessor-version":[{"id":13813,"href":"https:\/\/ski-outdoor.ro\/ski\/wp-json\/wp\/v2\/posts\/11362\/revisions\/13813"}],"wp:featuredmedia":[{"embeddable":true,"href":"https:\/\/ski-outdoor.ro\/ski\/wp-json\/wp\/v2\/media\/11382"}],"wp:attachment":[{"href":"https:\/\/ski-outdoor.ro\/ski\/wp-json\/wp\/v2\/media?parent=11362"}],"wp:term":[{"taxonomy":"category","embeddable":true,"href":"https:\/\/ski-outdoor.ro\/ski\/wp-json\/wp\/v2\/categories?post=11362"},{"taxonomy":"post_tag","embeddable":true,"href":"https:\/\/ski-outdoor.ro\/ski\/wp-json\/wp\/v2\/tags?post=11362"}],"curies":[{"name":"wp","href":"https:\/\/api.w.org\/{rel}","templated":true}]}}