{"id":12947,"date":"2019-09-10T17:13:29","date_gmt":"2019-09-10T17:13:29","guid":{"rendered":"https:\/\/ski-outdoor.ro\/ski\/?p=12947"},"modified":"2019-11-06T17:37:27","modified_gmt":"2019-11-06T17:37:27","slug":"efectele-incalzirii-globale-suedia-a-pierdut-cel-mai-inalt-varf","status":"publish","type":"post","link":"https:\/\/ski-outdoor.ro\/ski\/2019\/09\/10\/efectele-incalzirii-globale-suedia-a-pierdut-cel-mai-inalt-varf\/","title":{"rendered":"Efectele \u00eenc\u0103lzirii globale: Suedia a pierdut cel mai \u00eenalt v\u00e2rf"},"content":{"rendered":"\n<p><strong>Cel mai \u00eenalt v\u00e2rf din Suedia \u0219i-a pierdut statutul din cauza \u00eenc\u0103lzirii globale, potrivit The Guardian. Este vorba de v\u00e2rful sudic al muntelui Kebnekaise \u0219i care m\u0103sura p\u00e2n\u0103 de cur\u00e2nd 2.111 metri altitudine. Schimbarea a fost confirmat\u0103 de oamenii de \u0219tiin\u021b\u0103 care au observat c\u0103 ghe\u021barul aflat \u00een v\u00e2rf se tope\u0219te.<\/strong><\/p>\n\n\n\n<div class=\"wp-block-image\"><figure class=\"alignleft is-resized\"><img loading=\"lazy\" src=\"https:\/\/ski-outdoor.ro\/outdoor\/wp-content\/uploads\/sites\/4\/2019\/09\/4-3.jpg\" alt=\"\" class=\"wp-image-2860\" width=\"485\" height=\"264\" \/><figcaption>sursa: www.hros.net  <\/figcaption><\/figure><\/div>\n\n\n\n<p>Kebnekaise este aflat \u00een nordul Suediei, \u00een Mun\u021bii Scandinaviei. Are dou\u0103 v\u00e2rfuri: cel sudic, acoperit de ghe\u021bar \u0219i accesibil pasiona\u021bilor de drume\u021bii, \u0219i unul nordic, f\u0103r\u0103 ghea\u021b\u0103, mai dificil de escaladat de alpini\u0219tii neexperimenta\u021bi. <\/p>\n\n\n\n<p>Din 1880, de c\u00e2nd au fost m\u0103sura\u021bi prima dat\u0103, v\u00e2rful sudic a fost \u00eentotdeauna cel mai \u00eenalt. Anul acesta \u00eens\u0103, v\u00e2rful nordic a preluat titlul. El are 2.096,8 metri altitudine \u0219i este acum cu 1,2 metri mai \u00eenalt dec\u00e2t vecinul din sud.<\/p>\n\n\n\n<p>M\u0103sur\u0103torile au fost f\u0103cute de echipa\nprofesorului de geografie Ninis Rosqvist, de la Universitatea din Stockholm. Cercet\u0103torul,\ncare studiaz\u0103 muntele Kebnekaise de mai mul\u021bi ani a atras aten\u021bia c\u0103 acesta\neste un semnal c\u00e2t se poate de clar c\u0103 lucrurile se schimb\u0103 \u0219i c\u0103 \u00eenc\u0103lzirea\nglobal\u0103 are urm\u0103ri importante.<\/p>\n\n\n\n<p><em>Scris de: Bianca \u0218omlea<\/em><\/p>\n","protected":false},"excerpt":{"rendered":"<p>Cel mai \u00eenalt v\u00e2rf din Suedia \u0219i-a pierdut statutul din cauza \u00eenc\u0103lzirii globale, potrivit The Guardian. Este vorba de v\u00e2rful&#8230;<\/p>\n","protected":false},"author":1,"featured_media":13702,"comment_status":"open","ping_status":"open","sticky":false,"template":"","format":"standard","meta":[],"categories":[57],"tags":[],"yoast_head":"<!-- This site is optimized with the Yoast SEO plugin v18.4.1 - https:\/\/yoast.com\/wordpress\/plugins\/seo\/ -->\n<title>Efectele \u00eenc\u0103lzirii globale: Suedia a pierdut cel mai \u00eenalt v\u00e2rf - Ski Magazine<\/title>\n<meta name=\"robots\" content=\"index, follow, max-snippet:-1, max-image-preview:large, max-video-preview:-1\" \/>\n<link rel=\"canonical\" href=\"https:\/\/ski-outdoor.ro\/ski\/2019\/09\/10\/efectele-incalzirii-globale-suedia-a-pierdut-cel-mai-inalt-varf\/\" \/>\n<meta property=\"og:locale\" content=\"ro_RO\" \/>\n<meta property=\"og:type\" content=\"article\" \/>\n<meta property=\"og:title\" content=\"Efectele \u00eenc\u0103lzirii globale: Suedia a pierdut cel mai \u00eenalt v\u00e2rf - Ski Magazine\" \/>\n<meta property=\"og:description\" content=\"Cel mai \u00eenalt v\u00e2rf din Suedia \u0219i-a pierdut statutul din cauza \u00eenc\u0103lzirii globale, potrivit The Guardian. Este vorba de v\u00e2rful...\" \/>\n<meta property=\"og:url\" content=\"https:\/\/ski-outdoor.ro\/ski\/2019\/09\/10\/efectele-incalzirii-globale-suedia-a-pierdut-cel-mai-inalt-varf\/\" \/>\n<meta property=\"og:site_name\" content=\"Ski Magazine\" \/>\n<meta property=\"article:published_time\" content=\"2019-09-10T17:13:29+00:00\" \/>\n<meta property=\"article:modified_time\" content=\"2019-11-06T17:37:27+00:00\" \/>\n<meta property=\"og:image\" content=\"https:\/\/ski-outdoor.ro\/ski\/wp-content\/uploads\/sites\/2\/2019\/09\/3.jpg\" \/>\n\t<meta property=\"og:image:width\" content=\"960\" \/>\n\t<meta property=\"og:image:height\" content=\"480\" \/>\n\t<meta property=\"og:image:type\" content=\"image\/jpeg\" \/>\n<meta name=\"twitter:card\" content=\"summary_large_image\" \/>\n<meta name=\"twitter:label1\" content=\"Scris de\" \/>\n\t<meta name=\"twitter:data1\" content=\"Andrei Hu\u021banu\" \/>\n\t<meta name=\"twitter:label2\" content=\"Timp estimat pentru citire\" \/>\n\t<meta name=\"twitter:data2\" content=\"1 minut\" \/>\n<script type=\"application\/ld+json\" class=\"yoast-schema-graph\">{\"@context\":\"https:\/\/schema.org\",\"@graph\":[{\"@type\":\"WebSite\",\"@id\":\"https:\/\/ski-outdoor.ro\/ski\/#website\",\"url\":\"https:\/\/ski-outdoor.ro\/ski\/\",\"name\":\"Ski Magazine\",\"description\":\"\",\"potentialAction\":[{\"@type\":\"SearchAction\",\"target\":{\"@type\":\"EntryPoint\",\"urlTemplate\":\"https:\/\/ski-outdoor.ro\/ski\/?s={search_term_string}\"},\"query-input\":\"required name=search_term_string\"}],\"inLanguage\":\"ro-RO\"},{\"@type\":\"ImageObject\",\"@id\":\"https:\/\/ski-outdoor.ro\/ski\/2019\/09\/10\/efectele-incalzirii-globale-suedia-a-pierdut-cel-mai-inalt-varf\/#primaryimage\",\"inLanguage\":\"ro-RO\",\"url\":\"https:\/\/ski-outdoor.ro\/ski\/wp-content\/uploads\/sites\/2\/2019\/09\/3.jpg\",\"contentUrl\":\"https:\/\/ski-outdoor.ro\/ski\/wp-content\/uploads\/sites\/2\/2019\/09\/3.jpg\",\"width\":960,\"height\":480},{\"@type\":\"WebPage\",\"@id\":\"https:\/\/ski-outdoor.ro\/ski\/2019\/09\/10\/efectele-incalzirii-globale-suedia-a-pierdut-cel-mai-inalt-varf\/#webpage\",\"url\":\"https:\/\/ski-outdoor.ro\/ski\/2019\/09\/10\/efectele-incalzirii-globale-suedia-a-pierdut-cel-mai-inalt-varf\/\",\"name\":\"Efectele \u00eenc\u0103lzirii globale: Suedia a pierdut cel mai \u00eenalt v\u00e2rf - Ski Magazine\",\"isPartOf\":{\"@id\":\"https:\/\/ski-outdoor.ro\/ski\/#website\"},\"primaryImageOfPage\":{\"@id\":\"https:\/\/ski-outdoor.ro\/ski\/2019\/09\/10\/efectele-incalzirii-globale-suedia-a-pierdut-cel-mai-inalt-varf\/#primaryimage\"},\"datePublished\":\"2019-09-10T17:13:29+00:00\",\"dateModified\":\"2019-11-06T17:37:27+00:00\",\"author\":{\"@id\":\"https:\/\/ski-outdoor.ro\/ski\/#\/schema\/person\/bd2e807f873a4cc5fade7feeffee01c6\"},\"breadcrumb\":{\"@id\":\"https:\/\/ski-outdoor.ro\/ski\/2019\/09\/10\/efectele-incalzirii-globale-suedia-a-pierdut-cel-mai-inalt-varf\/#breadcrumb\"},\"inLanguage\":\"ro-RO\",\"potentialAction\":[{\"@type\":\"ReadAction\",\"target\":[\"https:\/\/ski-outdoor.ro\/ski\/2019\/09\/10\/efectele-incalzirii-globale-suedia-a-pierdut-cel-mai-inalt-varf\/\"]}]},{\"@type\":\"BreadcrumbList\",\"@id\":\"https:\/\/ski-outdoor.ro\/ski\/2019\/09\/10\/efectele-incalzirii-globale-suedia-a-pierdut-cel-mai-inalt-varf\/#breadcrumb\",\"itemListElement\":[{\"@type\":\"ListItem\",\"position\":1,\"name\":\"Home\",\"item\":\"https:\/\/ski-outdoor.ro\/ski\/\"},{\"@type\":\"ListItem\",\"position\":2,\"name\":\"Efectele \u00eenc\u0103lzirii globale: Suedia a pierdut cel mai \u00eenalt v\u00e2rf\"}]},{\"@type\":\"Person\",\"@id\":\"https:\/\/ski-outdoor.ro\/ski\/#\/schema\/person\/bd2e807f873a4cc5fade7feeffee01c6\",\"name\":\"Andrei Hu\u021banu\",\"image\":{\"@type\":\"ImageObject\",\"@id\":\"https:\/\/ski-outdoor.ro\/ski\/#personlogo\",\"inLanguage\":\"ro-RO\",\"url\":\"https:\/\/secure.gravatar.com\/avatar\/983d38310946f3b2c412b56934a6e105?s=96&d=mm&r=g\",\"contentUrl\":\"https:\/\/secure.gravatar.com\/avatar\/983d38310946f3b2c412b56934a6e105?s=96&d=mm&r=g\",\"caption\":\"Andrei Hu\u021banu\"},\"url\":\"https:\/\/ski-outdoor.ro\/ski\/author\/skimagazine_admin\/\"}]}<\/script>\n<!-- \/ Yoast SEO plugin. -->","yoast_head_json":{"title":"Efectele \u00eenc\u0103lzirii globale: Suedia a pierdut cel mai \u00eenalt v\u00e2rf - Ski Magazine","robots":{"index":"index","follow":"follow","max-snippet":"max-snippet:-1","max-image-preview":"max-image-preview:large","max-video-preview":"max-video-preview:-1"},"canonical":"https:\/\/ski-outdoor.ro\/ski\/2019\/09\/10\/efectele-incalzirii-globale-suedia-a-pierdut-cel-mai-inalt-varf\/","og_locale":"ro_RO","og_type":"article","og_title":"Efectele \u00eenc\u0103lzirii globale: Suedia a pierdut cel mai \u00eenalt v\u00e2rf - Ski Magazine","og_description":"Cel mai \u00eenalt v\u00e2rf din Suedia \u0219i-a pierdut statutul din cauza \u00eenc\u0103lzirii globale, potrivit The Guardian. Este vorba de v\u00e2rful...","og_url":"https:\/\/ski-outdoor.ro\/ski\/2019\/09\/10\/efectele-incalzirii-globale-suedia-a-pierdut-cel-mai-inalt-varf\/","og_site_name":"Ski Magazine","article_published_time":"2019-09-10T17:13:29+00:00","article_modified_time":"2019-11-06T17:37:27+00:00","og_image":[{"width":960,"height":480,"url":"https:\/\/ski-outdoor.ro\/ski\/wp-content\/uploads\/sites\/2\/2019\/09\/3.jpg","type":"image\/jpeg"}],"twitter_card":"summary_large_image","twitter_misc":{"Scris de":"Andrei Hu\u021banu","Timp estimat pentru citire":"1 minut"},"schema":{"@context":"https:\/\/schema.org","@graph":[{"@type":"WebSite","@id":"https:\/\/ski-outdoor.ro\/ski\/#website","url":"https:\/\/ski-outdoor.ro\/ski\/","name":"Ski Magazine","description":"","potentialAction":[{"@type":"SearchAction","target":{"@type":"EntryPoint","urlTemplate":"https:\/\/ski-outdoor.ro\/ski\/?s={search_term_string}"},"query-input":"required name=search_term_string"}],"inLanguage":"ro-RO"},{"@type":"ImageObject","@id":"https:\/\/ski-outdoor.ro\/ski\/2019\/09\/10\/efectele-incalzirii-globale-suedia-a-pierdut-cel-mai-inalt-varf\/#primaryimage","inLanguage":"ro-RO","url":"https:\/\/ski-outdoor.ro\/ski\/wp-content\/uploads\/sites\/2\/2019\/09\/3.jpg","contentUrl":"https:\/\/ski-outdoor.ro\/ski\/wp-content\/uploads\/sites\/2\/2019\/09\/3.jpg","width":960,"height":480},{"@type":"WebPage","@id":"https:\/\/ski-outdoor.ro\/ski\/2019\/09\/10\/efectele-incalzirii-globale-suedia-a-pierdut-cel-mai-inalt-varf\/#webpage","url":"https:\/\/ski-outdoor.ro\/ski\/2019\/09\/10\/efectele-incalzirii-globale-suedia-a-pierdut-cel-mai-inalt-varf\/","name":"Efectele \u00eenc\u0103lzirii globale: Suedia a pierdut cel mai \u00eenalt v\u00e2rf - Ski Magazine","isPartOf":{"@id":"https:\/\/ski-outdoor.ro\/ski\/#website"},"primaryImageOfPage":{"@id":"https:\/\/ski-outdoor.ro\/ski\/2019\/09\/10\/efectele-incalzirii-globale-suedia-a-pierdut-cel-mai-inalt-varf\/#primaryimage"},"datePublished":"2019-09-10T17:13:29+00:00","dateModified":"2019-11-06T17:37:27+00:00","author":{"@id":"https:\/\/ski-outdoor.ro\/ski\/#\/schema\/person\/bd2e807f873a4cc5fade7feeffee01c6"},"breadcrumb":{"@id":"https:\/\/ski-outdoor.ro\/ski\/2019\/09\/10\/efectele-incalzirii-globale-suedia-a-pierdut-cel-mai-inalt-varf\/#breadcrumb"},"inLanguage":"ro-RO","potentialAction":[{"@type":"ReadAction","target":["https:\/\/ski-outdoor.ro\/ski\/2019\/09\/10\/efectele-incalzirii-globale-suedia-a-pierdut-cel-mai-inalt-varf\/"]}]},{"@type":"BreadcrumbList","@id":"https:\/\/ski-outdoor.ro\/ski\/2019\/09\/10\/efectele-incalzirii-globale-suedia-a-pierdut-cel-mai-inalt-varf\/#breadcrumb","itemListElement":[{"@type":"ListItem","position":1,"name":"Home","item":"https:\/\/ski-outdoor.ro\/ski\/"},{"@type":"ListItem","position":2,"name":"Efectele \u00eenc\u0103lzirii globale: Suedia a pierdut cel mai \u00eenalt v\u00e2rf"}]},{"@type":"Person","@id":"https:\/\/ski-outdoor.ro\/ski\/#\/schema\/person\/bd2e807f873a4cc5fade7feeffee01c6","name":"Andrei Hu\u021banu","image":{"@type":"ImageObject","@id":"https:\/\/ski-outdoor.ro\/ski\/#personlogo","inLanguage":"ro-RO","url":"https:\/\/secure.gravatar.com\/avatar\/983d38310946f3b2c412b56934a6e105?s=96&d=mm&r=g","contentUrl":"https:\/\/secure.gravatar.com\/avatar\/983d38310946f3b2c412b56934a6e105?s=96&d=mm&r=g","caption":"Andrei Hu\u021banu"},"url":"https:\/\/ski-outdoor.ro\/ski\/author\/skimagazine_admin\/"}]}},"_links":{"self":[{"href":"https:\/\/ski-outdoor.ro\/ski\/wp-json\/wp\/v2\/posts\/12947"}],"collection":[{"href":"https:\/\/ski-outdoor.ro\/ski\/wp-json\/wp\/v2\/posts"}],"about":[{"href":"https:\/\/ski-outdoor.ro\/ski\/wp-json\/wp\/v2\/types\/post"}],"author":[{"embeddable":true,"href":"https:\/\/ski-outdoor.ro\/ski\/wp-json\/wp\/v2\/users\/1"}],"replies":[{"embeddable":true,"href":"https:\/\/ski-outdoor.ro\/ski\/wp-json\/wp\/v2\/comments?post=12947"}],"version-history":[{"count":2,"href":"https:\/\/ski-outdoor.ro\/ski\/wp-json\/wp\/v2\/posts\/12947\/revisions"}],"predecessor-version":[{"id":13703,"href":"https:\/\/ski-outdoor.ro\/ski\/wp-json\/wp\/v2\/posts\/12947\/revisions\/13703"}],"wp:featuredmedia":[{"embeddable":true,"href":"https:\/\/ski-outdoor.ro\/ski\/wp-json\/wp\/v2\/media\/13702"}],"wp:attachment":[{"href":"https:\/\/ski-outdoor.ro\/ski\/wp-json\/wp\/v2\/media?parent=12947"}],"wp:term":[{"taxonomy":"category","embeddable":true,"href":"https:\/\/ski-outdoor.ro\/ski\/wp-json\/wp\/v2\/categories?post=12947"},{"taxonomy":"post_tag","embeddable":true,"href":"https:\/\/ski-outdoor.ro\/ski\/wp-json\/wp\/v2\/tags?post=12947"}],"curies":[{"name":"wp","href":"https:\/\/api.w.org\/{rel}","templated":true}]}}