{"id":15018,"date":"2019-12-29T13:54:27","date_gmt":"2019-12-29T13:54:27","guid":{"rendered":"https:\/\/ski-outdoor.ro\/ski\/?p=15018"},"modified":"2019-12-29T13:54:28","modified_gmt":"2019-12-29T13:54:28","slug":"risc-ridicat-de-avalansa-in-muntii-fagaras","status":"publish","type":"post","link":"https:\/\/ski-outdoor.ro\/ski\/2019\/12\/29\/risc-ridicat-de-avalansa-in-muntii-fagaras\/","title":{"rendered":"Risc ridicat de avalan\u015f\u0103 \u00een Mun\u0163ii F\u0103g\u0103ra\u015f"},"content":{"rendered":"\n<p><strong>Meteorologii avertizeaz\u0103 c\u0103 exist\u0103 un risc foarte mare de avalan\u015f\u0103 \u00een Mun\u0163ii F\u0103g\u0103ra\u015f, generat, \u00een principal, de stratul \u00eensemnat de z\u0103pad\u0103 proasp\u0103t\u0103 \u015fi v\u00e2ntul puternic care va bate la altitudini de peste 1800 metri. Declan\u015farea avalan\u015felor, inclusiv a celor spontane, este posibil\u0103 la orice supra\u00eenc\u0103rc\u0103ri, iar salvamonti\u0219tii recomand\u0103 evitarea deplas\u0103rilor mai sus de limita cabanelor de pe versantul nordic.<\/strong><\/p>\n\n\n\n<p>Dup\u0103 ninsorile \u00eensemnate cantitativ din ultimele 24 de ore, stratul de z\u0103pad\u0103 a crescut \u00een Mun\u021bii F\u0103g\u0103ra\u0219 cu circa 80 cm \u00een zona \u00eenalt\u0103 \u015fi cu 40-50 cm la altitudini mai joase. \u00cen zonele ad\u0103postite, z\u0103pada transportat\u0103 de v\u00e2nt va continua s\u0103 formeze depozite, \u00een\u0103l\u0163imea troienelor put\u00e2nd dep\u0103\u015fi 2 metri.<\/p>\n\n\n\n<p>\u00cen Masivul Bucegi exist\u0103, de asemenea, un risc \u00eensemnat de avalan\u015f\u0103, \u00een condi\u0163iile \u00een care, la peste 1800 m, stratul instabil de z\u0103pad\u0103 proasp\u0103t\u0103, de tip pulver, m\u0103soar\u0103 pe alocuri peste 25 cm. Acest strat nou de z\u0103pad\u0103 este depus peste cruste de ghea\u0163\u0103 \u015fi stratul vechi, de aproximativ 15-20 cm, precizeaz\u0103 ANM.<\/p>\n\n\n\n<figure class=\"wp-block-image\"><img loading=\"lazy\" width=\"960\" height=\"681\" src=\"https:\/\/ski-outdoor.ro\/ski\/wp-content\/uploads\/sites\/2\/2019\/12\/meteoplus.strat-zapada.jpg\" alt=\"\" class=\"wp-image-15024\" srcset=\"https:\/\/ski-outdoor.ro\/ski\/wp-content\/uploads\/sites\/2\/2019\/12\/meteoplus.strat-zapada.jpg 960w, https:\/\/ski-outdoor.ro\/ski\/wp-content\/uploads\/sites\/2\/2019\/12\/meteoplus.strat-zapada-300x213.jpg 300w, https:\/\/ski-outdoor.ro\/ski\/wp-content\/uploads\/sites\/2\/2019\/12\/meteoplus.strat-zapada-768x545.jpg 768w, https:\/\/ski-outdoor.ro\/ski\/wp-content\/uploads\/sites\/2\/2019\/12\/meteoplus.strat-zapada-370x262.jpg 370w, https:\/\/ski-outdoor.ro\/ski\/wp-content\/uploads\/sites\/2\/2019\/12\/meteoplus.strat-zapada-570x404.jpg 570w, https:\/\/ski-outdoor.ro\/ski\/wp-content\/uploads\/sites\/2\/2019\/12\/meteoplus.strat-zapada-770x546.jpg 770w, https:\/\/ski-outdoor.ro\/ski\/wp-content\/uploads\/sites\/2\/2019\/12\/meteoplus.strat-zapada-818x580.jpg 818w\" sizes=\"(max-width: 960px) 100vw, 960px\" \/><figcaption>sursa: Facebook \/ Meteoplus <\/figcaption><\/figure>\n\n\n\n<p>Duminic\u0103 diminea\u0163a, \u00een Carpa\u0163ii Meridionali, stratul de z\u0103pad\u0103 m\u0103sura 163 cm la B\u00e2lea-Lac, 63 cm la Vf. Omu, 50 cm la P\u0103ltini\u015f, 36 cm la Predeal, 19 cm Vf. \u0162arcu, 19 cm la Cuntu, 16 cm la Par\u00e2ng, 13 cm la Sinaia, 18 cm la Fundata. \u00cen Carpa\u0163ii Orientali, z\u0103pada avea 39 cm la L\u0103c\u0103u\u0163i, 32 cm la Vf. C\u0103limani, 16 cm la Iezer-Rodnei, 13 cm la Ceahl\u0103u-Toaca, 10 cm la Bucin iar \u00een Carpa\u0163ii Occidentali erau 38 cm de z\u0103pad\u0103 la Semenic, 37 cm la Vladeasa 1400 m, 33 cm la St\u00e2na de Vale \u015fi 38 cm la Vf. Vl\u0103deasa.<\/p>\n\n\n\n<p>Ninsorile vor continua duminic\u0103, \u00eens\u0103 luni vremea va fi \u00eensorit\u0103. Temperaturile se men\u021bin negative. La peste 1800 m altitudine vor fi minime \u00eentre -18 \u015fi -12 grade Celsius \u015fi maxime \u00eentre -14 \u015fi -8 grade Celsius. La altitudini mai joase, temperaturile minime vor fi cuprinse \u00eentre -12 \u015fi -8 grade Celsius \u015fi temperaturi maxime \u00eentre -7 \u015fi -3 grade Celsius.<\/p>\n\n\n\n<p><em>Scris de: Bianca \u0218omlea<\/em><em><\/em><\/p>\n","protected":false},"excerpt":{"rendered":"<p>Meteorologii avertizeaz\u0103 c\u0103 exist\u0103 un risc foarte mare de avalan\u015f\u0103 \u00een Mun\u0163ii F\u0103g\u0103ra\u015f, generat, \u00een principal, de stratul \u00eensemnat de&#8230;<\/p>\n","protected":false},"author":16,"featured_media":15021,"comment_status":"open","ping_status":"open","sticky":false,"template":"","format":"standard","meta":[],"categories":[2770],"tags":[3094,2555,636,3093,386,1709,3096,3097,3095,2838,715,3098,3099,3092,1214,2461,70,174,3100,3091,3090,2557,388,161,2500,2644,1280,654,2512],"yoast_head":"<!-- This site is optimized with the Yoast SEO plugin v18.4.1 - https:\/\/yoast.com\/wordpress\/plugins\/seo\/ -->\n<title>Risc ridicat de avalan\u015f\u0103 \u00een Mun\u0163ii F\u0103g\u0103ra\u015f - Ski Magazine<\/title>\n<meta name=\"robots\" content=\"index, follow, max-snippet:-1, max-image-preview:large, max-video-preview:-1\" \/>\n<link rel=\"canonical\" href=\"https:\/\/ski-outdoor.ro\/ski\/2019\/12\/29\/risc-ridicat-de-avalansa-in-muntii-fagaras\/\" \/>\n<meta property=\"og:locale\" content=\"ro_RO\" \/>\n<meta property=\"og:type\" content=\"article\" \/>\n<meta property=\"og:title\" content=\"Risc ridicat de avalan\u015f\u0103 \u00een Mun\u0163ii F\u0103g\u0103ra\u015f - Ski Magazine\" \/>\n<meta property=\"og:description\" content=\"Meteorologii avertizeaz\u0103 c\u0103 exist\u0103 un risc foarte mare de avalan\u015f\u0103 \u00een Mun\u0163ii F\u0103g\u0103ra\u015f, generat, \u00een principal, de stratul \u00eensemnat de...\" \/>\n<meta property=\"og:url\" content=\"https:\/\/ski-outdoor.ro\/ski\/2019\/12\/29\/risc-ridicat-de-avalansa-in-muntii-fagaras\/\" \/>\n<meta property=\"og:site_name\" content=\"Ski Magazine\" \/>\n<meta property=\"article:published_time\" content=\"2019-12-29T13:54:27+00:00\" \/>\n<meta property=\"article:modified_time\" content=\"2019-12-29T13:54:28+00:00\" \/>\n<meta property=\"og:image\" content=\"https:\/\/ski-outdoor.ro\/ski\/wp-content\/uploads\/sites\/2\/2019\/12\/balea-lac.jpg\" \/>\n\t<meta property=\"og:image:width\" content=\"960\" \/>\n\t<meta property=\"og:image:height\" content=\"529\" \/>\n\t<meta property=\"og:image:type\" content=\"image\/jpeg\" \/>\n<meta name=\"twitter:card\" content=\"summary_large_image\" \/>\n<meta name=\"twitter:label1\" content=\"Scris de\" \/>\n\t<meta name=\"twitter:data1\" content=\"Bianca \u0218omlea\" \/>\n\t<meta name=\"twitter:label2\" content=\"Timp estimat pentru citire\" \/>\n\t<meta name=\"twitter:data2\" content=\"2 minute\" \/>\n<script type=\"application\/ld+json\" class=\"yoast-schema-graph\">{\"@context\":\"https:\/\/schema.org\",\"@graph\":[{\"@type\":\"WebSite\",\"@id\":\"https:\/\/ski-outdoor.ro\/ski\/#website\",\"url\":\"https:\/\/ski-outdoor.ro\/ski\/\",\"name\":\"Ski Magazine\",\"description\":\"\",\"potentialAction\":[{\"@type\":\"SearchAction\",\"target\":{\"@type\":\"EntryPoint\",\"urlTemplate\":\"https:\/\/ski-outdoor.ro\/ski\/?s={search_term_string}\"},\"query-input\":\"required name=search_term_string\"}],\"inLanguage\":\"ro-RO\"},{\"@type\":\"ImageObject\",\"@id\":\"https:\/\/ski-outdoor.ro\/ski\/2019\/12\/29\/risc-ridicat-de-avalansa-in-muntii-fagaras\/#primaryimage\",\"inLanguage\":\"ro-RO\",\"url\":\"https:\/\/ski-outdoor.ro\/ski\/wp-content\/uploads\/sites\/2\/2019\/12\/balea-lac.jpg\",\"contentUrl\":\"https:\/\/ski-outdoor.ro\/ski\/wp-content\/uploads\/sites\/2\/2019\/12\/balea-lac.jpg\",\"width\":960,\"height\":529,\"caption\":\"B\u00e2lea Lac sursa: Facebook \/ Meteoplus\"},{\"@type\":\"WebPage\",\"@id\":\"https:\/\/ski-outdoor.ro\/ski\/2019\/12\/29\/risc-ridicat-de-avalansa-in-muntii-fagaras\/#webpage\",\"url\":\"https:\/\/ski-outdoor.ro\/ski\/2019\/12\/29\/risc-ridicat-de-avalansa-in-muntii-fagaras\/\",\"name\":\"Risc ridicat de avalan\u015f\u0103 \u00een Mun\u0163ii F\u0103g\u0103ra\u015f - Ski Magazine\",\"isPartOf\":{\"@id\":\"https:\/\/ski-outdoor.ro\/ski\/#website\"},\"primaryImageOfPage\":{\"@id\":\"https:\/\/ski-outdoor.ro\/ski\/2019\/12\/29\/risc-ridicat-de-avalansa-in-muntii-fagaras\/#primaryimage\"},\"datePublished\":\"2019-12-29T13:54:27+00:00\",\"dateModified\":\"2019-12-29T13:54:28+00:00\",\"author\":{\"@id\":\"https:\/\/ski-outdoor.ro\/ski\/#\/schema\/person\/29661f8d079aa10872d8edcf2a2a520b\"},\"breadcrumb\":{\"@id\":\"https:\/\/ski-outdoor.ro\/ski\/2019\/12\/29\/risc-ridicat-de-avalansa-in-muntii-fagaras\/#breadcrumb\"},\"inLanguage\":\"ro-RO\",\"potentialAction\":[{\"@type\":\"ReadAction\",\"target\":[\"https:\/\/ski-outdoor.ro\/ski\/2019\/12\/29\/risc-ridicat-de-avalansa-in-muntii-fagaras\/\"]}]},{\"@type\":\"BreadcrumbList\",\"@id\":\"https:\/\/ski-outdoor.ro\/ski\/2019\/12\/29\/risc-ridicat-de-avalansa-in-muntii-fagaras\/#breadcrumb\",\"itemListElement\":[{\"@type\":\"ListItem\",\"position\":1,\"name\":\"Home\",\"item\":\"https:\/\/ski-outdoor.ro\/ski\/\"},{\"@type\":\"ListItem\",\"position\":2,\"name\":\"Risc ridicat de avalan\u015f\u0103 \u00een Mun\u0163ii F\u0103g\u0103ra\u015f\"}]},{\"@type\":\"Person\",\"@id\":\"https:\/\/ski-outdoor.ro\/ski\/#\/schema\/person\/29661f8d079aa10872d8edcf2a2a520b\",\"name\":\"Bianca \u0218omlea\",\"image\":{\"@type\":\"ImageObject\",\"@id\":\"https:\/\/ski-outdoor.ro\/ski\/#personlogo\",\"inLanguage\":\"ro-RO\",\"url\":\"https:\/\/secure.gravatar.com\/avatar\/b39a83203da3fc8888ded6e8052246ad?s=96&d=mm&r=g\",\"contentUrl\":\"https:\/\/secure.gravatar.com\/avatar\/b39a83203da3fc8888ded6e8052246ad?s=96&d=mm&r=g\",\"caption\":\"Bianca \u0218omlea\"},\"url\":\"https:\/\/ski-outdoor.ro\/ski\/author\/editorfb206\/\"}]}<\/script>\n<!-- \/ Yoast SEO plugin. -->","yoast_head_json":{"title":"Risc ridicat de avalan\u015f\u0103 \u00een Mun\u0163ii F\u0103g\u0103ra\u015f - Ski Magazine","robots":{"index":"index","follow":"follow","max-snippet":"max-snippet:-1","max-image-preview":"max-image-preview:large","max-video-preview":"max-video-preview:-1"},"canonical":"https:\/\/ski-outdoor.ro\/ski\/2019\/12\/29\/risc-ridicat-de-avalansa-in-muntii-fagaras\/","og_locale":"ro_RO","og_type":"article","og_title":"Risc ridicat de avalan\u015f\u0103 \u00een Mun\u0163ii F\u0103g\u0103ra\u015f - Ski Magazine","og_description":"Meteorologii avertizeaz\u0103 c\u0103 exist\u0103 un risc foarte mare de avalan\u015f\u0103 \u00een Mun\u0163ii F\u0103g\u0103ra\u015f, generat, \u00een principal, de stratul \u00eensemnat de...","og_url":"https:\/\/ski-outdoor.ro\/ski\/2019\/12\/29\/risc-ridicat-de-avalansa-in-muntii-fagaras\/","og_site_name":"Ski Magazine","article_published_time":"2019-12-29T13:54:27+00:00","article_modified_time":"2019-12-29T13:54:28+00:00","og_image":[{"width":960,"height":529,"url":"https:\/\/ski-outdoor.ro\/ski\/wp-content\/uploads\/sites\/2\/2019\/12\/balea-lac.jpg","type":"image\/jpeg"}],"twitter_card":"summary_large_image","twitter_misc":{"Scris de":"Bianca \u0218omlea","Timp estimat pentru citire":"2 minute"},"schema":{"@context":"https:\/\/schema.org","@graph":[{"@type":"WebSite","@id":"https:\/\/ski-outdoor.ro\/ski\/#website","url":"https:\/\/ski-outdoor.ro\/ski\/","name":"Ski Magazine","description":"","potentialAction":[{"@type":"SearchAction","target":{"@type":"EntryPoint","urlTemplate":"https:\/\/ski-outdoor.ro\/ski\/?s={search_term_string}"},"query-input":"required name=search_term_string"}],"inLanguage":"ro-RO"},{"@type":"ImageObject","@id":"https:\/\/ski-outdoor.ro\/ski\/2019\/12\/29\/risc-ridicat-de-avalansa-in-muntii-fagaras\/#primaryimage","inLanguage":"ro-RO","url":"https:\/\/ski-outdoor.ro\/ski\/wp-content\/uploads\/sites\/2\/2019\/12\/balea-lac.jpg","contentUrl":"https:\/\/ski-outdoor.ro\/ski\/wp-content\/uploads\/sites\/2\/2019\/12\/balea-lac.jpg","width":960,"height":529,"caption":"B\u00e2lea Lac sursa: Facebook \/ Meteoplus"},{"@type":"WebPage","@id":"https:\/\/ski-outdoor.ro\/ski\/2019\/12\/29\/risc-ridicat-de-avalansa-in-muntii-fagaras\/#webpage","url":"https:\/\/ski-outdoor.ro\/ski\/2019\/12\/29\/risc-ridicat-de-avalansa-in-muntii-fagaras\/","name":"Risc ridicat de avalan\u015f\u0103 \u00een Mun\u0163ii F\u0103g\u0103ra\u015f - Ski Magazine","isPartOf":{"@id":"https:\/\/ski-outdoor.ro\/ski\/#website"},"primaryImageOfPage":{"@id":"https:\/\/ski-outdoor.ro\/ski\/2019\/12\/29\/risc-ridicat-de-avalansa-in-muntii-fagaras\/#primaryimage"},"datePublished":"2019-12-29T13:54:27+00:00","dateModified":"2019-12-29T13:54:28+00:00","author":{"@id":"https:\/\/ski-outdoor.ro\/ski\/#\/schema\/person\/29661f8d079aa10872d8edcf2a2a520b"},"breadcrumb":{"@id":"https:\/\/ski-outdoor.ro\/ski\/2019\/12\/29\/risc-ridicat-de-avalansa-in-muntii-fagaras\/#breadcrumb"},"inLanguage":"ro-RO","potentialAction":[{"@type":"ReadAction","target":["https:\/\/ski-outdoor.ro\/ski\/2019\/12\/29\/risc-ridicat-de-avalansa-in-muntii-fagaras\/"]}]},{"@type":"BreadcrumbList","@id":"https:\/\/ski-outdoor.ro\/ski\/2019\/12\/29\/risc-ridicat-de-avalansa-in-muntii-fagaras\/#breadcrumb","itemListElement":[{"@type":"ListItem","position":1,"name":"Home","item":"https:\/\/ski-outdoor.ro\/ski\/"},{"@type":"ListItem","position":2,"name":"Risc ridicat de avalan\u015f\u0103 \u00een Mun\u0163ii F\u0103g\u0103ra\u015f"}]},{"@type":"Person","@id":"https:\/\/ski-outdoor.ro\/ski\/#\/schema\/person\/29661f8d079aa10872d8edcf2a2a520b","name":"Bianca \u0218omlea","image":{"@type":"ImageObject","@id":"https:\/\/ski-outdoor.ro\/ski\/#personlogo","inLanguage":"ro-RO","url":"https:\/\/secure.gravatar.com\/avatar\/b39a83203da3fc8888ded6e8052246ad?s=96&d=mm&r=g","contentUrl":"https:\/\/secure.gravatar.com\/avatar\/b39a83203da3fc8888ded6e8052246ad?s=96&d=mm&r=g","caption":"Bianca \u0218omlea"},"url":"https:\/\/ski-outdoor.ro\/ski\/author\/editorfb206\/"}]}},"_links":{"self":[{"href":"https:\/\/ski-outdoor.ro\/ski\/wp-json\/wp\/v2\/posts\/15018"}],"collection":[{"href":"https:\/\/ski-outdoor.ro\/ski\/wp-json\/wp\/v2\/posts"}],"about":[{"href":"https:\/\/ski-outdoor.ro\/ski\/wp-json\/wp\/v2\/types\/post"}],"author":[{"embeddable":true,"href":"https:\/\/ski-outdoor.ro\/ski\/wp-json\/wp\/v2\/users\/16"}],"replies":[{"embeddable":true,"href":"https:\/\/ski-outdoor.ro\/ski\/wp-json\/wp\/v2\/comments?post=15018"}],"version-history":[{"count":3,"href":"https:\/\/ski-outdoor.ro\/ski\/wp-json\/wp\/v2\/posts\/15018\/revisions"}],"predecessor-version":[{"id":15026,"href":"https:\/\/ski-outdoor.ro\/ski\/wp-json\/wp\/v2\/posts\/15018\/revisions\/15026"}],"wp:featuredmedia":[{"embeddable":true,"href":"https:\/\/ski-outdoor.ro\/ski\/wp-json\/wp\/v2\/media\/15021"}],"wp:attachment":[{"href":"https:\/\/ski-outdoor.ro\/ski\/wp-json\/wp\/v2\/media?parent=15018"}],"wp:term":[{"taxonomy":"category","embeddable":true,"href":"https:\/\/ski-outdoor.ro\/ski\/wp-json\/wp\/v2\/categories?post=15018"},{"taxonomy":"post_tag","embeddable":true,"href":"https:\/\/ski-outdoor.ro\/ski\/wp-json\/wp\/v2\/tags?post=15018"}],"curies":[{"name":"wp","href":"https:\/\/api.w.org\/{rel}","templated":true}]}}