{"id":15509,"date":"2020-02-03T13:23:49","date_gmt":"2020-02-03T13:23:49","guid":{"rendered":"https:\/\/ski-outdoor.ro\/ski\/?p=15509"},"modified":"2020-02-04T13:05:04","modified_gmt":"2020-02-04T13:05:04","slug":"un-weekend-de-distractie-la-snow-fest-preview-days","status":"publish","type":"post","link":"https:\/\/ski-outdoor.ro\/ski\/2020\/02\/03\/un-weekend-de-distractie-la-snow-fest-preview-days\/","title":{"rendered":"Un weekend de distrac\u021bie la Snow Fest Preview Days"},"content":{"rendered":"\n<p><strong>\u00cen week-end-ul care tocmai a trecut, Snow Fest a organizat \u00een sta\u021biunea Straja, <em>Snow Fest Preview Days<\/em>, adic\u0103 un weekend de \u00eenc\u0103lzire pentru evenimentul principal ce va urma \u00een luna martie \u00een Fran\u021ba, la Les Deux Alpes. De\u0219i temperaturile ridicate \u0219i z\u0103pada cam topit\u0103 nu prevesteau ceva de top, iat\u0103 c\u0103 totu\u0219i la Straja s-au \u00eent\u00e2mplat lucruri foarte frumoase, pe sufletul oric\u0103rui schiuri sau snowboarder.&nbsp;<\/strong><\/p>\n\n\n\n<ul class=\"wp-block-gallery columns-2 is-cropped\"><li class=\"blocks-gallery-item\"><figure><img loading=\"lazy\" width=\"485\" height=\"1024\" src=\"https:\/\/ski-outdoor.ro\/ski\/wp-content\/uploads\/sites\/2\/2020\/02\/WhatsApp-Image-2020-02-04-at-14.38.35-485x1024.jpeg\" alt=\"\" data-id=\"15565\" data-link=\"https:\/\/ski-outdoor.ro\/ski\/2020\/02\/03\/un-weekend-de-distractie-la-snow-fest-preview-days\/whatsapp-image-2020-02-04-at-14-38-35\/\" class=\"wp-image-15565\" srcset=\"https:\/\/ski-outdoor.ro\/ski\/wp-content\/uploads\/sites\/2\/2020\/02\/WhatsApp-Image-2020-02-04-at-14.38.35-485x1024.jpeg 485w, https:\/\/ski-outdoor.ro\/ski\/wp-content\/uploads\/sites\/2\/2020\/02\/WhatsApp-Image-2020-02-04-at-14.38.35-142x300.jpeg 142w, https:\/\/ski-outdoor.ro\/ski\/wp-content\/uploads\/sites\/2\/2020\/02\/WhatsApp-Image-2020-02-04-at-14.38.35-370x781.jpeg 370w, https:\/\/ski-outdoor.ro\/ski\/wp-content\/uploads\/sites\/2\/2020\/02\/WhatsApp-Image-2020-02-04-at-14.38.35-570x1202.jpeg 570w, https:\/\/ski-outdoor.ro\/ski\/wp-content\/uploads\/sites\/2\/2020\/02\/WhatsApp-Image-2020-02-04-at-14.38.35-275x580.jpeg 275w, https:\/\/ski-outdoor.ro\/ski\/wp-content\/uploads\/sites\/2\/2020\/02\/WhatsApp-Image-2020-02-04-at-14.38.35.jpeg 758w\" sizes=\"(max-width: 485px) 100vw, 485px\" \/><\/figure><\/li><li class=\"blocks-gallery-item\"><figure><img loading=\"lazy\" width=\"1024\" height=\"484\" src=\"https:\/\/ski-outdoor.ro\/ski\/wp-content\/uploads\/sites\/2\/2020\/02\/WhatsApp-Image-2020-02-04-at-14.38.36-1024x484.jpeg\" alt=\"\" data-id=\"15567\" data-link=\"https:\/\/ski-outdoor.ro\/ski\/2020\/02\/03\/un-weekend-de-distractie-la-snow-fest-preview-days\/whatsapp-image-2020-02-04-at-14-38-36\/\" class=\"wp-image-15567\" srcset=\"https:\/\/ski-outdoor.ro\/ski\/wp-content\/uploads\/sites\/2\/2020\/02\/WhatsApp-Image-2020-02-04-at-14.38.36-1024x484.jpeg 1024w, https:\/\/ski-outdoor.ro\/ski\/wp-content\/uploads\/sites\/2\/2020\/02\/WhatsApp-Image-2020-02-04-at-14.38.36-300x142.jpeg 300w, https:\/\/ski-outdoor.ro\/ski\/wp-content\/uploads\/sites\/2\/2020\/02\/WhatsApp-Image-2020-02-04-at-14.38.36-768x363.jpeg 768w, https:\/\/ski-outdoor.ro\/ski\/wp-content\/uploads\/sites\/2\/2020\/02\/WhatsApp-Image-2020-02-04-at-14.38.36-370x175.jpeg 370w, https:\/\/ski-outdoor.ro\/ski\/wp-content\/uploads\/sites\/2\/2020\/02\/WhatsApp-Image-2020-02-04-at-14.38.36-570x270.jpeg 570w, https:\/\/ski-outdoor.ro\/ski\/wp-content\/uploads\/sites\/2\/2020\/02\/WhatsApp-Image-2020-02-04-at-14.38.36-770x364.jpeg 770w, https:\/\/ski-outdoor.ro\/ski\/wp-content\/uploads\/sites\/2\/2020\/02\/WhatsApp-Image-2020-02-04-at-14.38.36-1170x554.jpeg 1170w, https:\/\/ski-outdoor.ro\/ski\/wp-content\/uploads\/sites\/2\/2020\/02\/WhatsApp-Image-2020-02-04-at-14.38.36-1226x580.jpeg 1226w, https:\/\/ski-outdoor.ro\/ski\/wp-content\/uploads\/sites\/2\/2020\/02\/WhatsApp-Image-2020-02-04-at-14.38.36.jpeg 1600w\" sizes=\"(max-width: 1024px) 100vw, 1024px\" \/><\/figure><\/li><\/ul>\n\n\n\n<figure class=\"wp-block-image\"><img loading=\"lazy\" width=\"1024\" height=\"485\" src=\"https:\/\/ski-outdoor.ro\/ski\/wp-content\/uploads\/sites\/2\/2020\/02\/snow-fest-straja-6-1024x485.jpg\" alt=\"\" class=\"wp-image-15522\" srcset=\"https:\/\/ski-outdoor.ro\/ski\/wp-content\/uploads\/sites\/2\/2020\/02\/snow-fest-straja-6-1024x485.jpg 1024w, https:\/\/ski-outdoor.ro\/ski\/wp-content\/uploads\/sites\/2\/2020\/02\/snow-fest-straja-6-300x142.jpg 300w, https:\/\/ski-outdoor.ro\/ski\/wp-content\/uploads\/sites\/2\/2020\/02\/snow-fest-straja-6-768x364.jpg 768w, https:\/\/ski-outdoor.ro\/ski\/wp-content\/uploads\/sites\/2\/2020\/02\/snow-fest-straja-6-370x175.jpg 370w, https:\/\/ski-outdoor.ro\/ski\/wp-content\/uploads\/sites\/2\/2020\/02\/snow-fest-straja-6-570x270.jpg 570w, https:\/\/ski-outdoor.ro\/ski\/wp-content\/uploads\/sites\/2\/2020\/02\/snow-fest-straja-6-770x365.jpg 770w, https:\/\/ski-outdoor.ro\/ski\/wp-content\/uploads\/sites\/2\/2020\/02\/snow-fest-straja-6-1170x555.jpg 1170w, https:\/\/ski-outdoor.ro\/ski\/wp-content\/uploads\/sites\/2\/2020\/02\/snow-fest-straja-6-1224x580.jpg 1224w, https:\/\/ski-outdoor.ro\/ski\/wp-content\/uploads\/sites\/2\/2020\/02\/snow-fest-straja-6.jpg 1599w\" sizes=\"(max-width: 1024px) 100vw, 1024px\" \/><\/figure>\n\n\n\n<ul class=\"wp-block-gallery columns-2 is-cropped\"><li class=\"blocks-gallery-item\"><figure><img loading=\"lazy\" width=\"960\" height=\"720\" src=\"https:\/\/ski-outdoor.ro\/ski\/wp-content\/uploads\/sites\/2\/2020\/02\/snow-fest-sytraja-1.jpg\" alt=\"\" data-id=\"15513\" class=\"wp-image-15513\" srcset=\"https:\/\/ski-outdoor.ro\/ski\/wp-content\/uploads\/sites\/2\/2020\/02\/snow-fest-sytraja-1.jpg 960w, https:\/\/ski-outdoor.ro\/ski\/wp-content\/uploads\/sites\/2\/2020\/02\/snow-fest-sytraja-1-300x225.jpg 300w, https:\/\/ski-outdoor.ro\/ski\/wp-content\/uploads\/sites\/2\/2020\/02\/snow-fest-sytraja-1-768x576.jpg 768w, https:\/\/ski-outdoor.ro\/ski\/wp-content\/uploads\/sites\/2\/2020\/02\/snow-fest-sytraja-1-370x278.jpg 370w, https:\/\/ski-outdoor.ro\/ski\/wp-content\/uploads\/sites\/2\/2020\/02\/snow-fest-sytraja-1-570x428.jpg 570w, https:\/\/ski-outdoor.ro\/ski\/wp-content\/uploads\/sites\/2\/2020\/02\/snow-fest-sytraja-1-770x578.jpg 770w, https:\/\/ski-outdoor.ro\/ski\/wp-content\/uploads\/sites\/2\/2020\/02\/snow-fest-sytraja-1-773x580.jpg 773w\" sizes=\"(max-width: 960px) 100vw, 960px\" \/><\/figure><\/li><li class=\"blocks-gallery-item\"><figure><img loading=\"lazy\" width=\"1024\" height=\"485\" src=\"https:\/\/ski-outdoor.ro\/ski\/wp-content\/uploads\/sites\/2\/2020\/02\/snow-fest-straja-4-1024x485.jpg\" alt=\"\" data-id=\"15514\" data-link=\"https:\/\/ski-outdoor.ro\/ski\/?attachment_id=15514\" class=\"wp-image-15514\" srcset=\"https:\/\/ski-outdoor.ro\/ski\/wp-content\/uploads\/sites\/2\/2020\/02\/snow-fest-straja-4-1024x485.jpg 1024w, https:\/\/ski-outdoor.ro\/ski\/wp-content\/uploads\/sites\/2\/2020\/02\/snow-fest-straja-4-300x142.jpg 300w, https:\/\/ski-outdoor.ro\/ski\/wp-content\/uploads\/sites\/2\/2020\/02\/snow-fest-straja-4-768x364.jpg 768w, https:\/\/ski-outdoor.ro\/ski\/wp-content\/uploads\/sites\/2\/2020\/02\/snow-fest-straja-4-370x175.jpg 370w, https:\/\/ski-outdoor.ro\/ski\/wp-content\/uploads\/sites\/2\/2020\/02\/snow-fest-straja-4-570x270.jpg 570w, https:\/\/ski-outdoor.ro\/ski\/wp-content\/uploads\/sites\/2\/2020\/02\/snow-fest-straja-4-770x365.jpg 770w, https:\/\/ski-outdoor.ro\/ski\/wp-content\/uploads\/sites\/2\/2020\/02\/snow-fest-straja-4-1170x555.jpg 1170w, https:\/\/ski-outdoor.ro\/ski\/wp-content\/uploads\/sites\/2\/2020\/02\/snow-fest-straja-4-1224x580.jpg 1224w, https:\/\/ski-outdoor.ro\/ski\/wp-content\/uploads\/sites\/2\/2020\/02\/snow-fest-straja-4.jpg 1599w\" sizes=\"(max-width: 1024px) 100vw, 1024px\" \/><\/figure><\/li><\/ul>\n\n\n\n<p>Dup\u0103 turele pe p\u00e2rtiile cam fle\u0219c\u0103ite \u0219i aglomerate, off-piste-ul fiind exclus din ecua\u021bie \u00een lipsa z\u0103pezii naturale, deliciul zilei a fost soarele prietenos care a luminat toate fe\u021bele \u0219i culmile \u0219irurilor muntoase care se vedeau departe \u00een zare. O zi perfect\u0103 de dat la nivel chill \u0219i de \u00eencheiat \u00een acordurile groovy ale lui DJ Wicked, de la apres-ski ul organizat de Snow Fest pe p\u00e2rtie, la Umbrela Bar. Toat\u0103 lumea lungit\u0103 pe \u0219ezlonguri \u0219i perne, savur\u00e2nd licori bahice \u0219i tin\u00e2nd ritmul \u00een cl\u0103pari sau booti, a confirmat starea general\u0103 de relaxare a dup\u0103-amiezei.&nbsp;<\/p>\n\n\n\n<p>Party-ul a continuat la scena din sta\u021biune unde seara cei de la Subcarpa\u021bi au avut primul concert din acest an. Fe\u021bele pi\u0219cate de soare \u0219i de vinul fiert cu scor\u021bi\u0219oar\u0103 s-au luminat timp de dou\u0103 ore de ritmurilor b\u0103ie\u021bilor care au avut un concert la \u00een\u0103l\u021bime \u0219i la propriu \u0219i la figurat. Cavalul lui Bean a dat ceva fiori pe \u0219ira spin\u0103rii din vaioaga str\u0103juit\u0103 de dealuri \u0219i p\u0103duri, unde a fost \u00een\u0103l\u021bat\u0103 scena de weekend. Iar biss-ul cerut de mia de spectatori a confirmat ca primul concert Subcarpa\u021bi al anului 2020 a stat sub un bun augur.<\/p>\n\n\n\n<figure class=\"wp-block-image\"><img loading=\"lazy\" width=\"1024\" height=\"485\" src=\"https:\/\/ski-outdoor.ro\/ski\/wp-content\/uploads\/sites\/2\/2020\/02\/snow-fest-straja-5-1024x485.jpg\" alt=\"\" class=\"wp-image-15515\" srcset=\"https:\/\/ski-outdoor.ro\/ski\/wp-content\/uploads\/sites\/2\/2020\/02\/snow-fest-straja-5-1024x485.jpg 1024w, https:\/\/ski-outdoor.ro\/ski\/wp-content\/uploads\/sites\/2\/2020\/02\/snow-fest-straja-5-300x142.jpg 300w, https:\/\/ski-outdoor.ro\/ski\/wp-content\/uploads\/sites\/2\/2020\/02\/snow-fest-straja-5-768x364.jpg 768w, https:\/\/ski-outdoor.ro\/ski\/wp-content\/uploads\/sites\/2\/2020\/02\/snow-fest-straja-5-370x175.jpg 370w, https:\/\/ski-outdoor.ro\/ski\/wp-content\/uploads\/sites\/2\/2020\/02\/snow-fest-straja-5-570x270.jpg 570w, https:\/\/ski-outdoor.ro\/ski\/wp-content\/uploads\/sites\/2\/2020\/02\/snow-fest-straja-5-770x364.jpg 770w, https:\/\/ski-outdoor.ro\/ski\/wp-content\/uploads\/sites\/2\/2020\/02\/snow-fest-straja-5-1170x554.jpg 1170w, https:\/\/ski-outdoor.ro\/ski\/wp-content\/uploads\/sites\/2\/2020\/02\/snow-fest-straja-5-1225x580.jpg 1225w, https:\/\/ski-outdoor.ro\/ski\/wp-content\/uploads\/sites\/2\/2020\/02\/snow-fest-straja-5.jpg 1521w\" sizes=\"(max-width: 1024px) 100vw, 1024px\" \/><\/figure>\n\n\n\n<ul class=\"wp-block-gallery columns-2 is-cropped\"><li class=\"blocks-gallery-item\"><figure><img loading=\"lazy\" width=\"1024\" height=\"485\" src=\"https:\/\/ski-outdoor.ro\/ski\/wp-content\/uploads\/sites\/2\/2020\/02\/WhatsApp-Image-2020-02-04-at-14.38.38-1024x485.jpeg\" alt=\"\" data-id=\"15568\" data-link=\"https:\/\/ski-outdoor.ro\/ski\/2020\/02\/03\/un-weekend-de-distractie-la-snow-fest-preview-days\/whatsapp-image-2020-02-04-at-14-38-38\/\" class=\"wp-image-15568\" srcset=\"https:\/\/ski-outdoor.ro\/ski\/wp-content\/uploads\/sites\/2\/2020\/02\/WhatsApp-Image-2020-02-04-at-14.38.38-1024x485.jpeg 1024w, https:\/\/ski-outdoor.ro\/ski\/wp-content\/uploads\/sites\/2\/2020\/02\/WhatsApp-Image-2020-02-04-at-14.38.38-300x142.jpeg 300w, https:\/\/ski-outdoor.ro\/ski\/wp-content\/uploads\/sites\/2\/2020\/02\/WhatsApp-Image-2020-02-04-at-14.38.38-768x364.jpeg 768w, https:\/\/ski-outdoor.ro\/ski\/wp-content\/uploads\/sites\/2\/2020\/02\/WhatsApp-Image-2020-02-04-at-14.38.38-370x175.jpeg 370w, https:\/\/ski-outdoor.ro\/ski\/wp-content\/uploads\/sites\/2\/2020\/02\/WhatsApp-Image-2020-02-04-at-14.38.38-570x270.jpeg 570w, https:\/\/ski-outdoor.ro\/ski\/wp-content\/uploads\/sites\/2\/2020\/02\/WhatsApp-Image-2020-02-04-at-14.38.38-770x365.jpeg 770w, https:\/\/ski-outdoor.ro\/ski\/wp-content\/uploads\/sites\/2\/2020\/02\/WhatsApp-Image-2020-02-04-at-14.38.38-1170x555.jpeg 1170w, https:\/\/ski-outdoor.ro\/ski\/wp-content\/uploads\/sites\/2\/2020\/02\/WhatsApp-Image-2020-02-04-at-14.38.38-1224x580.jpeg 1224w, https:\/\/ski-outdoor.ro\/ski\/wp-content\/uploads\/sites\/2\/2020\/02\/WhatsApp-Image-2020-02-04-at-14.38.38.jpeg 1599w\" sizes=\"(max-width: 1024px) 100vw, 1024px\" \/><\/figure><\/li><li class=\"blocks-gallery-item\"><figure><img loading=\"lazy\" width=\"485\" height=\"1024\" src=\"https:\/\/ski-outdoor.ro\/ski\/wp-content\/uploads\/sites\/2\/2020\/02\/WhatsApp-Image-2020-02-04-at-14.38.39-485x1024.jpeg\" alt=\"\" data-id=\"15569\" data-link=\"https:\/\/ski-outdoor.ro\/ski\/2020\/02\/03\/un-weekend-de-distractie-la-snow-fest-preview-days\/whatsapp-image-2020-02-04-at-14-38-39\/\" class=\"wp-image-15569\" srcset=\"https:\/\/ski-outdoor.ro\/ski\/wp-content\/uploads\/sites\/2\/2020\/02\/WhatsApp-Image-2020-02-04-at-14.38.39-485x1024.jpeg 485w, https:\/\/ski-outdoor.ro\/ski\/wp-content\/uploads\/sites\/2\/2020\/02\/WhatsApp-Image-2020-02-04-at-14.38.39-142x300.jpeg 142w, https:\/\/ski-outdoor.ro\/ski\/wp-content\/uploads\/sites\/2\/2020\/02\/WhatsApp-Image-2020-02-04-at-14.38.39-370x781.jpeg 370w, https:\/\/ski-outdoor.ro\/ski\/wp-content\/uploads\/sites\/2\/2020\/02\/WhatsApp-Image-2020-02-04-at-14.38.39-570x1202.jpeg 570w, https:\/\/ski-outdoor.ro\/ski\/wp-content\/uploads\/sites\/2\/2020\/02\/WhatsApp-Image-2020-02-04-at-14.38.39-275x580.jpeg 275w, https:\/\/ski-outdoor.ro\/ski\/wp-content\/uploads\/sites\/2\/2020\/02\/WhatsApp-Image-2020-02-04-at-14.38.39.jpeg 758w\" sizes=\"(max-width: 485px) 100vw, 485px\" \/><\/figure><\/li><\/ul>\n\n\n\n<p>Party-ul Snow Fest s-a mutat pentru restul nop\u021bii \u00een club Aviator, unde Blanilla \u0219i apoi DWLS au mixat electrizant pentru mul\u021bimea adunat\u0103 sub elicea avionului priponit de tavan. Lume mult\u0103, fericit\u0103, \u00eemplinit\u0103. Cu o seara \u00eenainte, DJ Shiver nu se l\u0103sase mai prejos \u0219i-a scos pu\u021bin untul din participant, cu ritmuri groovy, funk &amp; others.<\/p>\n\n\n\n<p>Duminic\u0103, cea\u021ba \u0219i ploaia i-a cam \u00eempr\u0103\u0219tiat pe to\u021bi pe la casele lor dar, sincer vorbind, dup\u0103 2 zile de dat \u0219i 3 nop\u021bi de chef, era cazul oricum\u2026 Snow Fest Days de la Straja a adus mult\u0103 muzic\u0103 fain\u0103, vibe-uri foarte groovy \u0219i prieteni \u00eempreun\u0103. Nu-i r\u0103u deloc, pentru un preview.<\/p>\n\n\n\n<p><em>Scris de: Oana Ivan<\/em><br><\/p>\n","protected":false},"excerpt":{"rendered":"<p>\u00cen week-end-ul care tocmai a trecut, Snow Fest a organizat \u00een sta\u021biunea Straja, Snow Fest Preview Days, adic\u0103 un weekend&#8230;<\/p>\n","protected":false},"author":16,"featured_media":15512,"comment_status":"open","ping_status":"open","sticky":false,"template":"","format":"standard","meta":[],"categories":[54],"tags":[3457,3455,3383,659,3142,3385,3387,3147,70,3375,3454,3382,117,161,2500,513,3456,451,1481,1246,234],"yoast_head":"<!-- This site is optimized with the Yoast SEO plugin v18.4.1 - https:\/\/yoast.com\/wordpress\/plugins\/seo\/ -->\n<title>Un weekend de distrac\u021bie la Snow Fest Preview Days - Ski Magazine<\/title>\n<meta name=\"robots\" content=\"index, follow, max-snippet:-1, max-image-preview:large, max-video-preview:-1\" \/>\n<link rel=\"canonical\" href=\"https:\/\/ski-outdoor.ro\/ski\/2020\/02\/03\/un-weekend-de-distractie-la-snow-fest-preview-days\/\" \/>\n<meta property=\"og:locale\" content=\"ro_RO\" \/>\n<meta property=\"og:type\" content=\"article\" \/>\n<meta property=\"og:title\" content=\"Un weekend de distrac\u021bie la Snow Fest Preview Days - Ski Magazine\" \/>\n<meta property=\"og:description\" content=\"\u00cen week-end-ul care tocmai a trecut, Snow Fest a organizat \u00een sta\u021biunea Straja, Snow Fest Preview Days, adic\u0103 un weekend...\" \/>\n<meta property=\"og:url\" content=\"https:\/\/ski-outdoor.ro\/ski\/2020\/02\/03\/un-weekend-de-distractie-la-snow-fest-preview-days\/\" \/>\n<meta property=\"og:site_name\" content=\"Ski Magazine\" \/>\n<meta property=\"article:published_time\" content=\"2020-02-03T13:23:49+00:00\" \/>\n<meta property=\"article:modified_time\" content=\"2020-02-04T13:05:04+00:00\" \/>\n<meta property=\"og:image\" content=\"https:\/\/ski-outdoor.ro\/ski\/wp-content\/uploads\/sites\/2\/2020\/02\/snow-fest-straja-2.jpg\" \/>\n\t<meta property=\"og:image:width\" content=\"960\" \/>\n\t<meta property=\"og:image:height\" content=\"720\" \/>\n\t<meta property=\"og:image:type\" content=\"image\/jpeg\" \/>\n<meta name=\"twitter:card\" content=\"summary_large_image\" \/>\n<meta name=\"twitter:label1\" content=\"Scris de\" \/>\n\t<meta name=\"twitter:data1\" content=\"Bianca \u0218omlea\" \/>\n\t<meta name=\"twitter:label2\" content=\"Timp estimat pentru citire\" \/>\n\t<meta name=\"twitter:data2\" content=\"2 minute\" \/>\n<script type=\"application\/ld+json\" class=\"yoast-schema-graph\">{\"@context\":\"https:\/\/schema.org\",\"@graph\":[{\"@type\":\"WebSite\",\"@id\":\"https:\/\/ski-outdoor.ro\/ski\/#website\",\"url\":\"https:\/\/ski-outdoor.ro\/ski\/\",\"name\":\"Ski Magazine\",\"description\":\"\",\"potentialAction\":[{\"@type\":\"SearchAction\",\"target\":{\"@type\":\"EntryPoint\",\"urlTemplate\":\"https:\/\/ski-outdoor.ro\/ski\/?s={search_term_string}\"},\"query-input\":\"required name=search_term_string\"}],\"inLanguage\":\"ro-RO\"},{\"@type\":\"ImageObject\",\"@id\":\"https:\/\/ski-outdoor.ro\/ski\/2020\/02\/03\/un-weekend-de-distractie-la-snow-fest-preview-days\/#primaryimage\",\"inLanguage\":\"ro-RO\",\"url\":\"https:\/\/ski-outdoor.ro\/ski\/wp-content\/uploads\/sites\/2\/2020\/02\/snow-fest-straja-2.jpg\",\"contentUrl\":\"https:\/\/ski-outdoor.ro\/ski\/wp-content\/uploads\/sites\/2\/2020\/02\/snow-fest-straja-2.jpg\",\"width\":960,\"height\":720},{\"@type\":\"WebPage\",\"@id\":\"https:\/\/ski-outdoor.ro\/ski\/2020\/02\/03\/un-weekend-de-distractie-la-snow-fest-preview-days\/#webpage\",\"url\":\"https:\/\/ski-outdoor.ro\/ski\/2020\/02\/03\/un-weekend-de-distractie-la-snow-fest-preview-days\/\",\"name\":\"Un weekend de distrac\u021bie la Snow Fest Preview Days - Ski Magazine\",\"isPartOf\":{\"@id\":\"https:\/\/ski-outdoor.ro\/ski\/#website\"},\"primaryImageOfPage\":{\"@id\":\"https:\/\/ski-outdoor.ro\/ski\/2020\/02\/03\/un-weekend-de-distractie-la-snow-fest-preview-days\/#primaryimage\"},\"datePublished\":\"2020-02-03T13:23:49+00:00\",\"dateModified\":\"2020-02-04T13:05:04+00:00\",\"author\":{\"@id\":\"https:\/\/ski-outdoor.ro\/ski\/#\/schema\/person\/29661f8d079aa10872d8edcf2a2a520b\"},\"breadcrumb\":{\"@id\":\"https:\/\/ski-outdoor.ro\/ski\/2020\/02\/03\/un-weekend-de-distractie-la-snow-fest-preview-days\/#breadcrumb\"},\"inLanguage\":\"ro-RO\",\"potentialAction\":[{\"@type\":\"ReadAction\",\"target\":[\"https:\/\/ski-outdoor.ro\/ski\/2020\/02\/03\/un-weekend-de-distractie-la-snow-fest-preview-days\/\"]}]},{\"@type\":\"BreadcrumbList\",\"@id\":\"https:\/\/ski-outdoor.ro\/ski\/2020\/02\/03\/un-weekend-de-distractie-la-snow-fest-preview-days\/#breadcrumb\",\"itemListElement\":[{\"@type\":\"ListItem\",\"position\":1,\"name\":\"Home\",\"item\":\"https:\/\/ski-outdoor.ro\/ski\/\"},{\"@type\":\"ListItem\",\"position\":2,\"name\":\"Un weekend de distrac\u021bie la Snow Fest Preview Days\"}]},{\"@type\":\"Person\",\"@id\":\"https:\/\/ski-outdoor.ro\/ski\/#\/schema\/person\/29661f8d079aa10872d8edcf2a2a520b\",\"name\":\"Bianca \u0218omlea\",\"image\":{\"@type\":\"ImageObject\",\"@id\":\"https:\/\/ski-outdoor.ro\/ski\/#personlogo\",\"inLanguage\":\"ro-RO\",\"url\":\"https:\/\/secure.gravatar.com\/avatar\/b39a83203da3fc8888ded6e8052246ad?s=96&d=mm&r=g\",\"contentUrl\":\"https:\/\/secure.gravatar.com\/avatar\/b39a83203da3fc8888ded6e8052246ad?s=96&d=mm&r=g\",\"caption\":\"Bianca \u0218omlea\"},\"url\":\"https:\/\/ski-outdoor.ro\/ski\/author\/editorfb206\/\"}]}<\/script>\n<!-- \/ Yoast SEO plugin. -->","yoast_head_json":{"title":"Un weekend de distrac\u021bie la Snow Fest Preview Days - Ski Magazine","robots":{"index":"index","follow":"follow","max-snippet":"max-snippet:-1","max-image-preview":"max-image-preview:large","max-video-preview":"max-video-preview:-1"},"canonical":"https:\/\/ski-outdoor.ro\/ski\/2020\/02\/03\/un-weekend-de-distractie-la-snow-fest-preview-days\/","og_locale":"ro_RO","og_type":"article","og_title":"Un weekend de distrac\u021bie la Snow Fest Preview Days - Ski Magazine","og_description":"\u00cen week-end-ul care tocmai a trecut, Snow Fest a organizat \u00een sta\u021biunea Straja, Snow Fest Preview Days, adic\u0103 un weekend...","og_url":"https:\/\/ski-outdoor.ro\/ski\/2020\/02\/03\/un-weekend-de-distractie-la-snow-fest-preview-days\/","og_site_name":"Ski Magazine","article_published_time":"2020-02-03T13:23:49+00:00","article_modified_time":"2020-02-04T13:05:04+00:00","og_image":[{"width":960,"height":720,"url":"https:\/\/ski-outdoor.ro\/ski\/wp-content\/uploads\/sites\/2\/2020\/02\/snow-fest-straja-2.jpg","type":"image\/jpeg"}],"twitter_card":"summary_large_image","twitter_misc":{"Scris de":"Bianca \u0218omlea","Timp estimat pentru citire":"2 minute"},"schema":{"@context":"https:\/\/schema.org","@graph":[{"@type":"WebSite","@id":"https:\/\/ski-outdoor.ro\/ski\/#website","url":"https:\/\/ski-outdoor.ro\/ski\/","name":"Ski Magazine","description":"","potentialAction":[{"@type":"SearchAction","target":{"@type":"EntryPoint","urlTemplate":"https:\/\/ski-outdoor.ro\/ski\/?s={search_term_string}"},"query-input":"required name=search_term_string"}],"inLanguage":"ro-RO"},{"@type":"ImageObject","@id":"https:\/\/ski-outdoor.ro\/ski\/2020\/02\/03\/un-weekend-de-distractie-la-snow-fest-preview-days\/#primaryimage","inLanguage":"ro-RO","url":"https:\/\/ski-outdoor.ro\/ski\/wp-content\/uploads\/sites\/2\/2020\/02\/snow-fest-straja-2.jpg","contentUrl":"https:\/\/ski-outdoor.ro\/ski\/wp-content\/uploads\/sites\/2\/2020\/02\/snow-fest-straja-2.jpg","width":960,"height":720},{"@type":"WebPage","@id":"https:\/\/ski-outdoor.ro\/ski\/2020\/02\/03\/un-weekend-de-distractie-la-snow-fest-preview-days\/#webpage","url":"https:\/\/ski-outdoor.ro\/ski\/2020\/02\/03\/un-weekend-de-distractie-la-snow-fest-preview-days\/","name":"Un weekend de distrac\u021bie la Snow Fest Preview Days - Ski Magazine","isPartOf":{"@id":"https:\/\/ski-outdoor.ro\/ski\/#website"},"primaryImageOfPage":{"@id":"https:\/\/ski-outdoor.ro\/ski\/2020\/02\/03\/un-weekend-de-distractie-la-snow-fest-preview-days\/#primaryimage"},"datePublished":"2020-02-03T13:23:49+00:00","dateModified":"2020-02-04T13:05:04+00:00","author":{"@id":"https:\/\/ski-outdoor.ro\/ski\/#\/schema\/person\/29661f8d079aa10872d8edcf2a2a520b"},"breadcrumb":{"@id":"https:\/\/ski-outdoor.ro\/ski\/2020\/02\/03\/un-weekend-de-distractie-la-snow-fest-preview-days\/#breadcrumb"},"inLanguage":"ro-RO","potentialAction":[{"@type":"ReadAction","target":["https:\/\/ski-outdoor.ro\/ski\/2020\/02\/03\/un-weekend-de-distractie-la-snow-fest-preview-days\/"]}]},{"@type":"BreadcrumbList","@id":"https:\/\/ski-outdoor.ro\/ski\/2020\/02\/03\/un-weekend-de-distractie-la-snow-fest-preview-days\/#breadcrumb","itemListElement":[{"@type":"ListItem","position":1,"name":"Home","item":"https:\/\/ski-outdoor.ro\/ski\/"},{"@type":"ListItem","position":2,"name":"Un weekend de distrac\u021bie la Snow Fest Preview Days"}]},{"@type":"Person","@id":"https:\/\/ski-outdoor.ro\/ski\/#\/schema\/person\/29661f8d079aa10872d8edcf2a2a520b","name":"Bianca \u0218omlea","image":{"@type":"ImageObject","@id":"https:\/\/ski-outdoor.ro\/ski\/#personlogo","inLanguage":"ro-RO","url":"https:\/\/secure.gravatar.com\/avatar\/b39a83203da3fc8888ded6e8052246ad?s=96&d=mm&r=g","contentUrl":"https:\/\/secure.gravatar.com\/avatar\/b39a83203da3fc8888ded6e8052246ad?s=96&d=mm&r=g","caption":"Bianca \u0218omlea"},"url":"https:\/\/ski-outdoor.ro\/ski\/author\/editorfb206\/"}]}},"_links":{"self":[{"href":"https:\/\/ski-outdoor.ro\/ski\/wp-json\/wp\/v2\/posts\/15509"}],"collection":[{"href":"https:\/\/ski-outdoor.ro\/ski\/wp-json\/wp\/v2\/posts"}],"about":[{"href":"https:\/\/ski-outdoor.ro\/ski\/wp-json\/wp\/v2\/types\/post"}],"author":[{"embeddable":true,"href":"https:\/\/ski-outdoor.ro\/ski\/wp-json\/wp\/v2\/users\/16"}],"replies":[{"embeddable":true,"href":"https:\/\/ski-outdoor.ro\/ski\/wp-json\/wp\/v2\/comments?post=15509"}],"version-history":[{"count":5,"href":"https:\/\/ski-outdoor.ro\/ski\/wp-json\/wp\/v2\/posts\/15509\/revisions"}],"predecessor-version":[{"id":15570,"href":"https:\/\/ski-outdoor.ro\/ski\/wp-json\/wp\/v2\/posts\/15509\/revisions\/15570"}],"wp:featuredmedia":[{"embeddable":true,"href":"https:\/\/ski-outdoor.ro\/ski\/wp-json\/wp\/v2\/media\/15512"}],"wp:attachment":[{"href":"https:\/\/ski-outdoor.ro\/ski\/wp-json\/wp\/v2\/media?parent=15509"}],"wp:term":[{"taxonomy":"category","embeddable":true,"href":"https:\/\/ski-outdoor.ro\/ski\/wp-json\/wp\/v2\/categories?post=15509"},{"taxonomy":"post_tag","embeddable":true,"href":"https:\/\/ski-outdoor.ro\/ski\/wp-json\/wp\/v2\/tags?post=15509"}],"curies":[{"name":"wp","href":"https:\/\/api.w.org\/{rel}","templated":true}]}}