{"id":15849,"date":"2020-02-17T21:16:29","date_gmt":"2020-02-17T21:16:29","guid":{"rendered":"https:\/\/ski-outdoor.ro\/ski\/?p=15849"},"modified":"2020-02-17T21:16:30","modified_gmt":"2020-02-17T21:16:30","slug":"ania-caill-urca-in-clasamentul-cupei-europei-la-schi-alpin","status":"publish","type":"post","link":"https:\/\/ski-outdoor.ro\/ski\/2020\/02\/17\/ania-caill-urca-in-clasamentul-cupei-europei-la-schi-alpin\/","title":{"rendered":"Ania Caill urc\u0103 \u00een clasamentul Cupei Europei la schi alpin"},"content":{"rendered":"\n<p><strong>Performan\u021b\u0103 pentru Rom\u00e2nia la Cupa Europei de schi\nalpin. Ania Caill a urcat trei pozi\u021bii \u00een clasamentul general la cobor\u00e2re \u0219i a\najuns pe locul 9, cu 120 de puncte.<\/strong><\/p>\n\n\n\n<div class=\"wp-block-image\"><figure class=\"alignleft is-resized\"><img loading=\"lazy\" src=\"https:\/\/ski-outdoor.ro\/ski\/wp-content\/uploads\/sites\/2\/2020\/02\/ania-caill-6.jpg\" alt=\"\" class=\"wp-image-15851\" width=\"321\" height=\"428\" srcset=\"https:\/\/ski-outdoor.ro\/ski\/wp-content\/uploads\/sites\/2\/2020\/02\/ania-caill-6.jpg 720w, https:\/\/ski-outdoor.ro\/ski\/wp-content\/uploads\/sites\/2\/2020\/02\/ania-caill-6-225x300.jpg 225w, https:\/\/ski-outdoor.ro\/ski\/wp-content\/uploads\/sites\/2\/2020\/02\/ania-caill-6-370x493.jpg 370w, https:\/\/ski-outdoor.ro\/ski\/wp-content\/uploads\/sites\/2\/2020\/02\/ania-caill-6-570x760.jpg 570w, https:\/\/ski-outdoor.ro\/ski\/wp-content\/uploads\/sites\/2\/2020\/02\/ania-caill-6-435x580.jpg 435w\" sizes=\"(max-width: 321px) 100vw, 321px\" \/><figcaption>sursa: FB \/ Ania Monica Caill<\/figcaption><\/figure><\/div>\n\n\n\n<p>Sportiva a f\u0103cut o frumoas\u0103 figur\u0103 la ultima prob\u0103 organizat\u0103 s\u00e2mb\u0103t\u0103 la Crans Montana, \u00een Eleve\u021bia. Ea a terminat cursa pe locul 7, cu o diferen\u021b\u0103 de 2.01 sec. fa\u021b\u0103 de primul loc c\u00e2\u0219tigat de austriaca Rosina Schneeberger. Locul doi a fost ocupat tot de o sportiv\u0103 din Austria, Nadine Fest, iar locul trei de elve\u021bianca Jasmina Suter.<\/p>\n\n\n\n<p>\u201c<em>Locul\n7 \u00een Cupa Europei de la Crans Montana.<\/em><em> M\u0103 bucur c\u0103 am confirmat forma bun\u0103 \u0219i aici. V\u0103 mul\u021bumesc \u00eenc\u0103 o dat\u0103\npentru tot suportul!<\/em>\u201d &#8211; Ania\nCaill.<\/p>\n\n\n\n<p>Ania Monica\nCaill a ob\u021binut \u00een acest sezon cel mai bun rezultat la schi alpin\nal Rom\u00e2niei din ultimii 30 de ani, dup\u0103 ce a terminat proba de cobor\u00e2re de la\nPila, Italia, pe locul 2.<\/p>\n\n\n\n<p><em>Scris de: Bianca \u0218omlea<\/em><em><\/em><\/p>\n","protected":false},"excerpt":{"rendered":"<p>Performan\u021b\u0103 pentru Rom\u00e2nia la Cupa Europei de schi alpin. Ania Caill a urcat trei pozi\u021bii \u00een clasamentul general la cobor\u00e2re&#8230;<\/p>\n","protected":false},"author":16,"featured_media":15850,"comment_status":"open","ping_status":"open","sticky":false,"template":"","format":"standard","meta":[],"categories":[53],"tags":[126,260,147,130,1672,151,184,3624,3317,111,3625,3622,3623,1690,70,3607,2602,2744,3606,117,139,161,2500],"yoast_head":"<!-- This site is optimized with the Yoast SEO plugin v18.4.1 - https:\/\/yoast.com\/wordpress\/plugins\/seo\/ -->\n<title>Ania Caill urc\u0103 \u00een clasamentul Cupei Europei la schi alpin - Ski Magazine<\/title>\n<meta name=\"robots\" content=\"index, follow, max-snippet:-1, max-image-preview:large, max-video-preview:-1\" \/>\n<link rel=\"canonical\" href=\"https:\/\/ski-outdoor.ro\/ski\/2020\/02\/17\/ania-caill-urca-in-clasamentul-cupei-europei-la-schi-alpin\/\" \/>\n<meta property=\"og:locale\" content=\"ro_RO\" \/>\n<meta property=\"og:type\" content=\"article\" \/>\n<meta property=\"og:title\" content=\"Ania Caill urc\u0103 \u00een clasamentul Cupei Europei la schi alpin - Ski Magazine\" \/>\n<meta property=\"og:description\" content=\"Performan\u021b\u0103 pentru Rom\u00e2nia la Cupa Europei de schi alpin. Ania Caill a urcat trei pozi\u021bii \u00een clasamentul general la cobor\u00e2re...\" \/>\n<meta property=\"og:url\" content=\"https:\/\/ski-outdoor.ro\/ski\/2020\/02\/17\/ania-caill-urca-in-clasamentul-cupei-europei-la-schi-alpin\/\" \/>\n<meta property=\"og:site_name\" content=\"Ski Magazine\" \/>\n<meta property=\"article:published_time\" content=\"2020-02-17T21:16:29+00:00\" \/>\n<meta property=\"article:modified_time\" content=\"2020-02-17T21:16:30+00:00\" \/>\n<meta property=\"og:image\" content=\"https:\/\/ski-outdoor.ro\/ski\/wp-content\/uploads\/sites\/2\/2020\/02\/ania-caill-2-1.jpg\" \/>\n\t<meta property=\"og:image:width\" content=\"2048\" \/>\n\t<meta property=\"og:image:height\" content=\"1365\" \/>\n\t<meta property=\"og:image:type\" content=\"image\/jpeg\" \/>\n<meta name=\"twitter:card\" content=\"summary_large_image\" \/>\n<meta name=\"twitter:label1\" content=\"Scris de\" \/>\n\t<meta name=\"twitter:data1\" content=\"Bianca \u0218omlea\" \/>\n\t<meta name=\"twitter:label2\" content=\"Timp estimat pentru citire\" \/>\n\t<meta name=\"twitter:data2\" content=\"1 minut\" \/>\n<script type=\"application\/ld+json\" class=\"yoast-schema-graph\">{\"@context\":\"https:\/\/schema.org\",\"@graph\":[{\"@type\":\"WebSite\",\"@id\":\"https:\/\/ski-outdoor.ro\/ski\/#website\",\"url\":\"https:\/\/ski-outdoor.ro\/ski\/\",\"name\":\"Ski Magazine\",\"description\":\"\",\"potentialAction\":[{\"@type\":\"SearchAction\",\"target\":{\"@type\":\"EntryPoint\",\"urlTemplate\":\"https:\/\/ski-outdoor.ro\/ski\/?s={search_term_string}\"},\"query-input\":\"required name=search_term_string\"}],\"inLanguage\":\"ro-RO\"},{\"@type\":\"ImageObject\",\"@id\":\"https:\/\/ski-outdoor.ro\/ski\/2020\/02\/17\/ania-caill-urca-in-clasamentul-cupei-europei-la-schi-alpin\/#primaryimage\",\"inLanguage\":\"ro-RO\",\"url\":\"https:\/\/ski-outdoor.ro\/ski\/wp-content\/uploads\/sites\/2\/2020\/02\/ania-caill-2-1.jpg\",\"contentUrl\":\"https:\/\/ski-outdoor.ro\/ski\/wp-content\/uploads\/sites\/2\/2020\/02\/ania-caill-2-1.jpg\",\"width\":2048,\"height\":1365,\"caption\":\"sursa: FB \/ Ania Monica Caill\"},{\"@type\":\"WebPage\",\"@id\":\"https:\/\/ski-outdoor.ro\/ski\/2020\/02\/17\/ania-caill-urca-in-clasamentul-cupei-europei-la-schi-alpin\/#webpage\",\"url\":\"https:\/\/ski-outdoor.ro\/ski\/2020\/02\/17\/ania-caill-urca-in-clasamentul-cupei-europei-la-schi-alpin\/\",\"name\":\"Ania Caill urc\u0103 \u00een clasamentul Cupei Europei la schi alpin - Ski Magazine\",\"isPartOf\":{\"@id\":\"https:\/\/ski-outdoor.ro\/ski\/#website\"},\"primaryImageOfPage\":{\"@id\":\"https:\/\/ski-outdoor.ro\/ski\/2020\/02\/17\/ania-caill-urca-in-clasamentul-cupei-europei-la-schi-alpin\/#primaryimage\"},\"datePublished\":\"2020-02-17T21:16:29+00:00\",\"dateModified\":\"2020-02-17T21:16:30+00:00\",\"author\":{\"@id\":\"https:\/\/ski-outdoor.ro\/ski\/#\/schema\/person\/29661f8d079aa10872d8edcf2a2a520b\"},\"breadcrumb\":{\"@id\":\"https:\/\/ski-outdoor.ro\/ski\/2020\/02\/17\/ania-caill-urca-in-clasamentul-cupei-europei-la-schi-alpin\/#breadcrumb\"},\"inLanguage\":\"ro-RO\",\"potentialAction\":[{\"@type\":\"ReadAction\",\"target\":[\"https:\/\/ski-outdoor.ro\/ski\/2020\/02\/17\/ania-caill-urca-in-clasamentul-cupei-europei-la-schi-alpin\/\"]}]},{\"@type\":\"BreadcrumbList\",\"@id\":\"https:\/\/ski-outdoor.ro\/ski\/2020\/02\/17\/ania-caill-urca-in-clasamentul-cupei-europei-la-schi-alpin\/#breadcrumb\",\"itemListElement\":[{\"@type\":\"ListItem\",\"position\":1,\"name\":\"Home\",\"item\":\"https:\/\/ski-outdoor.ro\/ski\/\"},{\"@type\":\"ListItem\",\"position\":2,\"name\":\"Ania Caill urc\u0103 \u00een clasamentul Cupei Europei la schi alpin\"}]},{\"@type\":\"Person\",\"@id\":\"https:\/\/ski-outdoor.ro\/ski\/#\/schema\/person\/29661f8d079aa10872d8edcf2a2a520b\",\"name\":\"Bianca \u0218omlea\",\"image\":{\"@type\":\"ImageObject\",\"@id\":\"https:\/\/ski-outdoor.ro\/ski\/#personlogo\",\"inLanguage\":\"ro-RO\",\"url\":\"https:\/\/secure.gravatar.com\/avatar\/b39a83203da3fc8888ded6e8052246ad?s=96&d=mm&r=g\",\"contentUrl\":\"https:\/\/secure.gravatar.com\/avatar\/b39a83203da3fc8888ded6e8052246ad?s=96&d=mm&r=g\",\"caption\":\"Bianca \u0218omlea\"},\"url\":\"https:\/\/ski-outdoor.ro\/ski\/author\/editorfb206\/\"}]}<\/script>\n<!-- \/ Yoast SEO plugin. -->","yoast_head_json":{"title":"Ania Caill urc\u0103 \u00een clasamentul Cupei Europei la schi alpin - Ski Magazine","robots":{"index":"index","follow":"follow","max-snippet":"max-snippet:-1","max-image-preview":"max-image-preview:large","max-video-preview":"max-video-preview:-1"},"canonical":"https:\/\/ski-outdoor.ro\/ski\/2020\/02\/17\/ania-caill-urca-in-clasamentul-cupei-europei-la-schi-alpin\/","og_locale":"ro_RO","og_type":"article","og_title":"Ania Caill urc\u0103 \u00een clasamentul Cupei Europei la schi alpin - Ski Magazine","og_description":"Performan\u021b\u0103 pentru Rom\u00e2nia la Cupa Europei de schi alpin. Ania Caill a urcat trei pozi\u021bii \u00een clasamentul general la cobor\u00e2re...","og_url":"https:\/\/ski-outdoor.ro\/ski\/2020\/02\/17\/ania-caill-urca-in-clasamentul-cupei-europei-la-schi-alpin\/","og_site_name":"Ski Magazine","article_published_time":"2020-02-17T21:16:29+00:00","article_modified_time":"2020-02-17T21:16:30+00:00","og_image":[{"width":2048,"height":1365,"url":"https:\/\/ski-outdoor.ro\/ski\/wp-content\/uploads\/sites\/2\/2020\/02\/ania-caill-2-1.jpg","type":"image\/jpeg"}],"twitter_card":"summary_large_image","twitter_misc":{"Scris de":"Bianca \u0218omlea","Timp estimat pentru citire":"1 minut"},"schema":{"@context":"https:\/\/schema.org","@graph":[{"@type":"WebSite","@id":"https:\/\/ski-outdoor.ro\/ski\/#website","url":"https:\/\/ski-outdoor.ro\/ski\/","name":"Ski Magazine","description":"","potentialAction":[{"@type":"SearchAction","target":{"@type":"EntryPoint","urlTemplate":"https:\/\/ski-outdoor.ro\/ski\/?s={search_term_string}"},"query-input":"required name=search_term_string"}],"inLanguage":"ro-RO"},{"@type":"ImageObject","@id":"https:\/\/ski-outdoor.ro\/ski\/2020\/02\/17\/ania-caill-urca-in-clasamentul-cupei-europei-la-schi-alpin\/#primaryimage","inLanguage":"ro-RO","url":"https:\/\/ski-outdoor.ro\/ski\/wp-content\/uploads\/sites\/2\/2020\/02\/ania-caill-2-1.jpg","contentUrl":"https:\/\/ski-outdoor.ro\/ski\/wp-content\/uploads\/sites\/2\/2020\/02\/ania-caill-2-1.jpg","width":2048,"height":1365,"caption":"sursa: FB \/ Ania Monica Caill"},{"@type":"WebPage","@id":"https:\/\/ski-outdoor.ro\/ski\/2020\/02\/17\/ania-caill-urca-in-clasamentul-cupei-europei-la-schi-alpin\/#webpage","url":"https:\/\/ski-outdoor.ro\/ski\/2020\/02\/17\/ania-caill-urca-in-clasamentul-cupei-europei-la-schi-alpin\/","name":"Ania Caill urc\u0103 \u00een clasamentul Cupei Europei la schi alpin - Ski Magazine","isPartOf":{"@id":"https:\/\/ski-outdoor.ro\/ski\/#website"},"primaryImageOfPage":{"@id":"https:\/\/ski-outdoor.ro\/ski\/2020\/02\/17\/ania-caill-urca-in-clasamentul-cupei-europei-la-schi-alpin\/#primaryimage"},"datePublished":"2020-02-17T21:16:29+00:00","dateModified":"2020-02-17T21:16:30+00:00","author":{"@id":"https:\/\/ski-outdoor.ro\/ski\/#\/schema\/person\/29661f8d079aa10872d8edcf2a2a520b"},"breadcrumb":{"@id":"https:\/\/ski-outdoor.ro\/ski\/2020\/02\/17\/ania-caill-urca-in-clasamentul-cupei-europei-la-schi-alpin\/#breadcrumb"},"inLanguage":"ro-RO","potentialAction":[{"@type":"ReadAction","target":["https:\/\/ski-outdoor.ro\/ski\/2020\/02\/17\/ania-caill-urca-in-clasamentul-cupei-europei-la-schi-alpin\/"]}]},{"@type":"BreadcrumbList","@id":"https:\/\/ski-outdoor.ro\/ski\/2020\/02\/17\/ania-caill-urca-in-clasamentul-cupei-europei-la-schi-alpin\/#breadcrumb","itemListElement":[{"@type":"ListItem","position":1,"name":"Home","item":"https:\/\/ski-outdoor.ro\/ski\/"},{"@type":"ListItem","position":2,"name":"Ania Caill urc\u0103 \u00een clasamentul Cupei Europei la schi alpin"}]},{"@type":"Person","@id":"https:\/\/ski-outdoor.ro\/ski\/#\/schema\/person\/29661f8d079aa10872d8edcf2a2a520b","name":"Bianca \u0218omlea","image":{"@type":"ImageObject","@id":"https:\/\/ski-outdoor.ro\/ski\/#personlogo","inLanguage":"ro-RO","url":"https:\/\/secure.gravatar.com\/avatar\/b39a83203da3fc8888ded6e8052246ad?s=96&d=mm&r=g","contentUrl":"https:\/\/secure.gravatar.com\/avatar\/b39a83203da3fc8888ded6e8052246ad?s=96&d=mm&r=g","caption":"Bianca \u0218omlea"},"url":"https:\/\/ski-outdoor.ro\/ski\/author\/editorfb206\/"}]}},"_links":{"self":[{"href":"https:\/\/ski-outdoor.ro\/ski\/wp-json\/wp\/v2\/posts\/15849"}],"collection":[{"href":"https:\/\/ski-outdoor.ro\/ski\/wp-json\/wp\/v2\/posts"}],"about":[{"href":"https:\/\/ski-outdoor.ro\/ski\/wp-json\/wp\/v2\/types\/post"}],"author":[{"embeddable":true,"href":"https:\/\/ski-outdoor.ro\/ski\/wp-json\/wp\/v2\/users\/16"}],"replies":[{"embeddable":true,"href":"https:\/\/ski-outdoor.ro\/ski\/wp-json\/wp\/v2\/comments?post=15849"}],"version-history":[{"count":1,"href":"https:\/\/ski-outdoor.ro\/ski\/wp-json\/wp\/v2\/posts\/15849\/revisions"}],"predecessor-version":[{"id":15852,"href":"https:\/\/ski-outdoor.ro\/ski\/wp-json\/wp\/v2\/posts\/15849\/revisions\/15852"}],"wp:featuredmedia":[{"embeddable":true,"href":"https:\/\/ski-outdoor.ro\/ski\/wp-json\/wp\/v2\/media\/15850"}],"wp:attachment":[{"href":"https:\/\/ski-outdoor.ro\/ski\/wp-json\/wp\/v2\/media?parent=15849"}],"wp:term":[{"taxonomy":"category","embeddable":true,"href":"https:\/\/ski-outdoor.ro\/ski\/wp-json\/wp\/v2\/categories?post=15849"},{"taxonomy":"post_tag","embeddable":true,"href":"https:\/\/ski-outdoor.ro\/ski\/wp-json\/wp\/v2\/tags?post=15849"}],"curies":[{"name":"wp","href":"https:\/\/api.w.org\/{rel}","templated":true}]}}