{"id":16690,"date":"2020-04-18T13:27:45","date_gmt":"2020-04-18T13:27:45","guid":{"rendered":"https:\/\/ski-outdoor.ro\/ski\/?p=16690"},"modified":"2020-04-18T14:19:37","modified_gmt":"2020-04-18T14:19:37","slug":"partiile-de-schi-din-austria-s-ar-putea-redeschide","status":"publish","type":"post","link":"https:\/\/ski-outdoor.ro\/ski\/2020\/04\/18\/partiile-de-schi-din-austria-s-ar-putea-redeschide\/","title":{"rendered":"P\u00e2rtiile de schi din Austria s-ar putea redeschide"},"content":{"rendered":"\n<p><strong>Vice-cancelarul austriac, Werner Kogler, a anun\u021bat c\u0103 un\nnum\u0103r mare de sporturi individuale precum tenisul, golful, echita\u021bia sau\natletismul, vor putea fi practicate din nou \u00eencep\u00e2nd cu data de 1 mai. Austria \u00eencepe\ns\u0103 ias\u0103 treptat din starea de urgen\u021b\u0103 cauzat\u0103 de pandemia de coronavirus. \u00cen\ncadrul unei conferin\u021be de pres\u0103, Kogler a spus c\u0103 \u0219i schiul va fi permis, dar a\n\u00eendemnat ca cei care vor vrea s\u0103 mearg\u0103 pe p\u00e2rtii s<\/strong><strong>\u0103<\/strong><strong> se rezume la \u201eceva u\u0219or\u201d pentru a\nevita problemele.<\/strong><strong><\/strong><\/p>\n\n\n\n<p>Austria este \u00een blocaj de o lun\u0103 \u0219i mai multe dintre sta\u021biuni de schi au fost identificate drept focare pentru infec\u021bia cu coronavirus. \u021aara are \u00eens\u0103 raportate relativ pu\u021bine infec\u021bii \u0219i decese \u00een compara\u021bie cu multe alte state.<br> Multe dintre domeniile schiabile din Austria precum Hintertux, Kaunertal sau Stubai sunt amenajate pe  ghe\u021bari,  unde se schiaz\u0103 \u00een mod normal \u0219i \u00een lunile mai \u0219i iunie. Potrivit presei austriece, administratorii domeniului Hintertux au spus c\u0103 vor redeschide imediat ce vor putea func\u021biona \u00een siguran\u021b\u0103, iar Kaunertal \u0219i Stubai au publicat s\u0103pt\u0103m\u00e2na aceasta imagini cu p\u00e2rtii impecabile, spun\u00e2nd c\u0103 exist\u0103 condi\u021bii minunate pentru schi de prim\u0103var\u0103. <\/p>\n\n\n\n<figure class=\"wp-block-image\"><img loading=\"lazy\" width=\"960\" height=\"720\" src=\"https:\/\/ski-outdoor.ro\/ski\/wp-content\/uploads\/sites\/2\/2020\/04\/stubai.jpg\" alt=\"\" class=\"wp-image-16693\" srcset=\"https:\/\/ski-outdoor.ro\/ski\/wp-content\/uploads\/sites\/2\/2020\/04\/stubai.jpg 960w, https:\/\/ski-outdoor.ro\/ski\/wp-content\/uploads\/sites\/2\/2020\/04\/stubai-300x225.jpg 300w, https:\/\/ski-outdoor.ro\/ski\/wp-content\/uploads\/sites\/2\/2020\/04\/stubai-768x576.jpg 768w, https:\/\/ski-outdoor.ro\/ski\/wp-content\/uploads\/sites\/2\/2020\/04\/stubai-370x278.jpg 370w, https:\/\/ski-outdoor.ro\/ski\/wp-content\/uploads\/sites\/2\/2020\/04\/stubai-570x428.jpg 570w, https:\/\/ski-outdoor.ro\/ski\/wp-content\/uploads\/sites\/2\/2020\/04\/stubai-770x578.jpg 770w, https:\/\/ski-outdoor.ro\/ski\/wp-content\/uploads\/sites\/2\/2020\/04\/stubai-773x580.jpg 773w\" sizes=\"(max-width: 960px) 100vw, 960px\" \/><figcaption>sursa: FB \/ Stubai<\/figcaption><\/figure>\n\n\n\n<blockquote class=\"wp-block-quote\"><p><em>Zona noastr\u0103 de schi a fost \u00eenchis\u0103 de autorit\u0103\u021bile austriece, a\u0219a c\u0103 avem nevoie de confirmarea lor pentru a o redeschidere. \u00cen acest moment nu avem o dat\u0103 exact\u0103, dar sper\u0103m c\u0103 acest lucru se va \u00eent\u00e2mpla \u00een la finalul prim\u0103verii<\/em>, a declarat purt\u0103torul de cuv\u00e2nt al companiei de ski-lift-uri de pe Hintertux. <\/p><\/blockquote>\n\n\n\n<p>Alte domenii schiabile austriece care se pot deschide la\nsf\u00e2r\u0219itul prim\u0103verii sau vara, precum Kitzsteinhorn, au spus c\u0103 nu se a\u0219teapt\u0103\nca sporturile de schi \u0219i snowboard s\u0103 se reia p\u00e2n\u0103 \u00een septembrie. <\/p>\n\n\n\n<p>Mai multe \u021b\u0103ri \u0219i-au relaxat blocajele \u00een ultimele s\u0103pt\u0103m\u00e2ni, permi\u021b\u00e2nd unui num\u0103r mic de domenii schiabile s\u0103 se redeschid\u0103 pentru c\u00e2teva s\u0103pt\u0103m\u00e2ni la sf\u00e2r\u0219it de sezon (Cehia \u0219i Norvegia). Alte sta\u021biuni din Islanda, Japonia sau Suedia au r\u0103mas deschise. Cu toate acestea, reprezentan\u021bii lor au subliniat c\u0103 exist\u0103 m\u0103suri stricte pentru limitarea pericolului de r\u0103sp\u00e2ndire COVID-19 \u0219i c\u0103 p\u00e2rtiile sunt deschise doar pentru schiori locali distan\u021ba\u021bi social \u0219i purt\u0103tori de masc\u0103.<\/p>\n\n\n\n<p><em>Scris de: Bianca \u0218omlea<\/em><em><\/em><\/p>\n","protected":false},"excerpt":{"rendered":"<p>Vice-cancelarul austriac, Werner Kogler, a anun\u021bat c\u0103 un num\u0103r mare de sporturi individuale precum tenisul, golful, echita\u021bia sau atletismul, vor&#8230;<\/p>\n","protected":false},"author":16,"featured_media":16692,"comment_status":"open","ping_status":"open","sticky":false,"template":"","format":"standard","meta":[],"categories":[2770],"tags":[260,4485,4493,4482,4488,3898,1968,4486,1520,1168,4487,4494,4490,3345,4492,1446,4489,3821,772,70,3906,231,4483,4491,4479,4484,117,610,75,161,2500,118,1575,123,4480,4481],"yoast_head":"<!-- This site is optimized with the Yoast SEO plugin v18.4.1 - https:\/\/yoast.com\/wordpress\/plugins\/seo\/ -->\n<title>P\u00e2rtiile de schi din Austria s-ar putea redeschide - Ski Magazine<\/title>\n<meta name=\"robots\" content=\"index, follow, max-snippet:-1, max-image-preview:large, max-video-preview:-1\" \/>\n<link rel=\"canonical\" href=\"https:\/\/ski-outdoor.ro\/ski\/2020\/04\/18\/partiile-de-schi-din-austria-s-ar-putea-redeschide\/\" \/>\n<meta property=\"og:locale\" content=\"ro_RO\" \/>\n<meta property=\"og:type\" content=\"article\" \/>\n<meta property=\"og:title\" content=\"P\u00e2rtiile de schi din Austria s-ar putea redeschide - Ski Magazine\" \/>\n<meta property=\"og:description\" content=\"Vice-cancelarul austriac, Werner Kogler, a anun\u021bat c\u0103 un num\u0103r mare de sporturi individuale precum tenisul, golful, echita\u021bia sau atletismul, vor...\" \/>\n<meta property=\"og:url\" content=\"https:\/\/ski-outdoor.ro\/ski\/2020\/04\/18\/partiile-de-schi-din-austria-s-ar-putea-redeschide\/\" \/>\n<meta property=\"og:site_name\" content=\"Ski Magazine\" \/>\n<meta property=\"article:published_time\" content=\"2020-04-18T13:27:45+00:00\" \/>\n<meta property=\"article:modified_time\" content=\"2020-04-18T14:19:37+00:00\" \/>\n<meta property=\"og:image\" content=\"https:\/\/ski-outdoor.ro\/ski\/wp-content\/uploads\/sites\/2\/2020\/04\/Hintertux-Gletscher_1.jpg\" \/>\n\t<meta property=\"og:image:width\" content=\"2048\" \/>\n\t<meta property=\"og:image:height\" content=\"1365\" \/>\n\t<meta property=\"og:image:type\" content=\"image\/jpeg\" \/>\n<meta name=\"twitter:card\" content=\"summary_large_image\" \/>\n<meta name=\"twitter:label1\" content=\"Scris de\" \/>\n\t<meta name=\"twitter:data1\" content=\"Bianca \u0218omlea\" \/>\n\t<meta name=\"twitter:label2\" content=\"Timp estimat pentru citire\" \/>\n\t<meta name=\"twitter:data2\" content=\"2 minute\" \/>\n<script type=\"application\/ld+json\" class=\"yoast-schema-graph\">{\"@context\":\"https:\/\/schema.org\",\"@graph\":[{\"@type\":\"WebSite\",\"@id\":\"https:\/\/ski-outdoor.ro\/ski\/#website\",\"url\":\"https:\/\/ski-outdoor.ro\/ski\/\",\"name\":\"Ski Magazine\",\"description\":\"\",\"potentialAction\":[{\"@type\":\"SearchAction\",\"target\":{\"@type\":\"EntryPoint\",\"urlTemplate\":\"https:\/\/ski-outdoor.ro\/ski\/?s={search_term_string}\"},\"query-input\":\"required name=search_term_string\"}],\"inLanguage\":\"ro-RO\"},{\"@type\":\"ImageObject\",\"@id\":\"https:\/\/ski-outdoor.ro\/ski\/2020\/04\/18\/partiile-de-schi-din-austria-s-ar-putea-redeschide\/#primaryimage\",\"inLanguage\":\"ro-RO\",\"url\":\"https:\/\/ski-outdoor.ro\/ski\/wp-content\/uploads\/sites\/2\/2020\/04\/Hintertux-Gletscher_1.jpg\",\"contentUrl\":\"https:\/\/ski-outdoor.ro\/ski\/wp-content\/uploads\/sites\/2\/2020\/04\/Hintertux-Gletscher_1.jpg\",\"width\":2048,\"height\":1365,\"caption\":\"sursa: FB \/ Hintertux Gletscher\"},{\"@type\":\"WebPage\",\"@id\":\"https:\/\/ski-outdoor.ro\/ski\/2020\/04\/18\/partiile-de-schi-din-austria-s-ar-putea-redeschide\/#webpage\",\"url\":\"https:\/\/ski-outdoor.ro\/ski\/2020\/04\/18\/partiile-de-schi-din-austria-s-ar-putea-redeschide\/\",\"name\":\"P\u00e2rtiile de schi din Austria s-ar putea redeschide - Ski Magazine\",\"isPartOf\":{\"@id\":\"https:\/\/ski-outdoor.ro\/ski\/#website\"},\"primaryImageOfPage\":{\"@id\":\"https:\/\/ski-outdoor.ro\/ski\/2020\/04\/18\/partiile-de-schi-din-austria-s-ar-putea-redeschide\/#primaryimage\"},\"datePublished\":\"2020-04-18T13:27:45+00:00\",\"dateModified\":\"2020-04-18T14:19:37+00:00\",\"author\":{\"@id\":\"https:\/\/ski-outdoor.ro\/ski\/#\/schema\/person\/29661f8d079aa10872d8edcf2a2a520b\"},\"breadcrumb\":{\"@id\":\"https:\/\/ski-outdoor.ro\/ski\/2020\/04\/18\/partiile-de-schi-din-austria-s-ar-putea-redeschide\/#breadcrumb\"},\"inLanguage\":\"ro-RO\",\"potentialAction\":[{\"@type\":\"ReadAction\",\"target\":[\"https:\/\/ski-outdoor.ro\/ski\/2020\/04\/18\/partiile-de-schi-din-austria-s-ar-putea-redeschide\/\"]}]},{\"@type\":\"BreadcrumbList\",\"@id\":\"https:\/\/ski-outdoor.ro\/ski\/2020\/04\/18\/partiile-de-schi-din-austria-s-ar-putea-redeschide\/#breadcrumb\",\"itemListElement\":[{\"@type\":\"ListItem\",\"position\":1,\"name\":\"Home\",\"item\":\"https:\/\/ski-outdoor.ro\/ski\/\"},{\"@type\":\"ListItem\",\"position\":2,\"name\":\"P\u00e2rtiile de schi din Austria s-ar putea redeschide\"}]},{\"@type\":\"Person\",\"@id\":\"https:\/\/ski-outdoor.ro\/ski\/#\/schema\/person\/29661f8d079aa10872d8edcf2a2a520b\",\"name\":\"Bianca \u0218omlea\",\"image\":{\"@type\":\"ImageObject\",\"@id\":\"https:\/\/ski-outdoor.ro\/ski\/#personlogo\",\"inLanguage\":\"ro-RO\",\"url\":\"https:\/\/secure.gravatar.com\/avatar\/b39a83203da3fc8888ded6e8052246ad?s=96&d=mm&r=g\",\"contentUrl\":\"https:\/\/secure.gravatar.com\/avatar\/b39a83203da3fc8888ded6e8052246ad?s=96&d=mm&r=g\",\"caption\":\"Bianca \u0218omlea\"},\"url\":\"https:\/\/ski-outdoor.ro\/ski\/author\/editorfb206\/\"}]}<\/script>\n<!-- \/ Yoast SEO plugin. -->","yoast_head_json":{"title":"P\u00e2rtiile de schi din Austria s-ar putea redeschide - Ski Magazine","robots":{"index":"index","follow":"follow","max-snippet":"max-snippet:-1","max-image-preview":"max-image-preview:large","max-video-preview":"max-video-preview:-1"},"canonical":"https:\/\/ski-outdoor.ro\/ski\/2020\/04\/18\/partiile-de-schi-din-austria-s-ar-putea-redeschide\/","og_locale":"ro_RO","og_type":"article","og_title":"P\u00e2rtiile de schi din Austria s-ar putea redeschide - Ski Magazine","og_description":"Vice-cancelarul austriac, Werner Kogler, a anun\u021bat c\u0103 un num\u0103r mare de sporturi individuale precum tenisul, golful, echita\u021bia sau atletismul, vor...","og_url":"https:\/\/ski-outdoor.ro\/ski\/2020\/04\/18\/partiile-de-schi-din-austria-s-ar-putea-redeschide\/","og_site_name":"Ski Magazine","article_published_time":"2020-04-18T13:27:45+00:00","article_modified_time":"2020-04-18T14:19:37+00:00","og_image":[{"width":2048,"height":1365,"url":"https:\/\/ski-outdoor.ro\/ski\/wp-content\/uploads\/sites\/2\/2020\/04\/Hintertux-Gletscher_1.jpg","type":"image\/jpeg"}],"twitter_card":"summary_large_image","twitter_misc":{"Scris de":"Bianca \u0218omlea","Timp estimat pentru citire":"2 minute"},"schema":{"@context":"https:\/\/schema.org","@graph":[{"@type":"WebSite","@id":"https:\/\/ski-outdoor.ro\/ski\/#website","url":"https:\/\/ski-outdoor.ro\/ski\/","name":"Ski Magazine","description":"","potentialAction":[{"@type":"SearchAction","target":{"@type":"EntryPoint","urlTemplate":"https:\/\/ski-outdoor.ro\/ski\/?s={search_term_string}"},"query-input":"required name=search_term_string"}],"inLanguage":"ro-RO"},{"@type":"ImageObject","@id":"https:\/\/ski-outdoor.ro\/ski\/2020\/04\/18\/partiile-de-schi-din-austria-s-ar-putea-redeschide\/#primaryimage","inLanguage":"ro-RO","url":"https:\/\/ski-outdoor.ro\/ski\/wp-content\/uploads\/sites\/2\/2020\/04\/Hintertux-Gletscher_1.jpg","contentUrl":"https:\/\/ski-outdoor.ro\/ski\/wp-content\/uploads\/sites\/2\/2020\/04\/Hintertux-Gletscher_1.jpg","width":2048,"height":1365,"caption":"sursa: FB \/ Hintertux Gletscher"},{"@type":"WebPage","@id":"https:\/\/ski-outdoor.ro\/ski\/2020\/04\/18\/partiile-de-schi-din-austria-s-ar-putea-redeschide\/#webpage","url":"https:\/\/ski-outdoor.ro\/ski\/2020\/04\/18\/partiile-de-schi-din-austria-s-ar-putea-redeschide\/","name":"P\u00e2rtiile de schi din Austria s-ar putea redeschide - Ski Magazine","isPartOf":{"@id":"https:\/\/ski-outdoor.ro\/ski\/#website"},"primaryImageOfPage":{"@id":"https:\/\/ski-outdoor.ro\/ski\/2020\/04\/18\/partiile-de-schi-din-austria-s-ar-putea-redeschide\/#primaryimage"},"datePublished":"2020-04-18T13:27:45+00:00","dateModified":"2020-04-18T14:19:37+00:00","author":{"@id":"https:\/\/ski-outdoor.ro\/ski\/#\/schema\/person\/29661f8d079aa10872d8edcf2a2a520b"},"breadcrumb":{"@id":"https:\/\/ski-outdoor.ro\/ski\/2020\/04\/18\/partiile-de-schi-din-austria-s-ar-putea-redeschide\/#breadcrumb"},"inLanguage":"ro-RO","potentialAction":[{"@type":"ReadAction","target":["https:\/\/ski-outdoor.ro\/ski\/2020\/04\/18\/partiile-de-schi-din-austria-s-ar-putea-redeschide\/"]}]},{"@type":"BreadcrumbList","@id":"https:\/\/ski-outdoor.ro\/ski\/2020\/04\/18\/partiile-de-schi-din-austria-s-ar-putea-redeschide\/#breadcrumb","itemListElement":[{"@type":"ListItem","position":1,"name":"Home","item":"https:\/\/ski-outdoor.ro\/ski\/"},{"@type":"ListItem","position":2,"name":"P\u00e2rtiile de schi din Austria s-ar putea redeschide"}]},{"@type":"Person","@id":"https:\/\/ski-outdoor.ro\/ski\/#\/schema\/person\/29661f8d079aa10872d8edcf2a2a520b","name":"Bianca \u0218omlea","image":{"@type":"ImageObject","@id":"https:\/\/ski-outdoor.ro\/ski\/#personlogo","inLanguage":"ro-RO","url":"https:\/\/secure.gravatar.com\/avatar\/b39a83203da3fc8888ded6e8052246ad?s=96&d=mm&r=g","contentUrl":"https:\/\/secure.gravatar.com\/avatar\/b39a83203da3fc8888ded6e8052246ad?s=96&d=mm&r=g","caption":"Bianca \u0218omlea"},"url":"https:\/\/ski-outdoor.ro\/ski\/author\/editorfb206\/"}]}},"_links":{"self":[{"href":"https:\/\/ski-outdoor.ro\/ski\/wp-json\/wp\/v2\/posts\/16690"}],"collection":[{"href":"https:\/\/ski-outdoor.ro\/ski\/wp-json\/wp\/v2\/posts"}],"about":[{"href":"https:\/\/ski-outdoor.ro\/ski\/wp-json\/wp\/v2\/types\/post"}],"author":[{"embeddable":true,"href":"https:\/\/ski-outdoor.ro\/ski\/wp-json\/wp\/v2\/users\/16"}],"replies":[{"embeddable":true,"href":"https:\/\/ski-outdoor.ro\/ski\/wp-json\/wp\/v2\/comments?post=16690"}],"version-history":[{"count":5,"href":"https:\/\/ski-outdoor.ro\/ski\/wp-json\/wp\/v2\/posts\/16690\/revisions"}],"predecessor-version":[{"id":16697,"href":"https:\/\/ski-outdoor.ro\/ski\/wp-json\/wp\/v2\/posts\/16690\/revisions\/16697"}],"wp:featuredmedia":[{"embeddable":true,"href":"https:\/\/ski-outdoor.ro\/ski\/wp-json\/wp\/v2\/media\/16692"}],"wp:attachment":[{"href":"https:\/\/ski-outdoor.ro\/ski\/wp-json\/wp\/v2\/media?parent=16690"}],"wp:term":[{"taxonomy":"category","embeddable":true,"href":"https:\/\/ski-outdoor.ro\/ski\/wp-json\/wp\/v2\/categories?post=16690"},{"taxonomy":"post_tag","embeddable":true,"href":"https:\/\/ski-outdoor.ro\/ski\/wp-json\/wp\/v2\/tags?post=16690"}],"curies":[{"name":"wp","href":"https:\/\/api.w.org\/{rel}","templated":true}]}}