{"id":16838,"date":"2020-05-05T20:08:11","date_gmt":"2020-05-05T20:08:11","guid":{"rendered":"https:\/\/ski-outdoor.ro\/ski\/?p=16838"},"modified":"2020-05-05T20:08:12","modified_gmt":"2020-05-05T20:08:12","slug":"impaduriri-in-piatra-craiului-locurile-unde-se-va-putea-campa","status":"publish","type":"post","link":"https:\/\/ski-outdoor.ro\/ski\/2020\/05\/05\/impaduriri-in-piatra-craiului-locurile-unde-se-va-putea-campa\/","title":{"rendered":"\u00cemp\u0103duriri \u00een Piatra Craiului. Locurile unde se va putea campa"},"content":{"rendered":"\n<p><strong>\u00cen perioada de izolare, cei din Piatra Craiului au reu\u0219it s\u0103 ob\u021bin\u0103 finan\u021bare \u0219i s\u0103 re\u00eemp\u0103dureasc\u0103 un hectar de p\u0103dure afectat de d\u0103un\u0103tori. Invitat de Dan Burlac la dialogurile montane <em>Dor de Munte<\/em>, Mircea Verghele\u021b, directorul Administra\u021biei Parcului Na\u021bional Piatra Craiului, a vorbit despre proiectele derulate \u00een aceast\u0103 prim\u0103var\u0103, dar \u0219i despre preg\u0103tirile care se fac pentru primirea turi\u0219tilor din 15 mai.<\/strong><\/p>\n\n\n\n<p><em>Am aplicat \u00eempreun\u0103 cu Asocia\u021bia Administra\u021biilor de Arii Protejate la acest program ini\u021biat de Ambasada Fran\u021bei \u0219i de Institul Francez din Rom\u00e2nia. Poiectul a inclus mai mul\u021bi parteneri, pe l\u00e2ng\u0103 administra\u021bie \u0219i asocia\u021bie, a fost \u0219i O\u0219tea Mo\u0219nenilor Ruc\u0103reni \u0219i D\u00e2mbovicioreni care au propriet\u0103\u021bi \u00een interiorul parcului na\u021bional. Activitatea const\u0103 \u00een realizarea unei \u00eemp\u0103duriri \u00eentr-o zon\u0103 care a fost afectat\u0103 de g\u00e2ndacul de scoar\u021b\u0103. Noi avem documentat totul, exist\u0103 \u0219i un film pe care o s\u0103-l public\u0103m, cu p\u00e2lcul de un hectar de molizi usca\u021bi, \u00een toamna anului trecut. Ei au fost exploata\u021bi. Vorbim de zona strict\u0103 de protec\u021bie a parcului, \u00een zona tampon. Zona a fost eliberat\u0103 \u0219i \u00een prim\u0103vara asta am plantat fag \u0219i paltin. <\/em><\/p>\n\n\n\n<figure class=\"wp-block-image\"><img loading=\"lazy\" width=\"1024\" height=\"768\" src=\"https:\/\/ski-outdoor.ro\/ski\/wp-content\/uploads\/sites\/2\/2020\/05\/plantat-grind.-piatra-craiului-1024x768.jpg\" alt=\"\" class=\"wp-image-16841\" srcset=\"https:\/\/ski-outdoor.ro\/ski\/wp-content\/uploads\/sites\/2\/2020\/05\/plantat-grind.-piatra-craiului-1024x768.jpg 1024w, https:\/\/ski-outdoor.ro\/ski\/wp-content\/uploads\/sites\/2\/2020\/05\/plantat-grind.-piatra-craiului-300x225.jpg 300w, https:\/\/ski-outdoor.ro\/ski\/wp-content\/uploads\/sites\/2\/2020\/05\/plantat-grind.-piatra-craiului-768x576.jpg 768w, https:\/\/ski-outdoor.ro\/ski\/wp-content\/uploads\/sites\/2\/2020\/05\/plantat-grind.-piatra-craiului-370x278.jpg 370w, https:\/\/ski-outdoor.ro\/ski\/wp-content\/uploads\/sites\/2\/2020\/05\/plantat-grind.-piatra-craiului-570x428.jpg 570w, https:\/\/ski-outdoor.ro\/ski\/wp-content\/uploads\/sites\/2\/2020\/05\/plantat-grind.-piatra-craiului-770x578.jpg 770w, https:\/\/ski-outdoor.ro\/ski\/wp-content\/uploads\/sites\/2\/2020\/05\/plantat-grind.-piatra-craiului-1170x878.jpg 1170w, https:\/\/ski-outdoor.ro\/ski\/wp-content\/uploads\/sites\/2\/2020\/05\/plantat-grind.-piatra-craiului-773x580.jpg 773w, https:\/\/ski-outdoor.ro\/ski\/wp-content\/uploads\/sites\/2\/2020\/05\/plantat-grind.-piatra-craiului.jpg 1728w\" sizes=\"(max-width: 1024px) 100vw, 1024px\" \/><\/figure>\n\n\n\n<p><em>Am schimbat practic compozi\u021bia de regenerare a p\u0103durii, \u00een loc s\u0103 venim tot cu molid. Toat\u0103 zona, \u00eencep\u00e2nd de la St\u00e2na din Grinzi \u0219i merg\u00e2nd p\u00e2n\u0103 la Table \u0219i mai apoi p\u00e2n\u0103 aproape de Curm\u0103tura, ar trebui s\u0103 fie amestec, nu molidi\u0219uri. Toat\u0103 zona a fost t\u0103iat\u0103 la \u00eenceputul secolului trecut \u0219i replantat\u0103 cu molid. Altitudinea e mic\u0103 \u00eens\u0103 pentru molid. Facem parte \u0219i dintr-un proiect interna\u021bional unde suntem o zon\u0103 pilot privind circula\u021bia mamiferelor mari \u00een zona Pietrei Craiului.<\/em><\/p>\n\n\n\n<p>Mircea Verghele\u021b a vorbit \u0219i despre t\u0103ierile de lemn care au creat agita\u021bie \u0219i nemul\u021bumire \u00een r\u00e2ndul comunit\u0103\u021bilor care militeaz\u0103 pentru protejarea naturii. El a explicat c\u0103, potrivit legii ariilor protejate din Rom\u00e2nia, \u00een parcurile na\u021bionale nu se face niciun fel de t\u0103iere. \u00cen schimb, \u00een zona tampon sunt permise, cu anumite restric\u021bii, anumite t\u0103ieri.<\/p>\n\n\n\n<p><em>Spre exemplu, se pot face t\u0103ieri de 10% din volum pe o perioad\u0103 de 10 ani. Deci media e de 1% din volumul existent pe an. Bine\u00een\u021beles c\u0103 aceste activit\u0103\u021bi nu sunt bine v\u0103zute de c\u0103tre vizitatori, dar avem aceast\u0103 lege care trebuie respectat\u0103. Avem un mozaic de proprietari \u00een interiorul Parcului Na\u021bional Piatra Craiului, exist\u0103 p\u0103duri ale localit\u0103\u021bilor, ale consiliilor locale, ale persoanelor fizice, ale composesoratului \u0219i oamenii doresc \u0219i ei s\u0103 beneficieze de p\u0103durea pe care o iau. Compensa\u021biile lor pentru propriet\u0103\u021bile din zona de protec\u021bie vin destul de greu. Spre exemplu, acum se dau compensa\u021biile pentru 2019, nu \u0219tiu dac\u0103 cele din 2018 s-au finalizat. <\/em><\/p>\n\n\n\n<p><em>Un alt aspect important este c\u0103 am reu\u0219it s\u0103 introducem 350 de hectare \u00een zona de protec\u021bie a parcului, \u00eentre F\u00e2nt\u00e2na lui Botorog \u0219i Curm\u0103tura.<\/em><\/p>\n\n\n\n<figure class=\"wp-block-image\"><img loading=\"lazy\" width=\"1024\" height=\"448\" src=\"https:\/\/ski-outdoor.ro\/ski\/wp-content\/uploads\/sites\/2\/2020\/05\/piatra-craiului-5-1024x448.jpg\" alt=\"\" class=\"wp-image-16845\" srcset=\"https:\/\/ski-outdoor.ro\/ski\/wp-content\/uploads\/sites\/2\/2020\/05\/piatra-craiului-5-1024x448.jpg 1024w, https:\/\/ski-outdoor.ro\/ski\/wp-content\/uploads\/sites\/2\/2020\/05\/piatra-craiului-5-300x131.jpg 300w, https:\/\/ski-outdoor.ro\/ski\/wp-content\/uploads\/sites\/2\/2020\/05\/piatra-craiului-5-768x336.jpg 768w, https:\/\/ski-outdoor.ro\/ski\/wp-content\/uploads\/sites\/2\/2020\/05\/piatra-craiului-5-370x162.jpg 370w, https:\/\/ski-outdoor.ro\/ski\/wp-content\/uploads\/sites\/2\/2020\/05\/piatra-craiului-5-570x249.jpg 570w, https:\/\/ski-outdoor.ro\/ski\/wp-content\/uploads\/sites\/2\/2020\/05\/piatra-craiului-5-770x337.jpg 770w, https:\/\/ski-outdoor.ro\/ski\/wp-content\/uploads\/sites\/2\/2020\/05\/piatra-craiului-5-1170x512.jpg 1170w, https:\/\/ski-outdoor.ro\/ski\/wp-content\/uploads\/sites\/2\/2020\/05\/piatra-craiului-5-1326x580.jpg 1326w\" sizes=\"(max-width: 1024px) 100vw, 1024px\" \/><\/figure>\n\n\n\n<p>Cei care se cup\u0103 de administrarea parcului din Piatra Craiului au func\u021bionat \u00een aceast\u0103 perioad\u0103 cu venituri \u0219i cheltuieli reduse, a\u0219a c\u0103 abia a\u0219teapt\u0103 venirea turi\u0219tilor. Au fost f\u0103cute deja preg\u0103tiri: traseul spre Curm\u0103tura, blocat de copaci dobor\u00e2\u021bi de v\u00e2nt, a fost eliberat, au fost montate noi panouri, reparate cele vechi \u0219i au fost ref\u0103cute marcajele. Pentru a putea fi evitate aglomer\u0103rile, \u0219eful parcului na\u021bional \u00eendeamn\u0103 oamenii care vor s\u0103 r\u0103m\u00e2n\u0103 peste noapte s\u0103 evite refugiile \u0219i s\u0103 vin\u0103 cu cortul. <\/p>\n\n\n\n<p><em>Regulamentul parcului permite amplasarea cortului \u00een regim de bivuac, de la apusul soarelui la r\u0103s\u0103rit, oriunde pe potec\u0103, \u00eentr-un loc potrivit, f\u0103r\u0103 s\u0103 fac\u0103 focul. Pot s\u0103 stea lini\u0219ti\u021bi \u00een cort. Pentru campat mai multe zile sunt locurile desemnate. La F\u00e2nt\u00e2na lui Botorog este un camping liber, f\u0103r\u0103 plat\u0103, unde se poate face \u0219i gr\u0103tar, e \u0219i zon\u0103 de picnic. Apoi este zona de campare de la cabana Curm\u0103tura care este gospod\u0103rit\u0103 de cei de la caban\u0103. <\/em><\/p>\n\n\n\n<p><em>Pentru alpini\u0219ti, dac\u0103 vor s\u0103 p\u0103r\u0103sesc\u0103 traseele marcate, \u00een zona de creast\u0103, \u00eei rug\u0103m s\u0103 ne trimit\u0103 un e-mail \u0219i s\u0103 ne informeze pentru a avea o eviden\u021b\u0103. \u00cen caz de accident, a\u0219a putem s\u0103 \u021binem leg\u0103tura cu cei de la Salvamont.<\/em><\/p>\n\n\n\n<figure class=\"wp-block-image\"><img loading=\"lazy\" width=\"1024\" height=\"699\" src=\"https:\/\/ski-outdoor.ro\/ski\/wp-content\/uploads\/sites\/2\/2020\/05\/piatra-craiului-7-1024x699.jpg\" alt=\"\" class=\"wp-image-16842\" srcset=\"https:\/\/ski-outdoor.ro\/ski\/wp-content\/uploads\/sites\/2\/2020\/05\/piatra-craiului-7-1024x699.jpg 1024w, https:\/\/ski-outdoor.ro\/ski\/wp-content\/uploads\/sites\/2\/2020\/05\/piatra-craiului-7-300x205.jpg 300w, https:\/\/ski-outdoor.ro\/ski\/wp-content\/uploads\/sites\/2\/2020\/05\/piatra-craiului-7-768x524.jpg 768w, https:\/\/ski-outdoor.ro\/ski\/wp-content\/uploads\/sites\/2\/2020\/05\/piatra-craiului-7-370x253.jpg 370w, https:\/\/ski-outdoor.ro\/ski\/wp-content\/uploads\/sites\/2\/2020\/05\/piatra-craiului-7-570x389.jpg 570w, https:\/\/ski-outdoor.ro\/ski\/wp-content\/uploads\/sites\/2\/2020\/05\/piatra-craiului-7-770x526.jpg 770w, https:\/\/ski-outdoor.ro\/ski\/wp-content\/uploads\/sites\/2\/2020\/05\/piatra-craiului-7-1170x799.jpg 1170w, https:\/\/ski-outdoor.ro\/ski\/wp-content\/uploads\/sites\/2\/2020\/05\/piatra-craiului-7-850x580.jpg 850w, https:\/\/ski-outdoor.ro\/ski\/wp-content\/uploads\/sites\/2\/2020\/05\/piatra-craiului-7.jpg 2048w\" sizes=\"(max-width: 1024px) 100vw, 1024px\" \/><\/figure>\n\n\n\n<ul class=\"wp-block-gallery columns-2 is-cropped\"><li class=\"blocks-gallery-item\"><figure><img loading=\"lazy\" width=\"960\" height=\"686\" src=\"https:\/\/ski-outdoor.ro\/ski\/wp-content\/uploads\/sites\/2\/2020\/05\/cocos-de-munte.-piatra-craiului.jpg\" alt=\"\" data-id=\"16843\" data-link=\"https:\/\/ski-outdoor.ro\/ski\/?attachment_id=16843\" class=\"wp-image-16843\" srcset=\"https:\/\/ski-outdoor.ro\/ski\/wp-content\/uploads\/sites\/2\/2020\/05\/cocos-de-munte.-piatra-craiului.jpg 960w, https:\/\/ski-outdoor.ro\/ski\/wp-content\/uploads\/sites\/2\/2020\/05\/cocos-de-munte.-piatra-craiului-300x214.jpg 300w, https:\/\/ski-outdoor.ro\/ski\/wp-content\/uploads\/sites\/2\/2020\/05\/cocos-de-munte.-piatra-craiului-768x549.jpg 768w, https:\/\/ski-outdoor.ro\/ski\/wp-content\/uploads\/sites\/2\/2020\/05\/cocos-de-munte.-piatra-craiului-370x264.jpg 370w, https:\/\/ski-outdoor.ro\/ski\/wp-content\/uploads\/sites\/2\/2020\/05\/cocos-de-munte.-piatra-craiului-570x407.jpg 570w, https:\/\/ski-outdoor.ro\/ski\/wp-content\/uploads\/sites\/2\/2020\/05\/cocos-de-munte.-piatra-craiului-770x550.jpg 770w, https:\/\/ski-outdoor.ro\/ski\/wp-content\/uploads\/sites\/2\/2020\/05\/cocos-de-munte.-piatra-craiului-812x580.jpg 812w\" sizes=\"(max-width: 960px) 100vw, 960px\" \/><\/figure><\/li><li class=\"blocks-gallery-item\"><figure><img loading=\"lazy\" width=\"1024\" height=\"814\" src=\"https:\/\/ski-outdoor.ro\/ski\/wp-content\/uploads\/sites\/2\/2020\/05\/crinul-de-padure.-piatra-craiului-1024x814.jpg\" alt=\"\" data-id=\"16844\" data-link=\"https:\/\/ski-outdoor.ro\/ski\/?attachment_id=16844\" class=\"wp-image-16844\" srcset=\"https:\/\/ski-outdoor.ro\/ski\/wp-content\/uploads\/sites\/2\/2020\/05\/crinul-de-padure.-piatra-craiului-1024x814.jpg 1024w, https:\/\/ski-outdoor.ro\/ski\/wp-content\/uploads\/sites\/2\/2020\/05\/crinul-de-padure.-piatra-craiului-300x238.jpg 300w, https:\/\/ski-outdoor.ro\/ski\/wp-content\/uploads\/sites\/2\/2020\/05\/crinul-de-padure.-piatra-craiului-768x610.jpg 768w, https:\/\/ski-outdoor.ro\/ski\/wp-content\/uploads\/sites\/2\/2020\/05\/crinul-de-padure.-piatra-craiului-370x294.jpg 370w, https:\/\/ski-outdoor.ro\/ski\/wp-content\/uploads\/sites\/2\/2020\/05\/crinul-de-padure.-piatra-craiului-570x453.jpg 570w, https:\/\/ski-outdoor.ro\/ski\/wp-content\/uploads\/sites\/2\/2020\/05\/crinul-de-padure.-piatra-craiului-770x612.jpg 770w, https:\/\/ski-outdoor.ro\/ski\/wp-content\/uploads\/sites\/2\/2020\/05\/crinul-de-padure.-piatra-craiului-1170x930.jpg 1170w, https:\/\/ski-outdoor.ro\/ski\/wp-content\/uploads\/sites\/2\/2020\/05\/crinul-de-padure.-piatra-craiului-730x580.jpg 730w, https:\/\/ski-outdoor.ro\/ski\/wp-content\/uploads\/sites\/2\/2020\/05\/crinul-de-padure.-piatra-craiului.jpg 1290w\" sizes=\"(max-width: 1024px) 100vw, 1024px\" \/><\/figure><\/li><\/ul>\n\n\n\n<p>Pe l\u00e2ng\u0103 peisajele superbe din Piatra Craiului, drume\u021bii noroco\u0219i pot s\u0103\nvad\u0103 \u0219i speciile deosebite de plante \u0219i animale care tr\u0103iesc \u00een rezerva\u021bie. \u00cen\naceast\u0103 perioad\u0103, c\u00e2teva exemplare au devenit vedete pe internet, cum ar fi\nursul <a href=\"https:\/\/www.facebook.com\/apnpc\/videos\/919059961858066\/\">Steven<\/a>\n(Spielberg)&nbsp;c\u0103ruia se pare c\u0103 \u00eei plac camerele de filmat.<\/p>\n\n\n\n<p><em>Coco\u0219ul de munte a avut perioada de rotit. Au fost \u0219i alte c\u00e2teva apari\u021bii un pic mai dese dec\u00e2t de obicei. Am pus un film cu acel \u021bap din pr\u0103p\u0103stii. Adic\u0103 nu e nimic obi\u0219nuit s\u0103 vezi capre negre, dar acum am avut un \u021bap care st\u0103tea \u00een drum \u0219i nu a schi\u021bat niciun gest. P\u00e2n\u0103 la urm\u0103 a fugit \u00een p\u0103dure, dar a fost o \u00eent\u00e2lnire spectaculoas\u0103. Apoi sunt speciile de p\u0103s\u0103ri r\u0103pitoare, care de obicei se feresc de turi\u0219ti \u0219i care acum zburau de foarte aproape c\u00e2nd treceam prin zon\u0103. Am v\u0103zut mai mul\u021bi \u0219orecari dec\u00e2t avioane.<\/em><\/p>\n\n\n\n<p>Parcul Na\u021bional Piatra Craiului este una dintre cele mai frumoase rezerva\u021bii naturale din Rom\u00e2nia. \u00centins\u0103 pe aproape 15.000 de hectare, ea are cea mai lung\u0103 (25 km) \u0219i \u00eenalt\u0103 creast\u0103 de calcar din \u021bar\u0103.<\/p>\n\n\n\n<p><em>Scris de: Bianca \u0218omlea<\/em><\/p>\n\n\n\n<p>Sursa foto: FB\/ <a href=\"https:\/\/www.facebook.com\/apnpc\/\">Parcul National Piatra Craiului<\/a><\/p>\n","protected":false},"excerpt":{"rendered":"<p>\u00cen perioada de izolare, cei din Piatra Craiului au reu\u0219it s\u0103 ob\u021bin\u0103 finan\u021bare \u0219i s\u0103 re\u00eemp\u0103dureasc\u0103 un hectar de p\u0103dure&#8230;<\/p>\n","protected":false},"author":16,"featured_media":16840,"comment_status":"open","ping_status":"open","sticky":false,"template":"","format":"standard","meta":[],"categories":[57],"tags":[4582,4592,4583,4588,4586,4585,4589,2496,4563,4591,4561,4580,4581,3821,4590,70,4578,4048,136,4579,161,2500,4587,4584],"yoast_head":"<!-- This site is optimized with the Yoast SEO plugin v18.4.1 - https:\/\/yoast.com\/wordpress\/plugins\/seo\/ -->\n<title>\u00cemp\u0103duriri \u00een Piatra Craiului. Locurile unde se va putea campa - Ski Magazine<\/title>\n<meta name=\"robots\" content=\"index, follow, max-snippet:-1, max-image-preview:large, max-video-preview:-1\" \/>\n<link rel=\"canonical\" href=\"https:\/\/ski-outdoor.ro\/ski\/2020\/05\/05\/impaduriri-in-piatra-craiului-locurile-unde-se-va-putea-campa\/\" \/>\n<meta property=\"og:locale\" content=\"ro_RO\" \/>\n<meta property=\"og:type\" content=\"article\" \/>\n<meta property=\"og:title\" content=\"\u00cemp\u0103duriri \u00een Piatra Craiului. Locurile unde se va putea campa - Ski Magazine\" \/>\n<meta property=\"og:description\" content=\"\u00cen perioada de izolare, cei din Piatra Craiului au reu\u0219it s\u0103 ob\u021bin\u0103 finan\u021bare \u0219i s\u0103 re\u00eemp\u0103dureasc\u0103 un hectar de p\u0103dure...\" \/>\n<meta property=\"og:url\" content=\"https:\/\/ski-outdoor.ro\/ski\/2020\/05\/05\/impaduriri-in-piatra-craiului-locurile-unde-se-va-putea-campa\/\" \/>\n<meta property=\"og:site_name\" content=\"Ski Magazine\" \/>\n<meta property=\"article:published_time\" content=\"2020-05-05T20:08:11+00:00\" \/>\n<meta property=\"article:modified_time\" content=\"2020-05-05T20:08:12+00:00\" \/>\n<meta property=\"og:image\" content=\"https:\/\/ski-outdoor.ro\/ski\/wp-content\/uploads\/sites\/2\/2020\/05\/piatra-craiului-4.jpg\" \/>\n\t<meta property=\"og:image:width\" content=\"2048\" \/>\n\t<meta property=\"og:image:height\" content=\"1365\" \/>\n\t<meta property=\"og:image:type\" content=\"image\/jpeg\" \/>\n<meta name=\"twitter:card\" content=\"summary_large_image\" \/>\n<meta name=\"twitter:label1\" content=\"Scris de\" \/>\n\t<meta name=\"twitter:data1\" content=\"Bianca \u0218omlea\" \/>\n\t<meta name=\"twitter:label2\" content=\"Timp estimat pentru citire\" \/>\n\t<meta name=\"twitter:data2\" content=\"5 minute\" \/>\n<script type=\"application\/ld+json\" class=\"yoast-schema-graph\">{\"@context\":\"https:\/\/schema.org\",\"@graph\":[{\"@type\":\"WebSite\",\"@id\":\"https:\/\/ski-outdoor.ro\/ski\/#website\",\"url\":\"https:\/\/ski-outdoor.ro\/ski\/\",\"name\":\"Ski Magazine\",\"description\":\"\",\"potentialAction\":[{\"@type\":\"SearchAction\",\"target\":{\"@type\":\"EntryPoint\",\"urlTemplate\":\"https:\/\/ski-outdoor.ro\/ski\/?s={search_term_string}\"},\"query-input\":\"required name=search_term_string\"}],\"inLanguage\":\"ro-RO\"},{\"@type\":\"ImageObject\",\"@id\":\"https:\/\/ski-outdoor.ro\/ski\/2020\/05\/05\/impaduriri-in-piatra-craiului-locurile-unde-se-va-putea-campa\/#primaryimage\",\"inLanguage\":\"ro-RO\",\"url\":\"https:\/\/ski-outdoor.ro\/ski\/wp-content\/uploads\/sites\/2\/2020\/05\/piatra-craiului-4.jpg\",\"contentUrl\":\"https:\/\/ski-outdoor.ro\/ski\/wp-content\/uploads\/sites\/2\/2020\/05\/piatra-craiului-4.jpg\",\"width\":2048,\"height\":1365},{\"@type\":\"WebPage\",\"@id\":\"https:\/\/ski-outdoor.ro\/ski\/2020\/05\/05\/impaduriri-in-piatra-craiului-locurile-unde-se-va-putea-campa\/#webpage\",\"url\":\"https:\/\/ski-outdoor.ro\/ski\/2020\/05\/05\/impaduriri-in-piatra-craiului-locurile-unde-se-va-putea-campa\/\",\"name\":\"\u00cemp\u0103duriri \u00een Piatra Craiului. Locurile unde se va putea campa - Ski Magazine\",\"isPartOf\":{\"@id\":\"https:\/\/ski-outdoor.ro\/ski\/#website\"},\"primaryImageOfPage\":{\"@id\":\"https:\/\/ski-outdoor.ro\/ski\/2020\/05\/05\/impaduriri-in-piatra-craiului-locurile-unde-se-va-putea-campa\/#primaryimage\"},\"datePublished\":\"2020-05-05T20:08:11+00:00\",\"dateModified\":\"2020-05-05T20:08:12+00:00\",\"author\":{\"@id\":\"https:\/\/ski-outdoor.ro\/ski\/#\/schema\/person\/29661f8d079aa10872d8edcf2a2a520b\"},\"breadcrumb\":{\"@id\":\"https:\/\/ski-outdoor.ro\/ski\/2020\/05\/05\/impaduriri-in-piatra-craiului-locurile-unde-se-va-putea-campa\/#breadcrumb\"},\"inLanguage\":\"ro-RO\",\"potentialAction\":[{\"@type\":\"ReadAction\",\"target\":[\"https:\/\/ski-outdoor.ro\/ski\/2020\/05\/05\/impaduriri-in-piatra-craiului-locurile-unde-se-va-putea-campa\/\"]}]},{\"@type\":\"BreadcrumbList\",\"@id\":\"https:\/\/ski-outdoor.ro\/ski\/2020\/05\/05\/impaduriri-in-piatra-craiului-locurile-unde-se-va-putea-campa\/#breadcrumb\",\"itemListElement\":[{\"@type\":\"ListItem\",\"position\":1,\"name\":\"Home\",\"item\":\"https:\/\/ski-outdoor.ro\/ski\/\"},{\"@type\":\"ListItem\",\"position\":2,\"name\":\"\u00cemp\u0103duriri \u00een Piatra Craiului. Locurile unde se va putea campa\"}]},{\"@type\":\"Person\",\"@id\":\"https:\/\/ski-outdoor.ro\/ski\/#\/schema\/person\/29661f8d079aa10872d8edcf2a2a520b\",\"name\":\"Bianca \u0218omlea\",\"image\":{\"@type\":\"ImageObject\",\"@id\":\"https:\/\/ski-outdoor.ro\/ski\/#personlogo\",\"inLanguage\":\"ro-RO\",\"url\":\"https:\/\/secure.gravatar.com\/avatar\/b39a83203da3fc8888ded6e8052246ad?s=96&d=mm&r=g\",\"contentUrl\":\"https:\/\/secure.gravatar.com\/avatar\/b39a83203da3fc8888ded6e8052246ad?s=96&d=mm&r=g\",\"caption\":\"Bianca \u0218omlea\"},\"url\":\"https:\/\/ski-outdoor.ro\/ski\/author\/editorfb206\/\"}]}<\/script>\n<!-- \/ Yoast SEO plugin. -->","yoast_head_json":{"title":"\u00cemp\u0103duriri \u00een Piatra Craiului. Locurile unde se va putea campa - Ski Magazine","robots":{"index":"index","follow":"follow","max-snippet":"max-snippet:-1","max-image-preview":"max-image-preview:large","max-video-preview":"max-video-preview:-1"},"canonical":"https:\/\/ski-outdoor.ro\/ski\/2020\/05\/05\/impaduriri-in-piatra-craiului-locurile-unde-se-va-putea-campa\/","og_locale":"ro_RO","og_type":"article","og_title":"\u00cemp\u0103duriri \u00een Piatra Craiului. Locurile unde se va putea campa - Ski Magazine","og_description":"\u00cen perioada de izolare, cei din Piatra Craiului au reu\u0219it s\u0103 ob\u021bin\u0103 finan\u021bare \u0219i s\u0103 re\u00eemp\u0103dureasc\u0103 un hectar de p\u0103dure...","og_url":"https:\/\/ski-outdoor.ro\/ski\/2020\/05\/05\/impaduriri-in-piatra-craiului-locurile-unde-se-va-putea-campa\/","og_site_name":"Ski Magazine","article_published_time":"2020-05-05T20:08:11+00:00","article_modified_time":"2020-05-05T20:08:12+00:00","og_image":[{"width":2048,"height":1365,"url":"https:\/\/ski-outdoor.ro\/ski\/wp-content\/uploads\/sites\/2\/2020\/05\/piatra-craiului-4.jpg","type":"image\/jpeg"}],"twitter_card":"summary_large_image","twitter_misc":{"Scris de":"Bianca \u0218omlea","Timp estimat pentru citire":"5 minute"},"schema":{"@context":"https:\/\/schema.org","@graph":[{"@type":"WebSite","@id":"https:\/\/ski-outdoor.ro\/ski\/#website","url":"https:\/\/ski-outdoor.ro\/ski\/","name":"Ski Magazine","description":"","potentialAction":[{"@type":"SearchAction","target":{"@type":"EntryPoint","urlTemplate":"https:\/\/ski-outdoor.ro\/ski\/?s={search_term_string}"},"query-input":"required name=search_term_string"}],"inLanguage":"ro-RO"},{"@type":"ImageObject","@id":"https:\/\/ski-outdoor.ro\/ski\/2020\/05\/05\/impaduriri-in-piatra-craiului-locurile-unde-se-va-putea-campa\/#primaryimage","inLanguage":"ro-RO","url":"https:\/\/ski-outdoor.ro\/ski\/wp-content\/uploads\/sites\/2\/2020\/05\/piatra-craiului-4.jpg","contentUrl":"https:\/\/ski-outdoor.ro\/ski\/wp-content\/uploads\/sites\/2\/2020\/05\/piatra-craiului-4.jpg","width":2048,"height":1365},{"@type":"WebPage","@id":"https:\/\/ski-outdoor.ro\/ski\/2020\/05\/05\/impaduriri-in-piatra-craiului-locurile-unde-se-va-putea-campa\/#webpage","url":"https:\/\/ski-outdoor.ro\/ski\/2020\/05\/05\/impaduriri-in-piatra-craiului-locurile-unde-se-va-putea-campa\/","name":"\u00cemp\u0103duriri \u00een Piatra Craiului. Locurile unde se va putea campa - Ski Magazine","isPartOf":{"@id":"https:\/\/ski-outdoor.ro\/ski\/#website"},"primaryImageOfPage":{"@id":"https:\/\/ski-outdoor.ro\/ski\/2020\/05\/05\/impaduriri-in-piatra-craiului-locurile-unde-se-va-putea-campa\/#primaryimage"},"datePublished":"2020-05-05T20:08:11+00:00","dateModified":"2020-05-05T20:08:12+00:00","author":{"@id":"https:\/\/ski-outdoor.ro\/ski\/#\/schema\/person\/29661f8d079aa10872d8edcf2a2a520b"},"breadcrumb":{"@id":"https:\/\/ski-outdoor.ro\/ski\/2020\/05\/05\/impaduriri-in-piatra-craiului-locurile-unde-se-va-putea-campa\/#breadcrumb"},"inLanguage":"ro-RO","potentialAction":[{"@type":"ReadAction","target":["https:\/\/ski-outdoor.ro\/ski\/2020\/05\/05\/impaduriri-in-piatra-craiului-locurile-unde-se-va-putea-campa\/"]}]},{"@type":"BreadcrumbList","@id":"https:\/\/ski-outdoor.ro\/ski\/2020\/05\/05\/impaduriri-in-piatra-craiului-locurile-unde-se-va-putea-campa\/#breadcrumb","itemListElement":[{"@type":"ListItem","position":1,"name":"Home","item":"https:\/\/ski-outdoor.ro\/ski\/"},{"@type":"ListItem","position":2,"name":"\u00cemp\u0103duriri \u00een Piatra Craiului. Locurile unde se va putea campa"}]},{"@type":"Person","@id":"https:\/\/ski-outdoor.ro\/ski\/#\/schema\/person\/29661f8d079aa10872d8edcf2a2a520b","name":"Bianca \u0218omlea","image":{"@type":"ImageObject","@id":"https:\/\/ski-outdoor.ro\/ski\/#personlogo","inLanguage":"ro-RO","url":"https:\/\/secure.gravatar.com\/avatar\/b39a83203da3fc8888ded6e8052246ad?s=96&d=mm&r=g","contentUrl":"https:\/\/secure.gravatar.com\/avatar\/b39a83203da3fc8888ded6e8052246ad?s=96&d=mm&r=g","caption":"Bianca \u0218omlea"},"url":"https:\/\/ski-outdoor.ro\/ski\/author\/editorfb206\/"}]}},"_links":{"self":[{"href":"https:\/\/ski-outdoor.ro\/ski\/wp-json\/wp\/v2\/posts\/16838"}],"collection":[{"href":"https:\/\/ski-outdoor.ro\/ski\/wp-json\/wp\/v2\/posts"}],"about":[{"href":"https:\/\/ski-outdoor.ro\/ski\/wp-json\/wp\/v2\/types\/post"}],"author":[{"embeddable":true,"href":"https:\/\/ski-outdoor.ro\/ski\/wp-json\/wp\/v2\/users\/16"}],"replies":[{"embeddable":true,"href":"https:\/\/ski-outdoor.ro\/ski\/wp-json\/wp\/v2\/comments?post=16838"}],"version-history":[{"count":5,"href":"https:\/\/ski-outdoor.ro\/ski\/wp-json\/wp\/v2\/posts\/16838\/revisions"}],"predecessor-version":[{"id":16849,"href":"https:\/\/ski-outdoor.ro\/ski\/wp-json\/wp\/v2\/posts\/16838\/revisions\/16849"}],"wp:featuredmedia":[{"embeddable":true,"href":"https:\/\/ski-outdoor.ro\/ski\/wp-json\/wp\/v2\/media\/16840"}],"wp:attachment":[{"href":"https:\/\/ski-outdoor.ro\/ski\/wp-json\/wp\/v2\/media?parent=16838"}],"wp:term":[{"taxonomy":"category","embeddable":true,"href":"https:\/\/ski-outdoor.ro\/ski\/wp-json\/wp\/v2\/categories?post=16838"},{"taxonomy":"post_tag","embeddable":true,"href":"https:\/\/ski-outdoor.ro\/ski\/wp-json\/wp\/v2\/tags?post=16838"}],"curies":[{"name":"wp","href":"https:\/\/api.w.org\/{rel}","templated":true}]}}