{"id":18093,"date":"2021-02-28T09:32:56","date_gmt":"2021-02-28T09:32:56","guid":{"rendered":"https:\/\/ski-outdoor.ro\/ski\/?p=18093"},"modified":"2021-02-28T10:16:34","modified_gmt":"2021-02-28T10:16:34","slug":"rezultatele-inregistrate-la-cupa-transilvania","status":"publish","type":"post","link":"https:\/\/ski-outdoor.ro\/ski\/2021\/02\/28\/rezultatele-inregistrate-la-cupa-transilvania\/","title":{"rendered":"Rezultatele \u00eenregistrate la Cupa Transilvania"},"content":{"rendered":"\n<p><strong>S\u00e2mb\u0103t\u0103, 27 februarie, la Buscat, s-a desf\u0103\u0219urat cea de-a VIII-a edi\u021bie a Cupei Transilvania, competi\u021bie ce a adunat la start 80 de copii.<\/strong><\/p>\n\n\n\n<p>Ca \u00een fiecare an, Cupa Transilvania a fost un bun \u201cambasador\u201d al schiului \u0219i al spiritului competitiv. Organizatorii au reu\u0219it s\u0103 implice, \u00een desf\u0103\u0219urarea evenimentului, sportivi de performan\u021b\u0103, adev\u0103rate modele pentru cei mici.<\/p>\n\n\n\n<p><strong><span style=\"text-decoration: underline\">Iat\u0103 rezultatele \u00eenregistrate la Cupa Transilvania<\/span><\/strong><\/p>\n\n\n\n<p><strong><span style=\"text-decoration: underline\">Categoria 1 &#8211; Fete<\/span><\/strong><br>I. Cosma Anastasia 53,03<br>II. Avram Alexandra 1,04,16<br>III. Fluiera\u0219 Anamaria 1,18,77<\/p>\n\n\n\n<p><strong><span style=\"text-decoration: underline\">Categoria 1 &#8211; B\u0103ie\u021bi<\/span><\/strong><br>I. Tomoiag\u0103 Tudor Ioan 36,23<br>II. Vale Tudor \u0218tefan 39,53<br>III. Curte Andrei \u0218tefan 39,80<\/p>\n\n\n\n<p><strong><span style=\"text-decoration: underline\">Categoria 2 &#8211; Fete<\/span><\/strong><br>I. Muresan Emma Ioana 33,99<br>II. Che\u021ban Carla Ioana 35,52<br>III. Lungu Antonia 42,87<\/p>\n\n\n\n<p><strong><span style=\"text-decoration: underline\">Categoria 2 &#8211; B\u0103ie\u021bi<\/span><\/strong><br>I. Chetan Andrei R\u0103zvan 35,62<br>II. Pan\u021ba Mihai Andrei 36,11<br>III Avram R\u0103zvan 37,55<\/p>\n\n\n\n<p><strong><span style=\"text-decoration: underline\">Categoria 3 &#8211; Fete<\/span><\/strong><br>I. Mari\u0219ca Maia Elena 31,30<br>II. Damache Oana Bianca 31,86<br>III. Tu\u021biu Malina Alexandra 33,02<\/p>\n\n\n\n<p><strong><span style=\"text-decoration: underline\">Categoria 3 &#8211; B\u0103ie\u021bi<\/span><\/strong><br>I Moldovanu Matei 32,05<br>II Martinescu RIchard 32,46<br>III. U\u021biu Andrei Alex 34,27<\/p>\n\n\n\n<p><strong><span style=\"text-decoration: underline\">Categoria 4 &#8211; Fete<\/span><\/strong><br>I. Nistoroiu Alexia Ioana 30,30<br>II. Damache Daria Daniela 31,06<br>III. Pitic Denisa Elena 36,49<\/p>\n\n\n\n<p><strong><span style=\"text-decoration: underline\">Categoria 4 &#8211; B\u0103ie\u021bi<\/span><\/strong><br>I. Cercel Radu Mihai 28,38<br>II. Scheu\u0219an Ioan Alexandru 29,34<br>III. Groza Teo 29,73<\/p>\n\n\n\n<p><strong><em>Cel mai bun timp al concursului &#8211; Cercel Radu Mihai (28,38)<\/em><\/strong><\/p>\n","protected":false},"excerpt":{"rendered":"<p>S\u00e2mb\u0103t\u0103, 27 februarie, la Buscat, s-a desf\u0103\u0219urat cea de-a VIII-a edi\u021bie a Cupei Transilvania, competi\u021bie ce a adunat la start&#8230;<\/p>\n","protected":false},"author":16,"featured_media":18094,"comment_status":"open","ping_status":"open","sticky":false,"template":"","format":"standard","meta":[],"categories":[53,121],"tags":[1401,956,3728,117],"yoast_head":"<!-- This site is optimized with the Yoast SEO plugin v18.4.1 - https:\/\/yoast.com\/wordpress\/plugins\/seo\/ -->\n<title>Rezultatele \u00eenregistrate la Cupa Transilvania - Ski Magazine<\/title>\n<meta name=\"robots\" content=\"index, follow, max-snippet:-1, max-image-preview:large, max-video-preview:-1\" \/>\n<link rel=\"canonical\" href=\"https:\/\/ski-outdoor.ro\/ski\/2021\/02\/28\/rezultatele-inregistrate-la-cupa-transilvania\/\" \/>\n<meta property=\"og:locale\" content=\"ro_RO\" \/>\n<meta property=\"og:type\" content=\"article\" \/>\n<meta property=\"og:title\" content=\"Rezultatele \u00eenregistrate la Cupa Transilvania - Ski Magazine\" \/>\n<meta property=\"og:description\" content=\"S\u00e2mb\u0103t\u0103, 27 februarie, la Buscat, s-a desf\u0103\u0219urat cea de-a VIII-a edi\u021bie a Cupei Transilvania, competi\u021bie ce a adunat la start...\" \/>\n<meta property=\"og:url\" content=\"https:\/\/ski-outdoor.ro\/ski\/2021\/02\/28\/rezultatele-inregistrate-la-cupa-transilvania\/\" \/>\n<meta property=\"og:site_name\" content=\"Ski Magazine\" \/>\n<meta property=\"article:published_time\" content=\"2021-02-28T09:32:56+00:00\" \/>\n<meta property=\"article:modified_time\" content=\"2021-02-28T10:16:34+00:00\" \/>\n<meta property=\"og:image\" content=\"https:\/\/ski-outdoor.ro\/ski\/wp-content\/uploads\/sites\/2\/2021\/02\/Cupa-Tranasilvania-scaled.jpg\" \/>\n\t<meta property=\"og:image:width\" content=\"2560\" \/>\n\t<meta property=\"og:image:height\" content=\"1707\" \/>\n\t<meta property=\"og:image:type\" content=\"image\/jpeg\" \/>\n<meta name=\"twitter:card\" content=\"summary_large_image\" \/>\n<meta name=\"twitter:label1\" content=\"Scris de\" \/>\n\t<meta name=\"twitter:data1\" content=\"Bianca \u0218omlea\" \/>\n\t<meta name=\"twitter:label2\" content=\"Timp estimat pentru citire\" \/>\n\t<meta name=\"twitter:data2\" content=\"1 minut\" \/>\n<script type=\"application\/ld+json\" class=\"yoast-schema-graph\">{\"@context\":\"https:\/\/schema.org\",\"@graph\":[{\"@type\":\"WebSite\",\"@id\":\"https:\/\/ski-outdoor.ro\/ski\/#website\",\"url\":\"https:\/\/ski-outdoor.ro\/ski\/\",\"name\":\"Ski Magazine\",\"description\":\"\",\"potentialAction\":[{\"@type\":\"SearchAction\",\"target\":{\"@type\":\"EntryPoint\",\"urlTemplate\":\"https:\/\/ski-outdoor.ro\/ski\/?s={search_term_string}\"},\"query-input\":\"required name=search_term_string\"}],\"inLanguage\":\"ro-RO\"},{\"@type\":\"ImageObject\",\"@id\":\"https:\/\/ski-outdoor.ro\/ski\/2021\/02\/28\/rezultatele-inregistrate-la-cupa-transilvania\/#primaryimage\",\"inLanguage\":\"ro-RO\",\"url\":\"https:\/\/ski-outdoor.ro\/ski\/wp-content\/uploads\/sites\/2\/2021\/02\/Cupa-Tranasilvania-scaled.jpg\",\"contentUrl\":\"https:\/\/ski-outdoor.ro\/ski\/wp-content\/uploads\/sites\/2\/2021\/02\/Cupa-Tranasilvania-scaled.jpg\",\"width\":2560,\"height\":1707},{\"@type\":\"WebPage\",\"@id\":\"https:\/\/ski-outdoor.ro\/ski\/2021\/02\/28\/rezultatele-inregistrate-la-cupa-transilvania\/#webpage\",\"url\":\"https:\/\/ski-outdoor.ro\/ski\/2021\/02\/28\/rezultatele-inregistrate-la-cupa-transilvania\/\",\"name\":\"Rezultatele \u00eenregistrate la Cupa Transilvania - Ski Magazine\",\"isPartOf\":{\"@id\":\"https:\/\/ski-outdoor.ro\/ski\/#website\"},\"primaryImageOfPage\":{\"@id\":\"https:\/\/ski-outdoor.ro\/ski\/2021\/02\/28\/rezultatele-inregistrate-la-cupa-transilvania\/#primaryimage\"},\"datePublished\":\"2021-02-28T09:32:56+00:00\",\"dateModified\":\"2021-02-28T10:16:34+00:00\",\"author\":{\"@id\":\"https:\/\/ski-outdoor.ro\/ski\/#\/schema\/person\/29661f8d079aa10872d8edcf2a2a520b\"},\"breadcrumb\":{\"@id\":\"https:\/\/ski-outdoor.ro\/ski\/2021\/02\/28\/rezultatele-inregistrate-la-cupa-transilvania\/#breadcrumb\"},\"inLanguage\":\"ro-RO\",\"potentialAction\":[{\"@type\":\"ReadAction\",\"target\":[\"https:\/\/ski-outdoor.ro\/ski\/2021\/02\/28\/rezultatele-inregistrate-la-cupa-transilvania\/\"]}]},{\"@type\":\"BreadcrumbList\",\"@id\":\"https:\/\/ski-outdoor.ro\/ski\/2021\/02\/28\/rezultatele-inregistrate-la-cupa-transilvania\/#breadcrumb\",\"itemListElement\":[{\"@type\":\"ListItem\",\"position\":1,\"name\":\"Home\",\"item\":\"https:\/\/ski-outdoor.ro\/ski\/\"},{\"@type\":\"ListItem\",\"position\":2,\"name\":\"Rezultatele \u00eenregistrate la Cupa Transilvania\"}]},{\"@type\":\"Person\",\"@id\":\"https:\/\/ski-outdoor.ro\/ski\/#\/schema\/person\/29661f8d079aa10872d8edcf2a2a520b\",\"name\":\"Bianca \u0218omlea\",\"image\":{\"@type\":\"ImageObject\",\"@id\":\"https:\/\/ski-outdoor.ro\/ski\/#personlogo\",\"inLanguage\":\"ro-RO\",\"url\":\"https:\/\/secure.gravatar.com\/avatar\/b39a83203da3fc8888ded6e8052246ad?s=96&d=mm&r=g\",\"contentUrl\":\"https:\/\/secure.gravatar.com\/avatar\/b39a83203da3fc8888ded6e8052246ad?s=96&d=mm&r=g\",\"caption\":\"Bianca \u0218omlea\"},\"url\":\"https:\/\/ski-outdoor.ro\/ski\/author\/editorfb206\/\"}]}<\/script>\n<!-- \/ Yoast SEO plugin. -->","yoast_head_json":{"title":"Rezultatele \u00eenregistrate la Cupa Transilvania - Ski Magazine","robots":{"index":"index","follow":"follow","max-snippet":"max-snippet:-1","max-image-preview":"max-image-preview:large","max-video-preview":"max-video-preview:-1"},"canonical":"https:\/\/ski-outdoor.ro\/ski\/2021\/02\/28\/rezultatele-inregistrate-la-cupa-transilvania\/","og_locale":"ro_RO","og_type":"article","og_title":"Rezultatele \u00eenregistrate la Cupa Transilvania - Ski Magazine","og_description":"S\u00e2mb\u0103t\u0103, 27 februarie, la Buscat, s-a desf\u0103\u0219urat cea de-a VIII-a edi\u021bie a Cupei Transilvania, competi\u021bie ce a adunat la start...","og_url":"https:\/\/ski-outdoor.ro\/ski\/2021\/02\/28\/rezultatele-inregistrate-la-cupa-transilvania\/","og_site_name":"Ski Magazine","article_published_time":"2021-02-28T09:32:56+00:00","article_modified_time":"2021-02-28T10:16:34+00:00","og_image":[{"width":2560,"height":1707,"url":"https:\/\/ski-outdoor.ro\/ski\/wp-content\/uploads\/sites\/2\/2021\/02\/Cupa-Tranasilvania-scaled.jpg","type":"image\/jpeg"}],"twitter_card":"summary_large_image","twitter_misc":{"Scris de":"Bianca \u0218omlea","Timp estimat pentru citire":"1 minut"},"schema":{"@context":"https:\/\/schema.org","@graph":[{"@type":"WebSite","@id":"https:\/\/ski-outdoor.ro\/ski\/#website","url":"https:\/\/ski-outdoor.ro\/ski\/","name":"Ski Magazine","description":"","potentialAction":[{"@type":"SearchAction","target":{"@type":"EntryPoint","urlTemplate":"https:\/\/ski-outdoor.ro\/ski\/?s={search_term_string}"},"query-input":"required name=search_term_string"}],"inLanguage":"ro-RO"},{"@type":"ImageObject","@id":"https:\/\/ski-outdoor.ro\/ski\/2021\/02\/28\/rezultatele-inregistrate-la-cupa-transilvania\/#primaryimage","inLanguage":"ro-RO","url":"https:\/\/ski-outdoor.ro\/ski\/wp-content\/uploads\/sites\/2\/2021\/02\/Cupa-Tranasilvania-scaled.jpg","contentUrl":"https:\/\/ski-outdoor.ro\/ski\/wp-content\/uploads\/sites\/2\/2021\/02\/Cupa-Tranasilvania-scaled.jpg","width":2560,"height":1707},{"@type":"WebPage","@id":"https:\/\/ski-outdoor.ro\/ski\/2021\/02\/28\/rezultatele-inregistrate-la-cupa-transilvania\/#webpage","url":"https:\/\/ski-outdoor.ro\/ski\/2021\/02\/28\/rezultatele-inregistrate-la-cupa-transilvania\/","name":"Rezultatele \u00eenregistrate la Cupa Transilvania - Ski Magazine","isPartOf":{"@id":"https:\/\/ski-outdoor.ro\/ski\/#website"},"primaryImageOfPage":{"@id":"https:\/\/ski-outdoor.ro\/ski\/2021\/02\/28\/rezultatele-inregistrate-la-cupa-transilvania\/#primaryimage"},"datePublished":"2021-02-28T09:32:56+00:00","dateModified":"2021-02-28T10:16:34+00:00","author":{"@id":"https:\/\/ski-outdoor.ro\/ski\/#\/schema\/person\/29661f8d079aa10872d8edcf2a2a520b"},"breadcrumb":{"@id":"https:\/\/ski-outdoor.ro\/ski\/2021\/02\/28\/rezultatele-inregistrate-la-cupa-transilvania\/#breadcrumb"},"inLanguage":"ro-RO","potentialAction":[{"@type":"ReadAction","target":["https:\/\/ski-outdoor.ro\/ski\/2021\/02\/28\/rezultatele-inregistrate-la-cupa-transilvania\/"]}]},{"@type":"BreadcrumbList","@id":"https:\/\/ski-outdoor.ro\/ski\/2021\/02\/28\/rezultatele-inregistrate-la-cupa-transilvania\/#breadcrumb","itemListElement":[{"@type":"ListItem","position":1,"name":"Home","item":"https:\/\/ski-outdoor.ro\/ski\/"},{"@type":"ListItem","position":2,"name":"Rezultatele \u00eenregistrate la Cupa Transilvania"}]},{"@type":"Person","@id":"https:\/\/ski-outdoor.ro\/ski\/#\/schema\/person\/29661f8d079aa10872d8edcf2a2a520b","name":"Bianca \u0218omlea","image":{"@type":"ImageObject","@id":"https:\/\/ski-outdoor.ro\/ski\/#personlogo","inLanguage":"ro-RO","url":"https:\/\/secure.gravatar.com\/avatar\/b39a83203da3fc8888ded6e8052246ad?s=96&d=mm&r=g","contentUrl":"https:\/\/secure.gravatar.com\/avatar\/b39a83203da3fc8888ded6e8052246ad?s=96&d=mm&r=g","caption":"Bianca \u0218omlea"},"url":"https:\/\/ski-outdoor.ro\/ski\/author\/editorfb206\/"}]}},"_links":{"self":[{"href":"https:\/\/ski-outdoor.ro\/ski\/wp-json\/wp\/v2\/posts\/18093"}],"collection":[{"href":"https:\/\/ski-outdoor.ro\/ski\/wp-json\/wp\/v2\/posts"}],"about":[{"href":"https:\/\/ski-outdoor.ro\/ski\/wp-json\/wp\/v2\/types\/post"}],"author":[{"embeddable":true,"href":"https:\/\/ski-outdoor.ro\/ski\/wp-json\/wp\/v2\/users\/16"}],"replies":[{"embeddable":true,"href":"https:\/\/ski-outdoor.ro\/ski\/wp-json\/wp\/v2\/comments?post=18093"}],"version-history":[{"count":2,"href":"https:\/\/ski-outdoor.ro\/ski\/wp-json\/wp\/v2\/posts\/18093\/revisions"}],"predecessor-version":[{"id":18097,"href":"https:\/\/ski-outdoor.ro\/ski\/wp-json\/wp\/v2\/posts\/18093\/revisions\/18097"}],"wp:featuredmedia":[{"embeddable":true,"href":"https:\/\/ski-outdoor.ro\/ski\/wp-json\/wp\/v2\/media\/18094"}],"wp:attachment":[{"href":"https:\/\/ski-outdoor.ro\/ski\/wp-json\/wp\/v2\/media?parent=18093"}],"wp:term":[{"taxonomy":"category","embeddable":true,"href":"https:\/\/ski-outdoor.ro\/ski\/wp-json\/wp\/v2\/categories?post=18093"},{"taxonomy":"post_tag","embeddable":true,"href":"https:\/\/ski-outdoor.ro\/ski\/wp-json\/wp\/v2\/tags?post=18093"}],"curies":[{"name":"wp","href":"https:\/\/api.w.org\/{rel}","templated":true}]}}